{"id":229947,"date":"2021-12-22T12:57:57","date_gmt":"2021-12-22T08:57:57","guid":{"rendered":"https:\/\/www.meydan.tv\/?p=229947"},"modified":"2021-12-22T12:57:59","modified_gmt":"2021-12-22T08:57:59","slug":"zerqava-sakini-heyetdeki-qoz-agaclarini-da-kese-bilmirik-ki-gelib-cerimeleyerler","status":"publish","type":"post","link":"https:\/\/www.meydan.tv\/az\/article\/zerqava-sakini-heyetdeki-qoz-agaclarini-da-kese-bilmirik-ki-gelib-cerimeleyerler\/","title":{"rendered":"Z\u0259rqava sakini: \u201cH\u0259y\u0259td\u0259ki qoz a\u011faclar\u0131n\u0131 da k\u0259s\u0259 bilmirik ki, g\u0259lib c\u0259rim\u0259l\u0259y\u0259rl\u0259r\u201d"},"content":{"rendered":"\n<p><em>K\u0259nd sakinl\u0259ri Me\u015f\u0259 T\u0259s\u0259rr\u00fcfat\u0131 \u0130dar\u0259sind\u0259n naraz\u0131d\u0131r<\/em><\/p>\n\n\n\n<p>\u201cOdunun bir ma\u015f\u0131n\u0131 180-200 manata ba\u015fa g\u0259lir. Me\u015f\u0259 T\u0259s\u0259rr\u00fcfat\u0131 \u0130dar\u0259si odunun 1 kubu 17 manatdan 5 kubluq talon verir. Gedirik me\u015f\u0259b\u0259yinin yan\u0131na, talonu t\u0259qdim edirik, ya\u015f odun al\u0131r\u0131q. Onu orada do\u011fratd\u0131rmaq 50-60 manata ba\u015fa g\u0259lir, k\u0259nd\u0259 g\u0259tirm\u0259k \u00fc\u00e7\u00fcn d\u0259 ma\u015f\u0131na 100 manat veririk. \u0130lin 6 ay\u0131 odundan istifad\u0259 edirik dey\u0259, az\u0131 iki ma\u015f\u0131n odun almal\u0131y\u0131q. K\u0259ndd\u0259 i\u015fsizlikdir, \u015f\u0259xs\u0259n m\u0259n ail\u0259mi \u00fcnvanl\u0131 sosial yard\u0131mla doland\u0131r\u0131ram, odun alma\u011fa imkan\u0131m \u00e7atm\u0131r\u201d.<br><\/p>\n\n\n\n<p>\u015e\u00f6hr\u0259t Abs\u0259limov Quban\u0131n Z\u0259rqava k\u0259ndind\u0259 ya\u015fay\u0131r. O, Meydan TV-y\u0259 dan\u0131\u015f\u0131r ki, da\u011f k\u0259ndi oldu\u011fundan Z\u0259rqavada soyuqlar tez d\u00fc\u015f\u00fcr. Buna g\u00f6r\u0259 d\u0259 t\u0259xmin\u0259n oktyabr aylar\u0131ndan odundan istifad\u0259 etm\u0259y\u0259 ba\u015flay\u0131rlar. Ancaq k\u0259ndlil\u0259rin odun alma\u011fa maddi imkan\u0131 \u00e7atm\u0131r.<br><\/p>\n\n\n\n<p><strong>\u201cMe\u015f\u0259y\u0259 ayaq basan kimi me\u015f\u0259b\u0259yi ba\u015f\u0131m\u0131z\u0131n \u00fcst\u00fcn\u00fc k\u0259sdirir\u201d<br><\/strong><\/p>\n\n\n\n<p>\u015e\u00f6hr\u0259t Abs\u0259limovun s\u00f6zl\u0259rin\u0259 g\u00f6r\u0259, soyuq aylarda odun onun \u0259n b\u00f6y\u00fck problemin\u0259 \u00e7evrilir. \u00c7\u00fcnki iki azya\u015fl\u0131 \u00f6vlad\u0131 soyuqdan \u0259ziyy\u0259t \u00e7\u0259kir:<br><\/p>\n\n\n\n<p>\u201cM\u0259ni \u0259sas u\u015faqlar\u0131n taleyi narahat edir. B\u00f6y\u00fck \u00f6vlad\u0131m autizm sindromundan \u0259ziyy\u0259t \u00e7\u0259kir. Bilmir\u0259m u\u015faqlar\u0131 nec\u0259 qoruyum ki, b\u00f6yr\u0259kl\u0259ri, ciy\u0259rl\u0259ri soyuqlamas\u0131n. Q\u0131\u015fboyu yataq x\u0259st\u0259si olurlar. Me\u015f\u0259y\u0259 ayaq basan kimi me\u015f\u0259b\u0259yi ba\u015f\u0131m\u0131z\u0131n \u00fcst\u00fcn\u00fc k\u0259sdirir ki, bir a\u011faca \u0259l uzadasan, tutub c\u0259rim\u0259l\u0259sinl\u0259r. H\u0259y\u0259timd\u0259 qoz a\u011faclar\u0131 var, onlar\u0131 da k\u0259s\u0259 bilmirik, x\u0259b\u0259r tutan kimi g\u0259lib c\u0259rim\u0259l\u0259yirl\u0259r. Biz odun alma\u011fa pul tapmad\u0131\u011f\u0131m\u0131z halda bunlar da bir t\u0259r\u0259fd\u0259n bizi c\u0259rim\u0259l\u0259rl\u0259 y\u00fckl\u0259yirl\u0259r\u201d.\u00a0<br><\/p>\n\n\n\n<p><strong>Q\u0131\u015fda odun, yayda su problemi\u2026<br><\/strong><\/p>\n\n\n\n<p>\u015e\u00f6hr\u0259t Abs\u0259limov deyir, k\u0259ndd\u0259 odun problemi Sovet h\u00f6kum\u0259ti da\u011f\u0131landan sonra ba\u015flay\u0131b:<br><\/p>\n\n\n\n<p>\u201cSovet vaxt\u0131 da qaz olmay\u0131b, ancaq \u0259halinin odun problemi d\u0259 olmay\u0131b. Q\u0131\u015f g\u0259lib yar\u0131 olub, h\u0259r il oldu\u011fu kimi yen\u0259 d\u0259 qalm\u0131\u015f\u0131q istiliksiz\u2026 Bu, t\u0259k m\u0259nim problemim deyil, k\u0259ndd\u0259 kimi dindirs\u0259niz, ham\u0131 eyni d\u0259rdd\u0259dir\u201d.<br><\/p>\n\n\n\n<div class=\"wp-block-image\"><figure class=\"alignleft size-large is-resized\"><img decoding=\"async\" data-src=\"https:\/\/www.meydan.tv\/wp-content\/uploads\/shohret_agaselimov1-1200x675.jpg\" alt=\"\" class=\"wp-image-229941 lazyload\" width=\"498\" height=\"280\" src=\"data:image\/svg+xml;base64,PHN2ZyB3aWR0aD0iMSIgaGVpZ2h0PSIxIiB4bWxucz0iaHR0cDovL3d3dy53My5vcmcvMjAwMC9zdmciPjwvc3ZnPg==\" style=\"--smush-placeholder-width: 498px; --smush-placeholder-aspect-ratio: 498\/280;\" \/><figcaption>\u015e\u00f6hr\u0259t Abs\u0259limov, Foto: Meydan TV<\/figcaption><\/figure><\/div>\n\n\n\n<p>Z\u0259rqava k\u0259ndinin sakinl\u0259ri yaz aylar\u0131 yeti\u015f\u0259nd\u0259 susuzluqdan da \u0259ziyy\u0259t \u00e7\u0259kirl\u0259r:<br><\/p>\n\n\n\n<p>\u201cBax\u0131n, odun m\u00f6vs\u00fcm\u00fc bit\u0259nd\u0259 \u2013 may ay\u0131 \u00e7atanda su k\u0259sil\u0259c\u0259k. Sonra da su d\u0259rdi \u00e7\u0259km\u0259y\u0259 ba\u015flayaca\u011f\u0131q. El\u0259 bil ki, yayda su, q\u0131\u015fda odun d\u0259rdi aln\u0131m\u0131za yaz\u0131l\u0131b. Yayqaba\u011f\u0131 suyumuz k\u0259silir, n\u0259 i\u00e7m\u0259y\u0259, n\u0259 d\u0259 \u0259kinl\u0259 m\u0259\u015f\u011ful olmaq \u00fc\u00e7\u00fcn suvarma suyu tap\u0131r\u0131q. K\u0259ndlil\u0259r art\u0131q bu iki problemd\u0259n bezib\u201d.\u00a0<br><\/p>\n\n\n\n<p><strong>\u201cBizd\u0259n y\u00fcks\u0259klikd\u0259 yerl\u0259\u015f\u0259n k\u0259ndl\u0259rd\u0259 qaz var\u201d<br><\/strong><\/p>\n\n\n\n<p>K\u0259ndlil\u0259r deyir, d\u0259niz s\u0259viyy\u0259sind\u0259n 850 metr y\u00fcks\u0259klikd\u0259 olan T\u0259ngalt\u0131ya 3 il \u0259vv\u0259l qaz x\u0259tti \u00e7\u0259kilib, ancaq d\u0259niz s\u0259viyy\u0259sind\u0259n 650 metr y\u00fcks\u0259klild\u0259 olan Z\u0259rqavaya v\u0259 Z\u0259rqava n\u00fcmay\u0259nd\u0259liyin\u0259 daxil olan dig\u0259r k\u0259ndl\u0259r\u0259 yox\u2026<br><\/p>\n\n\n\n<p>\u201cRustov-Qonaqk\u0259nd qaz x\u0259tti var, bizim k\u0259ndd\u0259n 12 kilometr aral\u0131dad\u0131r. 8 kilometr aral\u0131dan D\u0259hn\u0259-Talab\u0131 qaz x\u0259tti ke\u00e7ir, h\u0259min x\u0259tl\u0259rd\u0259n bizim k\u0259nd\u0259 rahat \u015f\u0259kild\u0259 qaz x\u0259tti \u00e7\u0259km\u0259k olar, ancaq \u00e7\u0259kmirl\u0259r. N\u0259tic\u0259d\u0259 Z\u0259rqava n\u00fcmay\u0259nd\u0259liyin\u0259 daxil olan k\u0259ndl\u0259rd\u0259ki t\u0259xmin\u0259n 3 min insan soyuqda \u0259ziyy\u0259t \u00e7\u0259kir\u201d.<br><\/p>\n\n\n\n<p>\u015e\u00f6hr\u0259t Abs\u0259limov deyir, Z\u0259rqava n\u00fcmay\u0259nd\u0259liyin\u0259 daxil olan k\u0259ndl\u0259rd\u0259ki u\u015faqlar\u0131n \u0259ks\u0259riyy\u0259ti havalar soyuyanda m\u0259kt\u0259bl\u0259r istiliksiz oldu\u011funa g\u00f6r\u0259 d\u0259rs\u0259 getmir.<br><\/p>\n\n\n\n<p>Quba Rayon \u0130cra Hakimiyy\u0259tind\u0259n Meydan TV-y\u0259 bildirilib ki, k\u0259ndl\u0259rin qazla\u015fd\u0131r\u0131lmas\u0131 prosesi davam edir. <\/p>\n\n\n\n<p>Da\u011f\u00fcst\u00fc k\u0259ndl\u0259rin relyefi qazla\u015fd\u0131rma i\u015fl\u0259rini \u00e7\u0259tinl\u0259\u015fdirir. Bununla bel\u0259, h\u00f6kum\u0259t h\u0259min k\u0259ndl\u0259rin d\u0259 qazla\u015fd\u0131r\u0131lmas\u0131 istiqam\u0259tind\u0259 m\u00fcvafiq i\u015fl\u0259r g\u00f6r\u00fcr.<\/p>\n","protected":false},"excerpt":{"rendered":"<p>K\u0259nd sakinl\u0259ri Me\u015f\u0259 T\u0259s\u0259rr\u00fcfat\u0131 \u0130dar\u0259sind\u0259n naraz\u0131d\u0131r \u201cOdunun bir ma\u015f\u0131n\u0131 180-200 &#8230; <\/p>\n<p class=\"read-more-container\"><a title=\"Z\u0259rqava sakini: \u201cH\u0259y\u0259td\u0259ki qoz a\u011faclar\u0131n\u0131 da k\u0259s\u0259 bilmirik ki, g\u0259lib c\u0259rim\u0259l\u0259y\u0259rl\u0259r\u201d\" class=\"read-more button\" href=\"https:\/\/www.meydan.tv\/az\/article\/zerqava-sakini-heyetdeki-qoz-agaclarini-da-kese-bilmirik-ki-gelib-cerimeleyerler\/#more-229947\" aria-label=\"Read more about Z\u0259rqava sakini: \u201cH\u0259y\u0259td\u0259ki qoz a\u011faclar\u0131n\u0131 da k\u0259s\u0259 bilmirik ki, g\u0259lib c\u0259rim\u0259l\u0259y\u0259rl\u0259r\u201d\">Davam\u0131<\/a><\/p>\n","protected":false},"author":8,"featured_media":229944,"comment_status":"closed","ping_status":"closed","sticky":false,"template":"","format":"standard","meta":{"_acf_changed":false,"_sitemap_exclude":false,"_sitemap_priority":"","_sitemap_frequency":"","footnotes":""},"categories":[60,79,56],"tags":[],"class_list":["post-229947","post","type-post","status-publish","format-standard","has-post-thumbnail","hentry","category-bolge","category-featured","category-xeberler","infinite-scroll-item","generate-columns","tablet-grid-50","mobile-grid-100","grid-parent","grid-33","no-featured-image-padding"],"acf":[],"yoast_head":"<!-- This site is optimized with the Yoast SEO plugin v27.5 - https:\/\/yoast.com\/product\/yoast-seo-wordpress\/ -->\n<title>Z\u0259rqava sakini: \u201cH\u0259y\u0259td\u0259ki qoz a\u011faclar\u0131n\u0131 da k\u0259s\u0259 bilmirik ki, g\u0259lib c\u0259rim\u0259l\u0259y\u0259rl\u0259r\u201d - MEYDAN.TV<\/title>\n<meta name=\"robots\" content=\"index, follow, max-snippet:-1, max-image-preview:large, max-video-preview:-1\" \/>\n<link rel=\"canonical\" href=\"https:\/\/www.meydan.tv\/az\/article\/zerqava-sakini-heyetdeki-qoz-agaclarini-da-kese-bilmirik-ki-gelib-cerimeleyerler\/\" \/>\n<meta property=\"og:locale\" content=\"az_AZ\" \/>\n<meta property=\"og:type\" content=\"article\" \/>\n<meta property=\"og:title\" content=\"Z\u0259rqava sakini: \u201cH\u0259y\u0259td\u0259ki qoz a\u011faclar\u0131n\u0131 da k\u0259s\u0259 bilmirik ki, g\u0259lib c\u0259rim\u0259l\u0259y\u0259rl\u0259r\u201d - MEYDAN.TV\" \/>\n<meta property=\"og:description\" content=\"K\u0259nd sakinl\u0259ri Me\u015f\u0259 T\u0259s\u0259rr\u00fcfat\u0131 \u0130dar\u0259sind\u0259n naraz\u0131d\u0131r \u201cOdunun bir ma\u015f\u0131n\u0131 180-200 ... Davam\u0131\" \/>\n<meta property=\"og:url\" content=\"https:\/\/www.meydan.tv\/az\/article\/zerqava-sakini-heyetdeki-qoz-agaclarini-da-kese-bilmirik-ki-gelib-cerimeleyerler\/\" \/>\n<meta property=\"og:site_name\" content=\"MEYDAN.TV\" \/>\n<meta property=\"article:published_time\" content=\"2021-12-22T08:57:57+00:00\" \/>\n<meta property=\"article:modified_time\" content=\"2021-12-22T08:57:59+00:00\" \/>\n<meta property=\"og:image\" content=\"https:\/\/www.meydan.tv\/wp-content\/uploads\/shohret_agaselimov2.jpg\" \/>\n\t<meta property=\"og:image:width\" content=\"1121\" \/>\n\t<meta property=\"og:image:height\" content=\"588\" \/>\n\t<meta property=\"og:image:type\" content=\"image\/jpeg\" \/>\n<meta name=\"author\" content=\"elli\" \/>\n<meta name=\"twitter:card\" content=\"summary_large_image\" \/>\n<meta name=\"twitter:creator\" content=\"@elli\" \/>\n<script type=\"application\/ld+json\" class=\"yoast-schema-graph\">{\"@context\":\"https:\\\/\\\/schema.org\",\"@graph\":[{\"@type\":\"Article\",\"@id\":\"https:\\\/\\\/www.meydan.tv\\\/az\\\/article\\\/zerqava-sakini-heyetdeki-qoz-agaclarini-da-kese-bilmirik-ki-gelib-cerimeleyerler\\\/#article\",\"isPartOf\":{\"@id\":\"https:\\\/\\\/www.meydan.tv\\\/az\\\/article\\\/zerqava-sakini-heyetdeki-qoz-agaclarini-da-kese-bilmirik-ki-gelib-cerimeleyerler\\\/\"},\"author\":{\"name\":\"elli\",\"@id\":\"https:\\\/\\\/www.meydan.tv\\\/az\\\/#\\\/schema\\\/person\\\/9cdbecf90d17180ce1dfbd95b08dcf47\"},\"headline\":\"Z\u0259rqava sakini: \u201cH\u0259y\u0259td\u0259ki qoz a\u011faclar\u0131n\u0131 da k\u0259s\u0259 bilmirik ki, g\u0259lib c\u0259rim\u0259l\u0259y\u0259rl\u0259r\u201d\",\"datePublished\":\"2021-12-22T08:57:57+00:00\",\"dateModified\":\"2021-12-22T08:57:59+00:00\",\"mainEntityOfPage\":{\"@id\":\"https:\\\/\\\/www.meydan.tv\\\/az\\\/article\\\/zerqava-sakini-heyetdeki-qoz-agaclarini-da-kese-bilmirik-ki-gelib-cerimeleyerler\\\/\"},\"wordCount\":755,\"publisher\":{\"@id\":\"https:\\\/\\\/www.meydan.tv\\\/az\\\/#organization\"},\"image\":{\"@id\":\"https:\\\/\\\/www.meydan.tv\\\/az\\\/article\\\/zerqava-sakini-heyetdeki-qoz-agaclarini-da-kese-bilmirik-ki-gelib-cerimeleyerler\\\/#primaryimage\"},\"thumbnailUrl\":\"https:\\\/\\\/www.meydan.tv\\\/wp-content\\\/uploads\\\/shohret_agaselimov2.jpg\",\"articleSection\":[\"B\u00f6lg\u0259\",\"T\u00f6vsiy\u0259\",\"X\u0259b\u0259rl\u0259r\"],\"inLanguage\":\"az\"},{\"@type\":\"WebPage\",\"@id\":\"https:\\\/\\\/www.meydan.tv\\\/az\\\/article\\\/zerqava-sakini-heyetdeki-qoz-agaclarini-da-kese-bilmirik-ki-gelib-cerimeleyerler\\\/\",\"url\":\"https:\\\/\\\/www.meydan.tv\\\/az\\\/article\\\/zerqava-sakini-heyetdeki-qoz-agaclarini-da-kese-bilmirik-ki-gelib-cerimeleyerler\\\/\",\"name\":\"Z\u0259rqava sakini: \u201cH\u0259y\u0259td\u0259ki qoz a\u011faclar\u0131n\u0131 da k\u0259s\u0259 bilmirik ki, g\u0259lib c\u0259rim\u0259l\u0259y\u0259rl\u0259r\u201d - MEYDAN.TV\",\"isPartOf\":{\"@id\":\"https:\\\/\\\/www.meydan.tv\\\/az\\\/#website\"},\"primaryImageOfPage\":{\"@id\":\"https:\\\/\\\/www.meydan.tv\\\/az\\\/article\\\/zerqava-sakini-heyetdeki-qoz-agaclarini-da-kese-bilmirik-ki-gelib-cerimeleyerler\\\/#primaryimage\"},\"image\":{\"@id\":\"https:\\\/\\\/www.meydan.tv\\\/az\\\/article\\\/zerqava-sakini-heyetdeki-qoz-agaclarini-da-kese-bilmirik-ki-gelib-cerimeleyerler\\\/#primaryimage\"},\"thumbnailUrl\":\"https:\\\/\\\/www.meydan.tv\\\/wp-content\\\/uploads\\\/shohret_agaselimov2.jpg\",\"datePublished\":\"2021-12-22T08:57:57+00:00\",\"dateModified\":\"2021-12-22T08:57:59+00:00\",\"breadcrumb\":{\"@id\":\"https:\\\/\\\/www.meydan.tv\\\/az\\\/article\\\/zerqava-sakini-heyetdeki-qoz-agaclarini-da-kese-bilmirik-ki-gelib-cerimeleyerler\\\/#breadcrumb\"},\"inLanguage\":\"az\",\"potentialAction\":[{\"@type\":\"ReadAction\",\"target\":[\"https:\\\/\\\/www.meydan.tv\\\/az\\\/article\\\/zerqava-sakini-heyetdeki-qoz-agaclarini-da-kese-bilmirik-ki-gelib-cerimeleyerler\\\/\"]}]},{\"@type\":\"ImageObject\",\"inLanguage\":\"az\",\"@id\":\"https:\\\/\\\/www.meydan.tv\\\/az\\\/article\\\/zerqava-sakini-heyetdeki-qoz-agaclarini-da-kese-bilmirik-ki-gelib-cerimeleyerler\\\/#primaryimage\",\"url\":\"https:\\\/\\\/www.meydan.tv\\\/wp-content\\\/uploads\\\/shohret_agaselimov2.jpg\",\"contentUrl\":\"https:\\\/\\\/www.meydan.tv\\\/wp-content\\\/uploads\\\/shohret_agaselimov2.jpg\",\"width\":1121,\"height\":588,\"caption\":\"\u015e\u00f6hr\u0259t Abs\u0259limov, Foto: Meydan TV\"},{\"@type\":\"BreadcrumbList\",\"@id\":\"https:\\\/\\\/www.meydan.tv\\\/az\\\/article\\\/zerqava-sakini-heyetdeki-qoz-agaclarini-da-kese-bilmirik-ki-gelib-cerimeleyerler\\\/#breadcrumb\",\"itemListElement\":[{\"@type\":\"ListItem\",\"position\":1,\"name\":\"Ana s\u0259hif\u0259\",\"item\":\"https:\\\/\\\/www.meydan.tv\\\/az\\\/\"},{\"@type\":\"ListItem\",\"position\":2,\"name\":\"B\u00f6lg\u0259\",\"item\":\"https:\\\/\\\/www.meydan.tv\\\/az\\\/section\\\/bolge\\\/\"},{\"@type\":\"ListItem\",\"position\":3,\"name\":\"Z\u0259rqava sakini: \u201cH\u0259y\u0259td\u0259ki qoz a\u011faclar\u0131n\u0131 da k\u0259s\u0259 bilmirik ki, g\u0259lib c\u0259rim\u0259l\u0259y\u0259rl\u0259r\u201d\"}]},{\"@type\":\"WebSite\",\"@id\":\"https:\\\/\\\/www.meydan.tv\\\/az\\\/#website\",\"url\":\"https:\\\/\\\/www.meydan.tv\\\/az\\\/\",\"name\":\"MEYDAN.TV\",\"description\":\"Meydan TV Az\u0259rbaycan\u0131n media m\u0259kan\u0131ndak\u0131 alternativ s\u0259sidir\",\"publisher\":{\"@id\":\"https:\\\/\\\/www.meydan.tv\\\/az\\\/#organization\"},\"potentialAction\":[{\"@type\":\"SearchAction\",\"target\":{\"@type\":\"EntryPoint\",\"urlTemplate\":\"https:\\\/\\\/www.meydan.tv\\\/az\\\/?s={search_term_string}\"},\"query-input\":{\"@type\":\"PropertyValueSpecification\",\"valueRequired\":true,\"valueName\":\"search_term_string\"}}],\"inLanguage\":\"az\"},{\"@type\":\"Organization\",\"@id\":\"https:\\\/\\\/www.meydan.tv\\\/az\\\/#organization\",\"name\":\"Meydan TV\",\"url\":\"https:\\\/\\\/www.meydan.tv\\\/az\\\/\",\"logo\":{\"@type\":\"ImageObject\",\"inLanguage\":\"az\",\"@id\":\"https:\\\/\\\/www.meydan.tv\\\/az\\\/#\\\/schema\\\/logo\\\/image\\\/\",\"url\":\"https:\\\/\\\/www.meydan.tv\\\/wp-content\\\/uploads\\\/2021\\\/07\\\/meydan-logo.svg\",\"contentUrl\":\"https:\\\/\\\/www.meydan.tv\\\/wp-content\\\/uploads\\\/2021\\\/07\\\/meydan-logo.svg\",\"width\":195,\"height\":46,\"caption\":\"Meydan TV\"},\"image\":{\"@id\":\"https:\\\/\\\/www.meydan.tv\\\/az\\\/#\\\/schema\\\/logo\\\/image\\\/\"}},{\"@type\":\"Person\",\"@id\":\"https:\\\/\\\/www.meydan.tv\\\/az\\\/#\\\/schema\\\/person\\\/9cdbecf90d17180ce1dfbd95b08dcf47\",\"name\":\"elli\",\"sameAs\":[\"https:\\\/\\\/x.com\\\/elli\"]}]}<\/script>\n<!-- \/ Yoast SEO plugin. -->","yoast_head_json":{"title":"Z\u0259rqava sakini: \u201cH\u0259y\u0259td\u0259ki qoz a\u011faclar\u0131n\u0131 da k\u0259s\u0259 bilmirik ki, g\u0259lib c\u0259rim\u0259l\u0259y\u0259rl\u0259r\u201d - MEYDAN.TV","robots":{"index":"index","follow":"follow","max-snippet":"max-snippet:-1","max-image-preview":"max-image-preview:large","max-video-preview":"max-video-preview:-1"},"canonical":"https:\/\/www.meydan.tv\/az\/article\/zerqava-sakini-heyetdeki-qoz-agaclarini-da-kese-bilmirik-ki-gelib-cerimeleyerler\/","og_locale":"az_AZ","og_type":"article","og_title":"Z\u0259rqava sakini: \u201cH\u0259y\u0259td\u0259ki qoz a\u011faclar\u0131n\u0131 da k\u0259s\u0259 bilmirik ki, g\u0259lib c\u0259rim\u0259l\u0259y\u0259rl\u0259r\u201d - MEYDAN.TV","og_description":"K\u0259nd sakinl\u0259ri Me\u015f\u0259 T\u0259s\u0259rr\u00fcfat\u0131 \u0130dar\u0259sind\u0259n naraz\u0131d\u0131r \u201cOdunun bir ma\u015f\u0131n\u0131 180-200 ... Davam\u0131","og_url":"https:\/\/www.meydan.tv\/az\/article\/zerqava-sakini-heyetdeki-qoz-agaclarini-da-kese-bilmirik-ki-gelib-cerimeleyerler\/","og_site_name":"MEYDAN.TV","article_published_time":"2021-12-22T08:57:57+00:00","article_modified_time":"2021-12-22T08:57:59+00:00","og_image":[{"width":1121,"height":588,"url":"https:\/\/www.meydan.tv\/wp-content\/uploads\/shohret_agaselimov2.jpg","type":"image\/jpeg"}],"author":"elli","twitter_card":"summary_large_image","twitter_creator":"@elli","schema":{"@context":"https:\/\/schema.org","@graph":[{"@type":"Article","@id":"https:\/\/www.meydan.tv\/az\/article\/zerqava-sakini-heyetdeki-qoz-agaclarini-da-kese-bilmirik-ki-gelib-cerimeleyerler\/#article","isPartOf":{"@id":"https:\/\/www.meydan.tv\/az\/article\/zerqava-sakini-heyetdeki-qoz-agaclarini-da-kese-bilmirik-ki-gelib-cerimeleyerler\/"},"author":{"name":"elli","@id":"https:\/\/www.meydan.tv\/az\/#\/schema\/person\/9cdbecf90d17180ce1dfbd95b08dcf47"},"headline":"Z\u0259rqava sakini: \u201cH\u0259y\u0259td\u0259ki qoz a\u011faclar\u0131n\u0131 da k\u0259s\u0259 bilmirik ki, g\u0259lib c\u0259rim\u0259l\u0259y\u0259rl\u0259r\u201d","datePublished":"2021-12-22T08:57:57+00:00","dateModified":"2021-12-22T08:57:59+00:00","mainEntityOfPage":{"@id":"https:\/\/www.meydan.tv\/az\/article\/zerqava-sakini-heyetdeki-qoz-agaclarini-da-kese-bilmirik-ki-gelib-cerimeleyerler\/"},"wordCount":755,"publisher":{"@id":"https:\/\/www.meydan.tv\/az\/#organization"},"image":{"@id":"https:\/\/www.meydan.tv\/az\/article\/zerqava-sakini-heyetdeki-qoz-agaclarini-da-kese-bilmirik-ki-gelib-cerimeleyerler\/#primaryimage"},"thumbnailUrl":"https:\/\/www.meydan.tv\/wp-content\/uploads\/shohret_agaselimov2.jpg","articleSection":["B\u00f6lg\u0259","T\u00f6vsiy\u0259","X\u0259b\u0259rl\u0259r"],"inLanguage":"az"},{"@type":"WebPage","@id":"https:\/\/www.meydan.tv\/az\/article\/zerqava-sakini-heyetdeki-qoz-agaclarini-da-kese-bilmirik-ki-gelib-cerimeleyerler\/","url":"https:\/\/www.meydan.tv\/az\/article\/zerqava-sakini-heyetdeki-qoz-agaclarini-da-kese-bilmirik-ki-gelib-cerimeleyerler\/","name":"Z\u0259rqava sakini: \u201cH\u0259y\u0259td\u0259ki qoz a\u011faclar\u0131n\u0131 da k\u0259s\u0259 bilmirik ki, g\u0259lib c\u0259rim\u0259l\u0259y\u0259rl\u0259r\u201d - MEYDAN.TV","isPartOf":{"@id":"https:\/\/www.meydan.tv\/az\/#website"},"primaryImageOfPage":{"@id":"https:\/\/www.meydan.tv\/az\/article\/zerqava-sakini-heyetdeki-qoz-agaclarini-da-kese-bilmirik-ki-gelib-cerimeleyerler\/#primaryimage"},"image":{"@id":"https:\/\/www.meydan.tv\/az\/article\/zerqava-sakini-heyetdeki-qoz-agaclarini-da-kese-bilmirik-ki-gelib-cerimeleyerler\/#primaryimage"},"thumbnailUrl":"https:\/\/www.meydan.tv\/wp-content\/uploads\/shohret_agaselimov2.jpg","datePublished":"2021-12-22T08:57:57+00:00","dateModified":"2021-12-22T08:57:59+00:00","breadcrumb":{"@id":"https:\/\/www.meydan.tv\/az\/article\/zerqava-sakini-heyetdeki-qoz-agaclarini-da-kese-bilmirik-ki-gelib-cerimeleyerler\/#breadcrumb"},"inLanguage":"az","potentialAction":[{"@type":"ReadAction","target":["https:\/\/www.meydan.tv\/az\/article\/zerqava-sakini-heyetdeki-qoz-agaclarini-da-kese-bilmirik-ki-gelib-cerimeleyerler\/"]}]},{"@type":"ImageObject","inLanguage":"az","@id":"https:\/\/www.meydan.tv\/az\/article\/zerqava-sakini-heyetdeki-qoz-agaclarini-da-kese-bilmirik-ki-gelib-cerimeleyerler\/#primaryimage","url":"https:\/\/www.meydan.tv\/wp-content\/uploads\/shohret_agaselimov2.jpg","contentUrl":"https:\/\/www.meydan.tv\/wp-content\/uploads\/shohret_agaselimov2.jpg","width":1121,"height":588,"caption":"\u015e\u00f6hr\u0259t Abs\u0259limov, Foto: Meydan TV"},{"@type":"BreadcrumbList","@id":"https:\/\/www.meydan.tv\/az\/article\/zerqava-sakini-heyetdeki-qoz-agaclarini-da-kese-bilmirik-ki-gelib-cerimeleyerler\/#breadcrumb","itemListElement":[{"@type":"ListItem","position":1,"name":"Ana s\u0259hif\u0259","item":"https:\/\/www.meydan.tv\/az\/"},{"@type":"ListItem","position":2,"name":"B\u00f6lg\u0259","item":"https:\/\/www.meydan.tv\/az\/section\/bolge\/"},{"@type":"ListItem","position":3,"name":"Z\u0259rqava sakini: \u201cH\u0259y\u0259td\u0259ki qoz a\u011faclar\u0131n\u0131 da k\u0259s\u0259 bilmirik ki, g\u0259lib c\u0259rim\u0259l\u0259y\u0259rl\u0259r\u201d"}]},{"@type":"WebSite","@id":"https:\/\/www.meydan.tv\/az\/#website","url":"https:\/\/www.meydan.tv\/az\/","name":"MEYDAN.TV","description":"Meydan TV Az\u0259rbaycan\u0131n media m\u0259kan\u0131ndak\u0131 alternativ s\u0259sidir","publisher":{"@id":"https:\/\/www.meydan.tv\/az\/#organization"},"potentialAction":[{"@type":"SearchAction","target":{"@type":"EntryPoint","urlTemplate":"https:\/\/www.meydan.tv\/az\/?s={search_term_string}"},"query-input":{"@type":"PropertyValueSpecification","valueRequired":true,"valueName":"search_term_string"}}],"inLanguage":"az"},{"@type":"Organization","@id":"https:\/\/www.meydan.tv\/az\/#organization","name":"Meydan TV","url":"https:\/\/www.meydan.tv\/az\/","logo":{"@type":"ImageObject","inLanguage":"az","@id":"https:\/\/www.meydan.tv\/az\/#\/schema\/logo\/image\/","url":"https:\/\/www.meydan.tv\/wp-content\/uploads\/2021\/07\/meydan-logo.svg","contentUrl":"https:\/\/www.meydan.tv\/wp-content\/uploads\/2021\/07\/meydan-logo.svg","width":195,"height":46,"caption":"Meydan TV"},"image":{"@id":"https:\/\/www.meydan.tv\/az\/#\/schema\/logo\/image\/"}},{"@type":"Person","@id":"https:\/\/www.meydan.tv\/az\/#\/schema\/person\/9cdbecf90d17180ce1dfbd95b08dcf47","name":"elli","sameAs":["https:\/\/x.com\/elli"]}]}},"_links":{"self":[{"href":"https:\/\/www.meydan.tv\/az\/wp-json\/wp\/v2\/posts\/229947","targetHints":{"allow":["GET"]}}],"collection":[{"href":"https:\/\/www.meydan.tv\/az\/wp-json\/wp\/v2\/posts"}],"about":[{"href":"https:\/\/www.meydan.tv\/az\/wp-json\/wp\/v2\/types\/post"}],"author":[{"embeddable":true,"href":"https:\/\/www.meydan.tv\/az\/wp-json\/wp\/v2\/users\/8"}],"replies":[{"embeddable":true,"href":"https:\/\/www.meydan.tv\/az\/wp-json\/wp\/v2\/comments?post=229947"}],"version-history":[{"count":1,"href":"https:\/\/www.meydan.tv\/az\/wp-json\/wp\/v2\/posts\/229947\/revisions"}],"predecessor-version":[{"id":229948,"href":"https:\/\/www.meydan.tv\/az\/wp-json\/wp\/v2\/posts\/229947\/revisions\/229948"}],"wp:featuredmedia":[{"embeddable":true,"href":"https:\/\/www.meydan.tv\/az\/wp-json\/wp\/v2\/media\/229944"}],"wp:attachment":[{"href":"https:\/\/www.meydan.tv\/az\/wp-json\/wp\/v2\/media?parent=229947"}],"wp:term":[{"taxonomy":"category","embeddable":true,"href":"https:\/\/www.meydan.tv\/az\/wp-json\/wp\/v2\/categories?post=229947"},{"taxonomy":"post_tag","embeddable":true,"href":"https:\/\/www.meydan.tv\/az\/wp-json\/wp\/v2\/tags?post=229947"}],"curies":[{"name":"wp","href":"https:\/\/api.w.org\/{rel}","templated":true}]}}