{"id":229929,"date":"2021-12-22T11:04:57","date_gmt":"2021-12-22T07:04:57","guid":{"rendered":"https:\/\/www.meydan.tv\/?p=229929"},"modified":"2021-12-22T11:04:58","modified_gmt":"2021-12-22T07:04:58","slug":"eliyev-rusiyaya-get-deye-bilecekmi","status":"publish","type":"post","link":"https:\/\/www.meydan.tv\/az\/article\/eliyev-rusiyaya-get-deye-bilecekmi\/","title":{"rendered":"\u018fliyev Rusiyaya \u201cget\u201d dey\u0259 bil\u0259c\u0259kmi?"},"content":{"rendered":"\n<p><em>La\u00e7\u0131n d\u0259hlizi \u201cdalan\u201da \u00e7evrilir<\/em><\/p>\n\n\n\n<p>Br\u00fcssel g\u00f6r\u00fc\u015f\u00fc zaman\u0131 \u0130lham \u018fliyev v\u0259 Nikol Pa\u015finyan Az\u0259rbaycanla Erm\u0259nistan aras\u0131nda kommunikasiya x\u0259tl\u0259rinin a\u00e7\u0131lmas\u0131 bar\u0259d\u0259 ilkin raz\u0131l\u0131qlar\u0131n\u0131 ifad\u0259 etdil\u0259r. Avropa \u0130ttifaq\u0131 \u015euras\u0131n\u0131n Prezidenti \u015earl Mi\u015felin t\u0259\u015f\u0259bb\u00fcs\u00fc il\u0259 ba\u015f tutan g\u00f6r\u00fc\u015fl\u0259rd\u0259n sonra h\u0259r iki t\u0259r\u0259f m\u00fcxt\u0259lif a\u00e7\u0131qlamalar verdi.<\/p>\n\n\n\n<p>Anla\u015f\u0131lan odur ki, onlar Nax\u00e7\u0131vanla Az\u0259rbaycan aras\u0131nda magistral v\u0259 d\u0259mir yolunun a\u00e7\u0131lmas\u0131 istiqam\u0259tind\u0259 \u0259sas m\u0259s\u0259l\u0259ni h\u0259ll edibl\u0259r. Amma ikinci m\u00fch\u00fcm m\u0259s\u0259l\u0259 h\u0259llini tapmay\u0131b. Bu, Nax\u00e7\u0131vandan Erm\u0259nistan vasit\u0259sil\u0259 Az\u0259rbaycan\u0131n dig\u0259r hiss\u0259sin\u0259 g\u0259l\u0259n y\u00fck v\u0259 s\u0259rni\u015finl\u0259rin g\u00f6mr\u00fck xidm\u0259ti n\u0259zar\u0259tind\u0259n ke\u00e7ib-ke\u00e7m\u0259y\u0259c\u0259yi m\u0259s\u0259l\u0259sidir.<\/p>\n\n\n\n<p>Pa\u015finyan s\u00f6zl\u0259rin\u0259 g\u00f6r\u0259, bu m\u0259s\u0259l\u0259d\u0259 prinsipial \u015f\u0259rt budur ki, Az\u0259rbaycan\u0131n Nax\u00e7\u0131van hiss\u0259si il\u0259 dig\u0259r hiss\u0259sini birl\u0259\u015fdir\u0259c\u0259k quru kommunikasiyaya Erm\u0259nistan d\u00f6vl\u0259ti n\u0259zar\u0259t etsin v\u0259 burada d\u00f6vl\u0259t xidm\u0259ti h\u0259yata ke\u00e7irilsin.<\/p>\n\n\n\n<p>\u0130lham \u018fliyev is\u0259 \u00f6z n\u00f6vb\u0259sind\u0259 bildirib ki, bel\u0259 olan halda Erm\u0259nistandan Az\u0259rbaycan\u0131n erm\u0259nil\u0259r ya\u015fayan Xank\u0259ndi (m\u0259rk\u0259zli) b\u00f6lg\u0259sin\u0259 verilmi\u015f La\u00e7\u0131n d\u0259hlizind\u0259 d\u0259 m\u00fcvafiq g\u00f6mr\u00fck xidm\u0259ti v\u0259 n\u0259zar\u0259ti t\u0259tbiq olunsun. Pa\u015finyan bu m\u0259s\u0259l\u0259y\u0259 m\u00fcnasib\u0259t bildirm\u0259kd\u0259n yay\u0131n\u0131b.<\/p>\n\n\n\n<p>\u0130lham \u018fliyev is\u0259 bu m\u0259s\u0259l\u0259d\u0259n dan\u0131\u015fark\u0259n deyib ki, ya h\u0259r iki ke\u00e7idd\u0259 g\u00f6mr\u00fck n\u0259zar\u0259ti olmal\u0131d\u0131r, ya da he\u00e7 birind\u0259.<\/p>\n\n\n\n<p><strong>Pa\u015finyan n\u0259 etm\u0259k ist\u0259yirdi?<\/strong><\/p>\n\n\n\n<p>\u018fvv\u0259la, Pa\u015finyan \u00f6z \u0259razisind\u0259n ke\u00e7\u0259c\u0259k yola Erm\u0259nistan\u0131n n\u0259zar\u0259t etm\u0259si m\u0259s\u0259l\u0259sind\u0259 israr etm\u0259kl\u0259 bir \u00e7ox riskl\u0259ri aradan qald\u0131rmaq ist\u0259yir. \u015e\u00fcbh\u0259sizdir ki, Erm\u0259nistandan Az\u0259rbaycana uzanan&nbsp; magistral v\u0259 d\u0259mir yoluna Rusiyan\u0131n n\u0259zar\u0259t etm\u0259si burada davaml\u0131 \u201cmilli z\u0259mind\u0259 h\u00fccumlar\u201d\u0131n olmas\u0131 dem\u0259kdir.<\/p>\n\n\n\n<p>Rusiya bu yola n\u0259zar\u0259t etm\u0259k ist\u0259m\u0259kl\u0259 \u0259slind\u0259 bu a\u00e7\u0131lm\u0131\u015f yolun i\u015fl\u0259m\u0259m\u0259sind\u0259, yaxud da t\u0259r\u0259fl\u0259rd\u0259n biri m\u00fcst\u0259qill\u0259\u015fm\u0259k ist\u0259y\u0259nd\u0259 ona z\u0259rb\u0259 vurmaq imkan\u0131n\u0131n olmas\u0131nda maraql\u0131d\u0131r. Kremld\u0259&nbsp; yax\u015f\u0131 bilirl\u0259r ki, haz\u0131rda n\u0259zar\u0259tl\u0259rind\u0259 olan Az\u0259rbaycan \u0259razil\u0259rind\u0259 bel\u0259 provakasiyalar\u0131 t\u0259\u015fkil etm\u0259k onlar\u0131n i\u015fin\u0259 yaram\u0131r. \u00c7\u00fcnki Erm\u0259nistan faktiki o m\u00fcst\u0259vid\u0259 yoxdur. Buna g\u00f6r\u0259 d\u0259 ist\u0259nil\u0259n xo\u015fag\u0259lm\u0259z hadis\u0259 \u00fc\u00e7 t\u0259r\u0259f yarad\u0131r: Az\u0259rbaycan-Rusiya v\u0259 Kremld\u0259n m\u0259d\u0259t uman Qaraba\u011f erm\u0259nil\u0259ri. Ona g\u00f6r\u0259 d\u0259 Rusiya yollara da n\u0259zar\u0259t etm\u0259k ist\u0259yir ki, laz\u0131m olanda prosesi eyni vaxtda idar\u0259 ed\u0259 v\u0259 t\u0259r\u0259fl\u0259ri \u00fcz-\u00fcz\u0259 qoya bilsin.<\/p>\n\n\n\n<p>Pa\u015finyan is\u0259 ba\u015fa d\u00fc\u015f\u00fcr ki, bel\u0259 v\u0259ziyy\u0259t onun hakimiyy\u0259ti v\u0259 d\u00f6vl\u0259ti \u00fc\u00e7\u00fcn daimi as\u0131l\u0131l\u0131qd\u0131r v\u0259 getm\u0259k ist\u0259diyi istiqam\u0259td\u0259 mane\u0259dir. B\u0259s La\u00e7\u0131n d\u0259hlizind\u0259 g\u00f6mr\u00fck olsa, Erm\u0259nistan n\u0259 itir\u0259c\u0259k? Ayd\u0131n olur ki, he\u00e7 n\u0259, \u0259v\u0259zind\u0259 separat\u00e7\u0131 d\u0259st\u0259y\u0259 silah v\u0259 \u0259sg\u0259r t\u0259dar\u00fck\u00fc dayanacaq v\u0259 bu da indi arzulanan dinc d\u00f6vr\u0259 ke\u00e7id \u00fc\u00e7\u00fcn vacibdir. \u00c7\u00fcnki Erm\u0259nistan\u0131n yeni m\u00fcharib\u0259l\u0259r v\u0259 qar\u015f\u0131durmalara n\u0259 texniki, n\u0259 d\u0259 insani resurslar\u0131 var\u2026<\/p>\n\n\n\n<p><strong>La\u00e7\u0131n d\u0259hlizi &#8220;dalan&#8221; olur\u2026<\/strong><\/p>\n\n\n\n<p>Az\u0259rbaycan \u00f6z\u00fc d\u0259 ke\u00e7m\u0259k \u00fc\u00e7\u00fcn Rusiyadan icaz\u0259 ald\u0131\u011f\u0131 La\u00e7\u0131n d\u0259hlizin\u0259 g\u00f6mr\u00fck n\u0259zar\u0259ti t\u0259tbiq etm\u0259k ist\u0259s\u0259, bunu&nbsp; ed\u0259 bil\u0259c\u0259kmi? Bu zaman La\u00e7\u0131n \u015f\u0259h\u0259ri d\u0259 daxil olmaqla b\u00fct\u00fcn d\u0259hliz boyu ruslar\u0131n xidm\u0259t aparmas\u0131na ehtiyac qalacaqm\u0131? N\u0259hay\u0259t, Kreml bel\u0259 bir add\u0131ma raz\u0131 olacaqm\u0131? Erm\u0259nistan yar\u0131m milyona yax\u0131n \u0259halisi olan Nax\u00e7\u0131vana, sad\u0259c\u0259, iki yol verm\u0259kl\u0259 kifay\u0259tl\u0259nirs\u0259, Az\u0259rbaycan niy\u0259 \u00f6z \u0259razisind\u0259 ya\u015fad\u0131\u011f\u0131 v\u0259t\u0259nda\u015fa 5 km enind\u0259 d\u0259hliz verm\u0259lidir? Bu d\u0259hlizin g\u00f6mr\u00fck giri\u015find\u0259ki s\u0259rh\u0259d zola\u011f\u0131nda kim xidm\u0259t aparacaq? B\u00fct\u00fcn bu suallar a\u00e7\u0131q qal\u0131b. Ona g\u00f6r\u0259 d\u0259 kommunikasiya&nbsp; dan\u0131\u015f\u0131qlar\u0131n\u0131n&nbsp; \u0259sas elementi olan \u201cLa\u00e7\u0131n d\u0259hlizi\u201d faktiki olaraq diplomatik dalana \u00e7evrilm\u0259kd\u0259dir\u2026<\/p>\n","protected":false},"excerpt":{"rendered":"<p>La\u00e7\u0131n d\u0259hlizi \u201cdalan\u201da \u00e7evrilir Br\u00fcssel g\u00f6r\u00fc\u015f\u00fc zaman\u0131 \u0130lham \u018fliyev v\u0259 &#8230; <\/p>\n<p class=\"read-more-container\"><a title=\"\u018fliyev Rusiyaya \u201cget\u201d dey\u0259 bil\u0259c\u0259kmi?\" class=\"read-more button\" href=\"https:\/\/www.meydan.tv\/az\/article\/eliyev-rusiyaya-get-deye-bilecekmi\/#more-229929\" aria-label=\"Read more about \u018fliyev Rusiyaya \u201cget\u201d dey\u0259 bil\u0259c\u0259kmi?\">Davam\u0131<\/a><\/p>\n","protected":false},"author":8,"featured_media":129937,"comment_status":"closed","ping_status":"closed","sticky":false,"template":"","format":"standard","meta":{"_acf_changed":false,"_sitemap_exclude":false,"_sitemap_priority":"","_sitemap_frequency":"","footnotes":""},"categories":[57],"tags":[],"class_list":["post-229929","post","type-post","status-publish","format-standard","has-post-thumbnail","hentry","category-menim-fikrimce","infinite-scroll-item","generate-columns","tablet-grid-50","mobile-grid-100","grid-parent","grid-33","no-featured-image-padding"],"acf":[],"yoast_head":"<!-- This site is optimized with the Yoast SEO plugin v27.4 - https:\/\/yoast.com\/product\/yoast-seo-wordpress\/ -->\n<title>\u018fliyev Rusiyaya \u201cget\u201d dey\u0259 bil\u0259c\u0259kmi? - MEYDAN.TV<\/title>\n<meta name=\"robots\" content=\"index, follow, max-snippet:-1, max-image-preview:large, max-video-preview:-1\" \/>\n<link rel=\"canonical\" href=\"https:\/\/www.meydan.tv\/az\/article\/eliyev-rusiyaya-get-deye-bilecekmi\/\" \/>\n<meta property=\"og:locale\" content=\"az_AZ\" \/>\n<meta property=\"og:type\" content=\"article\" \/>\n<meta property=\"og:title\" content=\"\u018fliyev Rusiyaya \u201cget\u201d dey\u0259 bil\u0259c\u0259kmi? - MEYDAN.TV\" \/>\n<meta property=\"og:description\" content=\"La\u00e7\u0131n d\u0259hlizi \u201cdalan\u201da \u00e7evrilir Br\u00fcssel g\u00f6r\u00fc\u015f\u00fc zaman\u0131 \u0130lham \u018fliyev v\u0259 ... Davam\u0131\" \/>\n<meta property=\"og:url\" content=\"https:\/\/www.meydan.tv\/az\/article\/eliyev-rusiyaya-get-deye-bilecekmi\/\" \/>\n<meta property=\"og:site_name\" content=\"MEYDAN.TV\" \/>\n<meta property=\"article:published_time\" content=\"2021-12-22T07:04:57+00:00\" \/>\n<meta property=\"article:modified_time\" content=\"2021-12-22T07:04:58+00:00\" \/>\n<meta property=\"og:image\" content=\"https:\/\/www.meydan.tv\/wp-content\/uploads\/untitled_artwork_5iccn6j-scaled.jpg\" \/>\n\t<meta property=\"og:image:width\" content=\"2560\" \/>\n\t<meta property=\"og:image:height\" content=\"1440\" \/>\n\t<meta property=\"og:image:type\" content=\"image\/jpeg\" \/>\n<meta name=\"author\" content=\"elli\" \/>\n<meta name=\"twitter:card\" content=\"summary_large_image\" \/>\n<meta name=\"twitter:creator\" content=\"@elli\" \/>\n<script type=\"application\/ld+json\" class=\"yoast-schema-graph\">{\"@context\":\"https:\\\/\\\/schema.org\",\"@graph\":[{\"@type\":\"Article\",\"@id\":\"https:\\\/\\\/www.meydan.tv\\\/az\\\/article\\\/eliyev-rusiyaya-get-deye-bilecekmi\\\/#article\",\"isPartOf\":{\"@id\":\"https:\\\/\\\/www.meydan.tv\\\/az\\\/article\\\/eliyev-rusiyaya-get-deye-bilecekmi\\\/\"},\"author\":{\"name\":\"elli\",\"@id\":\"https:\\\/\\\/www.meydan.tv\\\/az\\\/#\\\/schema\\\/person\\\/9cdbecf90d17180ce1dfbd95b08dcf47\"},\"headline\":\"\u018fliyev Rusiyaya \u201cget\u201d dey\u0259 bil\u0259c\u0259kmi?\",\"datePublished\":\"2021-12-22T07:04:57+00:00\",\"dateModified\":\"2021-12-22T07:04:58+00:00\",\"mainEntityOfPage\":{\"@id\":\"https:\\\/\\\/www.meydan.tv\\\/az\\\/article\\\/eliyev-rusiyaya-get-deye-bilecekmi\\\/\"},\"wordCount\":803,\"publisher\":{\"@id\":\"https:\\\/\\\/www.meydan.tv\\\/az\\\/#organization\"},\"image\":{\"@id\":\"https:\\\/\\\/www.meydan.tv\\\/az\\\/article\\\/eliyev-rusiyaya-get-deye-bilecekmi\\\/#primaryimage\"},\"thumbnailUrl\":\"https:\\\/\\\/www.meydan.tv\\\/wp-content\\\/uploads\\\/untitled_artwork_5iccn6j-scaled.jpg\",\"articleSection\":[\"M\u0259nim Fikrimc\u0259\"],\"inLanguage\":\"az\"},{\"@type\":\"WebPage\",\"@id\":\"https:\\\/\\\/www.meydan.tv\\\/az\\\/article\\\/eliyev-rusiyaya-get-deye-bilecekmi\\\/\",\"url\":\"https:\\\/\\\/www.meydan.tv\\\/az\\\/article\\\/eliyev-rusiyaya-get-deye-bilecekmi\\\/\",\"name\":\"\u018fliyev Rusiyaya \u201cget\u201d dey\u0259 bil\u0259c\u0259kmi? - MEYDAN.TV\",\"isPartOf\":{\"@id\":\"https:\\\/\\\/www.meydan.tv\\\/az\\\/#website\"},\"primaryImageOfPage\":{\"@id\":\"https:\\\/\\\/www.meydan.tv\\\/az\\\/article\\\/eliyev-rusiyaya-get-deye-bilecekmi\\\/#primaryimage\"},\"image\":{\"@id\":\"https:\\\/\\\/www.meydan.tv\\\/az\\\/article\\\/eliyev-rusiyaya-get-deye-bilecekmi\\\/#primaryimage\"},\"thumbnailUrl\":\"https:\\\/\\\/www.meydan.tv\\\/wp-content\\\/uploads\\\/untitled_artwork_5iccn6j-scaled.jpg\",\"datePublished\":\"2021-12-22T07:04:57+00:00\",\"dateModified\":\"2021-12-22T07:04:58+00:00\",\"breadcrumb\":{\"@id\":\"https:\\\/\\\/www.meydan.tv\\\/az\\\/article\\\/eliyev-rusiyaya-get-deye-bilecekmi\\\/#breadcrumb\"},\"inLanguage\":\"az\",\"potentialAction\":[{\"@type\":\"ReadAction\",\"target\":[\"https:\\\/\\\/www.meydan.tv\\\/az\\\/article\\\/eliyev-rusiyaya-get-deye-bilecekmi\\\/\"]}]},{\"@type\":\"ImageObject\",\"inLanguage\":\"az\",\"@id\":\"https:\\\/\\\/www.meydan.tv\\\/az\\\/article\\\/eliyev-rusiyaya-get-deye-bilecekmi\\\/#primaryimage\",\"url\":\"https:\\\/\\\/www.meydan.tv\\\/wp-content\\\/uploads\\\/untitled_artwork_5iccn6j-scaled.jpg\",\"contentUrl\":\"https:\\\/\\\/www.meydan.tv\\\/wp-content\\\/uploads\\\/untitled_artwork_5iccn6j-scaled.jpg\",\"width\":2560,\"height\":1440,\"caption\":\"Seymur H\u0259zi, Foto:: Meydan TV\"},{\"@type\":\"BreadcrumbList\",\"@id\":\"https:\\\/\\\/www.meydan.tv\\\/az\\\/article\\\/eliyev-rusiyaya-get-deye-bilecekmi\\\/#breadcrumb\",\"itemListElement\":[{\"@type\":\"ListItem\",\"position\":1,\"name\":\"Ana s\u0259hif\u0259\",\"item\":\"https:\\\/\\\/www.meydan.tv\\\/az\\\/\"},{\"@type\":\"ListItem\",\"position\":2,\"name\":\"M\u0259nim Fikrimc\u0259\",\"item\":\"https:\\\/\\\/www.meydan.tv\\\/az\\\/section\\\/menim-fikrimce\\\/\"},{\"@type\":\"ListItem\",\"position\":3,\"name\":\"\u018fliyev Rusiyaya \u201cget\u201d dey\u0259 bil\u0259c\u0259kmi?\"}]},{\"@type\":\"WebSite\",\"@id\":\"https:\\\/\\\/www.meydan.tv\\\/az\\\/#website\",\"url\":\"https:\\\/\\\/www.meydan.tv\\\/az\\\/\",\"name\":\"MEYDAN.TV\",\"description\":\"Meydan TV Az\u0259rbaycan\u0131n media m\u0259kan\u0131ndak\u0131 alternativ s\u0259sidir\",\"publisher\":{\"@id\":\"https:\\\/\\\/www.meydan.tv\\\/az\\\/#organization\"},\"potentialAction\":[{\"@type\":\"SearchAction\",\"target\":{\"@type\":\"EntryPoint\",\"urlTemplate\":\"https:\\\/\\\/www.meydan.tv\\\/az\\\/?s={search_term_string}\"},\"query-input\":{\"@type\":\"PropertyValueSpecification\",\"valueRequired\":true,\"valueName\":\"search_term_string\"}}],\"inLanguage\":\"az\"},{\"@type\":\"Organization\",\"@id\":\"https:\\\/\\\/www.meydan.tv\\\/az\\\/#organization\",\"name\":\"Meydan TV\",\"url\":\"https:\\\/\\\/www.meydan.tv\\\/az\\\/\",\"logo\":{\"@type\":\"ImageObject\",\"inLanguage\":\"az\",\"@id\":\"https:\\\/\\\/www.meydan.tv\\\/az\\\/#\\\/schema\\\/logo\\\/image\\\/\",\"url\":\"https:\\\/\\\/www.meydan.tv\\\/wp-content\\\/uploads\\\/2021\\\/07\\\/meydan-logo.svg\",\"contentUrl\":\"https:\\\/\\\/www.meydan.tv\\\/wp-content\\\/uploads\\\/2021\\\/07\\\/meydan-logo.svg\",\"width\":195,\"height\":46,\"caption\":\"Meydan TV\"},\"image\":{\"@id\":\"https:\\\/\\\/www.meydan.tv\\\/az\\\/#\\\/schema\\\/logo\\\/image\\\/\"}},{\"@type\":\"Person\",\"@id\":\"https:\\\/\\\/www.meydan.tv\\\/az\\\/#\\\/schema\\\/person\\\/9cdbecf90d17180ce1dfbd95b08dcf47\",\"name\":\"elli\",\"sameAs\":[\"https:\\\/\\\/x.com\\\/elli\"]}]}<\/script>\n<!-- \/ Yoast SEO plugin. -->","yoast_head_json":{"title":"\u018fliyev Rusiyaya \u201cget\u201d dey\u0259 bil\u0259c\u0259kmi? - MEYDAN.TV","robots":{"index":"index","follow":"follow","max-snippet":"max-snippet:-1","max-image-preview":"max-image-preview:large","max-video-preview":"max-video-preview:-1"},"canonical":"https:\/\/www.meydan.tv\/az\/article\/eliyev-rusiyaya-get-deye-bilecekmi\/","og_locale":"az_AZ","og_type":"article","og_title":"\u018fliyev Rusiyaya \u201cget\u201d dey\u0259 bil\u0259c\u0259kmi? - MEYDAN.TV","og_description":"La\u00e7\u0131n d\u0259hlizi \u201cdalan\u201da \u00e7evrilir Br\u00fcssel g\u00f6r\u00fc\u015f\u00fc zaman\u0131 \u0130lham \u018fliyev v\u0259 ... Davam\u0131","og_url":"https:\/\/www.meydan.tv\/az\/article\/eliyev-rusiyaya-get-deye-bilecekmi\/","og_site_name":"MEYDAN.TV","article_published_time":"2021-12-22T07:04:57+00:00","article_modified_time":"2021-12-22T07:04:58+00:00","og_image":[{"width":2560,"height":1440,"url":"https:\/\/www.meydan.tv\/wp-content\/uploads\/untitled_artwork_5iccn6j-scaled.jpg","type":"image\/jpeg"}],"author":"elli","twitter_card":"summary_large_image","twitter_creator":"@elli","schema":{"@context":"https:\/\/schema.org","@graph":[{"@type":"Article","@id":"https:\/\/www.meydan.tv\/az\/article\/eliyev-rusiyaya-get-deye-bilecekmi\/#article","isPartOf":{"@id":"https:\/\/www.meydan.tv\/az\/article\/eliyev-rusiyaya-get-deye-bilecekmi\/"},"author":{"name":"elli","@id":"https:\/\/www.meydan.tv\/az\/#\/schema\/person\/9cdbecf90d17180ce1dfbd95b08dcf47"},"headline":"\u018fliyev Rusiyaya \u201cget\u201d dey\u0259 bil\u0259c\u0259kmi?","datePublished":"2021-12-22T07:04:57+00:00","dateModified":"2021-12-22T07:04:58+00:00","mainEntityOfPage":{"@id":"https:\/\/www.meydan.tv\/az\/article\/eliyev-rusiyaya-get-deye-bilecekmi\/"},"wordCount":803,"publisher":{"@id":"https:\/\/www.meydan.tv\/az\/#organization"},"image":{"@id":"https:\/\/www.meydan.tv\/az\/article\/eliyev-rusiyaya-get-deye-bilecekmi\/#primaryimage"},"thumbnailUrl":"https:\/\/www.meydan.tv\/wp-content\/uploads\/untitled_artwork_5iccn6j-scaled.jpg","articleSection":["M\u0259nim Fikrimc\u0259"],"inLanguage":"az"},{"@type":"WebPage","@id":"https:\/\/www.meydan.tv\/az\/article\/eliyev-rusiyaya-get-deye-bilecekmi\/","url":"https:\/\/www.meydan.tv\/az\/article\/eliyev-rusiyaya-get-deye-bilecekmi\/","name":"\u018fliyev Rusiyaya \u201cget\u201d dey\u0259 bil\u0259c\u0259kmi? - MEYDAN.TV","isPartOf":{"@id":"https:\/\/www.meydan.tv\/az\/#website"},"primaryImageOfPage":{"@id":"https:\/\/www.meydan.tv\/az\/article\/eliyev-rusiyaya-get-deye-bilecekmi\/#primaryimage"},"image":{"@id":"https:\/\/www.meydan.tv\/az\/article\/eliyev-rusiyaya-get-deye-bilecekmi\/#primaryimage"},"thumbnailUrl":"https:\/\/www.meydan.tv\/wp-content\/uploads\/untitled_artwork_5iccn6j-scaled.jpg","datePublished":"2021-12-22T07:04:57+00:00","dateModified":"2021-12-22T07:04:58+00:00","breadcrumb":{"@id":"https:\/\/www.meydan.tv\/az\/article\/eliyev-rusiyaya-get-deye-bilecekmi\/#breadcrumb"},"inLanguage":"az","potentialAction":[{"@type":"ReadAction","target":["https:\/\/www.meydan.tv\/az\/article\/eliyev-rusiyaya-get-deye-bilecekmi\/"]}]},{"@type":"ImageObject","inLanguage":"az","@id":"https:\/\/www.meydan.tv\/az\/article\/eliyev-rusiyaya-get-deye-bilecekmi\/#primaryimage","url":"https:\/\/www.meydan.tv\/wp-content\/uploads\/untitled_artwork_5iccn6j-scaled.jpg","contentUrl":"https:\/\/www.meydan.tv\/wp-content\/uploads\/untitled_artwork_5iccn6j-scaled.jpg","width":2560,"height":1440,"caption":"Seymur H\u0259zi, Foto:: Meydan TV"},{"@type":"BreadcrumbList","@id":"https:\/\/www.meydan.tv\/az\/article\/eliyev-rusiyaya-get-deye-bilecekmi\/#breadcrumb","itemListElement":[{"@type":"ListItem","position":1,"name":"Ana s\u0259hif\u0259","item":"https:\/\/www.meydan.tv\/az\/"},{"@type":"ListItem","position":2,"name":"M\u0259nim Fikrimc\u0259","item":"https:\/\/www.meydan.tv\/az\/section\/menim-fikrimce\/"},{"@type":"ListItem","position":3,"name":"\u018fliyev Rusiyaya \u201cget\u201d dey\u0259 bil\u0259c\u0259kmi?"}]},{"@type":"WebSite","@id":"https:\/\/www.meydan.tv\/az\/#website","url":"https:\/\/www.meydan.tv\/az\/","name":"MEYDAN.TV","description":"Meydan TV Az\u0259rbaycan\u0131n media m\u0259kan\u0131ndak\u0131 alternativ s\u0259sidir","publisher":{"@id":"https:\/\/www.meydan.tv\/az\/#organization"},"potentialAction":[{"@type":"SearchAction","target":{"@type":"EntryPoint","urlTemplate":"https:\/\/www.meydan.tv\/az\/?s={search_term_string}"},"query-input":{"@type":"PropertyValueSpecification","valueRequired":true,"valueName":"search_term_string"}}],"inLanguage":"az"},{"@type":"Organization","@id":"https:\/\/www.meydan.tv\/az\/#organization","name":"Meydan TV","url":"https:\/\/www.meydan.tv\/az\/","logo":{"@type":"ImageObject","inLanguage":"az","@id":"https:\/\/www.meydan.tv\/az\/#\/schema\/logo\/image\/","url":"https:\/\/www.meydan.tv\/wp-content\/uploads\/2021\/07\/meydan-logo.svg","contentUrl":"https:\/\/www.meydan.tv\/wp-content\/uploads\/2021\/07\/meydan-logo.svg","width":195,"height":46,"caption":"Meydan TV"},"image":{"@id":"https:\/\/www.meydan.tv\/az\/#\/schema\/logo\/image\/"}},{"@type":"Person","@id":"https:\/\/www.meydan.tv\/az\/#\/schema\/person\/9cdbecf90d17180ce1dfbd95b08dcf47","name":"elli","sameAs":["https:\/\/x.com\/elli"]}]}},"_links":{"self":[{"href":"https:\/\/www.meydan.tv\/az\/wp-json\/wp\/v2\/posts\/229929","targetHints":{"allow":["GET"]}}],"collection":[{"href":"https:\/\/www.meydan.tv\/az\/wp-json\/wp\/v2\/posts"}],"about":[{"href":"https:\/\/www.meydan.tv\/az\/wp-json\/wp\/v2\/types\/post"}],"author":[{"embeddable":true,"href":"https:\/\/www.meydan.tv\/az\/wp-json\/wp\/v2\/users\/8"}],"replies":[{"embeddable":true,"href":"https:\/\/www.meydan.tv\/az\/wp-json\/wp\/v2\/comments?post=229929"}],"version-history":[{"count":1,"href":"https:\/\/www.meydan.tv\/az\/wp-json\/wp\/v2\/posts\/229929\/revisions"}],"predecessor-version":[{"id":229930,"href":"https:\/\/www.meydan.tv\/az\/wp-json\/wp\/v2\/posts\/229929\/revisions\/229930"}],"wp:featuredmedia":[{"embeddable":true,"href":"https:\/\/www.meydan.tv\/az\/wp-json\/wp\/v2\/media\/129937"}],"wp:attachment":[{"href":"https:\/\/www.meydan.tv\/az\/wp-json\/wp\/v2\/media?parent=229929"}],"wp:term":[{"taxonomy":"category","embeddable":true,"href":"https:\/\/www.meydan.tv\/az\/wp-json\/wp\/v2\/categories?post=229929"},{"taxonomy":"post_tag","embeddable":true,"href":"https:\/\/www.meydan.tv\/az\/wp-json\/wp\/v2\/tags?post=229929"}],"curies":[{"name":"wp","href":"https:\/\/api.w.org\/{rel}","templated":true}]}}