{"id":229804,"date":"2021-12-20T17:50:42","date_gmt":"2021-12-20T13:50:42","guid":{"rendered":"https:\/\/www.meydan.tv\/?p=229804"},"modified":"2021-12-20T17:50:44","modified_gmt":"2021-12-20T13:50:44","slug":"mektebeqeder-tehsil-muessiseleri-yeniden-tehsil-nazirliyine-verilir","status":"publish","type":"post","link":"https:\/\/www.meydan.tv\/az\/article\/mektebeqeder-tehsil-muessiseleri-yeniden-tehsil-nazirliyine-verilir\/","title":{"rendered":"M\u0259kt\u0259b\u0259q\u0259d\u0259r t\u0259hsil m\u00fc\u0259ssis\u0259l\u0259ri yenid\u0259n T\u0259hsil Nazirliyin\u0259 verilir"},"content":{"rendered":"\n<p><em>U\u015faq ba\u011f\u00e7alar\u0131 son 10 ild\u0259 yerli icra hakimiyy\u0259tl\u0259rinin tabeliyind\u0259 olub<\/em><br><\/p>\n\n\n\n<p>Yerli icra hakimiyy\u0259ti orqanlar\u0131n\u0131n tabeliyind\u0259 olan d\u00f6vl\u0259t m\u0259kt\u0259b\u0259q\u0259d\u0259r t\u0259hsil m\u00fc\u0259ssis\u0259l\u0259ri yenid\u0259n (u\u015faq evl\u0259ri istisna olmaqla) T\u0259hsil Nazirliyinin tabeliyin\u0259 verilir.<\/p>\n\n\n\n<p>Bu bar\u0259d\u0259 dekabr\u0131n 20-d\u0259 Prezident \u0130lham \u018fliyev <a href=\"https:\/\/president.az\/articles\/54686\" target=\"_blank\" rel=\"noreferrer noopener\">s\u0259r\u0259ncam<\/a> imzalay\u0131b.<\/p>\n\n\n\n<p>U\u015faq ba\u011f\u00e7alar\u0131 son 10 ild\u0259 yerli icra hakimiyy\u0259tl\u0259rinin tabeliyind\u0259 olub.<\/p>\n\n\n\n<p>\u0130lham \u018fliyevin 2011-ci il dekabr\u0131n 27-d\u0259 verdiyi s\u0259r\u0259ncamla T\u0259hsil Nazirliyinin tabeliyind\u0259 olan u\u015faq ba\u011f\u00e7alar\u0131 yerli icra hakimiyy\u0259ti orqanlar\u0131n\u0131n tabeliyin\u0259 verilib.<\/p>\n\n\n\n<p>10 il sonra is\u0259 Prezident daha bir s\u0259r\u0259ncamla ba\u011f\u00e7alar\u0131 yenid\u0259n T\u0259hsil Nazirliyinin tabeliyin\u0259 qaytar\u0131b.<\/p>\n\n\n\n<p>\u0130qtisad\u00e7\u0131 R\u00f6v\u015f\u0259n A\u011fayev d\u00fc\u015f\u00fcn\u00fcr ki, bu add\u0131m \u0259slind\u0259 rayon v\u0259 \u015f\u0259h\u0259rl\u0259rin \u00f6z\u00fcn\u00fc doland\u0131rd\u0131\u011f\u0131n\u0131 g\u00f6st\u0259rm\u0259k \u00fc\u00e7\u00fcn at\u0131l\u0131b: <\/p>\n\n\n\n<p>\u201cG\u0259l\u0259n ilin b\u00fcdc\u0259 m\u00fczakir\u0259l\u0259rind\u0259 h\u00f6kum\u0259t medias\u0131 yazacaq ki, Az\u0259rbaycanda b\u00fct\u00fcn rayon v\u0259 \u015f\u0259h\u0259rl\u0259r \u00f6z\u00fcn\u00fcmaliyy\u0259l\u0259\u015fdirm\u0259y\u0259 nail oldu. \u018fslind\u0259 is\u0259 s\u0259b\u0259b f\u0259rqlidir. Daha bir x\u0259rc s\u0259lahiyy\u0259ti icra hakimiyy\u0259tl\u0259rinin boynundan g\u00f6t\u00fcr\u00fcld\u00fc. Bu g\u00fcn\u0259d\u0259k ba\u011f\u00e7alar\u0131n maliyy\u0259l\u0259\u015fm\u0259si onlara bax\u0131rd\u0131, art\u0131q bu i\u015fi T\u0259hsil Nazirliyi g\u00f6r\u0259c\u0259k\u201d.<\/p>\n\n\n\n<p>\u0130qtisad\u00e7\u0131 deyir ki, bundan sonra icra hakimiyy\u0259tl\u0259rinin x\u0259rc s\u0259lahiyy\u0259ti yaln\u0131z \u00f6z aparat\u0131n\u0131n saxlanmas\u0131n\u0131 v\u0259 JEK-l\u0259rin cari f\u0259aliyy\u0259tini maliyy\u0259l\u0259\u015fdirm\u0259yi \u0259hat\u0259 ed\u0259c\u0259k: <\/p>\n\n\n\n<p>\u201cBu f\u0259alliyy\u0259tl\u0259r \u00fc\u00e7\u00fcn z\u0259ruri maliyy\u0259ni is\u0259 \u0259n z\u0259if iqtisadiyyata malik rayonlar\u0131m\u0131z da toplaya bilir. \u0130nki\u015faf\u0131n Az\u0259rbaycan modeli budur &#8211; m\u00fcasir iqtisadiyyat d\u0259rslikl\u0259rin\u0259 d\u00fc\u015f\u0259c\u0259k f\u00f6vq\u0259lad\u0259 bir modeldir\u201d.<\/p>\n\n\n\n<p>2022-ci ilin d\u00f6vl\u0259t b\u00fcdc\u0259sind\u0259n G\u00f6y\u00e7aya v\u0259sait ayr\u0131lmay\u0131b.<\/p>\n\n\n\n<p>Yaln\u0131z 14 rayona v\u0259sait ayr\u0131laca\u011f\u0131 qeyd edilib ki, onlar da \u0259sas\u0259n, i\u015f\u011faldan azad edil\u0259n b\u00f6lg\u0259l\u0259rdir.<br>H\u0259m h\u00f6kum\u0259t r\u0259smil\u0259ri, h\u0259m d\u0259 Prezident \u0130lham \u018fliyev Az\u0259rbaycan\u0131n \u0259ks\u0259r rayonlar\u0131n\u0131n \u00f6zl\u0259rini doland\u0131ra bil\u0259c\u0259k g\u00fcc\u00fcn\u00fcn oldu\u011funu d\u00fc\u015f\u00fcn\u00fcr.<\/p>\n\n\n\n<p>H\u0259tta Prezident \u0130lham \u018fliyev sentyabr\u0131n 14-d\u0259 \u015e\u0259mkir v\u0259 C\u0259lilabad rayonlar\u0131na yeni t\u0259yin olunan icra ba\u015f\u00e7\u0131lar\u0131 il\u0259 g\u00f6r\u00fc\u015f\u00fcnd\u0259 sabiq m\u0259murlar\u0131n \u00fcnvan\u0131na t\u0259nqidl\u0259r s\u0259sl\u0259ndirm\u0259kl\u0259 yana\u015f\u0131, regional inki\u015faf m\u0259s\u0259l\u0259l\u0259rin\u0259 d\u0259 toxunub.<\/p>\n\n\n\n<p>O, \u00f6z <a href=\"https:\/\/www.youtube.com\/watch?v=dkxZ0VXpLtM\" target=\"_blank\" rel=\"noreferrer noopener\">\u00e7\u0131x\u0131\u015f<\/a>\u0131nda \u0259vv\u0259lki ill\u0259rd\u0259n f\u0259rqli olaraq, art\u0131q rayonlar\u0131n \u00e7oxunun m\u0259rk\u0259zi b\u00fcdc\u0259d\u0259n dotasiya almadan x\u0259rcl\u0259rini qar\u015f\u0131lad\u0131\u011f\u0131n\u0131 bildirib: \u201c10 il bundan \u0259vv\u0259l, dem\u0259k olar ki, rayonlar\u0131n m\u00fctl\u0259q \u0259ks\u0259riyy\u0259ti dotasiya al\u0131rd\u0131. N\u0259 \u00fc\u00e7\u00fcn? \u00c7\u00fcnki yerl\u0259rd\u0259 y\u0131\u011f\u0131lan v\u0259sait m\u0259murlar\u0131n cibin\u0259 gedirdi, d\u00f6vl\u0259t x\u0259zin\u0259sin\u0259, d\u00f6vl\u0259t b\u00fcdc\u0259sin\u0259 yox, m\u0259murlar\u0131n cibin\u0259. Gec\u0259-g\u00fcnd\u00fcz el\u0259 burada, qap\u0131larda f\u0131rlan\u0131b, hans\u0131sa maddi d\u0259st\u0259k, maddi yard\u0131m ist\u0259y\u0259nl\u0259rin say\u0131 kifay\u0259t q\u0259d\u0259r \u00e7ox idi, icra ba\u015f\u00e7\u0131lar\u0131n\u0131 n\u0259z\u0259rd\u0259 tuturam\u201d.<\/p>\n\n\n\n<p>Prezident \u0259lav\u0259 edib ki, apar\u0131lan islahatlar n\u0259tic\u0259sind\u0259 indi bir \u00e7ox rayon art\u0131q dotasiya alm\u0131r: \u201cBiz el\u0259 etm\u0259liyik ki, \u00fcmumiyy\u0259tl\u0259, rayonlar\u0131n inki\u015faf\u0131 yerl\u0259rd\u0259, b\u00fct\u00fcn rayonlarda y\u0131\u011f\u0131lan v\u0259sait hesab\u0131na t\u0259min olunsun\u201d.<\/p>\n","protected":false},"excerpt":{"rendered":"<p>U\u015faq ba\u011f\u00e7alar\u0131 son 10 ild\u0259 yerli icra hakimiyy\u0259tl\u0259rinin tabeliyind\u0259 olub &#8230; <\/p>\n<p class=\"read-more-container\"><a title=\"M\u0259kt\u0259b\u0259q\u0259d\u0259r t\u0259hsil m\u00fc\u0259ssis\u0259l\u0259ri yenid\u0259n T\u0259hsil Nazirliyin\u0259 verilir\" class=\"read-more button\" href=\"https:\/\/www.meydan.tv\/az\/article\/mektebeqeder-tehsil-muessiseleri-yeniden-tehsil-nazirliyine-verilir\/#more-229804\" aria-label=\"Read more about M\u0259kt\u0259b\u0259q\u0259d\u0259r t\u0259hsil m\u00fc\u0259ssis\u0259l\u0259ri yenid\u0259n T\u0259hsil Nazirliyin\u0259 verilir\">Davam\u0131<\/a><\/p>\n","protected":false},"author":8,"featured_media":229805,"comment_status":"closed","ping_status":"closed","sticky":false,"template":"","format":"standard","meta":{"_acf_changed":false,"_sitemap_exclude":false,"_sitemap_priority":"","_sitemap_frequency":"","footnotes":""},"categories":[62,56],"tags":[],"class_list":["post-229804","post","type-post","status-publish","format-standard","has-post-thumbnail","hentry","category-sosial","category-xeberler","infinite-scroll-item","generate-columns","tablet-grid-50","mobile-grid-100","grid-parent","grid-33","no-featured-image-padding"],"acf":[],"yoast_head":"<!-- This site is optimized with the Yoast SEO plugin v27.5 - https:\/\/yoast.com\/product\/yoast-seo-wordpress\/ -->\n<title>M\u0259kt\u0259b\u0259q\u0259d\u0259r t\u0259hsil m\u00fc\u0259ssis\u0259l\u0259ri yenid\u0259n T\u0259hsil Nazirliyin\u0259 verilir - MEYDAN.TV<\/title>\n<meta name=\"robots\" content=\"index, follow, max-snippet:-1, max-image-preview:large, max-video-preview:-1\" \/>\n<link rel=\"canonical\" href=\"https:\/\/www.meydan.tv\/az\/article\/mektebeqeder-tehsil-muessiseleri-yeniden-tehsil-nazirliyine-verilir\/\" \/>\n<meta property=\"og:locale\" content=\"az_AZ\" \/>\n<meta property=\"og:type\" content=\"article\" \/>\n<meta property=\"og:title\" content=\"M\u0259kt\u0259b\u0259q\u0259d\u0259r t\u0259hsil m\u00fc\u0259ssis\u0259l\u0259ri yenid\u0259n T\u0259hsil Nazirliyin\u0259 verilir - MEYDAN.TV\" \/>\n<meta property=\"og:description\" content=\"U\u015faq ba\u011f\u00e7alar\u0131 son 10 ild\u0259 yerli icra hakimiyy\u0259tl\u0259rinin tabeliyind\u0259 olub ... Davam\u0131\" \/>\n<meta property=\"og:url\" content=\"https:\/\/www.meydan.tv\/az\/article\/mektebeqeder-tehsil-muessiseleri-yeniden-tehsil-nazirliyine-verilir\/\" \/>\n<meta property=\"og:site_name\" content=\"MEYDAN.TV\" \/>\n<meta property=\"article:published_time\" content=\"2021-12-20T13:50:42+00:00\" \/>\n<meta property=\"article:modified_time\" content=\"2021-12-20T13:50:44+00:00\" \/>\n<meta property=\"og:image\" content=\"https:\/\/www.meydan.tv\/wp-content\/uploads\/azedu.az_02-30.08.19-1_199-e1640008038418.jpg\" \/>\n\t<meta property=\"og:image:width\" content=\"1200\" \/>\n\t<meta property=\"og:image:height\" content=\"627\" \/>\n\t<meta property=\"og:image:type\" content=\"image\/jpeg\" \/>\n<meta name=\"author\" content=\"elli\" \/>\n<meta name=\"twitter:card\" content=\"summary_large_image\" \/>\n<meta name=\"twitter:creator\" content=\"@elli\" \/>\n<script type=\"application\/ld+json\" class=\"yoast-schema-graph\">{\"@context\":\"https:\\\/\\\/schema.org\",\"@graph\":[{\"@type\":\"Article\",\"@id\":\"https:\\\/\\\/www.meydan.tv\\\/az\\\/article\\\/mektebeqeder-tehsil-muessiseleri-yeniden-tehsil-nazirliyine-verilir\\\/#article\",\"isPartOf\":{\"@id\":\"https:\\\/\\\/www.meydan.tv\\\/az\\\/article\\\/mektebeqeder-tehsil-muessiseleri-yeniden-tehsil-nazirliyine-verilir\\\/\"},\"author\":{\"name\":\"elli\",\"@id\":\"https:\\\/\\\/www.meydan.tv\\\/az\\\/#\\\/schema\\\/person\\\/9cdbecf90d17180ce1dfbd95b08dcf47\"},\"headline\":\"M\u0259kt\u0259b\u0259q\u0259d\u0259r t\u0259hsil m\u00fc\u0259ssis\u0259l\u0259ri yenid\u0259n T\u0259hsil Nazirliyin\u0259 verilir\",\"datePublished\":\"2021-12-20T13:50:42+00:00\",\"dateModified\":\"2021-12-20T13:50:44+00:00\",\"mainEntityOfPage\":{\"@id\":\"https:\\\/\\\/www.meydan.tv\\\/az\\\/article\\\/mektebeqeder-tehsil-muessiseleri-yeniden-tehsil-nazirliyine-verilir\\\/\"},\"wordCount\":635,\"publisher\":{\"@id\":\"https:\\\/\\\/www.meydan.tv\\\/az\\\/#organization\"},\"image\":{\"@id\":\"https:\\\/\\\/www.meydan.tv\\\/az\\\/article\\\/mektebeqeder-tehsil-muessiseleri-yeniden-tehsil-nazirliyine-verilir\\\/#primaryimage\"},\"thumbnailUrl\":\"https:\\\/\\\/www.meydan.tv\\\/wp-content\\\/uploads\\\/azedu.az_02-30.08.19-1_199-e1640008038418.jpg\",\"articleSection\":[\"Sosial\",\"X\u0259b\u0259rl\u0259r\"],\"inLanguage\":\"az\"},{\"@type\":\"WebPage\",\"@id\":\"https:\\\/\\\/www.meydan.tv\\\/az\\\/article\\\/mektebeqeder-tehsil-muessiseleri-yeniden-tehsil-nazirliyine-verilir\\\/\",\"url\":\"https:\\\/\\\/www.meydan.tv\\\/az\\\/article\\\/mektebeqeder-tehsil-muessiseleri-yeniden-tehsil-nazirliyine-verilir\\\/\",\"name\":\"M\u0259kt\u0259b\u0259q\u0259d\u0259r t\u0259hsil m\u00fc\u0259ssis\u0259l\u0259ri yenid\u0259n T\u0259hsil Nazirliyin\u0259 verilir - MEYDAN.TV\",\"isPartOf\":{\"@id\":\"https:\\\/\\\/www.meydan.tv\\\/az\\\/#website\"},\"primaryImageOfPage\":{\"@id\":\"https:\\\/\\\/www.meydan.tv\\\/az\\\/article\\\/mektebeqeder-tehsil-muessiseleri-yeniden-tehsil-nazirliyine-verilir\\\/#primaryimage\"},\"image\":{\"@id\":\"https:\\\/\\\/www.meydan.tv\\\/az\\\/article\\\/mektebeqeder-tehsil-muessiseleri-yeniden-tehsil-nazirliyine-verilir\\\/#primaryimage\"},\"thumbnailUrl\":\"https:\\\/\\\/www.meydan.tv\\\/wp-content\\\/uploads\\\/azedu.az_02-30.08.19-1_199-e1640008038418.jpg\",\"datePublished\":\"2021-12-20T13:50:42+00:00\",\"dateModified\":\"2021-12-20T13:50:44+00:00\",\"breadcrumb\":{\"@id\":\"https:\\\/\\\/www.meydan.tv\\\/az\\\/article\\\/mektebeqeder-tehsil-muessiseleri-yeniden-tehsil-nazirliyine-verilir\\\/#breadcrumb\"},\"inLanguage\":\"az\",\"potentialAction\":[{\"@type\":\"ReadAction\",\"target\":[\"https:\\\/\\\/www.meydan.tv\\\/az\\\/article\\\/mektebeqeder-tehsil-muessiseleri-yeniden-tehsil-nazirliyine-verilir\\\/\"]}]},{\"@type\":\"ImageObject\",\"inLanguage\":\"az\",\"@id\":\"https:\\\/\\\/www.meydan.tv\\\/az\\\/article\\\/mektebeqeder-tehsil-muessiseleri-yeniden-tehsil-nazirliyine-verilir\\\/#primaryimage\",\"url\":\"https:\\\/\\\/www.meydan.tv\\\/wp-content\\\/uploads\\\/azedu.az_02-30.08.19-1_199-e1640008038418.jpg\",\"contentUrl\":\"https:\\\/\\\/www.meydan.tv\\\/wp-content\\\/uploads\\\/azedu.az_02-30.08.19-1_199-e1640008038418.jpg\",\"width\":1200,\"height\":627,\"caption\":\"Foto: azedu.az\"},{\"@type\":\"BreadcrumbList\",\"@id\":\"https:\\\/\\\/www.meydan.tv\\\/az\\\/article\\\/mektebeqeder-tehsil-muessiseleri-yeniden-tehsil-nazirliyine-verilir\\\/#breadcrumb\",\"itemListElement\":[{\"@type\":\"ListItem\",\"position\":1,\"name\":\"Ana s\u0259hif\u0259\",\"item\":\"https:\\\/\\\/www.meydan.tv\\\/az\\\/\"},{\"@type\":\"ListItem\",\"position\":2,\"name\":\"Sosial\",\"item\":\"https:\\\/\\\/www.meydan.tv\\\/az\\\/section\\\/sosial\\\/\"},{\"@type\":\"ListItem\",\"position\":3,\"name\":\"M\u0259kt\u0259b\u0259q\u0259d\u0259r t\u0259hsil m\u00fc\u0259ssis\u0259l\u0259ri yenid\u0259n T\u0259hsil Nazirliyin\u0259 verilir\"}]},{\"@type\":\"WebSite\",\"@id\":\"https:\\\/\\\/www.meydan.tv\\\/az\\\/#website\",\"url\":\"https:\\\/\\\/www.meydan.tv\\\/az\\\/\",\"name\":\"MEYDAN.TV\",\"description\":\"Meydan TV Az\u0259rbaycan\u0131n media m\u0259kan\u0131ndak\u0131 alternativ s\u0259sidir\",\"publisher\":{\"@id\":\"https:\\\/\\\/www.meydan.tv\\\/az\\\/#organization\"},\"potentialAction\":[{\"@type\":\"SearchAction\",\"target\":{\"@type\":\"EntryPoint\",\"urlTemplate\":\"https:\\\/\\\/www.meydan.tv\\\/az\\\/?s={search_term_string}\"},\"query-input\":{\"@type\":\"PropertyValueSpecification\",\"valueRequired\":true,\"valueName\":\"search_term_string\"}}],\"inLanguage\":\"az\"},{\"@type\":\"Organization\",\"@id\":\"https:\\\/\\\/www.meydan.tv\\\/az\\\/#organization\",\"name\":\"Meydan TV\",\"url\":\"https:\\\/\\\/www.meydan.tv\\\/az\\\/\",\"logo\":{\"@type\":\"ImageObject\",\"inLanguage\":\"az\",\"@id\":\"https:\\\/\\\/www.meydan.tv\\\/az\\\/#\\\/schema\\\/logo\\\/image\\\/\",\"url\":\"https:\\\/\\\/www.meydan.tv\\\/wp-content\\\/uploads\\\/2021\\\/07\\\/meydan-logo.svg\",\"contentUrl\":\"https:\\\/\\\/www.meydan.tv\\\/wp-content\\\/uploads\\\/2021\\\/07\\\/meydan-logo.svg\",\"width\":195,\"height\":46,\"caption\":\"Meydan TV\"},\"image\":{\"@id\":\"https:\\\/\\\/www.meydan.tv\\\/az\\\/#\\\/schema\\\/logo\\\/image\\\/\"}},{\"@type\":\"Person\",\"@id\":\"https:\\\/\\\/www.meydan.tv\\\/az\\\/#\\\/schema\\\/person\\\/9cdbecf90d17180ce1dfbd95b08dcf47\",\"name\":\"elli\",\"sameAs\":[\"https:\\\/\\\/x.com\\\/elli\"]}]}<\/script>\n<!-- \/ Yoast SEO plugin. -->","yoast_head_json":{"title":"M\u0259kt\u0259b\u0259q\u0259d\u0259r t\u0259hsil m\u00fc\u0259ssis\u0259l\u0259ri yenid\u0259n T\u0259hsil Nazirliyin\u0259 verilir - MEYDAN.TV","robots":{"index":"index","follow":"follow","max-snippet":"max-snippet:-1","max-image-preview":"max-image-preview:large","max-video-preview":"max-video-preview:-1"},"canonical":"https:\/\/www.meydan.tv\/az\/article\/mektebeqeder-tehsil-muessiseleri-yeniden-tehsil-nazirliyine-verilir\/","og_locale":"az_AZ","og_type":"article","og_title":"M\u0259kt\u0259b\u0259q\u0259d\u0259r t\u0259hsil m\u00fc\u0259ssis\u0259l\u0259ri yenid\u0259n T\u0259hsil Nazirliyin\u0259 verilir - MEYDAN.TV","og_description":"U\u015faq ba\u011f\u00e7alar\u0131 son 10 ild\u0259 yerli icra hakimiyy\u0259tl\u0259rinin tabeliyind\u0259 olub ... Davam\u0131","og_url":"https:\/\/www.meydan.tv\/az\/article\/mektebeqeder-tehsil-muessiseleri-yeniden-tehsil-nazirliyine-verilir\/","og_site_name":"MEYDAN.TV","article_published_time":"2021-12-20T13:50:42+00:00","article_modified_time":"2021-12-20T13:50:44+00:00","og_image":[{"width":1200,"height":627,"url":"https:\/\/www.meydan.tv\/wp-content\/uploads\/azedu.az_02-30.08.19-1_199-e1640008038418.jpg","type":"image\/jpeg"}],"author":"elli","twitter_card":"summary_large_image","twitter_creator":"@elli","schema":{"@context":"https:\/\/schema.org","@graph":[{"@type":"Article","@id":"https:\/\/www.meydan.tv\/az\/article\/mektebeqeder-tehsil-muessiseleri-yeniden-tehsil-nazirliyine-verilir\/#article","isPartOf":{"@id":"https:\/\/www.meydan.tv\/az\/article\/mektebeqeder-tehsil-muessiseleri-yeniden-tehsil-nazirliyine-verilir\/"},"author":{"name":"elli","@id":"https:\/\/www.meydan.tv\/az\/#\/schema\/person\/9cdbecf90d17180ce1dfbd95b08dcf47"},"headline":"M\u0259kt\u0259b\u0259q\u0259d\u0259r t\u0259hsil m\u00fc\u0259ssis\u0259l\u0259ri yenid\u0259n T\u0259hsil Nazirliyin\u0259 verilir","datePublished":"2021-12-20T13:50:42+00:00","dateModified":"2021-12-20T13:50:44+00:00","mainEntityOfPage":{"@id":"https:\/\/www.meydan.tv\/az\/article\/mektebeqeder-tehsil-muessiseleri-yeniden-tehsil-nazirliyine-verilir\/"},"wordCount":635,"publisher":{"@id":"https:\/\/www.meydan.tv\/az\/#organization"},"image":{"@id":"https:\/\/www.meydan.tv\/az\/article\/mektebeqeder-tehsil-muessiseleri-yeniden-tehsil-nazirliyine-verilir\/#primaryimage"},"thumbnailUrl":"https:\/\/www.meydan.tv\/wp-content\/uploads\/azedu.az_02-30.08.19-1_199-e1640008038418.jpg","articleSection":["Sosial","X\u0259b\u0259rl\u0259r"],"inLanguage":"az"},{"@type":"WebPage","@id":"https:\/\/www.meydan.tv\/az\/article\/mektebeqeder-tehsil-muessiseleri-yeniden-tehsil-nazirliyine-verilir\/","url":"https:\/\/www.meydan.tv\/az\/article\/mektebeqeder-tehsil-muessiseleri-yeniden-tehsil-nazirliyine-verilir\/","name":"M\u0259kt\u0259b\u0259q\u0259d\u0259r t\u0259hsil m\u00fc\u0259ssis\u0259l\u0259ri yenid\u0259n T\u0259hsil Nazirliyin\u0259 verilir - MEYDAN.TV","isPartOf":{"@id":"https:\/\/www.meydan.tv\/az\/#website"},"primaryImageOfPage":{"@id":"https:\/\/www.meydan.tv\/az\/article\/mektebeqeder-tehsil-muessiseleri-yeniden-tehsil-nazirliyine-verilir\/#primaryimage"},"image":{"@id":"https:\/\/www.meydan.tv\/az\/article\/mektebeqeder-tehsil-muessiseleri-yeniden-tehsil-nazirliyine-verilir\/#primaryimage"},"thumbnailUrl":"https:\/\/www.meydan.tv\/wp-content\/uploads\/azedu.az_02-30.08.19-1_199-e1640008038418.jpg","datePublished":"2021-12-20T13:50:42+00:00","dateModified":"2021-12-20T13:50:44+00:00","breadcrumb":{"@id":"https:\/\/www.meydan.tv\/az\/article\/mektebeqeder-tehsil-muessiseleri-yeniden-tehsil-nazirliyine-verilir\/#breadcrumb"},"inLanguage":"az","potentialAction":[{"@type":"ReadAction","target":["https:\/\/www.meydan.tv\/az\/article\/mektebeqeder-tehsil-muessiseleri-yeniden-tehsil-nazirliyine-verilir\/"]}]},{"@type":"ImageObject","inLanguage":"az","@id":"https:\/\/www.meydan.tv\/az\/article\/mektebeqeder-tehsil-muessiseleri-yeniden-tehsil-nazirliyine-verilir\/#primaryimage","url":"https:\/\/www.meydan.tv\/wp-content\/uploads\/azedu.az_02-30.08.19-1_199-e1640008038418.jpg","contentUrl":"https:\/\/www.meydan.tv\/wp-content\/uploads\/azedu.az_02-30.08.19-1_199-e1640008038418.jpg","width":1200,"height":627,"caption":"Foto: azedu.az"},{"@type":"BreadcrumbList","@id":"https:\/\/www.meydan.tv\/az\/article\/mektebeqeder-tehsil-muessiseleri-yeniden-tehsil-nazirliyine-verilir\/#breadcrumb","itemListElement":[{"@type":"ListItem","position":1,"name":"Ana s\u0259hif\u0259","item":"https:\/\/www.meydan.tv\/az\/"},{"@type":"ListItem","position":2,"name":"Sosial","item":"https:\/\/www.meydan.tv\/az\/section\/sosial\/"},{"@type":"ListItem","position":3,"name":"M\u0259kt\u0259b\u0259q\u0259d\u0259r t\u0259hsil m\u00fc\u0259ssis\u0259l\u0259ri yenid\u0259n T\u0259hsil Nazirliyin\u0259 verilir"}]},{"@type":"WebSite","@id":"https:\/\/www.meydan.tv\/az\/#website","url":"https:\/\/www.meydan.tv\/az\/","name":"MEYDAN.TV","description":"Meydan TV Az\u0259rbaycan\u0131n media m\u0259kan\u0131ndak\u0131 alternativ s\u0259sidir","publisher":{"@id":"https:\/\/www.meydan.tv\/az\/#organization"},"potentialAction":[{"@type":"SearchAction","target":{"@type":"EntryPoint","urlTemplate":"https:\/\/www.meydan.tv\/az\/?s={search_term_string}"},"query-input":{"@type":"PropertyValueSpecification","valueRequired":true,"valueName":"search_term_string"}}],"inLanguage":"az"},{"@type":"Organization","@id":"https:\/\/www.meydan.tv\/az\/#organization","name":"Meydan TV","url":"https:\/\/www.meydan.tv\/az\/","logo":{"@type":"ImageObject","inLanguage":"az","@id":"https:\/\/www.meydan.tv\/az\/#\/schema\/logo\/image\/","url":"https:\/\/www.meydan.tv\/wp-content\/uploads\/2021\/07\/meydan-logo.svg","contentUrl":"https:\/\/www.meydan.tv\/wp-content\/uploads\/2021\/07\/meydan-logo.svg","width":195,"height":46,"caption":"Meydan TV"},"image":{"@id":"https:\/\/www.meydan.tv\/az\/#\/schema\/logo\/image\/"}},{"@type":"Person","@id":"https:\/\/www.meydan.tv\/az\/#\/schema\/person\/9cdbecf90d17180ce1dfbd95b08dcf47","name":"elli","sameAs":["https:\/\/x.com\/elli"]}]}},"_links":{"self":[{"href":"https:\/\/www.meydan.tv\/az\/wp-json\/wp\/v2\/posts\/229804","targetHints":{"allow":["GET"]}}],"collection":[{"href":"https:\/\/www.meydan.tv\/az\/wp-json\/wp\/v2\/posts"}],"about":[{"href":"https:\/\/www.meydan.tv\/az\/wp-json\/wp\/v2\/types\/post"}],"author":[{"embeddable":true,"href":"https:\/\/www.meydan.tv\/az\/wp-json\/wp\/v2\/users\/8"}],"replies":[{"embeddable":true,"href":"https:\/\/www.meydan.tv\/az\/wp-json\/wp\/v2\/comments?post=229804"}],"version-history":[{"count":3,"href":"https:\/\/www.meydan.tv\/az\/wp-json\/wp\/v2\/posts\/229804\/revisions"}],"predecessor-version":[{"id":229816,"href":"https:\/\/www.meydan.tv\/az\/wp-json\/wp\/v2\/posts\/229804\/revisions\/229816"}],"wp:featuredmedia":[{"embeddable":true,"href":"https:\/\/www.meydan.tv\/az\/wp-json\/wp\/v2\/media\/229805"}],"wp:attachment":[{"href":"https:\/\/www.meydan.tv\/az\/wp-json\/wp\/v2\/media?parent=229804"}],"wp:term":[{"taxonomy":"category","embeddable":true,"href":"https:\/\/www.meydan.tv\/az\/wp-json\/wp\/v2\/categories?post=229804"},{"taxonomy":"post_tag","embeddable":true,"href":"https:\/\/www.meydan.tv\/az\/wp-json\/wp\/v2\/tags?post=229804"}],"curies":[{"name":"wp","href":"https:\/\/api.w.org\/{rel}","templated":true}]}}