{"id":229795,"date":"2021-12-20T17:26:42","date_gmt":"2021-12-20T13:26:42","guid":{"rendered":"https:\/\/www.meydan.tv\/?p=229795"},"modified":"2021-12-20T17:26:44","modified_gmt":"2021-12-20T13:26:44","slug":"qizilagaclilar-gozleyirik-gorek-bizi-ne-vaxt-bu-beladan-xilas-edecekler","status":"publish","type":"post","link":"https:\/\/www.meydan.tv\/az\/article\/qizilagaclilar-gozleyirik-gorek-bizi-ne-vaxt-bu-beladan-xilas-edecekler\/","title":{"rendered":"Q\u0131z\u0131la\u011facl\u0131lar: \u201cG\u00f6zl\u0259yirik, g\u00f6r\u0259k bizi n\u0259 vaxt bu b\u0259ladan xilas ed\u0259c\u0259kl\u0259r\u201d"},"content":{"rendered":"\n<p><em>Yolsuzluq k\u0259nd sakinl\u0259rinin \u0259sas d\u0259rdin\u0259 \u00e7evrilib<\/em><br><\/p>\n\n\n\n<p>\u201cYayda toz-torpa\u011f\u0131ndan, q\u0131\u015fda g\u00f6lm\u0259\u00e7\u0259sind\u0259n, pal\u00e7\u0131\u011f\u0131ndan bezmi\u015fik. Bu yol g\u00f6z\u00fcm\u00fcz\u00fc a\u00e7andan b\u0259rbad g\u00fcnd\u0259dir v\u0259 d\u00fcz\u0259lmir\u201d.<\/p>\n\n\n\n<p>G\u00f6y\u00e7ay\u0131n Q\u0131z\u0131la\u011fac k\u0259ndinin sakinl\u0259ri k\u0259ndin yol problemind\u0259n cana doyduqlar\u0131n\u0131 deyirl\u0259r. \u0130ll\u0259rdir bu bar\u0259d\u0259 rayon r\u0259hb\u0259rliyin\u0259 etdikl\u0259ri m\u00fcraci\u0259tl\u0259rin bir faydas\u0131n\u0131n olmad\u0131\u011f\u0131n\u0131 s\u00f6yl\u0259yirl\u0259r.<\/p>\n\n\n\n<p>Yolun k\u0259nar\u0131nda dayan\u0131b o\u011flunun m\u0259t\u0259bd\u0259n g\u0259lm\u0259sini g\u00f6zl\u0259y\u0259n k\u0259nd sakini S\u0259may\u0259 \u0130sayeva deyir ki, pe\u015fmand\u0131r rayon m\u0259rk\u0259zind\u0259 bir i\u015fi olsun, k\u0259ndd\u0259n rayona getm\u0259k z\u00fclmd\u00fcr:<\/p>\n\n\n\n<p>\u201c\u00c7\u0131x\u0131rsan yola ki, ma\u015f\u0131n tap\u0131b ged\u0259s\u0259n, t\u0259p\u0259d\u0259n d\u0131rna\u011fa pal\u00e7\u0131\u011fa bat\u0131rsan. Yen\u0259 q\u0131\u015f g\u0259lib, qara g\u00fcnl\u0259r ba\u015flay\u0131b. \u018fn pisi d\u0259 el\u0259 yollar pis oldu\u011fu \u00fc\u00e7\u00fcn rayon m\u0259rk\u0259zin\u0259 ged\u0259n ma\u015f\u0131nlar\u0131n baha qiym\u0259t oxumas\u0131d\u0131r. M\u0259n yen\u0259 ayda-ild\u0259 bir d\u0259f\u0259 \u00e7\u0131x\u0131ram. Ancaq bunun rayonda i\u015fl\u0259y\u0259nl\u0259ri var, h\u0259ft\u0259d\u0259 bir ne\u00e7\u0259 d\u0259f\u0259 rayon x\u0259st\u0259xanas\u0131na getm\u0259y\u0259 m\u0259cbur olan x\u0259st\u0259l\u0259r var. M\u0259s\u0259l\u0259n, qohumumuz h\u0259ft\u0259d\u0259 3 d\u0259f\u0259 dializ\u0259 gedir, can\u0131ndan bezib\u201d.<\/p>\n\n\n\n<p>Sakinl\u0259ri deyirl\u0259r ki, yayda problem \u00e7ox g\u00f6z de\u015fmir. Sad\u0259c\u0259 toz-torpaq v\u0259 s\u00fcr\u00fcc\u00fcl\u0259rin \u015fikay\u0259ti olur problem. <\/p>\n\n\n\n<p>Ancaq q\u0131\u015fda pal\u00e7\u0131q birba\u015fa ham\u0131n\u0131n h\u0259yat\u0131na t\u0259sir edir:<\/p>\n\n\n\n<p>\u201cYa\u011f\u0131\u015f ya\u011f\u0131r, \u00e7alalar su il\u0259 dolur, yollar pal\u00e7\u0131q olur. He\u00e7 baxan da yoxdur. D\u0259f\u0259l\u0259rl\u0259 rayon r\u0259hb\u0259rliyin\u0259, yuxar\u0131lara m\u0259ktublar g\u00f6nd\u0259rmi\u015fik, xeyri olmay\u0131b. Ax\u0131r\u0131nc\u0131 d\u0259f\u0259 yalan-do\u011fru dedil\u0259r ki, guya k\u0259nd\u0259 yax\u015f\u0131 yol \u00e7\u0259k\u0259c\u0259kl\u0259r. H\u0259l\u0259 bir x\u0259b\u0259r yoxdur. D\u00fczd\u00fcr, k\u0259ndaras\u0131, m\u0259h\u0259ll\u0259 yollar\u0131 da pis g\u00fcnd\u0259dir, ka\u015f ona da bir \u00e7ar\u0259 tap\u0131la, \u00e7ox yax\u015f\u0131 olar. Ancaq bizim \u0259sas d\u0259rdimiz rayona ged\u0259n ana yoldur ki, bu g\u00fcn t\u0259mir\u0259 ehtiyac\u0131 var\u201d.<\/p>\n\n\n\n<p>Yax\u0131n qon\u015fu k\u0259ndl\u0259rin b\u0259zil\u0259rind\u0259 yol probleminin h\u0259ll olundu\u011fu da sakinl\u0259rin n\u0259z\u0259rind\u0259n qa\u00e7may\u0131b. H\u0259r d\u0259f\u0259 hans\u0131sa k\u0259ndin yol problemi h\u0259ll olunanda sevinirl\u0259r ki, bir g\u00fcn Q\u0131z\u0131la\u011fac\u0131n yollar\u0131 da t\u0259mir edil\u0259c\u0259k:<\/p>\n\n\n\n<p>\u201cH\u0259l\u0259 ortada bir \u015fey yoxdur. G\u00f6zl\u0259yirik, g\u00f6r\u0259k bizi n\u0259 vaxt bu b\u0259ladan xilas ed\u0259c\u0259kl\u0259r. Deyirl\u0259r: \u201cSiz bilmirsiz, yol \u00e7\u0259km\u0259k ucuz ba\u015fa g\u0259lmir, g\u0259r\u0259k b\u00fcdc\u0259d\u0259n pul ayr\u0131la\u201d. Ayr\u0131ls\u0131n, biz d\u0259 bunu ist\u0259yirik. Bunun \u00fc\u00e7\u00fcn g\u0259r\u0259k rayon r\u0259hb\u0259rliyi m\u00fcraci\u0259t etsin ki, filan k\u0259ndin yolu b\u0259rbadd\u0131r, t\u0259mir\u0259 ehtiyac var. G\u00f6r\u00fcn\u00fcr, bizim k\u0259ndi h\u0259r il sona saxlay\u0131ralar\u201d.<\/p>\n\n\n\n<figure class=\"wp-block-image size-large\"><img decoding=\"async\" width=\"1095\" height=\"821\" data-src=\"https:\/\/www.meydan.tv\/wp-content\/uploads\/image00191-1095x821.jpeg\" alt=\"\" class=\"wp-image-229775 lazyload\" src=\"data:image\/svg+xml;base64,PHN2ZyB3aWR0aD0iMSIgaGVpZ2h0PSIxIiB4bWxucz0iaHR0cDovL3d3dy53My5vcmcvMjAwMC9zdmciPjwvc3ZnPg==\" style=\"--smush-placeholder-width: 1095px; --smush-placeholder-aspect-ratio: 1095\/821;\" \/><figcaption>Foto: Meydan TV<\/figcaption><\/figure>\n\n\n\n<p>K\u0259nd sakinl\u0259rind\u0259n Az\u0259r \u018fliyev d\u0259 yoldan \u015fikay\u0259t\u00e7idir. Deyir, bu yollarda n\u0259 ma\u015f\u0131n salamat qal\u0131r, n\u0259 d\u0259 \u0259s\u0259bl\u0259ri:<\/p>\n\n\n\n<p>\u201cYol bizi can\u0131m\u0131zdan bezdirib. Ma\u015f\u0131n\u0131 yuyursan, 5 d\u0259qiq\u0259y\u0259 pal\u00e7\u0131\u011fa bat\u0131r. Bu, \u0259n sad\u0259sidir. \u0130ki g\u00fcnd\u0259nbir ustaday\u0131q. Bu yollar ke\u00e7ilm\u0259zdir. Amma m\u0259cburuq, bizim \u00e7\u00f6r\u0259yimiz d\u0259 bundan \u00e7\u0131x\u0131r\u201d.<\/p>\n\n\n\n<p>G\u00f6y\u00e7ay Rayon \u0130cra Hakimiyy\u0259tinin ictimaiyy\u0259tl\u0259 \u0259laq\u0259l\u0259r \u015f\u00f6b\u0259sinin m\u00fcdiri Nicat Musayev Meydan TV-y\u0259 bildirib ki, Q\u0131z\u0131la\u011fac k\u0259ndinin sakinl\u0259rind\u0259n t\u0259z\u0259likc\u0259 d\u0259 yol problemi il\u0259 ba\u011fl\u0131 m\u0259ktub al\u0131blar:<\/p>\n\n\n\n<p>\u201cB\u0259li, orada yol problemi var. Biz G\u00f6y\u00e7ay B\u0259rg\u00fc\u015fad avtomagistral\u0131n\u0131n Q\u0131z\u0131la\u011fac k\u0259ndi istiqam\u0259tinin t\u0259miri, yenid\u0259nqurulmas\u0131 il\u0259 ba\u011fl\u0131 art\u0131q Bak\u0131ya m\u00fcraci\u0259t \u00fcnvanlam\u0131\u015f\u0131q. Ad\u0259t\u0259n, v\u0259sait ayr\u0131landa h\u0259min i\u015f\u0259 Az\u0259rbaycan Avtomobil Yollar\u0131 bax\u0131r. Y\u0259ni t\u0259mir-tikinti il\u0259 onlar m\u0259\u015f\u011ful olurlar. \u00dcmid ed\u0259k ki, tezlikl\u0259 m\u0259ktuba m\u00fcsb\u0259t cavab alaca\u011f\u0131q v\u0259 Q\u0131z\u0131la\u011fac\u0131n yol il\u0259 ba\u011fl\u0131 problemi qalmayacaq\u201d.<\/p>\n\n\n\n<p>2022-ci ilin d\u00f6vl\u0259t b\u00fcdc\u0259sind\u0259n G\u00f6y\u00e7aya v\u0259sait ayr\u0131lmay\u0131b. Yaln\u0131z 14 rayona v\u0259sait ayr\u0131laca\u011f\u0131 qeyd edilib ki, onlar da \u0259sas\u0259n, i\u015f\u011faldan azad edil\u0259n b\u00f6lg\u0259l\u0259rdir.<\/p>\n\n\n\n<p>H\u0259m h\u00f6kum\u0259t r\u0259smil\u0259ri, h\u0259m d\u0259 Prezident \u0130lham \u018fliyev Az\u0259rbaycan\u0131n \u0259ks\u0259r rayonlar\u0131n\u0131n \u00f6zl\u0259rini doland\u0131ra bil\u0259c\u0259k g\u00fcc\u00fcn\u00fcn oldu\u011funu d\u00fc\u015f\u00fcn\u00fcr.<\/p>\n\n\n\n<p>H\u0259tta Prezident \u0130lham \u018fliyev sentyabr\u0131n 14-d\u0259 \u015e\u0259mkir v\u0259 C\u0259lilabad rayonlar\u0131na yeni t\u0259yin olunan icra ba\u015f\u00e7\u0131lar\u0131 il\u0259 g\u00f6r\u00fc\u015f\u00fcnd\u0259 sabiq m\u0259murlar\u0131n \u00fcnvan\u0131na t\u0259nqidl\u0259r s\u0259sl\u0259ndirm\u0259kl\u0259 yana\u015f\u0131, regional inki\u015faf m\u0259s\u0259l\u0259l\u0259rin\u0259 d\u0259 toxunub. O, \u00f6z <a href=\"https:\/\/www.youtube.com\/watch?v=dkxZ0VXpLtM\" target=\"_blank\" rel=\"noreferrer noopener\">\u00e7\u0131x\u0131\u015f<\/a>\u0131nda \u0259vv\u0259lki ill\u0259rd\u0259n f\u0259rqli olaraq, art\u0131q rayonlar\u0131n \u00e7oxunun m\u0259rk\u0259zi b\u00fcdc\u0259d\u0259n dotasiya almadan x\u0259rcl\u0259rini qar\u015f\u0131lad\u0131\u011f\u0131n\u0131 bildirib:<\/p>\n\n\n\n<p>\u201c10 il bundan \u0259vv\u0259l, dem\u0259k olar ki, rayonlar\u0131n m\u00fctl\u0259q \u0259ks\u0259riyy\u0259ti dotasiya al\u0131rd\u0131. N\u0259 \u00fc\u00e7\u00fcn? \u00c7\u00fcnki yerl\u0259rd\u0259 y\u0131\u011f\u0131lan v\u0259sait m\u0259murlar\u0131n cibin\u0259 gedirdi, d\u00f6vl\u0259t x\u0259zin\u0259sin\u0259, d\u00f6vl\u0259t b\u00fcdc\u0259sin\u0259 yox, m\u0259murlar\u0131n cibin\u0259. Gec\u0259-g\u00fcnd\u00fcz el\u0259 burada, qap\u0131larda f\u0131rlan\u0131b, hans\u0131sa maddi d\u0259st\u0259k, maddi yard\u0131m ist\u0259y\u0259nl\u0259rin say\u0131 kifay\u0259t q\u0259d\u0259r \u00e7ox idi, icra ba\u015f\u00e7\u0131lar\u0131n\u0131 n\u0259z\u0259rd\u0259 tuturam\u201d.<\/p>\n\n\n\n<p>Prezident \u0259lav\u0259 edib ki, apar\u0131lan islahatlar n\u0259tic\u0259sind\u0259 indi bir \u00e7ox rayonlar art\u0131q dotasiya alm\u0131r:<\/p>\n\n\n\n<p>\u201cBiz el\u0259 etm\u0259liyik ki, \u00fcmumiyy\u0259tl\u0259, rayonlar\u0131n inki\u015faf\u0131 yerl\u0259rd\u0259, b\u00fct\u00fcn rayonlarda y\u0131\u011f\u0131lan v\u0259sait hesab\u0131na t\u0259min olunsun\u201d.<\/p>\n","protected":false},"excerpt":{"rendered":"<p>Yolsuzluq k\u0259nd sakinl\u0259rinin \u0259sas d\u0259rdin\u0259 \u00e7evrilib \u201cYayda toz-torpa\u011f\u0131ndan, q\u0131\u015fda g\u00f6lm\u0259\u00e7\u0259sind\u0259n, &#8230; <\/p>\n<p class=\"read-more-container\"><a title=\"Q\u0131z\u0131la\u011facl\u0131lar: \u201cG\u00f6zl\u0259yirik, g\u00f6r\u0259k bizi n\u0259 vaxt bu b\u0259ladan xilas ed\u0259c\u0259kl\u0259r\u201d\" class=\"read-more button\" href=\"https:\/\/www.meydan.tv\/az\/article\/qizilagaclilar-gozleyirik-gorek-bizi-ne-vaxt-bu-beladan-xilas-edecekler\/#more-229795\" aria-label=\"Read more about Q\u0131z\u0131la\u011facl\u0131lar: \u201cG\u00f6zl\u0259yirik, g\u00f6r\u0259k bizi n\u0259 vaxt bu b\u0259ladan xilas ed\u0259c\u0259kl\u0259r\u201d\">Davam\u0131<\/a><\/p>\n","protected":false},"author":8,"featured_media":229772,"comment_status":"closed","ping_status":"closed","sticky":false,"template":"","format":"standard","meta":{"_acf_changed":false,"_sitemap_exclude":false,"_sitemap_priority":"","_sitemap_frequency":"","footnotes":""},"categories":[60,79,56],"tags":[],"class_list":["post-229795","post","type-post","status-publish","format-standard","has-post-thumbnail","hentry","category-bolge","category-featured","category-xeberler","infinite-scroll-item","generate-columns","tablet-grid-50","mobile-grid-100","grid-parent","grid-33","no-featured-image-padding"],"acf":[],"yoast_head":"<!-- This site is optimized with the Yoast SEO plugin v27.5 - https:\/\/yoast.com\/product\/yoast-seo-wordpress\/ -->\n<title>Q\u0131z\u0131la\u011facl\u0131lar: \u201cG\u00f6zl\u0259yirik, g\u00f6r\u0259k bizi n\u0259 vaxt bu b\u0259ladan xilas ed\u0259c\u0259kl\u0259r\u201d - MEYDAN.TV<\/title>\n<meta name=\"robots\" content=\"index, follow, max-snippet:-1, max-image-preview:large, max-video-preview:-1\" \/>\n<link rel=\"canonical\" href=\"https:\/\/www.meydan.tv\/az\/article\/qizilagaclilar-gozleyirik-gorek-bizi-ne-vaxt-bu-beladan-xilas-edecekler\/\" \/>\n<meta property=\"og:locale\" content=\"az_AZ\" \/>\n<meta property=\"og:type\" content=\"article\" \/>\n<meta property=\"og:title\" content=\"Q\u0131z\u0131la\u011facl\u0131lar: \u201cG\u00f6zl\u0259yirik, g\u00f6r\u0259k bizi n\u0259 vaxt bu b\u0259ladan xilas ed\u0259c\u0259kl\u0259r\u201d - MEYDAN.TV\" \/>\n<meta property=\"og:description\" content=\"Yolsuzluq k\u0259nd sakinl\u0259rinin \u0259sas d\u0259rdin\u0259 \u00e7evrilib \u201cYayda toz-torpa\u011f\u0131ndan, q\u0131\u015fda g\u00f6lm\u0259\u00e7\u0259sind\u0259n, ... Davam\u0131\" \/>\n<meta property=\"og:url\" content=\"https:\/\/www.meydan.tv\/az\/article\/qizilagaclilar-gozleyirik-gorek-bizi-ne-vaxt-bu-beladan-xilas-edecekler\/\" \/>\n<meta property=\"og:site_name\" content=\"MEYDAN.TV\" \/>\n<meta property=\"article:published_time\" content=\"2021-12-20T13:26:42+00:00\" \/>\n<meta property=\"article:modified_time\" content=\"2021-12-20T13:26:44+00:00\" \/>\n<meta property=\"og:image\" content=\"https:\/\/www.meydan.tv\/wp-content\/uploads\/image00194-scaled.jpeg\" \/>\n\t<meta property=\"og:image:width\" content=\"2560\" \/>\n\t<meta property=\"og:image:height\" content=\"1920\" \/>\n\t<meta property=\"og:image:type\" content=\"image\/jpeg\" \/>\n<meta name=\"author\" content=\"elli\" \/>\n<meta name=\"twitter:card\" content=\"summary_large_image\" \/>\n<meta name=\"twitter:creator\" content=\"@elli\" \/>\n<script type=\"application\/ld+json\" class=\"yoast-schema-graph\">{\"@context\":\"https:\\\/\\\/schema.org\",\"@graph\":[{\"@type\":\"Article\",\"@id\":\"https:\\\/\\\/www.meydan.tv\\\/az\\\/article\\\/qizilagaclilar-gozleyirik-gorek-bizi-ne-vaxt-bu-beladan-xilas-edecekler\\\/#article\",\"isPartOf\":{\"@id\":\"https:\\\/\\\/www.meydan.tv\\\/az\\\/article\\\/qizilagaclilar-gozleyirik-gorek-bizi-ne-vaxt-bu-beladan-xilas-edecekler\\\/\"},\"author\":{\"name\":\"elli\",\"@id\":\"https:\\\/\\\/www.meydan.tv\\\/az\\\/#\\\/schema\\\/person\\\/9cdbecf90d17180ce1dfbd95b08dcf47\"},\"headline\":\"Q\u0131z\u0131la\u011facl\u0131lar: \u201cG\u00f6zl\u0259yirik, g\u00f6r\u0259k bizi n\u0259 vaxt bu b\u0259ladan xilas ed\u0259c\u0259kl\u0259r\u201d\",\"datePublished\":\"2021-12-20T13:26:42+00:00\",\"dateModified\":\"2021-12-20T13:26:44+00:00\",\"mainEntityOfPage\":{\"@id\":\"https:\\\/\\\/www.meydan.tv\\\/az\\\/article\\\/qizilagaclilar-gozleyirik-gorek-bizi-ne-vaxt-bu-beladan-xilas-edecekler\\\/\"},\"wordCount\":1058,\"publisher\":{\"@id\":\"https:\\\/\\\/www.meydan.tv\\\/az\\\/#organization\"},\"image\":{\"@id\":\"https:\\\/\\\/www.meydan.tv\\\/az\\\/article\\\/qizilagaclilar-gozleyirik-gorek-bizi-ne-vaxt-bu-beladan-xilas-edecekler\\\/#primaryimage\"},\"thumbnailUrl\":\"https:\\\/\\\/www.meydan.tv\\\/wp-content\\\/uploads\\\/image00194-scaled.jpeg\",\"articleSection\":[\"B\u00f6lg\u0259\",\"T\u00f6vsiy\u0259\",\"X\u0259b\u0259rl\u0259r\"],\"inLanguage\":\"az\"},{\"@type\":\"WebPage\",\"@id\":\"https:\\\/\\\/www.meydan.tv\\\/az\\\/article\\\/qizilagaclilar-gozleyirik-gorek-bizi-ne-vaxt-bu-beladan-xilas-edecekler\\\/\",\"url\":\"https:\\\/\\\/www.meydan.tv\\\/az\\\/article\\\/qizilagaclilar-gozleyirik-gorek-bizi-ne-vaxt-bu-beladan-xilas-edecekler\\\/\",\"name\":\"Q\u0131z\u0131la\u011facl\u0131lar: \u201cG\u00f6zl\u0259yirik, g\u00f6r\u0259k bizi n\u0259 vaxt bu b\u0259ladan xilas ed\u0259c\u0259kl\u0259r\u201d - MEYDAN.TV\",\"isPartOf\":{\"@id\":\"https:\\\/\\\/www.meydan.tv\\\/az\\\/#website\"},\"primaryImageOfPage\":{\"@id\":\"https:\\\/\\\/www.meydan.tv\\\/az\\\/article\\\/qizilagaclilar-gozleyirik-gorek-bizi-ne-vaxt-bu-beladan-xilas-edecekler\\\/#primaryimage\"},\"image\":{\"@id\":\"https:\\\/\\\/www.meydan.tv\\\/az\\\/article\\\/qizilagaclilar-gozleyirik-gorek-bizi-ne-vaxt-bu-beladan-xilas-edecekler\\\/#primaryimage\"},\"thumbnailUrl\":\"https:\\\/\\\/www.meydan.tv\\\/wp-content\\\/uploads\\\/image00194-scaled.jpeg\",\"datePublished\":\"2021-12-20T13:26:42+00:00\",\"dateModified\":\"2021-12-20T13:26:44+00:00\",\"breadcrumb\":{\"@id\":\"https:\\\/\\\/www.meydan.tv\\\/az\\\/article\\\/qizilagaclilar-gozleyirik-gorek-bizi-ne-vaxt-bu-beladan-xilas-edecekler\\\/#breadcrumb\"},\"inLanguage\":\"az\",\"potentialAction\":[{\"@type\":\"ReadAction\",\"target\":[\"https:\\\/\\\/www.meydan.tv\\\/az\\\/article\\\/qizilagaclilar-gozleyirik-gorek-bizi-ne-vaxt-bu-beladan-xilas-edecekler\\\/\"]}]},{\"@type\":\"ImageObject\",\"inLanguage\":\"az\",\"@id\":\"https:\\\/\\\/www.meydan.tv\\\/az\\\/article\\\/qizilagaclilar-gozleyirik-gorek-bizi-ne-vaxt-bu-beladan-xilas-edecekler\\\/#primaryimage\",\"url\":\"https:\\\/\\\/www.meydan.tv\\\/wp-content\\\/uploads\\\/image00194-scaled.jpeg\",\"contentUrl\":\"https:\\\/\\\/www.meydan.tv\\\/wp-content\\\/uploads\\\/image00194-scaled.jpeg\",\"width\":2560,\"height\":1920,\"caption\":\"G\u00f6y\u00e7ay\u0131n Q\u0131z\u0131la\u011fac k\u0259ndi, Foto: Meydan TV\"},{\"@type\":\"BreadcrumbList\",\"@id\":\"https:\\\/\\\/www.meydan.tv\\\/az\\\/article\\\/qizilagaclilar-gozleyirik-gorek-bizi-ne-vaxt-bu-beladan-xilas-edecekler\\\/#breadcrumb\",\"itemListElement\":[{\"@type\":\"ListItem\",\"position\":1,\"name\":\"Ana s\u0259hif\u0259\",\"item\":\"https:\\\/\\\/www.meydan.tv\\\/az\\\/\"},{\"@type\":\"ListItem\",\"position\":2,\"name\":\"B\u00f6lg\u0259\",\"item\":\"https:\\\/\\\/www.meydan.tv\\\/az\\\/section\\\/bolge\\\/\"},{\"@type\":\"ListItem\",\"position\":3,\"name\":\"Q\u0131z\u0131la\u011facl\u0131lar: \u201cG\u00f6zl\u0259yirik, g\u00f6r\u0259k bizi n\u0259 vaxt bu b\u0259ladan xilas ed\u0259c\u0259kl\u0259r\u201d\"}]},{\"@type\":\"WebSite\",\"@id\":\"https:\\\/\\\/www.meydan.tv\\\/az\\\/#website\",\"url\":\"https:\\\/\\\/www.meydan.tv\\\/az\\\/\",\"name\":\"MEYDAN.TV\",\"description\":\"Meydan TV Az\u0259rbaycan\u0131n media m\u0259kan\u0131ndak\u0131 alternativ s\u0259sidir\",\"publisher\":{\"@id\":\"https:\\\/\\\/www.meydan.tv\\\/az\\\/#organization\"},\"potentialAction\":[{\"@type\":\"SearchAction\",\"target\":{\"@type\":\"EntryPoint\",\"urlTemplate\":\"https:\\\/\\\/www.meydan.tv\\\/az\\\/?s={search_term_string}\"},\"query-input\":{\"@type\":\"PropertyValueSpecification\",\"valueRequired\":true,\"valueName\":\"search_term_string\"}}],\"inLanguage\":\"az\"},{\"@type\":\"Organization\",\"@id\":\"https:\\\/\\\/www.meydan.tv\\\/az\\\/#organization\",\"name\":\"Meydan TV\",\"url\":\"https:\\\/\\\/www.meydan.tv\\\/az\\\/\",\"logo\":{\"@type\":\"ImageObject\",\"inLanguage\":\"az\",\"@id\":\"https:\\\/\\\/www.meydan.tv\\\/az\\\/#\\\/schema\\\/logo\\\/image\\\/\",\"url\":\"https:\\\/\\\/www.meydan.tv\\\/wp-content\\\/uploads\\\/2021\\\/07\\\/meydan-logo.svg\",\"contentUrl\":\"https:\\\/\\\/www.meydan.tv\\\/wp-content\\\/uploads\\\/2021\\\/07\\\/meydan-logo.svg\",\"width\":195,\"height\":46,\"caption\":\"Meydan TV\"},\"image\":{\"@id\":\"https:\\\/\\\/www.meydan.tv\\\/az\\\/#\\\/schema\\\/logo\\\/image\\\/\"}},{\"@type\":\"Person\",\"@id\":\"https:\\\/\\\/www.meydan.tv\\\/az\\\/#\\\/schema\\\/person\\\/9cdbecf90d17180ce1dfbd95b08dcf47\",\"name\":\"elli\",\"sameAs\":[\"https:\\\/\\\/x.com\\\/elli\"]}]}<\/script>\n<!-- \/ Yoast SEO plugin. -->","yoast_head_json":{"title":"Q\u0131z\u0131la\u011facl\u0131lar: \u201cG\u00f6zl\u0259yirik, g\u00f6r\u0259k bizi n\u0259 vaxt bu b\u0259ladan xilas ed\u0259c\u0259kl\u0259r\u201d - MEYDAN.TV","robots":{"index":"index","follow":"follow","max-snippet":"max-snippet:-1","max-image-preview":"max-image-preview:large","max-video-preview":"max-video-preview:-1"},"canonical":"https:\/\/www.meydan.tv\/az\/article\/qizilagaclilar-gozleyirik-gorek-bizi-ne-vaxt-bu-beladan-xilas-edecekler\/","og_locale":"az_AZ","og_type":"article","og_title":"Q\u0131z\u0131la\u011facl\u0131lar: \u201cG\u00f6zl\u0259yirik, g\u00f6r\u0259k bizi n\u0259 vaxt bu b\u0259ladan xilas ed\u0259c\u0259kl\u0259r\u201d - MEYDAN.TV","og_description":"Yolsuzluq k\u0259nd sakinl\u0259rinin \u0259sas d\u0259rdin\u0259 \u00e7evrilib \u201cYayda toz-torpa\u011f\u0131ndan, q\u0131\u015fda g\u00f6lm\u0259\u00e7\u0259sind\u0259n, ... Davam\u0131","og_url":"https:\/\/www.meydan.tv\/az\/article\/qizilagaclilar-gozleyirik-gorek-bizi-ne-vaxt-bu-beladan-xilas-edecekler\/","og_site_name":"MEYDAN.TV","article_published_time":"2021-12-20T13:26:42+00:00","article_modified_time":"2021-12-20T13:26:44+00:00","og_image":[{"width":2560,"height":1920,"url":"https:\/\/www.meydan.tv\/wp-content\/uploads\/image00194-scaled.jpeg","type":"image\/jpeg"}],"author":"elli","twitter_card":"summary_large_image","twitter_creator":"@elli","schema":{"@context":"https:\/\/schema.org","@graph":[{"@type":"Article","@id":"https:\/\/www.meydan.tv\/az\/article\/qizilagaclilar-gozleyirik-gorek-bizi-ne-vaxt-bu-beladan-xilas-edecekler\/#article","isPartOf":{"@id":"https:\/\/www.meydan.tv\/az\/article\/qizilagaclilar-gozleyirik-gorek-bizi-ne-vaxt-bu-beladan-xilas-edecekler\/"},"author":{"name":"elli","@id":"https:\/\/www.meydan.tv\/az\/#\/schema\/person\/9cdbecf90d17180ce1dfbd95b08dcf47"},"headline":"Q\u0131z\u0131la\u011facl\u0131lar: \u201cG\u00f6zl\u0259yirik, g\u00f6r\u0259k bizi n\u0259 vaxt bu b\u0259ladan xilas ed\u0259c\u0259kl\u0259r\u201d","datePublished":"2021-12-20T13:26:42+00:00","dateModified":"2021-12-20T13:26:44+00:00","mainEntityOfPage":{"@id":"https:\/\/www.meydan.tv\/az\/article\/qizilagaclilar-gozleyirik-gorek-bizi-ne-vaxt-bu-beladan-xilas-edecekler\/"},"wordCount":1058,"publisher":{"@id":"https:\/\/www.meydan.tv\/az\/#organization"},"image":{"@id":"https:\/\/www.meydan.tv\/az\/article\/qizilagaclilar-gozleyirik-gorek-bizi-ne-vaxt-bu-beladan-xilas-edecekler\/#primaryimage"},"thumbnailUrl":"https:\/\/www.meydan.tv\/wp-content\/uploads\/image00194-scaled.jpeg","articleSection":["B\u00f6lg\u0259","T\u00f6vsiy\u0259","X\u0259b\u0259rl\u0259r"],"inLanguage":"az"},{"@type":"WebPage","@id":"https:\/\/www.meydan.tv\/az\/article\/qizilagaclilar-gozleyirik-gorek-bizi-ne-vaxt-bu-beladan-xilas-edecekler\/","url":"https:\/\/www.meydan.tv\/az\/article\/qizilagaclilar-gozleyirik-gorek-bizi-ne-vaxt-bu-beladan-xilas-edecekler\/","name":"Q\u0131z\u0131la\u011facl\u0131lar: \u201cG\u00f6zl\u0259yirik, g\u00f6r\u0259k bizi n\u0259 vaxt bu b\u0259ladan xilas ed\u0259c\u0259kl\u0259r\u201d - MEYDAN.TV","isPartOf":{"@id":"https:\/\/www.meydan.tv\/az\/#website"},"primaryImageOfPage":{"@id":"https:\/\/www.meydan.tv\/az\/article\/qizilagaclilar-gozleyirik-gorek-bizi-ne-vaxt-bu-beladan-xilas-edecekler\/#primaryimage"},"image":{"@id":"https:\/\/www.meydan.tv\/az\/article\/qizilagaclilar-gozleyirik-gorek-bizi-ne-vaxt-bu-beladan-xilas-edecekler\/#primaryimage"},"thumbnailUrl":"https:\/\/www.meydan.tv\/wp-content\/uploads\/image00194-scaled.jpeg","datePublished":"2021-12-20T13:26:42+00:00","dateModified":"2021-12-20T13:26:44+00:00","breadcrumb":{"@id":"https:\/\/www.meydan.tv\/az\/article\/qizilagaclilar-gozleyirik-gorek-bizi-ne-vaxt-bu-beladan-xilas-edecekler\/#breadcrumb"},"inLanguage":"az","potentialAction":[{"@type":"ReadAction","target":["https:\/\/www.meydan.tv\/az\/article\/qizilagaclilar-gozleyirik-gorek-bizi-ne-vaxt-bu-beladan-xilas-edecekler\/"]}]},{"@type":"ImageObject","inLanguage":"az","@id":"https:\/\/www.meydan.tv\/az\/article\/qizilagaclilar-gozleyirik-gorek-bizi-ne-vaxt-bu-beladan-xilas-edecekler\/#primaryimage","url":"https:\/\/www.meydan.tv\/wp-content\/uploads\/image00194-scaled.jpeg","contentUrl":"https:\/\/www.meydan.tv\/wp-content\/uploads\/image00194-scaled.jpeg","width":2560,"height":1920,"caption":"G\u00f6y\u00e7ay\u0131n Q\u0131z\u0131la\u011fac k\u0259ndi, Foto: Meydan TV"},{"@type":"BreadcrumbList","@id":"https:\/\/www.meydan.tv\/az\/article\/qizilagaclilar-gozleyirik-gorek-bizi-ne-vaxt-bu-beladan-xilas-edecekler\/#breadcrumb","itemListElement":[{"@type":"ListItem","position":1,"name":"Ana s\u0259hif\u0259","item":"https:\/\/www.meydan.tv\/az\/"},{"@type":"ListItem","position":2,"name":"B\u00f6lg\u0259","item":"https:\/\/www.meydan.tv\/az\/section\/bolge\/"},{"@type":"ListItem","position":3,"name":"Q\u0131z\u0131la\u011facl\u0131lar: \u201cG\u00f6zl\u0259yirik, g\u00f6r\u0259k bizi n\u0259 vaxt bu b\u0259ladan xilas ed\u0259c\u0259kl\u0259r\u201d"}]},{"@type":"WebSite","@id":"https:\/\/www.meydan.tv\/az\/#website","url":"https:\/\/www.meydan.tv\/az\/","name":"MEYDAN.TV","description":"Meydan TV Az\u0259rbaycan\u0131n media m\u0259kan\u0131ndak\u0131 alternativ s\u0259sidir","publisher":{"@id":"https:\/\/www.meydan.tv\/az\/#organization"},"potentialAction":[{"@type":"SearchAction","target":{"@type":"EntryPoint","urlTemplate":"https:\/\/www.meydan.tv\/az\/?s={search_term_string}"},"query-input":{"@type":"PropertyValueSpecification","valueRequired":true,"valueName":"search_term_string"}}],"inLanguage":"az"},{"@type":"Organization","@id":"https:\/\/www.meydan.tv\/az\/#organization","name":"Meydan TV","url":"https:\/\/www.meydan.tv\/az\/","logo":{"@type":"ImageObject","inLanguage":"az","@id":"https:\/\/www.meydan.tv\/az\/#\/schema\/logo\/image\/","url":"https:\/\/www.meydan.tv\/wp-content\/uploads\/2021\/07\/meydan-logo.svg","contentUrl":"https:\/\/www.meydan.tv\/wp-content\/uploads\/2021\/07\/meydan-logo.svg","width":195,"height":46,"caption":"Meydan TV"},"image":{"@id":"https:\/\/www.meydan.tv\/az\/#\/schema\/logo\/image\/"}},{"@type":"Person","@id":"https:\/\/www.meydan.tv\/az\/#\/schema\/person\/9cdbecf90d17180ce1dfbd95b08dcf47","name":"elli","sameAs":["https:\/\/x.com\/elli"]}]}},"_links":{"self":[{"href":"https:\/\/www.meydan.tv\/az\/wp-json\/wp\/v2\/posts\/229795","targetHints":{"allow":["GET"]}}],"collection":[{"href":"https:\/\/www.meydan.tv\/az\/wp-json\/wp\/v2\/posts"}],"about":[{"href":"https:\/\/www.meydan.tv\/az\/wp-json\/wp\/v2\/types\/post"}],"author":[{"embeddable":true,"href":"https:\/\/www.meydan.tv\/az\/wp-json\/wp\/v2\/users\/8"}],"replies":[{"embeddable":true,"href":"https:\/\/www.meydan.tv\/az\/wp-json\/wp\/v2\/comments?post=229795"}],"version-history":[{"count":1,"href":"https:\/\/www.meydan.tv\/az\/wp-json\/wp\/v2\/posts\/229795\/revisions"}],"predecessor-version":[{"id":229797,"href":"https:\/\/www.meydan.tv\/az\/wp-json\/wp\/v2\/posts\/229795\/revisions\/229797"}],"wp:featuredmedia":[{"embeddable":true,"href":"https:\/\/www.meydan.tv\/az\/wp-json\/wp\/v2\/media\/229772"}],"wp:attachment":[{"href":"https:\/\/www.meydan.tv\/az\/wp-json\/wp\/v2\/media?parent=229795"}],"wp:term":[{"taxonomy":"category","embeddable":true,"href":"https:\/\/www.meydan.tv\/az\/wp-json\/wp\/v2\/categories?post=229795"},{"taxonomy":"post_tag","embeddable":true,"href":"https:\/\/www.meydan.tv\/az\/wp-json\/wp\/v2\/tags?post=229795"}],"curies":[{"name":"wp","href":"https:\/\/api.w.org\/{rel}","templated":true}]}}