{"id":229700,"date":"2021-12-20T08:03:45","date_gmt":"2021-12-20T04:03:45","guid":{"rendered":"https:\/\/www.meydan.tv\/?p=229700"},"modified":"2021-12-20T08:03:46","modified_gmt":"2021-12-20T04:03:46","slug":"hamiliqla-lisenziyalasdirilmaga-hazir-olun","status":"publish","type":"post","link":"https:\/\/www.meydan.tv\/az\/article\/hamiliqla-lisenziyalasdirilmaga-hazir-olun\/","title":{"rendered":"Ham\u0131l\u0131qla lisenziyala\u015fd\u0131r\u0131lma\u011fa haz\u0131r olun"},"content":{"rendered":"\n<p><em>Qanun layih\u0259sind\u0259 olmayan platforma termininin t\u0259rifini verm\u0259y\u0259 \u00e7al\u0131\u015faca\u011f\u0131q<\/em><br><br>\u201cO q\u0259d\u0259r d\u0259 uzaq olmayan yerl\u0259r\u0259 yola d\u00fc\u015f\u0259c\u0259k qatar \u00fc\u00e7\u00fcn platforma haqda\u201d haqq\u0131nda qanun layih\u0259sinin <a href=\"https:\/\/d9mc3ts4czbpr.cloudfront.net\/az\/article\/media-haqqinda-qanun-layihesi-troya-atidir\/ m\u0259qal\u0259d\u0259 media\" target=\"_blank\" rel=\"noreferrer noopener\">t\u0259hlil<\/a>ind\u0259n sonra bel\u0259 q\u0259na\u0259t\u0259 g\u0259ldim ki, orada Konstitusiya t\u0259r\u0259find\u0259n v\u0259t\u0259nda\u015flara veril\u0259n informasiya h\u00fcquq v\u0259 t\u0259\u015f\u0259bb\u00fcsl\u0259ri k\u0259skin \u015f\u0259kild\u0259 m\u0259hdudla\u015fd\u0131ran normalar qoyulub.<\/p>\n\n\n\n<p>Guya K\u0130V-in f\u0259aliyy\u0259tini t\u0259nziml\u0259m\u0259y\u0259 y\u00f6n\u0259l\u0259n qanun b\u00fct\u00fcn c\u0259miyy\u0259ti \u0259hat\u0259 edib v\u0259 faktiki olaraq b\u00fct\u00fcn v\u0259t\u0259nda\u015flar\u0131n informasiya m\u00fcnasib\u0259tl\u0259ri sah\u0259sind\u0259 m\u0259suliyy\u0259tini v\u0259 m\u0259hdudiyy\u0259tl\u0259rini m\u00fc\u0259yy\u0259n edib. \u018fn \u0259sas\u0131 v\u0259t\u0259nda\u015flar\u0131n informasiya vasit\u0259sil\u0259 \u00f6z\u00fcn\u00fc ifad\u0259 etm\u0259sin\u0259 d\u00f6vl\u0259t n\u0259zar\u0259ti t\u0259tbiq edib.<\/p>\n\n\n\n<p>M\u0259qal\u0259d\u0259 qanun layih\u0259sinin m\u0259zmununa daxil edilmi\u015f v\u0259 2000-ci ild\u0259 q\u0259bul olunmu\u015f \u201cKIV haqq\u0131nda\u201d qanunda olmayan platforma terminind\u0259n s\u00f6z a\u00e7\u0131l\u0131b.<\/p>\n\n\n\n<p>Bir daha t\u0259krar edir\u0259m ki, s\u00f6hb\u0259t termind\u0259n gedir, t\u0259rifd\u0259n yox. Qanun layih\u0259sind\u0259 ali icra hakimiyy\u0259t platforman\u0131n t\u0259rifini a\u00e7\u0131qlam\u0131r, baxmayaraq ki, bir \u00e7ox b\u00f6lm\u0259d\u0259 hallan\u0131r.<\/p>\n\n\n\n<p>Platforma terminind\u0259n madd\u0259 1-d\u0259 &#8211; \u018fsas anlay\u0131\u015flar- istifad\u0259 olunur. Lakin t\u0259rif a\u00e7\u0131qlanm\u0131r:<\/p>\n\n\n\n<p><em>1.1.18. platforma yay\u0131m\u00e7\u0131s\u0131 \u2013 audiovizual proqramlar\u0131n m\u0259zmunu \u00fcz\u0259rind\u0259 cavabdehlik da\u015f\u0131yan v\u0259 h\u0259min proqramlar\u0131 platforma v\u0259 (v\u0259 ya) multipleks operatoru v\u0259 (v\u0259 ya) m\u00fcvafiq icra hakimiyy\u0259ti orqan\u0131n\u0131n m\u00fc\u0259yy\u0259n etdiyi orqan (qurum) vasit\u0259sil\u0259, yaxud birba\u015fa \u0130nternet \u00fcz\u0259rind\u0259n yay\u0131mlayan fiziki v\u0259 ya h\u00fcquqi \u015f\u0259xs;<br>1.1.21. platforma operatoru \u2013 proqramlar\u0131n, o c\u00fcml\u0259d\u0259n sifari\u015fli yay\u0131m xidm\u0259tl\u0259rinin kabel, \u0130PTV, OTT, mobil TV v\u0259 peykl\u0259 kodlanm\u0131\u015f yay\u0131m siqnallar\u0131 vasit\u0259sil\u0259 retranslyasiyas\u0131n\u0131 h\u0259yata ke\u00e7ir\u0259n fiziki v\u0259 ya h\u00fcquqi \u015f\u0259xs;<br>Madd\u0259 27. Audiovizual media subyektl\u0259rin\u0259 platforman\u0131n idar\u0259 olunmas\u0131 n\u00f6vl\u0259ri \u00fczr\u0259 d\u0259r\u0259c\u0259l\u0259r verilir<br>27.1.2. platforma yay\u0131m\u00e7\u0131s\u0131:<br>27.1.2.1. peyk yay\u0131m\u0131 h\u0259yata ke\u00e7ir\u0259n platforma yay\u0131m\u00e7\u0131s\u0131;<br>27.1.2.2. peyk yay\u0131m\u0131 h\u0259yata ke\u00e7irm\u0259y\u0259n platforma yay\u0131m\u00e7\u0131s\u0131;<br>27.1.3. platforma operatoru:<br>27.1.3.1. sad\u0259 platforma sad\u0259 operatoru;<br>27.1.3.2. universal platforma operatoru;<br><\/em><\/p>\n\n\n\n<p>V\u0259 ilk d\u0259f\u0259 32-ci madd\u0259d\u0259 Platforma operatoru termini il\u0259 lisenziya anlay\u0131\u015f\u0131 aras\u0131nda \u0259laq\u0259 tap\u0131r\u0131q; 32.1. Platforma operatoru lisenziya \u0259sas\u0131nda f\u0259aliyy\u0259t g\u00f6st\u0259rir.<\/p>\n\n\n\n<p>50-ci madd\u0259d\u0259 audiovizual k\u00fctl\u0259vi informasiya vasit\u0259l\u0259rinin platforma operatorlar\u0131na veril\u0259n lisenziyan\u0131n sad\u0259 v\u0259 universal n\u00f6vl\u0259ri g\u00f6st\u0259rilir. 55-ci madd\u0259d\u0259 lisenziyan\u0131n verilm\u0259si qaydalar\u0131 yer al\u0131r.<\/p>\n\n\n\n<p>Bel\u0259likl\u0259, dey\u0259 bil\u0259rik ki, bu qanuna \u0259sas\u0259n, \u0130nternet v\u0259 mobil platformalara lisenziyala\u015fd\u0131r\u0131lma t\u0259tbiq edilir ki, bu da \u201cK\u0130V haqq\u0131nda\u201d m\u00f6vcud qanunla qada\u011fand\u0131r. Bu is\u0259 d\u00f6vl\u0259t t\u0259r\u0259find\u0259n t\u0259kc\u0259 K\u0130V-l\u0259rin, jurnalistl\u0259rin yox, b\u00fct\u00fcn v\u0259t\u0259nda\u015flar\u0131n informasiya t\u0259\u015f\u0259bb\u00fcsl\u0259ri \u00fcz\u0259rind\u0259 formal olaraq dolay\u0131, lakin \u0259slind\u0259 birba\u015fa senzuran\u0131n t\u0259tbiq edilm\u0259si dem\u0259kdir.<\/p>\n\n\n\n<p>\u0130ndi qanun layih\u0259sind\u0259 olmayan platforma termininin t\u0259rifini verm\u0259y\u0259 \u00e7al\u0131\u015faca\u011f\u0131q. Platforma &#8211; informasiyan\u0131n yeni texnologiyalar &#8211; \u0130nternet, mobil rabit\u0259 v\u0259 s. yay\u0131lmas\u0131 kanal\u0131d\u0131r. Bu, pe\u015f\u0259kar (K\u0130V) v\u0259 qeyri-pe\u015f\u0259kar (c\u0259miyy\u0259t) ola bil\u0259r.<\/p>\n\n\n\n<p>Platformalar\u0131n \u0259sas funksiyalar\u0131:<\/p>\n\n\n\n<p><em>\u0130nternet platforma (h\u00fcquqi v\u0259 fiziki \u015f\u0259xs n\u0259\u015frinin \u0130nternet versiyas\u0131).<br>Mobil platforma (n\u0259\u015frin mobil telefon \u00fc\u00e7\u00fcn versiyas\u0131)<br><\/em><\/p>\n\n\n\n<p>PDA-platforma (n\u0259\u015frin personal cib komp\u00fcteri \u00fc\u00e7\u00fcn versiyas\u0131 (Personal Digital Assistant v\u0259 ya PCK). N\u0259\u015frin \u00e7ap versiyas\u0131n\u0131n yay\u0131lmas\u0131 \u00fc\u00e7\u00fcn \u0259lav\u0259 platforma.<\/p>\n\n\n\n<p>E-paper-platforma (n\u0259\u015frin elektron ka\u011f\u0131z \u00fc\u00e7\u00fcn versiyas\u0131 (e- paper)); Kindle- platforma (elektron kitablar\u0131n oxunmas\u0131 \u00fc\u00e7\u00fcn proqram-aparat platformas\u0131). Hadis\u0259l\u0259rin inki\u015faf\u0131 bax\u0131m\u0131ndan informasiya yenil\u0259nmir.<\/p>\n\n\n\n<p>iPad -, iPhone-platformalar (v\u0259 Android bazas\u0131nda ox\u015far portativ cihazlar). N\u0259\u015frin \u00e7ap versiyas\u0131n\u0131n, multimedia kontentin yay\u0131lmas\u0131 \u00fc\u00e7\u00fcn \u0259lav\u0259 platformalar.<\/p>\n\n\n\n<p>M\u0259nim \u015f\u00fcbh\u0259m yoxdur ki, r\u00fcsvay\u00e7\u0131 d\u0259r\u0259c\u0259d\u0259 qeyri-m\u00fc\u0259yy\u0259n olan qanun layih\u0259si madd\u0259l\u0259rin s\u0259tiralt\u0131 m\u0259nas\u0131 v\u0259 lisenziyala\u015fd\u0131rma sistemi vasit\u0259sil\u0259 t\u0259kc\u0259 K\u0130V-l\u0259ri yox, h\u0259m d\u0259 Az\u0259rbaycan\u0131n b\u00fct\u00fcn informasiya c\u0259miyy\u0259tini m\u0259hdudla\u015fd\u0131rmaq v\u0259 n\u0259zar\u0259td\u0259 saxlamaq \u00fc\u00e7\u00fcn d\u00f6vl\u0259t\u0259 geni\u015f s\u0259lahiyy\u0259tl\u0259r verir. \u0130st\u0259rdim ki, icra hakimiyy\u0259ti v\u0259 parlament bu \u015f\u00fcbh\u0259l\u0259ri t\u0259kzib etsinl\u0259r.<\/p>\n","protected":false},"excerpt":{"rendered":"<p>Qanun layih\u0259sind\u0259 olmayan platforma termininin t\u0259rifini verm\u0259y\u0259 \u00e7al\u0131\u015faca\u011f\u0131q \u201cO q\u0259d\u0259r &#8230; <\/p>\n<p class=\"read-more-container\"><a title=\"Ham\u0131l\u0131qla lisenziyala\u015fd\u0131r\u0131lma\u011fa haz\u0131r olun\" class=\"read-more button\" href=\"https:\/\/www.meydan.tv\/az\/article\/hamiliqla-lisenziyalasdirilmaga-hazir-olun\/#more-229700\" aria-label=\"Read more about Ham\u0131l\u0131qla lisenziyala\u015fd\u0131r\u0131lma\u011fa haz\u0131r olun\">Davam\u0131<\/a><\/p>\n","protected":false},"author":8,"featured_media":229553,"comment_status":"closed","ping_status":"closed","sticky":false,"template":"","format":"standard","meta":{"_acf_changed":false,"_sitemap_exclude":false,"_sitemap_priority":"","_sitemap_frequency":"","footnotes":""},"categories":[57,79],"tags":[],"class_list":["post-229700","post","type-post","status-publish","format-standard","has-post-thumbnail","hentry","category-menim-fikrimce","category-featured","infinite-scroll-item","generate-columns","tablet-grid-50","mobile-grid-100","grid-parent","grid-33","no-featured-image-padding"],"acf":[],"yoast_head":"<!-- This site is optimized with the Yoast SEO plugin v27.4 - https:\/\/yoast.com\/product\/yoast-seo-wordpress\/ -->\n<title>Ham\u0131l\u0131qla lisenziyala\u015fd\u0131r\u0131lma\u011fa haz\u0131r olun - MEYDAN.TV<\/title>\n<meta name=\"robots\" content=\"index, follow, max-snippet:-1, max-image-preview:large, max-video-preview:-1\" \/>\n<link rel=\"canonical\" href=\"https:\/\/www.meydan.tv\/az\/article\/hamiliqla-lisenziyalasdirilmaga-hazir-olun\/\" \/>\n<meta property=\"og:locale\" content=\"az_AZ\" \/>\n<meta property=\"og:type\" content=\"article\" \/>\n<meta property=\"og:title\" content=\"Ham\u0131l\u0131qla lisenziyala\u015fd\u0131r\u0131lma\u011fa haz\u0131r olun - MEYDAN.TV\" \/>\n<meta property=\"og:description\" content=\"Qanun layih\u0259sind\u0259 olmayan platforma termininin t\u0259rifini verm\u0259y\u0259 \u00e7al\u0131\u015faca\u011f\u0131q \u201cO q\u0259d\u0259r ... Davam\u0131\" \/>\n<meta property=\"og:url\" content=\"https:\/\/www.meydan.tv\/az\/article\/hamiliqla-lisenziyalasdirilmaga-hazir-olun\/\" \/>\n<meta property=\"og:site_name\" content=\"MEYDAN.TV\" \/>\n<meta property=\"article:published_time\" content=\"2021-12-20T04:03:45+00:00\" \/>\n<meta property=\"article:modified_time\" content=\"2021-12-20T04:03:46+00:00\" \/>\n<meta property=\"og:image\" content=\"https:\/\/www.meydan.tv\/wp-content\/uploads\/mehman-aliyev-4-1-e1639733881902.jpg\" \/>\n\t<meta property=\"og:image:width\" content=\"1200\" \/>\n\t<meta property=\"og:image:height\" content=\"666\" \/>\n\t<meta property=\"og:image:type\" content=\"image\/jpeg\" \/>\n<meta name=\"author\" content=\"elli\" \/>\n<meta name=\"twitter:card\" content=\"summary_large_image\" \/>\n<meta name=\"twitter:creator\" content=\"@elli\" \/>\n<script type=\"application\/ld+json\" class=\"yoast-schema-graph\">{\"@context\":\"https:\\\/\\\/schema.org\",\"@graph\":[{\"@type\":\"Article\",\"@id\":\"https:\\\/\\\/www.meydan.tv\\\/az\\\/article\\\/hamiliqla-lisenziyalasdirilmaga-hazir-olun\\\/#article\",\"isPartOf\":{\"@id\":\"https:\\\/\\\/www.meydan.tv\\\/az\\\/article\\\/hamiliqla-lisenziyalasdirilmaga-hazir-olun\\\/\"},\"author\":{\"name\":\"elli\",\"@id\":\"https:\\\/\\\/www.meydan.tv\\\/az\\\/#\\\/schema\\\/person\\\/9cdbecf90d17180ce1dfbd95b08dcf47\"},\"headline\":\"Ham\u0131l\u0131qla lisenziyala\u015fd\u0131r\u0131lma\u011fa haz\u0131r olun\",\"datePublished\":\"2021-12-20T04:03:45+00:00\",\"dateModified\":\"2021-12-20T04:03:46+00:00\",\"mainEntityOfPage\":{\"@id\":\"https:\\\/\\\/www.meydan.tv\\\/az\\\/article\\\/hamiliqla-lisenziyalasdirilmaga-hazir-olun\\\/\"},\"wordCount\":790,\"publisher\":{\"@id\":\"https:\\\/\\\/www.meydan.tv\\\/az\\\/#organization\"},\"image\":{\"@id\":\"https:\\\/\\\/www.meydan.tv\\\/az\\\/article\\\/hamiliqla-lisenziyalasdirilmaga-hazir-olun\\\/#primaryimage\"},\"thumbnailUrl\":\"https:\\\/\\\/www.meydan.tv\\\/wp-content\\\/uploads\\\/mehman-aliyev-4-1-e1639733881902.jpg\",\"articleSection\":[\"M\u0259nim Fikrimc\u0259\",\"T\u00f6vsiy\u0259\"],\"inLanguage\":\"az\"},{\"@type\":\"WebPage\",\"@id\":\"https:\\\/\\\/www.meydan.tv\\\/az\\\/article\\\/hamiliqla-lisenziyalasdirilmaga-hazir-olun\\\/\",\"url\":\"https:\\\/\\\/www.meydan.tv\\\/az\\\/article\\\/hamiliqla-lisenziyalasdirilmaga-hazir-olun\\\/\",\"name\":\"Ham\u0131l\u0131qla lisenziyala\u015fd\u0131r\u0131lma\u011fa haz\u0131r olun - MEYDAN.TV\",\"isPartOf\":{\"@id\":\"https:\\\/\\\/www.meydan.tv\\\/az\\\/#website\"},\"primaryImageOfPage\":{\"@id\":\"https:\\\/\\\/www.meydan.tv\\\/az\\\/article\\\/hamiliqla-lisenziyalasdirilmaga-hazir-olun\\\/#primaryimage\"},\"image\":{\"@id\":\"https:\\\/\\\/www.meydan.tv\\\/az\\\/article\\\/hamiliqla-lisenziyalasdirilmaga-hazir-olun\\\/#primaryimage\"},\"thumbnailUrl\":\"https:\\\/\\\/www.meydan.tv\\\/wp-content\\\/uploads\\\/mehman-aliyev-4-1-e1639733881902.jpg\",\"datePublished\":\"2021-12-20T04:03:45+00:00\",\"dateModified\":\"2021-12-20T04:03:46+00:00\",\"breadcrumb\":{\"@id\":\"https:\\\/\\\/www.meydan.tv\\\/az\\\/article\\\/hamiliqla-lisenziyalasdirilmaga-hazir-olun\\\/#breadcrumb\"},\"inLanguage\":\"az\",\"potentialAction\":[{\"@type\":\"ReadAction\",\"target\":[\"https:\\\/\\\/www.meydan.tv\\\/az\\\/article\\\/hamiliqla-lisenziyalasdirilmaga-hazir-olun\\\/\"]}]},{\"@type\":\"ImageObject\",\"inLanguage\":\"az\",\"@id\":\"https:\\\/\\\/www.meydan.tv\\\/az\\\/article\\\/hamiliqla-lisenziyalasdirilmaga-hazir-olun\\\/#primaryimage\",\"url\":\"https:\\\/\\\/www.meydan.tv\\\/wp-content\\\/uploads\\\/mehman-aliyev-4-1-e1639733881902.jpg\",\"contentUrl\":\"https:\\\/\\\/www.meydan.tv\\\/wp-content\\\/uploads\\\/mehman-aliyev-4-1-e1639733881902.jpg\",\"width\":1200,\"height\":666,\"caption\":\"Mehman \u018fliyev, Foto: Meydan TV\"},{\"@type\":\"BreadcrumbList\",\"@id\":\"https:\\\/\\\/www.meydan.tv\\\/az\\\/article\\\/hamiliqla-lisenziyalasdirilmaga-hazir-olun\\\/#breadcrumb\",\"itemListElement\":[{\"@type\":\"ListItem\",\"position\":1,\"name\":\"Ana s\u0259hif\u0259\",\"item\":\"https:\\\/\\\/www.meydan.tv\\\/az\\\/\"},{\"@type\":\"ListItem\",\"position\":2,\"name\":\"M\u0259nim Fikrimc\u0259\",\"item\":\"https:\\\/\\\/www.meydan.tv\\\/az\\\/section\\\/menim-fikrimce\\\/\"},{\"@type\":\"ListItem\",\"position\":3,\"name\":\"Ham\u0131l\u0131qla lisenziyala\u015fd\u0131r\u0131lma\u011fa haz\u0131r olun\"}]},{\"@type\":\"WebSite\",\"@id\":\"https:\\\/\\\/www.meydan.tv\\\/az\\\/#website\",\"url\":\"https:\\\/\\\/www.meydan.tv\\\/az\\\/\",\"name\":\"MEYDAN.TV\",\"description\":\"Meydan TV Az\u0259rbaycan\u0131n media m\u0259kan\u0131ndak\u0131 alternativ s\u0259sidir\",\"publisher\":{\"@id\":\"https:\\\/\\\/www.meydan.tv\\\/az\\\/#organization\"},\"potentialAction\":[{\"@type\":\"SearchAction\",\"target\":{\"@type\":\"EntryPoint\",\"urlTemplate\":\"https:\\\/\\\/www.meydan.tv\\\/az\\\/?s={search_term_string}\"},\"query-input\":{\"@type\":\"PropertyValueSpecification\",\"valueRequired\":true,\"valueName\":\"search_term_string\"}}],\"inLanguage\":\"az\"},{\"@type\":\"Organization\",\"@id\":\"https:\\\/\\\/www.meydan.tv\\\/az\\\/#organization\",\"name\":\"Meydan TV\",\"url\":\"https:\\\/\\\/www.meydan.tv\\\/az\\\/\",\"logo\":{\"@type\":\"ImageObject\",\"inLanguage\":\"az\",\"@id\":\"https:\\\/\\\/www.meydan.tv\\\/az\\\/#\\\/schema\\\/logo\\\/image\\\/\",\"url\":\"https:\\\/\\\/www.meydan.tv\\\/wp-content\\\/uploads\\\/2021\\\/07\\\/meydan-logo.svg\",\"contentUrl\":\"https:\\\/\\\/www.meydan.tv\\\/wp-content\\\/uploads\\\/2021\\\/07\\\/meydan-logo.svg\",\"width\":195,\"height\":46,\"caption\":\"Meydan TV\"},\"image\":{\"@id\":\"https:\\\/\\\/www.meydan.tv\\\/az\\\/#\\\/schema\\\/logo\\\/image\\\/\"}},{\"@type\":\"Person\",\"@id\":\"https:\\\/\\\/www.meydan.tv\\\/az\\\/#\\\/schema\\\/person\\\/9cdbecf90d17180ce1dfbd95b08dcf47\",\"name\":\"elli\",\"sameAs\":[\"https:\\\/\\\/x.com\\\/elli\"]}]}<\/script>\n<!-- \/ Yoast SEO plugin. -->","yoast_head_json":{"title":"Ham\u0131l\u0131qla lisenziyala\u015fd\u0131r\u0131lma\u011fa haz\u0131r olun - MEYDAN.TV","robots":{"index":"index","follow":"follow","max-snippet":"max-snippet:-1","max-image-preview":"max-image-preview:large","max-video-preview":"max-video-preview:-1"},"canonical":"https:\/\/www.meydan.tv\/az\/article\/hamiliqla-lisenziyalasdirilmaga-hazir-olun\/","og_locale":"az_AZ","og_type":"article","og_title":"Ham\u0131l\u0131qla lisenziyala\u015fd\u0131r\u0131lma\u011fa haz\u0131r olun - MEYDAN.TV","og_description":"Qanun layih\u0259sind\u0259 olmayan platforma termininin t\u0259rifini verm\u0259y\u0259 \u00e7al\u0131\u015faca\u011f\u0131q \u201cO q\u0259d\u0259r ... Davam\u0131","og_url":"https:\/\/www.meydan.tv\/az\/article\/hamiliqla-lisenziyalasdirilmaga-hazir-olun\/","og_site_name":"MEYDAN.TV","article_published_time":"2021-12-20T04:03:45+00:00","article_modified_time":"2021-12-20T04:03:46+00:00","og_image":[{"width":1200,"height":666,"url":"https:\/\/www.meydan.tv\/wp-content\/uploads\/mehman-aliyev-4-1-e1639733881902.jpg","type":"image\/jpeg"}],"author":"elli","twitter_card":"summary_large_image","twitter_creator":"@elli","schema":{"@context":"https:\/\/schema.org","@graph":[{"@type":"Article","@id":"https:\/\/www.meydan.tv\/az\/article\/hamiliqla-lisenziyalasdirilmaga-hazir-olun\/#article","isPartOf":{"@id":"https:\/\/www.meydan.tv\/az\/article\/hamiliqla-lisenziyalasdirilmaga-hazir-olun\/"},"author":{"name":"elli","@id":"https:\/\/www.meydan.tv\/az\/#\/schema\/person\/9cdbecf90d17180ce1dfbd95b08dcf47"},"headline":"Ham\u0131l\u0131qla lisenziyala\u015fd\u0131r\u0131lma\u011fa haz\u0131r olun","datePublished":"2021-12-20T04:03:45+00:00","dateModified":"2021-12-20T04:03:46+00:00","mainEntityOfPage":{"@id":"https:\/\/www.meydan.tv\/az\/article\/hamiliqla-lisenziyalasdirilmaga-hazir-olun\/"},"wordCount":790,"publisher":{"@id":"https:\/\/www.meydan.tv\/az\/#organization"},"image":{"@id":"https:\/\/www.meydan.tv\/az\/article\/hamiliqla-lisenziyalasdirilmaga-hazir-olun\/#primaryimage"},"thumbnailUrl":"https:\/\/www.meydan.tv\/wp-content\/uploads\/mehman-aliyev-4-1-e1639733881902.jpg","articleSection":["M\u0259nim Fikrimc\u0259","T\u00f6vsiy\u0259"],"inLanguage":"az"},{"@type":"WebPage","@id":"https:\/\/www.meydan.tv\/az\/article\/hamiliqla-lisenziyalasdirilmaga-hazir-olun\/","url":"https:\/\/www.meydan.tv\/az\/article\/hamiliqla-lisenziyalasdirilmaga-hazir-olun\/","name":"Ham\u0131l\u0131qla lisenziyala\u015fd\u0131r\u0131lma\u011fa haz\u0131r olun - MEYDAN.TV","isPartOf":{"@id":"https:\/\/www.meydan.tv\/az\/#website"},"primaryImageOfPage":{"@id":"https:\/\/www.meydan.tv\/az\/article\/hamiliqla-lisenziyalasdirilmaga-hazir-olun\/#primaryimage"},"image":{"@id":"https:\/\/www.meydan.tv\/az\/article\/hamiliqla-lisenziyalasdirilmaga-hazir-olun\/#primaryimage"},"thumbnailUrl":"https:\/\/www.meydan.tv\/wp-content\/uploads\/mehman-aliyev-4-1-e1639733881902.jpg","datePublished":"2021-12-20T04:03:45+00:00","dateModified":"2021-12-20T04:03:46+00:00","breadcrumb":{"@id":"https:\/\/www.meydan.tv\/az\/article\/hamiliqla-lisenziyalasdirilmaga-hazir-olun\/#breadcrumb"},"inLanguage":"az","potentialAction":[{"@type":"ReadAction","target":["https:\/\/www.meydan.tv\/az\/article\/hamiliqla-lisenziyalasdirilmaga-hazir-olun\/"]}]},{"@type":"ImageObject","inLanguage":"az","@id":"https:\/\/www.meydan.tv\/az\/article\/hamiliqla-lisenziyalasdirilmaga-hazir-olun\/#primaryimage","url":"https:\/\/www.meydan.tv\/wp-content\/uploads\/mehman-aliyev-4-1-e1639733881902.jpg","contentUrl":"https:\/\/www.meydan.tv\/wp-content\/uploads\/mehman-aliyev-4-1-e1639733881902.jpg","width":1200,"height":666,"caption":"Mehman \u018fliyev, Foto: Meydan TV"},{"@type":"BreadcrumbList","@id":"https:\/\/www.meydan.tv\/az\/article\/hamiliqla-lisenziyalasdirilmaga-hazir-olun\/#breadcrumb","itemListElement":[{"@type":"ListItem","position":1,"name":"Ana s\u0259hif\u0259","item":"https:\/\/www.meydan.tv\/az\/"},{"@type":"ListItem","position":2,"name":"M\u0259nim Fikrimc\u0259","item":"https:\/\/www.meydan.tv\/az\/section\/menim-fikrimce\/"},{"@type":"ListItem","position":3,"name":"Ham\u0131l\u0131qla lisenziyala\u015fd\u0131r\u0131lma\u011fa haz\u0131r olun"}]},{"@type":"WebSite","@id":"https:\/\/www.meydan.tv\/az\/#website","url":"https:\/\/www.meydan.tv\/az\/","name":"MEYDAN.TV","description":"Meydan TV Az\u0259rbaycan\u0131n media m\u0259kan\u0131ndak\u0131 alternativ s\u0259sidir","publisher":{"@id":"https:\/\/www.meydan.tv\/az\/#organization"},"potentialAction":[{"@type":"SearchAction","target":{"@type":"EntryPoint","urlTemplate":"https:\/\/www.meydan.tv\/az\/?s={search_term_string}"},"query-input":{"@type":"PropertyValueSpecification","valueRequired":true,"valueName":"search_term_string"}}],"inLanguage":"az"},{"@type":"Organization","@id":"https:\/\/www.meydan.tv\/az\/#organization","name":"Meydan TV","url":"https:\/\/www.meydan.tv\/az\/","logo":{"@type":"ImageObject","inLanguage":"az","@id":"https:\/\/www.meydan.tv\/az\/#\/schema\/logo\/image\/","url":"https:\/\/www.meydan.tv\/wp-content\/uploads\/2021\/07\/meydan-logo.svg","contentUrl":"https:\/\/www.meydan.tv\/wp-content\/uploads\/2021\/07\/meydan-logo.svg","width":195,"height":46,"caption":"Meydan TV"},"image":{"@id":"https:\/\/www.meydan.tv\/az\/#\/schema\/logo\/image\/"}},{"@type":"Person","@id":"https:\/\/www.meydan.tv\/az\/#\/schema\/person\/9cdbecf90d17180ce1dfbd95b08dcf47","name":"elli","sameAs":["https:\/\/x.com\/elli"]}]}},"_links":{"self":[{"href":"https:\/\/www.meydan.tv\/az\/wp-json\/wp\/v2\/posts\/229700","targetHints":{"allow":["GET"]}}],"collection":[{"href":"https:\/\/www.meydan.tv\/az\/wp-json\/wp\/v2\/posts"}],"about":[{"href":"https:\/\/www.meydan.tv\/az\/wp-json\/wp\/v2\/types\/post"}],"author":[{"embeddable":true,"href":"https:\/\/www.meydan.tv\/az\/wp-json\/wp\/v2\/users\/8"}],"replies":[{"embeddable":true,"href":"https:\/\/www.meydan.tv\/az\/wp-json\/wp\/v2\/comments?post=229700"}],"version-history":[{"count":1,"href":"https:\/\/www.meydan.tv\/az\/wp-json\/wp\/v2\/posts\/229700\/revisions"}],"predecessor-version":[{"id":229701,"href":"https:\/\/www.meydan.tv\/az\/wp-json\/wp\/v2\/posts\/229700\/revisions\/229701"}],"wp:featuredmedia":[{"embeddable":true,"href":"https:\/\/www.meydan.tv\/az\/wp-json\/wp\/v2\/media\/229553"}],"wp:attachment":[{"href":"https:\/\/www.meydan.tv\/az\/wp-json\/wp\/v2\/media?parent=229700"}],"wp:term":[{"taxonomy":"category","embeddable":true,"href":"https:\/\/www.meydan.tv\/az\/wp-json\/wp\/v2\/categories?post=229700"},{"taxonomy":"post_tag","embeddable":true,"href":"https:\/\/www.meydan.tv\/az\/wp-json\/wp\/v2\/tags?post=229700"}],"curies":[{"name":"wp","href":"https:\/\/api.w.org\/{rel}","templated":true}]}}