{"id":229695,"date":"2021-12-19T18:44:55","date_gmt":"2021-12-19T14:44:55","guid":{"rendered":"https:\/\/www.meydan.tv\/?p=229695"},"modified":"2021-12-19T18:44:57","modified_gmt":"2021-12-19T14:44:57","slug":"lenkeran-evezine-irana-ucan-sovet-pilotu","status":"publish","type":"post","link":"https:\/\/www.meydan.tv\/az\/article\/lenkeran-evezine-irana-ucan-sovet-pilotu\/","title":{"rendered":"L\u0259nk\u0259ran \u0259v\u0259zin\u0259 \u0130rana u\u00e7an sovet pilotu"},"content":{"rendered":"\n<p><em>\u0130ran SSR\u0130-nin t\u0259zyiql\u0259rin\u0259 d\u00f6zm\u0259di<\/em><\/p>\n\n\n\n<p>1976-c\u0131 il sentyabr\u0131n 6-da sovet ordusunun pilotu, Uzaq \u015e\u0259rqd\u0259 Primorsk vilay\u0259tind\u0259 xidm\u0259t ed\u0259n Viktor Belenko MiQ-25 q\u0131r\u0131c\u0131 t\u0259yyar\u0259si il\u0259 Yaponiyaya qa\u00e7d\u0131 v\u0259 siyasi s\u0131\u011f\u0131nacaq ist\u0259di. Bu t\u0259yyar\u0259 yeni v\u0259 m\u0259xfi avionika v\u0259 dost-d\u00fc\u015fm\u0259n t\u0259sbiti sistemi il\u0259 t\u0259min olunmu\u015fdu. Bel\u0259 bir t\u0259yyar\u0259nin q\u0259rb \u00f6lk\u0259l\u0259rinin \u0259lin\u0259 ke\u00e7m\u0259si sovet h\u0259rbisi \u00fc\u00e7\u00fcn b\u00f6y\u00fck z\u0259rb\u0259 idi.<\/p>\n\n\n\n<p>Sovet r\u0259hb\u0259rliyi Belenko hadis\u0259sind\u0259n \u00f6z\u00fcn\u0259 g\u0259lm\u0259y\u0259 macal tapmadan daha bir qa\u00e7\u0131\u015f ba\u015f verdi. Sentyabr\u0131n 23-d\u0259 Valentin Zasimov adl\u0131 bir m\u00fclki pilot An-2 t\u0259yyar\u0259si il\u0259 \u0130rana qa\u00e7d\u0131. Bu qa\u00e7\u0131\u015f\u0131n x\u00fcsusi bir ziyan\u0131 yox idi. Zasimov h\u0259rb\u00e7i deyildi, An-2 t\u0259yyar\u0259si d\u0259 kims\u0259d\u0259 maraq do\u011furmurdu. Amma 17 g\u00fcn \u0259rzind\u0259 iki qa\u00e7\u0131\u015f h\u0259dd\u0259n art\u0131q \u00e7ox idi.<\/p>\n\n\n\n<p>Belenko art\u0131q AB\u015e-da idi, daimi ya\u015fay\u0131\u015f icaz\u0259si alm\u0131\u015fd\u0131, onu oradan almaq m\u00fcmk\u00fcn deyildi. Zasimov is\u0259 \u0130randa idi, Moskvan\u0131n Tehrana t\u0259zyiq g\u00f6st\u0259rm\u0259k \u00fc\u00e7\u00fcn xeyli vasit\u0259l\u0259ri vard\u0131. SSR\u0130 ibr\u0259ti-al\u0259m, \u00fcr\u0259yind\u0259n qa\u00e7maq ke\u00e7\u0259n ba\u015fqa pilotlara g\u00f6z da\u011f\u0131 verm\u0259k \u00fc\u00e7\u00fcn Zasimovu n\u0259yin bahas\u0131na olursa-olsun, alma\u011fa q\u0259rar verdi.<\/p>\n\n\n\n<hr class=\"wp-block-separator\"\/>\n\n\n\n<p>Valentin Zasimov 1939-cu ild\u0259 Bak\u0131da anadan olub. Onun atas\u0131 da, anas\u0131 da bak\u0131l\u0131 olub. Orta m\u0259kt\u0259bi bitirdikd\u0259n sonra Bataysk h\u0259rbi aviasiya m\u0259kt\u0259bin\u0259 daxil olub. \u018fvv\u0259ll\u0259r iddia olunurdu ki, Valentin h\u0259rbi m\u0259kt\u0259bi bitirdikd\u0259n sonra bir m\u00fcdd\u0259t orduda xidm\u0259t edib, sonra intizam pozuntusuna g\u00f6r\u0259 t\u0259rxis olunub, bu zaman da h\u0259rbi r\u00fctb\u0259si ba\u015f leytenantdan leytenanta endirilib.<\/p>\n\n\n\n<p>Amma onun o\u011flu bu yax\u0131nlarda verdiyi m\u00fcsahib\u0259d\u0259 bildirir ki, atas\u0131n\u0131n h\u0259rbi m\u0259kt\u0259bi bitirm\u0259si Xru\u015f\u015fovun ordunu \u0259h\u0259miyy\u0259tli d\u0259r\u0259c\u0259d\u0259 ixtisara salmas\u0131 (SSR\u0130 Ali sovetinin 1960-c\u0131 il yanvar\u0131n 15-d\u0259 q\u0259bul etdiyi qanun) il\u0259 \u00fcst-\u00fcst\u0259 d\u00fc\u015fd\u00fcy\u00fcnd\u0259n he\u00e7 vaxt orduda xidm\u0259t etm\u0259yib, leytenant r\u00fctb\u0259si il\u0259 d\u0259rhal ehtiyata g\u00f6nd\u0259rilib.<\/p>\n\n\n\n<p>H\u0259rbi pilot olmaq arzusunun h\u0259yata ke\u00e7m\u0259m\u0259si y\u0259qin ki, Zasimovun sovet h\u00f6kum\u0259tind\u0259n naraz\u0131l\u0131\u011f\u0131n\u0131n \u0259sas\u0131n\u0131 qoyur. O, Bak\u0131ya qay\u0131d\u0131r v\u0259 buradan Yevlaxa g\u00f6nd\u0259rilir, An-2 t\u0259yyar\u0259sind\u0259 s\u0259rni\u015fin v\u0259 y\u00fck da\u015f\u0131maqla m\u0259\u015f\u011ful olur. Bir m\u00fcdd\u0259t Lvovda i\u015fl\u0259yir, yenid\u0259n Az\u0259rbaycana qay\u0131d\u0131r. Bu ill\u0259r \u0259rzind\u0259 Tatyana adl\u0131 qad\u0131nla evl\u0259nir, biri Bak\u0131da, dig\u0259ri Lvovda, iki o\u011flu anadan olur.<\/p>\n\n\n\n<p>Onun son reysi Zabrat \u2013 Hac\u0131qabul \u2013 Pu\u015fkin (Bil\u0259suvar) \u2013 Pri\u015fib (G\u00f6yt\u0259p\u0259) \u2013 L\u0259nk\u0259ran mar\u015frutu \u00fczr\u0259 idi. S\u0259rni\u015fin v\u0259 po\u00e7t da\u015f\u0131y\u0131rd\u0131. Pu\u015fkind\u0259 havaya qalxandan sonra t\u0259yyar\u0259d\u0259 art\u0131q s\u0259rni\u015fin yox idi. Pilot bundan istifad\u0259 ed\u0259r\u0259k \u00e7oxdan planla\u015fd\u0131rd\u0131\u011f\u0131 add\u0131m\u0131 atmaq \u2013 \u0130rana u\u00e7araq siyasi s\u0131\u011f\u0131nacaq ist\u0259m\u0259k q\u0259rar\u0131na g\u0259ldi. H\u0259min g\u00fcn L\u0259nk\u0259randa po\u00e7t al\u0131nmad\u0131.<\/p>\n\n\n\n<p>Zasimov \u0130ran s\u0259rh\u0259dini ke\u00e7\u0259nd\u0259n sonra bir xeyli \u00f6lk\u0259nin i\u00e7\u0259ril\u0259rin\u0259 do\u011fru ir\u0259lil\u0259yir v\u0259 \u018fh\u0259r \u015f\u0259h\u0259ri (T\u0259brizd\u0259n 90 km \u015fimal-\u015f\u0259rqd\u0259) yax\u0131nl\u0131\u011f\u0131nda yer\u0259 enir. Bundan sonra o, \u0130randan siyasi s\u0131\u011f\u0131nacaq xahi\u015f edir. \u0130ki g\u00fcn sonra d\u00fcnyan\u0131n x\u0259b\u0259r agentlikl\u0259ri daha bir sovet pilotunun \u00f6lk\u0259d\u0259n qa\u00e7d\u0131\u011f\u0131n\u0131 elan etdi.<\/p>\n\n\n\n<hr class=\"wp-block-separator\"\/>\n\n\n\n<p>SSR\u0130 Zasimovu geri almaq \u00fc\u00e7\u00fcn \u0130rana b\u00fct\u00fcn diplomatik normalar\u0131 a\u015fan h\u0259d\u0259l\u0259r g\u0259lm\u0259y\u0259 ba\u015flad\u0131. Sovet n\u00fcmay\u0259nd\u0259l\u0259ri \u00f6z t\u0259l\u0259bl\u0259rini \u0259sasl\u0131 etm\u0259k \u00fc\u00e7\u00fcn pilotun h\u0259rb\u00e7i oldu\u011funu v\u0259 f\u0259rarilik etdiyini s\u00f6yl\u0259yirdil\u0259r. Qa\u00e7q\u0131n\u0131n qaytar\u0131mayaca\u011f\u0131 halda \u0130ran \u00fc\u00e7\u00fcn olduqca \u0259lveri\u015fli iqtisadi-ticari \u0259laq\u0259l\u0259rin dondurulaca\u011f\u0131 bildirilirdi.<br>Tehrana i\u015far\u0259 edildi ki, Moskva \u0130ran Az\u0259rbaycan\u0131nda v\u0259 K\u00fcrd\u00fcstan\u0131nda separatizmi d\u0259st\u0259kl\u0259y\u0259n add\u0131mlar ata bil\u0259r. Sovet s\u0259firliyinin n\u00fcmay\u0259nd\u0259l\u0259rind\u0259n biri \u0130ran diplomatlar\u0131 il\u0259 g\u00f6r\u00fc\u015f\u00fcnd\u0259 bildirdi ki, sovet-\u0130ran s\u0259rh\u0259di \u00e7ox b\u00f6y\u00fckd\u00fcr (2400 km-\u0259 yax\u0131n) v\u0259 ona tam n\u0259zar\u0259t etm\u0259k m\u00fck\u00fcn deyil.<\/p>\n\n\n\n<p>1973-c\u00fc ild\u0259 \u0130ran v\u0259 SSR\u0130 aras\u0131nda aviasiya n\u0259qliyyat\u0131nda cinay\u0259tkarl\u0131qla m\u00fcbariz\u0259 haqq\u0131nda m\u00fcqavil\u0259 imzalanm\u0131\u015fd\u0131. Amma Zasimovun davran\u0131\u015f\u0131n\u0131n h\u0259min m\u00fcqavil\u0259y\u0259 n\u0259 q\u0259d\u0259r uy\u011fun g\u0259ldiyi sual alt\u0131nda idi. O, he\u00e7 bir t\u0259yyar\u0259ni zorla \u0259l\u0259 ke\u00e7irm\u0259mi\u015fdi, kims\u0259nin h\u0259yat\u0131na v\u0259 sa\u011flaml\u0131\u011f\u0131na t\u0259hl\u00fck\u0259 yaratmam\u0131\u015fd\u0131.<\/p>\n\n\n\n<p>Dig\u0259r t\u0259r\u0259fd\u0259n, \u0130ran \u201cQa\u00e7q\u0131nlar\u0131n statusuna dair BMT konvensiyas\u0131\u201dn\u0131 imzalam\u0131\u015fd\u0131 v\u0259 bu s\u0259n\u0259d\u0259 \u0259sas\u0259n Zasimovun s\u0131\u011f\u0131nacaq xahi\u015fini yerin\u0259 yetirm\u0259li idi. \u00dcst\u0259lik, beyn\u0259lxalq m\u00fcqavil\u0259l\u0259r ikit\u0259r\u0259fli m\u00fcqavil\u0259l\u0259r \u00fcz\u0259rind\u0259 prioritet\u0259 malikdir. BMT-nin qa\u00e7q\u0131nlar \u00fczr\u0259 Ali komissar\u0131 S\u0259dr\u0259ddin A\u011fa xan da \u0130rana m\u00fcraci\u0259t ed\u0259r\u0259k pilota siyasi s\u0131\u011f\u0131nacaq verm\u0259yi t\u0259klif etdi.<\/p>\n\n\n\n<p>Zasimovu SSR\u0130-d\u0259 edam c\u0259zas\u0131n\u0131n g\u00f6zl\u0259diyini n\u0259z\u0259r\u0259 alan bir \u00e7ox h\u00fcquq m\u00fcdafi\u0259 t\u0259\u015fkilatlar\u0131, tan\u0131nm\u0131\u015f \u015f\u0259xsl\u0259r \u015faha m\u00fcraci\u0259t ed\u0259r\u0259k onun t\u0259hvil verilm\u0259m\u0259sini xahi\u015f edirdil\u0259r. Bel\u0259l\u0259ri aras\u0131nda Andrey Saxarov ba\u015fda olmaqla sovet dissidentl\u0259ri d\u0259 vard\u0131. Onlar pilotun he\u00e7 bir cinay\u0259t t\u00f6r\u0259tm\u0259diyini v\u0259 he\u00e7 k\u0259s\u0259 ziyan vurmad\u0131\u011f\u0131n\u0131, t\u0259yyar\u0259nin d\u0259 SSR\u0130-y\u0259 qaytar\u0131la bil\u0259c\u0259yini s\u00f6yl\u0259yirdil\u0259r.<\/p>\n\n\n\n<p>Bu m\u00fcraci\u0259tl\u0259r aras\u0131nda Stalinin q\u0131z\u0131, \u00f6z\u00fc SSR\u0130-ni 9 il \u0259vv\u0259l t\u0259rk etmi\u015f Svetlana Alliluyevan\u0131n m\u00fcraci\u0259ti maraql\u0131d\u0131r: \u201cM\u0259n, Stalinin q\u0131z\u0131, stalinist sovet tiraniyas\u0131ndan xilas olaraq Birl\u0259\u015fmi\u015f \u015etatlarda azadl\u0131q \u0259ld\u0259 ed\u0259n, siz \u0259lah\u0259zr\u0259t\u0259 m\u00fcraci\u0259t ed\u0259r\u0259k Valentin Zasimovun h\u0259yat\u0131n\u0131 xilas etm\u0259nizi, azad \u00f6lk\u0259y\u0259 getm\u0259sin\u0259 \u015f\u0259rait yaratman\u0131z\u0131 xahi\u015f edir\u0259m\u201d.<\/p>\n\n\n\n<p>\u015eah hakimiyy\u0259ti SSR\u0130-nin q\u0259z\u0259bini \u00f6z\u00fcnd\u0259n yay\u0131nd\u0131rmaq \u00fc\u00e7\u00fcn elan etdi ki, sovet pilotu \u0130randan deyil, AB\u015e-dan s\u0131\u011f\u0131nacaq ist\u0259yib. Amma o zaman AB\u015e-SSR\u0130 m\u00fcnasib\u0259tl\u0259rind\u0259 d\u0259 yum\u015falma m\u00fc\u015fahid\u0259 olunurdu v\u0259 Va\u015finqton Belenkodan sonra Zasimova g\u00f6r\u0259 d\u0259 Moskva il\u0259 m\u00fcnasib\u0259tl\u0259ri korlamaq ist\u0259mirdi. Bir insan\u0131n h\u0259yat\u0131 is\u0259 b\u00f6y\u00fck oyunlarda y\u00fcks\u0259k qiym\u0259tl\u0259ndirilmirdi. Buna g\u00f6r\u0259 d\u0259 Tehrandak\u0131 AB\u015e s\u0259firliyi bildirdi ki, onlara bel\u0259 bir m\u00fcraci\u0259t daxil olmay\u0131b.<\/p>\n\n\n\n<p>Tehran\u0131n t\u0259r\u0259dd\u00fcdl\u0259rini g\u00f6r\u0259n Moskva t\u0259zyiq art\u0131qmaq \u00fc\u00e7\u00fcn daha bir add\u0131m atd\u0131. Kiyevd\u0259 qanunsuz valyuta \u0259m\u0259liyyat\u0131 isttiham\u0131 il\u0259 Qafar \u015eakibai adl\u0131 \u0130ran v\u0259t\u0259nda\u015f\u0131 h\u0259bs edildi.<\/p>\n\n\n\n<hr class=\"wp-block-separator\"\/>\n\n\n\n<p>SSR\u0130-d\u0259 rublun xarici valyutalara kursu s\u0259rb\u0259st deyildi, d\u00f6vl\u0259t t\u0259r\u0259find\u0259n m\u00fc\u0259yy\u0259nl\u0259\u015fdirlirdi. 1950-ci ill\u0259rd\u0259 1 AB\u015e dollar\u0131 4 sovet rubluna b\u0259rab\u0259r idi. 1961-ci ild\u0259 rublun 10:1 nisb\u0259tind\u0259 denominasiyas\u0131 h\u0259yata ke\u00e7irildi. \u018fslind\u0259 is\u0259 bu, denominasiya il\u0259 yana\u015f\u0131 h\u0259m d\u0259 devalvasiya idi. \u00c7\u00fcnki s\u0131rf denominasiya oldu\u011fu halda 1 dollar indi 40 q\u0259piy\u0259 b\u0259rab\u0259r olmal\u0131 idi, halbuki 90 q\u0259pik oldu. 1971-ci ild\u0259 AB\u015e dollar\u0131n q\u0131z\u0131l t\u0259minat\u0131ndan imtina ed\u0259nd\u0259n sonra bu valyutan\u0131 ucuzla\u015fmas\u0131 ba\u015f verdi. SSR\u0130 d\u0259 1 dollar m\u00fcqabilind\u0259 75 q\u0259pik m\u00fc\u0259yy\u0259nl\u0259\u015fdirdi.<br>\u018flb\u0259tt\u0259, bu kurs iki valyutan\u0131n al\u0131c\u0131l\u0131q qabiliyy\u0259ti aras\u0131ndak\u0131 nisb\u0259ti d\u00fczg\u00fcn \u0259ks etdirmirdi: \u0259dal\u0259tli m\u00fcbadil\u0259 kursu dollar\u0131n daha y\u00fcks\u0259k d\u0259y\u0259rl\u0259ndirilm\u0259sini t\u0259l\u0259b edirdi. Ger\u00e7\u0259klikl\u0259 r\u0259smi kurs aras\u0131ndak\u0131 bu f\u0259rq h\u0259l\u0259 1950-ci ill\u0259rin sonlar\u0131ndan qara valyuta bazar\u0131n\u0131n yaranmas\u0131na s\u0259b\u0259b olmu\u015fdu. Valyuta alver\u00e7il\u0259ri b\u00f6y\u00fck \u015f\u0259h\u0259rl\u0259rd\u0259 mehmanxanalar\u0131n yan\u0131nda g\u0259zi\u015fir, \u0259cn\u0259bil\u0259r\u0259 r\u0259smi kursdan daha y\u00fcks\u0259k kursla dollar alma\u011f\u0131 t\u0259klif edirdil\u0259r.<\/p>\n\n\n\n<p>SSR\u0130 kimi total n\u0259zar\u0259tin h\u00f6km s\u00fcrd\u00fcy\u00fc \u00f6lk\u0259d\u0259 bel\u0259 bir f\u0259aliyy\u0259tl\u0259 gizli m\u0259\u015f\u011ful olmaq m\u00fcmk\u00fcn deyildi. Valyuta alver\u00e7il\u0259rinin, dem\u0259k olar ki, ham\u0131s\u0131 KQB, milis, OBXSS kimi strukturlar\u0131n agenti olurdular v\u0259ehtiyac yarananda onlardan istifad\u0259 edilirdi. \u0130ran v\u0259t\u0259nda\u015f\u0131n\u0131n h\u0259bsind\u0259 d\u0259 onlardan istifad\u0259 edildi.<\/p>\n\n\n\n<p>Qafar \u015eakibai v\u0259 dig\u0259r iki iranl\u0131 Ukraynan\u0131n Voro\u015filovqrad vilay\u0259tind\u0259ki Kommunarsk \u015f\u0259h\u0259rind\u0259 (indiki Luqansk vilay\u0259tinin Al\u00e7evsk \u015f\u0259h\u0259ri) metallurgiya kombinat\u0131nda t\u0259cr\u00fcb\u0259 ke\u00e7irdil\u0259r. G\u0259zm\u0259y\u0259 getdikl\u0259ri Kiyevd\u0259 200 AB\u015e dollar\u0131n\u0131 700 rubla d\u0259yi\u015fm\u0259k ist\u0259y\u0259rk\u0259n \u015eakibai KQB t\u0259r\u0259find\u0259n h\u0259bs olundu v\u0259 ona qar\u015f\u0131 \u201cvalyuta \u0259m\u0259liyyatlar\u0131 haqq\u0131nda qaydalar\u0131n pozulmas\u0131\u201d ittiham\u0131 ir\u0259li s\u00fcr\u00fcld\u00fc.Buna g\u00f6r\u0259 onu 3 ild\u0259n 8 il\u0259 q\u0259d\u0259r h\u0259bs c\u0259zas\u0131 g\u00f6zl\u0259yirdi.<\/p>\n\n\n\n<p>\u018fg\u0259r internetd\u0259 yay\u0131lan \u015f\u0259kill\u0259r do\u011frudursa, o zaman Ukrayna KQB-nin s\u0259dri (sonralar SSR\u0130 KQB-nin s\u0259dri v\u0259 daxili i\u015fl\u0259r naziri olacaq) olan Vitali Fedor\u00e7uk respublikan\u0131n partiya r\u0259hb\u0259ri Vladimir \u015eerbitskiy\u0259 g\u00f6nd\u0259rdiyi m\u0259lumatda \u0130ran v\u0259t\u0259nda\u015f\u0131n\u0131n Zasimovu qaytarmaq \u00fc\u00e7\u00fcn \u0130ran hakimiyy\u0259tin\u0259 t\u0259zyiqg\u00f6st\u0259rm\u0259kd\u0259n \u00f6tr\u00fc saxlan\u0131ld\u0131\u011f\u0131 a\u00e7\u0131q-a\u015fkar etiraf edirdi.<\/p>\n\n\n\n<hr class=\"wp-block-separator\"\/>\n\n\n\n<p>Bir ay \u00e7\u0259k\u0259n g\u0259rginlikd\u0259n sonra, oktyabr\u0131n 23-d\u0259 \u0130ran hakimiyy\u0259ti Zasimovu SSR\u0130-y\u0259 qaytarmaq niyy\u0259tind\u0259 oldu\u011funu a\u00e7\u0131qlad\u0131 v\u0259 iki g\u00fcn sonra t\u0259hvil verdi. Pilotun o\u011flunun dedikl\u0259rin\u0259 g\u00f6r\u0259, atas\u0131n\u0131n g\u00f6zl\u0259rini ba\u011flay\u0131b ma\u015f\u0131nda xeyli apar\u0131blar v\u0259 sonra ba\u015fqa ma\u015f\u0131na mindiribl\u0259r. \u0130kinci ma\u015f\u0131nda olanlardan biri asq\u0131randan sonra \u201cqrip\u201d deyib v\u0259 Zasimov anlay\u0131b ki, onu SSR\u0130-y\u0259 t\u0259hvil veribl\u0259r.<\/p>\n\n\n\n<p>M\u0259hk\u0259m\u0259 Bak\u0131da, Dzerjinski ad\u0131na (indi \u015e\u0259hriyar) klubun binas\u0131nda ke\u00e7irilir. R\u0259smi t\u0259sdiqi olmasa da, ehtimal edilir ki, Tehran pilotu t\u0259hvil verm\u0259k m\u00fcqabilind\u0259 onun edam olunmamas\u0131n\u0131 xahi\u015f edib. Buna g\u00f6r\u0259 d\u0259 Zasimov g\u00f6zl\u0259nil\u0259nd\u0259n daha m\u00fclayim c\u0259za al\u0131r \u2013 12 il. C\u0259zas\u0131n\u0131 Permd\u0259 \u00e7\u0259kir.<\/p>\n\n\n\n<p>Valentin Zasimov vaxt\u0131ndan \u0259vv\u0259l, 1985-ci ilin oktyabr\u0131nda azad olunur. Ail\u0259si il\u0259 bo\u015fan\u0131r, bir m\u00fcdd\u0259t Bak\u0131da ya\u015fayandan sonra Moskvaya k\u00f6\u00e7\u00fcr v\u0259 1995-ci ild\u0259 burada v\u0259fat edir. B\u00f6y\u00fck o\u011flu 2009-cu ild\u0259 v\u0259fat edir. Ki\u00e7ik o\u011flu Aleksandr is\u0259 Volqoqradda ya\u015fay\u0131r.<\/p>\n","protected":false},"excerpt":{"rendered":"<p>\u0130ran SSR\u0130-nin t\u0259zyiql\u0259rin\u0259 d\u00f6zm\u0259di 1976-c\u0131 il sentyabr\u0131n 6-da sovet ordusunun &#8230; <\/p>\n<p class=\"read-more-container\"><a title=\"L\u0259nk\u0259ran \u0259v\u0259zin\u0259 \u0130rana u\u00e7an sovet pilotu\" class=\"read-more button\" href=\"https:\/\/www.meydan.tv\/az\/article\/lenkeran-evezine-irana-ucan-sovet-pilotu\/#more-229695\" aria-label=\"Read more about L\u0259nk\u0259ran \u0259v\u0259zin\u0259 \u0130rana u\u00e7an sovet pilotu\">Davam\u0131<\/a><\/p>\n","protected":false},"author":8,"featured_media":119327,"comment_status":"closed","ping_status":"closed","sticky":false,"template":"","format":"standard","meta":{"_acf_changed":false,"_sitemap_exclude":false,"_sitemap_priority":"","_sitemap_frequency":"","footnotes":""},"categories":[57],"tags":[],"class_list":["post-229695","post","type-post","status-publish","format-standard","has-post-thumbnail","hentry","category-menim-fikrimce","infinite-scroll-item","generate-columns","tablet-grid-50","mobile-grid-100","grid-parent","grid-33","no-featured-image-padding"],"acf":[],"yoast_head":"<!-- This site is optimized with the Yoast SEO plugin v27.4 - https:\/\/yoast.com\/product\/yoast-seo-wordpress\/ -->\n<title>L\u0259nk\u0259ran \u0259v\u0259zin\u0259 \u0130rana u\u00e7an sovet pilotu - MEYDAN.TV<\/title>\n<meta name=\"robots\" content=\"index, follow, max-snippet:-1, max-image-preview:large, max-video-preview:-1\" \/>\n<link rel=\"canonical\" href=\"https:\/\/www.meydan.tv\/az\/article\/lenkeran-evezine-irana-ucan-sovet-pilotu\/\" \/>\n<meta property=\"og:locale\" content=\"az_AZ\" \/>\n<meta property=\"og:type\" content=\"article\" \/>\n<meta property=\"og:title\" content=\"L\u0259nk\u0259ran \u0259v\u0259zin\u0259 \u0130rana u\u00e7an sovet pilotu - MEYDAN.TV\" \/>\n<meta property=\"og:description\" content=\"\u0130ran SSR\u0130-nin t\u0259zyiql\u0259rin\u0259 d\u00f6zm\u0259di 1976-c\u0131 il sentyabr\u0131n 6-da sovet ordusunun ... Davam\u0131\" \/>\n<meta property=\"og:url\" content=\"https:\/\/www.meydan.tv\/az\/article\/lenkeran-evezine-irana-ucan-sovet-pilotu\/\" \/>\n<meta property=\"og:site_name\" content=\"MEYDAN.TV\" \/>\n<meta property=\"article:published_time\" content=\"2021-12-19T14:44:55+00:00\" \/>\n<meta property=\"article:modified_time\" content=\"2021-12-19T14:44:57+00:00\" \/>\n<meta property=\"og:image\" content=\"https:\/\/www.meydan.tv\/wp-content\/uploads\/3cb67e7d-b10f-4c21-a950-7ff09b6b8f8f-scaled.jpeg\" \/>\n\t<meta property=\"og:image:width\" content=\"2560\" \/>\n\t<meta property=\"og:image:height\" content=\"1440\" \/>\n\t<meta property=\"og:image:type\" content=\"image\/jpeg\" \/>\n<meta name=\"author\" content=\"elli\" \/>\n<meta name=\"twitter:card\" content=\"summary_large_image\" \/>\n<meta name=\"twitter:creator\" content=\"@elli\" \/>\n<script type=\"application\/ld+json\" class=\"yoast-schema-graph\">{\"@context\":\"https:\\\/\\\/schema.org\",\"@graph\":[{\"@type\":\"Article\",\"@id\":\"https:\\\/\\\/www.meydan.tv\\\/az\\\/article\\\/lenkeran-evezine-irana-ucan-sovet-pilotu\\\/#article\",\"isPartOf\":{\"@id\":\"https:\\\/\\\/www.meydan.tv\\\/az\\\/article\\\/lenkeran-evezine-irana-ucan-sovet-pilotu\\\/\"},\"author\":{\"name\":\"elli\",\"@id\":\"https:\\\/\\\/www.meydan.tv\\\/az\\\/#\\\/schema\\\/person\\\/9cdbecf90d17180ce1dfbd95b08dcf47\"},\"headline\":\"L\u0259nk\u0259ran \u0259v\u0259zin\u0259 \u0130rana u\u00e7an sovet pilotu\",\"datePublished\":\"2021-12-19T14:44:55+00:00\",\"dateModified\":\"2021-12-19T14:44:57+00:00\",\"mainEntityOfPage\":{\"@id\":\"https:\\\/\\\/www.meydan.tv\\\/az\\\/article\\\/lenkeran-evezine-irana-ucan-sovet-pilotu\\\/\"},\"wordCount\":1866,\"publisher\":{\"@id\":\"https:\\\/\\\/www.meydan.tv\\\/az\\\/#organization\"},\"image\":{\"@id\":\"https:\\\/\\\/www.meydan.tv\\\/az\\\/article\\\/lenkeran-evezine-irana-ucan-sovet-pilotu\\\/#primaryimage\"},\"thumbnailUrl\":\"https:\\\/\\\/www.meydan.tv\\\/wp-content\\\/uploads\\\/3cb67e7d-b10f-4c21-a950-7ff09b6b8f8f-scaled-e1684405162756.jpeg\",\"articleSection\":[\"M\u0259nim Fikrimc\u0259\"],\"inLanguage\":\"az\"},{\"@type\":\"WebPage\",\"@id\":\"https:\\\/\\\/www.meydan.tv\\\/az\\\/article\\\/lenkeran-evezine-irana-ucan-sovet-pilotu\\\/\",\"url\":\"https:\\\/\\\/www.meydan.tv\\\/az\\\/article\\\/lenkeran-evezine-irana-ucan-sovet-pilotu\\\/\",\"name\":\"L\u0259nk\u0259ran \u0259v\u0259zin\u0259 \u0130rana u\u00e7an sovet pilotu - MEYDAN.TV\",\"isPartOf\":{\"@id\":\"https:\\\/\\\/www.meydan.tv\\\/az\\\/#website\"},\"primaryImageOfPage\":{\"@id\":\"https:\\\/\\\/www.meydan.tv\\\/az\\\/article\\\/lenkeran-evezine-irana-ucan-sovet-pilotu\\\/#primaryimage\"},\"image\":{\"@id\":\"https:\\\/\\\/www.meydan.tv\\\/az\\\/article\\\/lenkeran-evezine-irana-ucan-sovet-pilotu\\\/#primaryimage\"},\"thumbnailUrl\":\"https:\\\/\\\/www.meydan.tv\\\/wp-content\\\/uploads\\\/3cb67e7d-b10f-4c21-a950-7ff09b6b8f8f-scaled-e1684405162756.jpeg\",\"datePublished\":\"2021-12-19T14:44:55+00:00\",\"dateModified\":\"2021-12-19T14:44:57+00:00\",\"breadcrumb\":{\"@id\":\"https:\\\/\\\/www.meydan.tv\\\/az\\\/article\\\/lenkeran-evezine-irana-ucan-sovet-pilotu\\\/#breadcrumb\"},\"inLanguage\":\"az\",\"potentialAction\":[{\"@type\":\"ReadAction\",\"target\":[\"https:\\\/\\\/www.meydan.tv\\\/az\\\/article\\\/lenkeran-evezine-irana-ucan-sovet-pilotu\\\/\"]}]},{\"@type\":\"ImageObject\",\"inLanguage\":\"az\",\"@id\":\"https:\\\/\\\/www.meydan.tv\\\/az\\\/article\\\/lenkeran-evezine-irana-ucan-sovet-pilotu\\\/#primaryimage\",\"url\":\"https:\\\/\\\/www.meydan.tv\\\/wp-content\\\/uploads\\\/3cb67e7d-b10f-4c21-a950-7ff09b6b8f8f-scaled-e1684405162756.jpeg\",\"contentUrl\":\"https:\\\/\\\/www.meydan.tv\\\/wp-content\\\/uploads\\\/3cb67e7d-b10f-4c21-a950-7ff09b6b8f8f-scaled-e1684405162756.jpeg\",\"width\":2560,\"height\":1203,\"caption\":\"Foto: Meydan Tv\"},{\"@type\":\"BreadcrumbList\",\"@id\":\"https:\\\/\\\/www.meydan.tv\\\/az\\\/article\\\/lenkeran-evezine-irana-ucan-sovet-pilotu\\\/#breadcrumb\",\"itemListElement\":[{\"@type\":\"ListItem\",\"position\":1,\"name\":\"Ana s\u0259hif\u0259\",\"item\":\"https:\\\/\\\/www.meydan.tv\\\/az\\\/\"},{\"@type\":\"ListItem\",\"position\":2,\"name\":\"M\u0259nim Fikrimc\u0259\",\"item\":\"https:\\\/\\\/www.meydan.tv\\\/az\\\/section\\\/menim-fikrimce\\\/\"},{\"@type\":\"ListItem\",\"position\":3,\"name\":\"L\u0259nk\u0259ran \u0259v\u0259zin\u0259 \u0130rana u\u00e7an sovet pilotu\"}]},{\"@type\":\"WebSite\",\"@id\":\"https:\\\/\\\/www.meydan.tv\\\/az\\\/#website\",\"url\":\"https:\\\/\\\/www.meydan.tv\\\/az\\\/\",\"name\":\"MEYDAN.TV\",\"description\":\"Meydan TV Az\u0259rbaycan\u0131n media m\u0259kan\u0131ndak\u0131 alternativ s\u0259sidir\",\"publisher\":{\"@id\":\"https:\\\/\\\/www.meydan.tv\\\/az\\\/#organization\"},\"potentialAction\":[{\"@type\":\"SearchAction\",\"target\":{\"@type\":\"EntryPoint\",\"urlTemplate\":\"https:\\\/\\\/www.meydan.tv\\\/az\\\/?s={search_term_string}\"},\"query-input\":{\"@type\":\"PropertyValueSpecification\",\"valueRequired\":true,\"valueName\":\"search_term_string\"}}],\"inLanguage\":\"az\"},{\"@type\":\"Organization\",\"@id\":\"https:\\\/\\\/www.meydan.tv\\\/az\\\/#organization\",\"name\":\"Meydan TV\",\"url\":\"https:\\\/\\\/www.meydan.tv\\\/az\\\/\",\"logo\":{\"@type\":\"ImageObject\",\"inLanguage\":\"az\",\"@id\":\"https:\\\/\\\/www.meydan.tv\\\/az\\\/#\\\/schema\\\/logo\\\/image\\\/\",\"url\":\"https:\\\/\\\/www.meydan.tv\\\/wp-content\\\/uploads\\\/2021\\\/07\\\/meydan-logo.svg\",\"contentUrl\":\"https:\\\/\\\/www.meydan.tv\\\/wp-content\\\/uploads\\\/2021\\\/07\\\/meydan-logo.svg\",\"width\":195,\"height\":46,\"caption\":\"Meydan TV\"},\"image\":{\"@id\":\"https:\\\/\\\/www.meydan.tv\\\/az\\\/#\\\/schema\\\/logo\\\/image\\\/\"}},{\"@type\":\"Person\",\"@id\":\"https:\\\/\\\/www.meydan.tv\\\/az\\\/#\\\/schema\\\/person\\\/9cdbecf90d17180ce1dfbd95b08dcf47\",\"name\":\"elli\",\"sameAs\":[\"https:\\\/\\\/x.com\\\/elli\"]}]}<\/script>\n<!-- \/ Yoast SEO plugin. -->","yoast_head_json":{"title":"L\u0259nk\u0259ran \u0259v\u0259zin\u0259 \u0130rana u\u00e7an sovet pilotu - MEYDAN.TV","robots":{"index":"index","follow":"follow","max-snippet":"max-snippet:-1","max-image-preview":"max-image-preview:large","max-video-preview":"max-video-preview:-1"},"canonical":"https:\/\/www.meydan.tv\/az\/article\/lenkeran-evezine-irana-ucan-sovet-pilotu\/","og_locale":"az_AZ","og_type":"article","og_title":"L\u0259nk\u0259ran \u0259v\u0259zin\u0259 \u0130rana u\u00e7an sovet pilotu - MEYDAN.TV","og_description":"\u0130ran SSR\u0130-nin t\u0259zyiql\u0259rin\u0259 d\u00f6zm\u0259di 1976-c\u0131 il sentyabr\u0131n 6-da sovet ordusunun ... Davam\u0131","og_url":"https:\/\/www.meydan.tv\/az\/article\/lenkeran-evezine-irana-ucan-sovet-pilotu\/","og_site_name":"MEYDAN.TV","article_published_time":"2021-12-19T14:44:55+00:00","article_modified_time":"2021-12-19T14:44:57+00:00","og_image":[{"width":2560,"height":1440,"url":"https:\/\/www.meydan.tv\/wp-content\/uploads\/3cb67e7d-b10f-4c21-a950-7ff09b6b8f8f-scaled.jpeg","type":"image\/jpeg"}],"author":"elli","twitter_card":"summary_large_image","twitter_creator":"@elli","schema":{"@context":"https:\/\/schema.org","@graph":[{"@type":"Article","@id":"https:\/\/www.meydan.tv\/az\/article\/lenkeran-evezine-irana-ucan-sovet-pilotu\/#article","isPartOf":{"@id":"https:\/\/www.meydan.tv\/az\/article\/lenkeran-evezine-irana-ucan-sovet-pilotu\/"},"author":{"name":"elli","@id":"https:\/\/www.meydan.tv\/az\/#\/schema\/person\/9cdbecf90d17180ce1dfbd95b08dcf47"},"headline":"L\u0259nk\u0259ran \u0259v\u0259zin\u0259 \u0130rana u\u00e7an sovet pilotu","datePublished":"2021-12-19T14:44:55+00:00","dateModified":"2021-12-19T14:44:57+00:00","mainEntityOfPage":{"@id":"https:\/\/www.meydan.tv\/az\/article\/lenkeran-evezine-irana-ucan-sovet-pilotu\/"},"wordCount":1866,"publisher":{"@id":"https:\/\/www.meydan.tv\/az\/#organization"},"image":{"@id":"https:\/\/www.meydan.tv\/az\/article\/lenkeran-evezine-irana-ucan-sovet-pilotu\/#primaryimage"},"thumbnailUrl":"https:\/\/www.meydan.tv\/wp-content\/uploads\/3cb67e7d-b10f-4c21-a950-7ff09b6b8f8f-scaled-e1684405162756.jpeg","articleSection":["M\u0259nim Fikrimc\u0259"],"inLanguage":"az"},{"@type":"WebPage","@id":"https:\/\/www.meydan.tv\/az\/article\/lenkeran-evezine-irana-ucan-sovet-pilotu\/","url":"https:\/\/www.meydan.tv\/az\/article\/lenkeran-evezine-irana-ucan-sovet-pilotu\/","name":"L\u0259nk\u0259ran \u0259v\u0259zin\u0259 \u0130rana u\u00e7an sovet pilotu - MEYDAN.TV","isPartOf":{"@id":"https:\/\/www.meydan.tv\/az\/#website"},"primaryImageOfPage":{"@id":"https:\/\/www.meydan.tv\/az\/article\/lenkeran-evezine-irana-ucan-sovet-pilotu\/#primaryimage"},"image":{"@id":"https:\/\/www.meydan.tv\/az\/article\/lenkeran-evezine-irana-ucan-sovet-pilotu\/#primaryimage"},"thumbnailUrl":"https:\/\/www.meydan.tv\/wp-content\/uploads\/3cb67e7d-b10f-4c21-a950-7ff09b6b8f8f-scaled-e1684405162756.jpeg","datePublished":"2021-12-19T14:44:55+00:00","dateModified":"2021-12-19T14:44:57+00:00","breadcrumb":{"@id":"https:\/\/www.meydan.tv\/az\/article\/lenkeran-evezine-irana-ucan-sovet-pilotu\/#breadcrumb"},"inLanguage":"az","potentialAction":[{"@type":"ReadAction","target":["https:\/\/www.meydan.tv\/az\/article\/lenkeran-evezine-irana-ucan-sovet-pilotu\/"]}]},{"@type":"ImageObject","inLanguage":"az","@id":"https:\/\/www.meydan.tv\/az\/article\/lenkeran-evezine-irana-ucan-sovet-pilotu\/#primaryimage","url":"https:\/\/www.meydan.tv\/wp-content\/uploads\/3cb67e7d-b10f-4c21-a950-7ff09b6b8f8f-scaled-e1684405162756.jpeg","contentUrl":"https:\/\/www.meydan.tv\/wp-content\/uploads\/3cb67e7d-b10f-4c21-a950-7ff09b6b8f8f-scaled-e1684405162756.jpeg","width":2560,"height":1203,"caption":"Foto: Meydan Tv"},{"@type":"BreadcrumbList","@id":"https:\/\/www.meydan.tv\/az\/article\/lenkeran-evezine-irana-ucan-sovet-pilotu\/#breadcrumb","itemListElement":[{"@type":"ListItem","position":1,"name":"Ana s\u0259hif\u0259","item":"https:\/\/www.meydan.tv\/az\/"},{"@type":"ListItem","position":2,"name":"M\u0259nim Fikrimc\u0259","item":"https:\/\/www.meydan.tv\/az\/section\/menim-fikrimce\/"},{"@type":"ListItem","position":3,"name":"L\u0259nk\u0259ran \u0259v\u0259zin\u0259 \u0130rana u\u00e7an sovet pilotu"}]},{"@type":"WebSite","@id":"https:\/\/www.meydan.tv\/az\/#website","url":"https:\/\/www.meydan.tv\/az\/","name":"MEYDAN.TV","description":"Meydan TV Az\u0259rbaycan\u0131n media m\u0259kan\u0131ndak\u0131 alternativ s\u0259sidir","publisher":{"@id":"https:\/\/www.meydan.tv\/az\/#organization"},"potentialAction":[{"@type":"SearchAction","target":{"@type":"EntryPoint","urlTemplate":"https:\/\/www.meydan.tv\/az\/?s={search_term_string}"},"query-input":{"@type":"PropertyValueSpecification","valueRequired":true,"valueName":"search_term_string"}}],"inLanguage":"az"},{"@type":"Organization","@id":"https:\/\/www.meydan.tv\/az\/#organization","name":"Meydan TV","url":"https:\/\/www.meydan.tv\/az\/","logo":{"@type":"ImageObject","inLanguage":"az","@id":"https:\/\/www.meydan.tv\/az\/#\/schema\/logo\/image\/","url":"https:\/\/www.meydan.tv\/wp-content\/uploads\/2021\/07\/meydan-logo.svg","contentUrl":"https:\/\/www.meydan.tv\/wp-content\/uploads\/2021\/07\/meydan-logo.svg","width":195,"height":46,"caption":"Meydan TV"},"image":{"@id":"https:\/\/www.meydan.tv\/az\/#\/schema\/logo\/image\/"}},{"@type":"Person","@id":"https:\/\/www.meydan.tv\/az\/#\/schema\/person\/9cdbecf90d17180ce1dfbd95b08dcf47","name":"elli","sameAs":["https:\/\/x.com\/elli"]}]}},"_links":{"self":[{"href":"https:\/\/www.meydan.tv\/az\/wp-json\/wp\/v2\/posts\/229695","targetHints":{"allow":["GET"]}}],"collection":[{"href":"https:\/\/www.meydan.tv\/az\/wp-json\/wp\/v2\/posts"}],"about":[{"href":"https:\/\/www.meydan.tv\/az\/wp-json\/wp\/v2\/types\/post"}],"author":[{"embeddable":true,"href":"https:\/\/www.meydan.tv\/az\/wp-json\/wp\/v2\/users\/8"}],"replies":[{"embeddable":true,"href":"https:\/\/www.meydan.tv\/az\/wp-json\/wp\/v2\/comments?post=229695"}],"version-history":[{"count":1,"href":"https:\/\/www.meydan.tv\/az\/wp-json\/wp\/v2\/posts\/229695\/revisions"}],"predecessor-version":[{"id":229696,"href":"https:\/\/www.meydan.tv\/az\/wp-json\/wp\/v2\/posts\/229695\/revisions\/229696"}],"wp:featuredmedia":[{"embeddable":true,"href":"https:\/\/www.meydan.tv\/az\/wp-json\/wp\/v2\/media\/119327"}],"wp:attachment":[{"href":"https:\/\/www.meydan.tv\/az\/wp-json\/wp\/v2\/media?parent=229695"}],"wp:term":[{"taxonomy":"category","embeddable":true,"href":"https:\/\/www.meydan.tv\/az\/wp-json\/wp\/v2\/categories?post=229695"},{"taxonomy":"post_tag","embeddable":true,"href":"https:\/\/www.meydan.tv\/az\/wp-json\/wp\/v2\/tags?post=229695"}],"curies":[{"name":"wp","href":"https:\/\/api.w.org\/{rel}","templated":true}]}}