{"id":229688,"date":"2021-12-19T11:06:34","date_gmt":"2021-12-19T07:06:34","guid":{"rendered":"https:\/\/www.meydan.tv\/?p=229688"},"modified":"2021-12-19T11:06:35","modified_gmt":"2021-12-19T07:06:35","slug":"daha-10-esir-ermenistana-tehvil-verilib","status":"publish","type":"post","link":"https:\/\/www.meydan.tv\/az\/article\/daha-10-esir-ermenistana-tehvil-verilib\/","title":{"rendered":"Daha 10 \u0259sir Erm\u0259nistana t\u0259hvil verilib"},"content":{"rendered":"\n<p><em>Proses Avropa \u0130ttifaq\u0131n\u0131n vasit\u0259\u00e7iliyi il\u0259 ba\u015f tutur<\/em><br><\/p>\n\n\n\n<p>Az\u0259rbaycan 10 n\u0259f\u0259r erm\u0259ni \u0259silli h\u0259rbi qulluq\u00e7unu Erm\u0259nistana t\u0259hvil verib.<\/p>\n\n\n\n<p>Dekabr\u0131n 19-da ba\u015f tutan t\u0259hvil prosesinin Avropa \u0130ttifaq\u0131n\u0131n vasit\u0259\u00e7iliyi il\u0259 ger\u00e7\u0259kl\u0259\u015fdiyi qeyd <a href=\"https:\/\/azertag.az\/xeber\/Dovlet_Komissiyasi_Avropa_Ittifaqinin_vasitechiliyi_ile_daha_10_ermeni_herbi_qulluqchu_qarsi_terefe_tehvil_verilib-1955572\" target=\"_blank\" rel=\"noreferrer noopener\">olunub<\/a>.<\/p>\n\n\n\n<p>\u018fsir v\u0259 itkin d\u00fc\u015fm\u00fc\u015f, girov g\u00f6t\u00fcr\u00fclm\u00fc\u015f v\u0259t\u0259nda\u015flarla \u0259laq\u0259dar D\u00f6vl\u0259t Komissiyas\u0131n\u0131n yayd\u0131\u011f\u0131 m\u0259lumatda bildirilib ki, t\u0259hvil veril\u0259n \u015f\u0259xsl\u0259r noyabr\u0131n 16-da Erm\u0259nistan silahl\u0131 q\u00fcvv\u0259l\u0259rinin d\u00f6vl\u0259t s\u0259rh\u0259dinin K\u0259lb\u0259c\u0259r istiqam\u0259tind\u0259 t\u00f6r\u0259tdiyi t\u0259xribat\u0131n qar\u015f\u0131s\u0131 al\u0131nark\u0259n saxlan\u0131l\u0131blar.<\/p>\n\n\n\n<div class=\"wp-block-image\"><figure class=\"alignleft size-full is-resized\"><img decoding=\"async\" data-src=\"https:\/\/www.meydan.tv\/wp-content\/uploads\/61ab7a82a77e1-juot476oyinrec3.jpg\" alt=\"\" class=\"wp-image-228476 lazyload\" width=\"413\" height=\"236\" src=\"data:image\/svg+xml;base64,PHN2ZyB3aWR0aD0iMSIgaGVpZ2h0PSIxIiB4bWxucz0iaHR0cDovL3d3dy53My5vcmcvMjAwMC9zdmciPjwvc3ZnPg==\" style=\"--smush-placeholder-width: 413px; --smush-placeholder-aspect-ratio: 413\/236;\" \/><figcaption>Foto: \u018fsir v\u0259 itkin d\u00fc\u015fm\u00fc\u015f, girov g\u00f6t\u00fcr\u00fclm\u00fc\u015f v\u0259t\u0259nda\u015flarla \u0259laq\u0259dar D\u00f6vl\u0259t Komissiyas\u0131<\/figcaption><\/figure><\/div>\n\n\n\n<p>Komissiya \u0259sirl\u0259rin t\u0259hvil prosesini dekabr\u0131n 14-d\u0259 Avropa \u0130ttifaq\u0131 \u015euras\u0131n\u0131n Prezidenti \u015earl Mi\u015felin t\u0259\u015f\u0259bb\u00fcs\u00fc il\u0259 Br\u00fcsseld\u0259 Az\u0259rbaycan\u0131n Prezidenti \u0130lham \u018fliyev v\u0259 Erm\u0259nistan\u0131n Ba\u015f naziri Nikol Pa\u015finyan\u0131n \u00fc\u00e7t\u0259r\u0259fli g\u00f6r\u00fc\u015f\u00fcn\u00fcn, habel\u0259 Az\u0259rbaycan Prezidenti il\u0259 Avropa \u0130ttifaq\u0131 \u015euras\u0131n\u0131n Prezidenti aras\u0131nda ke\u00e7irilmi\u015f ikit\u0259r\u0259fli g\u00f6r\u00fc\u015f\u00fcn n\u0259tic\u0259si kimi qiym\u0259tl\u0259ndirib.<\/p>\n\n\n\n<p><\/p>\n\n\n\n<p><\/p>\n\n\n\n<p>Dekabr\u0131n 4-d\u0259 d\u0259 erm\u0259ni \u0259silli 10 h\u0259rb\u00e7i Erm\u0259nistana t\u0259hvil <a href=\"https:\/\/www.meydan.tv\/az\/article\/resmi-azerbaycanda-saxlanilan-10-herbci-ermenistana-tehvil-verilib\/\" target=\"_blank\" rel=\"noreferrer noopener\">verilmi\u015fdi<\/a>. Erm\u0259nistan t\u0259r\u0259fi sonradan onlardan d\u00f6rd\u00fcn\u00fc h\u0259bs edib, alt\u0131s\u0131na qar\u015f\u0131 is\u0259 ittiham ir\u0259li s\u00fcr\u00fcb.<\/p>\n\n\n\n<p>Erm\u0259nistan medias\u0131 r\u0259smi Bak\u0131n\u0131n yayd\u0131\u011f\u0131 m\u0259lumat\u0131 <a href=\"https:\/\/news.am\/rus\/news\/678256.html\" target=\"_blank\" rel=\"noreferrer noopener\">t\u0259sdiql\u0259yib<\/a>.<\/p>\n","protected":false},"excerpt":{"rendered":"<p>Proses Avropa \u0130ttifaq\u0131n\u0131n vasit\u0259\u00e7iliyi il\u0259 ba\u015f tutur Az\u0259rbaycan 10 n\u0259f\u0259r &#8230; <\/p>\n<p class=\"read-more-container\"><a title=\"Daha 10 \u0259sir Erm\u0259nistana t\u0259hvil verilib\" class=\"read-more button\" href=\"https:\/\/www.meydan.tv\/az\/article\/daha-10-esir-ermenistana-tehvil-verilib\/#more-229688\" aria-label=\"Read more about Daha 10 \u0259sir Erm\u0259nistana t\u0259hvil verilib\">Davam\u0131<\/a><\/p>\n","protected":false},"author":8,"featured_media":228483,"comment_status":"closed","ping_status":"closed","sticky":false,"template":"","format":"standard","meta":{"_acf_changed":false,"_sitemap_exclude":false,"_sitemap_priority":"","_sitemap_frequency":"","footnotes":""},"categories":[59,79,56],"tags":[],"class_list":["post-229688","post","type-post","status-publish","format-standard","has-post-thumbnail","hentry","category-siyaset","category-featured","category-xeberler","infinite-scroll-item","generate-columns","tablet-grid-50","mobile-grid-100","grid-parent","grid-33","no-featured-image-padding"],"acf":[],"yoast_head":"<!-- This site is optimized with the Yoast SEO plugin v27.5 - https:\/\/yoast.com\/product\/yoast-seo-wordpress\/ -->\n<title>Daha 10 \u0259sir Erm\u0259nistana t\u0259hvil verilib - MEYDAN.TV<\/title>\n<meta name=\"robots\" content=\"index, follow, max-snippet:-1, max-image-preview:large, max-video-preview:-1\" \/>\n<link rel=\"canonical\" href=\"https:\/\/www.meydan.tv\/az\/article\/daha-10-esir-ermenistana-tehvil-verilib\/\" \/>\n<meta property=\"og:locale\" content=\"az_AZ\" \/>\n<meta property=\"og:type\" content=\"article\" \/>\n<meta property=\"og:title\" content=\"Daha 10 \u0259sir Erm\u0259nistana t\u0259hvil verilib - MEYDAN.TV\" \/>\n<meta property=\"og:description\" content=\"Proses Avropa \u0130ttifaq\u0131n\u0131n vasit\u0259\u00e7iliyi il\u0259 ba\u015f tutur Az\u0259rbaycan 10 n\u0259f\u0259r ... Davam\u0131\" \/>\n<meta property=\"og:url\" content=\"https:\/\/www.meydan.tv\/az\/article\/daha-10-esir-ermenistana-tehvil-verilib\/\" \/>\n<meta property=\"og:site_name\" content=\"MEYDAN.TV\" \/>\n<meta property=\"article:published_time\" content=\"2021-12-19T07:06:34+00:00\" \/>\n<meta property=\"article:modified_time\" content=\"2021-12-19T07:06:35+00:00\" \/>\n<meta property=\"og:image\" content=\"https:\/\/www.meydan.tv\/wp-content\/uploads\/shutterstock_1347345023.jpg\" \/>\n\t<meta property=\"og:image:width\" content=\"2000\" \/>\n\t<meta property=\"og:image:height\" content=\"1333\" \/>\n\t<meta property=\"og:image:type\" content=\"image\/jpeg\" \/>\n<meta name=\"author\" content=\"elli\" \/>\n<meta name=\"twitter:card\" content=\"summary_large_image\" \/>\n<meta name=\"twitter:creator\" content=\"@elli\" \/>\n<script type=\"application\/ld+json\" class=\"yoast-schema-graph\">{\"@context\":\"https:\\\/\\\/schema.org\",\"@graph\":[{\"@type\":\"Article\",\"@id\":\"https:\\\/\\\/www.meydan.tv\\\/az\\\/article\\\/daha-10-esir-ermenistana-tehvil-verilib\\\/#article\",\"isPartOf\":{\"@id\":\"https:\\\/\\\/www.meydan.tv\\\/az\\\/article\\\/daha-10-esir-ermenistana-tehvil-verilib\\\/\"},\"author\":{\"name\":\"elli\",\"@id\":\"https:\\\/\\\/www.meydan.tv\\\/az\\\/#\\\/schema\\\/person\\\/9cdbecf90d17180ce1dfbd95b08dcf47\"},\"headline\":\"Daha 10 \u0259sir Erm\u0259nistana t\u0259hvil verilib\",\"datePublished\":\"2021-12-19T07:06:34+00:00\",\"dateModified\":\"2021-12-19T07:06:35+00:00\",\"mainEntityOfPage\":{\"@id\":\"https:\\\/\\\/www.meydan.tv\\\/az\\\/article\\\/daha-10-esir-ermenistana-tehvil-verilib\\\/\"},\"wordCount\":273,\"publisher\":{\"@id\":\"https:\\\/\\\/www.meydan.tv\\\/az\\\/#organization\"},\"image\":{\"@id\":\"https:\\\/\\\/www.meydan.tv\\\/az\\\/article\\\/daha-10-esir-ermenistana-tehvil-verilib\\\/#primaryimage\"},\"thumbnailUrl\":\"https:\\\/\\\/www.meydan.tv\\\/wp-content\\\/uploads\\\/shutterstock_1347345023.jpg\",\"articleSection\":[\"Siyas\u0259t\",\"T\u00f6vsiy\u0259\",\"X\u0259b\u0259rl\u0259r\"],\"inLanguage\":\"az\"},{\"@type\":\"WebPage\",\"@id\":\"https:\\\/\\\/www.meydan.tv\\\/az\\\/article\\\/daha-10-esir-ermenistana-tehvil-verilib\\\/\",\"url\":\"https:\\\/\\\/www.meydan.tv\\\/az\\\/article\\\/daha-10-esir-ermenistana-tehvil-verilib\\\/\",\"name\":\"Daha 10 \u0259sir Erm\u0259nistana t\u0259hvil verilib - MEYDAN.TV\",\"isPartOf\":{\"@id\":\"https:\\\/\\\/www.meydan.tv\\\/az\\\/#website\"},\"primaryImageOfPage\":{\"@id\":\"https:\\\/\\\/www.meydan.tv\\\/az\\\/article\\\/daha-10-esir-ermenistana-tehvil-verilib\\\/#primaryimage\"},\"image\":{\"@id\":\"https:\\\/\\\/www.meydan.tv\\\/az\\\/article\\\/daha-10-esir-ermenistana-tehvil-verilib\\\/#primaryimage\"},\"thumbnailUrl\":\"https:\\\/\\\/www.meydan.tv\\\/wp-content\\\/uploads\\\/shutterstock_1347345023.jpg\",\"datePublished\":\"2021-12-19T07:06:34+00:00\",\"dateModified\":\"2021-12-19T07:06:35+00:00\",\"breadcrumb\":{\"@id\":\"https:\\\/\\\/www.meydan.tv\\\/az\\\/article\\\/daha-10-esir-ermenistana-tehvil-verilib\\\/#breadcrumb\"},\"inLanguage\":\"az\",\"potentialAction\":[{\"@type\":\"ReadAction\",\"target\":[\"https:\\\/\\\/www.meydan.tv\\\/az\\\/article\\\/daha-10-esir-ermenistana-tehvil-verilib\\\/\"]}]},{\"@type\":\"ImageObject\",\"inLanguage\":\"az\",\"@id\":\"https:\\\/\\\/www.meydan.tv\\\/az\\\/article\\\/daha-10-esir-ermenistana-tehvil-verilib\\\/#primaryimage\",\"url\":\"https:\\\/\\\/www.meydan.tv\\\/wp-content\\\/uploads\\\/shutterstock_1347345023.jpg\",\"contentUrl\":\"https:\\\/\\\/www.meydan.tv\\\/wp-content\\\/uploads\\\/shutterstock_1347345023.jpg\",\"width\":2000,\"height\":1333,\"caption\":\"Foto: Zef art\\\/Shutterstock\"},{\"@type\":\"BreadcrumbList\",\"@id\":\"https:\\\/\\\/www.meydan.tv\\\/az\\\/article\\\/daha-10-esir-ermenistana-tehvil-verilib\\\/#breadcrumb\",\"itemListElement\":[{\"@type\":\"ListItem\",\"position\":1,\"name\":\"Ana s\u0259hif\u0259\",\"item\":\"https:\\\/\\\/www.meydan.tv\\\/az\\\/\"},{\"@type\":\"ListItem\",\"position\":2,\"name\":\"Siyas\u0259t\",\"item\":\"https:\\\/\\\/www.meydan.tv\\\/az\\\/section\\\/siyaset\\\/\"},{\"@type\":\"ListItem\",\"position\":3,\"name\":\"Daha 10 \u0259sir Erm\u0259nistana t\u0259hvil verilib\"}]},{\"@type\":\"WebSite\",\"@id\":\"https:\\\/\\\/www.meydan.tv\\\/az\\\/#website\",\"url\":\"https:\\\/\\\/www.meydan.tv\\\/az\\\/\",\"name\":\"MEYDAN.TV\",\"description\":\"Meydan TV Az\u0259rbaycan\u0131n media m\u0259kan\u0131ndak\u0131 alternativ s\u0259sidir\",\"publisher\":{\"@id\":\"https:\\\/\\\/www.meydan.tv\\\/az\\\/#organization\"},\"potentialAction\":[{\"@type\":\"SearchAction\",\"target\":{\"@type\":\"EntryPoint\",\"urlTemplate\":\"https:\\\/\\\/www.meydan.tv\\\/az\\\/?s={search_term_string}\"},\"query-input\":{\"@type\":\"PropertyValueSpecification\",\"valueRequired\":true,\"valueName\":\"search_term_string\"}}],\"inLanguage\":\"az\"},{\"@type\":\"Organization\",\"@id\":\"https:\\\/\\\/www.meydan.tv\\\/az\\\/#organization\",\"name\":\"Meydan TV\",\"url\":\"https:\\\/\\\/www.meydan.tv\\\/az\\\/\",\"logo\":{\"@type\":\"ImageObject\",\"inLanguage\":\"az\",\"@id\":\"https:\\\/\\\/www.meydan.tv\\\/az\\\/#\\\/schema\\\/logo\\\/image\\\/\",\"url\":\"https:\\\/\\\/www.meydan.tv\\\/wp-content\\\/uploads\\\/2021\\\/07\\\/meydan-logo.svg\",\"contentUrl\":\"https:\\\/\\\/www.meydan.tv\\\/wp-content\\\/uploads\\\/2021\\\/07\\\/meydan-logo.svg\",\"width\":195,\"height\":46,\"caption\":\"Meydan TV\"},\"image\":{\"@id\":\"https:\\\/\\\/www.meydan.tv\\\/az\\\/#\\\/schema\\\/logo\\\/image\\\/\"}},{\"@type\":\"Person\",\"@id\":\"https:\\\/\\\/www.meydan.tv\\\/az\\\/#\\\/schema\\\/person\\\/9cdbecf90d17180ce1dfbd95b08dcf47\",\"name\":\"elli\",\"sameAs\":[\"https:\\\/\\\/x.com\\\/elli\"]}]}<\/script>\n<!-- \/ Yoast SEO plugin. -->","yoast_head_json":{"title":"Daha 10 \u0259sir Erm\u0259nistana t\u0259hvil verilib - MEYDAN.TV","robots":{"index":"index","follow":"follow","max-snippet":"max-snippet:-1","max-image-preview":"max-image-preview:large","max-video-preview":"max-video-preview:-1"},"canonical":"https:\/\/www.meydan.tv\/az\/article\/daha-10-esir-ermenistana-tehvil-verilib\/","og_locale":"az_AZ","og_type":"article","og_title":"Daha 10 \u0259sir Erm\u0259nistana t\u0259hvil verilib - MEYDAN.TV","og_description":"Proses Avropa \u0130ttifaq\u0131n\u0131n vasit\u0259\u00e7iliyi il\u0259 ba\u015f tutur Az\u0259rbaycan 10 n\u0259f\u0259r ... Davam\u0131","og_url":"https:\/\/www.meydan.tv\/az\/article\/daha-10-esir-ermenistana-tehvil-verilib\/","og_site_name":"MEYDAN.TV","article_published_time":"2021-12-19T07:06:34+00:00","article_modified_time":"2021-12-19T07:06:35+00:00","og_image":[{"width":2000,"height":1333,"url":"https:\/\/www.meydan.tv\/wp-content\/uploads\/shutterstock_1347345023.jpg","type":"image\/jpeg"}],"author":"elli","twitter_card":"summary_large_image","twitter_creator":"@elli","schema":{"@context":"https:\/\/schema.org","@graph":[{"@type":"Article","@id":"https:\/\/www.meydan.tv\/az\/article\/daha-10-esir-ermenistana-tehvil-verilib\/#article","isPartOf":{"@id":"https:\/\/www.meydan.tv\/az\/article\/daha-10-esir-ermenistana-tehvil-verilib\/"},"author":{"name":"elli","@id":"https:\/\/www.meydan.tv\/az\/#\/schema\/person\/9cdbecf90d17180ce1dfbd95b08dcf47"},"headline":"Daha 10 \u0259sir Erm\u0259nistana t\u0259hvil verilib","datePublished":"2021-12-19T07:06:34+00:00","dateModified":"2021-12-19T07:06:35+00:00","mainEntityOfPage":{"@id":"https:\/\/www.meydan.tv\/az\/article\/daha-10-esir-ermenistana-tehvil-verilib\/"},"wordCount":273,"publisher":{"@id":"https:\/\/www.meydan.tv\/az\/#organization"},"image":{"@id":"https:\/\/www.meydan.tv\/az\/article\/daha-10-esir-ermenistana-tehvil-verilib\/#primaryimage"},"thumbnailUrl":"https:\/\/www.meydan.tv\/wp-content\/uploads\/shutterstock_1347345023.jpg","articleSection":["Siyas\u0259t","T\u00f6vsiy\u0259","X\u0259b\u0259rl\u0259r"],"inLanguage":"az"},{"@type":"WebPage","@id":"https:\/\/www.meydan.tv\/az\/article\/daha-10-esir-ermenistana-tehvil-verilib\/","url":"https:\/\/www.meydan.tv\/az\/article\/daha-10-esir-ermenistana-tehvil-verilib\/","name":"Daha 10 \u0259sir Erm\u0259nistana t\u0259hvil verilib - MEYDAN.TV","isPartOf":{"@id":"https:\/\/www.meydan.tv\/az\/#website"},"primaryImageOfPage":{"@id":"https:\/\/www.meydan.tv\/az\/article\/daha-10-esir-ermenistana-tehvil-verilib\/#primaryimage"},"image":{"@id":"https:\/\/www.meydan.tv\/az\/article\/daha-10-esir-ermenistana-tehvil-verilib\/#primaryimage"},"thumbnailUrl":"https:\/\/www.meydan.tv\/wp-content\/uploads\/shutterstock_1347345023.jpg","datePublished":"2021-12-19T07:06:34+00:00","dateModified":"2021-12-19T07:06:35+00:00","breadcrumb":{"@id":"https:\/\/www.meydan.tv\/az\/article\/daha-10-esir-ermenistana-tehvil-verilib\/#breadcrumb"},"inLanguage":"az","potentialAction":[{"@type":"ReadAction","target":["https:\/\/www.meydan.tv\/az\/article\/daha-10-esir-ermenistana-tehvil-verilib\/"]}]},{"@type":"ImageObject","inLanguage":"az","@id":"https:\/\/www.meydan.tv\/az\/article\/daha-10-esir-ermenistana-tehvil-verilib\/#primaryimage","url":"https:\/\/www.meydan.tv\/wp-content\/uploads\/shutterstock_1347345023.jpg","contentUrl":"https:\/\/www.meydan.tv\/wp-content\/uploads\/shutterstock_1347345023.jpg","width":2000,"height":1333,"caption":"Foto: Zef art\/Shutterstock"},{"@type":"BreadcrumbList","@id":"https:\/\/www.meydan.tv\/az\/article\/daha-10-esir-ermenistana-tehvil-verilib\/#breadcrumb","itemListElement":[{"@type":"ListItem","position":1,"name":"Ana s\u0259hif\u0259","item":"https:\/\/www.meydan.tv\/az\/"},{"@type":"ListItem","position":2,"name":"Siyas\u0259t","item":"https:\/\/www.meydan.tv\/az\/section\/siyaset\/"},{"@type":"ListItem","position":3,"name":"Daha 10 \u0259sir Erm\u0259nistana t\u0259hvil verilib"}]},{"@type":"WebSite","@id":"https:\/\/www.meydan.tv\/az\/#website","url":"https:\/\/www.meydan.tv\/az\/","name":"MEYDAN.TV","description":"Meydan TV Az\u0259rbaycan\u0131n media m\u0259kan\u0131ndak\u0131 alternativ s\u0259sidir","publisher":{"@id":"https:\/\/www.meydan.tv\/az\/#organization"},"potentialAction":[{"@type":"SearchAction","target":{"@type":"EntryPoint","urlTemplate":"https:\/\/www.meydan.tv\/az\/?s={search_term_string}"},"query-input":{"@type":"PropertyValueSpecification","valueRequired":true,"valueName":"search_term_string"}}],"inLanguage":"az"},{"@type":"Organization","@id":"https:\/\/www.meydan.tv\/az\/#organization","name":"Meydan TV","url":"https:\/\/www.meydan.tv\/az\/","logo":{"@type":"ImageObject","inLanguage":"az","@id":"https:\/\/www.meydan.tv\/az\/#\/schema\/logo\/image\/","url":"https:\/\/www.meydan.tv\/wp-content\/uploads\/2021\/07\/meydan-logo.svg","contentUrl":"https:\/\/www.meydan.tv\/wp-content\/uploads\/2021\/07\/meydan-logo.svg","width":195,"height":46,"caption":"Meydan TV"},"image":{"@id":"https:\/\/www.meydan.tv\/az\/#\/schema\/logo\/image\/"}},{"@type":"Person","@id":"https:\/\/www.meydan.tv\/az\/#\/schema\/person\/9cdbecf90d17180ce1dfbd95b08dcf47","name":"elli","sameAs":["https:\/\/x.com\/elli"]}]}},"_links":{"self":[{"href":"https:\/\/www.meydan.tv\/az\/wp-json\/wp\/v2\/posts\/229688","targetHints":{"allow":["GET"]}}],"collection":[{"href":"https:\/\/www.meydan.tv\/az\/wp-json\/wp\/v2\/posts"}],"about":[{"href":"https:\/\/www.meydan.tv\/az\/wp-json\/wp\/v2\/types\/post"}],"author":[{"embeddable":true,"href":"https:\/\/www.meydan.tv\/az\/wp-json\/wp\/v2\/users\/8"}],"replies":[{"embeddable":true,"href":"https:\/\/www.meydan.tv\/az\/wp-json\/wp\/v2\/comments?post=229688"}],"version-history":[{"count":1,"href":"https:\/\/www.meydan.tv\/az\/wp-json\/wp\/v2\/posts\/229688\/revisions"}],"predecessor-version":[{"id":229689,"href":"https:\/\/www.meydan.tv\/az\/wp-json\/wp\/v2\/posts\/229688\/revisions\/229689"}],"wp:featuredmedia":[{"embeddable":true,"href":"https:\/\/www.meydan.tv\/az\/wp-json\/wp\/v2\/media\/228483"}],"wp:attachment":[{"href":"https:\/\/www.meydan.tv\/az\/wp-json\/wp\/v2\/media?parent=229688"}],"wp:term":[{"taxonomy":"category","embeddable":true,"href":"https:\/\/www.meydan.tv\/az\/wp-json\/wp\/v2\/categories?post=229688"},{"taxonomy":"post_tag","embeddable":true,"href":"https:\/\/www.meydan.tv\/az\/wp-json\/wp\/v2\/tags?post=229688"}],"curies":[{"name":"wp","href":"https:\/\/api.w.org\/{rel}","templated":true}]}}