{"id":229520,"date":"2021-12-16T16:40:17","date_gmt":"2021-12-16T12:40:17","guid":{"rendered":"https:\/\/www.meydan.tv\/?p=229520"},"modified":"2021-12-16T16:40:18","modified_gmt":"2021-12-16T12:40:18","slug":"sefure-ibrahimovanin-nadir-fotolari-numayis-etdirilib","status":"publish","type":"post","link":"https:\/\/www.meydan.tv\/az\/article\/sefure-ibrahimovanin-nadir-fotolari-numayis-etdirilib\/","title":{"rendered":"S\u0259fur\u0259 \u0130brahimovan\u0131n nadir fotolar\u0131 n\u00fcmayi\u015f etdirilib"},"content":{"rendered":"\n<p><em>Dekabr\u0131n 21-d\u0259 aktrisan\u0131n v\u0259fat\u0131n\u0131n bir ili tamam olacaq<\/em><br><\/p>\n\n\n\n<p>D\u00f6vl\u0259t Film Fondunda Xalq artisti, teatr v\u0259 kino aktrisas\u0131 S\u0259fur\u0259 \u0130brahimovan\u0131n xatir\u0259sin\u0259 h\u0259sr olunmu\u015f fotos\u0259rgi t\u0259\u015fkil edilib.<\/p>\n\n\n\n<p>S\u0259rgid\u0259 s\u0259n\u0259tkar\u0131n h\u0259yat v\u0259 yarad\u0131c\u0131l\u0131\u011f\u0131n\u0131 \u0259ks etdir\u0259n nadir fotolar n\u00fcmayi\u015f <a href=\"https:\/\/filmfond.az\/2021\/12\/15\/s%c9%99fur%c9%99-ibrahimovanin-v%c9%99fatinin-ildonumu-munasib%c9%99til%c9%99-s%c9%99rgi-t%c9%99skil-olunub\/\" target=\"_blank\" rel=\"noreferrer noopener\">olunur<\/a>.<br><br>Safur\u0259 \u0130brahimova 1938-ci il dekabr\u0131n 27-d\u0259 Bak\u0131da do\u011fulub. 1960-c\u0131 ild\u0259 Mirza\u011fa \u018fliyev ad\u0131na Az\u0259rbaycan D\u00f6vl\u0259t Teatr \u0130nstitutunun dram v\u0259 kino aktyorlu\u011fu fak\u00fclt\u0259sin\u0259 daxil olub. Birinci kursda oxuyark\u0259n Akademik Milli Dram Teatr\u0131n\u0131n repertuar\u0131nda olan \u0130slam S\u0259f\u0259rlinin \u201cAna \u00fcr\u0259yi\u201d dram\u0131n\u0131n tama\u015fas\u0131nda Xatir\u0259 roluna d\u0259v\u0259t edilib. Bundan sonra daha bir ne\u00e7\u0259 rol oynayan t\u0259l\u0259b\u0259-aktrisa 1961-ci il noyabr\u0131nda Akademik teatr\u0131n truppas\u0131na daxil olub v\u0259 2005-ci il\u0259 q\u0259d\u0259r bu teatrda i\u015fl\u0259yib.<\/p>\n\n\n\n<p>1967-ci ild\u0259 Novruz bayram\u0131 ke\u00e7iril\u0259rk\u0259n ilk bahar q\u0131z\u0131 S\u0259fur\u0259 \u0130brahimova olub. O, \u201cAr\u015f\u0131n mal alan\u201d, \u201cD\u0259rvi\u015f Parisi partlad\u0131r\u201d, \u201cBizim C\u0259bi\u015f m\u00fc\u0259llim\u201d, \u201cQay\u0131nana\u201d, \u201cT\u00fct\u0259k s\u0259si\u201d, \u201c\u0130stintaq davam edir\u201d kimi milli filml\u0259rd\u0259 rol al\u0131b.<\/p>\n\n\n\n<p>S\u0259fur\u0259 \u0130brahimova 1984-c\u00fc ild\u0259 Az\u0259rbaycan SSR d\u00f6vl\u0259t m\u00fckafat\u0131 laureat\u0131n\u0131, 2002-ci ild\u0259 Az\u0259rbaycan Respublikas\u0131n\u0131n Xalq artisti f\u0259xri ad\u0131n\u0131 al\u0131b.<\/p>\n\n\n\n<p>Dekabr\u0131n 21-d\u0259 S\u0259fur\u0259 \u0130brahimovan\u0131n v\u0259fat\u0131n\u0131n bir ili tamam olur.<\/p>\n\n\n\n<p>Qarda\u015f\u0131 q\u0131z\u0131 K\u00f6n\u00fcl \u0130brahimovan\u0131n m\u0259lumat\u0131na g\u00f6r\u0259, s\u0259hh\u0259tind\u0259 probleml\u0259ri olan aktrisa qanaxmadan <a href=\"https:\/\/d9mc3ts4czbpr.cloudfront.net\/az\/article\/sefure-ibrahimovanin-yaxini-olumune-yaxin-yalvarirdi-ki-mene-komek-ele\/\" target=\"_blank\" rel=\"noreferrer noopener\">ke\u00e7inib<\/a>.<br><\/p>\n","protected":false},"excerpt":{"rendered":"<p>Dekabr\u0131n 21-d\u0259 aktrisan\u0131n v\u0259fat\u0131n\u0131n bir ili tamam olacaq D\u00f6vl\u0259t Film &#8230; <\/p>\n<p class=\"read-more-container\"><a title=\"S\u0259fur\u0259 \u0130brahimovan\u0131n nadir fotolar\u0131 n\u00fcmayi\u015f etdirilib\" class=\"read-more button\" href=\"https:\/\/www.meydan.tv\/az\/article\/sefure-ibrahimovanin-nadir-fotolari-numayis-etdirilib\/#more-229520\" aria-label=\"Read more about S\u0259fur\u0259 \u0130brahimovan\u0131n nadir fotolar\u0131 n\u00fcmayi\u015f etdirilib\">Davam\u0131<\/a><\/p>\n","protected":false},"author":8,"featured_media":229522,"comment_status":"closed","ping_status":"closed","sticky":false,"template":"","format":"standard","meta":{"_acf_changed":false,"_sitemap_exclude":false,"_sitemap_priority":"","_sitemap_frequency":"","footnotes":""},"categories":[52,56],"tags":[],"class_list":["post-229520","post","type-post","status-publish","format-standard","has-post-thumbnail","hentry","category-medeniyyet","category-xeberler","infinite-scroll-item","generate-columns","tablet-grid-50","mobile-grid-100","grid-parent","grid-33","no-featured-image-padding"],"acf":[],"yoast_head":"<!-- This site is optimized with the Yoast SEO plugin v27.4 - https:\/\/yoast.com\/product\/yoast-seo-wordpress\/ -->\n<title>S\u0259fur\u0259 \u0130brahimovan\u0131n nadir fotolar\u0131 n\u00fcmayi\u015f etdirilib - MEYDAN.TV<\/title>\n<meta name=\"robots\" content=\"index, follow, max-snippet:-1, max-image-preview:large, max-video-preview:-1\" \/>\n<link rel=\"canonical\" href=\"https:\/\/www.meydan.tv\/az\/article\/sefure-ibrahimovanin-nadir-fotolari-numayis-etdirilib\/\" \/>\n<meta property=\"og:locale\" content=\"az_AZ\" \/>\n<meta property=\"og:type\" content=\"article\" \/>\n<meta property=\"og:title\" content=\"S\u0259fur\u0259 \u0130brahimovan\u0131n nadir fotolar\u0131 n\u00fcmayi\u015f etdirilib - MEYDAN.TV\" \/>\n<meta property=\"og:description\" content=\"Dekabr\u0131n 21-d\u0259 aktrisan\u0131n v\u0259fat\u0131n\u0131n bir ili tamam olacaq D\u00f6vl\u0259t Film ... Davam\u0131\" \/>\n<meta property=\"og:url\" content=\"https:\/\/www.meydan.tv\/az\/article\/sefure-ibrahimovanin-nadir-fotolari-numayis-etdirilib\/\" \/>\n<meta property=\"og:site_name\" content=\"MEYDAN.TV\" \/>\n<meta property=\"article:published_time\" content=\"2021-12-16T12:40:17+00:00\" \/>\n<meta property=\"article:modified_time\" content=\"2021-12-16T12:40:18+00:00\" \/>\n<meta property=\"og:image\" content=\"https:\/\/www.meydan.tv\/wp-content\/uploads\/1574062988_8-e1639658304832.jpg\" \/>\n\t<meta property=\"og:image:width\" content=\"703\" \/>\n\t<meta property=\"og:image:height\" content=\"334\" \/>\n\t<meta property=\"og:image:type\" content=\"image\/jpeg\" \/>\n<meta name=\"author\" content=\"elli\" \/>\n<meta name=\"twitter:card\" content=\"summary_large_image\" \/>\n<meta name=\"twitter:creator\" content=\"@elli\" \/>\n<script type=\"application\/ld+json\" class=\"yoast-schema-graph\">{\"@context\":\"https:\\\/\\\/schema.org\",\"@graph\":[{\"@type\":\"Article\",\"@id\":\"https:\\\/\\\/www.meydan.tv\\\/az\\\/article\\\/sefure-ibrahimovanin-nadir-fotolari-numayis-etdirilib\\\/#article\",\"isPartOf\":{\"@id\":\"https:\\\/\\\/www.meydan.tv\\\/az\\\/article\\\/sefure-ibrahimovanin-nadir-fotolari-numayis-etdirilib\\\/\"},\"author\":{\"name\":\"elli\",\"@id\":\"https:\\\/\\\/www.meydan.tv\\\/az\\\/#\\\/schema\\\/person\\\/9cdbecf90d17180ce1dfbd95b08dcf47\"},\"headline\":\"S\u0259fur\u0259 \u0130brahimovan\u0131n nadir fotolar\u0131 n\u00fcmayi\u015f etdirilib\",\"datePublished\":\"2021-12-16T12:40:17+00:00\",\"dateModified\":\"2021-12-16T12:40:18+00:00\",\"mainEntityOfPage\":{\"@id\":\"https:\\\/\\\/www.meydan.tv\\\/az\\\/article\\\/sefure-ibrahimovanin-nadir-fotolari-numayis-etdirilib\\\/\"},\"wordCount\":284,\"publisher\":{\"@id\":\"https:\\\/\\\/www.meydan.tv\\\/az\\\/#organization\"},\"image\":{\"@id\":\"https:\\\/\\\/www.meydan.tv\\\/az\\\/article\\\/sefure-ibrahimovanin-nadir-fotolari-numayis-etdirilib\\\/#primaryimage\"},\"thumbnailUrl\":\"https:\\\/\\\/www.meydan.tv\\\/wp-content\\\/uploads\\\/1574062988_8-e1639658304832.jpg\",\"articleSection\":[\"M\u0259d\u0259niyy\u0259t\",\"X\u0259b\u0259rl\u0259r\"],\"inLanguage\":\"az\"},{\"@type\":\"WebPage\",\"@id\":\"https:\\\/\\\/www.meydan.tv\\\/az\\\/article\\\/sefure-ibrahimovanin-nadir-fotolari-numayis-etdirilib\\\/\",\"url\":\"https:\\\/\\\/www.meydan.tv\\\/az\\\/article\\\/sefure-ibrahimovanin-nadir-fotolari-numayis-etdirilib\\\/\",\"name\":\"S\u0259fur\u0259 \u0130brahimovan\u0131n nadir fotolar\u0131 n\u00fcmayi\u015f etdirilib - MEYDAN.TV\",\"isPartOf\":{\"@id\":\"https:\\\/\\\/www.meydan.tv\\\/az\\\/#website\"},\"primaryImageOfPage\":{\"@id\":\"https:\\\/\\\/www.meydan.tv\\\/az\\\/article\\\/sefure-ibrahimovanin-nadir-fotolari-numayis-etdirilib\\\/#primaryimage\"},\"image\":{\"@id\":\"https:\\\/\\\/www.meydan.tv\\\/az\\\/article\\\/sefure-ibrahimovanin-nadir-fotolari-numayis-etdirilib\\\/#primaryimage\"},\"thumbnailUrl\":\"https:\\\/\\\/www.meydan.tv\\\/wp-content\\\/uploads\\\/1574062988_8-e1639658304832.jpg\",\"datePublished\":\"2021-12-16T12:40:17+00:00\",\"dateModified\":\"2021-12-16T12:40:18+00:00\",\"breadcrumb\":{\"@id\":\"https:\\\/\\\/www.meydan.tv\\\/az\\\/article\\\/sefure-ibrahimovanin-nadir-fotolari-numayis-etdirilib\\\/#breadcrumb\"},\"inLanguage\":\"az\",\"potentialAction\":[{\"@type\":\"ReadAction\",\"target\":[\"https:\\\/\\\/www.meydan.tv\\\/az\\\/article\\\/sefure-ibrahimovanin-nadir-fotolari-numayis-etdirilib\\\/\"]}]},{\"@type\":\"ImageObject\",\"inLanguage\":\"az\",\"@id\":\"https:\\\/\\\/www.meydan.tv\\\/az\\\/article\\\/sefure-ibrahimovanin-nadir-fotolari-numayis-etdirilib\\\/#primaryimage\",\"url\":\"https:\\\/\\\/www.meydan.tv\\\/wp-content\\\/uploads\\\/1574062988_8-e1639658304832.jpg\",\"contentUrl\":\"https:\\\/\\\/www.meydan.tv\\\/wp-content\\\/uploads\\\/1574062988_8-e1639658304832.jpg\",\"width\":703,\"height\":334,\"caption\":\"S\u0259fur\u0259 \u0130brahimova, Foto: Qaynar.info\"},{\"@type\":\"BreadcrumbList\",\"@id\":\"https:\\\/\\\/www.meydan.tv\\\/az\\\/article\\\/sefure-ibrahimovanin-nadir-fotolari-numayis-etdirilib\\\/#breadcrumb\",\"itemListElement\":[{\"@type\":\"ListItem\",\"position\":1,\"name\":\"Ana s\u0259hif\u0259\",\"item\":\"https:\\\/\\\/www.meydan.tv\\\/az\\\/\"},{\"@type\":\"ListItem\",\"position\":2,\"name\":\"M\u0259d\u0259niyy\u0259t\",\"item\":\"https:\\\/\\\/www.meydan.tv\\\/az\\\/section\\\/medeniyyet\\\/\"},{\"@type\":\"ListItem\",\"position\":3,\"name\":\"S\u0259fur\u0259 \u0130brahimovan\u0131n nadir fotolar\u0131 n\u00fcmayi\u015f etdirilib\"}]},{\"@type\":\"WebSite\",\"@id\":\"https:\\\/\\\/www.meydan.tv\\\/az\\\/#website\",\"url\":\"https:\\\/\\\/www.meydan.tv\\\/az\\\/\",\"name\":\"MEYDAN.TV\",\"description\":\"Meydan TV Az\u0259rbaycan\u0131n media m\u0259kan\u0131ndak\u0131 alternativ s\u0259sidir\",\"publisher\":{\"@id\":\"https:\\\/\\\/www.meydan.tv\\\/az\\\/#organization\"},\"potentialAction\":[{\"@type\":\"SearchAction\",\"target\":{\"@type\":\"EntryPoint\",\"urlTemplate\":\"https:\\\/\\\/www.meydan.tv\\\/az\\\/?s={search_term_string}\"},\"query-input\":{\"@type\":\"PropertyValueSpecification\",\"valueRequired\":true,\"valueName\":\"search_term_string\"}}],\"inLanguage\":\"az\"},{\"@type\":\"Organization\",\"@id\":\"https:\\\/\\\/www.meydan.tv\\\/az\\\/#organization\",\"name\":\"Meydan TV\",\"url\":\"https:\\\/\\\/www.meydan.tv\\\/az\\\/\",\"logo\":{\"@type\":\"ImageObject\",\"inLanguage\":\"az\",\"@id\":\"https:\\\/\\\/www.meydan.tv\\\/az\\\/#\\\/schema\\\/logo\\\/image\\\/\",\"url\":\"https:\\\/\\\/www.meydan.tv\\\/wp-content\\\/uploads\\\/2021\\\/07\\\/meydan-logo.svg\",\"contentUrl\":\"https:\\\/\\\/www.meydan.tv\\\/wp-content\\\/uploads\\\/2021\\\/07\\\/meydan-logo.svg\",\"width\":195,\"height\":46,\"caption\":\"Meydan TV\"},\"image\":{\"@id\":\"https:\\\/\\\/www.meydan.tv\\\/az\\\/#\\\/schema\\\/logo\\\/image\\\/\"}},{\"@type\":\"Person\",\"@id\":\"https:\\\/\\\/www.meydan.tv\\\/az\\\/#\\\/schema\\\/person\\\/9cdbecf90d17180ce1dfbd95b08dcf47\",\"name\":\"elli\",\"sameAs\":[\"https:\\\/\\\/x.com\\\/elli\"]}]}<\/script>\n<!-- \/ Yoast SEO plugin. -->","yoast_head_json":{"title":"S\u0259fur\u0259 \u0130brahimovan\u0131n nadir fotolar\u0131 n\u00fcmayi\u015f etdirilib - MEYDAN.TV","robots":{"index":"index","follow":"follow","max-snippet":"max-snippet:-1","max-image-preview":"max-image-preview:large","max-video-preview":"max-video-preview:-1"},"canonical":"https:\/\/www.meydan.tv\/az\/article\/sefure-ibrahimovanin-nadir-fotolari-numayis-etdirilib\/","og_locale":"az_AZ","og_type":"article","og_title":"S\u0259fur\u0259 \u0130brahimovan\u0131n nadir fotolar\u0131 n\u00fcmayi\u015f etdirilib - MEYDAN.TV","og_description":"Dekabr\u0131n 21-d\u0259 aktrisan\u0131n v\u0259fat\u0131n\u0131n bir ili tamam olacaq D\u00f6vl\u0259t Film ... Davam\u0131","og_url":"https:\/\/www.meydan.tv\/az\/article\/sefure-ibrahimovanin-nadir-fotolari-numayis-etdirilib\/","og_site_name":"MEYDAN.TV","article_published_time":"2021-12-16T12:40:17+00:00","article_modified_time":"2021-12-16T12:40:18+00:00","og_image":[{"width":703,"height":334,"url":"https:\/\/www.meydan.tv\/wp-content\/uploads\/1574062988_8-e1639658304832.jpg","type":"image\/jpeg"}],"author":"elli","twitter_card":"summary_large_image","twitter_creator":"@elli","schema":{"@context":"https:\/\/schema.org","@graph":[{"@type":"Article","@id":"https:\/\/www.meydan.tv\/az\/article\/sefure-ibrahimovanin-nadir-fotolari-numayis-etdirilib\/#article","isPartOf":{"@id":"https:\/\/www.meydan.tv\/az\/article\/sefure-ibrahimovanin-nadir-fotolari-numayis-etdirilib\/"},"author":{"name":"elli","@id":"https:\/\/www.meydan.tv\/az\/#\/schema\/person\/9cdbecf90d17180ce1dfbd95b08dcf47"},"headline":"S\u0259fur\u0259 \u0130brahimovan\u0131n nadir fotolar\u0131 n\u00fcmayi\u015f etdirilib","datePublished":"2021-12-16T12:40:17+00:00","dateModified":"2021-12-16T12:40:18+00:00","mainEntityOfPage":{"@id":"https:\/\/www.meydan.tv\/az\/article\/sefure-ibrahimovanin-nadir-fotolari-numayis-etdirilib\/"},"wordCount":284,"publisher":{"@id":"https:\/\/www.meydan.tv\/az\/#organization"},"image":{"@id":"https:\/\/www.meydan.tv\/az\/article\/sefure-ibrahimovanin-nadir-fotolari-numayis-etdirilib\/#primaryimage"},"thumbnailUrl":"https:\/\/www.meydan.tv\/wp-content\/uploads\/1574062988_8-e1639658304832.jpg","articleSection":["M\u0259d\u0259niyy\u0259t","X\u0259b\u0259rl\u0259r"],"inLanguage":"az"},{"@type":"WebPage","@id":"https:\/\/www.meydan.tv\/az\/article\/sefure-ibrahimovanin-nadir-fotolari-numayis-etdirilib\/","url":"https:\/\/www.meydan.tv\/az\/article\/sefure-ibrahimovanin-nadir-fotolari-numayis-etdirilib\/","name":"S\u0259fur\u0259 \u0130brahimovan\u0131n nadir fotolar\u0131 n\u00fcmayi\u015f etdirilib - MEYDAN.TV","isPartOf":{"@id":"https:\/\/www.meydan.tv\/az\/#website"},"primaryImageOfPage":{"@id":"https:\/\/www.meydan.tv\/az\/article\/sefure-ibrahimovanin-nadir-fotolari-numayis-etdirilib\/#primaryimage"},"image":{"@id":"https:\/\/www.meydan.tv\/az\/article\/sefure-ibrahimovanin-nadir-fotolari-numayis-etdirilib\/#primaryimage"},"thumbnailUrl":"https:\/\/www.meydan.tv\/wp-content\/uploads\/1574062988_8-e1639658304832.jpg","datePublished":"2021-12-16T12:40:17+00:00","dateModified":"2021-12-16T12:40:18+00:00","breadcrumb":{"@id":"https:\/\/www.meydan.tv\/az\/article\/sefure-ibrahimovanin-nadir-fotolari-numayis-etdirilib\/#breadcrumb"},"inLanguage":"az","potentialAction":[{"@type":"ReadAction","target":["https:\/\/www.meydan.tv\/az\/article\/sefure-ibrahimovanin-nadir-fotolari-numayis-etdirilib\/"]}]},{"@type":"ImageObject","inLanguage":"az","@id":"https:\/\/www.meydan.tv\/az\/article\/sefure-ibrahimovanin-nadir-fotolari-numayis-etdirilib\/#primaryimage","url":"https:\/\/www.meydan.tv\/wp-content\/uploads\/1574062988_8-e1639658304832.jpg","contentUrl":"https:\/\/www.meydan.tv\/wp-content\/uploads\/1574062988_8-e1639658304832.jpg","width":703,"height":334,"caption":"S\u0259fur\u0259 \u0130brahimova, Foto: Qaynar.info"},{"@type":"BreadcrumbList","@id":"https:\/\/www.meydan.tv\/az\/article\/sefure-ibrahimovanin-nadir-fotolari-numayis-etdirilib\/#breadcrumb","itemListElement":[{"@type":"ListItem","position":1,"name":"Ana s\u0259hif\u0259","item":"https:\/\/www.meydan.tv\/az\/"},{"@type":"ListItem","position":2,"name":"M\u0259d\u0259niyy\u0259t","item":"https:\/\/www.meydan.tv\/az\/section\/medeniyyet\/"},{"@type":"ListItem","position":3,"name":"S\u0259fur\u0259 \u0130brahimovan\u0131n nadir fotolar\u0131 n\u00fcmayi\u015f etdirilib"}]},{"@type":"WebSite","@id":"https:\/\/www.meydan.tv\/az\/#website","url":"https:\/\/www.meydan.tv\/az\/","name":"MEYDAN.TV","description":"Meydan TV Az\u0259rbaycan\u0131n media m\u0259kan\u0131ndak\u0131 alternativ s\u0259sidir","publisher":{"@id":"https:\/\/www.meydan.tv\/az\/#organization"},"potentialAction":[{"@type":"SearchAction","target":{"@type":"EntryPoint","urlTemplate":"https:\/\/www.meydan.tv\/az\/?s={search_term_string}"},"query-input":{"@type":"PropertyValueSpecification","valueRequired":true,"valueName":"search_term_string"}}],"inLanguage":"az"},{"@type":"Organization","@id":"https:\/\/www.meydan.tv\/az\/#organization","name":"Meydan TV","url":"https:\/\/www.meydan.tv\/az\/","logo":{"@type":"ImageObject","inLanguage":"az","@id":"https:\/\/www.meydan.tv\/az\/#\/schema\/logo\/image\/","url":"https:\/\/www.meydan.tv\/wp-content\/uploads\/2021\/07\/meydan-logo.svg","contentUrl":"https:\/\/www.meydan.tv\/wp-content\/uploads\/2021\/07\/meydan-logo.svg","width":195,"height":46,"caption":"Meydan TV"},"image":{"@id":"https:\/\/www.meydan.tv\/az\/#\/schema\/logo\/image\/"}},{"@type":"Person","@id":"https:\/\/www.meydan.tv\/az\/#\/schema\/person\/9cdbecf90d17180ce1dfbd95b08dcf47","name":"elli","sameAs":["https:\/\/x.com\/elli"]}]}},"_links":{"self":[{"href":"https:\/\/www.meydan.tv\/az\/wp-json\/wp\/v2\/posts\/229520","targetHints":{"allow":["GET"]}}],"collection":[{"href":"https:\/\/www.meydan.tv\/az\/wp-json\/wp\/v2\/posts"}],"about":[{"href":"https:\/\/www.meydan.tv\/az\/wp-json\/wp\/v2\/types\/post"}],"author":[{"embeddable":true,"href":"https:\/\/www.meydan.tv\/az\/wp-json\/wp\/v2\/users\/8"}],"replies":[{"embeddable":true,"href":"https:\/\/www.meydan.tv\/az\/wp-json\/wp\/v2\/comments?post=229520"}],"version-history":[{"count":1,"href":"https:\/\/www.meydan.tv\/az\/wp-json\/wp\/v2\/posts\/229520\/revisions"}],"predecessor-version":[{"id":229525,"href":"https:\/\/www.meydan.tv\/az\/wp-json\/wp\/v2\/posts\/229520\/revisions\/229525"}],"wp:featuredmedia":[{"embeddable":true,"href":"https:\/\/www.meydan.tv\/az\/wp-json\/wp\/v2\/media\/229522"}],"wp:attachment":[{"href":"https:\/\/www.meydan.tv\/az\/wp-json\/wp\/v2\/media?parent=229520"}],"wp:term":[{"taxonomy":"category","embeddable":true,"href":"https:\/\/www.meydan.tv\/az\/wp-json\/wp\/v2\/categories?post=229520"},{"taxonomy":"post_tag","embeddable":true,"href":"https:\/\/www.meydan.tv\/az\/wp-json\/wp\/v2\/tags?post=229520"}],"curies":[{"name":"wp","href":"https:\/\/api.w.org\/{rel}","templated":true}]}}