{"id":229440,"date":"2021-12-16T13:59:03","date_gmt":"2021-12-16T09:59:03","guid":{"rendered":"https:\/\/www.meydan.tv\/?p=229440"},"modified":"2021-12-16T13:59:05","modified_gmt":"2021-12-16T09:59:05","slug":"mehkemeden-nermin-iten-gunu-emisi-oglu-harda-idi","status":"publish","type":"post","link":"https:\/\/www.meydan.tv\/az\/article\/mehkemeden-nermin-iten-gunu-emisi-oglu-harda-idi\/","title":{"rendered":"M\u0259hk\u0259m\u0259d\u0259n: N\u0259rmin it\u0259n g\u00fcn\u00fc \u0259misi o\u011flu harda idi?"},"content":{"rendered":"\n<p><em>T\u0259qsirl\u0259ndiril\u0259n \u015f\u0259xsin qohumu: &#8220;N\u0259rmin cinay\u0259tinin arxas\u0131nda \u00e7ox ciddi m\u0259mur dayan\u0131r&#8221;<\/em><br><\/p>\n\n\n\n<p>Tovuz rayonunun Dondar Qu\u015f\u00e7u k\u0259nd sakini, 10 ya\u015fl\u0131 N\u0259rmin Quliyevan\u0131n itkin d\u00fc\u015fm\u0259si, 47 g\u00fcn sonra yand\u0131r\u0131lm\u0131\u015f v\u0259ziyy\u0259td\u0259 meyitinin tap\u0131lmas\u0131yla ba\u011fl\u0131 m\u0259hk\u0259m\u0259 ara\u015fd\u0131rmalar\u0131 davam edir. Onun c\u0259s\u0259di 2019-cu il noyabr\u0131n 21-d\u0259 tap\u0131l\u0131b.<\/p>\n\n\n\n<p>Dekabr\u0131n 15-d\u0259 G\u0259nc\u0259 A\u011f\u0131r Cinay\u0259tl\u0259r M\u0259hk\u0259m\u0259sind\u0259 hakim Dada\u015f \u0130manovun s\u0259drliyil\u0259 ke\u00e7iril\u0259n m\u0259hk\u0259m\u0259 prosesind\u0259 azya\u015fl\u0131n\u0131n \u0259misi L\u0259tif Quliyev dindirilib.<\/p>\n\n\n\n<p>1973-c\u00fc il t\u0259v\u0259ll\u00fcdl\u00fc L\u0259tif Quliyev h\u0259min \u015f\u0259xsdir ki, N\u0259rmin sonuncu d\u0259f\u0259 onun evind\u0259 olub v\u0259 oradan \u00e7\u0131x\u0131b itkin d\u00fc\u015f\u00fcb.<\/p>\n\n\n\n<p>L\u0259tif Quliyev m\u0259hk\u0259m\u0259d\u0259ki ifad\u0259sind\u0259 bildirib ki, hadis\u0259 g\u00fcn\u00fc N\u0259rmin atas\u0131na aparaca\u011f\u0131 g\u00f6d\u0259k\u00e7\u0259 \u00fc\u00e7\u00fcn onlara g\u0259lib. Lakin h\u0259min vaxt o, yatm\u0131\u015f oldu\u011funa g\u00f6r\u0259 qarda\u015f\u0131 q\u0131z\u0131n\u0131 g\u00f6rm\u0259yib. Onun s\u00f6zl\u0259rin\u0259 g\u00f6r\u0259, N\u0259rmin g\u00fcnorta saat 2 rad\u0259l\u0259rind\u0259 g\u0259lib. O is\u0259 nahar yem\u0259yind\u0259n sonra yat\u0131b, ax\u015fam saat 5 rad\u0259l\u0259rind\u0259 oyan\u0131b. Oyanandan az sonra bac\u0131-qarda\u015flar\u0131, o c\u00fcml\u0259d\u0259n N\u0259rminin atas\u0131 \u015e\u0259rif Quliyevl\u0259 birlikd\u0259 topla\u015f\u0131b, o biri qarda\u015f\u0131 q\u0131z\u0131n\u0131n toyu il\u0259 \u0259laq\u0259dar &#8220;ciy\u0259rax\u015fam\u0131&#8221;na gedibl\u0259r. Oradan ax\u015fam 8 rad\u0259l\u0259rind\u0259 qay\u0131d\u0131blar.<\/p>\n\n\n\n<p>Azya\u015fl\u0131n\u0131 o\u011furlay\u0131b q\u0259tl\u0259 yetirm\u0259kd\u0259 ittiham olunan \u0130lkin S\u00fcleymanovun v\u0259kili \u018flibaba Rzayev bildirib ki, L\u0259tif Quliyevin istintaqa ifad\u0259sil\u0259 m\u0259hk\u0259m\u0259d\u0259 s\u00f6yl\u0259dikl\u0259ri aras\u0131nda k\u0259skin ziddiyy\u0259tl\u0259r var. Bu s\u0259b\u0259bd\u0259n hakim onun istintaqdak\u0131 ifad\u0259sini elan edib.<\/p>\n\n\n\n<p>L\u0259tif Quliyev h\u0259min ifad\u0259d\u0259 N\u0259rminin onlara g\u0259li\u015fini, h\u0259min vaxt q\u0131z\u0131n \u0259ynind\u0259 olan geyiml\u0259ri (q\u0131rm\u0131z\u0131 g\u00f6d\u0259k\u00e7\u0259, idman ayaqqab\u0131s\u0131, cins \u015falvar), azya\u015fl\u0131 o\u011flu Ayxan\u0131n hamam\u0131n qap\u0131s\u0131n\u0131 a\u00e7mas\u0131n\u0131, orada olan g\u00f6d\u0259k\u00e7\u0259ni \u0259misi q\u0131z\u0131na verm\u0259si v\u0259 s. m\u0259qamlar\u0131 \u0259trafl\u0131 t\u0259svir edib.<\/p>\n\n\n\n<p>&#8220;Nec\u0259 olur ki, siz yata-yata bunlar\u0131 g\u00f6rm\u00fcs\u00fcn\u00fcz?&#8221;, &#8211; v\u0259kil soru\u015fub. O bildirib ki, hadis\u0259d\u0259n sonra o\u011flu Ayxandan bunlar\u0131 e\u015fidib. V\u0259kill\u0259r t\u0259\u0259cc\u00fcbl\u0259nib ki, 10 ya\u015fl\u0131 Ayxan ba\u015f ver\u0259nl\u0259ri bu q\u0259d\u0259r detall\u0131 \u015f\u0259kild\u0259 dan\u0131\u015fa bilm\u0259zdi.<\/p>\n\n\n\n<p>L\u0259tif Quliyev ifad\u0259l\u0259rind\u0259 hadis\u0259 g\u00fcn\u00fc b\u00f6y\u00fck o\u011flu Ruslan haqda, N\u0259rmin g\u0259ldiyi vaxt onun harada olmas\u0131 bar\u0259d\u0259 he\u00e7 n\u0259 dan\u0131\u015fmay\u0131b. H\u0259m hakim, h\u0259m d\u0259 v\u0259kill\u0259r ona bu haqda suallar verib.<\/p>\n\n\n\n<p>Ruslan Quliyevin hadis\u0259 g\u00fcn\u00fc harada olmas\u0131 haqda dan\u0131\u015fan atas\u0131 bu bar\u0259d\u0259 d\u0259 ziddiyy\u0259tli fikirl\u0259r s\u0259sl\u0259ndirib. Hakim v\u0259 m\u00fcdafi\u0259\u00e7il\u0259r d\u0259 bu ziddiyy\u0259tl\u0259ri onun n\u0259z\u0259rin\u0259 \u00e7atd\u0131r\u0131b.<\/p>\n\n\n\n<p>M\u00fcdafi\u0259 t\u0259r\u0259fi v\u0259sat\u0259t qald\u0131r\u0131b ki, L\u0259tif Quliyevin o\u011flu Ruslan Quliyev d\u0259 m\u0259hk\u0259m\u0259d\u0259 \u015fahid qismind\u0259 dindirilsin. Hakim bildirib ki, h\u0259l\u0259lik ittiham t\u0259r\u0259fin \u015fahidl\u0259rinin dindirilm\u0259si m\u0259rh\u0259l\u0259sidir. O \u015fahidl\u0259rd\u0259n sonra \u0259lav\u0259 \u015fahidl\u0259rin dindirilm\u0259si m\u0259rh\u0259l\u0259sind\u0259 bu m\u0259s\u0259l\u0259y\u0259 bax\u0131lacaq.<\/p>\n\n\n\n<p>L\u0259tif Quliyev ifad\u0259sind\u0259 onu da bildirib ki, qarda\u015f\u0131 \u015e\u0259rif Quliyevin \u0259rzaq ma\u011fazas\u0131na borcu olurdu.<br>Dindirm\u0259 zaman\u0131 o da ayd\u0131nla\u015f\u0131b ki, L\u0259tif Quliyev \u0259vv\u0259ll\u0259r o\u011furlu\u011fa g\u00f6r\u0259 h\u0259bs h\u0259yat\u0131 ya\u015fay\u0131b.<\/p>\n\n\n\n<p>M\u0259hk\u0259m\u0259 prosesi dekabr\u0131n 22-d\u0259 davam ed\u0259c\u0259k.<\/p>\n\n\n\n<p>\u0130lkin S\u00fcleymanovun yax\u0131nlar\u0131 m\u0259hk\u0259m\u0259d\u0259n sonra jurnalistl\u0259r\u0259 a\u00e7\u0131qlamas\u0131nda bildiribl\u0259r ki, onlar bu m\u0259hk\u0259m\u0259 iclaslar\u0131n\u0131n video\u00e7\u0259kili\u015fl\u0259 apar\u0131lmas\u0131n\u0131 ist\u0259yirl\u0259r. M\u0259qs\u0259d is\u0259 \u00fcz\u0259 \u00e7\u0131xan h\u0259qiq\u0259tl\u0259rl\u0259 ba\u011fl\u0131 s\u00fcbutlar\u0131 saxlamaqd\u0131r.<\/p>\n\n\n\n<div class=\"wp-block-image\"><figure class=\"alignright size-large is-resized\"><img decoding=\"async\" data-src=\"https:\/\/www.meydan.tv\/wp-content\/uploads\/photo-2021-12-16-12-44-40-1095x821.jpg\" alt=\"\" class=\"wp-image-229434 lazyload\" width=\"436\" height=\"326\" src=\"data:image\/svg+xml;base64,PHN2ZyB3aWR0aD0iMSIgaGVpZ2h0PSIxIiB4bWxucz0iaHR0cDovL3d3dy53My5vcmcvMjAwMC9zdmciPjwvc3ZnPg==\" style=\"--smush-placeholder-width: 436px; --smush-placeholder-aspect-ratio: 436\/326;\" \/><figcaption>\u0130lkin S\u00fcleymanovun \u0259misi o\u011flu Tariyel S\u00fcleymanov, Foto: Meydan TV<\/figcaption><\/figure><\/div>\n\n\n\n<p>&#8220;Bu, h\u0259m d\u0259 m\u0259hk\u0259m\u0259nin \u00f6z\u00fc \u00fc\u00e7\u00fcn vacibdir. Sabah biz v\u0259 ya qar\u015f\u0131 t\u0259r\u0259f n\u0259yis\u0259 iddia ets\u0259k, ortaya qoyulsun ki, bax\u0131n, v\u0259ziyy\u0259t bel\u0259dir. Biz qorxuruq ki, istintaqa t\u0259sir g\u00f6st\u0259r\u0259n, \u0259lind\u0259 t\u0259sir imkanlar\u0131 olan q\u00fcvv\u0259 m\u0259hk\u0259m\u0259y\u0259 d\u0259 t\u0259sir g\u00f6st\u0259r\u0259 bil\u0259r\u201d, &#8211; \u0130lkin S\u00fcleymanovun \u0259misi o\u011flu Tariyel S\u00fcleymanov Meydan TV-y\u0259 bildirib:<\/p>\n\n\n\n<p>\u201cHesab edirik ki, azya\u015fl\u0131 N\u0259rminin ba\u015f\u0131na g\u0259l\u0259nl\u0259r v\u0259 bu cinay\u0259tin \u0259sl g\u00fcnahkarlar\u0131n\u0131n \u00f6rt-basd\u0131r edilm\u0259sinin arxas\u0131nda \u00e7ox ciddi m\u0259mur dayan\u0131b. M\u0259hz onun t\u0259siri \u00fcz\u00fcnd\u0259n bu i\u015f istintaqda normal ara\u015fd\u0131r\u0131lmad\u0131. Qorxuruq ki, \u0259lind\u0259 s\u0259lahiyy\u0259t olan h\u0259min m\u0259mur m\u0259hk\u0259m\u0259nin d\u0259 n\u0259tic\u0259sin\u0259 t\u0259sir g\u00f6st\u0259r\u0259r. D\u00fcz\u00fc, hakiml\u0259rin haz\u0131rk\u0131 ara\u015fd\u0131rmalar\u0131 bizi qane edir. Amma n\u0259tic\u0259d\u0259n narahat\u0131q. El\u0259 ona g\u00f6r\u0259 video\u00e7\u0259kili\u015f ist\u0259yirik&#8221;.<\/p>\n\n\n\n<p>\u0130lkin S\u00fcleymanovun qarda\u015f\u0131 Adil S\u00fcleymanov iddia edir ki, N\u0259rmin Quliyevan\u0131n qohumlar\u0131 h\u0259qiq\u0259tin \u00fcz\u0259 \u00e7\u0131xmas\u0131nda maraql\u0131 deyil. Bu da m\u0259s\u0259l\u0259ni daha da q\u0259lizl\u0259\u015fdirir:<\/p>\n\n\n\n<p>&#8220;Buna \u00e7ox t\u0259\u0259ss\u00fcf edirik. A\u00e7\u0131q-a\u015fkar g\u00f6r\u00fcn\u00fcr ki, bir \u00e7ox h\u0259qiq\u0259ti \u00f6zl\u0259ri gizl\u0259dirl\u0259r. \u0130fad\u0259l\u0259rind\u0259ki ziddiyy\u0259tl\u0259r d\u0259 bundan ir\u0259li g\u0259lir. L\u0259tif Quliyevin\u00a0dindirm\u0259sind\u0259 d\u0259 bu g\u00f6r\u00fcnd\u00fc. Biz hesab edirik ki, o, h\u0259min vaxt yatmay\u0131b. Ziddiyy\u0259tli ifad\u0259l\u0259r d\u0259 bununla ba\u011fl\u0131 \u015f\u00fcbh\u0259l\u0259ri art\u0131r\u0131r. N\u0259rmin itkin d\u00fc\u015f\u0259n vaxtlarda onun ana n\u0259n\u0259si Minay\u0259 xan\u0131m a\u00e7\u0131q \u015f\u0259kild\u0259 efird\u0259 deyirdi ki, \u015f\u00fcbh\u0259l\u0259ndiyi \u0259sas adamlardan biri \u0259misidir. L\u0259tif Quliyev b\u00f6y\u00fck o\u011flu Ruslanla ba\u011fl\u0131 da ziddiyy\u0259tli dan\u0131\u015f\u0131rd\u0131. G\u00f6r\u00fcn\u00fcr, Ruslan da n\u0259l\u0259rs\u0259 bilir\u2026&#8221;.<\/p>\n\n\n\n<div class=\"wp-block-image\"><figure class=\"alignleft size-large is-resized\"><img decoding=\"async\" data-src=\"https:\/\/www.meydan.tv\/wp-content\/uploads\/photo-2021-12-16-12-45-03-1095x821.jpg\" alt=\"\" class=\"wp-image-229437 lazyload\" width=\"482\" height=\"361\" src=\"data:image\/svg+xml;base64,PHN2ZyB3aWR0aD0iMSIgaGVpZ2h0PSIxIiB4bWxucz0iaHR0cDovL3d3dy53My5vcmcvMjAwMC9zdmciPjwvc3ZnPg==\" style=\"--smush-placeholder-width: 482px; --smush-placeholder-aspect-ratio: 482\/361;\" \/><figcaption>\u0130lkin S\u00fcleymanovun qarda\u015f\u0131 Adil S\u00fcleymanov, Foto: Meydan TV<\/figcaption><\/figure><\/div>\n\n\n\n<p>1973-c\u00fc il t\u0259v\u0259ll\u00fcdl\u00fc \u0130lkin S\u00fcleymanov Cinay\u0259t M\u0259c\u0259ll\u0259sinin 120.2.4 (x\u00fcsusi amans\u0131zl\u0131qla q\u0259sd\u0259n adam \u00f6ld\u00fcrm\u0259), 120.2.9 (t\u0259qsirkar \u015f\u0259xs \u00fc\u00e7\u00fcn a\u015fkar sur\u0259td\u0259 k\u00f6m\u0259ksiz v\u0259ziyy\u0259td\u0259 olan adam\u0131 q\u0259sd\u0259n \u00f6ld\u00fcrm\u0259), 144.3 (adam o\u011furlu\u011fu) v\u0259 ba\u015fqa madd\u0259l\u0259ril\u0259 ittiham olunur. \u0130ttihama \u0259sas\u0259n, o, sinif yolda\u015f\u0131 \u015e\u0259rif Quliyevin ail\u0259si, u\u015faqlar\u0131 oldu\u011funa g\u00f6r\u0259 onu q\u0131sqan\u0131b, buna g\u00f6r\u0259 d\u0259 onun q\u0131z\u0131 N\u0259rmini o\u011furlayaraq, 47 g\u00fcn sonra q\u0259tl\u0259 yetirib.<\/p>\n\n\n\n<p>\u0130lkin S\u00fcleymanov is\u0259 azya\u015fl\u0131n\u0131n \u00f6l\u00fcm\u00fcn\u0259 aidiyy\u0259ti olmad\u0131\u011f\u0131n\u0131 deyir. \u0130lkin ifad\u0259sind\u0259ki etirafa g\u0259linc\u0259, o bildirib ki, 2020-ci il yanvar\u0131n 6-dan 10-na q\u0259d\u0259r Tovuz rayon Polis \u015e\u00f6b\u0259sind\u0259 i\u015fg\u0259nc\u0259y\u0259 m\u0259ruz qal\u0131b. D\u00f6rd g\u00fcn sonra i\u015fg\u0259nc\u0259l\u0259r\u0259 d\u00f6zm\u0259y\u0259r\u0259k, etiraf ifad\u0259sin\u0259 imza atma\u011fa m\u0259cbur olub.<\/p>\n","protected":false},"excerpt":{"rendered":"<p>T\u0259qsirl\u0259ndiril\u0259n \u015f\u0259xsin qohumu: &#8220;N\u0259rmin cinay\u0259tinin arxas\u0131nda \u00e7ox ciddi m\u0259mur dayan\u0131r&#8221; &#8230; <\/p>\n<p class=\"read-more-container\"><a title=\"M\u0259hk\u0259m\u0259d\u0259n: N\u0259rmin it\u0259n g\u00fcn\u00fc \u0259misi o\u011flu harda idi?\" class=\"read-more button\" href=\"https:\/\/www.meydan.tv\/az\/article\/mehkemeden-nermin-iten-gunu-emisi-oglu-harda-idi\/#more-229440\" aria-label=\"Read more about M\u0259hk\u0259m\u0259d\u0259n: N\u0259rmin it\u0259n g\u00fcn\u00fc \u0259misi o\u011flu harda idi?\">Davam\u0131<\/a><\/p>\n","protected":false},"author":8,"featured_media":229443,"comment_status":"closed","ping_status":"closed","sticky":false,"template":"","format":"standard","meta":{"_acf_changed":false,"_sitemap_exclude":false,"_sitemap_priority":"","_sitemap_frequency":"","footnotes":""},"categories":[60,79,56],"tags":[],"class_list":["post-229440","post","type-post","status-publish","format-standard","has-post-thumbnail","hentry","category-bolge","category-featured","category-xeberler","infinite-scroll-item","generate-columns","tablet-grid-50","mobile-grid-100","grid-parent","grid-33","no-featured-image-padding"],"acf":[],"yoast_head":"<!-- This site is optimized with the Yoast SEO plugin v27.5 - https:\/\/yoast.com\/product\/yoast-seo-wordpress\/ -->\n<title>M\u0259hk\u0259m\u0259d\u0259n: N\u0259rmin it\u0259n g\u00fcn\u00fc \u0259misi o\u011flu harda idi? - MEYDAN.TV<\/title>\n<meta name=\"robots\" content=\"index, follow, max-snippet:-1, max-image-preview:large, max-video-preview:-1\" \/>\n<link rel=\"canonical\" href=\"https:\/\/www.meydan.tv\/az\/article\/mehkemeden-nermin-iten-gunu-emisi-oglu-harda-idi\/\" \/>\n<meta property=\"og:locale\" content=\"az_AZ\" \/>\n<meta property=\"og:type\" content=\"article\" \/>\n<meta property=\"og:title\" content=\"M\u0259hk\u0259m\u0259d\u0259n: N\u0259rmin it\u0259n g\u00fcn\u00fc \u0259misi o\u011flu harda idi? - MEYDAN.TV\" \/>\n<meta property=\"og:description\" content=\"T\u0259qsirl\u0259ndiril\u0259n \u015f\u0259xsin qohumu: &#8220;N\u0259rmin cinay\u0259tinin arxas\u0131nda \u00e7ox ciddi m\u0259mur dayan\u0131r&#8221; ... Davam\u0131\" \/>\n<meta property=\"og:url\" content=\"https:\/\/www.meydan.tv\/az\/article\/mehkemeden-nermin-iten-gunu-emisi-oglu-harda-idi\/\" \/>\n<meta property=\"og:site_name\" content=\"MEYDAN.TV\" \/>\n<meta property=\"article:published_time\" content=\"2021-12-16T09:59:03+00:00\" \/>\n<meta property=\"article:modified_time\" content=\"2021-12-16T09:59:05+00:00\" \/>\n<meta property=\"og:image\" content=\"https:\/\/www.meydan.tv\/wp-content\/uploads\/ilkin_suleymanov_720-e1639648627754.jpg\" \/>\n\t<meta property=\"og:image:width\" content=\"719\" \/>\n\t<meta property=\"og:image:height\" content=\"363\" \/>\n\t<meta property=\"og:image:type\" content=\"image\/jpeg\" \/>\n<meta name=\"author\" content=\"elli\" \/>\n<meta name=\"twitter:card\" content=\"summary_large_image\" \/>\n<meta name=\"twitter:creator\" content=\"@elli\" \/>\n<script type=\"application\/ld+json\" class=\"yoast-schema-graph\">{\"@context\":\"https:\\\/\\\/schema.org\",\"@graph\":[{\"@type\":\"Article\",\"@id\":\"https:\\\/\\\/www.meydan.tv\\\/az\\\/article\\\/mehkemeden-nermin-iten-gunu-emisi-oglu-harda-idi\\\/#article\",\"isPartOf\":{\"@id\":\"https:\\\/\\\/www.meydan.tv\\\/az\\\/article\\\/mehkemeden-nermin-iten-gunu-emisi-oglu-harda-idi\\\/\"},\"author\":{\"name\":\"elli\",\"@id\":\"https:\\\/\\\/www.meydan.tv\\\/az\\\/#\\\/schema\\\/person\\\/9cdbecf90d17180ce1dfbd95b08dcf47\"},\"headline\":\"M\u0259hk\u0259m\u0259d\u0259n: N\u0259rmin it\u0259n g\u00fcn\u00fc \u0259misi o\u011flu harda idi?\",\"datePublished\":\"2021-12-16T09:59:03+00:00\",\"dateModified\":\"2021-12-16T09:59:05+00:00\",\"mainEntityOfPage\":{\"@id\":\"https:\\\/\\\/www.meydan.tv\\\/az\\\/article\\\/mehkemeden-nermin-iten-gunu-emisi-oglu-harda-idi\\\/\"},\"wordCount\":1234,\"publisher\":{\"@id\":\"https:\\\/\\\/www.meydan.tv\\\/az\\\/#organization\"},\"image\":{\"@id\":\"https:\\\/\\\/www.meydan.tv\\\/az\\\/article\\\/mehkemeden-nermin-iten-gunu-emisi-oglu-harda-idi\\\/#primaryimage\"},\"thumbnailUrl\":\"https:\\\/\\\/www.meydan.tv\\\/wp-content\\\/uploads\\\/ilkin_suleymanov_720-e1639648627754.jpg\",\"articleSection\":[\"B\u00f6lg\u0259\",\"T\u00f6vsiy\u0259\",\"X\u0259b\u0259rl\u0259r\"],\"inLanguage\":\"az\"},{\"@type\":\"WebPage\",\"@id\":\"https:\\\/\\\/www.meydan.tv\\\/az\\\/article\\\/mehkemeden-nermin-iten-gunu-emisi-oglu-harda-idi\\\/\",\"url\":\"https:\\\/\\\/www.meydan.tv\\\/az\\\/article\\\/mehkemeden-nermin-iten-gunu-emisi-oglu-harda-idi\\\/\",\"name\":\"M\u0259hk\u0259m\u0259d\u0259n: N\u0259rmin it\u0259n g\u00fcn\u00fc \u0259misi o\u011flu harda idi? - MEYDAN.TV\",\"isPartOf\":{\"@id\":\"https:\\\/\\\/www.meydan.tv\\\/az\\\/#website\"},\"primaryImageOfPage\":{\"@id\":\"https:\\\/\\\/www.meydan.tv\\\/az\\\/article\\\/mehkemeden-nermin-iten-gunu-emisi-oglu-harda-idi\\\/#primaryimage\"},\"image\":{\"@id\":\"https:\\\/\\\/www.meydan.tv\\\/az\\\/article\\\/mehkemeden-nermin-iten-gunu-emisi-oglu-harda-idi\\\/#primaryimage\"},\"thumbnailUrl\":\"https:\\\/\\\/www.meydan.tv\\\/wp-content\\\/uploads\\\/ilkin_suleymanov_720-e1639648627754.jpg\",\"datePublished\":\"2021-12-16T09:59:03+00:00\",\"dateModified\":\"2021-12-16T09:59:05+00:00\",\"breadcrumb\":{\"@id\":\"https:\\\/\\\/www.meydan.tv\\\/az\\\/article\\\/mehkemeden-nermin-iten-gunu-emisi-oglu-harda-idi\\\/#breadcrumb\"},\"inLanguage\":\"az\",\"potentialAction\":[{\"@type\":\"ReadAction\",\"target\":[\"https:\\\/\\\/www.meydan.tv\\\/az\\\/article\\\/mehkemeden-nermin-iten-gunu-emisi-oglu-harda-idi\\\/\"]}]},{\"@type\":\"ImageObject\",\"inLanguage\":\"az\",\"@id\":\"https:\\\/\\\/www.meydan.tv\\\/az\\\/article\\\/mehkemeden-nermin-iten-gunu-emisi-oglu-harda-idi\\\/#primaryimage\",\"url\":\"https:\\\/\\\/www.meydan.tv\\\/wp-content\\\/uploads\\\/ilkin_suleymanov_720-e1639648627754.jpg\",\"contentUrl\":\"https:\\\/\\\/www.meydan.tv\\\/wp-content\\\/uploads\\\/ilkin_suleymanov_720-e1639648627754.jpg\",\"width\":719,\"height\":363,\"caption\":\"\u0130lkin S\u00fcleymanov, Foto: Meydan TV\"},{\"@type\":\"BreadcrumbList\",\"@id\":\"https:\\\/\\\/www.meydan.tv\\\/az\\\/article\\\/mehkemeden-nermin-iten-gunu-emisi-oglu-harda-idi\\\/#breadcrumb\",\"itemListElement\":[{\"@type\":\"ListItem\",\"position\":1,\"name\":\"Ana s\u0259hif\u0259\",\"item\":\"https:\\\/\\\/www.meydan.tv\\\/az\\\/\"},{\"@type\":\"ListItem\",\"position\":2,\"name\":\"B\u00f6lg\u0259\",\"item\":\"https:\\\/\\\/www.meydan.tv\\\/az\\\/section\\\/bolge\\\/\"},{\"@type\":\"ListItem\",\"position\":3,\"name\":\"M\u0259hk\u0259m\u0259d\u0259n: N\u0259rmin it\u0259n g\u00fcn\u00fc \u0259misi o\u011flu harda idi?\"}]},{\"@type\":\"WebSite\",\"@id\":\"https:\\\/\\\/www.meydan.tv\\\/az\\\/#website\",\"url\":\"https:\\\/\\\/www.meydan.tv\\\/az\\\/\",\"name\":\"MEYDAN.TV\",\"description\":\"Meydan TV Az\u0259rbaycan\u0131n media m\u0259kan\u0131ndak\u0131 alternativ s\u0259sidir\",\"publisher\":{\"@id\":\"https:\\\/\\\/www.meydan.tv\\\/az\\\/#organization\"},\"potentialAction\":[{\"@type\":\"SearchAction\",\"target\":{\"@type\":\"EntryPoint\",\"urlTemplate\":\"https:\\\/\\\/www.meydan.tv\\\/az\\\/?s={search_term_string}\"},\"query-input\":{\"@type\":\"PropertyValueSpecification\",\"valueRequired\":true,\"valueName\":\"search_term_string\"}}],\"inLanguage\":\"az\"},{\"@type\":\"Organization\",\"@id\":\"https:\\\/\\\/www.meydan.tv\\\/az\\\/#organization\",\"name\":\"Meydan TV\",\"url\":\"https:\\\/\\\/www.meydan.tv\\\/az\\\/\",\"logo\":{\"@type\":\"ImageObject\",\"inLanguage\":\"az\",\"@id\":\"https:\\\/\\\/www.meydan.tv\\\/az\\\/#\\\/schema\\\/logo\\\/image\\\/\",\"url\":\"https:\\\/\\\/www.meydan.tv\\\/wp-content\\\/uploads\\\/2021\\\/07\\\/meydan-logo.svg\",\"contentUrl\":\"https:\\\/\\\/www.meydan.tv\\\/wp-content\\\/uploads\\\/2021\\\/07\\\/meydan-logo.svg\",\"width\":195,\"height\":46,\"caption\":\"Meydan TV\"},\"image\":{\"@id\":\"https:\\\/\\\/www.meydan.tv\\\/az\\\/#\\\/schema\\\/logo\\\/image\\\/\"}},{\"@type\":\"Person\",\"@id\":\"https:\\\/\\\/www.meydan.tv\\\/az\\\/#\\\/schema\\\/person\\\/9cdbecf90d17180ce1dfbd95b08dcf47\",\"name\":\"elli\",\"sameAs\":[\"https:\\\/\\\/x.com\\\/elli\"]}]}<\/script>\n<!-- \/ Yoast SEO plugin. -->","yoast_head_json":{"title":"M\u0259hk\u0259m\u0259d\u0259n: N\u0259rmin it\u0259n g\u00fcn\u00fc \u0259misi o\u011flu harda idi? - MEYDAN.TV","robots":{"index":"index","follow":"follow","max-snippet":"max-snippet:-1","max-image-preview":"max-image-preview:large","max-video-preview":"max-video-preview:-1"},"canonical":"https:\/\/www.meydan.tv\/az\/article\/mehkemeden-nermin-iten-gunu-emisi-oglu-harda-idi\/","og_locale":"az_AZ","og_type":"article","og_title":"M\u0259hk\u0259m\u0259d\u0259n: N\u0259rmin it\u0259n g\u00fcn\u00fc \u0259misi o\u011flu harda idi? - MEYDAN.TV","og_description":"T\u0259qsirl\u0259ndiril\u0259n \u015f\u0259xsin qohumu: &#8220;N\u0259rmin cinay\u0259tinin arxas\u0131nda \u00e7ox ciddi m\u0259mur dayan\u0131r&#8221; ... Davam\u0131","og_url":"https:\/\/www.meydan.tv\/az\/article\/mehkemeden-nermin-iten-gunu-emisi-oglu-harda-idi\/","og_site_name":"MEYDAN.TV","article_published_time":"2021-12-16T09:59:03+00:00","article_modified_time":"2021-12-16T09:59:05+00:00","og_image":[{"width":719,"height":363,"url":"https:\/\/www.meydan.tv\/wp-content\/uploads\/ilkin_suleymanov_720-e1639648627754.jpg","type":"image\/jpeg"}],"author":"elli","twitter_card":"summary_large_image","twitter_creator":"@elli","schema":{"@context":"https:\/\/schema.org","@graph":[{"@type":"Article","@id":"https:\/\/www.meydan.tv\/az\/article\/mehkemeden-nermin-iten-gunu-emisi-oglu-harda-idi\/#article","isPartOf":{"@id":"https:\/\/www.meydan.tv\/az\/article\/mehkemeden-nermin-iten-gunu-emisi-oglu-harda-idi\/"},"author":{"name":"elli","@id":"https:\/\/www.meydan.tv\/az\/#\/schema\/person\/9cdbecf90d17180ce1dfbd95b08dcf47"},"headline":"M\u0259hk\u0259m\u0259d\u0259n: N\u0259rmin it\u0259n g\u00fcn\u00fc \u0259misi o\u011flu harda idi?","datePublished":"2021-12-16T09:59:03+00:00","dateModified":"2021-12-16T09:59:05+00:00","mainEntityOfPage":{"@id":"https:\/\/www.meydan.tv\/az\/article\/mehkemeden-nermin-iten-gunu-emisi-oglu-harda-idi\/"},"wordCount":1234,"publisher":{"@id":"https:\/\/www.meydan.tv\/az\/#organization"},"image":{"@id":"https:\/\/www.meydan.tv\/az\/article\/mehkemeden-nermin-iten-gunu-emisi-oglu-harda-idi\/#primaryimage"},"thumbnailUrl":"https:\/\/www.meydan.tv\/wp-content\/uploads\/ilkin_suleymanov_720-e1639648627754.jpg","articleSection":["B\u00f6lg\u0259","T\u00f6vsiy\u0259","X\u0259b\u0259rl\u0259r"],"inLanguage":"az"},{"@type":"WebPage","@id":"https:\/\/www.meydan.tv\/az\/article\/mehkemeden-nermin-iten-gunu-emisi-oglu-harda-idi\/","url":"https:\/\/www.meydan.tv\/az\/article\/mehkemeden-nermin-iten-gunu-emisi-oglu-harda-idi\/","name":"M\u0259hk\u0259m\u0259d\u0259n: N\u0259rmin it\u0259n g\u00fcn\u00fc \u0259misi o\u011flu harda idi? - MEYDAN.TV","isPartOf":{"@id":"https:\/\/www.meydan.tv\/az\/#website"},"primaryImageOfPage":{"@id":"https:\/\/www.meydan.tv\/az\/article\/mehkemeden-nermin-iten-gunu-emisi-oglu-harda-idi\/#primaryimage"},"image":{"@id":"https:\/\/www.meydan.tv\/az\/article\/mehkemeden-nermin-iten-gunu-emisi-oglu-harda-idi\/#primaryimage"},"thumbnailUrl":"https:\/\/www.meydan.tv\/wp-content\/uploads\/ilkin_suleymanov_720-e1639648627754.jpg","datePublished":"2021-12-16T09:59:03+00:00","dateModified":"2021-12-16T09:59:05+00:00","breadcrumb":{"@id":"https:\/\/www.meydan.tv\/az\/article\/mehkemeden-nermin-iten-gunu-emisi-oglu-harda-idi\/#breadcrumb"},"inLanguage":"az","potentialAction":[{"@type":"ReadAction","target":["https:\/\/www.meydan.tv\/az\/article\/mehkemeden-nermin-iten-gunu-emisi-oglu-harda-idi\/"]}]},{"@type":"ImageObject","inLanguage":"az","@id":"https:\/\/www.meydan.tv\/az\/article\/mehkemeden-nermin-iten-gunu-emisi-oglu-harda-idi\/#primaryimage","url":"https:\/\/www.meydan.tv\/wp-content\/uploads\/ilkin_suleymanov_720-e1639648627754.jpg","contentUrl":"https:\/\/www.meydan.tv\/wp-content\/uploads\/ilkin_suleymanov_720-e1639648627754.jpg","width":719,"height":363,"caption":"\u0130lkin S\u00fcleymanov, Foto: Meydan TV"},{"@type":"BreadcrumbList","@id":"https:\/\/www.meydan.tv\/az\/article\/mehkemeden-nermin-iten-gunu-emisi-oglu-harda-idi\/#breadcrumb","itemListElement":[{"@type":"ListItem","position":1,"name":"Ana s\u0259hif\u0259","item":"https:\/\/www.meydan.tv\/az\/"},{"@type":"ListItem","position":2,"name":"B\u00f6lg\u0259","item":"https:\/\/www.meydan.tv\/az\/section\/bolge\/"},{"@type":"ListItem","position":3,"name":"M\u0259hk\u0259m\u0259d\u0259n: N\u0259rmin it\u0259n g\u00fcn\u00fc \u0259misi o\u011flu harda idi?"}]},{"@type":"WebSite","@id":"https:\/\/www.meydan.tv\/az\/#website","url":"https:\/\/www.meydan.tv\/az\/","name":"MEYDAN.TV","description":"Meydan TV Az\u0259rbaycan\u0131n media m\u0259kan\u0131ndak\u0131 alternativ s\u0259sidir","publisher":{"@id":"https:\/\/www.meydan.tv\/az\/#organization"},"potentialAction":[{"@type":"SearchAction","target":{"@type":"EntryPoint","urlTemplate":"https:\/\/www.meydan.tv\/az\/?s={search_term_string}"},"query-input":{"@type":"PropertyValueSpecification","valueRequired":true,"valueName":"search_term_string"}}],"inLanguage":"az"},{"@type":"Organization","@id":"https:\/\/www.meydan.tv\/az\/#organization","name":"Meydan TV","url":"https:\/\/www.meydan.tv\/az\/","logo":{"@type":"ImageObject","inLanguage":"az","@id":"https:\/\/www.meydan.tv\/az\/#\/schema\/logo\/image\/","url":"https:\/\/www.meydan.tv\/wp-content\/uploads\/2021\/07\/meydan-logo.svg","contentUrl":"https:\/\/www.meydan.tv\/wp-content\/uploads\/2021\/07\/meydan-logo.svg","width":195,"height":46,"caption":"Meydan TV"},"image":{"@id":"https:\/\/www.meydan.tv\/az\/#\/schema\/logo\/image\/"}},{"@type":"Person","@id":"https:\/\/www.meydan.tv\/az\/#\/schema\/person\/9cdbecf90d17180ce1dfbd95b08dcf47","name":"elli","sameAs":["https:\/\/x.com\/elli"]}]}},"_links":{"self":[{"href":"https:\/\/www.meydan.tv\/az\/wp-json\/wp\/v2\/posts\/229440","targetHints":{"allow":["GET"]}}],"collection":[{"href":"https:\/\/www.meydan.tv\/az\/wp-json\/wp\/v2\/posts"}],"about":[{"href":"https:\/\/www.meydan.tv\/az\/wp-json\/wp\/v2\/types\/post"}],"author":[{"embeddable":true,"href":"https:\/\/www.meydan.tv\/az\/wp-json\/wp\/v2\/users\/8"}],"replies":[{"embeddable":true,"href":"https:\/\/www.meydan.tv\/az\/wp-json\/wp\/v2\/comments?post=229440"}],"version-history":[{"count":1,"href":"https:\/\/www.meydan.tv\/az\/wp-json\/wp\/v2\/posts\/229440\/revisions"}],"predecessor-version":[{"id":229446,"href":"https:\/\/www.meydan.tv\/az\/wp-json\/wp\/v2\/posts\/229440\/revisions\/229446"}],"wp:featuredmedia":[{"embeddable":true,"href":"https:\/\/www.meydan.tv\/az\/wp-json\/wp\/v2\/media\/229443"}],"wp:attachment":[{"href":"https:\/\/www.meydan.tv\/az\/wp-json\/wp\/v2\/media?parent=229440"}],"wp:term":[{"taxonomy":"category","embeddable":true,"href":"https:\/\/www.meydan.tv\/az\/wp-json\/wp\/v2\/categories?post=229440"},{"taxonomy":"post_tag","embeddable":true,"href":"https:\/\/www.meydan.tv\/az\/wp-json\/wp\/v2\/tags?post=229440"}],"curies":[{"name":"wp","href":"https:\/\/api.w.org\/{rel}","templated":true}]}}