{"id":229426,"date":"2021-12-16T13:38:00","date_gmt":"2021-12-16T09:38:00","guid":{"rendered":"https:\/\/www.meydan.tv\/?p=229426"},"modified":"2021-12-16T13:38:04","modified_gmt":"2021-12-16T09:38:04","slug":"27-il-idi-muharibe-eliliydim-indi-deyirler-daha-sagalmisam","status":"publish","type":"post","link":"https:\/\/www.meydan.tv\/az\/article\/27-il-idi-muharibe-eliliydim-indi-deyirler-daha-sagalmisam\/","title":{"rendered":"\u201c27 il idi m\u00fcharib\u0259 \u0259liliydim, indi deyirl\u0259r, daha sa\u011falm\u0131\u015fam\u201d"},"content":{"rendered":"\n<p><em>Snayperd\u0259n yaralanaraq \u0259lil\u0259 \u00e7evrilmi\u015f N\u00fcsr\u0259t Yusifovun t\u0259kc\u0259 \u0259lillik pensiyas\u0131 yox, Prezident t\u0259qa\u00fcd\u00fc d\u0259 k\u0259silib<\/em><br><\/p>\n\n\n\n<p>\u201cD\u00f6vl\u0259t 27 il \u00f6d\u0259diyi \u0259lillik pensiyas\u0131n\u0131 k\u0259sib, ad\u0131n\u0131 da qoyub ki, daha \u0259lil deyils\u0259n. Ax\u0131 bu, nec\u0259 olur? Adam bilmir ki, komissiyan\u0131n bu q\u0259rar\u0131na g\u00fcls\u00fcn, yoxsa a\u011flas\u0131n. Pensiyam m\u0259nim ail\u0259min yegan\u0259 dolan\u0131\u015f\u0131q yeri idi. Ba\u015fqa s\u00f6zl\u0259 des\u0259k, ac\u0131ndan \u00f6lm\u0259m\u0259k \u00fc\u00e7\u00fcn ail\u0259m\u0259 bir n\u0259f\u0259slik idi. 5 ayd\u0131r o n\u0259f\u0259sliyi d\u0259 qapad\u0131blar\u201d.<\/p>\n\n\n\n<p>N\u00fcsr\u0259t Yusifov Hac\u0131qabulun N\u0259vai k\u0259nd sakinidir. Meydan TV-y\u0259 dan\u0131\u015f\u0131r ki, 1992-93-c\u00fc ill\u0259rd\u0259 m\u00fcdd\u0259td\u0259n art\u0131q h\u0259rbi qulluq\u00e7\u00fc kimi Qaraba\u011f\u0259traf\u0131 d\u00f6y\u00fc\u015fl\u0259rd\u0259 tank komandiri kimi k\u00f6n\u00fcll\u00fc i\u015ftirak edib. 1994-c\u00fc ilin yanvar\u0131nda A\u011fdam\u0131n Paprav\u0259nd k\u0259ndi istiqam\u0259tind\u0259 ged\u0259n d\u00f6y\u00fc\u015fl\u0259rd\u0259 qolundan yaralan\u0131b. Bak\u0131da 4 ayl\u0131q m\u00fcalic\u0259l\u0259r fayda verm\u0259yib, qolun f\u0259aliyy\u0259ti b\u0259rpa olunmay\u0131b. El\u0259 h\u0259min il ona 2-ci qrup m\u00fcharib\u0259 \u0259lilliyi v\u0259 Prezident t\u0259qa\u00fcd\u00fc t\u0259yin edilib.<br><\/p>\n\n\n\n<p><strong>\u201cQolumu snayper da\u011f\u0131d\u0131b, deyir, \u0259lil say\u0131lm\u0131rsan\u201d<\/strong><\/p>\n\n\n\n<p>27 ild\u0259n sonra \u2013 bu ilin avqustunda N\u00fcsr\u0259t Yusifov h\u0259m \u0259lillik statusundan, h\u0259m d\u0259 Prezident t\u0259qa\u00fcd\u00fcnd\u0259n m\u0259hrum olub:<\/p>\n\n\n\n<p>\u201c470 manat \u0259lillik, 350 manat Prezident t\u0259qa\u00fcd\u00fc al\u0131rd\u0131m. Bu il iyulun 31-d\u0259 n\u00f6vb\u0259ti d\u0259f\u0259 \u018flill\u0259rin B\u0259rpa M\u0259rk\u0259zind\u0259 komissiyadan ke\u00e7dim, bildirdil\u0259r ki, n\u0259tic\u0259 bar\u0259d\u0259 yax\u0131n g\u00fcnl\u0259rd\u0259 m\u0259n\u0259 m\u0259lumat veril\u0259c\u0259k. 1 ay g\u00f6zl\u0259dim, s\u0259s-soraq \u00e7\u0131xmad\u0131, \u00f6z\u00fcm m\u00fcraci\u0259t etdim, dedil\u0259r, s\u0259n\u0259 \u0259lillik d\u00fc\u015fm\u00fcr, diaqnozun \u0259lilliyini t\u0259sdiql\u0259mir. Halbuki, b\u00fct\u00fcn s\u0259n\u0259dl\u0259rl\u0259 d\u0259, m\u00fcayin\u0259l\u0259rl\u0259 d\u0259 t\u0259sdiql\u0259nir ki, m\u0259nim sa\u011f qolumdak\u0131 bazu s\u00fcm\u00fcy\u00fcn\u00fc snayper da\u011f\u0131d\u0131b, qolum tamamil\u0259 f\u0259aliyy\u0259tini itirib. Qolum m\u0259n\u0259 \u0259m\u0259k f\u0259aliyy\u0259tiyl\u0259 m\u0259\u015f\u011ful olma\u011fa imkan vermir, tamamil\u0259 qeyri-i\u015fl\u0259kdir, fotosunu da siz\u0259 g\u00f6nd\u0259rmi\u015f\u0259m\u201d.<br><\/p>\n\n\n\n<p><strong>\u201cHe\u00e7 sa\u011flama i\u015f tap\u0131lm\u0131r, \u0259lil \u00f6z\u00fcn\u0259 nec\u0259 i\u015f taps\u0131n?\u201d<\/strong><\/p>\n\n\n\n<p>\u018flilliyin l\u0259\u011fvi N\u00fcsr\u0259t Yusifovu t\u0259kc\u0259 \u0259lillik t\u0259qa\u00fcd\u00fcnd\u0259n yox, Prezident t\u0259qa\u00fcd\u00fcnd\u0259n d\u0259 m\u0259hrum edib. Bu is\u0259 onun dolan\u0131\u015f\u0131\u011f\u0131n\u0131 daha da \u00e7\u0259tinl\u0259\u015fdirib:<\/p>\n\n\n\n<div class=\"wp-block-image\"><figure class=\"alignleft size-large is-resized\"><img decoding=\"async\" data-src=\"https:\/\/www.meydan.tv\/wp-content\/uploads\/photo-2021-12-15-17-14-40-1-616x821.jpg\" alt=\"\" class=\"wp-image-229423 lazyload\" width=\"385\" height=\"513\" src=\"data:image\/svg+xml;base64,PHN2ZyB3aWR0aD0iMSIgaGVpZ2h0PSIxIiB4bWxucz0iaHR0cDovL3d3dy53My5vcmcvMjAwMC9zdmciPjwvc3ZnPg==\" style=\"--smush-placeholder-width: 385px; --smush-placeholder-aspect-ratio: 385\/513;\" \/><figcaption>N\u00fcsr\u0259t Yusifov <\/figcaption><\/figure><\/div>\n\n\n\n<p>\u201cHe\u00e7 bir yerd\u0259n g\u0259lirimiz yoxdur. 5 ayd\u0131r ki, \u0259ziyy\u0259t \u00e7\u0259kirik. Q\u0131z\u0131m\u0131n h\u0259yat yolda\u015f\u0131 da a\u011f\u0131r q\u0259za ke\u00e7irib, aya\u011f\u0131 yenic\u0259 amputasiya olunub, iki n\u0259v\u0259m, q\u0131z\u0131m, k\u00fcr\u0259k\u0259nim m\u0259niml\u0259 qal\u0131r, bel\u0259 bir vaxtda ail\u0259min yegan\u0259 dolan\u0131\u015f\u0131q yeri olan t\u0259qa\u00fcdl\u0259rimin d\u0259 k\u0259silm\u0259si bizi d\u00f6z\u00fclm\u0259z v\u0259ziyy\u0259t\u0259 g\u0259tirib. 56 ya\u015f\u0131m var, bu \u00f6lk\u0259d\u0259 he\u00e7 sa\u011flam insan \u00f6z\u00fcn\u0259 i\u015f tapa bilmir, \u0259lil\u0259 is\u0259 yerli-dibli i\u015f yoxdur. 5 ayd\u0131r ail\u0259m acd\u0131r, 5 ayd\u0131r d\u00f6vl\u0259t baba qap\u0131m\u0131 d\u00f6y\u00fcb maraqlanm\u0131r ki, ay sa\u011flaml\u0131\u011f\u0131n\u0131 g\u0259nc vaxtlar\u0131ndan v\u0259t\u0259n\u0259 g\u00f6r\u0259 itirmi\u015f v\u0259t\u0259nda\u015f, hal\u0131n nec\u0259dir? Da\u015f, torpaqm\u0131 yeyirs\u0259n? Qap\u0131m\u0131 d\u00f6ym\u0259si bir t\u0259r\u0259f\u0259 dursun, qap\u0131s\u0131na ged\u0259nd\u0259 he\u00e7 \u00fcz\u00fcm\u0259 baxan olmur\u201d.<\/p>\n\n\n\n<p>N\u00fcsr\u0259t Yusifov Prezident\u0259 d\u0259 yaz\u0131b, ancaq n\u0259tic\u0259si olmay\u0131b:<\/p>\n\n\n\n<p>Prezident\u0259 yaz\u0131ram, Prezident Administrasiyas\u0131na z\u0259ng edir\u0259m, deyirl\u0259r, m\u0259ktubun aidiyy\u0259ti \u00fczr\u0259 quruma g\u00f6nd\u0259rilib, t\u0259dbir g\u00f6r\u00fcl\u0259c\u0259k. \u018fm\u0259k v\u0259 \u018fhalinin Sosial M\u00fcdafi\u0259si Nazirliyin\u0259 gedir\u0259m, deyirl\u0259r, \u0259lil hesab olunmursan, get \u015fik\u0259st qolunla bir i\u015f tap, i\u015fl\u0259\u2026 Bu h\u00f6kum\u0259t\u0259 sual verir\u0259m \u2013 indi m\u0259n n\u0259yi nec\u0259 edim ki, \u00f6hd\u0259md\u0259 olan bu boyda k\u00fclf\u0259t ac\u0131ndan \u00f6lm\u0259sin?\u201d.<\/p>\n\n\n\n<p>D\u00f6vl\u0259t Tibbi-Sosial Ekspertiza v\u0259 Reabilitasiya Agentliyind\u0259n bildirilib ki, v\u0259t\u0259nda\u015f bar\u0259sind\u0259 h\u0259kim r\u0259yinin \u0259ks olundu\u011fu Forma-88 aray\u0131\u015f\u0131 \u0259sas\u0131nda \u0259lillik t\u0259yin edilir. N\u0259tic\u0259yl\u0259 raz\u0131la\u015fmayan v\u0259t\u0259nda\u015f Agentlikd\u0259ki apelyasiyaya m\u00fcraci\u0259t ed\u0259 bil\u0259r.<\/p>\n\n\n\n<p>Son 1 ild\u0259 Az\u0259rbaycanda minl\u0259rl\u0259 insan\u0131n \u0259lilliyi l\u0259\u011fv edilib.<\/p>\n","protected":false},"excerpt":{"rendered":"<p>Snayperd\u0259n yaralanaraq \u0259lil\u0259 \u00e7evrilmi\u015f N\u00fcsr\u0259t Yusifovun t\u0259kc\u0259 \u0259lillik pensiyas\u0131 yox, &#8230; <\/p>\n<p class=\"read-more-container\"><a title=\"\u201c27 il idi m\u00fcharib\u0259 \u0259liliydim, indi deyirl\u0259r, daha sa\u011falm\u0131\u015fam\u201d\" class=\"read-more button\" href=\"https:\/\/www.meydan.tv\/az\/article\/27-il-idi-muharibe-eliliydim-indi-deyirler-daha-sagalmisam\/#more-229426\" aria-label=\"Read more about \u201c27 il idi m\u00fcharib\u0259 \u0259liliydim, indi deyirl\u0259r, daha sa\u011falm\u0131\u015fam\u201d\">Davam\u0131<\/a><\/p>\n","protected":false},"author":8,"featured_media":229420,"comment_status":"closed","ping_status":"closed","sticky":false,"template":"","format":"standard","meta":{"_acf_changed":false,"_sitemap_exclude":false,"_sitemap_priority":"","_sitemap_frequency":"","footnotes":""},"categories":[60,79,56],"tags":[],"class_list":["post-229426","post","type-post","status-publish","format-standard","has-post-thumbnail","hentry","category-bolge","category-featured","category-xeberler","infinite-scroll-item","generate-columns","tablet-grid-50","mobile-grid-100","grid-parent","grid-33","no-featured-image-padding"],"acf":[],"yoast_head":"<!-- This site is optimized with the Yoast SEO plugin v27.5 - https:\/\/yoast.com\/product\/yoast-seo-wordpress\/ -->\n<title>\u201c27 il idi m\u00fcharib\u0259 \u0259liliydim, indi deyirl\u0259r, daha sa\u011falm\u0131\u015fam\u201d - MEYDAN.TV<\/title>\n<meta name=\"robots\" content=\"index, follow, max-snippet:-1, max-image-preview:large, max-video-preview:-1\" \/>\n<link rel=\"canonical\" href=\"https:\/\/www.meydan.tv\/az\/article\/27-il-idi-muharibe-eliliydim-indi-deyirler-daha-sagalmisam\/\" \/>\n<meta property=\"og:locale\" content=\"az_AZ\" \/>\n<meta property=\"og:type\" content=\"article\" \/>\n<meta property=\"og:title\" content=\"\u201c27 il idi m\u00fcharib\u0259 \u0259liliydim, indi deyirl\u0259r, daha sa\u011falm\u0131\u015fam\u201d - MEYDAN.TV\" \/>\n<meta property=\"og:description\" content=\"Snayperd\u0259n yaralanaraq \u0259lil\u0259 \u00e7evrilmi\u015f N\u00fcsr\u0259t Yusifovun t\u0259kc\u0259 \u0259lillik pensiyas\u0131 yox, ... Davam\u0131\" \/>\n<meta property=\"og:url\" content=\"https:\/\/www.meydan.tv\/az\/article\/27-il-idi-muharibe-eliliydim-indi-deyirler-daha-sagalmisam\/\" \/>\n<meta property=\"og:site_name\" content=\"MEYDAN.TV\" \/>\n<meta property=\"article:published_time\" content=\"2021-12-16T09:38:00+00:00\" \/>\n<meta property=\"article:modified_time\" content=\"2021-12-16T09:38:04+00:00\" \/>\n<meta property=\"og:image\" content=\"https:\/\/www.meydan.tv\/wp-content\/uploads\/untitled-design-4-e1639647415932.jpg\" \/>\n\t<meta property=\"og:image:width\" content=\"1200\" \/>\n\t<meta property=\"og:image:height\" content=\"585\" \/>\n\t<meta property=\"og:image:type\" content=\"image\/jpeg\" \/>\n<meta name=\"author\" content=\"elli\" \/>\n<meta name=\"twitter:card\" content=\"summary_large_image\" \/>\n<meta name=\"twitter:creator\" content=\"@elli\" \/>\n<script type=\"application\/ld+json\" class=\"yoast-schema-graph\">{\"@context\":\"https:\\\/\\\/schema.org\",\"@graph\":[{\"@type\":\"Article\",\"@id\":\"https:\\\/\\\/www.meydan.tv\\\/az\\\/article\\\/27-il-idi-muharibe-eliliydim-indi-deyirler-daha-sagalmisam\\\/#article\",\"isPartOf\":{\"@id\":\"https:\\\/\\\/www.meydan.tv\\\/az\\\/article\\\/27-il-idi-muharibe-eliliydim-indi-deyirler-daha-sagalmisam\\\/\"},\"author\":{\"name\":\"elli\",\"@id\":\"https:\\\/\\\/www.meydan.tv\\\/az\\\/#\\\/schema\\\/person\\\/9cdbecf90d17180ce1dfbd95b08dcf47\"},\"headline\":\"\u201c27 il idi m\u00fcharib\u0259 \u0259liliydim, indi deyirl\u0259r, daha sa\u011falm\u0131\u015fam\u201d\",\"datePublished\":\"2021-12-16T09:38:00+00:00\",\"dateModified\":\"2021-12-16T09:38:04+00:00\",\"mainEntityOfPage\":{\"@id\":\"https:\\\/\\\/www.meydan.tv\\\/az\\\/article\\\/27-il-idi-muharibe-eliliydim-indi-deyirler-daha-sagalmisam\\\/\"},\"wordCount\":754,\"publisher\":{\"@id\":\"https:\\\/\\\/www.meydan.tv\\\/az\\\/#organization\"},\"image\":{\"@id\":\"https:\\\/\\\/www.meydan.tv\\\/az\\\/article\\\/27-il-idi-muharibe-eliliydim-indi-deyirler-daha-sagalmisam\\\/#primaryimage\"},\"thumbnailUrl\":\"https:\\\/\\\/www.meydan.tv\\\/wp-content\\\/uploads\\\/untitled-design-4-e1639647415932.jpg\",\"articleSection\":[\"B\u00f6lg\u0259\",\"T\u00f6vsiy\u0259\",\"X\u0259b\u0259rl\u0259r\"],\"inLanguage\":\"az\"},{\"@type\":\"WebPage\",\"@id\":\"https:\\\/\\\/www.meydan.tv\\\/az\\\/article\\\/27-il-idi-muharibe-eliliydim-indi-deyirler-daha-sagalmisam\\\/\",\"url\":\"https:\\\/\\\/www.meydan.tv\\\/az\\\/article\\\/27-il-idi-muharibe-eliliydim-indi-deyirler-daha-sagalmisam\\\/\",\"name\":\"\u201c27 il idi m\u00fcharib\u0259 \u0259liliydim, indi deyirl\u0259r, daha sa\u011falm\u0131\u015fam\u201d - MEYDAN.TV\",\"isPartOf\":{\"@id\":\"https:\\\/\\\/www.meydan.tv\\\/az\\\/#website\"},\"primaryImageOfPage\":{\"@id\":\"https:\\\/\\\/www.meydan.tv\\\/az\\\/article\\\/27-il-idi-muharibe-eliliydim-indi-deyirler-daha-sagalmisam\\\/#primaryimage\"},\"image\":{\"@id\":\"https:\\\/\\\/www.meydan.tv\\\/az\\\/article\\\/27-il-idi-muharibe-eliliydim-indi-deyirler-daha-sagalmisam\\\/#primaryimage\"},\"thumbnailUrl\":\"https:\\\/\\\/www.meydan.tv\\\/wp-content\\\/uploads\\\/untitled-design-4-e1639647415932.jpg\",\"datePublished\":\"2021-12-16T09:38:00+00:00\",\"dateModified\":\"2021-12-16T09:38:04+00:00\",\"breadcrumb\":{\"@id\":\"https:\\\/\\\/www.meydan.tv\\\/az\\\/article\\\/27-il-idi-muharibe-eliliydim-indi-deyirler-daha-sagalmisam\\\/#breadcrumb\"},\"inLanguage\":\"az\",\"potentialAction\":[{\"@type\":\"ReadAction\",\"target\":[\"https:\\\/\\\/www.meydan.tv\\\/az\\\/article\\\/27-il-idi-muharibe-eliliydim-indi-deyirler-daha-sagalmisam\\\/\"]}]},{\"@type\":\"ImageObject\",\"inLanguage\":\"az\",\"@id\":\"https:\\\/\\\/www.meydan.tv\\\/az\\\/article\\\/27-il-idi-muharibe-eliliydim-indi-deyirler-daha-sagalmisam\\\/#primaryimage\",\"url\":\"https:\\\/\\\/www.meydan.tv\\\/wp-content\\\/uploads\\\/untitled-design-4-e1639647415932.jpg\",\"contentUrl\":\"https:\\\/\\\/www.meydan.tv\\\/wp-content\\\/uploads\\\/untitled-design-4-e1639647415932.jpg\",\"width\":1200,\"height\":585,\"caption\":\"N\u00fcsr\u0259t Yusifov? Foto: Meydan TV\"},{\"@type\":\"BreadcrumbList\",\"@id\":\"https:\\\/\\\/www.meydan.tv\\\/az\\\/article\\\/27-il-idi-muharibe-eliliydim-indi-deyirler-daha-sagalmisam\\\/#breadcrumb\",\"itemListElement\":[{\"@type\":\"ListItem\",\"position\":1,\"name\":\"Ana s\u0259hif\u0259\",\"item\":\"https:\\\/\\\/www.meydan.tv\\\/az\\\/\"},{\"@type\":\"ListItem\",\"position\":2,\"name\":\"B\u00f6lg\u0259\",\"item\":\"https:\\\/\\\/www.meydan.tv\\\/az\\\/section\\\/bolge\\\/\"},{\"@type\":\"ListItem\",\"position\":3,\"name\":\"\u201c27 il idi m\u00fcharib\u0259 \u0259liliydim, indi deyirl\u0259r, daha sa\u011falm\u0131\u015fam\u201d\"}]},{\"@type\":\"WebSite\",\"@id\":\"https:\\\/\\\/www.meydan.tv\\\/az\\\/#website\",\"url\":\"https:\\\/\\\/www.meydan.tv\\\/az\\\/\",\"name\":\"MEYDAN.TV\",\"description\":\"Meydan TV Az\u0259rbaycan\u0131n media m\u0259kan\u0131ndak\u0131 alternativ s\u0259sidir\",\"publisher\":{\"@id\":\"https:\\\/\\\/www.meydan.tv\\\/az\\\/#organization\"},\"potentialAction\":[{\"@type\":\"SearchAction\",\"target\":{\"@type\":\"EntryPoint\",\"urlTemplate\":\"https:\\\/\\\/www.meydan.tv\\\/az\\\/?s={search_term_string}\"},\"query-input\":{\"@type\":\"PropertyValueSpecification\",\"valueRequired\":true,\"valueName\":\"search_term_string\"}}],\"inLanguage\":\"az\"},{\"@type\":\"Organization\",\"@id\":\"https:\\\/\\\/www.meydan.tv\\\/az\\\/#organization\",\"name\":\"Meydan TV\",\"url\":\"https:\\\/\\\/www.meydan.tv\\\/az\\\/\",\"logo\":{\"@type\":\"ImageObject\",\"inLanguage\":\"az\",\"@id\":\"https:\\\/\\\/www.meydan.tv\\\/az\\\/#\\\/schema\\\/logo\\\/image\\\/\",\"url\":\"https:\\\/\\\/www.meydan.tv\\\/wp-content\\\/uploads\\\/2021\\\/07\\\/meydan-logo.svg\",\"contentUrl\":\"https:\\\/\\\/www.meydan.tv\\\/wp-content\\\/uploads\\\/2021\\\/07\\\/meydan-logo.svg\",\"width\":195,\"height\":46,\"caption\":\"Meydan TV\"},\"image\":{\"@id\":\"https:\\\/\\\/www.meydan.tv\\\/az\\\/#\\\/schema\\\/logo\\\/image\\\/\"}},{\"@type\":\"Person\",\"@id\":\"https:\\\/\\\/www.meydan.tv\\\/az\\\/#\\\/schema\\\/person\\\/9cdbecf90d17180ce1dfbd95b08dcf47\",\"name\":\"elli\",\"sameAs\":[\"https:\\\/\\\/x.com\\\/elli\"]}]}<\/script>\n<!-- \/ Yoast SEO plugin. -->","yoast_head_json":{"title":"\u201c27 il idi m\u00fcharib\u0259 \u0259liliydim, indi deyirl\u0259r, daha sa\u011falm\u0131\u015fam\u201d - MEYDAN.TV","robots":{"index":"index","follow":"follow","max-snippet":"max-snippet:-1","max-image-preview":"max-image-preview:large","max-video-preview":"max-video-preview:-1"},"canonical":"https:\/\/www.meydan.tv\/az\/article\/27-il-idi-muharibe-eliliydim-indi-deyirler-daha-sagalmisam\/","og_locale":"az_AZ","og_type":"article","og_title":"\u201c27 il idi m\u00fcharib\u0259 \u0259liliydim, indi deyirl\u0259r, daha sa\u011falm\u0131\u015fam\u201d - MEYDAN.TV","og_description":"Snayperd\u0259n yaralanaraq \u0259lil\u0259 \u00e7evrilmi\u015f N\u00fcsr\u0259t Yusifovun t\u0259kc\u0259 \u0259lillik pensiyas\u0131 yox, ... Davam\u0131","og_url":"https:\/\/www.meydan.tv\/az\/article\/27-il-idi-muharibe-eliliydim-indi-deyirler-daha-sagalmisam\/","og_site_name":"MEYDAN.TV","article_published_time":"2021-12-16T09:38:00+00:00","article_modified_time":"2021-12-16T09:38:04+00:00","og_image":[{"width":1200,"height":585,"url":"https:\/\/www.meydan.tv\/wp-content\/uploads\/untitled-design-4-e1639647415932.jpg","type":"image\/jpeg"}],"author":"elli","twitter_card":"summary_large_image","twitter_creator":"@elli","schema":{"@context":"https:\/\/schema.org","@graph":[{"@type":"Article","@id":"https:\/\/www.meydan.tv\/az\/article\/27-il-idi-muharibe-eliliydim-indi-deyirler-daha-sagalmisam\/#article","isPartOf":{"@id":"https:\/\/www.meydan.tv\/az\/article\/27-il-idi-muharibe-eliliydim-indi-deyirler-daha-sagalmisam\/"},"author":{"name":"elli","@id":"https:\/\/www.meydan.tv\/az\/#\/schema\/person\/9cdbecf90d17180ce1dfbd95b08dcf47"},"headline":"\u201c27 il idi m\u00fcharib\u0259 \u0259liliydim, indi deyirl\u0259r, daha sa\u011falm\u0131\u015fam\u201d","datePublished":"2021-12-16T09:38:00+00:00","dateModified":"2021-12-16T09:38:04+00:00","mainEntityOfPage":{"@id":"https:\/\/www.meydan.tv\/az\/article\/27-il-idi-muharibe-eliliydim-indi-deyirler-daha-sagalmisam\/"},"wordCount":754,"publisher":{"@id":"https:\/\/www.meydan.tv\/az\/#organization"},"image":{"@id":"https:\/\/www.meydan.tv\/az\/article\/27-il-idi-muharibe-eliliydim-indi-deyirler-daha-sagalmisam\/#primaryimage"},"thumbnailUrl":"https:\/\/www.meydan.tv\/wp-content\/uploads\/untitled-design-4-e1639647415932.jpg","articleSection":["B\u00f6lg\u0259","T\u00f6vsiy\u0259","X\u0259b\u0259rl\u0259r"],"inLanguage":"az"},{"@type":"WebPage","@id":"https:\/\/www.meydan.tv\/az\/article\/27-il-idi-muharibe-eliliydim-indi-deyirler-daha-sagalmisam\/","url":"https:\/\/www.meydan.tv\/az\/article\/27-il-idi-muharibe-eliliydim-indi-deyirler-daha-sagalmisam\/","name":"\u201c27 il idi m\u00fcharib\u0259 \u0259liliydim, indi deyirl\u0259r, daha sa\u011falm\u0131\u015fam\u201d - MEYDAN.TV","isPartOf":{"@id":"https:\/\/www.meydan.tv\/az\/#website"},"primaryImageOfPage":{"@id":"https:\/\/www.meydan.tv\/az\/article\/27-il-idi-muharibe-eliliydim-indi-deyirler-daha-sagalmisam\/#primaryimage"},"image":{"@id":"https:\/\/www.meydan.tv\/az\/article\/27-il-idi-muharibe-eliliydim-indi-deyirler-daha-sagalmisam\/#primaryimage"},"thumbnailUrl":"https:\/\/www.meydan.tv\/wp-content\/uploads\/untitled-design-4-e1639647415932.jpg","datePublished":"2021-12-16T09:38:00+00:00","dateModified":"2021-12-16T09:38:04+00:00","breadcrumb":{"@id":"https:\/\/www.meydan.tv\/az\/article\/27-il-idi-muharibe-eliliydim-indi-deyirler-daha-sagalmisam\/#breadcrumb"},"inLanguage":"az","potentialAction":[{"@type":"ReadAction","target":["https:\/\/www.meydan.tv\/az\/article\/27-il-idi-muharibe-eliliydim-indi-deyirler-daha-sagalmisam\/"]}]},{"@type":"ImageObject","inLanguage":"az","@id":"https:\/\/www.meydan.tv\/az\/article\/27-il-idi-muharibe-eliliydim-indi-deyirler-daha-sagalmisam\/#primaryimage","url":"https:\/\/www.meydan.tv\/wp-content\/uploads\/untitled-design-4-e1639647415932.jpg","contentUrl":"https:\/\/www.meydan.tv\/wp-content\/uploads\/untitled-design-4-e1639647415932.jpg","width":1200,"height":585,"caption":"N\u00fcsr\u0259t Yusifov? Foto: Meydan TV"},{"@type":"BreadcrumbList","@id":"https:\/\/www.meydan.tv\/az\/article\/27-il-idi-muharibe-eliliydim-indi-deyirler-daha-sagalmisam\/#breadcrumb","itemListElement":[{"@type":"ListItem","position":1,"name":"Ana s\u0259hif\u0259","item":"https:\/\/www.meydan.tv\/az\/"},{"@type":"ListItem","position":2,"name":"B\u00f6lg\u0259","item":"https:\/\/www.meydan.tv\/az\/section\/bolge\/"},{"@type":"ListItem","position":3,"name":"\u201c27 il idi m\u00fcharib\u0259 \u0259liliydim, indi deyirl\u0259r, daha sa\u011falm\u0131\u015fam\u201d"}]},{"@type":"WebSite","@id":"https:\/\/www.meydan.tv\/az\/#website","url":"https:\/\/www.meydan.tv\/az\/","name":"MEYDAN.TV","description":"Meydan TV Az\u0259rbaycan\u0131n media m\u0259kan\u0131ndak\u0131 alternativ s\u0259sidir","publisher":{"@id":"https:\/\/www.meydan.tv\/az\/#organization"},"potentialAction":[{"@type":"SearchAction","target":{"@type":"EntryPoint","urlTemplate":"https:\/\/www.meydan.tv\/az\/?s={search_term_string}"},"query-input":{"@type":"PropertyValueSpecification","valueRequired":true,"valueName":"search_term_string"}}],"inLanguage":"az"},{"@type":"Organization","@id":"https:\/\/www.meydan.tv\/az\/#organization","name":"Meydan TV","url":"https:\/\/www.meydan.tv\/az\/","logo":{"@type":"ImageObject","inLanguage":"az","@id":"https:\/\/www.meydan.tv\/az\/#\/schema\/logo\/image\/","url":"https:\/\/www.meydan.tv\/wp-content\/uploads\/2021\/07\/meydan-logo.svg","contentUrl":"https:\/\/www.meydan.tv\/wp-content\/uploads\/2021\/07\/meydan-logo.svg","width":195,"height":46,"caption":"Meydan TV"},"image":{"@id":"https:\/\/www.meydan.tv\/az\/#\/schema\/logo\/image\/"}},{"@type":"Person","@id":"https:\/\/www.meydan.tv\/az\/#\/schema\/person\/9cdbecf90d17180ce1dfbd95b08dcf47","name":"elli","sameAs":["https:\/\/x.com\/elli"]}]}},"_links":{"self":[{"href":"https:\/\/www.meydan.tv\/az\/wp-json\/wp\/v2\/posts\/229426","targetHints":{"allow":["GET"]}}],"collection":[{"href":"https:\/\/www.meydan.tv\/az\/wp-json\/wp\/v2\/posts"}],"about":[{"href":"https:\/\/www.meydan.tv\/az\/wp-json\/wp\/v2\/types\/post"}],"author":[{"embeddable":true,"href":"https:\/\/www.meydan.tv\/az\/wp-json\/wp\/v2\/users\/8"}],"replies":[{"embeddable":true,"href":"https:\/\/www.meydan.tv\/az\/wp-json\/wp\/v2\/comments?post=229426"}],"version-history":[{"count":1,"href":"https:\/\/www.meydan.tv\/az\/wp-json\/wp\/v2\/posts\/229426\/revisions"}],"predecessor-version":[{"id":229427,"href":"https:\/\/www.meydan.tv\/az\/wp-json\/wp\/v2\/posts\/229426\/revisions\/229427"}],"wp:featuredmedia":[{"embeddable":true,"href":"https:\/\/www.meydan.tv\/az\/wp-json\/wp\/v2\/media\/229420"}],"wp:attachment":[{"href":"https:\/\/www.meydan.tv\/az\/wp-json\/wp\/v2\/media?parent=229426"}],"wp:term":[{"taxonomy":"category","embeddable":true,"href":"https:\/\/www.meydan.tv\/az\/wp-json\/wp\/v2\/categories?post=229426"},{"taxonomy":"post_tag","embeddable":true,"href":"https:\/\/www.meydan.tv\/az\/wp-json\/wp\/v2\/tags?post=229426"}],"curies":[{"name":"wp","href":"https:\/\/api.w.org\/{rel}","templated":true}]}}