{"id":229392,"date":"2021-12-16T08:18:58","date_gmt":"2021-12-16T04:18:58","guid":{"rendered":"https:\/\/www.meydan.tv\/?p=229392"},"modified":"2021-12-16T08:19:00","modified_gmt":"2021-12-16T04:19:00","slug":"ekspert-muellimler-psixoloji-testden-kecirilmelidir","status":"publish","type":"post","link":"https:\/\/www.meydan.tv\/az\/article\/ekspert-muellimler-psixoloji-testden-kecirilmelidir\/","title":{"rendered":"Ekspert: \u201cM\u00fc\u0259lliml\u0259r psixoloji testd\u0259n ke\u00e7irilm\u0259lidir\u201d"},"content":{"rendered":"\n<p><em>M\u0259kt\u0259blinin sa\u00e7\u0131 il\u0259 ba\u011fl\u0131 h\u0259r hans\u0131 t\u0259limat yoxdur<br><\/em><\/p>\n\n\n\n<p>Almaniyadan deportasiya olunan az\u0259rbaycanl\u0131 jurnalist R\u00f6ya R\u0259fiyeva m\u0259kt\u0259bd\u0259 11 ya\u015fl\u0131 o\u011fluna qar\u015f\u0131 \u201cbullinq\u201d (al\u00e7altma, \u0259l\u0259salma, psixoloji terror) edildiyini <a href=\"https:\/\/www.meydan.tv\/az\/article\/almaniyadan-deport-olunan-jurnalist-kucede-qalmisiq\/\" target=\"_blank\" rel=\"noreferrer noopener\">bildirib<\/a>.<\/p>\n\n\n\n<p>O, \u201cFacebook\u201d profilind\u0259 q\u0131snaman\u0131n Bak\u0131n\u0131n 116 n\u00f6mr\u0259li tam orta m\u0259kt\u0259binin V sinif r\u0259hb\u0259ri Yegan\u0259 Qas\u0131mova t\u0259r\u0259find\u0259n edildiyini qeyd <a href=\"https:\/\/www.facebook.com\/roya.rafiyeva\/posts\/10226514509759249\" target=\"_blank\" rel=\"noreferrer noopener\">edib<\/a>.<\/p>\n\n\n\n<p>\u201cU\u015faqlar\u0131m \u00fc\u00e7 aydan sonra n\u0259hay\u0259t, m\u0259kt\u0259b\u0259 ba\u015flad\u0131lar. Almaniyada ya\u015fayanda, 11 ya\u015fl\u0131 o\u011flum Amin sa\u00e7lar\u0131n\u0131 uzad\u0131rd\u0131. M\u0259kt\u0259b\u0259 s\u0259n\u0259di t\u0259qdim ed\u0259nd\u0259, onu la\u011fa qoyub, incitm\u0259m\u0259kl\u0259ri \u00fc\u00e7\u00fcn s\u0259lahiyy\u0259tlil\u0259rl\u0259 bu bar\u0259d\u0259 dan\u0131\u015fm\u0131\u015fam. Cavab\u0131nda deyibl\u0259r ki, mentalitetimiz var, sa\u00e7 olmaz. Sakitc\u0259 dinl\u0259yib, sonra v\u0259ziyy\u0259ti izah etmi\u015f\u0259m ki, onun haz\u0131rda kifay\u0259t q\u0259d\u0259r travmas\u0131 var. \u00d6z\u00fc il\u0259 yen\u0259 dan\u0131\u015faca\u011fam, ist\u0259y\u0259rs\u0259, k\u0259s\u0259rik, yoxsa m\u0259cbur ed\u0259 bilm\u0259r\u0259m\u201d.<\/p>\n\n\n\n<p>Valideyn yaz\u0131r ki, V sinif r\u0259hb\u0259ri Yegan\u0259 Qas\u0131mova il\u0259 d\u0259 dan\u0131\u015f\u0131b. M\u00fc\u0259llimd\u0259n u\u015fa\u011fa adaptasiya olmas\u0131 \u00fc\u00e7\u00fcn d\u0259st\u0259k ist\u0259yib. Xahi\u015f edib ki, dig\u0259r \u015fagirdl\u0259rin o\u011flunun uzun sa\u00e7lar\u0131na g\u00fclm\u0259yin\u0259 imkan verm\u0259sin:<\/p>\n\n\n\n<p>\u201cM\u00fc\u0259llim d\u0259 dedi ki, q\u0131sa zamanda u\u015fa\u011f\u0131n sa\u00e7\u0131n\u0131 k\u0259sdirin. Mentalitetd\u0259n, buran\u0131n Avropa olmama\u011f\u0131ndan v\u0259 Az\u0259rbaycan ki\u015fisinin nec\u0259 olma\u011f\u0131ndan dan\u0131\u015fd\u0131. M\u0259n d\u0259 soru\u015fdum ki, uzun sa\u00e7la ba\u011fl\u0131 m\u0259kt\u0259bin daxili qaydalar\u0131 varsa verin oxuyum. M\u0259kt\u0259b niy\u0259 u\u015fa\u011f\u0131n savad\u0131na yox, sa\u00e7\u0131na-ba\u015f\u0131na baxmal\u0131d\u0131r? Bu s\u00f6hb\u0259tl\u0259rd\u0259n sonra dekabr\u0131n 13-d\u0259 u\u015faqlar m\u0259kt\u0259b\u0259 gedib. D\u0259hlizd\u0259 h\u0259min sinif r\u0259hb\u0259ri o\u011flumu qarda\u015f\u0131n\u0131n yan\u0131ndan g\u00f6t\u00fcr\u00fcb, sinf\u0259 apar\u0131b. Onu sinif\u0259 \u201cTan\u0131\u015f olun, u\u015faqlar, sinfimiz\u0259 yeni q\u0131z g\u0259lib\u201d, formas\u0131nda t\u0259qdim edib. O\u011flum da deyib ki, m\u0259n q\u0131z deyil\u0259m, o\u011flanam. Bundan sonra sinifd\u0259ki reaksiyan\u0131 t\u0259s\u0259vv\u00fcr edirsiniz? M\u00fc\u0259llim d\u0259 g\u00fcl\u00fcb v\u0259 u\u015fa\u011f\u0131 qucaqlay\u0131b\u201d.<\/p>\n\n\n\n<p><strong>\u201cU\u015fa\u011f\u0131 incitm\u0259d\u0259n cinsini soru\u015fma\u011f\u0131 bilm\u0259y\u0259n pedaqoqun m\u0259kt\u0259bd\u0259 n\u0259 i\u015f var?\u201d<br><\/strong><\/p>\n\n\n\n<p>R\u00f6ya R\u0259fiyeva o\u011flunun psixoloji v\u0259ziyy\u0259tinin yax\u015f\u0131 olmad\u0131\u011f\u0131n\u0131 qeyd edib. M\u0259s\u0259l\u0259 il\u0259 ba\u011fl\u0131 r\u0259smi \u015fikay\u0259t ed\u0259c\u0259yini bildirib:<\/p>\n\n\n\n<p>\u201cU\u015faq ev\u0259 g\u0259l\u0259nd\u0259n sonra n\u0259 q\u0259d\u0259r a\u011flad\u0131. Ondan d\u0259f\u0259l\u0259rl\u0259 soru\u015fdum ki, d\u0259qiq sinif r\u0259hb\u0259rin s\u0259n\u0259 bel\u0259 deyib? \u00c7\u00fcnki o, s\u0259nin birinci g\u00fcn sinif\u0259 g\u0259l\u0259c\u0259yini bilirdi. M\u00fc\u0259llim s\u0259hv sala bilm\u0259z. \u00c7\u00fcnki \u00f6vlad\u0131m\u0131n geyimi o\u011flan \u00fc\u00e7\u00fcn olanlard\u0131r, \u201cyubka\u201d yox, \u015falvar (idman formas\u0131 tipli) geyinib. U\u015fa\u011f\u0131 incitm\u0259d\u0259n cinsini soru\u015fma\u011f\u0131 bilm\u0259y\u0259n pedaqoqun m\u0259kt\u0259bd\u0259 n\u0259 i\u015f var?\u201d<\/p>\n\n\n\n<div class=\"wp-block-image\"><figure class=\"alignright size-full is-resized\"><img decoding=\"async\" data-src=\"https:\/\/www.meydan.tv\/wp-content\/uploads\/32317.jpg\" alt=\"R\u00f6ya R\u0259fiyeva\" class=\"wp-image-82477 lazyload\" width=\"432\" height=\"243\" src=\"data:image\/svg+xml;base64,PHN2ZyB3aWR0aD0iMSIgaGVpZ2h0PSIxIiB4bWxucz0iaHR0cDovL3d3dy53My5vcmcvMjAwMC9zdmciPjwvc3ZnPg==\" style=\"--smush-placeholder-width: 432px; --smush-placeholder-aspect-ratio: 432\/243;\" \/><figcaption>Foto: R\u00f6ya R\u0259fiyevan\u0131n \u015f\u0259xsi arxivi<\/figcaption><\/figure><\/div>\n\n\n\n<p>\u201cBullinq\u201d h\u0259r \u015feyd\u0259n \u0259vv\u0259l, b\u00fct\u00fcn d\u00fcnya \u00f6lk\u0259l\u0259rind\u0259 m\u00fc\u015fahid\u0259 olunan v\u0259 m\u00fcxt\u0259lif s\u0259viyy\u0259li t\u0259dqiqatlar n\u0259tic\u0259sind\u0259 ortaya \u00e7\u0131xan t\u0259lim-t\u0259rbiy\u0259 problemidir. Bullinq g\u00fcc b\u0259rab\u0259rsizliyi \u015f\u0259raitind\u0259 g\u00fccl\u00fc t\u0259r\u0259fin z\u0259if t\u0259r\u0259f\u0259 bil\u0259r\u0259k v\u0259 ist\u0259y\u0259r\u0259k, m\u0259qs\u0259dli v\u0259 sistemli formada, m\u00fc\u0259yy\u0259n zaman aral\u0131qlar\u0131nda davaml\u0131 olaraq t\u0259tbiq etdiyi, qurbanda qorxu, narahatl\u0131q yaradan v\u0259 ya onu daha a\u011f\u0131r davran\u0131\u015flara s\u00f6vq ed\u0259n fiziki, s\u00f6zl\u00fc v\u0259 psixoloji <a href=\"https:\/\/www.meydan.tv\/az\/article\/mekteblerde-bullinq-ne-derecede-arasdirilir\/\" target=\"_blank\" rel=\"noreferrer noopener\">h\u00fccumdur<\/a>.<br><\/p>\n\n\n\n<p><strong>Qanuna ehtiyac var\u2026<br><\/strong><\/p>\n\n\n\n<p>H\u00fcquq m\u00fcdafi\u0259\u00e7isi Sahib M\u0259mm\u0259dov Meydan TV-y\u0259 deyib ki, Az\u0259rbaycanda u\u015faqlara qar\u015f\u0131 q\u0131snama hallar\u0131 qanunla t\u0259nziml\u0259nmir. O hesab edir ki, \u00f6lk\u0259d\u0259 bel\u0259 bir qanuna ehtiyac var.<\/p>\n\n\n\n<p>Bir \u00e7ox Avropa \u00f6lk\u0259sind\u0259 q\u0131snama hallar\u0131 il\u0259 ba\u011fl\u0131 s\u0259rt qaydalar t\u0259tbiq olunur. Bug\u00fcnl\u0259rd\u0259 Fransada q\u0259bul olunan q\u0259rara \u0259sas\u0259n m\u0259kt\u0259bl\u0259rd\u0259 \u201cbullinq\u201d cinay\u0259t <a href=\"https:\/\/rostovgazeta.ru\/news\/world\/07-12-2021\/the-guardian-vo-frantsii-vvedut-ugolovnoe-nakazanie-za-bulling-v-shkole\" target=\"_blank\" rel=\"noreferrer noopener\">say\u0131lacaq<\/a>.<br><br>Q\u0131snama hallar\u0131nda 3 il\u0259 q\u0259d\u0259r h\u0259bs c\u0259zas\u0131 v\u0259 45.000 avroya q\u0259d\u0259r c\u0259rim\u0259 n\u0259z\u0259rd\u0259 tutur.<\/p>\n\n\n\n<p>Q\u0131snama qurban\u0131 \u00f6z\u00fcn\u00fc \u00f6ld\u00fcrd\u00fcy\u00fc t\u0259qdird\u0259, c\u0259za 10 il\u0259 q\u0259d\u0259r, c\u0259rim\u0259 is\u0259 150.000 avroya q\u0259d\u0259r art\u0131r\u0131la bil\u0259r.<\/p>\n\n\n\n<p>T\u0259hsil eksperti Kamran \u018fs\u0259dov Az\u0259rbaycan m\u0259kt\u0259bl\u0259rind\u0259 q\u0131snama hallar\u0131na \u00e7ox rast g\u0259lindiyini deyir.<\/p>\n\n\n\n<p>Onun s\u00f6zl\u0259rin\u0259 g\u00f6r\u0259, 4472 orta m\u0259kt\u0259bd\u0259 \u00e7al\u0131\u015fan 151 min m\u00fc\u0259llimin \u0259ks\u0259riyy\u0259tind\u0259 \u015fagirdl\u0259r\u0259 yana\u015fmada bu f\u0259rq hiss olunur:<\/p>\n\n\n\n<p>\u201cBu hallar \u0259sas\u0259n d\u0259rsd\u0259n sonra haz\u0131rl\u0131\u011fa qalan v\u0259 qalmayan \u015fagirdl\u0259rl\u0259 qar\u015f\u0131 davran\u0131\u015fda \u00f6z\u00fcn\u00fc g\u00f6st\u0259rir. Bel\u0259 olanda da \u015fagirdin \u00f6zg\u00fcv\u0259ni a\u015fa\u011f\u0131 d\u00fc\u015f\u00fcr, \u00f6z\u00fcn\u00fc yolda\u015flar\u0131ndan a\u015fa\u011f\u0131 hiss edir. Bu da onun davran\u0131\u015f\u0131n\u0131n d\u0259yi\u015fm\u0259si, \u00f6z\u00fcn\u0259 qapanmas\u0131, \u00fcnsiyy\u0259t problemin\u0259 g\u0259tirib \u00e7\u0131xar\u0131r\u201d.<\/p>\n\n\n\n<p><strong>\u201cXarici \u00f6lk\u0259l\u0259rin \u00fcslubu il\u0259 gets\u0259k d\u0259, davran\u0131\u015f\u0131m\u0131z\u0131 ona uy\u011funla\u015fd\u0131ra bilm\u0259mi\u015fik\u201d<br><\/strong><\/p>\n\n\n\n<p>Ekspertin s\u00f6zl\u0259rin\u0259 g\u00f6r\u0259, q\u0131snama hallar\u0131n\u0131n dig\u0259r s\u0259b\u0259bi d\u0259 i\u015f\u0259 g\u00f6t\u00fcr\u00fcl\u0259n m\u00fc\u0259lliml\u0259rin m\u0259kt\u0259b\u015funasl\u0131\u011f\u0131 bilm\u0259m\u0259kl\u0259ri il\u0259 \u0259laq\u0259dard\u0131r:<\/p>\n\n\n\n<p>\u201cBu, daha \u00e7ox i\u015f\u0259 m\u00fcsabiq\u0259 v\u0259 m\u00fcsahib\u0259 yolu il\u0259 q\u0259bul olan m\u00fc\u0259lliml\u0259rl\u0259 ya\u015fan\u0131r. Onlar i\u015f\u0259 q\u0259bul prosesind\u0259 ancaq ixtisaslar\u0131 \u00fczr\u0259 haz\u0131rl\u0131\u015fd\u0131\u011f\u0131ndan \u015fagird psixologiyas\u0131ndan az m\u0259lumatl\u0131 olurlar. \u0130\u015f\u0259 g\u00f6t\u00fcr\u0259n zaman m\u00fcsahib\u0259d\u0259 psixoloqun i\u015ftirak\u0131 vacibdir\u201d.<\/p>\n\n\n\n<div class=\"wp-block-image\"><figure class=\"alignleft size-full is-resized\"><img decoding=\"async\" data-src=\"https:\/\/www.meydan.tv\/wp-content\/uploads\/33743.jpg\" alt=\"Kamran \u018fs\u0259dov\" class=\"wp-image-85716 lazyload\" width=\"376\" height=\"376\" src=\"data:image\/svg+xml;base64,PHN2ZyB3aWR0aD0iMSIgaGVpZ2h0PSIxIiB4bWxucz0iaHR0cDovL3d3dy53My5vcmcvMjAwMC9zdmciPjwvc3ZnPg==\" style=\"--smush-placeholder-width: 376px; --smush-placeholder-aspect-ratio: 376\/376;\" \/><figcaption>Foto: Kamran \u018fs\u0259dovun \u015f\u0259xi arxivind\u0259n<\/figcaption><\/figure><\/div>\n\n\n\n<p>Kamran \u018fs\u0259dovun fikrinc\u0259, dig\u0259r \u0259n \u0259sas yanl\u0131\u015f is\u0259 m\u00fc\u0259lliml\u0259rin b\u00fct\u00fcn \u015fagirdl\u0259rin t\u0259hsil\u0259 eyni reaksiya verm\u0259si il\u0259 \u0259laq\u0259dard\u0131r:<\/p>\n\n\n\n<p>\u201cH\u0259r u\u015faq eyni potensiala sahib deyil. M\u00fc\u0259llim \u0259ksin\u0259, oxumaqda \u00e7\u0259tinlik \u00e7\u0259k\u0259n \u015fagirdl\u0259r\u0259 daha art\u0131q t\u0259l\u0259bl\u0259r qoyur. Bu, birba\u015fa a\u015fa\u011f\u0131 potensiall\u0131 \u015fagirdl\u0259rin \u00f6zg\u00fcv\u0259nin\u0259 t\u0259sir edir. H\u0259m\u00e7inin bir \u00e7ox halda m\u00fc\u0259lliml\u0259rin bilik v\u0259 bacar\u0131qlar\u0131n\u0131n yet\u0259rli q\u0259d\u0259r olmamas\u0131 da onlar\u0131n d\u0259rs prosesind\u0259 kobud, aqressiv olmas\u0131na s\u0259b\u0259b olur\u201d.<\/p>\n\n\n\n<p>\u201cHaz\u0131rda d\u0259rs proqram\u0131n\u0131n a\u011f\u0131r oldu\u011funu n\u0259z\u0259r\u0259 alsaq, avtoritar sistemin yarars\u0131z oldu\u011funu g\u00f6r\u0259rik. Xarici \u00f6lk\u0259l\u0259rin \u00fcslubu il\u0259 gets\u0259k d\u0259, davran\u0131\u015f\u0131m\u0131z\u0131 ona uy\u011funla\u015fd\u0131ra bilm\u0259mi\u015fik\u201d, &#8211; ekspert deyir:<\/p>\n\n\n\n<p>\u201cM\u0259s\u0259l\u0259n, d\u0259rs prosesind\u0259 Avropan\u0131 t\u0259krarlasaq da, davran\u0131\u015fda bunu ed\u0259 bilmirik. T\u0259drisd\u0259 demokratik \u00fcslub olmal\u0131, \u015fagirdin fikri n\u0259z\u0259r\u0259 al\u0131nmal\u0131d\u0131r. Q\u0131\u015fq\u0131raraq u\u015fa\u011f\u0131n psixologiyas\u0131na t\u0259sir etm\u0259k olmaz. H\u0259r \u015fagird\u0259 yana\u015fma f\u0259rqli olmal\u0131d\u0131r. M\u00fct\u0259madi olaraq, m\u00fc\u0259lliml\u0259rin bilik v\u0259 bacar\u0131qlar\u0131n\u0131n, onlar\u0131n psixoloji v\u0259ziyy\u0259tinin yoxlan\u0131lmas\u0131 \u00fc\u00e7\u00fcn imtahanlar ke\u00e7irils\u0259, xo\u015fag\u0259lm\u0259z hallar aradan qalxar\u201d.<\/p>\n\n\n\n<p><strong>M\u00fc\u0259lliml\u0259r psixoloji testd\u0259n ke\u00e7irilirmi?<br><\/strong><\/p>\n\n\n\n<p>Psixoloq Taryel Fazilo\u011flu s\u00f6yl\u0259yir ki, Az\u0259rbaycan m\u0259kt\u0259bl\u0259rinin \u0259ks\u0259riyy\u0259tind\u0259 q\u0131snamalar n\u0259tic\u0259sind\u0259 u\u015faqlar\u0131n \u00f6z\u00fcn\u0259 qapanmas\u0131, psixoloji g\u0259rginlik v\u0259 pozuntular ya\u015famas\u0131 hallar\u0131na \u00e7ox rast g\u0259linir. Bu da u\u015faqlarda g\u0259l\u0259c\u0259kd\u0259 \u00e7ox ciddi psixoloji f\u0259sadlar yarada bil\u0259r:<\/p>\n\n\n\n<p>\u201cM\u00fc\u0259yy\u0259n ya\u015f d\u00f6vr\u00fcnd\u0259 u\u015faqlarda ba\u015f ver\u0259n fizioloji-hormonal d\u0259yi\u015fiklik fonunda onlarda \u00f6z\u00fcn\u00fct\u0259sdiq, m\u00fc\u0259yy\u0259n m\u0259nada \u00f6z\u00fcn\u00fc g\u00f6st\u0259rm\u0259k m\u0259rh\u0259l\u0259si, bel\u0259 dem\u0259k m\u00fcmk\u00fcns\u0259, b\u00f6hran d\u00f6vr\u00fc ya\u015fan\u0131r. H\u0259min m\u0259rh\u0259l\u0259d\u0259 u\u015faqlar \u00e7ox ciddi psixoloji travmalar ala bilir. Bu travmalar da \u00f6m\u00fcr boyu \u015f\u0259xsiyy\u0259tl\u0259ri, insan olaraq c\u0259miyy\u0259td\u0259 formala\u015fmaqlar\u0131nda ciddi psixoloji poz\u011funluqlar yarad\u0131r\u201d.<\/p>\n\n\n\n<div class=\"wp-block-image\"><figure class=\"alignright size-full is-resized\"><img decoding=\"async\" data-src=\"https:\/\/www.meydan.tv\/wp-content\/uploads\/taroiyel.jpg\" alt=\"\" class=\"wp-image-229396 lazyload\" width=\"441\" height=\"267\" src=\"data:image\/svg+xml;base64,PHN2ZyB3aWR0aD0iMSIgaGVpZ2h0PSIxIiB4bWxucz0iaHR0cDovL3d3dy53My5vcmcvMjAwMC9zdmciPjwvc3ZnPg==\" style=\"--smush-placeholder-width: 441px; --smush-placeholder-aspect-ratio: 441\/267;\" \/><figcaption> Taryel Fazilo\u011flu, Foto: Modern.az<\/figcaption><\/figure><\/div>\n\n\n\n<p>Psixoloq t\u00f6vsiy\u0259 edir ki, q\u0131snama ya\u015fayan u\u015faqlar\u0131n valideynl\u0259ri vaxt itirm\u0259d\u0259n pe\u015f\u0259kar psixoloji d\u0259st\u0259k als\u0131nlar. \u00c7\u00fcnki post-travmatik stress pozuntusu qal\u0131c\u0131 oldu\u011fu zaman daha da d\u0259rinl\u0259\u015fir.<\/p>\n\n\n\n<p>\u201cAz\u0259rbaycanda m\u00fc\u0259lliml\u0259r M\u0130Q (M\u00fc\u0259lliml\u0259rin i\u015f\u0259 q\u0259bulu \u00fczr\u0259 m\u00fcsabiq\u0259) vasit\u0259sil\u0259 i\u015f\u0259 q\u0259bul olunanda he\u00e7 bir psixoloji testd\u0259n ke\u00e7irilmir. Normalda m\u00fc\u0259llimin psixioloji v\u0259ziyy\u0259ti m\u00fctl\u0259q d\u0259y\u0259rl\u0259ndirilm\u0259lidir. \u00c7\u00fcnki o, \u015fagird qar\u015f\u0131s\u0131na \u00e7\u0131xacaq. Bu g\u00fcn Az\u0259rbaycanda m\u00fc\u0259lliml\u0259r aras\u0131nda \u015fagird\u0259 qar\u015f\u0131 psixoloji \u015fidd\u0259t, t\u0259zyiq yay\u0131lm\u0131\u015f haldad\u0131r\u201d.<\/p>\n\n\n\n<p><strong>\u201cOla bilsin ki, s\u00f6z d\u00fczg\u00fcn anla\u015f\u0131lmay\u0131b\u201d<br><\/strong><\/p>\n\n\n\n<p>Bak\u0131 \u015e\u0259h\u0259ri \u00fczr\u0259 T\u0259hsil \u0130dar\u0259sinin \u0130ctimaiyy\u0259tl\u0259 \u0259laq\u0259l\u0259r sektorunun m\u00fcdiri B\u0259\u015far\u0259t M\u0259mm\u0259dov Meydan TV-y\u0259 bildirib ki, nizamnam\u0259d\u0259 \u015fagirdin m\u0259kt\u0259b\u0259 q\u0131sa sa\u00e7la g\u0259lm\u0259si il\u0259 ba\u011fl\u0131 he\u00e7 t\u0259l\u0259b yoxdur:<\/p>\n\n\n\n<p>\u201cBu m\u0259s\u0259l\u0259d\u0259 s\u0259liq\u0259-s\u0259hmandan s\u00f6hb\u0259t ged\u0259 bil\u0259r. U\u015fa\u011f\u0131n sa\u00e7\u0131 bir az uzundursa, t\u00f6vsiy\u0259 oluna bil\u0259r. M\u0259s\u0259l\u0259 il\u0259 ba\u011fl\u0131 m\u0259kt\u0259bl\u0259 \u0259laq\u0259 saxlam\u0131\u015f\u0131q. Bildiribl\u0259r ki, u\u015fa\u011fa qar\u015f\u0131 al\u00e7altmaq m\u0259qs\u0259dil\u0259 yana\u015fma olmay\u0131b.<br>Son ill\u0259r q\u0131snama x\u00fcsusil\u0259 n\u0259z\u0259rd\u0259 olan bir m\u0259s\u0259l\u0259dir. Bak\u0131 \u015f\u0259h\u0259r \u00fczr\u0259 T\u0259hsil \u0130dar\u0259si, h\u0259m\u00e7inin m\u0259kt\u0259b psixoloqlar\u0131 buna x\u00fcsusi h\u0259ssasl\u0131qla yana\u015f\u0131r.<\/p>\n\n\n\n<p>He\u00e7 bir halda, u\u015fa\u011fa el\u0259 bir yana\u015fma olmay\u0131b. Ola bilsin ki, s\u00f6z d\u00fczg\u00fcn anla\u015f\u0131lmay\u0131b, d\u00fczg\u00fcn q\u0259bul olunmay\u0131b. M\u0259kt\u0259bin f\u0259aliyy\u0259ti t\u0259k t\u0259hsil verm\u0259kl\u0259 m\u0259hdudla\u015fm\u0131r\u201d.<\/p>\n\n\n\n<div class=\"wp-block-image\"><figure class=\"alignleft size-large is-resized\"><img decoding=\"async\" data-src=\"https:\/\/www.meydan.tv\/wp-content\/uploads\/basarat-1095x821.jpg\" alt=\"\" class=\"wp-image-229399 lazyload\" width=\"415\" height=\"310\" src=\"data:image\/svg+xml;base64,PHN2ZyB3aWR0aD0iMSIgaGVpZ2h0PSIxIiB4bWxucz0iaHR0cDovL3d3dy53My5vcmcvMjAwMC9zdmciPjwvc3ZnPg==\" style=\"--smush-placeholder-width: 415px; --smush-placeholder-aspect-ratio: 415\/310;\" \/><figcaption>B\u0259\u015far\u0259t M\u0259mm\u0259dov, Foto: https:\/\/mektebgushesi.az\/<\/figcaption><\/figure><\/div>\n\n\n\n<p>116 sayl\u0131 tam orta m\u0259kt\u0259b r\u0259hb\u0259rliyind\u0259n m\u00fcnasib\u0259t bildirilm\u0259yib.<br>M\u0259kt\u0259bin direktoru G\u00fclnaz K\u0259rimova daha \u00f6nc\u0259 bildirib ki, m\u00fc\u0259llim Yegan\u0259 Qas\u0131mova 11 ya\u015fl\u0131 Amini do\u011frudan da q\u0131za <a href=\"https:\/\/cebhe.info\/muellim_oglana_qiz_dedi_direktor_ona_haqq_qazandirdi_ldquo_biz_azerbaycanliyiq_rdquo-326430\" target=\"_blank\" rel=\"noreferrer noopener\">b\u0259nz\u0259dib<\/a>.<\/p>\n\n\n\n<p>T\u0259hsil naziri Emin \u018fmrullayev 2021-ci ilin mart\u0131nda m\u0259kt\u0259bl\u0259rd\u0259 zorak\u0131l\u0131\u011fa qar\u015f\u0131 yeni mexanizm haz\u0131rland\u0131\u011f\u0131n\u0131, yax\u0131n g\u0259l\u0259c\u0259kd\u0259 m\u0259kt\u0259bl\u0259rd\u0259 t\u0259tbiq edil\u0259c\u0259yini <a href=\"https:\/\/d9mc3ts4czbpr.cloudfront.net\/az\/article\/tehsil-naziri-mekteblerde-zorakiliga-qarsi-yeni-mexanizm-hazirlanib\/\" target=\"_blank\" rel=\"noreferrer noopener\">bildirib<\/a>.<br><br>2019-cu il aprelin 4-d\u0259 162 sayl\u0131 orta m\u0259kt\u0259bin rus b\u00f6lm\u0259sinin 8-ci sinif \u015fagirdi Elina Hac\u0131yeva \u201cbulling\u201d\u0259 m\u0259ruz qald\u0131\u011f\u0131 \u00fc\u00e7\u00fcn \u00f6z\u00fcn\u00fc m\u0259kt\u0259bin \u00fc\u00e7\u00fcnc\u00fc m\u0259rt\u0259b\u0259sind\u0259n ataraq intihar etmi\u015fdi. Onun \u00f6l\u00fcm\u00fc il\u0259 ba\u011fl\u0131 cinay\u0259t i\u015finin istintaq\u0131 Bak\u0131 \u015e\u0259h\u0259r Prokurorlu\u011funda apar\u0131l\u0131b.<\/p>\n\n\n\n<p>Cinay\u0259t m\u0259suliyy\u0259tin\u0259 c\u0259lb olunan m\u0259kt\u0259bin ke\u00e7mi\u015f direktoru Sevinc Abbasova Cinay\u0259t M\u0259c\u0259ll\u0259sinin 143 (t\u0259hl\u00fck\u0259d\u0259 qoyma) v\u0259 314.2 (s\u0259hl\u0259nkarl\u0131q, a\u011f\u0131r n\u0259tic\u0259l\u0259r\u0259 s\u0259b\u0259b olduqda) madd\u0259l\u0259ril\u0259 t\u0259qsirli bilinib. S\u0259bail rayon M\u0259hk\u0259m\u0259sinin h\u00f6km\u00fcyl\u0259 ona 2 il 2 ay azadl\u0131\u011f\u0131n m\u0259hdudla\u015fd\u0131r\u0131lmas\u0131 c\u0259zas\u0131 <a href=\"https:\/\/www.meydan.tv\/az\/article\/elina-olmemisden-evvel-yazmisdi-ki-men-size-lazim-deyildim-qebrimin-ustune-gelmeyin\/?ref=homepage-featured-video\" target=\"_blank\" rel=\"noreferrer noopener\">verilib<\/a>.<br><\/p>\n","protected":false},"excerpt":{"rendered":"<p>M\u0259kt\u0259blinin sa\u00e7\u0131 il\u0259 ba\u011fl\u0131 h\u0259r hans\u0131 t\u0259limat yoxdur Almaniyadan deportasiya &#8230; <\/p>\n<p class=\"read-more-container\"><a title=\"Ekspert: \u201cM\u00fc\u0259lliml\u0259r psixoloji testd\u0259n ke\u00e7irilm\u0259lidir\u201d\" class=\"read-more button\" href=\"https:\/\/www.meydan.tv\/az\/article\/ekspert-muellimler-psixoloji-testden-kecirilmelidir\/#more-229392\" aria-label=\"Read more about Ekspert: \u201cM\u00fc\u0259lliml\u0259r psixoloji testd\u0259n ke\u00e7irilm\u0259lidir\u201d\">Davam\u0131<\/a><\/p>\n","protected":false},"author":8,"featured_media":229393,"comment_status":"closed","ping_status":"closed","sticky":false,"template":"","format":"standard","meta":{"_acf_changed":false,"_sitemap_exclude":false,"_sitemap_priority":"","_sitemap_frequency":"","footnotes":""},"categories":[62,79,56],"tags":[],"class_list":["post-229392","post","type-post","status-publish","format-standard","has-post-thumbnail","hentry","category-sosial","category-featured","category-xeberler","infinite-scroll-item","generate-columns","tablet-grid-50","mobile-grid-100","grid-parent","grid-33","no-featured-image-padding"],"acf":[],"yoast_head":"<!-- This site is optimized with the Yoast SEO plugin v27.5 - https:\/\/yoast.com\/product\/yoast-seo-wordpress\/ -->\n<title>Ekspert: \u201cM\u00fc\u0259lliml\u0259r psixoloji testd\u0259n ke\u00e7irilm\u0259lidir\u201d - MEYDAN.TV<\/title>\n<meta name=\"robots\" content=\"index, follow, max-snippet:-1, max-image-preview:large, max-video-preview:-1\" \/>\n<link rel=\"canonical\" href=\"https:\/\/www.meydan.tv\/az\/article\/ekspert-muellimler-psixoloji-testden-kecirilmelidir\/\" \/>\n<meta property=\"og:locale\" content=\"az_AZ\" \/>\n<meta property=\"og:type\" content=\"article\" \/>\n<meta property=\"og:title\" content=\"Ekspert: \u201cM\u00fc\u0259lliml\u0259r psixoloji testd\u0259n ke\u00e7irilm\u0259lidir\u201d - MEYDAN.TV\" \/>\n<meta property=\"og:description\" content=\"M\u0259kt\u0259blinin sa\u00e7\u0131 il\u0259 ba\u011fl\u0131 h\u0259r hans\u0131 t\u0259limat yoxdur Almaniyadan deportasiya ... Davam\u0131\" \/>\n<meta property=\"og:url\" content=\"https:\/\/www.meydan.tv\/az\/article\/ekspert-muellimler-psixoloji-testden-kecirilmelidir\/\" \/>\n<meta property=\"og:site_name\" content=\"MEYDAN.TV\" \/>\n<meta property=\"article:published_time\" content=\"2021-12-16T04:18:58+00:00\" \/>\n<meta property=\"article:modified_time\" content=\"2021-12-16T04:19:00+00:00\" \/>\n<meta property=\"og:image\" content=\"https:\/\/www.meydan.tv\/wp-content\/uploads\/qisnama.jpg\" \/>\n\t<meta property=\"og:image:width\" content=\"1200\" \/>\n\t<meta property=\"og:image:height\" content=\"749\" \/>\n\t<meta property=\"og:image:type\" content=\"image\/jpeg\" \/>\n<meta name=\"author\" content=\"elli\" \/>\n<meta name=\"twitter:card\" content=\"summary_large_image\" \/>\n<meta name=\"twitter:creator\" content=\"@elli\" \/>\n<script type=\"application\/ld+json\" class=\"yoast-schema-graph\">{\"@context\":\"https:\\\/\\\/schema.org\",\"@graph\":[{\"@type\":\"Article\",\"@id\":\"https:\\\/\\\/www.meydan.tv\\\/az\\\/article\\\/ekspert-muellimler-psixoloji-testden-kecirilmelidir\\\/#article\",\"isPartOf\":{\"@id\":\"https:\\\/\\\/www.meydan.tv\\\/az\\\/article\\\/ekspert-muellimler-psixoloji-testden-kecirilmelidir\\\/\"},\"author\":{\"name\":\"elli\",\"@id\":\"https:\\\/\\\/www.meydan.tv\\\/az\\\/#\\\/schema\\\/person\\\/9cdbecf90d17180ce1dfbd95b08dcf47\"},\"headline\":\"Ekspert: \u201cM\u00fc\u0259lliml\u0259r psixoloji testd\u0259n ke\u00e7irilm\u0259lidir\u201d\",\"datePublished\":\"2021-12-16T04:18:58+00:00\",\"dateModified\":\"2021-12-16T04:19:00+00:00\",\"mainEntityOfPage\":{\"@id\":\"https:\\\/\\\/www.meydan.tv\\\/az\\\/article\\\/ekspert-muellimler-psixoloji-testden-kecirilmelidir\\\/\"},\"wordCount\":1914,\"publisher\":{\"@id\":\"https:\\\/\\\/www.meydan.tv\\\/az\\\/#organization\"},\"image\":{\"@id\":\"https:\\\/\\\/www.meydan.tv\\\/az\\\/article\\\/ekspert-muellimler-psixoloji-testden-kecirilmelidir\\\/#primaryimage\"},\"thumbnailUrl\":\"https:\\\/\\\/www.meydan.tv\\\/wp-content\\\/uploads\\\/qisnama.jpg\",\"articleSection\":[\"Sosial\",\"T\u00f6vsiy\u0259\",\"X\u0259b\u0259rl\u0259r\"],\"inLanguage\":\"az\"},{\"@type\":\"WebPage\",\"@id\":\"https:\\\/\\\/www.meydan.tv\\\/az\\\/article\\\/ekspert-muellimler-psixoloji-testden-kecirilmelidir\\\/\",\"url\":\"https:\\\/\\\/www.meydan.tv\\\/az\\\/article\\\/ekspert-muellimler-psixoloji-testden-kecirilmelidir\\\/\",\"name\":\"Ekspert: \u201cM\u00fc\u0259lliml\u0259r psixoloji testd\u0259n ke\u00e7irilm\u0259lidir\u201d - MEYDAN.TV\",\"isPartOf\":{\"@id\":\"https:\\\/\\\/www.meydan.tv\\\/az\\\/#website\"},\"primaryImageOfPage\":{\"@id\":\"https:\\\/\\\/www.meydan.tv\\\/az\\\/article\\\/ekspert-muellimler-psixoloji-testden-kecirilmelidir\\\/#primaryimage\"},\"image\":{\"@id\":\"https:\\\/\\\/www.meydan.tv\\\/az\\\/article\\\/ekspert-muellimler-psixoloji-testden-kecirilmelidir\\\/#primaryimage\"},\"thumbnailUrl\":\"https:\\\/\\\/www.meydan.tv\\\/wp-content\\\/uploads\\\/qisnama.jpg\",\"datePublished\":\"2021-12-16T04:18:58+00:00\",\"dateModified\":\"2021-12-16T04:19:00+00:00\",\"breadcrumb\":{\"@id\":\"https:\\\/\\\/www.meydan.tv\\\/az\\\/article\\\/ekspert-muellimler-psixoloji-testden-kecirilmelidir\\\/#breadcrumb\"},\"inLanguage\":\"az\",\"potentialAction\":[{\"@type\":\"ReadAction\",\"target\":[\"https:\\\/\\\/www.meydan.tv\\\/az\\\/article\\\/ekspert-muellimler-psixoloji-testden-kecirilmelidir\\\/\"]}]},{\"@type\":\"ImageObject\",\"inLanguage\":\"az\",\"@id\":\"https:\\\/\\\/www.meydan.tv\\\/az\\\/article\\\/ekspert-muellimler-psixoloji-testden-kecirilmelidir\\\/#primaryimage\",\"url\":\"https:\\\/\\\/www.meydan.tv\\\/wp-content\\\/uploads\\\/qisnama.jpg\",\"contentUrl\":\"https:\\\/\\\/www.meydan.tv\\\/wp-content\\\/uploads\\\/qisnama.jpg\",\"width\":1200,\"height\":749,\"caption\":\"Foto: https:\\\/\\\/www.arti.edu.az\\\/\"},{\"@type\":\"BreadcrumbList\",\"@id\":\"https:\\\/\\\/www.meydan.tv\\\/az\\\/article\\\/ekspert-muellimler-psixoloji-testden-kecirilmelidir\\\/#breadcrumb\",\"itemListElement\":[{\"@type\":\"ListItem\",\"position\":1,\"name\":\"Ana s\u0259hif\u0259\",\"item\":\"https:\\\/\\\/www.meydan.tv\\\/az\\\/\"},{\"@type\":\"ListItem\",\"position\":2,\"name\":\"Sosial\",\"item\":\"https:\\\/\\\/www.meydan.tv\\\/az\\\/section\\\/sosial\\\/\"},{\"@type\":\"ListItem\",\"position\":3,\"name\":\"Ekspert: \u201cM\u00fc\u0259lliml\u0259r psixoloji testd\u0259n ke\u00e7irilm\u0259lidir\u201d\"}]},{\"@type\":\"WebSite\",\"@id\":\"https:\\\/\\\/www.meydan.tv\\\/az\\\/#website\",\"url\":\"https:\\\/\\\/www.meydan.tv\\\/az\\\/\",\"name\":\"MEYDAN.TV\",\"description\":\"Meydan TV Az\u0259rbaycan\u0131n media m\u0259kan\u0131ndak\u0131 alternativ s\u0259sidir\",\"publisher\":{\"@id\":\"https:\\\/\\\/www.meydan.tv\\\/az\\\/#organization\"},\"potentialAction\":[{\"@type\":\"SearchAction\",\"target\":{\"@type\":\"EntryPoint\",\"urlTemplate\":\"https:\\\/\\\/www.meydan.tv\\\/az\\\/?s={search_term_string}\"},\"query-input\":{\"@type\":\"PropertyValueSpecification\",\"valueRequired\":true,\"valueName\":\"search_term_string\"}}],\"inLanguage\":\"az\"},{\"@type\":\"Organization\",\"@id\":\"https:\\\/\\\/www.meydan.tv\\\/az\\\/#organization\",\"name\":\"Meydan TV\",\"url\":\"https:\\\/\\\/www.meydan.tv\\\/az\\\/\",\"logo\":{\"@type\":\"ImageObject\",\"inLanguage\":\"az\",\"@id\":\"https:\\\/\\\/www.meydan.tv\\\/az\\\/#\\\/schema\\\/logo\\\/image\\\/\",\"url\":\"https:\\\/\\\/www.meydan.tv\\\/wp-content\\\/uploads\\\/2021\\\/07\\\/meydan-logo.svg\",\"contentUrl\":\"https:\\\/\\\/www.meydan.tv\\\/wp-content\\\/uploads\\\/2021\\\/07\\\/meydan-logo.svg\",\"width\":195,\"height\":46,\"caption\":\"Meydan TV\"},\"image\":{\"@id\":\"https:\\\/\\\/www.meydan.tv\\\/az\\\/#\\\/schema\\\/logo\\\/image\\\/\"}},{\"@type\":\"Person\",\"@id\":\"https:\\\/\\\/www.meydan.tv\\\/az\\\/#\\\/schema\\\/person\\\/9cdbecf90d17180ce1dfbd95b08dcf47\",\"name\":\"elli\",\"sameAs\":[\"https:\\\/\\\/x.com\\\/elli\"]}]}<\/script>\n<!-- \/ Yoast SEO plugin. -->","yoast_head_json":{"title":"Ekspert: \u201cM\u00fc\u0259lliml\u0259r psixoloji testd\u0259n ke\u00e7irilm\u0259lidir\u201d - MEYDAN.TV","robots":{"index":"index","follow":"follow","max-snippet":"max-snippet:-1","max-image-preview":"max-image-preview:large","max-video-preview":"max-video-preview:-1"},"canonical":"https:\/\/www.meydan.tv\/az\/article\/ekspert-muellimler-psixoloji-testden-kecirilmelidir\/","og_locale":"az_AZ","og_type":"article","og_title":"Ekspert: \u201cM\u00fc\u0259lliml\u0259r psixoloji testd\u0259n ke\u00e7irilm\u0259lidir\u201d - MEYDAN.TV","og_description":"M\u0259kt\u0259blinin sa\u00e7\u0131 il\u0259 ba\u011fl\u0131 h\u0259r hans\u0131 t\u0259limat yoxdur Almaniyadan deportasiya ... Davam\u0131","og_url":"https:\/\/www.meydan.tv\/az\/article\/ekspert-muellimler-psixoloji-testden-kecirilmelidir\/","og_site_name":"MEYDAN.TV","article_published_time":"2021-12-16T04:18:58+00:00","article_modified_time":"2021-12-16T04:19:00+00:00","og_image":[{"width":1200,"height":749,"url":"https:\/\/www.meydan.tv\/wp-content\/uploads\/qisnama.jpg","type":"image\/jpeg"}],"author":"elli","twitter_card":"summary_large_image","twitter_creator":"@elli","schema":{"@context":"https:\/\/schema.org","@graph":[{"@type":"Article","@id":"https:\/\/www.meydan.tv\/az\/article\/ekspert-muellimler-psixoloji-testden-kecirilmelidir\/#article","isPartOf":{"@id":"https:\/\/www.meydan.tv\/az\/article\/ekspert-muellimler-psixoloji-testden-kecirilmelidir\/"},"author":{"name":"elli","@id":"https:\/\/www.meydan.tv\/az\/#\/schema\/person\/9cdbecf90d17180ce1dfbd95b08dcf47"},"headline":"Ekspert: \u201cM\u00fc\u0259lliml\u0259r psixoloji testd\u0259n ke\u00e7irilm\u0259lidir\u201d","datePublished":"2021-12-16T04:18:58+00:00","dateModified":"2021-12-16T04:19:00+00:00","mainEntityOfPage":{"@id":"https:\/\/www.meydan.tv\/az\/article\/ekspert-muellimler-psixoloji-testden-kecirilmelidir\/"},"wordCount":1914,"publisher":{"@id":"https:\/\/www.meydan.tv\/az\/#organization"},"image":{"@id":"https:\/\/www.meydan.tv\/az\/article\/ekspert-muellimler-psixoloji-testden-kecirilmelidir\/#primaryimage"},"thumbnailUrl":"https:\/\/www.meydan.tv\/wp-content\/uploads\/qisnama.jpg","articleSection":["Sosial","T\u00f6vsiy\u0259","X\u0259b\u0259rl\u0259r"],"inLanguage":"az"},{"@type":"WebPage","@id":"https:\/\/www.meydan.tv\/az\/article\/ekspert-muellimler-psixoloji-testden-kecirilmelidir\/","url":"https:\/\/www.meydan.tv\/az\/article\/ekspert-muellimler-psixoloji-testden-kecirilmelidir\/","name":"Ekspert: \u201cM\u00fc\u0259lliml\u0259r psixoloji testd\u0259n ke\u00e7irilm\u0259lidir\u201d - MEYDAN.TV","isPartOf":{"@id":"https:\/\/www.meydan.tv\/az\/#website"},"primaryImageOfPage":{"@id":"https:\/\/www.meydan.tv\/az\/article\/ekspert-muellimler-psixoloji-testden-kecirilmelidir\/#primaryimage"},"image":{"@id":"https:\/\/www.meydan.tv\/az\/article\/ekspert-muellimler-psixoloji-testden-kecirilmelidir\/#primaryimage"},"thumbnailUrl":"https:\/\/www.meydan.tv\/wp-content\/uploads\/qisnama.jpg","datePublished":"2021-12-16T04:18:58+00:00","dateModified":"2021-12-16T04:19:00+00:00","breadcrumb":{"@id":"https:\/\/www.meydan.tv\/az\/article\/ekspert-muellimler-psixoloji-testden-kecirilmelidir\/#breadcrumb"},"inLanguage":"az","potentialAction":[{"@type":"ReadAction","target":["https:\/\/www.meydan.tv\/az\/article\/ekspert-muellimler-psixoloji-testden-kecirilmelidir\/"]}]},{"@type":"ImageObject","inLanguage":"az","@id":"https:\/\/www.meydan.tv\/az\/article\/ekspert-muellimler-psixoloji-testden-kecirilmelidir\/#primaryimage","url":"https:\/\/www.meydan.tv\/wp-content\/uploads\/qisnama.jpg","contentUrl":"https:\/\/www.meydan.tv\/wp-content\/uploads\/qisnama.jpg","width":1200,"height":749,"caption":"Foto: https:\/\/www.arti.edu.az\/"},{"@type":"BreadcrumbList","@id":"https:\/\/www.meydan.tv\/az\/article\/ekspert-muellimler-psixoloji-testden-kecirilmelidir\/#breadcrumb","itemListElement":[{"@type":"ListItem","position":1,"name":"Ana s\u0259hif\u0259","item":"https:\/\/www.meydan.tv\/az\/"},{"@type":"ListItem","position":2,"name":"Sosial","item":"https:\/\/www.meydan.tv\/az\/section\/sosial\/"},{"@type":"ListItem","position":3,"name":"Ekspert: \u201cM\u00fc\u0259lliml\u0259r psixoloji testd\u0259n ke\u00e7irilm\u0259lidir\u201d"}]},{"@type":"WebSite","@id":"https:\/\/www.meydan.tv\/az\/#website","url":"https:\/\/www.meydan.tv\/az\/","name":"MEYDAN.TV","description":"Meydan TV Az\u0259rbaycan\u0131n media m\u0259kan\u0131ndak\u0131 alternativ s\u0259sidir","publisher":{"@id":"https:\/\/www.meydan.tv\/az\/#organization"},"potentialAction":[{"@type":"SearchAction","target":{"@type":"EntryPoint","urlTemplate":"https:\/\/www.meydan.tv\/az\/?s={search_term_string}"},"query-input":{"@type":"PropertyValueSpecification","valueRequired":true,"valueName":"search_term_string"}}],"inLanguage":"az"},{"@type":"Organization","@id":"https:\/\/www.meydan.tv\/az\/#organization","name":"Meydan TV","url":"https:\/\/www.meydan.tv\/az\/","logo":{"@type":"ImageObject","inLanguage":"az","@id":"https:\/\/www.meydan.tv\/az\/#\/schema\/logo\/image\/","url":"https:\/\/www.meydan.tv\/wp-content\/uploads\/2021\/07\/meydan-logo.svg","contentUrl":"https:\/\/www.meydan.tv\/wp-content\/uploads\/2021\/07\/meydan-logo.svg","width":195,"height":46,"caption":"Meydan TV"},"image":{"@id":"https:\/\/www.meydan.tv\/az\/#\/schema\/logo\/image\/"}},{"@type":"Person","@id":"https:\/\/www.meydan.tv\/az\/#\/schema\/person\/9cdbecf90d17180ce1dfbd95b08dcf47","name":"elli","sameAs":["https:\/\/x.com\/elli"]}]}},"_links":{"self":[{"href":"https:\/\/www.meydan.tv\/az\/wp-json\/wp\/v2\/posts\/229392","targetHints":{"allow":["GET"]}}],"collection":[{"href":"https:\/\/www.meydan.tv\/az\/wp-json\/wp\/v2\/posts"}],"about":[{"href":"https:\/\/www.meydan.tv\/az\/wp-json\/wp\/v2\/types\/post"}],"author":[{"embeddable":true,"href":"https:\/\/www.meydan.tv\/az\/wp-json\/wp\/v2\/users\/8"}],"replies":[{"embeddable":true,"href":"https:\/\/www.meydan.tv\/az\/wp-json\/wp\/v2\/comments?post=229392"}],"version-history":[{"count":1,"href":"https:\/\/www.meydan.tv\/az\/wp-json\/wp\/v2\/posts\/229392\/revisions"}],"predecessor-version":[{"id":229402,"href":"https:\/\/www.meydan.tv\/az\/wp-json\/wp\/v2\/posts\/229392\/revisions\/229402"}],"wp:featuredmedia":[{"embeddable":true,"href":"https:\/\/www.meydan.tv\/az\/wp-json\/wp\/v2\/media\/229393"}],"wp:attachment":[{"href":"https:\/\/www.meydan.tv\/az\/wp-json\/wp\/v2\/media?parent=229392"}],"wp:term":[{"taxonomy":"category","embeddable":true,"href":"https:\/\/www.meydan.tv\/az\/wp-json\/wp\/v2\/categories?post=229392"},{"taxonomy":"post_tag","embeddable":true,"href":"https:\/\/www.meydan.tv\/az\/wp-json\/wp\/v2\/tags?post=229392"}],"curies":[{"name":"wp","href":"https:\/\/api.w.org\/{rel}","templated":true}]}}