{"id":229356,"date":"2021-12-15T17:22:08","date_gmt":"2021-12-15T13:22:08","guid":{"rendered":"https:\/\/www.meydan.tv\/?p=229356"},"modified":"2021-12-15T17:22:27","modified_gmt":"2021-12-15T13:22:27","slug":"media-haqqinda-qanun-layihesi-ile-bagli-aciq-muraciet","status":"publish","type":"post","link":"https:\/\/www.meydan.tv\/az\/article\/media-haqqinda-qanun-layihesi-ile-bagli-aciq-muraciet\/","title":{"rendered":"\u201cMedia haqq\u0131nda\u201d qanun layih\u0259si il\u0259 ba\u011fl\u0131 a\u00e7\u0131q m\u00fcraci\u0259t"},"content":{"rendered":"\n<p><em>V\u0259t\u0259nda\u015f c\u0259miyy\u0259ti n\u00fcmay\u0259nd\u0259l\u0259ri layih\u0259nin parlamentin g\u00fcnd\u0259liyind\u0259n \u00e7\u0131xar\u0131lmas\u0131 \u00fc\u00e7\u00fcn \u00e7a\u011f\u0131r\u0131\u015f edir<\/em><br><\/p>\n\n\n\n<p>Jurnalist, ekspert v\u0259 h\u00fcquq m\u00fcdafi\u0259\u00e7il\u0259rind\u0259n ibar\u0259t v\u0259t\u0259nda\u015f c\u0259miyy\u0259tinin n\u00fcmay\u0259nd\u0259l\u0259ri \u201cMedia haqq\u0131nda\u201d Az\u0259rbaycan Respublikas\u0131 Qanunu layih\u0259si t\u0259klifi il\u0259 ba\u011fl\u0131 a\u00e7\u0131q m\u00fcrafi\u0259t \u00fcnvanlay\u0131b.<\/p>\n\n\n\n<p>M\u00fcraci\u0259td\u0259 deyilir:<\/p>\n\n\n\n<p>\u201cBiz &#8211; bu m\u00fcraci\u0259ti imzalayanlar, Az\u0259rbaycan Respublikas\u0131 Milli M\u0259clisind\u0259 1-ci oxunu\u015fda q\u0259bul edil\u0259n \u201cMedia haqq\u0131nda\u201d Az\u0259rbaycan Respublikas\u0131 Qanunu layih\u0259si t\u0259klifinin media v\u0259 ifad\u0259 azadl\u0131\u011f\u0131n\u0131 m\u0259hdudla\u015fd\u0131rma\u011fa geni\u015f imkanlar a\u00e7mas\u0131ndan t\u0259\u0259ss\u00fcfl\u0259nir, t\u0259klifin ictimai m\u00fczakir\u0259 testind\u0259n ke\u00e7m\u0259d\u0259n, t\u0259l\u0259m-t\u0259l\u0259sik parlamentd\u0259 m\u00fczakir\u0259sini demokratik d\u0259y\u0259rl\u0259r\u0259 say\u011f\u0131s\u0131zl\u0131q kimi qiym\u0259tl\u0259ndirir, Milli M\u0259clisi s\u00f6z\u00fcged\u0259n layih\u0259ni g\u00fcnd\u0259likd\u0259n \u00e7\u0131xarma\u011fa, geni\u015f qat\u0131l\u0131mla i\u015fl\u0259nm\u0259si \u00fc\u00e7\u00fcn geri qaytarma\u011fa \u00e7a\u011f\u0131r\u0131r\u0131q\u201d.<br><\/p>\n\n\n\n<p>M\u00fcraci\u0259td\u0259 daha sonra deyilir ki, \u201cMedia haqq\u0131nda\u201d Az\u0259rbaycan Respublikas\u0131 Qanunu t\u0259klifinin parlament m\u00fczakir\u0259l\u0259rin\u0259 q\u0259d\u0259r qapal\u0131 tutulmas\u0131, bilgi a\u00e7\u0131ql\u0131\u011f\u0131 il\u0259 ba\u011fl\u0131 milli qanunlara, el\u0259c\u0259 d\u0259 Az\u0259rbaycan\u0131n t\u0259r\u0259fdar \u00e7\u0131xd\u0131\u011f\u0131 beyn\u0259lxalq m\u00fcqavil\u0259l\u0259r\u0259 uy\u011fun deyil. Layih\u0259 \u00f6lk\u0259nin media ictimaiyy\u0259tinin habel\u0259 Az\u0259rbaycan\u0131n t\u0259r\u0259fda\u015fl\u0131q etdiyi Avropa \u015euras\u0131n\u0131n Venetsiya Komissiyas\u0131n\u0131n, AT\u018fT-in Media Ofisinin m\u00fcsb\u0259t r\u0259yini almay\u0131b.<\/p>\n\n\n\n<p>Xat\u0131rlan\u0131b ki, Milli M\u0259clisin 2005-ci ild\u0259 q\u0259bul etdiyi \u201c\u0130nformasiya \u0259ld\u0259 etm\u0259k haqq\u0131nda\u201d Az\u0259rbaycan Respublikas\u0131 Qanunu, media h\u00fcququ ekspertl\u0259rinin, yerli, beyn\u0259lxalq ictimaiyy\u0259tin i\u015ftirak\u0131 il\u0259 haz\u0131rlanm\u0131\u015fd\u0131. H\u0259min Qanun, ictimai bilgil\u0259r\u0259 \u00e7at\u0131mla ba\u011fl\u0131 \u0259lveri\u015fli qanuni mexanizml\u0259r yarad\u0131b, onu indi d\u0259 beyn\u0259lxalq t\u0259\u015fkilatlar, m\u00fct\u0259r\u0259qqi \u00f6lk\u0259l\u0259r \u00f6rn\u0259k kimi g\u00f6st\u0259rirl\u0259r. M\u00fczakir\u0259y\u0259 \u00e7\u0131xar\u0131lan \u201cMedia haqq\u0131nda\u201d qanuna m\u00fcnasib\u0259td\u0259 bu yax\u015f\u0131 t\u0259cr\u00fcb\u0259nin d\u0259 g\u00f6rm\u0259zd\u0259n g\u0259linm\u0259si t\u0259\u0259ss\u00fcf do\u011furur:<\/p>\n\n\n\n<p>\u201cQanun t\u0259klifi il\u0259 Az\u0259rbaycan Respublikas\u0131 Konstitusiyas\u0131n\u0131n, Avropa \u0130nsan Haqlar\u0131 Konvensiyas\u0131n\u0131n ifad\u0259 v\u0259 media azadl\u0131\u011f\u0131 h\u00fcququnu qoruyan m\u00fcdd\u0259alar\u0131 aras\u0131nda ciddi uy\u011funsuzluqlar var. Konstitusiya h\u0259r k\u0259sin h\u00fcquq v\u0259 azadl\u0131qlar\u0131n\u0131n b\u0259rab\u0259rliyin\u0259 t\u0259minat verir, fikir, s\u00f6z azadl\u0131\u011f\u0131n\u0131, m\u0259lumat azadl\u0131\u011f\u0131n\u0131 qoruyur. B\u00fct\u00fcn konstitusion h\u00fcquq v\u0259 azadl\u0131qlar beyn\u0259lxalq m\u00fcqavil\u0259l\u0259r\u0259 uy\u011fun t\u0259tbiq edilm\u0259lidir. Beyn\u0259lxalq m\u00fcqavil\u0259l\u0259r milli qanunvericilik sistemimizin ayr\u0131lmaz t\u0259rkib hiss\u0259sidir v\u0259 onunla milli qanunlar aras\u0131nda ziddiyy\u0259t yaranarsa, h\u0259min beyn\u0259lxalq m\u00fcqavil\u0259l\u0259r t\u0259tbiq edilm\u0259lidir\u201d. <\/p>\n\n\n\n<p>\u201cAvropa \u0130nsan Haqlar\u0131 Konvensiyas\u0131n\u0131n ifad\u0259 azadl\u0131\u011f\u0131 h\u00fcququnu t\u0259minat alt\u0131na alan 10-cu madd\u0259si is\u0259 ifad\u0259 azadl\u0131\u011f\u0131na m\u00fcdaxil\u0259l\u0259rin ayd\u0131n \u00e7\u0259r\u00e7iv\u0259sini, \u0259saslar\u0131n\u0131 m\u00fc\u0259yy\u0259n edir. T\u0259\u0259ss\u00fcf ki, qanun layih\u0259si t\u0259klifi qeyd edil\u0259n testl\u0259rin he\u00e7 birin\u0259 cavab vermir, ifad\u0259, media azadl\u0131\u011f\u0131na g\u0259r\u0259ksiz m\u00fcdaxil\u0259l\u0259r\u0259 m\u00fcnbit \u015f\u0259rait yarad\u0131r\u201d, &#8211; m\u00fcraci\u0259td\u0259 deyilir.<\/p>\n\n\n\n<p>M\u00fcraci\u0259t m\u00fc\u0259llifl\u0259ri bildirirl\u0259r ki, qanun t\u0259klifi, kiml\u0259rin jurnalistika pe\u015f\u0259si il\u0259 m\u0259\u015f\u011ful ola bil\u0259c\u0259yini m\u00fc\u0259yy\u0259nl\u0259\u015fdirm\u0259kd\u0259 d\u00f6vl\u0259t\u0259 geni\u015f imkanlar a\u00e7\u0131r, median\u0131n \u00f6z\u00fcn\u00fct\u0259nziml\u0259m\u0259si modelind\u0259n imtinan\u0131 m\u0259nims\u0259yir. D\u00f6vl\u0259tin jurnalistl\u0259r\u0259 reyestr yaratmas\u0131, reyestrl\u0259 ba\u011fl\u0131 \u00e7\u0259tin \u015f\u0259rtl\u0259rin m\u00fc\u0259yy\u0259n edilm\u0259si, vahid v\u0259siq\u0259 qaydas\u0131n\u0131n\u0131n t\u0259tbiqi, qanunla jurnalistl\u0259r\u0259 pe\u015f\u0259 etikas\u0131na \u0259m\u0259l etm\u0259k, fakt v\u0259 hadis\u0259l\u0259ri q\u0259r\u0259zsiz, obyektiv \u015f\u0259rh etm\u0259k, birt\u0259r\u0259fliliy\u0259 yol verm\u0259m\u0259k, gizli yolla \u0259ld\u0259 edilmi\u015f b\u00fct\u00fcn m\u0259lumatlar\u0131n yay\u0131lmas\u0131n\u0131 yasaqlamaq kimi t\u0259l\u0259bl\u0259rin qoyulmas\u0131, ifad\u0259 azadl\u0131\u011f\u0131 h\u00fcququnun m\u00fch\u00fcm komponenti olan media azadl\u0131\u011f\u0131na sa\u011falmaz yaralar vura bil\u0259r.<\/p>\n\n\n\n<p>H\u0259m\u00e7inin qeyd olunur ki, layih\u0259 t\u0259klifind\u0259 audiovizual media subyektl\u0259ri il\u0259 ba\u011fl\u0131 m\u00fcc\u0259rr\u0259d, media qanunvericiliyi yarad\u0131c\u0131l\u0131\u011f\u0131 t\u0259cr\u00fcb\u0259sind\u0259 rastlanmayan anlay\u0131\u015flardan istifad\u0259 olunmas\u0131, t\u0259nziml\u0259m\u0259l\u0259rin anla\u015f\u0131lmazl\u0131\u011f\u0131, t\u0259klif edil\u0259n layih\u0259nin m\u00fcmk\u00fcn faydlar\u0131n\u0131 da k\u00f6lg\u0259 alt\u0131na sal\u0131r. X\u00fcsusil\u0259, layih\u0259 t\u0259klifind\u0259ki lisenziya \u015f\u0259rtin\u0259 tabe etdiril\u0259n \u201cplatforma yay\u0131m\u00e7\u0131 v\u0259 operatorlar\u0131\u201d il\u0259 ba\u011fl\u0131 t\u0259nziml\u0259m\u0259l\u0259r media, ifad\u0259 azadl\u0131\u011f\u0131na m\u0259hdudiyy\u0259tl\u0259r \u00fc\u00e7\u00fcn geni\u015f imkanlar a\u00e7and\u0131r. Anlay\u0131\u015flarla ba\u011fl\u0131 qanun t\u0259klifinin m\u0259tninin anla\u015f\u0131lan olmamas\u0131, internet televiziyalar\u0131n\u0131n t\u0259nziml\u0259nm\u0259sinin d\u0259 \u201cplatforma yay\u0131m\u00e7\u0131s\u0131\u201d anlay\u0131\u015f\u0131 alt\u0131na daxil edil\u0259c\u0259yin\u0259 ciddi \u0259sas yarad\u0131r.<\/p>\n\n\n\n<p>\u201cBiz, qanun layih\u0259si t\u0259klifinin \u00f6lk\u0259mizin i\u015f\u0131ql\u0131, firavan g\u0259l\u0259c\u0259yin\u0259 deyil, daha da qapal\u0131 m\u00fchitin formala\u015fmas\u0131na xidm\u0259t etm\u0259sind\u0259n narahatl\u0131\u011f\u0131m\u0131z\u0131 ifad\u0259 edir, ifad\u0259 azadl\u0131\u011f\u0131 h\u00fcququnun b\u00fct\u00fcn ba\u015fqa h\u00fcquqlardan faydalanmaqda m\u00fch\u00fcm \u00f6n\u0259mini, eyni zamanda bu h\u00fcququn \u00f6z\u00fcn\u00fcn d\u0259 m\u00fctl\u0259q h\u00fcquq olmad\u0131\u011f\u0131n\u0131 vur\u011fulay\u0131r\u0131q\u201d, &#8211; m\u00fcraci\u0259t m\u00fc\u0259llifl\u0259ri yaz\u0131r:<\/p>\n\n\n\n<p>\u201cBununla yana\u015f\u0131, n\u0259z\u0259r\u0259 al\u0131nmal\u0131d\u0131r ki, ifad\u0259, media azadl\u0131\u011f\u0131 il\u0259 ba\u011fl\u0131 m\u0259hdudiyy\u0259tl\u0259r m\u00fctl\u0259q legitim, adekvat, demokratik c\u0259miyy\u0259td\u0259 z\u0259ruri olmal\u0131 v\u0259 t\u0259xir\u0259sal\u0131nmaz sosial t\u0259l\u0259batdan do\u011fmal\u0131d\u0131r. \u0130fad\u0259 v\u0259 media azadl\u0131\u011f\u0131 yaln\u0131z Az\u0259rbaycan Konstitusiyas\u0131nda v\u0259 Avropa Konvensiyas\u0131nda ayd\u0131n ifad\u0259 edilmi\u015f \u0259saslara uy\u011fun olaraq, m\u0259hdudiyy\u0259tl\u0259r\u0259 m\u0259ruz qala bil\u0259r\u201d.<\/p>\n\n\n\n<p>\u201cMilli M\u0259clisin m\u00fczakir\u0259sin\u0259 \u00e7\u0131xar\u0131lan t\u0259klifin bu \u0259saslara adekvat olmamas\u0131 s\u0259b\u0259bind\u0259n, h\u00f6kum\u0259ti, bu layih\u0259nin qanuna \u00e7evrilm\u0259m\u0259si \u00fc\u00e7\u00fcn g\u0259r\u0259kli add\u0131mlar\u0131 atma\u011fa &#8211; onu parlamentin g\u00fcnd\u0259liyind\u0259n \u00e7\u0131xarma\u011fa, yenid\u0259n v\u0259t\u0259nda\u015f c\u0259miyy\u0259ti t\u0259msil\u00e7il\u0259rinin d\u0259 yer ald\u0131\u011f\u0131 i\u015f\u00e7i qrup yaratma\u011fa v\u0259 layih\u0259ni yenid\u0259n i\u015fl\u0259nm\u0259si \u00fc\u00e7\u00fcn h\u0259min qrupa t\u0259qdim etm\u0259y\u0259 \u00e7a\u011f\u0131r\u0131r\u0131q\u201d, &#8211; m\u00fcraci\u0259td\u0259 qeyd olunur.<\/p>\n\n\n\n<p>M\u00fcraci\u0259ti imzalayanlar:<\/p>\n\n\n\n<ol class=\"wp-block-list\"><li><em>Akif Qurbanov- h\u00fcquq\u015f\u00fcnas<\/em><\/li><li><em>Alya Yaqublu- m\u00fcst\u0259qil jurnalist<\/em><\/li><li><em>Arif \u018fliyev- \u201cYeni N\u0259sil\u201d Jurnalistl\u0259r Birliyinin r\u0259hb\u0259ri<\/em><\/li><li><em>Ayg\u00fcn Muradxanl\u0131 \u2013 \u201cPrime TV\u201d<\/em><\/li><li><em>Aynur Elg\u00fcn\u0259\u015f- m\u00fcst\u0259qil jurnalist<\/em><\/li><li><em>Ayt\u0259n M\u0259mm\u0259dova- m\u00fcst\u0259qil jurnalist<\/em><\/li><li><em>El\u00e7in \u015e\u0131xl\u0131- Az\u0259rbaycan Jurnalistl\u0259r Birliyinin r\u0259hb\u0259ri<\/em><\/li><li><em>El\u00e7in R\u00fcst\u0259mli- Jurnalist<\/em><\/li><li><em>El\u00e7in Sad\u0131qov- v\u0259kil<\/em><\/li><li><em>Emin H\u00fcseynov- RAT\u0130<\/em><\/li><li><em>Emin H\u00fcseynzad\u0259- Media eksperti<\/em><\/li><li><em>\u018fl\u0259sg\u0259r M\u0259mm\u0259dli -media h\u00fcququ m\u00fct\u0259x\u0259ssisi, h\u00fcquq\u015f\u00fcnas<\/em><\/li><li><em>\u018fv\u0259z Zeynall\u0131- \u201cXural TV\u201dnin t\u0259sis\u00e7isi, jurnalist<\/em><\/li><li><em>Fariz Namazl\u0131- v\u0259kil<\/em><\/li><li><em>Hafiz Babal\u0131- ara\u015fd\u0131rma\u00e7\u0131 jurnalist<\/em><\/li><li><em>Xalid A\u011faliyev &#8211; media h\u00fcququ m\u00fct\u0259x\u0259ssisi, h\u00fcquq\u015f\u00fcnas<\/em><\/li><li><em>Kamran Mahmudov- m\u00fcst\u0259qil jurnalist<\/em><\/li><li><em>Qubad \u0130bado\u011flu- \u201cBiz TV\u201dnin r\u0259hb\u0259ri<\/em><\/li><li><em>Qulu M\u0259h\u0259rr\u0259mli- media m\u00fct\u0259x\u0259ssisi, professor<\/em><\/li><li><em>Mehman \u018fliyev- \u201cTuran\u201d \u0130nformasiya Agentliyinin r\u0259hb\u0259ri<\/em><\/li><li><em>Mehman H\u00fcseynov- Bloger<\/em><\/li><li><em>Natiq Cavadl\u0131- m\u00fcst\u0259qil jurnalist<\/em><\/li><li><em>N\u0259simi M\u0259mm\u0259dli &#8211; Yay\u0131mlar\u0131n Monitorinq M\u0259rk\u0259zinin r\u0259hb\u0259ri<\/em><\/li><li><em>Osman G\u00fcnd\u00fcz- Az\u0259rbaycan \u0130nternet Forumunun Prezidenti<\/em><\/li><li><em>Ramin Deko- m\u00fcst\u0259qil jurnalist<\/em><\/li><li><em>R\u0259sul C\u0259f\u0259rov- Bak\u0131 \u0130nsan H\u00fcquqlar\u0131 Klubunun r\u0259hb\u0259ri, h\u00fcquq\u015f\u00fcnas<\/em><\/li><li><em>R\u0259\u015fid Hac\u0131l\u0131- media h\u00fcququ m\u00fct\u0259x\u0259ssisi, h\u00fcquq\u015f\u00fcnas<\/em><\/li><li><em>Rizvan Q\u0259nb\u0259rli- Media m\u00fct\u0259x\u0259ssisi<\/em><\/li><li><em>R\u00f6v\u015f\u0259n Hac\u0131b\u0259yli- jurnalist<\/em><\/li><li><em>Sevinc Vaqifq\u0131z\u0131- m\u00fcst\u0259qil jurnalist<\/em><\/li><li><em>Seymur Kaz\u0131mov- media eksperti<\/em><\/li><li><em>\u015eahin N\u0259c\u0259fov- \u201ePrime TV\u201c<\/em><\/li><li><em>\u015eahv\u0259l\u0259d \u00c7obano\u011flu- m\u00fcst\u0259qil jurnalist<\/em><\/li><li><em>\u015e\u0259hla H\u00fcmb\u0259tova- v\u0259kil<\/em><\/li><li><em>\u015e\u0259m\u015fad A\u011fa- jurnalist, \u201eArqument.az\u201c sayt\u0131n\u0131n ba\u015f redaktoru<\/em><\/li><li><em>\u00dclk\u0259r Abdullayeva- jurnalist<\/em>                                                                                                                          \u201cMedia haqq\u0131nda\u201d Qanun layih\u0259si t\u0259klifinin q\u0131sa icmal\u0131<\/li><\/ol>\n\n\n\n<ul class=\"wp-block-list\"><li><strong>Qanun layih\u0259si t\u0259klifi \u201cMedia sah\u0259sind\u0259 islahatlar\u0131n d\u0259rinl\u0259\u015fdirilm\u0259si haqq\u0131nda\u201d Az\u0259rbaycan Prezidentinin 2021-ci ilin yanvar\u0131nda imzalad\u0131\u011f\u0131 f\u0259rmana uy\u011fun haz\u0131rlan\u0131b. F\u0259rmanda yeni qanun layih\u0259sinin haz\u0131rlanmas\u0131 z\u0259rur\u0259tind\u0259n b\u0259hs edilm\u0259yib. Bir ne\u00e7\u0259 g\u00fcn \u0259vv\u0259l Milli M\u0259clis\u0259 t\u0259qdim edil\u0259n qanun layih\u0259si t\u0259klifi q\u0259bul edil\u0259rs\u0259, \u201cK\u0130V haqq\u0131nda\u201d v\u0259 \u201cTeleradio yay\u0131m\u0131 haqq\u0131nda\u201d qanunlar l\u0259\u011fv edil\u0259c\u0259k;<\/strong><\/li><li><strong>Az\u0259rbaycan \u0259razisind\u0259 t\u0259sis olunmu\u015f media subyektl\u0259ri il\u0259 yana\u015f\u0131, Az\u0259rbaycandan k\u0259narda olan, f\u0259aliyy\u0259ti Az\u0259rbaycana istiqam\u0259tl\u0259nmi\u015f b\u00fct\u00fcn media subyektl\u0259rin\u0259, jurnalistl\u0259r\u0259 \u015famil edil\u0259c\u0259k olan qanun layih\u0259si t\u0259klifi h\u0259rbi, f\u00f6vq\u0259lad\u0259 v\u0259ziyy\u0259t d\u00f6vr\u00fcnd\u0259 senzura, dini ekstremizm \u0259leyhin\u0259 x\u00fcsusi \u0259m\u0259liyyatlar zaman\u0131, terror \u0259leyhin\u0259 apar\u0131lan \u0259m\u0259liyyat zonas\u0131nda informasiya toplanmas\u0131na s\u0259rt m\u0259hdudiyy\u0259tl\u0259r n\u0259z\u0259rd\u0259 tutur. M\u0259s\u0259l\u0259n, median\u0131n dini ekstremizm \u0259leyhin\u0259 apar\u0131lan x\u00fcsusi \u0259m\u0259liyyatlar bar\u0259d\u0259 m\u0259lumatlar\u0131, \u0259m\u0259liyyat qurumun m\u00fc\u0259yy\u0259nl\u0259\u015fdirdiyi forma v\u0259 h\u0259cm t\u0259l\u0259bin\u0259 uy\u011fun olmal\u0131d\u0131r;<\/strong><\/li><li><strong>T\u0259klif, informasiyalar\u0131n m\u0259zmununa yay\u011f\u0131n v\u0259 geni\u015f m\u0259hdudiyy\u0259tl\u0259r m\u00fc\u0259yy\u0259n edir, ifad\u0259 v\u0259 media azadl\u0131\u011f\u0131na Az\u0259rbaycan Konstitusiyas\u0131nda, beyn\u0259lxalq m\u00fcqavil\u0259l\u0259rd\u0259 n\u0259z\u0259rd\u0259 tutulanlardan daha geni\u015f m\u00fcdaxil\u0259 imkanlar\u0131 yarad\u0131r. M\u0259s\u0259l\u0259n, s\u00f6y\u00fc\u015f m\u0259zmunlu s\u00f6z v\u0259 ifad\u0259l\u0259rd\u0259n, jestl\u0259rd\u0259n istifad\u0259 qada\u011fan olunur, media, jurnalistl\u0259r\u0259 \u201cfakt v\u0259 hadis\u0259l\u0259r\u0259 q\u0259r\u0259zsiz, obyektiv \u015f\u0259rh etm\u0259k, birt\u0259r\u0259fliliy\u0259 yol verm\u0259m\u0259k\u201d kimi \u015f\u0259rtl\u0259r g\u0259tirir. Layih\u0259, m\u0259zmunundan as\u0131l\u0131 olmayaraq, gizli yolla \u0259ld\u0259 edilmi\u015f b\u00fct\u00fcn m\u0259lumatlar\u0131n yay\u0131lmas\u0131n\u0131 yasaqlay\u0131r;<\/strong><\/li><li><strong>T\u0259klif d\u00f6vl\u0259t qurumlar\u0131na kiml\u0259rin qanuni jurnalistika f\u0259aliyy\u0259ti il\u0259 m\u0259\u015f\u011ful ola bil\u0259c\u0259yini m\u00fc\u0259yy\u0259nl\u0259\u015fdirm\u0259kd\u0259 tam s\u0259lahiyy\u0259ti verir \u2013 d\u00f6vl\u0259t media v\u0259 jurnalistl\u0259r\u0259 dair m\u0259lumatlar\u0131n sisteml\u0259\u015fdirilm\u0259si m\u0259qs\u0259dil\u0259 Media Reyestrini yarad\u0131r, reyestr\u0259 daxil edilmi\u015f media v\u0259 jurnalistl\u0259r\u0259 m\u0259rk\u0259zl\u0259\u015fdirilmi\u015f qaydada v\u0259siq\u0259l\u0259r verir, yaln\u0131z reyestr\u0259 daxil edilmi\u015f media v\u0259 jurnalistl\u0259r qanuni jurnalistika f\u0259aliyy\u0259ti il\u0259 m\u0259\u015f\u011ful ola bilirl\u0259r. Reyestr\u0259 daxil edilmi\u015f m\u0259lumatlar, media v\u0259 jurnalistl\u0259rin adlar\u0131 istisna olmaqla, qapal\u0131 tutulur, medialar\u0131n sahibl\u0259ri haqq\u0131nda m\u0259lumatlar\u0131n a\u00e7\u0131qlanmas\u0131 da n\u0259z\u0259rd\u0259 tutulmur;<\/strong><\/li><li><strong>Media subyektl\u0259rinin t\u0259sis\u00e7il\u0259rin\u0259 daimi Az\u0259rbaycanda ya\u015fayan Az\u0259rbaycan v\u0259t\u0259nda\u015fl\u0131\u011f\u0131, b\u0259zi media subyektl\u0259rinin t\u0259sis olunmas\u0131 \u00fc\u00e7\u00fcn icra oran\u0131n\u0131ndan r\u0259y almaq, habel\u0259, jurnalistl\u0259rin adlar\u0131n\u0131n media reyestrin\u0259 daxil edilm\u0259si \u00fc\u00e7\u00fcn daimi Az\u0259rbaycanda ya\u015fayan Az\u0259rbaycan v\u0259t\u0259nda\u015fl\u0131\u011f\u0131, davaml\u0131 f\u0259aliyy\u0259t, m\u00fctl\u0259q m\u00fcqavil\u0259nin olmas\u0131, ali t\u0259hsil, \u0259vv\u0259ll\u0259r m\u0259hkum edilm\u0259mi\u015f olmaq kimi \u015f\u0259rtl\u0259r n\u0259z\u0259rd\u0259 tutulur. F\u0259aliyy\u0259t qabiliyy\u0259ti olmayanlar, m\u0259hdud f\u0259aliyy\u0259t qabiliyy\u0259tlil\u0259r reyestr\u0259 daxil edil\u0259 bilm\u0259z. Jurnalistl\u0259r\u0259 pe\u015f\u0259 etikas\u0131n\u0259 \u0259m\u0259l etm\u0259l\u0259rinin m\u0259cburiliyini ifad\u0259 ed\u0259n qanuni \u015f\u0259rt t\u0259tbiq edilir;<\/strong><\/li><li><strong>Qanun xarici m\u0259nb\u0259l\u0259rd\u0259n maliyy\u0259l\u0259\u015fm\u0259l\u0259ri qada\u011fan olunan 4 n\u00f6v media subyekti m\u00fc\u0259yy\u0259n edir &#8211; \u00e7ap medias\u0131, onlayn media, informasiya agentlikl\u0259ri v\u0259 audiovizual media subyektl\u0259ri. Media subyektl\u0259rinin t\u0259sis\u00e7il\u0259ri \u00fc\u00e7\u00fcn Az\u0259rbaycanda daimi ya\u015fayan v\u0259t\u0259nda\u015f olmaq, nizamnam\u0259 kapital\u0131nda \u00fcst\u00fcn i\u015ftirak pay\u0131n\u0131n Az\u0259rbaycanda daimi ya\u015fayan v\u0259t\u0259nda\u015fa m\u0259xsus olmas\u0131, \u0259vv\u0259ll\u0259r m\u0259hkum edilm\u0259m\u0259k kimi \u015f\u0259rtl\u0259r n\u0259z\u0259rd\u0259 tutulur. Siyasi partiyalar, dini qurumlar yaln\u0131z \u00e7ap medias\u0131na sahib ola bil\u0259rl\u0259r. X\u00fcsusil\u0259, 4 n\u00f6v media subyektind\u0259n biri olan \u201caudiovizual media subyektl\u0259ri\u201d il\u0259 ba\u011fl\u0131 qanun layih\u0259sind\u0259 n\u0259z\u0259rd\u0259 tutulan t\u0259nziml\u0259m\u0259l\u0259r olduqca dola\u015f\u0131q, yay\u011f\u0131nd\u0131r. \u201cAudiovizual media subyektl\u0259ri\u201d 6 n\u00f6vd\u0259 t\u0259snifl\u0259ndirilir: yer\u00fcst\u00fc yay\u0131m\u00e7\u0131lar, platforma yay\u0131m\u00e7\u0131s\u0131, platforma operatoru, multipleks operatoru, infrastruktur operatoru, sifari\u015fli yay\u0131m xidm\u0259ti provayderi. Audiovizual media subyektl\u0259ri, x\u00fcsusil\u0259 d\u0259 \u201cplatforma yay\u0131m\u00e7\u0131s\u0131 v\u0259 operatoru\u201d il\u0259 ba\u011fl\u0131 layih\u0259d\u0259 n\u0259z\u0259rd\u0259 tutulan t\u0259nziml\u0259m\u0259l\u0259r media, ifad\u0259 azadl\u0131\u011f\u0131na m\u0259hdudiyy\u0259tl\u0259r \u00fc\u00e7\u00fcn geni\u015f imkanlar a\u00e7and\u0131r. Bu anlay\u0131\u015f yenidir, media qanunlar\u0131nda bel\u0259 t\u0259cr\u00fcb\u0259 yoxdur. Layih\u0259y\u0259 g\u00f6r\u0259, \u201cplatforma yay\u0131m\u00e7\u0131s\u0131\u201d audiovizual proqramlar\u0131n m\u0259zmununa cavabdehlik da\u015f\u0131yan, h\u0259min proqramlar\u0131 platforma vasit\u0259sil\u0259, yaxud birba\u015fa internet \u00fcz\u0259rind\u0259n yay\u0131mlayan fiziki v\u0259 ya h\u00fcquqi \u015f\u0259xsl\u0259rdir. Layih\u0259 \u201cplatforma yay\u0131m\u00e7\u0131lar\u0131\u201dna d\u00f6vl\u0259t qurumundan lisenziya almaq \u015f\u0259rti qoyur.<\/strong><\/li><li><strong>Audiovizual media sah\u0259sind\u0259 t\u0259nziml\u0259m\u0259ni 7 n\u0259f\u0259rd\u0259n ibar\u0259t t\u0259rkibd\u0259 formala\u015fd\u0131rlan \u015eura h\u0259yata ke\u00e7irir. \u015euran\u0131n s\u0259lahiyy\u0259t m\u00fcdd\u0259tl\u0259ri 5 il olan \u00fczvl\u0259rini icra hakimiyy\u0259ti orqan\u0131 m\u00fc\u0259yy\u0259n edir. Yeni t\u0259nziml\u0259m\u0259l\u0259r \u015euran\u0131 icra hakimiyy\u0259tind\u0259n daha as\u0131l\u0131 duruma sal\u0131r. T\u0259nziml\u0259yici qurumun formala\u015fd\u0131rlmas\u0131, s\u0259lahiyy\u0259tl\u0259ri \u201cAvropada t\u0259nziml\u0259yici qurumlara dair\u201d Avropa \u015euras\u0131n\u0131n Nazirl\u0259r Komit\u0259sinin 2000-ci il 23 sayl\u0131 T\u00f6vsiy\u0259sind\u0259 n\u0259z\u0259rd\u0259 tututlan kriteryalara q\u0259tiyy\u0259n cavab vermir, yeni mexanizml\u0259r bu qurumu siyasi t\u0259sirl\u0259rd\u0259n qorumaq g\u00fcc\u00fcnd\u0259 deyil, onun maliyy\u0259 m\u00fcst\u0259qilliyin\u0259, hesabatl\u0131l\u0131\u011f\u0131na t\u0259minatlar yaratm\u0131r.<br>Layih\u0259 dekabr\u0131n 14-d\u0259 Milli M\u0259clisin plenar iclas\u0131nda m\u00fczakir\u0259y\u0259 \u00e7\u0131xar\u0131l\u0131b v\u0259 birinci oxunu\u015fdan<a href=\"https:\/\/www.meydan.tv\/az\/article\/erkin-qedirli-jurnalistika-azad-pesedir-dovlet-vezifesi-deyil-ki-biz-bu-fealiyyeti-bele-burokratlasdiraq\/\" target=\"_blank\" rel=\"noreferrer noopener\"> ke\u00e7ib<\/a><\/strong>.<\/li><\/ul>\n","protected":false},"excerpt":{"rendered":"<p>V\u0259t\u0259nda\u015f c\u0259miyy\u0259ti n\u00fcmay\u0259nd\u0259l\u0259ri layih\u0259nin parlamentin g\u00fcnd\u0259liyind\u0259n \u00e7\u0131xar\u0131lmas\u0131 \u00fc\u00e7\u00fcn \u00e7a\u011f\u0131r\u0131\u015f edir &#8230; <\/p>\n<p class=\"read-more-container\"><a title=\"\u201cMedia haqq\u0131nda\u201d qanun layih\u0259si il\u0259 ba\u011fl\u0131 a\u00e7\u0131q m\u00fcraci\u0259t\" class=\"read-more button\" href=\"https:\/\/www.meydan.tv\/az\/article\/media-haqqinda-qanun-layihesi-ile-bagli-aciq-muraciet\/#more-229356\" aria-label=\"Read more about \u201cMedia haqq\u0131nda\u201d qanun layih\u0259si il\u0259 ba\u011fl\u0131 a\u00e7\u0131q m\u00fcraci\u0259t\">Davam\u0131<\/a><\/p>\n","protected":false},"author":8,"featured_media":228850,"comment_status":"closed","ping_status":"closed","sticky":false,"template":"","format":"standard","meta":{"_acf_changed":false,"_sitemap_exclude":false,"_sitemap_priority":"","_sitemap_frequency":"","footnotes":""},"categories":[88,59,79,56],"tags":[],"class_list":["post-229356","post","type-post","status-publish","format-standard","has-post-thumbnail","hentry","category-redaktor-secimi","category-siyaset","category-featured","category-xeberler","infinite-scroll-item","generate-columns","tablet-grid-50","mobile-grid-100","grid-parent","grid-33","no-featured-image-padding"],"acf":[],"yoast_head":"<!-- This site is optimized with the Yoast SEO plugin v27.4 - https:\/\/yoast.com\/product\/yoast-seo-wordpress\/ -->\n<title>\u201cMedia haqq\u0131nda\u201d qanun layih\u0259si il\u0259 ba\u011fl\u0131 a\u00e7\u0131q m\u00fcraci\u0259t - MEYDAN.TV<\/title>\n<meta name=\"robots\" content=\"index, follow, max-snippet:-1, max-image-preview:large, max-video-preview:-1\" \/>\n<link rel=\"canonical\" href=\"https:\/\/www.meydan.tv\/az\/article\/media-haqqinda-qanun-layihesi-ile-bagli-aciq-muraciet\/\" \/>\n<meta property=\"og:locale\" content=\"az_AZ\" \/>\n<meta property=\"og:type\" content=\"article\" \/>\n<meta property=\"og:title\" content=\"\u201cMedia haqq\u0131nda\u201d qanun layih\u0259si il\u0259 ba\u011fl\u0131 a\u00e7\u0131q m\u00fcraci\u0259t - MEYDAN.TV\" \/>\n<meta property=\"og:description\" content=\"V\u0259t\u0259nda\u015f c\u0259miyy\u0259ti n\u00fcmay\u0259nd\u0259l\u0259ri layih\u0259nin parlamentin g\u00fcnd\u0259liyind\u0259n \u00e7\u0131xar\u0131lmas\u0131 \u00fc\u00e7\u00fcn \u00e7a\u011f\u0131r\u0131\u015f edir ... Davam\u0131\" \/>\n<meta property=\"og:url\" content=\"https:\/\/www.meydan.tv\/az\/article\/media-haqqinda-qanun-layihesi-ile-bagli-aciq-muraciet\/\" \/>\n<meta property=\"og:site_name\" content=\"MEYDAN.TV\" \/>\n<meta property=\"article:published_time\" content=\"2021-12-15T13:22:08+00:00\" \/>\n<meta property=\"article:modified_time\" content=\"2021-12-15T13:22:27+00:00\" \/>\n<meta property=\"og:image\" content=\"https:\/\/www.meydan.tv\/wp-content\/uploads\/shutterstock_1916809865-e1639045110670.jpg\" \/>\n\t<meta property=\"og:image:width\" content=\"1200\" \/>\n\t<meta property=\"og:image:height\" content=\"543\" \/>\n\t<meta property=\"og:image:type\" content=\"image\/jpeg\" \/>\n<meta name=\"author\" content=\"elli\" \/>\n<meta name=\"twitter:card\" content=\"summary_large_image\" \/>\n<meta name=\"twitter:creator\" content=\"@elli\" \/>\n<script type=\"application\/ld+json\" class=\"yoast-schema-graph\">{\"@context\":\"https:\\\/\\\/schema.org\",\"@graph\":[{\"@type\":\"Article\",\"@id\":\"https:\\\/\\\/www.meydan.tv\\\/az\\\/article\\\/media-haqqinda-qanun-layihesi-ile-bagli-aciq-muraciet\\\/#article\",\"isPartOf\":{\"@id\":\"https:\\\/\\\/www.meydan.tv\\\/az\\\/article\\\/media-haqqinda-qanun-layihesi-ile-bagli-aciq-muraciet\\\/\"},\"author\":{\"name\":\"elli\",\"@id\":\"https:\\\/\\\/www.meydan.tv\\\/az\\\/#\\\/schema\\\/person\\\/9cdbecf90d17180ce1dfbd95b08dcf47\"},\"headline\":\"\u201cMedia haqq\u0131nda\u201d qanun layih\u0259si il\u0259 ba\u011fl\u0131 a\u00e7\u0131q m\u00fcraci\u0259t\",\"datePublished\":\"2021-12-15T13:22:08+00:00\",\"dateModified\":\"2021-12-15T13:22:27+00:00\",\"mainEntityOfPage\":{\"@id\":\"https:\\\/\\\/www.meydan.tv\\\/az\\\/article\\\/media-haqqinda-qanun-layihesi-ile-bagli-aciq-muraciet\\\/\"},\"wordCount\":2421,\"publisher\":{\"@id\":\"https:\\\/\\\/www.meydan.tv\\\/az\\\/#organization\"},\"image\":{\"@id\":\"https:\\\/\\\/www.meydan.tv\\\/az\\\/article\\\/media-haqqinda-qanun-layihesi-ile-bagli-aciq-muraciet\\\/#primaryimage\"},\"thumbnailUrl\":\"https:\\\/\\\/www.meydan.tv\\\/wp-content\\\/uploads\\\/shutterstock_1916809865-e1639045110670.jpg\",\"articleSection\":[\"Redaktor se\u00e7imi\",\"Siyas\u0259t\",\"T\u00f6vsiy\u0259\",\"X\u0259b\u0259rl\u0259r\"],\"inLanguage\":\"az\"},{\"@type\":\"WebPage\",\"@id\":\"https:\\\/\\\/www.meydan.tv\\\/az\\\/article\\\/media-haqqinda-qanun-layihesi-ile-bagli-aciq-muraciet\\\/\",\"url\":\"https:\\\/\\\/www.meydan.tv\\\/az\\\/article\\\/media-haqqinda-qanun-layihesi-ile-bagli-aciq-muraciet\\\/\",\"name\":\"\u201cMedia haqq\u0131nda\u201d qanun layih\u0259si il\u0259 ba\u011fl\u0131 a\u00e7\u0131q m\u00fcraci\u0259t - MEYDAN.TV\",\"isPartOf\":{\"@id\":\"https:\\\/\\\/www.meydan.tv\\\/az\\\/#website\"},\"primaryImageOfPage\":{\"@id\":\"https:\\\/\\\/www.meydan.tv\\\/az\\\/article\\\/media-haqqinda-qanun-layihesi-ile-bagli-aciq-muraciet\\\/#primaryimage\"},\"image\":{\"@id\":\"https:\\\/\\\/www.meydan.tv\\\/az\\\/article\\\/media-haqqinda-qanun-layihesi-ile-bagli-aciq-muraciet\\\/#primaryimage\"},\"thumbnailUrl\":\"https:\\\/\\\/www.meydan.tv\\\/wp-content\\\/uploads\\\/shutterstock_1916809865-e1639045110670.jpg\",\"datePublished\":\"2021-12-15T13:22:08+00:00\",\"dateModified\":\"2021-12-15T13:22:27+00:00\",\"breadcrumb\":{\"@id\":\"https:\\\/\\\/www.meydan.tv\\\/az\\\/article\\\/media-haqqinda-qanun-layihesi-ile-bagli-aciq-muraciet\\\/#breadcrumb\"},\"inLanguage\":\"az\",\"potentialAction\":[{\"@type\":\"ReadAction\",\"target\":[\"https:\\\/\\\/www.meydan.tv\\\/az\\\/article\\\/media-haqqinda-qanun-layihesi-ile-bagli-aciq-muraciet\\\/\"]}]},{\"@type\":\"ImageObject\",\"inLanguage\":\"az\",\"@id\":\"https:\\\/\\\/www.meydan.tv\\\/az\\\/article\\\/media-haqqinda-qanun-layihesi-ile-bagli-aciq-muraciet\\\/#primaryimage\",\"url\":\"https:\\\/\\\/www.meydan.tv\\\/wp-content\\\/uploads\\\/shutterstock_1916809865-e1639045110670.jpg\",\"contentUrl\":\"https:\\\/\\\/www.meydan.tv\\\/wp-content\\\/uploads\\\/shutterstock_1916809865-e1639045110670.jpg\",\"width\":1200,\"height\":543,\"caption\":\"Media, Foto: By zef art\\\/Shutterstock\"},{\"@type\":\"BreadcrumbList\",\"@id\":\"https:\\\/\\\/www.meydan.tv\\\/az\\\/article\\\/media-haqqinda-qanun-layihesi-ile-bagli-aciq-muraciet\\\/#breadcrumb\",\"itemListElement\":[{\"@type\":\"ListItem\",\"position\":1,\"name\":\"Ana s\u0259hif\u0259\",\"item\":\"https:\\\/\\\/www.meydan.tv\\\/az\\\/\"},{\"@type\":\"ListItem\",\"position\":2,\"name\":\"Siyas\u0259t\",\"item\":\"https:\\\/\\\/www.meydan.tv\\\/az\\\/section\\\/siyaset\\\/\"},{\"@type\":\"ListItem\",\"position\":3,\"name\":\"\u201cMedia haqq\u0131nda\u201d qanun layih\u0259si il\u0259 ba\u011fl\u0131 a\u00e7\u0131q m\u00fcraci\u0259t\"}]},{\"@type\":\"WebSite\",\"@id\":\"https:\\\/\\\/www.meydan.tv\\\/az\\\/#website\",\"url\":\"https:\\\/\\\/www.meydan.tv\\\/az\\\/\",\"name\":\"MEYDAN.TV\",\"description\":\"Meydan TV Az\u0259rbaycan\u0131n media m\u0259kan\u0131ndak\u0131 alternativ s\u0259sidir\",\"publisher\":{\"@id\":\"https:\\\/\\\/www.meydan.tv\\\/az\\\/#organization\"},\"potentialAction\":[{\"@type\":\"SearchAction\",\"target\":{\"@type\":\"EntryPoint\",\"urlTemplate\":\"https:\\\/\\\/www.meydan.tv\\\/az\\\/?s={search_term_string}\"},\"query-input\":{\"@type\":\"PropertyValueSpecification\",\"valueRequired\":true,\"valueName\":\"search_term_string\"}}],\"inLanguage\":\"az\"},{\"@type\":\"Organization\",\"@id\":\"https:\\\/\\\/www.meydan.tv\\\/az\\\/#organization\",\"name\":\"Meydan TV\",\"url\":\"https:\\\/\\\/www.meydan.tv\\\/az\\\/\",\"logo\":{\"@type\":\"ImageObject\",\"inLanguage\":\"az\",\"@id\":\"https:\\\/\\\/www.meydan.tv\\\/az\\\/#\\\/schema\\\/logo\\\/image\\\/\",\"url\":\"https:\\\/\\\/www.meydan.tv\\\/wp-content\\\/uploads\\\/2021\\\/07\\\/meydan-logo.svg\",\"contentUrl\":\"https:\\\/\\\/www.meydan.tv\\\/wp-content\\\/uploads\\\/2021\\\/07\\\/meydan-logo.svg\",\"width\":195,\"height\":46,\"caption\":\"Meydan TV\"},\"image\":{\"@id\":\"https:\\\/\\\/www.meydan.tv\\\/az\\\/#\\\/schema\\\/logo\\\/image\\\/\"}},{\"@type\":\"Person\",\"@id\":\"https:\\\/\\\/www.meydan.tv\\\/az\\\/#\\\/schema\\\/person\\\/9cdbecf90d17180ce1dfbd95b08dcf47\",\"name\":\"elli\",\"sameAs\":[\"https:\\\/\\\/x.com\\\/elli\"]}]}<\/script>\n<!-- \/ Yoast SEO plugin. -->","yoast_head_json":{"title":"\u201cMedia haqq\u0131nda\u201d qanun layih\u0259si il\u0259 ba\u011fl\u0131 a\u00e7\u0131q m\u00fcraci\u0259t - MEYDAN.TV","robots":{"index":"index","follow":"follow","max-snippet":"max-snippet:-1","max-image-preview":"max-image-preview:large","max-video-preview":"max-video-preview:-1"},"canonical":"https:\/\/www.meydan.tv\/az\/article\/media-haqqinda-qanun-layihesi-ile-bagli-aciq-muraciet\/","og_locale":"az_AZ","og_type":"article","og_title":"\u201cMedia haqq\u0131nda\u201d qanun layih\u0259si il\u0259 ba\u011fl\u0131 a\u00e7\u0131q m\u00fcraci\u0259t - MEYDAN.TV","og_description":"V\u0259t\u0259nda\u015f c\u0259miyy\u0259ti n\u00fcmay\u0259nd\u0259l\u0259ri layih\u0259nin parlamentin g\u00fcnd\u0259liyind\u0259n \u00e7\u0131xar\u0131lmas\u0131 \u00fc\u00e7\u00fcn \u00e7a\u011f\u0131r\u0131\u015f edir ... Davam\u0131","og_url":"https:\/\/www.meydan.tv\/az\/article\/media-haqqinda-qanun-layihesi-ile-bagli-aciq-muraciet\/","og_site_name":"MEYDAN.TV","article_published_time":"2021-12-15T13:22:08+00:00","article_modified_time":"2021-12-15T13:22:27+00:00","og_image":[{"width":1200,"height":543,"url":"https:\/\/www.meydan.tv\/wp-content\/uploads\/shutterstock_1916809865-e1639045110670.jpg","type":"image\/jpeg"}],"author":"elli","twitter_card":"summary_large_image","twitter_creator":"@elli","schema":{"@context":"https:\/\/schema.org","@graph":[{"@type":"Article","@id":"https:\/\/www.meydan.tv\/az\/article\/media-haqqinda-qanun-layihesi-ile-bagli-aciq-muraciet\/#article","isPartOf":{"@id":"https:\/\/www.meydan.tv\/az\/article\/media-haqqinda-qanun-layihesi-ile-bagli-aciq-muraciet\/"},"author":{"name":"elli","@id":"https:\/\/www.meydan.tv\/az\/#\/schema\/person\/9cdbecf90d17180ce1dfbd95b08dcf47"},"headline":"\u201cMedia haqq\u0131nda\u201d qanun layih\u0259si il\u0259 ba\u011fl\u0131 a\u00e7\u0131q m\u00fcraci\u0259t","datePublished":"2021-12-15T13:22:08+00:00","dateModified":"2021-12-15T13:22:27+00:00","mainEntityOfPage":{"@id":"https:\/\/www.meydan.tv\/az\/article\/media-haqqinda-qanun-layihesi-ile-bagli-aciq-muraciet\/"},"wordCount":2421,"publisher":{"@id":"https:\/\/www.meydan.tv\/az\/#organization"},"image":{"@id":"https:\/\/www.meydan.tv\/az\/article\/media-haqqinda-qanun-layihesi-ile-bagli-aciq-muraciet\/#primaryimage"},"thumbnailUrl":"https:\/\/www.meydan.tv\/wp-content\/uploads\/shutterstock_1916809865-e1639045110670.jpg","articleSection":["Redaktor se\u00e7imi","Siyas\u0259t","T\u00f6vsiy\u0259","X\u0259b\u0259rl\u0259r"],"inLanguage":"az"},{"@type":"WebPage","@id":"https:\/\/www.meydan.tv\/az\/article\/media-haqqinda-qanun-layihesi-ile-bagli-aciq-muraciet\/","url":"https:\/\/www.meydan.tv\/az\/article\/media-haqqinda-qanun-layihesi-ile-bagli-aciq-muraciet\/","name":"\u201cMedia haqq\u0131nda\u201d qanun layih\u0259si il\u0259 ba\u011fl\u0131 a\u00e7\u0131q m\u00fcraci\u0259t - MEYDAN.TV","isPartOf":{"@id":"https:\/\/www.meydan.tv\/az\/#website"},"primaryImageOfPage":{"@id":"https:\/\/www.meydan.tv\/az\/article\/media-haqqinda-qanun-layihesi-ile-bagli-aciq-muraciet\/#primaryimage"},"image":{"@id":"https:\/\/www.meydan.tv\/az\/article\/media-haqqinda-qanun-layihesi-ile-bagli-aciq-muraciet\/#primaryimage"},"thumbnailUrl":"https:\/\/www.meydan.tv\/wp-content\/uploads\/shutterstock_1916809865-e1639045110670.jpg","datePublished":"2021-12-15T13:22:08+00:00","dateModified":"2021-12-15T13:22:27+00:00","breadcrumb":{"@id":"https:\/\/www.meydan.tv\/az\/article\/media-haqqinda-qanun-layihesi-ile-bagli-aciq-muraciet\/#breadcrumb"},"inLanguage":"az","potentialAction":[{"@type":"ReadAction","target":["https:\/\/www.meydan.tv\/az\/article\/media-haqqinda-qanun-layihesi-ile-bagli-aciq-muraciet\/"]}]},{"@type":"ImageObject","inLanguage":"az","@id":"https:\/\/www.meydan.tv\/az\/article\/media-haqqinda-qanun-layihesi-ile-bagli-aciq-muraciet\/#primaryimage","url":"https:\/\/www.meydan.tv\/wp-content\/uploads\/shutterstock_1916809865-e1639045110670.jpg","contentUrl":"https:\/\/www.meydan.tv\/wp-content\/uploads\/shutterstock_1916809865-e1639045110670.jpg","width":1200,"height":543,"caption":"Media, Foto: By zef art\/Shutterstock"},{"@type":"BreadcrumbList","@id":"https:\/\/www.meydan.tv\/az\/article\/media-haqqinda-qanun-layihesi-ile-bagli-aciq-muraciet\/#breadcrumb","itemListElement":[{"@type":"ListItem","position":1,"name":"Ana s\u0259hif\u0259","item":"https:\/\/www.meydan.tv\/az\/"},{"@type":"ListItem","position":2,"name":"Siyas\u0259t","item":"https:\/\/www.meydan.tv\/az\/section\/siyaset\/"},{"@type":"ListItem","position":3,"name":"\u201cMedia haqq\u0131nda\u201d qanun layih\u0259si il\u0259 ba\u011fl\u0131 a\u00e7\u0131q m\u00fcraci\u0259t"}]},{"@type":"WebSite","@id":"https:\/\/www.meydan.tv\/az\/#website","url":"https:\/\/www.meydan.tv\/az\/","name":"MEYDAN.TV","description":"Meydan TV Az\u0259rbaycan\u0131n media m\u0259kan\u0131ndak\u0131 alternativ s\u0259sidir","publisher":{"@id":"https:\/\/www.meydan.tv\/az\/#organization"},"potentialAction":[{"@type":"SearchAction","target":{"@type":"EntryPoint","urlTemplate":"https:\/\/www.meydan.tv\/az\/?s={search_term_string}"},"query-input":{"@type":"PropertyValueSpecification","valueRequired":true,"valueName":"search_term_string"}}],"inLanguage":"az"},{"@type":"Organization","@id":"https:\/\/www.meydan.tv\/az\/#organization","name":"Meydan TV","url":"https:\/\/www.meydan.tv\/az\/","logo":{"@type":"ImageObject","inLanguage":"az","@id":"https:\/\/www.meydan.tv\/az\/#\/schema\/logo\/image\/","url":"https:\/\/www.meydan.tv\/wp-content\/uploads\/2021\/07\/meydan-logo.svg","contentUrl":"https:\/\/www.meydan.tv\/wp-content\/uploads\/2021\/07\/meydan-logo.svg","width":195,"height":46,"caption":"Meydan TV"},"image":{"@id":"https:\/\/www.meydan.tv\/az\/#\/schema\/logo\/image\/"}},{"@type":"Person","@id":"https:\/\/www.meydan.tv\/az\/#\/schema\/person\/9cdbecf90d17180ce1dfbd95b08dcf47","name":"elli","sameAs":["https:\/\/x.com\/elli"]}]}},"_links":{"self":[{"href":"https:\/\/www.meydan.tv\/az\/wp-json\/wp\/v2\/posts\/229356","targetHints":{"allow":["GET"]}}],"collection":[{"href":"https:\/\/www.meydan.tv\/az\/wp-json\/wp\/v2\/posts"}],"about":[{"href":"https:\/\/www.meydan.tv\/az\/wp-json\/wp\/v2\/types\/post"}],"author":[{"embeddable":true,"href":"https:\/\/www.meydan.tv\/az\/wp-json\/wp\/v2\/users\/8"}],"replies":[{"embeddable":true,"href":"https:\/\/www.meydan.tv\/az\/wp-json\/wp\/v2\/comments?post=229356"}],"version-history":[{"count":2,"href":"https:\/\/www.meydan.tv\/az\/wp-json\/wp\/v2\/posts\/229356\/revisions"}],"predecessor-version":[{"id":229363,"href":"https:\/\/www.meydan.tv\/az\/wp-json\/wp\/v2\/posts\/229356\/revisions\/229363"}],"wp:featuredmedia":[{"embeddable":true,"href":"https:\/\/www.meydan.tv\/az\/wp-json\/wp\/v2\/media\/228850"}],"wp:attachment":[{"href":"https:\/\/www.meydan.tv\/az\/wp-json\/wp\/v2\/media?parent=229356"}],"wp:term":[{"taxonomy":"category","embeddable":true,"href":"https:\/\/www.meydan.tv\/az\/wp-json\/wp\/v2\/categories?post=229356"},{"taxonomy":"post_tag","embeddable":true,"href":"https:\/\/www.meydan.tv\/az\/wp-json\/wp\/v2\/tags?post=229356"}],"curies":[{"name":"wp","href":"https:\/\/api.w.org\/{rel}","templated":true}]}}