{"id":229310,"date":"2021-12-15T14:24:35","date_gmt":"2021-12-15T10:24:35","guid":{"rendered":"https:\/\/www.meydan.tv\/?p=229310"},"modified":"2021-12-15T14:26:21","modified_gmt":"2021-12-15T10:26:21","slug":"muharibe-istirakcisi-mmc-rehberliyi-ile-razilasmadigim-ucun-meni-madde-ile-isden-cixardilar","status":"publish","type":"post","link":"https:\/\/www.meydan.tv\/az\/article\/muharibe-istirakcisi-mmc-rehberliyi-ile-razilasmadigim-ucun-meni-madde-ile-isden-cixardilar\/","title":{"rendered":"M\u00fcharib\u0259 i\u015ftirak\u00e7\u0131s\u0131: \u201cMMC r\u0259hb\u0259rliyi il\u0259 raz\u0131la\u015fmad\u0131\u011f\u0131m \u00fc\u00e7\u00fcn m\u0259ni madd\u0259 il\u0259 i\u015fd\u0259n \u00e7\u0131xard\u0131lar\u201d"},"content":{"rendered":"\n<p><em>\u201cAli t\u0259hsilliy\u0259m, evd\u0259 yaln\u0131z anam\u0131n t\u0259qa\u00fcd\u00fc il\u0259 dolan\u0131r\u0131q\u201d<\/em><br><\/p>\n\n\n\n<p>K\u00fcrd\u0259mir rayonunun Carl\u0131 k\u0259nd sakini, \u0130kinci Qaraba\u011f M\u00fcharib\u0259sinin i\u015ftirak\u00e7\u0131s\u0131 Emil Q\u0259hr\u0259man o\u011flu M\u0259mm\u0259dzad\u0259 ali t\u0259hsilli olsa da, i\u015fl\u0259y\u0259 bilmir. Buna s\u0259b\u0259b is\u0259 sonuncu i\u015f yerind\u0259n \u018fm\u0259k M\u0259c\u0259ll\u0259sinin 70-ci madd\u0259sinin c b\u0259ndi il\u0259 \u00e7\u0131xar\u0131lmas\u0131d\u0131r.<\/p>\n\n\n\n<p>23 ya\u015fl\u0131 Emil M\u0259mm\u0259dzad\u0259 Meydan TV-y\u0259 deyib ki, Bak\u0131da universitetd\u0259 t\u0259hsil ald\u0131\u011f\u0131 m\u00fcdd\u0259td\u0259 kiray\u0259 ev v\u0259 dig\u0259r ehtiyaclar\u0131n\u0131 qar\u015f\u0131lamaq \u00fc\u00e7\u00fcn \u201cQrand-Mart\u201d MMC-nin supermarketind\u0259 sat\u0131c\u0131 v\u0259zif\u0259sind\u0259 i\u015f\u0259 d\u00fcz\u0259lib v\u0259 c\u0259mi 28 g\u00fcn i\u015fl\u0259y\u0259 bilib.<\/p>\n\n\n\n<p>\u201c2019-cu ilin aprelind\u0259 i\u015f\u0259 ba\u015flad\u0131m, may ay\u0131nda is\u0259 i\u015fd\u0259n \u00e7\u0131xd\u0131m. S\u0259b\u0259b o oldu ki, d\u0259rsd\u0259n sonra gec\u0259 n\u00f6vb\u0259sind\u0259 qal\u0131rd\u0131m, h\u0259ddind\u0259n art\u0131q yoruldu\u011fumdan d\u0259rsl\u0259r\u0259 qat\u0131la bilmirdim. \u00dcst\u0259lik, evd\u0259 x\u0259st\u0259 vard\u0131, ona da k\u00f6m\u0259klik edilm\u0259liydi. Buna g\u00f6r\u0259 d\u0259 i\u015fd\u0259n \u00e7\u0131xmaq \u00fc\u00e7\u00fcn \u0259riz\u0259 yazd\u0131m, amma dedil\u0259r ki, 14 g\u00fcn \u0259lav\u0259 i\u015fl\u0259m\u0259lis\u0259n, \u0259ks halda \u0259riz\u0259y\u0259 imza at\u0131lmayacaq. Lakin ba\u015fqa se\u00e7imim olmad\u0131\u011f\u0131ndan i\u015fd\u0259n getdim. MMC r\u0259hb\u0259rliyi il\u0259 raz\u0131la\u015fmad\u0131\u011f\u0131m \u00fc\u00e7\u00fcn madd\u0259 il\u0259 \u00e7\u0131xar\u0131lm\u0131\u015fam\u201d,- \u015fikay\u0259t\u00e7i deyib.<\/p>\n\n\n\n<p>Emil M\u0259mm\u0259dzad\u0259nin s\u00f6zl\u0259rin\u0259 g\u00f6r\u0259, sonra h\u0259rbi xidm\u0259t\u0259 \u00e7a\u011fr\u0131l\u0131b, ard\u0131nca m\u00fcharib\u0259y\u0259 gedib, Suqovu\u015fan istiqam\u0259tind\u0259 d\u00f6y\u00fc\u015fl\u0259r\u0259 qat\u0131l\u0131b. M\u00fcharib\u0259d\u0259n sonra banklar\u0131n birind\u0259 imtahanla i\u015f\u0259 q\u0259bul edilib. Bu zaman m\u0259lum olub ki, onu i\u015fd\u0259n madd\u0259 il\u0259 \u00e7\u0131xar\u0131blar, bir daha i\u015f\u0259 q\u0259bul ola bilm\u0259z:<\/p>\n\n\n\n<figure class=\"wp-block-image size-large\"><img decoding=\"async\" width=\"1200\" height=\"675\" data-src=\"https:\/\/www.meydan.tv\/wp-content\/uploads\/img-20211206-wa0000-1200x675.jpg\" alt=\"\" class=\"wp-image-229307 lazyload\" src=\"data:image\/svg+xml;base64,PHN2ZyB3aWR0aD0iMSIgaGVpZ2h0PSIxIiB4bWxucz0iaHR0cDovL3d3dy53My5vcmcvMjAwMC9zdmciPjwvc3ZnPg==\" style=\"--smush-placeholder-width: 1200px; --smush-placeholder-aspect-ratio: 1200\/675;\" \/><figcaption>\u018fm\u0259k kitab\u00e7as\u0131, Foto: Emil M\u0259mm\u0259dzad\u0259nin arxivind\u0259n<\/figcaption><\/figure>\n\n\n\n<p>\u201cMMC-y\u0259 m\u00fcraci\u0259t ed\u0259r\u0259k xahi\u015f etdim ki, d\u0259yi\u015fiklik etsinl\u0259r. Bildirdim ki, s\u0259hv m\u0259nd\u0259dir, \u0259vv\u0259lc\u0259d\u0259n izah ets\u0259ydil\u0259r, s\u0259hv\u0259 yol verm\u0259zdim. \u0130ndiy\u0259d\u0259k bundan x\u0259b\u0259r d\u0259 tutmam\u0131\u015fam. Ali t\u0259hsilliy\u0259m, evd\u0259 yaln\u0131z anam\u0131n t\u0259qa\u00fcd\u00fc il\u0259 dolan\u0131r\u0131q. Raz\u0131la\u015fmad\u0131lar, dedil\u0259r ki, he\u00e7 bir k\u00f6m\u0259klik ed\u0259 bilm\u0259zl\u0259r\u201d.<\/p>\n\n\n\n<p>\u015eikay\u0259t\u00e7i m\u0259hk\u0259m\u0259y\u0259 m\u00fcraci\u0259t ed\u0259c\u0259k, lakin deyir ki, bu, m\u00fcdd\u0259t v\u0259 maliyy\u0259 t\u0259l\u0259b edir. Buna g\u00f6r\u0259 d\u0259 m\u00fcharib\u0259 i\u015ftirak\u00e7\u0131s\u0131, \u00e7\u0259tin v\u0259ziyy\u0259td\u0259 olan biri kimi \u00f6lk\u0259 r\u0259hb\u0259rliyind\u0259n v\u0259 aidiyyat\u0131 orqanlardan k\u00f6m\u0259klik ist\u0259yir.<\/p>\n\n\n\n<p>\u201cQrand-Mart\u201d MMC -d\u0259n is\u0259 Meydan TV-y\u0259 bildiribl\u0259r ki, h\u0259min i\u015f\u00e7ini xat\u0131rlam\u0131rlar v\u0259 r\u0259smi qurumlardan ba\u015fqas\u0131n\u0131n suallar\u0131n\u0131 cavabland\u0131ra bilm\u0259zl\u0259r.<\/p>\n\n\n\n<p>\u018fm\u0259k v\u0259 \u018fhalinin Sosial M\u00fcdafi\u0259si Nazirliyi v\u0259t\u0259nda\u015f\u0131n m\u0259hk\u0259m\u0259y\u0259 m\u00fcraci\u0259t etm\u0259sini t\u00f6vsiy\u0259 edib.<\/p>\n","protected":false},"excerpt":{"rendered":"<p>\u201cAli t\u0259hsilliy\u0259m, evd\u0259 yaln\u0131z anam\u0131n t\u0259qa\u00fcd\u00fc il\u0259 dolan\u0131r\u0131q\u201d K\u00fcrd\u0259mir rayonunun &#8230; <\/p>\n<p class=\"read-more-container\"><a title=\"M\u00fcharib\u0259 i\u015ftirak\u00e7\u0131s\u0131: \u201cMMC r\u0259hb\u0259rliyi il\u0259 raz\u0131la\u015fmad\u0131\u011f\u0131m \u00fc\u00e7\u00fcn m\u0259ni madd\u0259 il\u0259 i\u015fd\u0259n \u00e7\u0131xard\u0131lar\u201d\" class=\"read-more button\" href=\"https:\/\/www.meydan.tv\/az\/article\/muharibe-istirakcisi-mmc-rehberliyi-ile-razilasmadigim-ucun-meni-madde-ile-isden-cixardilar\/#more-229310\" aria-label=\"Read more about M\u00fcharib\u0259 i\u015ftirak\u00e7\u0131s\u0131: \u201cMMC r\u0259hb\u0259rliyi il\u0259 raz\u0131la\u015fmad\u0131\u011f\u0131m \u00fc\u00e7\u00fcn m\u0259ni madd\u0259 il\u0259 i\u015fd\u0259n \u00e7\u0131xard\u0131lar\u201d\">Davam\u0131<\/a><\/p>\n","protected":false},"author":8,"featured_media":229304,"comment_status":"closed","ping_status":"closed","sticky":false,"template":"","format":"standard","meta":{"_acf_changed":false,"_sitemap_exclude":false,"_sitemap_priority":"","_sitemap_frequency":"","footnotes":""},"categories":[60,79,56],"tags":[],"class_list":["post-229310","post","type-post","status-publish","format-standard","has-post-thumbnail","hentry","category-bolge","category-featured","category-xeberler","infinite-scroll-item","generate-columns","tablet-grid-50","mobile-grid-100","grid-parent","grid-33","no-featured-image-padding"],"acf":[],"yoast_head":"<!-- This site is optimized with the Yoast SEO plugin v27.5 - https:\/\/yoast.com\/product\/yoast-seo-wordpress\/ -->\n<title>M\u00fcharib\u0259 i\u015ftirak\u00e7\u0131s\u0131: \u201cMMC r\u0259hb\u0259rliyi il\u0259 raz\u0131la\u015fmad\u0131\u011f\u0131m \u00fc\u00e7\u00fcn m\u0259ni madd\u0259 il\u0259 i\u015fd\u0259n \u00e7\u0131xard\u0131lar\u201d - MEYDAN.TV<\/title>\n<meta name=\"robots\" content=\"index, follow, max-snippet:-1, max-image-preview:large, max-video-preview:-1\" \/>\n<link rel=\"canonical\" href=\"https:\/\/www.meydan.tv\/az\/article\/muharibe-istirakcisi-mmc-rehberliyi-ile-razilasmadigim-ucun-meni-madde-ile-isden-cixardilar\/\" \/>\n<meta property=\"og:locale\" content=\"az_AZ\" \/>\n<meta property=\"og:type\" content=\"article\" \/>\n<meta property=\"og:title\" content=\"M\u00fcharib\u0259 i\u015ftirak\u00e7\u0131s\u0131: \u201cMMC r\u0259hb\u0259rliyi il\u0259 raz\u0131la\u015fmad\u0131\u011f\u0131m \u00fc\u00e7\u00fcn m\u0259ni madd\u0259 il\u0259 i\u015fd\u0259n \u00e7\u0131xard\u0131lar\u201d - MEYDAN.TV\" \/>\n<meta property=\"og:description\" content=\"\u201cAli t\u0259hsilliy\u0259m, evd\u0259 yaln\u0131z anam\u0131n t\u0259qa\u00fcd\u00fc il\u0259 dolan\u0131r\u0131q\u201d K\u00fcrd\u0259mir rayonunun ... Davam\u0131\" \/>\n<meta property=\"og:url\" content=\"https:\/\/www.meydan.tv\/az\/article\/muharibe-istirakcisi-mmc-rehberliyi-ile-razilasmadigim-ucun-meni-madde-ile-isden-cixardilar\/\" \/>\n<meta property=\"og:site_name\" content=\"MEYDAN.TV\" \/>\n<meta property=\"article:published_time\" content=\"2021-12-15T10:24:35+00:00\" \/>\n<meta property=\"article:modified_time\" content=\"2021-12-15T10:26:21+00:00\" \/>\n<meta property=\"og:image\" content=\"https:\/\/www.meydan.tv\/wp-content\/uploads\/untitled-design-5-4.gif\" \/>\n\t<meta property=\"og:image:width\" content=\"1200\" \/>\n\t<meta property=\"og:image:height\" content=\"800\" \/>\n\t<meta property=\"og:image:type\" content=\"image\/gif\" \/>\n<meta name=\"author\" content=\"elli\" \/>\n<meta name=\"twitter:card\" content=\"summary_large_image\" \/>\n<meta name=\"twitter:creator\" content=\"@elli\" \/>\n<script type=\"application\/ld+json\" class=\"yoast-schema-graph\">{\"@context\":\"https:\\\/\\\/schema.org\",\"@graph\":[{\"@type\":\"Article\",\"@id\":\"https:\\\/\\\/www.meydan.tv\\\/az\\\/article\\\/muharibe-istirakcisi-mmc-rehberliyi-ile-razilasmadigim-ucun-meni-madde-ile-isden-cixardilar\\\/#article\",\"isPartOf\":{\"@id\":\"https:\\\/\\\/www.meydan.tv\\\/az\\\/article\\\/muharibe-istirakcisi-mmc-rehberliyi-ile-razilasmadigim-ucun-meni-madde-ile-isden-cixardilar\\\/\"},\"author\":{\"name\":\"elli\",\"@id\":\"https:\\\/\\\/www.meydan.tv\\\/az\\\/#\\\/schema\\\/person\\\/9cdbecf90d17180ce1dfbd95b08dcf47\"},\"headline\":\"M\u00fcharib\u0259 i\u015ftirak\u00e7\u0131s\u0131: \u201cMMC r\u0259hb\u0259rliyi il\u0259 raz\u0131la\u015fmad\u0131\u011f\u0131m \u00fc\u00e7\u00fcn m\u0259ni madd\u0259 il\u0259 i\u015fd\u0259n \u00e7\u0131xard\u0131lar\u201d\",\"datePublished\":\"2021-12-15T10:24:35+00:00\",\"dateModified\":\"2021-12-15T10:26:21+00:00\",\"mainEntityOfPage\":{\"@id\":\"https:\\\/\\\/www.meydan.tv\\\/az\\\/article\\\/muharibe-istirakcisi-mmc-rehberliyi-ile-razilasmadigim-ucun-meni-madde-ile-isden-cixardilar\\\/\"},\"wordCount\":543,\"publisher\":{\"@id\":\"https:\\\/\\\/www.meydan.tv\\\/az\\\/#organization\"},\"image\":{\"@id\":\"https:\\\/\\\/www.meydan.tv\\\/az\\\/article\\\/muharibe-istirakcisi-mmc-rehberliyi-ile-razilasmadigim-ucun-meni-madde-ile-isden-cixardilar\\\/#primaryimage\"},\"thumbnailUrl\":\"https:\\\/\\\/www.meydan.tv\\\/wp-content\\\/uploads\\\/untitled-design-5-4.gif\",\"articleSection\":[\"B\u00f6lg\u0259\",\"T\u00f6vsiy\u0259\",\"X\u0259b\u0259rl\u0259r\"],\"inLanguage\":\"az\"},{\"@type\":\"WebPage\",\"@id\":\"https:\\\/\\\/www.meydan.tv\\\/az\\\/article\\\/muharibe-istirakcisi-mmc-rehberliyi-ile-razilasmadigim-ucun-meni-madde-ile-isden-cixardilar\\\/\",\"url\":\"https:\\\/\\\/www.meydan.tv\\\/az\\\/article\\\/muharibe-istirakcisi-mmc-rehberliyi-ile-razilasmadigim-ucun-meni-madde-ile-isden-cixardilar\\\/\",\"name\":\"M\u00fcharib\u0259 i\u015ftirak\u00e7\u0131s\u0131: \u201cMMC r\u0259hb\u0259rliyi il\u0259 raz\u0131la\u015fmad\u0131\u011f\u0131m \u00fc\u00e7\u00fcn m\u0259ni madd\u0259 il\u0259 i\u015fd\u0259n \u00e7\u0131xard\u0131lar\u201d - MEYDAN.TV\",\"isPartOf\":{\"@id\":\"https:\\\/\\\/www.meydan.tv\\\/az\\\/#website\"},\"primaryImageOfPage\":{\"@id\":\"https:\\\/\\\/www.meydan.tv\\\/az\\\/article\\\/muharibe-istirakcisi-mmc-rehberliyi-ile-razilasmadigim-ucun-meni-madde-ile-isden-cixardilar\\\/#primaryimage\"},\"image\":{\"@id\":\"https:\\\/\\\/www.meydan.tv\\\/az\\\/article\\\/muharibe-istirakcisi-mmc-rehberliyi-ile-razilasmadigim-ucun-meni-madde-ile-isden-cixardilar\\\/#primaryimage\"},\"thumbnailUrl\":\"https:\\\/\\\/www.meydan.tv\\\/wp-content\\\/uploads\\\/untitled-design-5-4.gif\",\"datePublished\":\"2021-12-15T10:24:35+00:00\",\"dateModified\":\"2021-12-15T10:26:21+00:00\",\"breadcrumb\":{\"@id\":\"https:\\\/\\\/www.meydan.tv\\\/az\\\/article\\\/muharibe-istirakcisi-mmc-rehberliyi-ile-razilasmadigim-ucun-meni-madde-ile-isden-cixardilar\\\/#breadcrumb\"},\"inLanguage\":\"az\",\"potentialAction\":[{\"@type\":\"ReadAction\",\"target\":[\"https:\\\/\\\/www.meydan.tv\\\/az\\\/article\\\/muharibe-istirakcisi-mmc-rehberliyi-ile-razilasmadigim-ucun-meni-madde-ile-isden-cixardilar\\\/\"]}]},{\"@type\":\"ImageObject\",\"inLanguage\":\"az\",\"@id\":\"https:\\\/\\\/www.meydan.tv\\\/az\\\/article\\\/muharibe-istirakcisi-mmc-rehberliyi-ile-razilasmadigim-ucun-meni-madde-ile-isden-cixardilar\\\/#primaryimage\",\"url\":\"https:\\\/\\\/www.meydan.tv\\\/wp-content\\\/uploads\\\/untitled-design-5-4.gif\",\"contentUrl\":\"https:\\\/\\\/www.meydan.tv\\\/wp-content\\\/uploads\\\/untitled-design-5-4.gif\",\"width\":1200,\"height\":800,\"caption\":\"Emil M\u0259mm\u0259dzad\u0259, Foto: Emil M\u0259mm\u0259dzad\u0259nin \u015f\u0259xsi arxivind\u0259n\"},{\"@type\":\"BreadcrumbList\",\"@id\":\"https:\\\/\\\/www.meydan.tv\\\/az\\\/article\\\/muharibe-istirakcisi-mmc-rehberliyi-ile-razilasmadigim-ucun-meni-madde-ile-isden-cixardilar\\\/#breadcrumb\",\"itemListElement\":[{\"@type\":\"ListItem\",\"position\":1,\"name\":\"Ana s\u0259hif\u0259\",\"item\":\"https:\\\/\\\/www.meydan.tv\\\/az\\\/\"},{\"@type\":\"ListItem\",\"position\":2,\"name\":\"B\u00f6lg\u0259\",\"item\":\"https:\\\/\\\/www.meydan.tv\\\/az\\\/section\\\/bolge\\\/\"},{\"@type\":\"ListItem\",\"position\":3,\"name\":\"M\u00fcharib\u0259 i\u015ftirak\u00e7\u0131s\u0131: \u201cMMC r\u0259hb\u0259rliyi il\u0259 raz\u0131la\u015fmad\u0131\u011f\u0131m \u00fc\u00e7\u00fcn m\u0259ni madd\u0259 il\u0259 i\u015fd\u0259n \u00e7\u0131xard\u0131lar\u201d\"}]},{\"@type\":\"WebSite\",\"@id\":\"https:\\\/\\\/www.meydan.tv\\\/az\\\/#website\",\"url\":\"https:\\\/\\\/www.meydan.tv\\\/az\\\/\",\"name\":\"MEYDAN.TV\",\"description\":\"Meydan TV Az\u0259rbaycan\u0131n media m\u0259kan\u0131ndak\u0131 alternativ s\u0259sidir\",\"publisher\":{\"@id\":\"https:\\\/\\\/www.meydan.tv\\\/az\\\/#organization\"},\"potentialAction\":[{\"@type\":\"SearchAction\",\"target\":{\"@type\":\"EntryPoint\",\"urlTemplate\":\"https:\\\/\\\/www.meydan.tv\\\/az\\\/?s={search_term_string}\"},\"query-input\":{\"@type\":\"PropertyValueSpecification\",\"valueRequired\":true,\"valueName\":\"search_term_string\"}}],\"inLanguage\":\"az\"},{\"@type\":\"Organization\",\"@id\":\"https:\\\/\\\/www.meydan.tv\\\/az\\\/#organization\",\"name\":\"Meydan TV\",\"url\":\"https:\\\/\\\/www.meydan.tv\\\/az\\\/\",\"logo\":{\"@type\":\"ImageObject\",\"inLanguage\":\"az\",\"@id\":\"https:\\\/\\\/www.meydan.tv\\\/az\\\/#\\\/schema\\\/logo\\\/image\\\/\",\"url\":\"https:\\\/\\\/www.meydan.tv\\\/wp-content\\\/uploads\\\/2021\\\/07\\\/meydan-logo.svg\",\"contentUrl\":\"https:\\\/\\\/www.meydan.tv\\\/wp-content\\\/uploads\\\/2021\\\/07\\\/meydan-logo.svg\",\"width\":195,\"height\":46,\"caption\":\"Meydan TV\"},\"image\":{\"@id\":\"https:\\\/\\\/www.meydan.tv\\\/az\\\/#\\\/schema\\\/logo\\\/image\\\/\"}},{\"@type\":\"Person\",\"@id\":\"https:\\\/\\\/www.meydan.tv\\\/az\\\/#\\\/schema\\\/person\\\/9cdbecf90d17180ce1dfbd95b08dcf47\",\"name\":\"elli\",\"sameAs\":[\"https:\\\/\\\/x.com\\\/elli\"]}]}<\/script>\n<!-- \/ Yoast SEO plugin. -->","yoast_head_json":{"title":"M\u00fcharib\u0259 i\u015ftirak\u00e7\u0131s\u0131: \u201cMMC r\u0259hb\u0259rliyi il\u0259 raz\u0131la\u015fmad\u0131\u011f\u0131m \u00fc\u00e7\u00fcn m\u0259ni madd\u0259 il\u0259 i\u015fd\u0259n \u00e7\u0131xard\u0131lar\u201d - MEYDAN.TV","robots":{"index":"index","follow":"follow","max-snippet":"max-snippet:-1","max-image-preview":"max-image-preview:large","max-video-preview":"max-video-preview:-1"},"canonical":"https:\/\/www.meydan.tv\/az\/article\/muharibe-istirakcisi-mmc-rehberliyi-ile-razilasmadigim-ucun-meni-madde-ile-isden-cixardilar\/","og_locale":"az_AZ","og_type":"article","og_title":"M\u00fcharib\u0259 i\u015ftirak\u00e7\u0131s\u0131: \u201cMMC r\u0259hb\u0259rliyi il\u0259 raz\u0131la\u015fmad\u0131\u011f\u0131m \u00fc\u00e7\u00fcn m\u0259ni madd\u0259 il\u0259 i\u015fd\u0259n \u00e7\u0131xard\u0131lar\u201d - MEYDAN.TV","og_description":"\u201cAli t\u0259hsilliy\u0259m, evd\u0259 yaln\u0131z anam\u0131n t\u0259qa\u00fcd\u00fc il\u0259 dolan\u0131r\u0131q\u201d K\u00fcrd\u0259mir rayonunun ... Davam\u0131","og_url":"https:\/\/www.meydan.tv\/az\/article\/muharibe-istirakcisi-mmc-rehberliyi-ile-razilasmadigim-ucun-meni-madde-ile-isden-cixardilar\/","og_site_name":"MEYDAN.TV","article_published_time":"2021-12-15T10:24:35+00:00","article_modified_time":"2021-12-15T10:26:21+00:00","og_image":[{"width":1200,"height":800,"url":"https:\/\/www.meydan.tv\/wp-content\/uploads\/untitled-design-5-4.gif","type":"image\/gif"}],"author":"elli","twitter_card":"summary_large_image","twitter_creator":"@elli","schema":{"@context":"https:\/\/schema.org","@graph":[{"@type":"Article","@id":"https:\/\/www.meydan.tv\/az\/article\/muharibe-istirakcisi-mmc-rehberliyi-ile-razilasmadigim-ucun-meni-madde-ile-isden-cixardilar\/#article","isPartOf":{"@id":"https:\/\/www.meydan.tv\/az\/article\/muharibe-istirakcisi-mmc-rehberliyi-ile-razilasmadigim-ucun-meni-madde-ile-isden-cixardilar\/"},"author":{"name":"elli","@id":"https:\/\/www.meydan.tv\/az\/#\/schema\/person\/9cdbecf90d17180ce1dfbd95b08dcf47"},"headline":"M\u00fcharib\u0259 i\u015ftirak\u00e7\u0131s\u0131: \u201cMMC r\u0259hb\u0259rliyi il\u0259 raz\u0131la\u015fmad\u0131\u011f\u0131m \u00fc\u00e7\u00fcn m\u0259ni madd\u0259 il\u0259 i\u015fd\u0259n \u00e7\u0131xard\u0131lar\u201d","datePublished":"2021-12-15T10:24:35+00:00","dateModified":"2021-12-15T10:26:21+00:00","mainEntityOfPage":{"@id":"https:\/\/www.meydan.tv\/az\/article\/muharibe-istirakcisi-mmc-rehberliyi-ile-razilasmadigim-ucun-meni-madde-ile-isden-cixardilar\/"},"wordCount":543,"publisher":{"@id":"https:\/\/www.meydan.tv\/az\/#organization"},"image":{"@id":"https:\/\/www.meydan.tv\/az\/article\/muharibe-istirakcisi-mmc-rehberliyi-ile-razilasmadigim-ucun-meni-madde-ile-isden-cixardilar\/#primaryimage"},"thumbnailUrl":"https:\/\/www.meydan.tv\/wp-content\/uploads\/untitled-design-5-4.gif","articleSection":["B\u00f6lg\u0259","T\u00f6vsiy\u0259","X\u0259b\u0259rl\u0259r"],"inLanguage":"az"},{"@type":"WebPage","@id":"https:\/\/www.meydan.tv\/az\/article\/muharibe-istirakcisi-mmc-rehberliyi-ile-razilasmadigim-ucun-meni-madde-ile-isden-cixardilar\/","url":"https:\/\/www.meydan.tv\/az\/article\/muharibe-istirakcisi-mmc-rehberliyi-ile-razilasmadigim-ucun-meni-madde-ile-isden-cixardilar\/","name":"M\u00fcharib\u0259 i\u015ftirak\u00e7\u0131s\u0131: \u201cMMC r\u0259hb\u0259rliyi il\u0259 raz\u0131la\u015fmad\u0131\u011f\u0131m \u00fc\u00e7\u00fcn m\u0259ni madd\u0259 il\u0259 i\u015fd\u0259n \u00e7\u0131xard\u0131lar\u201d - MEYDAN.TV","isPartOf":{"@id":"https:\/\/www.meydan.tv\/az\/#website"},"primaryImageOfPage":{"@id":"https:\/\/www.meydan.tv\/az\/article\/muharibe-istirakcisi-mmc-rehberliyi-ile-razilasmadigim-ucun-meni-madde-ile-isden-cixardilar\/#primaryimage"},"image":{"@id":"https:\/\/www.meydan.tv\/az\/article\/muharibe-istirakcisi-mmc-rehberliyi-ile-razilasmadigim-ucun-meni-madde-ile-isden-cixardilar\/#primaryimage"},"thumbnailUrl":"https:\/\/www.meydan.tv\/wp-content\/uploads\/untitled-design-5-4.gif","datePublished":"2021-12-15T10:24:35+00:00","dateModified":"2021-12-15T10:26:21+00:00","breadcrumb":{"@id":"https:\/\/www.meydan.tv\/az\/article\/muharibe-istirakcisi-mmc-rehberliyi-ile-razilasmadigim-ucun-meni-madde-ile-isden-cixardilar\/#breadcrumb"},"inLanguage":"az","potentialAction":[{"@type":"ReadAction","target":["https:\/\/www.meydan.tv\/az\/article\/muharibe-istirakcisi-mmc-rehberliyi-ile-razilasmadigim-ucun-meni-madde-ile-isden-cixardilar\/"]}]},{"@type":"ImageObject","inLanguage":"az","@id":"https:\/\/www.meydan.tv\/az\/article\/muharibe-istirakcisi-mmc-rehberliyi-ile-razilasmadigim-ucun-meni-madde-ile-isden-cixardilar\/#primaryimage","url":"https:\/\/www.meydan.tv\/wp-content\/uploads\/untitled-design-5-4.gif","contentUrl":"https:\/\/www.meydan.tv\/wp-content\/uploads\/untitled-design-5-4.gif","width":1200,"height":800,"caption":"Emil M\u0259mm\u0259dzad\u0259, Foto: Emil M\u0259mm\u0259dzad\u0259nin \u015f\u0259xsi arxivind\u0259n"},{"@type":"BreadcrumbList","@id":"https:\/\/www.meydan.tv\/az\/article\/muharibe-istirakcisi-mmc-rehberliyi-ile-razilasmadigim-ucun-meni-madde-ile-isden-cixardilar\/#breadcrumb","itemListElement":[{"@type":"ListItem","position":1,"name":"Ana s\u0259hif\u0259","item":"https:\/\/www.meydan.tv\/az\/"},{"@type":"ListItem","position":2,"name":"B\u00f6lg\u0259","item":"https:\/\/www.meydan.tv\/az\/section\/bolge\/"},{"@type":"ListItem","position":3,"name":"M\u00fcharib\u0259 i\u015ftirak\u00e7\u0131s\u0131: \u201cMMC r\u0259hb\u0259rliyi il\u0259 raz\u0131la\u015fmad\u0131\u011f\u0131m \u00fc\u00e7\u00fcn m\u0259ni madd\u0259 il\u0259 i\u015fd\u0259n \u00e7\u0131xard\u0131lar\u201d"}]},{"@type":"WebSite","@id":"https:\/\/www.meydan.tv\/az\/#website","url":"https:\/\/www.meydan.tv\/az\/","name":"MEYDAN.TV","description":"Meydan TV Az\u0259rbaycan\u0131n media m\u0259kan\u0131ndak\u0131 alternativ s\u0259sidir","publisher":{"@id":"https:\/\/www.meydan.tv\/az\/#organization"},"potentialAction":[{"@type":"SearchAction","target":{"@type":"EntryPoint","urlTemplate":"https:\/\/www.meydan.tv\/az\/?s={search_term_string}"},"query-input":{"@type":"PropertyValueSpecification","valueRequired":true,"valueName":"search_term_string"}}],"inLanguage":"az"},{"@type":"Organization","@id":"https:\/\/www.meydan.tv\/az\/#organization","name":"Meydan TV","url":"https:\/\/www.meydan.tv\/az\/","logo":{"@type":"ImageObject","inLanguage":"az","@id":"https:\/\/www.meydan.tv\/az\/#\/schema\/logo\/image\/","url":"https:\/\/www.meydan.tv\/wp-content\/uploads\/2021\/07\/meydan-logo.svg","contentUrl":"https:\/\/www.meydan.tv\/wp-content\/uploads\/2021\/07\/meydan-logo.svg","width":195,"height":46,"caption":"Meydan TV"},"image":{"@id":"https:\/\/www.meydan.tv\/az\/#\/schema\/logo\/image\/"}},{"@type":"Person","@id":"https:\/\/www.meydan.tv\/az\/#\/schema\/person\/9cdbecf90d17180ce1dfbd95b08dcf47","name":"elli","sameAs":["https:\/\/x.com\/elli"]}]}},"_links":{"self":[{"href":"https:\/\/www.meydan.tv\/az\/wp-json\/wp\/v2\/posts\/229310","targetHints":{"allow":["GET"]}}],"collection":[{"href":"https:\/\/www.meydan.tv\/az\/wp-json\/wp\/v2\/posts"}],"about":[{"href":"https:\/\/www.meydan.tv\/az\/wp-json\/wp\/v2\/types\/post"}],"author":[{"embeddable":true,"href":"https:\/\/www.meydan.tv\/az\/wp-json\/wp\/v2\/users\/8"}],"replies":[{"embeddable":true,"href":"https:\/\/www.meydan.tv\/az\/wp-json\/wp\/v2\/comments?post=229310"}],"version-history":[{"count":3,"href":"https:\/\/www.meydan.tv\/az\/wp-json\/wp\/v2\/posts\/229310\/revisions"}],"predecessor-version":[{"id":229313,"href":"https:\/\/www.meydan.tv\/az\/wp-json\/wp\/v2\/posts\/229310\/revisions\/229313"}],"wp:featuredmedia":[{"embeddable":true,"href":"https:\/\/www.meydan.tv\/az\/wp-json\/wp\/v2\/media\/229304"}],"wp:attachment":[{"href":"https:\/\/www.meydan.tv\/az\/wp-json\/wp\/v2\/media?parent=229310"}],"wp:term":[{"taxonomy":"category","embeddable":true,"href":"https:\/\/www.meydan.tv\/az\/wp-json\/wp\/v2\/categories?post=229310"},{"taxonomy":"post_tag","embeddable":true,"href":"https:\/\/www.meydan.tv\/az\/wp-json\/wp\/v2\/tags?post=229310"}],"curies":[{"name":"wp","href":"https:\/\/api.w.org\/{rel}","templated":true}]}}