{"id":229238,"date":"2021-12-14T18:06:53","date_gmt":"2021-12-14T14:06:53","guid":{"rendered":"https:\/\/www.meydan.tv\/?p=229238"},"modified":"2021-12-14T18:06:54","modified_gmt":"2021-12-14T14:06:54","slug":"zaur-ekber-nazirin-reaksiyasindan-bele-anlasildi-ki-tofiq-yaqublunu-polis-doymeyib","status":"publish","type":"post","link":"https:\/\/www.meydan.tv\/az\/article\/zaur-ekber-nazirin-reaksiyasindan-bele-anlasildi-ki-tofiq-yaqublunu-polis-doymeyib\/","title":{"rendered":"Zaur \u018fkb\u0259r: \u201cNazirin reaksiyas\u0131ndan bel\u0259 anla\u015f\u0131ld\u0131 ki, Tofiq Yaqublunu polis d\u00f6ym\u0259yib\u201d"},"content":{"rendered":"\n<p><em>Dekabr\u0131n 13-d\u0259 \u201cM\u00fcdafi\u0259 X\u0259tti\u201d \u0130nsan Haqlar\u0131 T\u0259\u015fkilat\u0131n\u0131n h\u0259mt\u0259sis\u00e7il\u0259ri daxili i\u015fl\u0259r naziri, polis general-polkovniki Vilay\u0259t Eyvazovla g\u00f6r\u00fc\u015f\u00fcbl\u0259r.<\/em><br><\/p>\n\n\n\n<p>Nazirl\u0259 3 saat davam ed\u0259n g\u00f6r\u00fc\u015fd\u0259 t\u0259\u015fkilat\u0131n \u00fczvl\u0259ri R\u00fcf\u0259t S\u0259f\u0259rov, v\u0259kil Alayif H\u0259s\u0259nov, Zaur \u018fkb\u0259r v\u0259 Z\u0259f\u0259r \u018fhm\u0259dov i\u015ftirak edibl\u0259r.<br><\/p>\n\n\n\n<p>Bu bar\u0259d\u0259 Zaur \u018fkb\u0259r Meydan TV-y\u0259 dan\u0131\u015f\u0131b.<br><\/p>\n\n\n\n<p>Zaur \u018fkb\u0259rin s\u00f6zl\u0259rin\u0259 g\u00f6r\u0259, sentyabrda ombudsman S\u0259bin\u0259 \u018fliyeva il\u0259 g\u00f6r\u00fc\u015fd\u0259n sonra Daxili \u0130\u015fl\u0259r Nazirliyind\u0259n g\u00f6r\u00fc\u015f \u00fc\u00e7\u00fcn d\u0259v\u0259t al\u0131blar:<br><\/p>\n\n\n\n<p>&#8220;T\u0259\u015fkilat insan haqlar\u0131n\u0131n m\u00fcdafi\u0259sil\u0259 m\u0259\u015f\u011ful oldu\u011fundan h\u00f6kum\u0259t r\u0259smil\u0259ri il\u0259 t\u0259maslar\u0131 \u0259sas g\u00f6t\u00fcr\u00fcr\u00fck. \u00c7\u00fcnki f\u0259aliyy\u0259timiz boyu qar\u015f\u0131la\u015fd\u0131\u011f\u0131m\u0131z suallar\u0131 daha \u00e7ox h\u00f6kum\u0259t r\u0259smil\u0259rin\u0259 \u00fcnvanlamal\u0131y\u0131q. \u00d6t\u0259n ay nazirlikd\u0259 g\u00f6r\u00fc\u015f\u00fcn olaca\u011f\u0131n\u0131 bil\u0259nd\u0259 art\u0131q g\u00fcnd\u0259liyi haz\u0131rlam\u0131\u015fd\u0131q. Ancaq nazirlikd\u0259 m\u0259lum oldu ki, nazir Vilay\u0259t Eyvzaov da biziml\u0259 g\u00f6r\u00fc\u015f\u0259c\u0259k. Konstruktiv m\u00fczakir\u0259miz oldu, \u0259sas\u0259n polis-v\u0259t\u0259nda\u015f m\u00fcnasib\u0259tl\u0259ri, polisin aksiya\u00e7\u0131larla davran\u0131\u015f\u0131 \u0259traf\u0131nda s\u00f6hb\u0259t etdik&#8221;.<br><\/p>\n\n\n\n<p>Zaur \u018fkb\u0259rin s\u00f6zl\u0259rin\u0259 g\u00f6r\u0259, g\u00f6r\u00fc\u015fd\u0259 Milli \u015euran\u0131n v\u0259 M\u00fcsavat Partiyas\u0131n\u0131n \u00fczv\u00fc Tofiq Yaqublunun aksiyada <a href=\"https:\/\/www.meydan.tv\/az\/article\/tofiq-yaqublu-amansizca-doyurduler-ele-bildim-oldurecekler\/\" target=\"_blank\" rel=\"noreferrer noopener\">d\u00f6y\u00fclm\u0259si<\/a> m\u0259s\u0259l\u0259sin\u0259 d\u0259 toxunublar, onun bu c\u00fcr v\u0259ziyy\u0259t\u0259 d\u00fc\u015fm\u0259sind\u0259 h\u00f6kum\u0259tin m\u0259suliyy\u0259t da\u015f\u0131d\u0131\u011f\u0131n\u0131 bildiribl\u0259r:<\/p>\n\n\n\n<p>\u201cDedik ki, \u0259g\u0259r Tofiq Yaqublunu polis saxlam\u0131\u015fd\u0131sa, polis d\u0259 t\u0259hvil verm\u0259li idi. Nazirin reaksiyas\u0131ndan bel\u0259 anla\u015f\u0131ld\u0131 ki, Tofiq Yaqublunu polis d\u00f6ym\u0259yib. Nazir dedi ki, Ba\u015f Prokurorluq ara\u015fd\u0131rma apar\u0131r, n\u0259tic\u0259 ictimaiyy\u0259t\u0259 a\u00e7\u0131qlanacaq&#8221;.<br><\/p>\n\n\n\n<p>Tofiq Yaqublu Vilay\u0259t Eyvazovun dedikl\u0259rin\u0259 bel\u0259 reaksiya verib: &#8220;Nazir yalan dan\u0131\u015f\u0131r. M\u0259ni polisl\u0259r saxlay\u0131b 39-cu b\u00f6lm\u0259y\u0259 g\u0259tiribl\u0259r v\u0259 bu, sirr deyil. H\u0259min b\u00f6lm\u0259nin daxilind\u0259 v\u0259 \u0259traf\u0131nda video-kamera g\u00f6r\u00fcnt\u00fcl\u0259ri var, qoysunlar ortal\u0131\u011fa. M\u0259n b\u00f6lm\u0259d\u0259 izahat vermi\u015f\u0259m. B\u0259s sonra nec\u0259 olub ki, \u018fl\u0259t q\u0259s\u0259b\u0259sind\u0259n \u00e7\u0131xm\u0131\u015fam? Vilay\u0259t Eyvazov m\u0259nim b\u00f6lm\u0259d\u0259 oldu\u011fumu t\u0259kzib ed\u0259 bil\u0259rmi? \u018fg\u0259r t\u0259kzib edirs\u0259, kamera g\u00f6r\u00fcnt\u00fcl\u0259rini ortaya qoysun&#8221;.<\/p>\n\n\n\n<p>Dekabr\u0131n 3-d\u0259 Monitorinq Qrupunun \u00fczvl\u0259ri d\u0259 nazir Vilay\u0259t Eyvazovla <a href=\"https:\/\/www.meydan.tv\/az\/article\/seide-qocamanli-nazirle-gorusde-esas-muzakire-obyekti-tofiq-yaqublu-olub\/\" target=\"_blank\" rel=\"noreferrer noopener\">g\u00f6r\u00fc\u015fm\u00fc\u015fd\u00fc<\/a>.<\/p>\n","protected":false},"excerpt":{"rendered":"<p>Dekabr\u0131n 13-d\u0259 \u201cM\u00fcdafi\u0259 X\u0259tti\u201d \u0130nsan Haqlar\u0131 T\u0259\u015fkilat\u0131n\u0131n h\u0259mt\u0259sis\u00e7il\u0259ri daxili i\u015fl\u0259r &#8230; <\/p>\n<p class=\"read-more-container\"><a title=\"Zaur \u018fkb\u0259r: \u201cNazirin reaksiyas\u0131ndan bel\u0259 anla\u015f\u0131ld\u0131 ki, Tofiq Yaqublunu polis d\u00f6ym\u0259yib\u201d\" class=\"read-more button\" href=\"https:\/\/www.meydan.tv\/az\/article\/zaur-ekber-nazirin-reaksiyasindan-bele-anlasildi-ki-tofiq-yaqublunu-polis-doymeyib\/#more-229238\" aria-label=\"Read more about Zaur \u018fkb\u0259r: \u201cNazirin reaksiyas\u0131ndan bel\u0259 anla\u015f\u0131ld\u0131 ki, Tofiq Yaqublunu polis d\u00f6ym\u0259yib\u201d\">Davam\u0131<\/a><\/p>\n","protected":false},"author":8,"featured_media":229235,"comment_status":"closed","ping_status":"closed","sticky":false,"template":"","format":"standard","meta":{"_acf_changed":false,"_sitemap_exclude":false,"_sitemap_priority":"","_sitemap_frequency":"","footnotes":""},"categories":[59,79,56],"tags":[],"class_list":["post-229238","post","type-post","status-publish","format-standard","has-post-thumbnail","hentry","category-siyaset","category-featured","category-xeberler","infinite-scroll-item","generate-columns","tablet-grid-50","mobile-grid-100","grid-parent","grid-33","no-featured-image-padding"],"acf":[],"yoast_head":"<!-- This site is optimized with the Yoast SEO plugin v27.4 - https:\/\/yoast.com\/product\/yoast-seo-wordpress\/ -->\n<title>Zaur \u018fkb\u0259r: \u201cNazirin reaksiyas\u0131ndan bel\u0259 anla\u015f\u0131ld\u0131 ki, Tofiq Yaqublunu polis d\u00f6ym\u0259yib\u201d - MEYDAN.TV<\/title>\n<meta name=\"robots\" content=\"index, follow, max-snippet:-1, max-image-preview:large, max-video-preview:-1\" \/>\n<link rel=\"canonical\" href=\"https:\/\/www.meydan.tv\/az\/article\/zaur-ekber-nazirin-reaksiyasindan-bele-anlasildi-ki-tofiq-yaqublunu-polis-doymeyib\/\" \/>\n<meta property=\"og:locale\" content=\"az_AZ\" \/>\n<meta property=\"og:type\" content=\"article\" \/>\n<meta property=\"og:title\" content=\"Zaur \u018fkb\u0259r: \u201cNazirin reaksiyas\u0131ndan bel\u0259 anla\u015f\u0131ld\u0131 ki, Tofiq Yaqublunu polis d\u00f6ym\u0259yib\u201d - MEYDAN.TV\" \/>\n<meta property=\"og:description\" content=\"Dekabr\u0131n 13-d\u0259 \u201cM\u00fcdafi\u0259 X\u0259tti\u201d \u0130nsan Haqlar\u0131 T\u0259\u015fkilat\u0131n\u0131n h\u0259mt\u0259sis\u00e7il\u0259ri daxili i\u015fl\u0259r ... Davam\u0131\" \/>\n<meta property=\"og:url\" content=\"https:\/\/www.meydan.tv\/az\/article\/zaur-ekber-nazirin-reaksiyasindan-bele-anlasildi-ki-tofiq-yaqublunu-polis-doymeyib\/\" \/>\n<meta property=\"og:site_name\" content=\"MEYDAN.TV\" \/>\n<meta property=\"article:published_time\" content=\"2021-12-14T14:06:53+00:00\" \/>\n<meta property=\"article:modified_time\" content=\"2021-12-14T14:06:54+00:00\" \/>\n<meta property=\"og:image\" content=\"https:\/\/www.meydan.tv\/wp-content\/uploads\/mudafie-xetti-e1639490767754.jpg\" \/>\n\t<meta property=\"og:image:width\" content=\"1200\" \/>\n\t<meta property=\"og:image:height\" content=\"786\" \/>\n\t<meta property=\"og:image:type\" content=\"image\/jpeg\" \/>\n<meta name=\"author\" content=\"elli\" \/>\n<meta name=\"twitter:card\" content=\"summary_large_image\" \/>\n<meta name=\"twitter:creator\" content=\"@elli\" \/>\n<script type=\"application\/ld+json\" class=\"yoast-schema-graph\">{\"@context\":\"https:\\\/\\\/schema.org\",\"@graph\":[{\"@type\":\"Article\",\"@id\":\"https:\\\/\\\/www.meydan.tv\\\/az\\\/article\\\/zaur-ekber-nazirin-reaksiyasindan-bele-anlasildi-ki-tofiq-yaqublunu-polis-doymeyib\\\/#article\",\"isPartOf\":{\"@id\":\"https:\\\/\\\/www.meydan.tv\\\/az\\\/article\\\/zaur-ekber-nazirin-reaksiyasindan-bele-anlasildi-ki-tofiq-yaqublunu-polis-doymeyib\\\/\"},\"author\":{\"name\":\"elli\",\"@id\":\"https:\\\/\\\/www.meydan.tv\\\/az\\\/#\\\/schema\\\/person\\\/9cdbecf90d17180ce1dfbd95b08dcf47\"},\"headline\":\"Zaur \u018fkb\u0259r: \u201cNazirin reaksiyas\u0131ndan bel\u0259 anla\u015f\u0131ld\u0131 ki, Tofiq Yaqublunu polis d\u00f6ym\u0259yib\u201d\",\"datePublished\":\"2021-12-14T14:06:53+00:00\",\"dateModified\":\"2021-12-14T14:06:54+00:00\",\"mainEntityOfPage\":{\"@id\":\"https:\\\/\\\/www.meydan.tv\\\/az\\\/article\\\/zaur-ekber-nazirin-reaksiyasindan-bele-anlasildi-ki-tofiq-yaqublunu-polis-doymeyib\\\/\"},\"wordCount\":456,\"publisher\":{\"@id\":\"https:\\\/\\\/www.meydan.tv\\\/az\\\/#organization\"},\"image\":{\"@id\":\"https:\\\/\\\/www.meydan.tv\\\/az\\\/article\\\/zaur-ekber-nazirin-reaksiyasindan-bele-anlasildi-ki-tofiq-yaqublunu-polis-doymeyib\\\/#primaryimage\"},\"thumbnailUrl\":\"https:\\\/\\\/www.meydan.tv\\\/wp-content\\\/uploads\\\/mudafie-xetti-e1639490767754.jpg\",\"articleSection\":[\"Siyas\u0259t\",\"T\u00f6vsiy\u0259\",\"X\u0259b\u0259rl\u0259r\"],\"inLanguage\":\"az\"},{\"@type\":\"WebPage\",\"@id\":\"https:\\\/\\\/www.meydan.tv\\\/az\\\/article\\\/zaur-ekber-nazirin-reaksiyasindan-bele-anlasildi-ki-tofiq-yaqublunu-polis-doymeyib\\\/\",\"url\":\"https:\\\/\\\/www.meydan.tv\\\/az\\\/article\\\/zaur-ekber-nazirin-reaksiyasindan-bele-anlasildi-ki-tofiq-yaqublunu-polis-doymeyib\\\/\",\"name\":\"Zaur \u018fkb\u0259r: \u201cNazirin reaksiyas\u0131ndan bel\u0259 anla\u015f\u0131ld\u0131 ki, Tofiq Yaqublunu polis d\u00f6ym\u0259yib\u201d - MEYDAN.TV\",\"isPartOf\":{\"@id\":\"https:\\\/\\\/www.meydan.tv\\\/az\\\/#website\"},\"primaryImageOfPage\":{\"@id\":\"https:\\\/\\\/www.meydan.tv\\\/az\\\/article\\\/zaur-ekber-nazirin-reaksiyasindan-bele-anlasildi-ki-tofiq-yaqublunu-polis-doymeyib\\\/#primaryimage\"},\"image\":{\"@id\":\"https:\\\/\\\/www.meydan.tv\\\/az\\\/article\\\/zaur-ekber-nazirin-reaksiyasindan-bele-anlasildi-ki-tofiq-yaqublunu-polis-doymeyib\\\/#primaryimage\"},\"thumbnailUrl\":\"https:\\\/\\\/www.meydan.tv\\\/wp-content\\\/uploads\\\/mudafie-xetti-e1639490767754.jpg\",\"datePublished\":\"2021-12-14T14:06:53+00:00\",\"dateModified\":\"2021-12-14T14:06:54+00:00\",\"breadcrumb\":{\"@id\":\"https:\\\/\\\/www.meydan.tv\\\/az\\\/article\\\/zaur-ekber-nazirin-reaksiyasindan-bele-anlasildi-ki-tofiq-yaqublunu-polis-doymeyib\\\/#breadcrumb\"},\"inLanguage\":\"az\",\"potentialAction\":[{\"@type\":\"ReadAction\",\"target\":[\"https:\\\/\\\/www.meydan.tv\\\/az\\\/article\\\/zaur-ekber-nazirin-reaksiyasindan-bele-anlasildi-ki-tofiq-yaqublunu-polis-doymeyib\\\/\"]}]},{\"@type\":\"ImageObject\",\"inLanguage\":\"az\",\"@id\":\"https:\\\/\\\/www.meydan.tv\\\/az\\\/article\\\/zaur-ekber-nazirin-reaksiyasindan-bele-anlasildi-ki-tofiq-yaqublunu-polis-doymeyib\\\/#primaryimage\",\"url\":\"https:\\\/\\\/www.meydan.tv\\\/wp-content\\\/uploads\\\/mudafie-xetti-e1639490767754.jpg\",\"contentUrl\":\"https:\\\/\\\/www.meydan.tv\\\/wp-content\\\/uploads\\\/mudafie-xetti-e1639490767754.jpg\",\"width\":1200,\"height\":786,\"caption\":\"Foto: \u201cM\u00fcdafi\u0259 X\u0259tti\u201d \u0130nsan Haqlar\u0131 T\u0259\u015fkilat\u0131\"},{\"@type\":\"BreadcrumbList\",\"@id\":\"https:\\\/\\\/www.meydan.tv\\\/az\\\/article\\\/zaur-ekber-nazirin-reaksiyasindan-bele-anlasildi-ki-tofiq-yaqublunu-polis-doymeyib\\\/#breadcrumb\",\"itemListElement\":[{\"@type\":\"ListItem\",\"position\":1,\"name\":\"Ana s\u0259hif\u0259\",\"item\":\"https:\\\/\\\/www.meydan.tv\\\/az\\\/\"},{\"@type\":\"ListItem\",\"position\":2,\"name\":\"Siyas\u0259t\",\"item\":\"https:\\\/\\\/www.meydan.tv\\\/az\\\/section\\\/siyaset\\\/\"},{\"@type\":\"ListItem\",\"position\":3,\"name\":\"Zaur \u018fkb\u0259r: \u201cNazirin reaksiyas\u0131ndan bel\u0259 anla\u015f\u0131ld\u0131 ki, Tofiq Yaqublunu polis d\u00f6ym\u0259yib\u201d\"}]},{\"@type\":\"WebSite\",\"@id\":\"https:\\\/\\\/www.meydan.tv\\\/az\\\/#website\",\"url\":\"https:\\\/\\\/www.meydan.tv\\\/az\\\/\",\"name\":\"MEYDAN.TV\",\"description\":\"Meydan TV Az\u0259rbaycan\u0131n media m\u0259kan\u0131ndak\u0131 alternativ s\u0259sidir\",\"publisher\":{\"@id\":\"https:\\\/\\\/www.meydan.tv\\\/az\\\/#organization\"},\"potentialAction\":[{\"@type\":\"SearchAction\",\"target\":{\"@type\":\"EntryPoint\",\"urlTemplate\":\"https:\\\/\\\/www.meydan.tv\\\/az\\\/?s={search_term_string}\"},\"query-input\":{\"@type\":\"PropertyValueSpecification\",\"valueRequired\":true,\"valueName\":\"search_term_string\"}}],\"inLanguage\":\"az\"},{\"@type\":\"Organization\",\"@id\":\"https:\\\/\\\/www.meydan.tv\\\/az\\\/#organization\",\"name\":\"Meydan TV\",\"url\":\"https:\\\/\\\/www.meydan.tv\\\/az\\\/\",\"logo\":{\"@type\":\"ImageObject\",\"inLanguage\":\"az\",\"@id\":\"https:\\\/\\\/www.meydan.tv\\\/az\\\/#\\\/schema\\\/logo\\\/image\\\/\",\"url\":\"https:\\\/\\\/www.meydan.tv\\\/wp-content\\\/uploads\\\/2021\\\/07\\\/meydan-logo.svg\",\"contentUrl\":\"https:\\\/\\\/www.meydan.tv\\\/wp-content\\\/uploads\\\/2021\\\/07\\\/meydan-logo.svg\",\"width\":195,\"height\":46,\"caption\":\"Meydan TV\"},\"image\":{\"@id\":\"https:\\\/\\\/www.meydan.tv\\\/az\\\/#\\\/schema\\\/logo\\\/image\\\/\"}},{\"@type\":\"Person\",\"@id\":\"https:\\\/\\\/www.meydan.tv\\\/az\\\/#\\\/schema\\\/person\\\/9cdbecf90d17180ce1dfbd95b08dcf47\",\"name\":\"elli\",\"sameAs\":[\"https:\\\/\\\/x.com\\\/elli\"]}]}<\/script>\n<!-- \/ Yoast SEO plugin. -->","yoast_head_json":{"title":"Zaur \u018fkb\u0259r: \u201cNazirin reaksiyas\u0131ndan bel\u0259 anla\u015f\u0131ld\u0131 ki, Tofiq Yaqublunu polis d\u00f6ym\u0259yib\u201d - MEYDAN.TV","robots":{"index":"index","follow":"follow","max-snippet":"max-snippet:-1","max-image-preview":"max-image-preview:large","max-video-preview":"max-video-preview:-1"},"canonical":"https:\/\/www.meydan.tv\/az\/article\/zaur-ekber-nazirin-reaksiyasindan-bele-anlasildi-ki-tofiq-yaqublunu-polis-doymeyib\/","og_locale":"az_AZ","og_type":"article","og_title":"Zaur \u018fkb\u0259r: \u201cNazirin reaksiyas\u0131ndan bel\u0259 anla\u015f\u0131ld\u0131 ki, Tofiq Yaqublunu polis d\u00f6ym\u0259yib\u201d - MEYDAN.TV","og_description":"Dekabr\u0131n 13-d\u0259 \u201cM\u00fcdafi\u0259 X\u0259tti\u201d \u0130nsan Haqlar\u0131 T\u0259\u015fkilat\u0131n\u0131n h\u0259mt\u0259sis\u00e7il\u0259ri daxili i\u015fl\u0259r ... Davam\u0131","og_url":"https:\/\/www.meydan.tv\/az\/article\/zaur-ekber-nazirin-reaksiyasindan-bele-anlasildi-ki-tofiq-yaqublunu-polis-doymeyib\/","og_site_name":"MEYDAN.TV","article_published_time":"2021-12-14T14:06:53+00:00","article_modified_time":"2021-12-14T14:06:54+00:00","og_image":[{"width":1200,"height":786,"url":"https:\/\/www.meydan.tv\/wp-content\/uploads\/mudafie-xetti-e1639490767754.jpg","type":"image\/jpeg"}],"author":"elli","twitter_card":"summary_large_image","twitter_creator":"@elli","schema":{"@context":"https:\/\/schema.org","@graph":[{"@type":"Article","@id":"https:\/\/www.meydan.tv\/az\/article\/zaur-ekber-nazirin-reaksiyasindan-bele-anlasildi-ki-tofiq-yaqublunu-polis-doymeyib\/#article","isPartOf":{"@id":"https:\/\/www.meydan.tv\/az\/article\/zaur-ekber-nazirin-reaksiyasindan-bele-anlasildi-ki-tofiq-yaqublunu-polis-doymeyib\/"},"author":{"name":"elli","@id":"https:\/\/www.meydan.tv\/az\/#\/schema\/person\/9cdbecf90d17180ce1dfbd95b08dcf47"},"headline":"Zaur \u018fkb\u0259r: \u201cNazirin reaksiyas\u0131ndan bel\u0259 anla\u015f\u0131ld\u0131 ki, Tofiq Yaqublunu polis d\u00f6ym\u0259yib\u201d","datePublished":"2021-12-14T14:06:53+00:00","dateModified":"2021-12-14T14:06:54+00:00","mainEntityOfPage":{"@id":"https:\/\/www.meydan.tv\/az\/article\/zaur-ekber-nazirin-reaksiyasindan-bele-anlasildi-ki-tofiq-yaqublunu-polis-doymeyib\/"},"wordCount":456,"publisher":{"@id":"https:\/\/www.meydan.tv\/az\/#organization"},"image":{"@id":"https:\/\/www.meydan.tv\/az\/article\/zaur-ekber-nazirin-reaksiyasindan-bele-anlasildi-ki-tofiq-yaqublunu-polis-doymeyib\/#primaryimage"},"thumbnailUrl":"https:\/\/www.meydan.tv\/wp-content\/uploads\/mudafie-xetti-e1639490767754.jpg","articleSection":["Siyas\u0259t","T\u00f6vsiy\u0259","X\u0259b\u0259rl\u0259r"],"inLanguage":"az"},{"@type":"WebPage","@id":"https:\/\/www.meydan.tv\/az\/article\/zaur-ekber-nazirin-reaksiyasindan-bele-anlasildi-ki-tofiq-yaqublunu-polis-doymeyib\/","url":"https:\/\/www.meydan.tv\/az\/article\/zaur-ekber-nazirin-reaksiyasindan-bele-anlasildi-ki-tofiq-yaqublunu-polis-doymeyib\/","name":"Zaur \u018fkb\u0259r: \u201cNazirin reaksiyas\u0131ndan bel\u0259 anla\u015f\u0131ld\u0131 ki, Tofiq Yaqublunu polis d\u00f6ym\u0259yib\u201d - MEYDAN.TV","isPartOf":{"@id":"https:\/\/www.meydan.tv\/az\/#website"},"primaryImageOfPage":{"@id":"https:\/\/www.meydan.tv\/az\/article\/zaur-ekber-nazirin-reaksiyasindan-bele-anlasildi-ki-tofiq-yaqublunu-polis-doymeyib\/#primaryimage"},"image":{"@id":"https:\/\/www.meydan.tv\/az\/article\/zaur-ekber-nazirin-reaksiyasindan-bele-anlasildi-ki-tofiq-yaqublunu-polis-doymeyib\/#primaryimage"},"thumbnailUrl":"https:\/\/www.meydan.tv\/wp-content\/uploads\/mudafie-xetti-e1639490767754.jpg","datePublished":"2021-12-14T14:06:53+00:00","dateModified":"2021-12-14T14:06:54+00:00","breadcrumb":{"@id":"https:\/\/www.meydan.tv\/az\/article\/zaur-ekber-nazirin-reaksiyasindan-bele-anlasildi-ki-tofiq-yaqublunu-polis-doymeyib\/#breadcrumb"},"inLanguage":"az","potentialAction":[{"@type":"ReadAction","target":["https:\/\/www.meydan.tv\/az\/article\/zaur-ekber-nazirin-reaksiyasindan-bele-anlasildi-ki-tofiq-yaqublunu-polis-doymeyib\/"]}]},{"@type":"ImageObject","inLanguage":"az","@id":"https:\/\/www.meydan.tv\/az\/article\/zaur-ekber-nazirin-reaksiyasindan-bele-anlasildi-ki-tofiq-yaqublunu-polis-doymeyib\/#primaryimage","url":"https:\/\/www.meydan.tv\/wp-content\/uploads\/mudafie-xetti-e1639490767754.jpg","contentUrl":"https:\/\/www.meydan.tv\/wp-content\/uploads\/mudafie-xetti-e1639490767754.jpg","width":1200,"height":786,"caption":"Foto: \u201cM\u00fcdafi\u0259 X\u0259tti\u201d \u0130nsan Haqlar\u0131 T\u0259\u015fkilat\u0131"},{"@type":"BreadcrumbList","@id":"https:\/\/www.meydan.tv\/az\/article\/zaur-ekber-nazirin-reaksiyasindan-bele-anlasildi-ki-tofiq-yaqublunu-polis-doymeyib\/#breadcrumb","itemListElement":[{"@type":"ListItem","position":1,"name":"Ana s\u0259hif\u0259","item":"https:\/\/www.meydan.tv\/az\/"},{"@type":"ListItem","position":2,"name":"Siyas\u0259t","item":"https:\/\/www.meydan.tv\/az\/section\/siyaset\/"},{"@type":"ListItem","position":3,"name":"Zaur \u018fkb\u0259r: \u201cNazirin reaksiyas\u0131ndan bel\u0259 anla\u015f\u0131ld\u0131 ki, Tofiq Yaqublunu polis d\u00f6ym\u0259yib\u201d"}]},{"@type":"WebSite","@id":"https:\/\/www.meydan.tv\/az\/#website","url":"https:\/\/www.meydan.tv\/az\/","name":"MEYDAN.TV","description":"Meydan TV Az\u0259rbaycan\u0131n media m\u0259kan\u0131ndak\u0131 alternativ s\u0259sidir","publisher":{"@id":"https:\/\/www.meydan.tv\/az\/#organization"},"potentialAction":[{"@type":"SearchAction","target":{"@type":"EntryPoint","urlTemplate":"https:\/\/www.meydan.tv\/az\/?s={search_term_string}"},"query-input":{"@type":"PropertyValueSpecification","valueRequired":true,"valueName":"search_term_string"}}],"inLanguage":"az"},{"@type":"Organization","@id":"https:\/\/www.meydan.tv\/az\/#organization","name":"Meydan TV","url":"https:\/\/www.meydan.tv\/az\/","logo":{"@type":"ImageObject","inLanguage":"az","@id":"https:\/\/www.meydan.tv\/az\/#\/schema\/logo\/image\/","url":"https:\/\/www.meydan.tv\/wp-content\/uploads\/2021\/07\/meydan-logo.svg","contentUrl":"https:\/\/www.meydan.tv\/wp-content\/uploads\/2021\/07\/meydan-logo.svg","width":195,"height":46,"caption":"Meydan TV"},"image":{"@id":"https:\/\/www.meydan.tv\/az\/#\/schema\/logo\/image\/"}},{"@type":"Person","@id":"https:\/\/www.meydan.tv\/az\/#\/schema\/person\/9cdbecf90d17180ce1dfbd95b08dcf47","name":"elli","sameAs":["https:\/\/x.com\/elli"]}]}},"_links":{"self":[{"href":"https:\/\/www.meydan.tv\/az\/wp-json\/wp\/v2\/posts\/229238","targetHints":{"allow":["GET"]}}],"collection":[{"href":"https:\/\/www.meydan.tv\/az\/wp-json\/wp\/v2\/posts"}],"about":[{"href":"https:\/\/www.meydan.tv\/az\/wp-json\/wp\/v2\/types\/post"}],"author":[{"embeddable":true,"href":"https:\/\/www.meydan.tv\/az\/wp-json\/wp\/v2\/users\/8"}],"replies":[{"embeddable":true,"href":"https:\/\/www.meydan.tv\/az\/wp-json\/wp\/v2\/comments?post=229238"}],"version-history":[{"count":1,"href":"https:\/\/www.meydan.tv\/az\/wp-json\/wp\/v2\/posts\/229238\/revisions"}],"predecessor-version":[{"id":229239,"href":"https:\/\/www.meydan.tv\/az\/wp-json\/wp\/v2\/posts\/229238\/revisions\/229239"}],"wp:featuredmedia":[{"embeddable":true,"href":"https:\/\/www.meydan.tv\/az\/wp-json\/wp\/v2\/media\/229235"}],"wp:attachment":[{"href":"https:\/\/www.meydan.tv\/az\/wp-json\/wp\/v2\/media?parent=229238"}],"wp:term":[{"taxonomy":"category","embeddable":true,"href":"https:\/\/www.meydan.tv\/az\/wp-json\/wp\/v2\/categories?post=229238"},{"taxonomy":"post_tag","embeddable":true,"href":"https:\/\/www.meydan.tv\/az\/wp-json\/wp\/v2\/tags?post=229238"}],"curies":[{"name":"wp","href":"https:\/\/api.w.org\/{rel}","templated":true}]}}