{"id":229224,"date":"2021-12-14T16:41:51","date_gmt":"2021-12-14T12:41:51","guid":{"rendered":"https:\/\/www.meydan.tv\/?p=229224"},"modified":"2021-12-14T16:41:53","modified_gmt":"2021-12-14T12:41:53","slug":"200-den-artiq-usaq-qezali-binada-ders-kecir","status":"publish","type":"post","link":"https:\/\/www.meydan.tv\/az\/article\/200-den-artiq-usaq-qezali-binada-ders-kecir\/","title":{"rendered":"\u201c200-d\u0259n art\u0131q u\u015faq q\u0259zal\u0131 binada d\u0259rs ke\u00e7ir\u201d"},"content":{"rendered":"\n<p><em>K\u00fcrd\u0259mi\u015flil\u0259r m\u0259kt\u0259b probleminin h\u0259ll olunmas\u0131n\u0131 ist\u0259yirl\u0259r<br><\/em><\/p>\n\n\n\n<p>\u2026Birm\u0259rt\u0259b\u0259li, qap\u0131s\u0131, p\u0259nc\u0259r\u0259si olmayan, d\u00f6\u015f\u0259m\u0259si \u00e7\u00f6km\u00fc\u015f v\u0259 divar\u0131ndak\u0131 r\u0259ngl\u0259rin bel\u0259 qopub t\u00f6k\u00fcld\u00fcy\u00fc bu binada k\u0259ndin 200-d\u0259n art\u0131q u\u015fa\u011f\u0131 t\u0259hsil al\u0131r.<br><\/p>\n\n\n\n<p>S\u00f6hb\u0259t G\u00f6y\u00e7ay\u0131n K\u00fcrd\u0259mi\u015f k\u0259ndind\u0259ki tam orta m\u0259kt\u0259bd\u0259n gedir.\u00a0<br><\/p>\n\n\n\n<p>Sakinl\u0259ri k\u0259ndin orta m\u0259kt\u0259binin tamamil\u0259 yarars\u0131z halda oldu\u011funu, q\u0131\u015f aylar\u0131nda d\u0259rs otaqlar\u0131n\u0131n odun sobas\u0131 il\u0259 q\u0131zd\u0131r\u0131ld\u0131\u011f\u0131n\u0131 bildirirl\u0259r:<br><\/p>\n\n\n\n<p>\u201c\u0130\u00e7ind\u0259 heyvan saxlamaq \u00fc\u00e7\u00fcn bel\u0259 yararl\u0131 deyil. Ancaq 200-d\u0259n art\u0131q u\u015fa\u011fa h\u0259min t\u00f6k\u00fclm\u00fc\u015f, q\u0259zal\u0131 durumda olan binada d\u0259rs ke\u00e7irl\u0259r. Bizim d\u0259 \u0259lac\u0131m\u0131z k\u0259silib, n\u0259 ed\u0259k? Bu, bir-iki g\u00fcn\u0259 h\u0259ll olunacaq problem deyil. U\u015faqlar\u0131 t\u0259hsild\u0259n yay\u0131nd\u0131r\u0131b, savads\u0131z ed\u0259 bilm\u0259rik\u201d.<br><\/p>\n\n\n\n<div class=\"wp-block-image\"><figure class=\"alignright size-full is-resized\"><img decoding=\"async\" data-src=\"https:\/\/www.meydan.tv\/wp-content\/uploads\/158153109_1074545933030796_2797599469054748146_n.jpg\" alt=\"\" class=\"wp-image-229221 lazyload\" width=\"502\" height=\"370\" src=\"data:image\/svg+xml;base64,PHN2ZyB3aWR0aD0iMSIgaGVpZ2h0PSIxIiB4bWxucz0iaHR0cDovL3d3dy53My5vcmcvMjAwMC9zdmciPjwvc3ZnPg==\" style=\"--smush-placeholder-width: 502px; --smush-placeholder-aspect-ratio: 502\/370;\" \/><figcaption>G\u00f6y\u00e7ay\u0131n K\u00fcrd\u0259mi\u015f k\u0259nd m\u0259kt\u0259bi, Foto Meydan TV<\/figcaption><\/figure><\/div>\n\n\n\n<p>K\u0259ndin sakinl\u0259ri son 10 ild\u0259 daha da pis duruma d\u00fc\u015f\u0259n m\u0259kt\u0259bl\u0259 ba\u011fl\u0131 rayon r\u0259hb\u0259rliyinin he\u00e7 bir t\u0259dbiq g\u00f6rm\u0259k ist\u0259m\u0259diyind\u0259n \u015fikay\u0259t\u00e7idir. Bildirirl\u0259r ki, d\u0259f\u0259l\u0259rl\u0259 m\u00fcraci\u0259t edibl\u0259r, h\u0259tta \u00f6t\u0259n il T\u0259hsil Nazirliyi n\u00f6vb\u0259ti ill\u0259rin b\u00fcdc\u0259sind\u0259n m\u0259kt\u0259b\u0259 v\u0259sait ayr\u0131laca\u011f\u0131n\u0131, tezlikl\u0259 t\u0259mir edil\u0259c\u0259yini v\u0259d edib:<br><\/p>\n\n\n\n<p>\u201cAncaq h\u0259l\u0259 d\u0259 m\u0259kt\u0259b t\u0259mirsiz, q\u0259zal\u0131 durumdad\u0131r. Bir il d\u0259 bel\u0259 ke\u00e7di. O q\u0259zal\u0131 m\u0259kt\u0259bd\u0259n ne\u00e7\u0259-ne\u00e7\u0259 \u015fagird m\u0259zun oldu. Ancaq g\u00fcnd\u0259mimiz d\u0259yi\u015fmir, bina yarars\u0131zd\u0131r. \u0130ndi 2022-ci il g\u0259lir, g\u00f6r\u0259k bu d\u0259f\u0259 yada d\u00fc\u015f\u0259c\u0259yikmi?\u201d<br><\/p>\n\n\n\n<p>Sakinl\u0259rin \u015fikay\u0259t m\u0259ktublar\u0131nda da bel\u0259 deyilir. Onlar bildirirl\u0259r ki, art\u0131q u\u015faqlar\u0131n\u0131n bel\u0259 \u015f\u0259raitsiz bir binada t\u0259hsil almas\u0131ndan da, tez-tez valideynl\u0259r, k\u0259nd sakinl\u0259ri aras\u0131nda pul toplay\u0131b m\u0259kt\u0259bi normal hala salmaqdan da yorulublar:<br><\/p>\n\n\n\n<div class=\"wp-block-image\"><figure class=\"alignleft size-large is-resized\"><img decoding=\"async\" data-src=\"https:\/\/www.meydan.tv\/wp-content\/uploads\/247572715_1220295998455788_4351476940312005748_n-626x821.jpg\" alt=\"\" class=\"wp-image-229218 lazyload\" width=\"476\" height=\"625\" src=\"data:image\/svg+xml;base64,PHN2ZyB3aWR0aD0iMSIgaGVpZ2h0PSIxIiB4bWxucz0iaHR0cDovL3d3dy53My5vcmcvMjAwMC9zdmciPjwvc3ZnPg==\" style=\"--smush-placeholder-width: 476px; --smush-placeholder-aspect-ratio: 476\/625;\" \/><\/figure><\/div>\n\n\n\n<p>\u201cArt\u0131q bir-iki manatla d\u00fcz\u0259l\u0259c\u0259k halda da deyil. D\u00f6\u015f\u0259m\u0259si, tavan\u0131 t\u00f6k\u00fcl\u00fcb, p\u0259nc\u0259r\u0259l\u0259ri cilik-cilikdir. \u0130stiliyi d\u0259 yoxdur. Q\u0131\u015fda sinif otaqlar\u0131n\u0131n p\u0259nc\u0259r\u0259l\u0259r\u0259 sellofan tutub, birt\u0259h\u0259r otururlar. H\u0259m m\u00fc\u0259lliml\u0259r\u0259, h\u0259m d\u0259 \u015fagirdl\u0259r\u0259 z\u00fclmd\u00fcr. Bu insanlar g\u00fcnl\u0259rinin yar\u0131dan \u00e7oxunu o viran\u0259 binada ke\u00e7irirl\u0259r. B\u0259s rayonun t\u0259hsil \u015f\u00f6b\u0259si hara bax\u0131r g\u00f6r\u0259s\u0259n? Niy\u0259 bu m\u0259kt\u0259bin t\u0259miri \u00fc\u00e7\u00fcn he\u00e7 yer\u0259 m\u00fcraci\u0259t etmir, bu problem\u0259 bir \u0259ncam \u00e7\u0259kmirl\u0259r?\u201d<br><\/p>\n\n\n\n<p>G\u00f6y\u00e7ay Rayon \u0130cra Hakimiyy\u0259tinin ictimaiyy\u0259tl\u0259 \u0259laq\u0259l\u0259r \u015f\u00f6b\u0259sinin m\u00fcdiri Nicat Musayev Meydan TV-y\u0259 bildirib ki, m\u0259kt\u0259bl\u0259rin t\u0259miri d\u00f6vl\u0259t proqram\u0131, b\u00fcdc\u0259 v\u0259saiti il\u0259 h\u0259yata ke\u00e7irilir. Bunu daha yax\u015f\u0131 G\u00f6y\u00e7ay T\u0259hsil \u015e\u00f6b\u0259si v\u0259 T\u0259hsil Nazirliyi bil\u0259r:<br><\/p>\n\n\n\n<p>\u201c\u00c7\u00fcnki icra hakimiyy\u0259tin\u0259 m\u0259kt\u0259b t\u0259miri, tikintisini h\u0259yata ke\u00e7irm\u0259k \u00fc\u00e7\u00fcn b\u00fcdc\u0259 ayr\u0131lm\u0131r. \u018fks\u0259r hallarda b\u00f6lg\u0259l\u0259rd\u0259ki, k\u0259ndl\u0259rd\u0259ki t\u0259mirsiz m\u0259kt\u0259bl\u0259r T\u0259hsil Nazirliyi t\u0259r\u0259find\u0259n t\u0259mir edilir. Y\u0259ni onlar\u0131n b\u00fcdc\u0259sind\u0259 n\u0259z\u0259rd\u0259 tutulur\u201d.<br><\/p>\n\n\n\n<p>G\u00f6y\u00e7ay T\u0259hsil \u015e\u00f6b\u0259sind\u0259n m\u0259s\u0259l\u0259y\u0259 m\u00fcnasib\u0259t bildirm\u0259k ist\u0259m\u0259yibl\u0259r. T\u0259hsil \u015e\u00f6b\u0259sinin telefona cavab ver\u0259n \u0259m\u0259kda\u015f\u0131 bu bar\u0259d\u0259 dan\u0131\u015fmaq s\u0259lahiyy\u0259tinin olmad\u0131\u011f\u0131n\u0131 bildirib.<br><\/p>\n\n\n\n<div class=\"wp-block-image\"><figure class=\"alignright size-large is-resized\"><img decoding=\"async\" data-src=\"https:\/\/www.meydan.tv\/wp-content\/uploads\/248879293_1220296065122448_5365282218027843979_n-622x821.jpg\" alt=\"\" class=\"wp-image-229212 lazyload\" width=\"449\" height=\"593\" src=\"data:image\/svg+xml;base64,PHN2ZyB3aWR0aD0iMSIgaGVpZ2h0PSIxIiB4bWxucz0iaHR0cDovL3d3dy53My5vcmcvMjAwMC9zdmciPjwvc3ZnPg==\" style=\"--smush-placeholder-width: 449px; --smush-placeholder-aspect-ratio: 449\/593;\" \/><figcaption>G\u00f6y\u00e7ay\u0131n K\u00fcrd\u0259mi\u015f k\u0259nd m\u0259kt\u0259bi, Foto Meydan TV<\/figcaption><\/figure><\/div>\n\n\n\n<p>Meydan TV sakinl\u0259rin m\u0259kt\u0259b \u015fikay\u0259ti il\u0259 ba\u011fl\u0131 Az\u0259rbaycan Respublikas\u0131 T\u0259hsil Nazirliyin\u0259 yaz\u0131l\u0131 sor\u011fu g\u00f6nd\u0259rib. Sor\u011funun \u00fcz\u0259rind\u0259n yeddi i\u015f g\u00fcn\u00fc ke\u00e7s\u0259 d\u0259, cavab ala bilm\u0259yib.<br><\/p>\n\n\n\n<p>Ancaq \u00f6t\u0259n il nazirlik yerli mediaya h\u0259min m\u0259kt\u0259bin t\u0259mirinin n\u00f6vb\u0259ti ill\u0259rin b\u00fcdc\u0259sin\u0259 sal\u0131naca\u011f\u0131n\u0131 a\u00e7\u0131qlay\u0131b.<\/p>\n","protected":false},"excerpt":{"rendered":"<p>K\u00fcrd\u0259mi\u015flil\u0259r m\u0259kt\u0259b probleminin h\u0259ll olunmas\u0131n\u0131 ist\u0259yirl\u0259r \u2026Birm\u0259rt\u0259b\u0259li, qap\u0131s\u0131, p\u0259nc\u0259r\u0259si olmayan, &#8230; <\/p>\n<p class=\"read-more-container\"><a title=\"\u201c200-d\u0259n art\u0131q u\u015faq q\u0259zal\u0131 binada d\u0259rs ke\u00e7ir\u201d\" class=\"read-more button\" href=\"https:\/\/www.meydan.tv\/az\/article\/200-den-artiq-usaq-qezali-binada-ders-kecir\/#more-229224\" aria-label=\"Read more about \u201c200-d\u0259n art\u0131q u\u015faq q\u0259zal\u0131 binada d\u0259rs ke\u00e7ir\u201d\">Davam\u0131<\/a><\/p>\n","protected":false},"author":8,"featured_media":229215,"comment_status":"closed","ping_status":"closed","sticky":false,"template":"","format":"standard","meta":{"_acf_changed":false,"_sitemap_exclude":false,"_sitemap_priority":"","_sitemap_frequency":"","footnotes":""},"categories":[60,79,56],"tags":[],"class_list":["post-229224","post","type-post","status-publish","format-standard","has-post-thumbnail","hentry","category-bolge","category-featured","category-xeberler","infinite-scroll-item","generate-columns","tablet-grid-50","mobile-grid-100","grid-parent","grid-33","no-featured-image-padding"],"acf":[],"yoast_head":"<!-- This site is optimized with the Yoast SEO plugin v27.5 - https:\/\/yoast.com\/product\/yoast-seo-wordpress\/ -->\n<title>\u201c200-d\u0259n art\u0131q u\u015faq q\u0259zal\u0131 binada d\u0259rs ke\u00e7ir\u201d - MEYDAN.TV<\/title>\n<meta name=\"robots\" content=\"index, follow, max-snippet:-1, max-image-preview:large, max-video-preview:-1\" \/>\n<link rel=\"canonical\" href=\"https:\/\/www.meydan.tv\/az\/article\/200-den-artiq-usaq-qezali-binada-ders-kecir\/\" \/>\n<meta property=\"og:locale\" content=\"az_AZ\" \/>\n<meta property=\"og:type\" content=\"article\" \/>\n<meta property=\"og:title\" content=\"\u201c200-d\u0259n art\u0131q u\u015faq q\u0259zal\u0131 binada d\u0259rs ke\u00e7ir\u201d - MEYDAN.TV\" \/>\n<meta property=\"og:description\" content=\"K\u00fcrd\u0259mi\u015flil\u0259r m\u0259kt\u0259b probleminin h\u0259ll olunmas\u0131n\u0131 ist\u0259yirl\u0259r \u2026Birm\u0259rt\u0259b\u0259li, qap\u0131s\u0131, p\u0259nc\u0259r\u0259si olmayan, ... Davam\u0131\" \/>\n<meta property=\"og:url\" content=\"https:\/\/www.meydan.tv\/az\/article\/200-den-artiq-usaq-qezali-binada-ders-kecir\/\" \/>\n<meta property=\"og:site_name\" content=\"MEYDAN.TV\" \/>\n<meta property=\"article:published_time\" content=\"2021-12-14T12:41:51+00:00\" \/>\n<meta property=\"article:modified_time\" content=\"2021-12-14T12:41:53+00:00\" \/>\n<meta property=\"og:image\" content=\"https:\/\/www.meydan.tv\/wp-content\/uploads\/247576906_1220296281789093_6744112111895520788_n-e1639485673540.jpg\" \/>\n\t<meta property=\"og:image:width\" content=\"729\" \/>\n\t<meta property=\"og:image:height\" content=\"554\" \/>\n\t<meta property=\"og:image:type\" content=\"image\/jpeg\" \/>\n<meta name=\"author\" content=\"elli\" \/>\n<meta name=\"twitter:card\" content=\"summary_large_image\" \/>\n<meta name=\"twitter:creator\" content=\"@elli\" \/>\n<script type=\"application\/ld+json\" class=\"yoast-schema-graph\">{\"@context\":\"https:\\\/\\\/schema.org\",\"@graph\":[{\"@type\":\"Article\",\"@id\":\"https:\\\/\\\/www.meydan.tv\\\/az\\\/article\\\/200-den-artiq-usaq-qezali-binada-ders-kecir\\\/#article\",\"isPartOf\":{\"@id\":\"https:\\\/\\\/www.meydan.tv\\\/az\\\/article\\\/200-den-artiq-usaq-qezali-binada-ders-kecir\\\/\"},\"author\":{\"name\":\"elli\",\"@id\":\"https:\\\/\\\/www.meydan.tv\\\/az\\\/#\\\/schema\\\/person\\\/9cdbecf90d17180ce1dfbd95b08dcf47\"},\"headline\":\"\u201c200-d\u0259n art\u0131q u\u015faq q\u0259zal\u0131 binada d\u0259rs ke\u00e7ir\u201d\",\"datePublished\":\"2021-12-14T12:41:51+00:00\",\"dateModified\":\"2021-12-14T12:41:53+00:00\",\"mainEntityOfPage\":{\"@id\":\"https:\\\/\\\/www.meydan.tv\\\/az\\\/article\\\/200-den-artiq-usaq-qezali-binada-ders-kecir\\\/\"},\"wordCount\":738,\"publisher\":{\"@id\":\"https:\\\/\\\/www.meydan.tv\\\/az\\\/#organization\"},\"image\":{\"@id\":\"https:\\\/\\\/www.meydan.tv\\\/az\\\/article\\\/200-den-artiq-usaq-qezali-binada-ders-kecir\\\/#primaryimage\"},\"thumbnailUrl\":\"https:\\\/\\\/www.meydan.tv\\\/wp-content\\\/uploads\\\/247576906_1220296281789093_6744112111895520788_n-e1639485673540.jpg\",\"articleSection\":[\"B\u00f6lg\u0259\",\"T\u00f6vsiy\u0259\",\"X\u0259b\u0259rl\u0259r\"],\"inLanguage\":\"az\"},{\"@type\":\"WebPage\",\"@id\":\"https:\\\/\\\/www.meydan.tv\\\/az\\\/article\\\/200-den-artiq-usaq-qezali-binada-ders-kecir\\\/\",\"url\":\"https:\\\/\\\/www.meydan.tv\\\/az\\\/article\\\/200-den-artiq-usaq-qezali-binada-ders-kecir\\\/\",\"name\":\"\u201c200-d\u0259n art\u0131q u\u015faq q\u0259zal\u0131 binada d\u0259rs ke\u00e7ir\u201d - MEYDAN.TV\",\"isPartOf\":{\"@id\":\"https:\\\/\\\/www.meydan.tv\\\/az\\\/#website\"},\"primaryImageOfPage\":{\"@id\":\"https:\\\/\\\/www.meydan.tv\\\/az\\\/article\\\/200-den-artiq-usaq-qezali-binada-ders-kecir\\\/#primaryimage\"},\"image\":{\"@id\":\"https:\\\/\\\/www.meydan.tv\\\/az\\\/article\\\/200-den-artiq-usaq-qezali-binada-ders-kecir\\\/#primaryimage\"},\"thumbnailUrl\":\"https:\\\/\\\/www.meydan.tv\\\/wp-content\\\/uploads\\\/247576906_1220296281789093_6744112111895520788_n-e1639485673540.jpg\",\"datePublished\":\"2021-12-14T12:41:51+00:00\",\"dateModified\":\"2021-12-14T12:41:53+00:00\",\"breadcrumb\":{\"@id\":\"https:\\\/\\\/www.meydan.tv\\\/az\\\/article\\\/200-den-artiq-usaq-qezali-binada-ders-kecir\\\/#breadcrumb\"},\"inLanguage\":\"az\",\"potentialAction\":[{\"@type\":\"ReadAction\",\"target\":[\"https:\\\/\\\/www.meydan.tv\\\/az\\\/article\\\/200-den-artiq-usaq-qezali-binada-ders-kecir\\\/\"]}]},{\"@type\":\"ImageObject\",\"inLanguage\":\"az\",\"@id\":\"https:\\\/\\\/www.meydan.tv\\\/az\\\/article\\\/200-den-artiq-usaq-qezali-binada-ders-kecir\\\/#primaryimage\",\"url\":\"https:\\\/\\\/www.meydan.tv\\\/wp-content\\\/uploads\\\/247576906_1220296281789093_6744112111895520788_n-e1639485673540.jpg\",\"contentUrl\":\"https:\\\/\\\/www.meydan.tv\\\/wp-content\\\/uploads\\\/247576906_1220296281789093_6744112111895520788_n-e1639485673540.jpg\",\"width\":729,\"height\":554,\"caption\":\"G\u00f6y\u00e7ay\u0131n K\u00fcrd\u0259mi\u015f k\u0259nd m\u0259kt\u0259bi, Foto Meydan TV\"},{\"@type\":\"BreadcrumbList\",\"@id\":\"https:\\\/\\\/www.meydan.tv\\\/az\\\/article\\\/200-den-artiq-usaq-qezali-binada-ders-kecir\\\/#breadcrumb\",\"itemListElement\":[{\"@type\":\"ListItem\",\"position\":1,\"name\":\"Ana s\u0259hif\u0259\",\"item\":\"https:\\\/\\\/www.meydan.tv\\\/az\\\/\"},{\"@type\":\"ListItem\",\"position\":2,\"name\":\"B\u00f6lg\u0259\",\"item\":\"https:\\\/\\\/www.meydan.tv\\\/az\\\/section\\\/bolge\\\/\"},{\"@type\":\"ListItem\",\"position\":3,\"name\":\"\u201c200-d\u0259n art\u0131q u\u015faq q\u0259zal\u0131 binada d\u0259rs ke\u00e7ir\u201d\"}]},{\"@type\":\"WebSite\",\"@id\":\"https:\\\/\\\/www.meydan.tv\\\/az\\\/#website\",\"url\":\"https:\\\/\\\/www.meydan.tv\\\/az\\\/\",\"name\":\"MEYDAN.TV\",\"description\":\"Meydan TV Az\u0259rbaycan\u0131n media m\u0259kan\u0131ndak\u0131 alternativ s\u0259sidir\",\"publisher\":{\"@id\":\"https:\\\/\\\/www.meydan.tv\\\/az\\\/#organization\"},\"potentialAction\":[{\"@type\":\"SearchAction\",\"target\":{\"@type\":\"EntryPoint\",\"urlTemplate\":\"https:\\\/\\\/www.meydan.tv\\\/az\\\/?s={search_term_string}\"},\"query-input\":{\"@type\":\"PropertyValueSpecification\",\"valueRequired\":true,\"valueName\":\"search_term_string\"}}],\"inLanguage\":\"az\"},{\"@type\":\"Organization\",\"@id\":\"https:\\\/\\\/www.meydan.tv\\\/az\\\/#organization\",\"name\":\"Meydan TV\",\"url\":\"https:\\\/\\\/www.meydan.tv\\\/az\\\/\",\"logo\":{\"@type\":\"ImageObject\",\"inLanguage\":\"az\",\"@id\":\"https:\\\/\\\/www.meydan.tv\\\/az\\\/#\\\/schema\\\/logo\\\/image\\\/\",\"url\":\"https:\\\/\\\/www.meydan.tv\\\/wp-content\\\/uploads\\\/2021\\\/07\\\/meydan-logo.svg\",\"contentUrl\":\"https:\\\/\\\/www.meydan.tv\\\/wp-content\\\/uploads\\\/2021\\\/07\\\/meydan-logo.svg\",\"width\":195,\"height\":46,\"caption\":\"Meydan TV\"},\"image\":{\"@id\":\"https:\\\/\\\/www.meydan.tv\\\/az\\\/#\\\/schema\\\/logo\\\/image\\\/\"}},{\"@type\":\"Person\",\"@id\":\"https:\\\/\\\/www.meydan.tv\\\/az\\\/#\\\/schema\\\/person\\\/9cdbecf90d17180ce1dfbd95b08dcf47\",\"name\":\"elli\",\"sameAs\":[\"https:\\\/\\\/x.com\\\/elli\"]}]}<\/script>\n<!-- \/ Yoast SEO plugin. -->","yoast_head_json":{"title":"\u201c200-d\u0259n art\u0131q u\u015faq q\u0259zal\u0131 binada d\u0259rs ke\u00e7ir\u201d - MEYDAN.TV","robots":{"index":"index","follow":"follow","max-snippet":"max-snippet:-1","max-image-preview":"max-image-preview:large","max-video-preview":"max-video-preview:-1"},"canonical":"https:\/\/www.meydan.tv\/az\/article\/200-den-artiq-usaq-qezali-binada-ders-kecir\/","og_locale":"az_AZ","og_type":"article","og_title":"\u201c200-d\u0259n art\u0131q u\u015faq q\u0259zal\u0131 binada d\u0259rs ke\u00e7ir\u201d - MEYDAN.TV","og_description":"K\u00fcrd\u0259mi\u015flil\u0259r m\u0259kt\u0259b probleminin h\u0259ll olunmas\u0131n\u0131 ist\u0259yirl\u0259r \u2026Birm\u0259rt\u0259b\u0259li, qap\u0131s\u0131, p\u0259nc\u0259r\u0259si olmayan, ... Davam\u0131","og_url":"https:\/\/www.meydan.tv\/az\/article\/200-den-artiq-usaq-qezali-binada-ders-kecir\/","og_site_name":"MEYDAN.TV","article_published_time":"2021-12-14T12:41:51+00:00","article_modified_time":"2021-12-14T12:41:53+00:00","og_image":[{"width":729,"height":554,"url":"https:\/\/www.meydan.tv\/wp-content\/uploads\/247576906_1220296281789093_6744112111895520788_n-e1639485673540.jpg","type":"image\/jpeg"}],"author":"elli","twitter_card":"summary_large_image","twitter_creator":"@elli","schema":{"@context":"https:\/\/schema.org","@graph":[{"@type":"Article","@id":"https:\/\/www.meydan.tv\/az\/article\/200-den-artiq-usaq-qezali-binada-ders-kecir\/#article","isPartOf":{"@id":"https:\/\/www.meydan.tv\/az\/article\/200-den-artiq-usaq-qezali-binada-ders-kecir\/"},"author":{"name":"elli","@id":"https:\/\/www.meydan.tv\/az\/#\/schema\/person\/9cdbecf90d17180ce1dfbd95b08dcf47"},"headline":"\u201c200-d\u0259n art\u0131q u\u015faq q\u0259zal\u0131 binada d\u0259rs ke\u00e7ir\u201d","datePublished":"2021-12-14T12:41:51+00:00","dateModified":"2021-12-14T12:41:53+00:00","mainEntityOfPage":{"@id":"https:\/\/www.meydan.tv\/az\/article\/200-den-artiq-usaq-qezali-binada-ders-kecir\/"},"wordCount":738,"publisher":{"@id":"https:\/\/www.meydan.tv\/az\/#organization"},"image":{"@id":"https:\/\/www.meydan.tv\/az\/article\/200-den-artiq-usaq-qezali-binada-ders-kecir\/#primaryimage"},"thumbnailUrl":"https:\/\/www.meydan.tv\/wp-content\/uploads\/247576906_1220296281789093_6744112111895520788_n-e1639485673540.jpg","articleSection":["B\u00f6lg\u0259","T\u00f6vsiy\u0259","X\u0259b\u0259rl\u0259r"],"inLanguage":"az"},{"@type":"WebPage","@id":"https:\/\/www.meydan.tv\/az\/article\/200-den-artiq-usaq-qezali-binada-ders-kecir\/","url":"https:\/\/www.meydan.tv\/az\/article\/200-den-artiq-usaq-qezali-binada-ders-kecir\/","name":"\u201c200-d\u0259n art\u0131q u\u015faq q\u0259zal\u0131 binada d\u0259rs ke\u00e7ir\u201d - MEYDAN.TV","isPartOf":{"@id":"https:\/\/www.meydan.tv\/az\/#website"},"primaryImageOfPage":{"@id":"https:\/\/www.meydan.tv\/az\/article\/200-den-artiq-usaq-qezali-binada-ders-kecir\/#primaryimage"},"image":{"@id":"https:\/\/www.meydan.tv\/az\/article\/200-den-artiq-usaq-qezali-binada-ders-kecir\/#primaryimage"},"thumbnailUrl":"https:\/\/www.meydan.tv\/wp-content\/uploads\/247576906_1220296281789093_6744112111895520788_n-e1639485673540.jpg","datePublished":"2021-12-14T12:41:51+00:00","dateModified":"2021-12-14T12:41:53+00:00","breadcrumb":{"@id":"https:\/\/www.meydan.tv\/az\/article\/200-den-artiq-usaq-qezali-binada-ders-kecir\/#breadcrumb"},"inLanguage":"az","potentialAction":[{"@type":"ReadAction","target":["https:\/\/www.meydan.tv\/az\/article\/200-den-artiq-usaq-qezali-binada-ders-kecir\/"]}]},{"@type":"ImageObject","inLanguage":"az","@id":"https:\/\/www.meydan.tv\/az\/article\/200-den-artiq-usaq-qezali-binada-ders-kecir\/#primaryimage","url":"https:\/\/www.meydan.tv\/wp-content\/uploads\/247576906_1220296281789093_6744112111895520788_n-e1639485673540.jpg","contentUrl":"https:\/\/www.meydan.tv\/wp-content\/uploads\/247576906_1220296281789093_6744112111895520788_n-e1639485673540.jpg","width":729,"height":554,"caption":"G\u00f6y\u00e7ay\u0131n K\u00fcrd\u0259mi\u015f k\u0259nd m\u0259kt\u0259bi, Foto Meydan TV"},{"@type":"BreadcrumbList","@id":"https:\/\/www.meydan.tv\/az\/article\/200-den-artiq-usaq-qezali-binada-ders-kecir\/#breadcrumb","itemListElement":[{"@type":"ListItem","position":1,"name":"Ana s\u0259hif\u0259","item":"https:\/\/www.meydan.tv\/az\/"},{"@type":"ListItem","position":2,"name":"B\u00f6lg\u0259","item":"https:\/\/www.meydan.tv\/az\/section\/bolge\/"},{"@type":"ListItem","position":3,"name":"\u201c200-d\u0259n art\u0131q u\u015faq q\u0259zal\u0131 binada d\u0259rs ke\u00e7ir\u201d"}]},{"@type":"WebSite","@id":"https:\/\/www.meydan.tv\/az\/#website","url":"https:\/\/www.meydan.tv\/az\/","name":"MEYDAN.TV","description":"Meydan TV Az\u0259rbaycan\u0131n media m\u0259kan\u0131ndak\u0131 alternativ s\u0259sidir","publisher":{"@id":"https:\/\/www.meydan.tv\/az\/#organization"},"potentialAction":[{"@type":"SearchAction","target":{"@type":"EntryPoint","urlTemplate":"https:\/\/www.meydan.tv\/az\/?s={search_term_string}"},"query-input":{"@type":"PropertyValueSpecification","valueRequired":true,"valueName":"search_term_string"}}],"inLanguage":"az"},{"@type":"Organization","@id":"https:\/\/www.meydan.tv\/az\/#organization","name":"Meydan TV","url":"https:\/\/www.meydan.tv\/az\/","logo":{"@type":"ImageObject","inLanguage":"az","@id":"https:\/\/www.meydan.tv\/az\/#\/schema\/logo\/image\/","url":"https:\/\/www.meydan.tv\/wp-content\/uploads\/2021\/07\/meydan-logo.svg","contentUrl":"https:\/\/www.meydan.tv\/wp-content\/uploads\/2021\/07\/meydan-logo.svg","width":195,"height":46,"caption":"Meydan TV"},"image":{"@id":"https:\/\/www.meydan.tv\/az\/#\/schema\/logo\/image\/"}},{"@type":"Person","@id":"https:\/\/www.meydan.tv\/az\/#\/schema\/person\/9cdbecf90d17180ce1dfbd95b08dcf47","name":"elli","sameAs":["https:\/\/x.com\/elli"]}]}},"_links":{"self":[{"href":"https:\/\/www.meydan.tv\/az\/wp-json\/wp\/v2\/posts\/229224","targetHints":{"allow":["GET"]}}],"collection":[{"href":"https:\/\/www.meydan.tv\/az\/wp-json\/wp\/v2\/posts"}],"about":[{"href":"https:\/\/www.meydan.tv\/az\/wp-json\/wp\/v2\/types\/post"}],"author":[{"embeddable":true,"href":"https:\/\/www.meydan.tv\/az\/wp-json\/wp\/v2\/users\/8"}],"replies":[{"embeddable":true,"href":"https:\/\/www.meydan.tv\/az\/wp-json\/wp\/v2\/comments?post=229224"}],"version-history":[{"count":1,"href":"https:\/\/www.meydan.tv\/az\/wp-json\/wp\/v2\/posts\/229224\/revisions"}],"predecessor-version":[{"id":229225,"href":"https:\/\/www.meydan.tv\/az\/wp-json\/wp\/v2\/posts\/229224\/revisions\/229225"}],"wp:featuredmedia":[{"embeddable":true,"href":"https:\/\/www.meydan.tv\/az\/wp-json\/wp\/v2\/media\/229215"}],"wp:attachment":[{"href":"https:\/\/www.meydan.tv\/az\/wp-json\/wp\/v2\/media?parent=229224"}],"wp:term":[{"taxonomy":"category","embeddable":true,"href":"https:\/\/www.meydan.tv\/az\/wp-json\/wp\/v2\/categories?post=229224"},{"taxonomy":"post_tag","embeddable":true,"href":"https:\/\/www.meydan.tv\/az\/wp-json\/wp\/v2\/tags?post=229224"}],"curies":[{"name":"wp","href":"https:\/\/api.w.org\/{rel}","templated":true}]}}