{"id":229171,"date":"2021-12-14T14:32:47","date_gmt":"2021-12-14T10:32:47","guid":{"rendered":"https:\/\/www.meydan.tv\/?p=229171"},"modified":"2021-12-14T14:32:48","modified_gmt":"2021-12-14T10:32:48","slug":"nazir-muavini-isgaldan-azad-olunan-erazilerde-teatr-tamasalari-numayis-etdirilecek","status":"publish","type":"post","link":"https:\/\/www.meydan.tv\/az\/article\/nazir-muavini-isgaldan-azad-olunan-erazilerde-teatr-tamasalari-numayis-etdirilecek\/","title":{"rendered":"Nazir m\u00fcavini: \u201c\u0130\u015f\u011faldan azad olunan \u0259razil\u0259rd\u0259 teatr tama\u015falar\u0131 n\u00fcmayi\u015f etdiril\u0259c\u0259k\u201d"},"content":{"rendered":"\n<p><em>\u201cBiz teatr sah\u0259sind\u0259 yenilikl\u0259r t\u0259tbiq ed\u0259r\u0259k onun populyarla\u015fd\u0131r\u0131lmas\u0131na z\u0259min yaratmal\u0131y\u0131q\u201d<\/em><br><\/p>\n\n\n\n<p>\u201cYax\u0131n zamanlarda i\u015f\u011faldan azad olunan \u0259razil\u0259rd\u0259 teatr tama\u015falar\u0131 n\u00fcmayi\u015f etdiril\u0259c\u0259k\u201d.<br><\/p>\n\n\n\n<p>Bunu m\u0259d\u0259niyy\u0259t nazirinin birinci m\u00fcavini Elnur \u018fliyev \u201cPlanet parni iz Baku\u201d KVN teatr\u0131n\u0131n kollektivi il\u0259 g\u00f6r\u00fc\u015f\u00fc zaman\u0131 <a href=\"http:\/\/mct.gov.az\/az\/umumi-xeberler\/13995\" target=\"_blank\" rel=\"noreferrer noopener\">deyib<\/a>.<br><\/p>\n\n\n\n<p>O h\u0259m\u00e7inin bildirib ki, h\u0259rbi hiss\u0259l\u0259rd\u0259 teatr tama\u015falar\u0131n\u0131n n\u00fcmayi\u015fi n\u0259z\u0259rd\u0259 tutulub.<br><\/p>\n\n\n\n<p>\u201cTeatr c\u0259miyy\u0259tin aynas\u0131d\u0131r. El\u0259 bir c\u0259miyy\u0259t yoxdur ki, orada teatra maraq olmas\u0131n. Biz teatr sah\u0259sind\u0259 yenilikl\u0259r t\u0259tbiq ed\u0259r\u0259k onun populyarla\u015fd\u0131r\u0131lmas\u0131na z\u0259min yaratmal\u0131y\u0131q\u201d, &#8211; Elnur \u018fliyev qeyd edib.<br><\/p>\n\n\n\n<p>Az\u0259rbaycan Milli Teatr\u0131n\u0131n \u0259sas\u0131 1873-c\u00fc il mart\u0131n 10-da Mirz\u0259 F\u0259t\u0259li Axundzad\u0259nin \u201cS\u0259rg\u00fcz\u0259\u015fti-v\u0259ziri-xani-L\u0259nk\u0259ran\u201d komediyas\u0131 il\u0259 qoyulub. H\u0259min vaxtdan etibar\u0259n Az\u0259rbaycanda h\u0259r il mart\u0131n 10-u Milli Teatr G\u00fcn\u00fc kimi qeyd olunur.<br><\/p>\n\n\n\n<p>2020-ci il sentyabr\u0131n 27-d\u0259 is\u0259 Az\u0259rbaycan v\u0259 Erm\u0259nistan silahl\u0131 q\u00fcvv\u0259l\u0259rinin t\u0259mas x\u0259ttind\u0259 n\u00f6vb\u0259ti d\u0259f\u0259 d\u00f6y\u00fc\u015fl\u0259r ba\u015flay\u0131b.<br><\/p>\n\n\n\n<p>44 g\u00fcnl\u00fck bu m\u00fcharib\u0259 (\u0130kinci Qaraba\u011f m\u00fcharib\u0259si) v\u0259 sonrak\u0131 raz\u0131la\u015fma n\u0259tic\u0259sind\u0259 Az\u0259rbaycan Da\u011fl\u0131q Qaraba\u011f\u0131n bir hiss\u0259sin\u0259 v\u0259 \u0259traf yeddi rayona (\u015eu\u015fa, Hadrut, C\u0259bray\u0131l, F\u00fczuli, Qubadl\u0131, Z\u0259ngilan v\u0259 Xocav\u0259ndin bir hiss\u0259si) n\u0259zar\u0259ti \u0259l\u0259 al\u0131b.<br><\/p>\n\n\n\n<p>10 noyabr raz\u0131la\u015fmas\u0131na (Az\u0259rbaycan, Erm\u0259nistan v\u0259 Rusiya r\u0259hb\u0259rl\u0259ri aras\u0131nda) \u0259sas\u0259n, La\u00e7\u0131n d\u0259hlizind\u0259 v\u0259 qo\u015funlar\u0131n t\u0259mas x\u0259ttind\u0259 Rusiya s\u00fclhm\u0259raml\u0131lar\u0131 yerl\u0259\u015fdirilib, K\u0259lb\u0259c\u0259r, A\u011fdam v\u0259 La\u00e7\u0131n rayonlar\u0131 bo\u015fald\u0131l\u0131b.<br><\/p>\n\n\n\n<p>Ke\u00e7mi\u015f Da\u011fl\u0131q Qaraba\u011f Muxtar Vilay\u0259tinin \u00e7ox hiss\u0259si tan\u0131nmayan qurumun v\u0259 Rusiya s\u00fclhm\u0259raml\u0131lar\u0131n\u0131n n\u0259zar\u0259tind\u0259 qal\u0131b.<\/p>\n","protected":false},"excerpt":{"rendered":"<p>\u201cBiz teatr sah\u0259sind\u0259 yenilikl\u0259r t\u0259tbiq ed\u0259r\u0259k onun populyarla\u015fd\u0131r\u0131lmas\u0131na z\u0259min yaratmal\u0131y\u0131q\u201d &#8230; <\/p>\n<p class=\"read-more-container\"><a title=\"Nazir m\u00fcavini: \u201c\u0130\u015f\u011faldan azad olunan \u0259razil\u0259rd\u0259 teatr tama\u015falar\u0131 n\u00fcmayi\u015f etdiril\u0259c\u0259k\u201d\" class=\"read-more button\" href=\"https:\/\/www.meydan.tv\/az\/article\/nazir-muavini-isgaldan-azad-olunan-erazilerde-teatr-tamasalari-numayis-etdirilecek\/#more-229171\" aria-label=\"Read more about Nazir m\u00fcavini: \u201c\u0130\u015f\u011faldan azad olunan \u0259razil\u0259rd\u0259 teatr tama\u015falar\u0131 n\u00fcmayi\u015f etdiril\u0259c\u0259k\u201d\">Davam\u0131<\/a><\/p>\n","protected":false},"author":8,"featured_media":133940,"comment_status":"closed","ping_status":"closed","sticky":false,"template":"","format":"standard","meta":{"_acf_changed":false,"_sitemap_exclude":false,"_sitemap_priority":"","_sitemap_frequency":"","footnotes":""},"categories":[52,56],"tags":[],"class_list":["post-229171","post","type-post","status-publish","format-standard","has-post-thumbnail","hentry","category-medeniyyet","category-xeberler","infinite-scroll-item","generate-columns","tablet-grid-50","mobile-grid-100","grid-parent","grid-33","no-featured-image-padding"],"acf":[],"yoast_head":"<!-- This site is optimized with the Yoast SEO plugin v27.4 - https:\/\/yoast.com\/product\/yoast-seo-wordpress\/ -->\n<title>Nazir m\u00fcavini: \u201c\u0130\u015f\u011faldan azad olunan \u0259razil\u0259rd\u0259 teatr tama\u015falar\u0131 n\u00fcmayi\u015f etdiril\u0259c\u0259k\u201d - MEYDAN.TV<\/title>\n<meta name=\"robots\" content=\"index, follow, max-snippet:-1, max-image-preview:large, max-video-preview:-1\" \/>\n<link rel=\"canonical\" href=\"https:\/\/www.meydan.tv\/az\/article\/nazir-muavini-isgaldan-azad-olunan-erazilerde-teatr-tamasalari-numayis-etdirilecek\/\" \/>\n<meta property=\"og:locale\" content=\"az_AZ\" \/>\n<meta property=\"og:type\" content=\"article\" \/>\n<meta property=\"og:title\" content=\"Nazir m\u00fcavini: \u201c\u0130\u015f\u011faldan azad olunan \u0259razil\u0259rd\u0259 teatr tama\u015falar\u0131 n\u00fcmayi\u015f etdiril\u0259c\u0259k\u201d - MEYDAN.TV\" \/>\n<meta property=\"og:description\" content=\"\u201cBiz teatr sah\u0259sind\u0259 yenilikl\u0259r t\u0259tbiq ed\u0259r\u0259k onun populyarla\u015fd\u0131r\u0131lmas\u0131na z\u0259min yaratmal\u0131y\u0131q\u201d ... Davam\u0131\" \/>\n<meta property=\"og:url\" content=\"https:\/\/www.meydan.tv\/az\/article\/nazir-muavini-isgaldan-azad-olunan-erazilerde-teatr-tamasalari-numayis-etdirilecek\/\" \/>\n<meta property=\"og:site_name\" content=\"MEYDAN.TV\" \/>\n<meta property=\"article:published_time\" content=\"2021-12-14T10:32:47+00:00\" \/>\n<meta property=\"article:modified_time\" content=\"2021-12-14T10:32:48+00:00\" \/>\n<meta property=\"og:image\" content=\"https:\/\/www.meydan.tv\/wp-content\/uploads\/image_from_ios_12_lwux8ue.jpg\" \/>\n\t<meta property=\"og:image:width\" content=\"1000\" \/>\n\t<meta property=\"og:image:height\" content=\"664\" \/>\n\t<meta property=\"og:image:type\" content=\"image\/jpeg\" \/>\n<meta name=\"author\" content=\"elli\" \/>\n<meta name=\"twitter:card\" content=\"summary_large_image\" \/>\n<meta name=\"twitter:creator\" content=\"@elli\" \/>\n<script type=\"application\/ld+json\" class=\"yoast-schema-graph\">{\"@context\":\"https:\\\/\\\/schema.org\",\"@graph\":[{\"@type\":\"Article\",\"@id\":\"https:\\\/\\\/www.meydan.tv\\\/az\\\/article\\\/nazir-muavini-isgaldan-azad-olunan-erazilerde-teatr-tamasalari-numayis-etdirilecek\\\/#article\",\"isPartOf\":{\"@id\":\"https:\\\/\\\/www.meydan.tv\\\/az\\\/article\\\/nazir-muavini-isgaldan-azad-olunan-erazilerde-teatr-tamasalari-numayis-etdirilecek\\\/\"},\"author\":{\"name\":\"elli\",\"@id\":\"https:\\\/\\\/www.meydan.tv\\\/az\\\/#\\\/schema\\\/person\\\/9cdbecf90d17180ce1dfbd95b08dcf47\"},\"headline\":\"Nazir m\u00fcavini: \u201c\u0130\u015f\u011faldan azad olunan \u0259razil\u0259rd\u0259 teatr tama\u015falar\u0131 n\u00fcmayi\u015f etdiril\u0259c\u0259k\u201d\",\"datePublished\":\"2021-12-14T10:32:47+00:00\",\"dateModified\":\"2021-12-14T10:32:48+00:00\",\"mainEntityOfPage\":{\"@id\":\"https:\\\/\\\/www.meydan.tv\\\/az\\\/article\\\/nazir-muavini-isgaldan-azad-olunan-erazilerde-teatr-tamasalari-numayis-etdirilecek\\\/\"},\"wordCount\":365,\"publisher\":{\"@id\":\"https:\\\/\\\/www.meydan.tv\\\/az\\\/#organization\"},\"image\":{\"@id\":\"https:\\\/\\\/www.meydan.tv\\\/az\\\/article\\\/nazir-muavini-isgaldan-azad-olunan-erazilerde-teatr-tamasalari-numayis-etdirilecek\\\/#primaryimage\"},\"thumbnailUrl\":\"https:\\\/\\\/www.meydan.tv\\\/wp-content\\\/uploads\\\/image_from_ios_12_lwux8ue.jpg\",\"articleSection\":[\"M\u0259d\u0259niyy\u0259t\",\"X\u0259b\u0259rl\u0259r\"],\"inLanguage\":\"az\"},{\"@type\":\"WebPage\",\"@id\":\"https:\\\/\\\/www.meydan.tv\\\/az\\\/article\\\/nazir-muavini-isgaldan-azad-olunan-erazilerde-teatr-tamasalari-numayis-etdirilecek\\\/\",\"url\":\"https:\\\/\\\/www.meydan.tv\\\/az\\\/article\\\/nazir-muavini-isgaldan-azad-olunan-erazilerde-teatr-tamasalari-numayis-etdirilecek\\\/\",\"name\":\"Nazir m\u00fcavini: \u201c\u0130\u015f\u011faldan azad olunan \u0259razil\u0259rd\u0259 teatr tama\u015falar\u0131 n\u00fcmayi\u015f etdiril\u0259c\u0259k\u201d - MEYDAN.TV\",\"isPartOf\":{\"@id\":\"https:\\\/\\\/www.meydan.tv\\\/az\\\/#website\"},\"primaryImageOfPage\":{\"@id\":\"https:\\\/\\\/www.meydan.tv\\\/az\\\/article\\\/nazir-muavini-isgaldan-azad-olunan-erazilerde-teatr-tamasalari-numayis-etdirilecek\\\/#primaryimage\"},\"image\":{\"@id\":\"https:\\\/\\\/www.meydan.tv\\\/az\\\/article\\\/nazir-muavini-isgaldan-azad-olunan-erazilerde-teatr-tamasalari-numayis-etdirilecek\\\/#primaryimage\"},\"thumbnailUrl\":\"https:\\\/\\\/www.meydan.tv\\\/wp-content\\\/uploads\\\/image_from_ios_12_lwux8ue.jpg\",\"datePublished\":\"2021-12-14T10:32:47+00:00\",\"dateModified\":\"2021-12-14T10:32:48+00:00\",\"breadcrumb\":{\"@id\":\"https:\\\/\\\/www.meydan.tv\\\/az\\\/article\\\/nazir-muavini-isgaldan-azad-olunan-erazilerde-teatr-tamasalari-numayis-etdirilecek\\\/#breadcrumb\"},\"inLanguage\":\"az\",\"potentialAction\":[{\"@type\":\"ReadAction\",\"target\":[\"https:\\\/\\\/www.meydan.tv\\\/az\\\/article\\\/nazir-muavini-isgaldan-azad-olunan-erazilerde-teatr-tamasalari-numayis-etdirilecek\\\/\"]}]},{\"@type\":\"ImageObject\",\"inLanguage\":\"az\",\"@id\":\"https:\\\/\\\/www.meydan.tv\\\/az\\\/article\\\/nazir-muavini-isgaldan-azad-olunan-erazilerde-teatr-tamasalari-numayis-etdirilecek\\\/#primaryimage\",\"url\":\"https:\\\/\\\/www.meydan.tv\\\/wp-content\\\/uploads\\\/image_from_ios_12_lwux8ue.jpg\",\"contentUrl\":\"https:\\\/\\\/www.meydan.tv\\\/wp-content\\\/uploads\\\/image_from_ios_12_lwux8ue.jpg\",\"width\":1000,\"height\":664,\"caption\":\"Foto: Meydan TV\"},{\"@type\":\"BreadcrumbList\",\"@id\":\"https:\\\/\\\/www.meydan.tv\\\/az\\\/article\\\/nazir-muavini-isgaldan-azad-olunan-erazilerde-teatr-tamasalari-numayis-etdirilecek\\\/#breadcrumb\",\"itemListElement\":[{\"@type\":\"ListItem\",\"position\":1,\"name\":\"Ana s\u0259hif\u0259\",\"item\":\"https:\\\/\\\/www.meydan.tv\\\/az\\\/\"},{\"@type\":\"ListItem\",\"position\":2,\"name\":\"M\u0259d\u0259niyy\u0259t\",\"item\":\"https:\\\/\\\/www.meydan.tv\\\/az\\\/section\\\/medeniyyet\\\/\"},{\"@type\":\"ListItem\",\"position\":3,\"name\":\"Nazir m\u00fcavini: \u201c\u0130\u015f\u011faldan azad olunan \u0259razil\u0259rd\u0259 teatr tama\u015falar\u0131 n\u00fcmayi\u015f etdiril\u0259c\u0259k\u201d\"}]},{\"@type\":\"WebSite\",\"@id\":\"https:\\\/\\\/www.meydan.tv\\\/az\\\/#website\",\"url\":\"https:\\\/\\\/www.meydan.tv\\\/az\\\/\",\"name\":\"MEYDAN.TV\",\"description\":\"Meydan TV Az\u0259rbaycan\u0131n media m\u0259kan\u0131ndak\u0131 alternativ s\u0259sidir\",\"publisher\":{\"@id\":\"https:\\\/\\\/www.meydan.tv\\\/az\\\/#organization\"},\"potentialAction\":[{\"@type\":\"SearchAction\",\"target\":{\"@type\":\"EntryPoint\",\"urlTemplate\":\"https:\\\/\\\/www.meydan.tv\\\/az\\\/?s={search_term_string}\"},\"query-input\":{\"@type\":\"PropertyValueSpecification\",\"valueRequired\":true,\"valueName\":\"search_term_string\"}}],\"inLanguage\":\"az\"},{\"@type\":\"Organization\",\"@id\":\"https:\\\/\\\/www.meydan.tv\\\/az\\\/#organization\",\"name\":\"Meydan TV\",\"url\":\"https:\\\/\\\/www.meydan.tv\\\/az\\\/\",\"logo\":{\"@type\":\"ImageObject\",\"inLanguage\":\"az\",\"@id\":\"https:\\\/\\\/www.meydan.tv\\\/az\\\/#\\\/schema\\\/logo\\\/image\\\/\",\"url\":\"https:\\\/\\\/www.meydan.tv\\\/wp-content\\\/uploads\\\/2021\\\/07\\\/meydan-logo.svg\",\"contentUrl\":\"https:\\\/\\\/www.meydan.tv\\\/wp-content\\\/uploads\\\/2021\\\/07\\\/meydan-logo.svg\",\"width\":195,\"height\":46,\"caption\":\"Meydan TV\"},\"image\":{\"@id\":\"https:\\\/\\\/www.meydan.tv\\\/az\\\/#\\\/schema\\\/logo\\\/image\\\/\"}},{\"@type\":\"Person\",\"@id\":\"https:\\\/\\\/www.meydan.tv\\\/az\\\/#\\\/schema\\\/person\\\/9cdbecf90d17180ce1dfbd95b08dcf47\",\"name\":\"elli\",\"sameAs\":[\"https:\\\/\\\/x.com\\\/elli\"]}]}<\/script>\n<!-- \/ Yoast SEO plugin. -->","yoast_head_json":{"title":"Nazir m\u00fcavini: \u201c\u0130\u015f\u011faldan azad olunan \u0259razil\u0259rd\u0259 teatr tama\u015falar\u0131 n\u00fcmayi\u015f etdiril\u0259c\u0259k\u201d - MEYDAN.TV","robots":{"index":"index","follow":"follow","max-snippet":"max-snippet:-1","max-image-preview":"max-image-preview:large","max-video-preview":"max-video-preview:-1"},"canonical":"https:\/\/www.meydan.tv\/az\/article\/nazir-muavini-isgaldan-azad-olunan-erazilerde-teatr-tamasalari-numayis-etdirilecek\/","og_locale":"az_AZ","og_type":"article","og_title":"Nazir m\u00fcavini: \u201c\u0130\u015f\u011faldan azad olunan \u0259razil\u0259rd\u0259 teatr tama\u015falar\u0131 n\u00fcmayi\u015f etdiril\u0259c\u0259k\u201d - MEYDAN.TV","og_description":"\u201cBiz teatr sah\u0259sind\u0259 yenilikl\u0259r t\u0259tbiq ed\u0259r\u0259k onun populyarla\u015fd\u0131r\u0131lmas\u0131na z\u0259min yaratmal\u0131y\u0131q\u201d ... Davam\u0131","og_url":"https:\/\/www.meydan.tv\/az\/article\/nazir-muavini-isgaldan-azad-olunan-erazilerde-teatr-tamasalari-numayis-etdirilecek\/","og_site_name":"MEYDAN.TV","article_published_time":"2021-12-14T10:32:47+00:00","article_modified_time":"2021-12-14T10:32:48+00:00","og_image":[{"width":1000,"height":664,"url":"https:\/\/www.meydan.tv\/wp-content\/uploads\/image_from_ios_12_lwux8ue.jpg","type":"image\/jpeg"}],"author":"elli","twitter_card":"summary_large_image","twitter_creator":"@elli","schema":{"@context":"https:\/\/schema.org","@graph":[{"@type":"Article","@id":"https:\/\/www.meydan.tv\/az\/article\/nazir-muavini-isgaldan-azad-olunan-erazilerde-teatr-tamasalari-numayis-etdirilecek\/#article","isPartOf":{"@id":"https:\/\/www.meydan.tv\/az\/article\/nazir-muavini-isgaldan-azad-olunan-erazilerde-teatr-tamasalari-numayis-etdirilecek\/"},"author":{"name":"elli","@id":"https:\/\/www.meydan.tv\/az\/#\/schema\/person\/9cdbecf90d17180ce1dfbd95b08dcf47"},"headline":"Nazir m\u00fcavini: \u201c\u0130\u015f\u011faldan azad olunan \u0259razil\u0259rd\u0259 teatr tama\u015falar\u0131 n\u00fcmayi\u015f etdiril\u0259c\u0259k\u201d","datePublished":"2021-12-14T10:32:47+00:00","dateModified":"2021-12-14T10:32:48+00:00","mainEntityOfPage":{"@id":"https:\/\/www.meydan.tv\/az\/article\/nazir-muavini-isgaldan-azad-olunan-erazilerde-teatr-tamasalari-numayis-etdirilecek\/"},"wordCount":365,"publisher":{"@id":"https:\/\/www.meydan.tv\/az\/#organization"},"image":{"@id":"https:\/\/www.meydan.tv\/az\/article\/nazir-muavini-isgaldan-azad-olunan-erazilerde-teatr-tamasalari-numayis-etdirilecek\/#primaryimage"},"thumbnailUrl":"https:\/\/www.meydan.tv\/wp-content\/uploads\/image_from_ios_12_lwux8ue.jpg","articleSection":["M\u0259d\u0259niyy\u0259t","X\u0259b\u0259rl\u0259r"],"inLanguage":"az"},{"@type":"WebPage","@id":"https:\/\/www.meydan.tv\/az\/article\/nazir-muavini-isgaldan-azad-olunan-erazilerde-teatr-tamasalari-numayis-etdirilecek\/","url":"https:\/\/www.meydan.tv\/az\/article\/nazir-muavini-isgaldan-azad-olunan-erazilerde-teatr-tamasalari-numayis-etdirilecek\/","name":"Nazir m\u00fcavini: \u201c\u0130\u015f\u011faldan azad olunan \u0259razil\u0259rd\u0259 teatr tama\u015falar\u0131 n\u00fcmayi\u015f etdiril\u0259c\u0259k\u201d - MEYDAN.TV","isPartOf":{"@id":"https:\/\/www.meydan.tv\/az\/#website"},"primaryImageOfPage":{"@id":"https:\/\/www.meydan.tv\/az\/article\/nazir-muavini-isgaldan-azad-olunan-erazilerde-teatr-tamasalari-numayis-etdirilecek\/#primaryimage"},"image":{"@id":"https:\/\/www.meydan.tv\/az\/article\/nazir-muavini-isgaldan-azad-olunan-erazilerde-teatr-tamasalari-numayis-etdirilecek\/#primaryimage"},"thumbnailUrl":"https:\/\/www.meydan.tv\/wp-content\/uploads\/image_from_ios_12_lwux8ue.jpg","datePublished":"2021-12-14T10:32:47+00:00","dateModified":"2021-12-14T10:32:48+00:00","breadcrumb":{"@id":"https:\/\/www.meydan.tv\/az\/article\/nazir-muavini-isgaldan-azad-olunan-erazilerde-teatr-tamasalari-numayis-etdirilecek\/#breadcrumb"},"inLanguage":"az","potentialAction":[{"@type":"ReadAction","target":["https:\/\/www.meydan.tv\/az\/article\/nazir-muavini-isgaldan-azad-olunan-erazilerde-teatr-tamasalari-numayis-etdirilecek\/"]}]},{"@type":"ImageObject","inLanguage":"az","@id":"https:\/\/www.meydan.tv\/az\/article\/nazir-muavini-isgaldan-azad-olunan-erazilerde-teatr-tamasalari-numayis-etdirilecek\/#primaryimage","url":"https:\/\/www.meydan.tv\/wp-content\/uploads\/image_from_ios_12_lwux8ue.jpg","contentUrl":"https:\/\/www.meydan.tv\/wp-content\/uploads\/image_from_ios_12_lwux8ue.jpg","width":1000,"height":664,"caption":"Foto: Meydan TV"},{"@type":"BreadcrumbList","@id":"https:\/\/www.meydan.tv\/az\/article\/nazir-muavini-isgaldan-azad-olunan-erazilerde-teatr-tamasalari-numayis-etdirilecek\/#breadcrumb","itemListElement":[{"@type":"ListItem","position":1,"name":"Ana s\u0259hif\u0259","item":"https:\/\/www.meydan.tv\/az\/"},{"@type":"ListItem","position":2,"name":"M\u0259d\u0259niyy\u0259t","item":"https:\/\/www.meydan.tv\/az\/section\/medeniyyet\/"},{"@type":"ListItem","position":3,"name":"Nazir m\u00fcavini: \u201c\u0130\u015f\u011faldan azad olunan \u0259razil\u0259rd\u0259 teatr tama\u015falar\u0131 n\u00fcmayi\u015f etdiril\u0259c\u0259k\u201d"}]},{"@type":"WebSite","@id":"https:\/\/www.meydan.tv\/az\/#website","url":"https:\/\/www.meydan.tv\/az\/","name":"MEYDAN.TV","description":"Meydan TV Az\u0259rbaycan\u0131n media m\u0259kan\u0131ndak\u0131 alternativ s\u0259sidir","publisher":{"@id":"https:\/\/www.meydan.tv\/az\/#organization"},"potentialAction":[{"@type":"SearchAction","target":{"@type":"EntryPoint","urlTemplate":"https:\/\/www.meydan.tv\/az\/?s={search_term_string}"},"query-input":{"@type":"PropertyValueSpecification","valueRequired":true,"valueName":"search_term_string"}}],"inLanguage":"az"},{"@type":"Organization","@id":"https:\/\/www.meydan.tv\/az\/#organization","name":"Meydan TV","url":"https:\/\/www.meydan.tv\/az\/","logo":{"@type":"ImageObject","inLanguage":"az","@id":"https:\/\/www.meydan.tv\/az\/#\/schema\/logo\/image\/","url":"https:\/\/www.meydan.tv\/wp-content\/uploads\/2021\/07\/meydan-logo.svg","contentUrl":"https:\/\/www.meydan.tv\/wp-content\/uploads\/2021\/07\/meydan-logo.svg","width":195,"height":46,"caption":"Meydan TV"},"image":{"@id":"https:\/\/www.meydan.tv\/az\/#\/schema\/logo\/image\/"}},{"@type":"Person","@id":"https:\/\/www.meydan.tv\/az\/#\/schema\/person\/9cdbecf90d17180ce1dfbd95b08dcf47","name":"elli","sameAs":["https:\/\/x.com\/elli"]}]}},"_links":{"self":[{"href":"https:\/\/www.meydan.tv\/az\/wp-json\/wp\/v2\/posts\/229171","targetHints":{"allow":["GET"]}}],"collection":[{"href":"https:\/\/www.meydan.tv\/az\/wp-json\/wp\/v2\/posts"}],"about":[{"href":"https:\/\/www.meydan.tv\/az\/wp-json\/wp\/v2\/types\/post"}],"author":[{"embeddable":true,"href":"https:\/\/www.meydan.tv\/az\/wp-json\/wp\/v2\/users\/8"}],"replies":[{"embeddable":true,"href":"https:\/\/www.meydan.tv\/az\/wp-json\/wp\/v2\/comments?post=229171"}],"version-history":[{"count":1,"href":"https:\/\/www.meydan.tv\/az\/wp-json\/wp\/v2\/posts\/229171\/revisions"}],"predecessor-version":[{"id":229172,"href":"https:\/\/www.meydan.tv\/az\/wp-json\/wp\/v2\/posts\/229171\/revisions\/229172"}],"wp:featuredmedia":[{"embeddable":true,"href":"https:\/\/www.meydan.tv\/az\/wp-json\/wp\/v2\/media\/133940"}],"wp:attachment":[{"href":"https:\/\/www.meydan.tv\/az\/wp-json\/wp\/v2\/media?parent=229171"}],"wp:term":[{"taxonomy":"category","embeddable":true,"href":"https:\/\/www.meydan.tv\/az\/wp-json\/wp\/v2\/categories?post=229171"},{"taxonomy":"post_tag","embeddable":true,"href":"https:\/\/www.meydan.tv\/az\/wp-json\/wp\/v2\/tags?post=229171"}],"curies":[{"name":"wp","href":"https:\/\/api.w.org\/{rel}","templated":true}]}}