{"id":229040,"date":"2021-12-12T09:15:59","date_gmt":"2021-12-12T05:15:59","guid":{"rendered":"https:\/\/www.meydan.tv\/?p=229040"},"modified":"2021-12-12T09:16:01","modified_gmt":"2021-12-12T05:16:01","slug":"olum-matci-haqqinda-mif","status":"publish","type":"post","link":"https:\/\/www.meydan.tv\/az\/article\/olum-matci-haqqinda-mif\/","title":{"rendered":"\u201c\u00d6l\u00fcm mat\u00e7\u0131\u201d haqq\u0131nda mif"},"content":{"rendered":"\n<p><em>\u00c7ox sonralar a\u015fkar edildi ki, sovet d\u00f6vr\u00fcn\u00fcn bir \u00e7ox mifl\u0259ri kimi bu oyun \u0259traf\u0131ndak\u0131 hadis\u0259l\u0259r d\u0259 xeyli t\u0259hrif olunub<\/em><\/p>\n\n\n\n<p>Futbolla maraqlanma\u011fa ba\u015flayandan Kiyevin \u201cDinamo\u201d komandas\u0131na azarke\u015flik edirdim. B\u0259lk\u0259 ona g\u00f6r\u0259 ki, bu komanda h\u0259min vaxtlar sovet futbolunun lideri idi v\u0259 SSR\u0130 klublar\u0131 aras\u0131nda ilk d\u0259f\u0259 Avropa kuboklar\u0131ndan birini qazanm\u0131\u015fd\u0131. B\u0259lk\u0259 ona g\u00f6r\u0259 ki, sovet futbolunun \u0259n g\u00fccl\u00fc oyun\u00e7usu say\u0131lan Oleq Bloxin h\u0259min ill\u0259r\u00a0 bu komandada \u00e7\u0131x\u0131\u015f edirdi.<\/p>\n\n\n\n<p>B\u0259lk\u0259 d\u0259 \u201c\u00d6l\u00fcm mat\u00e7\u0131\u201d deyil\u0259n hadis\u0259 haqq\u0131nda oxudu\u011fuma g\u00f6r\u0259. Bu hadis\u0259 haqq\u0131nda ilk d\u0259f\u0259, dey\u0259s\u0259n, a\u015fa\u011f\u0131 sinifl\u0259rd\u0259 rus dili d\u0259rsliyind\u0259 oxumu\u015fdum. Amma ba\u015fqa yerd\u0259 oxuma\u011f\u0131m da istisna deyil.&nbsp; H\u0259min oyun haqq\u0131nda 1962-ci ild\u0259 film d\u0259 \u00e7\u0259kilmi\u015fdi. Oxudu\u011fum m\u0259qal\u0259d\u0259 v\u0259 \u00e7\u0259kil\u0259n filmd\u0259 \u0259sas\u0259n \u00fcst-\u00fcst\u0259 d\u00fc\u015f\u0259n s\u00fcjet a\u015fa\u011f\u0131dak\u0131 kimi idi.<\/p>\n\n\n\n<p>Kiyevin \u201cDinamo\u201d komandas\u0131n\u0131n xeyli oyun\u00e7usu almanlara \u0259sir d\u00fc\u015f\u00fcr. 1942-ci il iyunun 22-d\u0259, sovet-alman m\u00fcharib\u0259sinin ba\u015flanmas\u0131n\u0131n birinci ild\u00f6n\u00fcm\u00fcnd\u0259 \u0259sas\u0259n dinamo\u00e7ulardan ibar\u0259t, bir q\u0259d\u0259r d\u0259 ba\u015fqa komandalar\u0131n oyun\u00e7ular\u0131 il\u0259 g\u00fccl\u0259ndiril\u0259n komanda yarad\u0131l\u0131r v\u0259 onlarla Almaniya h\u0259rbi-hava q\u00fcvv\u0259l\u0259rinin \u2013 luftvaffenin komandas\u0131 aras\u0131nda g\u00f6r\u00fc\u015f ke\u00e7irilir.<\/p>\n\n\n\n<p>Almanlar h\u0259m irqi \u00fcst\u00fcnl\u00fckl\u0259rini, h\u0259m d\u0259 oyunun ke\u00e7irildiyi tarixin \u00f6n\u0259mini n\u0259z\u0259r\u0259 alaraq m\u00fctl\u0259q qalib g\u0259lm\u0259k ist\u0259yirl\u0259r. Buna g\u00f6r\u0259 d\u0259 Kiyev futbol\u00e7ular\u0131na h\u0259d\u0259-qorxu g\u0259linir, uduzmayacaqlar\u0131 t\u0259qdird\u0259 g\u00fcll\u0259l\u0259n\u0259c\u0259kl\u0259ri bildirilir. Oyunu idar\u0259 ed\u0259n alman hakim a\u00e7\u0131q-a\u015fkar soyda\u015flar\u0131na t\u0259r\u0259fke\u015flik edir. B\u00fct\u00fcn bunlara baxmayaraq, sovet futbol\u00e7ular\u0131 qalib g\u0259lirl\u0259r (filmd\u0259 5:4, m\u0259qal\u0259d\u0259ki hesab\u0131 is\u0259 xat\u0131rlam\u0131ram) v\u0259 ham\u0131s\u0131 g\u00fcll\u0259l\u0259nir.<\/p>\n\n\n\n<p>Bel\u0259 \u0259hvalat Q\u0259rbd\u0259 birm\u0259nal\u0131 qar\u015f\u0131lanmazd\u0131. Pafosdan daha \u00e7ox sa\u011flam d\u00fc\u015f\u00fcnc\u0259y\u0259 \u00fcst\u00fcnl\u00fck ver\u0259n ingilis v\u0259 ya amerikal\u0131 \u0259h\u0259miyy\u0259tsiz bir oyunda q\u0259l\u0259b\u0259y\u0259 g\u00f6r\u0259 11 n\u0259f\u0259rin h\u0259yat\u0131n\u0131 itirm\u0259sinin n\u0259 q\u0259d\u0259r adekvat v\u0259 rasional add\u0131m oldu\u011fu bar\u0259d\u0259 d\u00fc\u015f\u00fcn\u0259rdi. Amma sovet insan\u0131 ba\u015fqa c\u00fcr t\u0259rbiy\u0259 olunmu\u015fdu v\u0259 futbol\u00e7ular\u0131n etdikl\u0259ri yegan\u0259 d\u00fczg\u00fcn yol say\u0131l\u0131rd\u0131. Sovet v\u0259t\u0259nda\u015f\u0131 m\u0259hz bel\u0259 h\u0259r\u0259k\u0259t etm\u0259li idi. Xat\u0131rlad\u0131\u011f\u0131ma g\u00f6r\u0259, u\u015faq vaxt\u0131 m\u0259n d\u0259 bu davran\u0131\u015f\u0131n do\u011frulu\u011funu \u015f\u00fcbh\u0259 alt\u0131na almam\u0131\u015fd\u0131m.<\/p>\n\n\n\n<p>Yaln\u0131z \u00e7ox sonralar a\u015fkar edildi ki, sovet d\u00f6vr\u00fcn\u00fcn bir \u00e7ox mifl\u0259ri kimi \u201c\u00f6l\u00fcm mat\u00e7\u0131\u201d deyil\u0259n oyun \u0259traf\u0131ndak\u0131 hadis\u0259l\u0259r d\u0259 xeyli t\u0259hrif olunub.&nbsp;<\/p>\n\n\n\n<hr class=\"wp-block-separator\"\/>\n\n\n\n<p>Kiyevin i\u015f\u011fal\u0131 Almaniya il\u0259 m\u00fcharib\u0259d\u0259 sovet ordusunun \u00fczl\u0259\u015fdiyi \u0259n a\u011f\u0131r m\u0259\u011flubiyy\u0259tl\u0259rd\u0259n biridir. Sovet tarix\u015f\u00fcnasl\u0131\u011f\u0131nda \u201cKiyev strateji m\u00fcdafi\u0259 \u0259m\u0259liyyat\u0131\u201d adlanan \u0259m\u0259liyyatda 600 mind\u0259n \u00e7ox biryolluq (\u00f6l\u0259nl\u0259r, itkin d\u00fc\u015f\u0259nl\u0259r v\u0259 \u0259sir al\u0131nanlar) itki verildi.<\/p>\n\n\n\n<p>Kiyevin m\u00fcxt\u0259lif komandalar\u0131nda \u00e7\u0131x\u0131\u015f ed\u0259n futbol\u00e7ular\u0131n taleyi d\u0259 m\u00fcxt\u0259lif oldu. Onlardan b\u0259zil\u0259ri t\u0259xliy\u0259 edildil\u0259r, b\u0259zil\u0259ri \u015f\u0259h\u0259rd\u0259 qald\u0131lar, b\u0259zil\u0259ri Kiyevin m\u00fcdafi\u0259sind\u0259 i\u015ftirak etdil\u0259r. Sonuncular\u0131n bir hiss\u0259si ordu il\u0259 \u015f\u0259rq\u0259 t\u0259r\u0259f \u00e7\u0259kil\u0259 bildi, \u00e7oxu is\u0259 \u0259sir d\u00fc\u015fd\u00fc.<\/p>\n\n\n\n<p>Almanlarla \u0259m\u0259\u015fkda\u015fl\u0131q ed\u0259n Konstantin \u015etepa (i\u015f\u011fal d\u00f6vr\u00fcnd\u0259 Kiyev universitetinin rektoru v\u0259 almanp\u0259r\u0259st q\u0259zetin ba\u015f redaktoru) adl\u0131 professor i\u015f\u011fal administrasiyas\u0131na m\u0259ktub yazaraq \u0259sir d\u00fc\u015f\u0259rg\u0259sind\u0259 saxlan\u0131lan futbol\u00e7ular\u0131n azad edilm\u0259sini xahi\u015f edir. Almanlar da loyall\u0131q haqq\u0131nda iltizam almaqla futbol\u00e7ular\u0131 azad edirl\u0259r.<\/p>\n\n\n\n<p>\u018fsirlikd\u0259n azad olunanlardan biri, m\u00fcharib\u0259d\u0259n \u0259vv\u0259lki 5 il \u0259rzind\u0259 \u201cDinamo\u201d komandas\u0131n\u0131n qap\u0131\u00e7\u0131s\u0131 olan Nikolay Trusevi\u00e7 tan\u0131\u015fl\u0131q vasit\u0259sil\u0259 \u00e7\u00f6r\u0259k zavoduna i\u015f\u0259 d\u00fcz\u0259lir. Daha sonra onun xahi\u015fi il\u0259 ba\u015fqa futbol\u00e7ular da zavodda i\u015f\u0259 q\u0259bul olunurlar. \u00c7\u00f6r\u0259k zavodunda i\u015fl\u0259m\u0259k bir imtiyaz idi, \u00e7\u00fcnki Almaniyaya \u0259m\u0259k mobilizasiyas\u0131ndan m\u00f6hl\u0259t (bron) verirdi.<\/p>\n\n\n\n<p>C\u0259bh\u0259 x\u0259tti Kiyevd\u0259n \u015f\u0259rq\u0259 t\u0259r\u0259f uzaqla\u015fd\u0131qca \u015f\u0259h\u0259rd\u0259 normal h\u0259yat \u0259lam\u0259tl\u0259ri b\u0259rpa olunur. Teatr, kino, ictimai ia\u015f\u0259 m\u00fc\u0259ssis\u0259l\u0259ri yenid\u0259n f\u0259aliyy\u0259t\u0259 ba\u015flad\u0131. \u015e\u0259h\u0259rd\u0259 konsertl\u0259r verilir, tama\u015falar, operalar g\u00f6st\u0259rilirdi. H\u0259tta pul islahat\u0131 apar\u0131ld\u0131, sovet rublunu Ukrayna karbovanetsi \u0259v\u0259z etdi. Proses idmandan da yan ke\u00e7m\u0259di.<\/p>\n\n\n\n<p>Kiyevin \u201cLokomotiv\u201d komandas\u0131n\u0131n ke\u00e7mi\u015f oyun\u00e7usu, indi almanlarla v\u0259 \u015etepa il\u0259 \u0259m\u0259kda\u015fl\u0131q ed\u0259n Georgi \u015evetsov m\u00fcxt\u0259lif futbol\u00e7ulardan v\u0259 h\u0259v\u0259skarlardan \u201cRux\u201d komandas\u0131n\u0131 yaratd\u0131. Az sonra \u00e7\u00f6r\u0259k zavodunun direktorunun t\u0259\u015f\u0259bb\u00fcs\u00fc il\u0259 zavodun i\u015f\u00e7il\u0259rind\u0259n ibar\u0259t \u201cStart\u201d komandas\u0131 yarad\u0131ld\u0131. Futbol\u00e7ular da bu i\u015f\u0259 h\u0259v\u0259sl\u0259 yana\u015fd\u0131lar, \u00e7\u00fcnki yar\u0131ac doland\u0131qlar\u0131 halda futbol onlar \u00fc\u00e7\u00fcn m\u00fc\u0259yy\u0259n \u0259lav\u0259 qazanc m\u0259nb\u0259yi ola bil\u0259rdi.<\/p>\n\n\n\n<p>Komandan\u0131n \u00fczvl\u0259rinin ham\u0131s\u0131 ke\u00e7mi\u015f dinamo\u00e7ular deyildil\u0259r. Onlar\u0131n aras\u0131nda Kiyevin \u201cLokomotiv\u201d v\u0259 \u201cRot Front\u201d klublar\u0131n\u0131n, h\u0259tta Odessa \u201cSpartak\u201d\u0131n\u0131n oyun\u00e7ular\u0131 vard\u0131. Sviridovski v\u0259 Putistin is\u0259 ke\u00e7mi\u015f dinamo\u00e7ular idil\u0259r v\u0259 art\u0131q bir m\u00fcdd\u0259t idi ki, futbol oynam\u0131rd\u0131lar. Komandada pe\u015f\u0259kar futbol\u00e7u olmayanlar, el\u0259c\u0259 d\u0259 \u00e7\u00f6r\u0259k zavodunda i\u015fl\u0259m\u0259y\u0259nl\u0259r vard\u0131.<\/p>\n\n\n\n<hr class=\"wp-block-separator\"\/>\n\n\n\n<p>\u201cStart\u201d ilk oyunu 1942-ci il iyunun 7-d\u0259 ke\u00e7irdi. Onun r\u0259qibi \u201cRux\u201d komandas\u0131 idi. Oyun 7:2 hesab\u0131 il\u0259 \u201cStart\u201d\u0131n xeyrin\u0259 yekunla\u015fd\u0131. Sonrak\u0131 g\u00fcnl\u0259rd\u0259 macar qarnizonun komandas\u0131 (6:2), alman artilleriya\u00e7\u0131lar\u0131 (7:1) m\u0259\u011flub edildil\u0259r. D\u00f6rd\u00fcnc\u00fc oyunda r\u0259qib daha bir yerli komanda \u2013 \u201cSport\u201d idi. Q\u0259l\u0259b\u0259ni yen\u0259 \u201cStart\u201d qazand\u0131 \u2013 8:2. Bundan sonra alman d\u0259miryol\u00e7ular\u0131 (6:0), macarlar\u0131n \u201cMSG. Wal.\u201d (5:1) v\u0259 \u201cGK SZERO\u201d (3:2) komandalar\u0131 m\u0259\u011flubiyy\u0259t\u0259 u\u011frad\u0131ld\u0131.<\/p>\n\n\n\n<p>Avqustun 6-da almanlar\u0131n, \u0259sas\u0259n, Hava H\u00fccumundan M\u00fcdafi\u0259 q\u00fcvv\u0259l\u0259rind\u0259 xidm\u0259t ed\u0259n h\u0259rb\u00e7il\u0259rd\u0259n, el\u0259c\u0259 d\u0259 pilotlardan v\u0259 mexanikl\u0259rid\u0259n&nbsp; t\u0259\u015fkil olunan \u201cFlakelf\u201d komandas\u0131 il\u0259 ilk oyun ke\u00e7irildi. \u201cStart\u201d yen\u0259 q\u0259l\u0259b\u0259 qazand\u0131 5:1.<\/p>\n\n\n\n<p>Sovet tarix\u015f\u00fcnasl\u0131\u011f\u0131nda \u201c\u00f6l\u00fcm mat\u00e7\u0131\u201d kimi t\u0259qdim edil\u0259n revan\u015f oyunu \u00fc\u00e7 g\u00fcn sonra, avqustun 9-da ba\u015f tutdu (t\u0259qdim edildiyi kimi iyunun 22-d\u0259 yox). Bu d\u0259f\u0259 almanlar \u00f6z komandalar\u0131n\u0131 bir q\u0259d\u0259r g\u00fccl\u0259ndirmi\u015fdil\u0259r. Oyun \u0259vv\u0259lkil\u0259r kimi \u201cZenit\u201d stadionunda ke\u00e7irilirdi (sonralar \u201cStart\u201d ad\u0131 verildi).<\/p>\n\n\n\n<p>Hesab\u0131 almanlar a\u00e7d\u0131. Amma kiyevlil\u0259r fasil\u0259y\u0259 q\u0259d\u0259r \u00fc\u00e7 qol vuraraq birinci hiss\u0259ni 3:1 hesab\u0131 il\u0259 ir\u0259lid\u0259 bitirdil\u0259r. \u0130kinci hiss\u0259 xeyli g\u0259rgin ke\u00e7di. \u018fvv\u0259lc\u0259 \u201cFlakelf\u201d hesab\u0131 b\u0259rab\u0259rl\u0259\u015fdirdi. Bununla bel\u0259, \u201cStart\u201d daha iki qol vuraraq 5:3 hesab\u0131 il\u0259 q\u0259l\u0259b\u0259 qazand\u0131.<\/p>\n\n\n\n<p>Oyundan sonra he\u00e7 k\u0259s g\u00fcll\u0259l\u0259nm\u0259di. H\u0259r iki komanda h\u0259tta xatir\u0259 \u015f\u0259kli \u00e7\u0259kdirdi (h\u0259r\u00e7\u0259nd, b\u0259z\u0259n bu \u015f\u0259klin birinci oyundan sonra v\u0259 ya ikinci oyundan \u0259vv\u0259l \u00e7\u0259kildiyi deyilir).&nbsp; Azarke\u015fl\u0259rd\u0259n biri \u201cStart\u201d oyun\u00e7ular\u0131n\u0131 samoqona qonaq etdi v\u0259 q\u0259l\u0259b\u0259 bel\u0259c\u0259 qeyd olundu.<\/p>\n\n\n\n<p>B\u00fct\u00fcn oyunlarda Ervin adl\u0131 alman h\u0259rb\u00e7i hakimlik edib. \u201cSport\u201d komandas\u0131n\u0131n oyun\u00e7usu olmu\u015f Vladimir Noqa\u00e7evski \u00e7ox sonralar, h\u0259qiq\u0259ti s\u00f6yl\u0259m\u0259k daha t\u0259hl\u00fck\u0259li olmayan vaxtlarda hakimin obyektiv oldu\u011funu, h\u0259tta hans\u0131sa oyunda bir alman\u0131 kobud oyuna g\u00f6r\u0259 meydandan qovdu\u011funu iddia edir.<\/p>\n\n\n\n<p>Avqustun 16-da \u201cStart\u201d \u00f6z\u00fcn\u00fcn son oyununu ke\u00e7irdi. R\u0259qib yen\u0259 \u201cRux\u201d komandas\u0131 idi v\u0259 \u201cStart\u201d onu 8:0 hesab\u0131 il\u0259 darmada\u011f\u0131n etdi. Bundan iki g\u00fcn sonra is\u0259 \u00e7\u00f6r\u0259k zavodunda i\u015fl\u0259y\u0259n futbol\u00e7ular el\u0259 i\u015f vaxt\u0131 h\u0259bs edildil\u0259r. Amma h\u0259bsin s\u0259b\u0259bi \u201c\u00f6l\u00fcm mat\u00e7\u0131\u201d deyildi.<\/p>\n\n\n\n<hr class=\"wp-block-separator\"\/>\n\n\n\n<p>SSR\u0130-d\u0259 \u201cDinamo\u201d&nbsp; idman c\u0259miyy\u0259ti v\u0259 eyni adl\u0131 b\u00fct\u00fcn idman klublar\u0131 Xalq Daxili \u0130\u015fl\u0259r Komissarl\u0131\u011f\u0131n\u0131n (NKVD) sonralar is\u0259 Daxili \u0130\u015fl\u0259r Nazirliyinin himay\u0259si alt\u0131nda idil\u0259r. Oradak\u0131 idman\u00e7\u0131lar da formal olaraq bu qurumlar\u0131n \u0259m\u0259kda\u015flar\u0131 say\u0131l\u0131rd\u0131lar.<\/p>\n\n\n\n<p>Bu, SSR\u0130-d\u0259 guya pe\u015f\u0259kar idman\u0131n olmamas\u0131n\u0131, b\u00fct\u00fcn sovet idman\u00e7\u0131lar\u0131n\u0131n g\u00fcnd\u00fczl\u0259r \u00e7al\u0131\u015f\u0131b,ax\u015famlar v\u0259 istirah\u0259t g\u00fcnl\u0259ri idmanla m\u0259\u015f\u011ful olan h\u0259v\u0259skarlar oldu\u011funu g\u00f6st\u0259rm\u0259k \u00fc\u00e7\u00fcn d\u00fc\u015f\u00fcn\u00fclm\u00fc\u015fd\u00fc. \u00c7SKA (v\u0259 ya SKA) \u00fczvl\u0259ri h\u0259rb\u00e7i say\u0131l\u0131rd\u0131lar. \u201cSpartak\u201d \u00fczvl\u0259ri guya h\u0259mkarlar t\u0259\u015fkilatlar\u0131n\u0131n i\u015f\u00e7il\u0259ri idil\u0259r&nbsp; v\u0259 s.<\/p>\n\n\n\n<p>1942-ci ilin avqustunda da kims\u0259 almanlara donos yazaraq \u201cDinamo\u201d futbol\u00e7ular\u0131n\u0131n NKVD \u0259m\u0259kda\u015flar\u0131 oldu\u011funu x\u0259b\u0259r verdi. Donosu kimin yazd\u0131\u011f\u0131 m\u00fcbahis\u0259lidir. Bir ehtimala g\u00f6r\u0259, \u201cRux\u201d komandas\u0131n\u0131n kapitan\u0131 Georgi \u015evetsov iki m\u0259\u011flubiyy\u0259td\u0259n \u0259s\u0259bl\u0259\u015f\u0259r\u0259k donos yazm\u0131\u015fd\u0131. \u0130kinci ehtimalda is\u0259 \u00e7u\u011ful\u00e7unun Georgi Vya\u00e7kis adl\u0131 ke\u00e7mi\u015f \u00fczg\u00fc\u00e7\u00fc oldu\u011fu deyilir.<\/p>\n\n\n\n<p>H\u0259r halda, h\u0259bsin s\u0259b\u0259bi almanlar \u00fcz\u0259rind\u0259 q\u0259l\u0259b\u0259 deyil, \u201cDinamo\u201dnun NKVD-y\u0259 ba\u011fl\u0131l\u0131\u011f\u0131 idi. \u00c7\u00f6r\u0259k zavodunun futbol\u00e7u i\u015f\u00e7il\u0259ri aras\u0131nda dinamo\u00e7u olmayanlar \u00fc\u00e7 g\u00fcn sonra azad edildil\u0259r. Suxarev, Balakin v\u0259 Melnikin \u201cLokomotiv\u201din oyun\u00e7ular\u0131, bel\u0259likl\u0259, guya d\u0259miryol\u00e7u olduqlar\u0131 ayd\u0131nla\u015fd\u0131r\u0131ld\u0131.<\/p>\n\n\n\n<p>\u018fv\u0259zind\u0259 \u00e7\u00f6r\u0259k zavodunda i\u015fl\u0259m\u0259y\u0259n, h\u0259bsl\u0259ri e\u015fid\u0259nd\u0259n sonra gizl\u0259nm\u0259y\u0259 f\u00fcrs\u0259t tapan&nbsp; ke\u00e7mi\u015f dinamo\u00e7ular axtar\u0131ld\u0131. Bel\u0259l\u0259rind\u0259n, Nikolay Korotkix sentyabr\u0131n 6-da h\u0259bs edildi. Onun yerini almanlara \u00f6z bac\u0131s\u0131 x\u0259b\u0259r verdi, qorxurdu ki, almanlar qarda\u015f\u0131na g\u00f6r\u0259 onu c\u0259zaland\u0131rarlar.<\/p>\n\n\n\n<p>B\u0259db\u0259xtlikd\u0259n, Korotkix iki il \u0259rzind\u0259 h\u0259qiq\u0259t\u0259n d\u0259 NKVD \u0259m\u0259kda\u015f\u0131 olmu\u015fdu v\u0259 axtar\u0131\u015f zaman\u0131 m\u00fcvafiq uniformada \u015f\u0259kli tap\u0131ld\u0131. Bundan sonra gestapoda i\u015fg\u0259nc\u0259l\u0259r\u0259 m\u0259ruz qald\u0131, almanlar ondan Kiyevd\u0259 hans\u0131 tap\u015f\u0131r\u0131\u011f\u0131 yerin\u0259 yetirm\u0259k \u00fc\u00e7\u00fcn qald\u0131\u011f\u0131n\u0131 \u00f6yr\u0259nm\u0259y\u0259 \u00e7al\u0131\u015f\u0131rd\u0131lar. El\u0259 bir tap\u015f\u0131r\u0131q is\u0259 yox idi v\u0259 Korotkix i\u015fg\u0259nc\u0259l\u0259r\u0259 d\u00f6zm\u0259y\u0259r\u0259k h\u0259lak oldu.<\/p>\n\n\n\n<p>S\u0259kkiz&nbsp; dinamo\u00e7u is\u0259 S\u0131rets h\u0259bs d\u00fc\u015f\u0259rg\u0259sin\u0259 g\u00f6nd\u0259rildil\u0259r. Bu d\u00fc\u015f\u0259rg\u0259 y\u00fcz mind\u0259n art\u0131q insan\u0131n q\u0259tl edildiyi Babiy Yar adl\u0131 yerin lap yax\u0131nl\u0131\u011f\u0131nda idi. Buran\u0131n komendant\u0131 Pol Radomski \u00f6z\u00fcn\u00fcn q\u0259ddarl\u0131\u011f\u0131 il\u0259 m\u0259\u015fhur idi. O, \u0259n x\u0131rda n\u00f6qsanlara g\u00f6r\u0259 fiziki c\u0259zalar, q\u0259tll\u0259r t\u0259tbiq edirdi.<\/p>\n\n\n\n<p>Futbol\u00e7ulardan \u00fc\u00e7\u00fc bel\u0259 bir&nbsp; amans\u0131zl\u0131\u011f\u0131n qurban\u0131 oldular. 1943-c\u00fc il fevral\u0131n 24-d\u0259 onlar\u0131n daxil olduqlar\u0131 briqadan\u0131n hans\u0131sa pozuntuda g\u00fcnahland\u0131ran Radomski h\u0259r \u00fc\u00e7 n\u0259f\u0259rd\u0259n birinin g\u00fcll\u0259l\u0259nm\u0259sini \u0259mr edir. Kor p\u00fc\u015fk\u00fcn d\u00fc\u015fd\u00fcy\u00fc adamlar aras\u0131nda \u00fc\u00e7 futbol\u00e7u vard\u0131: Trusevi\u00e7, Kuzmenko v\u0259 Klimenko.<\/p>\n\n\n\n<p>Daha ac\u0131nacaql\u0131 versiyaya g\u00f6r\u0259, almanlar m\u0259hbuslar\u0131 \u00fcz \u00fcstd\u0259 yer\u0259 uzadaraq, \u00f6zl\u0259ri say\u0131b h\u0259r \u00fc\u00e7\u00fcnc\u00fcn\u00fc g\u00fcll\u0259l\u0259yirdil\u0259r. Kuzmenko v\u0259 Klimenko p\u00fc\u015fk\u00fcn qurban\u0131 oldu. P\u00fc\u015fk d\u00fc\u015fm\u0259y\u0259n Trusevi\u00e7 is\u0259 \u00f6z\u00fcn\u00fc saxlaya bilm\u0259yib n\u0259 ba\u015f verdiyini g\u00f6rm\u0259k \u00fc\u00e7\u00fcn ba\u015f\u0131n\u0131 yerd\u0259n icaz\u0259siz qald\u0131rd\u0131\u011f\u0131na g\u00f6r\u0259 g\u00fcll\u0259l\u0259ndi.<\/p>\n\n\n\n<p>Dig\u0259r futbul\u00e7ular is\u0259 m\u00fcharib\u0259ni sa\u011f-salamat ba\u015fa vurdular. Maraql\u0131d\u0131r ki, \u201c\u00f6l\u00fcm mat\u00e7\u0131\u201dn\u0131n i\u015ftirak\u00e7\u0131lar\u0131 aras\u0131nda sonralar sovet orqanlar\u0131 t\u0259r\u0259find\u0259n \u201ci\u015f\u011fal\u00e7\u0131larla \u0259m\u0259kda\u015fl\u0131\u011fa g\u00f6r\u0259\u201d h\u0259bs edil\u0259nl\u0259r d\u0259 vard\u0131 : Georgi Timofeyev v\u0259 Lev Qundarev h\u0259r biri 10 il, Yuri \u00c7erneqa 5 il h\u0259bs c\u0259zas\u0131na m\u0259hkum edildil\u0259r. SSR\u0130-d\u0259 is\u0259 bu zaman \u201c\u00f6l\u00fcm mat\u00e7\u0131\u201dn\u0131n b\u00fct\u00fcn i\u015ftirak\u00e7\u0131lar\u0131n\u0131 q\u0259hr\u0259man hesab edirdil\u0259r.<\/p>\n\n\n\n<p>S\u0131rets d\u00fc\u015f\u0259rg\u0259sinin komendant\u0131 Pol Radomski uzun m\u00fcdd\u0259t itkin d\u00fc\u015fm\u00fc\u015f say\u0131l\u0131rd\u0131. SSR\u0130, onun s\u00fcqutundan sonra is\u0259 Ukrayna Radomskinin tap\u0131lmas\u0131 \u00fc\u00e7\u00fcn c\u0259hdl\u0259r g\u00f6st\u0259rirdi. Yaln\u0131z 2005-ci ild\u0259 a\u015fkar edildi ki, Radomski 1945-ci il mart\u0131n 14-d\u0259 Macar\u0131stan \u0259razisind\u0259 ged\u0259n d\u00f6y\u00fc\u015fl\u0259rd\u0259 \u00f6ld\u00fcr\u00fcl\u00fcb.<\/p>\n","protected":false},"excerpt":{"rendered":"<p>\u00c7ox sonralar a\u015fkar edildi ki, sovet d\u00f6vr\u00fcn\u00fcn bir \u00e7ox mifl\u0259ri &#8230; <\/p>\n<p class=\"read-more-container\"><a title=\"\u201c\u00d6l\u00fcm mat\u00e7\u0131\u201d haqq\u0131nda mif\" class=\"read-more button\" href=\"https:\/\/www.meydan.tv\/az\/article\/olum-matci-haqqinda-mif\/#more-229040\" aria-label=\"Read more about \u201c\u00d6l\u00fcm mat\u00e7\u0131\u201d haqq\u0131nda mif\">Davam\u0131<\/a><\/p>\n","protected":false},"author":8,"featured_media":119327,"comment_status":"closed","ping_status":"closed","sticky":false,"template":"","format":"standard","meta":{"_acf_changed":false,"_sitemap_exclude":false,"_sitemap_priority":"","_sitemap_frequency":"","footnotes":""},"categories":[57],"tags":[],"class_list":["post-229040","post","type-post","status-publish","format-standard","has-post-thumbnail","hentry","category-menim-fikrimce","infinite-scroll-item","generate-columns","tablet-grid-50","mobile-grid-100","grid-parent","grid-33","no-featured-image-padding"],"acf":[],"yoast_head":"<!-- This site is optimized with the Yoast SEO plugin v27.4 - https:\/\/yoast.com\/product\/yoast-seo-wordpress\/ -->\n<title>\u201c\u00d6l\u00fcm mat\u00e7\u0131\u201d haqq\u0131nda mif - MEYDAN.TV<\/title>\n<meta name=\"robots\" content=\"index, follow, max-snippet:-1, max-image-preview:large, max-video-preview:-1\" \/>\n<link rel=\"canonical\" href=\"https:\/\/www.meydan.tv\/az\/article\/olum-matci-haqqinda-mif\/\" \/>\n<meta property=\"og:locale\" content=\"az_AZ\" \/>\n<meta property=\"og:type\" content=\"article\" \/>\n<meta property=\"og:title\" content=\"\u201c\u00d6l\u00fcm mat\u00e7\u0131\u201d haqq\u0131nda mif - MEYDAN.TV\" \/>\n<meta property=\"og:description\" content=\"\u00c7ox sonralar a\u015fkar edildi ki, sovet d\u00f6vr\u00fcn\u00fcn bir \u00e7ox mifl\u0259ri ... Davam\u0131\" \/>\n<meta property=\"og:url\" content=\"https:\/\/www.meydan.tv\/az\/article\/olum-matci-haqqinda-mif\/\" \/>\n<meta property=\"og:site_name\" content=\"MEYDAN.TV\" \/>\n<meta property=\"article:published_time\" content=\"2021-12-12T05:15:59+00:00\" \/>\n<meta property=\"article:modified_time\" content=\"2021-12-12T05:16:01+00:00\" \/>\n<meta property=\"og:image\" content=\"https:\/\/www.meydan.tv\/wp-content\/uploads\/3cb67e7d-b10f-4c21-a950-7ff09b6b8f8f-scaled.jpeg\" \/>\n\t<meta property=\"og:image:width\" content=\"2560\" \/>\n\t<meta property=\"og:image:height\" content=\"1440\" \/>\n\t<meta property=\"og:image:type\" content=\"image\/jpeg\" \/>\n<meta name=\"author\" content=\"elli\" \/>\n<meta name=\"twitter:card\" content=\"summary_large_image\" \/>\n<meta name=\"twitter:creator\" content=\"@elli\" \/>\n<script type=\"application\/ld+json\" class=\"yoast-schema-graph\">{\"@context\":\"https:\\\/\\\/schema.org\",\"@graph\":[{\"@type\":\"Article\",\"@id\":\"https:\\\/\\\/www.meydan.tv\\\/az\\\/article\\\/olum-matci-haqqinda-mif\\\/#article\",\"isPartOf\":{\"@id\":\"https:\\\/\\\/www.meydan.tv\\\/az\\\/article\\\/olum-matci-haqqinda-mif\\\/\"},\"author\":{\"name\":\"elli\",\"@id\":\"https:\\\/\\\/www.meydan.tv\\\/az\\\/#\\\/schema\\\/person\\\/9cdbecf90d17180ce1dfbd95b08dcf47\"},\"headline\":\"\u201c\u00d6l\u00fcm mat\u00e7\u0131\u201d haqq\u0131nda mif\",\"datePublished\":\"2021-12-12T05:15:59+00:00\",\"dateModified\":\"2021-12-12T05:16:01+00:00\",\"mainEntityOfPage\":{\"@id\":\"https:\\\/\\\/www.meydan.tv\\\/az\\\/article\\\/olum-matci-haqqinda-mif\\\/\"},\"wordCount\":2152,\"publisher\":{\"@id\":\"https:\\\/\\\/www.meydan.tv\\\/az\\\/#organization\"},\"image\":{\"@id\":\"https:\\\/\\\/www.meydan.tv\\\/az\\\/article\\\/olum-matci-haqqinda-mif\\\/#primaryimage\"},\"thumbnailUrl\":\"https:\\\/\\\/www.meydan.tv\\\/wp-content\\\/uploads\\\/3cb67e7d-b10f-4c21-a950-7ff09b6b8f8f-scaled-e1684405162756.jpeg\",\"articleSection\":[\"M\u0259nim Fikrimc\u0259\"],\"inLanguage\":\"az\"},{\"@type\":\"WebPage\",\"@id\":\"https:\\\/\\\/www.meydan.tv\\\/az\\\/article\\\/olum-matci-haqqinda-mif\\\/\",\"url\":\"https:\\\/\\\/www.meydan.tv\\\/az\\\/article\\\/olum-matci-haqqinda-mif\\\/\",\"name\":\"\u201c\u00d6l\u00fcm mat\u00e7\u0131\u201d haqq\u0131nda mif - MEYDAN.TV\",\"isPartOf\":{\"@id\":\"https:\\\/\\\/www.meydan.tv\\\/az\\\/#website\"},\"primaryImageOfPage\":{\"@id\":\"https:\\\/\\\/www.meydan.tv\\\/az\\\/article\\\/olum-matci-haqqinda-mif\\\/#primaryimage\"},\"image\":{\"@id\":\"https:\\\/\\\/www.meydan.tv\\\/az\\\/article\\\/olum-matci-haqqinda-mif\\\/#primaryimage\"},\"thumbnailUrl\":\"https:\\\/\\\/www.meydan.tv\\\/wp-content\\\/uploads\\\/3cb67e7d-b10f-4c21-a950-7ff09b6b8f8f-scaled-e1684405162756.jpeg\",\"datePublished\":\"2021-12-12T05:15:59+00:00\",\"dateModified\":\"2021-12-12T05:16:01+00:00\",\"breadcrumb\":{\"@id\":\"https:\\\/\\\/www.meydan.tv\\\/az\\\/article\\\/olum-matci-haqqinda-mif\\\/#breadcrumb\"},\"inLanguage\":\"az\",\"potentialAction\":[{\"@type\":\"ReadAction\",\"target\":[\"https:\\\/\\\/www.meydan.tv\\\/az\\\/article\\\/olum-matci-haqqinda-mif\\\/\"]}]},{\"@type\":\"ImageObject\",\"inLanguage\":\"az\",\"@id\":\"https:\\\/\\\/www.meydan.tv\\\/az\\\/article\\\/olum-matci-haqqinda-mif\\\/#primaryimage\",\"url\":\"https:\\\/\\\/www.meydan.tv\\\/wp-content\\\/uploads\\\/3cb67e7d-b10f-4c21-a950-7ff09b6b8f8f-scaled-e1684405162756.jpeg\",\"contentUrl\":\"https:\\\/\\\/www.meydan.tv\\\/wp-content\\\/uploads\\\/3cb67e7d-b10f-4c21-a950-7ff09b6b8f8f-scaled-e1684405162756.jpeg\",\"width\":2560,\"height\":1203,\"caption\":\"Foto: Meydan Tv\"},{\"@type\":\"BreadcrumbList\",\"@id\":\"https:\\\/\\\/www.meydan.tv\\\/az\\\/article\\\/olum-matci-haqqinda-mif\\\/#breadcrumb\",\"itemListElement\":[{\"@type\":\"ListItem\",\"position\":1,\"name\":\"Ana s\u0259hif\u0259\",\"item\":\"https:\\\/\\\/www.meydan.tv\\\/az\\\/\"},{\"@type\":\"ListItem\",\"position\":2,\"name\":\"M\u0259nim Fikrimc\u0259\",\"item\":\"https:\\\/\\\/www.meydan.tv\\\/az\\\/section\\\/menim-fikrimce\\\/\"},{\"@type\":\"ListItem\",\"position\":3,\"name\":\"\u201c\u00d6l\u00fcm mat\u00e7\u0131\u201d haqq\u0131nda mif\"}]},{\"@type\":\"WebSite\",\"@id\":\"https:\\\/\\\/www.meydan.tv\\\/az\\\/#website\",\"url\":\"https:\\\/\\\/www.meydan.tv\\\/az\\\/\",\"name\":\"MEYDAN.TV\",\"description\":\"Meydan TV Az\u0259rbaycan\u0131n media m\u0259kan\u0131ndak\u0131 alternativ s\u0259sidir\",\"publisher\":{\"@id\":\"https:\\\/\\\/www.meydan.tv\\\/az\\\/#organization\"},\"potentialAction\":[{\"@type\":\"SearchAction\",\"target\":{\"@type\":\"EntryPoint\",\"urlTemplate\":\"https:\\\/\\\/www.meydan.tv\\\/az\\\/?s={search_term_string}\"},\"query-input\":{\"@type\":\"PropertyValueSpecification\",\"valueRequired\":true,\"valueName\":\"search_term_string\"}}],\"inLanguage\":\"az\"},{\"@type\":\"Organization\",\"@id\":\"https:\\\/\\\/www.meydan.tv\\\/az\\\/#organization\",\"name\":\"Meydan TV\",\"url\":\"https:\\\/\\\/www.meydan.tv\\\/az\\\/\",\"logo\":{\"@type\":\"ImageObject\",\"inLanguage\":\"az\",\"@id\":\"https:\\\/\\\/www.meydan.tv\\\/az\\\/#\\\/schema\\\/logo\\\/image\\\/\",\"url\":\"https:\\\/\\\/www.meydan.tv\\\/wp-content\\\/uploads\\\/2021\\\/07\\\/meydan-logo.svg\",\"contentUrl\":\"https:\\\/\\\/www.meydan.tv\\\/wp-content\\\/uploads\\\/2021\\\/07\\\/meydan-logo.svg\",\"width\":195,\"height\":46,\"caption\":\"Meydan TV\"},\"image\":{\"@id\":\"https:\\\/\\\/www.meydan.tv\\\/az\\\/#\\\/schema\\\/logo\\\/image\\\/\"}},{\"@type\":\"Person\",\"@id\":\"https:\\\/\\\/www.meydan.tv\\\/az\\\/#\\\/schema\\\/person\\\/9cdbecf90d17180ce1dfbd95b08dcf47\",\"name\":\"elli\",\"sameAs\":[\"https:\\\/\\\/x.com\\\/elli\"]}]}<\/script>\n<!-- \/ Yoast SEO plugin. -->","yoast_head_json":{"title":"\u201c\u00d6l\u00fcm mat\u00e7\u0131\u201d haqq\u0131nda mif - MEYDAN.TV","robots":{"index":"index","follow":"follow","max-snippet":"max-snippet:-1","max-image-preview":"max-image-preview:large","max-video-preview":"max-video-preview:-1"},"canonical":"https:\/\/www.meydan.tv\/az\/article\/olum-matci-haqqinda-mif\/","og_locale":"az_AZ","og_type":"article","og_title":"\u201c\u00d6l\u00fcm mat\u00e7\u0131\u201d haqq\u0131nda mif - MEYDAN.TV","og_description":"\u00c7ox sonralar a\u015fkar edildi ki, sovet d\u00f6vr\u00fcn\u00fcn bir \u00e7ox mifl\u0259ri ... Davam\u0131","og_url":"https:\/\/www.meydan.tv\/az\/article\/olum-matci-haqqinda-mif\/","og_site_name":"MEYDAN.TV","article_published_time":"2021-12-12T05:15:59+00:00","article_modified_time":"2021-12-12T05:16:01+00:00","og_image":[{"width":2560,"height":1440,"url":"https:\/\/www.meydan.tv\/wp-content\/uploads\/3cb67e7d-b10f-4c21-a950-7ff09b6b8f8f-scaled.jpeg","type":"image\/jpeg"}],"author":"elli","twitter_card":"summary_large_image","twitter_creator":"@elli","schema":{"@context":"https:\/\/schema.org","@graph":[{"@type":"Article","@id":"https:\/\/www.meydan.tv\/az\/article\/olum-matci-haqqinda-mif\/#article","isPartOf":{"@id":"https:\/\/www.meydan.tv\/az\/article\/olum-matci-haqqinda-mif\/"},"author":{"name":"elli","@id":"https:\/\/www.meydan.tv\/az\/#\/schema\/person\/9cdbecf90d17180ce1dfbd95b08dcf47"},"headline":"\u201c\u00d6l\u00fcm mat\u00e7\u0131\u201d haqq\u0131nda mif","datePublished":"2021-12-12T05:15:59+00:00","dateModified":"2021-12-12T05:16:01+00:00","mainEntityOfPage":{"@id":"https:\/\/www.meydan.tv\/az\/article\/olum-matci-haqqinda-mif\/"},"wordCount":2152,"publisher":{"@id":"https:\/\/www.meydan.tv\/az\/#organization"},"image":{"@id":"https:\/\/www.meydan.tv\/az\/article\/olum-matci-haqqinda-mif\/#primaryimage"},"thumbnailUrl":"https:\/\/www.meydan.tv\/wp-content\/uploads\/3cb67e7d-b10f-4c21-a950-7ff09b6b8f8f-scaled-e1684405162756.jpeg","articleSection":["M\u0259nim Fikrimc\u0259"],"inLanguage":"az"},{"@type":"WebPage","@id":"https:\/\/www.meydan.tv\/az\/article\/olum-matci-haqqinda-mif\/","url":"https:\/\/www.meydan.tv\/az\/article\/olum-matci-haqqinda-mif\/","name":"\u201c\u00d6l\u00fcm mat\u00e7\u0131\u201d haqq\u0131nda mif - MEYDAN.TV","isPartOf":{"@id":"https:\/\/www.meydan.tv\/az\/#website"},"primaryImageOfPage":{"@id":"https:\/\/www.meydan.tv\/az\/article\/olum-matci-haqqinda-mif\/#primaryimage"},"image":{"@id":"https:\/\/www.meydan.tv\/az\/article\/olum-matci-haqqinda-mif\/#primaryimage"},"thumbnailUrl":"https:\/\/www.meydan.tv\/wp-content\/uploads\/3cb67e7d-b10f-4c21-a950-7ff09b6b8f8f-scaled-e1684405162756.jpeg","datePublished":"2021-12-12T05:15:59+00:00","dateModified":"2021-12-12T05:16:01+00:00","breadcrumb":{"@id":"https:\/\/www.meydan.tv\/az\/article\/olum-matci-haqqinda-mif\/#breadcrumb"},"inLanguage":"az","potentialAction":[{"@type":"ReadAction","target":["https:\/\/www.meydan.tv\/az\/article\/olum-matci-haqqinda-mif\/"]}]},{"@type":"ImageObject","inLanguage":"az","@id":"https:\/\/www.meydan.tv\/az\/article\/olum-matci-haqqinda-mif\/#primaryimage","url":"https:\/\/www.meydan.tv\/wp-content\/uploads\/3cb67e7d-b10f-4c21-a950-7ff09b6b8f8f-scaled-e1684405162756.jpeg","contentUrl":"https:\/\/www.meydan.tv\/wp-content\/uploads\/3cb67e7d-b10f-4c21-a950-7ff09b6b8f8f-scaled-e1684405162756.jpeg","width":2560,"height":1203,"caption":"Foto: Meydan Tv"},{"@type":"BreadcrumbList","@id":"https:\/\/www.meydan.tv\/az\/article\/olum-matci-haqqinda-mif\/#breadcrumb","itemListElement":[{"@type":"ListItem","position":1,"name":"Ana s\u0259hif\u0259","item":"https:\/\/www.meydan.tv\/az\/"},{"@type":"ListItem","position":2,"name":"M\u0259nim Fikrimc\u0259","item":"https:\/\/www.meydan.tv\/az\/section\/menim-fikrimce\/"},{"@type":"ListItem","position":3,"name":"\u201c\u00d6l\u00fcm mat\u00e7\u0131\u201d haqq\u0131nda mif"}]},{"@type":"WebSite","@id":"https:\/\/www.meydan.tv\/az\/#website","url":"https:\/\/www.meydan.tv\/az\/","name":"MEYDAN.TV","description":"Meydan TV Az\u0259rbaycan\u0131n media m\u0259kan\u0131ndak\u0131 alternativ s\u0259sidir","publisher":{"@id":"https:\/\/www.meydan.tv\/az\/#organization"},"potentialAction":[{"@type":"SearchAction","target":{"@type":"EntryPoint","urlTemplate":"https:\/\/www.meydan.tv\/az\/?s={search_term_string}"},"query-input":{"@type":"PropertyValueSpecification","valueRequired":true,"valueName":"search_term_string"}}],"inLanguage":"az"},{"@type":"Organization","@id":"https:\/\/www.meydan.tv\/az\/#organization","name":"Meydan TV","url":"https:\/\/www.meydan.tv\/az\/","logo":{"@type":"ImageObject","inLanguage":"az","@id":"https:\/\/www.meydan.tv\/az\/#\/schema\/logo\/image\/","url":"https:\/\/www.meydan.tv\/wp-content\/uploads\/2021\/07\/meydan-logo.svg","contentUrl":"https:\/\/www.meydan.tv\/wp-content\/uploads\/2021\/07\/meydan-logo.svg","width":195,"height":46,"caption":"Meydan TV"},"image":{"@id":"https:\/\/www.meydan.tv\/az\/#\/schema\/logo\/image\/"}},{"@type":"Person","@id":"https:\/\/www.meydan.tv\/az\/#\/schema\/person\/9cdbecf90d17180ce1dfbd95b08dcf47","name":"elli","sameAs":["https:\/\/x.com\/elli"]}]}},"_links":{"self":[{"href":"https:\/\/www.meydan.tv\/az\/wp-json\/wp\/v2\/posts\/229040","targetHints":{"allow":["GET"]}}],"collection":[{"href":"https:\/\/www.meydan.tv\/az\/wp-json\/wp\/v2\/posts"}],"about":[{"href":"https:\/\/www.meydan.tv\/az\/wp-json\/wp\/v2\/types\/post"}],"author":[{"embeddable":true,"href":"https:\/\/www.meydan.tv\/az\/wp-json\/wp\/v2\/users\/8"}],"replies":[{"embeddable":true,"href":"https:\/\/www.meydan.tv\/az\/wp-json\/wp\/v2\/comments?post=229040"}],"version-history":[{"count":1,"href":"https:\/\/www.meydan.tv\/az\/wp-json\/wp\/v2\/posts\/229040\/revisions"}],"predecessor-version":[{"id":229041,"href":"https:\/\/www.meydan.tv\/az\/wp-json\/wp\/v2\/posts\/229040\/revisions\/229041"}],"wp:featuredmedia":[{"embeddable":true,"href":"https:\/\/www.meydan.tv\/az\/wp-json\/wp\/v2\/media\/119327"}],"wp:attachment":[{"href":"https:\/\/www.meydan.tv\/az\/wp-json\/wp\/v2\/media?parent=229040"}],"wp:term":[{"taxonomy":"category","embeddable":true,"href":"https:\/\/www.meydan.tv\/az\/wp-json\/wp\/v2\/categories?post=229040"},{"taxonomy":"post_tag","embeddable":true,"href":"https:\/\/www.meydan.tv\/az\/wp-json\/wp\/v2\/tags?post=229040"}],"curies":[{"name":"wp","href":"https:\/\/api.w.org\/{rel}","templated":true}]}}