{"id":228973,"date":"2021-12-10T14:45:01","date_gmt":"2021-12-10T10:45:01","guid":{"rendered":"https:\/\/www.meydan.tv\/?p=228973"},"modified":"2021-12-10T14:45:06","modified_gmt":"2021-12-10T10:45:06","slug":"xizi-sakini-adam-qazdan-otru-de-prezidente-muraciet-etmeye-utanir","status":"publish","type":"post","link":"https:\/\/www.meydan.tv\/az\/article\/xizi-sakini-adam-qazdan-otru-de-prezidente-muraciet-etmeye-utanir\/","title":{"rendered":"X\u0131z\u0131 sakini: \u201cAdam qazdan \u00f6tr\u00fc d\u0259 prezident\u0259 m\u00fcraci\u0259t etm\u0259y\u0259 utan\u0131r\u201d"},"content":{"rendered":"\n<p><em>\u018ffqan Abdullayev ata yurdunda tikdirdiyi evin\u0259 mavi yanacaq \u00e7\u0259km\u0259dikl\u0259rini deyir<br><\/em><\/p>\n\n\n\n<p>X\u0131z\u0131n\u0131n Gil\u0259zi k\u0259ndinin sakini \u018ffqan Abdullayev evin\u0259 qaz \u00e7\u0259kdir\u0259 bilmir. S\u0259b\u0259b d\u0259 ata yurdunda ev tikm\u0259sidir. Eyni h\u0259y\u0259td\u0259 atas\u0131ndan qalan ba\u015fqa bir ev d\u0259 var v\u0259 qaz yaln\u0131z o ev\u0259 verilir.<br><\/p>\n\n\n\n<p>\u201cM\u0259n\u0259 deyirl\u0259r ki, bir h\u0259y\u0259td\u0259 yaln\u0131z bir yerd\u0259 qaz ola bil\u0259r. Bu, absurddur. Bir h\u0259y\u0259td\u0259 iki ev ola bilm\u0259z? G\u00f6r\u00fcn\u00fcr n\u0259s\u0259 h\u00f6rm\u0259t etm\u0259yimi ist\u0259yirl\u0259r, ona da imkan\u0131m yoxdur\u201d.<br><\/p>\n\n\n\n<p>\u018ffqan Abdullayev deyir ki, ail\u0259d\u0259 7 n\u0259f\u0259rdil\u0259r. T\u0259s\u0259rr\u00fcfatla dolan\u0131rlar v\u0259 q\u0131\u015fda evl\u0259rini elektrikl\u0259 isitm\u0259li olurlar. Bu da onlara baha ba\u015fa g\u0259lir v\u0259 b\u0259z\u0259n borclar \u00fcst-\u00fcst\u0259 y\u0131\u011f\u0131l\u0131r:<br><\/p>\n\n\n\n<p>\u201cYayda az-az \u00f6d\u0259yib bitiririk ki, yen\u0259 q\u0131\u015f g\u0259lir. H\u0259tta b\u0259z\u0259n \u00f6d\u0259nm\u0259mi\u015f borca g\u00f6r\u0259 elektriki k\u0259sdikl\u0259ri d\u0259 olur. Onda h\u0259m d\u0259 i\u015f\u0131qs\u0131z qal\u0131r\u0131q. M\u00fcraci\u0259tl\u0259rimiz\u0259 d\u0259 baxan yoxdur. Ba\u015fqa hara, kim\u0259 m\u00fcraci\u0259t ed\u0259c\u0259yimizi d\u0259 bilmirik. Adam qazdan \u00f6tr\u00fc d\u0259 prezident\u0259 m\u00fcraci\u0259t etm\u0259y\u0259 utan\u0131r\u201d.<br><\/p>\n\n\n\n<p>\u015eikay\u0259t\u00e7i bildirir ki, h\u0259r problemd\u0259n \u00f6tr\u00fc m\u00fcraci\u0259t etm\u0259kd\u0259n, s\u0259s-k\u00fcy salmaqdan yorulub. He\u00e7 n\u0259y\u0259 sakitlikl\u0259 nail olmaq m\u00fcmk\u00fcn deyil v\u0259 bu yorucudur:<br><\/p>\n\n\n\n<div class=\"wp-block-image\"><figure class=\"alignleft size-large is-resized\"><img decoding=\"async\" data-src=\"https:\/\/www.meydan.tv\/wp-content\/uploads\/image00009-1-1095x821.jpeg\" alt=\"\" class=\"wp-image-228964 lazyload\" width=\"537\" height=\"402\" src=\"data:image\/svg+xml;base64,PHN2ZyB3aWR0aD0iMSIgaGVpZ2h0PSIxIiB4bWxucz0iaHR0cDovL3d3dy53My5vcmcvMjAwMC9zdmciPjwvc3ZnPg==\" style=\"--smush-placeholder-width: 537px; --smush-placeholder-aspect-ratio: 537\/402;\" \/><figcaption> \u018ffqan Abdullayev,  Foto: Meydan TV<\/figcaption><\/figure><\/div>\n\n\n\n<p>\u201cM\u0259s\u0259l\u0259n, lap say\u011fac bir d\u0259n\u0259 olsun, ancaq bizim evimiz\u0259 d\u0259 qaz \u00e7\u0259kilsin, ona da raz\u0131yam. Ancaq t\u0259sdiql\u0259y\u0259n, raz\u0131l\u0131q ver\u0259n yoxdur. \u0130nan\u0131n, 7 n\u0259f\u0259rin t\u0259k g\u0259lir yeri \u0259kin-bi\u00e7indir. Daha \u00e7ox bostan t\u0259r\u0259v\u0259zl\u0259ri \u0259kir, yayda onlar\u0131 sat\u0131r v\u0259 ilboyu dolan\u0131r\u0131q. \u0130mkans\u0131zl\u0131qdan u\u015faqlara ali t\u0259hsil bel\u0259 ver\u0259 bilm\u0259mi\u015f\u0259m. T\u0259bii o da ba\u015fqa d\u0259rddir. \u0130\u015f d\u0259 yoxdur ki, gedib i\u015fl\u0259y\u0259s\u0259n, daimi g\u0259lirin olsun. H\u0259y\u0259ti d\u0259 g\u00f6r\u00fcrs\u00fcz, ki\u00e7ikdir v\u0259 ancaq 2 ev s\u0131\u011f\u0131\u015f\u0131b. Burada heyvan saxlamaq da m\u00fcmk\u00fcn deyil. Bir d\u0259 probleml\u0259rin \u00fcst\u00fcn\u0259 q\u0131\u015fda qaz\u0131n olmamas\u0131 v\u0259 od qiym\u0259tin\u0259 olan elektrik enerjisi g\u0259lir. Qal\u0131rsan lap \u00e7\u0131x\u0131lmaz durumda\u201d.<br><\/p>\n\n\n\n<p>\u018ffqan Abdullayev bildirir ki, bir ne\u00e7\u0259 d\u0259f\u0259 \u00fcnvanl\u0131 sosial yard\u0131m \u00fc\u00e7\u00fcn m\u00fcraci\u0259t etm\u0259k ist\u0259yib. Ancaq ald\u0131\u011f\u0131 cavab \u201csiz\u0259 yard\u0131m d\u00fc\u015fm\u00fcr\u201d, &#8211; olub:<br><\/p>\n\n\n\n<p>\u201cAx\u0131r\u0131nc\u0131 m\u00fcraci\u0259t 2014-c\u00fc ild\u0259 olub. Ondan sonra m\u00fcraci\u0259t d\u0259 etm\u0259dik, he\u00e7 \u00fcmid d\u0259 yoxdur. Bilirsiniz d\u0259, bu yard\u0131m\u0131 ancaq imkanl\u0131lar al\u0131r. Bel\u0259 bir deyim var v\u0259 he\u00e7 kim\u0259 sirr deyil\u201d.<br><\/p>\n\n\n\n<p>\u201c\u00dcr\u0259yimi a\u00e7\u0131b b\u00fct\u00fcn probleml\u0259rimi dan\u0131\u015f\u0131ram. Ancaq bilir\u0259m ki, bunlar h\u0259ll olunmayacaq. Qaz problemini is\u0259 ist\u0259s\u0259l\u0259r h\u0259ll ed\u0259rl\u0259r. Bir say\u011fac qoyacaqlar, bir d\u0259 yax\u0131n \u0259razid\u0259n qaz \u00e7\u0259k\u0259c\u0259kl\u0259r. \u0130\u015fl\u0259dib, pulunu \u00f6d\u0259y\u0259c\u0259m. <\/p>\n\n\n\n<p>Bu, x\u00fcsusi bir ist\u0259k deyil. Ya da demir\u0259m ki, m\u0259n\u0259 pulsuz qaz verin. \u0130\u015finizi g\u00f6r\u00fcn, m\u0259n d\u0259 xidm\u0259td\u0259n istifad\u0259 edib, pulunu \u00f6d\u0259yim\u201d, &#8211; \u015fikay\u0259t\u00e7i deyir.<br><\/p>\n\n\n\n<div class=\"wp-block-image\"><figure class=\"alignright size-large is-resized\"><img decoding=\"async\" data-src=\"https:\/\/www.meydan.tv\/wp-content\/uploads\/image00042-1095x821.jpeg\" alt=\"\" class=\"wp-image-228970 lazyload\" width=\"539\" height=\"403\" src=\"data:image\/svg+xml;base64,PHN2ZyB3aWR0aD0iMSIgaGVpZ2h0PSIxIiB4bWxucz0iaHR0cDovL3d3dy53My5vcmcvMjAwMC9zdmciPjwvc3ZnPg==\" style=\"--smush-placeholder-width: 539px; --smush-placeholder-aspect-ratio: 539\/403;\" \/><figcaption>\u018ffqan Abdullayevin evi, Foto: Meydan TV<\/figcaption><\/figure><\/div>\n\n\n\n<p>X\u0131z\u0131 Rayon Qaz \u0130stismar Sah\u0259sind\u0259n Meydan TV-y\u0259 bildirilib ki, v\u0259t\u0259nda\u015f d\u00fcz dan\u0131\u015fm\u0131r:<br><\/p>\n\n\n\n<p>\u201cB\u0259lk\u0259 ev s\u0259n\u0259dl\u0259\u015fdirilm\u0259yib, ona g\u00f6r\u0259 deyilib ki, burada bir ev var, onun da qaz\u0131 var. Ancaq s\u0131rf iki evin bir h\u0259y\u0259td\u0259 olmas\u0131 qaz \u00e7\u0259kilm\u0259si \u00fc\u00e7\u00fcn problem deyil. B\u0259z\u0259n k\u0259nd evl\u0259rind\u0259 bir evi ortadan iki yer\u0259 b\u00f6l\u00fcrl\u0259r v\u0259 deyirl\u0259r ki, 2 say\u011fac qura\u015fd\u0131r\u0131n, bu, m\u00fcmk\u00fcn olmur. Biz yen\u0259 d\u0259 ara\u015fd\u0131raca\u011f\u0131q, g\u00f6r\u0259k problem n\u0259d\u0259dir\u201d.<br><\/p>\n\n\n\n<p>\u018ffqan Abdullayev sonda deyir ki, evi dig\u0259rind\u0259n tamamil\u0259 ayr\u0131d\u0131r:<br><\/p>\n\n\n\n<p>\u201cB\u0259han\u0259 g\u0259tirdikl\u0259ri \u015feyl\u0259rd\u0259n biri d\u0259 limitdir. M\u0259ni get-g\u0259l\u0259 sal\u0131r, i\u015fimi h\u0259ll etmirl\u0259r. \u018fslind\u0259 is\u0259 b\u00f6y\u00fck problem deyil, ist\u0259s\u0259l\u0259r h\u0259ll ed\u0259rl\u0259r\u201d.<\/p>\n","protected":false},"excerpt":{"rendered":"<p>\u018ffqan Abdullayev ata yurdunda tikdirdiyi evin\u0259 mavi yanacaq \u00e7\u0259km\u0259dikl\u0259rini deyir &#8230; <\/p>\n<p class=\"read-more-container\"><a title=\"X\u0131z\u0131 sakini: \u201cAdam qazdan \u00f6tr\u00fc d\u0259 prezident\u0259 m\u00fcraci\u0259t etm\u0259y\u0259 utan\u0131r\u201d\" class=\"read-more button\" href=\"https:\/\/www.meydan.tv\/az\/article\/xizi-sakini-adam-qazdan-otru-de-prezidente-muraciet-etmeye-utanir\/#more-228973\" aria-label=\"Read more about X\u0131z\u0131 sakini: \u201cAdam qazdan \u00f6tr\u00fc d\u0259 prezident\u0259 m\u00fcraci\u0259t etm\u0259y\u0259 utan\u0131r\u201d\">Davam\u0131<\/a><\/p>\n","protected":false},"author":8,"featured_media":228967,"comment_status":"closed","ping_status":"closed","sticky":false,"template":"","format":"standard","meta":{"_acf_changed":false,"_sitemap_exclude":false,"_sitemap_priority":"","_sitemap_frequency":"","footnotes":""},"categories":[60,79,56],"tags":[],"class_list":["post-228973","post","type-post","status-publish","format-standard","has-post-thumbnail","hentry","category-bolge","category-featured","category-xeberler","infinite-scroll-item","generate-columns","tablet-grid-50","mobile-grid-100","grid-parent","grid-33","no-featured-image-padding"],"acf":[],"yoast_head":"<!-- This site is optimized with the Yoast SEO plugin v27.5 - https:\/\/yoast.com\/product\/yoast-seo-wordpress\/ -->\n<title>X\u0131z\u0131 sakini: \u201cAdam qazdan \u00f6tr\u00fc d\u0259 prezident\u0259 m\u00fcraci\u0259t etm\u0259y\u0259 utan\u0131r\u201d - MEYDAN.TV<\/title>\n<meta name=\"robots\" content=\"index, follow, max-snippet:-1, max-image-preview:large, max-video-preview:-1\" \/>\n<link rel=\"canonical\" href=\"https:\/\/www.meydan.tv\/az\/article\/xizi-sakini-adam-qazdan-otru-de-prezidente-muraciet-etmeye-utanir\/\" \/>\n<meta property=\"og:locale\" content=\"az_AZ\" \/>\n<meta property=\"og:type\" content=\"article\" \/>\n<meta property=\"og:title\" content=\"X\u0131z\u0131 sakini: \u201cAdam qazdan \u00f6tr\u00fc d\u0259 prezident\u0259 m\u00fcraci\u0259t etm\u0259y\u0259 utan\u0131r\u201d - MEYDAN.TV\" \/>\n<meta property=\"og:description\" content=\"\u018ffqan Abdullayev ata yurdunda tikdirdiyi evin\u0259 mavi yanacaq \u00e7\u0259km\u0259dikl\u0259rini deyir ... Davam\u0131\" \/>\n<meta property=\"og:url\" content=\"https:\/\/www.meydan.tv\/az\/article\/xizi-sakini-adam-qazdan-otru-de-prezidente-muraciet-etmeye-utanir\/\" \/>\n<meta property=\"og:site_name\" content=\"MEYDAN.TV\" \/>\n<meta property=\"article:published_time\" content=\"2021-12-10T10:45:01+00:00\" \/>\n<meta property=\"article:modified_time\" content=\"2021-12-10T10:45:06+00:00\" \/>\n<meta property=\"og:image\" content=\"https:\/\/www.meydan.tv\/wp-content\/uploads\/image00037-1-scaled.jpeg\" \/>\n\t<meta property=\"og:image:width\" content=\"2560\" \/>\n\t<meta property=\"og:image:height\" content=\"1920\" \/>\n\t<meta property=\"og:image:type\" content=\"image\/jpeg\" \/>\n<meta name=\"author\" content=\"elli\" \/>\n<meta name=\"twitter:card\" content=\"summary_large_image\" \/>\n<meta name=\"twitter:creator\" content=\"@elli\" \/>\n<script type=\"application\/ld+json\" class=\"yoast-schema-graph\">{\"@context\":\"https:\\\/\\\/schema.org\",\"@graph\":[{\"@type\":\"Article\",\"@id\":\"https:\\\/\\\/www.meydan.tv\\\/az\\\/article\\\/xizi-sakini-adam-qazdan-otru-de-prezidente-muraciet-etmeye-utanir\\\/#article\",\"isPartOf\":{\"@id\":\"https:\\\/\\\/www.meydan.tv\\\/az\\\/article\\\/xizi-sakini-adam-qazdan-otru-de-prezidente-muraciet-etmeye-utanir\\\/\"},\"author\":{\"name\":\"elli\",\"@id\":\"https:\\\/\\\/www.meydan.tv\\\/az\\\/#\\\/schema\\\/person\\\/9cdbecf90d17180ce1dfbd95b08dcf47\"},\"headline\":\"X\u0131z\u0131 sakini: \u201cAdam qazdan \u00f6tr\u00fc d\u0259 prezident\u0259 m\u00fcraci\u0259t etm\u0259y\u0259 utan\u0131r\u201d\",\"datePublished\":\"2021-12-10T10:45:01+00:00\",\"dateModified\":\"2021-12-10T10:45:06+00:00\",\"mainEntityOfPage\":{\"@id\":\"https:\\\/\\\/www.meydan.tv\\\/az\\\/article\\\/xizi-sakini-adam-qazdan-otru-de-prezidente-muraciet-etmeye-utanir\\\/\"},\"wordCount\":734,\"publisher\":{\"@id\":\"https:\\\/\\\/www.meydan.tv\\\/az\\\/#organization\"},\"image\":{\"@id\":\"https:\\\/\\\/www.meydan.tv\\\/az\\\/article\\\/xizi-sakini-adam-qazdan-otru-de-prezidente-muraciet-etmeye-utanir\\\/#primaryimage\"},\"thumbnailUrl\":\"https:\\\/\\\/www.meydan.tv\\\/wp-content\\\/uploads\\\/image00037-1-scaled.jpeg\",\"articleSection\":[\"B\u00f6lg\u0259\",\"T\u00f6vsiy\u0259\",\"X\u0259b\u0259rl\u0259r\"],\"inLanguage\":\"az\"},{\"@type\":\"WebPage\",\"@id\":\"https:\\\/\\\/www.meydan.tv\\\/az\\\/article\\\/xizi-sakini-adam-qazdan-otru-de-prezidente-muraciet-etmeye-utanir\\\/\",\"url\":\"https:\\\/\\\/www.meydan.tv\\\/az\\\/article\\\/xizi-sakini-adam-qazdan-otru-de-prezidente-muraciet-etmeye-utanir\\\/\",\"name\":\"X\u0131z\u0131 sakini: \u201cAdam qazdan \u00f6tr\u00fc d\u0259 prezident\u0259 m\u00fcraci\u0259t etm\u0259y\u0259 utan\u0131r\u201d - MEYDAN.TV\",\"isPartOf\":{\"@id\":\"https:\\\/\\\/www.meydan.tv\\\/az\\\/#website\"},\"primaryImageOfPage\":{\"@id\":\"https:\\\/\\\/www.meydan.tv\\\/az\\\/article\\\/xizi-sakini-adam-qazdan-otru-de-prezidente-muraciet-etmeye-utanir\\\/#primaryimage\"},\"image\":{\"@id\":\"https:\\\/\\\/www.meydan.tv\\\/az\\\/article\\\/xizi-sakini-adam-qazdan-otru-de-prezidente-muraciet-etmeye-utanir\\\/#primaryimage\"},\"thumbnailUrl\":\"https:\\\/\\\/www.meydan.tv\\\/wp-content\\\/uploads\\\/image00037-1-scaled.jpeg\",\"datePublished\":\"2021-12-10T10:45:01+00:00\",\"dateModified\":\"2021-12-10T10:45:06+00:00\",\"breadcrumb\":{\"@id\":\"https:\\\/\\\/www.meydan.tv\\\/az\\\/article\\\/xizi-sakini-adam-qazdan-otru-de-prezidente-muraciet-etmeye-utanir\\\/#breadcrumb\"},\"inLanguage\":\"az\",\"potentialAction\":[{\"@type\":\"ReadAction\",\"target\":[\"https:\\\/\\\/www.meydan.tv\\\/az\\\/article\\\/xizi-sakini-adam-qazdan-otru-de-prezidente-muraciet-etmeye-utanir\\\/\"]}]},{\"@type\":\"ImageObject\",\"inLanguage\":\"az\",\"@id\":\"https:\\\/\\\/www.meydan.tv\\\/az\\\/article\\\/xizi-sakini-adam-qazdan-otru-de-prezidente-muraciet-etmeye-utanir\\\/#primaryimage\",\"url\":\"https:\\\/\\\/www.meydan.tv\\\/wp-content\\\/uploads\\\/image00037-1-scaled.jpeg\",\"contentUrl\":\"https:\\\/\\\/www.meydan.tv\\\/wp-content\\\/uploads\\\/image00037-1-scaled.jpeg\",\"width\":2560,\"height\":1920,\"caption\":\"\u018ffqan Abdullayevin evi, Foto: Meydan TV\"},{\"@type\":\"BreadcrumbList\",\"@id\":\"https:\\\/\\\/www.meydan.tv\\\/az\\\/article\\\/xizi-sakini-adam-qazdan-otru-de-prezidente-muraciet-etmeye-utanir\\\/#breadcrumb\",\"itemListElement\":[{\"@type\":\"ListItem\",\"position\":1,\"name\":\"Ana s\u0259hif\u0259\",\"item\":\"https:\\\/\\\/www.meydan.tv\\\/az\\\/\"},{\"@type\":\"ListItem\",\"position\":2,\"name\":\"B\u00f6lg\u0259\",\"item\":\"https:\\\/\\\/www.meydan.tv\\\/az\\\/section\\\/bolge\\\/\"},{\"@type\":\"ListItem\",\"position\":3,\"name\":\"X\u0131z\u0131 sakini: \u201cAdam qazdan \u00f6tr\u00fc d\u0259 prezident\u0259 m\u00fcraci\u0259t etm\u0259y\u0259 utan\u0131r\u201d\"}]},{\"@type\":\"WebSite\",\"@id\":\"https:\\\/\\\/www.meydan.tv\\\/az\\\/#website\",\"url\":\"https:\\\/\\\/www.meydan.tv\\\/az\\\/\",\"name\":\"MEYDAN.TV\",\"description\":\"Meydan TV Az\u0259rbaycan\u0131n media m\u0259kan\u0131ndak\u0131 alternativ s\u0259sidir\",\"publisher\":{\"@id\":\"https:\\\/\\\/www.meydan.tv\\\/az\\\/#organization\"},\"potentialAction\":[{\"@type\":\"SearchAction\",\"target\":{\"@type\":\"EntryPoint\",\"urlTemplate\":\"https:\\\/\\\/www.meydan.tv\\\/az\\\/?s={search_term_string}\"},\"query-input\":{\"@type\":\"PropertyValueSpecification\",\"valueRequired\":true,\"valueName\":\"search_term_string\"}}],\"inLanguage\":\"az\"},{\"@type\":\"Organization\",\"@id\":\"https:\\\/\\\/www.meydan.tv\\\/az\\\/#organization\",\"name\":\"Meydan TV\",\"url\":\"https:\\\/\\\/www.meydan.tv\\\/az\\\/\",\"logo\":{\"@type\":\"ImageObject\",\"inLanguage\":\"az\",\"@id\":\"https:\\\/\\\/www.meydan.tv\\\/az\\\/#\\\/schema\\\/logo\\\/image\\\/\",\"url\":\"https:\\\/\\\/www.meydan.tv\\\/wp-content\\\/uploads\\\/2021\\\/07\\\/meydan-logo.svg\",\"contentUrl\":\"https:\\\/\\\/www.meydan.tv\\\/wp-content\\\/uploads\\\/2021\\\/07\\\/meydan-logo.svg\",\"width\":195,\"height\":46,\"caption\":\"Meydan TV\"},\"image\":{\"@id\":\"https:\\\/\\\/www.meydan.tv\\\/az\\\/#\\\/schema\\\/logo\\\/image\\\/\"}},{\"@type\":\"Person\",\"@id\":\"https:\\\/\\\/www.meydan.tv\\\/az\\\/#\\\/schema\\\/person\\\/9cdbecf90d17180ce1dfbd95b08dcf47\",\"name\":\"elli\",\"sameAs\":[\"https:\\\/\\\/x.com\\\/elli\"]}]}<\/script>\n<!-- \/ Yoast SEO plugin. -->","yoast_head_json":{"title":"X\u0131z\u0131 sakini: \u201cAdam qazdan \u00f6tr\u00fc d\u0259 prezident\u0259 m\u00fcraci\u0259t etm\u0259y\u0259 utan\u0131r\u201d - MEYDAN.TV","robots":{"index":"index","follow":"follow","max-snippet":"max-snippet:-1","max-image-preview":"max-image-preview:large","max-video-preview":"max-video-preview:-1"},"canonical":"https:\/\/www.meydan.tv\/az\/article\/xizi-sakini-adam-qazdan-otru-de-prezidente-muraciet-etmeye-utanir\/","og_locale":"az_AZ","og_type":"article","og_title":"X\u0131z\u0131 sakini: \u201cAdam qazdan \u00f6tr\u00fc d\u0259 prezident\u0259 m\u00fcraci\u0259t etm\u0259y\u0259 utan\u0131r\u201d - MEYDAN.TV","og_description":"\u018ffqan Abdullayev ata yurdunda tikdirdiyi evin\u0259 mavi yanacaq \u00e7\u0259km\u0259dikl\u0259rini deyir ... Davam\u0131","og_url":"https:\/\/www.meydan.tv\/az\/article\/xizi-sakini-adam-qazdan-otru-de-prezidente-muraciet-etmeye-utanir\/","og_site_name":"MEYDAN.TV","article_published_time":"2021-12-10T10:45:01+00:00","article_modified_time":"2021-12-10T10:45:06+00:00","og_image":[{"width":2560,"height":1920,"url":"https:\/\/www.meydan.tv\/wp-content\/uploads\/image00037-1-scaled.jpeg","type":"image\/jpeg"}],"author":"elli","twitter_card":"summary_large_image","twitter_creator":"@elli","schema":{"@context":"https:\/\/schema.org","@graph":[{"@type":"Article","@id":"https:\/\/www.meydan.tv\/az\/article\/xizi-sakini-adam-qazdan-otru-de-prezidente-muraciet-etmeye-utanir\/#article","isPartOf":{"@id":"https:\/\/www.meydan.tv\/az\/article\/xizi-sakini-adam-qazdan-otru-de-prezidente-muraciet-etmeye-utanir\/"},"author":{"name":"elli","@id":"https:\/\/www.meydan.tv\/az\/#\/schema\/person\/9cdbecf90d17180ce1dfbd95b08dcf47"},"headline":"X\u0131z\u0131 sakini: \u201cAdam qazdan \u00f6tr\u00fc d\u0259 prezident\u0259 m\u00fcraci\u0259t etm\u0259y\u0259 utan\u0131r\u201d","datePublished":"2021-12-10T10:45:01+00:00","dateModified":"2021-12-10T10:45:06+00:00","mainEntityOfPage":{"@id":"https:\/\/www.meydan.tv\/az\/article\/xizi-sakini-adam-qazdan-otru-de-prezidente-muraciet-etmeye-utanir\/"},"wordCount":734,"publisher":{"@id":"https:\/\/www.meydan.tv\/az\/#organization"},"image":{"@id":"https:\/\/www.meydan.tv\/az\/article\/xizi-sakini-adam-qazdan-otru-de-prezidente-muraciet-etmeye-utanir\/#primaryimage"},"thumbnailUrl":"https:\/\/www.meydan.tv\/wp-content\/uploads\/image00037-1-scaled.jpeg","articleSection":["B\u00f6lg\u0259","T\u00f6vsiy\u0259","X\u0259b\u0259rl\u0259r"],"inLanguage":"az"},{"@type":"WebPage","@id":"https:\/\/www.meydan.tv\/az\/article\/xizi-sakini-adam-qazdan-otru-de-prezidente-muraciet-etmeye-utanir\/","url":"https:\/\/www.meydan.tv\/az\/article\/xizi-sakini-adam-qazdan-otru-de-prezidente-muraciet-etmeye-utanir\/","name":"X\u0131z\u0131 sakini: \u201cAdam qazdan \u00f6tr\u00fc d\u0259 prezident\u0259 m\u00fcraci\u0259t etm\u0259y\u0259 utan\u0131r\u201d - MEYDAN.TV","isPartOf":{"@id":"https:\/\/www.meydan.tv\/az\/#website"},"primaryImageOfPage":{"@id":"https:\/\/www.meydan.tv\/az\/article\/xizi-sakini-adam-qazdan-otru-de-prezidente-muraciet-etmeye-utanir\/#primaryimage"},"image":{"@id":"https:\/\/www.meydan.tv\/az\/article\/xizi-sakini-adam-qazdan-otru-de-prezidente-muraciet-etmeye-utanir\/#primaryimage"},"thumbnailUrl":"https:\/\/www.meydan.tv\/wp-content\/uploads\/image00037-1-scaled.jpeg","datePublished":"2021-12-10T10:45:01+00:00","dateModified":"2021-12-10T10:45:06+00:00","breadcrumb":{"@id":"https:\/\/www.meydan.tv\/az\/article\/xizi-sakini-adam-qazdan-otru-de-prezidente-muraciet-etmeye-utanir\/#breadcrumb"},"inLanguage":"az","potentialAction":[{"@type":"ReadAction","target":["https:\/\/www.meydan.tv\/az\/article\/xizi-sakini-adam-qazdan-otru-de-prezidente-muraciet-etmeye-utanir\/"]}]},{"@type":"ImageObject","inLanguage":"az","@id":"https:\/\/www.meydan.tv\/az\/article\/xizi-sakini-adam-qazdan-otru-de-prezidente-muraciet-etmeye-utanir\/#primaryimage","url":"https:\/\/www.meydan.tv\/wp-content\/uploads\/image00037-1-scaled.jpeg","contentUrl":"https:\/\/www.meydan.tv\/wp-content\/uploads\/image00037-1-scaled.jpeg","width":2560,"height":1920,"caption":"\u018ffqan Abdullayevin evi, Foto: Meydan TV"},{"@type":"BreadcrumbList","@id":"https:\/\/www.meydan.tv\/az\/article\/xizi-sakini-adam-qazdan-otru-de-prezidente-muraciet-etmeye-utanir\/#breadcrumb","itemListElement":[{"@type":"ListItem","position":1,"name":"Ana s\u0259hif\u0259","item":"https:\/\/www.meydan.tv\/az\/"},{"@type":"ListItem","position":2,"name":"B\u00f6lg\u0259","item":"https:\/\/www.meydan.tv\/az\/section\/bolge\/"},{"@type":"ListItem","position":3,"name":"X\u0131z\u0131 sakini: \u201cAdam qazdan \u00f6tr\u00fc d\u0259 prezident\u0259 m\u00fcraci\u0259t etm\u0259y\u0259 utan\u0131r\u201d"}]},{"@type":"WebSite","@id":"https:\/\/www.meydan.tv\/az\/#website","url":"https:\/\/www.meydan.tv\/az\/","name":"MEYDAN.TV","description":"Meydan TV Az\u0259rbaycan\u0131n media m\u0259kan\u0131ndak\u0131 alternativ s\u0259sidir","publisher":{"@id":"https:\/\/www.meydan.tv\/az\/#organization"},"potentialAction":[{"@type":"SearchAction","target":{"@type":"EntryPoint","urlTemplate":"https:\/\/www.meydan.tv\/az\/?s={search_term_string}"},"query-input":{"@type":"PropertyValueSpecification","valueRequired":true,"valueName":"search_term_string"}}],"inLanguage":"az"},{"@type":"Organization","@id":"https:\/\/www.meydan.tv\/az\/#organization","name":"Meydan TV","url":"https:\/\/www.meydan.tv\/az\/","logo":{"@type":"ImageObject","inLanguage":"az","@id":"https:\/\/www.meydan.tv\/az\/#\/schema\/logo\/image\/","url":"https:\/\/www.meydan.tv\/wp-content\/uploads\/2021\/07\/meydan-logo.svg","contentUrl":"https:\/\/www.meydan.tv\/wp-content\/uploads\/2021\/07\/meydan-logo.svg","width":195,"height":46,"caption":"Meydan TV"},"image":{"@id":"https:\/\/www.meydan.tv\/az\/#\/schema\/logo\/image\/"}},{"@type":"Person","@id":"https:\/\/www.meydan.tv\/az\/#\/schema\/person\/9cdbecf90d17180ce1dfbd95b08dcf47","name":"elli","sameAs":["https:\/\/x.com\/elli"]}]}},"_links":{"self":[{"href":"https:\/\/www.meydan.tv\/az\/wp-json\/wp\/v2\/posts\/228973","targetHints":{"allow":["GET"]}}],"collection":[{"href":"https:\/\/www.meydan.tv\/az\/wp-json\/wp\/v2\/posts"}],"about":[{"href":"https:\/\/www.meydan.tv\/az\/wp-json\/wp\/v2\/types\/post"}],"author":[{"embeddable":true,"href":"https:\/\/www.meydan.tv\/az\/wp-json\/wp\/v2\/users\/8"}],"replies":[{"embeddable":true,"href":"https:\/\/www.meydan.tv\/az\/wp-json\/wp\/v2\/comments?post=228973"}],"version-history":[{"count":2,"href":"https:\/\/www.meydan.tv\/az\/wp-json\/wp\/v2\/posts\/228973\/revisions"}],"predecessor-version":[{"id":228975,"href":"https:\/\/www.meydan.tv\/az\/wp-json\/wp\/v2\/posts\/228973\/revisions\/228975"}],"wp:featuredmedia":[{"embeddable":true,"href":"https:\/\/www.meydan.tv\/az\/wp-json\/wp\/v2\/media\/228967"}],"wp:attachment":[{"href":"https:\/\/www.meydan.tv\/az\/wp-json\/wp\/v2\/media?parent=228973"}],"wp:term":[{"taxonomy":"category","embeddable":true,"href":"https:\/\/www.meydan.tv\/az\/wp-json\/wp\/v2\/categories?post=228973"},{"taxonomy":"post_tag","embeddable":true,"href":"https:\/\/www.meydan.tv\/az\/wp-json\/wp\/v2\/tags?post=228973"}],"curies":[{"name":"wp","href":"https:\/\/api.w.org\/{rel}","templated":true}]}}