{"id":228934,"date":"2021-12-10T12:46:15","date_gmt":"2021-12-10T08:46:15","guid":{"rendered":"https:\/\/www.meydan.tv\/?p=228934"},"modified":"2021-12-10T14:12:40","modified_gmt":"2021-12-10T10:12:40","slug":"ogluna-donor-olan-ata-emeliyyat-ucun-yardim-isteyir","status":"publish","type":"post","link":"https:\/\/www.meydan.tv\/az\/article\/ogluna-donor-olan-ata-emeliyyat-ucun-yardim-isteyir\/","title":{"rendered":"O\u011fluna donor olan ata \u0259m\u0259liyyat \u00fc\u00e7\u00fcn yard\u0131m ist\u0259yir"},"content":{"rendered":"\n<p><em><em>11 ya\u015fl\u0131 \u018ffsun V\u0259lizad\u0259 qaraciy\u0259r v\u0259 b\u00f6yr\u0259k \u00e7at\u0131\u015fmazl\u0131\u011f\u0131ndan \u0259ziyy\u0259t \u00e7\u0259kir<\/em><\/em><br><\/p>\n\n\n\n<p>\u015e\u0259kinin Ba\u015f G\u00f6yn\u00fck k\u0259nd sakini \u018fv\u0259z V\u0259liyev o\u011flunun ya\u015famas\u0131 \u00fc\u00e7\u00fcn yard\u0131m ist\u0259yir.<br><\/p>\n\n\n\n<p>O, Meydan TV-y\u0259 deyib ki, 11 ya\u015fl\u0131 o\u011flu \u018ffsun V\u0259lizad\u0259 b\u00f6yr\u0259k polikistozu v\u0259 qaraciy\u0259r sirrozundan \u0259ziyy\u0259t \u00e7\u0259kir.<br><\/p>\n\n\n\n<p>Atan\u0131n s\u00f6zl\u0259rin\u0259 g\u00f6r\u0259, \u018ffsun do\u011fulduqdan bir m\u00fcdd\u0259t sonra g\u00f6b\u0259yin\u0259 infeksiya d\u00fc\u015f\u00fcb, sepsis x\u0259st\u0259liyi ke\u00e7irib:<br><\/p>\n\n\n\n<p>\u201cYeni do\u011fulan u\u015faq infeksiyadan sonra bir aya q\u0259d\u0259r x\u0259st\u0259xanalarda m\u00fcalic\u0259 olundu, sa\u011fald\u0131. V\u0259ziyy\u0259ti yax\u015f\u0131 idi. Bir m\u00fcdd\u0259t \u00f6nc\u0259 q\u0131zd\u0131rmas\u0131 qalxma\u011fa ba\u015flad\u0131. M\u00fcayin\u0259 zaman\u0131 b\u00f6yr\u0259k polikistozu x\u0259st\u0259liyi a\u015fkarlad\u0131lar. Ba\u015flad\u0131q, b\u00f6yr\u0259yin m\u00fcalic\u0259sin\u0259. Bu h\u0259kim- o h\u0259kim g\u0259z\u0259nd\u0259, bu d\u0259f\u0259 d\u0259 qaraciy\u0259rd\u0259 problem \u00e7\u0131xd\u0131. Bu ilin mart\u0131ndan u\u015faq dializ\u0259 d\u00fc\u015f\u00fcb. \u015e\u0259ki il\u0259 Bak\u0131 yolunda qalm\u0131\u015f\u0131q, h\u0259ft\u0259d\u0259 \u00fc\u00e7 d\u0259f\u0259 u\u015fa\u011fa dializ qo\u015fulur\u201d.<br><\/p>\n\n\n\n<p>Haz\u0131rda u\u015fa\u011f\u0131n m\u00fcalic\u0259si M\u0259rk\u0259zi Klinikada apar\u0131l\u0131r.<br><\/p>\n\n\n\n<p>\u018fv\u0259z V\u0259liyevin s\u00f6zl\u0259rin\u0259 g\u00f6r\u0259, 11 ya\u015fl\u0131 \u018ffsuna qaraciy\u0259r k\u00f6\u00e7\u00fcr\u00fclm\u0259lidir. Bunun \u00fc\u00e7\u00fcn is\u0259 \u00fcmumilikd\u0259 70 min manat laz\u0131md\u0131r:<br><\/p>\n\n\n\n<p>\u201cDonor \u00f6z\u00fcm\u0259m. \u00c7\u0131x\u0131\u015f yolu ancaq \u0259m\u0259liyyatd\u0131r. \u0130mkan\u0131 olanlardan k\u00f6m\u0259k ist\u0259yir\u0259m\u201d.<br><\/p>\n\n\n\n<p>Az\u0259rbaycanda ilk d\u0259f\u0259 orqan transplantasiyas\u0131 (b\u00f6yr\u0259k k\u00f6\u00e7\u00fcr\u00fclm\u0259si-red.) 1971-ci ild\u0259 akademik Mirm\u0259mm\u0259d Cavadzad\u0259 t\u0259r\u0259find\u0259n icra olunub. M\u00fc\u0259yy\u0259n s\u0259b\u0259bl\u0259rd\u0259n bu i\u015f dayan\u0131b. 2008-ci ild\u0259n Az\u0259rbaycanda orqan k\u00f6\u00e7\u00fcr\u00fclm\u0259si b\u0259rpa edilib. \u018fm\u0259liyyatlar M\u0259rk\u0259zi Neft\u00e7il\u0259r X\u0259st\u0259xanas\u0131n\u0131n \u0130nsan Orqan v\u0259 Toxumalar\u0131n\u0131n Transplantasiyas\u0131 M\u0259rk\u0259zinin r\u0259hb\u0259ri, c\u0259rrah-transplantoloq Mirc\u0259lal Kaz\u0131mi t\u0259r\u0259find\u0259n apar\u0131lma\u011fa ba\u015flan\u0131b.<br>Mirc\u0259lal Kaz\u0131mi 2008-2021-ci ill\u0259r aras\u0131nda \u00fcmumilikd\u0259 1500-d\u0259n \u00e7ox orqan transplantasiyas\u0131 icra <a href=\"https:\/\/aztibb.az\/az\/news\/11634-bu-gune-kimi-1500-den-cox-orqan-transplantasiyasi-icra-etmisik-mircelal-kazimi\" target=\"_blank\" rel=\"noreferrer noopener\">edib<\/a>.<br><br>Bu ilin avqustuna olan n\u0259tic\u0259l\u0259r\u0259 g\u00f6r\u0259, 293 n\u0259f\u0259r\u0259 qaraciy\u0259r k\u00f6\u00e7\u00fcr\u00fcl\u00fcb. \u018fm\u0259liyyat daha \u00e7ox b\u00f6y\u00fckl\u0259rd\u0259 apar\u0131l\u0131b \u2013 248 (84.6 %) n\u0259f\u0259r. Qaraciy\u0259r transplantologiyas\u0131 olan ki\u015fil\u0259r \u00e7oxluq t\u0259\u015fkil edib \u2013 167 n\u0259f\u0259r (56 %). Qad\u0131nlar 126 (43 %), u\u015faqlar is\u0259 45 (15,3 %) n\u0259f\u0259rdir.<br><\/p>\n\n\n\n<p>\u201cR\u0259q\u0259ml\u0259r real x\u0259st\u0259l\u0259rin say\u0131ndan x\u0259b\u0259r vermir. \u018fm\u0259liyyata ehtiyac\u0131 olan x\u0259st\u0259l\u0259rin say\u0131 bu r\u0259q\u0259md\u0259n daha y\u00fcks\u0259kdir. Gecikm\u0259l\u0259r, maddi imkans\u0131zl\u0131qdan v\u0259 orqan \u00e7at\u0131\u015fmazl\u0131\u011f\u0131 s\u0259b\u0259bind\u0259n ba\u015f verir\u201d, &#8211; Mirc\u0259lal Kaz\u0131mi <a href=\"https:\/\/www.youtube.com\/watch?v=UEdQrMFTDxg&amp;t=557s\" target=\"_blank\" rel=\"noreferrer noopener\">a\u00e7\u0131qlama<\/a>s\u0131nda deyib.<br><\/p>\n\n\n\n<p>Az\u0259rbaycanda yaln\u0131z canl\u0131 qohum orqanlar\u0131ndan istifad\u0259 ed\u0259r\u0259k, k\u00f6\u00e7\u00fcrm\u0259 \u0259m\u0259liyyat\u0131 apar\u0131l\u0131r.<br><\/p>\n\n\n\n<p>1999-cu ild\u0259 q\u0259bul olunan \u201c\u0130nsan orqan v\u0259 (v\u0259 ya) toxumalar\u0131n\u0131n transplantasiyas\u0131 haqq\u0131nda\u201d qanuna \u0259sas\u0259n \u015f\u0259xs sa\u011fl\u0131\u011f\u0131nda donorlu\u011fa yaz\u0131l\u0131 raz\u0131l\u0131\u011f\u0131n\u0131 bildir\u0259rs\u0259, \u00f6l\u00fcm\u00fcnd\u0259n sonra transplantasiya m\u0259qs\u0259dil\u0259 onun orqan v\u0259 toxumalar\u0131ndan istifad\u0259y\u0259 icaz\u0259 verilir. Qanun buna icaz\u0259 vers\u0259 d\u0259, bu g\u00fcn\u0259 q\u0259d\u0259r Az\u0259rbaycanda h\u0259l\u0259 d\u0259 bel\u0259 \u0259m\u0259liyyat icra olunmay\u0131b.<br><\/p>\n\n\n\n<p>Qanunun t\u0259l\u0259bin\u0259 \u0259sas\u0259n orqan\u0131n ba\u011f\u0131\u015flanmas\u0131 k\u00f6n\u00fcll\u00fcl\u00fck \u0259sas\u0131nda h\u0259yata ke\u00e7irilir. Orqan\u0131n sat\u0131lmas\u0131na icaz\u0259 verilmir v\u0259 buna g\u00f6r\u0259 qanunvericilikd\u0259 c\u0259za qaydalar\u0131 m\u00f6vcuddur.<br><\/p>\n\n\n\n<p>Cinay\u0259t M\u0259c\u0259ll\u0259sin\u0259 \u0259sas\u0259n h\u0259r hans\u0131 bir insan orqanlar\u0131n\u0131n v\u0259 ya toxumalar\u0131n\u0131n alq\u0131-satq\u0131s\u0131 v\u0259 onlar\u0131n transplantasiya m\u0259qs\u0259dil\u0259 g\u00f6t\u00fcr\u00fclm\u0259sin\u0259 m\u0259cbur edil\u0259rs\u0259, qar\u015f\u0131 t\u0259r\u0259f\u0259 \u0259n az 2000 manatdan 5000 manatad\u0259k c\u0259rim\u0259 v\u0259 ya \u00fc\u00e7 il\u0259d\u0259k h\u0259bs c\u0259zas\u0131 g\u00f6zl\u0259yir.<br><\/p>\n\n\n\n<p>2020-ci ilin sonlar\u0131nda \u201c\u0130nsan orqan v\u0259 (v\u0259 ya) toxumalar\u0131n\u0131n transplantasiyas\u0131 haqq\u0131nda\u201d qanunda d\u0259yi\u015fiklik edilib. 2022-ci il yanvar\u0131n 1-d\u0259n q\u00fcvv\u0259y\u0259 min\u0259c\u0259k yeni qanunda insan orqanlar\u0131n\u0131n donorlu\u011fu, onlar\u0131n transplantasiyas\u0131n\u0131n t\u0259\u015fkili v\u0259 \u0259laq\u0259l\u0259ndirilm\u0259si, transplantasiya m\u0259qs\u0259dil\u0259 canl\u0131 donordan orqanlar\u0131n g\u00f6t\u00fcr\u00fclm\u0259si \u0259ksini <a href=\"https:\/\/president.az\/articles\/48608\" target=\"_blank\" rel=\"noreferrer noopener\">tap\u0131b<\/a>.<br><\/p>\n\n\n\n<figure class=\"wp-block-image size-large\"><img decoding=\"async\" width=\"1200\" height=\"482\" data-src=\"https:\/\/www.meydan.tv\/wp-content\/uploads\/img-20211207-wa0020-e1638877018440-1200x482.jpg\" alt=\"\" class=\"wp-image-228611 lazyload\" src=\"data:image\/svg+xml;base64,PHN2ZyB3aWR0aD0iMSIgaGVpZ2h0PSIxIiB4bWxucz0iaHR0cDovL3d3dy53My5vcmcvMjAwMC9zdmciPjwvc3ZnPg==\" style=\"--smush-placeholder-width: 1200px; --smush-placeholder-aspect-ratio: 1200\/482;\" \/><figcaption>\u018fv\u0259z V\u0259liyev, Foto: Meydan TV <\/figcaption><\/figure>\n\n\n\n<p>H\u0259m\u00e7inin yeni qanuna \u0259sas\u0259n, meyit orqanlar\u0131ndan istifad\u0259 m\u00fcmk\u00fcn olacaq.<br><\/p>\n\n\n\n<p>Canl\u0131 orqan k\u00f6\u00e7\u00fcr\u00fclm\u0259si yaln\u0131z canl\u0131 qohum donorundan qaraciy\u0259r v\u0259 b\u00f6yr\u0259kl\u0259 m\u0259hdudla\u015f\u0131r. Yeni qanunla meyit orqanlar\u0131ndan istifad\u0259 il\u0259 dig\u0259r orqanlar\u0131n da transplantasiyas\u0131na geni\u015f yer veril\u0259c\u0259k.<br><\/p>\n\n\n\n<p>Haz\u0131rda qaraciy\u0259r transplantasiyas\u0131 \u0259m\u0259liyyat\u0131 M\u0259rk\u0259zi G\u00f6mr\u00fck Hospital\u0131, M\u0259rk\u0259zi Neft\u00e7il\u0259r X\u0259st\u0259xanas\u0131, M\u0259rk\u0259zi Klinika, Respublika M\u00fcalic\u0259vi Diaqnostika M\u0259rk\u0259zi, Az\u0259rbaycan Tibb Universitetinin T\u0259dris-C\u0259rrahiyy\u0259 Klinikas\u0131, G\u0259nc\u0259 M\u00fcalic\u0259 Diaqnostika M\u0259rk\u0259zind\u0259 <a href=\"http:\/\/www.e-qanun.az\/framework\/22570\" target=\"_blank\" rel=\"noreferrer noopener\">apar\u0131l\u0131r<\/a>.<br><\/p>\n\n\n\n<p>Az\u0259rbaycanda qaraciy\u0259r k\u00f6\u00e7\u00fcr\u00fclm\u0259si \u0259m\u0259liyyat\u0131 40-45 min, b\u00f6yr\u0259k k\u00f6\u00e7\u00fcr\u00fclm\u0259si is\u0259 t\u0259xmin\u0259n 12 min manat civar\u0131ndad\u0131r. Bu qiym\u0259t\u0259 h\u0259m x\u0259st\u0259nin, h\u0259m d\u0259 donorun \u0259m\u0259liyyat\u0131, d\u0259rmanlarla t\u0259min edilm\u0259si <a href=\"https:\/\/www.youtube.com\/watch?v=jLWgUrV-DXE\" target=\"_blank\" rel=\"noreferrer noopener\">daxildir<\/a>.<br><\/p>\n\n\n\n<p>\u0130cbari Tibbi S\u0131\u011forta Agentliyind\u0259n Meydan TV-y\u0259 bildirilib ki, orqan k\u00f6\u00e7\u00fcr\u00fclm\u0259si \u0259m\u0259liyyat\u0131 s\u0131\u011forta xidm\u0259tl\u0259ri z\u0259rfin\u0259 daxil deyil.<\/p>\n","protected":false},"excerpt":{"rendered":"<p>11 ya\u015fl\u0131 \u018ffsun V\u0259lizad\u0259 qaraciy\u0259r v\u0259 b\u00f6yr\u0259k \u00e7at\u0131\u015fmazl\u0131\u011f\u0131ndan \u0259ziyy\u0259t \u00e7\u0259kir &#8230; <\/p>\n<p class=\"read-more-container\"><a title=\"O\u011fluna donor olan ata \u0259m\u0259liyyat \u00fc\u00e7\u00fcn yard\u0131m ist\u0259yir\" class=\"read-more button\" href=\"https:\/\/www.meydan.tv\/az\/article\/ogluna-donor-olan-ata-emeliyyat-ucun-yardim-isteyir\/#more-228934\" aria-label=\"Read more about O\u011fluna donor olan ata \u0259m\u0259liyyat \u00fc\u00e7\u00fcn yard\u0131m ist\u0259yir\">Davam\u0131<\/a><\/p>\n","protected":false},"author":8,"featured_media":228608,"comment_status":"closed","ping_status":"closed","sticky":false,"template":"","format":"standard","meta":{"_acf_changed":false,"_sitemap_exclude":false,"_sitemap_priority":"","_sitemap_frequency":"","footnotes":""},"categories":[54,79,56],"tags":[],"class_list":["post-228934","post","type-post","status-publish","format-standard","has-post-thumbnail","hentry","category-sagliq","category-featured","category-xeberler","infinite-scroll-item","generate-columns","tablet-grid-50","mobile-grid-100","grid-parent","grid-33","no-featured-image-padding"],"acf":[],"yoast_head":"<!-- This site is optimized with the Yoast SEO plugin v27.4 - https:\/\/yoast.com\/product\/yoast-seo-wordpress\/ -->\n<title>O\u011fluna donor olan ata \u0259m\u0259liyyat \u00fc\u00e7\u00fcn yard\u0131m ist\u0259yir - MEYDAN.TV<\/title>\n<meta name=\"robots\" content=\"index, follow, max-snippet:-1, max-image-preview:large, max-video-preview:-1\" \/>\n<link rel=\"canonical\" href=\"https:\/\/www.meydan.tv\/az\/article\/ogluna-donor-olan-ata-emeliyyat-ucun-yardim-isteyir\/\" \/>\n<meta property=\"og:locale\" content=\"az_AZ\" \/>\n<meta property=\"og:type\" content=\"article\" \/>\n<meta property=\"og:title\" content=\"O\u011fluna donor olan ata \u0259m\u0259liyyat \u00fc\u00e7\u00fcn yard\u0131m ist\u0259yir - MEYDAN.TV\" \/>\n<meta property=\"og:description\" content=\"11 ya\u015fl\u0131 \u018ffsun V\u0259lizad\u0259 qaraciy\u0259r v\u0259 b\u00f6yr\u0259k \u00e7at\u0131\u015fmazl\u0131\u011f\u0131ndan \u0259ziyy\u0259t \u00e7\u0259kir ... Davam\u0131\" \/>\n<meta property=\"og:url\" content=\"https:\/\/www.meydan.tv\/az\/article\/ogluna-donor-olan-ata-emeliyyat-ucun-yardim-isteyir\/\" \/>\n<meta property=\"og:site_name\" content=\"MEYDAN.TV\" \/>\n<meta property=\"article:published_time\" content=\"2021-12-10T08:46:15+00:00\" \/>\n<meta property=\"article:modified_time\" content=\"2021-12-10T10:12:40+00:00\" \/>\n<meta property=\"og:image\" content=\"https:\/\/www.meydan.tv\/wp-content\/uploads\/cocuq.png\" \/>\n\t<meta property=\"og:image:width\" content=\"1280\" \/>\n\t<meta property=\"og:image:height\" content=\"624\" \/>\n\t<meta property=\"og:image:type\" content=\"image\/png\" \/>\n<meta name=\"author\" content=\"elli\" \/>\n<meta name=\"twitter:card\" content=\"summary_large_image\" \/>\n<meta name=\"twitter:creator\" content=\"@elli\" \/>\n<script type=\"application\/ld+json\" class=\"yoast-schema-graph\">{\"@context\":\"https:\\\/\\\/schema.org\",\"@graph\":[{\"@type\":\"Article\",\"@id\":\"https:\\\/\\\/www.meydan.tv\\\/az\\\/article\\\/ogluna-donor-olan-ata-emeliyyat-ucun-yardim-isteyir\\\/#article\",\"isPartOf\":{\"@id\":\"https:\\\/\\\/www.meydan.tv\\\/az\\\/article\\\/ogluna-donor-olan-ata-emeliyyat-ucun-yardim-isteyir\\\/\"},\"author\":{\"name\":\"elli\",\"@id\":\"https:\\\/\\\/www.meydan.tv\\\/az\\\/#\\\/schema\\\/person\\\/9cdbecf90d17180ce1dfbd95b08dcf47\"},\"headline\":\"O\u011fluna donor olan ata \u0259m\u0259liyyat \u00fc\u00e7\u00fcn yard\u0131m ist\u0259yir\",\"datePublished\":\"2021-12-10T08:46:15+00:00\",\"dateModified\":\"2021-12-10T10:12:40+00:00\",\"mainEntityOfPage\":{\"@id\":\"https:\\\/\\\/www.meydan.tv\\\/az\\\/article\\\/ogluna-donor-olan-ata-emeliyyat-ucun-yardim-isteyir\\\/\"},\"wordCount\":938,\"publisher\":{\"@id\":\"https:\\\/\\\/www.meydan.tv\\\/az\\\/#organization\"},\"image\":{\"@id\":\"https:\\\/\\\/www.meydan.tv\\\/az\\\/article\\\/ogluna-donor-olan-ata-emeliyyat-ucun-yardim-isteyir\\\/#primaryimage\"},\"thumbnailUrl\":\"https:\\\/\\\/www.meydan.tv\\\/wp-content\\\/uploads\\\/cocuq.png\",\"articleSection\":[\"Sa\u011fl\u0131q\",\"T\u00f6vsiy\u0259\",\"X\u0259b\u0259rl\u0259r\"],\"inLanguage\":\"az\"},{\"@type\":\"WebPage\",\"@id\":\"https:\\\/\\\/www.meydan.tv\\\/az\\\/article\\\/ogluna-donor-olan-ata-emeliyyat-ucun-yardim-isteyir\\\/\",\"url\":\"https:\\\/\\\/www.meydan.tv\\\/az\\\/article\\\/ogluna-donor-olan-ata-emeliyyat-ucun-yardim-isteyir\\\/\",\"name\":\"O\u011fluna donor olan ata \u0259m\u0259liyyat \u00fc\u00e7\u00fcn yard\u0131m ist\u0259yir - MEYDAN.TV\",\"isPartOf\":{\"@id\":\"https:\\\/\\\/www.meydan.tv\\\/az\\\/#website\"},\"primaryImageOfPage\":{\"@id\":\"https:\\\/\\\/www.meydan.tv\\\/az\\\/article\\\/ogluna-donor-olan-ata-emeliyyat-ucun-yardim-isteyir\\\/#primaryimage\"},\"image\":{\"@id\":\"https:\\\/\\\/www.meydan.tv\\\/az\\\/article\\\/ogluna-donor-olan-ata-emeliyyat-ucun-yardim-isteyir\\\/#primaryimage\"},\"thumbnailUrl\":\"https:\\\/\\\/www.meydan.tv\\\/wp-content\\\/uploads\\\/cocuq.png\",\"datePublished\":\"2021-12-10T08:46:15+00:00\",\"dateModified\":\"2021-12-10T10:12:40+00:00\",\"breadcrumb\":{\"@id\":\"https:\\\/\\\/www.meydan.tv\\\/az\\\/article\\\/ogluna-donor-olan-ata-emeliyyat-ucun-yardim-isteyir\\\/#breadcrumb\"},\"inLanguage\":\"az\",\"potentialAction\":[{\"@type\":\"ReadAction\",\"target\":[\"https:\\\/\\\/www.meydan.tv\\\/az\\\/article\\\/ogluna-donor-olan-ata-emeliyyat-ucun-yardim-isteyir\\\/\"]}]},{\"@type\":\"ImageObject\",\"inLanguage\":\"az\",\"@id\":\"https:\\\/\\\/www.meydan.tv\\\/az\\\/article\\\/ogluna-donor-olan-ata-emeliyyat-ucun-yardim-isteyir\\\/#primaryimage\",\"url\":\"https:\\\/\\\/www.meydan.tv\\\/wp-content\\\/uploads\\\/cocuq.png\",\"contentUrl\":\"https:\\\/\\\/www.meydan.tv\\\/wp-content\\\/uploads\\\/cocuq.png\",\"width\":1280,\"height\":624,\"caption\":\"\u018ffsun V\u0259lizad\u0259, Foto, Meydan TV\"},{\"@type\":\"BreadcrumbList\",\"@id\":\"https:\\\/\\\/www.meydan.tv\\\/az\\\/article\\\/ogluna-donor-olan-ata-emeliyyat-ucun-yardim-isteyir\\\/#breadcrumb\",\"itemListElement\":[{\"@type\":\"ListItem\",\"position\":1,\"name\":\"Ana s\u0259hif\u0259\",\"item\":\"https:\\\/\\\/www.meydan.tv\\\/az\\\/\"},{\"@type\":\"ListItem\",\"position\":2,\"name\":\"Sa\u011fl\u0131q\",\"item\":\"https:\\\/\\\/www.meydan.tv\\\/az\\\/section\\\/sagliq\\\/\"},{\"@type\":\"ListItem\",\"position\":3,\"name\":\"O\u011fluna donor olan ata \u0259m\u0259liyyat \u00fc\u00e7\u00fcn yard\u0131m ist\u0259yir\"}]},{\"@type\":\"WebSite\",\"@id\":\"https:\\\/\\\/www.meydan.tv\\\/az\\\/#website\",\"url\":\"https:\\\/\\\/www.meydan.tv\\\/az\\\/\",\"name\":\"MEYDAN.TV\",\"description\":\"Meydan TV Az\u0259rbaycan\u0131n media m\u0259kan\u0131ndak\u0131 alternativ s\u0259sidir\",\"publisher\":{\"@id\":\"https:\\\/\\\/www.meydan.tv\\\/az\\\/#organization\"},\"potentialAction\":[{\"@type\":\"SearchAction\",\"target\":{\"@type\":\"EntryPoint\",\"urlTemplate\":\"https:\\\/\\\/www.meydan.tv\\\/az\\\/?s={search_term_string}\"},\"query-input\":{\"@type\":\"PropertyValueSpecification\",\"valueRequired\":true,\"valueName\":\"search_term_string\"}}],\"inLanguage\":\"az\"},{\"@type\":\"Organization\",\"@id\":\"https:\\\/\\\/www.meydan.tv\\\/az\\\/#organization\",\"name\":\"Meydan TV\",\"url\":\"https:\\\/\\\/www.meydan.tv\\\/az\\\/\",\"logo\":{\"@type\":\"ImageObject\",\"inLanguage\":\"az\",\"@id\":\"https:\\\/\\\/www.meydan.tv\\\/az\\\/#\\\/schema\\\/logo\\\/image\\\/\",\"url\":\"https:\\\/\\\/www.meydan.tv\\\/wp-content\\\/uploads\\\/2021\\\/07\\\/meydan-logo.svg\",\"contentUrl\":\"https:\\\/\\\/www.meydan.tv\\\/wp-content\\\/uploads\\\/2021\\\/07\\\/meydan-logo.svg\",\"width\":195,\"height\":46,\"caption\":\"Meydan TV\"},\"image\":{\"@id\":\"https:\\\/\\\/www.meydan.tv\\\/az\\\/#\\\/schema\\\/logo\\\/image\\\/\"}},{\"@type\":\"Person\",\"@id\":\"https:\\\/\\\/www.meydan.tv\\\/az\\\/#\\\/schema\\\/person\\\/9cdbecf90d17180ce1dfbd95b08dcf47\",\"name\":\"elli\",\"sameAs\":[\"https:\\\/\\\/x.com\\\/elli\"]}]}<\/script>\n<!-- \/ Yoast SEO plugin. -->","yoast_head_json":{"title":"O\u011fluna donor olan ata \u0259m\u0259liyyat \u00fc\u00e7\u00fcn yard\u0131m ist\u0259yir - MEYDAN.TV","robots":{"index":"index","follow":"follow","max-snippet":"max-snippet:-1","max-image-preview":"max-image-preview:large","max-video-preview":"max-video-preview:-1"},"canonical":"https:\/\/www.meydan.tv\/az\/article\/ogluna-donor-olan-ata-emeliyyat-ucun-yardim-isteyir\/","og_locale":"az_AZ","og_type":"article","og_title":"O\u011fluna donor olan ata \u0259m\u0259liyyat \u00fc\u00e7\u00fcn yard\u0131m ist\u0259yir - MEYDAN.TV","og_description":"11 ya\u015fl\u0131 \u018ffsun V\u0259lizad\u0259 qaraciy\u0259r v\u0259 b\u00f6yr\u0259k \u00e7at\u0131\u015fmazl\u0131\u011f\u0131ndan \u0259ziyy\u0259t \u00e7\u0259kir ... Davam\u0131","og_url":"https:\/\/www.meydan.tv\/az\/article\/ogluna-donor-olan-ata-emeliyyat-ucun-yardim-isteyir\/","og_site_name":"MEYDAN.TV","article_published_time":"2021-12-10T08:46:15+00:00","article_modified_time":"2021-12-10T10:12:40+00:00","og_image":[{"width":1280,"height":624,"url":"https:\/\/www.meydan.tv\/wp-content\/uploads\/cocuq.png","type":"image\/png"}],"author":"elli","twitter_card":"summary_large_image","twitter_creator":"@elli","schema":{"@context":"https:\/\/schema.org","@graph":[{"@type":"Article","@id":"https:\/\/www.meydan.tv\/az\/article\/ogluna-donor-olan-ata-emeliyyat-ucun-yardim-isteyir\/#article","isPartOf":{"@id":"https:\/\/www.meydan.tv\/az\/article\/ogluna-donor-olan-ata-emeliyyat-ucun-yardim-isteyir\/"},"author":{"name":"elli","@id":"https:\/\/www.meydan.tv\/az\/#\/schema\/person\/9cdbecf90d17180ce1dfbd95b08dcf47"},"headline":"O\u011fluna donor olan ata \u0259m\u0259liyyat \u00fc\u00e7\u00fcn yard\u0131m ist\u0259yir","datePublished":"2021-12-10T08:46:15+00:00","dateModified":"2021-12-10T10:12:40+00:00","mainEntityOfPage":{"@id":"https:\/\/www.meydan.tv\/az\/article\/ogluna-donor-olan-ata-emeliyyat-ucun-yardim-isteyir\/"},"wordCount":938,"publisher":{"@id":"https:\/\/www.meydan.tv\/az\/#organization"},"image":{"@id":"https:\/\/www.meydan.tv\/az\/article\/ogluna-donor-olan-ata-emeliyyat-ucun-yardim-isteyir\/#primaryimage"},"thumbnailUrl":"https:\/\/www.meydan.tv\/wp-content\/uploads\/cocuq.png","articleSection":["Sa\u011fl\u0131q","T\u00f6vsiy\u0259","X\u0259b\u0259rl\u0259r"],"inLanguage":"az"},{"@type":"WebPage","@id":"https:\/\/www.meydan.tv\/az\/article\/ogluna-donor-olan-ata-emeliyyat-ucun-yardim-isteyir\/","url":"https:\/\/www.meydan.tv\/az\/article\/ogluna-donor-olan-ata-emeliyyat-ucun-yardim-isteyir\/","name":"O\u011fluna donor olan ata \u0259m\u0259liyyat \u00fc\u00e7\u00fcn yard\u0131m ist\u0259yir - MEYDAN.TV","isPartOf":{"@id":"https:\/\/www.meydan.tv\/az\/#website"},"primaryImageOfPage":{"@id":"https:\/\/www.meydan.tv\/az\/article\/ogluna-donor-olan-ata-emeliyyat-ucun-yardim-isteyir\/#primaryimage"},"image":{"@id":"https:\/\/www.meydan.tv\/az\/article\/ogluna-donor-olan-ata-emeliyyat-ucun-yardim-isteyir\/#primaryimage"},"thumbnailUrl":"https:\/\/www.meydan.tv\/wp-content\/uploads\/cocuq.png","datePublished":"2021-12-10T08:46:15+00:00","dateModified":"2021-12-10T10:12:40+00:00","breadcrumb":{"@id":"https:\/\/www.meydan.tv\/az\/article\/ogluna-donor-olan-ata-emeliyyat-ucun-yardim-isteyir\/#breadcrumb"},"inLanguage":"az","potentialAction":[{"@type":"ReadAction","target":["https:\/\/www.meydan.tv\/az\/article\/ogluna-donor-olan-ata-emeliyyat-ucun-yardim-isteyir\/"]}]},{"@type":"ImageObject","inLanguage":"az","@id":"https:\/\/www.meydan.tv\/az\/article\/ogluna-donor-olan-ata-emeliyyat-ucun-yardim-isteyir\/#primaryimage","url":"https:\/\/www.meydan.tv\/wp-content\/uploads\/cocuq.png","contentUrl":"https:\/\/www.meydan.tv\/wp-content\/uploads\/cocuq.png","width":1280,"height":624,"caption":"\u018ffsun V\u0259lizad\u0259, Foto, Meydan TV"},{"@type":"BreadcrumbList","@id":"https:\/\/www.meydan.tv\/az\/article\/ogluna-donor-olan-ata-emeliyyat-ucun-yardim-isteyir\/#breadcrumb","itemListElement":[{"@type":"ListItem","position":1,"name":"Ana s\u0259hif\u0259","item":"https:\/\/www.meydan.tv\/az\/"},{"@type":"ListItem","position":2,"name":"Sa\u011fl\u0131q","item":"https:\/\/www.meydan.tv\/az\/section\/sagliq\/"},{"@type":"ListItem","position":3,"name":"O\u011fluna donor olan ata \u0259m\u0259liyyat \u00fc\u00e7\u00fcn yard\u0131m ist\u0259yir"}]},{"@type":"WebSite","@id":"https:\/\/www.meydan.tv\/az\/#website","url":"https:\/\/www.meydan.tv\/az\/","name":"MEYDAN.TV","description":"Meydan TV Az\u0259rbaycan\u0131n media m\u0259kan\u0131ndak\u0131 alternativ s\u0259sidir","publisher":{"@id":"https:\/\/www.meydan.tv\/az\/#organization"},"potentialAction":[{"@type":"SearchAction","target":{"@type":"EntryPoint","urlTemplate":"https:\/\/www.meydan.tv\/az\/?s={search_term_string}"},"query-input":{"@type":"PropertyValueSpecification","valueRequired":true,"valueName":"search_term_string"}}],"inLanguage":"az"},{"@type":"Organization","@id":"https:\/\/www.meydan.tv\/az\/#organization","name":"Meydan TV","url":"https:\/\/www.meydan.tv\/az\/","logo":{"@type":"ImageObject","inLanguage":"az","@id":"https:\/\/www.meydan.tv\/az\/#\/schema\/logo\/image\/","url":"https:\/\/www.meydan.tv\/wp-content\/uploads\/2021\/07\/meydan-logo.svg","contentUrl":"https:\/\/www.meydan.tv\/wp-content\/uploads\/2021\/07\/meydan-logo.svg","width":195,"height":46,"caption":"Meydan TV"},"image":{"@id":"https:\/\/www.meydan.tv\/az\/#\/schema\/logo\/image\/"}},{"@type":"Person","@id":"https:\/\/www.meydan.tv\/az\/#\/schema\/person\/9cdbecf90d17180ce1dfbd95b08dcf47","name":"elli","sameAs":["https:\/\/x.com\/elli"]}]}},"_links":{"self":[{"href":"https:\/\/www.meydan.tv\/az\/wp-json\/wp\/v2\/posts\/228934","targetHints":{"allow":["GET"]}}],"collection":[{"href":"https:\/\/www.meydan.tv\/az\/wp-json\/wp\/v2\/posts"}],"about":[{"href":"https:\/\/www.meydan.tv\/az\/wp-json\/wp\/v2\/types\/post"}],"author":[{"embeddable":true,"href":"https:\/\/www.meydan.tv\/az\/wp-json\/wp\/v2\/users\/8"}],"replies":[{"embeddable":true,"href":"https:\/\/www.meydan.tv\/az\/wp-json\/wp\/v2\/comments?post=228934"}],"version-history":[{"count":3,"href":"https:\/\/www.meydan.tv\/az\/wp-json\/wp\/v2\/posts\/228934\/revisions"}],"predecessor-version":[{"id":228961,"href":"https:\/\/www.meydan.tv\/az\/wp-json\/wp\/v2\/posts\/228934\/revisions\/228961"}],"wp:featuredmedia":[{"embeddable":true,"href":"https:\/\/www.meydan.tv\/az\/wp-json\/wp\/v2\/media\/228608"}],"wp:attachment":[{"href":"https:\/\/www.meydan.tv\/az\/wp-json\/wp\/v2\/media?parent=228934"}],"wp:term":[{"taxonomy":"category","embeddable":true,"href":"https:\/\/www.meydan.tv\/az\/wp-json\/wp\/v2\/categories?post=228934"},{"taxonomy":"post_tag","embeddable":true,"href":"https:\/\/www.meydan.tv\/az\/wp-json\/wp\/v2\/tags?post=228934"}],"curies":[{"name":"wp","href":"https:\/\/api.w.org\/{rel}","templated":true}]}}