{"id":228926,"date":"2021-12-10T10:58:18","date_gmt":"2021-12-10T06:58:18","guid":{"rendered":"https:\/\/www.meydan.tv\/?p=228926"},"modified":"2021-12-10T10:58:20","modified_gmt":"2021-12-10T06:58:20","slug":"berde-sakini-prezidente-seslenirem-daha-bele-yasamaq-olmur","status":"publish","type":"post","link":"https:\/\/www.meydan.tv\/az\/article\/berde-sakini-prezidente-seslenirem-daha-bele-yasamaq-olmur\/","title":{"rendered":"B\u0259rd\u0259 sakini: \u201cPrezident\u0259 s\u0259sl\u0259nir\u0259m, daha bel\u0259 ya\u015famaq olmur\u201d"},"content":{"rendered":"\n<p><em>\u201cSah\u0259l\u0259rd\u0259 2 q\u0259pikd\u0259n g\u00f6y\u0259rti d\u0259st\u0259l\u0259yir\u0259m, dolana bilmir\u0259m, budur iqtisadi inki\u015faf?\u201d<\/em><br><\/p>\n\n\n\n<p>\u201cB\u0259l\u0259diyy\u0259d\u0259n g\u0259ldil\u0259r, ev\u0259 baxd\u0131lar, dedil\u0259r, biz d\u0259 yuxar\u0131lara yazaca\u011f\u0131q ki, s\u0259n\u0259 k\u00f6m\u0259k el\u0259sinl\u0259r, bu \u015f\u0259raitd\u0259 ya\u015famaq olmaz. Onlar da bel\u0259 getdi, sonradan n\u0259 s\u0259sl\u0259ri g\u0259ldi, n\u0259 k\u00f6m\u0259klik oldu. Bir az k\u00fcl\u0259k \u0259s\u0259nd\u0259 u\u015fa\u011f\u0131 \u00e7\u00f6ld\u0259 yat\u0131zd\u0131r\u0131ram ki, ev da\u011f\u0131lar, u\u015faq qalar da\u015f-k\u0259s\u0259k alt\u0131nda\u2026\u201d<br><\/p>\n\n\n\n<p><strong>\u201cK\u00fcl\u0259k \u0259s\u0259nd\u0259 yata\u011f\u0131m\u0131z\u0131 evd\u0259n k\u0259narda sal\u0131ram\u201d<br><\/strong><\/p>\n\n\n\n<p>B\u0259rd\u0259nin Samux k\u0259nd sakini Ar\u0259st\u0259 M\u0259mm\u0259dova d\u0259rdini Meydan TV il\u0259 b\u00f6l\u00fc\u015f\u00fcb. 10 il \u0259vv\u0259l h\u0259yat yolda\u015f\u0131n\u0131 itirmi\u015f Ar\u0259st\u0259 xan\u0131m d\u00f6rd \u00f6vladla t\u0259kba\u015f\u0131na qal\u0131b. Ail\u0259sini k\u0259ndd\u0259ki g\u00f6y\u0259rti sah\u0259l\u0259rind\u0259 \u00e7al\u0131\u015fmaqla doland\u0131r\u0131b. <\/p>\n\n\n\n<p>Q\u0131zlar\u0131 boya-ba\u015fa \u00e7atan kimi ail\u0259 qurublar. Haz\u0131ra Ar\u0259st\u0259 xan\u0131m 11 ya\u015fl\u0131 o\u011flunu b\u00f6y\u00fctm\u0259y\u0259 \u00e7al\u0131\u015f\u0131r. Ancaq deyir, bir g\u00fcn q\u0259zal\u0131 ev da\u011f\u0131lsa, o\u011fluyla ba\u011fl\u0131 arzular\u0131 da da\u015flar\u0131n alt\u0131nda qalacaq:<br><\/p>\n\n\n\n<p>\u201cEvim b\u0259rbadd\u0131r, ya\u011f\u0131\u015f ya\u011fanda otaqlar su il\u0259 dolmas\u0131n dey\u0259, vedr\u0259-l\u0259y\u0259nl\u0259r d\u00fcz\u00fcr\u0259m. Bir az k\u00fcl\u0259k \u0259s\u0259nd\u0259, u\u015fa\u011f\u0131 \u00e7\u00f6l\u0259 \u00e7\u0131xard\u0131ram, yor\u011fan-d\u00f6\u015f\u0259yimizi evd\u0259n aral\u0131 bir yerd\u0259n sal\u0131ram ki, ev da\u011f\u0131lsa, da\u015flar\u0131n alt\u0131nda qalmayaq. H\u0259r an i\u00e7imd\u0259 bir hiss var ki, m\u0259n bu u\u015fa\u011f\u0131 salamat b\u00f6y\u00fcd\u00fcb ba\u015fa \u00e7atd\u0131ra bilm\u0259y\u0259c\u0259m. Yayda q\u0131\u015fq\u0131r\u0131\u011f\u0131na ota\u011fa gir\u0259nd\u0259, g\u00f6rd\u00fcm ki, evin ortas\u0131nda ilan var. U\u015fa\u011f\u0131n dili tutuldu. Yay\u0131m\u0131z el\u0259 ke\u00e7ir, q\u0131\u015f\u0131m\u0131z da bel\u0259\u2026\u201d<br><\/p>\n\n\n\n<p><strong>\u201cDey\u0259s\u0259n m\u0259ktublar\u0131m\u0131z\u0131 zibil qutusuna at\u0131rlar\u201d<br><\/strong><\/p>\n\n\n\n<p>Ar\u0259st\u0259 xan\u0131m\u0131n s\u00f6zl\u0259rin\u0259 g\u00f6r\u0259, h\u0259m o\u011flunun, h\u0259m d\u0259 \u00f6z\u00fcn\u00fcn h\u0259yat\u0131 d\u0259f\u0259l\u0259rl\u0259 t\u0259hl\u00fck\u0259yl\u0259 \u00fczl\u0259\u015fib:<br><\/p>\n\n\n\n<figure class=\"wp-block-image size-full\"><img decoding=\"async\" width=\"1200\" height=\"800\" data-src=\"https:\/\/www.meydan.tv\/wp-content\/uploads\/untitled-design-2-4.gif\" alt=\"\" class=\"wp-image-228923 lazyload\" src=\"data:image\/svg+xml;base64,PHN2ZyB3aWR0aD0iMSIgaGVpZ2h0PSIxIiB4bWxucz0iaHR0cDovL3d3dy53My5vcmcvMjAwMC9zdmciPjwvc3ZnPg==\" style=\"--smush-placeholder-width: 1200px; --smush-placeholder-aspect-ratio: 1200\/800;\" \/><figcaption>Samux k\u0259nd sakini Ar\u0259st\u0259 M\u0259mm\u0259dova, Foto: Meydan TV<\/figcaption><\/figure>\n\n\n\n<p>\u201cYay-q\u0131\u015f onun-bunun \u0259kin sah\u0259sind\u0259 2 q\u0259pikd\u0259n g\u00f6y\u0259rti d\u0259st\u0259l\u0259yir\u0259m. Bundan ba\u015fqa he\u00e7 bir g\u0259lirim yoxdur. X\u0259st\u0259l\u0259n\u0259nd\u0259, ya u\u015faq qurd-qu\u015fdan qorxanda m\u0259cbur oluram ki, evd\u0259 qalam. Sah\u0259y\u0259 getm\u0259y\u0259n g\u00fcnl\u0259ri evd\u0259 u\u015faqla ac ke\u00e7irir\u0259m. Bir ana kimi \u00fcr\u0259yim yan\u0131r bu u\u015fa\u011fa\u2026 O da yax\u015f\u0131 qidalanmaq, yax\u015f\u0131 geyinm\u0259k, yax\u015f\u0131 m\u0259kt\u0259b\u0259 getm\u0259k ist\u0259yir. H\u00f6kum\u0259t bizi unudub, yazd\u0131\u011f\u0131m m\u0259ktublar da ya \u00fcnvan\u0131na \u00e7atm\u0131r, ya da \u00e7atd\u0131\u011f\u0131 \u00fcnvanda c\u0131r\u0131b zibil qutusuna at\u0131rlar. Burdan h\u00f6kum\u0259t\u0259, prezident\u0259 s\u0259sl\u0259nir\u0259m ki, daha bel\u0259 ya\u015famaq olmur, burdan o t\u0259r\u0259f\u0259 add\u0131mlamaq olmur. Bu u\u015fa\u011f\u0131 7 ild\u0259n sonra \u0259limd\u0259n al\u0131b h\u0259rbi xidm\u0259t\u0259 aparacaqlar. Ancaq qap\u0131n\u0131 d\u00f6y\u00fcb maraqlanan yoxdur ki, bu u\u015faq n\u0259 yeyir, n\u0259 geyinir, nec\u0259 b\u00f6y\u00fcy\u00fcr\u2026\u201d<br><\/p>\n\n\n\n<p><strong>\u201cEvin \u015f\u0259kill\u0259rini \u00e7\u0259kib, getdil\u0259r\u201d<br><\/strong><\/p>\n\n\n\n<p>Ar\u0259st\u0259 M\u0259mm\u0259dova deyir, m\u00fcraci\u0259t etm\u0259diyi, yazmad\u0131\u011f\u0131 qurum qalmay\u0131b. Yaln\u0131z bir d\u0259f\u0259 k\u0259nd b\u0259l\u0259diyy\u0259sind\u0259n g\u0259lib ev\u0259 bax\u0131\u015f ke\u00e7iribl\u0259r:<br><\/p>\n\n\n\n<p>\u201cG\u0259lib \u015f\u0259raitimiz\u0259 baxd\u0131lar, dedim, he\u00e7 olmasa evin t\u0259mirin\u0259 k\u00f6m\u0259k edin, he\u00e7 olmasa dam \u00f6rt\u00fcy\u00fcn\u00fc t\u0259mir edin, t\u0259k anayam, imkan\u0131m \u00e7atm\u0131r, \u0259l tutas\u0131 he\u00e7 kimim yoxdur. Evin \u015f\u0259kill\u0259rini \u00e7\u0259kdil\u0259r, dedil\u0259r, ged\u0259k, biz d\u0259 b\u0259zi yerl\u0259r\u0259 yazaq g\u00f6nd\u0259r\u0259k, k\u00f6m\u0259klik olunacaq. O ged\u0259n getdil\u0259r, he\u00e7 n\u0259 d\u0259 olmad\u0131\u201d.\u00a0<br><\/p>\n\n\n\n<p>B\u0259rd\u0259 Rayon \u0130cra Hakimiyy\u0259tind\u0259n Meydan TV-y\u0259 bildirilib ki, Samux k\u0259nd sakini d\u0259f\u0259l\u0259rl\u0259 quruma k\u00f6m\u0259k \u00fc\u00e7\u00fcn m\u00fcraci\u0259t edib:<br><\/p>\n\n\n\n<p>\u201cOna r\u0259smi m\u0259ktubla da cavab verilib. \u0130cra hakimiyy\u0259tin\u0259 v\u0259t\u0259nda\u015f\u0131n sosial probleml\u0259rini h\u0259ll etm\u0259k \u00fc\u00e7\u00fcn b\u00fcdc\u0259 ayr\u0131lm\u0131r. Bu m\u0259s\u0259l\u0259yl\u0259 aidiyy\u0259ti qurumlar m\u0259\u015f\u011ful olur. Xan\u0131ma d\u0259f\u0259l\u0259rl\u0259 izah olunub ki, bunun \u00fc\u00e7\u00fcn \u018fm\u0259k v\u0259 \u018fhalinin Sosial M\u00fcdafi\u0259si Nazirliyin\u0259 m\u00fcraci\u0259t etsin. \u0130\u015fl\u0259 ba\u011fl\u0131 M\u0259\u015f\u011fulluq M\u0259rk\u0259zin\u0259 m\u00fcraci\u0259t ed\u0259 bil\u0259r, haz\u0131rda d\u00f6vl\u0259tin i\u015fsizliyin aradan qald\u0131r\u0131lmas\u0131na g\u00f6r\u0259 bir ne\u00e7\u0259 layih\u0259si var, DOST \u0130\u015f M\u0259rk\u0259zi, \u00d6z\u00fcn\u0259m\u0259\u015f\u011fulluq Proqram\u0131 var, v\u0259t\u0259nda\u015f m\u00fcraci\u0259t ets\u0259, onu i\u015fl\u0259 t\u0259min ed\u0259rl\u0259r\u201d.<\/p>\n","protected":false},"excerpt":{"rendered":"<p>\u201cSah\u0259l\u0259rd\u0259 2 q\u0259pikd\u0259n g\u00f6y\u0259rti d\u0259st\u0259l\u0259yir\u0259m, dolana bilmir\u0259m, budur iqtisadi inki\u015faf?\u201d &#8230; <\/p>\n<p class=\"read-more-container\"><a title=\"B\u0259rd\u0259 sakini: \u201cPrezident\u0259 s\u0259sl\u0259nir\u0259m, daha bel\u0259 ya\u015famaq olmur\u201d\" class=\"read-more button\" href=\"https:\/\/www.meydan.tv\/az\/article\/berde-sakini-prezidente-seslenirem-daha-bele-yasamaq-olmur\/#more-228926\" aria-label=\"Read more about B\u0259rd\u0259 sakini: \u201cPrezident\u0259 s\u0259sl\u0259nir\u0259m, daha bel\u0259 ya\u015famaq olmur\u201d\">Davam\u0131<\/a><\/p>\n","protected":false},"author":8,"featured_media":228920,"comment_status":"closed","ping_status":"closed","sticky":false,"template":"","format":"standard","meta":{"_acf_changed":false,"_sitemap_exclude":false,"_sitemap_priority":"","_sitemap_frequency":"","footnotes":""},"categories":[60,79,56],"tags":[],"class_list":["post-228926","post","type-post","status-publish","format-standard","has-post-thumbnail","hentry","category-bolge","category-featured","category-xeberler","infinite-scroll-item","generate-columns","tablet-grid-50","mobile-grid-100","grid-parent","grid-33","no-featured-image-padding"],"acf":[],"yoast_head":"<!-- This site is optimized with the Yoast SEO plugin v27.5 - https:\/\/yoast.com\/product\/yoast-seo-wordpress\/ -->\n<title>B\u0259rd\u0259 sakini: \u201cPrezident\u0259 s\u0259sl\u0259nir\u0259m, daha bel\u0259 ya\u015famaq olmur\u201d - MEYDAN.TV<\/title>\n<meta name=\"robots\" content=\"index, follow, max-snippet:-1, max-image-preview:large, max-video-preview:-1\" \/>\n<link rel=\"canonical\" href=\"https:\/\/www.meydan.tv\/az\/article\/berde-sakini-prezidente-seslenirem-daha-bele-yasamaq-olmur\/\" \/>\n<meta property=\"og:locale\" content=\"az_AZ\" \/>\n<meta property=\"og:type\" content=\"article\" \/>\n<meta property=\"og:title\" content=\"B\u0259rd\u0259 sakini: \u201cPrezident\u0259 s\u0259sl\u0259nir\u0259m, daha bel\u0259 ya\u015famaq olmur\u201d - MEYDAN.TV\" \/>\n<meta property=\"og:description\" content=\"\u201cSah\u0259l\u0259rd\u0259 2 q\u0259pikd\u0259n g\u00f6y\u0259rti d\u0259st\u0259l\u0259yir\u0259m, dolana bilmir\u0259m, budur iqtisadi inki\u015faf?\u201d ... Davam\u0131\" \/>\n<meta property=\"og:url\" content=\"https:\/\/www.meydan.tv\/az\/article\/berde-sakini-prezidente-seslenirem-daha-bele-yasamaq-olmur\/\" \/>\n<meta property=\"og:site_name\" content=\"MEYDAN.TV\" \/>\n<meta property=\"article:published_time\" content=\"2021-12-10T06:58:18+00:00\" \/>\n<meta property=\"article:modified_time\" content=\"2021-12-10T06:58:20+00:00\" \/>\n<meta property=\"og:image\" content=\"https:\/\/www.meydan.tv\/wp-content\/uploads\/untitled-design-1-5-e1639119191167.gif\" \/>\n\t<meta property=\"og:image:width\" content=\"1200\" \/>\n\t<meta property=\"og:image:height\" content=\"648\" \/>\n\t<meta property=\"og:image:type\" content=\"image\/gif\" \/>\n<meta name=\"author\" content=\"elli\" \/>\n<meta name=\"twitter:card\" content=\"summary_large_image\" \/>\n<meta name=\"twitter:creator\" content=\"@elli\" \/>\n<script type=\"application\/ld+json\" class=\"yoast-schema-graph\">{\"@context\":\"https:\\\/\\\/schema.org\",\"@graph\":[{\"@type\":\"Article\",\"@id\":\"https:\\\/\\\/www.meydan.tv\\\/az\\\/article\\\/berde-sakini-prezidente-seslenirem-daha-bele-yasamaq-olmur\\\/#article\",\"isPartOf\":{\"@id\":\"https:\\\/\\\/www.meydan.tv\\\/az\\\/article\\\/berde-sakini-prezidente-seslenirem-daha-bele-yasamaq-olmur\\\/\"},\"author\":{\"name\":\"elli\",\"@id\":\"https:\\\/\\\/www.meydan.tv\\\/az\\\/#\\\/schema\\\/person\\\/9cdbecf90d17180ce1dfbd95b08dcf47\"},\"headline\":\"B\u0259rd\u0259 sakini: \u201cPrezident\u0259 s\u0259sl\u0259nir\u0259m, daha bel\u0259 ya\u015famaq olmur\u201d\",\"datePublished\":\"2021-12-10T06:58:18+00:00\",\"dateModified\":\"2021-12-10T06:58:20+00:00\",\"mainEntityOfPage\":{\"@id\":\"https:\\\/\\\/www.meydan.tv\\\/az\\\/article\\\/berde-sakini-prezidente-seslenirem-daha-bele-yasamaq-olmur\\\/\"},\"wordCount\":822,\"publisher\":{\"@id\":\"https:\\\/\\\/www.meydan.tv\\\/az\\\/#organization\"},\"image\":{\"@id\":\"https:\\\/\\\/www.meydan.tv\\\/az\\\/article\\\/berde-sakini-prezidente-seslenirem-daha-bele-yasamaq-olmur\\\/#primaryimage\"},\"thumbnailUrl\":\"https:\\\/\\\/www.meydan.tv\\\/wp-content\\\/uploads\\\/untitled-design-1-5-e1639119191167.gif\",\"articleSection\":[\"B\u00f6lg\u0259\",\"T\u00f6vsiy\u0259\",\"X\u0259b\u0259rl\u0259r\"],\"inLanguage\":\"az\"},{\"@type\":\"WebPage\",\"@id\":\"https:\\\/\\\/www.meydan.tv\\\/az\\\/article\\\/berde-sakini-prezidente-seslenirem-daha-bele-yasamaq-olmur\\\/\",\"url\":\"https:\\\/\\\/www.meydan.tv\\\/az\\\/article\\\/berde-sakini-prezidente-seslenirem-daha-bele-yasamaq-olmur\\\/\",\"name\":\"B\u0259rd\u0259 sakini: \u201cPrezident\u0259 s\u0259sl\u0259nir\u0259m, daha bel\u0259 ya\u015famaq olmur\u201d - MEYDAN.TV\",\"isPartOf\":{\"@id\":\"https:\\\/\\\/www.meydan.tv\\\/az\\\/#website\"},\"primaryImageOfPage\":{\"@id\":\"https:\\\/\\\/www.meydan.tv\\\/az\\\/article\\\/berde-sakini-prezidente-seslenirem-daha-bele-yasamaq-olmur\\\/#primaryimage\"},\"image\":{\"@id\":\"https:\\\/\\\/www.meydan.tv\\\/az\\\/article\\\/berde-sakini-prezidente-seslenirem-daha-bele-yasamaq-olmur\\\/#primaryimage\"},\"thumbnailUrl\":\"https:\\\/\\\/www.meydan.tv\\\/wp-content\\\/uploads\\\/untitled-design-1-5-e1639119191167.gif\",\"datePublished\":\"2021-12-10T06:58:18+00:00\",\"dateModified\":\"2021-12-10T06:58:20+00:00\",\"breadcrumb\":{\"@id\":\"https:\\\/\\\/www.meydan.tv\\\/az\\\/article\\\/berde-sakini-prezidente-seslenirem-daha-bele-yasamaq-olmur\\\/#breadcrumb\"},\"inLanguage\":\"az\",\"potentialAction\":[{\"@type\":\"ReadAction\",\"target\":[\"https:\\\/\\\/www.meydan.tv\\\/az\\\/article\\\/berde-sakini-prezidente-seslenirem-daha-bele-yasamaq-olmur\\\/\"]}]},{\"@type\":\"ImageObject\",\"inLanguage\":\"az\",\"@id\":\"https:\\\/\\\/www.meydan.tv\\\/az\\\/article\\\/berde-sakini-prezidente-seslenirem-daha-bele-yasamaq-olmur\\\/#primaryimage\",\"url\":\"https:\\\/\\\/www.meydan.tv\\\/wp-content\\\/uploads\\\/untitled-design-1-5-e1639119191167.gif\",\"contentUrl\":\"https:\\\/\\\/www.meydan.tv\\\/wp-content\\\/uploads\\\/untitled-design-1-5-e1639119191167.gif\",\"width\":1200,\"height\":648,\"caption\":\"Samux k\u0259nd sakini Ar\u0259st\u0259 M\u0259mm\u0259dovan\u0131n evi, Foto: Meydan TV\"},{\"@type\":\"BreadcrumbList\",\"@id\":\"https:\\\/\\\/www.meydan.tv\\\/az\\\/article\\\/berde-sakini-prezidente-seslenirem-daha-bele-yasamaq-olmur\\\/#breadcrumb\",\"itemListElement\":[{\"@type\":\"ListItem\",\"position\":1,\"name\":\"Ana s\u0259hif\u0259\",\"item\":\"https:\\\/\\\/www.meydan.tv\\\/az\\\/\"},{\"@type\":\"ListItem\",\"position\":2,\"name\":\"B\u00f6lg\u0259\",\"item\":\"https:\\\/\\\/www.meydan.tv\\\/az\\\/section\\\/bolge\\\/\"},{\"@type\":\"ListItem\",\"position\":3,\"name\":\"B\u0259rd\u0259 sakini: \u201cPrezident\u0259 s\u0259sl\u0259nir\u0259m, daha bel\u0259 ya\u015famaq olmur\u201d\"}]},{\"@type\":\"WebSite\",\"@id\":\"https:\\\/\\\/www.meydan.tv\\\/az\\\/#website\",\"url\":\"https:\\\/\\\/www.meydan.tv\\\/az\\\/\",\"name\":\"MEYDAN.TV\",\"description\":\"Meydan TV Az\u0259rbaycan\u0131n media m\u0259kan\u0131ndak\u0131 alternativ s\u0259sidir\",\"publisher\":{\"@id\":\"https:\\\/\\\/www.meydan.tv\\\/az\\\/#organization\"},\"potentialAction\":[{\"@type\":\"SearchAction\",\"target\":{\"@type\":\"EntryPoint\",\"urlTemplate\":\"https:\\\/\\\/www.meydan.tv\\\/az\\\/?s={search_term_string}\"},\"query-input\":{\"@type\":\"PropertyValueSpecification\",\"valueRequired\":true,\"valueName\":\"search_term_string\"}}],\"inLanguage\":\"az\"},{\"@type\":\"Organization\",\"@id\":\"https:\\\/\\\/www.meydan.tv\\\/az\\\/#organization\",\"name\":\"Meydan TV\",\"url\":\"https:\\\/\\\/www.meydan.tv\\\/az\\\/\",\"logo\":{\"@type\":\"ImageObject\",\"inLanguage\":\"az\",\"@id\":\"https:\\\/\\\/www.meydan.tv\\\/az\\\/#\\\/schema\\\/logo\\\/image\\\/\",\"url\":\"https:\\\/\\\/www.meydan.tv\\\/wp-content\\\/uploads\\\/2021\\\/07\\\/meydan-logo.svg\",\"contentUrl\":\"https:\\\/\\\/www.meydan.tv\\\/wp-content\\\/uploads\\\/2021\\\/07\\\/meydan-logo.svg\",\"width\":195,\"height\":46,\"caption\":\"Meydan TV\"},\"image\":{\"@id\":\"https:\\\/\\\/www.meydan.tv\\\/az\\\/#\\\/schema\\\/logo\\\/image\\\/\"}},{\"@type\":\"Person\",\"@id\":\"https:\\\/\\\/www.meydan.tv\\\/az\\\/#\\\/schema\\\/person\\\/9cdbecf90d17180ce1dfbd95b08dcf47\",\"name\":\"elli\",\"sameAs\":[\"https:\\\/\\\/x.com\\\/elli\"]}]}<\/script>\n<!-- \/ Yoast SEO plugin. -->","yoast_head_json":{"title":"B\u0259rd\u0259 sakini: \u201cPrezident\u0259 s\u0259sl\u0259nir\u0259m, daha bel\u0259 ya\u015famaq olmur\u201d - MEYDAN.TV","robots":{"index":"index","follow":"follow","max-snippet":"max-snippet:-1","max-image-preview":"max-image-preview:large","max-video-preview":"max-video-preview:-1"},"canonical":"https:\/\/www.meydan.tv\/az\/article\/berde-sakini-prezidente-seslenirem-daha-bele-yasamaq-olmur\/","og_locale":"az_AZ","og_type":"article","og_title":"B\u0259rd\u0259 sakini: \u201cPrezident\u0259 s\u0259sl\u0259nir\u0259m, daha bel\u0259 ya\u015famaq olmur\u201d - MEYDAN.TV","og_description":"\u201cSah\u0259l\u0259rd\u0259 2 q\u0259pikd\u0259n g\u00f6y\u0259rti d\u0259st\u0259l\u0259yir\u0259m, dolana bilmir\u0259m, budur iqtisadi inki\u015faf?\u201d ... Davam\u0131","og_url":"https:\/\/www.meydan.tv\/az\/article\/berde-sakini-prezidente-seslenirem-daha-bele-yasamaq-olmur\/","og_site_name":"MEYDAN.TV","article_published_time":"2021-12-10T06:58:18+00:00","article_modified_time":"2021-12-10T06:58:20+00:00","og_image":[{"width":1200,"height":648,"url":"https:\/\/www.meydan.tv\/wp-content\/uploads\/untitled-design-1-5-e1639119191167.gif","type":"image\/gif"}],"author":"elli","twitter_card":"summary_large_image","twitter_creator":"@elli","schema":{"@context":"https:\/\/schema.org","@graph":[{"@type":"Article","@id":"https:\/\/www.meydan.tv\/az\/article\/berde-sakini-prezidente-seslenirem-daha-bele-yasamaq-olmur\/#article","isPartOf":{"@id":"https:\/\/www.meydan.tv\/az\/article\/berde-sakini-prezidente-seslenirem-daha-bele-yasamaq-olmur\/"},"author":{"name":"elli","@id":"https:\/\/www.meydan.tv\/az\/#\/schema\/person\/9cdbecf90d17180ce1dfbd95b08dcf47"},"headline":"B\u0259rd\u0259 sakini: \u201cPrezident\u0259 s\u0259sl\u0259nir\u0259m, daha bel\u0259 ya\u015famaq olmur\u201d","datePublished":"2021-12-10T06:58:18+00:00","dateModified":"2021-12-10T06:58:20+00:00","mainEntityOfPage":{"@id":"https:\/\/www.meydan.tv\/az\/article\/berde-sakini-prezidente-seslenirem-daha-bele-yasamaq-olmur\/"},"wordCount":822,"publisher":{"@id":"https:\/\/www.meydan.tv\/az\/#organization"},"image":{"@id":"https:\/\/www.meydan.tv\/az\/article\/berde-sakini-prezidente-seslenirem-daha-bele-yasamaq-olmur\/#primaryimage"},"thumbnailUrl":"https:\/\/www.meydan.tv\/wp-content\/uploads\/untitled-design-1-5-e1639119191167.gif","articleSection":["B\u00f6lg\u0259","T\u00f6vsiy\u0259","X\u0259b\u0259rl\u0259r"],"inLanguage":"az"},{"@type":"WebPage","@id":"https:\/\/www.meydan.tv\/az\/article\/berde-sakini-prezidente-seslenirem-daha-bele-yasamaq-olmur\/","url":"https:\/\/www.meydan.tv\/az\/article\/berde-sakini-prezidente-seslenirem-daha-bele-yasamaq-olmur\/","name":"B\u0259rd\u0259 sakini: \u201cPrezident\u0259 s\u0259sl\u0259nir\u0259m, daha bel\u0259 ya\u015famaq olmur\u201d - MEYDAN.TV","isPartOf":{"@id":"https:\/\/www.meydan.tv\/az\/#website"},"primaryImageOfPage":{"@id":"https:\/\/www.meydan.tv\/az\/article\/berde-sakini-prezidente-seslenirem-daha-bele-yasamaq-olmur\/#primaryimage"},"image":{"@id":"https:\/\/www.meydan.tv\/az\/article\/berde-sakini-prezidente-seslenirem-daha-bele-yasamaq-olmur\/#primaryimage"},"thumbnailUrl":"https:\/\/www.meydan.tv\/wp-content\/uploads\/untitled-design-1-5-e1639119191167.gif","datePublished":"2021-12-10T06:58:18+00:00","dateModified":"2021-12-10T06:58:20+00:00","breadcrumb":{"@id":"https:\/\/www.meydan.tv\/az\/article\/berde-sakini-prezidente-seslenirem-daha-bele-yasamaq-olmur\/#breadcrumb"},"inLanguage":"az","potentialAction":[{"@type":"ReadAction","target":["https:\/\/www.meydan.tv\/az\/article\/berde-sakini-prezidente-seslenirem-daha-bele-yasamaq-olmur\/"]}]},{"@type":"ImageObject","inLanguage":"az","@id":"https:\/\/www.meydan.tv\/az\/article\/berde-sakini-prezidente-seslenirem-daha-bele-yasamaq-olmur\/#primaryimage","url":"https:\/\/www.meydan.tv\/wp-content\/uploads\/untitled-design-1-5-e1639119191167.gif","contentUrl":"https:\/\/www.meydan.tv\/wp-content\/uploads\/untitled-design-1-5-e1639119191167.gif","width":1200,"height":648,"caption":"Samux k\u0259nd sakini Ar\u0259st\u0259 M\u0259mm\u0259dovan\u0131n evi, Foto: Meydan TV"},{"@type":"BreadcrumbList","@id":"https:\/\/www.meydan.tv\/az\/article\/berde-sakini-prezidente-seslenirem-daha-bele-yasamaq-olmur\/#breadcrumb","itemListElement":[{"@type":"ListItem","position":1,"name":"Ana s\u0259hif\u0259","item":"https:\/\/www.meydan.tv\/az\/"},{"@type":"ListItem","position":2,"name":"B\u00f6lg\u0259","item":"https:\/\/www.meydan.tv\/az\/section\/bolge\/"},{"@type":"ListItem","position":3,"name":"B\u0259rd\u0259 sakini: \u201cPrezident\u0259 s\u0259sl\u0259nir\u0259m, daha bel\u0259 ya\u015famaq olmur\u201d"}]},{"@type":"WebSite","@id":"https:\/\/www.meydan.tv\/az\/#website","url":"https:\/\/www.meydan.tv\/az\/","name":"MEYDAN.TV","description":"Meydan TV Az\u0259rbaycan\u0131n media m\u0259kan\u0131ndak\u0131 alternativ s\u0259sidir","publisher":{"@id":"https:\/\/www.meydan.tv\/az\/#organization"},"potentialAction":[{"@type":"SearchAction","target":{"@type":"EntryPoint","urlTemplate":"https:\/\/www.meydan.tv\/az\/?s={search_term_string}"},"query-input":{"@type":"PropertyValueSpecification","valueRequired":true,"valueName":"search_term_string"}}],"inLanguage":"az"},{"@type":"Organization","@id":"https:\/\/www.meydan.tv\/az\/#organization","name":"Meydan TV","url":"https:\/\/www.meydan.tv\/az\/","logo":{"@type":"ImageObject","inLanguage":"az","@id":"https:\/\/www.meydan.tv\/az\/#\/schema\/logo\/image\/","url":"https:\/\/www.meydan.tv\/wp-content\/uploads\/2021\/07\/meydan-logo.svg","contentUrl":"https:\/\/www.meydan.tv\/wp-content\/uploads\/2021\/07\/meydan-logo.svg","width":195,"height":46,"caption":"Meydan TV"},"image":{"@id":"https:\/\/www.meydan.tv\/az\/#\/schema\/logo\/image\/"}},{"@type":"Person","@id":"https:\/\/www.meydan.tv\/az\/#\/schema\/person\/9cdbecf90d17180ce1dfbd95b08dcf47","name":"elli","sameAs":["https:\/\/x.com\/elli"]}]}},"_links":{"self":[{"href":"https:\/\/www.meydan.tv\/az\/wp-json\/wp\/v2\/posts\/228926","targetHints":{"allow":["GET"]}}],"collection":[{"href":"https:\/\/www.meydan.tv\/az\/wp-json\/wp\/v2\/posts"}],"about":[{"href":"https:\/\/www.meydan.tv\/az\/wp-json\/wp\/v2\/types\/post"}],"author":[{"embeddable":true,"href":"https:\/\/www.meydan.tv\/az\/wp-json\/wp\/v2\/users\/8"}],"replies":[{"embeddable":true,"href":"https:\/\/www.meydan.tv\/az\/wp-json\/wp\/v2\/comments?post=228926"}],"version-history":[{"count":1,"href":"https:\/\/www.meydan.tv\/az\/wp-json\/wp\/v2\/posts\/228926\/revisions"}],"predecessor-version":[{"id":228927,"href":"https:\/\/www.meydan.tv\/az\/wp-json\/wp\/v2\/posts\/228926\/revisions\/228927"}],"wp:featuredmedia":[{"embeddable":true,"href":"https:\/\/www.meydan.tv\/az\/wp-json\/wp\/v2\/media\/228920"}],"wp:attachment":[{"href":"https:\/\/www.meydan.tv\/az\/wp-json\/wp\/v2\/media?parent=228926"}],"wp:term":[{"taxonomy":"category","embeddable":true,"href":"https:\/\/www.meydan.tv\/az\/wp-json\/wp\/v2\/categories?post=228926"},{"taxonomy":"post_tag","embeddable":true,"href":"https:\/\/www.meydan.tv\/az\/wp-json\/wp\/v2\/tags?post=228926"}],"curies":[{"name":"wp","href":"https:\/\/api.w.org\/{rel}","templated":true}]}}