{"id":228882,"date":"2021-12-09T16:54:31","date_gmt":"2021-12-09T12:54:31","guid":{"rendered":"https:\/\/www.meydan.tv\/?p=228882"},"modified":"2021-12-09T17:56:59","modified_gmt":"2021-12-09T13:56:59","slug":"lekercay-qazilir-cayetrafi-yasilliqlar-mehv-edilir-ekin-saheleri-susuz-q","status":"publish","type":"post","link":"https:\/\/www.meydan.tv\/az\/article\/lekercay-qazilir-cayetrafi-yasilliqlar-mehv-edilir-ekin-saheleri-susuz-q\/","title":{"rendered":"L\u0259k\u0259r\u00e7ay qaz\u0131l\u0131r, \u00e7ay\u0259traf\u0131 ya\u015f\u0131ll\u0131qlar m\u0259hv edilir, \u0259kin sah\u0259l\u0259ri susuz qal\u0131r"},"content":{"rendered":"\n<p><em>K\u0259ndlil\u0259r \u201cKaspi Y\u0131ld\u0131z\u201d \u015firk\u0259tinin f\u0259aliyy\u0259tind\u0259n naraz\u0131d\u0131r<br><\/em><\/p>\n\n\n\n<p>\u201cSah\u0259l\u0259ri m\u0259hv edirl\u0259r, \u00e7\u0131nq\u0131l\u0131, torpa\u011f\u0131 da\u015f\u0131y\u0131rlar, \u00e7ay\u0131n dibi 15 metrd\u0259n \u00e7ox qaz\u0131l\u0131b, bu is\u0259 torpa\u011f\u0131n alt\u0131nda bo\u015fluqlar yaranmas\u0131na s\u0259b\u0259b olub. Bir m\u00fcdd\u0259td\u0259n sonra buralar da s\u00fcr\u00fc\u015fm\u0259 zonas\u0131na \u00e7evril\u0259c\u0259k\u201d.<br><\/p>\n\n\n\n<p>Bir ne\u00e7\u0259 g\u00fcn \u0259vv\u0259l L\u0259nk\u0259ran\u0131n T\u0259ngivan k\u0259nd sakinl\u0259ri Meydan TV-y\u0259 m\u00fcraci\u0259t ed\u0259r\u0259k L\u0259nk\u0259ran\u00e7ayda apar\u0131lan qaz\u0131nt\u0131ya g\u00f6r\u0259 \u00e7ay\u0259traf\u0131 \u0259razil\u0259rin da\u011f\u0131d\u0131ld\u0131\u011f\u0131n\u0131 <a href=\"https:\/\/www.meydan.tv\/az\/article\/tengivanlilar-qum-cinqil-karxanasi-kendi-yerle-yeksan-edib\/\" target=\"_blank\" rel=\"noreferrer noopener\">deyirdi<\/a>. <\/p>\n\n\n\n<p>Bu d\u0259f\u0259 is\u0259 Lerik rayonu, Piran \u0259razisinin Q\u0131\u015flaq k\u0259nd sakinl\u0259ri m\u00fcraci\u0259t edibl\u0259r. Onlar L\u0259nk\u0259ran\u00e7ay\u0131n bir qolu olan v\u0259 Q\u0131\u015flaq k\u0259ndind\u0259n ke\u00e7\u0259n L\u0259k\u0259r\u00e7ay\u0131n qaz\u0131lmas\u0131 n\u0259tic\u0259sind\u0259 \u00e7ay\u0259traf\u0131 \u0259razil\u0259rin da\u011f\u0131d\u0131ld\u0131\u011f\u0131n\u0131 bildirirl\u0259r. Onlar\u0131n s\u00f6zl\u0259rin\u0259 g\u00f6r\u0259, ill\u0259rdir ki, \u201cKaspi Y\u0131ld\u0131z\u201d \u015firk\u0259ti L\u0259k\u0259r\u00e7aydan \u00e7\u0131nq\u0131l \u00e7\u0131xar\u0131r, n\u0259tic\u0259d\u0259 ya\u015f\u0131ll\u0131qlar m\u0259hv edilib, k\u0259ndlil\u0259rin istifad\u0259 etdiyi yollar da\u011f\u0131d\u0131l\u0131b, onlar \u00e7aydan suvarma i\u015fl\u0259ri \u00fc\u00e7\u00fcn istifad\u0259 ed\u0259 bilmirl\u0259r. K\u0259nd sakini Qalib K\u0259rimov dan\u0131\u015f\u0131r:<br><\/p>\n\n\n\n<div class=\"wp-block-image\"><figure class=\"alignleft size-large is-resized\"><img decoding=\"async\" data-src=\"https:\/\/www.meydan.tv\/wp-content\/uploads\/len2-427x821.jpg\" alt=\"\" class=\"wp-image-228883 lazyload\" width=\"275\" height=\"529\" src=\"data:image\/svg+xml;base64,PHN2ZyB3aWR0aD0iMSIgaGVpZ2h0PSIxIiB4bWxucz0iaHR0cDovL3d3dy53My5vcmcvMjAwMC9zdmciPjwvc3ZnPg==\" style=\"--smush-placeholder-width: 275px; --smush-placeholder-aspect-ratio: 275\/529;\" \/><\/figure><\/div>\n\n\n\n<p>\u201cF\u00f6vq\u0259lad\u0259 Hallar Nazirliyind\u0259n, Ekologiya v\u0259 T\u0259bii S\u0259rv\u0259tl\u0259r Nazirliyind\u0259n g\u0259ldil\u0259r, onlar\u0131n g\u0259li\u015find\u0259n sonra \u00e7\u0131nq\u0131l zavodu i\u015fi dayand\u0131rd\u0131, ancaq bir h\u0259ft\u0259d\u0259n sonra yen\u0259 i\u015f\u0259 ba\u015flad\u0131. H\u0259r yeri viran qoyublar, qaza-qaza g\u0259lib k\u0259ndin i\u00e7\u0259risin\u0259 \u00e7at\u0131blar. Bu gedi\u015fl\u0259 k\u0259ndimizd\u0259 birc\u0259 ail\u0259 d\u0259 qalmayacaq, ham\u0131 ba\u015f\u0131n\u0131 g\u00f6t\u00fcr\u00fcb k\u00f6\u00e7\u0259c\u0259k buralardan\u201d.<br><\/p>\n\n\n\n<p>L\u0259k\u0259r\u00e7ay L\u0259nk\u0259ran\u00e7ay\u0131n bir qoludur, Lerik v\u0259 L\u0259nk\u0259ran rayonlar\u0131 \u0259razisind\u0259n ax\u0131r. Uzunlu\u011fu 84 km, h\u00f6vz\u0259sinin sah\u0259si 98 km\u00b2-dir. M\u0259nb\u0259yi Tal\u0131\u015f silsil\u0259sinin c\u0259nub-\u015f\u0259rq hiss\u0259sind\u0259n ba\u015flay\u0131r. \u00c7ay\u0259traf\u0131 k\u0259ndl\u0259rd\u0259ki \u0259kin sah\u0259l\u0259rinin suvarma suyu \u0259vv\u0259ll\u0259r bu \u00e7aydan g\u00f6t\u00fcr\u00fcl\u00fcrd\u00fc. Ancaq \u201cKaspi Y\u0131ld\u0131z\u201d \u015firk\u0259tinin ill\u0259rdir ki, \u00e7ay\u0131n yata\u011f\u0131nda \u00e7\u0131nq\u0131la g\u00f6r\u0259 qaz\u0131nt\u0131 i\u015fl\u0259ri aparmas\u0131 k\u0259ndlil\u0259ri \u00e7aydan uzaq sal\u0131b.<br><\/p>\n\n\n\n<p><\/p>\n\n\n\n<p><strong>Qalib K\u0259rimov, Foto: Meydan TV<\/strong><\/p>\n\n\n\n<p><\/p>\n\n\n\n<p>K\u0259nd sakini A\u011falar \u018fliyev dan\u0131\u015f\u0131r:<br><\/p>\n\n\n\n<p>\u201cM\u0259n bu \u00e7ay\u0131n hal\u0131na a\u011flay\u0131ram. U\u015faql\u0131\u011f\u0131m bu \u00e7ay\u0131n k\u0259nar\u0131nda ke\u00e7ib. Sah\u0259l\u0259rimizi bu \u00e7ay\u0131n suyuyla suvar\u0131rd\u0131q. \u0130ndi sah\u0259l\u0259rimiz d\u0259 susuz qal\u0131b. Qaza-qaza g\u0259lib k\u0259ndin i\u00e7\u0259risin\u0259 \u00e7\u0131x\u0131blar. \u0130ndi biz n\u0259 ed\u0259k, d\u0259d\u0259-baba yurdumuzu at\u0131b, ba\u015f\u0131m\u0131z\u0131 g\u00f6t\u00fcr\u00fcb ged\u0259k? Ax\u0131 bu \u00e7ay bizim t\u0259bii s\u0259rv\u0259timizdir, bu boyda \u00e7ay\u0131, onun sahilini, bu boyda ya\u015f\u0131ll\u0131qlar\u0131, \u0259kin sah\u0259l\u0259rini, yollar\u0131m\u0131z\u0131, k\u0259ndimizi bir i\u015fbaz\u0131n tamah\u0131na qurban verm\u0259k olmaz. T\u00f6k\u00fcr texnikalar\u0131 \u00e7aya, dibini qaz\u0131r, da\u015f\u0131y\u0131r. Ekologiya v\u0259 T\u0259bii S\u0259rv\u0259tl\u0259r Nazirliyinin \u201cqaynar x\u0259tt\u201din\u0259 d\u0259f\u0259l\u0259rl\u0259 z\u0259ng etmi\u015fik, nazirliyin aidiyy\u0259ti \u00fczr\u0259 departamentd\u0259n g\u0259ldil\u0259r, bax\u0131\u015f ke\u00e7irtdil\u0259r, i\u015fi dayand\u0131rd\u0131lar, sonra i\u015f yen\u0259 davam etdi\u201d.<br><\/p>\n\n\n\n<div class=\"wp-block-image\"><figure class=\"alignright size-large is-resized\"><img decoding=\"async\" data-src=\"https:\/\/www.meydan.tv\/wp-content\/uploads\/len1-497x821.jpg\" alt=\"\" class=\"wp-image-228886 lazyload\" width=\"361\" height=\"596\" src=\"data:image\/svg+xml;base64,PHN2ZyB3aWR0aD0iMSIgaGVpZ2h0PSIxIiB4bWxucz0iaHR0cDovL3d3dy53My5vcmcvMjAwMC9zdmciPjwvc3ZnPg==\" style=\"--smush-placeholder-width: 361px; --smush-placeholder-aspect-ratio: 361\/596;\" \/><\/figure><\/div>\n\n\n\n<p>Dekabr\u0131n 1-d\u0259 Ekologiya v\u0259 T\u0259bii S\u0259rv\u0259tl\u0259r Nazirliyi \u00f6z r\u0259smi \u201cFaceebok\u201d s\u0259hif\u0259sind\u0259 L\u0259k\u0259r\u00e7aydak\u0131 qaz\u0131nt\u0131yla ba\u011fl\u0131 m\u0259lumat yerl\u0259\u015fdirib. H\u0259min m\u0259lumatda qeyd olunub ki, D\u00f6vl\u0259t Mineral Xammal Ehtiyatlar\u0131ndan \u0130stifad\u0259 Agentliyinin \u0259m\u0259kda\u015flar\u0131 t\u0259r\u0259find\u0259n Lerik rayonu Piran k\u0259ndi \u0259razisind\u0259 ke\u00e7iril\u0259n n\u0259zar\u0259t t\u0259dbirl\u0259ri zaman\u0131 &#8220;Kaspi Y\u0131ld\u0131z\u201d MMC t\u0259r\u0259find\u0259n qanunsuz qum-\u00e7\u0131nq\u0131l hasilat\u0131n\u0131n apar\u0131ld\u0131\u011f\u0131 m\u00fc\u0259yy\u0259n edilib. Agentliyin r\u0259smisi Samir Qurbanov bildirib ki, faktla ba\u011fl\u0131 bu ilin 26 oktyabr tarixind\u0259 protokol t\u0259rtib edilib v\u0259 \u015firk\u0259t bar\u0259sind\u0259 qanunam\u00fcvafiq t\u0259dbirl\u0259rin g\u00f6r\u00fclm\u0259si \u00fc\u00e7\u00fcn toplanm\u0131\u015f s\u0259n\u0259dl\u0259r Lerik Rayon M\u0259hk\u0259m\u0259sin\u0259 g\u00f6nd\u0259rilib.<br><\/p>\n\n\n\n<p>Samir Qurbanov onu da bildirib ki, s\u00f6z\u00fcged\u0259n \u015firk\u0259t qanunsuz qaz\u0131nt\u0131 i\u015fl\u0259rini davam etdirdiyi \u00fc\u00e7\u00fcn bar\u0259sind\u0259 toplanm\u0131\u015f s\u0259n\u0259dl\u0259r h\u00fcquq-m\u00fchafiz\u0259 orqanlar\u0131na g\u00f6nd\u0259rilm\u0259si \u00fc\u00e7\u00fcn haz\u0131rlan\u0131r.<br><\/p>\n\n\n\n<p> <strong>A\u011falar \u018fliyev,Foto: Meydan TV<\/strong> <\/p>\n\n\n\n<p><\/p>\n\n\n\n<p>                                                                                                  <\/p>\n\n\n\n<p><\/p>\n\n\n\n<p><\/p>\n\n\n\n<p>&#8220;Kaspi Y\u0131ld\u0131z\u201d MMC-nin Lerikin 78 sayl\u0131 dair\u0259sind\u0259n deputat se\u00e7ilmi\u015f \u0130qbal M\u0259mm\u0259dova m\u0259xsus oldu\u011fu bildirilir. Bu il \u201cKapitalbank\u201d h\u0259m ona, h\u0259m qard\u015fa\u0131 \u00c7ingiz M\u0259mm\u0259dova, h\u0259m d\u0259 \u015firk\u0259t\u0259 qar\u015f\u0131 m\u0259hk\u0259m\u0259  iddias\u0131 <a href=\"https:\/\/azadsoz.com\/az\/view\/1\/637\/bu_bank_deputat_ve_qardasini_mehkemeye_verdi\" target=\"_blank\" rel=\"noreferrer noopener\">qald\u0131rm\u0131\u015fd\u0131<\/a>.<br><\/p>\n\n\n\n<p>Bu ilin fevral\u0131nda \u0130qtisadiyyat Nazirliyi yan\u0131nda D\u00f6vl\u0259t Vergi Xidm\u0259ti d\u0259 \u201cKaspi Y\u0131ld\u0131z\u201d Az\u0259rbaycan-T\u00fcrkiy\u0259 Birg\u0259 M\u00fc\u0259ssis\u0259sini d\u00f6vl\u0259t b\u00fcdc\u0259sin\u0259 olan borcuna g\u00f6r\u0259 m\u0259hk\u0259m\u0259y\u0259 <a href=\"https:\/\/www.yeniavaz.com\/az\/news\/161521\/azerbaycanda-deputata-mexsus-sirketin-95-milyon-manat-borcu-uze-cixdi\" target=\"_blank\" rel=\"noreferrer noopener\">vermi\u015fdi<\/a>. <br><\/p>\n\n\n\n<p>Vergi Xidm\u0259ti \u015fikay\u0259t \u0259riz\u0259sind\u0259 \u015firk\u0259tin d\u00f6vl\u0259t b\u00fcdc\u0259sin\u0259 9 milyon 262 min 108 manat vergi borcu oldu\u011funu g\u00f6st\u0259rib.<br><\/p>\n\n\n\n<p>Meydan TV \u201cKaspi Y\u0131ld\u0131z\u201d MMC-nin r\u0259hb\u0259rliyi, el\u0259c\u0259 d\u0259 \u0130qbal M\u0259mm\u0259dov il\u0259 \u0259laq\u0259 saxlaya bilm\u0259yib.<br><\/p>\n\n\n\n<p>Bundan \u0259vv\u0259l Piran sakinl\u0259ri Meydan TV-y\u0259 m\u00fcraci\u0259t ed\u0259r\u0259k k\u0259nd \u0259razisind\u0259 f\u0259aliyy\u0259t g\u00f6st\u0259r\u0259n v\u0259 \u0130qbal M\u0259mm\u0259dova m\u0259xsus oldu\u011fu bildiril\u0259n qu\u015f\u00e7uluq t\u0259s\u0259rr\u00fcfatlar\u0131n\u0131n da ekologiyaya z\u0259r\u0259r vurmas\u0131ndan <a href=\"https:\/\/www.meydan.tv\/az\/article\/tengivanlilar-boguluruq\/\" target=\"_blank\" rel=\"noreferrer noopener\">\u015fikay\u0259tl\u0259nmi\u015fdil\u0259r<\/a>. <\/p>\n\n\n\n<p>Sakinl\u0259rin dem\u0259sin\u0259 g\u00f6r\u0259, bir m\u00fcdd\u0259tdir ki, t\u0259s\u0259rr\u00fcfat f\u0259aliyy\u0259tini davam etdirs\u0259 d\u0259, ekologiyaya z\u0259r\u0259r ver\u0259n sexl\u0259ri \u2013 qu\u015f k\u0259simi b\u00f6lm\u0259l\u0259ri ba\u011flan\u0131b.<br><\/p>\n\n\n\n<p>1 il \u0259vv\u0259ls\u0259 Astarada su \u00e7\u0259kili\u015find\u0259 f\u0259hl\u0259lik etmi\u015f bir qrup sakin Astarada yerl\u0259\u015f\u0259n \u201cRelax\u201d istirah\u0259t M\u0259rk\u0259zinin qar\u015f\u0131s\u0131nda aksiya ke\u00e7ir\u0259r\u0259k maa\u015flar\u0131n\u0131 t\u0259l\u0259b etmi\u015fdil\u0259r. \u0130ddia edirdil\u0259r ki, onlar\u0131 su \u00e7\u0259kili\u015find\u0259 i\u015fl\u0259d\u0259n \u201cKaspian Y\u0131ld\u0131z\u201d \u015firk\u0259ti pullar\u0131n\u0131 \u00f6d\u0259mir, f\u0259hl\u0259l\u0259r borcun \u0130qbal M\u0259mm\u0259dov t\u0259r\u0259find\u0259n \u00f6d\u0259nilm\u0259sini t\u0259l\u0259b edirdil\u0259r. \u015eirk\u0259tin ofisi \u201cRelax\u201d\u0131n h\u0259y\u0259tind\u0259 yerl\u0259\u015fdiyi \u00fc\u00e7\u00fcn onlar istirah\u0259t m\u0259rk\u0259zinin giri\u015f v\u0259 \u00e7\u0131x\u0131\u015f\u0131n\u0131 ba\u011flam\u0131\u015fd\u0131lar.<\/p>\n","protected":false},"excerpt":{"rendered":"<p>K\u0259ndlil\u0259r \u201cKaspi Y\u0131ld\u0131z\u201d \u015firk\u0259tinin f\u0259aliyy\u0259tind\u0259n naraz\u0131d\u0131r \u201cSah\u0259l\u0259ri m\u0259hv edirl\u0259r, \u00e7\u0131nq\u0131l\u0131, &#8230; <\/p>\n<p class=\"read-more-container\"><a title=\"L\u0259k\u0259r\u00e7ay qaz\u0131l\u0131r, \u00e7ay\u0259traf\u0131 ya\u015f\u0131ll\u0131qlar m\u0259hv edilir, \u0259kin sah\u0259l\u0259ri susuz qal\u0131r\" class=\"read-more button\" href=\"https:\/\/www.meydan.tv\/az\/article\/lekercay-qazilir-cayetrafi-yasilliqlar-mehv-edilir-ekin-saheleri-susuz-q\/#more-228882\" aria-label=\"Read more about L\u0259k\u0259r\u00e7ay qaz\u0131l\u0131r, \u00e7ay\u0259traf\u0131 ya\u015f\u0131ll\u0131qlar m\u0259hv edilir, \u0259kin sah\u0259l\u0259ri susuz qal\u0131r\">Davam\u0131<\/a><\/p>\n","protected":false},"author":8,"featured_media":228879,"comment_status":"closed","ping_status":"closed","sticky":false,"template":"","format":"standard","meta":{"_acf_changed":false,"_sitemap_exclude":false,"_sitemap_priority":"","_sitemap_frequency":"","footnotes":""},"categories":[60,79,56],"tags":[],"class_list":["post-228882","post","type-post","status-publish","format-standard","has-post-thumbnail","hentry","category-bolge","category-featured","category-xeberler","infinite-scroll-item","generate-columns","tablet-grid-50","mobile-grid-100","grid-parent","grid-33","no-featured-image-padding"],"acf":[],"yoast_head":"<!-- This site is optimized with the Yoast SEO plugin v27.5 - https:\/\/yoast.com\/product\/yoast-seo-wordpress\/ -->\n<title>L\u0259k\u0259r\u00e7ay qaz\u0131l\u0131r, \u00e7ay\u0259traf\u0131 ya\u015f\u0131ll\u0131qlar m\u0259hv edilir, \u0259kin sah\u0259l\u0259ri susuz qal\u0131r - MEYDAN.TV<\/title>\n<meta name=\"robots\" content=\"index, follow, max-snippet:-1, max-image-preview:large, max-video-preview:-1\" \/>\n<link rel=\"canonical\" href=\"https:\/\/www.meydan.tv\/az\/article\/lekercay-qazilir-cayetrafi-yasilliqlar-mehv-edilir-ekin-saheleri-susuz-q\/\" \/>\n<meta property=\"og:locale\" content=\"az_AZ\" \/>\n<meta property=\"og:type\" content=\"article\" \/>\n<meta property=\"og:title\" content=\"L\u0259k\u0259r\u00e7ay qaz\u0131l\u0131r, \u00e7ay\u0259traf\u0131 ya\u015f\u0131ll\u0131qlar m\u0259hv edilir, \u0259kin sah\u0259l\u0259ri susuz qal\u0131r - MEYDAN.TV\" \/>\n<meta property=\"og:description\" content=\"K\u0259ndlil\u0259r \u201cKaspi Y\u0131ld\u0131z\u201d \u015firk\u0259tinin f\u0259aliyy\u0259tind\u0259n naraz\u0131d\u0131r \u201cSah\u0259l\u0259ri m\u0259hv edirl\u0259r, \u00e7\u0131nq\u0131l\u0131, ... Davam\u0131\" \/>\n<meta property=\"og:url\" content=\"https:\/\/www.meydan.tv\/az\/article\/lekercay-qazilir-cayetrafi-yasilliqlar-mehv-edilir-ekin-saheleri-susuz-q\/\" \/>\n<meta property=\"og:site_name\" content=\"MEYDAN.TV\" \/>\n<meta property=\"article:published_time\" content=\"2021-12-09T12:54:31+00:00\" \/>\n<meta property=\"article:modified_time\" content=\"2021-12-09T13:56:59+00:00\" \/>\n<meta property=\"og:image\" content=\"https:\/\/www.meydan.tv\/wp-content\/uploads\/ambur-e1639053507435.jpg\" \/>\n\t<meta property=\"og:image:width\" content=\"1200\" \/>\n\t<meta property=\"og:image:height\" content=\"705\" \/>\n\t<meta property=\"og:image:type\" content=\"image\/jpeg\" \/>\n<meta name=\"author\" content=\"elli\" \/>\n<meta name=\"twitter:card\" content=\"summary_large_image\" \/>\n<meta name=\"twitter:creator\" content=\"@elli\" \/>\n<script type=\"application\/ld+json\" class=\"yoast-schema-graph\">{\"@context\":\"https:\\\/\\\/schema.org\",\"@graph\":[{\"@type\":\"Article\",\"@id\":\"https:\\\/\\\/www.meydan.tv\\\/az\\\/article\\\/lekercay-qazilir-cayetrafi-yasilliqlar-mehv-edilir-ekin-saheleri-susuz-q\\\/#article\",\"isPartOf\":{\"@id\":\"https:\\\/\\\/www.meydan.tv\\\/az\\\/article\\\/lekercay-qazilir-cayetrafi-yasilliqlar-mehv-edilir-ekin-saheleri-susuz-q\\\/\"},\"author\":{\"name\":\"elli\",\"@id\":\"https:\\\/\\\/www.meydan.tv\\\/az\\\/#\\\/schema\\\/person\\\/9cdbecf90d17180ce1dfbd95b08dcf47\"},\"headline\":\"L\u0259k\u0259r\u00e7ay qaz\u0131l\u0131r, \u00e7ay\u0259traf\u0131 ya\u015f\u0131ll\u0131qlar m\u0259hv edilir, \u0259kin sah\u0259l\u0259ri susuz qal\u0131r\",\"datePublished\":\"2021-12-09T12:54:31+00:00\",\"dateModified\":\"2021-12-09T13:56:59+00:00\",\"mainEntityOfPage\":{\"@id\":\"https:\\\/\\\/www.meydan.tv\\\/az\\\/article\\\/lekercay-qazilir-cayetrafi-yasilliqlar-mehv-edilir-ekin-saheleri-susuz-q\\\/\"},\"wordCount\":1131,\"publisher\":{\"@id\":\"https:\\\/\\\/www.meydan.tv\\\/az\\\/#organization\"},\"image\":{\"@id\":\"https:\\\/\\\/www.meydan.tv\\\/az\\\/article\\\/lekercay-qazilir-cayetrafi-yasilliqlar-mehv-edilir-ekin-saheleri-susuz-q\\\/#primaryimage\"},\"thumbnailUrl\":\"https:\\\/\\\/www.meydan.tv\\\/wp-content\\\/uploads\\\/ambur-e1639053507435.jpg\",\"articleSection\":[\"B\u00f6lg\u0259\",\"T\u00f6vsiy\u0259\",\"X\u0259b\u0259rl\u0259r\"],\"inLanguage\":\"az\"},{\"@type\":\"WebPage\",\"@id\":\"https:\\\/\\\/www.meydan.tv\\\/az\\\/article\\\/lekercay-qazilir-cayetrafi-yasilliqlar-mehv-edilir-ekin-saheleri-susuz-q\\\/\",\"url\":\"https:\\\/\\\/www.meydan.tv\\\/az\\\/article\\\/lekercay-qazilir-cayetrafi-yasilliqlar-mehv-edilir-ekin-saheleri-susuz-q\\\/\",\"name\":\"L\u0259k\u0259r\u00e7ay qaz\u0131l\u0131r, \u00e7ay\u0259traf\u0131 ya\u015f\u0131ll\u0131qlar m\u0259hv edilir, \u0259kin sah\u0259l\u0259ri susuz qal\u0131r - MEYDAN.TV\",\"isPartOf\":{\"@id\":\"https:\\\/\\\/www.meydan.tv\\\/az\\\/#website\"},\"primaryImageOfPage\":{\"@id\":\"https:\\\/\\\/www.meydan.tv\\\/az\\\/article\\\/lekercay-qazilir-cayetrafi-yasilliqlar-mehv-edilir-ekin-saheleri-susuz-q\\\/#primaryimage\"},\"image\":{\"@id\":\"https:\\\/\\\/www.meydan.tv\\\/az\\\/article\\\/lekercay-qazilir-cayetrafi-yasilliqlar-mehv-edilir-ekin-saheleri-susuz-q\\\/#primaryimage\"},\"thumbnailUrl\":\"https:\\\/\\\/www.meydan.tv\\\/wp-content\\\/uploads\\\/ambur-e1639053507435.jpg\",\"datePublished\":\"2021-12-09T12:54:31+00:00\",\"dateModified\":\"2021-12-09T13:56:59+00:00\",\"breadcrumb\":{\"@id\":\"https:\\\/\\\/www.meydan.tv\\\/az\\\/article\\\/lekercay-qazilir-cayetrafi-yasilliqlar-mehv-edilir-ekin-saheleri-susuz-q\\\/#breadcrumb\"},\"inLanguage\":\"az\",\"potentialAction\":[{\"@type\":\"ReadAction\",\"target\":[\"https:\\\/\\\/www.meydan.tv\\\/az\\\/article\\\/lekercay-qazilir-cayetrafi-yasilliqlar-mehv-edilir-ekin-saheleri-susuz-q\\\/\"]}]},{\"@type\":\"ImageObject\",\"inLanguage\":\"az\",\"@id\":\"https:\\\/\\\/www.meydan.tv\\\/az\\\/article\\\/lekercay-qazilir-cayetrafi-yasilliqlar-mehv-edilir-ekin-saheleri-susuz-q\\\/#primaryimage\",\"url\":\"https:\\\/\\\/www.meydan.tv\\\/wp-content\\\/uploads\\\/ambur-e1639053507435.jpg\",\"contentUrl\":\"https:\\\/\\\/www.meydan.tv\\\/wp-content\\\/uploads\\\/ambur-e1639053507435.jpg\",\"width\":1200,\"height\":705,\"caption\":\"Foto: https:\\\/\\\/ambur.az\\\/\"},{\"@type\":\"BreadcrumbList\",\"@id\":\"https:\\\/\\\/www.meydan.tv\\\/az\\\/article\\\/lekercay-qazilir-cayetrafi-yasilliqlar-mehv-edilir-ekin-saheleri-susuz-q\\\/#breadcrumb\",\"itemListElement\":[{\"@type\":\"ListItem\",\"position\":1,\"name\":\"Ana s\u0259hif\u0259\",\"item\":\"https:\\\/\\\/www.meydan.tv\\\/az\\\/\"},{\"@type\":\"ListItem\",\"position\":2,\"name\":\"B\u00f6lg\u0259\",\"item\":\"https:\\\/\\\/www.meydan.tv\\\/az\\\/section\\\/bolge\\\/\"},{\"@type\":\"ListItem\",\"position\":3,\"name\":\"L\u0259k\u0259r\u00e7ay qaz\u0131l\u0131r, \u00e7ay\u0259traf\u0131 ya\u015f\u0131ll\u0131qlar m\u0259hv edilir, \u0259kin sah\u0259l\u0259ri susuz qal\u0131r\"}]},{\"@type\":\"WebSite\",\"@id\":\"https:\\\/\\\/www.meydan.tv\\\/az\\\/#website\",\"url\":\"https:\\\/\\\/www.meydan.tv\\\/az\\\/\",\"name\":\"MEYDAN.TV\",\"description\":\"Meydan TV Az\u0259rbaycan\u0131n media m\u0259kan\u0131ndak\u0131 alternativ s\u0259sidir\",\"publisher\":{\"@id\":\"https:\\\/\\\/www.meydan.tv\\\/az\\\/#organization\"},\"potentialAction\":[{\"@type\":\"SearchAction\",\"target\":{\"@type\":\"EntryPoint\",\"urlTemplate\":\"https:\\\/\\\/www.meydan.tv\\\/az\\\/?s={search_term_string}\"},\"query-input\":{\"@type\":\"PropertyValueSpecification\",\"valueRequired\":true,\"valueName\":\"search_term_string\"}}],\"inLanguage\":\"az\"},{\"@type\":\"Organization\",\"@id\":\"https:\\\/\\\/www.meydan.tv\\\/az\\\/#organization\",\"name\":\"Meydan TV\",\"url\":\"https:\\\/\\\/www.meydan.tv\\\/az\\\/\",\"logo\":{\"@type\":\"ImageObject\",\"inLanguage\":\"az\",\"@id\":\"https:\\\/\\\/www.meydan.tv\\\/az\\\/#\\\/schema\\\/logo\\\/image\\\/\",\"url\":\"https:\\\/\\\/www.meydan.tv\\\/wp-content\\\/uploads\\\/2021\\\/07\\\/meydan-logo.svg\",\"contentUrl\":\"https:\\\/\\\/www.meydan.tv\\\/wp-content\\\/uploads\\\/2021\\\/07\\\/meydan-logo.svg\",\"width\":195,\"height\":46,\"caption\":\"Meydan TV\"},\"image\":{\"@id\":\"https:\\\/\\\/www.meydan.tv\\\/az\\\/#\\\/schema\\\/logo\\\/image\\\/\"}},{\"@type\":\"Person\",\"@id\":\"https:\\\/\\\/www.meydan.tv\\\/az\\\/#\\\/schema\\\/person\\\/9cdbecf90d17180ce1dfbd95b08dcf47\",\"name\":\"elli\",\"sameAs\":[\"https:\\\/\\\/x.com\\\/elli\"]}]}<\/script>\n<!-- \/ Yoast SEO plugin. -->","yoast_head_json":{"title":"L\u0259k\u0259r\u00e7ay qaz\u0131l\u0131r, \u00e7ay\u0259traf\u0131 ya\u015f\u0131ll\u0131qlar m\u0259hv edilir, \u0259kin sah\u0259l\u0259ri susuz qal\u0131r - MEYDAN.TV","robots":{"index":"index","follow":"follow","max-snippet":"max-snippet:-1","max-image-preview":"max-image-preview:large","max-video-preview":"max-video-preview:-1"},"canonical":"https:\/\/www.meydan.tv\/az\/article\/lekercay-qazilir-cayetrafi-yasilliqlar-mehv-edilir-ekin-saheleri-susuz-q\/","og_locale":"az_AZ","og_type":"article","og_title":"L\u0259k\u0259r\u00e7ay qaz\u0131l\u0131r, \u00e7ay\u0259traf\u0131 ya\u015f\u0131ll\u0131qlar m\u0259hv edilir, \u0259kin sah\u0259l\u0259ri susuz qal\u0131r - MEYDAN.TV","og_description":"K\u0259ndlil\u0259r \u201cKaspi Y\u0131ld\u0131z\u201d \u015firk\u0259tinin f\u0259aliyy\u0259tind\u0259n naraz\u0131d\u0131r \u201cSah\u0259l\u0259ri m\u0259hv edirl\u0259r, \u00e7\u0131nq\u0131l\u0131, ... Davam\u0131","og_url":"https:\/\/www.meydan.tv\/az\/article\/lekercay-qazilir-cayetrafi-yasilliqlar-mehv-edilir-ekin-saheleri-susuz-q\/","og_site_name":"MEYDAN.TV","article_published_time":"2021-12-09T12:54:31+00:00","article_modified_time":"2021-12-09T13:56:59+00:00","og_image":[{"width":1200,"height":705,"url":"https:\/\/www.meydan.tv\/wp-content\/uploads\/ambur-e1639053507435.jpg","type":"image\/jpeg"}],"author":"elli","twitter_card":"summary_large_image","twitter_creator":"@elli","schema":{"@context":"https:\/\/schema.org","@graph":[{"@type":"Article","@id":"https:\/\/www.meydan.tv\/az\/article\/lekercay-qazilir-cayetrafi-yasilliqlar-mehv-edilir-ekin-saheleri-susuz-q\/#article","isPartOf":{"@id":"https:\/\/www.meydan.tv\/az\/article\/lekercay-qazilir-cayetrafi-yasilliqlar-mehv-edilir-ekin-saheleri-susuz-q\/"},"author":{"name":"elli","@id":"https:\/\/www.meydan.tv\/az\/#\/schema\/person\/9cdbecf90d17180ce1dfbd95b08dcf47"},"headline":"L\u0259k\u0259r\u00e7ay qaz\u0131l\u0131r, \u00e7ay\u0259traf\u0131 ya\u015f\u0131ll\u0131qlar m\u0259hv edilir, \u0259kin sah\u0259l\u0259ri susuz qal\u0131r","datePublished":"2021-12-09T12:54:31+00:00","dateModified":"2021-12-09T13:56:59+00:00","mainEntityOfPage":{"@id":"https:\/\/www.meydan.tv\/az\/article\/lekercay-qazilir-cayetrafi-yasilliqlar-mehv-edilir-ekin-saheleri-susuz-q\/"},"wordCount":1131,"publisher":{"@id":"https:\/\/www.meydan.tv\/az\/#organization"},"image":{"@id":"https:\/\/www.meydan.tv\/az\/article\/lekercay-qazilir-cayetrafi-yasilliqlar-mehv-edilir-ekin-saheleri-susuz-q\/#primaryimage"},"thumbnailUrl":"https:\/\/www.meydan.tv\/wp-content\/uploads\/ambur-e1639053507435.jpg","articleSection":["B\u00f6lg\u0259","T\u00f6vsiy\u0259","X\u0259b\u0259rl\u0259r"],"inLanguage":"az"},{"@type":"WebPage","@id":"https:\/\/www.meydan.tv\/az\/article\/lekercay-qazilir-cayetrafi-yasilliqlar-mehv-edilir-ekin-saheleri-susuz-q\/","url":"https:\/\/www.meydan.tv\/az\/article\/lekercay-qazilir-cayetrafi-yasilliqlar-mehv-edilir-ekin-saheleri-susuz-q\/","name":"L\u0259k\u0259r\u00e7ay qaz\u0131l\u0131r, \u00e7ay\u0259traf\u0131 ya\u015f\u0131ll\u0131qlar m\u0259hv edilir, \u0259kin sah\u0259l\u0259ri susuz qal\u0131r - MEYDAN.TV","isPartOf":{"@id":"https:\/\/www.meydan.tv\/az\/#website"},"primaryImageOfPage":{"@id":"https:\/\/www.meydan.tv\/az\/article\/lekercay-qazilir-cayetrafi-yasilliqlar-mehv-edilir-ekin-saheleri-susuz-q\/#primaryimage"},"image":{"@id":"https:\/\/www.meydan.tv\/az\/article\/lekercay-qazilir-cayetrafi-yasilliqlar-mehv-edilir-ekin-saheleri-susuz-q\/#primaryimage"},"thumbnailUrl":"https:\/\/www.meydan.tv\/wp-content\/uploads\/ambur-e1639053507435.jpg","datePublished":"2021-12-09T12:54:31+00:00","dateModified":"2021-12-09T13:56:59+00:00","breadcrumb":{"@id":"https:\/\/www.meydan.tv\/az\/article\/lekercay-qazilir-cayetrafi-yasilliqlar-mehv-edilir-ekin-saheleri-susuz-q\/#breadcrumb"},"inLanguage":"az","potentialAction":[{"@type":"ReadAction","target":["https:\/\/www.meydan.tv\/az\/article\/lekercay-qazilir-cayetrafi-yasilliqlar-mehv-edilir-ekin-saheleri-susuz-q\/"]}]},{"@type":"ImageObject","inLanguage":"az","@id":"https:\/\/www.meydan.tv\/az\/article\/lekercay-qazilir-cayetrafi-yasilliqlar-mehv-edilir-ekin-saheleri-susuz-q\/#primaryimage","url":"https:\/\/www.meydan.tv\/wp-content\/uploads\/ambur-e1639053507435.jpg","contentUrl":"https:\/\/www.meydan.tv\/wp-content\/uploads\/ambur-e1639053507435.jpg","width":1200,"height":705,"caption":"Foto: https:\/\/ambur.az\/"},{"@type":"BreadcrumbList","@id":"https:\/\/www.meydan.tv\/az\/article\/lekercay-qazilir-cayetrafi-yasilliqlar-mehv-edilir-ekin-saheleri-susuz-q\/#breadcrumb","itemListElement":[{"@type":"ListItem","position":1,"name":"Ana s\u0259hif\u0259","item":"https:\/\/www.meydan.tv\/az\/"},{"@type":"ListItem","position":2,"name":"B\u00f6lg\u0259","item":"https:\/\/www.meydan.tv\/az\/section\/bolge\/"},{"@type":"ListItem","position":3,"name":"L\u0259k\u0259r\u00e7ay qaz\u0131l\u0131r, \u00e7ay\u0259traf\u0131 ya\u015f\u0131ll\u0131qlar m\u0259hv edilir, \u0259kin sah\u0259l\u0259ri susuz qal\u0131r"}]},{"@type":"WebSite","@id":"https:\/\/www.meydan.tv\/az\/#website","url":"https:\/\/www.meydan.tv\/az\/","name":"MEYDAN.TV","description":"Meydan TV Az\u0259rbaycan\u0131n media m\u0259kan\u0131ndak\u0131 alternativ s\u0259sidir","publisher":{"@id":"https:\/\/www.meydan.tv\/az\/#organization"},"potentialAction":[{"@type":"SearchAction","target":{"@type":"EntryPoint","urlTemplate":"https:\/\/www.meydan.tv\/az\/?s={search_term_string}"},"query-input":{"@type":"PropertyValueSpecification","valueRequired":true,"valueName":"search_term_string"}}],"inLanguage":"az"},{"@type":"Organization","@id":"https:\/\/www.meydan.tv\/az\/#organization","name":"Meydan TV","url":"https:\/\/www.meydan.tv\/az\/","logo":{"@type":"ImageObject","inLanguage":"az","@id":"https:\/\/www.meydan.tv\/az\/#\/schema\/logo\/image\/","url":"https:\/\/www.meydan.tv\/wp-content\/uploads\/2021\/07\/meydan-logo.svg","contentUrl":"https:\/\/www.meydan.tv\/wp-content\/uploads\/2021\/07\/meydan-logo.svg","width":195,"height":46,"caption":"Meydan TV"},"image":{"@id":"https:\/\/www.meydan.tv\/az\/#\/schema\/logo\/image\/"}},{"@type":"Person","@id":"https:\/\/www.meydan.tv\/az\/#\/schema\/person\/9cdbecf90d17180ce1dfbd95b08dcf47","name":"elli","sameAs":["https:\/\/x.com\/elli"]}]}},"_links":{"self":[{"href":"https:\/\/www.meydan.tv\/az\/wp-json\/wp\/v2\/posts\/228882","targetHints":{"allow":["GET"]}}],"collection":[{"href":"https:\/\/www.meydan.tv\/az\/wp-json\/wp\/v2\/posts"}],"about":[{"href":"https:\/\/www.meydan.tv\/az\/wp-json\/wp\/v2\/types\/post"}],"author":[{"embeddable":true,"href":"https:\/\/www.meydan.tv\/az\/wp-json\/wp\/v2\/users\/8"}],"replies":[{"embeddable":true,"href":"https:\/\/www.meydan.tv\/az\/wp-json\/wp\/v2\/comments?post=228882"}],"version-history":[{"count":5,"href":"https:\/\/www.meydan.tv\/az\/wp-json\/wp\/v2\/posts\/228882\/revisions"}],"predecessor-version":[{"id":228904,"href":"https:\/\/www.meydan.tv\/az\/wp-json\/wp\/v2\/posts\/228882\/revisions\/228904"}],"wp:featuredmedia":[{"embeddable":true,"href":"https:\/\/www.meydan.tv\/az\/wp-json\/wp\/v2\/media\/228879"}],"wp:attachment":[{"href":"https:\/\/www.meydan.tv\/az\/wp-json\/wp\/v2\/media?parent=228882"}],"wp:term":[{"taxonomy":"category","embeddable":true,"href":"https:\/\/www.meydan.tv\/az\/wp-json\/wp\/v2\/categories?post=228882"},{"taxonomy":"post_tag","embeddable":true,"href":"https:\/\/www.meydan.tv\/az\/wp-json\/wp\/v2\/tags?post=228882"}],"curies":[{"name":"wp","href":"https:\/\/api.w.org\/{rel}","templated":true}]}}