{"id":228853,"date":"2021-12-09T14:20:23","date_gmt":"2021-12-09T10:20:23","guid":{"rendered":"https:\/\/www.meydan.tv\/?p=228853"},"modified":"2021-12-09T16:04:28","modified_gmt":"2021-12-09T12:04:28","slug":"dovlet-ittihamcisi-rasim-quliyeve-6-il-is-istedi","status":"publish","type":"post","link":"https:\/\/www.meydan.tv\/az\/article\/dovlet-ittihamcisi-rasim-quliyeve-6-il-is-istedi\/","title":{"rendered":"D\u00f6vl\u0259t ittiham\u00e7\u0131s\u0131 Rasim Quliyev\u0259 6 il i\u015f ist\u0259di"},"content":{"rendered":"\n<p><em>V\u0259kill\u0259r\u0259 \u00e7\u0131x\u0131\u015f \u00fc\u00e7\u00fcn vaxt verildi<\/em><br><\/p>\n\n\n\n<p>2010-2018-ci ill\u0259rd\u0259 Bak\u0131 \u015e\u0259h\u0259r \u0130cra Hakimiyy\u0259ti Aparat\u0131n\u0131n r\u0259hb\u0259ri olmu\u015f, Bak\u0131da tarixi-memarl\u0131q abid\u0259sinin s\u00f6k\u00fclm\u0259si v\u0259 yerind\u0259 h\u00fcnd\u00fcrm\u0259rt\u0259b\u0259li binan\u0131n tikintisin\u0259 icaz\u0259 verm\u0259kd\u0259 ittiham olunan Rasim Quliyevin i\u015fi \u00fczr\u0259 m\u0259hk\u0259m\u0259 istintaq\u0131 yekunla\u015f\u0131b. Dekabr\u0131n 9-da Bak\u0131 A\u011f\u0131r Cinay\u0259tl\u0259r M\u0259hk\u0259m\u0259sind\u0259 bu i\u015f \u00fczr\u0259 ke\u00e7iril\u0259n m\u0259hk\u0259m\u0259 prosesind\u0259 prokuror \u00e7\u0131x\u0131\u015f edib.<br><\/p>\n\n\n\n<p>Prokuror bildirib ki, Rasim Quliyev\u0259 qar\u015f\u0131 Cinay\u0259t M\u0259c\u0259ll\u0259sinin 308.2 (a\u011f\u0131r n\u0259tic\u0259l\u0259r\u0259 s\u0259b\u0259b olan v\u0259zif\u0259 s\u0259lahiyy\u0259tl\u0259rind\u0259n sui-istifad\u0259) v\u0259 314-2.3 (qanunla m\u00fc\u0259yy\u0259n olunmu\u015f qaydalar\u0131 pozmaqla tikinti v\u0259 ya qura\u015fd\u0131rma i\u015fl\u0259rinin apar\u0131lmas\u0131na icaz\u0259 verm\u0259 a\u011f\u0131r n\u0259tic\u0259l\u0259r\u0259 s\u0259b\u0259b olduqda) madd\u0259l\u0259ri il\u0259 ir\u0259li s\u00fcr\u00fclm\u00fc\u015f ittihamlar m\u0259hk\u0259m\u0259d\u0259 t\u0259sdiqini tap\u0131b. O, Faiq Q\u0259niyevin s\u0259drlik etdiyi hakiml\u0259r kollegiyas\u0131na t\u0259klif edib ki, sabiq Aparat r\u0259hb\u0259rin\u0259 3 il v\u0259zif\u0259 tutmaq qada\u011fan olunmaqla, 6 il azadl\u0131qdan m\u0259hrum edilsin.<br><\/p>\n\n\n\n<p>Rasim Quliyevin v\u0259kill\u0259ri \u00e7\u0131x\u0131\u015fa haz\u0131rla\u015fmaq \u00fc\u00e7\u00fcn m\u0259hk\u0259m\u0259d\u0259n vaxt ist\u0259yib. V\u0259kill\u0259r\u0259 dekabr\u0131n 16-na q\u0259d\u0259r vaxt verilib.<br><\/p>\n\n\n\n<p>Rasim Quliyev 2018-ci ilin may\u0131nda &#8211; Hac\u0131bala Abutal\u0131bov Ba\u015f nazirin m\u00fcavini t\u0259yin edil\u0259nd\u0259n sonra ona h\u0259val\u0259 edilmi\u015f m\u00fcavin s\u0259lahiyy\u0259tl\u0259rini icra ed\u0259rk\u0259n &#8220;FF-2011\u201d tikinti \u015firk\u0259tin\u0259 Bak\u0131n\u0131n Dilar\u0259 \u018fliyeva k\u00fc\u00e7\u0259sind\u0259 tarixi-memarl\u0131q abid\u0259si say\u0131lan binan\u0131n s\u00f6k\u00fclm\u0259si v\u0259 yeni binan\u0131n tikintisi \u00fc\u00e7\u00fcn icaz\u0259 verm\u0259kd\u0259 ittiham olunur. Lakin o, \u00f6z\u00fcn\u00fc t\u0259qsirli bilmir.<br><\/p>\n\n\n\n<p>Tikinti \u015firk\u0259tinin r\u0259hb\u0259ri Tamilla \u0130brahimova da m\u0259hk\u0259m\u0259d\u0259 dindiril\u0259rk\u0259n deyib ki, o, b\u00fct\u00fcn m\u0259s\u0259l\u0259l\u0259ri Hac\u0131bala Abutal\u0131bovla h\u0259ll edib, Rasim Quliyevi tan\u0131may\u0131b.<br><\/p>\n\n\n\n<p>Rasim Quliyev 1970-ci ild\u0259 Nax\u00e7\u0131van Muxtar Respublikas\u0131n\u0131n \u015eahbuz rayonunda do\u011fulub. O, 2001-2018-ci ill\u0259rd\u0259 Bak\u0131 \u015f\u0259h\u0259r \u0130cra Hakimiyy\u0259tind\u0259 \u00e7al\u0131\u015f\u0131b. 2010-cu ild\u0259 Aparat r\u0259hb\u0259ri t\u0259yin edilm\u0259mi\u015fd\u0259n \u0259vv\u0259l meriyan\u0131n \u0259razi idar\u0259etm\u0259 \u015f\u00f6b\u0259sinin m\u00fcdiri olub.<br><\/p>\n\n\n\n<p>Eldar \u018fzizov 2018-ci ilin iyulunda Bak\u0131 \u015f\u0259h\u0259r \u0130cra Hakimiyy\u0259tinin ba\u015f\u00e7\u0131s\u0131n\u0131n birinci m\u00fcavini t\u0259yin edilib, h\u0259m d\u0259 ba\u015f\u00e7\u0131 s\u0259lahiyy\u0259tl\u0259rinin icras\u0131na ba\u015flayandan sonra h\u0259yata ke\u00e7irdiyi \u0259sas kadr d\u0259yi\u015fiklikl\u0259rind\u0259n biri Rasim Quliyevl\u0259 ba\u011fl\u0131 olub. 2018-ci ilin sentyabr\u0131nda o, Rasim Quliyevi Aparat r\u0259hb\u0259ri v\u0259zif\u0259sind\u0259n azad edib. Onu yerin\u0259 Elg\u00fcn H\u0259bibullayev t\u0259yin edilib. Rasim Quliyev is\u0259 meriyan\u0131n Xarici \u018flaq\u0259l\u0259r Departamentinin s\u0259dri olub. 2018-ci ilin noyabr\u0131nda Eldar \u018fzizov Bak\u0131n\u0131n icra ba\u015f\u00e7\u0131s\u0131 t\u0259yin edil\u0259nd\u0259n sonra r\u0259hb\u0259rlik etdiyi qurumda bir ne\u00e7\u0259 departamenti, o c\u00fcml\u0259d\u0259n Xarici \u018flaq\u0259l\u0259r Departamentini d\u0259 l\u0259\u011fv edib. Rasim Quliyev is\u0259 s\u0259r\u0259ncama g\u00f6nd\u0259rilib. Bundan sonra o, YAP M\u0259rk\u0259zi Aparat\u0131nda i\u015f\u0259 t\u0259yin olunub.<br><\/p>\n\n\n\n<p>Rasim Quliyev \u201cS\u0259s\u201d q\u0259zetinin ba\u015f redaktoru B\u0259hruz Quliyevin qarda\u015f\u0131d\u0131r.<\/p>\n","protected":false},"excerpt":{"rendered":"<p>V\u0259kill\u0259r\u0259 \u00e7\u0131x\u0131\u015f \u00fc\u00e7\u00fcn vaxt verildi 2010-2018-ci ill\u0259rd\u0259 Bak\u0131 \u015e\u0259h\u0259r \u0130cra &#8230; <\/p>\n<p class=\"read-more-container\"><a title=\"D\u00f6vl\u0259t ittiham\u00e7\u0131s\u0131 Rasim Quliyev\u0259 6 il i\u015f ist\u0259di\" class=\"read-more button\" href=\"https:\/\/www.meydan.tv\/az\/article\/dovlet-ittihamcisi-rasim-quliyeve-6-il-is-istedi\/#more-228853\" aria-label=\"Read more about D\u00f6vl\u0259t ittiham\u00e7\u0131s\u0131 Rasim Quliyev\u0259 6 il i\u015f ist\u0259di\">Davam\u0131<\/a><\/p>\n","protected":false},"author":8,"featured_media":210526,"comment_status":"closed","ping_status":"closed","sticky":false,"template":"","format":"standard","meta":{"_acf_changed":false,"_sitemap_exclude":false,"_sitemap_priority":"","_sitemap_frequency":"","footnotes":""},"categories":[88,59,79,56],"tags":[],"class_list":["post-228853","post","type-post","status-publish","format-standard","has-post-thumbnail","hentry","category-redaktor-secimi","category-siyaset","category-featured","category-xeberler","infinite-scroll-item","generate-columns","tablet-grid-50","mobile-grid-100","grid-parent","grid-33","no-featured-image-padding"],"acf":[],"yoast_head":"<!-- This site is optimized with the Yoast SEO plugin v27.5 - https:\/\/yoast.com\/product\/yoast-seo-wordpress\/ -->\n<title>D\u00f6vl\u0259t ittiham\u00e7\u0131s\u0131 Rasim Quliyev\u0259 6 il i\u015f ist\u0259di - MEYDAN.TV<\/title>\n<meta name=\"robots\" content=\"index, follow, max-snippet:-1, max-image-preview:large, max-video-preview:-1\" \/>\n<link rel=\"canonical\" href=\"https:\/\/www.meydan.tv\/az\/article\/dovlet-ittihamcisi-rasim-quliyeve-6-il-is-istedi\/\" \/>\n<meta property=\"og:locale\" content=\"az_AZ\" \/>\n<meta property=\"og:type\" content=\"article\" \/>\n<meta property=\"og:title\" content=\"D\u00f6vl\u0259t ittiham\u00e7\u0131s\u0131 Rasim Quliyev\u0259 6 il i\u015f ist\u0259di - MEYDAN.TV\" \/>\n<meta property=\"og:description\" content=\"V\u0259kill\u0259r\u0259 \u00e7\u0131x\u0131\u015f \u00fc\u00e7\u00fcn vaxt verildi 2010-2018-ci ill\u0259rd\u0259 Bak\u0131 \u015e\u0259h\u0259r \u0130cra ... Davam\u0131\" \/>\n<meta property=\"og:url\" content=\"https:\/\/www.meydan.tv\/az\/article\/dovlet-ittihamcisi-rasim-quliyeve-6-il-is-istedi\/\" \/>\n<meta property=\"og:site_name\" content=\"MEYDAN.TV\" \/>\n<meta property=\"article:published_time\" content=\"2021-12-09T10:20:23+00:00\" \/>\n<meta property=\"article:modified_time\" content=\"2021-12-09T12:04:28+00:00\" \/>\n<meta property=\"og:image\" content=\"https:\/\/www.meydan.tv\/wp-content\/uploads\/rasim_quliyev_11-e1639045297790.jpg\" \/>\n\t<meta property=\"og:image:width\" content=\"719\" \/>\n\t<meta property=\"og:image:height\" content=\"462\" \/>\n\t<meta property=\"og:image:type\" content=\"image\/jpeg\" \/>\n<meta name=\"author\" content=\"elli\" \/>\n<meta name=\"twitter:card\" content=\"summary_large_image\" \/>\n<meta name=\"twitter:creator\" content=\"@elli\" \/>\n<script type=\"application\/ld+json\" class=\"yoast-schema-graph\">{\"@context\":\"https:\\\/\\\/schema.org\",\"@graph\":[{\"@type\":\"Article\",\"@id\":\"https:\\\/\\\/www.meydan.tv\\\/az\\\/article\\\/dovlet-ittihamcisi-rasim-quliyeve-6-il-is-istedi\\\/#article\",\"isPartOf\":{\"@id\":\"https:\\\/\\\/www.meydan.tv\\\/az\\\/article\\\/dovlet-ittihamcisi-rasim-quliyeve-6-il-is-istedi\\\/\"},\"author\":{\"name\":\"elli\",\"@id\":\"https:\\\/\\\/www.meydan.tv\\\/az\\\/#\\\/schema\\\/person\\\/9cdbecf90d17180ce1dfbd95b08dcf47\"},\"headline\":\"D\u00f6vl\u0259t ittiham\u00e7\u0131s\u0131 Rasim Quliyev\u0259 6 il i\u015f ist\u0259di\",\"datePublished\":\"2021-12-09T10:20:23+00:00\",\"dateModified\":\"2021-12-09T12:04:28+00:00\",\"mainEntityOfPage\":{\"@id\":\"https:\\\/\\\/www.meydan.tv\\\/az\\\/article\\\/dovlet-ittihamcisi-rasim-quliyeve-6-il-is-istedi\\\/\"},\"wordCount\":574,\"publisher\":{\"@id\":\"https:\\\/\\\/www.meydan.tv\\\/az\\\/#organization\"},\"image\":{\"@id\":\"https:\\\/\\\/www.meydan.tv\\\/az\\\/article\\\/dovlet-ittihamcisi-rasim-quliyeve-6-il-is-istedi\\\/#primaryimage\"},\"thumbnailUrl\":\"https:\\\/\\\/www.meydan.tv\\\/wp-content\\\/uploads\\\/rasim_quliyev_11-e1639045297790.jpg\",\"articleSection\":[\"Redaktor se\u00e7imi\",\"Siyas\u0259t\",\"T\u00f6vsiy\u0259\",\"X\u0259b\u0259rl\u0259r\"],\"inLanguage\":\"az\"},{\"@type\":\"WebPage\",\"@id\":\"https:\\\/\\\/www.meydan.tv\\\/az\\\/article\\\/dovlet-ittihamcisi-rasim-quliyeve-6-il-is-istedi\\\/\",\"url\":\"https:\\\/\\\/www.meydan.tv\\\/az\\\/article\\\/dovlet-ittihamcisi-rasim-quliyeve-6-il-is-istedi\\\/\",\"name\":\"D\u00f6vl\u0259t ittiham\u00e7\u0131s\u0131 Rasim Quliyev\u0259 6 il i\u015f ist\u0259di - MEYDAN.TV\",\"isPartOf\":{\"@id\":\"https:\\\/\\\/www.meydan.tv\\\/az\\\/#website\"},\"primaryImageOfPage\":{\"@id\":\"https:\\\/\\\/www.meydan.tv\\\/az\\\/article\\\/dovlet-ittihamcisi-rasim-quliyeve-6-il-is-istedi\\\/#primaryimage\"},\"image\":{\"@id\":\"https:\\\/\\\/www.meydan.tv\\\/az\\\/article\\\/dovlet-ittihamcisi-rasim-quliyeve-6-il-is-istedi\\\/#primaryimage\"},\"thumbnailUrl\":\"https:\\\/\\\/www.meydan.tv\\\/wp-content\\\/uploads\\\/rasim_quliyev_11-e1639045297790.jpg\",\"datePublished\":\"2021-12-09T10:20:23+00:00\",\"dateModified\":\"2021-12-09T12:04:28+00:00\",\"breadcrumb\":{\"@id\":\"https:\\\/\\\/www.meydan.tv\\\/az\\\/article\\\/dovlet-ittihamcisi-rasim-quliyeve-6-il-is-istedi\\\/#breadcrumb\"},\"inLanguage\":\"az\",\"potentialAction\":[{\"@type\":\"ReadAction\",\"target\":[\"https:\\\/\\\/www.meydan.tv\\\/az\\\/article\\\/dovlet-ittihamcisi-rasim-quliyeve-6-il-is-istedi\\\/\"]}]},{\"@type\":\"ImageObject\",\"inLanguage\":\"az\",\"@id\":\"https:\\\/\\\/www.meydan.tv\\\/az\\\/article\\\/dovlet-ittihamcisi-rasim-quliyeve-6-il-is-istedi\\\/#primaryimage\",\"url\":\"https:\\\/\\\/www.meydan.tv\\\/wp-content\\\/uploads\\\/rasim_quliyev_11-e1639045297790.jpg\",\"contentUrl\":\"https:\\\/\\\/www.meydan.tv\\\/wp-content\\\/uploads\\\/rasim_quliyev_11-e1639045297790.jpg\",\"width\":719,\"height\":462,\"caption\":\"Rasim Quliyev, Foto: \\\"S\u0259s\\\" q\u0259zeti\"},{\"@type\":\"BreadcrumbList\",\"@id\":\"https:\\\/\\\/www.meydan.tv\\\/az\\\/article\\\/dovlet-ittihamcisi-rasim-quliyeve-6-il-is-istedi\\\/#breadcrumb\",\"itemListElement\":[{\"@type\":\"ListItem\",\"position\":1,\"name\":\"Ana s\u0259hif\u0259\",\"item\":\"https:\\\/\\\/www.meydan.tv\\\/az\\\/\"},{\"@type\":\"ListItem\",\"position\":2,\"name\":\"Siyas\u0259t\",\"item\":\"https:\\\/\\\/www.meydan.tv\\\/az\\\/section\\\/siyaset\\\/\"},{\"@type\":\"ListItem\",\"position\":3,\"name\":\"D\u00f6vl\u0259t ittiham\u00e7\u0131s\u0131 Rasim Quliyev\u0259 6 il i\u015f ist\u0259di\"}]},{\"@type\":\"WebSite\",\"@id\":\"https:\\\/\\\/www.meydan.tv\\\/az\\\/#website\",\"url\":\"https:\\\/\\\/www.meydan.tv\\\/az\\\/\",\"name\":\"MEYDAN.TV\",\"description\":\"Meydan TV Az\u0259rbaycan\u0131n media m\u0259kan\u0131ndak\u0131 alternativ s\u0259sidir\",\"publisher\":{\"@id\":\"https:\\\/\\\/www.meydan.tv\\\/az\\\/#organization\"},\"potentialAction\":[{\"@type\":\"SearchAction\",\"target\":{\"@type\":\"EntryPoint\",\"urlTemplate\":\"https:\\\/\\\/www.meydan.tv\\\/az\\\/?s={search_term_string}\"},\"query-input\":{\"@type\":\"PropertyValueSpecification\",\"valueRequired\":true,\"valueName\":\"search_term_string\"}}],\"inLanguage\":\"az\"},{\"@type\":\"Organization\",\"@id\":\"https:\\\/\\\/www.meydan.tv\\\/az\\\/#organization\",\"name\":\"Meydan TV\",\"url\":\"https:\\\/\\\/www.meydan.tv\\\/az\\\/\",\"logo\":{\"@type\":\"ImageObject\",\"inLanguage\":\"az\",\"@id\":\"https:\\\/\\\/www.meydan.tv\\\/az\\\/#\\\/schema\\\/logo\\\/image\\\/\",\"url\":\"https:\\\/\\\/www.meydan.tv\\\/wp-content\\\/uploads\\\/2021\\\/07\\\/meydan-logo.svg\",\"contentUrl\":\"https:\\\/\\\/www.meydan.tv\\\/wp-content\\\/uploads\\\/2021\\\/07\\\/meydan-logo.svg\",\"width\":195,\"height\":46,\"caption\":\"Meydan TV\"},\"image\":{\"@id\":\"https:\\\/\\\/www.meydan.tv\\\/az\\\/#\\\/schema\\\/logo\\\/image\\\/\"}},{\"@type\":\"Person\",\"@id\":\"https:\\\/\\\/www.meydan.tv\\\/az\\\/#\\\/schema\\\/person\\\/9cdbecf90d17180ce1dfbd95b08dcf47\",\"name\":\"elli\",\"sameAs\":[\"https:\\\/\\\/x.com\\\/elli\"]}]}<\/script>\n<!-- \/ Yoast SEO plugin. -->","yoast_head_json":{"title":"D\u00f6vl\u0259t ittiham\u00e7\u0131s\u0131 Rasim Quliyev\u0259 6 il i\u015f ist\u0259di - MEYDAN.TV","robots":{"index":"index","follow":"follow","max-snippet":"max-snippet:-1","max-image-preview":"max-image-preview:large","max-video-preview":"max-video-preview:-1"},"canonical":"https:\/\/www.meydan.tv\/az\/article\/dovlet-ittihamcisi-rasim-quliyeve-6-il-is-istedi\/","og_locale":"az_AZ","og_type":"article","og_title":"D\u00f6vl\u0259t ittiham\u00e7\u0131s\u0131 Rasim Quliyev\u0259 6 il i\u015f ist\u0259di - MEYDAN.TV","og_description":"V\u0259kill\u0259r\u0259 \u00e7\u0131x\u0131\u015f \u00fc\u00e7\u00fcn vaxt verildi 2010-2018-ci ill\u0259rd\u0259 Bak\u0131 \u015e\u0259h\u0259r \u0130cra ... Davam\u0131","og_url":"https:\/\/www.meydan.tv\/az\/article\/dovlet-ittihamcisi-rasim-quliyeve-6-il-is-istedi\/","og_site_name":"MEYDAN.TV","article_published_time":"2021-12-09T10:20:23+00:00","article_modified_time":"2021-12-09T12:04:28+00:00","og_image":[{"width":719,"height":462,"url":"https:\/\/www.meydan.tv\/wp-content\/uploads\/rasim_quliyev_11-e1639045297790.jpg","type":"image\/jpeg"}],"author":"elli","twitter_card":"summary_large_image","twitter_creator":"@elli","schema":{"@context":"https:\/\/schema.org","@graph":[{"@type":"Article","@id":"https:\/\/www.meydan.tv\/az\/article\/dovlet-ittihamcisi-rasim-quliyeve-6-il-is-istedi\/#article","isPartOf":{"@id":"https:\/\/www.meydan.tv\/az\/article\/dovlet-ittihamcisi-rasim-quliyeve-6-il-is-istedi\/"},"author":{"name":"elli","@id":"https:\/\/www.meydan.tv\/az\/#\/schema\/person\/9cdbecf90d17180ce1dfbd95b08dcf47"},"headline":"D\u00f6vl\u0259t ittiham\u00e7\u0131s\u0131 Rasim Quliyev\u0259 6 il i\u015f ist\u0259di","datePublished":"2021-12-09T10:20:23+00:00","dateModified":"2021-12-09T12:04:28+00:00","mainEntityOfPage":{"@id":"https:\/\/www.meydan.tv\/az\/article\/dovlet-ittihamcisi-rasim-quliyeve-6-il-is-istedi\/"},"wordCount":574,"publisher":{"@id":"https:\/\/www.meydan.tv\/az\/#organization"},"image":{"@id":"https:\/\/www.meydan.tv\/az\/article\/dovlet-ittihamcisi-rasim-quliyeve-6-il-is-istedi\/#primaryimage"},"thumbnailUrl":"https:\/\/www.meydan.tv\/wp-content\/uploads\/rasim_quliyev_11-e1639045297790.jpg","articleSection":["Redaktor se\u00e7imi","Siyas\u0259t","T\u00f6vsiy\u0259","X\u0259b\u0259rl\u0259r"],"inLanguage":"az"},{"@type":"WebPage","@id":"https:\/\/www.meydan.tv\/az\/article\/dovlet-ittihamcisi-rasim-quliyeve-6-il-is-istedi\/","url":"https:\/\/www.meydan.tv\/az\/article\/dovlet-ittihamcisi-rasim-quliyeve-6-il-is-istedi\/","name":"D\u00f6vl\u0259t ittiham\u00e7\u0131s\u0131 Rasim Quliyev\u0259 6 il i\u015f ist\u0259di - MEYDAN.TV","isPartOf":{"@id":"https:\/\/www.meydan.tv\/az\/#website"},"primaryImageOfPage":{"@id":"https:\/\/www.meydan.tv\/az\/article\/dovlet-ittihamcisi-rasim-quliyeve-6-il-is-istedi\/#primaryimage"},"image":{"@id":"https:\/\/www.meydan.tv\/az\/article\/dovlet-ittihamcisi-rasim-quliyeve-6-il-is-istedi\/#primaryimage"},"thumbnailUrl":"https:\/\/www.meydan.tv\/wp-content\/uploads\/rasim_quliyev_11-e1639045297790.jpg","datePublished":"2021-12-09T10:20:23+00:00","dateModified":"2021-12-09T12:04:28+00:00","breadcrumb":{"@id":"https:\/\/www.meydan.tv\/az\/article\/dovlet-ittihamcisi-rasim-quliyeve-6-il-is-istedi\/#breadcrumb"},"inLanguage":"az","potentialAction":[{"@type":"ReadAction","target":["https:\/\/www.meydan.tv\/az\/article\/dovlet-ittihamcisi-rasim-quliyeve-6-il-is-istedi\/"]}]},{"@type":"ImageObject","inLanguage":"az","@id":"https:\/\/www.meydan.tv\/az\/article\/dovlet-ittihamcisi-rasim-quliyeve-6-il-is-istedi\/#primaryimage","url":"https:\/\/www.meydan.tv\/wp-content\/uploads\/rasim_quliyev_11-e1639045297790.jpg","contentUrl":"https:\/\/www.meydan.tv\/wp-content\/uploads\/rasim_quliyev_11-e1639045297790.jpg","width":719,"height":462,"caption":"Rasim Quliyev, Foto: \"S\u0259s\" q\u0259zeti"},{"@type":"BreadcrumbList","@id":"https:\/\/www.meydan.tv\/az\/article\/dovlet-ittihamcisi-rasim-quliyeve-6-il-is-istedi\/#breadcrumb","itemListElement":[{"@type":"ListItem","position":1,"name":"Ana s\u0259hif\u0259","item":"https:\/\/www.meydan.tv\/az\/"},{"@type":"ListItem","position":2,"name":"Siyas\u0259t","item":"https:\/\/www.meydan.tv\/az\/section\/siyaset\/"},{"@type":"ListItem","position":3,"name":"D\u00f6vl\u0259t ittiham\u00e7\u0131s\u0131 Rasim Quliyev\u0259 6 il i\u015f ist\u0259di"}]},{"@type":"WebSite","@id":"https:\/\/www.meydan.tv\/az\/#website","url":"https:\/\/www.meydan.tv\/az\/","name":"MEYDAN.TV","description":"Meydan TV Az\u0259rbaycan\u0131n media m\u0259kan\u0131ndak\u0131 alternativ s\u0259sidir","publisher":{"@id":"https:\/\/www.meydan.tv\/az\/#organization"},"potentialAction":[{"@type":"SearchAction","target":{"@type":"EntryPoint","urlTemplate":"https:\/\/www.meydan.tv\/az\/?s={search_term_string}"},"query-input":{"@type":"PropertyValueSpecification","valueRequired":true,"valueName":"search_term_string"}}],"inLanguage":"az"},{"@type":"Organization","@id":"https:\/\/www.meydan.tv\/az\/#organization","name":"Meydan TV","url":"https:\/\/www.meydan.tv\/az\/","logo":{"@type":"ImageObject","inLanguage":"az","@id":"https:\/\/www.meydan.tv\/az\/#\/schema\/logo\/image\/","url":"https:\/\/www.meydan.tv\/wp-content\/uploads\/2021\/07\/meydan-logo.svg","contentUrl":"https:\/\/www.meydan.tv\/wp-content\/uploads\/2021\/07\/meydan-logo.svg","width":195,"height":46,"caption":"Meydan TV"},"image":{"@id":"https:\/\/www.meydan.tv\/az\/#\/schema\/logo\/image\/"}},{"@type":"Person","@id":"https:\/\/www.meydan.tv\/az\/#\/schema\/person\/9cdbecf90d17180ce1dfbd95b08dcf47","name":"elli","sameAs":["https:\/\/x.com\/elli"]}]}},"_links":{"self":[{"href":"https:\/\/www.meydan.tv\/az\/wp-json\/wp\/v2\/posts\/228853","targetHints":{"allow":["GET"]}}],"collection":[{"href":"https:\/\/www.meydan.tv\/az\/wp-json\/wp\/v2\/posts"}],"about":[{"href":"https:\/\/www.meydan.tv\/az\/wp-json\/wp\/v2\/types\/post"}],"author":[{"embeddable":true,"href":"https:\/\/www.meydan.tv\/az\/wp-json\/wp\/v2\/users\/8"}],"replies":[{"embeddable":true,"href":"https:\/\/www.meydan.tv\/az\/wp-json\/wp\/v2\/comments?post=228853"}],"version-history":[{"count":2,"href":"https:\/\/www.meydan.tv\/az\/wp-json\/wp\/v2\/posts\/228853\/revisions"}],"predecessor-version":[{"id":228874,"href":"https:\/\/www.meydan.tv\/az\/wp-json\/wp\/v2\/posts\/228853\/revisions\/228874"}],"wp:featuredmedia":[{"embeddable":true,"href":"https:\/\/www.meydan.tv\/az\/wp-json\/wp\/v2\/media\/210526"}],"wp:attachment":[{"href":"https:\/\/www.meydan.tv\/az\/wp-json\/wp\/v2\/media?parent=228853"}],"wp:term":[{"taxonomy":"category","embeddable":true,"href":"https:\/\/www.meydan.tv\/az\/wp-json\/wp\/v2\/categories?post=228853"},{"taxonomy":"post_tag","embeddable":true,"href":"https:\/\/www.meydan.tv\/az\/wp-json\/wp\/v2\/tags?post=228853"}],"curies":[{"name":"wp","href":"https:\/\/api.w.org\/{rel}","templated":true}]}}