{"id":228825,"date":"2021-12-09T13:19:32","date_gmt":"2021-12-09T09:19:32","guid":{"rendered":"https:\/\/www.meydan.tv\/?p=228825"},"modified":"2021-12-09T13:19:34","modified_gmt":"2021-12-09T09:19:34","slug":"pfizer-ve-biontech-peyvendi-omicron-staminin-qarsisini-qismen-ala-biler","status":"publish","type":"post","link":"https:\/\/www.meydan.tv\/az\/article\/pfizer-ve-biontech-peyvendi-omicron-staminin-qarsisini-qismen-ala-biler\/","title":{"rendered":"\u201cPfizer\u201d v\u0259 \u201cBioNTech\u201d peyv\u0259ndi \u201cOmicron\u201d \u015ftam\u0131n\u0131n qar\u015f\u0131s\u0131n\u0131 qism\u0259n ala bil\u0259r"},"content":{"rendered":"\n<p><em>U\u011fur \u015eahinin fikrinc\u0259, peyv\u0259ndin ikinci v\u0259 \u00fc\u00e7\u00fcnc\u00fc dozas\u0131 aras\u0131ndak\u0131 m\u00fcdd\u0259t q\u0131sald\u0131lmal\u0131d\u0131r<br><\/em><\/p>\n\n\n\n<p>C\u0259nubi Afrikada yel\u0259\u015f\u0259n Afrika Sa\u011flaml\u0131q T\u0259dqiqat \u0130nstitutunun \u0259sas t\u0259dqiqat laboratoriyas\u0131n\u0131n r\u0259hb\u0259ri \u00e7\u0259r\u015f\u0259nb\u0259 ax\u015fam\u0131 a\u00e7\u0131qlama ver\u0259r\u0259k bildirib ki, \u201cPfizer\u201d v\u0259 \u201cBioNTech\u201d peyv\u0259ndinin iki dozas\u0131 \u201cOmicron\u201d \u015ftam\u0131n\u0131n qar\u015f\u0131s\u0131n\u0131 qism\u0259n ala <a href=\"https:\/\/www.reuters.com\/business\/healthcare-pharmaceuticals\/pfizer-covid-19-vaccine-partially-protective-against-omicron-bloomberg-news-2021-12-07\/\" target=\"_blank\" rel=\"noreferrer noopener\">bil\u0259r<\/a>.<br><\/p>\n\n\n\n<p>Bununla yana\u015f\u0131, t\u0259dqiqat\u0131n n\u0259tic\u0259si g\u00f6st\u0259rir ki, peyv\u0259ndin iki dozas\u0131n\u0131 vurdurmu\u015f v\u0259 daha \u00f6nc\u0259 infeksiyaya yoluxmu\u015f insanlar\u0131n qan\u0131nda bu variant z\u0259r\u0259rsizl\u0259\u015fdiril\u0259 bil\u0259r v\u0259 peyv\u0259ndin \u0259lav\u0259 dozalar\u0131n\u0131n vurdurulmas\u0131 bu infeksiyan\u0131n qar\u015f\u0131s\u0131n\u0131 alma\u011fa k\u00f6m\u0259k ed\u0259r.<br><\/p>\n\n\n\n<p>\u00d6t\u0259n ay ilk d\u0259f\u0259 C\u0259nubi Afrikada ortaya \u00e7\u0131xan koronavirusun \u201cOmicron\u201d \u015ftam\u0131 h\u0259y\u0259cana s\u0259b\u0259b olub. Yaponiyadan AB\u015e-a q\u0259d\u0259r iyirmid\u0259n \u00e7ox \u00f6lk\u0259d\u0259 bu infeksiyaya yoluxmu\u015f insanlar\u0131n say\u0131 art\u0131b.<br>\u00dcmumd\u00fcnya S\u0259hiyy\u0259 T\u0259\u015fkilat\u0131 noyabr\u0131n 26-da bu \u015ftam\u0131n ortaya \u00e7\u0131xmas\u0131ndan &#8220;narahatl\u0131q&#8221; duyduqlar\u0131n\u0131 s\u00f6yl\u0259yir. Lakin t\u0259\u015fkilat bir \u00e7ox mutasiyaya m\u0259ruz qalan \u201cOmicron\u201d \u015ftam\u0131 il\u0259 m\u00fcbariz\u0259 \u00fc\u00e7\u00fcn x\u00fcsusi olaraq haz\u0131rlanm\u0131\u015f yeni peyv\u0259ndl\u0259r\u0259 ehtiyac yarand\u0131\u011f\u0131n\u0131 d\u0259st\u0259kl\u0259m\u0259k \u00fc\u00e7\u00fcn h\u0259l\u0259lik he\u00e7 bir s\u00fcbut olmad\u0131\u011f\u0131n\u0131 bilidirib.<br>Frankfurt Universiteti X\u0259st\u0259xanas\u0131n\u0131n virusoloqu Sandra Ciesekin ayr\u0131ca bir laboratoriyada apard\u0131\u011f\u0131 t\u0259dqiqat\u0131n n\u0259tic\u0259si is\u0259 daha qaranl\u0131q m\u0259nz\u0259r\u0259ni ortaya qoyur.<br><\/p>\n\n\n\n<p>O, virusun m\u00fcxt\u0259lif \u015ftamlar\u0131na qar\u015f\u0131 peyv\u0259nd edilmi\u015f insanlar\u0131n qan\u0131ndan al\u0131nm\u0131\u015f analiz il\u0259 \u00fc\u00e7 doza \u201cBioNTech\/Pfizer\u201d peyv\u0259ndi olmu\u015f insanlarda \u201cOmicron\u201d \u015ftam\u0131na qar\u015f\u0131 anticisiml\u0259r yaratmaq qabiliyy\u0259tinin \u201cDelta\u201d \u015ftam\u0131 il\u0259 m\u00fcqayis\u0259d\u0259 37 d\u0259f\u0259 a\u015fa\u011f\u0131 oldu\u011funu m\u00fc\u0259yy\u0259n edib.<br><\/p>\n\n\n\n<p>Ciesek h\u0259m\u00e7inin \u0259lav\u0259 edib ki, \u201cPfizer\/BioNTech\u201d, \u201cModerna\u201d v\u0259 ya \u201cAstraZeneca\/BioNTech\u201d qar\u0131\u015f\u0131q vaksinin vurulmas\u0131ndan alt\u0131 ay ke\u00e7mi\u015f olsa bel\u0259, \u201cOmicron\u201d \u015ftam\u0131na qar\u015f\u0131 b\u0259d\u0259nd\u0259 antikorun yaran\u0131b-yaranmad\u0131\u011f\u0131n\u0131 \u00f6l\u00e7m\u0259k olmaz.<br><\/p>\n\n\n\n<p>Virusoloq n\u00fcmun\u0259nin say\u0131n\u0131 dem\u0259d\u0259n bir ne\u00e7\u0259sinin n\u0259tic\u0259sini \u201cTwitter\u201dd\u0259 payla\u015f\u0131b v\u0259 universitet m\u0259qal\u0259nin h\u0259l\u0259 d\u0259rc edilm\u0259diyini bildirib. \u00dcST-\u00fcn ba\u015f alimi Soumya Svaminathan qeyd edib ki, peyv\u0259nd olmu\u015f insanlarda \u201cOmicron\u201d \u015ftam\u0131na qar\u015f\u0131 antikor yaranmas\u0131 \u0259h\u0259miyy\u0259tli d\u0259r\u0259c\u0259d\u0259 azala bil\u0259r.<br><\/p>\n\n\n\n<p>&#8220;Bu, peyv\u0259ndin effektiv olmayaca\u011f\u0131 anlam\u0131na g\u0259lmir &#8211; T-h\u00fcceyr\u0259l\u0259rinin koronavirusa qar\u015f\u0131 toxunulmazl\u0131\u011f\u0131 b\u00f6y\u00fck ehtimalla davam ed\u0259c\u0259k&#8221;, &#8211; dey\u0259 o \u201cTwitter\u201dd\u0259 yaz\u0131b.<br><\/p>\n\n\n\n<p>Virusu neytralla\u015fd\u0131ran antikorlar b\u0259d\u0259nd\u0259 immun reaksiyas\u0131 g\u00f6st\u0259rs\u0259 d\u0259, elm adamlar\u0131 d\u00fc\u015f\u00fcn\u00fcrl\u0259r ki, peyv\u0259ndl\u0259r B v\u0259 T kimi h\u00fcceyr\u0259l\u0259ri stimulla\u015fd\u0131raraq koronavirusun t\u0259sirind\u0259n qoruma\u011fa k\u00f6m\u0259k edir.<br><\/p>\n\n\n\n<p>\u0130lkin ara\u015fd\u0131rmalar \u201cBioNTech\u201d peyv\u0259ndinin \u201cOmicron\u201d \u015ftam\u0131n\u0131n s\u0259b\u0259b oldu\u011fu ciddi x\u0259st\u0259likl\u0259rin v\u0259 ya \u00f6l\u00fcm\u00fcn qar\u015f\u0131s\u0131n\u0131 almaq ehtimal\u0131n\u0131n az oldu\u011funu s\u00fcbut etmir. \u00d6t\u0259n h\u0259ft\u0259 \u201cBioNTech\u201din ba\u015f direktoru U\u011fur \u015eahin laboratoriyada ara\u015fd\u0131rmalar davam ed\u0259rk\u0259n, &#8220;\u0130nsanlar\u0131n \u201cOmicron\u201d \u015ftam\u0131n\u0131n s\u0259b\u0259b oldu\u011fu ciddi x\u0259st\u0259likl\u0259rd\u0259n \u0259h\u0259miyy\u0259tli d\u0259r\u0259c\u0259d\u0259 qorunma ehtimal\u0131n\u0131n daha y\u00fcks\u0259k oldu\u011funu d\u00fc\u015f\u00fcn\u00fcr\u00fck&#8221;,- dey\u0259 a\u00e7\u0131qlama verib.<br><\/p>\n\n\n\n<p>\u201cModerna\u201d (MRNA.O), \u201cJohnson &amp; Johnson\u201d (JNJ.N) v\u0259 dig\u0259r peyv\u0259ndl\u0259rin yeni \u015ftama qar\u015f\u0131 n\u0259 q\u0259d\u0259r effektiv oldu\u011fu bar\u0259d\u0259 is\u0259 h\u0259l\u0259lik \u0259sasl\u0131 m\u0259lumat yoxdur. \u201cPfizer\u201d v\u0259 \u201cBioNTech\u201d daxil olmaqla, b\u00fct\u00fcn \u015firk\u0259tl\u0259rin bir ne\u00e7\u0259 h\u0259ft\u0259 \u0259rzind\u0259 m\u0259lumat yaymas\u0131 g\u00f6zl\u0259nilir.<br><\/p>\n\n\n\n<figure class=\"wp-block-image size-full\"><img decoding=\"async\" width=\"1200\" height=\"799\" data-src=\"https:\/\/www.meydan.tv\/wp-content\/uploads\/shutterstock_2005988828.jpg\" alt=\"\" class=\"wp-image-228827 lazyload\" src=\"data:image\/svg+xml;base64,PHN2ZyB3aWR0aD0iMSIgaGVpZ2h0PSIxIiB4bWxucz0iaHR0cDovL3d3dy53My5vcmcvMjAwMC9zdmciPjwvc3ZnPg==\" style=\"--smush-placeholder-width: 1200px; --smush-placeholder-aspect-ratio: 1200\/799;\" \/><figcaption>Foto: By diy13\/Shutterstock<\/figcaption><\/figure>\n\n\n\n<p>\u201cBioNTech\u201d v\u0259 \u201cPfizer\u201d (PFE.N) \u015firk\u0259tind\u0259n \u00e7\u0259r\u015f\u0259nb\u0259 g\u00fcn\u00fc veril\u0259 a\u00e7\u0131qlamada <a href=\"https:\/\/www.reuters.com\/business\/healthcare-pharmaceuticals\/biontech-pfizer-say-test-shows-3-doses-vaccine-neutralise-omicron-2021-12-08\/\" target=\"_blank\" rel=\"noreferrer noopener\">bildirilir<\/a> ki, laboratoriyada apar\u0131lan t\u0259dqiqatlar\u0131n n\u0259tic\u0259si peyv\u0259ndin \u00fc\u00e7\u00fcnc\u00fc dozas\u0131n\u0131n yeni \u201cOmicron\u201d \u015ftam\u0131n\u0131 t\u0259sirsiz hala g\u0259tir\u0259 bil\u0259c\u0259yini g\u00f6st\u0259rir. Bu, mRNT vaksinl\u0259rinin yeni tipli virusdan qorunmaq \u00fc\u00e7\u00fcn effektiv olaca\u011f\u0131na i\u015far\u0259dir.<br>Almaniya v\u0259 Amerika \u015firk\u0259tl\u0259ri, istehsal etdikl\u0259ri peyv\u0259ndl\u0259rin iki dozas\u0131n\u0131n b\u0259d\u0259nd\u0259 a\u015fa\u011f\u0131 s\u0259viyy\u0259d\u0259 z\u0259r\u0259rsizl\u0259\u015fdirici antikor yaradaca\u011f\u0131n\u0131, lakin yen\u0259 d\u0259 bir ne\u00e7\u0259 ciddi x\u0259st\u0259likd\u0259n qoruya bil\u0259c\u0259yini a\u00e7\u0131qlay\u0131b.<br><\/p>\n\n\n\n<p>\u201cBioNTech\u201din ba\u015f h\u0259kimi \u00d6zlem T\u00fcreci m\u0259tbuat konfrans\u0131nda deyib: &#8220;\u0130ki doza peyv\u0259ndl\u0259 ilkin m\u00fcdafi\u0259 yarana bil\u0259r, ancaq qorunmaq \u00fc\u00e7\u00fcn \u00fc\u00e7 doza peyv\u0259nd t\u0259l\u0259b olunur&#8221;.<br><\/p>\n\n\n\n<p>\u015eirk\u0259tl\u0259r h\u0259m\u00e7inin ehtiyac yaranarsa, 2022-ci ilin mart ay\u0131nda \u201cOmicron\u201d \u015ftam\u0131 \u00fc\u00e7\u00fcn yenil\u0259nmi\u015f peyv\u0259nd istehsal ed\u0259 bil\u0259c\u0259kl\u0259rini a\u00e7\u0131qlay\u0131blar.<br><\/p>\n\n\n\n<p>\u201cBioNTech\u201d v\u0259 \u201cPfizer\u201d \u015firk\u0259ti istehsal etdikl\u0259ri peyv\u0259ndin \u201cOmicron\u201d \u015ftam\u0131na qar\u015f\u0131 effektivliyin\u0259 dair r\u0259smi m\u0259lumat yayan ilk \u0259cza\u00e7\u0131l\u0131q \u015firk\u0259tidir.<br><\/p>\n\n\n\n<p>\u00c7\u0259r\u015f\u0259nb\u0259 g\u00fcn\u00fc AB\u015e prezidenti Co Bayden \u201cTwitter\u201dd\u0259 yaz\u0131b: &#8220;\u201cPfizer\u201d \u015firk\u0259tinin \u201cOmicron\u201d \u015ftam\u0131na qar\u015f\u0131 effektivliyi il\u0259 ba\u011fl\u0131 yeni m\u0259lumatlar \u00fcmidvericidir&#8221;.<br><\/p>\n\n\n\n<p>\u201cBioNTech\u201din ba\u015f direktoru U\u011fur \u015eahin h\u0259m\u00e7inin \u0259lav\u0259 edib ki, \u00f6lk\u0259l\u0259r yeni \u015ftamla m\u00fcbariz\u0259 aparmaq \u00fc\u00e7\u00fcn peyv\u0259ndin ikinci v\u0259 \u00fc\u00e7\u00fcnc\u00fc dozalar\u0131 aras\u0131ndak\u0131 m\u00fcdd\u0259ti q\u0131saltmal\u0131d\u0131r.<br><\/p>\n\n\n\n<p>O, B\u00f6y\u00fck Britaniya da daxil olmaqla b\u0259zi \u00f6lk\u0259l\u0259rin \u00fc\u00e7\u00fcnc\u00fc dozan\u0131 ikinci dozadan \u00fc\u00e7 ay sonra vurulmas\u0131 \u00fc\u00e7\u00fcn q\u0259rar q\u0259bul etdiyini xat\u0131rlad\u0131b. Bu q\u0259rardan \u00f6nc\u0259 is\u0259 ikinci v\u0259 \u00fc\u00e7\u00fcnc\u00fc doza aras\u0131ndak\u0131 m\u00fcdd\u0259t alt\u0131 ay olub.<br><\/p>\n\n\n\n<p>&#8220;Biz bunun \u0259n d\u00fczg\u00fcn yol oldu\u011funa inan\u0131r\u0131q, x\u00fcsus\u0259n d\u0259 \u201cOmicron\u201d \u015ftam\u0131 \u00e7ox yay\u0131ld\u0131\u011f\u0131 q\u0131\u015f m\u00f6vs\u00fcm\u00fcnd\u0259 \u0259n yax\u015f\u0131 qorunma \u00fcsuludur&#8221;,- dey\u0259 \u015eahin vur\u011fulay\u0131b.<br><\/p>\n\n\n\n<p>Vanderbilt Universiteti Tibb Fak\u00fclt\u0259sinin professoru v\u0259 AB\u015e-da CDC-nin immunizasiya proqram\u0131n\u0131n ke\u00e7mi\u015f direktoru Valter Orenstein haz\u0131rda m\u00f6vcud olan peyv\u0259ndl\u0259rin h\u0259l\u0259 \u201cOmicron\u201d \u015ftam\u0131na qar\u015f\u0131 istifad\u0259 oluna bilm\u0259sinin \u00fcmidverici oldu\u011funu qeyd edib.<br><\/p>\n\n\n\n<p>&#8220;Biz peyv\u0259ndi d\u0259yi\u015fdirm\u0259li olmayaca\u011f\u0131q. M\u00f6vcud peyv\u0259ndl\u0259 he\u00e7 olmasa ciddi x\u0259st\u0259likl\u0259rin qar\u015f\u0131s\u0131n\u0131 ala bil\u0259rik&#8221;,- dey\u0259 o qeyd edib.<br><\/p>\n\n\n\n<p>Bununla bel\u0259, \u015firk\u0259tl\u0259r \u201cOmicron\u201d \u015ftam\u0131na qar\u015f\u0131 peyv\u0259ndi bazara \u00e7\u0131xarmaq \u00fc\u00e7\u00fcn s\u0259yl\u0259rini davam etdir\u0259c\u0259kl\u0259rini a\u00e7\u0131qlay\u0131blar. Noyabr\u0131n 25-d\u0259n etibar\u0259n bu sah\u0259d\u0259 i\u015fl\u0259r ba\u015flay\u0131b.<br><\/p>\n\n\n\n<p>\u201cBioNTech\u201d \u015firk\u0259ti a\u00e7\u0131qlamas\u0131nda onu da qeyd edib ki, uy\u011funla\u015fd\u0131r\u0131lm\u0131\u015f peyv\u0259nd art\u0131q mart ay\u0131ndan m\u00f6vcud olsa bel\u0259, bir m\u00fcdd\u0259t geni\u015f istifad\u0259 olunmayacaq v\u0259 b\u0259lk\u0259 d\u0259 yeni peyv\u0259nd ilkin olaraq 25 milyondan 75 milyon dozaya q\u0259d\u0259r istehsal edil\u0259c\u0259k.<br><\/p>\n\n\n\n<p>\u201cPfizer\u201d \u015firk\u0259tind\u0259 \u00e7al\u0131\u015fan Kena Svanson bildirib ki, \u015firk\u0259t haz\u0131rda peyv\u0259nd olunmam\u0131\u015f insanlar \u00fcz\u0259rind\u0259 \u201cOmicron\u201d \u015ftam\u0131na qar\u015f\u0131 spesifik haz\u0131rlanan peyv\u0259ndin iki dozas\u0131n\u0131 s\u0131naqdan ke\u00e7irir.<\/p>\n","protected":false},"excerpt":{"rendered":"<p>U\u011fur \u015eahinin fikrinc\u0259, peyv\u0259ndin ikinci v\u0259 \u00fc\u00e7\u00fcnc\u00fc dozas\u0131 aras\u0131ndak\u0131 m\u00fcdd\u0259t &#8230; <\/p>\n<p class=\"read-more-container\"><a title=\"\u201cPfizer\u201d v\u0259 \u201cBioNTech\u201d peyv\u0259ndi \u201cOmicron\u201d \u015ftam\u0131n\u0131n qar\u015f\u0131s\u0131n\u0131 qism\u0259n ala bil\u0259r\" class=\"read-more button\" href=\"https:\/\/www.meydan.tv\/az\/article\/pfizer-ve-biontech-peyvendi-omicron-staminin-qarsisini-qismen-ala-biler\/#more-228825\" aria-label=\"Read more about \u201cPfizer\u201d v\u0259 \u201cBioNTech\u201d peyv\u0259ndi \u201cOmicron\u201d \u015ftam\u0131n\u0131n qar\u015f\u0131s\u0131n\u0131 qism\u0259n ala bil\u0259r\">Davam\u0131<\/a><\/p>\n","protected":false},"author":8,"featured_media":228822,"comment_status":"closed","ping_status":"closed","sticky":false,"template":"","format":"standard","meta":{"_acf_changed":false,"_sitemap_exclude":false,"_sitemap_priority":"","_sitemap_frequency":"","footnotes":""},"categories":[54,79,56],"tags":[],"class_list":["post-228825","post","type-post","status-publish","format-standard","has-post-thumbnail","hentry","category-sagliq","category-featured","category-xeberler","infinite-scroll-item","generate-columns","tablet-grid-50","mobile-grid-100","grid-parent","grid-33","no-featured-image-padding"],"acf":[],"yoast_head":"<!-- This site is optimized with the Yoast SEO plugin v27.4 - https:\/\/yoast.com\/product\/yoast-seo-wordpress\/ -->\n<title>\u201cPfizer\u201d v\u0259 \u201cBioNTech\u201d peyv\u0259ndi \u201cOmicron\u201d \u015ftam\u0131n\u0131n qar\u015f\u0131s\u0131n\u0131 qism\u0259n ala bil\u0259r - MEYDAN.TV<\/title>\n<meta name=\"robots\" content=\"index, follow, max-snippet:-1, max-image-preview:large, max-video-preview:-1\" \/>\n<link rel=\"canonical\" href=\"https:\/\/www.meydan.tv\/az\/article\/pfizer-ve-biontech-peyvendi-omicron-staminin-qarsisini-qismen-ala-biler\/\" \/>\n<meta property=\"og:locale\" content=\"az_AZ\" \/>\n<meta property=\"og:type\" content=\"article\" \/>\n<meta property=\"og:title\" content=\"\u201cPfizer\u201d v\u0259 \u201cBioNTech\u201d peyv\u0259ndi \u201cOmicron\u201d \u015ftam\u0131n\u0131n qar\u015f\u0131s\u0131n\u0131 qism\u0259n ala bil\u0259r - MEYDAN.TV\" \/>\n<meta property=\"og:description\" content=\"U\u011fur \u015eahinin fikrinc\u0259, peyv\u0259ndin ikinci v\u0259 \u00fc\u00e7\u00fcnc\u00fc dozas\u0131 aras\u0131ndak\u0131 m\u00fcdd\u0259t ... Davam\u0131\" \/>\n<meta property=\"og:url\" content=\"https:\/\/www.meydan.tv\/az\/article\/pfizer-ve-biontech-peyvendi-omicron-staminin-qarsisini-qismen-ala-biler\/\" \/>\n<meta property=\"og:site_name\" content=\"MEYDAN.TV\" \/>\n<meta property=\"article:published_time\" content=\"2021-12-09T09:19:32+00:00\" \/>\n<meta property=\"article:modified_time\" content=\"2021-12-09T09:19:34+00:00\" \/>\n<meta property=\"og:image\" content=\"https:\/\/www.meydan.tv\/wp-content\/uploads\/shutterstock_2081887429-e1639041085609.jpg\" \/>\n\t<meta property=\"og:image:width\" content=\"1200\" \/>\n\t<meta property=\"og:image:height\" content=\"612\" \/>\n\t<meta property=\"og:image:type\" content=\"image\/jpeg\" \/>\n<meta name=\"author\" content=\"elli\" \/>\n<meta name=\"twitter:card\" content=\"summary_large_image\" \/>\n<meta name=\"twitter:creator\" content=\"@elli\" \/>\n<script type=\"application\/ld+json\" class=\"yoast-schema-graph\">{\"@context\":\"https:\\\/\\\/schema.org\",\"@graph\":[{\"@type\":\"Article\",\"@id\":\"https:\\\/\\\/www.meydan.tv\\\/az\\\/article\\\/pfizer-ve-biontech-peyvendi-omicron-staminin-qarsisini-qismen-ala-biler\\\/#article\",\"isPartOf\":{\"@id\":\"https:\\\/\\\/www.meydan.tv\\\/az\\\/article\\\/pfizer-ve-biontech-peyvendi-omicron-staminin-qarsisini-qismen-ala-biler\\\/\"},\"author\":{\"name\":\"elli\",\"@id\":\"https:\\\/\\\/www.meydan.tv\\\/az\\\/#\\\/schema\\\/person\\\/9cdbecf90d17180ce1dfbd95b08dcf47\"},\"headline\":\"\u201cPfizer\u201d v\u0259 \u201cBioNTech\u201d peyv\u0259ndi \u201cOmicron\u201d \u015ftam\u0131n\u0131n qar\u015f\u0131s\u0131n\u0131 qism\u0259n ala bil\u0259r\",\"datePublished\":\"2021-12-09T09:19:32+00:00\",\"dateModified\":\"2021-12-09T09:19:34+00:00\",\"mainEntityOfPage\":{\"@id\":\"https:\\\/\\\/www.meydan.tv\\\/az\\\/article\\\/pfizer-ve-biontech-peyvendi-omicron-staminin-qarsisini-qismen-ala-biler\\\/\"},\"wordCount\":1216,\"publisher\":{\"@id\":\"https:\\\/\\\/www.meydan.tv\\\/az\\\/#organization\"},\"image\":{\"@id\":\"https:\\\/\\\/www.meydan.tv\\\/az\\\/article\\\/pfizer-ve-biontech-peyvendi-omicron-staminin-qarsisini-qismen-ala-biler\\\/#primaryimage\"},\"thumbnailUrl\":\"https:\\\/\\\/www.meydan.tv\\\/wp-content\\\/uploads\\\/shutterstock_2081887429-e1639041085609.jpg\",\"articleSection\":[\"Sa\u011fl\u0131q\",\"T\u00f6vsiy\u0259\",\"X\u0259b\u0259rl\u0259r\"],\"inLanguage\":\"az\"},{\"@type\":\"WebPage\",\"@id\":\"https:\\\/\\\/www.meydan.tv\\\/az\\\/article\\\/pfizer-ve-biontech-peyvendi-omicron-staminin-qarsisini-qismen-ala-biler\\\/\",\"url\":\"https:\\\/\\\/www.meydan.tv\\\/az\\\/article\\\/pfizer-ve-biontech-peyvendi-omicron-staminin-qarsisini-qismen-ala-biler\\\/\",\"name\":\"\u201cPfizer\u201d v\u0259 \u201cBioNTech\u201d peyv\u0259ndi \u201cOmicron\u201d \u015ftam\u0131n\u0131n qar\u015f\u0131s\u0131n\u0131 qism\u0259n ala bil\u0259r - MEYDAN.TV\",\"isPartOf\":{\"@id\":\"https:\\\/\\\/www.meydan.tv\\\/az\\\/#website\"},\"primaryImageOfPage\":{\"@id\":\"https:\\\/\\\/www.meydan.tv\\\/az\\\/article\\\/pfizer-ve-biontech-peyvendi-omicron-staminin-qarsisini-qismen-ala-biler\\\/#primaryimage\"},\"image\":{\"@id\":\"https:\\\/\\\/www.meydan.tv\\\/az\\\/article\\\/pfizer-ve-biontech-peyvendi-omicron-staminin-qarsisini-qismen-ala-biler\\\/#primaryimage\"},\"thumbnailUrl\":\"https:\\\/\\\/www.meydan.tv\\\/wp-content\\\/uploads\\\/shutterstock_2081887429-e1639041085609.jpg\",\"datePublished\":\"2021-12-09T09:19:32+00:00\",\"dateModified\":\"2021-12-09T09:19:34+00:00\",\"breadcrumb\":{\"@id\":\"https:\\\/\\\/www.meydan.tv\\\/az\\\/article\\\/pfizer-ve-biontech-peyvendi-omicron-staminin-qarsisini-qismen-ala-biler\\\/#breadcrumb\"},\"inLanguage\":\"az\",\"potentialAction\":[{\"@type\":\"ReadAction\",\"target\":[\"https:\\\/\\\/www.meydan.tv\\\/az\\\/article\\\/pfizer-ve-biontech-peyvendi-omicron-staminin-qarsisini-qismen-ala-biler\\\/\"]}]},{\"@type\":\"ImageObject\",\"inLanguage\":\"az\",\"@id\":\"https:\\\/\\\/www.meydan.tv\\\/az\\\/article\\\/pfizer-ve-biontech-peyvendi-omicron-staminin-qarsisini-qismen-ala-biler\\\/#primaryimage\",\"url\":\"https:\\\/\\\/www.meydan.tv\\\/wp-content\\\/uploads\\\/shutterstock_2081887429-e1639041085609.jpg\",\"contentUrl\":\"https:\\\/\\\/www.meydan.tv\\\/wp-content\\\/uploads\\\/shutterstock_2081887429-e1639041085609.jpg\",\"width\":1200,\"height\":612,\"caption\":\"Omicron, By Dan74\\\/Shutterstock\"},{\"@type\":\"BreadcrumbList\",\"@id\":\"https:\\\/\\\/www.meydan.tv\\\/az\\\/article\\\/pfizer-ve-biontech-peyvendi-omicron-staminin-qarsisini-qismen-ala-biler\\\/#breadcrumb\",\"itemListElement\":[{\"@type\":\"ListItem\",\"position\":1,\"name\":\"Ana s\u0259hif\u0259\",\"item\":\"https:\\\/\\\/www.meydan.tv\\\/az\\\/\"},{\"@type\":\"ListItem\",\"position\":2,\"name\":\"Sa\u011fl\u0131q\",\"item\":\"https:\\\/\\\/www.meydan.tv\\\/az\\\/section\\\/sagliq\\\/\"},{\"@type\":\"ListItem\",\"position\":3,\"name\":\"\u201cPfizer\u201d v\u0259 \u201cBioNTech\u201d peyv\u0259ndi \u201cOmicron\u201d \u015ftam\u0131n\u0131n qar\u015f\u0131s\u0131n\u0131 qism\u0259n ala bil\u0259r\"}]},{\"@type\":\"WebSite\",\"@id\":\"https:\\\/\\\/www.meydan.tv\\\/az\\\/#website\",\"url\":\"https:\\\/\\\/www.meydan.tv\\\/az\\\/\",\"name\":\"MEYDAN.TV\",\"description\":\"Meydan TV Az\u0259rbaycan\u0131n media m\u0259kan\u0131ndak\u0131 alternativ s\u0259sidir\",\"publisher\":{\"@id\":\"https:\\\/\\\/www.meydan.tv\\\/az\\\/#organization\"},\"potentialAction\":[{\"@type\":\"SearchAction\",\"target\":{\"@type\":\"EntryPoint\",\"urlTemplate\":\"https:\\\/\\\/www.meydan.tv\\\/az\\\/?s={search_term_string}\"},\"query-input\":{\"@type\":\"PropertyValueSpecification\",\"valueRequired\":true,\"valueName\":\"search_term_string\"}}],\"inLanguage\":\"az\"},{\"@type\":\"Organization\",\"@id\":\"https:\\\/\\\/www.meydan.tv\\\/az\\\/#organization\",\"name\":\"Meydan TV\",\"url\":\"https:\\\/\\\/www.meydan.tv\\\/az\\\/\",\"logo\":{\"@type\":\"ImageObject\",\"inLanguage\":\"az\",\"@id\":\"https:\\\/\\\/www.meydan.tv\\\/az\\\/#\\\/schema\\\/logo\\\/image\\\/\",\"url\":\"https:\\\/\\\/www.meydan.tv\\\/wp-content\\\/uploads\\\/2021\\\/07\\\/meydan-logo.svg\",\"contentUrl\":\"https:\\\/\\\/www.meydan.tv\\\/wp-content\\\/uploads\\\/2021\\\/07\\\/meydan-logo.svg\",\"width\":195,\"height\":46,\"caption\":\"Meydan TV\"},\"image\":{\"@id\":\"https:\\\/\\\/www.meydan.tv\\\/az\\\/#\\\/schema\\\/logo\\\/image\\\/\"}},{\"@type\":\"Person\",\"@id\":\"https:\\\/\\\/www.meydan.tv\\\/az\\\/#\\\/schema\\\/person\\\/9cdbecf90d17180ce1dfbd95b08dcf47\",\"name\":\"elli\",\"sameAs\":[\"https:\\\/\\\/x.com\\\/elli\"]}]}<\/script>\n<!-- \/ Yoast SEO plugin. -->","yoast_head_json":{"title":"\u201cPfizer\u201d v\u0259 \u201cBioNTech\u201d peyv\u0259ndi \u201cOmicron\u201d \u015ftam\u0131n\u0131n qar\u015f\u0131s\u0131n\u0131 qism\u0259n ala bil\u0259r - MEYDAN.TV","robots":{"index":"index","follow":"follow","max-snippet":"max-snippet:-1","max-image-preview":"max-image-preview:large","max-video-preview":"max-video-preview:-1"},"canonical":"https:\/\/www.meydan.tv\/az\/article\/pfizer-ve-biontech-peyvendi-omicron-staminin-qarsisini-qismen-ala-biler\/","og_locale":"az_AZ","og_type":"article","og_title":"\u201cPfizer\u201d v\u0259 \u201cBioNTech\u201d peyv\u0259ndi \u201cOmicron\u201d \u015ftam\u0131n\u0131n qar\u015f\u0131s\u0131n\u0131 qism\u0259n ala bil\u0259r - MEYDAN.TV","og_description":"U\u011fur \u015eahinin fikrinc\u0259, peyv\u0259ndin ikinci v\u0259 \u00fc\u00e7\u00fcnc\u00fc dozas\u0131 aras\u0131ndak\u0131 m\u00fcdd\u0259t ... Davam\u0131","og_url":"https:\/\/www.meydan.tv\/az\/article\/pfizer-ve-biontech-peyvendi-omicron-staminin-qarsisini-qismen-ala-biler\/","og_site_name":"MEYDAN.TV","article_published_time":"2021-12-09T09:19:32+00:00","article_modified_time":"2021-12-09T09:19:34+00:00","og_image":[{"width":1200,"height":612,"url":"https:\/\/www.meydan.tv\/wp-content\/uploads\/shutterstock_2081887429-e1639041085609.jpg","type":"image\/jpeg"}],"author":"elli","twitter_card":"summary_large_image","twitter_creator":"@elli","schema":{"@context":"https:\/\/schema.org","@graph":[{"@type":"Article","@id":"https:\/\/www.meydan.tv\/az\/article\/pfizer-ve-biontech-peyvendi-omicron-staminin-qarsisini-qismen-ala-biler\/#article","isPartOf":{"@id":"https:\/\/www.meydan.tv\/az\/article\/pfizer-ve-biontech-peyvendi-omicron-staminin-qarsisini-qismen-ala-biler\/"},"author":{"name":"elli","@id":"https:\/\/www.meydan.tv\/az\/#\/schema\/person\/9cdbecf90d17180ce1dfbd95b08dcf47"},"headline":"\u201cPfizer\u201d v\u0259 \u201cBioNTech\u201d peyv\u0259ndi \u201cOmicron\u201d \u015ftam\u0131n\u0131n qar\u015f\u0131s\u0131n\u0131 qism\u0259n ala bil\u0259r","datePublished":"2021-12-09T09:19:32+00:00","dateModified":"2021-12-09T09:19:34+00:00","mainEntityOfPage":{"@id":"https:\/\/www.meydan.tv\/az\/article\/pfizer-ve-biontech-peyvendi-omicron-staminin-qarsisini-qismen-ala-biler\/"},"wordCount":1216,"publisher":{"@id":"https:\/\/www.meydan.tv\/az\/#organization"},"image":{"@id":"https:\/\/www.meydan.tv\/az\/article\/pfizer-ve-biontech-peyvendi-omicron-staminin-qarsisini-qismen-ala-biler\/#primaryimage"},"thumbnailUrl":"https:\/\/www.meydan.tv\/wp-content\/uploads\/shutterstock_2081887429-e1639041085609.jpg","articleSection":["Sa\u011fl\u0131q","T\u00f6vsiy\u0259","X\u0259b\u0259rl\u0259r"],"inLanguage":"az"},{"@type":"WebPage","@id":"https:\/\/www.meydan.tv\/az\/article\/pfizer-ve-biontech-peyvendi-omicron-staminin-qarsisini-qismen-ala-biler\/","url":"https:\/\/www.meydan.tv\/az\/article\/pfizer-ve-biontech-peyvendi-omicron-staminin-qarsisini-qismen-ala-biler\/","name":"\u201cPfizer\u201d v\u0259 \u201cBioNTech\u201d peyv\u0259ndi \u201cOmicron\u201d \u015ftam\u0131n\u0131n qar\u015f\u0131s\u0131n\u0131 qism\u0259n ala bil\u0259r - MEYDAN.TV","isPartOf":{"@id":"https:\/\/www.meydan.tv\/az\/#website"},"primaryImageOfPage":{"@id":"https:\/\/www.meydan.tv\/az\/article\/pfizer-ve-biontech-peyvendi-omicron-staminin-qarsisini-qismen-ala-biler\/#primaryimage"},"image":{"@id":"https:\/\/www.meydan.tv\/az\/article\/pfizer-ve-biontech-peyvendi-omicron-staminin-qarsisini-qismen-ala-biler\/#primaryimage"},"thumbnailUrl":"https:\/\/www.meydan.tv\/wp-content\/uploads\/shutterstock_2081887429-e1639041085609.jpg","datePublished":"2021-12-09T09:19:32+00:00","dateModified":"2021-12-09T09:19:34+00:00","breadcrumb":{"@id":"https:\/\/www.meydan.tv\/az\/article\/pfizer-ve-biontech-peyvendi-omicron-staminin-qarsisini-qismen-ala-biler\/#breadcrumb"},"inLanguage":"az","potentialAction":[{"@type":"ReadAction","target":["https:\/\/www.meydan.tv\/az\/article\/pfizer-ve-biontech-peyvendi-omicron-staminin-qarsisini-qismen-ala-biler\/"]}]},{"@type":"ImageObject","inLanguage":"az","@id":"https:\/\/www.meydan.tv\/az\/article\/pfizer-ve-biontech-peyvendi-omicron-staminin-qarsisini-qismen-ala-biler\/#primaryimage","url":"https:\/\/www.meydan.tv\/wp-content\/uploads\/shutterstock_2081887429-e1639041085609.jpg","contentUrl":"https:\/\/www.meydan.tv\/wp-content\/uploads\/shutterstock_2081887429-e1639041085609.jpg","width":1200,"height":612,"caption":"Omicron, By Dan74\/Shutterstock"},{"@type":"BreadcrumbList","@id":"https:\/\/www.meydan.tv\/az\/article\/pfizer-ve-biontech-peyvendi-omicron-staminin-qarsisini-qismen-ala-biler\/#breadcrumb","itemListElement":[{"@type":"ListItem","position":1,"name":"Ana s\u0259hif\u0259","item":"https:\/\/www.meydan.tv\/az\/"},{"@type":"ListItem","position":2,"name":"Sa\u011fl\u0131q","item":"https:\/\/www.meydan.tv\/az\/section\/sagliq\/"},{"@type":"ListItem","position":3,"name":"\u201cPfizer\u201d v\u0259 \u201cBioNTech\u201d peyv\u0259ndi \u201cOmicron\u201d \u015ftam\u0131n\u0131n qar\u015f\u0131s\u0131n\u0131 qism\u0259n ala bil\u0259r"}]},{"@type":"WebSite","@id":"https:\/\/www.meydan.tv\/az\/#website","url":"https:\/\/www.meydan.tv\/az\/","name":"MEYDAN.TV","description":"Meydan TV Az\u0259rbaycan\u0131n media m\u0259kan\u0131ndak\u0131 alternativ s\u0259sidir","publisher":{"@id":"https:\/\/www.meydan.tv\/az\/#organization"},"potentialAction":[{"@type":"SearchAction","target":{"@type":"EntryPoint","urlTemplate":"https:\/\/www.meydan.tv\/az\/?s={search_term_string}"},"query-input":{"@type":"PropertyValueSpecification","valueRequired":true,"valueName":"search_term_string"}}],"inLanguage":"az"},{"@type":"Organization","@id":"https:\/\/www.meydan.tv\/az\/#organization","name":"Meydan TV","url":"https:\/\/www.meydan.tv\/az\/","logo":{"@type":"ImageObject","inLanguage":"az","@id":"https:\/\/www.meydan.tv\/az\/#\/schema\/logo\/image\/","url":"https:\/\/www.meydan.tv\/wp-content\/uploads\/2021\/07\/meydan-logo.svg","contentUrl":"https:\/\/www.meydan.tv\/wp-content\/uploads\/2021\/07\/meydan-logo.svg","width":195,"height":46,"caption":"Meydan TV"},"image":{"@id":"https:\/\/www.meydan.tv\/az\/#\/schema\/logo\/image\/"}},{"@type":"Person","@id":"https:\/\/www.meydan.tv\/az\/#\/schema\/person\/9cdbecf90d17180ce1dfbd95b08dcf47","name":"elli","sameAs":["https:\/\/x.com\/elli"]}]}},"_links":{"self":[{"href":"https:\/\/www.meydan.tv\/az\/wp-json\/wp\/v2\/posts\/228825","targetHints":{"allow":["GET"]}}],"collection":[{"href":"https:\/\/www.meydan.tv\/az\/wp-json\/wp\/v2\/posts"}],"about":[{"href":"https:\/\/www.meydan.tv\/az\/wp-json\/wp\/v2\/types\/post"}],"author":[{"embeddable":true,"href":"https:\/\/www.meydan.tv\/az\/wp-json\/wp\/v2\/users\/8"}],"replies":[{"embeddable":true,"href":"https:\/\/www.meydan.tv\/az\/wp-json\/wp\/v2\/comments?post=228825"}],"version-history":[{"count":1,"href":"https:\/\/www.meydan.tv\/az\/wp-json\/wp\/v2\/posts\/228825\/revisions"}],"predecessor-version":[{"id":228831,"href":"https:\/\/www.meydan.tv\/az\/wp-json\/wp\/v2\/posts\/228825\/revisions\/228831"}],"wp:featuredmedia":[{"embeddable":true,"href":"https:\/\/www.meydan.tv\/az\/wp-json\/wp\/v2\/media\/228822"}],"wp:attachment":[{"href":"https:\/\/www.meydan.tv\/az\/wp-json\/wp\/v2\/media?parent=228825"}],"wp:term":[{"taxonomy":"category","embeddable":true,"href":"https:\/\/www.meydan.tv\/az\/wp-json\/wp\/v2\/categories?post=228825"},{"taxonomy":"post_tag","embeddable":true,"href":"https:\/\/www.meydan.tv\/az\/wp-json\/wp\/v2\/tags?post=228825"}],"curies":[{"name":"wp","href":"https:\/\/api.w.org\/{rel}","templated":true}]}}