{"id":228565,"date":"2021-12-06T20:27:18","date_gmt":"2021-12-06T16:27:18","guid":{"rendered":"https:\/\/www.meydan.tv\/?p=228565"},"modified":"2021-12-06T20:27:20","modified_gmt":"2021-12-06T16:27:20","slug":"goycay-sakini-yataq-xestesi-olan-anama-pensiya-teyin-olunmur","status":"publish","type":"post","link":"https:\/\/www.meydan.tv\/az\/article\/goycay-sakini-yataq-xestesi-olan-anama-pensiya-teyin-olunmur\/","title":{"rendered":"G\u00f6y\u00e7ay sakini: \u201cYataq x\u0259st\u0259si olan anama pensiya t\u0259yin olunmur\u201d"},"content":{"rendered":"\n<p><em>\u201cD\u0259f\u0259l\u0259rl\u0259 m\u00fcraci\u0259timiz\u0259 baxmayaraq, G\u00f6y\u00e7ay Rayon M\u0259rk\u0259zi X\u0259st\u0259xanas\u0131 biziml\u0259 maraqlanm\u0131r\u201d<br><\/em><\/p>\n\n\n\n<p>\u201cAlt\u0131 ayd\u0131r ki, atam\u0131n pensiyas\u0131n\u0131 k\u0259sibl\u0259r. Ail\u0259mizin he\u00e7 bir yerd\u0259n g\u0259liri yoxdur. Dolan\u0131\u015f\u0131\u011f\u0131m\u0131z a\u011f\u0131rd\u0131r, qon\u015fular, qohum-\u0259qraba olmasa ac\u0131ndan \u00f6l\u0259rik\u201d.<br><\/p>\n\n\n\n<p>G\u00f6y\u00e7ay\u0131n Q\u0259b\u0259l\u0259 M\u00fcsk\u00fcrl\u00fc k\u0259ndinin 20 ya\u015fl\u0131 sakini N\u0259rgiz Osmanova bel\u0259 deyir. Onun valideynl\u0259ri x\u0259st\u0259dir.<br>Ata Akif Osmanov III qrup \u0259lildir, e\u015fitm\u0259 problemi var.<br><\/p>\n\n\n\n<p>Ana M\u0259kk\u0259 Osmanova 2020-ci ild\u0259 insult ke\u00e7irib, yataq x\u0259st\u0259sidir. N\u0259rgiz ail\u0259nin t\u0259k \u00f6vlad\u0131d\u0131r. \u015e\u0259ki D\u00f6vl\u0259t Regional Kollecinin d\u00f6rd\u00fcnc\u00fc kursunda oxuyur. Dediyin\u0259 g\u00f6r\u0259, ail\u0259 atas\u0131n\u0131n 260 manatl\u0131q \u0259lillik pensiyas\u0131 il\u0259 dolan\u0131rm\u0131\u015f:<br><\/p>\n\n\n\n<p>\u201cV\u0259ziyy\u0259timiz \u00e7ox ac\u0131nacaql\u0131d\u0131r. Anam iki ildir yataq x\u0259st\u0259sidir, h\u0259r\u0259k\u0259t ed\u0259, dan\u0131\u015fa bilmir. Mal-qara da qalmay\u0131b, ham\u0131s\u0131n\u0131 anam\u0131n yolunda satm\u0131\u015f\u0131q. Sa\u011falm\u0131r, \u00f6m\u00fcrl\u00fck yataq x\u0259st\u0259sidir. Anama baxmaq \u00fc\u00e7\u00fcn pula ehtiyac\u0131m\u0131z var. Ona pensiya t\u0259yin olunmas\u0131na \u00e7al\u0131\u015f\u0131r\u0131q, lakin m\u00fcmk\u00fcn olmur. Anama bir g\u00fcnd\u0259 \u00fc\u00e7 \u201cPampers\u201d istifad\u0259 edir\u0259m. \u201cPampers\u201din d\u0259 birini 1 manat 20 q\u0259piy\u0259 al\u0131ram\u201d.<br><\/p>\n\n\n\n<p>\u015eikay\u0259t\u00e7i G\u00f6y\u00e7ay Rayon M\u0259rk\u0259zi X\u0259st\u0259xanas\u0131na m\u00fcraci\u0259t edib. X\u0259st\u0259xanadan ona bildirilib ki, anas\u0131 Respublika Klinik X\u0259st\u0259xanas\u0131nda stasionar m\u00fcalic\u0259 almal\u0131d\u0131r:<br><\/p>\n\n\n\n<p>\u201cAnam\u0131n fiziki m\u0259hdudiyy\u0259ti var, v\u0259ziyy\u0259ti h\u0259dd\u0259n art\u0131q a\u011f\u0131r oldu\u011fu \u00fc\u00e7\u00fcn Bak\u0131ya apara bilmirik. D\u0259f\u0259l\u0259rl\u0259 m\u00fcraci\u0259timiz\u0259 baxmayaraq, G\u00f6y\u00e7ay Rayon M\u0259rk\u0259zi X\u0259st\u0259xanas\u0131 biziml\u0259 maraqlanm\u0131r. Atama deyirl\u0259r ki, Respublika E\u015fitm\u0259, S\u0259s v\u0259 Nitq Patalogiyalar\u0131 M\u0259rk\u0259zin\u0259 gedib, bera m\u00fcayin\u0259sind\u0259n (e\u015fitm\u0259 azl\u0131\u011f\u0131 zaman\u0131 edil\u0259n test-red.) ke\u00e7. Buna maddi imkan\u0131m\u0131z \u00e7atm\u0131r. Anam\u0131n v\u0259ziyy\u0259ti lap pisdir. Ona he\u00e7 baxa bilmirik\u201d.<br><\/p>\n\n\n\n<p>G\u00f6y\u00e7ay Rayon M\u0259rk\u0259zi X\u0259st\u0259xanas\u0131ndan z\u0259ngl\u0259rimiz\u0259 cavab verilm\u0259yib.<br><\/p>\n\n\n\n<p>\u018fm\u0259k v\u0259 \u018fhalinin Sosial M\u00fcdafi\u0259si Nazirliyind\u0259n (\u018f\u018fSMN) Meydan TV-y\u0259 bildirilib ki, Akif Osmanovun pensiya t\u0259yinat\u0131n\u0131n m\u00fcdd\u0259ti bitib:<br><\/p>\n\n\n\n<div class=\"wp-block-image\"><figure class=\"alignleft size-large is-resized\"><img decoding=\"async\" data-src=\"https:\/\/www.meydan.tv\/wp-content\/uploads\/goycayy-675x821.jpg\" alt=\"\" class=\"wp-image-228559 lazyload\" width=\"419\" height=\"510\" src=\"data:image\/svg+xml;base64,PHN2ZyB3aWR0aD0iMSIgaGVpZ2h0PSIxIiB4bWxucz0iaHR0cDovL3d3dy53My5vcmcvMjAwMC9zdmciPjwvc3ZnPg==\" style=\"--smush-placeholder-width: 419px; --smush-placeholder-aspect-ratio: 419\/510;\" \/><figcaption>Akif Osmanov, Foto: Meydan TV<\/figcaption><\/figure><\/div>\n\n\n\n<p>\u201cV\u0259t\u0259nda\u015f yenid\u0259n m\u00fcayin\u0259y\u0259 getm\u0259lidir. \u018flilliyi t\u0259sdiql\u0259ndiyi t\u0259qdird\u0259 pensiya alma\u011fa davam ed\u0259c\u0259k\u201d.<br>Dig\u0259r \u015fikay\u0259t\u0259 g\u0259linc\u0259, nazirlikd\u0259n bildirilib ki, \u0259lilliyin t\u0259yin olunmas\u0131 \u00fc\u00e7\u00fcn qeydiyyatda oldu\u011fu s\u0259hiyy\u0259 m\u00fc\u0259ssis\u0259sin\u0259 m\u00fcraci\u0259t etm\u0259lidir:<br><\/p>\n\n\n\n<p>\u201cV\u0259t\u0259nda\u015f\u0131n x\u0259st\u0259lik tarix\u00e7\u0259sini Tibbi-Sosial Ekspert Komissiyas\u0131na g\u00f6nd\u0259rm\u0259k laz\u0131md\u0131r. Bu prosedur olmasa, v\u0259t\u0259nda\u015fa \u0259lillik t\u0259yin etm\u0259k m\u00fcmk\u00fcn deyil\u201d.<br><\/p>\n\n\n\n<p>Son ill\u0259r \u0259lillik d\u0259r\u0259c\u0259sinin l\u0259\u011fvi il\u0259 ba\u011fl\u0131 naraz\u0131l\u0131q \u00e7oxal\u0131b. \u018fm\u0259k v\u0259 \u018fhalinin Sosial M\u00fcdafi\u0259si Nazirliyi bunu saxta \u0259lillikl\u0259 m\u00fcbariz\u0259 il\u0259 \u0259laq\u0259l\u0259ndirib.<br><\/p>\n\n\n\n<p>\u018fm\u0259k v\u0259 \u0259halinin sosial m\u00fcdafi\u0259si naziri Sahil Babayev 2021-ci ild\u0259 \u00fcmumilikd\u0259 \u0259sass\u0131z v\u0259 saxta pensiya i\u015fl\u0259rinin l\u0259\u011fv edilm\u0259si n\u0259tic\u0259sind\u0259 t\u0259qrib\u0259n 500 milyon manat m\u0259bl\u0259\u011find\u0259 v\u0259sait\u0259 q\u0259na\u0259t edildiyini <a href=\"https:\/\/apa.az\/az\/xeber\/senaye-ve-energetika\/nazir-10-ayda-esassiz-pensiyalarin-legvi-neticesinde-500-milyon-manat-vesaite-qenaet-edilib-670062\" target=\"_blank\" rel=\"noreferrer noopener\">bildirib<\/a>.<br><br>Nazir 2018-ci ild\u0259 25 milyon, 2019-cu ild\u0259 133 milyon, 2020-ci ild\u0259 346 milyon manat m\u0259bl\u0259\u011find\u0259 \u0259sass\u0131z v\u0259 saxta pensiya i\u015fl\u0259ri l\u0259\u011fv edildiyini deyib.<br><\/p>\n\n\n\n<p>Bu ill\u0259r \u0259rzind\u0259 ill\u0259rd\u0259 7000-d\u0259n \u00e7ox saxta \u0259lillik t\u0259yinat\u0131 l\u0259\u011fv <a href=\"https:\/\/www.sosial.gov.az\/post_449403\" target=\"_blank\" rel=\"noreferrer noopener\">edilib<\/a>.<br><br>Nazir h\u0259m\u00e7inin deyib ki, 2021-ci ild\u0259 bir n\u0259f\u0259rin d\u0259 \u0259lilliyi n\u0259 k\u0259silib, n\u0259 d\u0259 <a href=\"https:\/\/apa.az\/az\/xeber\/sosial-xeberler\/nazir-bu-il-bir-neferin-elilliyi-ne-kesilib-ne-dayandirilib-670566\" target=\"_blank\" rel=\"noreferrer noopener\">dayand\u0131r\u0131l\u0131b<\/a>.<br><br>R\u0259smi m\u0259lumata g\u00f6r\u0259, 2021-ci ilin yanvar-oktyabr aylar\u0131 \u0259rzind\u0259 45 677 \u015f\u0259xs\u0259 \u0259lillik t\u0259yin edilib. Bu 2020-ci ilin eyni d\u00f6vr\u00fc il\u0259 m\u00fcqayis\u0259d\u0259 iki d\u0259f\u0259 <a href=\"https:\/\/apa.az\/az\/xeber\/sosial-xeberler\/bu-ilin-10-ayinda-45-677-sexse-elillik-teyin-olunub-670735\" target=\"_blank\" rel=\"noreferrer noopener\">\u00e7oxdur<\/a>. <br><\/p>\n\n\n\n<p>2021-ci ild\u0259 \u201c\u018flilliyin m\u00fc\u0259yy\u0259n olunmas\u0131 Meyarlar\u0131\u201dnda d\u0259yi\u015fiklik <a href=\"https:\/\/www.sosial.gov.az\/uploads\/images\/image_750x_5c9ca7d6ed24b.pdf\" target=\"_blank\" rel=\"noreferrer noopener\">edilib<\/a>.<br><br>Son d\u0259yi\u015fikliy\u0259 \u0259sas\u0259n, \u0259lillik orqanizmin funksiyalar\u0131n\u0131n itirilm\u0259si faizinin m\u00fc\u0259yy\u0259n edilm\u0259si v\u0259 x\u0259st\u0259liyin a\u011f\u0131rl\u0131q d\u0259r\u0259c\u0259si n\u0259z\u0259r\u0259 al\u0131nmaqla t\u0259yin olunacaq.<br><\/p>\n\n\n\n<p><em>I d\u0259r\u0259c\u0259 \u2013 orqanizmin funksiyalar\u0131n\u0131n 81-100 faiz itirilm\u0259si<br>II d\u0259r\u0259c\u0259 \u2013 orqanizmin funksiyalar\u0131n\u0131n 61-80 faiz itirilm\u0259si<br>III d\u0259r\u0259c\u0259 \u2013 orqanizmin funksiyalar\u0131n\u0131n 31-60 faiz itirilm\u0259si<br><\/em><\/p>\n\n\n\n<p>G\u0259l\u0259n ild\u0259n t\u0259tbiqi n\u0259z\u0259rd\u0259 tutulan yeni meyarlarla \u0259lillik art\u0131q 3 d\u0259r\u0259c\u0259 \u00fczr\u0259 m\u0259hdud \u00e7\u0259r\u00e7iv\u0259d\u0259 deyil, orqanizmin funksiyalar\u0131n\u0131n itirilm\u0259si faizinin m\u00fc\u0259yy\u0259n edilm\u0259si prinsipi \u0259sas\u0131nda, h\u0259m d\u0259 x\u0259st\u0259liyin a\u011f\u0131rl\u0131q d\u0259r\u0259c\u0259si n\u0259z\u0259r\u0259 al\u0131nmaqla t\u0259yin olunacaq.<br><\/p>\n\n\n\n<p>2015-ci ild\u0259 q\u0259bul olunan \u201c\u018flilliyin qiym\u0259tl\u0259ndirilm\u0259si qaydas\u0131\u201d yaln\u0131z I, II v\u0259 III qrupu \u0259hat\u0259 edirdi.<\/p>\n","protected":false},"excerpt":{"rendered":"<p>\u201cD\u0259f\u0259l\u0259rl\u0259 m\u00fcraci\u0259timiz\u0259 baxmayaraq, G\u00f6y\u00e7ay Rayon M\u0259rk\u0259zi X\u0259st\u0259xanas\u0131 biziml\u0259 maraqlanm\u0131r\u201d \u201cAlt\u0131 &#8230; <\/p>\n<p class=\"read-more-container\"><a title=\"G\u00f6y\u00e7ay sakini: \u201cYataq x\u0259st\u0259si olan anama pensiya t\u0259yin olunmur\u201d\" class=\"read-more button\" href=\"https:\/\/www.meydan.tv\/az\/article\/goycay-sakini-yataq-xestesi-olan-anama-pensiya-teyin-olunmur\/#more-228565\" aria-label=\"Read more about G\u00f6y\u00e7ay sakini: \u201cYataq x\u0259st\u0259si olan anama pensiya t\u0259yin olunmur\u201d\">Davam\u0131<\/a><\/p>\n","protected":false},"author":8,"featured_media":228562,"comment_status":"closed","ping_status":"closed","sticky":false,"template":"","format":"standard","meta":{"_acf_changed":false,"_sitemap_exclude":false,"_sitemap_priority":"","_sitemap_frequency":"","footnotes":""},"categories":[60,79,56],"tags":[],"class_list":["post-228565","post","type-post","status-publish","format-standard","has-post-thumbnail","hentry","category-bolge","category-featured","category-xeberler","infinite-scroll-item","generate-columns","tablet-grid-50","mobile-grid-100","grid-parent","grid-33","no-featured-image-padding"],"acf":[],"yoast_head":"<!-- This site is optimized with the Yoast SEO plugin v27.5 - https:\/\/yoast.com\/product\/yoast-seo-wordpress\/ -->\n<title>G\u00f6y\u00e7ay sakini: \u201cYataq x\u0259st\u0259si olan anama pensiya t\u0259yin olunmur\u201d - MEYDAN.TV<\/title>\n<meta name=\"robots\" content=\"index, follow, max-snippet:-1, max-image-preview:large, max-video-preview:-1\" \/>\n<link rel=\"canonical\" href=\"https:\/\/www.meydan.tv\/az\/article\/goycay-sakini-yataq-xestesi-olan-anama-pensiya-teyin-olunmur\/\" \/>\n<meta property=\"og:locale\" content=\"az_AZ\" \/>\n<meta property=\"og:type\" content=\"article\" \/>\n<meta property=\"og:title\" content=\"G\u00f6y\u00e7ay sakini: \u201cYataq x\u0259st\u0259si olan anama pensiya t\u0259yin olunmur\u201d - MEYDAN.TV\" \/>\n<meta property=\"og:description\" content=\"\u201cD\u0259f\u0259l\u0259rl\u0259 m\u00fcraci\u0259timiz\u0259 baxmayaraq, G\u00f6y\u00e7ay Rayon M\u0259rk\u0259zi X\u0259st\u0259xanas\u0131 biziml\u0259 maraqlanm\u0131r\u201d \u201cAlt\u0131 ... Davam\u0131\" \/>\n<meta property=\"og:url\" content=\"https:\/\/www.meydan.tv\/az\/article\/goycay-sakini-yataq-xestesi-olan-anama-pensiya-teyin-olunmur\/\" \/>\n<meta property=\"og:site_name\" content=\"MEYDAN.TV\" \/>\n<meta property=\"article:published_time\" content=\"2021-12-06T16:27:18+00:00\" \/>\n<meta property=\"article:modified_time\" content=\"2021-12-06T16:27:20+00:00\" \/>\n<meta property=\"og:image\" content=\"https:\/\/www.meydan.tv\/wp-content\/uploads\/goycay.jpg\" \/>\n\t<meta property=\"og:image:width\" content=\"1200\" \/>\n\t<meta property=\"og:image:height\" content=\"897\" \/>\n\t<meta property=\"og:image:type\" content=\"image\/jpeg\" \/>\n<meta name=\"author\" content=\"elli\" \/>\n<meta name=\"twitter:card\" content=\"summary_large_image\" \/>\n<meta name=\"twitter:creator\" content=\"@elli\" \/>\n<script type=\"application\/ld+json\" class=\"yoast-schema-graph\">{\"@context\":\"https:\\\/\\\/schema.org\",\"@graph\":[{\"@type\":\"Article\",\"@id\":\"https:\\\/\\\/www.meydan.tv\\\/az\\\/article\\\/goycay-sakini-yataq-xestesi-olan-anama-pensiya-teyin-olunmur\\\/#article\",\"isPartOf\":{\"@id\":\"https:\\\/\\\/www.meydan.tv\\\/az\\\/article\\\/goycay-sakini-yataq-xestesi-olan-anama-pensiya-teyin-olunmur\\\/\"},\"author\":{\"name\":\"elli\",\"@id\":\"https:\\\/\\\/www.meydan.tv\\\/az\\\/#\\\/schema\\\/person\\\/9cdbecf90d17180ce1dfbd95b08dcf47\"},\"headline\":\"G\u00f6y\u00e7ay sakini: \u201cYataq x\u0259st\u0259si olan anama pensiya t\u0259yin olunmur\u201d\",\"datePublished\":\"2021-12-06T16:27:18+00:00\",\"dateModified\":\"2021-12-06T16:27:20+00:00\",\"mainEntityOfPage\":{\"@id\":\"https:\\\/\\\/www.meydan.tv\\\/az\\\/article\\\/goycay-sakini-yataq-xestesi-olan-anama-pensiya-teyin-olunmur\\\/\"},\"wordCount\":843,\"publisher\":{\"@id\":\"https:\\\/\\\/www.meydan.tv\\\/az\\\/#organization\"},\"image\":{\"@id\":\"https:\\\/\\\/www.meydan.tv\\\/az\\\/article\\\/goycay-sakini-yataq-xestesi-olan-anama-pensiya-teyin-olunmur\\\/#primaryimage\"},\"thumbnailUrl\":\"https:\\\/\\\/www.meydan.tv\\\/wp-content\\\/uploads\\\/goycay.jpg\",\"articleSection\":[\"B\u00f6lg\u0259\",\"T\u00f6vsiy\u0259\",\"X\u0259b\u0259rl\u0259r\"],\"inLanguage\":\"az\"},{\"@type\":\"WebPage\",\"@id\":\"https:\\\/\\\/www.meydan.tv\\\/az\\\/article\\\/goycay-sakini-yataq-xestesi-olan-anama-pensiya-teyin-olunmur\\\/\",\"url\":\"https:\\\/\\\/www.meydan.tv\\\/az\\\/article\\\/goycay-sakini-yataq-xestesi-olan-anama-pensiya-teyin-olunmur\\\/\",\"name\":\"G\u00f6y\u00e7ay sakini: \u201cYataq x\u0259st\u0259si olan anama pensiya t\u0259yin olunmur\u201d - MEYDAN.TV\",\"isPartOf\":{\"@id\":\"https:\\\/\\\/www.meydan.tv\\\/az\\\/#website\"},\"primaryImageOfPage\":{\"@id\":\"https:\\\/\\\/www.meydan.tv\\\/az\\\/article\\\/goycay-sakini-yataq-xestesi-olan-anama-pensiya-teyin-olunmur\\\/#primaryimage\"},\"image\":{\"@id\":\"https:\\\/\\\/www.meydan.tv\\\/az\\\/article\\\/goycay-sakini-yataq-xestesi-olan-anama-pensiya-teyin-olunmur\\\/#primaryimage\"},\"thumbnailUrl\":\"https:\\\/\\\/www.meydan.tv\\\/wp-content\\\/uploads\\\/goycay.jpg\",\"datePublished\":\"2021-12-06T16:27:18+00:00\",\"dateModified\":\"2021-12-06T16:27:20+00:00\",\"breadcrumb\":{\"@id\":\"https:\\\/\\\/www.meydan.tv\\\/az\\\/article\\\/goycay-sakini-yataq-xestesi-olan-anama-pensiya-teyin-olunmur\\\/#breadcrumb\"},\"inLanguage\":\"az\",\"potentialAction\":[{\"@type\":\"ReadAction\",\"target\":[\"https:\\\/\\\/www.meydan.tv\\\/az\\\/article\\\/goycay-sakini-yataq-xestesi-olan-anama-pensiya-teyin-olunmur\\\/\"]}]},{\"@type\":\"ImageObject\",\"inLanguage\":\"az\",\"@id\":\"https:\\\/\\\/www.meydan.tv\\\/az\\\/article\\\/goycay-sakini-yataq-xestesi-olan-anama-pensiya-teyin-olunmur\\\/#primaryimage\",\"url\":\"https:\\\/\\\/www.meydan.tv\\\/wp-content\\\/uploads\\\/goycay.jpg\",\"contentUrl\":\"https:\\\/\\\/www.meydan.tv\\\/wp-content\\\/uploads\\\/goycay.jpg\",\"width\":1200,\"height\":897,\"caption\":\"M\u0259kk\u0259 Osmanova, Foto: Meydan TV\"},{\"@type\":\"BreadcrumbList\",\"@id\":\"https:\\\/\\\/www.meydan.tv\\\/az\\\/article\\\/goycay-sakini-yataq-xestesi-olan-anama-pensiya-teyin-olunmur\\\/#breadcrumb\",\"itemListElement\":[{\"@type\":\"ListItem\",\"position\":1,\"name\":\"Ana s\u0259hif\u0259\",\"item\":\"https:\\\/\\\/www.meydan.tv\\\/az\\\/\"},{\"@type\":\"ListItem\",\"position\":2,\"name\":\"B\u00f6lg\u0259\",\"item\":\"https:\\\/\\\/www.meydan.tv\\\/az\\\/section\\\/bolge\\\/\"},{\"@type\":\"ListItem\",\"position\":3,\"name\":\"G\u00f6y\u00e7ay sakini: \u201cYataq x\u0259st\u0259si olan anama pensiya t\u0259yin olunmur\u201d\"}]},{\"@type\":\"WebSite\",\"@id\":\"https:\\\/\\\/www.meydan.tv\\\/az\\\/#website\",\"url\":\"https:\\\/\\\/www.meydan.tv\\\/az\\\/\",\"name\":\"MEYDAN.TV\",\"description\":\"Meydan TV Az\u0259rbaycan\u0131n media m\u0259kan\u0131ndak\u0131 alternativ s\u0259sidir\",\"publisher\":{\"@id\":\"https:\\\/\\\/www.meydan.tv\\\/az\\\/#organization\"},\"potentialAction\":[{\"@type\":\"SearchAction\",\"target\":{\"@type\":\"EntryPoint\",\"urlTemplate\":\"https:\\\/\\\/www.meydan.tv\\\/az\\\/?s={search_term_string}\"},\"query-input\":{\"@type\":\"PropertyValueSpecification\",\"valueRequired\":true,\"valueName\":\"search_term_string\"}}],\"inLanguage\":\"az\"},{\"@type\":\"Organization\",\"@id\":\"https:\\\/\\\/www.meydan.tv\\\/az\\\/#organization\",\"name\":\"Meydan TV\",\"url\":\"https:\\\/\\\/www.meydan.tv\\\/az\\\/\",\"logo\":{\"@type\":\"ImageObject\",\"inLanguage\":\"az\",\"@id\":\"https:\\\/\\\/www.meydan.tv\\\/az\\\/#\\\/schema\\\/logo\\\/image\\\/\",\"url\":\"https:\\\/\\\/www.meydan.tv\\\/wp-content\\\/uploads\\\/2021\\\/07\\\/meydan-logo.svg\",\"contentUrl\":\"https:\\\/\\\/www.meydan.tv\\\/wp-content\\\/uploads\\\/2021\\\/07\\\/meydan-logo.svg\",\"width\":195,\"height\":46,\"caption\":\"Meydan TV\"},\"image\":{\"@id\":\"https:\\\/\\\/www.meydan.tv\\\/az\\\/#\\\/schema\\\/logo\\\/image\\\/\"}},{\"@type\":\"Person\",\"@id\":\"https:\\\/\\\/www.meydan.tv\\\/az\\\/#\\\/schema\\\/person\\\/9cdbecf90d17180ce1dfbd95b08dcf47\",\"name\":\"elli\",\"sameAs\":[\"https:\\\/\\\/x.com\\\/elli\"]}]}<\/script>\n<!-- \/ Yoast SEO plugin. -->","yoast_head_json":{"title":"G\u00f6y\u00e7ay sakini: \u201cYataq x\u0259st\u0259si olan anama pensiya t\u0259yin olunmur\u201d - MEYDAN.TV","robots":{"index":"index","follow":"follow","max-snippet":"max-snippet:-1","max-image-preview":"max-image-preview:large","max-video-preview":"max-video-preview:-1"},"canonical":"https:\/\/www.meydan.tv\/az\/article\/goycay-sakini-yataq-xestesi-olan-anama-pensiya-teyin-olunmur\/","og_locale":"az_AZ","og_type":"article","og_title":"G\u00f6y\u00e7ay sakini: \u201cYataq x\u0259st\u0259si olan anama pensiya t\u0259yin olunmur\u201d - MEYDAN.TV","og_description":"\u201cD\u0259f\u0259l\u0259rl\u0259 m\u00fcraci\u0259timiz\u0259 baxmayaraq, G\u00f6y\u00e7ay Rayon M\u0259rk\u0259zi X\u0259st\u0259xanas\u0131 biziml\u0259 maraqlanm\u0131r\u201d \u201cAlt\u0131 ... Davam\u0131","og_url":"https:\/\/www.meydan.tv\/az\/article\/goycay-sakini-yataq-xestesi-olan-anama-pensiya-teyin-olunmur\/","og_site_name":"MEYDAN.TV","article_published_time":"2021-12-06T16:27:18+00:00","article_modified_time":"2021-12-06T16:27:20+00:00","og_image":[{"width":1200,"height":897,"url":"https:\/\/www.meydan.tv\/wp-content\/uploads\/goycay.jpg","type":"image\/jpeg"}],"author":"elli","twitter_card":"summary_large_image","twitter_creator":"@elli","schema":{"@context":"https:\/\/schema.org","@graph":[{"@type":"Article","@id":"https:\/\/www.meydan.tv\/az\/article\/goycay-sakini-yataq-xestesi-olan-anama-pensiya-teyin-olunmur\/#article","isPartOf":{"@id":"https:\/\/www.meydan.tv\/az\/article\/goycay-sakini-yataq-xestesi-olan-anama-pensiya-teyin-olunmur\/"},"author":{"name":"elli","@id":"https:\/\/www.meydan.tv\/az\/#\/schema\/person\/9cdbecf90d17180ce1dfbd95b08dcf47"},"headline":"G\u00f6y\u00e7ay sakini: \u201cYataq x\u0259st\u0259si olan anama pensiya t\u0259yin olunmur\u201d","datePublished":"2021-12-06T16:27:18+00:00","dateModified":"2021-12-06T16:27:20+00:00","mainEntityOfPage":{"@id":"https:\/\/www.meydan.tv\/az\/article\/goycay-sakini-yataq-xestesi-olan-anama-pensiya-teyin-olunmur\/"},"wordCount":843,"publisher":{"@id":"https:\/\/www.meydan.tv\/az\/#organization"},"image":{"@id":"https:\/\/www.meydan.tv\/az\/article\/goycay-sakini-yataq-xestesi-olan-anama-pensiya-teyin-olunmur\/#primaryimage"},"thumbnailUrl":"https:\/\/www.meydan.tv\/wp-content\/uploads\/goycay.jpg","articleSection":["B\u00f6lg\u0259","T\u00f6vsiy\u0259","X\u0259b\u0259rl\u0259r"],"inLanguage":"az"},{"@type":"WebPage","@id":"https:\/\/www.meydan.tv\/az\/article\/goycay-sakini-yataq-xestesi-olan-anama-pensiya-teyin-olunmur\/","url":"https:\/\/www.meydan.tv\/az\/article\/goycay-sakini-yataq-xestesi-olan-anama-pensiya-teyin-olunmur\/","name":"G\u00f6y\u00e7ay sakini: \u201cYataq x\u0259st\u0259si olan anama pensiya t\u0259yin olunmur\u201d - MEYDAN.TV","isPartOf":{"@id":"https:\/\/www.meydan.tv\/az\/#website"},"primaryImageOfPage":{"@id":"https:\/\/www.meydan.tv\/az\/article\/goycay-sakini-yataq-xestesi-olan-anama-pensiya-teyin-olunmur\/#primaryimage"},"image":{"@id":"https:\/\/www.meydan.tv\/az\/article\/goycay-sakini-yataq-xestesi-olan-anama-pensiya-teyin-olunmur\/#primaryimage"},"thumbnailUrl":"https:\/\/www.meydan.tv\/wp-content\/uploads\/goycay.jpg","datePublished":"2021-12-06T16:27:18+00:00","dateModified":"2021-12-06T16:27:20+00:00","breadcrumb":{"@id":"https:\/\/www.meydan.tv\/az\/article\/goycay-sakini-yataq-xestesi-olan-anama-pensiya-teyin-olunmur\/#breadcrumb"},"inLanguage":"az","potentialAction":[{"@type":"ReadAction","target":["https:\/\/www.meydan.tv\/az\/article\/goycay-sakini-yataq-xestesi-olan-anama-pensiya-teyin-olunmur\/"]}]},{"@type":"ImageObject","inLanguage":"az","@id":"https:\/\/www.meydan.tv\/az\/article\/goycay-sakini-yataq-xestesi-olan-anama-pensiya-teyin-olunmur\/#primaryimage","url":"https:\/\/www.meydan.tv\/wp-content\/uploads\/goycay.jpg","contentUrl":"https:\/\/www.meydan.tv\/wp-content\/uploads\/goycay.jpg","width":1200,"height":897,"caption":"M\u0259kk\u0259 Osmanova, Foto: Meydan TV"},{"@type":"BreadcrumbList","@id":"https:\/\/www.meydan.tv\/az\/article\/goycay-sakini-yataq-xestesi-olan-anama-pensiya-teyin-olunmur\/#breadcrumb","itemListElement":[{"@type":"ListItem","position":1,"name":"Ana s\u0259hif\u0259","item":"https:\/\/www.meydan.tv\/az\/"},{"@type":"ListItem","position":2,"name":"B\u00f6lg\u0259","item":"https:\/\/www.meydan.tv\/az\/section\/bolge\/"},{"@type":"ListItem","position":3,"name":"G\u00f6y\u00e7ay sakini: \u201cYataq x\u0259st\u0259si olan anama pensiya t\u0259yin olunmur\u201d"}]},{"@type":"WebSite","@id":"https:\/\/www.meydan.tv\/az\/#website","url":"https:\/\/www.meydan.tv\/az\/","name":"MEYDAN.TV","description":"Meydan TV Az\u0259rbaycan\u0131n media m\u0259kan\u0131ndak\u0131 alternativ s\u0259sidir","publisher":{"@id":"https:\/\/www.meydan.tv\/az\/#organization"},"potentialAction":[{"@type":"SearchAction","target":{"@type":"EntryPoint","urlTemplate":"https:\/\/www.meydan.tv\/az\/?s={search_term_string}"},"query-input":{"@type":"PropertyValueSpecification","valueRequired":true,"valueName":"search_term_string"}}],"inLanguage":"az"},{"@type":"Organization","@id":"https:\/\/www.meydan.tv\/az\/#organization","name":"Meydan TV","url":"https:\/\/www.meydan.tv\/az\/","logo":{"@type":"ImageObject","inLanguage":"az","@id":"https:\/\/www.meydan.tv\/az\/#\/schema\/logo\/image\/","url":"https:\/\/www.meydan.tv\/wp-content\/uploads\/2021\/07\/meydan-logo.svg","contentUrl":"https:\/\/www.meydan.tv\/wp-content\/uploads\/2021\/07\/meydan-logo.svg","width":195,"height":46,"caption":"Meydan TV"},"image":{"@id":"https:\/\/www.meydan.tv\/az\/#\/schema\/logo\/image\/"}},{"@type":"Person","@id":"https:\/\/www.meydan.tv\/az\/#\/schema\/person\/9cdbecf90d17180ce1dfbd95b08dcf47","name":"elli","sameAs":["https:\/\/x.com\/elli"]}]}},"_links":{"self":[{"href":"https:\/\/www.meydan.tv\/az\/wp-json\/wp\/v2\/posts\/228565","targetHints":{"allow":["GET"]}}],"collection":[{"href":"https:\/\/www.meydan.tv\/az\/wp-json\/wp\/v2\/posts"}],"about":[{"href":"https:\/\/www.meydan.tv\/az\/wp-json\/wp\/v2\/types\/post"}],"author":[{"embeddable":true,"href":"https:\/\/www.meydan.tv\/az\/wp-json\/wp\/v2\/users\/8"}],"replies":[{"embeddable":true,"href":"https:\/\/www.meydan.tv\/az\/wp-json\/wp\/v2\/comments?post=228565"}],"version-history":[{"count":1,"href":"https:\/\/www.meydan.tv\/az\/wp-json\/wp\/v2\/posts\/228565\/revisions"}],"predecessor-version":[{"id":228566,"href":"https:\/\/www.meydan.tv\/az\/wp-json\/wp\/v2\/posts\/228565\/revisions\/228566"}],"wp:featuredmedia":[{"embeddable":true,"href":"https:\/\/www.meydan.tv\/az\/wp-json\/wp\/v2\/media\/228562"}],"wp:attachment":[{"href":"https:\/\/www.meydan.tv\/az\/wp-json\/wp\/v2\/media?parent=228565"}],"wp:term":[{"taxonomy":"category","embeddable":true,"href":"https:\/\/www.meydan.tv\/az\/wp-json\/wp\/v2\/categories?post=228565"},{"taxonomy":"post_tag","embeddable":true,"href":"https:\/\/www.meydan.tv\/az\/wp-json\/wp\/v2\/tags?post=228565"}],"curies":[{"name":"wp","href":"https:\/\/api.w.org\/{rel}","templated":true}]}}