{"id":228479,"date":"2021-12-04T19:23:23","date_gmt":"2021-12-04T15:23:23","guid":{"rendered":"https:\/\/www.meydan.tv\/?p=228479"},"modified":"2021-12-04T19:37:37","modified_gmt":"2021-12-04T15:37:37","slug":"resmi-azerbaycanda-saxlanilan-10-herbci-ermenistana-tehvil-verilib","status":"publish","type":"post","link":"https:\/\/www.meydan.tv\/az\/article\/resmi-azerbaycanda-saxlanilan-10-herbci-ermenistana-tehvil-verilib\/","title":{"rendered":"R\u0259smi: Az\u0259rbaycanda saxlan\u0131lan 10 h\u0259rb\u00e7i Erm\u0259nistana t\u0259hvil verilib"},"content":{"rendered":"\n<p><em>\u201cErm\u0259nistan i\u015f\u011faldan azad olunan dig\u0259r \u0259razil\u0259rin mina x\u0259rit\u0259l\u0259rini d\u0259 Az\u0259rbaycan t\u0259r\u0259fin\u0259 t\u0259qdim edib\u201d<\/em><\/p>\n\n\n\n<p>Dekabr\u0131n 4-d\u0259 erm\u0259ni \u0259silli 10 h\u0259rb\u00e7inin Erm\u0259nistana t\u0259hvil verildiyi bildirilir. \u018fsir v\u0259 itkin d\u00fc\u015fm\u00fc\u015f, girov g\u00f6t\u00fcr\u00fclm\u00fc\u015f v\u0259t\u0259nda\u015flarla \u0259laq\u0259dar D\u00f6vl\u0259t Komissiyas\u0131n\u0131n <a href=\"https:\/\/www.dtx.gov.az\/az\/news\/1667.html\" target=\"_blank\" rel=\"noreferrer noopener\">m\u0259lumat<\/a>\u0131na g\u00f6r\u0259, t\u0259hvil verilmi\u015f \u015f\u0259xsl\u0259r bu il, noyabr\u0131n 16-da Erm\u0259nistan silahl\u0131 q\u00fcvv\u0259l\u0259ri t\u0259r\u0259find\u0259n d\u00f6vl\u0259t s\u0259rh\u0259dinin K\u0259lb\u0259c\u0259r istiqam\u0259tind\u0259 t\u00f6r\u0259dil\u0259n t\u0259xribat\u0131n qar\u015f\u0131s\u0131 al\u0131nark\u0259n saxlan\u0131l\u0131blar.<\/p>\n\n\n\n<div class=\"wp-block-image\"><figure class=\"alignleft size-full is-resized\"><img decoding=\"async\" data-src=\"https:\/\/www.meydan.tv\/wp-content\/uploads\/61ab7a82a77e1-juot476oyinrec3.jpg\" alt=\"\" class=\"wp-image-228476 lazyload\" width=\"514\" height=\"294\" src=\"data:image\/svg+xml;base64,PHN2ZyB3aWR0aD0iMSIgaGVpZ2h0PSIxIiB4bWxucz0iaHR0cDovL3d3dy53My5vcmcvMjAwMC9zdmciPjwvc3ZnPg==\" style=\"--smush-placeholder-width: 514px; --smush-placeholder-aspect-ratio: 514\/294;\" \/><figcaption>Foto: \u018fsir v\u0259 itkin d\u00fc\u015fm\u00fc\u015f, girov g\u00f6t\u00fcr\u00fclm\u00fc\u015f v\u0259t\u0259nda\u015flarla \u0259laq\u0259dar D\u00f6vl\u0259t Komissiyas\u0131<\/figcaption><\/figure><\/div>\n\n\n\n<p>Komissiya xat\u0131rlad\u0131r ki, noyabr\u0131n 26-da erm\u0259ni \u0259silli bir m\u00fclki \u015f\u0259xs v\u0259 bir h\u0259rbi qulluq\u00e7u da Erm\u0259nistan t\u0259r\u0259fin\u0259 t\u0259hvil verilib.<\/p>\n\n\n\n<p>\u201cEyni zamanda apar\u0131lm\u0131\u015f dan\u0131\u015f\u0131qlar n\u0259tic\u0259sind\u0259 Erm\u0259nistan t\u0259r\u0259fi Az\u0259rbaycan Respublikas\u0131n\u0131n i\u015f\u011faldan azad olunan dig\u0259r \u0259razil\u0259rinin mina x\u0259rit\u0259l\u0259rini d\u0259 Az\u0259rbaycan t\u0259r\u0259fin\u0259 t\u0259qdim edib. Mina x\u0259rit\u0259l\u0259rinin \u0259ld\u0259 olunmas\u0131nda g\u00f6st\u0259rdiyi vasit\u0259\u00e7ilik missiyas\u0131na g\u00f6r\u0259 Rusiya Federasiyas\u0131n\u0131n M\u00fcdafi\u0259 Nazirliyin\u0259 t\u0259\u015f\u0259kk\u00fcr\u00fcm\u00fcz\u00fc bildiririk\u201d, &#8211; m\u0259lumatda deyilib.<\/p>\n\n\n\n<p>Erm\u0259nistan medias\u0131 bu m\u0259lumat\u0131 Az\u0259rbaycan m\u0259tbuat\u0131na istinad\u0259n <a href=\"https:\/\/news.am\/rus\/news\/675755.html\" target=\"_blank\" rel=\"noreferrer noopener\">yay\u0131b<\/a>. Erm\u0259nistan r\u0259smil\u0259ri bu bar\u0259d\u0259 a\u00e7\u0131qlama verm\u0259yib.<\/p>\n","protected":false},"excerpt":{"rendered":"<p>\u201cErm\u0259nistan i\u015f\u011faldan azad olunan dig\u0259r \u0259razil\u0259rin mina x\u0259rit\u0259l\u0259rini d\u0259 Az\u0259rbaycan &#8230; <\/p>\n<p class=\"read-more-container\"><a title=\"R\u0259smi: Az\u0259rbaycanda saxlan\u0131lan 10 h\u0259rb\u00e7i Erm\u0259nistana t\u0259hvil verilib\" class=\"read-more button\" href=\"https:\/\/www.meydan.tv\/az\/article\/resmi-azerbaycanda-saxlanilan-10-herbci-ermenistana-tehvil-verilib\/#more-228479\" aria-label=\"Read more about R\u0259smi: Az\u0259rbaycanda saxlan\u0131lan 10 h\u0259rb\u00e7i Erm\u0259nistana t\u0259hvil verilib\">Davam\u0131<\/a><\/p>\n","protected":false},"author":8,"featured_media":228483,"comment_status":"closed","ping_status":"closed","sticky":false,"template":"","format":"standard","meta":{"_acf_changed":false,"_sitemap_exclude":false,"_sitemap_priority":"","_sitemap_frequency":"","footnotes":""},"categories":[59,79,56],"tags":[],"class_list":["post-228479","post","type-post","status-publish","format-standard","has-post-thumbnail","hentry","category-siyaset","category-featured","category-xeberler","infinite-scroll-item","generate-columns","tablet-grid-50","mobile-grid-100","grid-parent","grid-33","no-featured-image-padding"],"acf":[],"yoast_head":"<!-- This site is optimized with the Yoast SEO plugin v27.5 - https:\/\/yoast.com\/product\/yoast-seo-wordpress\/ -->\n<title>R\u0259smi: Az\u0259rbaycanda saxlan\u0131lan 10 h\u0259rb\u00e7i Erm\u0259nistana t\u0259hvil verilib - MEYDAN.TV<\/title>\n<meta name=\"robots\" content=\"index, follow, max-snippet:-1, max-image-preview:large, max-video-preview:-1\" \/>\n<link rel=\"canonical\" href=\"https:\/\/www.meydan.tv\/az\/article\/resmi-azerbaycanda-saxlanilan-10-herbci-ermenistana-tehvil-verilib\/\" \/>\n<meta property=\"og:locale\" content=\"az_AZ\" \/>\n<meta property=\"og:type\" content=\"article\" \/>\n<meta property=\"og:title\" content=\"R\u0259smi: Az\u0259rbaycanda saxlan\u0131lan 10 h\u0259rb\u00e7i Erm\u0259nistana t\u0259hvil verilib - MEYDAN.TV\" \/>\n<meta property=\"og:description\" content=\"\u201cErm\u0259nistan i\u015f\u011faldan azad olunan dig\u0259r \u0259razil\u0259rin mina x\u0259rit\u0259l\u0259rini d\u0259 Az\u0259rbaycan ... Davam\u0131\" \/>\n<meta property=\"og:url\" content=\"https:\/\/www.meydan.tv\/az\/article\/resmi-azerbaycanda-saxlanilan-10-herbci-ermenistana-tehvil-verilib\/\" \/>\n<meta property=\"og:site_name\" content=\"MEYDAN.TV\" \/>\n<meta property=\"article:published_time\" content=\"2021-12-04T15:23:23+00:00\" \/>\n<meta property=\"article:modified_time\" content=\"2021-12-04T15:37:37+00:00\" \/>\n<meta property=\"og:image\" content=\"https:\/\/www.meydan.tv\/wp-content\/uploads\/shutterstock_1347345023.jpg\" \/>\n\t<meta property=\"og:image:width\" content=\"2000\" \/>\n\t<meta property=\"og:image:height\" content=\"1333\" \/>\n\t<meta property=\"og:image:type\" content=\"image\/jpeg\" \/>\n<meta name=\"author\" content=\"elli\" \/>\n<meta name=\"twitter:card\" content=\"summary_large_image\" \/>\n<meta name=\"twitter:creator\" content=\"@elli\" \/>\n<script type=\"application\/ld+json\" class=\"yoast-schema-graph\">{\"@context\":\"https:\\\/\\\/schema.org\",\"@graph\":[{\"@type\":\"Article\",\"@id\":\"https:\\\/\\\/www.meydan.tv\\\/az\\\/article\\\/resmi-azerbaycanda-saxlanilan-10-herbci-ermenistana-tehvil-verilib\\\/#article\",\"isPartOf\":{\"@id\":\"https:\\\/\\\/www.meydan.tv\\\/az\\\/article\\\/resmi-azerbaycanda-saxlanilan-10-herbci-ermenistana-tehvil-verilib\\\/\"},\"author\":{\"name\":\"elli\",\"@id\":\"https:\\\/\\\/www.meydan.tv\\\/az\\\/#\\\/schema\\\/person\\\/9cdbecf90d17180ce1dfbd95b08dcf47\"},\"headline\":\"R\u0259smi: Az\u0259rbaycanda saxlan\u0131lan 10 h\u0259rb\u00e7i Erm\u0259nistana t\u0259hvil verilib\",\"datePublished\":\"2021-12-04T15:23:23+00:00\",\"dateModified\":\"2021-12-04T15:37:37+00:00\",\"mainEntityOfPage\":{\"@id\":\"https:\\\/\\\/www.meydan.tv\\\/az\\\/article\\\/resmi-azerbaycanda-saxlanilan-10-herbci-ermenistana-tehvil-verilib\\\/\"},\"wordCount\":281,\"publisher\":{\"@id\":\"https:\\\/\\\/www.meydan.tv\\\/az\\\/#organization\"},\"image\":{\"@id\":\"https:\\\/\\\/www.meydan.tv\\\/az\\\/article\\\/resmi-azerbaycanda-saxlanilan-10-herbci-ermenistana-tehvil-verilib\\\/#primaryimage\"},\"thumbnailUrl\":\"https:\\\/\\\/www.meydan.tv\\\/wp-content\\\/uploads\\\/shutterstock_1347345023.jpg\",\"articleSection\":[\"Siyas\u0259t\",\"T\u00f6vsiy\u0259\",\"X\u0259b\u0259rl\u0259r\"],\"inLanguage\":\"az\"},{\"@type\":\"WebPage\",\"@id\":\"https:\\\/\\\/www.meydan.tv\\\/az\\\/article\\\/resmi-azerbaycanda-saxlanilan-10-herbci-ermenistana-tehvil-verilib\\\/\",\"url\":\"https:\\\/\\\/www.meydan.tv\\\/az\\\/article\\\/resmi-azerbaycanda-saxlanilan-10-herbci-ermenistana-tehvil-verilib\\\/\",\"name\":\"R\u0259smi: Az\u0259rbaycanda saxlan\u0131lan 10 h\u0259rb\u00e7i Erm\u0259nistana t\u0259hvil verilib - MEYDAN.TV\",\"isPartOf\":{\"@id\":\"https:\\\/\\\/www.meydan.tv\\\/az\\\/#website\"},\"primaryImageOfPage\":{\"@id\":\"https:\\\/\\\/www.meydan.tv\\\/az\\\/article\\\/resmi-azerbaycanda-saxlanilan-10-herbci-ermenistana-tehvil-verilib\\\/#primaryimage\"},\"image\":{\"@id\":\"https:\\\/\\\/www.meydan.tv\\\/az\\\/article\\\/resmi-azerbaycanda-saxlanilan-10-herbci-ermenistana-tehvil-verilib\\\/#primaryimage\"},\"thumbnailUrl\":\"https:\\\/\\\/www.meydan.tv\\\/wp-content\\\/uploads\\\/shutterstock_1347345023.jpg\",\"datePublished\":\"2021-12-04T15:23:23+00:00\",\"dateModified\":\"2021-12-04T15:37:37+00:00\",\"breadcrumb\":{\"@id\":\"https:\\\/\\\/www.meydan.tv\\\/az\\\/article\\\/resmi-azerbaycanda-saxlanilan-10-herbci-ermenistana-tehvil-verilib\\\/#breadcrumb\"},\"inLanguage\":\"az\",\"potentialAction\":[{\"@type\":\"ReadAction\",\"target\":[\"https:\\\/\\\/www.meydan.tv\\\/az\\\/article\\\/resmi-azerbaycanda-saxlanilan-10-herbci-ermenistana-tehvil-verilib\\\/\"]}]},{\"@type\":\"ImageObject\",\"inLanguage\":\"az\",\"@id\":\"https:\\\/\\\/www.meydan.tv\\\/az\\\/article\\\/resmi-azerbaycanda-saxlanilan-10-herbci-ermenistana-tehvil-verilib\\\/#primaryimage\",\"url\":\"https:\\\/\\\/www.meydan.tv\\\/wp-content\\\/uploads\\\/shutterstock_1347345023.jpg\",\"contentUrl\":\"https:\\\/\\\/www.meydan.tv\\\/wp-content\\\/uploads\\\/shutterstock_1347345023.jpg\",\"width\":2000,\"height\":1333,\"caption\":\"Foto: Zef art\\\/Shutterstock\"},{\"@type\":\"BreadcrumbList\",\"@id\":\"https:\\\/\\\/www.meydan.tv\\\/az\\\/article\\\/resmi-azerbaycanda-saxlanilan-10-herbci-ermenistana-tehvil-verilib\\\/#breadcrumb\",\"itemListElement\":[{\"@type\":\"ListItem\",\"position\":1,\"name\":\"Ana s\u0259hif\u0259\",\"item\":\"https:\\\/\\\/www.meydan.tv\\\/az\\\/\"},{\"@type\":\"ListItem\",\"position\":2,\"name\":\"Siyas\u0259t\",\"item\":\"https:\\\/\\\/www.meydan.tv\\\/az\\\/section\\\/siyaset\\\/\"},{\"@type\":\"ListItem\",\"position\":3,\"name\":\"R\u0259smi: Az\u0259rbaycanda saxlan\u0131lan 10 h\u0259rb\u00e7i Erm\u0259nistana t\u0259hvil verilib\"}]},{\"@type\":\"WebSite\",\"@id\":\"https:\\\/\\\/www.meydan.tv\\\/az\\\/#website\",\"url\":\"https:\\\/\\\/www.meydan.tv\\\/az\\\/\",\"name\":\"MEYDAN.TV\",\"description\":\"Meydan TV Az\u0259rbaycan\u0131n media m\u0259kan\u0131ndak\u0131 alternativ s\u0259sidir\",\"publisher\":{\"@id\":\"https:\\\/\\\/www.meydan.tv\\\/az\\\/#organization\"},\"potentialAction\":[{\"@type\":\"SearchAction\",\"target\":{\"@type\":\"EntryPoint\",\"urlTemplate\":\"https:\\\/\\\/www.meydan.tv\\\/az\\\/?s={search_term_string}\"},\"query-input\":{\"@type\":\"PropertyValueSpecification\",\"valueRequired\":true,\"valueName\":\"search_term_string\"}}],\"inLanguage\":\"az\"},{\"@type\":\"Organization\",\"@id\":\"https:\\\/\\\/www.meydan.tv\\\/az\\\/#organization\",\"name\":\"Meydan TV\",\"url\":\"https:\\\/\\\/www.meydan.tv\\\/az\\\/\",\"logo\":{\"@type\":\"ImageObject\",\"inLanguage\":\"az\",\"@id\":\"https:\\\/\\\/www.meydan.tv\\\/az\\\/#\\\/schema\\\/logo\\\/image\\\/\",\"url\":\"https:\\\/\\\/www.meydan.tv\\\/wp-content\\\/uploads\\\/2021\\\/07\\\/meydan-logo.svg\",\"contentUrl\":\"https:\\\/\\\/www.meydan.tv\\\/wp-content\\\/uploads\\\/2021\\\/07\\\/meydan-logo.svg\",\"width\":195,\"height\":46,\"caption\":\"Meydan TV\"},\"image\":{\"@id\":\"https:\\\/\\\/www.meydan.tv\\\/az\\\/#\\\/schema\\\/logo\\\/image\\\/\"}},{\"@type\":\"Person\",\"@id\":\"https:\\\/\\\/www.meydan.tv\\\/az\\\/#\\\/schema\\\/person\\\/9cdbecf90d17180ce1dfbd95b08dcf47\",\"name\":\"elli\",\"sameAs\":[\"https:\\\/\\\/x.com\\\/elli\"]}]}<\/script>\n<!-- \/ Yoast SEO plugin. -->","yoast_head_json":{"title":"R\u0259smi: Az\u0259rbaycanda saxlan\u0131lan 10 h\u0259rb\u00e7i Erm\u0259nistana t\u0259hvil verilib - MEYDAN.TV","robots":{"index":"index","follow":"follow","max-snippet":"max-snippet:-1","max-image-preview":"max-image-preview:large","max-video-preview":"max-video-preview:-1"},"canonical":"https:\/\/www.meydan.tv\/az\/article\/resmi-azerbaycanda-saxlanilan-10-herbci-ermenistana-tehvil-verilib\/","og_locale":"az_AZ","og_type":"article","og_title":"R\u0259smi: Az\u0259rbaycanda saxlan\u0131lan 10 h\u0259rb\u00e7i Erm\u0259nistana t\u0259hvil verilib - MEYDAN.TV","og_description":"\u201cErm\u0259nistan i\u015f\u011faldan azad olunan dig\u0259r \u0259razil\u0259rin mina x\u0259rit\u0259l\u0259rini d\u0259 Az\u0259rbaycan ... Davam\u0131","og_url":"https:\/\/www.meydan.tv\/az\/article\/resmi-azerbaycanda-saxlanilan-10-herbci-ermenistana-tehvil-verilib\/","og_site_name":"MEYDAN.TV","article_published_time":"2021-12-04T15:23:23+00:00","article_modified_time":"2021-12-04T15:37:37+00:00","og_image":[{"width":2000,"height":1333,"url":"https:\/\/www.meydan.tv\/wp-content\/uploads\/shutterstock_1347345023.jpg","type":"image\/jpeg"}],"author":"elli","twitter_card":"summary_large_image","twitter_creator":"@elli","schema":{"@context":"https:\/\/schema.org","@graph":[{"@type":"Article","@id":"https:\/\/www.meydan.tv\/az\/article\/resmi-azerbaycanda-saxlanilan-10-herbci-ermenistana-tehvil-verilib\/#article","isPartOf":{"@id":"https:\/\/www.meydan.tv\/az\/article\/resmi-azerbaycanda-saxlanilan-10-herbci-ermenistana-tehvil-verilib\/"},"author":{"name":"elli","@id":"https:\/\/www.meydan.tv\/az\/#\/schema\/person\/9cdbecf90d17180ce1dfbd95b08dcf47"},"headline":"R\u0259smi: Az\u0259rbaycanda saxlan\u0131lan 10 h\u0259rb\u00e7i Erm\u0259nistana t\u0259hvil verilib","datePublished":"2021-12-04T15:23:23+00:00","dateModified":"2021-12-04T15:37:37+00:00","mainEntityOfPage":{"@id":"https:\/\/www.meydan.tv\/az\/article\/resmi-azerbaycanda-saxlanilan-10-herbci-ermenistana-tehvil-verilib\/"},"wordCount":281,"publisher":{"@id":"https:\/\/www.meydan.tv\/az\/#organization"},"image":{"@id":"https:\/\/www.meydan.tv\/az\/article\/resmi-azerbaycanda-saxlanilan-10-herbci-ermenistana-tehvil-verilib\/#primaryimage"},"thumbnailUrl":"https:\/\/www.meydan.tv\/wp-content\/uploads\/shutterstock_1347345023.jpg","articleSection":["Siyas\u0259t","T\u00f6vsiy\u0259","X\u0259b\u0259rl\u0259r"],"inLanguage":"az"},{"@type":"WebPage","@id":"https:\/\/www.meydan.tv\/az\/article\/resmi-azerbaycanda-saxlanilan-10-herbci-ermenistana-tehvil-verilib\/","url":"https:\/\/www.meydan.tv\/az\/article\/resmi-azerbaycanda-saxlanilan-10-herbci-ermenistana-tehvil-verilib\/","name":"R\u0259smi: Az\u0259rbaycanda saxlan\u0131lan 10 h\u0259rb\u00e7i Erm\u0259nistana t\u0259hvil verilib - MEYDAN.TV","isPartOf":{"@id":"https:\/\/www.meydan.tv\/az\/#website"},"primaryImageOfPage":{"@id":"https:\/\/www.meydan.tv\/az\/article\/resmi-azerbaycanda-saxlanilan-10-herbci-ermenistana-tehvil-verilib\/#primaryimage"},"image":{"@id":"https:\/\/www.meydan.tv\/az\/article\/resmi-azerbaycanda-saxlanilan-10-herbci-ermenistana-tehvil-verilib\/#primaryimage"},"thumbnailUrl":"https:\/\/www.meydan.tv\/wp-content\/uploads\/shutterstock_1347345023.jpg","datePublished":"2021-12-04T15:23:23+00:00","dateModified":"2021-12-04T15:37:37+00:00","breadcrumb":{"@id":"https:\/\/www.meydan.tv\/az\/article\/resmi-azerbaycanda-saxlanilan-10-herbci-ermenistana-tehvil-verilib\/#breadcrumb"},"inLanguage":"az","potentialAction":[{"@type":"ReadAction","target":["https:\/\/www.meydan.tv\/az\/article\/resmi-azerbaycanda-saxlanilan-10-herbci-ermenistana-tehvil-verilib\/"]}]},{"@type":"ImageObject","inLanguage":"az","@id":"https:\/\/www.meydan.tv\/az\/article\/resmi-azerbaycanda-saxlanilan-10-herbci-ermenistana-tehvil-verilib\/#primaryimage","url":"https:\/\/www.meydan.tv\/wp-content\/uploads\/shutterstock_1347345023.jpg","contentUrl":"https:\/\/www.meydan.tv\/wp-content\/uploads\/shutterstock_1347345023.jpg","width":2000,"height":1333,"caption":"Foto: Zef art\/Shutterstock"},{"@type":"BreadcrumbList","@id":"https:\/\/www.meydan.tv\/az\/article\/resmi-azerbaycanda-saxlanilan-10-herbci-ermenistana-tehvil-verilib\/#breadcrumb","itemListElement":[{"@type":"ListItem","position":1,"name":"Ana s\u0259hif\u0259","item":"https:\/\/www.meydan.tv\/az\/"},{"@type":"ListItem","position":2,"name":"Siyas\u0259t","item":"https:\/\/www.meydan.tv\/az\/section\/siyaset\/"},{"@type":"ListItem","position":3,"name":"R\u0259smi: Az\u0259rbaycanda saxlan\u0131lan 10 h\u0259rb\u00e7i Erm\u0259nistana t\u0259hvil verilib"}]},{"@type":"WebSite","@id":"https:\/\/www.meydan.tv\/az\/#website","url":"https:\/\/www.meydan.tv\/az\/","name":"MEYDAN.TV","description":"Meydan TV Az\u0259rbaycan\u0131n media m\u0259kan\u0131ndak\u0131 alternativ s\u0259sidir","publisher":{"@id":"https:\/\/www.meydan.tv\/az\/#organization"},"potentialAction":[{"@type":"SearchAction","target":{"@type":"EntryPoint","urlTemplate":"https:\/\/www.meydan.tv\/az\/?s={search_term_string}"},"query-input":{"@type":"PropertyValueSpecification","valueRequired":true,"valueName":"search_term_string"}}],"inLanguage":"az"},{"@type":"Organization","@id":"https:\/\/www.meydan.tv\/az\/#organization","name":"Meydan TV","url":"https:\/\/www.meydan.tv\/az\/","logo":{"@type":"ImageObject","inLanguage":"az","@id":"https:\/\/www.meydan.tv\/az\/#\/schema\/logo\/image\/","url":"https:\/\/www.meydan.tv\/wp-content\/uploads\/2021\/07\/meydan-logo.svg","contentUrl":"https:\/\/www.meydan.tv\/wp-content\/uploads\/2021\/07\/meydan-logo.svg","width":195,"height":46,"caption":"Meydan TV"},"image":{"@id":"https:\/\/www.meydan.tv\/az\/#\/schema\/logo\/image\/"}},{"@type":"Person","@id":"https:\/\/www.meydan.tv\/az\/#\/schema\/person\/9cdbecf90d17180ce1dfbd95b08dcf47","name":"elli","sameAs":["https:\/\/x.com\/elli"]}]}},"_links":{"self":[{"href":"https:\/\/www.meydan.tv\/az\/wp-json\/wp\/v2\/posts\/228479","targetHints":{"allow":["GET"]}}],"collection":[{"href":"https:\/\/www.meydan.tv\/az\/wp-json\/wp\/v2\/posts"}],"about":[{"href":"https:\/\/www.meydan.tv\/az\/wp-json\/wp\/v2\/types\/post"}],"author":[{"embeddable":true,"href":"https:\/\/www.meydan.tv\/az\/wp-json\/wp\/v2\/users\/8"}],"replies":[{"embeddable":true,"href":"https:\/\/www.meydan.tv\/az\/wp-json\/wp\/v2\/comments?post=228479"}],"version-history":[{"count":3,"href":"https:\/\/www.meydan.tv\/az\/wp-json\/wp\/v2\/posts\/228479\/revisions"}],"predecessor-version":[{"id":228489,"href":"https:\/\/www.meydan.tv\/az\/wp-json\/wp\/v2\/posts\/228479\/revisions\/228489"}],"wp:featuredmedia":[{"embeddable":true,"href":"https:\/\/www.meydan.tv\/az\/wp-json\/wp\/v2\/media\/228483"}],"wp:attachment":[{"href":"https:\/\/www.meydan.tv\/az\/wp-json\/wp\/v2\/media?parent=228479"}],"wp:term":[{"taxonomy":"category","embeddable":true,"href":"https:\/\/www.meydan.tv\/az\/wp-json\/wp\/v2\/categories?post=228479"},{"taxonomy":"post_tag","embeddable":true,"href":"https:\/\/www.meydan.tv\/az\/wp-json\/wp\/v2\/tags?post=228479"}],"curies":[{"name":"wp","href":"https:\/\/api.w.org\/{rel}","templated":true}]}}