{"id":228463,"date":"2021-12-04T12:38:22","date_gmt":"2021-12-04T08:38:22","guid":{"rendered":"https:\/\/www.meydan.tv\/?p=228463"},"modified":"2021-12-04T12:38:24","modified_gmt":"2021-12-04T08:38:24","slug":"seide-qocamanli-nazirle-gorusde-esas-muzakire-obyekti-tofiq-yaqublu-olub","status":"publish","type":"post","link":"https:\/\/www.meydan.tv\/az\/article\/seide-qocamanli-nazirle-gorusde-esas-muzakire-obyekti-tofiq-yaqublu-olub\/","title":{"rendered":"S\u0259id\u0259 Qocamanl\u0131: Nazirl\u0259 g\u00f6r\u00fc\u015fd\u0259 \u0259sas m\u00fczakir\u0259 obyekti Tofiq Yaqublu olub"},"content":{"rendered":"\n<p><em>H\u00fcquq m\u00fcdafi\u0259\u00e7il\u0259ri Vilay\u0259t Eyvazovla g\u00f6r\u00fc\u015f\u00fcb<\/em><\/p>\n\n\n\n<p>Az\u0259rbaycan H\u00fcquq M\u00fcdafi\u0259 T\u0259\u015fkilatlar\u0131 Monitorinq Qrupunun \u00fczvl\u0259ri Novella C\u0259f\u0259ro\u011flu, S\u0259id\u0259 Qocamanl\u0131 v\u0259 S\u0259ad\u0259t B\u0259n\u0259nyarl\u0131 dekabr\u0131n 3-d\u0259 daxili i\u015fl\u0259r naziri Vilay\u0259t Eyvazovla g\u00f6r\u00fc\u015f\u00fcbl\u0259r.<\/p>\n\n\n\n<p>&#8220;\u018fsas m\u00fczakir\u0259 obyekti Tofiq Yaqublunun m\u0259s\u0259l\u0259si, dekabr\u0131n 1-d\u0259 aksiyada saxlan\u0131ld\u0131qdan sonra onun v\u0259ziyy\u0259ti diqq\u0259t m\u0259rk\u0259zind\u0259 olub&#8221;, dey\u0259 S\u0259id\u0259 Qocamanl\u0131 \u201cTuran\u201d-a s\u00f6yl\u0259yib.<\/p>\n\n\n\n<p>S.Qocamanl\u0131n\u0131n s\u00f6zl\u0259rin\u0259 g\u00f6r\u0259, nazir Vilay\u0259t Eyvazov polis \u0259m\u0259kda\u015flar\u0131 t\u0259r\u0259find\u0259n Tofiq Yaqubluya qar\u015f\u0131 zorak\u0131l\u0131\u011fa yol verilm\u0259si ehtimal\u0131n\u0131 istisna edib:<\/p>\n\n\n\n<p>&#8220;Bununla bel\u0259, m\u00fcxalif\u0259t\u00e7inin \u015fikay\u0259tinin prokurorluq orqanlar\u0131 t\u0259r\u0259find\u0259n ara\u015fd\u0131r\u0131ld\u0131\u011f\u0131n\u0131 v\u0259 n\u0259tic\u0259l\u0259ri g\u00f6zl\u0259m\u0259li oldu\u011fumuzu qeyd edib&#8221;.<\/p>\n\n\n\n<p>S.Qocamanl\u0131 bildirib ki, V.Eyvazov h\u00fcquq m\u00fcdafi\u0259\u00e7ill\u0259rind\u0259 narahatl\u0131q do\u011furan m\u0259s\u0259l\u0259l\u0259rl\u0259 ba\u011fl\u0131 Monitorinq Qrupu il\u0259 dialoqa haz\u0131r oldu\u011funu bildirib.<\/p>\n\n\n\n<p>&#8220;Bu, \u00e7ox vacibdir. Nazir eyni zamanda \u018ffv Komissiyas\u0131n\u0131n \u00fczv\u00fcd\u00fcr. M\u0259lum oldu\u011fu kimi, \u0259fv institutu siyasi m\u0259hbuslar\u0131n azad edilm\u0259si \u00fcsullar\u0131ndan biridir&#8221;.<\/p>\n\n\n\n<p>29 g\u00fcnd\u00fcr acl\u0131q aksiyas\u0131 ke\u00e7ir\u0259n Saleh R\u00fcst\u0259movla ba\u011fl\u0131 S.Qocamanl\u0131 deyib ki, onun v\u0259ziyy\u0259ti narahatl\u0131q do\u011furur:<\/p>\n\n\n\n<p>&#8220;Hesab edirik ki, Birinci Qaraba\u011f m\u00fcharib\u0259sind\u0259ki xidm\u0259tl\u0259ri, Ba\u015fk\u0259nd \u0259m\u0259liyyat\u0131n\u0131 h\u0259yata ke\u00e7irm\u0259si, habel\u0259 \u0259lil o\u011flu oldu\u011fu n\u0259z\u0259r\u0259 al\u0131naraq, Saleh R\u00fcst\u0259mov azad edil\u0259 bil\u0259r v\u0259 edilm\u0259lidir&#8221;.<\/p>\n\n\n\n<p>&#8220;M\u0259s\u0259l\u0259nin operativ h\u0259lli yollar\u0131ndan biri ona ir\u0259li s\u00fcr\u00fcl\u0259n ittihamlar\u0131n daha y\u00fcng\u00fcl madd\u0259l\u0259r\u0259 t\u00f6vsif edilm\u0259si v\u0259 onun h\u0259bsd\u0259n azad edilm\u0259sidir. Bu q\u0259rar\u0131 Ali M\u0259hk\u0259m\u0259nin Plenumu q\u0259bul ed\u0259 bil\u0259r. Saleh R\u00fcst\u0259mova ba\u015f \u00e7\u0259km\u0259yimizd\u0259n v\u0259 icra, qanunvericilik v\u0259 m\u0259hk\u0259m\u0259 hakimiyy\u0259tinin n\u00fcmay\u0259nd\u0259l\u0259ri il\u0259 g\u00f6r\u00fc\u015f\u00fcm\u00fczd\u0259n sonra bu \u015f\u0259xsin azad edilm\u0259si m\u0259s\u0259l\u0259sinin m\u00fcsb\u0259t h\u0259llin\u0259 \u00fcmid yaranma\u011fa ba\u015flay\u0131b. T\u0259\u0259ss\u00fcf ki, meydanlarda, K\u0130V-d\u0259, sosial \u015f\u0259b\u0259k\u0259l\u0259rd\u0259 ultimatumlarla R\u00fcst\u0259movun azad edilm\u0259sin\u0259 nail olmaq c\u0259hdl\u0259ri yaln\u0131z bu istiqam\u0259td\u0259ki s\u0259yl\u0259r\u0259 x\u0259l\u0259l g\u0259tirir. Bu ziyal\u0131, n\u0259cib insan hans\u0131sa siyasi oyunlar\u0131n qurban\u0131 olmamal\u0131d\u0131r&#8221;, &#8211; Qocamanl\u0131 bel\u0259 s\u00f6yl\u0259yib.<\/p>\n\n\n\n<p><strong>Xat\u0131rlatma<\/strong><\/p>\n\n\n\n<p>Dekabr\u0131n 1-d\u0259 paytaxt\u0131n \u201cF\u0259vvar\u0259l\u0259r ba\u011f\u0131\u201dnda Saleh R\u00fcst\u0259movun azad edilm\u0259si t\u0259l\u0259biyl\u0259 aksiyaya c\u0259hd olub. Aksiya zaman\u0131 40 n\u0259f\u0259r\u0259 yax\u0131n \u015f\u0259xs saxlan\u0131lsa da, onlar\u0131n \u0259ks\u0259riyy\u0259ti sonradan s\u0259rb\u0259st burax\u0131l\u0131b.<\/p>\n\n\n\n<p>Dekabr\u0131n 2-d\u0259 S\u0259bail Rayon M\u0259hk\u0259m\u0259si saxlan\u0131lan 4 AXCP \u00fczv\u00fc v\u0259 ictimai f\u0259al, t\u0259l\u0259b\u0259 R\u00fcst\u0259m \u0130smay\u0131lb\u0259yli haqda q\u0259rar \u00e7\u0131xar\u0131b. Onlar \u0130nzibati X\u0259talar M\u0259c\u0259ll\u0259sinin 211.1-ci madd\u0259sil\u0259 (Karantin qaydalar\u0131n\u0131 pozma) ittiham <a href=\"https:\/\/www.meydan.tv\/az\/article\/saleh-rustemova-azadliq-telebi-ile-aksiya-kecirilib-saxlanilanlar-var\/\" target=\"_blank\" rel=\"noreferrer noopener\">olunublar<\/a>.<\/p>\n\n\n\n<p>Eyni zamanda, aksiya g\u00fcn\u00fc saxlan\u0131lan M\u00fcsavat Partiyas\u0131n\u0131n v\u0259 Milli \u015euran\u0131n \u00fczv\u00fc Tofiq Yaqublunun <a href=\"https:\/\/www.meydan.tv\/az\/article\/tofiq-yaqublu-amansizca-doyurduler-ele-bildim-oldurecekler\/\" target=\"_blank\" rel=\"noreferrer noopener\">d\u00f6y\u00fclm\u0259si<\/a>\u00a0 ictimai etiraza s\u0259b\u0259b olub.<\/p>\n","protected":false},"excerpt":{"rendered":"<p>H\u00fcquq m\u00fcdafi\u0259\u00e7il\u0259ri Vilay\u0259t Eyvazovla g\u00f6r\u00fc\u015f\u00fcb Az\u0259rbaycan H\u00fcquq M\u00fcdafi\u0259 T\u0259\u015fkilatlar\u0131 Monitorinq &#8230; <\/p>\n<p class=\"read-more-container\"><a title=\"S\u0259id\u0259 Qocamanl\u0131: Nazirl\u0259 g\u00f6r\u00fc\u015fd\u0259 \u0259sas m\u00fczakir\u0259 obyekti Tofiq Yaqublu olub\" class=\"read-more button\" href=\"https:\/\/www.meydan.tv\/az\/article\/seide-qocamanli-nazirle-gorusde-esas-muzakire-obyekti-tofiq-yaqublu-olub\/#more-228463\" aria-label=\"Read more about S\u0259id\u0259 Qocamanl\u0131: Nazirl\u0259 g\u00f6r\u00fc\u015fd\u0259 \u0259sas m\u00fczakir\u0259 obyekti Tofiq Yaqublu olub\">Davam\u0131<\/a><\/p>\n","protected":false},"author":8,"featured_media":228464,"comment_status":"closed","ping_status":"closed","sticky":false,"template":"","format":"standard","meta":{"_acf_changed":false,"_sitemap_exclude":false,"_sitemap_priority":"","_sitemap_frequency":"","footnotes":""},"categories":[59,79,56],"tags":[],"class_list":["post-228463","post","type-post","status-publish","format-standard","has-post-thumbnail","hentry","category-siyaset","category-featured","category-xeberler","infinite-scroll-item","generate-columns","tablet-grid-50","mobile-grid-100","grid-parent","grid-33","no-featured-image-padding"],"acf":[],"yoast_head":"<!-- This site is optimized with the Yoast SEO plugin v27.4 - https:\/\/yoast.com\/product\/yoast-seo-wordpress\/ -->\n<title>S\u0259id\u0259 Qocamanl\u0131: Nazirl\u0259 g\u00f6r\u00fc\u015fd\u0259 \u0259sas m\u00fczakir\u0259 obyekti Tofiq Yaqublu olub - MEYDAN.TV<\/title>\n<meta name=\"robots\" content=\"index, follow, max-snippet:-1, max-image-preview:large, max-video-preview:-1\" \/>\n<link rel=\"canonical\" href=\"https:\/\/www.meydan.tv\/az\/article\/seide-qocamanli-nazirle-gorusde-esas-muzakire-obyekti-tofiq-yaqublu-olub\/\" \/>\n<meta property=\"og:locale\" content=\"az_AZ\" \/>\n<meta property=\"og:type\" content=\"article\" \/>\n<meta property=\"og:title\" content=\"S\u0259id\u0259 Qocamanl\u0131: Nazirl\u0259 g\u00f6r\u00fc\u015fd\u0259 \u0259sas m\u00fczakir\u0259 obyekti Tofiq Yaqublu olub - MEYDAN.TV\" \/>\n<meta property=\"og:description\" content=\"H\u00fcquq m\u00fcdafi\u0259\u00e7il\u0259ri Vilay\u0259t Eyvazovla g\u00f6r\u00fc\u015f\u00fcb Az\u0259rbaycan H\u00fcquq M\u00fcdafi\u0259 T\u0259\u015fkilatlar\u0131 Monitorinq ... Davam\u0131\" \/>\n<meta property=\"og:url\" content=\"https:\/\/www.meydan.tv\/az\/article\/seide-qocamanli-nazirle-gorusde-esas-muzakire-obyekti-tofiq-yaqublu-olub\/\" \/>\n<meta property=\"og:site_name\" content=\"MEYDAN.TV\" \/>\n<meta property=\"article:published_time\" content=\"2021-12-04T08:38:22+00:00\" \/>\n<meta property=\"article:modified_time\" content=\"2021-12-04T08:38:24+00:00\" \/>\n<meta property=\"og:image\" content=\"https:\/\/www.meydan.tv\/wp-content\/uploads\/saida-e1638607020745.jpg\" \/>\n\t<meta property=\"og:image:width\" content=\"1200\" \/>\n\t<meta property=\"og:image:height\" content=\"405\" \/>\n\t<meta property=\"og:image:type\" content=\"image\/jpeg\" \/>\n<meta name=\"author\" content=\"elli\" \/>\n<meta name=\"twitter:card\" content=\"summary_large_image\" \/>\n<meta name=\"twitter:creator\" content=\"@elli\" \/>\n<script type=\"application\/ld+json\" class=\"yoast-schema-graph\">{\"@context\":\"https:\\\/\\\/schema.org\",\"@graph\":[{\"@type\":\"Article\",\"@id\":\"https:\\\/\\\/www.meydan.tv\\\/az\\\/article\\\/seide-qocamanli-nazirle-gorusde-esas-muzakire-obyekti-tofiq-yaqublu-olub\\\/#article\",\"isPartOf\":{\"@id\":\"https:\\\/\\\/www.meydan.tv\\\/az\\\/article\\\/seide-qocamanli-nazirle-gorusde-esas-muzakire-obyekti-tofiq-yaqublu-olub\\\/\"},\"author\":{\"name\":\"elli\",\"@id\":\"https:\\\/\\\/www.meydan.tv\\\/az\\\/#\\\/schema\\\/person\\\/9cdbecf90d17180ce1dfbd95b08dcf47\"},\"headline\":\"S\u0259id\u0259 Qocamanl\u0131: Nazirl\u0259 g\u00f6r\u00fc\u015fd\u0259 \u0259sas m\u00fczakir\u0259 obyekti Tofiq Yaqublu olub\",\"datePublished\":\"2021-12-04T08:38:22+00:00\",\"dateModified\":\"2021-12-04T08:38:24+00:00\",\"mainEntityOfPage\":{\"@id\":\"https:\\\/\\\/www.meydan.tv\\\/az\\\/article\\\/seide-qocamanli-nazirle-gorusde-esas-muzakire-obyekti-tofiq-yaqublu-olub\\\/\"},\"wordCount\":592,\"publisher\":{\"@id\":\"https:\\\/\\\/www.meydan.tv\\\/az\\\/#organization\"},\"image\":{\"@id\":\"https:\\\/\\\/www.meydan.tv\\\/az\\\/article\\\/seide-qocamanli-nazirle-gorusde-esas-muzakire-obyekti-tofiq-yaqublu-olub\\\/#primaryimage\"},\"thumbnailUrl\":\"https:\\\/\\\/www.meydan.tv\\\/wp-content\\\/uploads\\\/saida-e1638607020745.jpg\",\"articleSection\":[\"Siyas\u0259t\",\"T\u00f6vsiy\u0259\",\"X\u0259b\u0259rl\u0259r\"],\"inLanguage\":\"az\"},{\"@type\":\"WebPage\",\"@id\":\"https:\\\/\\\/www.meydan.tv\\\/az\\\/article\\\/seide-qocamanli-nazirle-gorusde-esas-muzakire-obyekti-tofiq-yaqublu-olub\\\/\",\"url\":\"https:\\\/\\\/www.meydan.tv\\\/az\\\/article\\\/seide-qocamanli-nazirle-gorusde-esas-muzakire-obyekti-tofiq-yaqublu-olub\\\/\",\"name\":\"S\u0259id\u0259 Qocamanl\u0131: Nazirl\u0259 g\u00f6r\u00fc\u015fd\u0259 \u0259sas m\u00fczakir\u0259 obyekti Tofiq Yaqublu olub - MEYDAN.TV\",\"isPartOf\":{\"@id\":\"https:\\\/\\\/www.meydan.tv\\\/az\\\/#website\"},\"primaryImageOfPage\":{\"@id\":\"https:\\\/\\\/www.meydan.tv\\\/az\\\/article\\\/seide-qocamanli-nazirle-gorusde-esas-muzakire-obyekti-tofiq-yaqublu-olub\\\/#primaryimage\"},\"image\":{\"@id\":\"https:\\\/\\\/www.meydan.tv\\\/az\\\/article\\\/seide-qocamanli-nazirle-gorusde-esas-muzakire-obyekti-tofiq-yaqublu-olub\\\/#primaryimage\"},\"thumbnailUrl\":\"https:\\\/\\\/www.meydan.tv\\\/wp-content\\\/uploads\\\/saida-e1638607020745.jpg\",\"datePublished\":\"2021-12-04T08:38:22+00:00\",\"dateModified\":\"2021-12-04T08:38:24+00:00\",\"breadcrumb\":{\"@id\":\"https:\\\/\\\/www.meydan.tv\\\/az\\\/article\\\/seide-qocamanli-nazirle-gorusde-esas-muzakire-obyekti-tofiq-yaqublu-olub\\\/#breadcrumb\"},\"inLanguage\":\"az\",\"potentialAction\":[{\"@type\":\"ReadAction\",\"target\":[\"https:\\\/\\\/www.meydan.tv\\\/az\\\/article\\\/seide-qocamanli-nazirle-gorusde-esas-muzakire-obyekti-tofiq-yaqublu-olub\\\/\"]}]},{\"@type\":\"ImageObject\",\"inLanguage\":\"az\",\"@id\":\"https:\\\/\\\/www.meydan.tv\\\/az\\\/article\\\/seide-qocamanli-nazirle-gorusde-esas-muzakire-obyekti-tofiq-yaqublu-olub\\\/#primaryimage\",\"url\":\"https:\\\/\\\/www.meydan.tv\\\/wp-content\\\/uploads\\\/saida-e1638607020745.jpg\",\"contentUrl\":\"https:\\\/\\\/www.meydan.tv\\\/wp-content\\\/uploads\\\/saida-e1638607020745.jpg\",\"width\":1200,\"height\":405,\"caption\":\"S\u0259id\u0259 Qocamanl\u0131, Foto: S\u0259id\u0259 Qocamanl\u0131n\u0131n \u015f\u0259xsi arxivind\u0259n\"},{\"@type\":\"BreadcrumbList\",\"@id\":\"https:\\\/\\\/www.meydan.tv\\\/az\\\/article\\\/seide-qocamanli-nazirle-gorusde-esas-muzakire-obyekti-tofiq-yaqublu-olub\\\/#breadcrumb\",\"itemListElement\":[{\"@type\":\"ListItem\",\"position\":1,\"name\":\"Ana s\u0259hif\u0259\",\"item\":\"https:\\\/\\\/www.meydan.tv\\\/az\\\/\"},{\"@type\":\"ListItem\",\"position\":2,\"name\":\"Siyas\u0259t\",\"item\":\"https:\\\/\\\/www.meydan.tv\\\/az\\\/section\\\/siyaset\\\/\"},{\"@type\":\"ListItem\",\"position\":3,\"name\":\"S\u0259id\u0259 Qocamanl\u0131: Nazirl\u0259 g\u00f6r\u00fc\u015fd\u0259 \u0259sas m\u00fczakir\u0259 obyekti Tofiq Yaqublu olub\"}]},{\"@type\":\"WebSite\",\"@id\":\"https:\\\/\\\/www.meydan.tv\\\/az\\\/#website\",\"url\":\"https:\\\/\\\/www.meydan.tv\\\/az\\\/\",\"name\":\"MEYDAN.TV\",\"description\":\"Meydan TV Az\u0259rbaycan\u0131n media m\u0259kan\u0131ndak\u0131 alternativ s\u0259sidir\",\"publisher\":{\"@id\":\"https:\\\/\\\/www.meydan.tv\\\/az\\\/#organization\"},\"potentialAction\":[{\"@type\":\"SearchAction\",\"target\":{\"@type\":\"EntryPoint\",\"urlTemplate\":\"https:\\\/\\\/www.meydan.tv\\\/az\\\/?s={search_term_string}\"},\"query-input\":{\"@type\":\"PropertyValueSpecification\",\"valueRequired\":true,\"valueName\":\"search_term_string\"}}],\"inLanguage\":\"az\"},{\"@type\":\"Organization\",\"@id\":\"https:\\\/\\\/www.meydan.tv\\\/az\\\/#organization\",\"name\":\"Meydan TV\",\"url\":\"https:\\\/\\\/www.meydan.tv\\\/az\\\/\",\"logo\":{\"@type\":\"ImageObject\",\"inLanguage\":\"az\",\"@id\":\"https:\\\/\\\/www.meydan.tv\\\/az\\\/#\\\/schema\\\/logo\\\/image\\\/\",\"url\":\"https:\\\/\\\/www.meydan.tv\\\/wp-content\\\/uploads\\\/2021\\\/07\\\/meydan-logo.svg\",\"contentUrl\":\"https:\\\/\\\/www.meydan.tv\\\/wp-content\\\/uploads\\\/2021\\\/07\\\/meydan-logo.svg\",\"width\":195,\"height\":46,\"caption\":\"Meydan TV\"},\"image\":{\"@id\":\"https:\\\/\\\/www.meydan.tv\\\/az\\\/#\\\/schema\\\/logo\\\/image\\\/\"}},{\"@type\":\"Person\",\"@id\":\"https:\\\/\\\/www.meydan.tv\\\/az\\\/#\\\/schema\\\/person\\\/9cdbecf90d17180ce1dfbd95b08dcf47\",\"name\":\"elli\",\"sameAs\":[\"https:\\\/\\\/x.com\\\/elli\"]}]}<\/script>\n<!-- \/ Yoast SEO plugin. -->","yoast_head_json":{"title":"S\u0259id\u0259 Qocamanl\u0131: Nazirl\u0259 g\u00f6r\u00fc\u015fd\u0259 \u0259sas m\u00fczakir\u0259 obyekti Tofiq Yaqublu olub - MEYDAN.TV","robots":{"index":"index","follow":"follow","max-snippet":"max-snippet:-1","max-image-preview":"max-image-preview:large","max-video-preview":"max-video-preview:-1"},"canonical":"https:\/\/www.meydan.tv\/az\/article\/seide-qocamanli-nazirle-gorusde-esas-muzakire-obyekti-tofiq-yaqublu-olub\/","og_locale":"az_AZ","og_type":"article","og_title":"S\u0259id\u0259 Qocamanl\u0131: Nazirl\u0259 g\u00f6r\u00fc\u015fd\u0259 \u0259sas m\u00fczakir\u0259 obyekti Tofiq Yaqublu olub - MEYDAN.TV","og_description":"H\u00fcquq m\u00fcdafi\u0259\u00e7il\u0259ri Vilay\u0259t Eyvazovla g\u00f6r\u00fc\u015f\u00fcb Az\u0259rbaycan H\u00fcquq M\u00fcdafi\u0259 T\u0259\u015fkilatlar\u0131 Monitorinq ... Davam\u0131","og_url":"https:\/\/www.meydan.tv\/az\/article\/seide-qocamanli-nazirle-gorusde-esas-muzakire-obyekti-tofiq-yaqublu-olub\/","og_site_name":"MEYDAN.TV","article_published_time":"2021-12-04T08:38:22+00:00","article_modified_time":"2021-12-04T08:38:24+00:00","og_image":[{"width":1200,"height":405,"url":"https:\/\/www.meydan.tv\/wp-content\/uploads\/saida-e1638607020745.jpg","type":"image\/jpeg"}],"author":"elli","twitter_card":"summary_large_image","twitter_creator":"@elli","schema":{"@context":"https:\/\/schema.org","@graph":[{"@type":"Article","@id":"https:\/\/www.meydan.tv\/az\/article\/seide-qocamanli-nazirle-gorusde-esas-muzakire-obyekti-tofiq-yaqublu-olub\/#article","isPartOf":{"@id":"https:\/\/www.meydan.tv\/az\/article\/seide-qocamanli-nazirle-gorusde-esas-muzakire-obyekti-tofiq-yaqublu-olub\/"},"author":{"name":"elli","@id":"https:\/\/www.meydan.tv\/az\/#\/schema\/person\/9cdbecf90d17180ce1dfbd95b08dcf47"},"headline":"S\u0259id\u0259 Qocamanl\u0131: Nazirl\u0259 g\u00f6r\u00fc\u015fd\u0259 \u0259sas m\u00fczakir\u0259 obyekti Tofiq Yaqublu olub","datePublished":"2021-12-04T08:38:22+00:00","dateModified":"2021-12-04T08:38:24+00:00","mainEntityOfPage":{"@id":"https:\/\/www.meydan.tv\/az\/article\/seide-qocamanli-nazirle-gorusde-esas-muzakire-obyekti-tofiq-yaqublu-olub\/"},"wordCount":592,"publisher":{"@id":"https:\/\/www.meydan.tv\/az\/#organization"},"image":{"@id":"https:\/\/www.meydan.tv\/az\/article\/seide-qocamanli-nazirle-gorusde-esas-muzakire-obyekti-tofiq-yaqublu-olub\/#primaryimage"},"thumbnailUrl":"https:\/\/www.meydan.tv\/wp-content\/uploads\/saida-e1638607020745.jpg","articleSection":["Siyas\u0259t","T\u00f6vsiy\u0259","X\u0259b\u0259rl\u0259r"],"inLanguage":"az"},{"@type":"WebPage","@id":"https:\/\/www.meydan.tv\/az\/article\/seide-qocamanli-nazirle-gorusde-esas-muzakire-obyekti-tofiq-yaqublu-olub\/","url":"https:\/\/www.meydan.tv\/az\/article\/seide-qocamanli-nazirle-gorusde-esas-muzakire-obyekti-tofiq-yaqublu-olub\/","name":"S\u0259id\u0259 Qocamanl\u0131: Nazirl\u0259 g\u00f6r\u00fc\u015fd\u0259 \u0259sas m\u00fczakir\u0259 obyekti Tofiq Yaqublu olub - MEYDAN.TV","isPartOf":{"@id":"https:\/\/www.meydan.tv\/az\/#website"},"primaryImageOfPage":{"@id":"https:\/\/www.meydan.tv\/az\/article\/seide-qocamanli-nazirle-gorusde-esas-muzakire-obyekti-tofiq-yaqublu-olub\/#primaryimage"},"image":{"@id":"https:\/\/www.meydan.tv\/az\/article\/seide-qocamanli-nazirle-gorusde-esas-muzakire-obyekti-tofiq-yaqublu-olub\/#primaryimage"},"thumbnailUrl":"https:\/\/www.meydan.tv\/wp-content\/uploads\/saida-e1638607020745.jpg","datePublished":"2021-12-04T08:38:22+00:00","dateModified":"2021-12-04T08:38:24+00:00","breadcrumb":{"@id":"https:\/\/www.meydan.tv\/az\/article\/seide-qocamanli-nazirle-gorusde-esas-muzakire-obyekti-tofiq-yaqublu-olub\/#breadcrumb"},"inLanguage":"az","potentialAction":[{"@type":"ReadAction","target":["https:\/\/www.meydan.tv\/az\/article\/seide-qocamanli-nazirle-gorusde-esas-muzakire-obyekti-tofiq-yaqublu-olub\/"]}]},{"@type":"ImageObject","inLanguage":"az","@id":"https:\/\/www.meydan.tv\/az\/article\/seide-qocamanli-nazirle-gorusde-esas-muzakire-obyekti-tofiq-yaqublu-olub\/#primaryimage","url":"https:\/\/www.meydan.tv\/wp-content\/uploads\/saida-e1638607020745.jpg","contentUrl":"https:\/\/www.meydan.tv\/wp-content\/uploads\/saida-e1638607020745.jpg","width":1200,"height":405,"caption":"S\u0259id\u0259 Qocamanl\u0131, Foto: S\u0259id\u0259 Qocamanl\u0131n\u0131n \u015f\u0259xsi arxivind\u0259n"},{"@type":"BreadcrumbList","@id":"https:\/\/www.meydan.tv\/az\/article\/seide-qocamanli-nazirle-gorusde-esas-muzakire-obyekti-tofiq-yaqublu-olub\/#breadcrumb","itemListElement":[{"@type":"ListItem","position":1,"name":"Ana s\u0259hif\u0259","item":"https:\/\/www.meydan.tv\/az\/"},{"@type":"ListItem","position":2,"name":"Siyas\u0259t","item":"https:\/\/www.meydan.tv\/az\/section\/siyaset\/"},{"@type":"ListItem","position":3,"name":"S\u0259id\u0259 Qocamanl\u0131: Nazirl\u0259 g\u00f6r\u00fc\u015fd\u0259 \u0259sas m\u00fczakir\u0259 obyekti Tofiq Yaqublu olub"}]},{"@type":"WebSite","@id":"https:\/\/www.meydan.tv\/az\/#website","url":"https:\/\/www.meydan.tv\/az\/","name":"MEYDAN.TV","description":"Meydan TV Az\u0259rbaycan\u0131n media m\u0259kan\u0131ndak\u0131 alternativ s\u0259sidir","publisher":{"@id":"https:\/\/www.meydan.tv\/az\/#organization"},"potentialAction":[{"@type":"SearchAction","target":{"@type":"EntryPoint","urlTemplate":"https:\/\/www.meydan.tv\/az\/?s={search_term_string}"},"query-input":{"@type":"PropertyValueSpecification","valueRequired":true,"valueName":"search_term_string"}}],"inLanguage":"az"},{"@type":"Organization","@id":"https:\/\/www.meydan.tv\/az\/#organization","name":"Meydan TV","url":"https:\/\/www.meydan.tv\/az\/","logo":{"@type":"ImageObject","inLanguage":"az","@id":"https:\/\/www.meydan.tv\/az\/#\/schema\/logo\/image\/","url":"https:\/\/www.meydan.tv\/wp-content\/uploads\/2021\/07\/meydan-logo.svg","contentUrl":"https:\/\/www.meydan.tv\/wp-content\/uploads\/2021\/07\/meydan-logo.svg","width":195,"height":46,"caption":"Meydan TV"},"image":{"@id":"https:\/\/www.meydan.tv\/az\/#\/schema\/logo\/image\/"}},{"@type":"Person","@id":"https:\/\/www.meydan.tv\/az\/#\/schema\/person\/9cdbecf90d17180ce1dfbd95b08dcf47","name":"elli","sameAs":["https:\/\/x.com\/elli"]}]}},"_links":{"self":[{"href":"https:\/\/www.meydan.tv\/az\/wp-json\/wp\/v2\/posts\/228463","targetHints":{"allow":["GET"]}}],"collection":[{"href":"https:\/\/www.meydan.tv\/az\/wp-json\/wp\/v2\/posts"}],"about":[{"href":"https:\/\/www.meydan.tv\/az\/wp-json\/wp\/v2\/types\/post"}],"author":[{"embeddable":true,"href":"https:\/\/www.meydan.tv\/az\/wp-json\/wp\/v2\/users\/8"}],"replies":[{"embeddable":true,"href":"https:\/\/www.meydan.tv\/az\/wp-json\/wp\/v2\/comments?post=228463"}],"version-history":[{"count":1,"href":"https:\/\/www.meydan.tv\/az\/wp-json\/wp\/v2\/posts\/228463\/revisions"}],"predecessor-version":[{"id":228467,"href":"https:\/\/www.meydan.tv\/az\/wp-json\/wp\/v2\/posts\/228463\/revisions\/228467"}],"wp:featuredmedia":[{"embeddable":true,"href":"https:\/\/www.meydan.tv\/az\/wp-json\/wp\/v2\/media\/228464"}],"wp:attachment":[{"href":"https:\/\/www.meydan.tv\/az\/wp-json\/wp\/v2\/media?parent=228463"}],"wp:term":[{"taxonomy":"category","embeddable":true,"href":"https:\/\/www.meydan.tv\/az\/wp-json\/wp\/v2\/categories?post=228463"},{"taxonomy":"post_tag","embeddable":true,"href":"https:\/\/www.meydan.tv\/az\/wp-json\/wp\/v2\/tags?post=228463"}],"curies":[{"name":"wp","href":"https:\/\/api.w.org\/{rel}","templated":true}]}}