{"id":228404,"date":"2021-12-03T15:45:43","date_gmt":"2021-12-03T11:45:43","guid":{"rendered":"https:\/\/www.meydan.tv\/?p=228404"},"modified":"2021-12-03T15:45:44","modified_gmt":"2021-12-03T11:45:44","slug":"yasayis-minimumu-14-manat-sosial-yardimin-ehtiyac-meyari-ise-30-manat-artirilir","status":"publish","type":"post","link":"https:\/\/www.meydan.tv\/az\/article\/yasayis-minimumu-14-manat-sosial-yardimin-ehtiyac-meyari-ise-30-manat-artirilir\/","title":{"rendered":"Ya\u015fay\u0131\u015f minimumu 14 manat , sosial yard\u0131m\u0131n ehtiyac meyar\u0131 is\u0259 30 manat art\u0131r\u0131l\u0131r"},"content":{"rendered":"\n<p><em>Ka\u011f\u0131z v\u0259 kitaba g\u00f6r\u0259 \u018fDV l\u0259\u011fv olunur<br><\/em><\/p>\n\n\n\n<p>Dekabr\u0131n 3-d\u0259 Milli M\u0259clisin n\u00f6vb\u0259ti plenar iclas\u0131nda \u201c2022-ci il \u00fc\u00e7\u00fcn ya\u015fay\u0131\u015f minimumu haqq\u0131nda\u201d v\u0259 \u201c2022-ci il \u00fc\u00e7\u00fcn ehtiyac meyar\u0131n\u0131n h\u0259ddi haqq\u0131nda\u201d qanunlara d\u0259yi\u015flik edilib.<br><\/p>\n\n\n\n<p>\u201c2022-ci il \u00fc\u00e7\u00fcn ya\u015fay\u0131\u015f minimumu haqq\u0131nda\u201d qanun layih\u0259sin\u0259 edil\u0259n d\u0259yi\u015fikliy\u0259 \u0259sas\u0259n, g\u0259l\u0259n il \u00fc\u00e7\u00fcn ya\u015fay\u0131\u015f minimumu \u00f6lk\u0259 \u00fczr\u0259 210 manat, \u0259m\u0259k qabiliyy\u0259tli \u0259hali \u00fc\u00e7\u00fcn 220 manat, pensiya\u00e7\u0131lar \u00fc\u00e7\u00fcn 176 manat, u\u015faqlar \u00fc\u00e7\u00fcn 193 manat m\u0259bl\u0259\u011find\u0259 m\u00fc\u0259yy\u0259n olunub.<br><\/p>\n\n\n\n<p>2021-ci il \u00fc\u00e7\u00fcn ya\u015fay\u0131\u015f minimumu \u00f6lk\u0259 \u00fczr\u0259 196 manat, \u0259m\u0259k qabiliyy\u0259tli \u0259hali \u00fc\u00e7\u00fcn 207 manat, pensiya\u00e7\u0131lar \u00fc\u00e7\u00fcn 162 manat, u\u015faqlar \u00fc\u00e7\u00fcn 175 manat idi.<br><\/p>\n\n\n\n<p>Bu o dem\u0259kdir ki, \u00f6t\u0259n ill\u0259 m\u00fcqayis\u0259d\u0259 ya\u015fay\u0131\u015f minimumunda 14 manat, pensiyalarda 13 manat art\u0131m n\u0259z\u0259rd\u0259 tutulub.<br><\/p>\n\n\n\n<p>\u201c2022-ci il \u00fc\u00e7\u00fcn ehtiyac meyar\u0131n\u0131n h\u0259ddi haqq\u0131nda\u201d qanun layih\u0259sind\u0259 edil\u0259n d\u0259yi\u015fikliy\u0259 \u0259sas\u0259n, \u00fcnvanl\u0131 d\u00f6vl\u0259t sosial yard\u0131m\u0131n\u0131n t\u0259yin edilm\u0259si \u00fc\u00e7\u00fcn ehtiyac meyar\u0131n\u0131n h\u0259ddi 200 manat m\u0259bl\u0259\u011find\u0259 t\u0259sdiq edilib.<br><\/p>\n\n\n\n<p>2021-ci il \u00fc\u00e7\u00fcn ehtiyac meyar\u0131n\u0131n h\u0259ddi 170 manat olub.<br><\/p>\n\n\n\n<p><strong>Ka\u011f\u0131z v\u0259 kitab \u018fDV-d\u0259n azad olunub<br><\/strong><\/p>\n\n\n\n<p>D\u0259yi\u015fikliy\u0259 \u0259sas\u0259n, siyah\u0131s\u0131 m\u00fcvafiq icra hakimiyy\u0259ti orqan\u0131n\u0131n m\u00fc\u0259yy\u0259n etdiyi orqan (qurum) t\u0259r\u0259find\u0259n t\u0259sdiql\u0259n\u0259nn k\u00fctl\u0259vi informasiya vasit\u0259l\u0259ri m\u0259hsullar\u0131n\u0131n v\u0259 kitablar\u0131n, habel\u0259 d\u0259rslik komplektl\u0259rinin idxal\u0131 v\u0259 sat\u0131\u015f\u0131, h\u0259min mallar\u0131n istehsal\u0131 il\u0259 ba\u011fl\u0131 rulon v\u0259 ya v\u0259r\u0259q\u0259 \u015f\u0259klind\u0259 ka\u011f\u0131z\u0131n idxal\u0131 v\u0259 sat\u0131\u015f\u0131, m\u0259tbu k\u00fctl\u0259vi informasiya vasit\u0259l\u0259ri m\u0259hsullar\u0131n\u0131n v\u0259 kitablar\u0131n, o c\u00fcml\u0259d\u0259n elektron kitablar\u0131n, habel\u0259 d\u0259rslik komplektl\u0259rinin istehsal\u0131 il\u0259 ba\u011fl\u0131 redaksiya, n\u0259\u015friyyat v\u0259 poliqrafiya f\u0259aliyy\u0259tind\u0259n (reklam xidm\u0259tl\u0259ri istisna olmaqla) \u018fDV tutulmayacaq.<br><\/p>\n\n\n\n<div class=\"wp-block-image\"><figure class=\"alignleft size-full is-resized\"><img decoding=\"async\" data-src=\"https:\/\/www.meydan.tv\/wp-content\/uploads\/trend_kitab_011021_24.jpg\" alt=\"\" class=\"wp-image-228397 lazyload\" width=\"458\" height=\"305\" src=\"data:image\/svg+xml;base64,PHN2ZyB3aWR0aD0iMSIgaGVpZ2h0PSIxIiB4bWxucz0iaHR0cDovL3d3dy53My5vcmcvMjAwMC9zdmciPjwvc3ZnPg==\" style=\"--smush-placeholder-width: 458px; --smush-placeholder-aspect-ratio: 458\/305;\" \/><figcaption>Foto: Tren.az<\/figcaption><\/figure><\/div>\n\n\n\n<p>Haz\u0131rda \u018fDV d\u0259y\u0259ri 18 faiz t\u0259\u015fkil edir.<br><\/p>\n\n\n\n<p>Az\u0259rbaycana g\u0259tiril\u0259n kitablara g\u00f6r\u0259 7 faiz g\u00f6mr\u00fck r\u00fcsumu tutulur.<br><\/p>\n\n\n\n<p><\/p>\n\n\n\n<p><\/p>\n\n\n\n<p><\/p>\n\n\n\n<p><strong>Hibrid ma\u015f\u0131nlara g\u00f6r\u0259 vergi \u00f6d\u0259nilm\u0259y\u0259c\u0259k<\/strong><br><\/p>\n\n\n\n<p>Vergi M\u0259c\u0259ll\u0259sin\u0259 edil\u0259n dig\u0259r d\u0259yi\u015fikliy\u0259 \u0259sas\u0259n, istehsal tarixi 3 ild\u0259n v\u0259 m\u00fch\u0259rrikinin h\u0259cmi 2 500 kubsantimetrd\u0259n \u00e7ox olmayan hibrid avtomobill\u0259rin Az\u0259rbaycana idxal\u0131 v\u0259 sat\u0131\u015f\u0131 &#8211; 2022-ci il yanvar\u0131n 1-d\u0259n 3 il m\u00fcdd\u0259tin\u0259 vergi \u00f6d\u0259m\u0259kd\u0259n azad edil\u0259c\u0259k.<\/p>\n","protected":false},"excerpt":{"rendered":"<p>Ka\u011f\u0131z v\u0259 kitaba g\u00f6r\u0259 \u018fDV l\u0259\u011fv olunur Dekabr\u0131n 3-d\u0259 Milli &#8230; <\/p>\n<p class=\"read-more-container\"><a title=\"Ya\u015fay\u0131\u015f minimumu 14 manat , sosial yard\u0131m\u0131n ehtiyac meyar\u0131 is\u0259 30 manat art\u0131r\u0131l\u0131r\" class=\"read-more button\" href=\"https:\/\/www.meydan.tv\/az\/article\/yasayis-minimumu-14-manat-sosial-yardimin-ehtiyac-meyari-ise-30-manat-artirilir\/#more-228404\" aria-label=\"Read more about Ya\u015fay\u0131\u015f minimumu 14 manat , sosial yard\u0131m\u0131n ehtiyac meyar\u0131 is\u0259 30 manat art\u0131r\u0131l\u0131r\">Davam\u0131<\/a><\/p>\n","protected":false},"author":8,"featured_media":228401,"comment_status":"closed","ping_status":"closed","sticky":false,"template":"","format":"standard","meta":{"_acf_changed":false,"_sitemap_exclude":false,"_sitemap_priority":"","_sitemap_frequency":"","footnotes":""},"categories":[53,79,56],"tags":[],"class_list":["post-228404","post","type-post","status-publish","format-standard","has-post-thumbnail","hentry","category-iqtisadiyyat","category-featured","category-xeberler","infinite-scroll-item","generate-columns","tablet-grid-50","mobile-grid-100","grid-parent","grid-33","no-featured-image-padding"],"acf":[],"yoast_head":"<!-- This site is optimized with the Yoast SEO plugin v27.4 - https:\/\/yoast.com\/product\/yoast-seo-wordpress\/ -->\n<title>Ya\u015fay\u0131\u015f minimumu 14 manat , sosial yard\u0131m\u0131n ehtiyac meyar\u0131 is\u0259 30 manat art\u0131r\u0131l\u0131r - MEYDAN.TV<\/title>\n<meta name=\"robots\" content=\"index, follow, max-snippet:-1, max-image-preview:large, max-video-preview:-1\" \/>\n<link rel=\"canonical\" href=\"https:\/\/www.meydan.tv\/az\/article\/yasayis-minimumu-14-manat-sosial-yardimin-ehtiyac-meyari-ise-30-manat-artirilir\/\" \/>\n<meta property=\"og:locale\" content=\"az_AZ\" \/>\n<meta property=\"og:type\" content=\"article\" \/>\n<meta property=\"og:title\" content=\"Ya\u015fay\u0131\u015f minimumu 14 manat , sosial yard\u0131m\u0131n ehtiyac meyar\u0131 is\u0259 30 manat art\u0131r\u0131l\u0131r - MEYDAN.TV\" \/>\n<meta property=\"og:description\" content=\"Ka\u011f\u0131z v\u0259 kitaba g\u00f6r\u0259 \u018fDV l\u0259\u011fv olunur Dekabr\u0131n 3-d\u0259 Milli ... Davam\u0131\" \/>\n<meta property=\"og:url\" content=\"https:\/\/www.meydan.tv\/az\/article\/yasayis-minimumu-14-manat-sosial-yardimin-ehtiyac-meyari-ise-30-manat-artirilir\/\" \/>\n<meta property=\"og:site_name\" content=\"MEYDAN.TV\" \/>\n<meta property=\"article:published_time\" content=\"2021-12-03T11:45:43+00:00\" \/>\n<meta property=\"article:modified_time\" content=\"2021-12-03T11:45:44+00:00\" \/>\n<meta property=\"og:image\" content=\"https:\/\/www.meydan.tv\/wp-content\/uploads\/shutterstock_787813651.jpg\" \/>\n\t<meta property=\"og:image:width\" content=\"1200\" \/>\n\t<meta property=\"og:image:height\" content=\"800\" \/>\n\t<meta property=\"og:image:type\" content=\"image\/jpeg\" \/>\n<meta name=\"author\" content=\"elli\" \/>\n<meta name=\"twitter:card\" content=\"summary_large_image\" \/>\n<meta name=\"twitter:creator\" content=\"@elli\" \/>\n<script type=\"application\/ld+json\" class=\"yoast-schema-graph\">{\"@context\":\"https:\\\/\\\/schema.org\",\"@graph\":[{\"@type\":\"Article\",\"@id\":\"https:\\\/\\\/www.meydan.tv\\\/az\\\/article\\\/yasayis-minimumu-14-manat-sosial-yardimin-ehtiyac-meyari-ise-30-manat-artirilir\\\/#article\",\"isPartOf\":{\"@id\":\"https:\\\/\\\/www.meydan.tv\\\/az\\\/article\\\/yasayis-minimumu-14-manat-sosial-yardimin-ehtiyac-meyari-ise-30-manat-artirilir\\\/\"},\"author\":{\"name\":\"elli\",\"@id\":\"https:\\\/\\\/www.meydan.tv\\\/az\\\/#\\\/schema\\\/person\\\/9cdbecf90d17180ce1dfbd95b08dcf47\"},\"headline\":\"Ya\u015fay\u0131\u015f minimumu 14 manat , sosial yard\u0131m\u0131n ehtiyac meyar\u0131 is\u0259 30 manat art\u0131r\u0131l\u0131r\",\"datePublished\":\"2021-12-03T11:45:43+00:00\",\"dateModified\":\"2021-12-03T11:45:44+00:00\",\"mainEntityOfPage\":{\"@id\":\"https:\\\/\\\/www.meydan.tv\\\/az\\\/article\\\/yasayis-minimumu-14-manat-sosial-yardimin-ehtiyac-meyari-ise-30-manat-artirilir\\\/\"},\"wordCount\":446,\"publisher\":{\"@id\":\"https:\\\/\\\/www.meydan.tv\\\/az\\\/#organization\"},\"image\":{\"@id\":\"https:\\\/\\\/www.meydan.tv\\\/az\\\/article\\\/yasayis-minimumu-14-manat-sosial-yardimin-ehtiyac-meyari-ise-30-manat-artirilir\\\/#primaryimage\"},\"thumbnailUrl\":\"https:\\\/\\\/www.meydan.tv\\\/wp-content\\\/uploads\\\/shutterstock_787813651.jpg\",\"articleSection\":[\"\u0130qtisadiyyat\",\"T\u00f6vsiy\u0259\",\"X\u0259b\u0259rl\u0259r\"],\"inLanguage\":\"az\"},{\"@type\":\"WebPage\",\"@id\":\"https:\\\/\\\/www.meydan.tv\\\/az\\\/article\\\/yasayis-minimumu-14-manat-sosial-yardimin-ehtiyac-meyari-ise-30-manat-artirilir\\\/\",\"url\":\"https:\\\/\\\/www.meydan.tv\\\/az\\\/article\\\/yasayis-minimumu-14-manat-sosial-yardimin-ehtiyac-meyari-ise-30-manat-artirilir\\\/\",\"name\":\"Ya\u015fay\u0131\u015f minimumu 14 manat , sosial yard\u0131m\u0131n ehtiyac meyar\u0131 is\u0259 30 manat art\u0131r\u0131l\u0131r - MEYDAN.TV\",\"isPartOf\":{\"@id\":\"https:\\\/\\\/www.meydan.tv\\\/az\\\/#website\"},\"primaryImageOfPage\":{\"@id\":\"https:\\\/\\\/www.meydan.tv\\\/az\\\/article\\\/yasayis-minimumu-14-manat-sosial-yardimin-ehtiyac-meyari-ise-30-manat-artirilir\\\/#primaryimage\"},\"image\":{\"@id\":\"https:\\\/\\\/www.meydan.tv\\\/az\\\/article\\\/yasayis-minimumu-14-manat-sosial-yardimin-ehtiyac-meyari-ise-30-manat-artirilir\\\/#primaryimage\"},\"thumbnailUrl\":\"https:\\\/\\\/www.meydan.tv\\\/wp-content\\\/uploads\\\/shutterstock_787813651.jpg\",\"datePublished\":\"2021-12-03T11:45:43+00:00\",\"dateModified\":\"2021-12-03T11:45:44+00:00\",\"breadcrumb\":{\"@id\":\"https:\\\/\\\/www.meydan.tv\\\/az\\\/article\\\/yasayis-minimumu-14-manat-sosial-yardimin-ehtiyac-meyari-ise-30-manat-artirilir\\\/#breadcrumb\"},\"inLanguage\":\"az\",\"potentialAction\":[{\"@type\":\"ReadAction\",\"target\":[\"https:\\\/\\\/www.meydan.tv\\\/az\\\/article\\\/yasayis-minimumu-14-manat-sosial-yardimin-ehtiyac-meyari-ise-30-manat-artirilir\\\/\"]}]},{\"@type\":\"ImageObject\",\"inLanguage\":\"az\",\"@id\":\"https:\\\/\\\/www.meydan.tv\\\/az\\\/article\\\/yasayis-minimumu-14-manat-sosial-yardimin-ehtiyac-meyari-ise-30-manat-artirilir\\\/#primaryimage\",\"url\":\"https:\\\/\\\/www.meydan.tv\\\/wp-content\\\/uploads\\\/shutterstock_787813651.jpg\",\"contentUrl\":\"https:\\\/\\\/www.meydan.tv\\\/wp-content\\\/uploads\\\/shutterstock_787813651.jpg\",\"width\":1200,\"height\":800,\"caption\":\"Foto: By wangbin6007\\\/Shutterstock\"},{\"@type\":\"BreadcrumbList\",\"@id\":\"https:\\\/\\\/www.meydan.tv\\\/az\\\/article\\\/yasayis-minimumu-14-manat-sosial-yardimin-ehtiyac-meyari-ise-30-manat-artirilir\\\/#breadcrumb\",\"itemListElement\":[{\"@type\":\"ListItem\",\"position\":1,\"name\":\"Ana s\u0259hif\u0259\",\"item\":\"https:\\\/\\\/www.meydan.tv\\\/az\\\/\"},{\"@type\":\"ListItem\",\"position\":2,\"name\":\"\u0130qtisadiyyat\",\"item\":\"https:\\\/\\\/www.meydan.tv\\\/az\\\/section\\\/iqtisadiyyat\\\/\"},{\"@type\":\"ListItem\",\"position\":3,\"name\":\"Ya\u015fay\u0131\u015f minimumu 14 manat , sosial yard\u0131m\u0131n ehtiyac meyar\u0131 is\u0259 30 manat art\u0131r\u0131l\u0131r\"}]},{\"@type\":\"WebSite\",\"@id\":\"https:\\\/\\\/www.meydan.tv\\\/az\\\/#website\",\"url\":\"https:\\\/\\\/www.meydan.tv\\\/az\\\/\",\"name\":\"MEYDAN.TV\",\"description\":\"Meydan TV Az\u0259rbaycan\u0131n media m\u0259kan\u0131ndak\u0131 alternativ s\u0259sidir\",\"publisher\":{\"@id\":\"https:\\\/\\\/www.meydan.tv\\\/az\\\/#organization\"},\"potentialAction\":[{\"@type\":\"SearchAction\",\"target\":{\"@type\":\"EntryPoint\",\"urlTemplate\":\"https:\\\/\\\/www.meydan.tv\\\/az\\\/?s={search_term_string}\"},\"query-input\":{\"@type\":\"PropertyValueSpecification\",\"valueRequired\":true,\"valueName\":\"search_term_string\"}}],\"inLanguage\":\"az\"},{\"@type\":\"Organization\",\"@id\":\"https:\\\/\\\/www.meydan.tv\\\/az\\\/#organization\",\"name\":\"Meydan TV\",\"url\":\"https:\\\/\\\/www.meydan.tv\\\/az\\\/\",\"logo\":{\"@type\":\"ImageObject\",\"inLanguage\":\"az\",\"@id\":\"https:\\\/\\\/www.meydan.tv\\\/az\\\/#\\\/schema\\\/logo\\\/image\\\/\",\"url\":\"https:\\\/\\\/www.meydan.tv\\\/wp-content\\\/uploads\\\/2021\\\/07\\\/meydan-logo.svg\",\"contentUrl\":\"https:\\\/\\\/www.meydan.tv\\\/wp-content\\\/uploads\\\/2021\\\/07\\\/meydan-logo.svg\",\"width\":195,\"height\":46,\"caption\":\"Meydan TV\"},\"image\":{\"@id\":\"https:\\\/\\\/www.meydan.tv\\\/az\\\/#\\\/schema\\\/logo\\\/image\\\/\"}},{\"@type\":\"Person\",\"@id\":\"https:\\\/\\\/www.meydan.tv\\\/az\\\/#\\\/schema\\\/person\\\/9cdbecf90d17180ce1dfbd95b08dcf47\",\"name\":\"elli\",\"sameAs\":[\"https:\\\/\\\/x.com\\\/elli\"]}]}<\/script>\n<!-- \/ Yoast SEO plugin. -->","yoast_head_json":{"title":"Ya\u015fay\u0131\u015f minimumu 14 manat , sosial yard\u0131m\u0131n ehtiyac meyar\u0131 is\u0259 30 manat art\u0131r\u0131l\u0131r - MEYDAN.TV","robots":{"index":"index","follow":"follow","max-snippet":"max-snippet:-1","max-image-preview":"max-image-preview:large","max-video-preview":"max-video-preview:-1"},"canonical":"https:\/\/www.meydan.tv\/az\/article\/yasayis-minimumu-14-manat-sosial-yardimin-ehtiyac-meyari-ise-30-manat-artirilir\/","og_locale":"az_AZ","og_type":"article","og_title":"Ya\u015fay\u0131\u015f minimumu 14 manat , sosial yard\u0131m\u0131n ehtiyac meyar\u0131 is\u0259 30 manat art\u0131r\u0131l\u0131r - MEYDAN.TV","og_description":"Ka\u011f\u0131z v\u0259 kitaba g\u00f6r\u0259 \u018fDV l\u0259\u011fv olunur Dekabr\u0131n 3-d\u0259 Milli ... Davam\u0131","og_url":"https:\/\/www.meydan.tv\/az\/article\/yasayis-minimumu-14-manat-sosial-yardimin-ehtiyac-meyari-ise-30-manat-artirilir\/","og_site_name":"MEYDAN.TV","article_published_time":"2021-12-03T11:45:43+00:00","article_modified_time":"2021-12-03T11:45:44+00:00","og_image":[{"width":1200,"height":800,"url":"https:\/\/www.meydan.tv\/wp-content\/uploads\/shutterstock_787813651.jpg","type":"image\/jpeg"}],"author":"elli","twitter_card":"summary_large_image","twitter_creator":"@elli","schema":{"@context":"https:\/\/schema.org","@graph":[{"@type":"Article","@id":"https:\/\/www.meydan.tv\/az\/article\/yasayis-minimumu-14-manat-sosial-yardimin-ehtiyac-meyari-ise-30-manat-artirilir\/#article","isPartOf":{"@id":"https:\/\/www.meydan.tv\/az\/article\/yasayis-minimumu-14-manat-sosial-yardimin-ehtiyac-meyari-ise-30-manat-artirilir\/"},"author":{"name":"elli","@id":"https:\/\/www.meydan.tv\/az\/#\/schema\/person\/9cdbecf90d17180ce1dfbd95b08dcf47"},"headline":"Ya\u015fay\u0131\u015f minimumu 14 manat , sosial yard\u0131m\u0131n ehtiyac meyar\u0131 is\u0259 30 manat art\u0131r\u0131l\u0131r","datePublished":"2021-12-03T11:45:43+00:00","dateModified":"2021-12-03T11:45:44+00:00","mainEntityOfPage":{"@id":"https:\/\/www.meydan.tv\/az\/article\/yasayis-minimumu-14-manat-sosial-yardimin-ehtiyac-meyari-ise-30-manat-artirilir\/"},"wordCount":446,"publisher":{"@id":"https:\/\/www.meydan.tv\/az\/#organization"},"image":{"@id":"https:\/\/www.meydan.tv\/az\/article\/yasayis-minimumu-14-manat-sosial-yardimin-ehtiyac-meyari-ise-30-manat-artirilir\/#primaryimage"},"thumbnailUrl":"https:\/\/www.meydan.tv\/wp-content\/uploads\/shutterstock_787813651.jpg","articleSection":["\u0130qtisadiyyat","T\u00f6vsiy\u0259","X\u0259b\u0259rl\u0259r"],"inLanguage":"az"},{"@type":"WebPage","@id":"https:\/\/www.meydan.tv\/az\/article\/yasayis-minimumu-14-manat-sosial-yardimin-ehtiyac-meyari-ise-30-manat-artirilir\/","url":"https:\/\/www.meydan.tv\/az\/article\/yasayis-minimumu-14-manat-sosial-yardimin-ehtiyac-meyari-ise-30-manat-artirilir\/","name":"Ya\u015fay\u0131\u015f minimumu 14 manat , sosial yard\u0131m\u0131n ehtiyac meyar\u0131 is\u0259 30 manat art\u0131r\u0131l\u0131r - MEYDAN.TV","isPartOf":{"@id":"https:\/\/www.meydan.tv\/az\/#website"},"primaryImageOfPage":{"@id":"https:\/\/www.meydan.tv\/az\/article\/yasayis-minimumu-14-manat-sosial-yardimin-ehtiyac-meyari-ise-30-manat-artirilir\/#primaryimage"},"image":{"@id":"https:\/\/www.meydan.tv\/az\/article\/yasayis-minimumu-14-manat-sosial-yardimin-ehtiyac-meyari-ise-30-manat-artirilir\/#primaryimage"},"thumbnailUrl":"https:\/\/www.meydan.tv\/wp-content\/uploads\/shutterstock_787813651.jpg","datePublished":"2021-12-03T11:45:43+00:00","dateModified":"2021-12-03T11:45:44+00:00","breadcrumb":{"@id":"https:\/\/www.meydan.tv\/az\/article\/yasayis-minimumu-14-manat-sosial-yardimin-ehtiyac-meyari-ise-30-manat-artirilir\/#breadcrumb"},"inLanguage":"az","potentialAction":[{"@type":"ReadAction","target":["https:\/\/www.meydan.tv\/az\/article\/yasayis-minimumu-14-manat-sosial-yardimin-ehtiyac-meyari-ise-30-manat-artirilir\/"]}]},{"@type":"ImageObject","inLanguage":"az","@id":"https:\/\/www.meydan.tv\/az\/article\/yasayis-minimumu-14-manat-sosial-yardimin-ehtiyac-meyari-ise-30-manat-artirilir\/#primaryimage","url":"https:\/\/www.meydan.tv\/wp-content\/uploads\/shutterstock_787813651.jpg","contentUrl":"https:\/\/www.meydan.tv\/wp-content\/uploads\/shutterstock_787813651.jpg","width":1200,"height":800,"caption":"Foto: By wangbin6007\/Shutterstock"},{"@type":"BreadcrumbList","@id":"https:\/\/www.meydan.tv\/az\/article\/yasayis-minimumu-14-manat-sosial-yardimin-ehtiyac-meyari-ise-30-manat-artirilir\/#breadcrumb","itemListElement":[{"@type":"ListItem","position":1,"name":"Ana s\u0259hif\u0259","item":"https:\/\/www.meydan.tv\/az\/"},{"@type":"ListItem","position":2,"name":"\u0130qtisadiyyat","item":"https:\/\/www.meydan.tv\/az\/section\/iqtisadiyyat\/"},{"@type":"ListItem","position":3,"name":"Ya\u015fay\u0131\u015f minimumu 14 manat , sosial yard\u0131m\u0131n ehtiyac meyar\u0131 is\u0259 30 manat art\u0131r\u0131l\u0131r"}]},{"@type":"WebSite","@id":"https:\/\/www.meydan.tv\/az\/#website","url":"https:\/\/www.meydan.tv\/az\/","name":"MEYDAN.TV","description":"Meydan TV Az\u0259rbaycan\u0131n media m\u0259kan\u0131ndak\u0131 alternativ s\u0259sidir","publisher":{"@id":"https:\/\/www.meydan.tv\/az\/#organization"},"potentialAction":[{"@type":"SearchAction","target":{"@type":"EntryPoint","urlTemplate":"https:\/\/www.meydan.tv\/az\/?s={search_term_string}"},"query-input":{"@type":"PropertyValueSpecification","valueRequired":true,"valueName":"search_term_string"}}],"inLanguage":"az"},{"@type":"Organization","@id":"https:\/\/www.meydan.tv\/az\/#organization","name":"Meydan TV","url":"https:\/\/www.meydan.tv\/az\/","logo":{"@type":"ImageObject","inLanguage":"az","@id":"https:\/\/www.meydan.tv\/az\/#\/schema\/logo\/image\/","url":"https:\/\/www.meydan.tv\/wp-content\/uploads\/2021\/07\/meydan-logo.svg","contentUrl":"https:\/\/www.meydan.tv\/wp-content\/uploads\/2021\/07\/meydan-logo.svg","width":195,"height":46,"caption":"Meydan TV"},"image":{"@id":"https:\/\/www.meydan.tv\/az\/#\/schema\/logo\/image\/"}},{"@type":"Person","@id":"https:\/\/www.meydan.tv\/az\/#\/schema\/person\/9cdbecf90d17180ce1dfbd95b08dcf47","name":"elli","sameAs":["https:\/\/x.com\/elli"]}]}},"_links":{"self":[{"href":"https:\/\/www.meydan.tv\/az\/wp-json\/wp\/v2\/posts\/228404","targetHints":{"allow":["GET"]}}],"collection":[{"href":"https:\/\/www.meydan.tv\/az\/wp-json\/wp\/v2\/posts"}],"about":[{"href":"https:\/\/www.meydan.tv\/az\/wp-json\/wp\/v2\/types\/post"}],"author":[{"embeddable":true,"href":"https:\/\/www.meydan.tv\/az\/wp-json\/wp\/v2\/users\/8"}],"replies":[{"embeddable":true,"href":"https:\/\/www.meydan.tv\/az\/wp-json\/wp\/v2\/comments?post=228404"}],"version-history":[{"count":2,"href":"https:\/\/www.meydan.tv\/az\/wp-json\/wp\/v2\/posts\/228404\/revisions"}],"predecessor-version":[{"id":228406,"href":"https:\/\/www.meydan.tv\/az\/wp-json\/wp\/v2\/posts\/228404\/revisions\/228406"}],"wp:featuredmedia":[{"embeddable":true,"href":"https:\/\/www.meydan.tv\/az\/wp-json\/wp\/v2\/media\/228401"}],"wp:attachment":[{"href":"https:\/\/www.meydan.tv\/az\/wp-json\/wp\/v2\/media?parent=228404"}],"wp:term":[{"taxonomy":"category","embeddable":true,"href":"https:\/\/www.meydan.tv\/az\/wp-json\/wp\/v2\/categories?post=228404"},{"taxonomy":"post_tag","embeddable":true,"href":"https:\/\/www.meydan.tv\/az\/wp-json\/wp\/v2\/tags?post=228404"}],"curies":[{"name":"wp","href":"https:\/\/api.w.org\/{rel}","templated":true}]}}