{"id":228341,"date":"2021-12-02T17:43:04","date_gmt":"2021-12-02T13:43:04","guid":{"rendered":"https:\/\/www.meydan.tv\/?p=228341"},"modified":"2021-12-06T14:04:55","modified_gmt":"2021-12-06T10:04:55","slug":"ilham-eliyev-edaleti","status":"publish","type":"post","link":"https:\/\/www.meydan.tv\/az\/article\/ilham-eliyev-edaleti\/","title":{"rendered":"\u0130lham \u018fliyev \u0259dal\u0259ti"},"content":{"rendered":"\n<p><em>D\u00f6vl\u0259t \u0259mlak\u0131n\u0131 talayanlara, korrupsionerl\u0259r\u0259 m\u00fcnasib\u0259td\u0259 humanizm i\u015f\u0259 d\u00fc\u015f\u00fcr\u2026<\/em><\/p>\n\n\n\n<p>G\u0259d\u0259b\u0259yin ke\u00e7mi\u015f icra ba\u015f\u00e7\u0131s\u0131, bir vaxtlar v\u0259t\u0259n torpa\u011f\u0131n\u0131n ke\u015fiyind\u0259 dayanan qazi Saleh R\u00fcst\u0259mli qanunsuz h\u0259bsin\u0259 etiraz olaraq ke\u00e7irdiyi acl\u0131q aksiyas\u0131n\u0131 davam etdirir. Su\u00e7u h\u0259r k\u0259s\u0259 b\u0259llidir: Rusiyada qazand\u0131\u011f\u0131 pullardan Az\u0259rbaycanda hakimiyy\u0259tin basq\u0131s\u0131, t\u0259qibi alt\u0131nda olan, t\u00fcrm\u0259l\u0259r\u0259 sal\u0131nan m\u00fcxalif f\u0259allara yard\u0131m edib. Hakimiyy\u0259td\u0259kil\u0259rin d\u00fc\u015f\u00fcnc\u0259sin\u0259 g\u00f6r\u0259, bel\u0259 m\u00fcxalif m\u00f6vqeli f\u0259allar v\u0259 onlar\u0131n ail\u0259l\u0259ri daim t\u0259zyiq alt\u0131nda olmal\u0131, acl\u0131q v\u0259 s\u0259fal\u0259t i\u00e7ind\u0259 ya\u015famal\u0131d\u0131rlar. Kims\u0259 \u00f6z halal qazanc\u0131ndan bel\u0259 onlara yard\u0131m etm\u0259m\u0259lidir. Saleh R\u00fcst\u0259mli m\u0259hz xeyirxah \u0259m\u0259lin\u0259 g\u00f6r\u0259 narkotik ittiham\u0131 il\u0259 tutulub, sonradan \u201c\u0259sl cinay\u0259ti\u201d \u00fcz\u0259 \u00e7\u0131x\u0131b v\u0259 o, \u201c\u00e7irkli pul v\u0259saitl\u0259rini leqalla\u015fd\u0131rmaqda\u201d ittiham olunaraq 7 il 3 ayl\u0131q h\u0259bs c\u0259zas\u0131 al\u0131b. Bu ittiham\u0131 ona b\u00fct\u00fcnl\u00fckl\u0259 \u00e7irkab i\u00e7ind\u0259 olanlar, b\u00fcdc\u0259 v\u0259saitini d\u0259d\u0259 mal\u0131 kimi talayanlar verib.<br><\/p>\n\n\n\n<p>Acl\u0131q aksiyas\u0131n\u0131n 27-ci g\u00fcn\u00fcnd\u0259 olan Saleh R\u00fcst\u0259mli il\u0259 ba\u011fl\u0131 son g\u00fcnl\u0259r c\u0259miyy\u0259tin \u0259n m\u00fcxt\u0259lif t\u0259b\u0259q\u0259l\u0259rind\u0259n d\u0259st\u0259k m\u00fcraci\u0259tl\u0259ri g\u0259lir. S\u0259lahiyy\u0259tli qurumlardan v\u0259 \u015f\u0259xsl\u0259rd\u0259n onun azad edilm\u0259si t\u0259l\u0259b olunur. H\u0259r m\u00fcraci\u0259td\u0259 onun v\u0259t\u0259n qar\u015f\u0131s\u0131nda xidm\u0259tl\u0259ri t\u0259krarlan\u0131r, himay\u0259sind\u0259 \u0259lil \u00f6vlad oldu\u011fu vur\u011fulan\u0131r. Ancaq s\u0259lahiyy\u0259t yiy\u0259l\u0259ri h\u0259l\u0259 d\u0259 susur, h\u0259m d\u0259 \u00f6l\u00fcm\u00fcn\u0259 susurlar\u2026<br><\/p>\n\n\n\n<p>Cinay\u0259tkar c\u0259zas\u0131z qalmamal\u0131d\u0131r \u2013 bunu tez-tez e\u015fidirk, ancaq h\u0259r g\u00fcn hans\u0131sa cinay\u0259tkar\u0131n c\u0259zas\u0131z qalmas\u0131na, ya da q\u0131sa m\u00fcdd\u0259td\u0259 h\u0259bsd\u0259n burax\u0131lmas\u0131na \u015fahidlik edirik.<br><\/p>\n\n\n\n<p>Qalmaqall\u0131 \u201cMTN i\u015fi\u201d h\u0259l\u0259 uzun m\u00fcdd\u0259t yadda\u015flardan silinm\u0259y\u0259c\u0259k. \u00d6lk\u0259nin milli t\u0259hl\u00fck\u0259sizliyin\u0259 sorumlu olan bir qurum, s\u0259n dem\u0259, ba\u015fdan-ba\u015fa cinay\u0259tkarlar yuvas\u0131 imi\u015f. Bunu m\u0259hk\u0259m\u0259 prosesl\u0259ri, \u015fahid ifad\u0259l\u0259ri s\u00fcbut el\u0259di. Bu nazirlikd\u0259n 21 n\u0259f\u0259r cinay\u0259t m\u0259suliyy\u0259tin\u0259 c\u0259lb olundu, 25 n\u0259f\u0259r z\u0259r\u0259r\u00e7\u0259kmi\u015f kimi tan\u0131nd\u0131. <\/p>\n\n\n\n<p>Generallar Akif \u00c7ovdarov, S\u00fcbahir Qurbanov, Teymur Quliyev, El\u00e7in Quliyev, Nat\u0259van M\u00fcrv\u0259tova v\u0259 ba\u015fqalar\u0131 cinay\u0259tkar kimi m\u00fchakim\u0259 olundu. 25 n\u0259f\u0259r z\u0259r\u0259r\u00e7\u0259kmi\u015f kimi tan\u0131nd\u0131 v\u0259 onlara vurulan ziyan\u0131n \u00f6d\u0259nilm\u0259si \u00fc\u00e7\u00fcn bu generallara v\u0259 ba\u015fqalar\u0131na m\u0259xsus \u00fcmumilikd\u0259 21 milyon 528 min manat d\u0259y\u0259rind\u0259 \u0259mlak v\u0259 pul v\u0259saitl\u0259rinin, o s\u0131radan 20 milyon 971 min manat d\u0259y\u0259rind\u0259 da\u015f\u0131nmaz \u0259mlak, 272 min manat d\u0259y\u0259rind\u0259 n\u0259qliyyat vasit\u0259l\u0259ri, 42 min manat d\u0259y\u0259rind\u0259 z\u0259rg\u0259rlik v\u0259 ba\u015fqa qiym\u0259tli m\u0259mulatlar, 88 min manat, 88 min AB\u015e dollar\u0131 v\u0259 5 min avro na\u011fd pul v\u0259saitl\u0259ri \u00fcz\u0259rin\u0259 h\u0259bsl\u0259r qoyuldu. Onlara 3 ild\u0259n 12 il\u0259 q\u0259d\u0259r h\u0259bs c\u0259zas\u0131 verildi. Cinay\u0259tin miqyas\u0131 bel\u0259 adam\u0131 d\u0259h\u015f\u0259t\u0259 g\u0259tirir, ancaq h\u0259min adamlar bu g\u00fcn haqq etdikl\u0259ri yerd\u0259 &#8211; t\u00fcrm\u0259d\u0259 yox, azadl\u0131qdad\u0131rlar\u2026<br><\/p>\n\n\n\n<p>Saleh R\u00fcst\u0259mli \u00fc\u00e7\u00fcn istintaq\u0131n d\u00fcz\u00fcb-qo\u015fdu\u011fu ittihamda s\u00f6hb\u0259t 412 min dollardan gedir, ancaq m\u0259hk\u0259m\u0259d\u0259 bu r\u0259q\u0259m d\u0259 if\u015fa olundu, onun etdiyi yard\u0131m\u0131niki il \u0259rzind\u0259 vur-tut 10 min civar\u0131nda oldu\u011fu ortaya \u00e7\u0131xd\u0131. Tutaq ki, Saleh b\u0259y \u015f\u0259xsi v\u0259saitind\u0259n lap 500 min dollar yard\u0131m edib, bunun kim\u0259 n\u0259 isti-soyu\u011fu var? Adam\u0131n z\u0259hm\u0259tl\u0259 qazand\u0131\u011f\u0131 pulun \u00fcz\u0259rind\u0259 s\u0259r\u0259ncam verm\u0259k h\u00fcququ var. Yeri g\u0259lmi\u015fk\u0259n, onun Rusiyada vicdanl\u0131 vergi \u00f6d\u0259yicisi oldu\u011fu da s\u0259n\u0259dl\u0259rl\u0259 s\u00fcbut olundu, y\u0259ni \u00e7irkli pullar ittiham\u0131n\u0131n da saxta oldu\u011fu \u00fcz\u0259 \u00e7\u0131xd\u0131.<br><\/p>\n\n\n\n<p>MTN generalar\u0131 is\u0259 milyonlar\u0131 h\u0259d\u0259-qorxu, i\u015fg\u0259nc\u0259 yoluyla m\u00fcxt\u0259lif adamlardan toplam\u0131\u015fd\u0131lar. M\u0259s\u0259l\u0259n, Akif \u00c7ovdarov Metropolitenin r\u0259hb\u0259ri Ta\u011f\u0131 \u018fhm\u0259dovdan h\u0259d\u0259-qorxu yoluyla 3 milyon manat alm\u0131\u015fd\u0131. Onun h\u0259tta \u015f\u0259xsi izolyatorunun da oldu\u011fu bildirilirdi. Qurbanlar g\u00fcnl\u0259rl\u0259 burada saxlan\u0131l\u0131r, t\u0259l\u0259b olunan m\u0259bl\u0259\u011f \u00fcnvan\u0131na \u00e7atandan sonra azad edilirdi.<br><\/p>\n\n\n\n<p>\u018fsas fiqurlardan olan Akif \u00c7ovdarov 12 il, S\u00fcbahir Qurbanov14 il m\u00fcdd\u0259tin\u0259 azadl\u0131qdan m\u0259hrum edils\u0259l\u0259r d\u0259, 2020-ci ilin aprelind\u0259 onlar azadl\u0131\u011fa \u00e7\u0131xd\u0131; h\u00f6km oxunandan 2 il sonra.<br><\/p>\n\n\n\n<p>Bu c\u00fcr misallar y\u00fczl\u0259rl\u0259dir, d\u00f6vl\u0259t \u0259mlak\u0131n\u0131 talayanlar, b\u00fcdc\u0259 si\u00e7ovullar\u0131, korrupsioner v\u0259 r\u00fc\u015fv\u0259txor m\u0259murlar h\u0259rd\u0259n tutulsalar bel\u0259, az sonra azadl\u0131\u011fa \u00e7\u0131x\u0131rlar, onlara m\u00fcnasib\u0259td\u0259 humanizm i\u015f\u0259 d\u00fc\u015f\u00fcr\u2026<br>Saleh R\u00fcst\u0259mli\u00a0 Ba\u015fk\u0259nd \u0259m\u0259liyyat\u0131n\u0131n r\u0259hb\u0259ri v\u0259 icra\u00e7\u0131s\u0131d\u0131r. Ger\u00e7\u0259k bir q\u0259hr\u0259mand\u0131r. Az\u0259rbaycanda qiyam yoluyla devril\u0259n hakimiyy\u0259tin l\u0259yaq\u0259tli t\u0259msil\u00e7isi olub, \u00e7evrili\u015fd\u0259n sonra papa\u011f\u0131n\u0131 g\u00f6t\u00fcr\u00fcb \u00f6lk\u0259d\u0259n gedib, ancaq \u0259qid\u0259 dostlar\u0131n\u0131, onlar\u0131n ail\u0259l\u0259rini unutmay\u0131b, g\u00fcc\u00fc \u00e7atandan k\u00f6m\u0259k edib. Yegan\u0259 su\u00e7u budur\u2026<br><\/p>\n\n\n\n<p>\u0130lham \u018fliyev m\u00fcsahib\u0259l\u0259rind\u0259, \u00e7\u0131x\u0131\u015flar\u0131nda \u00e7ox vaxt Q\u0259rbi, oradak\u0131 m\u00fcxt\u0259lif qurumlar\u0131 \u0259dal\u0259tsizlikd\u0259 ittiham edir, bu is\u0259 o dem\u0259kdir ki, o, \u0259dal\u0259tin v\u0259 \u0259dal\u0259tsizliyin f\u0259rqind\u0259dir.<br>Saleh R\u00fcst\u0259mli d\u0259 can\u0131ndan art\u0131q sevdiyi v\u0259t\u0259nind\u0259 \u0259dal\u0259tsizliyin qurban\u0131d\u0131r. \u00c7ox q\u0259rib\u0259dir, bu g\u00fcn Az\u0259rbaycanda m\u00fcxalif\u0259tl\u0259 (d\u0131rnaql\u0131 v\u0259 d\u0131rnaqs\u0131z) i\u015fl\u0259y\u0259n adam\u0131n da ad\u0131 \u018fdal\u0259tdir\u2026<br>N\u0259 q\u0259d\u0259r gec deyil \u0259dal\u0259tinizi g\u00f6st\u0259rin!<\/p>\n","protected":false},"excerpt":{"rendered":"<p>D\u00f6vl\u0259t \u0259mlak\u0131n\u0131 talayanlara, korrupsionerl\u0259r\u0259 m\u00fcnasib\u0259td\u0259 humanizm i\u015f\u0259 d\u00fc\u015f\u00fcr\u2026 G\u0259d\u0259b\u0259yin ke\u00e7mi\u015f &#8230; <\/p>\n<p class=\"read-more-container\"><a title=\"\u0130lham \u018fliyev \u0259dal\u0259ti\" class=\"read-more button\" href=\"https:\/\/www.meydan.tv\/az\/article\/ilham-eliyev-edaleti\/#more-228341\" aria-label=\"Read more about \u0130lham \u018fliyev \u0259dal\u0259ti\">Davam\u0131<\/a><\/p>\n","protected":false},"author":8,"featured_media":125837,"comment_status":"closed","ping_status":"closed","sticky":false,"template":"","format":"standard","meta":{"_acf_changed":false,"_sitemap_exclude":false,"_sitemap_priority":"","_sitemap_frequency":"","footnotes":""},"categories":[57],"tags":[],"class_list":["post-228341","post","type-post","status-publish","format-standard","has-post-thumbnail","hentry","category-menim-fikrimce","infinite-scroll-item","generate-columns","tablet-grid-50","mobile-grid-100","grid-parent","grid-33","no-featured-image-padding"],"acf":[],"yoast_head":"<!-- This site is optimized with the Yoast SEO plugin v27.4 - https:\/\/yoast.com\/product\/yoast-seo-wordpress\/ -->\n<title>\u0130lham \u018fliyev \u0259dal\u0259ti - MEYDAN.TV<\/title>\n<meta name=\"robots\" content=\"index, follow, max-snippet:-1, max-image-preview:large, max-video-preview:-1\" \/>\n<link rel=\"canonical\" href=\"https:\/\/www.meydan.tv\/az\/article\/ilham-eliyev-edaleti\/\" \/>\n<meta property=\"og:locale\" content=\"az_AZ\" \/>\n<meta property=\"og:type\" content=\"article\" \/>\n<meta property=\"og:title\" content=\"\u0130lham \u018fliyev \u0259dal\u0259ti - MEYDAN.TV\" \/>\n<meta property=\"og:description\" content=\"D\u00f6vl\u0259t \u0259mlak\u0131n\u0131 talayanlara, korrupsionerl\u0259r\u0259 m\u00fcnasib\u0259td\u0259 humanizm i\u015f\u0259 d\u00fc\u015f\u00fcr\u2026 G\u0259d\u0259b\u0259yin ke\u00e7mi\u015f ... Davam\u0131\" \/>\n<meta property=\"og:url\" content=\"https:\/\/www.meydan.tv\/az\/article\/ilham-eliyev-edaleti\/\" \/>\n<meta property=\"og:site_name\" content=\"MEYDAN.TV\" \/>\n<meta property=\"article:published_time\" content=\"2021-12-02T13:43:04+00:00\" \/>\n<meta property=\"article:modified_time\" content=\"2021-12-06T10:04:55+00:00\" \/>\n<meta property=\"og:image\" content=\"https:\/\/www.meydan.tv\/wp-content\/uploads\/image_from_ios_unrqckb.original-scaled.jpg\" \/>\n\t<meta property=\"og:image:width\" content=\"2560\" \/>\n\t<meta property=\"og:image:height\" content=\"1440\" \/>\n\t<meta property=\"og:image:type\" content=\"image\/jpeg\" \/>\n<meta name=\"author\" content=\"elli\" \/>\n<meta name=\"twitter:card\" content=\"summary_large_image\" \/>\n<meta name=\"twitter:creator\" content=\"@elli\" \/>\n<script type=\"application\/ld+json\" class=\"yoast-schema-graph\">{\"@context\":\"https:\\\/\\\/schema.org\",\"@graph\":[{\"@type\":\"Article\",\"@id\":\"https:\\\/\\\/www.meydan.tv\\\/az\\\/article\\\/ilham-eliyev-edaleti\\\/#article\",\"isPartOf\":{\"@id\":\"https:\\\/\\\/www.meydan.tv\\\/az\\\/article\\\/ilham-eliyev-edaleti\\\/\"},\"author\":{\"name\":\"elli\",\"@id\":\"https:\\\/\\\/www.meydan.tv\\\/az\\\/#\\\/schema\\\/person\\\/9cdbecf90d17180ce1dfbd95b08dcf47\"},\"headline\":\"\u0130lham \u018fliyev \u0259dal\u0259ti\",\"datePublished\":\"2021-12-02T13:43:04+00:00\",\"dateModified\":\"2021-12-06T10:04:55+00:00\",\"mainEntityOfPage\":{\"@id\":\"https:\\\/\\\/www.meydan.tv\\\/az\\\/article\\\/ilham-eliyev-edaleti\\\/\"},\"wordCount\":1027,\"publisher\":{\"@id\":\"https:\\\/\\\/www.meydan.tv\\\/az\\\/#organization\"},\"image\":{\"@id\":\"https:\\\/\\\/www.meydan.tv\\\/az\\\/article\\\/ilham-eliyev-edaleti\\\/#primaryimage\"},\"thumbnailUrl\":\"https:\\\/\\\/www.meydan.tv\\\/wp-content\\\/uploads\\\/image_from_ios_unrqckb.original-scaled-e1685106480202.jpg\",\"articleSection\":[\"M\u0259nim Fikrimc\u0259\"],\"inLanguage\":\"az\"},{\"@type\":\"WebPage\",\"@id\":\"https:\\\/\\\/www.meydan.tv\\\/az\\\/article\\\/ilham-eliyev-edaleti\\\/\",\"url\":\"https:\\\/\\\/www.meydan.tv\\\/az\\\/article\\\/ilham-eliyev-edaleti\\\/\",\"name\":\"\u0130lham \u018fliyev \u0259dal\u0259ti - MEYDAN.TV\",\"isPartOf\":{\"@id\":\"https:\\\/\\\/www.meydan.tv\\\/az\\\/#website\"},\"primaryImageOfPage\":{\"@id\":\"https:\\\/\\\/www.meydan.tv\\\/az\\\/article\\\/ilham-eliyev-edaleti\\\/#primaryimage\"},\"image\":{\"@id\":\"https:\\\/\\\/www.meydan.tv\\\/az\\\/article\\\/ilham-eliyev-edaleti\\\/#primaryimage\"},\"thumbnailUrl\":\"https:\\\/\\\/www.meydan.tv\\\/wp-content\\\/uploads\\\/image_from_ios_unrqckb.original-scaled-e1685106480202.jpg\",\"datePublished\":\"2021-12-02T13:43:04+00:00\",\"dateModified\":\"2021-12-06T10:04:55+00:00\",\"breadcrumb\":{\"@id\":\"https:\\\/\\\/www.meydan.tv\\\/az\\\/article\\\/ilham-eliyev-edaleti\\\/#breadcrumb\"},\"inLanguage\":\"az\",\"potentialAction\":[{\"@type\":\"ReadAction\",\"target\":[\"https:\\\/\\\/www.meydan.tv\\\/az\\\/article\\\/ilham-eliyev-edaleti\\\/\"]}]},{\"@type\":\"ImageObject\",\"inLanguage\":\"az\",\"@id\":\"https:\\\/\\\/www.meydan.tv\\\/az\\\/article\\\/ilham-eliyev-edaleti\\\/#primaryimage\",\"url\":\"https:\\\/\\\/www.meydan.tv\\\/wp-content\\\/uploads\\\/image_from_ios_unrqckb.original-scaled-e1685106480202.jpg\",\"contentUrl\":\"https:\\\/\\\/www.meydan.tv\\\/wp-content\\\/uploads\\\/image_from_ios_unrqckb.original-scaled-e1685106480202.jpg\",\"width\":2560,\"height\":1228,\"caption\":\"M\u0259nb\u0259: Meydan TV\"},{\"@type\":\"BreadcrumbList\",\"@id\":\"https:\\\/\\\/www.meydan.tv\\\/az\\\/article\\\/ilham-eliyev-edaleti\\\/#breadcrumb\",\"itemListElement\":[{\"@type\":\"ListItem\",\"position\":1,\"name\":\"Ana s\u0259hif\u0259\",\"item\":\"https:\\\/\\\/www.meydan.tv\\\/az\\\/\"},{\"@type\":\"ListItem\",\"position\":2,\"name\":\"M\u0259nim Fikrimc\u0259\",\"item\":\"https:\\\/\\\/www.meydan.tv\\\/az\\\/section\\\/menim-fikrimce\\\/\"},{\"@type\":\"ListItem\",\"position\":3,\"name\":\"\u0130lham \u018fliyev \u0259dal\u0259ti\"}]},{\"@type\":\"WebSite\",\"@id\":\"https:\\\/\\\/www.meydan.tv\\\/az\\\/#website\",\"url\":\"https:\\\/\\\/www.meydan.tv\\\/az\\\/\",\"name\":\"MEYDAN.TV\",\"description\":\"Meydan TV Az\u0259rbaycan\u0131n media m\u0259kan\u0131ndak\u0131 alternativ s\u0259sidir\",\"publisher\":{\"@id\":\"https:\\\/\\\/www.meydan.tv\\\/az\\\/#organization\"},\"potentialAction\":[{\"@type\":\"SearchAction\",\"target\":{\"@type\":\"EntryPoint\",\"urlTemplate\":\"https:\\\/\\\/www.meydan.tv\\\/az\\\/?s={search_term_string}\"},\"query-input\":{\"@type\":\"PropertyValueSpecification\",\"valueRequired\":true,\"valueName\":\"search_term_string\"}}],\"inLanguage\":\"az\"},{\"@type\":\"Organization\",\"@id\":\"https:\\\/\\\/www.meydan.tv\\\/az\\\/#organization\",\"name\":\"Meydan TV\",\"url\":\"https:\\\/\\\/www.meydan.tv\\\/az\\\/\",\"logo\":{\"@type\":\"ImageObject\",\"inLanguage\":\"az\",\"@id\":\"https:\\\/\\\/www.meydan.tv\\\/az\\\/#\\\/schema\\\/logo\\\/image\\\/\",\"url\":\"https:\\\/\\\/www.meydan.tv\\\/wp-content\\\/uploads\\\/2021\\\/07\\\/meydan-logo.svg\",\"contentUrl\":\"https:\\\/\\\/www.meydan.tv\\\/wp-content\\\/uploads\\\/2021\\\/07\\\/meydan-logo.svg\",\"width\":195,\"height\":46,\"caption\":\"Meydan TV\"},\"image\":{\"@id\":\"https:\\\/\\\/www.meydan.tv\\\/az\\\/#\\\/schema\\\/logo\\\/image\\\/\"}},{\"@type\":\"Person\",\"@id\":\"https:\\\/\\\/www.meydan.tv\\\/az\\\/#\\\/schema\\\/person\\\/9cdbecf90d17180ce1dfbd95b08dcf47\",\"name\":\"elli\",\"sameAs\":[\"https:\\\/\\\/x.com\\\/elli\"]}]}<\/script>\n<!-- \/ Yoast SEO plugin. -->","yoast_head_json":{"title":"\u0130lham \u018fliyev \u0259dal\u0259ti - MEYDAN.TV","robots":{"index":"index","follow":"follow","max-snippet":"max-snippet:-1","max-image-preview":"max-image-preview:large","max-video-preview":"max-video-preview:-1"},"canonical":"https:\/\/www.meydan.tv\/az\/article\/ilham-eliyev-edaleti\/","og_locale":"az_AZ","og_type":"article","og_title":"\u0130lham \u018fliyev \u0259dal\u0259ti - MEYDAN.TV","og_description":"D\u00f6vl\u0259t \u0259mlak\u0131n\u0131 talayanlara, korrupsionerl\u0259r\u0259 m\u00fcnasib\u0259td\u0259 humanizm i\u015f\u0259 d\u00fc\u015f\u00fcr\u2026 G\u0259d\u0259b\u0259yin ke\u00e7mi\u015f ... Davam\u0131","og_url":"https:\/\/www.meydan.tv\/az\/article\/ilham-eliyev-edaleti\/","og_site_name":"MEYDAN.TV","article_published_time":"2021-12-02T13:43:04+00:00","article_modified_time":"2021-12-06T10:04:55+00:00","og_image":[{"width":2560,"height":1440,"url":"https:\/\/www.meydan.tv\/wp-content\/uploads\/image_from_ios_unrqckb.original-scaled.jpg","type":"image\/jpeg"}],"author":"elli","twitter_card":"summary_large_image","twitter_creator":"@elli","schema":{"@context":"https:\/\/schema.org","@graph":[{"@type":"Article","@id":"https:\/\/www.meydan.tv\/az\/article\/ilham-eliyev-edaleti\/#article","isPartOf":{"@id":"https:\/\/www.meydan.tv\/az\/article\/ilham-eliyev-edaleti\/"},"author":{"name":"elli","@id":"https:\/\/www.meydan.tv\/az\/#\/schema\/person\/9cdbecf90d17180ce1dfbd95b08dcf47"},"headline":"\u0130lham \u018fliyev \u0259dal\u0259ti","datePublished":"2021-12-02T13:43:04+00:00","dateModified":"2021-12-06T10:04:55+00:00","mainEntityOfPage":{"@id":"https:\/\/www.meydan.tv\/az\/article\/ilham-eliyev-edaleti\/"},"wordCount":1027,"publisher":{"@id":"https:\/\/www.meydan.tv\/az\/#organization"},"image":{"@id":"https:\/\/www.meydan.tv\/az\/article\/ilham-eliyev-edaleti\/#primaryimage"},"thumbnailUrl":"https:\/\/www.meydan.tv\/wp-content\/uploads\/image_from_ios_unrqckb.original-scaled-e1685106480202.jpg","articleSection":["M\u0259nim Fikrimc\u0259"],"inLanguage":"az"},{"@type":"WebPage","@id":"https:\/\/www.meydan.tv\/az\/article\/ilham-eliyev-edaleti\/","url":"https:\/\/www.meydan.tv\/az\/article\/ilham-eliyev-edaleti\/","name":"\u0130lham \u018fliyev \u0259dal\u0259ti - MEYDAN.TV","isPartOf":{"@id":"https:\/\/www.meydan.tv\/az\/#website"},"primaryImageOfPage":{"@id":"https:\/\/www.meydan.tv\/az\/article\/ilham-eliyev-edaleti\/#primaryimage"},"image":{"@id":"https:\/\/www.meydan.tv\/az\/article\/ilham-eliyev-edaleti\/#primaryimage"},"thumbnailUrl":"https:\/\/www.meydan.tv\/wp-content\/uploads\/image_from_ios_unrqckb.original-scaled-e1685106480202.jpg","datePublished":"2021-12-02T13:43:04+00:00","dateModified":"2021-12-06T10:04:55+00:00","breadcrumb":{"@id":"https:\/\/www.meydan.tv\/az\/article\/ilham-eliyev-edaleti\/#breadcrumb"},"inLanguage":"az","potentialAction":[{"@type":"ReadAction","target":["https:\/\/www.meydan.tv\/az\/article\/ilham-eliyev-edaleti\/"]}]},{"@type":"ImageObject","inLanguage":"az","@id":"https:\/\/www.meydan.tv\/az\/article\/ilham-eliyev-edaleti\/#primaryimage","url":"https:\/\/www.meydan.tv\/wp-content\/uploads\/image_from_ios_unrqckb.original-scaled-e1685106480202.jpg","contentUrl":"https:\/\/www.meydan.tv\/wp-content\/uploads\/image_from_ios_unrqckb.original-scaled-e1685106480202.jpg","width":2560,"height":1228,"caption":"M\u0259nb\u0259: Meydan TV"},{"@type":"BreadcrumbList","@id":"https:\/\/www.meydan.tv\/az\/article\/ilham-eliyev-edaleti\/#breadcrumb","itemListElement":[{"@type":"ListItem","position":1,"name":"Ana s\u0259hif\u0259","item":"https:\/\/www.meydan.tv\/az\/"},{"@type":"ListItem","position":2,"name":"M\u0259nim Fikrimc\u0259","item":"https:\/\/www.meydan.tv\/az\/section\/menim-fikrimce\/"},{"@type":"ListItem","position":3,"name":"\u0130lham \u018fliyev \u0259dal\u0259ti"}]},{"@type":"WebSite","@id":"https:\/\/www.meydan.tv\/az\/#website","url":"https:\/\/www.meydan.tv\/az\/","name":"MEYDAN.TV","description":"Meydan TV Az\u0259rbaycan\u0131n media m\u0259kan\u0131ndak\u0131 alternativ s\u0259sidir","publisher":{"@id":"https:\/\/www.meydan.tv\/az\/#organization"},"potentialAction":[{"@type":"SearchAction","target":{"@type":"EntryPoint","urlTemplate":"https:\/\/www.meydan.tv\/az\/?s={search_term_string}"},"query-input":{"@type":"PropertyValueSpecification","valueRequired":true,"valueName":"search_term_string"}}],"inLanguage":"az"},{"@type":"Organization","@id":"https:\/\/www.meydan.tv\/az\/#organization","name":"Meydan TV","url":"https:\/\/www.meydan.tv\/az\/","logo":{"@type":"ImageObject","inLanguage":"az","@id":"https:\/\/www.meydan.tv\/az\/#\/schema\/logo\/image\/","url":"https:\/\/www.meydan.tv\/wp-content\/uploads\/2021\/07\/meydan-logo.svg","contentUrl":"https:\/\/www.meydan.tv\/wp-content\/uploads\/2021\/07\/meydan-logo.svg","width":195,"height":46,"caption":"Meydan TV"},"image":{"@id":"https:\/\/www.meydan.tv\/az\/#\/schema\/logo\/image\/"}},{"@type":"Person","@id":"https:\/\/www.meydan.tv\/az\/#\/schema\/person\/9cdbecf90d17180ce1dfbd95b08dcf47","name":"elli","sameAs":["https:\/\/x.com\/elli"]}]}},"_links":{"self":[{"href":"https:\/\/www.meydan.tv\/az\/wp-json\/wp\/v2\/posts\/228341","targetHints":{"allow":["GET"]}}],"collection":[{"href":"https:\/\/www.meydan.tv\/az\/wp-json\/wp\/v2\/posts"}],"about":[{"href":"https:\/\/www.meydan.tv\/az\/wp-json\/wp\/v2\/types\/post"}],"author":[{"embeddable":true,"href":"https:\/\/www.meydan.tv\/az\/wp-json\/wp\/v2\/users\/8"}],"replies":[{"embeddable":true,"href":"https:\/\/www.meydan.tv\/az\/wp-json\/wp\/v2\/comments?post=228341"}],"version-history":[{"count":4,"href":"https:\/\/www.meydan.tv\/az\/wp-json\/wp\/v2\/posts\/228341\/revisions"}],"predecessor-version":[{"id":228515,"href":"https:\/\/www.meydan.tv\/az\/wp-json\/wp\/v2\/posts\/228341\/revisions\/228515"}],"wp:featuredmedia":[{"embeddable":true,"href":"https:\/\/www.meydan.tv\/az\/wp-json\/wp\/v2\/media\/125837"}],"wp:attachment":[{"href":"https:\/\/www.meydan.tv\/az\/wp-json\/wp\/v2\/media?parent=228341"}],"wp:term":[{"taxonomy":"category","embeddable":true,"href":"https:\/\/www.meydan.tv\/az\/wp-json\/wp\/v2\/categories?post=228341"},{"taxonomy":"post_tag","embeddable":true,"href":"https:\/\/www.meydan.tv\/az\/wp-json\/wp\/v2\/tags?post=228341"}],"curies":[{"name":"wp","href":"https:\/\/api.w.org\/{rel}","templated":true}]}}