{"id":228339,"date":"2021-12-02T17:31:21","date_gmt":"2021-12-02T13:31:21","guid":{"rendered":"https:\/\/www.meydan.tv\/?p=228339"},"modified":"2021-12-02T17:31:23","modified_gmt":"2021-12-02T13:31:23","slug":"aksiyaya-gore-saxlanilanlar-hebs-cezasi-aldi","status":"publish","type":"post","link":"https:\/\/www.meydan.tv\/az\/article\/aksiyaya-gore-saxlanilanlar-hebs-cezasi-aldi\/","title":{"rendered":"Aksiyaya g\u00f6r\u0259 saxlan\u0131lanlar h\u0259bs c\u0259zas\u0131 ald\u0131"},"content":{"rendered":"\n<p><em>Saxlan\u0131lanlar karantin qaydalar\u0131n\u0131 pozmaqda ittiham olunurlar<br><\/em><\/p>\n\n\n\n<p>Dekabr\u0131n 2-d\u0259 S\u0259bail Rayon M\u0259hk\u0259m\u0259sind\u0259 4 AXCP \u00fczv\u00fc v\u0259 ictimai f\u0259al, t\u0259l\u0259b\u0259 R\u00fcst\u0259m \u0130smay\u0131lb\u0259yli haqda q\u0259rar \u00e7\u0131xar\u0131l\u0131b.<br><\/p>\n\n\n\n<p>V\u0259kil Zibeyd\u0259 Sad\u0131qova Meydan TV-y\u0259 bildirib ki, saxlan\u0131lanlar \u0130nzibati X\u0259talar M\u0259c\u0259ll\u0259sinin 211.1-ci madd\u0259sil\u0259 (Karantin qaydalar\u0131n\u0131 pozma) ittiham olunublar.<br><\/p>\n\n\n\n<p>M\u0259hk\u0259m\u0259 AXCP \u00fczvl\u0259ri S\u0259yyad Quliyev\u0259 15 sutka, Elxan \u018fliyev\u0259 20 sutka, El\u00e7in Teymurova 25 sutka inzibati c\u0259za q\u0259rar\u0131 \u00e7\u0131xar\u0131b.<br><\/p>\n\n\n\n<p>AXCP R\u0259yas\u0259t Hey\u0259tinin \u00fczv\u00fc \u0130lham H\u00fcseyn v\u0259 R\u00fcst\u0259m \u0130smay\u0131lb\u0259yli is\u0259 30 sutka azadl\u0131qdan m\u0259hrum olunub.<br><\/p>\n\n\n\n<p>Dekabr\u0131n 1-d\u0259 paytaxt\u0131n \u201cF\u0259vvar\u0259l\u0259r ba\u011f\u0131\u201dnda Saleh R\u00fcst\u0259movun azad edilm\u0259si t\u0259l\u0259biyl\u0259 aksiyaya c\u0259hd olub. Aksiya zaman\u0131 40 n\u0259f\u0259r\u0259 yax\u0131n \u015f\u0259xs saxlan\u0131lsa da, onlar\u0131n \u0259ks\u0259riyy\u0259ti el\u0259 sonradan s\u0259rb\u0259st <a href=\"https:\/\/www.meydan.tv\/az\/article\/saleh-rustemova-azadliq-telebi-ile-aksiya-kecirilib-saxlanilanlar-var\/\" target=\"_blank\" rel=\"noreferrer noopener\">burax\u0131l\u0131b<\/a>.<br><\/p>\n\n\n\n<p>R\u00fcst\u0259m \u0130smay\u0131lb\u0259ylinin yax\u0131nlar\u0131 onun aksiya i\u015ftirak\u00e7\u0131s\u0131 olmad\u0131\u011f\u0131n\u0131, d\u0259rsd\u0259n \u00e7\u0131x\u0131b g\u0259l\u0259rk\u0259n saxlan\u0131ld\u0131\u011f\u0131n\u0131 bildirirl\u0259r.<br><\/p>\n\n\n\n<p><strong>Xat\u0131rlatma<br><\/strong><\/p>\n\n\n\n<p>AXCP s\u0259dri \u018fli K\u0259rimliy\u0259 maddi yard\u0131m g\u00f6st\u0259rm\u0259kd\u0259 ittiham olunan v\u0259 2018-ci ild\u0259 h\u0259bs edil\u0259r\u0259k 7 il 3 ay azadl\u0131qdan m\u0259hrum edil\u0259n Saleh R\u00fcst\u0259mov art\u0131q 27 g\u00fcnd\u00fcr ki, acl\u0131q aksiyas\u0131 ke\u00e7irir. Onun s\u0259hh\u0259tinin pisl\u0259\u015fdiyi, 15 kq \u00e7\u0259ki itirdiyi v\u0259 h\u0259yat\u0131 \u00fc\u00e7\u00fcn t\u0259hl\u00fck\u0259 yarand\u0131\u011f\u0131 bildirilir. Saleh R\u00fcst\u0259mov h\u0259bsd\u0259n azad edilm\u0259sini, ail\u0259 \u00fczvl\u0259rinin \u0259mlak\u0131na v\u0259 ata evin\u0259 qoyulan m\u00fcsadir\u0259 q\u0259rar\u0131n\u0131n l\u0259\u011fv olunmas\u0131n\u0131 t\u0259l\u0259b edir.<br>O, Ombudsman S\u0259bin\u0259 \u018fliyevan\u0131n v\u0259 dig\u0259r s\u0259lahiyy\u0259tli \u015f\u0259xsl\u0259rin, yax\u0131nlar\u0131n\u0131n acl\u0131\u011f\u0131 dayand\u0131rmaqla ba\u011fl\u0131 xahi\u015fl\u0259rini r\u0259dd <a href=\"https:\/\/www.meydan.tv\/az\/article\/saleh-rustemovun-oglu-hekimler-muayine-ederek-bildiribler-ki-artiq-orqanizm-tukenmenin-son-heddine-catib\/\" target=\"_blank\" rel=\"noreferrer noopener\">edib<\/a>.<br><\/p>\n\n\n\n<p>Bir qrup ictimai-siyasi \u015f\u0259xs, h\u00fcquq m\u00fcdafi\u0259\u00e7il\u0259ri v\u0259 jurnalistl\u0259r Saleh R\u00fcst\u0259movun azad olunmas\u0131 t\u0259l\u0259bi il\u0259 m\u00fcraci\u0259t edibl\u0259r. H\u0259l\u0259lik he\u00e7 bir r\u0259smi reaksiya yoxdur.<\/p>\n","protected":false},"excerpt":{"rendered":"<p>Saxlan\u0131lanlar karantin qaydalar\u0131n\u0131 pozmaqda ittiham olunurlar Dekabr\u0131n 2-d\u0259 S\u0259bail Rayon &#8230; <\/p>\n<p class=\"read-more-container\"><a title=\"Aksiyaya g\u00f6r\u0259 saxlan\u0131lanlar h\u0259bs c\u0259zas\u0131 ald\u0131\" class=\"read-more button\" href=\"https:\/\/www.meydan.tv\/az\/article\/aksiyaya-gore-saxlanilanlar-hebs-cezasi-aldi\/#more-228339\" aria-label=\"Read more about Aksiyaya g\u00f6r\u0259 saxlan\u0131lanlar h\u0259bs c\u0259zas\u0131 ald\u0131\">Davam\u0131<\/a><\/p>\n","protected":false},"author":8,"featured_media":228231,"comment_status":"closed","ping_status":"closed","sticky":false,"template":"","format":"standard","meta":{"_acf_changed":false,"_sitemap_exclude":false,"_sitemap_priority":"","_sitemap_frequency":"","footnotes":""},"categories":[59,79,56],"tags":[],"class_list":["post-228339","post","type-post","status-publish","format-standard","has-post-thumbnail","hentry","category-siyaset","category-featured","category-xeberler","infinite-scroll-item","generate-columns","tablet-grid-50","mobile-grid-100","grid-parent","grid-33","no-featured-image-padding"],"acf":[],"yoast_head":"<!-- This site is optimized with the Yoast SEO plugin v27.5 - https:\/\/yoast.com\/product\/yoast-seo-wordpress\/ -->\n<title>Aksiyaya g\u00f6r\u0259 saxlan\u0131lanlar h\u0259bs c\u0259zas\u0131 ald\u0131 - MEYDAN.TV<\/title>\n<meta name=\"robots\" content=\"index, follow, max-snippet:-1, max-image-preview:large, max-video-preview:-1\" \/>\n<link rel=\"canonical\" href=\"https:\/\/www.meydan.tv\/az\/article\/aksiyaya-gore-saxlanilanlar-hebs-cezasi-aldi\/\" \/>\n<meta property=\"og:locale\" content=\"az_AZ\" \/>\n<meta property=\"og:type\" content=\"article\" \/>\n<meta property=\"og:title\" content=\"Aksiyaya g\u00f6r\u0259 saxlan\u0131lanlar h\u0259bs c\u0259zas\u0131 ald\u0131 - MEYDAN.TV\" \/>\n<meta property=\"og:description\" content=\"Saxlan\u0131lanlar karantin qaydalar\u0131n\u0131 pozmaqda ittiham olunurlar Dekabr\u0131n 2-d\u0259 S\u0259bail Rayon ... Davam\u0131\" \/>\n<meta property=\"og:url\" content=\"https:\/\/www.meydan.tv\/az\/article\/aksiyaya-gore-saxlanilanlar-hebs-cezasi-aldi\/\" \/>\n<meta property=\"og:site_name\" content=\"MEYDAN.TV\" \/>\n<meta property=\"article:published_time\" content=\"2021-12-02T13:31:21+00:00\" \/>\n<meta property=\"article:modified_time\" content=\"2021-12-02T13:31:23+00:00\" \/>\n<meta property=\"og:image\" content=\"https:\/\/www.meydan.tv\/wp-content\/uploads\/image_from_ios-4-1.png\" \/>\n\t<meta property=\"og:image:width\" content=\"1424\" \/>\n\t<meta property=\"og:image:height\" content=\"800\" \/>\n\t<meta property=\"og:image:type\" content=\"image\/png\" \/>\n<meta name=\"author\" content=\"elli\" \/>\n<meta name=\"twitter:card\" content=\"summary_large_image\" \/>\n<meta name=\"twitter:creator\" content=\"@elli\" \/>\n<script type=\"application\/ld+json\" class=\"yoast-schema-graph\">{\"@context\":\"https:\\\/\\\/schema.org\",\"@graph\":[{\"@type\":\"Article\",\"@id\":\"https:\\\/\\\/www.meydan.tv\\\/az\\\/article\\\/aksiyaya-gore-saxlanilanlar-hebs-cezasi-aldi\\\/#article\",\"isPartOf\":{\"@id\":\"https:\\\/\\\/www.meydan.tv\\\/az\\\/article\\\/aksiyaya-gore-saxlanilanlar-hebs-cezasi-aldi\\\/\"},\"author\":{\"name\":\"elli\",\"@id\":\"https:\\\/\\\/www.meydan.tv\\\/az\\\/#\\\/schema\\\/person\\\/9cdbecf90d17180ce1dfbd95b08dcf47\"},\"headline\":\"Aksiyaya g\u00f6r\u0259 saxlan\u0131lanlar h\u0259bs c\u0259zas\u0131 ald\u0131\",\"datePublished\":\"2021-12-02T13:31:21+00:00\",\"dateModified\":\"2021-12-02T13:31:23+00:00\",\"mainEntityOfPage\":{\"@id\":\"https:\\\/\\\/www.meydan.tv\\\/az\\\/article\\\/aksiyaya-gore-saxlanilanlar-hebs-cezasi-aldi\\\/\"},\"wordCount\":367,\"publisher\":{\"@id\":\"https:\\\/\\\/www.meydan.tv\\\/az\\\/#organization\"},\"image\":{\"@id\":\"https:\\\/\\\/www.meydan.tv\\\/az\\\/article\\\/aksiyaya-gore-saxlanilanlar-hebs-cezasi-aldi\\\/#primaryimage\"},\"thumbnailUrl\":\"https:\\\/\\\/www.meydan.tv\\\/wp-content\\\/uploads\\\/image_from_ios-4-1.png\",\"articleSection\":[\"Siyas\u0259t\",\"T\u00f6vsiy\u0259\",\"X\u0259b\u0259rl\u0259r\"],\"inLanguage\":\"az\"},{\"@type\":\"WebPage\",\"@id\":\"https:\\\/\\\/www.meydan.tv\\\/az\\\/article\\\/aksiyaya-gore-saxlanilanlar-hebs-cezasi-aldi\\\/\",\"url\":\"https:\\\/\\\/www.meydan.tv\\\/az\\\/article\\\/aksiyaya-gore-saxlanilanlar-hebs-cezasi-aldi\\\/\",\"name\":\"Aksiyaya g\u00f6r\u0259 saxlan\u0131lanlar h\u0259bs c\u0259zas\u0131 ald\u0131 - MEYDAN.TV\",\"isPartOf\":{\"@id\":\"https:\\\/\\\/www.meydan.tv\\\/az\\\/#website\"},\"primaryImageOfPage\":{\"@id\":\"https:\\\/\\\/www.meydan.tv\\\/az\\\/article\\\/aksiyaya-gore-saxlanilanlar-hebs-cezasi-aldi\\\/#primaryimage\"},\"image\":{\"@id\":\"https:\\\/\\\/www.meydan.tv\\\/az\\\/article\\\/aksiyaya-gore-saxlanilanlar-hebs-cezasi-aldi\\\/#primaryimage\"},\"thumbnailUrl\":\"https:\\\/\\\/www.meydan.tv\\\/wp-content\\\/uploads\\\/image_from_ios-4-1.png\",\"datePublished\":\"2021-12-02T13:31:21+00:00\",\"dateModified\":\"2021-12-02T13:31:23+00:00\",\"breadcrumb\":{\"@id\":\"https:\\\/\\\/www.meydan.tv\\\/az\\\/article\\\/aksiyaya-gore-saxlanilanlar-hebs-cezasi-aldi\\\/#breadcrumb\"},\"inLanguage\":\"az\",\"potentialAction\":[{\"@type\":\"ReadAction\",\"target\":[\"https:\\\/\\\/www.meydan.tv\\\/az\\\/article\\\/aksiyaya-gore-saxlanilanlar-hebs-cezasi-aldi\\\/\"]}]},{\"@type\":\"ImageObject\",\"inLanguage\":\"az\",\"@id\":\"https:\\\/\\\/www.meydan.tv\\\/az\\\/article\\\/aksiyaya-gore-saxlanilanlar-hebs-cezasi-aldi\\\/#primaryimage\",\"url\":\"https:\\\/\\\/www.meydan.tv\\\/wp-content\\\/uploads\\\/image_from_ios-4-1.png\",\"contentUrl\":\"https:\\\/\\\/www.meydan.tv\\\/wp-content\\\/uploads\\\/image_from_ios-4-1.png\",\"width\":1424,\"height\":800,\"caption\":\"\u0130lham H\u00fcseyn saxlan\u0131lan zaman, Foto: Meydan TV\"},{\"@type\":\"BreadcrumbList\",\"@id\":\"https:\\\/\\\/www.meydan.tv\\\/az\\\/article\\\/aksiyaya-gore-saxlanilanlar-hebs-cezasi-aldi\\\/#breadcrumb\",\"itemListElement\":[{\"@type\":\"ListItem\",\"position\":1,\"name\":\"Ana s\u0259hif\u0259\",\"item\":\"https:\\\/\\\/www.meydan.tv\\\/az\\\/\"},{\"@type\":\"ListItem\",\"position\":2,\"name\":\"Siyas\u0259t\",\"item\":\"https:\\\/\\\/www.meydan.tv\\\/az\\\/section\\\/siyaset\\\/\"},{\"@type\":\"ListItem\",\"position\":3,\"name\":\"Aksiyaya g\u00f6r\u0259 saxlan\u0131lanlar h\u0259bs c\u0259zas\u0131 ald\u0131\"}]},{\"@type\":\"WebSite\",\"@id\":\"https:\\\/\\\/www.meydan.tv\\\/az\\\/#website\",\"url\":\"https:\\\/\\\/www.meydan.tv\\\/az\\\/\",\"name\":\"MEYDAN.TV\",\"description\":\"Meydan TV Az\u0259rbaycan\u0131n media m\u0259kan\u0131ndak\u0131 alternativ s\u0259sidir\",\"publisher\":{\"@id\":\"https:\\\/\\\/www.meydan.tv\\\/az\\\/#organization\"},\"potentialAction\":[{\"@type\":\"SearchAction\",\"target\":{\"@type\":\"EntryPoint\",\"urlTemplate\":\"https:\\\/\\\/www.meydan.tv\\\/az\\\/?s={search_term_string}\"},\"query-input\":{\"@type\":\"PropertyValueSpecification\",\"valueRequired\":true,\"valueName\":\"search_term_string\"}}],\"inLanguage\":\"az\"},{\"@type\":\"Organization\",\"@id\":\"https:\\\/\\\/www.meydan.tv\\\/az\\\/#organization\",\"name\":\"Meydan TV\",\"url\":\"https:\\\/\\\/www.meydan.tv\\\/az\\\/\",\"logo\":{\"@type\":\"ImageObject\",\"inLanguage\":\"az\",\"@id\":\"https:\\\/\\\/www.meydan.tv\\\/az\\\/#\\\/schema\\\/logo\\\/image\\\/\",\"url\":\"https:\\\/\\\/www.meydan.tv\\\/wp-content\\\/uploads\\\/2021\\\/07\\\/meydan-logo.svg\",\"contentUrl\":\"https:\\\/\\\/www.meydan.tv\\\/wp-content\\\/uploads\\\/2021\\\/07\\\/meydan-logo.svg\",\"width\":195,\"height\":46,\"caption\":\"Meydan TV\"},\"image\":{\"@id\":\"https:\\\/\\\/www.meydan.tv\\\/az\\\/#\\\/schema\\\/logo\\\/image\\\/\"}},{\"@type\":\"Person\",\"@id\":\"https:\\\/\\\/www.meydan.tv\\\/az\\\/#\\\/schema\\\/person\\\/9cdbecf90d17180ce1dfbd95b08dcf47\",\"name\":\"elli\",\"sameAs\":[\"https:\\\/\\\/x.com\\\/elli\"]}]}<\/script>\n<!-- \/ Yoast SEO plugin. -->","yoast_head_json":{"title":"Aksiyaya g\u00f6r\u0259 saxlan\u0131lanlar h\u0259bs c\u0259zas\u0131 ald\u0131 - MEYDAN.TV","robots":{"index":"index","follow":"follow","max-snippet":"max-snippet:-1","max-image-preview":"max-image-preview:large","max-video-preview":"max-video-preview:-1"},"canonical":"https:\/\/www.meydan.tv\/az\/article\/aksiyaya-gore-saxlanilanlar-hebs-cezasi-aldi\/","og_locale":"az_AZ","og_type":"article","og_title":"Aksiyaya g\u00f6r\u0259 saxlan\u0131lanlar h\u0259bs c\u0259zas\u0131 ald\u0131 - MEYDAN.TV","og_description":"Saxlan\u0131lanlar karantin qaydalar\u0131n\u0131 pozmaqda ittiham olunurlar Dekabr\u0131n 2-d\u0259 S\u0259bail Rayon ... Davam\u0131","og_url":"https:\/\/www.meydan.tv\/az\/article\/aksiyaya-gore-saxlanilanlar-hebs-cezasi-aldi\/","og_site_name":"MEYDAN.TV","article_published_time":"2021-12-02T13:31:21+00:00","article_modified_time":"2021-12-02T13:31:23+00:00","og_image":[{"width":1424,"height":800,"url":"https:\/\/www.meydan.tv\/wp-content\/uploads\/image_from_ios-4-1.png","type":"image\/png"}],"author":"elli","twitter_card":"summary_large_image","twitter_creator":"@elli","schema":{"@context":"https:\/\/schema.org","@graph":[{"@type":"Article","@id":"https:\/\/www.meydan.tv\/az\/article\/aksiyaya-gore-saxlanilanlar-hebs-cezasi-aldi\/#article","isPartOf":{"@id":"https:\/\/www.meydan.tv\/az\/article\/aksiyaya-gore-saxlanilanlar-hebs-cezasi-aldi\/"},"author":{"name":"elli","@id":"https:\/\/www.meydan.tv\/az\/#\/schema\/person\/9cdbecf90d17180ce1dfbd95b08dcf47"},"headline":"Aksiyaya g\u00f6r\u0259 saxlan\u0131lanlar h\u0259bs c\u0259zas\u0131 ald\u0131","datePublished":"2021-12-02T13:31:21+00:00","dateModified":"2021-12-02T13:31:23+00:00","mainEntityOfPage":{"@id":"https:\/\/www.meydan.tv\/az\/article\/aksiyaya-gore-saxlanilanlar-hebs-cezasi-aldi\/"},"wordCount":367,"publisher":{"@id":"https:\/\/www.meydan.tv\/az\/#organization"},"image":{"@id":"https:\/\/www.meydan.tv\/az\/article\/aksiyaya-gore-saxlanilanlar-hebs-cezasi-aldi\/#primaryimage"},"thumbnailUrl":"https:\/\/www.meydan.tv\/wp-content\/uploads\/image_from_ios-4-1.png","articleSection":["Siyas\u0259t","T\u00f6vsiy\u0259","X\u0259b\u0259rl\u0259r"],"inLanguage":"az"},{"@type":"WebPage","@id":"https:\/\/www.meydan.tv\/az\/article\/aksiyaya-gore-saxlanilanlar-hebs-cezasi-aldi\/","url":"https:\/\/www.meydan.tv\/az\/article\/aksiyaya-gore-saxlanilanlar-hebs-cezasi-aldi\/","name":"Aksiyaya g\u00f6r\u0259 saxlan\u0131lanlar h\u0259bs c\u0259zas\u0131 ald\u0131 - MEYDAN.TV","isPartOf":{"@id":"https:\/\/www.meydan.tv\/az\/#website"},"primaryImageOfPage":{"@id":"https:\/\/www.meydan.tv\/az\/article\/aksiyaya-gore-saxlanilanlar-hebs-cezasi-aldi\/#primaryimage"},"image":{"@id":"https:\/\/www.meydan.tv\/az\/article\/aksiyaya-gore-saxlanilanlar-hebs-cezasi-aldi\/#primaryimage"},"thumbnailUrl":"https:\/\/www.meydan.tv\/wp-content\/uploads\/image_from_ios-4-1.png","datePublished":"2021-12-02T13:31:21+00:00","dateModified":"2021-12-02T13:31:23+00:00","breadcrumb":{"@id":"https:\/\/www.meydan.tv\/az\/article\/aksiyaya-gore-saxlanilanlar-hebs-cezasi-aldi\/#breadcrumb"},"inLanguage":"az","potentialAction":[{"@type":"ReadAction","target":["https:\/\/www.meydan.tv\/az\/article\/aksiyaya-gore-saxlanilanlar-hebs-cezasi-aldi\/"]}]},{"@type":"ImageObject","inLanguage":"az","@id":"https:\/\/www.meydan.tv\/az\/article\/aksiyaya-gore-saxlanilanlar-hebs-cezasi-aldi\/#primaryimage","url":"https:\/\/www.meydan.tv\/wp-content\/uploads\/image_from_ios-4-1.png","contentUrl":"https:\/\/www.meydan.tv\/wp-content\/uploads\/image_from_ios-4-1.png","width":1424,"height":800,"caption":"\u0130lham H\u00fcseyn saxlan\u0131lan zaman, Foto: Meydan TV"},{"@type":"BreadcrumbList","@id":"https:\/\/www.meydan.tv\/az\/article\/aksiyaya-gore-saxlanilanlar-hebs-cezasi-aldi\/#breadcrumb","itemListElement":[{"@type":"ListItem","position":1,"name":"Ana s\u0259hif\u0259","item":"https:\/\/www.meydan.tv\/az\/"},{"@type":"ListItem","position":2,"name":"Siyas\u0259t","item":"https:\/\/www.meydan.tv\/az\/section\/siyaset\/"},{"@type":"ListItem","position":3,"name":"Aksiyaya g\u00f6r\u0259 saxlan\u0131lanlar h\u0259bs c\u0259zas\u0131 ald\u0131"}]},{"@type":"WebSite","@id":"https:\/\/www.meydan.tv\/az\/#website","url":"https:\/\/www.meydan.tv\/az\/","name":"MEYDAN.TV","description":"Meydan TV Az\u0259rbaycan\u0131n media m\u0259kan\u0131ndak\u0131 alternativ s\u0259sidir","publisher":{"@id":"https:\/\/www.meydan.tv\/az\/#organization"},"potentialAction":[{"@type":"SearchAction","target":{"@type":"EntryPoint","urlTemplate":"https:\/\/www.meydan.tv\/az\/?s={search_term_string}"},"query-input":{"@type":"PropertyValueSpecification","valueRequired":true,"valueName":"search_term_string"}}],"inLanguage":"az"},{"@type":"Organization","@id":"https:\/\/www.meydan.tv\/az\/#organization","name":"Meydan TV","url":"https:\/\/www.meydan.tv\/az\/","logo":{"@type":"ImageObject","inLanguage":"az","@id":"https:\/\/www.meydan.tv\/az\/#\/schema\/logo\/image\/","url":"https:\/\/www.meydan.tv\/wp-content\/uploads\/2021\/07\/meydan-logo.svg","contentUrl":"https:\/\/www.meydan.tv\/wp-content\/uploads\/2021\/07\/meydan-logo.svg","width":195,"height":46,"caption":"Meydan TV"},"image":{"@id":"https:\/\/www.meydan.tv\/az\/#\/schema\/logo\/image\/"}},{"@type":"Person","@id":"https:\/\/www.meydan.tv\/az\/#\/schema\/person\/9cdbecf90d17180ce1dfbd95b08dcf47","name":"elli","sameAs":["https:\/\/x.com\/elli"]}]}},"_links":{"self":[{"href":"https:\/\/www.meydan.tv\/az\/wp-json\/wp\/v2\/posts\/228339","targetHints":{"allow":["GET"]}}],"collection":[{"href":"https:\/\/www.meydan.tv\/az\/wp-json\/wp\/v2\/posts"}],"about":[{"href":"https:\/\/www.meydan.tv\/az\/wp-json\/wp\/v2\/types\/post"}],"author":[{"embeddable":true,"href":"https:\/\/www.meydan.tv\/az\/wp-json\/wp\/v2\/users\/8"}],"replies":[{"embeddable":true,"href":"https:\/\/www.meydan.tv\/az\/wp-json\/wp\/v2\/comments?post=228339"}],"version-history":[{"count":1,"href":"https:\/\/www.meydan.tv\/az\/wp-json\/wp\/v2\/posts\/228339\/revisions"}],"predecessor-version":[{"id":228340,"href":"https:\/\/www.meydan.tv\/az\/wp-json\/wp\/v2\/posts\/228339\/revisions\/228340"}],"wp:featuredmedia":[{"embeddable":true,"href":"https:\/\/www.meydan.tv\/az\/wp-json\/wp\/v2\/media\/228231"}],"wp:attachment":[{"href":"https:\/\/www.meydan.tv\/az\/wp-json\/wp\/v2\/media?parent=228339"}],"wp:term":[{"taxonomy":"category","embeddable":true,"href":"https:\/\/www.meydan.tv\/az\/wp-json\/wp\/v2\/categories?post=228339"},{"taxonomy":"post_tag","embeddable":true,"href":"https:\/\/www.meydan.tv\/az\/wp-json\/wp\/v2\/tags?post=228339"}],"curies":[{"name":"wp","href":"https:\/\/api.w.org\/{rel}","templated":true}]}}