{"id":228314,"date":"2021-12-02T15:19:04","date_gmt":"2021-12-02T11:19:04","guid":{"rendered":"https:\/\/www.meydan.tv\/?p=228314"},"modified":"2021-12-02T15:26:52","modified_gmt":"2021-12-02T11:26:52","slug":"azerbaycan-hokumeti-anar-memmedli-ile-besir-suleymanliya-tezminat-odeyecek","status":"publish","type":"post","link":"https:\/\/www.meydan.tv\/az\/article\/azerbaycan-hokumeti-anar-memmedli-ile-besir-suleymanliya-tezminat-odeyecek\/","title":{"rendered":"Az\u0259rbaycan h\u00f6kum\u0259ti Anar M\u0259mm\u0259dli il\u0259 B\u0259\u015fir S\u00fcleymanl\u0131ya t\u0259zminat \u00f6d\u0259y\u0259c\u0259k"},"content":{"rendered":"\n<p><em>Avropa M\u0259hk\u0259m\u0259si yen\u0259 Az\u0259rbaycan\u0131 c\u0259rim\u0259l\u0259di<\/em><br><\/p>\n\n\n\n<p>Avropa \u0130nsan Haqlar\u0131 M\u0259hk\u0259m\u0259si dekabr\u0131n 2-d\u0259 &#8220;Se\u00e7kil\u0259rin Monitorinq M\u0259rk\u0259zi v\u0259 ba\u015fqalar\u0131 Az\u0259rbaycana qar\u015f\u0131&#8221; adl\u0131 i\u015fl\u0259 ba\u011fl\u0131 q\u0259rar\u0131n\u0131 <a href=\"https:\/\/aihmaz.org\/seckil%c9%99rin-monitorinq-m%c9%99rk%c9%99zinin-qeydiyyat-isi-hokum%c9%99t-c%c9%99rim%c9%99l%c9%99ndi\/\" target=\"_blank\" rel=\"noreferrer noopener\">a\u00e7\u0131qlay\u0131b<\/a>. <br><\/p>\n\n\n\n<p>\u018friz\u0259\u00e7i t\u0259\u015fkilat v\u0259 onun t\u0259sis\u00e7il\u0259ri Anar M\u0259mm\u0259dli, B\u0259\u015fir S\u00fcleymanl\u0131 m\u0259rk\u0259zin d\u00f6vl\u0259t qeydiyyat\u0131na al\u0131nmas\u0131n\u0131n yubad\u0131lmas\u0131n\u0131n, ard\u0131nca, qeydiyyat\u0131n l\u0259\u011fv edilm\u0259sinin qanunsuzlu\u011fundan \u015fikay\u0259t etmi\u015fdil\u0259r.<br><\/p>\n\n\n\n<p>&#8220;\u015eikay\u0259td\u0259 qeyd olunub ki, t\u0259sis\u00e7il\u0259r m\u0259rk\u0259zin d\u00f6vl\u0259t qeydiyyat\u0131na al\u0131nmas\u0131 \u00fc\u00e7\u00fcn 2006-08-ci ill\u0259rd\u0259 \u018fdliyy\u0259 Nazirliyin\u0259 6 d\u0259f\u0259 m\u00fcraci\u0259t edib. Ancaq nazirlik s\u0259n\u0259dl\u0259rin qanunvericiliy\u0259 uy\u011fun t\u0259rtib edilm\u0259diyi \u0259sas\u0131 il\u0259 qeydiyyatdan imtina edib. Bundan sonra m\u0259rk\u0259z 2008-ci ilin fevral\u0131nda d\u00f6vl\u0259t qeydiyyat\u0131na al\u0131nsa da, apreld\u0259 nazirlik qeydiyyat\u0131n\u0131n l\u0259\u011fv edilm\u0259si t\u0259l\u0259bi il\u0259 X\u0259tai Rayon M\u0259hk\u0259m\u0259sind\u0259 iddia qald\u0131r\u0131b. \u0130ddia edilirdi ki, m\u0259rk\u0259z r\u0259smi \u00fcnvan\u0131n, t\u0259sis\u00e7il\u0259r siyah\u0131s\u0131ndak\u0131 d\u0259yi\u015fiklikl\u0259ri, n\u00fcmay\u0259nd\u0259likl\u0259rinin a\u00e7\u0131lmas\u0131 bar\u0259d\u0259 m\u0259lumatlar\u0131 t\u0259qdim etm\u0259yib. May ay\u0131nda m\u0259hk\u0259m\u0259 t\u0259\u015fkilat\u0131n qeydiyyat\u0131n\u0131 l\u0259\u011fv edib v\u0259 yuxar\u0131 m\u0259hk\u0259m\u0259l\u0259r h\u0259min q\u0259rar\u0131 qanuni say\u0131b &#8211; \u201cAihmaz.org\u201d yaz\u0131b.<br><\/p>\n\n\n\n<p>Avropa M\u0259hk\u0259m\u0259si m\u0259rk\u0259zin qeydiyyat\u0131n\u0131n yubad\u0131lmas\u0131n\u0131n v\u0259 sonra l\u0259\u011fv edilm\u0259sinin qanunsuz olmas\u0131ndan \u015fikay\u0259t ed\u0259n \u0259riz\u0259\u00e7il\u0259ri haql\u0131 hesab edib.<br><\/p>\n\n\n\n<p>M\u0259hk\u0259m\u0259nin q\u0259rar\u0131na g\u00f6r\u0259, m\u0259rk\u0259zl\u0259 ba\u011fl\u0131 h\u00fcquqi prosedurlar h\u0259m qeydiyyat\u0131n yubad\u0131lmas\u0131, h\u0259m d\u0259 qeydiyyat\u0131n l\u0259\u011fv edilm\u0259si kontekstind\u0259 Konvensiyan\u0131n 11-ci madd\u0259sinin pozuntusu il\u0259 m\u00fc\u015fayi\u0259t olunub.<br><\/p>\n\n\n\n<p>H\u0259m\u00e7inin, cavabdeh d\u00f6vl\u0259tin bu i\u015fd\u0259 Konvensiyan\u0131n 34-c\u00fc madd\u0259si \u00fczr\u0259 \u00f6hd\u0259likl\u0259rini yerin\u0259 yetirm\u0259diyin\u0259 q\u0259rar verib.<br><\/p>\n\n\n\n<p>\u201cH\u00f6kum\u0259t q\u0259rar q\u0259ti olduqdan sonra \u0259riz\u0259\u00e7il\u0259r\u0259 m\u0259n\u0259vi z\u0259r\u0259r \u0259v\u0259zi 4500, h\u00fcquq x\u0259rcl\u0259rin\u0259 g\u00f6r\u0259 1500, dig\u0259r m\u0259sr\u0259fl\u0259r\u0259 g\u00f6r\u0259 600 avro t\u0259zminat \u00f6d\u0259m\u0259lidir&#8221;, &#8211; Avropa M\u0259hk\u0259m\u0259sinin q\u0259rar\u0131nda bildirilir.<br><\/p>\n\n\n\n<figure class=\"wp-block-image size-full\"><img decoding=\"async\" width=\"1200\" height=\"631\" data-src=\"https:\/\/www.meydan.tv\/wp-content\/uploads\/besir-suleymanli-anar-memmedli.jpg\" alt=\"\" class=\"wp-image-228311 lazyload\" src=\"data:image\/svg+xml;base64,PHN2ZyB3aWR0aD0iMSIgaGVpZ2h0PSIxIiB4bWxucz0iaHR0cDovL3d3dy53My5vcmcvMjAwMC9zdmciPjwvc3ZnPg==\" style=\"--smush-placeholder-width: 1200px; --smush-placeholder-aspect-ratio: 1200\/631;\" \/><figcaption>B\u0259\u015fir S\u00fcleymanl\u0131 v\u0259 Anar M\u0259mm\u0259dli, Foto: RAT\u0130<\/figcaption><\/figure>\n\n\n\n<p>M\u0259rk\u0259zin t\u0259msil\u00e7il\u0259rind\u0259n B\u0259\u015fir S\u00fcleymanl\u0131 Meydan TV-y\u0259 deyib ki, bu q\u0259rar Az\u0259rbaycanda birl\u0259\u015fm\u0259 h\u00fcququ, fundamental azadl\u0131qlarla ba\u011fl\u0131 v\u0259ziyy\u0259tin g\u00f6st\u0259ricisidir.<br><\/p>\n\n\n\n<p>B.S\u00fcleymanl\u0131n\u0131n s\u00f6zl\u0259rin\u0259 g\u00f6r\u0259, onlar \u018fdliyy\u0259 Nazirliyin\u0259 d\u0259f\u0259l\u0259rl\u0259 qeydiyyat \u00fc\u00e7\u00fcn m\u00fcraci\u0259t edibl\u0259r:<br><\/p>\n\n\n\n<p>&#8220;Ancaq 2008-ci ild\u0259 nazirliyin m\u0259rk\u0259zi qeydiyyata almas\u0131 g\u00f6zl\u0259nilm\u0259z oldu. Q\u0259rib\u0259dir ki, 100 g\u00fcn ke\u00e7m\u0259mi\u015f nazirlik qeydiyyat\u0131n l\u0259\u011fvi haqda m\u0259hk\u0259m\u0259y\u0259 m\u00fcraci\u0259t etdi v\u0259 d\u0259rhal da icraya y\u00f6n\u0259ltdil\u0259r. Halbuki, qeyri-h\u00f6kum\u0259t t\u0259\u015fkilat\u0131n\u0131n qeydiyyat\u0131n\u0131n l\u0259\u011fvini d\u0259rhal icraya y\u00f6n\u0259ltm\u0259k \u00fc\u00e7\u00fcn he\u00e7 bir h\u00fcquqi \u0259sas yoxdur. H\u0259m d\u0259 biz\u0259 x\u0259b\u0259rdarl\u0131q olunmam\u0131\u015fd\u0131\u201d.<br><\/p>\n\n\n\n<p>\u201cM\u00fcvafiq qanunvericiliy\u0259 g\u00f6r\u0259, h\u0259r hans\u0131 t\u0259\u015fkilata 3 d\u0259f\u0259 x\u0259b\u0259rdarl\u0131q edil\u0259nd\u0259n sonra m\u0259hk\u0259m\u0259y\u0259 m\u00fcraci\u0259t oluna bil\u0259r. \u018fslind\u0259, birinci m\u0259rh\u0259l\u0259d\u0259 bizi m\u0259qs\u0259dli \u015f\u0259kild\u0259 qeydiyyata ald\u0131lar ki, n\u00f6vb\u0259ti se\u00e7ki prosesind\u0259n k\u0259narla\u015fd\u0131rs\u0131nlar. Y\u0259ni sonradan t\u0259\u015fkilat\u0131n qeydiyyat\u0131n\u0131 l\u0259\u011fv etdil\u0259r ki, m\u0259rk\u0259zin ad\u0131ndan dan\u0131\u015fa bilm\u0259y\u0259k. H\u00f6kum\u0259t buna qism\u0259n nail oldu&#8221;, &#8211; B\u0259\u015fir S\u00fcleymanl\u0131 deyib.<br><\/p>\n\n\n\n<p>2020-ci ilin illik hesabat\u0131na g\u00f6r\u0259, Az\u0259rbaycan Avropa \u0130nsan Haqlar\u0131 M\u0259hk\u0259m\u0259sinin (A\u0130HM) haqq\u0131nda \u0259n \u00e7ox q\u0259rar \u00e7\u0131xard\u0131\u011f\u0131 5 \u00f6lk\u0259d\u0259n biri <a href=\"https:\/\/www.meydan.tv\/az\/article\/avropa-mehkemesinin-en-cox-qerar-cixardigi-olkeler-aciqlandi\/\" target=\"_blank\" rel=\"noreferrer noopener\">olub<\/a>. <\/p>\n\n\n\n<p>A\u0130HM \u00f6t\u0259n il \u00fcmumilikd\u0259 871 q\u0259rar q\u0259bul edib: <\/p>\n\n\n\n<p>\u201cQ\u0259rarlardan 37-si Az\u0259rbaycana qar\u015f\u0131 \u00e7\u0131xar\u0131l\u0131b. H\u0259min 37 q\u0259rar\u0131nda A\u0130HM 91 pozuntunun yol verildiyi q\u0259na\u0259tin\u0259 g\u0259lib\u201d, &#8211; hesabatda yaz\u0131l\u0131b. 2021-ci ild\u0259 bu r\u0259q\u0259ml\u0259rin nec\u0259 d\u0259yi\u015fdiyi haqda h\u0259l\u0259lik hesabat yoxdur.<\/p>\n","protected":false},"excerpt":{"rendered":"<p>Avropa M\u0259hk\u0259m\u0259si yen\u0259 Az\u0259rbaycan\u0131 c\u0259rim\u0259l\u0259di Avropa \u0130nsan Haqlar\u0131 M\u0259hk\u0259m\u0259si dekabr\u0131n &#8230; <\/p>\n<p class=\"read-more-container\"><a title=\"Az\u0259rbaycan h\u00f6kum\u0259ti Anar M\u0259mm\u0259dli il\u0259 B\u0259\u015fir S\u00fcleymanl\u0131ya t\u0259zminat \u00f6d\u0259y\u0259c\u0259k\" class=\"read-more button\" href=\"https:\/\/www.meydan.tv\/az\/article\/azerbaycan-hokumeti-anar-memmedli-ile-besir-suleymanliya-tezminat-odeyecek\/#more-228314\" aria-label=\"Read more about Az\u0259rbaycan h\u00f6kum\u0259ti Anar M\u0259mm\u0259dli il\u0259 B\u0259\u015fir S\u00fcleymanl\u0131ya t\u0259zminat \u00f6d\u0259y\u0259c\u0259k\">Davam\u0131<\/a><\/p>\n","protected":false},"author":8,"featured_media":225919,"comment_status":"closed","ping_status":"closed","sticky":false,"template":"","format":"standard","meta":{"_acf_changed":false,"_sitemap_exclude":false,"_sitemap_priority":"","_sitemap_frequency":"","footnotes":""},"categories":[59,56],"tags":[],"class_list":["post-228314","post","type-post","status-publish","format-standard","has-post-thumbnail","hentry","category-siyaset","category-xeberler","infinite-scroll-item","generate-columns","tablet-grid-50","mobile-grid-100","grid-parent","grid-33","no-featured-image-padding"],"acf":[],"yoast_head":"<!-- This site is optimized with the Yoast SEO plugin v27.5 - https:\/\/yoast.com\/product\/yoast-seo-wordpress\/ -->\n<title>Az\u0259rbaycan h\u00f6kum\u0259ti Anar M\u0259mm\u0259dli il\u0259 B\u0259\u015fir S\u00fcleymanl\u0131ya t\u0259zminat \u00f6d\u0259y\u0259c\u0259k - MEYDAN.TV<\/title>\n<meta name=\"robots\" content=\"index, follow, max-snippet:-1, max-image-preview:large, max-video-preview:-1\" \/>\n<link rel=\"canonical\" href=\"https:\/\/www.meydan.tv\/az\/article\/azerbaycan-hokumeti-anar-memmedli-ile-besir-suleymanliya-tezminat-odeyecek\/\" \/>\n<meta property=\"og:locale\" content=\"az_AZ\" \/>\n<meta property=\"og:type\" content=\"article\" \/>\n<meta property=\"og:title\" content=\"Az\u0259rbaycan h\u00f6kum\u0259ti Anar M\u0259mm\u0259dli il\u0259 B\u0259\u015fir S\u00fcleymanl\u0131ya t\u0259zminat \u00f6d\u0259y\u0259c\u0259k - MEYDAN.TV\" \/>\n<meta property=\"og:description\" content=\"Avropa M\u0259hk\u0259m\u0259si yen\u0259 Az\u0259rbaycan\u0131 c\u0259rim\u0259l\u0259di Avropa \u0130nsan Haqlar\u0131 M\u0259hk\u0259m\u0259si dekabr\u0131n ... Davam\u0131\" \/>\n<meta property=\"og:url\" content=\"https:\/\/www.meydan.tv\/az\/article\/azerbaycan-hokumeti-anar-memmedli-ile-besir-suleymanliya-tezminat-odeyecek\/\" \/>\n<meta property=\"og:site_name\" content=\"MEYDAN.TV\" \/>\n<meta property=\"article:published_time\" content=\"2021-12-02T11:19:04+00:00\" \/>\n<meta property=\"article:modified_time\" content=\"2021-12-02T11:26:52+00:00\" \/>\n<meta property=\"og:image\" content=\"https:\/\/www.meydan.tv\/wp-content\/uploads\/untitled-design-12-768x512.png\" \/>\n\t<meta property=\"og:image:width\" content=\"768\" \/>\n\t<meta property=\"og:image:height\" content=\"512\" \/>\n\t<meta property=\"og:image:type\" content=\"image\/png\" \/>\n<meta name=\"author\" content=\"elli\" \/>\n<meta name=\"twitter:card\" content=\"summary_large_image\" \/>\n<meta name=\"twitter:creator\" content=\"@elli\" \/>\n<script type=\"application\/ld+json\" class=\"yoast-schema-graph\">{\"@context\":\"https:\\\/\\\/schema.org\",\"@graph\":[{\"@type\":\"Article\",\"@id\":\"https:\\\/\\\/www.meydan.tv\\\/az\\\/article\\\/azerbaycan-hokumeti-anar-memmedli-ile-besir-suleymanliya-tezminat-odeyecek\\\/#article\",\"isPartOf\":{\"@id\":\"https:\\\/\\\/www.meydan.tv\\\/az\\\/article\\\/azerbaycan-hokumeti-anar-memmedli-ile-besir-suleymanliya-tezminat-odeyecek\\\/\"},\"author\":{\"name\":\"elli\",\"@id\":\"https:\\\/\\\/www.meydan.tv\\\/az\\\/#\\\/schema\\\/person\\\/9cdbecf90d17180ce1dfbd95b08dcf47\"},\"headline\":\"Az\u0259rbaycan h\u00f6kum\u0259ti Anar M\u0259mm\u0259dli il\u0259 B\u0259\u015fir S\u00fcleymanl\u0131ya t\u0259zminat \u00f6d\u0259y\u0259c\u0259k\",\"datePublished\":\"2021-12-02T11:19:04+00:00\",\"dateModified\":\"2021-12-02T11:26:52+00:00\",\"mainEntityOfPage\":{\"@id\":\"https:\\\/\\\/www.meydan.tv\\\/az\\\/article\\\/azerbaycan-hokumeti-anar-memmedli-ile-besir-suleymanliya-tezminat-odeyecek\\\/\"},\"wordCount\":765,\"publisher\":{\"@id\":\"https:\\\/\\\/www.meydan.tv\\\/az\\\/#organization\"},\"image\":{\"@id\":\"https:\\\/\\\/www.meydan.tv\\\/az\\\/article\\\/azerbaycan-hokumeti-anar-memmedli-ile-besir-suleymanliya-tezminat-odeyecek\\\/#primaryimage\"},\"thumbnailUrl\":\"https:\\\/\\\/www.meydan.tv\\\/wp-content\\\/uploads\\\/untitled-design-12.png\",\"articleSection\":[\"Siyas\u0259t\",\"X\u0259b\u0259rl\u0259r\"],\"inLanguage\":\"az\"},{\"@type\":\"WebPage\",\"@id\":\"https:\\\/\\\/www.meydan.tv\\\/az\\\/article\\\/azerbaycan-hokumeti-anar-memmedli-ile-besir-suleymanliya-tezminat-odeyecek\\\/\",\"url\":\"https:\\\/\\\/www.meydan.tv\\\/az\\\/article\\\/azerbaycan-hokumeti-anar-memmedli-ile-besir-suleymanliya-tezminat-odeyecek\\\/\",\"name\":\"Az\u0259rbaycan h\u00f6kum\u0259ti Anar M\u0259mm\u0259dli il\u0259 B\u0259\u015fir S\u00fcleymanl\u0131ya t\u0259zminat \u00f6d\u0259y\u0259c\u0259k - MEYDAN.TV\",\"isPartOf\":{\"@id\":\"https:\\\/\\\/www.meydan.tv\\\/az\\\/#website\"},\"primaryImageOfPage\":{\"@id\":\"https:\\\/\\\/www.meydan.tv\\\/az\\\/article\\\/azerbaycan-hokumeti-anar-memmedli-ile-besir-suleymanliya-tezminat-odeyecek\\\/#primaryimage\"},\"image\":{\"@id\":\"https:\\\/\\\/www.meydan.tv\\\/az\\\/article\\\/azerbaycan-hokumeti-anar-memmedli-ile-besir-suleymanliya-tezminat-odeyecek\\\/#primaryimage\"},\"thumbnailUrl\":\"https:\\\/\\\/www.meydan.tv\\\/wp-content\\\/uploads\\\/untitled-design-12.png\",\"datePublished\":\"2021-12-02T11:19:04+00:00\",\"dateModified\":\"2021-12-02T11:26:52+00:00\",\"breadcrumb\":{\"@id\":\"https:\\\/\\\/www.meydan.tv\\\/az\\\/article\\\/azerbaycan-hokumeti-anar-memmedli-ile-besir-suleymanliya-tezminat-odeyecek\\\/#breadcrumb\"},\"inLanguage\":\"az\",\"potentialAction\":[{\"@type\":\"ReadAction\",\"target\":[\"https:\\\/\\\/www.meydan.tv\\\/az\\\/article\\\/azerbaycan-hokumeti-anar-memmedli-ile-besir-suleymanliya-tezminat-odeyecek\\\/\"]}]},{\"@type\":\"ImageObject\",\"inLanguage\":\"az\",\"@id\":\"https:\\\/\\\/www.meydan.tv\\\/az\\\/article\\\/azerbaycan-hokumeti-anar-memmedli-ile-besir-suleymanliya-tezminat-odeyecek\\\/#primaryimage\",\"url\":\"https:\\\/\\\/www.meydan.tv\\\/wp-content\\\/uploads\\\/untitled-design-12.png\",\"contentUrl\":\"https:\\\/\\\/www.meydan.tv\\\/wp-content\\\/uploads\\\/untitled-design-12.png\",\"width\":1200,\"height\":800,\"caption\":\"Avropa M\u0259hk\u0259m\u0259si, Foto: By Maykova Galina\\\/Shutterstock\"},{\"@type\":\"BreadcrumbList\",\"@id\":\"https:\\\/\\\/www.meydan.tv\\\/az\\\/article\\\/azerbaycan-hokumeti-anar-memmedli-ile-besir-suleymanliya-tezminat-odeyecek\\\/#breadcrumb\",\"itemListElement\":[{\"@type\":\"ListItem\",\"position\":1,\"name\":\"Ana s\u0259hif\u0259\",\"item\":\"https:\\\/\\\/www.meydan.tv\\\/az\\\/\"},{\"@type\":\"ListItem\",\"position\":2,\"name\":\"Siyas\u0259t\",\"item\":\"https:\\\/\\\/www.meydan.tv\\\/az\\\/section\\\/siyaset\\\/\"},{\"@type\":\"ListItem\",\"position\":3,\"name\":\"Az\u0259rbaycan h\u00f6kum\u0259ti Anar M\u0259mm\u0259dli il\u0259 B\u0259\u015fir S\u00fcleymanl\u0131ya t\u0259zminat \u00f6d\u0259y\u0259c\u0259k\"}]},{\"@type\":\"WebSite\",\"@id\":\"https:\\\/\\\/www.meydan.tv\\\/az\\\/#website\",\"url\":\"https:\\\/\\\/www.meydan.tv\\\/az\\\/\",\"name\":\"MEYDAN.TV\",\"description\":\"Meydan TV Az\u0259rbaycan\u0131n media m\u0259kan\u0131ndak\u0131 alternativ s\u0259sidir\",\"publisher\":{\"@id\":\"https:\\\/\\\/www.meydan.tv\\\/az\\\/#organization\"},\"potentialAction\":[{\"@type\":\"SearchAction\",\"target\":{\"@type\":\"EntryPoint\",\"urlTemplate\":\"https:\\\/\\\/www.meydan.tv\\\/az\\\/?s={search_term_string}\"},\"query-input\":{\"@type\":\"PropertyValueSpecification\",\"valueRequired\":true,\"valueName\":\"search_term_string\"}}],\"inLanguage\":\"az\"},{\"@type\":\"Organization\",\"@id\":\"https:\\\/\\\/www.meydan.tv\\\/az\\\/#organization\",\"name\":\"Meydan TV\",\"url\":\"https:\\\/\\\/www.meydan.tv\\\/az\\\/\",\"logo\":{\"@type\":\"ImageObject\",\"inLanguage\":\"az\",\"@id\":\"https:\\\/\\\/www.meydan.tv\\\/az\\\/#\\\/schema\\\/logo\\\/image\\\/\",\"url\":\"https:\\\/\\\/www.meydan.tv\\\/wp-content\\\/uploads\\\/2021\\\/07\\\/meydan-logo.svg\",\"contentUrl\":\"https:\\\/\\\/www.meydan.tv\\\/wp-content\\\/uploads\\\/2021\\\/07\\\/meydan-logo.svg\",\"width\":195,\"height\":46,\"caption\":\"Meydan TV\"},\"image\":{\"@id\":\"https:\\\/\\\/www.meydan.tv\\\/az\\\/#\\\/schema\\\/logo\\\/image\\\/\"}},{\"@type\":\"Person\",\"@id\":\"https:\\\/\\\/www.meydan.tv\\\/az\\\/#\\\/schema\\\/person\\\/9cdbecf90d17180ce1dfbd95b08dcf47\",\"name\":\"elli\",\"sameAs\":[\"https:\\\/\\\/x.com\\\/elli\"]}]}<\/script>\n<!-- \/ Yoast SEO plugin. -->","yoast_head_json":{"title":"Az\u0259rbaycan h\u00f6kum\u0259ti Anar M\u0259mm\u0259dli il\u0259 B\u0259\u015fir S\u00fcleymanl\u0131ya t\u0259zminat \u00f6d\u0259y\u0259c\u0259k - MEYDAN.TV","robots":{"index":"index","follow":"follow","max-snippet":"max-snippet:-1","max-image-preview":"max-image-preview:large","max-video-preview":"max-video-preview:-1"},"canonical":"https:\/\/www.meydan.tv\/az\/article\/azerbaycan-hokumeti-anar-memmedli-ile-besir-suleymanliya-tezminat-odeyecek\/","og_locale":"az_AZ","og_type":"article","og_title":"Az\u0259rbaycan h\u00f6kum\u0259ti Anar M\u0259mm\u0259dli il\u0259 B\u0259\u015fir S\u00fcleymanl\u0131ya t\u0259zminat \u00f6d\u0259y\u0259c\u0259k - MEYDAN.TV","og_description":"Avropa M\u0259hk\u0259m\u0259si yen\u0259 Az\u0259rbaycan\u0131 c\u0259rim\u0259l\u0259di Avropa \u0130nsan Haqlar\u0131 M\u0259hk\u0259m\u0259si dekabr\u0131n ... Davam\u0131","og_url":"https:\/\/www.meydan.tv\/az\/article\/azerbaycan-hokumeti-anar-memmedli-ile-besir-suleymanliya-tezminat-odeyecek\/","og_site_name":"MEYDAN.TV","article_published_time":"2021-12-02T11:19:04+00:00","article_modified_time":"2021-12-02T11:26:52+00:00","og_image":[{"width":768,"height":512,"url":"https:\/\/www.meydan.tv\/wp-content\/uploads\/untitled-design-12-768x512.png","type":"image\/png"}],"author":"elli","twitter_card":"summary_large_image","twitter_creator":"@elli","schema":{"@context":"https:\/\/schema.org","@graph":[{"@type":"Article","@id":"https:\/\/www.meydan.tv\/az\/article\/azerbaycan-hokumeti-anar-memmedli-ile-besir-suleymanliya-tezminat-odeyecek\/#article","isPartOf":{"@id":"https:\/\/www.meydan.tv\/az\/article\/azerbaycan-hokumeti-anar-memmedli-ile-besir-suleymanliya-tezminat-odeyecek\/"},"author":{"name":"elli","@id":"https:\/\/www.meydan.tv\/az\/#\/schema\/person\/9cdbecf90d17180ce1dfbd95b08dcf47"},"headline":"Az\u0259rbaycan h\u00f6kum\u0259ti Anar M\u0259mm\u0259dli il\u0259 B\u0259\u015fir S\u00fcleymanl\u0131ya t\u0259zminat \u00f6d\u0259y\u0259c\u0259k","datePublished":"2021-12-02T11:19:04+00:00","dateModified":"2021-12-02T11:26:52+00:00","mainEntityOfPage":{"@id":"https:\/\/www.meydan.tv\/az\/article\/azerbaycan-hokumeti-anar-memmedli-ile-besir-suleymanliya-tezminat-odeyecek\/"},"wordCount":765,"publisher":{"@id":"https:\/\/www.meydan.tv\/az\/#organization"},"image":{"@id":"https:\/\/www.meydan.tv\/az\/article\/azerbaycan-hokumeti-anar-memmedli-ile-besir-suleymanliya-tezminat-odeyecek\/#primaryimage"},"thumbnailUrl":"https:\/\/www.meydan.tv\/wp-content\/uploads\/untitled-design-12.png","articleSection":["Siyas\u0259t","X\u0259b\u0259rl\u0259r"],"inLanguage":"az"},{"@type":"WebPage","@id":"https:\/\/www.meydan.tv\/az\/article\/azerbaycan-hokumeti-anar-memmedli-ile-besir-suleymanliya-tezminat-odeyecek\/","url":"https:\/\/www.meydan.tv\/az\/article\/azerbaycan-hokumeti-anar-memmedli-ile-besir-suleymanliya-tezminat-odeyecek\/","name":"Az\u0259rbaycan h\u00f6kum\u0259ti Anar M\u0259mm\u0259dli il\u0259 B\u0259\u015fir S\u00fcleymanl\u0131ya t\u0259zminat \u00f6d\u0259y\u0259c\u0259k - MEYDAN.TV","isPartOf":{"@id":"https:\/\/www.meydan.tv\/az\/#website"},"primaryImageOfPage":{"@id":"https:\/\/www.meydan.tv\/az\/article\/azerbaycan-hokumeti-anar-memmedli-ile-besir-suleymanliya-tezminat-odeyecek\/#primaryimage"},"image":{"@id":"https:\/\/www.meydan.tv\/az\/article\/azerbaycan-hokumeti-anar-memmedli-ile-besir-suleymanliya-tezminat-odeyecek\/#primaryimage"},"thumbnailUrl":"https:\/\/www.meydan.tv\/wp-content\/uploads\/untitled-design-12.png","datePublished":"2021-12-02T11:19:04+00:00","dateModified":"2021-12-02T11:26:52+00:00","breadcrumb":{"@id":"https:\/\/www.meydan.tv\/az\/article\/azerbaycan-hokumeti-anar-memmedli-ile-besir-suleymanliya-tezminat-odeyecek\/#breadcrumb"},"inLanguage":"az","potentialAction":[{"@type":"ReadAction","target":["https:\/\/www.meydan.tv\/az\/article\/azerbaycan-hokumeti-anar-memmedli-ile-besir-suleymanliya-tezminat-odeyecek\/"]}]},{"@type":"ImageObject","inLanguage":"az","@id":"https:\/\/www.meydan.tv\/az\/article\/azerbaycan-hokumeti-anar-memmedli-ile-besir-suleymanliya-tezminat-odeyecek\/#primaryimage","url":"https:\/\/www.meydan.tv\/wp-content\/uploads\/untitled-design-12.png","contentUrl":"https:\/\/www.meydan.tv\/wp-content\/uploads\/untitled-design-12.png","width":1200,"height":800,"caption":"Avropa M\u0259hk\u0259m\u0259si, Foto: By Maykova Galina\/Shutterstock"},{"@type":"BreadcrumbList","@id":"https:\/\/www.meydan.tv\/az\/article\/azerbaycan-hokumeti-anar-memmedli-ile-besir-suleymanliya-tezminat-odeyecek\/#breadcrumb","itemListElement":[{"@type":"ListItem","position":1,"name":"Ana s\u0259hif\u0259","item":"https:\/\/www.meydan.tv\/az\/"},{"@type":"ListItem","position":2,"name":"Siyas\u0259t","item":"https:\/\/www.meydan.tv\/az\/section\/siyaset\/"},{"@type":"ListItem","position":3,"name":"Az\u0259rbaycan h\u00f6kum\u0259ti Anar M\u0259mm\u0259dli il\u0259 B\u0259\u015fir S\u00fcleymanl\u0131ya t\u0259zminat \u00f6d\u0259y\u0259c\u0259k"}]},{"@type":"WebSite","@id":"https:\/\/www.meydan.tv\/az\/#website","url":"https:\/\/www.meydan.tv\/az\/","name":"MEYDAN.TV","description":"Meydan TV Az\u0259rbaycan\u0131n media m\u0259kan\u0131ndak\u0131 alternativ s\u0259sidir","publisher":{"@id":"https:\/\/www.meydan.tv\/az\/#organization"},"potentialAction":[{"@type":"SearchAction","target":{"@type":"EntryPoint","urlTemplate":"https:\/\/www.meydan.tv\/az\/?s={search_term_string}"},"query-input":{"@type":"PropertyValueSpecification","valueRequired":true,"valueName":"search_term_string"}}],"inLanguage":"az"},{"@type":"Organization","@id":"https:\/\/www.meydan.tv\/az\/#organization","name":"Meydan TV","url":"https:\/\/www.meydan.tv\/az\/","logo":{"@type":"ImageObject","inLanguage":"az","@id":"https:\/\/www.meydan.tv\/az\/#\/schema\/logo\/image\/","url":"https:\/\/www.meydan.tv\/wp-content\/uploads\/2021\/07\/meydan-logo.svg","contentUrl":"https:\/\/www.meydan.tv\/wp-content\/uploads\/2021\/07\/meydan-logo.svg","width":195,"height":46,"caption":"Meydan TV"},"image":{"@id":"https:\/\/www.meydan.tv\/az\/#\/schema\/logo\/image\/"}},{"@type":"Person","@id":"https:\/\/www.meydan.tv\/az\/#\/schema\/person\/9cdbecf90d17180ce1dfbd95b08dcf47","name":"elli","sameAs":["https:\/\/x.com\/elli"]}]}},"_links":{"self":[{"href":"https:\/\/www.meydan.tv\/az\/wp-json\/wp\/v2\/posts\/228314","targetHints":{"allow":["GET"]}}],"collection":[{"href":"https:\/\/www.meydan.tv\/az\/wp-json\/wp\/v2\/posts"}],"about":[{"href":"https:\/\/www.meydan.tv\/az\/wp-json\/wp\/v2\/types\/post"}],"author":[{"embeddable":true,"href":"https:\/\/www.meydan.tv\/az\/wp-json\/wp\/v2\/users\/8"}],"replies":[{"embeddable":true,"href":"https:\/\/www.meydan.tv\/az\/wp-json\/wp\/v2\/comments?post=228314"}],"version-history":[{"count":2,"href":"https:\/\/www.meydan.tv\/az\/wp-json\/wp\/v2\/posts\/228314\/revisions"}],"predecessor-version":[{"id":228322,"href":"https:\/\/www.meydan.tv\/az\/wp-json\/wp\/v2\/posts\/228314\/revisions\/228322"}],"wp:featuredmedia":[{"embeddable":true,"href":"https:\/\/www.meydan.tv\/az\/wp-json\/wp\/v2\/media\/225919"}],"wp:attachment":[{"href":"https:\/\/www.meydan.tv\/az\/wp-json\/wp\/v2\/media?parent=228314"}],"wp:term":[{"taxonomy":"category","embeddable":true,"href":"https:\/\/www.meydan.tv\/az\/wp-json\/wp\/v2\/categories?post=228314"},{"taxonomy":"post_tag","embeddable":true,"href":"https:\/\/www.meydan.tv\/az\/wp-json\/wp\/v2\/tags?post=228314"}],"curies":[{"name":"wp","href":"https:\/\/api.w.org\/{rel}","templated":true}]}}