{"id":228287,"date":"2021-12-02T13:13:33","date_gmt":"2021-12-02T09:13:33","guid":{"rendered":"https:\/\/www.meydan.tv\/?p=228287"},"modified":"2021-12-02T13:13:36","modified_gmt":"2021-12-02T09:13:36","slug":"imisli-sakini-vilyam-haciyev-getdi-basqasi-geldi-hec-ne-deyismedi","status":"publish","type":"post","link":"https:\/\/www.meydan.tv\/az\/article\/imisli-sakini-vilyam-haciyev-getdi-basqasi-geldi-hec-ne-deyismedi\/","title":{"rendered":"\u0130mi\u015fli sakini: \u201cVilyam Hac\u0131yev getdi, ba\u015fqas\u0131 g\u0259ldi, he\u00e7 n\u0259 d\u0259yi\u015fm\u0259di\u201d"},"content":{"rendered":"\n<p><em>\u201cBunlar k\u00f6m\u0259k ed\u0259n olsayd\u0131lar, m\u0259n Prezident Administrasiyas\u0131na yazmazd\u0131m ki\u2026\u201d<br><\/em><\/p>\n\n\n\n<p>\u201cQ\u0131\u015fda evd\u0259 palto il\u0259 otururuq. M\u0259cburuq, \u00e7\u00fcnki soyuqdur. G\u0259tirib odun sobas\u0131 qoymu\u015fam. Onu da yand\u0131rma\u011fa n\u0259s\u0259 tapm\u0131r\u0131q. K\u00f6rp\u0259 u\u015faqlarla q\u0131\u015f\u0131n g\u00fcn\u00fc qalm\u0131\u015f\u0131q pis durumda\u201d.<br><\/p>\n\n\n\n<p>\u0130mi\u015fli \u015f\u0259h\u0259ri Tofiq \u0130smay\u0131lov k\u00fc\u00e7\u0259si 20 \u00fcnvan\u0131nda ya\u015fayan Mirhasil M\u0259mm\u0259dov bel\u0259 deyir. Bildirir ki, problemi il\u0259 ba\u011fl\u0131 \u015fikay\u0259t etm\u0259diyi d\u00f6vl\u0259t qurumu qalmay\u0131b. H\u0259tta sonda Prezident \u0130lham \u018fliyev\u0259 d\u0259 m\u0259ktub \u00fcnvanlay\u0131b, ancaq bir i\u015f\u0259 yaramay\u0131b:<br><\/p>\n\n\n\n<p>\u201cK\u00fc\u00e7\u0259 s\u00fcp\u00fcr\u00fcb, ayda 300 manatad\u0259k maa\u015f al\u0131ram. He\u00e7 bir ne\u00e7\u0259 il \u00f6nc\u0259sin\u0259d\u0259k evim d\u0259 yox idi, k\u00fc\u00e7\u0259d\u0259ydim. \u0130ndi rayonun Azot G\u00fcbr\u0259 \u0130dar\u0259sinin binas\u0131nda \u00f6z\u00fcm\u0259 s\u0131\u011f\u0131nacaq tapm\u0131\u015fam. Ba\u015f\u0131m\u0131n \u00fcst\u00fcnd\u0259 dam var, ancaq o dam\u0131n alt\u0131nda istilik yoxdur\u201d.<br><\/p>\n\n\n\n<p>\u015eikay\u0259t\u00e7i rayonda \u0259n x\u0131rda \u015feyl\u0259r\u0259 bel\u0259 d\u0259f\u0259l\u0259rl\u0259 m\u00fcraci\u0259tl\u0259r, \u015fikay\u0259tl\u0259r, dava-dala\u015f, \u0259s\u0259b g\u0259rginliyind\u0259n sonra nail ola bildiyini deyir:<br><\/p>\n\n\n\n<p>\u201cAstma bronxitd\u0259n \u0259ziyy\u0259t \u00e7\u0259kir\u0259m. D\u00f6vl\u0259t d\u0259rmanlar\u0131m\u0131 pulsuz verir. Bir ay normal vaxt\u0131nda alanda, ikinci ay s\u00fcr\u00fcnd\u00fcrm\u0259\u00e7iliy\u0259 m\u0259ruz qal\u0131ram. \u015eikay\u0259t m\u0259ktublar\u0131na g\u0259l\u0259n cavablar evd\u0259 qalaq-qalaqd\u0131r\u201d.<br><\/p>\n\n\n\n<p>\u015eikay\u0259t\u00e7i deyir ki, \u0259vv\u0259ll\u0259r d\u0259 rayonda ba\u015f\u0131na g\u0259l\u0259n haqs\u0131zl\u0131qlardan, s\u00fcr\u00fcnd\u00fcrm\u0259\u00e7ilikd\u0259n b\u0259hs ed\u0259n m\u0259ktublar yaz\u0131b. H\u0259tta etdiyi \u00e7oxsayl\u0131 \u015fikay\u0259tl\u0259r\u0259 g\u00f6r\u0259 bundan \u0259vv\u0259lki icra ba\u015f\u00e7\u0131s\u0131 Vilyam Hac\u0131yev onu m\u0259hk\u0259m\u0259y\u0259 d\u0259 verib:<br><\/p>\n\n\n\n<div class=\"wp-block-image\"><figure class=\"alignleft size-large is-resized\"><img decoding=\"async\" data-src=\"https:\/\/www.meydan.tv\/wp-content\/uploads\/image00354-1095x821.jpeg\" alt=\"\" class=\"wp-image-228278 lazyload\" width=\"512\" height=\"384\" src=\"data:image\/svg+xml;base64,PHN2ZyB3aWR0aD0iMSIgaGVpZ2h0PSIxIiB4bWxucz0iaHR0cDovL3d3dy53My5vcmcvMjAwMC9zdmciPjwvc3ZnPg==\" style=\"--smush-placeholder-width: 512px; --smush-placeholder-aspect-ratio: 512\/384;\" \/><figcaption>Foto: Meydan TV<\/figcaption><\/figure><\/div>\n\n\n\n<p>\u201c\u0130ddia edirdi ki, guya rayonun ad\u0131n\u0131 bat\u0131r\u0131ram, olmayan \u015feyl\u0259rd\u0259n dan\u0131\u015f\u0131b, \u015fikay\u0259tl\u0259r edir\u0259m. Onun u\u011furlu siyas\u0259tin\u0259, ad\u0131na k\u00f6lg\u0259, l\u0259k\u0259 g\u0259tirir\u0259m. Zaman kimin do\u011fru dan\u0131\u015fd\u0131\u011f\u0131n\u0131 s\u00fcbut etdi. \u0130ndi o gedib, ba\u015fqas\u0131 g\u0259lib. Ancaq yen\u0259 s\u00fcr\u00fcnd\u00fcrm\u0259\u00e7ilik, \u00e7\u0259k-\u00e7evirdir. Bu d\u0259f\u0259 he\u00e7 q\u0259bula d\u00fc\u015fm\u0259k olmur. Pandemiyad\u0131r, q\u0259bul etmirl\u0259r\u201d.<br><\/p>\n\n\n\n<p>Mirhasil M\u0259mm\u0259dov deyir ki, b\u0259lk\u0259 d\u0259 q\u0259bula d\u00fc\u015f\u0259 bils\u0259, d\u0259rdini des\u0259, bir \u00e7ar\u0259 tap\u0131lar. Ancaq bu, m\u00fcmk\u00fcn olmur:<br><\/p>\n\n\n\n<p>\u201cBu g\u00fcn \u0130mi\u015fli rayonu \u00e7ox bax\u0131ms\u0131z durumdad\u0131r. Problem \u00e7ox, \u00e7ar\u0259si yoxdur. Prezident h\u0259mi\u015f\u0259 \u00e7\u0131x\u0131\u015flar\u0131nda deyir ki, probleml\u0259 rastla\u015fan v\u0259t\u0259nda\u015f biz\u0259 m\u0259lumat versin. Problem n\u0259dirs\u0259, h\u0259ll ed\u0259rik. El\u0259 Prezident Administrasiyas\u0131na da d\u0259f\u0259l\u0259rl\u0259 m\u0259ktub yazm\u0131\u015fam. Onlar da y\u00f6nl\u0259ndiribl\u0259r yerli qurumlara, deyirl\u0259r, v\u0259t\u0259nda\u015fa k\u00f6m\u0259k edin. Bunlar k\u00f6m\u0259k ed\u0259n olsayd\u0131lar, m\u0259n Prezident Administrasiyas\u0131na yazmazd\u0131m ki\u2026\u201d<br><\/p>\n\n\n\n<p>Mirhasil M\u0259mm\u0259dov ya\u015fad\u0131\u011f\u0131 evin v\u0259ziyy\u0259tinin d\u0259 pis oldu\u011funu deyir. Tavan\u0131 dam\u0131r, d\u00f6\u015f\u0259m\u0259 n\u0259m \u00e7\u0259kir:<br><\/p>\n\n\n\n<p>\u201cPul da yox, bu probleml\u0259ri h\u0259ll ed\u0259 bilmir\u0259m. \u00c7ar\u0259 qal\u0131r m\u0259ktublara. D\u00fczd\u00fcr, probleml\u0259r h\u0259ll olmur v\u0259 h\u0259r d\u0259f\u0259 \u00f6z\u00fcm\u0259 s\u00f6z verir\u0259m ki, daha yazmayaca\u011fam, b\u0259sdir. Yen\u0259 d\u0259 olmur. O an g\u0259lir, \u00e7ar\u0259sizlikd\u0259n bilmirs\u0259n n\u0259 ed\u0259s\u0259n. Ba\u015flay\u0131rsan m\u0259ktub yazma\u011fa ki, b\u0259lk\u0259 bu d\u0259f\u0259 e\u015fitdil\u0259r\u201d.<br><\/p>\n\n\n\n<div class=\"wp-block-image\"><figure class=\"alignright size-large is-resized\"><img decoding=\"async\" data-src=\"https:\/\/www.meydan.tv\/wp-content\/uploads\/image00349-1095x821.jpeg\" alt=\"\" class=\"wp-image-228284 lazyload\" width=\"503\" height=\"376\" src=\"data:image\/svg+xml;base64,PHN2ZyB3aWR0aD0iMSIgaGVpZ2h0PSIxIiB4bWxucz0iaHR0cDovL3d3dy53My5vcmcvMjAwMC9zdmciPjwvc3ZnPg==\" style=\"--smush-placeholder-width: 503px; --smush-placeholder-aspect-ratio: 503\/376;\" \/><figcaption> Mirhasil M\u0259mm\u0259dov, Foto: Meydan TV<\/figcaption><\/figure><\/div>\n\n\n\n<p>Salyan Qaz Regional Qaz istismar\u0131 \u0130dar\u0259sinin \u0130mi\u015fli sah\u0259sinin r\u0259isi \u00dcmidvar R\u00fcst\u0259mov Meydan TV-y\u0259 bildirib ki, Mirhasil M\u0259mm\u0259dovun evin\u0259 k\u00fc\u00e7\u0259 il\u0259 84 metrlik qaz borusu \u00e7\u0259kibl\u0259r. Onlar\u0131n i\u015fi bununla bitib:<br><\/p>\n\n\n\n<p>\u201cQalan i\u015fi podrat\u00e7\u0131 \u015firk\u0259t v\u0259 yaxud \u00f6z\u00fc h\u0259ll etm\u0259lidir. Y\u0259ni biz \u00f6hd\u0259miz\u0259 d\u00fc\u015f\u0259ni etmi\u015fik\u201d.<br><\/p>\n\n\n\n<p>Mirhasil M\u0259mm\u0259dov t\u0259sdirl\u0259yir ki, k\u00fc\u00e7\u0259 il\u0259 evinin yax\u0131nl\u0131\u011f\u0131na qaz x\u0259tti \u00e7\u0259kilib. Ancaq say\u011fac qoyulmay\u0131b v\u0259 h\u0259l\u0259 d\u0259 evd\u0259 qaz yoxdur:<br><\/p>\n\n\n\n<p>\u201cX\u0259tt birl\u0259\u015fm\u0259lidir, say\u011fac qoyulmal\u0131d\u0131r, onu etmirl\u0259r. Yen\u0259 bu g\u00fcn-sabaha sal\u0131r, m\u0259ni yuband\u0131r\u0131rlar. \u018fziyy\u0259tini d\u0259 biz \u00e7\u0259kirik\u201d.<\/p>\n","protected":false},"excerpt":{"rendered":"<p>\u201cBunlar k\u00f6m\u0259k ed\u0259n olsayd\u0131lar, m\u0259n Prezident Administrasiyas\u0131na yazmazd\u0131m ki\u2026\u201d \u201cQ\u0131\u015fda &#8230; <\/p>\n<p class=\"read-more-container\"><a title=\"\u0130mi\u015fli sakini: \u201cVilyam Hac\u0131yev getdi, ba\u015fqas\u0131 g\u0259ldi, he\u00e7 n\u0259 d\u0259yi\u015fm\u0259di\u201d\" class=\"read-more button\" href=\"https:\/\/www.meydan.tv\/az\/article\/imisli-sakini-vilyam-haciyev-getdi-basqasi-geldi-hec-ne-deyismedi\/#more-228287\" aria-label=\"Read more about \u0130mi\u015fli sakini: \u201cVilyam Hac\u0131yev getdi, ba\u015fqas\u0131 g\u0259ldi, he\u00e7 n\u0259 d\u0259yi\u015fm\u0259di\u201d\">Davam\u0131<\/a><\/p>\n","protected":false},"author":8,"featured_media":228281,"comment_status":"closed","ping_status":"closed","sticky":false,"template":"","format":"standard","meta":{"_acf_changed":false,"_sitemap_exclude":false,"_sitemap_priority":"","_sitemap_frequency":"","footnotes":""},"categories":[60,79,56],"tags":[],"class_list":["post-228287","post","type-post","status-publish","format-standard","has-post-thumbnail","hentry","category-bolge","category-featured","category-xeberler","infinite-scroll-item","generate-columns","tablet-grid-50","mobile-grid-100","grid-parent","grid-33","no-featured-image-padding"],"acf":[],"yoast_head":"<!-- This site is optimized with the Yoast SEO plugin v27.5 - https:\/\/yoast.com\/product\/yoast-seo-wordpress\/ -->\n<title>\u0130mi\u015fli sakini: \u201cVilyam Hac\u0131yev getdi, ba\u015fqas\u0131 g\u0259ldi, he\u00e7 n\u0259 d\u0259yi\u015fm\u0259di\u201d - MEYDAN.TV<\/title>\n<meta name=\"robots\" content=\"index, follow, max-snippet:-1, max-image-preview:large, max-video-preview:-1\" \/>\n<link rel=\"canonical\" href=\"https:\/\/www.meydan.tv\/az\/article\/imisli-sakini-vilyam-haciyev-getdi-basqasi-geldi-hec-ne-deyismedi\/\" \/>\n<meta property=\"og:locale\" content=\"az_AZ\" \/>\n<meta property=\"og:type\" content=\"article\" \/>\n<meta property=\"og:title\" content=\"\u0130mi\u015fli sakini: \u201cVilyam Hac\u0131yev getdi, ba\u015fqas\u0131 g\u0259ldi, he\u00e7 n\u0259 d\u0259yi\u015fm\u0259di\u201d - MEYDAN.TV\" \/>\n<meta property=\"og:description\" content=\"\u201cBunlar k\u00f6m\u0259k ed\u0259n olsayd\u0131lar, m\u0259n Prezident Administrasiyas\u0131na yazmazd\u0131m ki\u2026\u201d \u201cQ\u0131\u015fda ... Davam\u0131\" \/>\n<meta property=\"og:url\" content=\"https:\/\/www.meydan.tv\/az\/article\/imisli-sakini-vilyam-haciyev-getdi-basqasi-geldi-hec-ne-deyismedi\/\" \/>\n<meta property=\"og:site_name\" content=\"MEYDAN.TV\" \/>\n<meta property=\"article:published_time\" content=\"2021-12-02T09:13:33+00:00\" \/>\n<meta property=\"article:modified_time\" content=\"2021-12-02T09:13:36+00:00\" \/>\n<meta property=\"og:image\" content=\"https:\/\/www.meydan.tv\/wp-content\/uploads\/image00356-1-e1638436260240.jpeg\" \/>\n\t<meta property=\"og:image:width\" content=\"1200\" \/>\n\t<meta property=\"og:image:height\" content=\"612\" \/>\n\t<meta property=\"og:image:type\" content=\"image\/jpeg\" \/>\n<meta name=\"author\" content=\"elli\" \/>\n<meta name=\"twitter:card\" content=\"summary_large_image\" \/>\n<meta name=\"twitter:creator\" content=\"@elli\" \/>\n<script type=\"application\/ld+json\" class=\"yoast-schema-graph\">{\"@context\":\"https:\\\/\\\/schema.org\",\"@graph\":[{\"@type\":\"Article\",\"@id\":\"https:\\\/\\\/www.meydan.tv\\\/az\\\/article\\\/imisli-sakini-vilyam-haciyev-getdi-basqasi-geldi-hec-ne-deyismedi\\\/#article\",\"isPartOf\":{\"@id\":\"https:\\\/\\\/www.meydan.tv\\\/az\\\/article\\\/imisli-sakini-vilyam-haciyev-getdi-basqasi-geldi-hec-ne-deyismedi\\\/\"},\"author\":{\"name\":\"elli\",\"@id\":\"https:\\\/\\\/www.meydan.tv\\\/az\\\/#\\\/schema\\\/person\\\/9cdbecf90d17180ce1dfbd95b08dcf47\"},\"headline\":\"\u0130mi\u015fli sakini: \u201cVilyam Hac\u0131yev getdi, ba\u015fqas\u0131 g\u0259ldi, he\u00e7 n\u0259 d\u0259yi\u015fm\u0259di\u201d\",\"datePublished\":\"2021-12-02T09:13:33+00:00\",\"dateModified\":\"2021-12-02T09:13:36+00:00\",\"mainEntityOfPage\":{\"@id\":\"https:\\\/\\\/www.meydan.tv\\\/az\\\/article\\\/imisli-sakini-vilyam-haciyev-getdi-basqasi-geldi-hec-ne-deyismedi\\\/\"},\"wordCount\":729,\"publisher\":{\"@id\":\"https:\\\/\\\/www.meydan.tv\\\/az\\\/#organization\"},\"image\":{\"@id\":\"https:\\\/\\\/www.meydan.tv\\\/az\\\/article\\\/imisli-sakini-vilyam-haciyev-getdi-basqasi-geldi-hec-ne-deyismedi\\\/#primaryimage\"},\"thumbnailUrl\":\"https:\\\/\\\/www.meydan.tv\\\/wp-content\\\/uploads\\\/image00356-1-e1638436260240.jpeg\",\"articleSection\":[\"B\u00f6lg\u0259\",\"T\u00f6vsiy\u0259\",\"X\u0259b\u0259rl\u0259r\"],\"inLanguage\":\"az\"},{\"@type\":\"WebPage\",\"@id\":\"https:\\\/\\\/www.meydan.tv\\\/az\\\/article\\\/imisli-sakini-vilyam-haciyev-getdi-basqasi-geldi-hec-ne-deyismedi\\\/\",\"url\":\"https:\\\/\\\/www.meydan.tv\\\/az\\\/article\\\/imisli-sakini-vilyam-haciyev-getdi-basqasi-geldi-hec-ne-deyismedi\\\/\",\"name\":\"\u0130mi\u015fli sakini: \u201cVilyam Hac\u0131yev getdi, ba\u015fqas\u0131 g\u0259ldi, he\u00e7 n\u0259 d\u0259yi\u015fm\u0259di\u201d - MEYDAN.TV\",\"isPartOf\":{\"@id\":\"https:\\\/\\\/www.meydan.tv\\\/az\\\/#website\"},\"primaryImageOfPage\":{\"@id\":\"https:\\\/\\\/www.meydan.tv\\\/az\\\/article\\\/imisli-sakini-vilyam-haciyev-getdi-basqasi-geldi-hec-ne-deyismedi\\\/#primaryimage\"},\"image\":{\"@id\":\"https:\\\/\\\/www.meydan.tv\\\/az\\\/article\\\/imisli-sakini-vilyam-haciyev-getdi-basqasi-geldi-hec-ne-deyismedi\\\/#primaryimage\"},\"thumbnailUrl\":\"https:\\\/\\\/www.meydan.tv\\\/wp-content\\\/uploads\\\/image00356-1-e1638436260240.jpeg\",\"datePublished\":\"2021-12-02T09:13:33+00:00\",\"dateModified\":\"2021-12-02T09:13:36+00:00\",\"breadcrumb\":{\"@id\":\"https:\\\/\\\/www.meydan.tv\\\/az\\\/article\\\/imisli-sakini-vilyam-haciyev-getdi-basqasi-geldi-hec-ne-deyismedi\\\/#breadcrumb\"},\"inLanguage\":\"az\",\"potentialAction\":[{\"@type\":\"ReadAction\",\"target\":[\"https:\\\/\\\/www.meydan.tv\\\/az\\\/article\\\/imisli-sakini-vilyam-haciyev-getdi-basqasi-geldi-hec-ne-deyismedi\\\/\"]}]},{\"@type\":\"ImageObject\",\"inLanguage\":\"az\",\"@id\":\"https:\\\/\\\/www.meydan.tv\\\/az\\\/article\\\/imisli-sakini-vilyam-haciyev-getdi-basqasi-geldi-hec-ne-deyismedi\\\/#primaryimage\",\"url\":\"https:\\\/\\\/www.meydan.tv\\\/wp-content\\\/uploads\\\/image00356-1-e1638436260240.jpeg\",\"contentUrl\":\"https:\\\/\\\/www.meydan.tv\\\/wp-content\\\/uploads\\\/image00356-1-e1638436260240.jpeg\",\"width\":1200,\"height\":612,\"caption\":\"Mirhasil M\u0259mm\u0259dov, Foto: Meydan TV\"},{\"@type\":\"BreadcrumbList\",\"@id\":\"https:\\\/\\\/www.meydan.tv\\\/az\\\/article\\\/imisli-sakini-vilyam-haciyev-getdi-basqasi-geldi-hec-ne-deyismedi\\\/#breadcrumb\",\"itemListElement\":[{\"@type\":\"ListItem\",\"position\":1,\"name\":\"Ana s\u0259hif\u0259\",\"item\":\"https:\\\/\\\/www.meydan.tv\\\/az\\\/\"},{\"@type\":\"ListItem\",\"position\":2,\"name\":\"B\u00f6lg\u0259\",\"item\":\"https:\\\/\\\/www.meydan.tv\\\/az\\\/section\\\/bolge\\\/\"},{\"@type\":\"ListItem\",\"position\":3,\"name\":\"\u0130mi\u015fli sakini: \u201cVilyam Hac\u0131yev getdi, ba\u015fqas\u0131 g\u0259ldi, he\u00e7 n\u0259 d\u0259yi\u015fm\u0259di\u201d\"}]},{\"@type\":\"WebSite\",\"@id\":\"https:\\\/\\\/www.meydan.tv\\\/az\\\/#website\",\"url\":\"https:\\\/\\\/www.meydan.tv\\\/az\\\/\",\"name\":\"MEYDAN.TV\",\"description\":\"Meydan TV Az\u0259rbaycan\u0131n media m\u0259kan\u0131ndak\u0131 alternativ s\u0259sidir\",\"publisher\":{\"@id\":\"https:\\\/\\\/www.meydan.tv\\\/az\\\/#organization\"},\"potentialAction\":[{\"@type\":\"SearchAction\",\"target\":{\"@type\":\"EntryPoint\",\"urlTemplate\":\"https:\\\/\\\/www.meydan.tv\\\/az\\\/?s={search_term_string}\"},\"query-input\":{\"@type\":\"PropertyValueSpecification\",\"valueRequired\":true,\"valueName\":\"search_term_string\"}}],\"inLanguage\":\"az\"},{\"@type\":\"Organization\",\"@id\":\"https:\\\/\\\/www.meydan.tv\\\/az\\\/#organization\",\"name\":\"Meydan TV\",\"url\":\"https:\\\/\\\/www.meydan.tv\\\/az\\\/\",\"logo\":{\"@type\":\"ImageObject\",\"inLanguage\":\"az\",\"@id\":\"https:\\\/\\\/www.meydan.tv\\\/az\\\/#\\\/schema\\\/logo\\\/image\\\/\",\"url\":\"https:\\\/\\\/www.meydan.tv\\\/wp-content\\\/uploads\\\/2021\\\/07\\\/meydan-logo.svg\",\"contentUrl\":\"https:\\\/\\\/www.meydan.tv\\\/wp-content\\\/uploads\\\/2021\\\/07\\\/meydan-logo.svg\",\"width\":195,\"height\":46,\"caption\":\"Meydan TV\"},\"image\":{\"@id\":\"https:\\\/\\\/www.meydan.tv\\\/az\\\/#\\\/schema\\\/logo\\\/image\\\/\"}},{\"@type\":\"Person\",\"@id\":\"https:\\\/\\\/www.meydan.tv\\\/az\\\/#\\\/schema\\\/person\\\/9cdbecf90d17180ce1dfbd95b08dcf47\",\"name\":\"elli\",\"sameAs\":[\"https:\\\/\\\/x.com\\\/elli\"]}]}<\/script>\n<!-- \/ Yoast SEO plugin. -->","yoast_head_json":{"title":"\u0130mi\u015fli sakini: \u201cVilyam Hac\u0131yev getdi, ba\u015fqas\u0131 g\u0259ldi, he\u00e7 n\u0259 d\u0259yi\u015fm\u0259di\u201d - MEYDAN.TV","robots":{"index":"index","follow":"follow","max-snippet":"max-snippet:-1","max-image-preview":"max-image-preview:large","max-video-preview":"max-video-preview:-1"},"canonical":"https:\/\/www.meydan.tv\/az\/article\/imisli-sakini-vilyam-haciyev-getdi-basqasi-geldi-hec-ne-deyismedi\/","og_locale":"az_AZ","og_type":"article","og_title":"\u0130mi\u015fli sakini: \u201cVilyam Hac\u0131yev getdi, ba\u015fqas\u0131 g\u0259ldi, he\u00e7 n\u0259 d\u0259yi\u015fm\u0259di\u201d - MEYDAN.TV","og_description":"\u201cBunlar k\u00f6m\u0259k ed\u0259n olsayd\u0131lar, m\u0259n Prezident Administrasiyas\u0131na yazmazd\u0131m ki\u2026\u201d \u201cQ\u0131\u015fda ... Davam\u0131","og_url":"https:\/\/www.meydan.tv\/az\/article\/imisli-sakini-vilyam-haciyev-getdi-basqasi-geldi-hec-ne-deyismedi\/","og_site_name":"MEYDAN.TV","article_published_time":"2021-12-02T09:13:33+00:00","article_modified_time":"2021-12-02T09:13:36+00:00","og_image":[{"width":1200,"height":612,"url":"https:\/\/www.meydan.tv\/wp-content\/uploads\/image00356-1-e1638436260240.jpeg","type":"image\/jpeg"}],"author":"elli","twitter_card":"summary_large_image","twitter_creator":"@elli","schema":{"@context":"https:\/\/schema.org","@graph":[{"@type":"Article","@id":"https:\/\/www.meydan.tv\/az\/article\/imisli-sakini-vilyam-haciyev-getdi-basqasi-geldi-hec-ne-deyismedi\/#article","isPartOf":{"@id":"https:\/\/www.meydan.tv\/az\/article\/imisli-sakini-vilyam-haciyev-getdi-basqasi-geldi-hec-ne-deyismedi\/"},"author":{"name":"elli","@id":"https:\/\/www.meydan.tv\/az\/#\/schema\/person\/9cdbecf90d17180ce1dfbd95b08dcf47"},"headline":"\u0130mi\u015fli sakini: \u201cVilyam Hac\u0131yev getdi, ba\u015fqas\u0131 g\u0259ldi, he\u00e7 n\u0259 d\u0259yi\u015fm\u0259di\u201d","datePublished":"2021-12-02T09:13:33+00:00","dateModified":"2021-12-02T09:13:36+00:00","mainEntityOfPage":{"@id":"https:\/\/www.meydan.tv\/az\/article\/imisli-sakini-vilyam-haciyev-getdi-basqasi-geldi-hec-ne-deyismedi\/"},"wordCount":729,"publisher":{"@id":"https:\/\/www.meydan.tv\/az\/#organization"},"image":{"@id":"https:\/\/www.meydan.tv\/az\/article\/imisli-sakini-vilyam-haciyev-getdi-basqasi-geldi-hec-ne-deyismedi\/#primaryimage"},"thumbnailUrl":"https:\/\/www.meydan.tv\/wp-content\/uploads\/image00356-1-e1638436260240.jpeg","articleSection":["B\u00f6lg\u0259","T\u00f6vsiy\u0259","X\u0259b\u0259rl\u0259r"],"inLanguage":"az"},{"@type":"WebPage","@id":"https:\/\/www.meydan.tv\/az\/article\/imisli-sakini-vilyam-haciyev-getdi-basqasi-geldi-hec-ne-deyismedi\/","url":"https:\/\/www.meydan.tv\/az\/article\/imisli-sakini-vilyam-haciyev-getdi-basqasi-geldi-hec-ne-deyismedi\/","name":"\u0130mi\u015fli sakini: \u201cVilyam Hac\u0131yev getdi, ba\u015fqas\u0131 g\u0259ldi, he\u00e7 n\u0259 d\u0259yi\u015fm\u0259di\u201d - MEYDAN.TV","isPartOf":{"@id":"https:\/\/www.meydan.tv\/az\/#website"},"primaryImageOfPage":{"@id":"https:\/\/www.meydan.tv\/az\/article\/imisli-sakini-vilyam-haciyev-getdi-basqasi-geldi-hec-ne-deyismedi\/#primaryimage"},"image":{"@id":"https:\/\/www.meydan.tv\/az\/article\/imisli-sakini-vilyam-haciyev-getdi-basqasi-geldi-hec-ne-deyismedi\/#primaryimage"},"thumbnailUrl":"https:\/\/www.meydan.tv\/wp-content\/uploads\/image00356-1-e1638436260240.jpeg","datePublished":"2021-12-02T09:13:33+00:00","dateModified":"2021-12-02T09:13:36+00:00","breadcrumb":{"@id":"https:\/\/www.meydan.tv\/az\/article\/imisli-sakini-vilyam-haciyev-getdi-basqasi-geldi-hec-ne-deyismedi\/#breadcrumb"},"inLanguage":"az","potentialAction":[{"@type":"ReadAction","target":["https:\/\/www.meydan.tv\/az\/article\/imisli-sakini-vilyam-haciyev-getdi-basqasi-geldi-hec-ne-deyismedi\/"]}]},{"@type":"ImageObject","inLanguage":"az","@id":"https:\/\/www.meydan.tv\/az\/article\/imisli-sakini-vilyam-haciyev-getdi-basqasi-geldi-hec-ne-deyismedi\/#primaryimage","url":"https:\/\/www.meydan.tv\/wp-content\/uploads\/image00356-1-e1638436260240.jpeg","contentUrl":"https:\/\/www.meydan.tv\/wp-content\/uploads\/image00356-1-e1638436260240.jpeg","width":1200,"height":612,"caption":"Mirhasil M\u0259mm\u0259dov, Foto: Meydan TV"},{"@type":"BreadcrumbList","@id":"https:\/\/www.meydan.tv\/az\/article\/imisli-sakini-vilyam-haciyev-getdi-basqasi-geldi-hec-ne-deyismedi\/#breadcrumb","itemListElement":[{"@type":"ListItem","position":1,"name":"Ana s\u0259hif\u0259","item":"https:\/\/www.meydan.tv\/az\/"},{"@type":"ListItem","position":2,"name":"B\u00f6lg\u0259","item":"https:\/\/www.meydan.tv\/az\/section\/bolge\/"},{"@type":"ListItem","position":3,"name":"\u0130mi\u015fli sakini: \u201cVilyam Hac\u0131yev getdi, ba\u015fqas\u0131 g\u0259ldi, he\u00e7 n\u0259 d\u0259yi\u015fm\u0259di\u201d"}]},{"@type":"WebSite","@id":"https:\/\/www.meydan.tv\/az\/#website","url":"https:\/\/www.meydan.tv\/az\/","name":"MEYDAN.TV","description":"Meydan TV Az\u0259rbaycan\u0131n media m\u0259kan\u0131ndak\u0131 alternativ s\u0259sidir","publisher":{"@id":"https:\/\/www.meydan.tv\/az\/#organization"},"potentialAction":[{"@type":"SearchAction","target":{"@type":"EntryPoint","urlTemplate":"https:\/\/www.meydan.tv\/az\/?s={search_term_string}"},"query-input":{"@type":"PropertyValueSpecification","valueRequired":true,"valueName":"search_term_string"}}],"inLanguage":"az"},{"@type":"Organization","@id":"https:\/\/www.meydan.tv\/az\/#organization","name":"Meydan TV","url":"https:\/\/www.meydan.tv\/az\/","logo":{"@type":"ImageObject","inLanguage":"az","@id":"https:\/\/www.meydan.tv\/az\/#\/schema\/logo\/image\/","url":"https:\/\/www.meydan.tv\/wp-content\/uploads\/2021\/07\/meydan-logo.svg","contentUrl":"https:\/\/www.meydan.tv\/wp-content\/uploads\/2021\/07\/meydan-logo.svg","width":195,"height":46,"caption":"Meydan TV"},"image":{"@id":"https:\/\/www.meydan.tv\/az\/#\/schema\/logo\/image\/"}},{"@type":"Person","@id":"https:\/\/www.meydan.tv\/az\/#\/schema\/person\/9cdbecf90d17180ce1dfbd95b08dcf47","name":"elli","sameAs":["https:\/\/x.com\/elli"]}]}},"_links":{"self":[{"href":"https:\/\/www.meydan.tv\/az\/wp-json\/wp\/v2\/posts\/228287","targetHints":{"allow":["GET"]}}],"collection":[{"href":"https:\/\/www.meydan.tv\/az\/wp-json\/wp\/v2\/posts"}],"about":[{"href":"https:\/\/www.meydan.tv\/az\/wp-json\/wp\/v2\/types\/post"}],"author":[{"embeddable":true,"href":"https:\/\/www.meydan.tv\/az\/wp-json\/wp\/v2\/users\/8"}],"replies":[{"embeddable":true,"href":"https:\/\/www.meydan.tv\/az\/wp-json\/wp\/v2\/comments?post=228287"}],"version-history":[{"count":2,"href":"https:\/\/www.meydan.tv\/az\/wp-json\/wp\/v2\/posts\/228287\/revisions"}],"predecessor-version":[{"id":228290,"href":"https:\/\/www.meydan.tv\/az\/wp-json\/wp\/v2\/posts\/228287\/revisions\/228290"}],"wp:featuredmedia":[{"embeddable":true,"href":"https:\/\/www.meydan.tv\/az\/wp-json\/wp\/v2\/media\/228281"}],"wp:attachment":[{"href":"https:\/\/www.meydan.tv\/az\/wp-json\/wp\/v2\/media?parent=228287"}],"wp:term":[{"taxonomy":"category","embeddable":true,"href":"https:\/\/www.meydan.tv\/az\/wp-json\/wp\/v2\/categories?post=228287"},{"taxonomy":"post_tag","embeddable":true,"href":"https:\/\/www.meydan.tv\/az\/wp-json\/wp\/v2\/tags?post=228287"}],"curies":[{"name":"wp","href":"https:\/\/api.w.org\/{rel}","templated":true}]}}