{"id":228068,"date":"2021-11-30T20:33:48","date_gmt":"2021-11-30T16:33:48","guid":{"rendered":"https:\/\/www.meydan.tv\/?p=228068"},"modified":"2021-11-30T20:34:08","modified_gmt":"2021-11-30T16:34:08","slug":"yataqxana-sakinleri-memur-burda-mal-heyvanini-da-saxlamaz","status":"publish","type":"post","link":"https:\/\/www.meydan.tv\/az\/article\/yataqxana-sakinleri-memur-burda-mal-heyvanini-da-saxlamaz\/","title":{"rendered":"Yataqxana sakinl\u0259ri: \u201cM\u0259mur burda mal-heyvan\u0131n\u0131 da saxlamaz\u201d"},"content":{"rendered":"\n<p><em>\u201cBir \u0259lac\u0131m\u0131z qal\u0131b, \u00e7\u0131xaq binan\u0131n qar\u015f\u0131s\u0131nda \u00e7ad\u0131r quraq, b\u0259lk\u0259 diqq\u0259ti \u00e7\u0259k\u0259 bildik\u201d<\/em><br><\/p>\n\n\n\n<p>\u201cHamam yox, tualetl\u0259r pis v\u0259ziyy\u0259td\u0259, m\u0259tb\u0259x d\u0259 h\u0259m\u00e7inin\u2026 Hans\u0131n\u0131 dey\u0259s\u0259n? Divarlardak\u0131 \u00e7atlar adam\u0131n \u00fcst\u00fcn\u0259 g\u0259lir. U\u015faqlar astma x\u0259st\u0259liyi il\u0259 do\u011fulur. X\u0259st\u0259lik ba\u015f al\u0131b gedir. Kiminin \u00fcr\u0259yi qubarlay\u0131r, kiminin b\u00f6yr\u0259kl\u0259ri \u0259ld\u0259n gedir\u2026\u201d<br><\/p>\n\n\n\n<p>Sumqay\u0131tdak\u0131 15-ci m\u0259h\u0259ll\u0259d\u0259 yerl\u0259\u015f\u0259n 16 sayl\u0131 yataqxanan\u0131n sakinl\u0259ri Meydan TV-y\u0259 \u00fcz tutublar. Onlar bildirir ki, ya\u015fad\u0131qlar\u0131 yataqxana h\u0259yatlar\u0131 \u00fc\u00e7\u00fcn t\u0259hl\u00fck\u0259 m\u0259nb\u0259yin\u0259 \u00e7evrilib. Bu yataqxanada bir ne\u00e7\u0259 d\u0259f\u0259 u\u00e7qun da ba\u015f verib.<br><\/p>\n\n\n\n<div class=\"wp-block-image\"><figure class=\"alignleft size-full is-resized\"><img decoding=\"async\" data-src=\"https:\/\/www.meydan.tv\/wp-content\/uploads\/untitled-design-3-3.gif\" alt=\"\" class=\"wp-image-228065 lazyload\" width=\"497\" height=\"331\" src=\"data:image\/svg+xml;base64,PHN2ZyB3aWR0aD0iMSIgaGVpZ2h0PSIxIiB4bWxucz0iaHR0cDovL3d3dy53My5vcmcvMjAwMC9zdmciPjwvc3ZnPg==\" style=\"--smush-placeholder-width: 497px; --smush-placeholder-aspect-ratio: 497\/331;\" \/><figcaption>Sumqay\u0131t \u015f\u0259h\u0259ri,  16 sayl\u0131 yataqxana<\/figcaption><\/figure><\/div>\n\n\n\n<p><strong>\u201c\u00c7\u00f6k\u0259n binan\u0131n divarlar\u0131n\u0131 boyay\u0131b getdil\u0259r\u201d<br><\/strong><\/p>\n\n\n\n<p>Sakinl\u0259rin s\u00f6zl\u0259rin\u0259 g\u00f6r\u0259, sonuncu d\u0259f\u0259 u\u00e7qun bu ilin yay\u0131nda olub:<br><\/p>\n\n\n\n<p>\u201cYayda burda yen\u0259 u\u00e7qun oldu, insanlar binadan \u00e7\u0131x\u0131b qa\u00e7d\u0131. G\u00fcnl\u0259rl\u0259 evl\u0259rimiz\u0259 y\u0131\u011f\u0131\u015fma\u011fa qorxurduq. T\u0259xmin\u0259n 1 ildir ki, binada kosmetik t\u0259mir i\u015fl\u0259ri apar\u0131l\u0131b, ancaq yayda ba\u015f ver\u0259n u\u00e7qun n\u0259tic\u0259sind\u0259 o t\u0259mir d\u0259 zay oldu. Adama sual ver\u0259rl\u0259r ki, q\u0259zal\u0131 binan\u0131 niy\u0259 t\u0259mir edirs\u0259n? \u018fvv\u0259l t\u0259m\u0259lini, divar\u0131n\u0131 m\u00f6hk\u0259ml\u0259ndir, sonra t\u0259mir et\u2026 Bina \u00e7\u00f6k\u00fcr, bunlar adamlar\u0131n g\u00f6z\u00fcnd\u0259n p\u0259rd\u0259 asmaq \u00fc\u00e7\u00fcn \u00e7\u00f6km\u0259kd\u0259 olan binan\u0131n divar\u0131n\u0131 boyay\u0131rlar\u201d.<br><\/p>\n\n\n\n<p>Binadak\u0131 kommunikasiya x\u0259tl\u0259ri \u00e7oxan s\u0131radan \u00e7\u0131x\u0131b. \u0130\u015f\u0131q x\u0259tl\u0259ri q\u0259zal\u0131 v\u0259ziyy\u0259td\u0259dir. Kanalizasiya x\u0259tl\u0259ri is\u0259 \u00fcmumiyy\u0259tl\u0259, i\u015fl\u0259mir. R\u00fctub\u0259t, zirz\u0259miy\u0259 y\u0131\u011f\u0131lan \u00e7irkab su \u0259sas\u0259n qocalar\u0131n v\u0259 u\u015faqlar\u0131n sa\u011flaml\u0131\u011f\u0131na t\u0259hl\u00fck\u0259 yarad\u0131r. Bir ne\u00e7\u0259 ail\u0259nin azya\u015fl\u0131 \u00fczv\u00fc sa\u011falmaz x\u0259st\u0259liy\u0259 tutulub.<br><\/p>\n\n\n\n<div class=\"wp-block-image\"><figure class=\"alignright size-full is-resized\"><img decoding=\"async\" data-src=\"https:\/\/www.meydan.tv\/wp-content\/uploads\/untitled-design-4-4.gif\" alt=\"\" class=\"wp-image-228069 lazyload\" width=\"522\" height=\"348\" src=\"data:image\/svg+xml;base64,PHN2ZyB3aWR0aD0iMSIgaGVpZ2h0PSIxIiB4bWxucz0iaHR0cDovL3d3dy53My5vcmcvMjAwMC9zdmciPjwvc3ZnPg==\" style=\"--smush-placeholder-width: 522px; --smush-placeholder-aspect-ratio: 522\/348;\" \/><figcaption>Sumqay\u0131t \u015f\u0259h\u0259ri, 16 sayl\u0131 yataqxana<\/figcaption><\/figure><\/div>\n\n\n\n<p><strong>\u201cBurda mal-heyvan da saxlamazlar\u201d<br><\/strong><\/p>\n\n\n\n<p>Sakinl\u0259r dan\u0131\u015f\u0131r ki, h\u0259r d\u0259f\u0259 etiraz ed\u0259nd\u0259 yerli icra hakimiyy\u0259ti binan\u0131n d\u0259hlizl\u0259rind\u0259 kosmetik t\u0259mir i\u015fl\u0259ri apar\u0131r:<br><\/p>\n\n\n\n<p>\u201cD\u0259hlizl\u0259rd\u0259 i\u015f\u0131q kabell\u0259ri q\u0259zal\u0131d\u0131r, h\u0259r an q\u0131saqapanma, yan\u011f\u0131n t\u0259hl\u00fck\u0259si var. D\u0259f\u0259l\u0259rl\u0259 yan\u011f\u0131n ba\u015f verib, gec\u0259yl\u0259 k\u00fc\u00e7\u0259y\u0259 t\u00f6k\u00fcl\u00fc\u015fm\u00fc\u015f\u00fck. \u0130\u015f\u0131q idar\u0259sinin i\u015f\u00e7il\u0259rini \u00e7a\u011f\u0131randa g\u0259lib deyirl\u0259r, bezdirmisiz bizi\u2026 Beton plit\u0259l\u0259r qaba\u011fa g\u0259lib, bir g\u00fcn a\u015facaq, alt\u0131nda qalaca\u011f\u0131q. M\u0259mur \u00f6z mal-heyvan\u0131n\u0131 da bel\u0259 xarabal\u0131qda saxlamaz. Biz is\u0259 uzun ill\u0259rdir bu u\u00e7uq, s\u00f6k\u00fck binada ya\u015fama\u011fa m\u0259cburuq\u201d.<br><\/p>\n\n\n\n<p>Sakinl\u0259r ara-s\u0131ra el\u0259 binan\u0131n qar\u015f\u0131s\u0131na topla\u015f\u0131b etiraz s\u0259sl\u0259rini qald\u0131r\u0131rlar:<br><\/p>\n\n\n\n<p>\u201cBir d\u0259f\u0259 aya\u011fa qalxd\u0131q, bizi sakitl\u0259\u015fdirm\u0259k \u00fc\u00e7\u00fcn g\u0259lib ora-bura suvaq \u00e7\u0259kdil\u0259r, getdil\u0259r. Onlar ged\u0259nd\u0259n sonra suvaqlar da qopub t\u00f6k\u00fcld\u00fc. Yuxar\u0131 m\u0259rt\u0259b\u0259d\u0259ki tualetd\u0259n d\u00fcz yatd\u0131\u011f\u0131m\u0131z yer\u0259 divardan sidik s\u00fcz\u00fcl\u00fcb g\u0259lir. Bir \u0259lac\u0131m\u0131z qal\u0131b, \u00e7\u0131xaq binan\u0131n qar\u015f\u0131s\u0131nda \u00e7ad\u0131r quraq, b\u0259lk\u0259 diqq\u0259ti \u00e7\u0259k\u0259 bildik\u201d.<br>Yataqxana sakinl\u0259rinin bir ist\u0259yi var \u2013 ba\u015fqa yer\u0259 k\u00f6\u00e7\u00fcr\u00fclm\u0259k\u2026<br><\/p>\n\n\n\n<div class=\"wp-block-image\"><figure class=\"alignleft size-full is-resized\"><img decoding=\"async\" data-src=\"https:\/\/www.meydan.tv\/wp-content\/uploads\/untitled-design-6-2.gif\" alt=\"\" class=\"wp-image-228075 lazyload\" width=\"523\" height=\"348\" src=\"data:image\/svg+xml;base64,PHN2ZyB3aWR0aD0iMSIgaGVpZ2h0PSIxIiB4bWxucz0iaHR0cDovL3d3dy53My5vcmcvMjAwMC9zdmciPjwvc3ZnPg==\" style=\"--smush-placeholder-width: 523px; --smush-placeholder-aspect-ratio: 523\/348;\" \/><figcaption>Sumqay\u0131t \u015f\u0259h\u0259ri,  16 sayl\u0131 yataqxana<\/figcaption><\/figure><\/div>\n\n\n\n<p>Sumqay\u0131t \u015e\u0259h\u0259r \u0130cra Hakimiyy\u0259tind\u0259n Meydan TV-y\u0259 bildirilib ki, yataqxanaya bax\u0131\u015f ke\u00e7irilib, aidiyy\u0259ti qurumlar m\u0259lumatland\u0131r\u0131l\u0131b. Yax\u0131n vaxtlarda binayla ba\u011fl\u0131 q\u0259rar veril\u0259c\u0259k.<br><\/p>\n\n\n\n<p>16 sayl\u0131 yataqxana binas\u0131 60 ild\u0259n \u00e7oxdur istismara verilib v\u0259 istismar m\u00fcdd\u0259tini \u00e7oxdan ba\u015fa vurub. Binada he\u00e7 vaxt \u0259sasl\u0131 t\u0259mir i\u015fl\u0259ri apar\u0131lmay\u0131b. Be\u015fm\u0259rt\u0259b\u0259li binada 100-d\u0259n \u00e7ox ail\u0259 ya\u015fay\u0131r.<\/p>\n","protected":false},"excerpt":{"rendered":"<p>\u201cBir \u0259lac\u0131m\u0131z qal\u0131b, \u00e7\u0131xaq binan\u0131n qar\u015f\u0131s\u0131nda \u00e7ad\u0131r quraq, b\u0259lk\u0259 diqq\u0259ti &#8230; <\/p>\n<p class=\"read-more-container\"><a title=\"Yataqxana sakinl\u0259ri: \u201cM\u0259mur burda mal-heyvan\u0131n\u0131 da saxlamaz\u201d\" class=\"read-more button\" href=\"https:\/\/www.meydan.tv\/az\/article\/yataqxana-sakinleri-memur-burda-mal-heyvanini-da-saxlamaz\/#more-228068\" aria-label=\"Read more about Yataqxana sakinl\u0259ri: \u201cM\u0259mur burda mal-heyvan\u0131n\u0131 da saxlamaz\u201d\">Davam\u0131<\/a><\/p>\n","protected":false},"author":8,"featured_media":228062,"comment_status":"closed","ping_status":"closed","sticky":false,"template":"","format":"standard","meta":{"_acf_changed":false,"_sitemap_exclude":false,"_sitemap_priority":"","_sitemap_frequency":"","footnotes":""},"categories":[60,79,56],"tags":[],"class_list":["post-228068","post","type-post","status-publish","format-standard","has-post-thumbnail","hentry","category-bolge","category-featured","category-xeberler","infinite-scroll-item","generate-columns","tablet-grid-50","mobile-grid-100","grid-parent","grid-33","no-featured-image-padding"],"acf":[],"yoast_head":"<!-- This site is optimized with the Yoast SEO plugin v27.5 - https:\/\/yoast.com\/product\/yoast-seo-wordpress\/ -->\n<title>Yataqxana sakinl\u0259ri: \u201cM\u0259mur burda mal-heyvan\u0131n\u0131 da saxlamaz\u201d - MEYDAN.TV<\/title>\n<meta name=\"robots\" content=\"index, follow, max-snippet:-1, max-image-preview:large, max-video-preview:-1\" \/>\n<link rel=\"canonical\" href=\"https:\/\/www.meydan.tv\/az\/article\/yataqxana-sakinleri-memur-burda-mal-heyvanini-da-saxlamaz\/\" \/>\n<meta property=\"og:locale\" content=\"az_AZ\" \/>\n<meta property=\"og:type\" content=\"article\" \/>\n<meta property=\"og:title\" content=\"Yataqxana sakinl\u0259ri: \u201cM\u0259mur burda mal-heyvan\u0131n\u0131 da saxlamaz\u201d - MEYDAN.TV\" \/>\n<meta property=\"og:description\" content=\"\u201cBir \u0259lac\u0131m\u0131z qal\u0131b, \u00e7\u0131xaq binan\u0131n qar\u015f\u0131s\u0131nda \u00e7ad\u0131r quraq, b\u0259lk\u0259 diqq\u0259ti ... Davam\u0131\" \/>\n<meta property=\"og:url\" content=\"https:\/\/www.meydan.tv\/az\/article\/yataqxana-sakinleri-memur-burda-mal-heyvanini-da-saxlamaz\/\" \/>\n<meta property=\"og:site_name\" content=\"MEYDAN.TV\" \/>\n<meta property=\"article:published_time\" content=\"2021-11-30T16:33:48+00:00\" \/>\n<meta property=\"article:modified_time\" content=\"2021-11-30T16:34:08+00:00\" \/>\n<meta property=\"og:image\" content=\"https:\/\/www.meydan.tv\/wp-content\/uploads\/untitled-design-18.gif\" \/>\n\t<meta property=\"og:image:width\" content=\"1200\" \/>\n\t<meta property=\"og:image:height\" content=\"800\" \/>\n\t<meta property=\"og:image:type\" content=\"image\/gif\" \/>\n<meta name=\"author\" content=\"elli\" \/>\n<meta name=\"twitter:card\" content=\"summary_large_image\" \/>\n<meta name=\"twitter:creator\" content=\"@elli\" \/>\n<script type=\"application\/ld+json\" class=\"yoast-schema-graph\">{\"@context\":\"https:\\\/\\\/schema.org\",\"@graph\":[{\"@type\":\"Article\",\"@id\":\"https:\\\/\\\/www.meydan.tv\\\/az\\\/article\\\/yataqxana-sakinleri-memur-burda-mal-heyvanini-da-saxlamaz\\\/#article\",\"isPartOf\":{\"@id\":\"https:\\\/\\\/www.meydan.tv\\\/az\\\/article\\\/yataqxana-sakinleri-memur-burda-mal-heyvanini-da-saxlamaz\\\/\"},\"author\":{\"name\":\"elli\",\"@id\":\"https:\\\/\\\/www.meydan.tv\\\/az\\\/#\\\/schema\\\/person\\\/9cdbecf90d17180ce1dfbd95b08dcf47\"},\"headline\":\"Yataqxana sakinl\u0259ri: \u201cM\u0259mur burda mal-heyvan\u0131n\u0131 da saxlamaz\u201d\",\"datePublished\":\"2021-11-30T16:33:48+00:00\",\"dateModified\":\"2021-11-30T16:34:08+00:00\",\"mainEntityOfPage\":{\"@id\":\"https:\\\/\\\/www.meydan.tv\\\/az\\\/article\\\/yataqxana-sakinleri-memur-burda-mal-heyvanini-da-saxlamaz\\\/\"},\"wordCount\":666,\"publisher\":{\"@id\":\"https:\\\/\\\/www.meydan.tv\\\/az\\\/#organization\"},\"image\":{\"@id\":\"https:\\\/\\\/www.meydan.tv\\\/az\\\/article\\\/yataqxana-sakinleri-memur-burda-mal-heyvanini-da-saxlamaz\\\/#primaryimage\"},\"thumbnailUrl\":\"https:\\\/\\\/www.meydan.tv\\\/wp-content\\\/uploads\\\/untitled-design-18.gif\",\"articleSection\":[\"B\u00f6lg\u0259\",\"T\u00f6vsiy\u0259\",\"X\u0259b\u0259rl\u0259r\"],\"inLanguage\":\"az\"},{\"@type\":\"WebPage\",\"@id\":\"https:\\\/\\\/www.meydan.tv\\\/az\\\/article\\\/yataqxana-sakinleri-memur-burda-mal-heyvanini-da-saxlamaz\\\/\",\"url\":\"https:\\\/\\\/www.meydan.tv\\\/az\\\/article\\\/yataqxana-sakinleri-memur-burda-mal-heyvanini-da-saxlamaz\\\/\",\"name\":\"Yataqxana sakinl\u0259ri: \u201cM\u0259mur burda mal-heyvan\u0131n\u0131 da saxlamaz\u201d - MEYDAN.TV\",\"isPartOf\":{\"@id\":\"https:\\\/\\\/www.meydan.tv\\\/az\\\/#website\"},\"primaryImageOfPage\":{\"@id\":\"https:\\\/\\\/www.meydan.tv\\\/az\\\/article\\\/yataqxana-sakinleri-memur-burda-mal-heyvanini-da-saxlamaz\\\/#primaryimage\"},\"image\":{\"@id\":\"https:\\\/\\\/www.meydan.tv\\\/az\\\/article\\\/yataqxana-sakinleri-memur-burda-mal-heyvanini-da-saxlamaz\\\/#primaryimage\"},\"thumbnailUrl\":\"https:\\\/\\\/www.meydan.tv\\\/wp-content\\\/uploads\\\/untitled-design-18.gif\",\"datePublished\":\"2021-11-30T16:33:48+00:00\",\"dateModified\":\"2021-11-30T16:34:08+00:00\",\"breadcrumb\":{\"@id\":\"https:\\\/\\\/www.meydan.tv\\\/az\\\/article\\\/yataqxana-sakinleri-memur-burda-mal-heyvanini-da-saxlamaz\\\/#breadcrumb\"},\"inLanguage\":\"az\",\"potentialAction\":[{\"@type\":\"ReadAction\",\"target\":[\"https:\\\/\\\/www.meydan.tv\\\/az\\\/article\\\/yataqxana-sakinleri-memur-burda-mal-heyvanini-da-saxlamaz\\\/\"]}]},{\"@type\":\"ImageObject\",\"inLanguage\":\"az\",\"@id\":\"https:\\\/\\\/www.meydan.tv\\\/az\\\/article\\\/yataqxana-sakinleri-memur-burda-mal-heyvanini-da-saxlamaz\\\/#primaryimage\",\"url\":\"https:\\\/\\\/www.meydan.tv\\\/wp-content\\\/uploads\\\/untitled-design-18.gif\",\"contentUrl\":\"https:\\\/\\\/www.meydan.tv\\\/wp-content\\\/uploads\\\/untitled-design-18.gif\",\"width\":1200,\"height\":800,\"caption\":\"Sumqay\u0131t \u015f\u0259h\u0259ri, 16 sayl\u0131 yataqxana, Foto: Meydan TV\"},{\"@type\":\"BreadcrumbList\",\"@id\":\"https:\\\/\\\/www.meydan.tv\\\/az\\\/article\\\/yataqxana-sakinleri-memur-burda-mal-heyvanini-da-saxlamaz\\\/#breadcrumb\",\"itemListElement\":[{\"@type\":\"ListItem\",\"position\":1,\"name\":\"Ana s\u0259hif\u0259\",\"item\":\"https:\\\/\\\/www.meydan.tv\\\/az\\\/\"},{\"@type\":\"ListItem\",\"position\":2,\"name\":\"B\u00f6lg\u0259\",\"item\":\"https:\\\/\\\/www.meydan.tv\\\/az\\\/section\\\/bolge\\\/\"},{\"@type\":\"ListItem\",\"position\":3,\"name\":\"Yataqxana sakinl\u0259ri: \u201cM\u0259mur burda mal-heyvan\u0131n\u0131 da saxlamaz\u201d\"}]},{\"@type\":\"WebSite\",\"@id\":\"https:\\\/\\\/www.meydan.tv\\\/az\\\/#website\",\"url\":\"https:\\\/\\\/www.meydan.tv\\\/az\\\/\",\"name\":\"MEYDAN.TV\",\"description\":\"Meydan TV Az\u0259rbaycan\u0131n media m\u0259kan\u0131ndak\u0131 alternativ s\u0259sidir\",\"publisher\":{\"@id\":\"https:\\\/\\\/www.meydan.tv\\\/az\\\/#organization\"},\"potentialAction\":[{\"@type\":\"SearchAction\",\"target\":{\"@type\":\"EntryPoint\",\"urlTemplate\":\"https:\\\/\\\/www.meydan.tv\\\/az\\\/?s={search_term_string}\"},\"query-input\":{\"@type\":\"PropertyValueSpecification\",\"valueRequired\":true,\"valueName\":\"search_term_string\"}}],\"inLanguage\":\"az\"},{\"@type\":\"Organization\",\"@id\":\"https:\\\/\\\/www.meydan.tv\\\/az\\\/#organization\",\"name\":\"Meydan TV\",\"url\":\"https:\\\/\\\/www.meydan.tv\\\/az\\\/\",\"logo\":{\"@type\":\"ImageObject\",\"inLanguage\":\"az\",\"@id\":\"https:\\\/\\\/www.meydan.tv\\\/az\\\/#\\\/schema\\\/logo\\\/image\\\/\",\"url\":\"https:\\\/\\\/www.meydan.tv\\\/wp-content\\\/uploads\\\/2021\\\/07\\\/meydan-logo.svg\",\"contentUrl\":\"https:\\\/\\\/www.meydan.tv\\\/wp-content\\\/uploads\\\/2021\\\/07\\\/meydan-logo.svg\",\"width\":195,\"height\":46,\"caption\":\"Meydan TV\"},\"image\":{\"@id\":\"https:\\\/\\\/www.meydan.tv\\\/az\\\/#\\\/schema\\\/logo\\\/image\\\/\"}},{\"@type\":\"Person\",\"@id\":\"https:\\\/\\\/www.meydan.tv\\\/az\\\/#\\\/schema\\\/person\\\/9cdbecf90d17180ce1dfbd95b08dcf47\",\"name\":\"elli\",\"sameAs\":[\"https:\\\/\\\/x.com\\\/elli\"]}]}<\/script>\n<!-- \/ Yoast SEO plugin. -->","yoast_head_json":{"title":"Yataqxana sakinl\u0259ri: \u201cM\u0259mur burda mal-heyvan\u0131n\u0131 da saxlamaz\u201d - MEYDAN.TV","robots":{"index":"index","follow":"follow","max-snippet":"max-snippet:-1","max-image-preview":"max-image-preview:large","max-video-preview":"max-video-preview:-1"},"canonical":"https:\/\/www.meydan.tv\/az\/article\/yataqxana-sakinleri-memur-burda-mal-heyvanini-da-saxlamaz\/","og_locale":"az_AZ","og_type":"article","og_title":"Yataqxana sakinl\u0259ri: \u201cM\u0259mur burda mal-heyvan\u0131n\u0131 da saxlamaz\u201d - MEYDAN.TV","og_description":"\u201cBir \u0259lac\u0131m\u0131z qal\u0131b, \u00e7\u0131xaq binan\u0131n qar\u015f\u0131s\u0131nda \u00e7ad\u0131r quraq, b\u0259lk\u0259 diqq\u0259ti ... Davam\u0131","og_url":"https:\/\/www.meydan.tv\/az\/article\/yataqxana-sakinleri-memur-burda-mal-heyvanini-da-saxlamaz\/","og_site_name":"MEYDAN.TV","article_published_time":"2021-11-30T16:33:48+00:00","article_modified_time":"2021-11-30T16:34:08+00:00","og_image":[{"width":1200,"height":800,"url":"https:\/\/www.meydan.tv\/wp-content\/uploads\/untitled-design-18.gif","type":"image\/gif"}],"author":"elli","twitter_card":"summary_large_image","twitter_creator":"@elli","schema":{"@context":"https:\/\/schema.org","@graph":[{"@type":"Article","@id":"https:\/\/www.meydan.tv\/az\/article\/yataqxana-sakinleri-memur-burda-mal-heyvanini-da-saxlamaz\/#article","isPartOf":{"@id":"https:\/\/www.meydan.tv\/az\/article\/yataqxana-sakinleri-memur-burda-mal-heyvanini-da-saxlamaz\/"},"author":{"name":"elli","@id":"https:\/\/www.meydan.tv\/az\/#\/schema\/person\/9cdbecf90d17180ce1dfbd95b08dcf47"},"headline":"Yataqxana sakinl\u0259ri: \u201cM\u0259mur burda mal-heyvan\u0131n\u0131 da saxlamaz\u201d","datePublished":"2021-11-30T16:33:48+00:00","dateModified":"2021-11-30T16:34:08+00:00","mainEntityOfPage":{"@id":"https:\/\/www.meydan.tv\/az\/article\/yataqxana-sakinleri-memur-burda-mal-heyvanini-da-saxlamaz\/"},"wordCount":666,"publisher":{"@id":"https:\/\/www.meydan.tv\/az\/#organization"},"image":{"@id":"https:\/\/www.meydan.tv\/az\/article\/yataqxana-sakinleri-memur-burda-mal-heyvanini-da-saxlamaz\/#primaryimage"},"thumbnailUrl":"https:\/\/www.meydan.tv\/wp-content\/uploads\/untitled-design-18.gif","articleSection":["B\u00f6lg\u0259","T\u00f6vsiy\u0259","X\u0259b\u0259rl\u0259r"],"inLanguage":"az"},{"@type":"WebPage","@id":"https:\/\/www.meydan.tv\/az\/article\/yataqxana-sakinleri-memur-burda-mal-heyvanini-da-saxlamaz\/","url":"https:\/\/www.meydan.tv\/az\/article\/yataqxana-sakinleri-memur-burda-mal-heyvanini-da-saxlamaz\/","name":"Yataqxana sakinl\u0259ri: \u201cM\u0259mur burda mal-heyvan\u0131n\u0131 da saxlamaz\u201d - MEYDAN.TV","isPartOf":{"@id":"https:\/\/www.meydan.tv\/az\/#website"},"primaryImageOfPage":{"@id":"https:\/\/www.meydan.tv\/az\/article\/yataqxana-sakinleri-memur-burda-mal-heyvanini-da-saxlamaz\/#primaryimage"},"image":{"@id":"https:\/\/www.meydan.tv\/az\/article\/yataqxana-sakinleri-memur-burda-mal-heyvanini-da-saxlamaz\/#primaryimage"},"thumbnailUrl":"https:\/\/www.meydan.tv\/wp-content\/uploads\/untitled-design-18.gif","datePublished":"2021-11-30T16:33:48+00:00","dateModified":"2021-11-30T16:34:08+00:00","breadcrumb":{"@id":"https:\/\/www.meydan.tv\/az\/article\/yataqxana-sakinleri-memur-burda-mal-heyvanini-da-saxlamaz\/#breadcrumb"},"inLanguage":"az","potentialAction":[{"@type":"ReadAction","target":["https:\/\/www.meydan.tv\/az\/article\/yataqxana-sakinleri-memur-burda-mal-heyvanini-da-saxlamaz\/"]}]},{"@type":"ImageObject","inLanguage":"az","@id":"https:\/\/www.meydan.tv\/az\/article\/yataqxana-sakinleri-memur-burda-mal-heyvanini-da-saxlamaz\/#primaryimage","url":"https:\/\/www.meydan.tv\/wp-content\/uploads\/untitled-design-18.gif","contentUrl":"https:\/\/www.meydan.tv\/wp-content\/uploads\/untitled-design-18.gif","width":1200,"height":800,"caption":"Sumqay\u0131t \u015f\u0259h\u0259ri, 16 sayl\u0131 yataqxana, Foto: Meydan TV"},{"@type":"BreadcrumbList","@id":"https:\/\/www.meydan.tv\/az\/article\/yataqxana-sakinleri-memur-burda-mal-heyvanini-da-saxlamaz\/#breadcrumb","itemListElement":[{"@type":"ListItem","position":1,"name":"Ana s\u0259hif\u0259","item":"https:\/\/www.meydan.tv\/az\/"},{"@type":"ListItem","position":2,"name":"B\u00f6lg\u0259","item":"https:\/\/www.meydan.tv\/az\/section\/bolge\/"},{"@type":"ListItem","position":3,"name":"Yataqxana sakinl\u0259ri: \u201cM\u0259mur burda mal-heyvan\u0131n\u0131 da saxlamaz\u201d"}]},{"@type":"WebSite","@id":"https:\/\/www.meydan.tv\/az\/#website","url":"https:\/\/www.meydan.tv\/az\/","name":"MEYDAN.TV","description":"Meydan TV Az\u0259rbaycan\u0131n media m\u0259kan\u0131ndak\u0131 alternativ s\u0259sidir","publisher":{"@id":"https:\/\/www.meydan.tv\/az\/#organization"},"potentialAction":[{"@type":"SearchAction","target":{"@type":"EntryPoint","urlTemplate":"https:\/\/www.meydan.tv\/az\/?s={search_term_string}"},"query-input":{"@type":"PropertyValueSpecification","valueRequired":true,"valueName":"search_term_string"}}],"inLanguage":"az"},{"@type":"Organization","@id":"https:\/\/www.meydan.tv\/az\/#organization","name":"Meydan TV","url":"https:\/\/www.meydan.tv\/az\/","logo":{"@type":"ImageObject","inLanguage":"az","@id":"https:\/\/www.meydan.tv\/az\/#\/schema\/logo\/image\/","url":"https:\/\/www.meydan.tv\/wp-content\/uploads\/2021\/07\/meydan-logo.svg","contentUrl":"https:\/\/www.meydan.tv\/wp-content\/uploads\/2021\/07\/meydan-logo.svg","width":195,"height":46,"caption":"Meydan TV"},"image":{"@id":"https:\/\/www.meydan.tv\/az\/#\/schema\/logo\/image\/"}},{"@type":"Person","@id":"https:\/\/www.meydan.tv\/az\/#\/schema\/person\/9cdbecf90d17180ce1dfbd95b08dcf47","name":"elli","sameAs":["https:\/\/x.com\/elli"]}]}},"_links":{"self":[{"href":"https:\/\/www.meydan.tv\/az\/wp-json\/wp\/v2\/posts\/228068","targetHints":{"allow":["GET"]}}],"collection":[{"href":"https:\/\/www.meydan.tv\/az\/wp-json\/wp\/v2\/posts"}],"about":[{"href":"https:\/\/www.meydan.tv\/az\/wp-json\/wp\/v2\/types\/post"}],"author":[{"embeddable":true,"href":"https:\/\/www.meydan.tv\/az\/wp-json\/wp\/v2\/users\/8"}],"replies":[{"embeddable":true,"href":"https:\/\/www.meydan.tv\/az\/wp-json\/wp\/v2\/comments?post=228068"}],"version-history":[{"count":1,"href":"https:\/\/www.meydan.tv\/az\/wp-json\/wp\/v2\/posts\/228068\/revisions"}],"predecessor-version":[{"id":228078,"href":"https:\/\/www.meydan.tv\/az\/wp-json\/wp\/v2\/posts\/228068\/revisions\/228078"}],"wp:featuredmedia":[{"embeddable":true,"href":"https:\/\/www.meydan.tv\/az\/wp-json\/wp\/v2\/media\/228062"}],"wp:attachment":[{"href":"https:\/\/www.meydan.tv\/az\/wp-json\/wp\/v2\/media?parent=228068"}],"wp:term":[{"taxonomy":"category","embeddable":true,"href":"https:\/\/www.meydan.tv\/az\/wp-json\/wp\/v2\/categories?post=228068"},{"taxonomy":"post_tag","embeddable":true,"href":"https:\/\/www.meydan.tv\/az\/wp-json\/wp\/v2\/tags?post=228068"}],"curies":[{"name":"wp","href":"https:\/\/api.w.org\/{rel}","templated":true}]}}