{"id":228025,"date":"2021-11-30T18:03:32","date_gmt":"2021-11-30T14:03:32","guid":{"rendered":"https:\/\/www.meydan.tv\/?p=228025"},"modified":"2021-11-30T18:03:34","modified_gmt":"2021-11-30T14:03:34","slug":"azerbaycanda-omicron-stamiyla-bagli-ehaliye-cagiris-edildi","status":"publish","type":"post","link":"https:\/\/www.meydan.tv\/az\/article\/azerbaycanda-omicron-stamiyla-bagli-ehaliye-cagiris-edildi\/","title":{"rendered":"Az\u0259rbaycanda \u201comicron\u201d \u015ftam\u0131yla ba\u011fl\u0131 \u0259haliy\u0259 \u00e7a\u011f\u0131r\u0131\u015f edildi"},"content":{"rendered":"\n<p class=\"wp-block-paragraph\"><em>S\u0259hiyy\u0259 Nazirliyi, \u0130TSDA v\u0259 T\u018fB\u0130B m\u0259lumat yayd\u0131<\/em><\/p>\n\n\n\n<p class=\"wp-block-paragraph\">Az\u0259rbaycan S\u0259hiyy\u0259 Nazirliyi, \u0130cbari Tibbi S\u0131\u011forta \u00fczr\u0259 D\u00f6vl\u0259t Agentliyi v\u0259 Tibbi \u018frazi B\u00f6lm\u0259l\u0259rini \u0130dar\u0259etm\u0259 Birliyi birg\u0259 m\u0259lumat <a href=\"http:\/\/sehiyye.gov.az\/xeberler\/3512-azrbaycan-respublikasnn-shiyy-nazirliyi-cbari-tibbi-sorta-zr-dvlt-agentliyi-v-tibbi-razi-blmlrini-daretm-birliyinin-mlumati.html\" target=\"_blank\" rel=\"noreferrer noopener\">yay\u0131b<\/a>.<\/p>\n\n\n\n<p class=\"wp-block-paragraph\">Bildirilir ki, COV\u0130D-19 infeksiyas\u0131n\u0131n mutasiyalar\u0131n\u0131n n\u0259tic\u0259si olan \u201comicron\u201d variant\u0131 d\u00fcnyada oldu\u011fu kimi, Az\u0259rbaycanda da ciddi narahatl\u0131q do\u011furur.<\/p>\n\n\n\n<p class=\"wp-block-paragraph\">S\u0259hiyy\u0259 qurumlar\u0131 v\u0259t\u0259nda\u015flar\u0131 yay\u0131lan yeni \u015ftamdan qorunmaq \u00fc\u00e7\u00fcn vaxt itirm\u0259d\u0259n g\u00fccl\u0259ndirici (buster) doza il\u0259 peyv\u0259ndl\u0259m\u0259y\u0259 \u00e7a\u011f\u0131r\u0131r.<\/p>\n\n\n\n<p class=\"wp-block-paragraph\">C\u0259nubi Afrikada a\u015fkarlanan &#8220;omicron&#8221; \u015ftam\u0131na q\u0131sa m\u00fcdd\u0259td\u0259 bir \u00e7ox \u00f6lk\u0259d\u0259: B\u00f6y\u00fck Britaniya, Hollandiya, Kanada, Danimarka, Almaniya, Bel\u00e7ika, \u00c7exiya v\u0259 \u0130taliyada rast g\u0259linib.<\/p>\n\n\n\n<div class=\"wp-block-image\"><figure class=\"alignleft size-full is-resized\"><img loading=\"lazy\" decoding=\"async\" src=\"https:\/\/www.meydan.tv\/wp-content\/uploads\/untitled-design-5-2.gif\" alt=\"\" class=\"wp-image-228019\" width=\"510\" height=\"340\"\/><figcaption>Foto: \u0130cbari Tibbi S\u0131\u011forta \u00fczr\u0259 D\u00f6vl\u0259t Agentliyi <\/figcaption><\/figure><\/div>\n\n\n\n<p class=\"wp-block-paragraph\">\u201cApar\u0131lan t\u0259dqiqatlardan \u0259ld\u0259 olunmu\u015f n\u0259tic\u0259l\u0259r bir daha g\u00f6st\u0259rir ki, virusun yeni v\u0259 s\u00fcr\u0259tl\u0259 yay\u0131lan t\u0259hl\u00fck\u0259li variantlar\u0131ndan qorunma\u011f\u0131n \u0259n effektiv yolu vaksinasiyad\u0131r. \u018fhalinin vaksinasiyada aktiv i\u015ftirak\u0131 n\u0259tic\u0259sind\u0259 Az\u0259rbaycanda epidemioloji v\u0259ziyy\u0259tin sabit qalmas\u0131na nail olunub\u201d, &#8211; m\u0259lumatda bildirilir.<\/p>\n\n\n\n<p class=\"wp-block-paragraph\">\u00dcmumd\u00fcnya S\u0259hiyy\u0259 T\u0259\u015fkilat\u0131 koronavirusun \u201comicron\u201d variant\u0131n\u0131 daha t\u0259hl\u00fck\u0259li hesab edir.<\/p>\n","protected":false},"excerpt":{"rendered":"<p>S\u0259hiyy\u0259 Nazirliyi, \u0130TSDA v\u0259 T\u018fB\u0130B m\u0259lumat yayd\u0131 Az\u0259rbaycan S\u0259hiyy\u0259 Nazirliyi, &#8230; <\/p>\n<p class=\"read-more-container\"><a title=\"Az\u0259rbaycanda \u201comicron\u201d \u015ftam\u0131yla ba\u011fl\u0131 \u0259haliy\u0259 \u00e7a\u011f\u0131r\u0131\u015f edildi\" class=\"read-more button\" href=\"https:\/\/www.meydan.tv\/az\/article\/azerbaycanda-omicron-stamiyla-bagli-ehaliye-cagiris-edildi\/#more-228025\" aria-label=\"Read more about Az\u0259rbaycanda \u201comicron\u201d \u015ftam\u0131yla ba\u011fl\u0131 \u0259haliy\u0259 \u00e7a\u011f\u0131r\u0131\u015f edildi\">Davam\u0131<\/a><\/p>\n","protected":false},"author":8,"featured_media":228022,"comment_status":"closed","ping_status":"closed","sticky":false,"template":"","format":"standard","meta":{"_acf_changed":false,"_sitemap_exclude":false,"_sitemap_priority":"","_sitemap_frequency":"","footnotes":""},"categories":[54,56],"tags":[],"class_list":["post-228025","post","type-post","status-publish","format-standard","has-post-thumbnail","hentry","category-sagliq","category-xeberler","infinite-scroll-item","generate-columns","tablet-grid-50","mobile-grid-100","grid-parent","grid-33","no-featured-image-padding"],"acf":[],"yoast_head":"<!-- This site is optimized with the Yoast SEO plugin v28.4 - https:\/\/yoast.com\/product\/yoast-seo-wordpress\/ -->\n<title>Az\u0259rbaycanda \u201comicron\u201d \u015ftam\u0131yla ba\u011fl\u0131 \u0259haliy\u0259 \u00e7a\u011f\u0131r\u0131\u015f edildi - MEYDAN.TV<\/title>\n<meta name=\"robots\" content=\"index, follow, max-snippet:-1, max-image-preview:large, max-video-preview:-1\" \/>\n<link rel=\"canonical\" href=\"https:\/\/www.meydan.tv\/az\/article\/azerbaycanda-omicron-stamiyla-bagli-ehaliye-cagiris-edildi\/\" \/>\n<meta property=\"og:locale\" content=\"az_AZ\" \/>\n<meta property=\"og:type\" content=\"article\" \/>\n<meta property=\"og:title\" content=\"Az\u0259rbaycanda \u201comicron\u201d \u015ftam\u0131yla ba\u011fl\u0131 \u0259haliy\u0259 \u00e7a\u011f\u0131r\u0131\u015f edildi - MEYDAN.TV\" \/>\n<meta property=\"og:description\" content=\"S\u0259hiyy\u0259 Nazirliyi, \u0130TSDA v\u0259 T\u018fB\u0130B m\u0259lumat yayd\u0131 Az\u0259rbaycan S\u0259hiyy\u0259 Nazirliyi, ... Davam\u0131\" \/>\n<meta property=\"og:url\" content=\"https:\/\/www.meydan.tv\/az\/article\/azerbaycanda-omicron-stamiyla-bagli-ehaliye-cagiris-edildi\/\" \/>\n<meta property=\"og:site_name\" content=\"MEYDAN.TV\" \/>\n<meta property=\"article:published_time\" content=\"2021-11-30T14:03:32+00:00\" \/>\n<meta property=\"article:modified_time\" content=\"2021-11-30T14:03:34+00:00\" \/>\n<meta property=\"og:image\" content=\"https:\/\/www.meydan.tv\/wp-content\/uploads\/shutterstock_2082100915.jpg\" \/>\n\t<meta property=\"og:image:width\" content=\"1200\" \/>\n\t<meta property=\"og:image:height\" content=\"658\" \/>\n\t<meta property=\"og:image:type\" content=\"image\/jpeg\" \/>\n<meta name=\"twitter:card\" content=\"summary_large_image\" \/>\n<meta name=\"twitter:creator\" content=\"@elli\" \/>\n<!-- \/ Yoast SEO plugin. -->","yoast_head_json":{"title":"Az\u0259rbaycanda \u201comicron\u201d \u015ftam\u0131yla ba\u011fl\u0131 \u0259haliy\u0259 \u00e7a\u011f\u0131r\u0131\u015f edildi - MEYDAN.TV","robots":{"index":"index","follow":"follow","max-snippet":"max-snippet:-1","max-image-preview":"max-image-preview:large","max-video-preview":"max-video-preview:-1"},"canonical":"https:\/\/www.meydan.tv\/az\/article\/azerbaycanda-omicron-stamiyla-bagli-ehaliye-cagiris-edildi\/","og_locale":"az_AZ","og_type":"article","og_title":"Az\u0259rbaycanda \u201comicron\u201d \u015ftam\u0131yla ba\u011fl\u0131 \u0259haliy\u0259 \u00e7a\u011f\u0131r\u0131\u015f edildi - MEYDAN.TV","og_description":"S\u0259hiyy\u0259 Nazirliyi, \u0130TSDA v\u0259 T\u018fB\u0130B m\u0259lumat yayd\u0131 Az\u0259rbaycan S\u0259hiyy\u0259 Nazirliyi, ... Davam\u0131","og_url":"https:\/\/www.meydan.tv\/az\/article\/azerbaycanda-omicron-stamiyla-bagli-ehaliye-cagiris-edildi\/","og_site_name":"MEYDAN.TV","article_published_time":"2021-11-30T14:03:32+00:00","article_modified_time":"2021-11-30T14:03:34+00:00","og_image":[{"width":1200,"height":658,"url":"https:\/\/www.meydan.tv\/wp-content\/uploads\/shutterstock_2082100915.jpg","type":"image\/jpeg"}],"twitter_card":"summary_large_image","twitter_creator":"@elli","schema":{"@context":"https:\/\/schema.org","@graph":[{"@type":"Article","@id":"https:\/\/www.meydan.tv\/az\/article\/azerbaycanda-omicron-stamiyla-bagli-ehaliye-cagiris-edildi\/#article","isPartOf":{"@id":"https:\/\/www.meydan.tv\/az\/article\/azerbaycanda-omicron-stamiyla-bagli-ehaliye-cagiris-edildi\/"},"author":{"name":"elli","@id":"https:\/\/www.meydan.tv\/az\/#\/schema\/person\/9cdbecf90d17180ce1dfbd95b08dcf47"},"headline":"Az\u0259rbaycanda \u201comicron\u201d \u015ftam\u0131yla ba\u011fl\u0131 \u0259haliy\u0259 \u00e7a\u011f\u0131r\u0131\u015f edildi","datePublished":"2021-11-30T14:03:32+00:00","dateModified":"2021-11-30T14:03:34+00:00","mainEntityOfPage":{"@id":"https:\/\/www.meydan.tv\/az\/article\/azerbaycanda-omicron-stamiyla-bagli-ehaliye-cagiris-edildi\/"},"wordCount":230,"publisher":{"@id":"https:\/\/www.meydan.tv\/az\/#organization"},"image":{"@id":"https:\/\/www.meydan.tv\/az\/article\/azerbaycanda-omicron-stamiyla-bagli-ehaliye-cagiris-edildi\/#primaryimage"},"thumbnailUrl":"https:\/\/www.meydan.tv\/wp-content\/uploads\/shutterstock_2082100915.jpg","articleSection":["Sa\u011fl\u0131q","X\u0259b\u0259rl\u0259r"],"inLanguage":"az"},{"@type":"WebPage","@id":"https:\/\/www.meydan.tv\/az\/article\/azerbaycanda-omicron-stamiyla-bagli-ehaliye-cagiris-edildi\/","url":"https:\/\/www.meydan.tv\/az\/article\/azerbaycanda-omicron-stamiyla-bagli-ehaliye-cagiris-edildi\/","name":"Az\u0259rbaycanda \u201comicron\u201d \u015ftam\u0131yla ba\u011fl\u0131 \u0259haliy\u0259 \u00e7a\u011f\u0131r\u0131\u015f edildi - MEYDAN.TV","isPartOf":{"@id":"https:\/\/www.meydan.tv\/az\/#website"},"primaryImageOfPage":{"@id":"https:\/\/www.meydan.tv\/az\/article\/azerbaycanda-omicron-stamiyla-bagli-ehaliye-cagiris-edildi\/#primaryimage"},"image":{"@id":"https:\/\/www.meydan.tv\/az\/article\/azerbaycanda-omicron-stamiyla-bagli-ehaliye-cagiris-edildi\/#primaryimage"},"thumbnailUrl":"https:\/\/www.meydan.tv\/wp-content\/uploads\/shutterstock_2082100915.jpg","datePublished":"2021-11-30T14:03:32+00:00","dateModified":"2021-11-30T14:03:34+00:00","breadcrumb":{"@id":"https:\/\/www.meydan.tv\/az\/article\/azerbaycanda-omicron-stamiyla-bagli-ehaliye-cagiris-edildi\/#breadcrumb"},"inLanguage":"az","potentialAction":[{"@type":"ReadAction","target":["https:\/\/www.meydan.tv\/az\/article\/azerbaycanda-omicron-stamiyla-bagli-ehaliye-cagiris-edildi\/"]}]},{"@type":"ImageObject","inLanguage":"az","@id":"https:\/\/www.meydan.tv\/az\/article\/azerbaycanda-omicron-stamiyla-bagli-ehaliye-cagiris-edildi\/#primaryimage","url":"https:\/\/www.meydan.tv\/wp-content\/uploads\/shutterstock_2082100915.jpg","contentUrl":"https:\/\/www.meydan.tv\/wp-content\/uploads\/shutterstock_2082100915.jpg","width":1200,"height":658,"caption":"Foto: By Tomas Ragina\/Shutterstock"},{"@type":"BreadcrumbList","@id":"https:\/\/www.meydan.tv\/az\/article\/azerbaycanda-omicron-stamiyla-bagli-ehaliye-cagiris-edildi\/#breadcrumb","itemListElement":[{"@type":"ListItem","position":1,"name":"Ana s\u0259hif\u0259","item":"https:\/\/www.meydan.tv\/az\/"},{"@type":"ListItem","position":2,"name":"Sa\u011fl\u0131q","item":"https:\/\/www.meydan.tv\/az\/section\/sagliq\/"},{"@type":"ListItem","position":3,"name":"Az\u0259rbaycanda \u201comicron\u201d \u015ftam\u0131yla ba\u011fl\u0131 \u0259haliy\u0259 \u00e7a\u011f\u0131r\u0131\u015f edildi"}]},{"@type":"WebSite","@id":"https:\/\/www.meydan.tv\/az\/#website","url":"https:\/\/www.meydan.tv\/az\/","name":"MEYDAN.TV","description":"Meydan TV Az\u0259rbaycan\u0131n media m\u0259kan\u0131ndak\u0131 alternativ s\u0259sidir","publisher":{"@id":"https:\/\/www.meydan.tv\/az\/#organization"},"potentialAction":[{"@type":"SearchAction","target":{"@type":"EntryPoint","urlTemplate":"https:\/\/www.meydan.tv\/az\/?s={search_term_string}"},"query-input":{"@type":"PropertyValueSpecification","valueRequired":true,"valueName":"search_term_string"}}],"inLanguage":"az"},{"@type":"Organization","@id":"https:\/\/www.meydan.tv\/az\/#organization","name":"Meydan TV","url":"https:\/\/www.meydan.tv\/az\/","logo":{"@type":"ImageObject","inLanguage":"az","@id":"https:\/\/www.meydan.tv\/az\/#\/schema\/logo\/image\/","url":"https:\/\/www.meydan.tv\/wp-content\/uploads\/2021\/07\/meydan-logo.svg","contentUrl":"https:\/\/www.meydan.tv\/wp-content\/uploads\/2021\/07\/meydan-logo.svg","width":195,"height":46,"caption":"Meydan TV"},"image":{"@id":"https:\/\/www.meydan.tv\/az\/#\/schema\/logo\/image\/"}},{"@type":"Person","@id":"https:\/\/www.meydan.tv\/az\/#\/schema\/person\/9cdbecf90d17180ce1dfbd95b08dcf47","name":"elli","sameAs":["https:\/\/x.com\/elli"]}]}},"_links":{"self":[{"href":"https:\/\/www.meydan.tv\/az\/wp-json\/wp\/v2\/posts\/228025","targetHints":{"allow":["GET"]}}],"collection":[{"href":"https:\/\/www.meydan.tv\/az\/wp-json\/wp\/v2\/posts"}],"about":[{"href":"https:\/\/www.meydan.tv\/az\/wp-json\/wp\/v2\/types\/post"}],"author":[{"embeddable":true,"href":"https:\/\/www.meydan.tv\/az\/wp-json\/wp\/v2\/users\/8"}],"replies":[{"embeddable":true,"href":"https:\/\/www.meydan.tv\/az\/wp-json\/wp\/v2\/comments?post=228025"}],"version-history":[{"count":4,"href":"https:\/\/www.meydan.tv\/az\/wp-json\/wp\/v2\/posts\/228025\/revisions"}],"predecessor-version":[{"id":228032,"href":"https:\/\/www.meydan.tv\/az\/wp-json\/wp\/v2\/posts\/228025\/revisions\/228032"}],"wp:featuredmedia":[{"embeddable":true,"href":"https:\/\/www.meydan.tv\/az\/wp-json\/wp\/v2\/media\/228022"}],"wp:attachment":[{"href":"https:\/\/www.meydan.tv\/az\/wp-json\/wp\/v2\/media?parent=228025"}],"wp:term":[{"taxonomy":"category","embeddable":true,"href":"https:\/\/www.meydan.tv\/az\/wp-json\/wp\/v2\/categories?post=228025"},{"taxonomy":"post_tag","embeddable":true,"href":"https:\/\/www.meydan.tv\/az\/wp-json\/wp\/v2\/tags?post=228025"}],"curies":[{"name":"wp","href":"https:\/\/api.w.org\/{rel}","templated":true}]}}