{"id":227931,"date":"2021-11-30T13:17:27","date_gmt":"2021-11-30T09:17:27","guid":{"rendered":"https:\/\/www.meydan.tv\/?p=227931"},"modified":"2021-11-30T13:18:13","modified_gmt":"2021-11-30T09:18:13","slug":"salyanda-aile-savadsizliq-caresizlik-umidsizlik","status":"publish","type":"post","link":"https:\/\/www.meydan.tv\/az\/article\/salyanda-aile-savadsizliq-caresizlik-umidsizlik\/","title":{"rendered":"Salyanda ail\u0259: savads\u0131zl\u0131q, \u00e7ar\u0259sizlik, \u00fcmidsizlik&#8230;"},"content":{"rendered":"\n<p><em>\u201cM\u0259n olmasam, bu u\u015fa\u011f\u0131n v\u0259ziyy\u0259ti nec\u0259 olar?\u201d<\/em><br><\/p>\n\n\n\n<p>Salyan\u0131n Babazanl\u0131 q\u0259s\u0259b\u0259sind\u0259 ya\u015fayan Az\u0259r Xanki\u015fiyevin \u00f6vladlar\u0131ndan biri serebral iflicd\u0259n \u0259ziyy\u0259t \u00e7\u0259kir. Be\u015f ya\u015fl\u0131 Mahir\u0259 he\u00e7 bir m\u00fcalic\u0259 g\u00f6rm\u00fcr. \u00c7\u00fcnki ail\u0259 adi sosial qay\u011f\u0131lar\u0131n \u00f6hd\u0259sind\u0259n g\u0259l\u0259 bilmir.<br><\/p>\n\n\n\n<p><strong>\u201cH\u0259yat yolda\u015f\u0131m h\u0259rf tan\u0131m\u0131r\u201d<\/strong><br><\/p>\n\n\n\n<p>Az\u0259r Xanki\u015fiyev Babazanl\u0131 q\u0259s\u0259b\u0259sind\u0259 s\u0131\u011f\u0131nd\u0131qlar\u0131 r\u00fctub\u0259tli, nimda\u015f evd\u0259 kiray\u0259 ya\u015fad\u0131qlar\u0131n\u0131 deyir. \u0130lk bax\u0131\u015fdan ail\u0259nin nec\u0259 \u0259ziyy\u0259t \u00e7\u0259kdiyi ayd\u0131n g\u00f6r\u00fcn\u00fcr.<br><\/p>\n\n\n\n<p>\u201c\u0130ki \u00f6vlad\u0131m var. Ba\u011f\u0131\u015flay\u0131n, b\u00f6y\u00fck q\u0131z\u0131m\u0131n ya\u015f\u0131n\u0131 d\u0259qiq bilmir\u0259m. Amma bilir\u0259m ki, d\u00f6rd\u00fcnc\u00fc sinf\u0259 gedir. S\u0259hv el\u0259mir\u0259ms\u0259, ki\u00e7ik q\u0131z\u0131m\u0131n dekabr\u0131n 24-d\u0259 be\u015f ya\u015f\u0131 tamam olacaq. Anadang\u0259lm\u0259 bu v\u0259ziyy\u0259td\u0259dir. Biz\u0259 k\u00f6m\u0259k el\u0259y\u0259nl\u0259r olub\u2026\u201d \u2013 bu yerd\u0259 atan\u0131 a\u011flamaq tutur. Bir m\u00fcdd\u0259t \u00f6z\u00fcn\u0259 g\u0259lm\u0259y\u0259 \u00e7al\u0131\u015f\u0131r. \u201cDan\u0131\u015fa bilmirsinizs\u0259, s\u00f6hb\u0259ti saxlayaq\u201d, &#8211; deyirik. Ata bo\u011faz\u0131nda ili\u015fib qalan q\u0259h\u0259ri birt\u0259h\u0259r udur.<br><\/p>\n\n\n\n<p>\u201cM\u0259n indiy\u0259 q\u0259d\u0259r yaln\u0131z u\u015faqlar\u0131m\u0131n qarn\u0131n\u0131 doydurma\u011f\u0131 d\u00fc\u015f\u00fcnm\u00fc\u015f\u0259m. \u018flimd\u0259n ba\u015fqa he\u00e7 n\u0259 g\u0259lm\u0259yib\u2026\u201d<br>S\u00f6hb\u0259tin istiqam\u0259tini d\u0259yi\u015firik. Az\u0259r Xanki\u015fiyev deyir ki, savads\u0131zl\u0131q \u0259l-qolunu ba\u011flay\u0131b. H\u0259yat yolda\u015f\u0131 X\u0259yal\u0259 xan\u0131m bu m\u0259s\u0259l\u0259d\u0259 lap \u00e7ar\u0259sizdir.<br><\/p>\n\n\n\n<div class=\"wp-block-image\"><figure class=\"alignleft size-large is-resized\"><img decoding=\"async\" data-src=\"https:\/\/www.meydan.tv\/wp-content\/uploads\/salyan1-744x821.jpg\" alt=\"\" class=\"wp-image-227919 lazyload\" width=\"412\" height=\"455\" src=\"data:image\/svg+xml;base64,PHN2ZyB3aWR0aD0iMSIgaGVpZ2h0PSIxIiB4bWxucz0iaHR0cDovL3d3dy53My5vcmcvMjAwMC9zdmciPjwvc3ZnPg==\" style=\"--smush-placeholder-width: 412px; --smush-placeholder-aspect-ratio: 412\/455;\" \/><figcaption>Xanki\u015fiyevl\u0259r ail\u0259sinin m\u0259tb\u0259xi,Foto: Meydan TV<\/figcaption><\/figure><\/div>\n\n\n\n<p>\u201cAdic\u0259 h\u0259rf tan\u0131m\u0131r. Pul vers\u0259n, gedib bazarl\u0131q el\u0259y\u0259 bilm\u0259z. He\u00e7 bir yer\u0259 m\u00fcraci\u0259t el\u0259y\u0259 bilmirik. G\u0259r\u0259k yan\u0131mda kims\u0259 ola ki, k\u00f6m\u0259k el\u0259sin\u201d.<br><\/p>\n\n\n\n<p><strong>\u201cAdic\u0259 sakitl\u0259\u015fdirici d\u0259rman ver\u0259 bilmirik u\u015fa\u011fa\u201d<br><\/strong><\/p>\n\n\n\n<p>Az\u0259r Xanki\u015fiyev qaynaq\u00e7\u0131d\u0131r. Amma g\u00f6zl\u0259ri s\u0131radan \u00e7\u0131xd\u0131\u011f\u0131ndan, daha bu pe\u015f\u0259 \u00fczr\u0259 i\u015fl\u0259y\u0259 bilmir:<br><\/p>\n\n\n\n<p>\u201cGedib qap\u0131larda f\u0259hl\u0259lik el\u0259yir\u0259m. Kim n\u0259 buyursa, gedir\u0259m. Ya\u015f\u0131lla\u015fd\u0131rma idar\u0259sind\u0259 i\u015fl\u0259yir\u0259m, c\u0259mi 236 manat maa\u015f al\u0131ram. \u015e\u0259nb\u0259-bazar g\u00fcnl\u0259rind\u0259 f\u0259hl\u0259liy\u0259 gedir\u0259m. O da olanda ged\u0259 bilir\u0259m. H\u0259mi\u015f\u0259 i\u015f olmur\u2026\u201d<br><\/p>\n\n\n\n<p>Evin sahibi Az\u0259r Xanki\u015fiyevd\u0259n \u00e7ox pul alm\u0131r. Amma ayda 30 manat\u0131 \u00f6d\u0259m\u0259k d\u0259 asan g\u00f6r\u00fcnm\u00fcr.<br><\/p>\n\n\n\n<p>\u201cBirt\u0259h\u0259r ya\u015fay\u0131r\u0131q. D\u00fcz\u00fc, \u0259sas d\u0259rdim bu deyil. U\u015fa\u011f\u0131n fikrini \u00e7\u0259kir\u0259m\u2026\u201d \u2013 atan\u0131 yen\u0259 a\u011flamaq tutur, &#8211; \u201c\u018flimi a\u00e7m\u0131\u015fam Allaha. He\u00e7 bir m\u00fcalic\u0259 getmir. Adic\u0259 sakitl\u0259\u015fdirici d\u0259rman ver\u0259 bilmirik ona. \u018fs\u0259bil\u0259\u015f\u0259n kimi boynumu-bo\u011faz\u0131m\u0131 c\u0131rmaqlay\u0131r. D\u00fcz-\u0259m\u0259lli yatma\u011f\u0131 yoxdu. S\u0259h\u0259r\u0259 q\u0259d\u0259r n\u00f6vb\u0259 \u00e7\u0259kirik\u201d.<br><\/p>\n\n\n\n<div class=\"wp-block-image\"><figure class=\"alignright size-large is-resized\"><img decoding=\"async\" data-src=\"https:\/\/www.meydan.tv\/wp-content\/uploads\/photo-2021-11-29-20-09-59-616x821.jpg\" alt=\"\" class=\"wp-image-227922 lazyload\" width=\"409\" height=\"545\" src=\"data:image\/svg+xml;base64,PHN2ZyB3aWR0aD0iMSIgaGVpZ2h0PSIxIiB4bWxucz0iaHR0cDovL3d3dy53My5vcmcvMjAwMC9zdmciPjwvc3ZnPg==\" style=\"--smush-placeholder-width: 409px; --smush-placeholder-aspect-ratio: 409\/545;\" \/><figcaption>Xanki\u015fiyevl\u0259r ail\u0259si, Foto Meydan TV<\/figcaption><\/figure><\/div>\n\n\n\n<p>Mahir\u0259 atas\u0131na t\u0259r\u0259f dart\u0131n\u0131r. G\u0259zm\u0259y\u0259 \u00e7al\u0131\u015f\u0131r. Qolundan m\u00f6hk\u0259m tutanda be\u015f-on add\u0131m ata bilir. Ata q\u0131z\u0131n\u0131n g\u0259zm\u0259sini \u00e7ox arzulay\u0131r: \u201cAyaqlar\u0131n\u0131 ayaqlar\u0131m\u0131n \u00fcst\u00fcn\u0259 qoyub g\u0259zdirmi\u015f\u0259m balaca olanda\u2026\u201d<br><\/p>\n\n\n\n<p><strong>\u201cM\u0259n \u00f6ls\u0259m, bu u\u015faq nec\u0259 olacaq?\u201d<br><\/strong><\/p>\n\n\n\n<p>X\u0259yal\u0259 xan\u0131mla dan\u0131\u015fma\u011fa c\u0259hd g\u00f6st\u0259ririk. \u00d6z\u00fcn\u00fc ifad\u0259 ed\u0259 bilmir. He\u00e7 olmasa, ana \u00f6vladlar\u0131n\u0131n do\u011fum tarixini bilirmi? Yox, o da bilmirmi\u015f. Az\u0259r Xanki\u015fiyev deyir ki, savads\u0131zl\u0131q onlar\u0131 \u00e7ox aciz v\u0259ziyy\u0259t\u0259 sal\u0131b:<br><\/p>\n\n\n\n<p>\u201cU\u015fa\u011f\u0131n pensiyas\u0131n\u0131 d\u00fcz\u0259ltdir\u0259 bilm\u0259mi\u015fik. Salyan x\u0259st\u0259xanas\u0131ndan deyirl\u0259r ki, 15 g\u00fcn Bak\u0131da yatmal\u0131d\u0131r. Buna imkan\u0131m\u0131z \u00e7atm\u0131r. \u018fn az\u0131 gedib-g\u0259lm\u0259k laz\u0131md\u0131. \u00c7atd\u0131ra bilmir\u0259m. M\u0259n 15 g\u00fcn Bak\u0131da u\u015fa\u011f\u0131n yan\u0131nda olsam, h\u0259yat yolda\u015f\u0131m burda evi idar\u0259 el\u0259y\u0259 bilm\u0259y\u0259c\u0259k\u201d.<br><\/p>\n\n\n\n<p>Mahir\u0259nin atas\u0131n\u0131n indi 55 ya\u015f\u0131 var. \u018fn son g\u00fcc\u00fcn\u00fc ail\u0259ni doland\u0131rma\u011fa s\u0259rf edir.<br><\/p>\n\n\n\n<p>\u201cBirc\u0259 onu d\u00fc\u015f\u00fcn\u00fcr\u0259m ki, \u00f6l\u00fcb ged\u0259c\u0259m, bu u\u015faq, he\u00e7 olmasa, yeriy\u0259rdi. Ba\u015fqa arzum yoxdu. M\u0259n olmasam, bu u\u015fa\u011f\u0131n v\u0259ziyy\u0259ti nec\u0259 olar? Bu ail\u0259 n\u0259 g\u00fcn\u0259 d\u00fc\u015f\u0259r? M\u00fcalic\u0259sin\u0259 k\u00f6m\u0259k laz\u0131md\u0131. N\u0259 bilim, \u00f6z\u00fcn\u00fc idar\u0259 el\u0259y\u0259 bil\u0259ydi, he\u00e7 olmasa. Evsizliyin fikrini el\u0259mir\u0259m. Lap yen\u0259 evsiz ya\u015fayaram\u2026\u201d<br><\/p>\n\n\n\n<figure class=\"wp-block-image size-large\"><img decoding=\"async\" width=\"1095\" height=\"821\" data-src=\"https:\/\/www.meydan.tv\/wp-content\/uploads\/photo-2021-11-29-20-10-13-1095x821.jpg\" alt=\"\" class=\"wp-image-227928 lazyload\" src=\"data:image\/svg+xml;base64,PHN2ZyB3aWR0aD0iMSIgaGVpZ2h0PSIxIiB4bWxucz0iaHR0cDovL3d3dy53My5vcmcvMjAwMC9zdmciPjwvc3ZnPg==\" style=\"--smush-placeholder-width: 1095px; --smush-placeholder-aspect-ratio: 1095\/821;\" \/><figcaption>Foto Meydan TV<\/figcaption><\/figure>\n\n\n\n<p>S\u00f6hb\u0259ti bitirm\u0259y\u0259 haz\u0131rla\u015f\u0131r\u0131q. Mahir\u0259 n\u0259s\u0259 dem\u0259k ist\u0259yir. \u0130nild\u0259yir. T\u0259b\u0259ss\u00fcm\u00fcn\u0259 k\u0259d\u0259r qar\u0131\u015f\u0131r\u2026<\/p>\n","protected":false},"excerpt":{"rendered":"<p>\u201cM\u0259n olmasam, bu u\u015fa\u011f\u0131n v\u0259ziyy\u0259ti nec\u0259 olar?\u201d Salyan\u0131n Babazanl\u0131 q\u0259s\u0259b\u0259sind\u0259 &#8230; <\/p>\n<p class=\"read-more-container\"><a title=\"Salyanda ail\u0259: savads\u0131zl\u0131q, \u00e7ar\u0259sizlik, \u00fcmidsizlik&#8230;\" class=\"read-more button\" href=\"https:\/\/www.meydan.tv\/az\/article\/salyanda-aile-savadsizliq-caresizlik-umidsizlik\/#more-227931\" aria-label=\"Read more about Salyanda ail\u0259: savads\u0131zl\u0131q, \u00e7ar\u0259sizlik, \u00fcmidsizlik&#8230;\">Davam\u0131<\/a><\/p>\n","protected":false},"author":8,"featured_media":227933,"comment_status":"closed","ping_status":"closed","sticky":false,"template":"","format":"standard","meta":{"_acf_changed":false,"_sitemap_exclude":false,"_sitemap_priority":"","_sitemap_frequency":"","footnotes":""},"categories":[60,79,56],"tags":[],"class_list":["post-227931","post","type-post","status-publish","format-standard","has-post-thumbnail","hentry","category-bolge","category-featured","category-xeberler","infinite-scroll-item","generate-columns","tablet-grid-50","mobile-grid-100","grid-parent","grid-33","no-featured-image-padding"],"acf":[],"yoast_head":"<!-- This site is optimized with the Yoast SEO plugin v27.5 - https:\/\/yoast.com\/product\/yoast-seo-wordpress\/ -->\n<title>Salyanda ail\u0259: savads\u0131zl\u0131q, \u00e7ar\u0259sizlik, \u00fcmidsizlik... - MEYDAN.TV<\/title>\n<meta name=\"robots\" content=\"index, follow, max-snippet:-1, max-image-preview:large, max-video-preview:-1\" \/>\n<link rel=\"canonical\" href=\"https:\/\/www.meydan.tv\/az\/article\/salyanda-aile-savadsizliq-caresizlik-umidsizlik\/\" \/>\n<meta property=\"og:locale\" content=\"az_AZ\" \/>\n<meta property=\"og:type\" content=\"article\" \/>\n<meta property=\"og:title\" content=\"Salyanda ail\u0259: savads\u0131zl\u0131q, \u00e7ar\u0259sizlik, \u00fcmidsizlik... - MEYDAN.TV\" \/>\n<meta property=\"og:description\" content=\"\u201cM\u0259n olmasam, bu u\u015fa\u011f\u0131n v\u0259ziyy\u0259ti nec\u0259 olar?\u201d Salyan\u0131n Babazanl\u0131 q\u0259s\u0259b\u0259sind\u0259 ... Davam\u0131\" \/>\n<meta property=\"og:url\" content=\"https:\/\/www.meydan.tv\/az\/article\/salyanda-aile-savadsizliq-caresizlik-umidsizlik\/\" \/>\n<meta property=\"og:site_name\" content=\"MEYDAN.TV\" \/>\n<meta property=\"article:published_time\" content=\"2021-11-30T09:17:27+00:00\" \/>\n<meta property=\"article:modified_time\" content=\"2021-11-30T09:18:13+00:00\" \/>\n<meta property=\"og:image\" content=\"https:\/\/www.meydan.tv\/wp-content\/uploads\/untitled-design-17-e1638263812631.gif\" \/>\n\t<meta property=\"og:image:width\" content=\"1200\" \/>\n\t<meta property=\"og:image:height\" content=\"452\" \/>\n\t<meta property=\"og:image:type\" content=\"image\/gif\" \/>\n<meta name=\"author\" content=\"elli\" \/>\n<meta name=\"twitter:card\" content=\"summary_large_image\" \/>\n<meta name=\"twitter:creator\" content=\"@elli\" \/>\n<script type=\"application\/ld+json\" class=\"yoast-schema-graph\">{\"@context\":\"https:\\\/\\\/schema.org\",\"@graph\":[{\"@type\":\"Article\",\"@id\":\"https:\\\/\\\/www.meydan.tv\\\/az\\\/article\\\/salyanda-aile-savadsizliq-caresizlik-umidsizlik\\\/#article\",\"isPartOf\":{\"@id\":\"https:\\\/\\\/www.meydan.tv\\\/az\\\/article\\\/salyanda-aile-savadsizliq-caresizlik-umidsizlik\\\/\"},\"author\":{\"name\":\"elli\",\"@id\":\"https:\\\/\\\/www.meydan.tv\\\/az\\\/#\\\/schema\\\/person\\\/9cdbecf90d17180ce1dfbd95b08dcf47\"},\"headline\":\"Salyanda ail\u0259: savads\u0131zl\u0131q, \u00e7ar\u0259sizlik, \u00fcmidsizlik&#8230;\",\"datePublished\":\"2021-11-30T09:17:27+00:00\",\"dateModified\":\"2021-11-30T09:18:13+00:00\",\"mainEntityOfPage\":{\"@id\":\"https:\\\/\\\/www.meydan.tv\\\/az\\\/article\\\/salyanda-aile-savadsizliq-caresizlik-umidsizlik\\\/\"},\"wordCount\":808,\"publisher\":{\"@id\":\"https:\\\/\\\/www.meydan.tv\\\/az\\\/#organization\"},\"image\":{\"@id\":\"https:\\\/\\\/www.meydan.tv\\\/az\\\/article\\\/salyanda-aile-savadsizliq-caresizlik-umidsizlik\\\/#primaryimage\"},\"thumbnailUrl\":\"https:\\\/\\\/www.meydan.tv\\\/wp-content\\\/uploads\\\/untitled-design-17-e1638263812631.gif\",\"articleSection\":[\"B\u00f6lg\u0259\",\"T\u00f6vsiy\u0259\",\"X\u0259b\u0259rl\u0259r\"],\"inLanguage\":\"az\"},{\"@type\":\"WebPage\",\"@id\":\"https:\\\/\\\/www.meydan.tv\\\/az\\\/article\\\/salyanda-aile-savadsizliq-caresizlik-umidsizlik\\\/\",\"url\":\"https:\\\/\\\/www.meydan.tv\\\/az\\\/article\\\/salyanda-aile-savadsizliq-caresizlik-umidsizlik\\\/\",\"name\":\"Salyanda ail\u0259: savads\u0131zl\u0131q, \u00e7ar\u0259sizlik, \u00fcmidsizlik... - MEYDAN.TV\",\"isPartOf\":{\"@id\":\"https:\\\/\\\/www.meydan.tv\\\/az\\\/#website\"},\"primaryImageOfPage\":{\"@id\":\"https:\\\/\\\/www.meydan.tv\\\/az\\\/article\\\/salyanda-aile-savadsizliq-caresizlik-umidsizlik\\\/#primaryimage\"},\"image\":{\"@id\":\"https:\\\/\\\/www.meydan.tv\\\/az\\\/article\\\/salyanda-aile-savadsizliq-caresizlik-umidsizlik\\\/#primaryimage\"},\"thumbnailUrl\":\"https:\\\/\\\/www.meydan.tv\\\/wp-content\\\/uploads\\\/untitled-design-17-e1638263812631.gif\",\"datePublished\":\"2021-11-30T09:17:27+00:00\",\"dateModified\":\"2021-11-30T09:18:13+00:00\",\"breadcrumb\":{\"@id\":\"https:\\\/\\\/www.meydan.tv\\\/az\\\/article\\\/salyanda-aile-savadsizliq-caresizlik-umidsizlik\\\/#breadcrumb\"},\"inLanguage\":\"az\",\"potentialAction\":[{\"@type\":\"ReadAction\",\"target\":[\"https:\\\/\\\/www.meydan.tv\\\/az\\\/article\\\/salyanda-aile-savadsizliq-caresizlik-umidsizlik\\\/\"]}]},{\"@type\":\"ImageObject\",\"inLanguage\":\"az\",\"@id\":\"https:\\\/\\\/www.meydan.tv\\\/az\\\/article\\\/salyanda-aile-savadsizliq-caresizlik-umidsizlik\\\/#primaryimage\",\"url\":\"https:\\\/\\\/www.meydan.tv\\\/wp-content\\\/uploads\\\/untitled-design-17-e1638263812631.gif\",\"contentUrl\":\"https:\\\/\\\/www.meydan.tv\\\/wp-content\\\/uploads\\\/untitled-design-17-e1638263812631.gif\",\"width\":1200,\"height\":452,\"caption\":\"Xanki\u015fiyevl\u0259r ail\u0259si, Foto Meydan TV\"},{\"@type\":\"BreadcrumbList\",\"@id\":\"https:\\\/\\\/www.meydan.tv\\\/az\\\/article\\\/salyanda-aile-savadsizliq-caresizlik-umidsizlik\\\/#breadcrumb\",\"itemListElement\":[{\"@type\":\"ListItem\",\"position\":1,\"name\":\"Ana s\u0259hif\u0259\",\"item\":\"https:\\\/\\\/www.meydan.tv\\\/az\\\/\"},{\"@type\":\"ListItem\",\"position\":2,\"name\":\"B\u00f6lg\u0259\",\"item\":\"https:\\\/\\\/www.meydan.tv\\\/az\\\/section\\\/bolge\\\/\"},{\"@type\":\"ListItem\",\"position\":3,\"name\":\"Salyanda ail\u0259: savads\u0131zl\u0131q, \u00e7ar\u0259sizlik, \u00fcmidsizlik&#8230;\"}]},{\"@type\":\"WebSite\",\"@id\":\"https:\\\/\\\/www.meydan.tv\\\/az\\\/#website\",\"url\":\"https:\\\/\\\/www.meydan.tv\\\/az\\\/\",\"name\":\"MEYDAN.TV\",\"description\":\"Meydan TV Az\u0259rbaycan\u0131n media m\u0259kan\u0131ndak\u0131 alternativ s\u0259sidir\",\"publisher\":{\"@id\":\"https:\\\/\\\/www.meydan.tv\\\/az\\\/#organization\"},\"potentialAction\":[{\"@type\":\"SearchAction\",\"target\":{\"@type\":\"EntryPoint\",\"urlTemplate\":\"https:\\\/\\\/www.meydan.tv\\\/az\\\/?s={search_term_string}\"},\"query-input\":{\"@type\":\"PropertyValueSpecification\",\"valueRequired\":true,\"valueName\":\"search_term_string\"}}],\"inLanguage\":\"az\"},{\"@type\":\"Organization\",\"@id\":\"https:\\\/\\\/www.meydan.tv\\\/az\\\/#organization\",\"name\":\"Meydan TV\",\"url\":\"https:\\\/\\\/www.meydan.tv\\\/az\\\/\",\"logo\":{\"@type\":\"ImageObject\",\"inLanguage\":\"az\",\"@id\":\"https:\\\/\\\/www.meydan.tv\\\/az\\\/#\\\/schema\\\/logo\\\/image\\\/\",\"url\":\"https:\\\/\\\/www.meydan.tv\\\/wp-content\\\/uploads\\\/2021\\\/07\\\/meydan-logo.svg\",\"contentUrl\":\"https:\\\/\\\/www.meydan.tv\\\/wp-content\\\/uploads\\\/2021\\\/07\\\/meydan-logo.svg\",\"width\":195,\"height\":46,\"caption\":\"Meydan TV\"},\"image\":{\"@id\":\"https:\\\/\\\/www.meydan.tv\\\/az\\\/#\\\/schema\\\/logo\\\/image\\\/\"}},{\"@type\":\"Person\",\"@id\":\"https:\\\/\\\/www.meydan.tv\\\/az\\\/#\\\/schema\\\/person\\\/9cdbecf90d17180ce1dfbd95b08dcf47\",\"name\":\"elli\",\"sameAs\":[\"https:\\\/\\\/x.com\\\/elli\"]}]}<\/script>\n<!-- \/ Yoast SEO plugin. -->","yoast_head_json":{"title":"Salyanda ail\u0259: savads\u0131zl\u0131q, \u00e7ar\u0259sizlik, \u00fcmidsizlik... - MEYDAN.TV","robots":{"index":"index","follow":"follow","max-snippet":"max-snippet:-1","max-image-preview":"max-image-preview:large","max-video-preview":"max-video-preview:-1"},"canonical":"https:\/\/www.meydan.tv\/az\/article\/salyanda-aile-savadsizliq-caresizlik-umidsizlik\/","og_locale":"az_AZ","og_type":"article","og_title":"Salyanda ail\u0259: savads\u0131zl\u0131q, \u00e7ar\u0259sizlik, \u00fcmidsizlik... - MEYDAN.TV","og_description":"\u201cM\u0259n olmasam, bu u\u015fa\u011f\u0131n v\u0259ziyy\u0259ti nec\u0259 olar?\u201d Salyan\u0131n Babazanl\u0131 q\u0259s\u0259b\u0259sind\u0259 ... Davam\u0131","og_url":"https:\/\/www.meydan.tv\/az\/article\/salyanda-aile-savadsizliq-caresizlik-umidsizlik\/","og_site_name":"MEYDAN.TV","article_published_time":"2021-11-30T09:17:27+00:00","article_modified_time":"2021-11-30T09:18:13+00:00","og_image":[{"width":1200,"height":452,"url":"https:\/\/www.meydan.tv\/wp-content\/uploads\/untitled-design-17-e1638263812631.gif","type":"image\/gif"}],"author":"elli","twitter_card":"summary_large_image","twitter_creator":"@elli","schema":{"@context":"https:\/\/schema.org","@graph":[{"@type":"Article","@id":"https:\/\/www.meydan.tv\/az\/article\/salyanda-aile-savadsizliq-caresizlik-umidsizlik\/#article","isPartOf":{"@id":"https:\/\/www.meydan.tv\/az\/article\/salyanda-aile-savadsizliq-caresizlik-umidsizlik\/"},"author":{"name":"elli","@id":"https:\/\/www.meydan.tv\/az\/#\/schema\/person\/9cdbecf90d17180ce1dfbd95b08dcf47"},"headline":"Salyanda ail\u0259: savads\u0131zl\u0131q, \u00e7ar\u0259sizlik, \u00fcmidsizlik&#8230;","datePublished":"2021-11-30T09:17:27+00:00","dateModified":"2021-11-30T09:18:13+00:00","mainEntityOfPage":{"@id":"https:\/\/www.meydan.tv\/az\/article\/salyanda-aile-savadsizliq-caresizlik-umidsizlik\/"},"wordCount":808,"publisher":{"@id":"https:\/\/www.meydan.tv\/az\/#organization"},"image":{"@id":"https:\/\/www.meydan.tv\/az\/article\/salyanda-aile-savadsizliq-caresizlik-umidsizlik\/#primaryimage"},"thumbnailUrl":"https:\/\/www.meydan.tv\/wp-content\/uploads\/untitled-design-17-e1638263812631.gif","articleSection":["B\u00f6lg\u0259","T\u00f6vsiy\u0259","X\u0259b\u0259rl\u0259r"],"inLanguage":"az"},{"@type":"WebPage","@id":"https:\/\/www.meydan.tv\/az\/article\/salyanda-aile-savadsizliq-caresizlik-umidsizlik\/","url":"https:\/\/www.meydan.tv\/az\/article\/salyanda-aile-savadsizliq-caresizlik-umidsizlik\/","name":"Salyanda ail\u0259: savads\u0131zl\u0131q, \u00e7ar\u0259sizlik, \u00fcmidsizlik... - MEYDAN.TV","isPartOf":{"@id":"https:\/\/www.meydan.tv\/az\/#website"},"primaryImageOfPage":{"@id":"https:\/\/www.meydan.tv\/az\/article\/salyanda-aile-savadsizliq-caresizlik-umidsizlik\/#primaryimage"},"image":{"@id":"https:\/\/www.meydan.tv\/az\/article\/salyanda-aile-savadsizliq-caresizlik-umidsizlik\/#primaryimage"},"thumbnailUrl":"https:\/\/www.meydan.tv\/wp-content\/uploads\/untitled-design-17-e1638263812631.gif","datePublished":"2021-11-30T09:17:27+00:00","dateModified":"2021-11-30T09:18:13+00:00","breadcrumb":{"@id":"https:\/\/www.meydan.tv\/az\/article\/salyanda-aile-savadsizliq-caresizlik-umidsizlik\/#breadcrumb"},"inLanguage":"az","potentialAction":[{"@type":"ReadAction","target":["https:\/\/www.meydan.tv\/az\/article\/salyanda-aile-savadsizliq-caresizlik-umidsizlik\/"]}]},{"@type":"ImageObject","inLanguage":"az","@id":"https:\/\/www.meydan.tv\/az\/article\/salyanda-aile-savadsizliq-caresizlik-umidsizlik\/#primaryimage","url":"https:\/\/www.meydan.tv\/wp-content\/uploads\/untitled-design-17-e1638263812631.gif","contentUrl":"https:\/\/www.meydan.tv\/wp-content\/uploads\/untitled-design-17-e1638263812631.gif","width":1200,"height":452,"caption":"Xanki\u015fiyevl\u0259r ail\u0259si, Foto Meydan TV"},{"@type":"BreadcrumbList","@id":"https:\/\/www.meydan.tv\/az\/article\/salyanda-aile-savadsizliq-caresizlik-umidsizlik\/#breadcrumb","itemListElement":[{"@type":"ListItem","position":1,"name":"Ana s\u0259hif\u0259","item":"https:\/\/www.meydan.tv\/az\/"},{"@type":"ListItem","position":2,"name":"B\u00f6lg\u0259","item":"https:\/\/www.meydan.tv\/az\/section\/bolge\/"},{"@type":"ListItem","position":3,"name":"Salyanda ail\u0259: savads\u0131zl\u0131q, \u00e7ar\u0259sizlik, \u00fcmidsizlik&#8230;"}]},{"@type":"WebSite","@id":"https:\/\/www.meydan.tv\/az\/#website","url":"https:\/\/www.meydan.tv\/az\/","name":"MEYDAN.TV","description":"Meydan TV Az\u0259rbaycan\u0131n media m\u0259kan\u0131ndak\u0131 alternativ s\u0259sidir","publisher":{"@id":"https:\/\/www.meydan.tv\/az\/#organization"},"potentialAction":[{"@type":"SearchAction","target":{"@type":"EntryPoint","urlTemplate":"https:\/\/www.meydan.tv\/az\/?s={search_term_string}"},"query-input":{"@type":"PropertyValueSpecification","valueRequired":true,"valueName":"search_term_string"}}],"inLanguage":"az"},{"@type":"Organization","@id":"https:\/\/www.meydan.tv\/az\/#organization","name":"Meydan TV","url":"https:\/\/www.meydan.tv\/az\/","logo":{"@type":"ImageObject","inLanguage":"az","@id":"https:\/\/www.meydan.tv\/az\/#\/schema\/logo\/image\/","url":"https:\/\/www.meydan.tv\/wp-content\/uploads\/2021\/07\/meydan-logo.svg","contentUrl":"https:\/\/www.meydan.tv\/wp-content\/uploads\/2021\/07\/meydan-logo.svg","width":195,"height":46,"caption":"Meydan TV"},"image":{"@id":"https:\/\/www.meydan.tv\/az\/#\/schema\/logo\/image\/"}},{"@type":"Person","@id":"https:\/\/www.meydan.tv\/az\/#\/schema\/person\/9cdbecf90d17180ce1dfbd95b08dcf47","name":"elli","sameAs":["https:\/\/x.com\/elli"]}]}},"_links":{"self":[{"href":"https:\/\/www.meydan.tv\/az\/wp-json\/wp\/v2\/posts\/227931","targetHints":{"allow":["GET"]}}],"collection":[{"href":"https:\/\/www.meydan.tv\/az\/wp-json\/wp\/v2\/posts"}],"about":[{"href":"https:\/\/www.meydan.tv\/az\/wp-json\/wp\/v2\/types\/post"}],"author":[{"embeddable":true,"href":"https:\/\/www.meydan.tv\/az\/wp-json\/wp\/v2\/users\/8"}],"replies":[{"embeddable":true,"href":"https:\/\/www.meydan.tv\/az\/wp-json\/wp\/v2\/comments?post=227931"}],"version-history":[{"count":3,"href":"https:\/\/www.meydan.tv\/az\/wp-json\/wp\/v2\/posts\/227931\/revisions"}],"predecessor-version":[{"id":227937,"href":"https:\/\/www.meydan.tv\/az\/wp-json\/wp\/v2\/posts\/227931\/revisions\/227937"}],"wp:featuredmedia":[{"embeddable":true,"href":"https:\/\/www.meydan.tv\/az\/wp-json\/wp\/v2\/media\/227933"}],"wp:attachment":[{"href":"https:\/\/www.meydan.tv\/az\/wp-json\/wp\/v2\/media?parent=227931"}],"wp:term":[{"taxonomy":"category","embeddable":true,"href":"https:\/\/www.meydan.tv\/az\/wp-json\/wp\/v2\/categories?post=227931"},{"taxonomy":"post_tag","embeddable":true,"href":"https:\/\/www.meydan.tv\/az\/wp-json\/wp\/v2\/tags?post=227931"}],"curies":[{"name":"wp","href":"https:\/\/api.w.org\/{rel}","templated":true}]}}