{"id":227905,"date":"2021-11-30T12:51:56","date_gmt":"2021-11-30T08:51:56","guid":{"rendered":"https:\/\/www.meydan.tv\/?p=227905"},"modified":"2021-11-30T13:25:24","modified_gmt":"2021-11-30T09:25:24","slug":"bakida-saleh-rustemova-azadliq-telebi-ile-aksiya-kecirilecek","status":"publish","type":"post","link":"https:\/\/www.meydan.tv\/az\/article\/bakida-saleh-rustemova-azadliq-telebi-ile-aksiya-kecirilecek\/","title":{"rendered":"Bak\u0131da \u201cSaleh R\u00fcst\u0259mova azadl\u0131q\u201d t\u0259l\u0259bi il\u0259 aksiya ke\u00e7iril\u0259c\u0259k"},"content":{"rendered":"\n<p><em>T\u0259\u015fkilat\u00e7\u0131lar \u0130cra Hakimiyy\u0259tin\u0259 m\u00fcraci\u0259t edibl\u0259r<\/em><\/p>\n\n\n\n<p>Dekabr\u0131n 1-d\u0259 Bak\u0131n\u0131n &#8220;F\u0259vvar\u0259l\u0259r ba\u011f\u0131&#8221;nda Saleh R\u00fcst\u0259movun azad edilm\u0259si t\u0259l\u0259biyl\u0259 aksiya ke\u00e7irilm\u0259si n\u0259z\u0259rd\u0259 tutulur.<\/p>\n\n\n\n<p>Saat 15:00-da n\u0259z\u0259rd\u0259 tutulan aksiyan\u0131n t\u0259\u015fkilat\u00e7\u0131lar\u0131 ictimai f\u0259allar Mete T\u00fcrksoy v\u0259 \u0130lkin R\u00fcst\u0259mzad\u0259dir.<\/p>\n\n\n\n<p>\u0130ctimai f\u0259al Mete T\u00fcrksoy Meydan TV-y\u0259 bildirib ki, aksiya hans\u0131sa partiya t\u0259r\u0259find\u0259n t\u0259\u015fkil edilm\u0259yib: &#8220;Aksiyan\u0131n ke\u00e7irilm\u0259sini biz t\u0259klif etmi\u015fik, i\u015ftirak da f\u0259rdidir. Hans\u0131sa partiya, yaxud kiml\u0259rs\u0259 ist\u0259yirs\u0259, qat\u0131la bil\u0259r&#8221;.<\/p>\n\n\n\n<p>O deyib ki, \u0259sas t\u0259l\u0259bl\u0259ri Saleh R\u00fcst\u0259movun azadl\u0131\u011fa burax\u0131lmas\u0131d\u0131r: \u201c Saleh R\u00fcst\u0259mov 25 g\u00fcnd\u00fcr ki, acl\u0131q aksiyas\u0131 ke\u00e7irir. H\u0259r an h\u0259yat\u0131n\u0131 itir\u0259 bil\u0259r. Ona g\u00f6r\u0259 d\u0259 \u0259sas t\u0259l\u0259bimiz onun azadl\u0131\u011fa burax\u0131lmas\u0131d\u0131r\u201d.<\/p>\n\n\n\n<p>M.T\u00fcrksoy Bak\u0131 \u015e\u0259h\u0259r \u0130cra Hakimiyy\u0259tin\u0259 onlayn qaydada m\u00fcraci\u0259t etdikl\u0259rini, bu g\u00fcn is\u0259 po\u00e7tla x\u0259b\u0259rdarl\u0131q m\u0259ktubu g\u00f6nd\u0259r\u0259c\u0259kl\u0259rini bildirib.<\/p>\n\n\n\n<p>S.R\u00fcst\u0259mov 25 g\u00fcnd\u00fcr ki, acl\u0131q aksiyas\u0131 ke\u00e7irir.<\/p>\n\n\n\n<p>Noyabr\u0131n 25-d\u0259 v\u0259kili B\u0259hruz Bayramov onunla g\u00f6r\u00fc\u015f\u00fcb.<\/p>\n\n\n\n<p>V\u0259kil art\u0131q S.R\u00fcst\u0259movda s\u00fcm\u00fck a\u011fr\u0131lar\u0131n\u0131n&nbsp; ba\u015flad\u0131\u011f\u0131n\u0131 s\u00f6yl\u0259yib:<\/p>\n\n\n\n<p>\u201cSaleh b\u0259y gec\u0259ni yatmay\u0131b. Bu g\u00fcn quru acl\u0131\u011fa ke\u00e7m\u0259k ist\u0259yirdi. Xahi\u015f etdim ki, olmaz, \u00e7\u00fcnki a\u011f\u0131r f\u0259sadlar\u0131 ola bil\u0259r. Penitensiar Xidm\u0259tin h\u0259kiml\u0259ri Saleh R\u00fcst\u0259mova s\u0259hh\u0259tinin a\u011f\u0131r oldu\u011funu v\u0259 davam ed\u0259rs\u0259, b\u00f6yr\u0259kl\u0259rinin s\u0131radan \u00e7\u0131xmas\u0131 t\u0259hl\u00fck\u0259sinin yaranaca\u011f\u0131n\u0131 deyibl\u0259r. Quru acl\u0131\u011fa ke\u00e7s\u0259, 12-15 saat sonra komaya d\u00fc\u015f\u0259c\u0259k\u201d.<\/p>\n\n\n\n<p>Milli M\u0259clisin&nbsp; \u0130nsan Haqlar\u0131 Komit\u0259sinin s\u0259dri Zahid Oruc d\u00fcn\u0259n deyib ki, Amnistiya Akt\u0131 S.R\u00fcst\u0259mova t\u0259tbiq edil\u0259 <a href=\"https:\/\/www.meydan.tv\/az\/article\/vekil-saleh-rustemov-quru-acliga-kecse-komaya-dusecek\/\" target=\"_blank\" rel=\"noreferrer noopener\">bil\u0259r<\/a>.<\/p>\n\n\n\n<p>Noyabr\u0131n 26-da v\u0259kil B\u0259hruz Bayramov professor Adil Qeybullan\u0131n Saleh R\u00fcst\u0259movu m\u00fcayin\u0259 etm\u0259si il\u0259 ba\u011fl\u0131 Penitensiar Xidm\u0259t\u0259 m\u00fcraci\u0259t edib, amma ona cavab verilm\u0259yib.<\/p>\n\n\n\n<p>Onun azad edilm\u0259si il\u0259 ba\u011fl\u0131 \u00f6t\u0259n h\u0259ft\u0259 QHT n\u00fcmay\u0259nd\u0259l\u0259ri, h\u00fcquq\u015f\u00fcnaslar, jurnalistl\u0259r \u00e7a\u011f\u0131r\u0131\u015f ets\u0259l\u0259r d\u0259, he\u00e7 bir r\u0259smi reaksiya <a href=\"https:\/\/www.meydan.tv\/az\/article\/huquq-mudafiecileri-saleh-rustemovla-bagli-prezidentden-cavab-gozleyirler\/\" target=\"_blank\" rel=\"noreferrer noopener\">yoxdur<\/a>.<\/p>\n\n\n\n<p>Noyabr\u0131n 27-d\u0259 AXCP G\u0259ncl\u0259r Komit\u0259si, M\u00fcsavat G\u0259ncl\u0259r T\u0259\u015fkilat\u0131, D18 H\u0259r\u0259kat\u0131, N\u0130DA V\u0259t\u0259nda\u015f H\u0259r\u0259kat\u0131, AXCP G\u0259ncl\u0259r Komit\u0259si v\u0259 REAL G\u0259ncl\u0259r Birliyinin t\u0259\u015f\u0259bb\u00fcs\u00fc il\u0259 \u201cSaleh R\u00fcst\u0259movun H\u00fcquqlar\u0131n\u0131n M\u00fcdafi\u0259si Komit\u0259si\u201d yarad\u0131l\u0131b.<\/p>\n\n\n\n<p>Komit\u0259 Saleh R\u00fcst\u0259movun h\u00fcquqlar\u0131n\u0131n m\u00fcdafi\u0259sini koordinasiyal\u0131 \u015f\u0259kild\u0259 t\u0259\u015fkil edib, bununla ba\u011fl\u0131 m\u00fcvafiq add\u0131mlar ataca\u011f\u0131n\u0131 a\u00e7\u0131qlay\u0131b.<\/p>\n\n\n\n<p>Xalq C\u0259bh\u0259sinin hakimiyy\u0259ti d\u00f6vr\u00fcnd\u0259 (1992-1993) G\u0259d\u0259b\u0259yin icra ba\u015f\u00e7\u0131s\u0131 olmu\u015f Saleh R\u00fcst\u0259mov 2018-ci ilin may\u0131nda AXCP-y\u0259 maliyy\u0259 yard\u0131m\u0131nda ittiham edil\u0259r\u0259k h\u0259bs olunub.<\/p>\n\n\n\n<p>Saleh R\u00fcst\u0259mov 1998-ci ild\u0259n Rusiyada ya\u015fay\u0131b.<\/p>\n\n\n\n<p>O, 2018-ci ild\u0259 yax\u0131nlar\u0131n\u0131 g\u00f6rm\u0259k \u00fc\u00e7\u00fcn Az\u0259rbaycana g\u0259lib v\u0259 \u015e\u0259mkird\u0259 saxlan\u0131l\u0131b.<\/p>\n\n\n\n<p>Ba\u015f M\u00fct\u0259\u015f\u0259kkil Cinay\u0259tkarl\u0131qla M\u00fcbariz\u0259 \u0130dar\u0259sin\u0259 g\u0259tiril\u0259n Saleh R\u00fcst\u0259mova qar\u015f\u0131 narkotik ittiham\u0131 ir\u0259li s\u00fcr\u00fcl\u00fcb.<\/p>\n\n\n\n<p>\u0130ki g\u00fcn sonra onun qarda\u015f\u0131 o\u011flu Vidadi R\u00fcst\u0259mli d\u0259 eyni ittihamla saxlan\u0131b. Onlar bu idar\u0259d\u0259 20 g\u00fcn\u0259 yax\u0131n i\u015fg\u0259nc\u0259y\u0259 m\u0259ruz qald\u0131qlar\u0131n\u0131 bildiribl\u0259r.<\/p>\n\n\n\n<p>Bundan sonra \u2013 may\u0131n 25-d\u0259 AXCP funksionerl\u0259ri Bab\u0259k H\u0259s\u0259nov, Aqil M\u0259h\u0259rr\u0259mli v\u0259 Ruslan N\u0259sirli tutulub.<\/p>\n\n\n\n<p>Onlar\u0131n saxlanmas\u0131 il\u0259 ba\u011fl\u0131 Ba\u015f Prokurorluq v\u0259 Daxili \u0130\u015fl\u0259r Nazirliyinin (D\u0130N) yayd\u0131\u011f\u0131 birg\u0259 m\u0259lumatda iddia olunub ki, bu be\u015f n\u0259f\u0259r \u00e7irkli pullar\u0131 leqalla\u015fd\u0131rmaqda ittiham olunublar.<\/p>\n\n\n\n<p>\u0130ddiaya g\u00f6r\u0259, Saleh R\u00fcst\u0259mov AXCP-y\u0259 420 min dollar pul g\u00f6nd\u0259rib. Lakin adlar\u0131 \u00e7\u0259kil\u0259n \u015f\u0259xsl\u0259r \u00e7irkli pullar\u0131n leqalla\u015fd\u0131r\u0131lmas\u0131 ittiham\u0131n\u0131 r\u0259dd edibl\u0259r.<\/p>\n\n\n\n<p>Saleh R\u00fcst\u0259mov bildirib ki, uzun ill\u0259r Xalq C\u0259bh\u0259sinin \u00fczv\u00fc olub. Rusiyada h\u0259m \u00f6z\u00fc, h\u0259m d\u0259 dig\u0259r az\u0259rbaycanl\u0131lar qazanclar\u0131ndan siyasi m\u0259hbuslar\u0131n ail\u0259l\u0259rin\u0259 yard\u0131m m\u0259qs\u0259dil\u0259 pul g\u00f6nd\u0259ribl\u0259r.<\/p>\n\n\n\n<p>T\u0259xmin\u0259n iki il \u0259rzind\u0259 siyasi m\u0259hbus ail\u0259l\u0259rin\u0259 g\u00f6nd\u0259ril\u0259n v\u0259sait is\u0259 10 min dollar olard\u0131.<\/p>\n\n\n\n<p>Bak\u0131 A\u011f\u0131r Cinay\u0259tl\u0259r M\u0259hk\u0259m\u0259sinin h\u00f6km\u00fc il\u0259 Saleh R\u00fcst\u0259mov 7 il 3 ay, Aqil M\u0259h\u0259rr\u0259mov 4 il, Bab\u0259k H\u0259s\u0259nov is\u0259 3 il azadl\u0131qdan m\u0259hrum edilib.<\/p>\n\n\n\n<p>Vidadi R\u00fcst\u0259mli v\u0259 Ruslan N\u0259sirliy\u0259 \u015f\u0259rti c\u0259za verilib. Sonradan Ali M\u0259hk\u0259m\u0259 Saleh R\u00fcst\u0259movun c\u0259zas\u0131n\u0131 2 ay azald\u0131b.<\/p>\n\n\n\n<p>M\u0259hk\u0259m\u0259nin h\u00f6km\u00fcnd\u0259 Saleh R\u00fcst\u0259movun yax\u0131nlar\u0131na m\u0259xsus m\u0259nzil v\u0259 ba\u015fqa da\u015f\u0131nmaz \u0259mlaklar\u0131n, h\u0259tta atalar\u0131ndan qalma evin d\u0259 m\u00fcsadir\u0259 olunmas\u0131 \u0259ksini tap\u0131b.<\/p>\n\n\n\n<p>Bab\u0259k H\u0259s\u0259nov c\u0259zas\u0131n\u0131n ba\u015fa \u00e7atmas\u0131na iki ay qalm\u0131\u015f \u2013 mart\u0131n 17-d\u0259 imzalanan sonuncu \u0259fv s\u0259r\u0259ncam\u0131 il\u0259 azadl\u0131\u011fa burax\u0131l\u0131b.<\/p>\n\n\n\n<p>AXCP bu cinay\u0259t i\u015finin qondarma oldu\u011funu b\u0259yan edib, partiyaya qar\u015f\u0131 ill\u0259rdir davam ed\u0259n repressiyalar\u0131n davam\u0131 kimi qiym\u0259tl\u0259ndirib.<\/p>\n","protected":false},"excerpt":{"rendered":"<p>T\u0259\u015fkilat\u00e7\u0131lar \u0130cra Hakimiyy\u0259tin\u0259 m\u00fcraci\u0259t edibl\u0259r Dekabr\u0131n 1-d\u0259 Bak\u0131n\u0131n &#8220;F\u0259vvar\u0259l\u0259r ba\u011f\u0131&#8221;nda &#8230; <\/p>\n<p class=\"read-more-container\"><a title=\"Bak\u0131da \u201cSaleh R\u00fcst\u0259mova azadl\u0131q\u201d t\u0259l\u0259bi il\u0259 aksiya ke\u00e7iril\u0259c\u0259k\" class=\"read-more button\" href=\"https:\/\/www.meydan.tv\/az\/article\/bakida-saleh-rustemova-azadliq-telebi-ile-aksiya-kecirilecek\/#more-227905\" aria-label=\"Read more about Bak\u0131da \u201cSaleh R\u00fcst\u0259mova azadl\u0131q\u201d t\u0259l\u0259bi il\u0259 aksiya ke\u00e7iril\u0259c\u0259k\">Davam\u0131<\/a><\/p>\n","protected":false},"author":8,"featured_media":226437,"comment_status":"closed","ping_status":"closed","sticky":false,"template":"","format":"standard","meta":{"_acf_changed":false,"_sitemap_exclude":false,"_sitemap_priority":"","_sitemap_frequency":"","footnotes":""},"categories":[59,79,56],"tags":[],"class_list":["post-227905","post","type-post","status-publish","format-standard","has-post-thumbnail","hentry","category-siyaset","category-featured","category-xeberler","infinite-scroll-item","generate-columns","tablet-grid-50","mobile-grid-100","grid-parent","grid-33","no-featured-image-padding"],"acf":[],"yoast_head":"<!-- This site is optimized with the Yoast SEO plugin v27.4 - https:\/\/yoast.com\/product\/yoast-seo-wordpress\/ -->\n<title>Bak\u0131da \u201cSaleh R\u00fcst\u0259mova azadl\u0131q\u201d t\u0259l\u0259bi il\u0259 aksiya ke\u00e7iril\u0259c\u0259k - MEYDAN.TV<\/title>\n<meta name=\"robots\" content=\"index, follow, max-snippet:-1, max-image-preview:large, max-video-preview:-1\" \/>\n<link rel=\"canonical\" href=\"https:\/\/www.meydan.tv\/az\/article\/bakida-saleh-rustemova-azadliq-telebi-ile-aksiya-kecirilecek\/\" \/>\n<meta property=\"og:locale\" content=\"az_AZ\" \/>\n<meta property=\"og:type\" content=\"article\" \/>\n<meta property=\"og:title\" content=\"Bak\u0131da \u201cSaleh R\u00fcst\u0259mova azadl\u0131q\u201d t\u0259l\u0259bi il\u0259 aksiya ke\u00e7iril\u0259c\u0259k - MEYDAN.TV\" \/>\n<meta property=\"og:description\" content=\"T\u0259\u015fkilat\u00e7\u0131lar \u0130cra Hakimiyy\u0259tin\u0259 m\u00fcraci\u0259t edibl\u0259r Dekabr\u0131n 1-d\u0259 Bak\u0131n\u0131n &#8220;F\u0259vvar\u0259l\u0259r ba\u011f\u0131&#8221;nda ... Davam\u0131\" \/>\n<meta property=\"og:url\" content=\"https:\/\/www.meydan.tv\/az\/article\/bakida-saleh-rustemova-azadliq-telebi-ile-aksiya-kecirilecek\/\" \/>\n<meta property=\"og:site_name\" content=\"MEYDAN.TV\" \/>\n<meta property=\"article:published_time\" content=\"2021-11-30T08:51:56+00:00\" \/>\n<meta property=\"article:modified_time\" content=\"2021-11-30T09:25:24+00:00\" \/>\n<meta property=\"og:image\" content=\"https:\/\/www.meydan.tv\/wp-content\/uploads\/untitled_artwork__7_-scaled.jpg\" \/>\n\t<meta property=\"og:image:width\" content=\"2560\" \/>\n\t<meta property=\"og:image:height\" content=\"1707\" \/>\n\t<meta property=\"og:image:type\" content=\"image\/jpeg\" \/>\n<meta name=\"author\" content=\"elli\" \/>\n<meta name=\"twitter:card\" content=\"summary_large_image\" \/>\n<meta name=\"twitter:creator\" content=\"@elli\" \/>\n<script type=\"application\/ld+json\" class=\"yoast-schema-graph\">{\"@context\":\"https:\\\/\\\/schema.org\",\"@graph\":[{\"@type\":\"Article\",\"@id\":\"https:\\\/\\\/www.meydan.tv\\\/az\\\/article\\\/bakida-saleh-rustemova-azadliq-telebi-ile-aksiya-kecirilecek\\\/#article\",\"isPartOf\":{\"@id\":\"https:\\\/\\\/www.meydan.tv\\\/az\\\/article\\\/bakida-saleh-rustemova-azadliq-telebi-ile-aksiya-kecirilecek\\\/\"},\"author\":{\"name\":\"elli\",\"@id\":\"https:\\\/\\\/www.meydan.tv\\\/az\\\/#\\\/schema\\\/person\\\/9cdbecf90d17180ce1dfbd95b08dcf47\"},\"headline\":\"Bak\u0131da \u201cSaleh R\u00fcst\u0259mova azadl\u0131q\u201d t\u0259l\u0259bi il\u0259 aksiya ke\u00e7iril\u0259c\u0259k\",\"datePublished\":\"2021-11-30T08:51:56+00:00\",\"dateModified\":\"2021-11-30T09:25:24+00:00\",\"mainEntityOfPage\":{\"@id\":\"https:\\\/\\\/www.meydan.tv\\\/az\\\/article\\\/bakida-saleh-rustemova-azadliq-telebi-ile-aksiya-kecirilecek\\\/\"},\"wordCount\":980,\"publisher\":{\"@id\":\"https:\\\/\\\/www.meydan.tv\\\/az\\\/#organization\"},\"image\":{\"@id\":\"https:\\\/\\\/www.meydan.tv\\\/az\\\/article\\\/bakida-saleh-rustemova-azadliq-telebi-ile-aksiya-kecirilecek\\\/#primaryimage\"},\"thumbnailUrl\":\"https:\\\/\\\/www.meydan.tv\\\/wp-content\\\/uploads\\\/untitled_artwork__7_-scaled-e1763558338626.jpg\",\"articleSection\":[\"Siyas\u0259t\",\"T\u00f6vsiy\u0259\",\"X\u0259b\u0259rl\u0259r\"],\"inLanguage\":\"az\"},{\"@type\":\"WebPage\",\"@id\":\"https:\\\/\\\/www.meydan.tv\\\/az\\\/article\\\/bakida-saleh-rustemova-azadliq-telebi-ile-aksiya-kecirilecek\\\/\",\"url\":\"https:\\\/\\\/www.meydan.tv\\\/az\\\/article\\\/bakida-saleh-rustemova-azadliq-telebi-ile-aksiya-kecirilecek\\\/\",\"name\":\"Bak\u0131da \u201cSaleh R\u00fcst\u0259mova azadl\u0131q\u201d t\u0259l\u0259bi il\u0259 aksiya ke\u00e7iril\u0259c\u0259k - MEYDAN.TV\",\"isPartOf\":{\"@id\":\"https:\\\/\\\/www.meydan.tv\\\/az\\\/#website\"},\"primaryImageOfPage\":{\"@id\":\"https:\\\/\\\/www.meydan.tv\\\/az\\\/article\\\/bakida-saleh-rustemova-azadliq-telebi-ile-aksiya-kecirilecek\\\/#primaryimage\"},\"image\":{\"@id\":\"https:\\\/\\\/www.meydan.tv\\\/az\\\/article\\\/bakida-saleh-rustemova-azadliq-telebi-ile-aksiya-kecirilecek\\\/#primaryimage\"},\"thumbnailUrl\":\"https:\\\/\\\/www.meydan.tv\\\/wp-content\\\/uploads\\\/untitled_artwork__7_-scaled-e1763558338626.jpg\",\"datePublished\":\"2021-11-30T08:51:56+00:00\",\"dateModified\":\"2021-11-30T09:25:24+00:00\",\"breadcrumb\":{\"@id\":\"https:\\\/\\\/www.meydan.tv\\\/az\\\/article\\\/bakida-saleh-rustemova-azadliq-telebi-ile-aksiya-kecirilecek\\\/#breadcrumb\"},\"inLanguage\":\"az\",\"potentialAction\":[{\"@type\":\"ReadAction\",\"target\":[\"https:\\\/\\\/www.meydan.tv\\\/az\\\/article\\\/bakida-saleh-rustemova-azadliq-telebi-ile-aksiya-kecirilecek\\\/\"]}]},{\"@type\":\"ImageObject\",\"inLanguage\":\"az\",\"@id\":\"https:\\\/\\\/www.meydan.tv\\\/az\\\/article\\\/bakida-saleh-rustemova-azadliq-telebi-ile-aksiya-kecirilecek\\\/#primaryimage\",\"url\":\"https:\\\/\\\/www.meydan.tv\\\/wp-content\\\/uploads\\\/untitled_artwork__7_-scaled-e1763558338626.jpg\",\"contentUrl\":\"https:\\\/\\\/www.meydan.tv\\\/wp-content\\\/uploads\\\/untitled_artwork__7_-scaled-e1763558338626.jpg\",\"width\":1000,\"height\":585,\"caption\":\"Saleh R\u00fcst\u0259mov, Foto: Meydan TV\"},{\"@type\":\"BreadcrumbList\",\"@id\":\"https:\\\/\\\/www.meydan.tv\\\/az\\\/article\\\/bakida-saleh-rustemova-azadliq-telebi-ile-aksiya-kecirilecek\\\/#breadcrumb\",\"itemListElement\":[{\"@type\":\"ListItem\",\"position\":1,\"name\":\"Ana s\u0259hif\u0259\",\"item\":\"https:\\\/\\\/www.meydan.tv\\\/az\\\/\"},{\"@type\":\"ListItem\",\"position\":2,\"name\":\"Siyas\u0259t\",\"item\":\"https:\\\/\\\/www.meydan.tv\\\/az\\\/section\\\/siyaset\\\/\"},{\"@type\":\"ListItem\",\"position\":3,\"name\":\"Bak\u0131da \u201cSaleh R\u00fcst\u0259mova azadl\u0131q\u201d t\u0259l\u0259bi il\u0259 aksiya ke\u00e7iril\u0259c\u0259k\"}]},{\"@type\":\"WebSite\",\"@id\":\"https:\\\/\\\/www.meydan.tv\\\/az\\\/#website\",\"url\":\"https:\\\/\\\/www.meydan.tv\\\/az\\\/\",\"name\":\"MEYDAN.TV\",\"description\":\"Meydan TV Az\u0259rbaycan\u0131n media m\u0259kan\u0131ndak\u0131 alternativ s\u0259sidir\",\"publisher\":{\"@id\":\"https:\\\/\\\/www.meydan.tv\\\/az\\\/#organization\"},\"potentialAction\":[{\"@type\":\"SearchAction\",\"target\":{\"@type\":\"EntryPoint\",\"urlTemplate\":\"https:\\\/\\\/www.meydan.tv\\\/az\\\/?s={search_term_string}\"},\"query-input\":{\"@type\":\"PropertyValueSpecification\",\"valueRequired\":true,\"valueName\":\"search_term_string\"}}],\"inLanguage\":\"az\"},{\"@type\":\"Organization\",\"@id\":\"https:\\\/\\\/www.meydan.tv\\\/az\\\/#organization\",\"name\":\"Meydan TV\",\"url\":\"https:\\\/\\\/www.meydan.tv\\\/az\\\/\",\"logo\":{\"@type\":\"ImageObject\",\"inLanguage\":\"az\",\"@id\":\"https:\\\/\\\/www.meydan.tv\\\/az\\\/#\\\/schema\\\/logo\\\/image\\\/\",\"url\":\"https:\\\/\\\/www.meydan.tv\\\/wp-content\\\/uploads\\\/2021\\\/07\\\/meydan-logo.svg\",\"contentUrl\":\"https:\\\/\\\/www.meydan.tv\\\/wp-content\\\/uploads\\\/2021\\\/07\\\/meydan-logo.svg\",\"width\":195,\"height\":46,\"caption\":\"Meydan TV\"},\"image\":{\"@id\":\"https:\\\/\\\/www.meydan.tv\\\/az\\\/#\\\/schema\\\/logo\\\/image\\\/\"}},{\"@type\":\"Person\",\"@id\":\"https:\\\/\\\/www.meydan.tv\\\/az\\\/#\\\/schema\\\/person\\\/9cdbecf90d17180ce1dfbd95b08dcf47\",\"name\":\"elli\",\"sameAs\":[\"https:\\\/\\\/x.com\\\/elli\"]}]}<\/script>\n<!-- \/ Yoast SEO plugin. -->","yoast_head_json":{"title":"Bak\u0131da \u201cSaleh R\u00fcst\u0259mova azadl\u0131q\u201d t\u0259l\u0259bi il\u0259 aksiya ke\u00e7iril\u0259c\u0259k - MEYDAN.TV","robots":{"index":"index","follow":"follow","max-snippet":"max-snippet:-1","max-image-preview":"max-image-preview:large","max-video-preview":"max-video-preview:-1"},"canonical":"https:\/\/www.meydan.tv\/az\/article\/bakida-saleh-rustemova-azadliq-telebi-ile-aksiya-kecirilecek\/","og_locale":"az_AZ","og_type":"article","og_title":"Bak\u0131da \u201cSaleh R\u00fcst\u0259mova azadl\u0131q\u201d t\u0259l\u0259bi il\u0259 aksiya ke\u00e7iril\u0259c\u0259k - MEYDAN.TV","og_description":"T\u0259\u015fkilat\u00e7\u0131lar \u0130cra Hakimiyy\u0259tin\u0259 m\u00fcraci\u0259t edibl\u0259r Dekabr\u0131n 1-d\u0259 Bak\u0131n\u0131n &#8220;F\u0259vvar\u0259l\u0259r ba\u011f\u0131&#8221;nda ... Davam\u0131","og_url":"https:\/\/www.meydan.tv\/az\/article\/bakida-saleh-rustemova-azadliq-telebi-ile-aksiya-kecirilecek\/","og_site_name":"MEYDAN.TV","article_published_time":"2021-11-30T08:51:56+00:00","article_modified_time":"2021-11-30T09:25:24+00:00","og_image":[{"width":2560,"height":1707,"url":"https:\/\/www.meydan.tv\/wp-content\/uploads\/untitled_artwork__7_-scaled.jpg","type":"image\/jpeg"}],"author":"elli","twitter_card":"summary_large_image","twitter_creator":"@elli","schema":{"@context":"https:\/\/schema.org","@graph":[{"@type":"Article","@id":"https:\/\/www.meydan.tv\/az\/article\/bakida-saleh-rustemova-azadliq-telebi-ile-aksiya-kecirilecek\/#article","isPartOf":{"@id":"https:\/\/www.meydan.tv\/az\/article\/bakida-saleh-rustemova-azadliq-telebi-ile-aksiya-kecirilecek\/"},"author":{"name":"elli","@id":"https:\/\/www.meydan.tv\/az\/#\/schema\/person\/9cdbecf90d17180ce1dfbd95b08dcf47"},"headline":"Bak\u0131da \u201cSaleh R\u00fcst\u0259mova azadl\u0131q\u201d t\u0259l\u0259bi il\u0259 aksiya ke\u00e7iril\u0259c\u0259k","datePublished":"2021-11-30T08:51:56+00:00","dateModified":"2021-11-30T09:25:24+00:00","mainEntityOfPage":{"@id":"https:\/\/www.meydan.tv\/az\/article\/bakida-saleh-rustemova-azadliq-telebi-ile-aksiya-kecirilecek\/"},"wordCount":980,"publisher":{"@id":"https:\/\/www.meydan.tv\/az\/#organization"},"image":{"@id":"https:\/\/www.meydan.tv\/az\/article\/bakida-saleh-rustemova-azadliq-telebi-ile-aksiya-kecirilecek\/#primaryimage"},"thumbnailUrl":"https:\/\/www.meydan.tv\/wp-content\/uploads\/untitled_artwork__7_-scaled-e1763558338626.jpg","articleSection":["Siyas\u0259t","T\u00f6vsiy\u0259","X\u0259b\u0259rl\u0259r"],"inLanguage":"az"},{"@type":"WebPage","@id":"https:\/\/www.meydan.tv\/az\/article\/bakida-saleh-rustemova-azadliq-telebi-ile-aksiya-kecirilecek\/","url":"https:\/\/www.meydan.tv\/az\/article\/bakida-saleh-rustemova-azadliq-telebi-ile-aksiya-kecirilecek\/","name":"Bak\u0131da \u201cSaleh R\u00fcst\u0259mova azadl\u0131q\u201d t\u0259l\u0259bi il\u0259 aksiya ke\u00e7iril\u0259c\u0259k - MEYDAN.TV","isPartOf":{"@id":"https:\/\/www.meydan.tv\/az\/#website"},"primaryImageOfPage":{"@id":"https:\/\/www.meydan.tv\/az\/article\/bakida-saleh-rustemova-azadliq-telebi-ile-aksiya-kecirilecek\/#primaryimage"},"image":{"@id":"https:\/\/www.meydan.tv\/az\/article\/bakida-saleh-rustemova-azadliq-telebi-ile-aksiya-kecirilecek\/#primaryimage"},"thumbnailUrl":"https:\/\/www.meydan.tv\/wp-content\/uploads\/untitled_artwork__7_-scaled-e1763558338626.jpg","datePublished":"2021-11-30T08:51:56+00:00","dateModified":"2021-11-30T09:25:24+00:00","breadcrumb":{"@id":"https:\/\/www.meydan.tv\/az\/article\/bakida-saleh-rustemova-azadliq-telebi-ile-aksiya-kecirilecek\/#breadcrumb"},"inLanguage":"az","potentialAction":[{"@type":"ReadAction","target":["https:\/\/www.meydan.tv\/az\/article\/bakida-saleh-rustemova-azadliq-telebi-ile-aksiya-kecirilecek\/"]}]},{"@type":"ImageObject","inLanguage":"az","@id":"https:\/\/www.meydan.tv\/az\/article\/bakida-saleh-rustemova-azadliq-telebi-ile-aksiya-kecirilecek\/#primaryimage","url":"https:\/\/www.meydan.tv\/wp-content\/uploads\/untitled_artwork__7_-scaled-e1763558338626.jpg","contentUrl":"https:\/\/www.meydan.tv\/wp-content\/uploads\/untitled_artwork__7_-scaled-e1763558338626.jpg","width":1000,"height":585,"caption":"Saleh R\u00fcst\u0259mov, Foto: Meydan TV"},{"@type":"BreadcrumbList","@id":"https:\/\/www.meydan.tv\/az\/article\/bakida-saleh-rustemova-azadliq-telebi-ile-aksiya-kecirilecek\/#breadcrumb","itemListElement":[{"@type":"ListItem","position":1,"name":"Ana s\u0259hif\u0259","item":"https:\/\/www.meydan.tv\/az\/"},{"@type":"ListItem","position":2,"name":"Siyas\u0259t","item":"https:\/\/www.meydan.tv\/az\/section\/siyaset\/"},{"@type":"ListItem","position":3,"name":"Bak\u0131da \u201cSaleh R\u00fcst\u0259mova azadl\u0131q\u201d t\u0259l\u0259bi il\u0259 aksiya ke\u00e7iril\u0259c\u0259k"}]},{"@type":"WebSite","@id":"https:\/\/www.meydan.tv\/az\/#website","url":"https:\/\/www.meydan.tv\/az\/","name":"MEYDAN.TV","description":"Meydan TV Az\u0259rbaycan\u0131n media m\u0259kan\u0131ndak\u0131 alternativ s\u0259sidir","publisher":{"@id":"https:\/\/www.meydan.tv\/az\/#organization"},"potentialAction":[{"@type":"SearchAction","target":{"@type":"EntryPoint","urlTemplate":"https:\/\/www.meydan.tv\/az\/?s={search_term_string}"},"query-input":{"@type":"PropertyValueSpecification","valueRequired":true,"valueName":"search_term_string"}}],"inLanguage":"az"},{"@type":"Organization","@id":"https:\/\/www.meydan.tv\/az\/#organization","name":"Meydan TV","url":"https:\/\/www.meydan.tv\/az\/","logo":{"@type":"ImageObject","inLanguage":"az","@id":"https:\/\/www.meydan.tv\/az\/#\/schema\/logo\/image\/","url":"https:\/\/www.meydan.tv\/wp-content\/uploads\/2021\/07\/meydan-logo.svg","contentUrl":"https:\/\/www.meydan.tv\/wp-content\/uploads\/2021\/07\/meydan-logo.svg","width":195,"height":46,"caption":"Meydan TV"},"image":{"@id":"https:\/\/www.meydan.tv\/az\/#\/schema\/logo\/image\/"}},{"@type":"Person","@id":"https:\/\/www.meydan.tv\/az\/#\/schema\/person\/9cdbecf90d17180ce1dfbd95b08dcf47","name":"elli","sameAs":["https:\/\/x.com\/elli"]}]}},"_links":{"self":[{"href":"https:\/\/www.meydan.tv\/az\/wp-json\/wp\/v2\/posts\/227905","targetHints":{"allow":["GET"]}}],"collection":[{"href":"https:\/\/www.meydan.tv\/az\/wp-json\/wp\/v2\/posts"}],"about":[{"href":"https:\/\/www.meydan.tv\/az\/wp-json\/wp\/v2\/types\/post"}],"author":[{"embeddable":true,"href":"https:\/\/www.meydan.tv\/az\/wp-json\/wp\/v2\/users\/8"}],"replies":[{"embeddable":true,"href":"https:\/\/www.meydan.tv\/az\/wp-json\/wp\/v2\/comments?post=227905"}],"version-history":[{"count":4,"href":"https:\/\/www.meydan.tv\/az\/wp-json\/wp\/v2\/posts\/227905\/revisions"}],"predecessor-version":[{"id":227940,"href":"https:\/\/www.meydan.tv\/az\/wp-json\/wp\/v2\/posts\/227905\/revisions\/227940"}],"wp:featuredmedia":[{"embeddable":true,"href":"https:\/\/www.meydan.tv\/az\/wp-json\/wp\/v2\/media\/226437"}],"wp:attachment":[{"href":"https:\/\/www.meydan.tv\/az\/wp-json\/wp\/v2\/media?parent=227905"}],"wp:term":[{"taxonomy":"category","embeddable":true,"href":"https:\/\/www.meydan.tv\/az\/wp-json\/wp\/v2\/categories?post=227905"},{"taxonomy":"post_tag","embeddable":true,"href":"https:\/\/www.meydan.tv\/az\/wp-json\/wp\/v2\/tags?post=227905"}],"curies":[{"name":"wp","href":"https:\/\/api.w.org\/{rel}","templated":true}]}}