{"id":227890,"date":"2021-11-29T23:26:14","date_gmt":"2021-11-29T19:26:14","guid":{"rendered":"https:\/\/www.meydan.tv\/?p=227890"},"modified":"2021-11-29T23:26:16","modified_gmt":"2021-11-29T19:26:16","slug":"evimdeki-her-uc-kisini-azerbaycana-qurban-verdim-bu-olkede-1-metr-torpagim-birotaqli-evim-yoxdur","status":"publish","type":"post","link":"https:\/\/www.meydan.tv\/az\/article\/evimdeki-her-uc-kisini-azerbaycana-qurban-verdim-bu-olkede-1-metr-torpagim-birotaqli-evim-yoxdur\/","title":{"rendered":"\u201cEvimd\u0259ki h\u0259r \u00fc\u00e7 ki\u015fini Az\u0259rbaycana qurban verdim, bu \u00f6lk\u0259d\u0259 1 metr torpa\u011f\u0131m, birotaql\u0131 evim yoxdur\u201d"},"content":{"rendered":"\n<p><em>Ucar sakini: \u201c\u0130ki ayd\u0131r pulsuzluqdan Bak\u0131da h\u0259rbi hospitalda yatan o\u011flumun yan\u0131na ged\u0259 bilmir\u0259m\u2026\u201d<\/em><br><\/p>\n\n\n\n<p>Ucar sakini, amma Ming\u0259\u00e7evird\u0259 kiray\u0259 ya\u015fayan Safura Xasm\u0259mm\u0259dovan\u0131n h\u0259m h\u0259yat yolda\u015f\u0131, h\u0259m d\u0259 iki o\u011flu Qaraba\u011f m\u00fcharib\u0259l\u0259rinin i\u015ftirak\u00e7\u0131s\u0131 olub. Ata Zaur Xasm\u0259mm\u0259dov 28 il h\u0259rbi qulluq\u00e7u olub, Birinci Qaraba\u011f M\u00fcharib\u0259sind\u0259, 2016-c\u0131 ilin aprel d\u00f6y\u00fc\u015fl\u0259rind\u0259 i\u015ftirak edib, yaralan\u0131b. 2019-cu ild\u0259 el\u0259 i\u015f yerind\u0259 &#8211; h\u0259rbi hiss\u0259d\u0259 d\u0259 h\u0259yat\u0131n\u0131 itirib. \u0130ki o\u011flu is\u0259 44 g\u00fcnl\u00fck m\u00fcharib\u0259d\u0259n sa\u011flaml\u0131qlar\u0131nda ciddi probleml\u0259 qay\u0131d\u0131b. Birinin v\u0259ziyy\u0259ti daha a\u011f\u0131rd\u0131r. Ail\u0259nin is\u0259 ya\u015fama\u011fa yeri d\u0259 yoxdur. \u00dcst\u0259lik, ana a\u011f\u0131r x\u0259st\u0259dir\u2026<br><\/p>\n\n\n\n<p><strong>\u201cO\u011flum d\u00f6rd\u00fcnc\u00fc m\u0259rt\u0259b\u0259nin eyvan\u0131nda bo\u011faz\u0131na ip ke\u00e7irib, \u00f6z\u00fcn\u00fc yer\u0259 sallam\u0131\u015fd\u0131\u201d<br><\/strong><\/p>\n\n\n\n<p>Safura Xasm\u0259mm\u0259dova dan\u0131\u015f\u0131r ki, b\u00f6y\u00fck o\u011flu Nem\u0259t Bak\u0131da h\u0259rbi hospitalda yat\u0131r. M\u00fcharib\u0259 i\u015ftirak\u00e7\u0131s\u0131 d\u00f6y\u00fc\u015fl\u0259rd\u0259n qay\u0131dandan sonra d\u00f6rd\u00fcnc\u00fc d\u0259f\u0259 intihara c\u0259hd g\u00f6st\u0259rib. Ax\u0131r\u0131nc\u0131 c\u0259hdd\u0259n sonra onu hospital\u0131n psixiatriya \u015f\u00f6b\u0259sin\u0259 yerl\u0259\u015fdiribl\u0259r:<br><\/p>\n\n\n\n<div class=\"wp-block-image\"><figure class=\"alignleft size-full is-resized\"><img decoding=\"async\" data-src=\"https:\/\/www.meydan.tv\/wp-content\/uploads\/untitled-design-12-1.gif\" alt=\"\" class=\"wp-image-227887 lazyload\" width=\"531\" height=\"354\" src=\"data:image\/svg+xml;base64,PHN2ZyB3aWR0aD0iMSIgaGVpZ2h0PSIxIiB4bWxucz0iaHR0cDovL3d3dy53My5vcmcvMjAwMC9zdmciPjwvc3ZnPg==\" style=\"--smush-placeholder-width: 531px; --smush-placeholder-aspect-ratio: 531\/354;\" \/><figcaption> Safura Xasm\u0259mm\u0259dova h\u0259yat yolda\u015f\u0131 Zaur Xasm\u0259mm\u0259dovun m\u0259zar\u0131 ba\u015f\u0131nda, Foto: Meydan TV<\/figcaption><\/figure><\/div>\n\n\n\n<p>\u201cAy\u0131n 14-\u00fc \u00fc\u00e7 ay tamam olacaq ki, orada yat\u0131r. Evd\u0259 intihar el\u0259mi\u015fdi. Ondan sonra Mehriban xan\u0131ma yazd\u0131m, reaksiya verdil\u0259r, g\u0259lib apar\u0131b hospitala yerl\u0259\u015fdirdil\u0259r. M\u0259ktubuma 10 g\u00fcn\u0259 cavab g\u0259ldi. Sonra B\u0259rd\u0259d\u0259ki korpusa getdim, g\u0259lib apard\u0131lar. \u018fvv\u0259l A\u011fdama \u2013 Sar\u0131cal\u0131ya aparm\u0131\u015fd\u0131lar. Orada m\u00fcalic\u0259si m\u00fcmk\u00fcn olmad\u0131 dey\u0259, sonra Bak\u0131ya k\u00f6\u00e7\u00fcrd\u00fcl\u0259r. \u0130ki ayd\u0131r imkans\u0131zl\u0131qdan yan\u0131na ged\u0259 bilmir\u0259m. \u00d6z\u00fcm d\u0259 h\u0259m infarkt ke\u00e7irmi\u015f\u0259m, h\u0259m d\u0259 onkoloji x\u0259st\u0259y\u0259m\u201d.<br><\/p>\n\n\n\n<p>Nem\u0259t Xasm\u0259mm\u0259dov 2020-ci il oktyabr\u0131n 3-d\u0259 Suqovu\u015fanda yaralan\u0131b. Ert\u0259si g\u00fcn ail\u0259si bundan x\u0259b\u0259r tutub. H\u0259tta onlara \u0259vv\u0259lc\u0259 Nem\u0259tin h\u0259lak oldu\u011funu deyibl\u0259r:<br><\/p>\n\n\n\n<p>\u201cAy\u0131n 4-d\u0259 biz\u0259 z\u0259ng g\u0259ldi ki, o\u011flum Naftalan hospital\u0131nda \u015f\u0259hidl\u0259rin aras\u0131ndad\u0131r. Hospitaldak\u0131lar g\u00f6r\u00fcb ki, bunun n\u0259bzi vurur, d\u0259rhal apar\u0131blar G\u0259nc\u0259y\u0259. Orada yer olmad\u0131\u011f\u0131ndan, sonra \u015e\u0259mkir\u0259 g\u00f6nd\u0259rdil\u0259r. Onda beyin silk\u0259l\u0259nm\u0259siydi. Ba\u015f\u0131na q\u0259lp\u0259l\u0259r girib v\u0259 \u00e7\u0131x\u0131b. Dey\u0259s\u0259n, h\u0259tta x\u0131rda q\u0259lp\u0259l\u0259r qal\u0131b. \u0130ntihara c\u0259hd el\u0259di ki, a\u011fr\u0131ya d\u00f6z\u0259 bilmir\u0259m. Evd\u0259 k\u0259sici-de\u015fici n\u0259 varsa, y\u0131\u011f\u0131\u015fd\u0131rm\u0131\u015fd\u0131m. \u00d6z\u00fcn\u00fc \u00f6ld\u00fcrm\u0259k ist\u0259yirdi, m\u0259n\u0259, qarda\u015f\u0131na h\u00fccum edirdi. Damar\u0131n\u0131 k\u0259sirdi, gec\u0259l\u0259r q\u0131\u015fq\u0131r\u0131rd\u0131. Ne\u00e7\u0259 d\u0259f\u0259 damar\u0131n\u0131 k\u0259sib, hamamda \u00f6z\u00fcn\u00fc bo\u011fub. D\u00f6rd\u00fcnc\u00fc m\u0259rt\u0259b\u0259nin eyvan\u0131nda bo\u011faz\u0131na ip ke\u00e7irib, \u00f6z\u00fcn\u00fc yer\u0259 sallam\u0131\u015fd\u0131. Biz \u00e7atmasayd\u0131q, ip q\u0131r\u0131lsa, d\u00fc\u015f\u0259c\u0259kdi yer\u0259\u201d.<br><\/p>\n\n\n\n<p><em>\u201cBa\u015f\u0131ndan yaralanm\u0131\u015f o\u011flum f\u0259hl\u0259lik el\u0259yir ki, yem\u0259y\u0259 n\u0259s\u0259 alaq\u201d<br><\/em><\/p>\n\n\n\n<p>2016-c\u0131 ilin aprel d\u00f6y\u00fc\u015fl\u0259rind\u0259 yaralanm\u0131\u015f Zaur Xasm\u0259mm\u0259dov iki il \u00f6nc\u0259 B\u0259rd\u0259d\u0259 h\u0259rbi hiss\u0259d\u0259 h\u0259yat\u0131n\u0131 itir\u0259nd\u0259 ail\u0259sin\u0259 onun q\u0259fil \u00fcr\u0259ktutmas\u0131ndan v\u0259fat etdiyi bildirilib:<br><\/p>\n\n\n\n<p>\u201cHe\u00e7 m\u0259n\u0259 tabutu a\u00e7ma\u011fa imkan verm\u0259dil\u0259r. El\u0259 dedil\u0259r ki, bu s\u0259b\u0259bd\u0259n v\u0259fat edib, v\u0259ssalam. M\u0259nim d\u0259 inanmaqdan ba\u015fqa \u00e7ar\u0259m qalmad\u0131. Aprel d\u00f6y\u00fc\u015fl\u0259rind\u0259 nec\u0259 yaraland\u0131\u011f\u0131na onu tan\u0131yan h\u0259r k\u0259s \u015fahiddir. Amma hospitalda yatmad\u0131 ki, m\u0259nd\u0259n d\u0259 a\u011f\u0131rlar\u0131 var. \u00dc\u00e7 ay \u0259rzind\u0259 onun aya\u011f\u0131n\u0131 biz evd\u0259 sa\u011faltd\u0131q. El\u0259 yaralanm\u0131\u015fd\u0131 ki, aya\u011f\u0131n\u0131n s\u00fcm\u00fcy\u00fc g\u00f6r\u00fcn\u00fcrd\u00fc. Aprel d\u00f6y\u00fc\u015fl\u0259rin\u0259 g\u00f6r\u0259 d\u0259 ona medal, f\u0259xri f\u0259rmanlar verdil\u0259r\u201d.<br><\/p>\n\n\n\n<div class=\"wp-block-image\"><figure class=\"alignright size-large is-resized\"><img decoding=\"async\" data-src=\"https:\/\/www.meydan.tv\/wp-content\/uploads\/ass-541x821.jpg\" alt=\"\" class=\"wp-image-227894 lazyload\" width=\"422\" height=\"640\" src=\"data:image\/svg+xml;base64,PHN2ZyB3aWR0aD0iMSIgaGVpZ2h0PSIxIiB4bWxucz0iaHR0cDovL3d3dy53My5vcmcvMjAwMC9zdmciPjwvc3ZnPg==\" style=\"--smush-placeholder-width: 422px; --smush-placeholder-aspect-ratio: 422\/640;\" \/><figcaption>Zaur Xasm\u0259mm\u0259d, Foto: Meydan TV<\/figcaption><\/figure><\/div>\n\n\n\n<p>\u0130ndi Safura Xasm\u0259mm\u0259dova ki\u00e7ik o\u011flu Namiql\u0259 kiray\u0259d\u0259 \u00e7\u0259tin \u015f\u0259rtl\u0259r alt\u0131nda ya\u015fay\u0131r. 44 g\u00fcnl\u00fck m\u00fcharib\u0259d\u0259 ba\u015f\u0131ndan yaralanan, g\u00f6rm\u0259 problemi ya\u015fayan Namiqin d\u0259 v\u0259ziyy\u0259ti yax\u015f\u0131 deyil. Lakin o, x\u0259st\u0259likl\u0259rd\u0259n \u0259ziyy\u0259t \u00e7\u0259k\u0259n anas\u0131na he\u00e7 olmasa, \u00e7\u00f6r\u0259k ala bilm\u0259k \u00fc\u00e7\u00fcn f\u0259hl\u0259lik el\u0259m\u0259y\u0259 m\u0259cburdur.<br><\/p>\n\n\n\n<p>\u201cO v\u0259ziyy\u0259td\u0259 f\u0259hl\u0259lik el\u0259m\u0259y\u0259 gedir. \u00c7al\u0131\u015f\u0131r, 3-5 manat qazans\u0131n ki, yem\u0259y\u0259 n\u0259s\u0259 ala bil\u0259k. Qazand\u0131\u011f\u0131 he\u00e7 kiray\u0259 puluna \u00e7atm\u0131r\u2026\u201d, &#8211; ana a\u011flaya-a\u011flaya dan\u0131\u015f\u0131r.<br><\/p>\n\n\n\n<p><strong>\u201cKiray\u0259 pulunu \u00f6d\u0259y\u0259 bilmirik\u201d<br><\/strong><\/p>\n\n\n\n<p>H\u0259yat yolda\u015f\u0131 v\u0259 iki o\u011flu il\u0259 yana\u015f\u0131, qarda\u015f\u0131n\u0131n da m\u00fcharib\u0259 i\u015ftirak\u00e7\u0131s\u0131 oldu\u011funu vur\u011fulayan Safura Xasm\u0259mm\u0259dova ail\u0259nin \u00e7ox \u00e7ar\u0259siz v\u0259ziyy\u0259td\u0259 oldu\u011funu deyir. Onun s\u00f6zl\u0259rin\u0259 g\u00f6r\u0259, dolanmaq m\u00fcmk\u00fcn deyil, evsizlik lap \u00e7\u0259kilm\u0259z y\u00fck\u0259 \u00e7evrilib:<br><\/p>\n\n\n\n<p>\u201cU\u015faqlar\u0131m\u0131n h\u0259r iki subayd\u0131, m\u00fcharib\u0259y\u0259 gedib, \u015fik\u0259st olub qay\u0131td\u0131lar. H\u0259yat yolda\u015f\u0131m bu torpaqlardan \u00f6tr\u00fc 28 il can qoyub. Biz\u0259 m\u00fcnasib\u0259t\u0259 bax\u0131n! Birotaql\u0131 evim yoxdu ki, ora ba\u015f\u0131m\u0131 sal\u0131m, d\u0259rdimi \u00e7\u0259kim. \u0130cra hakimiyy\u0259ti baxm\u0131r, yazd\u0131\u011f\u0131m m\u0259ktublar da \u00fcst\u00fcm\u0259 qay\u0131d\u0131r. Yolda\u015f\u0131m\u0131n \u015f\u0259hid olmad\u0131\u011f\u0131n\u0131 b\u0259han\u0259 el\u0259yirl\u0259r. O, \u00f6l\u0259nd\u0259 birc\u0259 g\u00fcll\u0259 yaras\u0131 olmay\u0131b\u201d.<br><\/p>\n\n\n\n<p>Ucar sakini d\u0259f\u0259l\u0259rl\u0259 yerli icra hakimiyy\u0259tin\u0259 m\u00fcraci\u0259t etdiyini, \u015f\u0259xs\u0259n icra ba\u015f\u00e7\u0131s\u0131 M\u0259nsur M\u0259mm\u0259dovun q\u0259bulunda oldu\u011funu bildirir. Onun s\u00f6zl\u0259rin\u0259 g\u00f6r\u0259, h\u0259yat yolda\u015f\u0131n\u0131n \u015f\u0259hid olmad\u0131\u011f\u0131n\u0131, o\u011fullar\u0131na is\u0259 h\u0259l\u0259 \u0259lillik d\u0259r\u0259c\u0259si verilm\u0259diyini b\u0259han\u0259 g\u0259tirib, he\u00e7 bir k\u00f6m\u0259klik g\u00f6st\u0259rm\u0259yibl\u0259r:<br><\/p>\n\n\n\n<p>\u201c44 g\u00fcn t\u0259k ana, d\u00f6rd divar\u0131n aras\u0131nda nigaran\u00e7\u0131l\u0131qla ya\u015fam\u0131\u015fam. M\u0259n evimd\u0259ki h\u0259r \u00fc\u00e7 ki\u015fini Az\u0259rbaycana qurban vermi\u015f\u0259m, amma bu \u00f6lk\u0259d\u0259 bir metr torpa\u011f\u0131m, birotaql\u0131 evim yoxdur. H\u0259yat yolda\u015f\u0131mla xidm\u0259t el\u0259y\u0259nl\u0259rin \u00e7oxuna ev verilib. Biz adic\u0259 kiray\u0259 pulunu \u00f6d\u0259y\u0259 bilmirik. Ya kims\u0259 k\u00f6m\u0259k el\u0259m\u0259lidi, ya da borca pul g\u00f6t\u00fcrm\u0259liyik ki, h\u0259r ay bunun \u00f6hd\u0259sind\u0259n g\u0259l\u0259k. Des\u0259l\u0259r ki, n\u00f6vb\u0259d\u0259s\u0259n, gedib bir qohumun yan\u0131nda oturub, n\u00f6vb\u0259mi g\u00f6zl\u0259y\u0259r\u0259m. Onu da demirl\u0259r. \u00dcr\u0259yim tez-tez tutur. Qalma\u011fa he\u00e7 yerim yoxdu. El\u0259 bir yer yoxdu ki, kiray\u0259d\u0259n \u00e7\u0131x\u0131m, gedib qal\u0131m\u201d.<br><\/p>\n\n\n\n<p><strong>M\u00fcdafi\u0259 Nazirliyi n\u0259 deyir?<br><\/strong><\/p>\n\n\n\n<p>Prezidentin \u201cAz\u0259rbaycan Respublikas\u0131 Silahl\u0131 Q\u00fcvv\u0259l\u0259rinin h\u0259rbi qulluq\u00e7ular\u0131n\u0131n sosial m\u00fcdafi\u0259sinin g\u00fccl\u0259ndirilm\u0259si t\u0259dbirl\u0259ri bar\u0259d\u0259\u201d 28 dekabr 2011-ci il tarixli f\u0259rman\u0131 var. Bu f\u0259rman\u0131n 3.1 b\u0259ndind\u0259 yaz\u0131l\u0131b ki, komissiya \u00fczvl\u0259ri siyah\u0131n\u0131 haz\u0131rlayark\u0259n h\u0259rbi qulluq\u00e7ular\u0131n q\u00fcsursuz h\u0259rbi xidm\u0259t m\u00fcdd\u0259tini, d\u00f6y\u00fc\u015f \u0259m\u0259liyyatlar\u0131nda i\u015ftirak\u0131n\u0131, h\u0259rbi r\u00fctb\u0259sini, tutdu\u011fu v\u0259zif\u0259nin x\u00fcsusiyy\u0259tl\u0259rini, ail\u0259 \u00fczvl\u0259rinin say\u0131n\u0131, ya\u015fay\u0131\u015f \u015f\u0259raitini d\u0259 n\u0259z\u0259r\u0259 almal\u0131d\u0131r. Lakin h\u0259l\u0259 ki, bu f\u0259rman Xasm\u0259mm\u0259dovlar ail\u0259sin\u0259 \u015famil olunmay\u0131b.<br><\/p>\n\n\n\n<p>Safura Xasm\u0259mm\u0259dova h\u0259yat yolda\u015f\u0131n\u0131n 20 ild\u0259n art\u0131q q\u00fcsursuz h\u0259rbi xidm\u0259ti, ail\u0259nin durumunun a\u011f\u0131rl\u0131\u011f\u0131 v\u0259 s. m\u0259s\u0259l\u0259l\u0259rin n\u0259z\u0259r\u0259 al\u0131nmas\u0131, onlar\u0131n evl\u0259 t\u0259min olunmas\u0131 xahi\u015fiyl\u0259 m\u00fcdafi\u0259 naziri Zakir H\u0259s\u0259nova da m\u00fcraci\u0259t edib. Amma h\u0259l\u0259 ki, ona \u00fcmidverici cavab ver\u0259n olmay\u0131b.<br><\/p>\n\n\n\n<div class=\"wp-block-image\"><figure class=\"alignleft size-large is-resized\"><img decoding=\"async\" data-src=\"https:\/\/www.meydan.tv\/wp-content\/uploads\/ana-1-557x821.jpg\" alt=\"\" class=\"wp-image-227897 lazyload\" width=\"447\" height=\"659\" src=\"data:image\/svg+xml;base64,PHN2ZyB3aWR0aD0iMSIgaGVpZ2h0PSIxIiB4bWxucz0iaHR0cDovL3d3dy53My5vcmcvMjAwMC9zdmciPjwvc3ZnPg==\" style=\"--smush-placeholder-width: 447px; --smush-placeholder-aspect-ratio: 447\/659;\" \/><figcaption>Safura Xasm\u0259mm\u0259dova, Foto: Meydan TV<\/figcaption><\/figure><\/div>\n\n\n\n<p>M\u00fcdafi\u0259 Nazirliyinin M\u0259nzil-\u0130stismar \u0130dar\u0259sinin r\u0259isi Elmar M\u0259mm\u0259dov bildirib ki, Zaur Xasm\u0259mm\u0259dovun ad\u0131 1996-c\u0131 ild\u0259n Ordu s\u0131ralar\u0131nda 20 il v\u0259 daha \u00e7ox q\u00fcsursuz xidm\u0259t etmi\u015f, ya\u015fay\u0131\u015f sah\u0259sin\u0259 ehtiyac\u0131 olan h\u0259rbi qulluq\u00e7ular\u0131n m\u0259nzil t\u0259minat\u0131 m\u0259s\u0259l\u0259sin\u0259 baxacaq m\u00fcvafiq komissiyaya t\u0259qdim olunacaq siyah\u0131ya daxil edilib: <\/p>\n\n\n\n<p>\u201cKomissiya t\u0259r\u0259find\u0259n q\u0259rar q\u0259bul edil\u0259nd\u0259 n\u0259tic\u0259si bar\u0259d\u0259 Safura Xasm\u0259mm\u0259dovaya m\u0259lumat veril\u0259c\u0259k\u201d.<br><\/p>\n\n\n\n<p><\/p>\n\n\n\n<p><\/p>\n\n\n\n<p><strong>\u0130cra hakimiyy\u0259ti cavab vermir<br><\/strong><\/p>\n\n\n\n<p>Ucar Rayon \u0130cra Hakimiyy\u0259tind\u0259n is\u0259 Meydan TV-nin bu ail\u0259nin durumuyla ba\u011fl\u0131 suallar\u0131n\u0131 cavabland\u0131ran olmay\u0131b. \u0130cra Hakimiyy\u0259tinin V\u0259t\u0259n m\u00fcharib\u0259si i\u015ftirak\u00e7\u0131lar\u0131 v\u0259 \u015f\u0259hid ail\u0259l\u0259ri il\u0259 i\u015fin t\u0259\u015fkili \u015f\u00f6b\u0259sinin m\u00fcdiri \u00dclvi \u018fliyev iki g\u00fcn \u0259rzind\u0259 edil\u0259n \u00e7oxsayl\u0131 z\u0259ngl\u0259r\u0259 cavab verm\u0259yib. \u0130cra ba\u015f\u00e7\u0131s\u0131 M\u0259nsur M\u0259mm\u0259dov v\u0259 onun k\u00f6m\u0259k\u00e7isi V\u00fcqar Umudovun i\u015f ota\u011f\u0131ndak\u0131 telefon daim faksa qo\u015fulu oldu\u011fundan onlarla da \u0259laq\u0259 yaratmaq m\u00fcmk\u00fcn olmay\u0131b.<\/p>\n","protected":false},"excerpt":{"rendered":"<p>Ucar sakini: \u201c\u0130ki ayd\u0131r pulsuzluqdan Bak\u0131da h\u0259rbi hospitalda yatan o\u011flumun &#8230; <\/p>\n<p class=\"read-more-container\"><a title=\"\u201cEvimd\u0259ki h\u0259r \u00fc\u00e7 ki\u015fini Az\u0259rbaycana qurban verdim, bu \u00f6lk\u0259d\u0259 1 metr torpa\u011f\u0131m, birotaql\u0131 evim yoxdur\u201d\" class=\"read-more button\" href=\"https:\/\/www.meydan.tv\/az\/article\/evimdeki-her-uc-kisini-azerbaycana-qurban-verdim-bu-olkede-1-metr-torpagim-birotaqli-evim-yoxdur\/#more-227890\" aria-label=\"Read more about \u201cEvimd\u0259ki h\u0259r \u00fc\u00e7 ki\u015fini Az\u0259rbaycana qurban verdim, bu \u00f6lk\u0259d\u0259 1 metr torpa\u011f\u0131m, birotaql\u0131 evim yoxdur\u201d\">Davam\u0131<\/a><\/p>\n","protected":false},"author":8,"featured_media":227902,"comment_status":"closed","ping_status":"closed","sticky":false,"template":"","format":"standard","meta":{"_acf_changed":false,"_sitemap_exclude":false,"_sitemap_priority":"","_sitemap_frequency":"","footnotes":""},"categories":[60,88,79,56],"tags":[],"class_list":["post-227890","post","type-post","status-publish","format-standard","has-post-thumbnail","hentry","category-bolge","category-redaktor-secimi","category-featured","category-xeberler","infinite-scroll-item","generate-columns","tablet-grid-50","mobile-grid-100","grid-parent","grid-33","no-featured-image-padding"],"acf":[],"yoast_head":"<!-- This site is optimized with the Yoast SEO plugin v27.5 - https:\/\/yoast.com\/product\/yoast-seo-wordpress\/ -->\n<title>\u201cEvimd\u0259ki h\u0259r \u00fc\u00e7 ki\u015fini Az\u0259rbaycana qurban verdim, bu \u00f6lk\u0259d\u0259 1 metr torpa\u011f\u0131m, birotaql\u0131 evim yoxdur\u201d - MEYDAN.TV<\/title>\n<meta name=\"robots\" content=\"index, follow, max-snippet:-1, max-image-preview:large, max-video-preview:-1\" \/>\n<link rel=\"canonical\" href=\"https:\/\/www.meydan.tv\/az\/article\/evimdeki-her-uc-kisini-azerbaycana-qurban-verdim-bu-olkede-1-metr-torpagim-birotaqli-evim-yoxdur\/\" \/>\n<meta property=\"og:locale\" content=\"az_AZ\" \/>\n<meta property=\"og:type\" content=\"article\" \/>\n<meta property=\"og:title\" content=\"\u201cEvimd\u0259ki h\u0259r \u00fc\u00e7 ki\u015fini Az\u0259rbaycana qurban verdim, bu \u00f6lk\u0259d\u0259 1 metr torpa\u011f\u0131m, birotaql\u0131 evim yoxdur\u201d - MEYDAN.TV\" \/>\n<meta property=\"og:description\" content=\"Ucar sakini: \u201c\u0130ki ayd\u0131r pulsuzluqdan Bak\u0131da h\u0259rbi hospitalda yatan o\u011flumun ... Davam\u0131\" \/>\n<meta property=\"og:url\" content=\"https:\/\/www.meydan.tv\/az\/article\/evimdeki-her-uc-kisini-azerbaycana-qurban-verdim-bu-olkede-1-metr-torpagim-birotaqli-evim-yoxdur\/\" \/>\n<meta property=\"og:site_name\" content=\"MEYDAN.TV\" \/>\n<meta property=\"article:published_time\" content=\"2021-11-29T19:26:14+00:00\" \/>\n<meta property=\"article:modified_time\" content=\"2021-11-29T19:26:16+00:00\" \/>\n<meta property=\"og:image\" content=\"https:\/\/www.meydan.tv\/wp-content\/uploads\/untitled-design-13-1-e1638213926299.gif\" \/>\n\t<meta property=\"og:image:width\" content=\"1200\" \/>\n\t<meta property=\"og:image:height\" content=\"462\" \/>\n\t<meta property=\"og:image:type\" content=\"image\/gif\" \/>\n<meta name=\"author\" content=\"elli\" \/>\n<meta name=\"twitter:card\" content=\"summary_large_image\" \/>\n<meta name=\"twitter:creator\" content=\"@elli\" \/>\n<script type=\"application\/ld+json\" class=\"yoast-schema-graph\">{\"@context\":\"https:\\\/\\\/schema.org\",\"@graph\":[{\"@type\":\"Article\",\"@id\":\"https:\\\/\\\/www.meydan.tv\\\/az\\\/article\\\/evimdeki-her-uc-kisini-azerbaycana-qurban-verdim-bu-olkede-1-metr-torpagim-birotaqli-evim-yoxdur\\\/#article\",\"isPartOf\":{\"@id\":\"https:\\\/\\\/www.meydan.tv\\\/az\\\/article\\\/evimdeki-her-uc-kisini-azerbaycana-qurban-verdim-bu-olkede-1-metr-torpagim-birotaqli-evim-yoxdur\\\/\"},\"author\":{\"name\":\"elli\",\"@id\":\"https:\\\/\\\/www.meydan.tv\\\/az\\\/#\\\/schema\\\/person\\\/9cdbecf90d17180ce1dfbd95b08dcf47\"},\"headline\":\"\u201cEvimd\u0259ki h\u0259r \u00fc\u00e7 ki\u015fini Az\u0259rbaycana qurban verdim, bu \u00f6lk\u0259d\u0259 1 metr torpa\u011f\u0131m, birotaql\u0131 evim yoxdur\u201d\",\"datePublished\":\"2021-11-29T19:26:14+00:00\",\"dateModified\":\"2021-11-29T19:26:16+00:00\",\"mainEntityOfPage\":{\"@id\":\"https:\\\/\\\/www.meydan.tv\\\/az\\\/article\\\/evimdeki-her-uc-kisini-azerbaycana-qurban-verdim-bu-olkede-1-metr-torpagim-birotaqli-evim-yoxdur\\\/\"},\"wordCount\":1582,\"publisher\":{\"@id\":\"https:\\\/\\\/www.meydan.tv\\\/az\\\/#organization\"},\"image\":{\"@id\":\"https:\\\/\\\/www.meydan.tv\\\/az\\\/article\\\/evimdeki-her-uc-kisini-azerbaycana-qurban-verdim-bu-olkede-1-metr-torpagim-birotaqli-evim-yoxdur\\\/#primaryimage\"},\"thumbnailUrl\":\"https:\\\/\\\/www.meydan.tv\\\/wp-content\\\/uploads\\\/untitled-design-13-1-e1638213926299.gif\",\"articleSection\":[\"B\u00f6lg\u0259\",\"Redaktor se\u00e7imi\",\"T\u00f6vsiy\u0259\",\"X\u0259b\u0259rl\u0259r\"],\"inLanguage\":\"az\"},{\"@type\":\"WebPage\",\"@id\":\"https:\\\/\\\/www.meydan.tv\\\/az\\\/article\\\/evimdeki-her-uc-kisini-azerbaycana-qurban-verdim-bu-olkede-1-metr-torpagim-birotaqli-evim-yoxdur\\\/\",\"url\":\"https:\\\/\\\/www.meydan.tv\\\/az\\\/article\\\/evimdeki-her-uc-kisini-azerbaycana-qurban-verdim-bu-olkede-1-metr-torpagim-birotaqli-evim-yoxdur\\\/\",\"name\":\"\u201cEvimd\u0259ki h\u0259r \u00fc\u00e7 ki\u015fini Az\u0259rbaycana qurban verdim, bu \u00f6lk\u0259d\u0259 1 metr torpa\u011f\u0131m, birotaql\u0131 evim yoxdur\u201d - MEYDAN.TV\",\"isPartOf\":{\"@id\":\"https:\\\/\\\/www.meydan.tv\\\/az\\\/#website\"},\"primaryImageOfPage\":{\"@id\":\"https:\\\/\\\/www.meydan.tv\\\/az\\\/article\\\/evimdeki-her-uc-kisini-azerbaycana-qurban-verdim-bu-olkede-1-metr-torpagim-birotaqli-evim-yoxdur\\\/#primaryimage\"},\"image\":{\"@id\":\"https:\\\/\\\/www.meydan.tv\\\/az\\\/article\\\/evimdeki-her-uc-kisini-azerbaycana-qurban-verdim-bu-olkede-1-metr-torpagim-birotaqli-evim-yoxdur\\\/#primaryimage\"},\"thumbnailUrl\":\"https:\\\/\\\/www.meydan.tv\\\/wp-content\\\/uploads\\\/untitled-design-13-1-e1638213926299.gif\",\"datePublished\":\"2021-11-29T19:26:14+00:00\",\"dateModified\":\"2021-11-29T19:26:16+00:00\",\"breadcrumb\":{\"@id\":\"https:\\\/\\\/www.meydan.tv\\\/az\\\/article\\\/evimdeki-her-uc-kisini-azerbaycana-qurban-verdim-bu-olkede-1-metr-torpagim-birotaqli-evim-yoxdur\\\/#breadcrumb\"},\"inLanguage\":\"az\",\"potentialAction\":[{\"@type\":\"ReadAction\",\"target\":[\"https:\\\/\\\/www.meydan.tv\\\/az\\\/article\\\/evimdeki-her-uc-kisini-azerbaycana-qurban-verdim-bu-olkede-1-metr-torpagim-birotaqli-evim-yoxdur\\\/\"]}]},{\"@type\":\"ImageObject\",\"inLanguage\":\"az\",\"@id\":\"https:\\\/\\\/www.meydan.tv\\\/az\\\/article\\\/evimdeki-her-uc-kisini-azerbaycana-qurban-verdim-bu-olkede-1-metr-torpagim-birotaqli-evim-yoxdur\\\/#primaryimage\",\"url\":\"https:\\\/\\\/www.meydan.tv\\\/wp-content\\\/uploads\\\/untitled-design-13-1-e1638213926299.gif\",\"contentUrl\":\"https:\\\/\\\/www.meydan.tv\\\/wp-content\\\/uploads\\\/untitled-design-13-1-e1638213926299.gif\",\"width\":1200,\"height\":462,\"caption\":\"Nem\u0259t Xasm\u0259mm\u0259dov, Foto: Ail\u0259 arxivind\u0259n\"},{\"@type\":\"BreadcrumbList\",\"@id\":\"https:\\\/\\\/www.meydan.tv\\\/az\\\/article\\\/evimdeki-her-uc-kisini-azerbaycana-qurban-verdim-bu-olkede-1-metr-torpagim-birotaqli-evim-yoxdur\\\/#breadcrumb\",\"itemListElement\":[{\"@type\":\"ListItem\",\"position\":1,\"name\":\"Ana s\u0259hif\u0259\",\"item\":\"https:\\\/\\\/www.meydan.tv\\\/az\\\/\"},{\"@type\":\"ListItem\",\"position\":2,\"name\":\"B\u00f6lg\u0259\",\"item\":\"https:\\\/\\\/www.meydan.tv\\\/az\\\/section\\\/bolge\\\/\"},{\"@type\":\"ListItem\",\"position\":3,\"name\":\"\u201cEvimd\u0259ki h\u0259r \u00fc\u00e7 ki\u015fini Az\u0259rbaycana qurban verdim, bu \u00f6lk\u0259d\u0259 1 metr torpa\u011f\u0131m, birotaql\u0131 evim yoxdur\u201d\"}]},{\"@type\":\"WebSite\",\"@id\":\"https:\\\/\\\/www.meydan.tv\\\/az\\\/#website\",\"url\":\"https:\\\/\\\/www.meydan.tv\\\/az\\\/\",\"name\":\"MEYDAN.TV\",\"description\":\"Meydan TV Az\u0259rbaycan\u0131n media m\u0259kan\u0131ndak\u0131 alternativ s\u0259sidir\",\"publisher\":{\"@id\":\"https:\\\/\\\/www.meydan.tv\\\/az\\\/#organization\"},\"potentialAction\":[{\"@type\":\"SearchAction\",\"target\":{\"@type\":\"EntryPoint\",\"urlTemplate\":\"https:\\\/\\\/www.meydan.tv\\\/az\\\/?s={search_term_string}\"},\"query-input\":{\"@type\":\"PropertyValueSpecification\",\"valueRequired\":true,\"valueName\":\"search_term_string\"}}],\"inLanguage\":\"az\"},{\"@type\":\"Organization\",\"@id\":\"https:\\\/\\\/www.meydan.tv\\\/az\\\/#organization\",\"name\":\"Meydan TV\",\"url\":\"https:\\\/\\\/www.meydan.tv\\\/az\\\/\",\"logo\":{\"@type\":\"ImageObject\",\"inLanguage\":\"az\",\"@id\":\"https:\\\/\\\/www.meydan.tv\\\/az\\\/#\\\/schema\\\/logo\\\/image\\\/\",\"url\":\"https:\\\/\\\/www.meydan.tv\\\/wp-content\\\/uploads\\\/2021\\\/07\\\/meydan-logo.svg\",\"contentUrl\":\"https:\\\/\\\/www.meydan.tv\\\/wp-content\\\/uploads\\\/2021\\\/07\\\/meydan-logo.svg\",\"width\":195,\"height\":46,\"caption\":\"Meydan TV\"},\"image\":{\"@id\":\"https:\\\/\\\/www.meydan.tv\\\/az\\\/#\\\/schema\\\/logo\\\/image\\\/\"}},{\"@type\":\"Person\",\"@id\":\"https:\\\/\\\/www.meydan.tv\\\/az\\\/#\\\/schema\\\/person\\\/9cdbecf90d17180ce1dfbd95b08dcf47\",\"name\":\"elli\",\"sameAs\":[\"https:\\\/\\\/x.com\\\/elli\"]}]}<\/script>\n<!-- \/ Yoast SEO plugin. -->","yoast_head_json":{"title":"\u201cEvimd\u0259ki h\u0259r \u00fc\u00e7 ki\u015fini Az\u0259rbaycana qurban verdim, bu \u00f6lk\u0259d\u0259 1 metr torpa\u011f\u0131m, birotaql\u0131 evim yoxdur\u201d - MEYDAN.TV","robots":{"index":"index","follow":"follow","max-snippet":"max-snippet:-1","max-image-preview":"max-image-preview:large","max-video-preview":"max-video-preview:-1"},"canonical":"https:\/\/www.meydan.tv\/az\/article\/evimdeki-her-uc-kisini-azerbaycana-qurban-verdim-bu-olkede-1-metr-torpagim-birotaqli-evim-yoxdur\/","og_locale":"az_AZ","og_type":"article","og_title":"\u201cEvimd\u0259ki h\u0259r \u00fc\u00e7 ki\u015fini Az\u0259rbaycana qurban verdim, bu \u00f6lk\u0259d\u0259 1 metr torpa\u011f\u0131m, birotaql\u0131 evim yoxdur\u201d - MEYDAN.TV","og_description":"Ucar sakini: \u201c\u0130ki ayd\u0131r pulsuzluqdan Bak\u0131da h\u0259rbi hospitalda yatan o\u011flumun ... Davam\u0131","og_url":"https:\/\/www.meydan.tv\/az\/article\/evimdeki-her-uc-kisini-azerbaycana-qurban-verdim-bu-olkede-1-metr-torpagim-birotaqli-evim-yoxdur\/","og_site_name":"MEYDAN.TV","article_published_time":"2021-11-29T19:26:14+00:00","article_modified_time":"2021-11-29T19:26:16+00:00","og_image":[{"width":1200,"height":462,"url":"https:\/\/www.meydan.tv\/wp-content\/uploads\/untitled-design-13-1-e1638213926299.gif","type":"image\/gif"}],"author":"elli","twitter_card":"summary_large_image","twitter_creator":"@elli","schema":{"@context":"https:\/\/schema.org","@graph":[{"@type":"Article","@id":"https:\/\/www.meydan.tv\/az\/article\/evimdeki-her-uc-kisini-azerbaycana-qurban-verdim-bu-olkede-1-metr-torpagim-birotaqli-evim-yoxdur\/#article","isPartOf":{"@id":"https:\/\/www.meydan.tv\/az\/article\/evimdeki-her-uc-kisini-azerbaycana-qurban-verdim-bu-olkede-1-metr-torpagim-birotaqli-evim-yoxdur\/"},"author":{"name":"elli","@id":"https:\/\/www.meydan.tv\/az\/#\/schema\/person\/9cdbecf90d17180ce1dfbd95b08dcf47"},"headline":"\u201cEvimd\u0259ki h\u0259r \u00fc\u00e7 ki\u015fini Az\u0259rbaycana qurban verdim, bu \u00f6lk\u0259d\u0259 1 metr torpa\u011f\u0131m, birotaql\u0131 evim yoxdur\u201d","datePublished":"2021-11-29T19:26:14+00:00","dateModified":"2021-11-29T19:26:16+00:00","mainEntityOfPage":{"@id":"https:\/\/www.meydan.tv\/az\/article\/evimdeki-her-uc-kisini-azerbaycana-qurban-verdim-bu-olkede-1-metr-torpagim-birotaqli-evim-yoxdur\/"},"wordCount":1582,"publisher":{"@id":"https:\/\/www.meydan.tv\/az\/#organization"},"image":{"@id":"https:\/\/www.meydan.tv\/az\/article\/evimdeki-her-uc-kisini-azerbaycana-qurban-verdim-bu-olkede-1-metr-torpagim-birotaqli-evim-yoxdur\/#primaryimage"},"thumbnailUrl":"https:\/\/www.meydan.tv\/wp-content\/uploads\/untitled-design-13-1-e1638213926299.gif","articleSection":["B\u00f6lg\u0259","Redaktor se\u00e7imi","T\u00f6vsiy\u0259","X\u0259b\u0259rl\u0259r"],"inLanguage":"az"},{"@type":"WebPage","@id":"https:\/\/www.meydan.tv\/az\/article\/evimdeki-her-uc-kisini-azerbaycana-qurban-verdim-bu-olkede-1-metr-torpagim-birotaqli-evim-yoxdur\/","url":"https:\/\/www.meydan.tv\/az\/article\/evimdeki-her-uc-kisini-azerbaycana-qurban-verdim-bu-olkede-1-metr-torpagim-birotaqli-evim-yoxdur\/","name":"\u201cEvimd\u0259ki h\u0259r \u00fc\u00e7 ki\u015fini Az\u0259rbaycana qurban verdim, bu \u00f6lk\u0259d\u0259 1 metr torpa\u011f\u0131m, birotaql\u0131 evim yoxdur\u201d - MEYDAN.TV","isPartOf":{"@id":"https:\/\/www.meydan.tv\/az\/#website"},"primaryImageOfPage":{"@id":"https:\/\/www.meydan.tv\/az\/article\/evimdeki-her-uc-kisini-azerbaycana-qurban-verdim-bu-olkede-1-metr-torpagim-birotaqli-evim-yoxdur\/#primaryimage"},"image":{"@id":"https:\/\/www.meydan.tv\/az\/article\/evimdeki-her-uc-kisini-azerbaycana-qurban-verdim-bu-olkede-1-metr-torpagim-birotaqli-evim-yoxdur\/#primaryimage"},"thumbnailUrl":"https:\/\/www.meydan.tv\/wp-content\/uploads\/untitled-design-13-1-e1638213926299.gif","datePublished":"2021-11-29T19:26:14+00:00","dateModified":"2021-11-29T19:26:16+00:00","breadcrumb":{"@id":"https:\/\/www.meydan.tv\/az\/article\/evimdeki-her-uc-kisini-azerbaycana-qurban-verdim-bu-olkede-1-metr-torpagim-birotaqli-evim-yoxdur\/#breadcrumb"},"inLanguage":"az","potentialAction":[{"@type":"ReadAction","target":["https:\/\/www.meydan.tv\/az\/article\/evimdeki-her-uc-kisini-azerbaycana-qurban-verdim-bu-olkede-1-metr-torpagim-birotaqli-evim-yoxdur\/"]}]},{"@type":"ImageObject","inLanguage":"az","@id":"https:\/\/www.meydan.tv\/az\/article\/evimdeki-her-uc-kisini-azerbaycana-qurban-verdim-bu-olkede-1-metr-torpagim-birotaqli-evim-yoxdur\/#primaryimage","url":"https:\/\/www.meydan.tv\/wp-content\/uploads\/untitled-design-13-1-e1638213926299.gif","contentUrl":"https:\/\/www.meydan.tv\/wp-content\/uploads\/untitled-design-13-1-e1638213926299.gif","width":1200,"height":462,"caption":"Nem\u0259t Xasm\u0259mm\u0259dov, Foto: Ail\u0259 arxivind\u0259n"},{"@type":"BreadcrumbList","@id":"https:\/\/www.meydan.tv\/az\/article\/evimdeki-her-uc-kisini-azerbaycana-qurban-verdim-bu-olkede-1-metr-torpagim-birotaqli-evim-yoxdur\/#breadcrumb","itemListElement":[{"@type":"ListItem","position":1,"name":"Ana s\u0259hif\u0259","item":"https:\/\/www.meydan.tv\/az\/"},{"@type":"ListItem","position":2,"name":"B\u00f6lg\u0259","item":"https:\/\/www.meydan.tv\/az\/section\/bolge\/"},{"@type":"ListItem","position":3,"name":"\u201cEvimd\u0259ki h\u0259r \u00fc\u00e7 ki\u015fini Az\u0259rbaycana qurban verdim, bu \u00f6lk\u0259d\u0259 1 metr torpa\u011f\u0131m, birotaql\u0131 evim yoxdur\u201d"}]},{"@type":"WebSite","@id":"https:\/\/www.meydan.tv\/az\/#website","url":"https:\/\/www.meydan.tv\/az\/","name":"MEYDAN.TV","description":"Meydan TV Az\u0259rbaycan\u0131n media m\u0259kan\u0131ndak\u0131 alternativ s\u0259sidir","publisher":{"@id":"https:\/\/www.meydan.tv\/az\/#organization"},"potentialAction":[{"@type":"SearchAction","target":{"@type":"EntryPoint","urlTemplate":"https:\/\/www.meydan.tv\/az\/?s={search_term_string}"},"query-input":{"@type":"PropertyValueSpecification","valueRequired":true,"valueName":"search_term_string"}}],"inLanguage":"az"},{"@type":"Organization","@id":"https:\/\/www.meydan.tv\/az\/#organization","name":"Meydan TV","url":"https:\/\/www.meydan.tv\/az\/","logo":{"@type":"ImageObject","inLanguage":"az","@id":"https:\/\/www.meydan.tv\/az\/#\/schema\/logo\/image\/","url":"https:\/\/www.meydan.tv\/wp-content\/uploads\/2021\/07\/meydan-logo.svg","contentUrl":"https:\/\/www.meydan.tv\/wp-content\/uploads\/2021\/07\/meydan-logo.svg","width":195,"height":46,"caption":"Meydan TV"},"image":{"@id":"https:\/\/www.meydan.tv\/az\/#\/schema\/logo\/image\/"}},{"@type":"Person","@id":"https:\/\/www.meydan.tv\/az\/#\/schema\/person\/9cdbecf90d17180ce1dfbd95b08dcf47","name":"elli","sameAs":["https:\/\/x.com\/elli"]}]}},"_links":{"self":[{"href":"https:\/\/www.meydan.tv\/az\/wp-json\/wp\/v2\/posts\/227890","targetHints":{"allow":["GET"]}}],"collection":[{"href":"https:\/\/www.meydan.tv\/az\/wp-json\/wp\/v2\/posts"}],"about":[{"href":"https:\/\/www.meydan.tv\/az\/wp-json\/wp\/v2\/types\/post"}],"author":[{"embeddable":true,"href":"https:\/\/www.meydan.tv\/az\/wp-json\/wp\/v2\/users\/8"}],"replies":[{"embeddable":true,"href":"https:\/\/www.meydan.tv\/az\/wp-json\/wp\/v2\/comments?post=227890"}],"version-history":[{"count":2,"href":"https:\/\/www.meydan.tv\/az\/wp-json\/wp\/v2\/posts\/227890\/revisions"}],"predecessor-version":[{"id":227901,"href":"https:\/\/www.meydan.tv\/az\/wp-json\/wp\/v2\/posts\/227890\/revisions\/227901"}],"wp:featuredmedia":[{"embeddable":true,"href":"https:\/\/www.meydan.tv\/az\/wp-json\/wp\/v2\/media\/227902"}],"wp:attachment":[{"href":"https:\/\/www.meydan.tv\/az\/wp-json\/wp\/v2\/media?parent=227890"}],"wp:term":[{"taxonomy":"category","embeddable":true,"href":"https:\/\/www.meydan.tv\/az\/wp-json\/wp\/v2\/categories?post=227890"},{"taxonomy":"post_tag","embeddable":true,"href":"https:\/\/www.meydan.tv\/az\/wp-json\/wp\/v2\/tags?post=227890"}],"curies":[{"name":"wp","href":"https:\/\/api.w.org\/{rel}","templated":true}]}}