{"id":227768,"date":"2021-11-29T15:17:21","date_gmt":"2021-11-29T11:17:21","guid":{"rendered":"https:\/\/www.meydan.tv\/?p=227768"},"modified":"2021-11-29T15:17:23","modified_gmt":"2021-11-29T11:17:23","slug":"illerdir-ki-yollarimiza-ozumuz-cinqil-tokuruk","status":"publish","type":"post","link":"https:\/\/www.meydan.tv\/az\/article\/illerdir-ki-yollarimiza-ozumuz-cinqil-tokuruk\/","title":{"rendered":"\u201c\u0130ll\u0259rdir ki, yollar\u0131m\u0131za \u00f6z\u00fcm\u00fcz \u00e7\u0131nq\u0131l t\u00f6k\u00fcr\u00fck\u201d"},"content":{"rendered":"\n<p><em>Mu\u011fanl\u0131 k\u0259ndin\u0259 k\u0259nar ma\u015f\u0131nlar getmir, t\u0259cili yard\u0131m vaxt\u0131nda yeti\u015f\u0259 bilmir<\/em><br><\/p>\n\n\n\n<p>\u201cK\u0259ndin i\u00e7ind\u0259n magistral yola aparan vur-tut 4 kilometrlik yol \u00f6mr\u00fcm\u00fcz\u00fc g\u00f6y \u0259skiy\u0259 b\u00fck\u00fcb. Ma\u015f\u0131n bir d\u0259f\u0259 o yola \u00e7\u0131xd\u0131sa, t\u0259mir\u0259 getm\u0259lidir. Ya\u011f\u0131\u015f ya\u011fd\u0131sa, k\u0259nd\u0259 k\u0259nar ma\u015f\u0131n g\u0259lm\u0259z, t\u0259cili yard\u0131m x\u0259st\u0259 ke\u00e7in\u0259nd\u0259n sonra g\u0259lib \u00e7\u0131xar\u2026 H\u00f6kum\u0259tin \u0259lind\u0259 bu q\u0131sa yolu t\u0259mir etm\u0259k su i\u00e7imi kimi \u015feydir, buna g\u00f6r\u0259 niy\u0259 bu q\u0259d\u0259r \u0259haliy\u0259 z\u00fclm olunur, anlam\u0131r\u0131q\u201d.<br><\/p>\n\n\n\n<p>Bunu Meydan TV-y\u0259 K\u00fcrd\u0259mirin Mu\u011fanl\u0131 k\u0259nd sakinl\u0259ri deyir. Onlar k\u0259ndl\u0259 magistral yolu birl\u0259\u015fdir\u0259n yolun \u0259sasl\u0131 t\u0259mir olunmas\u0131n\u0131 t\u0259l\u0259b edirl\u0259r.<br><\/p>\n\n\n\n<p><strong>Arada \u00f6zl\u0259ri yola \u00e7\u0131nq\u0131l t\u00f6k\u00fcrl\u0259r<br><\/strong><\/p>\n\n\n\n<p>K\u0259ndd\u0259n magistral yola \u00e7\u0131xan yol 1960-c\u0131 ill\u0259rd\u0259 t\u0259mir olunub. Sonrak\u0131 ill\u0259rd\u0259 yol h\u0259r d\u0259f\u0259 b\u0259rbad v\u0259ziyy\u0259t\u0259 d\u00fc\u015fd\u00fckc\u0259, aidiyy\u0259ti qurumlardan h\u0259r\u0259k\u0259t g\u00f6rm\u0259y\u0259n k\u0259ndlil\u0259r \u00f6zl\u0259ri yollar\u0131 ara-s\u0131ra \u00e7\u0131nq\u0131llay\u0131blar. Ancaq k\u0259ndlil\u0259r deyir, art\u0131q bu i\u015fl\u0259ri \u00f6zl\u0259ri g\u00f6rm\u0259kd\u0259n cana doyublar. K\u0259nd sakinl\u0259ri Meydan TV-y\u0259 yaz\u0131rlar:<br><\/p>\n\n\n\n<p>\u201cBu yol rayon m\u0259rk\u0259zin\u0259 getm\u0259k ist\u0259y\u0259n mu\u011fanl\u0131lar\u0131n \u0259sas yolu hesab olunur. Ancaq \u00e7ox vaxt toz-torpa\u011fa batmamaq, ya\u011f\u0131\u015fl\u0131 havada is\u0259 su il\u0259 dolu x\u0259nd\u0259kl\u0259r\u0259 d\u00fc\u015fm\u0259m\u0259k \u00fc\u00e7\u00fcn biz mu\u011fanl\u0131lar nec\u0259 dey\u0259rl\u0259r, \u201cq\u0131\u00e7\u0131m\u0131z\u0131 s\u0131nd\u0131r\u0131b\u201d k\u0259ndd\u0259 oturmal\u0131 oluruq\u201d.<br><\/p>\n\n\n\n<p><strong>\u201cK\u0259ndd\u0259 problem \u00e7oxdur\u201d<\/strong><br><\/p>\n\n\n\n<p>\u0130ll\u0259rdir ki, k\u0259nd sakinl\u0259ri yolun t\u0259miri \u00fc\u00e7\u00fcn d\u00f6vl\u0259t qurumlar\u0131na yaz\u0131r, yerli icra hakimiyy\u0259tin\u0259 gedir, ancaq n\u0259tic\u0259 yoxdur:<br><\/p>\n\n\n\n<p>\u201cBir yax\u0131n\u0131n\u0131 evin\u0259 qonaq d\u0259v\u0259t ed\u0259 bilmirs\u0259n, adam utan\u0131r desin ki, o yoldan ke\u00e7, evim\u0259 g\u0259l\u2026 T\u0259cili yard\u0131m bil\u0259nd\u0259 ki, \u00e7a\u011f\u0131r\u0131\u015f Mu\u011fanl\u0131dand\u0131r, a\u011f\u0131z b\u00fcz\u00fcr. Bir k\u0259ndin yolu b\u0259rbadd\u0131rsa, o k\u0259ndd\u0259 n\u0259 t\u0259s\u0259rr\u00fcfat inki\u015faf ed\u0259r, n\u0259 t\u0259hsil, n\u0259 d\u0259 ba\u015fqa sah\u0259l\u0259r\u2026 Bunlar ham\u0131s\u0131 bir-birin\u0259 ba\u011fl\u0131 \u015feyl\u0259rdir. H\u00f6kum\u0259td\u0259n ist\u0259diyimiz odur ki, \u0259sas yoldan k\u0259ndimiz\u0259 g\u0259l\u0259n 4 kilometrlik yolu t\u0259mir etsinl\u0259r. K\u0259ndd\u0259 problem \u00e7oxdur, ancaq h\u0259l\u0259lik yolu d\u00fcz\u0259ltsinl\u0259r\u201d.<br><\/p>\n\n\n\n<p><strong>Qurum: \u201cYol t\u0259mir olunacaq\u201d<\/strong><br><\/p>\n\n\n\n<p>K\u00fcrd\u0259mir Rayon \u0130cra Hakimiyy\u0259tind\u0259n Meydan TV-y\u0259 bildirilib ki, yolun qeyd olunan hiss\u0259siyl\u0259 ba\u011fl\u0131 sakinl\u0259rin dedikl\u0259rind\u0259 h\u0259qiq\u0259t var. Bu yax\u0131nlarda icra hakimiyy\u0259tin\u0259 g\u0259l\u0259n sakinl\u0259rin n\u0259z\u0259rin\u0259 \u00e7atd\u0131r\u0131l\u0131b ki, n\u00f6vb\u0259ti ilin ilk aylar\u0131nda h\u0259min yola asfalt \u00f6rt\u00fcy\u00fc d\u00f6\u015f\u0259n\u0259c\u0259k.<br><\/p>\n\n\n\n<p>\u0130ki ay \u0259vv\u0259l Mu\u011fanl\u0131 sakinl\u0259ri Meydan TV-y\u0259 nar ba\u011flar\u0131n\u0131n susuzluqdan yanmas\u0131ndan \u015fikay\u0259tl\u0259nmi\u015fdil\u0259r.<\/p>\n","protected":false},"excerpt":{"rendered":"<p>Mu\u011fanl\u0131 k\u0259ndin\u0259 k\u0259nar ma\u015f\u0131nlar getmir, t\u0259cili yard\u0131m vaxt\u0131nda yeti\u015f\u0259 bilmir &#8230; <\/p>\n<p class=\"read-more-container\"><a title=\"\u201c\u0130ll\u0259rdir ki, yollar\u0131m\u0131za \u00f6z\u00fcm\u00fcz \u00e7\u0131nq\u0131l t\u00f6k\u00fcr\u00fck\u201d\" class=\"read-more button\" href=\"https:\/\/www.meydan.tv\/az\/article\/illerdir-ki-yollarimiza-ozumuz-cinqil-tokuruk\/#more-227768\" aria-label=\"Read more about \u201c\u0130ll\u0259rdir ki, yollar\u0131m\u0131za \u00f6z\u00fcm\u00fcz \u00e7\u0131nq\u0131l t\u00f6k\u00fcr\u00fck\u201d\">Davam\u0131<\/a><\/p>\n","protected":false},"author":8,"featured_media":227769,"comment_status":"closed","ping_status":"closed","sticky":false,"template":"","format":"standard","meta":{"_acf_changed":false,"_sitemap_exclude":false,"_sitemap_priority":"","_sitemap_frequency":"","footnotes":""},"categories":[60,79,56],"tags":[],"class_list":["post-227768","post","type-post","status-publish","format-standard","has-post-thumbnail","hentry","category-bolge","category-featured","category-xeberler","infinite-scroll-item","generate-columns","tablet-grid-50","mobile-grid-100","grid-parent","grid-33","no-featured-image-padding"],"acf":[],"yoast_head":"<!-- This site is optimized with the Yoast SEO plugin v27.5 - https:\/\/yoast.com\/product\/yoast-seo-wordpress\/ -->\n<title>\u201c\u0130ll\u0259rdir ki, yollar\u0131m\u0131za \u00f6z\u00fcm\u00fcz \u00e7\u0131nq\u0131l t\u00f6k\u00fcr\u00fck\u201d - MEYDAN.TV<\/title>\n<meta name=\"robots\" content=\"index, follow, max-snippet:-1, max-image-preview:large, max-video-preview:-1\" \/>\n<link rel=\"canonical\" href=\"https:\/\/www.meydan.tv\/az\/article\/illerdir-ki-yollarimiza-ozumuz-cinqil-tokuruk\/\" \/>\n<meta property=\"og:locale\" content=\"az_AZ\" \/>\n<meta property=\"og:type\" content=\"article\" \/>\n<meta property=\"og:title\" content=\"\u201c\u0130ll\u0259rdir ki, yollar\u0131m\u0131za \u00f6z\u00fcm\u00fcz \u00e7\u0131nq\u0131l t\u00f6k\u00fcr\u00fck\u201d - MEYDAN.TV\" \/>\n<meta property=\"og:description\" content=\"Mu\u011fanl\u0131 k\u0259ndin\u0259 k\u0259nar ma\u015f\u0131nlar getmir, t\u0259cili yard\u0131m vaxt\u0131nda yeti\u015f\u0259 bilmir ... Davam\u0131\" \/>\n<meta property=\"og:url\" content=\"https:\/\/www.meydan.tv\/az\/article\/illerdir-ki-yollarimiza-ozumuz-cinqil-tokuruk\/\" \/>\n<meta property=\"og:site_name\" content=\"MEYDAN.TV\" \/>\n<meta property=\"article:published_time\" content=\"2021-11-29T11:17:21+00:00\" \/>\n<meta property=\"article:modified_time\" content=\"2021-11-29T11:17:23+00:00\" \/>\n<meta property=\"og:image\" content=\"https:\/\/www.meydan.tv\/wp-content\/uploads\/muganli_yol.jpg\" \/>\n\t<meta property=\"og:image:width\" content=\"1200\" \/>\n\t<meta property=\"og:image:height\" content=\"900\" \/>\n\t<meta property=\"og:image:type\" content=\"image\/jpeg\" \/>\n<meta name=\"author\" content=\"elli\" \/>\n<meta name=\"twitter:card\" content=\"summary_large_image\" \/>\n<meta name=\"twitter:creator\" content=\"@elli\" \/>\n<script type=\"application\/ld+json\" class=\"yoast-schema-graph\">{\"@context\":\"https:\\\/\\\/schema.org\",\"@graph\":[{\"@type\":\"Article\",\"@id\":\"https:\\\/\\\/www.meydan.tv\\\/az\\\/article\\\/illerdir-ki-yollarimiza-ozumuz-cinqil-tokuruk\\\/#article\",\"isPartOf\":{\"@id\":\"https:\\\/\\\/www.meydan.tv\\\/az\\\/article\\\/illerdir-ki-yollarimiza-ozumuz-cinqil-tokuruk\\\/\"},\"author\":{\"name\":\"elli\",\"@id\":\"https:\\\/\\\/www.meydan.tv\\\/az\\\/#\\\/schema\\\/person\\\/9cdbecf90d17180ce1dfbd95b08dcf47\"},\"headline\":\"\u201c\u0130ll\u0259rdir ki, yollar\u0131m\u0131za \u00f6z\u00fcm\u00fcz \u00e7\u0131nq\u0131l t\u00f6k\u00fcr\u00fck\u201d\",\"datePublished\":\"2021-11-29T11:17:21+00:00\",\"dateModified\":\"2021-11-29T11:17:23+00:00\",\"mainEntityOfPage\":{\"@id\":\"https:\\\/\\\/www.meydan.tv\\\/az\\\/article\\\/illerdir-ki-yollarimiza-ozumuz-cinqil-tokuruk\\\/\"},\"wordCount\":538,\"publisher\":{\"@id\":\"https:\\\/\\\/www.meydan.tv\\\/az\\\/#organization\"},\"image\":{\"@id\":\"https:\\\/\\\/www.meydan.tv\\\/az\\\/article\\\/illerdir-ki-yollarimiza-ozumuz-cinqil-tokuruk\\\/#primaryimage\"},\"thumbnailUrl\":\"https:\\\/\\\/www.meydan.tv\\\/wp-content\\\/uploads\\\/muganli_yol.jpg\",\"articleSection\":[\"B\u00f6lg\u0259\",\"T\u00f6vsiy\u0259\",\"X\u0259b\u0259rl\u0259r\"],\"inLanguage\":\"az\"},{\"@type\":\"WebPage\",\"@id\":\"https:\\\/\\\/www.meydan.tv\\\/az\\\/article\\\/illerdir-ki-yollarimiza-ozumuz-cinqil-tokuruk\\\/\",\"url\":\"https:\\\/\\\/www.meydan.tv\\\/az\\\/article\\\/illerdir-ki-yollarimiza-ozumuz-cinqil-tokuruk\\\/\",\"name\":\"\u201c\u0130ll\u0259rdir ki, yollar\u0131m\u0131za \u00f6z\u00fcm\u00fcz \u00e7\u0131nq\u0131l t\u00f6k\u00fcr\u00fck\u201d - MEYDAN.TV\",\"isPartOf\":{\"@id\":\"https:\\\/\\\/www.meydan.tv\\\/az\\\/#website\"},\"primaryImageOfPage\":{\"@id\":\"https:\\\/\\\/www.meydan.tv\\\/az\\\/article\\\/illerdir-ki-yollarimiza-ozumuz-cinqil-tokuruk\\\/#primaryimage\"},\"image\":{\"@id\":\"https:\\\/\\\/www.meydan.tv\\\/az\\\/article\\\/illerdir-ki-yollarimiza-ozumuz-cinqil-tokuruk\\\/#primaryimage\"},\"thumbnailUrl\":\"https:\\\/\\\/www.meydan.tv\\\/wp-content\\\/uploads\\\/muganli_yol.jpg\",\"datePublished\":\"2021-11-29T11:17:21+00:00\",\"dateModified\":\"2021-11-29T11:17:23+00:00\",\"breadcrumb\":{\"@id\":\"https:\\\/\\\/www.meydan.tv\\\/az\\\/article\\\/illerdir-ki-yollarimiza-ozumuz-cinqil-tokuruk\\\/#breadcrumb\"},\"inLanguage\":\"az\",\"potentialAction\":[{\"@type\":\"ReadAction\",\"target\":[\"https:\\\/\\\/www.meydan.tv\\\/az\\\/article\\\/illerdir-ki-yollarimiza-ozumuz-cinqil-tokuruk\\\/\"]}]},{\"@type\":\"ImageObject\",\"inLanguage\":\"az\",\"@id\":\"https:\\\/\\\/www.meydan.tv\\\/az\\\/article\\\/illerdir-ki-yollarimiza-ozumuz-cinqil-tokuruk\\\/#primaryimage\",\"url\":\"https:\\\/\\\/www.meydan.tv\\\/wp-content\\\/uploads\\\/muganli_yol.jpg\",\"contentUrl\":\"https:\\\/\\\/www.meydan.tv\\\/wp-content\\\/uploads\\\/muganli_yol.jpg\",\"width\":1200,\"height\":900,\"caption\":\"K\u00fcrd\u0259mir rayonu, Mu\u011fanl\u0131 k\u0259ndinin yolu, Foto: Meydan TV\"},{\"@type\":\"BreadcrumbList\",\"@id\":\"https:\\\/\\\/www.meydan.tv\\\/az\\\/article\\\/illerdir-ki-yollarimiza-ozumuz-cinqil-tokuruk\\\/#breadcrumb\",\"itemListElement\":[{\"@type\":\"ListItem\",\"position\":1,\"name\":\"Ana s\u0259hif\u0259\",\"item\":\"https:\\\/\\\/www.meydan.tv\\\/az\\\/\"},{\"@type\":\"ListItem\",\"position\":2,\"name\":\"B\u00f6lg\u0259\",\"item\":\"https:\\\/\\\/www.meydan.tv\\\/az\\\/section\\\/bolge\\\/\"},{\"@type\":\"ListItem\",\"position\":3,\"name\":\"\u201c\u0130ll\u0259rdir ki, yollar\u0131m\u0131za \u00f6z\u00fcm\u00fcz \u00e7\u0131nq\u0131l t\u00f6k\u00fcr\u00fck\u201d\"}]},{\"@type\":\"WebSite\",\"@id\":\"https:\\\/\\\/www.meydan.tv\\\/az\\\/#website\",\"url\":\"https:\\\/\\\/www.meydan.tv\\\/az\\\/\",\"name\":\"MEYDAN.TV\",\"description\":\"Meydan TV Az\u0259rbaycan\u0131n media m\u0259kan\u0131ndak\u0131 alternativ s\u0259sidir\",\"publisher\":{\"@id\":\"https:\\\/\\\/www.meydan.tv\\\/az\\\/#organization\"},\"potentialAction\":[{\"@type\":\"SearchAction\",\"target\":{\"@type\":\"EntryPoint\",\"urlTemplate\":\"https:\\\/\\\/www.meydan.tv\\\/az\\\/?s={search_term_string}\"},\"query-input\":{\"@type\":\"PropertyValueSpecification\",\"valueRequired\":true,\"valueName\":\"search_term_string\"}}],\"inLanguage\":\"az\"},{\"@type\":\"Organization\",\"@id\":\"https:\\\/\\\/www.meydan.tv\\\/az\\\/#organization\",\"name\":\"Meydan TV\",\"url\":\"https:\\\/\\\/www.meydan.tv\\\/az\\\/\",\"logo\":{\"@type\":\"ImageObject\",\"inLanguage\":\"az\",\"@id\":\"https:\\\/\\\/www.meydan.tv\\\/az\\\/#\\\/schema\\\/logo\\\/image\\\/\",\"url\":\"https:\\\/\\\/www.meydan.tv\\\/wp-content\\\/uploads\\\/2021\\\/07\\\/meydan-logo.svg\",\"contentUrl\":\"https:\\\/\\\/www.meydan.tv\\\/wp-content\\\/uploads\\\/2021\\\/07\\\/meydan-logo.svg\",\"width\":195,\"height\":46,\"caption\":\"Meydan TV\"},\"image\":{\"@id\":\"https:\\\/\\\/www.meydan.tv\\\/az\\\/#\\\/schema\\\/logo\\\/image\\\/\"}},{\"@type\":\"Person\",\"@id\":\"https:\\\/\\\/www.meydan.tv\\\/az\\\/#\\\/schema\\\/person\\\/9cdbecf90d17180ce1dfbd95b08dcf47\",\"name\":\"elli\",\"sameAs\":[\"https:\\\/\\\/x.com\\\/elli\"]}]}<\/script>\n<!-- \/ Yoast SEO plugin. -->","yoast_head_json":{"title":"\u201c\u0130ll\u0259rdir ki, yollar\u0131m\u0131za \u00f6z\u00fcm\u00fcz \u00e7\u0131nq\u0131l t\u00f6k\u00fcr\u00fck\u201d - MEYDAN.TV","robots":{"index":"index","follow":"follow","max-snippet":"max-snippet:-1","max-image-preview":"max-image-preview:large","max-video-preview":"max-video-preview:-1"},"canonical":"https:\/\/www.meydan.tv\/az\/article\/illerdir-ki-yollarimiza-ozumuz-cinqil-tokuruk\/","og_locale":"az_AZ","og_type":"article","og_title":"\u201c\u0130ll\u0259rdir ki, yollar\u0131m\u0131za \u00f6z\u00fcm\u00fcz \u00e7\u0131nq\u0131l t\u00f6k\u00fcr\u00fck\u201d - MEYDAN.TV","og_description":"Mu\u011fanl\u0131 k\u0259ndin\u0259 k\u0259nar ma\u015f\u0131nlar getmir, t\u0259cili yard\u0131m vaxt\u0131nda yeti\u015f\u0259 bilmir ... Davam\u0131","og_url":"https:\/\/www.meydan.tv\/az\/article\/illerdir-ki-yollarimiza-ozumuz-cinqil-tokuruk\/","og_site_name":"MEYDAN.TV","article_published_time":"2021-11-29T11:17:21+00:00","article_modified_time":"2021-11-29T11:17:23+00:00","og_image":[{"width":1200,"height":900,"url":"https:\/\/www.meydan.tv\/wp-content\/uploads\/muganli_yol.jpg","type":"image\/jpeg"}],"author":"elli","twitter_card":"summary_large_image","twitter_creator":"@elli","schema":{"@context":"https:\/\/schema.org","@graph":[{"@type":"Article","@id":"https:\/\/www.meydan.tv\/az\/article\/illerdir-ki-yollarimiza-ozumuz-cinqil-tokuruk\/#article","isPartOf":{"@id":"https:\/\/www.meydan.tv\/az\/article\/illerdir-ki-yollarimiza-ozumuz-cinqil-tokuruk\/"},"author":{"name":"elli","@id":"https:\/\/www.meydan.tv\/az\/#\/schema\/person\/9cdbecf90d17180ce1dfbd95b08dcf47"},"headline":"\u201c\u0130ll\u0259rdir ki, yollar\u0131m\u0131za \u00f6z\u00fcm\u00fcz \u00e7\u0131nq\u0131l t\u00f6k\u00fcr\u00fck\u201d","datePublished":"2021-11-29T11:17:21+00:00","dateModified":"2021-11-29T11:17:23+00:00","mainEntityOfPage":{"@id":"https:\/\/www.meydan.tv\/az\/article\/illerdir-ki-yollarimiza-ozumuz-cinqil-tokuruk\/"},"wordCount":538,"publisher":{"@id":"https:\/\/www.meydan.tv\/az\/#organization"},"image":{"@id":"https:\/\/www.meydan.tv\/az\/article\/illerdir-ki-yollarimiza-ozumuz-cinqil-tokuruk\/#primaryimage"},"thumbnailUrl":"https:\/\/www.meydan.tv\/wp-content\/uploads\/muganli_yol.jpg","articleSection":["B\u00f6lg\u0259","T\u00f6vsiy\u0259","X\u0259b\u0259rl\u0259r"],"inLanguage":"az"},{"@type":"WebPage","@id":"https:\/\/www.meydan.tv\/az\/article\/illerdir-ki-yollarimiza-ozumuz-cinqil-tokuruk\/","url":"https:\/\/www.meydan.tv\/az\/article\/illerdir-ki-yollarimiza-ozumuz-cinqil-tokuruk\/","name":"\u201c\u0130ll\u0259rdir ki, yollar\u0131m\u0131za \u00f6z\u00fcm\u00fcz \u00e7\u0131nq\u0131l t\u00f6k\u00fcr\u00fck\u201d - MEYDAN.TV","isPartOf":{"@id":"https:\/\/www.meydan.tv\/az\/#website"},"primaryImageOfPage":{"@id":"https:\/\/www.meydan.tv\/az\/article\/illerdir-ki-yollarimiza-ozumuz-cinqil-tokuruk\/#primaryimage"},"image":{"@id":"https:\/\/www.meydan.tv\/az\/article\/illerdir-ki-yollarimiza-ozumuz-cinqil-tokuruk\/#primaryimage"},"thumbnailUrl":"https:\/\/www.meydan.tv\/wp-content\/uploads\/muganli_yol.jpg","datePublished":"2021-11-29T11:17:21+00:00","dateModified":"2021-11-29T11:17:23+00:00","breadcrumb":{"@id":"https:\/\/www.meydan.tv\/az\/article\/illerdir-ki-yollarimiza-ozumuz-cinqil-tokuruk\/#breadcrumb"},"inLanguage":"az","potentialAction":[{"@type":"ReadAction","target":["https:\/\/www.meydan.tv\/az\/article\/illerdir-ki-yollarimiza-ozumuz-cinqil-tokuruk\/"]}]},{"@type":"ImageObject","inLanguage":"az","@id":"https:\/\/www.meydan.tv\/az\/article\/illerdir-ki-yollarimiza-ozumuz-cinqil-tokuruk\/#primaryimage","url":"https:\/\/www.meydan.tv\/wp-content\/uploads\/muganli_yol.jpg","contentUrl":"https:\/\/www.meydan.tv\/wp-content\/uploads\/muganli_yol.jpg","width":1200,"height":900,"caption":"K\u00fcrd\u0259mir rayonu, Mu\u011fanl\u0131 k\u0259ndinin yolu, Foto: Meydan TV"},{"@type":"BreadcrumbList","@id":"https:\/\/www.meydan.tv\/az\/article\/illerdir-ki-yollarimiza-ozumuz-cinqil-tokuruk\/#breadcrumb","itemListElement":[{"@type":"ListItem","position":1,"name":"Ana s\u0259hif\u0259","item":"https:\/\/www.meydan.tv\/az\/"},{"@type":"ListItem","position":2,"name":"B\u00f6lg\u0259","item":"https:\/\/www.meydan.tv\/az\/section\/bolge\/"},{"@type":"ListItem","position":3,"name":"\u201c\u0130ll\u0259rdir ki, yollar\u0131m\u0131za \u00f6z\u00fcm\u00fcz \u00e7\u0131nq\u0131l t\u00f6k\u00fcr\u00fck\u201d"}]},{"@type":"WebSite","@id":"https:\/\/www.meydan.tv\/az\/#website","url":"https:\/\/www.meydan.tv\/az\/","name":"MEYDAN.TV","description":"Meydan TV Az\u0259rbaycan\u0131n media m\u0259kan\u0131ndak\u0131 alternativ s\u0259sidir","publisher":{"@id":"https:\/\/www.meydan.tv\/az\/#organization"},"potentialAction":[{"@type":"SearchAction","target":{"@type":"EntryPoint","urlTemplate":"https:\/\/www.meydan.tv\/az\/?s={search_term_string}"},"query-input":{"@type":"PropertyValueSpecification","valueRequired":true,"valueName":"search_term_string"}}],"inLanguage":"az"},{"@type":"Organization","@id":"https:\/\/www.meydan.tv\/az\/#organization","name":"Meydan TV","url":"https:\/\/www.meydan.tv\/az\/","logo":{"@type":"ImageObject","inLanguage":"az","@id":"https:\/\/www.meydan.tv\/az\/#\/schema\/logo\/image\/","url":"https:\/\/www.meydan.tv\/wp-content\/uploads\/2021\/07\/meydan-logo.svg","contentUrl":"https:\/\/www.meydan.tv\/wp-content\/uploads\/2021\/07\/meydan-logo.svg","width":195,"height":46,"caption":"Meydan TV"},"image":{"@id":"https:\/\/www.meydan.tv\/az\/#\/schema\/logo\/image\/"}},{"@type":"Person","@id":"https:\/\/www.meydan.tv\/az\/#\/schema\/person\/9cdbecf90d17180ce1dfbd95b08dcf47","name":"elli","sameAs":["https:\/\/x.com\/elli"]}]}},"_links":{"self":[{"href":"https:\/\/www.meydan.tv\/az\/wp-json\/wp\/v2\/posts\/227768","targetHints":{"allow":["GET"]}}],"collection":[{"href":"https:\/\/www.meydan.tv\/az\/wp-json\/wp\/v2\/posts"}],"about":[{"href":"https:\/\/www.meydan.tv\/az\/wp-json\/wp\/v2\/types\/post"}],"author":[{"embeddable":true,"href":"https:\/\/www.meydan.tv\/az\/wp-json\/wp\/v2\/users\/8"}],"replies":[{"embeddable":true,"href":"https:\/\/www.meydan.tv\/az\/wp-json\/wp\/v2\/comments?post=227768"}],"version-history":[{"count":1,"href":"https:\/\/www.meydan.tv\/az\/wp-json\/wp\/v2\/posts\/227768\/revisions"}],"predecessor-version":[{"id":227772,"href":"https:\/\/www.meydan.tv\/az\/wp-json\/wp\/v2\/posts\/227768\/revisions\/227772"}],"wp:featuredmedia":[{"embeddable":true,"href":"https:\/\/www.meydan.tv\/az\/wp-json\/wp\/v2\/media\/227769"}],"wp:attachment":[{"href":"https:\/\/www.meydan.tv\/az\/wp-json\/wp\/v2\/media?parent=227768"}],"wp:term":[{"taxonomy":"category","embeddable":true,"href":"https:\/\/www.meydan.tv\/az\/wp-json\/wp\/v2\/categories?post=227768"},{"taxonomy":"post_tag","embeddable":true,"href":"https:\/\/www.meydan.tv\/az\/wp-json\/wp\/v2\/tags?post=227768"}],"curies":[{"name":"wp","href":"https:\/\/api.w.org\/{rel}","templated":true}]}}