{"id":227761,"date":"2021-11-29T15:29:15","date_gmt":"2021-11-29T11:29:15","guid":{"rendered":"https:\/\/www.meydan.tv\/?p=227761"},"modified":"2021-11-29T16:02:47","modified_gmt":"2021-11-29T12:02:47","slug":"vekil-saleh-rustemov-quru-acliga-kecse-komaya-dusecek","status":"publish","type":"post","link":"https:\/\/www.meydan.tv\/az\/article\/vekil-saleh-rustemov-quru-acliga-kecse-komaya-dusecek\/","title":{"rendered":"V\u0259kil: &#8220;Saleh R\u00fcst\u0259mov quru acl\u0131\u011fa ke\u00e7s\u0259, komaya d\u00fc\u015f\u0259c\u0259k&#8221;"},"content":{"rendered":"\n<p><em>Zahid Oruc: &#8220;&#8221;Z\u0259f\u0259r amnistiyas\u0131&#8221; Saleh R\u00fcst\u0259mova t\u0259tbiq edil\u0259 bil\u0259r&#8221;<\/em><br><\/p>\n\n\n\n<p>&#8220;Saleh R\u00fcst\u0259movla ba\u011fl\u0131 m\u00fcxt\u0259lif t\u0259\u015fkilatlardan, \u00fc\u00e7\u00fcnc\u00fc sektor t\u0259msil\u00e7il\u0259rind\u0259n m\u00fcraci\u0259tl\u0259r alm\u0131\u015f\u0131q. Onun \u0259traf\u0131nda ged\u0259n kampaniyan\u0131n \u00f6lk\u0259 xaricin\u0259 \u00e7\u0131xar\u0131lmas\u0131 v\u0259 \u00f6lk\u0259mizin \u0259leyhin\u0259 son h\u0259ft\u0259l\u0259rd\u0259 daha da intensivlikl\u0259 apar\u0131ld\u0131\u011f\u0131n\u0131 yax\u015f\u0131 g\u00f6r\u00fcr\u00fck&#8221;.<br><\/p>\n\n\n\n<p>Bunu Meydan TV-y\u0259 Milli M\u0259clisin \u0130nsan Haqlar\u0131 Komit\u0259sinin s\u0259dri Zahid Oruc deyib.<br><\/p>\n\n\n\n<p>O, Saleh R\u00fcst\u0259movun acl\u0131q aksiyas\u0131 ke\u00e7irm\u0259sind\u0259n t\u0259\u0259ss\u00fcfl\u0259ndiyini bildirib: <\/p>\n\n\n\n<p>&#8220;Onun \u00f6z\u00fcn\u0259 qar\u015f\u0131 bel\u0259 q\u0259ddar h\u0259r\u0259k\u0259tini k\u0259nardan daha \u00e7ox stimulla\u015fd\u0131ranlar bir \u015f\u0259xsin iztirab\u0131 hesab\u0131na siyasi istismar\u00e7\u0131l\u0131q edirl\u0259r. H\u0259r\u00e7\u0259nd onun \u0259m\u0259li d\u00f6vl\u0259t v\u0259 \u015f\u0259xsiyy\u0259t \u0259leyhin\u0259 olmad\u0131\u011f\u0131ndan  \u201cZ\u0259f\u0259r amnistiyas\u0131&#8221; \u0259sas\u0131nda s\u00f6z\u00fcged\u0259n \u015f\u0259xsl\u0259 d\u0259 ba\u011fl\u0131 m\u00fcvafiq d\u00f6vl\u0259t qurumlar\u0131 il\u0259 dan\u0131\u015fmaq olard\u0131&#8221;. <\/p>\n\n\n\n<p>&#8220;Bir s\u0131ra \u0259cn\u0259bi media platformalar\u0131, sosial \u015f\u0259b\u0259k\u0259l\u0259r hakimiyy\u0259tin h\u0259yata ke\u00e7irdiyi h\u00fcquqi t\u0259dbirl\u0259ri, \u0259fv v\u0259 amnistiya q\u0259rarlar\u0131n\u0131 bel\u0259 hadis\u0259l\u0259r vasit\u0259sil\u0259 t\u0259sirsiz etm\u0259y\u0259, V\u0259t\u0259n m\u00fcharib\u0259sind\u0259n sonrak\u0131 g\u00fcnd\u0259liyi d\u0259yi\u015fdirm\u0259y\u0259, Az\u0259rbaycan\u0131n beyn\u0259lxalq hesabatlardak\u0131 t\u0259nqidini daha da k\u0259skinl\u0259\u015fdirm\u0259y\u0259 \u00e7al\u0131\u015f\u0131rlar. Halbuki ist\u0259nil\u0259n \u015f\u0259xsl\u0259 ba\u011fl\u0131 h\u0259m h\u00fcquq-m\u00fchafiz\u0259 v\u0259 m\u0259hk\u0259m\u0259 orqanlar\u0131, el\u0259c\u0259 d\u0259 m\u00fcvafiq hakimiyy\u0259t t\u0259msil\u00e7il\u0259ri il\u0259 g\u00f6r\u00fc\u015fm\u0259k, dan\u0131\u015fmaq olard\u0131&#8221;, &#8211; deputat vur\u011fulay\u0131b.<br><\/p>\n\n\n\n<p>Zahid Oruc deyib ki, s\u0259dri oldu\u011fu komit\u0259y\u0259 edil\u0259n m\u00fcraci\u0259tl\u0259r \u0259sas\u0131nda m\u00fczakir\u0259l\u0259r aparacaqlar: &#8220;Bizim \u00fc\u00e7\u00fcn \u0259n \u0259h\u0259miyy\u0259tli m\u0259s\u0259l\u0259 f\u0259rdi m\u0259s\u0259l\u0259l\u0259rin \u00f6lk\u0259 s\u0259rh\u0259dl\u0259rind\u0259n k\u0259narda m\u00fczakir\u0259 edilm\u0259m\u0259si, xarici t\u0259zyiq silah\u0131na \u00e7evrilm\u0259m\u0259sidir&#8221;.<br><\/p>\n\n\n\n<div class=\"wp-block-image\"><figure class=\"alignleft size-full is-resized\"><img decoding=\"async\" data-src=\"https:\/\/www.meydan.tv\/wp-content\/uploads\/39174.jpg\" alt=\"Zahid Oruc\" class=\"wp-image-99058 lazyload\" width=\"562\" height=\"303\" src=\"data:image\/svg+xml;base64,PHN2ZyB3aWR0aD0iMSIgaGVpZ2h0PSIxIiB4bWxucz0iaHR0cDovL3d3dy53My5vcmcvMjAwMC9zdmciPjwvc3ZnPg==\" style=\"--smush-placeholder-width: 562px; --smush-placeholder-aspect-ratio: 562\/303;\" \/><figcaption>Zahid Oruc, Foto: Modern.az<\/figcaption><\/figure><\/div>\n\n\n\n<p>Milli M\u0259clisin \u0130nsan Haqlar\u0131 Komit\u0259sinin Zahid Oruca istinad\u0259n yayd\u0131\u011f\u0131 <a href=\"https:\/\/arqument.az\/az\/zahid-oruc-zefer-aministiyasi-saleh-rustemova-samil-oluna-biler\/\" target=\"_blank\" rel=\"noreferrer noopener\">m\u0259lumat<\/a>da is\u0259 qeyd olunur ki, Amnistiya Akt\u0131 S.R\u00fcst\u0259mova t\u0259tbiq edil\u0259 bil\u0259r: &#8220;Saleh R\u00fcst\u0259mov m\u0259s\u0259l\u0259si \u0259traf\u0131nda m\u0259lum partiyalar h\u0259dsiz siyasil\u0259\u015fm\u0259 durumu yarad\u0131blar. Bundan \u0259vv\u0259lki d\u00f6vrd\u0259 d\u0259 m\u00fcxt\u0259lif \u015f\u0259xsl\u0259rl\u0259 ba\u011fl\u0131 t\u0259tbiq olunan xo\u015f m\u0259ram v\u0259 humanist m\u00f6vqe Saleh R\u00fcst\u0259mov m\u0259s\u0259l\u0259sin\u0259 d\u0259 \u015famil oluna bil\u0259r. X\u00fcsusil\u0259 d\u0259 n\u0259z\u0259r\u0259 alsaq ki, haz\u0131rda biz &#8220;Z\u0259f\u0259r amnistiyas\u0131&#8221; d\u00f6vr\u00fcn\u00fc ya\u015fay\u0131r\u0131q. Burada hans\u0131sa siyasi m\u00f6vqey\u0259 bax\u0131lmadan q\u0259rar verilir. \u00c7\u00fcnki amnistiya m\u0259hz qanunvericilik aktlar\u0131na t\u0259tbiq edilir&#8221;.<br><\/p>\n\n\n\n<p>V\u0259kil B\u0259hruz Bayramov bu g\u00fcn &#8211; noyabr\u0131n 29-da Saleh R\u00fcst\u0259movla g\u00f6r\u00fc\u015f\u00fcb.<br><\/p>\n\n\n\n<p>V\u0259kil Meydan TV-y\u0259 bildirib ki, art\u0131q S.R\u00fcst\u0259movda s\u00fcm\u00fck a\u011fr\u0131lar\u0131 ba\u015flay\u0131b: <\/p>\n\n\n\n<p>&#8220;Saleh b\u0259y gec\u0259ni yatmay\u0131b. Bu g\u00fcn quru acl\u0131\u011fa ke\u00e7m\u0259k ist\u0259yirdi. Xahi\u015f etdim ki, olmaz, \u00e7\u00fcnki a\u011f\u0131r f\u0259sadlar\u0131 ola bil\u0259r. Penitensiar Xidm\u0259tin h\u0259kiml\u0259ri Saleh R\u00fcst\u0259mova s\u0259hh\u0259tinin a\u011f\u0131r oldu\u011funu v\u0259 davam ed\u0259rs\u0259, b\u00f6yr\u0259kl\u0259rinin s\u0131radan \u00e7\u0131xmas\u0131 t\u0259hl\u00fck\u0259sinin yaranaca\u011f\u0131n\u0131 deyibl\u0259r. Quru acl\u0131\u011fa ke\u00e7s\u0259, 12-15 saat sonra komaya d\u00fc\u015f\u0259c\u0259k&#8221;.<br><\/p>\n\n\n\n<div class=\"wp-block-image\"><figure class=\"alignright size-full is-resized\"><img decoding=\"async\" data-src=\"https:\/\/www.meydan.tv\/wp-content\/uploads\/44353-1.jpg\" alt=\"\" class=\"wp-image-227764 lazyload\" width=\"577\" height=\"325\" src=\"data:image\/svg+xml;base64,PHN2ZyB3aWR0aD0iMSIgaGVpZ2h0PSIxIiB4bWxucz0iaHR0cDovL3d3dy53My5vcmcvMjAwMC9zdmciPjwvc3ZnPg==\" style=\"--smush-placeholder-width: 577px; --smush-placeholder-aspect-ratio: 577\/325;\" \/><figcaption>B\u0259hruz Bayramov, Foto: Amerikan\u0131n s\u0259si<\/figcaption><\/figure><\/div>\n\n\n\n<p>V\u0259kilin s\u00f6zl\u0259rin\u0259 g\u00f6r\u0259, Saleh R\u00fcst\u0259movla ba\u011fl\u0131 Ali M\u0259hk\u0259m\u0259nin Plenumuna 11 g\u00fcn \u0259vv\u0259l m\u00fcraci\u0259t edib: <\/p>\n\n\n\n<p>&#8220;M\u00fcraci\u0259td\u0259 Saleh R\u00fcst\u0259mova qar\u015f\u0131 madd\u0259l\u0259rd\u0259n birinin g\u00f6t\u00fcr\u00fclm\u0259sini ist\u0259mi\u015f\u0259m, bununla da onun azadl\u0131\u011fa \u00e7\u0131xmas\u0131 realla\u015facaq. M\u0259s\u0259l\u0259 ondad\u0131r ki, Saleh R\u00fcst\u0259mov m\u0259lum Amnistiya Akt\u0131na d\u00fc\u015fm\u00fcr. \u00c7\u00fcnki s\u0259n\u0259dd\u0259 h\u0259min madd\u0259l\u0259rl\u0259 ittiham olunanlar azadl\u0131\u011fa \u00e7\u0131xmalar\u0131na 6 ay qal\u0131bsa, amnistiyaya d\u00fc\u015f\u00fcrl\u0259r. Saleh R\u00fcst\u0259movun is\u0259 7 illik c\u0259zas\u0131n\u0131n 4-c\u00fc ilini \u00e7\u0259kir&#8221;.<br><\/p>\n\n\n\n<p>Saleh R\u00fcst\u0259mov 24 g\u00fcnd\u00fcr acl\u0131q aksiyas\u0131 ke\u00e7irir.<br><\/p>\n\n\n\n<p>O\u011flu Sezgin R\u00fcst\u0259mov h\u0259kiml\u0259r\u0259 istinad\u0259n Meydan TV-y\u0259 <a href=\"https:\/\/www.meydan.tv\/az\/article\/saleh-rustemovun-oglu-atam-hefte-erzinde-quru-acliga-kececeyini-deyib\/\" target=\"_blank\" rel=\"noreferrer noopener\">bildirib<\/a> ki, atas\u0131n\u0131n orqanizmi t\u00fck\u0259nm\u0259k \u00fczr\u0259dir.<br>Noyabr\u0131n 26-da v\u0259kil B\u0259hruz Bayramov professor Adil Qeybullan\u0131n Saleh R\u00fcst\u0259movu m\u00fcayin\u0259 etm\u0259si il\u0259 ba\u011fl\u0131 Penitensiar Xidm\u0259t\u0259 <a href=\"https:\/\/www.meydan.tv\/az\/article\/saleh-rustemovun-hekim-muayinesi-ucun-muraciet-edildi\/\" target=\"_blank\" rel=\"noreferrer noopener\">m\u00fcraci\u0259t<\/a> edib, amma ona cavab verilm\u0259yib.<br><\/p>\n\n\n\n<p>Onun azad edilm\u0259si il\u0259 ba\u011fl\u0131 \u00f6t\u0259n h\u0259ft\u0259 QHT n\u00fcmay\u0259nd\u0259l\u0259ri, h\u00fcquq\u015f\u00fcnaslar, jurnalistl\u0259r \u00e7a\u011f\u0131r\u0131\u015f ets\u0259l\u0259r d\u0259, he\u00e7 bir r\u0259smi reaksiya <a href=\"https:\/\/www.meydan.tv\/az\/article\/huquq-mudafiecileri-saleh-rustemovla-bagli-prezidentden-cavab-gozleyirler\/\" target=\"_blank\" rel=\"noreferrer noopener\">yoxdur<\/a>.<br><\/p>\n\n\n\n<p>Noyabr\u0131n 27-d\u0259 AXCP G\u0259ncl\u0259r Komit\u0259si, M\u00fcsavat G\u0259ncl\u0259r T\u0259\u015fkilat\u0131, D18 H\u0259r\u0259kat\u0131, N\u0130DA V\u0259t\u0259nda\u015f H\u0259r\u0259kat\u0131, AXCP G\u0259ncl\u0259r Komit\u0259si v\u0259 REAL G\u0259ncl\u0259r Birliyinin t\u0259\u015f\u0259bb\u00fcs\u00fc il\u0259 \u201cSaleh R\u00fcst\u0259movun H\u00fcquqlar\u0131n\u0131n M\u00fcdafi\u0259si Komit\u0259si\u201d yarad\u0131l\u0131b.<br><\/p>\n\n\n\n<p>Komit\u0259 Saleh R\u00fcst\u0259movun h\u00fcquqlar\u0131n\u0131n m\u00fcdafi\u0259sini koordinasiyal\u0131 \u015f\u0259kild\u0259 t\u0259\u015fkil edib, m\u00fcvafiq add\u0131mlar atacaq.<br><\/p>\n\n\n\n<p>Xalq C\u0259bh\u0259sinin hakimiyy\u0259ti d\u00f6vr\u00fcnd\u0259 (1992-1993) G\u0259d\u0259b\u0259yin icra ba\u015f\u00e7\u0131s\u0131 olmu\u015f Saleh R\u00fcst\u0259mov 2018-ci ilin may\u0131nda AXCP-y\u0259 maliyy\u0259 yard\u0131m\u0131nda ittiham edil\u0259r\u0259k h\u0259bs olunub.<br><\/p>\n\n\n\n<p>Saleh R\u00fcst\u0259mov 1998-ci ild\u0259n Rusiyada ya\u015fay\u0131b.<br><\/p>\n\n\n\n<p>O, 2018-ci ild\u0259 yax\u0131nlar\u0131n\u0131 g\u00f6rm\u0259k \u00fc\u00e7\u00fcn Az\u0259rbaycana g\u0259lib v\u0259 \u015e\u0259mkird\u0259 saxlan\u0131l\u0131b.<br><\/p>\n\n\n\n<p>Ba\u015f M\u00fct\u0259\u015f\u0259kkil Cinay\u0259tkarl\u0131qla M\u00fcbariz\u0259 \u0130dar\u0259sin\u0259 g\u0259tiril\u0259n Saleh R\u00fcst\u0259mova qar\u015f\u0131 narkotik ittiham\u0131 ir\u0259li s\u00fcr\u00fcl\u00fcb.<br><\/p>\n\n\n\n<p>\u0130ki g\u00fcn sonra onun qarda\u015f\u0131 o\u011flu Vidadi R\u00fcst\u0259mli d\u0259 eyni ittihamla saxlan\u0131b. Onlar bu idar\u0259d\u0259 20 g\u00fcn\u0259 yax\u0131n i\u015fg\u0259nc\u0259y\u0259 m\u0259ruz qald\u0131qlar\u0131n\u0131 bildiribl\u0259r.<br><\/p>\n\n\n\n<p>Bundan sonra \u2013 may\u0131n 25-d\u0259 AXCP funksionerl\u0259ri Bab\u0259k H\u0259s\u0259nov, Aqil M\u0259h\u0259rr\u0259mli v\u0259 Ruslan N\u0259sirli tutulub.<br><\/p>\n\n\n\n<p>Onlar\u0131n saxlanmas\u0131 il\u0259 ba\u011fl\u0131 Ba\u015f Prokurorluq v\u0259 Daxili \u0130\u015fl\u0259r Nazirliyinin (D\u0130N) yayd\u0131\u011f\u0131 birg\u0259 m\u0259lumatda iddia olunub ki, bu be\u015f n\u0259f\u0259r \u00e7irkli pullar\u0131 leqalla\u015fd\u0131rmaqda ittiham olunublar.<br><\/p>\n\n\n\n<p>\u0130ddiaya g\u00f6r\u0259, Saleh R\u00fcst\u0259mov AXCP-y\u0259 420 min dollar pul g\u00f6nd\u0259rib. Lakin adlar\u0131 \u00e7\u0259kil\u0259n \u015f\u0259xsl\u0259r \u00e7irkli pullar\u0131n leqalla\u015fd\u0131r\u0131lmas\u0131 ittiham\u0131n\u0131 r\u0259dd edir.<br><\/p>\n\n\n\n<p>Saleh R\u00fcst\u0259mov bildirib ki, uzun ill\u0259r Xalq C\u0259bh\u0259sinin \u00fczv\u00fc olub. Rusiyada h\u0259m \u00f6z\u00fc, h\u0259m d\u0259 dig\u0259r az\u0259rbaycanl\u0131lar qazanclar\u0131ndan siyasi m\u0259hbuslar\u0131n ail\u0259l\u0259rin\u0259 yard\u0131m m\u0259qs\u0259dil\u0259 pul g\u00f6nd\u0259ribl\u0259r.<br><\/p>\n\n\n\n<p>T\u0259xmin\u0259n iki il \u0259rzind\u0259 siyasi m\u0259hbus ail\u0259l\u0259rin\u0259 g\u00f6nd\u0259ril\u0259n v\u0259sait is\u0259 10 min dollar olard\u0131.<br><\/p>\n\n\n\n<p>Bak\u0131 A\u011f\u0131r Cinay\u0259tl\u0259r M\u0259hk\u0259m\u0259sinin h\u00f6km\u00fc il\u0259 Saleh R\u00fcst\u0259mov 7 il 3 ay, Aqil M\u0259h\u0259rr\u0259mov 4 il, Bab\u0259k H\u0259s\u0259nov is\u0259 3 il azadl\u0131qdan m\u0259hrum edilib.<br><\/p>\n\n\n\n<p>Vidadi R\u00fcst\u0259mli v\u0259 Ruslan N\u0259sirliy\u0259 \u015f\u0259rti c\u0259za verilib. Sonradan Ali M\u0259hk\u0259m\u0259 Saleh R\u00fcst\u0259movun c\u0259zas\u0131n\u0131 2 ay azald\u0131b.<br><\/p>\n\n\n\n<p>M\u0259hk\u0259m\u0259nin h\u00f6km\u00fcnd\u0259 Saleh R\u00fcst\u0259movun yax\u0131nlar\u0131na m\u0259xsus m\u0259nzil v\u0259 ba\u015fqa da\u015f\u0131nmaz \u0259mlaklar\u0131n, h\u0259tta atalar\u0131ndan qalma evin d\u0259 m\u00fcsadir\u0259 olunmas\u0131 \u0259ksini tap\u0131b.<br><\/p>\n\n\n\n<p>Bab\u0259k H\u0259s\u0259nov c\u0259zas\u0131n\u0131n ba\u015fa \u00e7atmas\u0131na iki ay qalm\u0131\u015f \u2013 mart\u0131n 17-d\u0259 imzalanan sonuncu \u0259fv s\u0259r\u0259ncam\u0131 il\u0259 azadl\u0131\u011fa burax\u0131l\u0131b.<br><\/p>\n\n\n\n<p>AXCP bu cinay\u0259t i\u015finin qondarma oldu\u011funu b\u0259yan edib, partiyaya qar\u015f\u0131 ill\u0259rdir davam ed\u0259n repressiyalar\u0131n davam\u0131 kimi qiym\u0259tl\u0259ndirib.<\/p>\n","protected":false},"excerpt":{"rendered":"<p>Zahid Oruc: &#8220;&#8221;Z\u0259f\u0259r amnistiyas\u0131&#8221; Saleh R\u00fcst\u0259mova t\u0259tbiq edil\u0259 bil\u0259r&#8221; &#8220;Saleh &#8230; <\/p>\n<p class=\"read-more-container\"><a title=\"V\u0259kil: &#8220;Saleh R\u00fcst\u0259mov quru acl\u0131\u011fa ke\u00e7s\u0259, komaya d\u00fc\u015f\u0259c\u0259k&#8221;\" class=\"read-more button\" href=\"https:\/\/www.meydan.tv\/az\/article\/vekil-saleh-rustemov-quru-acliga-kecse-komaya-dusecek\/#more-227761\" aria-label=\"Read more about V\u0259kil: &#8220;Saleh R\u00fcst\u0259mov quru acl\u0131\u011fa ke\u00e7s\u0259, komaya d\u00fc\u015f\u0259c\u0259k&#8221;\">Davam\u0131<\/a><\/p>\n","protected":false},"author":8,"featured_media":226437,"comment_status":"closed","ping_status":"closed","sticky":false,"template":"","format":"standard","meta":{"_acf_changed":false,"_sitemap_exclude":false,"_sitemap_priority":"","_sitemap_frequency":"","footnotes":""},"categories":[59,79,56],"tags":[],"class_list":["post-227761","post","type-post","status-publish","format-standard","has-post-thumbnail","hentry","category-siyaset","category-featured","category-xeberler","infinite-scroll-item","generate-columns","tablet-grid-50","mobile-grid-100","grid-parent","grid-33","no-featured-image-padding"],"acf":[],"yoast_head":"<!-- This site is optimized with the Yoast SEO plugin v27.4 - https:\/\/yoast.com\/product\/yoast-seo-wordpress\/ -->\n<title>V\u0259kil: &quot;Saleh R\u00fcst\u0259mov quru acl\u0131\u011fa ke\u00e7s\u0259, komaya d\u00fc\u015f\u0259c\u0259k&quot; - MEYDAN.TV<\/title>\n<meta name=\"robots\" content=\"index, follow, max-snippet:-1, max-image-preview:large, max-video-preview:-1\" \/>\n<link rel=\"canonical\" href=\"https:\/\/www.meydan.tv\/az\/article\/vekil-saleh-rustemov-quru-acliga-kecse-komaya-dusecek\/\" \/>\n<meta property=\"og:locale\" content=\"az_AZ\" \/>\n<meta property=\"og:type\" content=\"article\" \/>\n<meta property=\"og:title\" content=\"V\u0259kil: &quot;Saleh R\u00fcst\u0259mov quru acl\u0131\u011fa ke\u00e7s\u0259, komaya d\u00fc\u015f\u0259c\u0259k&quot; - MEYDAN.TV\" \/>\n<meta property=\"og:description\" content=\"Zahid Oruc: &#8220;&#8221;Z\u0259f\u0259r amnistiyas\u0131&#8221; Saleh R\u00fcst\u0259mova t\u0259tbiq edil\u0259 bil\u0259r&#8221; &#8220;Saleh ... Davam\u0131\" \/>\n<meta property=\"og:url\" content=\"https:\/\/www.meydan.tv\/az\/article\/vekil-saleh-rustemov-quru-acliga-kecse-komaya-dusecek\/\" \/>\n<meta property=\"og:site_name\" content=\"MEYDAN.TV\" \/>\n<meta property=\"article:published_time\" content=\"2021-11-29T11:29:15+00:00\" \/>\n<meta property=\"article:modified_time\" content=\"2021-11-29T12:02:47+00:00\" \/>\n<meta property=\"og:image\" content=\"https:\/\/www.meydan.tv\/wp-content\/uploads\/untitled_artwork__7_-scaled.jpg\" \/>\n\t<meta property=\"og:image:width\" content=\"2560\" \/>\n\t<meta property=\"og:image:height\" content=\"1707\" \/>\n\t<meta property=\"og:image:type\" content=\"image\/jpeg\" \/>\n<meta name=\"author\" content=\"elli\" \/>\n<meta name=\"twitter:card\" content=\"summary_large_image\" \/>\n<meta name=\"twitter:creator\" content=\"@elli\" \/>\n<script type=\"application\/ld+json\" class=\"yoast-schema-graph\">{\"@context\":\"https:\\\/\\\/schema.org\",\"@graph\":[{\"@type\":\"Article\",\"@id\":\"https:\\\/\\\/www.meydan.tv\\\/az\\\/article\\\/vekil-saleh-rustemov-quru-acliga-kecse-komaya-dusecek\\\/#article\",\"isPartOf\":{\"@id\":\"https:\\\/\\\/www.meydan.tv\\\/az\\\/article\\\/vekil-saleh-rustemov-quru-acliga-kecse-komaya-dusecek\\\/\"},\"author\":{\"name\":\"elli\",\"@id\":\"https:\\\/\\\/www.meydan.tv\\\/az\\\/#\\\/schema\\\/person\\\/9cdbecf90d17180ce1dfbd95b08dcf47\"},\"headline\":\"V\u0259kil: &#8220;Saleh R\u00fcst\u0259mov quru acl\u0131\u011fa ke\u00e7s\u0259, komaya d\u00fc\u015f\u0259c\u0259k&#8221;\",\"datePublished\":\"2021-11-29T11:29:15+00:00\",\"dateModified\":\"2021-11-29T12:02:47+00:00\",\"mainEntityOfPage\":{\"@id\":\"https:\\\/\\\/www.meydan.tv\\\/az\\\/article\\\/vekil-saleh-rustemov-quru-acliga-kecse-komaya-dusecek\\\/\"},\"wordCount\":1359,\"publisher\":{\"@id\":\"https:\\\/\\\/www.meydan.tv\\\/az\\\/#organization\"},\"image\":{\"@id\":\"https:\\\/\\\/www.meydan.tv\\\/az\\\/article\\\/vekil-saleh-rustemov-quru-acliga-kecse-komaya-dusecek\\\/#primaryimage\"},\"thumbnailUrl\":\"https:\\\/\\\/www.meydan.tv\\\/wp-content\\\/uploads\\\/untitled_artwork__7_-scaled-e1763558338626.jpg\",\"articleSection\":[\"Siyas\u0259t\",\"T\u00f6vsiy\u0259\",\"X\u0259b\u0259rl\u0259r\"],\"inLanguage\":\"az\"},{\"@type\":\"WebPage\",\"@id\":\"https:\\\/\\\/www.meydan.tv\\\/az\\\/article\\\/vekil-saleh-rustemov-quru-acliga-kecse-komaya-dusecek\\\/\",\"url\":\"https:\\\/\\\/www.meydan.tv\\\/az\\\/article\\\/vekil-saleh-rustemov-quru-acliga-kecse-komaya-dusecek\\\/\",\"name\":\"V\u0259kil: \\\"Saleh R\u00fcst\u0259mov quru acl\u0131\u011fa ke\u00e7s\u0259, komaya d\u00fc\u015f\u0259c\u0259k\\\" - MEYDAN.TV\",\"isPartOf\":{\"@id\":\"https:\\\/\\\/www.meydan.tv\\\/az\\\/#website\"},\"primaryImageOfPage\":{\"@id\":\"https:\\\/\\\/www.meydan.tv\\\/az\\\/article\\\/vekil-saleh-rustemov-quru-acliga-kecse-komaya-dusecek\\\/#primaryimage\"},\"image\":{\"@id\":\"https:\\\/\\\/www.meydan.tv\\\/az\\\/article\\\/vekil-saleh-rustemov-quru-acliga-kecse-komaya-dusecek\\\/#primaryimage\"},\"thumbnailUrl\":\"https:\\\/\\\/www.meydan.tv\\\/wp-content\\\/uploads\\\/untitled_artwork__7_-scaled-e1763558338626.jpg\",\"datePublished\":\"2021-11-29T11:29:15+00:00\",\"dateModified\":\"2021-11-29T12:02:47+00:00\",\"breadcrumb\":{\"@id\":\"https:\\\/\\\/www.meydan.tv\\\/az\\\/article\\\/vekil-saleh-rustemov-quru-acliga-kecse-komaya-dusecek\\\/#breadcrumb\"},\"inLanguage\":\"az\",\"potentialAction\":[{\"@type\":\"ReadAction\",\"target\":[\"https:\\\/\\\/www.meydan.tv\\\/az\\\/article\\\/vekil-saleh-rustemov-quru-acliga-kecse-komaya-dusecek\\\/\"]}]},{\"@type\":\"ImageObject\",\"inLanguage\":\"az\",\"@id\":\"https:\\\/\\\/www.meydan.tv\\\/az\\\/article\\\/vekil-saleh-rustemov-quru-acliga-kecse-komaya-dusecek\\\/#primaryimage\",\"url\":\"https:\\\/\\\/www.meydan.tv\\\/wp-content\\\/uploads\\\/untitled_artwork__7_-scaled-e1763558338626.jpg\",\"contentUrl\":\"https:\\\/\\\/www.meydan.tv\\\/wp-content\\\/uploads\\\/untitled_artwork__7_-scaled-e1763558338626.jpg\",\"width\":1000,\"height\":585,\"caption\":\"Saleh R\u00fcst\u0259mov, Foto: Meydan TV\"},{\"@type\":\"BreadcrumbList\",\"@id\":\"https:\\\/\\\/www.meydan.tv\\\/az\\\/article\\\/vekil-saleh-rustemov-quru-acliga-kecse-komaya-dusecek\\\/#breadcrumb\",\"itemListElement\":[{\"@type\":\"ListItem\",\"position\":1,\"name\":\"Ana s\u0259hif\u0259\",\"item\":\"https:\\\/\\\/www.meydan.tv\\\/az\\\/\"},{\"@type\":\"ListItem\",\"position\":2,\"name\":\"Siyas\u0259t\",\"item\":\"https:\\\/\\\/www.meydan.tv\\\/az\\\/section\\\/siyaset\\\/\"},{\"@type\":\"ListItem\",\"position\":3,\"name\":\"V\u0259kil: &#8220;Saleh R\u00fcst\u0259mov quru acl\u0131\u011fa ke\u00e7s\u0259, komaya d\u00fc\u015f\u0259c\u0259k&#8221;\"}]},{\"@type\":\"WebSite\",\"@id\":\"https:\\\/\\\/www.meydan.tv\\\/az\\\/#website\",\"url\":\"https:\\\/\\\/www.meydan.tv\\\/az\\\/\",\"name\":\"MEYDAN.TV\",\"description\":\"Meydan TV Az\u0259rbaycan\u0131n media m\u0259kan\u0131ndak\u0131 alternativ s\u0259sidir\",\"publisher\":{\"@id\":\"https:\\\/\\\/www.meydan.tv\\\/az\\\/#organization\"},\"potentialAction\":[{\"@type\":\"SearchAction\",\"target\":{\"@type\":\"EntryPoint\",\"urlTemplate\":\"https:\\\/\\\/www.meydan.tv\\\/az\\\/?s={search_term_string}\"},\"query-input\":{\"@type\":\"PropertyValueSpecification\",\"valueRequired\":true,\"valueName\":\"search_term_string\"}}],\"inLanguage\":\"az\"},{\"@type\":\"Organization\",\"@id\":\"https:\\\/\\\/www.meydan.tv\\\/az\\\/#organization\",\"name\":\"Meydan TV\",\"url\":\"https:\\\/\\\/www.meydan.tv\\\/az\\\/\",\"logo\":{\"@type\":\"ImageObject\",\"inLanguage\":\"az\",\"@id\":\"https:\\\/\\\/www.meydan.tv\\\/az\\\/#\\\/schema\\\/logo\\\/image\\\/\",\"url\":\"https:\\\/\\\/www.meydan.tv\\\/wp-content\\\/uploads\\\/2021\\\/07\\\/meydan-logo.svg\",\"contentUrl\":\"https:\\\/\\\/www.meydan.tv\\\/wp-content\\\/uploads\\\/2021\\\/07\\\/meydan-logo.svg\",\"width\":195,\"height\":46,\"caption\":\"Meydan TV\"},\"image\":{\"@id\":\"https:\\\/\\\/www.meydan.tv\\\/az\\\/#\\\/schema\\\/logo\\\/image\\\/\"}},{\"@type\":\"Person\",\"@id\":\"https:\\\/\\\/www.meydan.tv\\\/az\\\/#\\\/schema\\\/person\\\/9cdbecf90d17180ce1dfbd95b08dcf47\",\"name\":\"elli\",\"sameAs\":[\"https:\\\/\\\/x.com\\\/elli\"]}]}<\/script>\n<!-- \/ Yoast SEO plugin. -->","yoast_head_json":{"title":"V\u0259kil: \"Saleh R\u00fcst\u0259mov quru acl\u0131\u011fa ke\u00e7s\u0259, komaya d\u00fc\u015f\u0259c\u0259k\" - MEYDAN.TV","robots":{"index":"index","follow":"follow","max-snippet":"max-snippet:-1","max-image-preview":"max-image-preview:large","max-video-preview":"max-video-preview:-1"},"canonical":"https:\/\/www.meydan.tv\/az\/article\/vekil-saleh-rustemov-quru-acliga-kecse-komaya-dusecek\/","og_locale":"az_AZ","og_type":"article","og_title":"V\u0259kil: \"Saleh R\u00fcst\u0259mov quru acl\u0131\u011fa ke\u00e7s\u0259, komaya d\u00fc\u015f\u0259c\u0259k\" - MEYDAN.TV","og_description":"Zahid Oruc: &#8220;&#8221;Z\u0259f\u0259r amnistiyas\u0131&#8221; Saleh R\u00fcst\u0259mova t\u0259tbiq edil\u0259 bil\u0259r&#8221; &#8220;Saleh ... Davam\u0131","og_url":"https:\/\/www.meydan.tv\/az\/article\/vekil-saleh-rustemov-quru-acliga-kecse-komaya-dusecek\/","og_site_name":"MEYDAN.TV","article_published_time":"2021-11-29T11:29:15+00:00","article_modified_time":"2021-11-29T12:02:47+00:00","og_image":[{"width":2560,"height":1707,"url":"https:\/\/www.meydan.tv\/wp-content\/uploads\/untitled_artwork__7_-scaled.jpg","type":"image\/jpeg"}],"author":"elli","twitter_card":"summary_large_image","twitter_creator":"@elli","schema":{"@context":"https:\/\/schema.org","@graph":[{"@type":"Article","@id":"https:\/\/www.meydan.tv\/az\/article\/vekil-saleh-rustemov-quru-acliga-kecse-komaya-dusecek\/#article","isPartOf":{"@id":"https:\/\/www.meydan.tv\/az\/article\/vekil-saleh-rustemov-quru-acliga-kecse-komaya-dusecek\/"},"author":{"name":"elli","@id":"https:\/\/www.meydan.tv\/az\/#\/schema\/person\/9cdbecf90d17180ce1dfbd95b08dcf47"},"headline":"V\u0259kil: &#8220;Saleh R\u00fcst\u0259mov quru acl\u0131\u011fa ke\u00e7s\u0259, komaya d\u00fc\u015f\u0259c\u0259k&#8221;","datePublished":"2021-11-29T11:29:15+00:00","dateModified":"2021-11-29T12:02:47+00:00","mainEntityOfPage":{"@id":"https:\/\/www.meydan.tv\/az\/article\/vekil-saleh-rustemov-quru-acliga-kecse-komaya-dusecek\/"},"wordCount":1359,"publisher":{"@id":"https:\/\/www.meydan.tv\/az\/#organization"},"image":{"@id":"https:\/\/www.meydan.tv\/az\/article\/vekil-saleh-rustemov-quru-acliga-kecse-komaya-dusecek\/#primaryimage"},"thumbnailUrl":"https:\/\/www.meydan.tv\/wp-content\/uploads\/untitled_artwork__7_-scaled-e1763558338626.jpg","articleSection":["Siyas\u0259t","T\u00f6vsiy\u0259","X\u0259b\u0259rl\u0259r"],"inLanguage":"az"},{"@type":"WebPage","@id":"https:\/\/www.meydan.tv\/az\/article\/vekil-saleh-rustemov-quru-acliga-kecse-komaya-dusecek\/","url":"https:\/\/www.meydan.tv\/az\/article\/vekil-saleh-rustemov-quru-acliga-kecse-komaya-dusecek\/","name":"V\u0259kil: \"Saleh R\u00fcst\u0259mov quru acl\u0131\u011fa ke\u00e7s\u0259, komaya d\u00fc\u015f\u0259c\u0259k\" - MEYDAN.TV","isPartOf":{"@id":"https:\/\/www.meydan.tv\/az\/#website"},"primaryImageOfPage":{"@id":"https:\/\/www.meydan.tv\/az\/article\/vekil-saleh-rustemov-quru-acliga-kecse-komaya-dusecek\/#primaryimage"},"image":{"@id":"https:\/\/www.meydan.tv\/az\/article\/vekil-saleh-rustemov-quru-acliga-kecse-komaya-dusecek\/#primaryimage"},"thumbnailUrl":"https:\/\/www.meydan.tv\/wp-content\/uploads\/untitled_artwork__7_-scaled-e1763558338626.jpg","datePublished":"2021-11-29T11:29:15+00:00","dateModified":"2021-11-29T12:02:47+00:00","breadcrumb":{"@id":"https:\/\/www.meydan.tv\/az\/article\/vekil-saleh-rustemov-quru-acliga-kecse-komaya-dusecek\/#breadcrumb"},"inLanguage":"az","potentialAction":[{"@type":"ReadAction","target":["https:\/\/www.meydan.tv\/az\/article\/vekil-saleh-rustemov-quru-acliga-kecse-komaya-dusecek\/"]}]},{"@type":"ImageObject","inLanguage":"az","@id":"https:\/\/www.meydan.tv\/az\/article\/vekil-saleh-rustemov-quru-acliga-kecse-komaya-dusecek\/#primaryimage","url":"https:\/\/www.meydan.tv\/wp-content\/uploads\/untitled_artwork__7_-scaled-e1763558338626.jpg","contentUrl":"https:\/\/www.meydan.tv\/wp-content\/uploads\/untitled_artwork__7_-scaled-e1763558338626.jpg","width":1000,"height":585,"caption":"Saleh R\u00fcst\u0259mov, Foto: Meydan TV"},{"@type":"BreadcrumbList","@id":"https:\/\/www.meydan.tv\/az\/article\/vekil-saleh-rustemov-quru-acliga-kecse-komaya-dusecek\/#breadcrumb","itemListElement":[{"@type":"ListItem","position":1,"name":"Ana s\u0259hif\u0259","item":"https:\/\/www.meydan.tv\/az\/"},{"@type":"ListItem","position":2,"name":"Siyas\u0259t","item":"https:\/\/www.meydan.tv\/az\/section\/siyaset\/"},{"@type":"ListItem","position":3,"name":"V\u0259kil: &#8220;Saleh R\u00fcst\u0259mov quru acl\u0131\u011fa ke\u00e7s\u0259, komaya d\u00fc\u015f\u0259c\u0259k&#8221;"}]},{"@type":"WebSite","@id":"https:\/\/www.meydan.tv\/az\/#website","url":"https:\/\/www.meydan.tv\/az\/","name":"MEYDAN.TV","description":"Meydan TV Az\u0259rbaycan\u0131n media m\u0259kan\u0131ndak\u0131 alternativ s\u0259sidir","publisher":{"@id":"https:\/\/www.meydan.tv\/az\/#organization"},"potentialAction":[{"@type":"SearchAction","target":{"@type":"EntryPoint","urlTemplate":"https:\/\/www.meydan.tv\/az\/?s={search_term_string}"},"query-input":{"@type":"PropertyValueSpecification","valueRequired":true,"valueName":"search_term_string"}}],"inLanguage":"az"},{"@type":"Organization","@id":"https:\/\/www.meydan.tv\/az\/#organization","name":"Meydan TV","url":"https:\/\/www.meydan.tv\/az\/","logo":{"@type":"ImageObject","inLanguage":"az","@id":"https:\/\/www.meydan.tv\/az\/#\/schema\/logo\/image\/","url":"https:\/\/www.meydan.tv\/wp-content\/uploads\/2021\/07\/meydan-logo.svg","contentUrl":"https:\/\/www.meydan.tv\/wp-content\/uploads\/2021\/07\/meydan-logo.svg","width":195,"height":46,"caption":"Meydan TV"},"image":{"@id":"https:\/\/www.meydan.tv\/az\/#\/schema\/logo\/image\/"}},{"@type":"Person","@id":"https:\/\/www.meydan.tv\/az\/#\/schema\/person\/9cdbecf90d17180ce1dfbd95b08dcf47","name":"elli","sameAs":["https:\/\/x.com\/elli"]}]}},"_links":{"self":[{"href":"https:\/\/www.meydan.tv\/az\/wp-json\/wp\/v2\/posts\/227761","targetHints":{"allow":["GET"]}}],"collection":[{"href":"https:\/\/www.meydan.tv\/az\/wp-json\/wp\/v2\/posts"}],"about":[{"href":"https:\/\/www.meydan.tv\/az\/wp-json\/wp\/v2\/types\/post"}],"author":[{"embeddable":true,"href":"https:\/\/www.meydan.tv\/az\/wp-json\/wp\/v2\/users\/8"}],"replies":[{"embeddable":true,"href":"https:\/\/www.meydan.tv\/az\/wp-json\/wp\/v2\/comments?post=227761"}],"version-history":[{"count":5,"href":"https:\/\/www.meydan.tv\/az\/wp-json\/wp\/v2\/posts\/227761\/revisions"}],"predecessor-version":[{"id":227783,"href":"https:\/\/www.meydan.tv\/az\/wp-json\/wp\/v2\/posts\/227761\/revisions\/227783"}],"wp:featuredmedia":[{"embeddable":true,"href":"https:\/\/www.meydan.tv\/az\/wp-json\/wp\/v2\/media\/226437"}],"wp:attachment":[{"href":"https:\/\/www.meydan.tv\/az\/wp-json\/wp\/v2\/media?parent=227761"}],"wp:term":[{"taxonomy":"category","embeddable":true,"href":"https:\/\/www.meydan.tv\/az\/wp-json\/wp\/v2\/categories?post=227761"},{"taxonomy":"post_tag","embeddable":true,"href":"https:\/\/www.meydan.tv\/az\/wp-json\/wp\/v2\/tags?post=227761"}],"curies":[{"name":"wp","href":"https:\/\/api.w.org\/{rel}","templated":true}]}}