{"id":227739,"date":"2021-11-29T13:37:33","date_gmt":"2021-11-29T09:37:33","guid":{"rendered":"https:\/\/www.meydan.tv\/?p=227739"},"modified":"2021-11-29T15:04:55","modified_gmt":"2021-11-29T11:04:55","slug":"goycay-sakini-rayon-rehberliyi-cevrilib-yasadigi-sehere-baxsa-pis-olmaz","status":"publish","type":"post","link":"https:\/\/www.meydan.tv\/az\/article\/goycay-sakini-rayon-rehberliyi-cevrilib-yasadigi-sehere-baxsa-pis-olmaz\/","title":{"rendered":"G\u00f6y\u00e7ay sakini: \u201cRayon r\u0259hb\u0259rliyi \u00e7evrilib ya\u015fad\u0131\u011f\u0131 \u015f\u0259h\u0259r\u0259 baxsa, pis olmaz\u201d"},"content":{"rendered":"\n<p><em>Rayon sakinl\u0259ri \u015f\u0259h\u0259rd\u0259 zibillikl\u0259rin t\u0259mizl\u0259nm\u0259m\u0259sind\u0259n naraz\u0131d\u0131lar<\/em><br><\/p>\n\n\n\n<p>Add\u0131mba\u015f\u0131 dolu zibil qablar\u0131, a\u011faclardan as\u0131lm\u0131\u015f tullant\u0131 torbalar\u0131, m\u0259h\u0259ll\u0259l\u0259raras\u0131 g\u00f6lm\u0259\u00e7\u0259l\u0259r, s\u00fcp\u00fcr\u00fcl\u00fcb, toplanmam\u0131\u015f qalaq-qalaq yarpaqlar bu \u015f\u0259h\u0259rin sakinl\u0259rini t\u0259ng\u0259 g\u0259tirib.<br><\/p>\n\n\n\n<p>S\u00f6hb\u0259t G\u00f6y\u00e7aydan gedir. Sakinl\u0259rin dem\u0259sin\u0259 g\u00f6r\u0259, problem he\u00e7 d\u0259 yaln\u0131z k\u0259nar m\u0259h\u0259ll\u0259l\u0259rd\u0259 deyil, el\u0259 m\u0259rk\u0259zi k\u00fc\u00e7\u0259l\u0259rin durumu da ox\u015fard\u0131r.<br><\/p>\n\n\n\n<p>\u015e\u0259h\u0259r sakini Adil Babayev bildirir ki, bu problem son vaxtlar sosial \u015f\u0259b\u0259k\u0259l\u0259rin m\u00f6vzusuna \u00e7evrilib, g\u00f6y\u00e7ayl\u0131lar\u0131n qruplar\u0131nda da m\u00fczakir\u0259 edilir:<br><\/p>\n\n\n\n<p>\u201c\u00d6z\u00fcm sosial \u015f\u0259b\u0259k\u0259 istifad\u0259\u00e7isi deyil\u0259m, u\u015faqlar g\u00f6st\u0259rir, h\u0259l\u0259 \u015f\u0259kill\u0259rd\u0259 yax\u015f\u0131 d\u00fc\u015f\u00fcb dey\u0259rdim. Zibill\u0259ri s\u00fcp\u00fcr\u00fcb toplay\u0131rlar, sonra da\u015f\u0131y\u0131b aparm\u0131rlar. K\u00fcl\u0259k \u0259s\u0259nd\u0259 h\u0259min zibil qalaqlar\u0131 da\u011f\u0131l\u0131r v\u0259 h\u0259y\u0259tl\u0259r\u0259, m\u0259h\u0259ll\u0259l\u0259r\u0259 yay\u0131l\u0131r. B\u0259zi yerl\u0259rd\u0259 is\u0259 h\u0259min topalar\u0131n \u00fcst\u00fcn\u0259 ya\u011f\u0131\u015f ya\u011f\u0131b, n\u0259 bilim bizim insanlar\u0131 bilirsiz, topa zibil g\u00f6r\u0259nd\u0259 h\u0259min \u0259razisini zibilxanaya \u00e7evirirl\u0259r. N\u0259tic\u0259d\u0259 o \u0259razid\u0259 b\u00f6y\u00fck t\u0259p\u0259, yaxud zibillik yaran\u0131r\u201d.<br>Sakinl\u0259rin aidiyyat\u0131 qurumlara \u015fikay\u0259t edib-etm\u0259diyin\u0259 g\u0259linc\u0259, Adil Babayev deyir ki, g\u00f6r\u00fcn\u0259n m\u0259s\u0259l\u0259 il\u0259 ba\u011fl\u0131 \u015fikay\u0259t m\u0259nas\u0131zd\u0131r:<br><\/p>\n\n\n\n<div class=\"wp-block-image\"><figure class=\"alignleft size-large is-resized\"><img decoding=\"async\" data-src=\"https:\/\/www.meydan.tv\/wp-content\/uploads\/257813818_615789112952045_1915441337864842375_n-1200x654.jpg\" alt=\"\" class=\"wp-image-227727 lazyload\" width=\"508\" height=\"277\" src=\"data:image\/svg+xml;base64,PHN2ZyB3aWR0aD0iMSIgaGVpZ2h0PSIxIiB4bWxucz0iaHR0cDovL3d3dy53My5vcmcvMjAwMC9zdmciPjwvc3ZnPg==\" style=\"--smush-placeholder-width: 508px; --smush-placeholder-aspect-ratio: 508\/277;\" \/><figcaption>G\u00f6y\u00e7ay rayonu, Foto: Yerli sakinl\u0259r t\u0259r\u0259find\u0259n \u00e7\u0259kilib<\/figcaption><\/figure><\/div>\n\n\n\n<p>\u201c\u0130cra ba\u015f\u00e7\u0131s\u0131 o yollardan ke\u00e7mir, g\u00f6rm\u00fcr? Yaxud ba\u015fqa v\u0259zif\u0259li m\u0259murlar bunun f\u0259rqind\u0259 deyill\u0259r? Bir ma\u015f\u0131n qum-\u00e7\u0131nq\u0131l g\u0259tirib m\u0259h\u0259ll\u0259l\u0259raras\u0131 yollara t\u00f6km\u00fcrl\u0259r. Ax\u0131rda problem d\u0259rinl\u0259\u015fir, yollar ke\u00e7ilm\u0259z v\u0259ziyy\u0259t\u0259 d\u00fc\u015f\u00fcr. O\u011flum bac\u0131mgilin m\u0259h\u0259ll\u0259sin\u0259 ma\u015f\u0131n s\u00fcrm\u00fcr. Deyir, ordan g\u0259l\u0259nd\u0259n sonra ma\u015f\u0131n\u0131 ustaya aparmal\u0131 olur. Bu g\u00fcnd\u0259dir G\u00f6y\u00e7ay\u0131n yollar\u0131\u201d.<br><\/p>\n\n\n\n<p>Sakinl\u0259r bildirirl\u0259r ki, h\u0259m yollar, h\u0259m d\u0259 zibill\u0259rin da\u015f\u0131nmamas\u0131, yaxud k\u00fc\u00e7\u0259l\u0259rin vaxt\u0131nda t\u0259mizl\u0259nm\u0259m\u0259si, bax\u0131ms\u0131zl\u0131q ham\u0131n\u0131 yorub. Art\u0131q buna bir \u0259ncam \u00e7\u0259kilm\u0259lidir.<br><\/p>\n\n\n\n<p>\u201cFacebook\u201ddak\u0131 G\u00f6y\u00e7ay s\u0259hif\u0259sind\u0259 d\u0259 tez-tez \u015f\u0259h\u0259rin k\u00fc\u00e7\u0259l\u0259rinin bax\u0131ms\u0131z olmas\u0131 v\u0259 zibill\u0259rin da\u015f\u0131nmamas\u0131 il\u0259 ba\u011fl\u0131 payla\u015f\u0131mlar edilir. Sakinl\u0259r bildirirl\u0259r ki, h\u0259tta \u015f\u0259h\u0259rin a\u011faclar\u0131n\u0131 buday\u0131rlar, o k\u0259silmi\u015f budaq par\u00e7alar\u0131 h\u0259ft\u0259l\u0259rl\u0259, b\u0259z\u0259n aylarla k\u00fc\u00e7\u0259nin ortas\u0131nda qal\u0131r:<br><\/p>\n\n\n\n<p>\u201cYa bunu etm\u0259yin, ya da edirsinizs\u0259, i\u015fi tamamlay\u0131n, yar\u0131m\u00e7\u0131q qoyub getm\u0259yin\u201d.<br><\/p>\n\n\n\n<p>\u0130stifad\u0259\u00e7il\u0259r deyirl\u0259r ki, n\u0259inki k\u0259nar m\u0259h\u0259ll\u0259l\u0259r, el\u0259 m\u0259rk\u0259zi Heyd\u0259r \u018fliyev prospekti, \u0130dar\u0259etm\u0259 v\u0259 Texnologiya kollecinin oldu\u011fu k\u00fc\u00e7\u0259l\u0259rd\u0259 d\u0259 m\u0259nz\u0259r\u0259 eynidir:<br><\/p>\n\n\n\n<div class=\"wp-block-image\"><figure class=\"alignright size-large is-resized\"><img decoding=\"async\" data-src=\"https:\/\/www.meydan.tv\/wp-content\/uploads\/257410675_615789179618705_6007913250667778867_n-1200x634.jpg\" alt=\"\" class=\"wp-image-227733 lazyload\" width=\"558\" height=\"294\" src=\"data:image\/svg+xml;base64,PHN2ZyB3aWR0aD0iMSIgaGVpZ2h0PSIxIiB4bWxucz0iaHR0cDovL3d3dy53My5vcmcvMjAwMC9zdmciPjwvc3ZnPg==\" style=\"--smush-placeholder-width: 558px; --smush-placeholder-aspect-ratio: 558\/294;\" \/><figcaption>G\u00f6y\u00e7ay rayonu, Foto: Yerli sakinl\u0259r t\u0259r\u0259find\u0259n \u00e7\u0259kilib<\/figcaption><\/figure><\/div>\n\n\n\n<p>\u201cRayonun Heyd\u0259r \u018fliyev prospektinin i\u015f\u0131qland\u0131r\u0131lmas\u0131 \u00fc\u00e7\u00fcn n\u0259z\u0259rd\u0259 tutulan m\u00fcasir elektrik dir\u0259kl\u0259ri zibil tullant\u0131s\u0131 kimi obyektl\u0259rin arxas\u0131na at\u0131l\u0131b. H\u0259m\u00e7inin, G\u00f6y\u00e7ay Sanitar-T\u0259mizlik \u0130dar\u0259si \u00fcmumiyy\u0259tl\u0259, buralarla he\u00e7 maraqlanm\u0131r. G\u00f6y\u00e7ay Rayon \u0130cra Hakimiyy\u0259tliyinin Arxitektura \u015f\u00f6b\u0259si is\u0259 bu ki\u00e7ik \u0259raziy\u0259 asfalt \u00f6rt\u00fcy\u00fc \u00e7\u0259kilm\u0259sini unudub. Halbuki h\u0259r il G\u00f6y\u00e7aya d\u00f6vl\u0259t b\u00fcdc\u0259sind\u0259n kifay\u0259t q\u0259d\u0259r v\u0259sait ayr\u0131l\u0131r. B\u0259s niy\u0259 \u015f\u0259h\u0259r bu g\u00fcnd\u0259dir, niy\u0259 bax\u0131lm\u0131r? Buna cavab tapan yoxdur\u201d, &#8211; istifad\u0259\u00e7il\u0259r bildirir.<br><\/p>\n\n\n\n<p>Adil Babayev d\u0259 bildirir ki, \u015f\u0259h\u0259rd\u0259 h\u0259m d\u0259 yeni zibil qutular\u0131na ehtiyac var. \u0130ndi olanlar\u0131n \u00e7oxu k\u00f6hn\u0259, paslanm\u0131\u015f qutulard\u0131r:<\/p>\n\n\n\n<p>\u201c\u00d6z\u00fc d\u0259 m\u0259h\u0259ll\u0259y\u0259 bir d\u0259n\u0259 yox, 3-4 \u0259d\u0259d qutu qoyulmal\u0131d\u0131r. O qoyulan bir zibil qutusu s\u0259h\u0259r saatlar\u0131nda dolur. Qalan\u0131n\u0131 k\u0259nar\u0131na qoyurlar. Dolub-da\u015f\u0131r, suyu ax\u0131r he\u00e7 vax\u0131nda g\u0259lib aparm\u0131rlar da. B\u0259zi m\u0259h\u0259ll\u0259l\u0259rd\u0259 heyvanlar h\u0259min topa zibill\u0259ri da\u011f\u0131d\u0131r, v\u0259ziyy\u0259t daha da ac\u0131nacaql\u0131 hal al\u0131r. Rayon r\u0259hb\u0259rliyi bir \u00fcz\u00fcn\u00fc \u00e7evirib ya\u015fad\u0131\u011f\u0131 \u015f\u0259h\u0259r\u0259 baxsa, pis olmaz\u201d.<br><\/p>\n\n\n\n<p>G\u00f6y\u00e7ay Rayon \u0130cra Hakimiyy\u0259tinin ictimaiyy\u0259tl\u0259 \u0259laq\u0259l\u0259r \u015f\u00f6b\u0259sinin m\u00fcdiri Nicat Musayev Meydan TV-y\u0259 bildirib ki, b\u0259li, \u015f\u0259h\u0259rin m\u00fc\u0259yy\u0259n hiss\u0259l\u0259rind\u0259 zibill\u0259rin y\u0131\u011f\u0131l\u0131b qalmas\u0131 il\u0259 ba\u011fl\u0131 m\u00fcraci\u0259tl\u0259r al\u0131blar. H\u0259tta sosial \u015f\u0259b\u0259k\u0259l\u0259rd\u0259ki payla\u015f\u0131mlardan da x\u0259b\u0259rl\u0259ri var:<br><\/p>\n\n\n\n<div class=\"wp-block-image\"><figure class=\"alignleft size-large is-resized\"><img decoding=\"async\" data-src=\"https:\/\/www.meydan.tv\/wp-content\/uploads\/257916117_615790566285233_2309216718925071639_n-1200x660.jpg\" alt=\"\" class=\"wp-image-227730 lazyload\" width=\"551\" height=\"303\" src=\"data:image\/svg+xml;base64,PHN2ZyB3aWR0aD0iMSIgaGVpZ2h0PSIxIiB4bWxucz0iaHR0cDovL3d3dy53My5vcmcvMjAwMC9zdmciPjwvc3ZnPg==\" style=\"--smush-placeholder-width: 551px; --smush-placeholder-aspect-ratio: 551\/303;\" \/><figcaption>G\u00f6y\u00e7ay rayonu, Foto: Yerli sakinl\u0259r t\u0259r\u0259find\u0259n \u00e7\u0259kilib<\/figcaption><\/figure><\/div>\n\n\n\n<p>\u201cH\u0259min \u0259razil\u0259ri d\u0259 t\u0259bii \u0259trafda ya\u015fayan sakinl\u0259r o hala salm\u0131\u015fd\u0131lar. \u0130ki g\u00fcn \u00f6nc\u0259 \u015f\u0259h\u0259rd\u0259ki topa zibill\u0259r da\u015f\u0131n\u0131b. X\u00fcsus\u0259n d\u0259 m\u0259rk\u0259zi k\u00fc\u00e7\u0259l\u0259rd\u0259, Heyd\u0259r \u018fliyev prospekti, \u0130dar\u0259etm\u0259 v\u0259 Texnologiya Kolleci \u0259traf\u0131 \u015f\u0259h\u0259rd\u0259 apar\u0131lan abadl\u0131q v\u0259 quruculuq i\u015fl\u0259ri \u00e7\u0259r\u00e7iv\u0259sind\u0259 t\u0259mizl\u0259nib\u201d.<br><\/p>\n\n\n\n<p>\u015e\u0259h\u0259rd\u0259ki zibil qutular\u0131n\u0131n k\u00f6hn\u0259ldiyin\u0259 v\u0259 b\u0259zi yerl\u0259rd\u0259 olmamas\u0131na g\u0259linc\u0259, Nicat Musayev deyib ki, bunlar Nazirl\u0259r Kabineti t\u0259r\u0259find\u0259n t\u0259min edilir v\u0259 art\u0131q \u015f\u0259h\u0259rin m\u0259rk\u0259zi k\u00fc\u00e7\u0259l\u0259rinin yeni zibil qutular\u0131 il\u0259 t\u0259min olunmas\u0131 \u00fc\u00e7\u00fcn m\u00fcraci\u0259t edilib:<br><\/p>\n\n\n\n<p>\u201c\u00dcmid edirik ki, tezlikl\u0259 bu m\u0259s\u0259l\u0259 d\u0259 h\u0259llini tapar\u201d.<\/p>\n","protected":false},"excerpt":{"rendered":"<p>Rayon sakinl\u0259ri \u015f\u0259h\u0259rd\u0259 zibillikl\u0259rin t\u0259mizl\u0259nm\u0259m\u0259sind\u0259n naraz\u0131d\u0131lar Add\u0131mba\u015f\u0131 dolu zibil qablar\u0131, &#8230; <\/p>\n<p class=\"read-more-container\"><a title=\"G\u00f6y\u00e7ay sakini: \u201cRayon r\u0259hb\u0259rliyi \u00e7evrilib ya\u015fad\u0131\u011f\u0131 \u015f\u0259h\u0259r\u0259 baxsa, pis olmaz\u201d\" class=\"read-more button\" href=\"https:\/\/www.meydan.tv\/az\/article\/goycay-sakini-rayon-rehberliyi-cevrilib-yasadigi-sehere-baxsa-pis-olmaz\/#more-227739\" aria-label=\"Read more about G\u00f6y\u00e7ay sakini: \u201cRayon r\u0259hb\u0259rliyi \u00e7evrilib ya\u015fad\u0131\u011f\u0131 \u015f\u0259h\u0259r\u0259 baxsa, pis olmaz\u201d\">Davam\u0131<\/a><\/p>\n","protected":false},"author":8,"featured_media":227736,"comment_status":"closed","ping_status":"closed","sticky":false,"template":"","format":"standard","meta":{"_acf_changed":false,"_sitemap_exclude":false,"_sitemap_priority":"","_sitemap_frequency":"","footnotes":""},"categories":[60,79,56],"tags":[],"class_list":["post-227739","post","type-post","status-publish","format-standard","has-post-thumbnail","hentry","category-bolge","category-featured","category-xeberler","infinite-scroll-item","generate-columns","tablet-grid-50","mobile-grid-100","grid-parent","grid-33","no-featured-image-padding"],"acf":[],"yoast_head":"<!-- This site is optimized with the Yoast SEO plugin v27.5 - https:\/\/yoast.com\/product\/yoast-seo-wordpress\/ -->\n<title>G\u00f6y\u00e7ay sakini: \u201cRayon r\u0259hb\u0259rliyi \u00e7evrilib ya\u015fad\u0131\u011f\u0131 \u015f\u0259h\u0259r\u0259 baxsa, pis olmaz\u201d - MEYDAN.TV<\/title>\n<meta name=\"robots\" content=\"index, follow, max-snippet:-1, max-image-preview:large, max-video-preview:-1\" \/>\n<link rel=\"canonical\" href=\"https:\/\/www.meydan.tv\/az\/article\/goycay-sakini-rayon-rehberliyi-cevrilib-yasadigi-sehere-baxsa-pis-olmaz\/\" \/>\n<meta property=\"og:locale\" content=\"az_AZ\" \/>\n<meta property=\"og:type\" content=\"article\" \/>\n<meta property=\"og:title\" content=\"G\u00f6y\u00e7ay sakini: \u201cRayon r\u0259hb\u0259rliyi \u00e7evrilib ya\u015fad\u0131\u011f\u0131 \u015f\u0259h\u0259r\u0259 baxsa, pis olmaz\u201d - MEYDAN.TV\" \/>\n<meta property=\"og:description\" content=\"Rayon sakinl\u0259ri \u015f\u0259h\u0259rd\u0259 zibillikl\u0259rin t\u0259mizl\u0259nm\u0259m\u0259sind\u0259n naraz\u0131d\u0131lar Add\u0131mba\u015f\u0131 dolu zibil qablar\u0131, ... Davam\u0131\" \/>\n<meta property=\"og:url\" content=\"https:\/\/www.meydan.tv\/az\/article\/goycay-sakini-rayon-rehberliyi-cevrilib-yasadigi-sehere-baxsa-pis-olmaz\/\" \/>\n<meta property=\"og:site_name\" content=\"MEYDAN.TV\" \/>\n<meta property=\"article:published_time\" content=\"2021-11-29T09:37:33+00:00\" \/>\n<meta property=\"article:modified_time\" content=\"2021-11-29T11:04:55+00:00\" \/>\n<meta property=\"og:image\" content=\"https:\/\/www.meydan.tv\/wp-content\/uploads\/257511846_615790956285194_6524658632041366138_n.jpg\" \/>\n\t<meta property=\"og:image:width\" content=\"1251\" \/>\n\t<meta property=\"og:image:height\" content=\"760\" \/>\n\t<meta property=\"og:image:type\" content=\"image\/jpeg\" \/>\n<meta name=\"author\" content=\"elli\" \/>\n<meta name=\"twitter:card\" content=\"summary_large_image\" \/>\n<meta name=\"twitter:creator\" content=\"@elli\" \/>\n<script type=\"application\/ld+json\" class=\"yoast-schema-graph\">{\"@context\":\"https:\\\/\\\/schema.org\",\"@graph\":[{\"@type\":\"Article\",\"@id\":\"https:\\\/\\\/www.meydan.tv\\\/az\\\/article\\\/goycay-sakini-rayon-rehberliyi-cevrilib-yasadigi-sehere-baxsa-pis-olmaz\\\/#article\",\"isPartOf\":{\"@id\":\"https:\\\/\\\/www.meydan.tv\\\/az\\\/article\\\/goycay-sakini-rayon-rehberliyi-cevrilib-yasadigi-sehere-baxsa-pis-olmaz\\\/\"},\"author\":{\"name\":\"elli\",\"@id\":\"https:\\\/\\\/www.meydan.tv\\\/az\\\/#\\\/schema\\\/person\\\/9cdbecf90d17180ce1dfbd95b08dcf47\"},\"headline\":\"G\u00f6y\u00e7ay sakini: \u201cRayon r\u0259hb\u0259rliyi \u00e7evrilib ya\u015fad\u0131\u011f\u0131 \u015f\u0259h\u0259r\u0259 baxsa, pis olmaz\u201d\",\"datePublished\":\"2021-11-29T09:37:33+00:00\",\"dateModified\":\"2021-11-29T11:04:55+00:00\",\"mainEntityOfPage\":{\"@id\":\"https:\\\/\\\/www.meydan.tv\\\/az\\\/article\\\/goycay-sakini-rayon-rehberliyi-cevrilib-yasadigi-sehere-baxsa-pis-olmaz\\\/\"},\"wordCount\":987,\"publisher\":{\"@id\":\"https:\\\/\\\/www.meydan.tv\\\/az\\\/#organization\"},\"image\":{\"@id\":\"https:\\\/\\\/www.meydan.tv\\\/az\\\/article\\\/goycay-sakini-rayon-rehberliyi-cevrilib-yasadigi-sehere-baxsa-pis-olmaz\\\/#primaryimage\"},\"thumbnailUrl\":\"https:\\\/\\\/www.meydan.tv\\\/wp-content\\\/uploads\\\/257511846_615790956285194_6524658632041366138_n.jpg\",\"articleSection\":[\"B\u00f6lg\u0259\",\"T\u00f6vsiy\u0259\",\"X\u0259b\u0259rl\u0259r\"],\"inLanguage\":\"az\"},{\"@type\":\"WebPage\",\"@id\":\"https:\\\/\\\/www.meydan.tv\\\/az\\\/article\\\/goycay-sakini-rayon-rehberliyi-cevrilib-yasadigi-sehere-baxsa-pis-olmaz\\\/\",\"url\":\"https:\\\/\\\/www.meydan.tv\\\/az\\\/article\\\/goycay-sakini-rayon-rehberliyi-cevrilib-yasadigi-sehere-baxsa-pis-olmaz\\\/\",\"name\":\"G\u00f6y\u00e7ay sakini: \u201cRayon r\u0259hb\u0259rliyi \u00e7evrilib ya\u015fad\u0131\u011f\u0131 \u015f\u0259h\u0259r\u0259 baxsa, pis olmaz\u201d - MEYDAN.TV\",\"isPartOf\":{\"@id\":\"https:\\\/\\\/www.meydan.tv\\\/az\\\/#website\"},\"primaryImageOfPage\":{\"@id\":\"https:\\\/\\\/www.meydan.tv\\\/az\\\/article\\\/goycay-sakini-rayon-rehberliyi-cevrilib-yasadigi-sehere-baxsa-pis-olmaz\\\/#primaryimage\"},\"image\":{\"@id\":\"https:\\\/\\\/www.meydan.tv\\\/az\\\/article\\\/goycay-sakini-rayon-rehberliyi-cevrilib-yasadigi-sehere-baxsa-pis-olmaz\\\/#primaryimage\"},\"thumbnailUrl\":\"https:\\\/\\\/www.meydan.tv\\\/wp-content\\\/uploads\\\/257511846_615790956285194_6524658632041366138_n.jpg\",\"datePublished\":\"2021-11-29T09:37:33+00:00\",\"dateModified\":\"2021-11-29T11:04:55+00:00\",\"breadcrumb\":{\"@id\":\"https:\\\/\\\/www.meydan.tv\\\/az\\\/article\\\/goycay-sakini-rayon-rehberliyi-cevrilib-yasadigi-sehere-baxsa-pis-olmaz\\\/#breadcrumb\"},\"inLanguage\":\"az\",\"potentialAction\":[{\"@type\":\"ReadAction\",\"target\":[\"https:\\\/\\\/www.meydan.tv\\\/az\\\/article\\\/goycay-sakini-rayon-rehberliyi-cevrilib-yasadigi-sehere-baxsa-pis-olmaz\\\/\"]}]},{\"@type\":\"ImageObject\",\"inLanguage\":\"az\",\"@id\":\"https:\\\/\\\/www.meydan.tv\\\/az\\\/article\\\/goycay-sakini-rayon-rehberliyi-cevrilib-yasadigi-sehere-baxsa-pis-olmaz\\\/#primaryimage\",\"url\":\"https:\\\/\\\/www.meydan.tv\\\/wp-content\\\/uploads\\\/257511846_615790956285194_6524658632041366138_n.jpg\",\"contentUrl\":\"https:\\\/\\\/www.meydan.tv\\\/wp-content\\\/uploads\\\/257511846_615790956285194_6524658632041366138_n.jpg\",\"width\":1251,\"height\":760,\"caption\":\"G\u00f6y\u00e7ay rayonu, Foto: Yerli sakinl\u0259r t\u0259r\u0259find\u0259n \u00e7\u0259kilib\"},{\"@type\":\"BreadcrumbList\",\"@id\":\"https:\\\/\\\/www.meydan.tv\\\/az\\\/article\\\/goycay-sakini-rayon-rehberliyi-cevrilib-yasadigi-sehere-baxsa-pis-olmaz\\\/#breadcrumb\",\"itemListElement\":[{\"@type\":\"ListItem\",\"position\":1,\"name\":\"Ana s\u0259hif\u0259\",\"item\":\"https:\\\/\\\/www.meydan.tv\\\/az\\\/\"},{\"@type\":\"ListItem\",\"position\":2,\"name\":\"B\u00f6lg\u0259\",\"item\":\"https:\\\/\\\/www.meydan.tv\\\/az\\\/section\\\/bolge\\\/\"},{\"@type\":\"ListItem\",\"position\":3,\"name\":\"G\u00f6y\u00e7ay sakini: \u201cRayon r\u0259hb\u0259rliyi \u00e7evrilib ya\u015fad\u0131\u011f\u0131 \u015f\u0259h\u0259r\u0259 baxsa, pis olmaz\u201d\"}]},{\"@type\":\"WebSite\",\"@id\":\"https:\\\/\\\/www.meydan.tv\\\/az\\\/#website\",\"url\":\"https:\\\/\\\/www.meydan.tv\\\/az\\\/\",\"name\":\"MEYDAN.TV\",\"description\":\"Meydan TV Az\u0259rbaycan\u0131n media m\u0259kan\u0131ndak\u0131 alternativ s\u0259sidir\",\"publisher\":{\"@id\":\"https:\\\/\\\/www.meydan.tv\\\/az\\\/#organization\"},\"potentialAction\":[{\"@type\":\"SearchAction\",\"target\":{\"@type\":\"EntryPoint\",\"urlTemplate\":\"https:\\\/\\\/www.meydan.tv\\\/az\\\/?s={search_term_string}\"},\"query-input\":{\"@type\":\"PropertyValueSpecification\",\"valueRequired\":true,\"valueName\":\"search_term_string\"}}],\"inLanguage\":\"az\"},{\"@type\":\"Organization\",\"@id\":\"https:\\\/\\\/www.meydan.tv\\\/az\\\/#organization\",\"name\":\"Meydan TV\",\"url\":\"https:\\\/\\\/www.meydan.tv\\\/az\\\/\",\"logo\":{\"@type\":\"ImageObject\",\"inLanguage\":\"az\",\"@id\":\"https:\\\/\\\/www.meydan.tv\\\/az\\\/#\\\/schema\\\/logo\\\/image\\\/\",\"url\":\"https:\\\/\\\/www.meydan.tv\\\/wp-content\\\/uploads\\\/2021\\\/07\\\/meydan-logo.svg\",\"contentUrl\":\"https:\\\/\\\/www.meydan.tv\\\/wp-content\\\/uploads\\\/2021\\\/07\\\/meydan-logo.svg\",\"width\":195,\"height\":46,\"caption\":\"Meydan TV\"},\"image\":{\"@id\":\"https:\\\/\\\/www.meydan.tv\\\/az\\\/#\\\/schema\\\/logo\\\/image\\\/\"}},{\"@type\":\"Person\",\"@id\":\"https:\\\/\\\/www.meydan.tv\\\/az\\\/#\\\/schema\\\/person\\\/9cdbecf90d17180ce1dfbd95b08dcf47\",\"name\":\"elli\",\"sameAs\":[\"https:\\\/\\\/x.com\\\/elli\"]}]}<\/script>\n<!-- \/ Yoast SEO plugin. -->","yoast_head_json":{"title":"G\u00f6y\u00e7ay sakini: \u201cRayon r\u0259hb\u0259rliyi \u00e7evrilib ya\u015fad\u0131\u011f\u0131 \u015f\u0259h\u0259r\u0259 baxsa, pis olmaz\u201d - MEYDAN.TV","robots":{"index":"index","follow":"follow","max-snippet":"max-snippet:-1","max-image-preview":"max-image-preview:large","max-video-preview":"max-video-preview:-1"},"canonical":"https:\/\/www.meydan.tv\/az\/article\/goycay-sakini-rayon-rehberliyi-cevrilib-yasadigi-sehere-baxsa-pis-olmaz\/","og_locale":"az_AZ","og_type":"article","og_title":"G\u00f6y\u00e7ay sakini: \u201cRayon r\u0259hb\u0259rliyi \u00e7evrilib ya\u015fad\u0131\u011f\u0131 \u015f\u0259h\u0259r\u0259 baxsa, pis olmaz\u201d - MEYDAN.TV","og_description":"Rayon sakinl\u0259ri \u015f\u0259h\u0259rd\u0259 zibillikl\u0259rin t\u0259mizl\u0259nm\u0259m\u0259sind\u0259n naraz\u0131d\u0131lar Add\u0131mba\u015f\u0131 dolu zibil qablar\u0131, ... Davam\u0131","og_url":"https:\/\/www.meydan.tv\/az\/article\/goycay-sakini-rayon-rehberliyi-cevrilib-yasadigi-sehere-baxsa-pis-olmaz\/","og_site_name":"MEYDAN.TV","article_published_time":"2021-11-29T09:37:33+00:00","article_modified_time":"2021-11-29T11:04:55+00:00","og_image":[{"width":1251,"height":760,"url":"https:\/\/www.meydan.tv\/wp-content\/uploads\/257511846_615790956285194_6524658632041366138_n.jpg","type":"image\/jpeg"}],"author":"elli","twitter_card":"summary_large_image","twitter_creator":"@elli","schema":{"@context":"https:\/\/schema.org","@graph":[{"@type":"Article","@id":"https:\/\/www.meydan.tv\/az\/article\/goycay-sakini-rayon-rehberliyi-cevrilib-yasadigi-sehere-baxsa-pis-olmaz\/#article","isPartOf":{"@id":"https:\/\/www.meydan.tv\/az\/article\/goycay-sakini-rayon-rehberliyi-cevrilib-yasadigi-sehere-baxsa-pis-olmaz\/"},"author":{"name":"elli","@id":"https:\/\/www.meydan.tv\/az\/#\/schema\/person\/9cdbecf90d17180ce1dfbd95b08dcf47"},"headline":"G\u00f6y\u00e7ay sakini: \u201cRayon r\u0259hb\u0259rliyi \u00e7evrilib ya\u015fad\u0131\u011f\u0131 \u015f\u0259h\u0259r\u0259 baxsa, pis olmaz\u201d","datePublished":"2021-11-29T09:37:33+00:00","dateModified":"2021-11-29T11:04:55+00:00","mainEntityOfPage":{"@id":"https:\/\/www.meydan.tv\/az\/article\/goycay-sakini-rayon-rehberliyi-cevrilib-yasadigi-sehere-baxsa-pis-olmaz\/"},"wordCount":987,"publisher":{"@id":"https:\/\/www.meydan.tv\/az\/#organization"},"image":{"@id":"https:\/\/www.meydan.tv\/az\/article\/goycay-sakini-rayon-rehberliyi-cevrilib-yasadigi-sehere-baxsa-pis-olmaz\/#primaryimage"},"thumbnailUrl":"https:\/\/www.meydan.tv\/wp-content\/uploads\/257511846_615790956285194_6524658632041366138_n.jpg","articleSection":["B\u00f6lg\u0259","T\u00f6vsiy\u0259","X\u0259b\u0259rl\u0259r"],"inLanguage":"az"},{"@type":"WebPage","@id":"https:\/\/www.meydan.tv\/az\/article\/goycay-sakini-rayon-rehberliyi-cevrilib-yasadigi-sehere-baxsa-pis-olmaz\/","url":"https:\/\/www.meydan.tv\/az\/article\/goycay-sakini-rayon-rehberliyi-cevrilib-yasadigi-sehere-baxsa-pis-olmaz\/","name":"G\u00f6y\u00e7ay sakini: \u201cRayon r\u0259hb\u0259rliyi \u00e7evrilib ya\u015fad\u0131\u011f\u0131 \u015f\u0259h\u0259r\u0259 baxsa, pis olmaz\u201d - MEYDAN.TV","isPartOf":{"@id":"https:\/\/www.meydan.tv\/az\/#website"},"primaryImageOfPage":{"@id":"https:\/\/www.meydan.tv\/az\/article\/goycay-sakini-rayon-rehberliyi-cevrilib-yasadigi-sehere-baxsa-pis-olmaz\/#primaryimage"},"image":{"@id":"https:\/\/www.meydan.tv\/az\/article\/goycay-sakini-rayon-rehberliyi-cevrilib-yasadigi-sehere-baxsa-pis-olmaz\/#primaryimage"},"thumbnailUrl":"https:\/\/www.meydan.tv\/wp-content\/uploads\/257511846_615790956285194_6524658632041366138_n.jpg","datePublished":"2021-11-29T09:37:33+00:00","dateModified":"2021-11-29T11:04:55+00:00","breadcrumb":{"@id":"https:\/\/www.meydan.tv\/az\/article\/goycay-sakini-rayon-rehberliyi-cevrilib-yasadigi-sehere-baxsa-pis-olmaz\/#breadcrumb"},"inLanguage":"az","potentialAction":[{"@type":"ReadAction","target":["https:\/\/www.meydan.tv\/az\/article\/goycay-sakini-rayon-rehberliyi-cevrilib-yasadigi-sehere-baxsa-pis-olmaz\/"]}]},{"@type":"ImageObject","inLanguage":"az","@id":"https:\/\/www.meydan.tv\/az\/article\/goycay-sakini-rayon-rehberliyi-cevrilib-yasadigi-sehere-baxsa-pis-olmaz\/#primaryimage","url":"https:\/\/www.meydan.tv\/wp-content\/uploads\/257511846_615790956285194_6524658632041366138_n.jpg","contentUrl":"https:\/\/www.meydan.tv\/wp-content\/uploads\/257511846_615790956285194_6524658632041366138_n.jpg","width":1251,"height":760,"caption":"G\u00f6y\u00e7ay rayonu, Foto: Yerli sakinl\u0259r t\u0259r\u0259find\u0259n \u00e7\u0259kilib"},{"@type":"BreadcrumbList","@id":"https:\/\/www.meydan.tv\/az\/article\/goycay-sakini-rayon-rehberliyi-cevrilib-yasadigi-sehere-baxsa-pis-olmaz\/#breadcrumb","itemListElement":[{"@type":"ListItem","position":1,"name":"Ana s\u0259hif\u0259","item":"https:\/\/www.meydan.tv\/az\/"},{"@type":"ListItem","position":2,"name":"B\u00f6lg\u0259","item":"https:\/\/www.meydan.tv\/az\/section\/bolge\/"},{"@type":"ListItem","position":3,"name":"G\u00f6y\u00e7ay sakini: \u201cRayon r\u0259hb\u0259rliyi \u00e7evrilib ya\u015fad\u0131\u011f\u0131 \u015f\u0259h\u0259r\u0259 baxsa, pis olmaz\u201d"}]},{"@type":"WebSite","@id":"https:\/\/www.meydan.tv\/az\/#website","url":"https:\/\/www.meydan.tv\/az\/","name":"MEYDAN.TV","description":"Meydan TV Az\u0259rbaycan\u0131n media m\u0259kan\u0131ndak\u0131 alternativ s\u0259sidir","publisher":{"@id":"https:\/\/www.meydan.tv\/az\/#organization"},"potentialAction":[{"@type":"SearchAction","target":{"@type":"EntryPoint","urlTemplate":"https:\/\/www.meydan.tv\/az\/?s={search_term_string}"},"query-input":{"@type":"PropertyValueSpecification","valueRequired":true,"valueName":"search_term_string"}}],"inLanguage":"az"},{"@type":"Organization","@id":"https:\/\/www.meydan.tv\/az\/#organization","name":"Meydan TV","url":"https:\/\/www.meydan.tv\/az\/","logo":{"@type":"ImageObject","inLanguage":"az","@id":"https:\/\/www.meydan.tv\/az\/#\/schema\/logo\/image\/","url":"https:\/\/www.meydan.tv\/wp-content\/uploads\/2021\/07\/meydan-logo.svg","contentUrl":"https:\/\/www.meydan.tv\/wp-content\/uploads\/2021\/07\/meydan-logo.svg","width":195,"height":46,"caption":"Meydan TV"},"image":{"@id":"https:\/\/www.meydan.tv\/az\/#\/schema\/logo\/image\/"}},{"@type":"Person","@id":"https:\/\/www.meydan.tv\/az\/#\/schema\/person\/9cdbecf90d17180ce1dfbd95b08dcf47","name":"elli","sameAs":["https:\/\/x.com\/elli"]}]}},"_links":{"self":[{"href":"https:\/\/www.meydan.tv\/az\/wp-json\/wp\/v2\/posts\/227739","targetHints":{"allow":["GET"]}}],"collection":[{"href":"https:\/\/www.meydan.tv\/az\/wp-json\/wp\/v2\/posts"}],"about":[{"href":"https:\/\/www.meydan.tv\/az\/wp-json\/wp\/v2\/types\/post"}],"author":[{"embeddable":true,"href":"https:\/\/www.meydan.tv\/az\/wp-json\/wp\/v2\/users\/8"}],"replies":[{"embeddable":true,"href":"https:\/\/www.meydan.tv\/az\/wp-json\/wp\/v2\/comments?post=227739"}],"version-history":[{"count":4,"href":"https:\/\/www.meydan.tv\/az\/wp-json\/wp\/v2\/posts\/227739\/revisions"}],"predecessor-version":[{"id":227763,"href":"https:\/\/www.meydan.tv\/az\/wp-json\/wp\/v2\/posts\/227739\/revisions\/227763"}],"wp:featuredmedia":[{"embeddable":true,"href":"https:\/\/www.meydan.tv\/az\/wp-json\/wp\/v2\/media\/227736"}],"wp:attachment":[{"href":"https:\/\/www.meydan.tv\/az\/wp-json\/wp\/v2\/media?parent=227739"}],"wp:term":[{"taxonomy":"category","embeddable":true,"href":"https:\/\/www.meydan.tv\/az\/wp-json\/wp\/v2\/categories?post=227739"},{"taxonomy":"post_tag","embeddable":true,"href":"https:\/\/www.meydan.tv\/az\/wp-json\/wp\/v2\/tags?post=227739"}],"curies":[{"name":"wp","href":"https:\/\/api.w.org\/{rel}","templated":true}]}}