{"id":227722,"date":"2021-11-29T13:03:55","date_gmt":"2021-11-29T09:03:55","guid":{"rendered":"https:\/\/www.meydan.tv\/?p=227722"},"modified":"2021-11-29T13:03:57","modified_gmt":"2021-11-29T09:03:57","slug":"ikinci-qrup-elil-icra-bascisi-dedi-eger-torpagi-bosaltmasam-ekin-sahem-mehv-edilecek","status":"publish","type":"post","link":"https:\/\/www.meydan.tv\/az\/article\/ikinci-qrup-elil-icra-bascisi-dedi-eger-torpagi-bosaltmasam-ekin-sahem-mehv-edilecek\/","title":{"rendered":"\u0130kinci qrup \u0259lil: \u201c\u0130cra ba\u015f\u00e7\u0131s\u0131 dedi, \u0259g\u0259r torpa\u011f\u0131 bo\u015faltmasam, \u0259kin sah\u0259m m\u0259hv edil\u0259c\u0259k\u201d"},"content":{"rendered":"\n<p><em>Neft\u00e7ala sakini icar\u0259y\u0259 g\u00f6t\u00fcrd\u00fcy\u00fc torpa\u011f\u0131n \u0259lind\u0259n almaq ist\u0259dikl\u0259rini deyir<br><\/em><\/p>\n\n\n\n<p>\u201c\u018fvv\u0259l torpa\u011f\u0131n bir hiss\u0259sini \u0259limd\u0259n al\u0131b satd\u0131lar. Qalan hiss\u0259ni d\u0259 \u0259limd\u0259n almaq \u00fc\u00e7\u00fcn guya torpa\u011f\u0131 \u015f\u0259hid ail\u0259sin\u0259 veribl\u0259r deyib, \u00fcz\u0259rim\u0259 bir \u015f\u0259hidin balas\u0131n\u0131 g\u00f6nd\u0259rdil\u0259r. U\u015fa\u011f\u0131 m\u0259cbur edirdil\u0259r ki, x\u0259st\u0259xanada yats\u0131n, \u00fcz\u00fcm\u0259 dayans\u0131n ki, guya m\u0259n ona x\u0259sar\u0259t yetirmi\u015f\u0259m. \u00c7ox \u015f\u00fck\u00fcr ki, ail\u0259 b\u0259l\u0259diyy\u0259 s\u0259drinin bu \u00e7irkin, iyr\u0259nc oyununa getm\u0259di\u201d.<br><\/p>\n\n\n\n<p>Neftcala rayonunun Xolqarabucaq k\u0259nd sakini Ceyhun N\u0259f\u0259sov bel\u0259 deyir. Onun s\u00f6zl\u0259rin\u0259 g\u00f6r\u0259, h\u0259r \u015fey polis t\u0259r\u0259find\u0259n ara\u015fd\u0131r\u0131l\u0131b, m\u0259lum olub ki, b\u0259l\u0259diyy\u0259 s\u0259dri v\u0259t\u0259nda\u015f\u0131 bu yolla \u015fantaj etm\u0259k ist\u0259yir:<br><\/p>\n\n\n\n<p>\u201c\u015e\u0259hid ail\u0259sini d\u0259 bu oyuna al\u0259t etm\u0259k ist\u0259yir.\u00a0\u0130ndi d\u0259 m\u0259cbur edirl\u0259r ki, m\u0259hsulu g\u00f6t\u00fcr\u0259n kimi qalan torpaqdan da \u00e7\u0131x\u0131m\u201d.<br><\/p>\n\n\n\n<p>Ceyhun N\u0259f\u0259sov birinci qrup g\u00f6zd\u0259n \u0259lildir. 2016-c\u0131 ild\u0259 Xolqarabucaq b\u0259l\u0259diyy\u0259si \u0259kin i\u015fl\u0259ri aparmaq \u00fc\u00e7\u00fcn icar\u0259 m\u00fcqavil\u0259siyl\u0259 ona 8 hektar torpaq sah\u0259si ay\u0131r\u0131b. \u0130car\u0259 m\u00fcqavil\u0259si h\u0259r il t\u0259z\u0259l\u0259nib. Ceyhun N\u0259f\u0259sov 2019-cu il\u0259d\u0259k sah\u0259d\u0259 pamb\u0131q \u0259kib. Dem\u0259sin\u0259 g\u00f6r\u0259, 2019-cu ild\u0259n k\u0259nd b\u0259l\u0259diyy\u0259si \u0259kin i\u015fl\u0259ri aparmas\u0131na \u0259ng\u0259ll\u0259r yaratma\u011fa ba\u015flay\u0131b &#8211; \u0259vv\u0259lc\u0259 sah\u0259nin 2 hektar 40 sotunu \u0259lind\u0259n al\u0131b. \u018flil \u00f6lk\u0259 ba\u015f\u00e7\u0131s\u0131na yaz\u0131b ki, yaratd\u0131\u011f\u0131 pamb\u0131q\u00e7\u0131l\u0131q t\u0259s\u0259rr\u00fcfat\u0131nda az\u0131 50-60 n\u0259f\u0259r \u00e7al\u0131\u015f\u0131araq ail\u0259sin\u0259 qazanc apar\u0131r. Bundan sonra b\u0259l\u0259diyy\u0259 s\u0259dri ona torpa\u011f\u0131n qalan 5,60 hektar\u0131n\u0131 \u00f6z\u0259ll\u0259\u015fdirm\u0259k \u00fc\u00e7\u00fcn ilkin s\u0259n\u0259dl\u0259r verib:<br><\/p>\n\n\n\n<p>\u201c\u018flimd\u0259 5.60 hektara g\u00f6r\u0259 b\u0259l\u0259diyy\u0259nin iclas protokolu, torpa\u011f\u0131n sxemi, kadastr s\u0259n\u0259di ola-ola \u0259kin-bi\u00e7in\u0259 \u0259ng\u0259ll\u0259r yaratmaqda davam etdi. H\u0259min il 2 hektarda arpa \u0259kdim, 2020-ci ilin may\u0131nda arpan\u0131 bi\u00e7dim? g\u00f6t\u00fcrd\u00fcm. 3,6 hektarda yonca \u0259kdim. H\u0259min ilin oktyabr\u0131nda yoncan\u0131 da bi\u00e7dim. Bu yay arpa yerini n\u00f6vb\u0259ti d\u0259f\u0259 \u015fumlayanda b\u0259l\u0259diyy\u0259 s\u0259dri g\u0259lib t\u0259l\u0259b etdi ki, i\u015fl\u0259ri dayand\u0131r\u0131m. B\u0259l\u0259diyy\u0259 s\u0259drinin h\u0259r\u0259k\u0259tl\u0259rind\u0259n h\u00fcquq-m\u00fchafiz\u0259 orqanlar\u0131na \u015fikay\u0259t yazd\u0131m. Daxili \u0130\u015fl\u0259r Nazirliyind\u0259n cavab g\u0259ldi ki, f\u0259aliyy\u0259timd\u0259 he\u00e7 bir qanunsuzluq, torpaq z\u0259bti yoxdur. B\u0259l\u0259diyy\u0259 s\u0259dri yen\u0259 \u0259l \u00e7\u0259km\u0259di\u201d.<\/p>\n\n\n\n<p>Ceyhun N\u0259f\u0259sovun s\u00f6zl\u0259rin\u0259 g\u00f6r\u0259, 1 ay \u0259vv\u0259l gec\u0259 saatlar\u0131nda h\u0259mk\u0259ndlil\u0259ri ona x\u0259b\u0259r veribl\u0259r ki, sah\u0259d\u0259y\u0259 traktorlar sal\u0131n\u0131b:<br><\/p>\n\n\n\n<p>\u201cQohumlar\u0131m\u0131n k\u00f6m\u0259kliyi il\u0259 sah\u0259y\u0259 getdim. \u0130nsafs\u0131zlar y\u0131\u011f\u0131lmam\u0131\u015f 1 hektar yoncan\u0131 traktorun qaba\u011f\u0131na verib q\u0131rm\u0131\u015fd\u0131lar. M\u0259n \u00f6z\u00fcm\u00fc traktorlar\u0131n qar\u015f\u0131s\u0131na atd\u0131m, i\u015fi dayand\u0131rd\u0131m. B\u0259l\u0259diyy\u0259 s\u0259drin\u0259 z\u0259ng vurdum, dedi ki, sah\u0259 \u015f\u0259hid ail\u0259sin\u0259 verilib. Bir \u015f\u0259hid balas\u0131n\u0131 \u00fcst\u00fcm\u0259 g\u00f6nd\u0259rdi ki, guya torpa\u011f\u0131 onlara verib. Bu oyunu da ke\u00e7m\u0259di. \u015e\u0259hid ail\u0259si bil\u0259nd\u0259 ki, bu yer 1-ci qrup g\u00f6zd\u0259n \u0259lilindir v\u0259 bu yerd\u0259n ne\u00e7\u0259-ne\u00e7\u0259 ail\u0259 \u00e7\u00f6r\u0259k yeyir, m\u0259nd\u0259n \u00fczrxahl\u0131q etdi. \u00c7\u00fcnki h\u0259min ail\u0259nin istifad\u0259sind\u0259 10 hektar sah\u0259 var idi, \u00fcst\u0259lik, bu s\u00f6z-s\u00f6hb\u0259tl\u0259rd\u0259n sonra onlara ba\u015fqa yerd\u0259n yen\u0259 \u0259lav\u0259 yer verilib. B\u0259l\u0259diyy\u0259 s\u0259dri \u015f\u0259hidin \u00f6vlad\u0131n\u0131 m\u0259n\u0259 qar\u015f\u0131 qoymaq ist\u0259s\u0259 d\u0259, al\u0131nmad\u0131\u201d.<br><\/p>\n\n\n\n<p>Bu minvalla Ceyhun N\u0259f\u0259sovun \u0259lind\u0259n daha 2 hektar yer al\u0131n\u0131b v\u0259 haz\u0131rda istifad\u0259sind\u0259 4 hektar sah\u0259 qal\u0131b. <\/p>\n\n\n\n<p>H\u0259min sah\u0259nin bir hiss\u0259sind\u0259 yonca, bir hiss\u0259sind\u0259 arpa \u0259kib. 15 g\u00fcn \u0259vv\u0259l o, Neft\u00e7ala Rayon \u0130cra Hakimiyy\u0259ti ba\u015f\u00e7\u0131s\u0131n\u0131n q\u0259buluna gedib:<br><\/p>\n\n\n\n<p>\u201cBa\u015f\u00e7\u0131 m\u0259n\u0259 x\u0259b\u0259rdarl\u0131q etdi ki, n\u00f6vb\u0259ti ild\u0259 m\u0259hsulu y\u0131\u011fan kimi torpa\u011f\u0131 bo\u015falt. M\u0259n\u0259 g\u0259l\u0259n il iyulun 10-na kimi vaxt verdi, dedi, \u0259g\u0259r torpaq bo\u015falmasa, b\u00fct\u00fcn \u0259kin \u015fumlan\u0131b m\u0259hv edil\u0259c\u0259k. N\u0259 \u0259limd\u0259ki s\u0259n\u0259dl\u0259r\u0259 baxan var, n\u0259 \u0259lilliyim\u0259, n\u0259 d\u0259 o sah\u0259d\u0259n onlarla insan\u0131n evin\u0259 qazanc aparmas\u0131na\u2026\u201d<br><\/p>\n\n\n\n<p>\u201c\u018flimd\u0259n hiss\u0259-hiss\u0259 ald\u0131qlar\u0131 sah\u0259l\u0259ri d\u0259 sat\u0131blar, h\u0259min sah\u0259l\u0259r art\u0131q \u015fumlan\u0131b. M\u0259nim \u0259kin apard\u0131\u011f\u0131m sah\u0259 m\u0259hsuldar oldu\u011funa g\u00f6r\u0259 hiss\u0259-hiss\u0259 \u0259limd\u0259n al\u0131b ba\u015fqalar\u0131na sat\u0131rlar. M\u0259qs\u0259dl\u0259ri budur. N\u0259 xalq\u0131 doland\u0131r\u0131rlar, n\u0259 d\u0259 imkan verirl\u0259r ki, xalq \u00f6z\u00fc \u00f6z ba\u015f\u0131n\u0131n \u00e7ar\u0259sin\u0259 baxs\u0131n\u201d, &#8211; \u015fikay\u0259t\u00e7i bildirir.<br><\/p>\n\n\n\n<p>Ceyhun N\u0259f\u0259sov deyir, 38 ya\u015f\u0131 var, ikinci d\u0259f\u0259 ail\u0259 qurub, h\u0259yat yolda\u015f\u0131n\u0131n da g\u00f6zl\u0259ri g\u00f6rm\u00fcr. 6 ayl\u0131q k\u00f6rp\u0259si var. \u018fg\u0259r torpaq sah\u0259sind\u0259n m\u0259hrum olarsa, h\u0259m m\u0259\u015f\u011fuliyy\u0259tind\u0259n, h\u0259m d\u0259 qazanc\u0131ndan m\u0259hrum olacaq:<\/p>\n\n\n\n<p>\u201cB\u0259l\u0259diyy\u0259 s\u0259drin\u0259 sual verir\u0259m ki, o torpaq da \u0259limd\u0259n al\u0131nsa, g\u00f6rm\u0259y\u0259n g\u00f6zl\u0259riml\u0259 ail\u0259mi nec\u0259 doland\u0131racam, o k\u00f6rp\u0259ni nec\u0259 b\u00f6y\u00fcd\u0259c\u0259m? Deyir, m\u0259nlik deyil, o sual\u0131 ba\u015f\u00e7\u0131ya ver\u2026\u201d<br><\/p>\n\n\n\n<p>Bu prosesl\u0259rin \u0259vv\u0259li ke\u00e7mi\u015f b\u0259l\u0259diyy\u0259 s\u0259dri Qism\u0259t Q\u0259f\u0259rovun f\u0259aliyy\u0259ti d\u00f6vr\u00fcnd\u0259 ba\u015f verib. Neft\u00e7ala Rayon Prokurorlu\u011funa v\u0259t\u0259nda\u015flar t\u0259r\u0259find\u0259n onun bar\u0259sind\u0259 daxil olmu\u015f \u015fikay\u0259tl\u0259r ara\u015fd\u0131r\u0131landan sonra bu ilin fevral\u0131nda cinay\u0259t m\u0259suliyy\u0259tin\u0259 c\u0259lb olunub. Haz\u0131rda L\u0259nk\u0259ran A\u011f\u0131r Cinay\u0259tl\u0259r M\u0259hk\u0259m\u0259sind\u0259 m\u0259hk\u0259m\u0259si davam edir. Zamind\u0259dir. Dekabr\u0131n 3-d\u0259 m\u0259hk\u0259m\u0259nin h\u00f6km\u00fc g\u00f6zl\u0259nilir.<br><\/p>\n\n\n\n<p>Haz\u0131rda b\u0259l\u0259diyy\u0259 s\u0259dri B\u00f6y\u00fckki\u015fi H\u0259\u015fimovdur.<br><\/p>\n\n\n\n<p>Xolqarabucaq k\u0259nd b\u0259l\u0259diyy\u0259sinin s\u0259dri B\u00f6y\u00fckki\u015fi H\u0259\u015fimov Meydan TV-y\u0259 deyib ki, Ceyhun N\u0259f\u0259sovun dedikl\u0259ri do\u011fru deyil:<br><\/p>\n\n\n\n<p>\u201c4 hektar sah\u0259 verilib, h\u0259r il \u0259kir, m\u0259hsul g\u00f6t\u00fcr\u00fcr, ona dey\u0259n yoxdur ki, \u0259kin i\u015fi aparma. \u00d6z\u00fc \u0259riz\u0259 yaz\u0131b ki, g\u0259l\u0259n il son m\u0259hsulu y\u0131\u011fandan sonra torpa\u011f\u0131 geri qaytaracaq. Haz\u0131rda da icra hakimiyy\u0259tind\u0259y\u0259m, o da burdad\u0131r. \u0130st\u0259diyi odur ki, 4 hektardan \u0259lav\u0259 orda olan 1,5 hektar torpaq sah\u0259si d\u0259 ona verilsin. Ona deyilib ki, istifad\u0259nd\u0259 4 hektard\u0131r, o torpaqda \u0259k, he\u00e7 bir problem yoxdur. Siz\u0259 deyirs\u0259 \u0259lind\u0259 s\u0259n\u0259di var, do\u011fru deyil, \u00a0he\u00e7 bir s\u0259n\u0259di yoxdur\u201d.<\/p>\n","protected":false},"excerpt":{"rendered":"<p>Neft\u00e7ala sakini icar\u0259y\u0259 g\u00f6t\u00fcrd\u00fcy\u00fc torpa\u011f\u0131n \u0259lind\u0259n almaq ist\u0259dikl\u0259rini deyir \u201c\u018fvv\u0259l &#8230; <\/p>\n<p class=\"read-more-container\"><a title=\"\u0130kinci qrup \u0259lil: \u201c\u0130cra ba\u015f\u00e7\u0131s\u0131 dedi, \u0259g\u0259r torpa\u011f\u0131 bo\u015faltmasam, \u0259kin sah\u0259m m\u0259hv edil\u0259c\u0259k\u201d\" class=\"read-more button\" href=\"https:\/\/www.meydan.tv\/az\/article\/ikinci-qrup-elil-icra-bascisi-dedi-eger-torpagi-bosaltmasam-ekin-sahem-mehv-edilecek\/#more-227722\" aria-label=\"Read more about \u0130kinci qrup \u0259lil: \u201c\u0130cra ba\u015f\u00e7\u0131s\u0131 dedi, \u0259g\u0259r torpa\u011f\u0131 bo\u015faltmasam, \u0259kin sah\u0259m m\u0259hv edil\u0259c\u0259k\u201d\">Davam\u0131<\/a><\/p>\n","protected":false},"author":8,"featured_media":227719,"comment_status":"closed","ping_status":"closed","sticky":false,"template":"","format":"standard","meta":{"_acf_changed":false,"_sitemap_exclude":false,"_sitemap_priority":"","_sitemap_frequency":"","footnotes":""},"categories":[60,79,56],"tags":[],"class_list":["post-227722","post","type-post","status-publish","format-standard","has-post-thumbnail","hentry","category-bolge","category-featured","category-xeberler","infinite-scroll-item","generate-columns","tablet-grid-50","mobile-grid-100","grid-parent","grid-33","no-featured-image-padding"],"acf":[],"yoast_head":"<!-- This site is optimized with the Yoast SEO plugin v27.5 - https:\/\/yoast.com\/product\/yoast-seo-wordpress\/ -->\n<title>\u0130kinci qrup \u0259lil: \u201c\u0130cra ba\u015f\u00e7\u0131s\u0131 dedi, \u0259g\u0259r torpa\u011f\u0131 bo\u015faltmasam, \u0259kin sah\u0259m m\u0259hv edil\u0259c\u0259k\u201d - MEYDAN.TV<\/title>\n<meta name=\"robots\" content=\"index, follow, max-snippet:-1, max-image-preview:large, max-video-preview:-1\" \/>\n<link rel=\"canonical\" href=\"https:\/\/www.meydan.tv\/az\/article\/ikinci-qrup-elil-icra-bascisi-dedi-eger-torpagi-bosaltmasam-ekin-sahem-mehv-edilecek\/\" \/>\n<meta property=\"og:locale\" content=\"az_AZ\" \/>\n<meta property=\"og:type\" content=\"article\" \/>\n<meta property=\"og:title\" content=\"\u0130kinci qrup \u0259lil: \u201c\u0130cra ba\u015f\u00e7\u0131s\u0131 dedi, \u0259g\u0259r torpa\u011f\u0131 bo\u015faltmasam, \u0259kin sah\u0259m m\u0259hv edil\u0259c\u0259k\u201d - MEYDAN.TV\" \/>\n<meta property=\"og:description\" content=\"Neft\u00e7ala sakini icar\u0259y\u0259 g\u00f6t\u00fcrd\u00fcy\u00fc torpa\u011f\u0131n \u0259lind\u0259n almaq ist\u0259dikl\u0259rini deyir \u201c\u018fvv\u0259l ... Davam\u0131\" \/>\n<meta property=\"og:url\" content=\"https:\/\/www.meydan.tv\/az\/article\/ikinci-qrup-elil-icra-bascisi-dedi-eger-torpagi-bosaltmasam-ekin-sahem-mehv-edilecek\/\" \/>\n<meta property=\"og:site_name\" content=\"MEYDAN.TV\" \/>\n<meta property=\"article:published_time\" content=\"2021-11-29T09:03:55+00:00\" \/>\n<meta property=\"article:modified_time\" content=\"2021-11-29T09:03:57+00:00\" \/>\n<meta property=\"og:image\" content=\"https:\/\/www.meydan.tv\/wp-content\/uploads\/elilsekil-e1638176616803.jpg\" \/>\n\t<meta property=\"og:image:width\" content=\"997\" \/>\n\t<meta property=\"og:image:height\" content=\"611\" \/>\n\t<meta property=\"og:image:type\" content=\"image\/jpeg\" \/>\n<meta name=\"author\" content=\"elli\" \/>\n<meta name=\"twitter:card\" content=\"summary_large_image\" \/>\n<meta name=\"twitter:creator\" content=\"@elli\" \/>\n<script type=\"application\/ld+json\" class=\"yoast-schema-graph\">{\"@context\":\"https:\\\/\\\/schema.org\",\"@graph\":[{\"@type\":\"Article\",\"@id\":\"https:\\\/\\\/www.meydan.tv\\\/az\\\/article\\\/ikinci-qrup-elil-icra-bascisi-dedi-eger-torpagi-bosaltmasam-ekin-sahem-mehv-edilecek\\\/#article\",\"isPartOf\":{\"@id\":\"https:\\\/\\\/www.meydan.tv\\\/az\\\/article\\\/ikinci-qrup-elil-icra-bascisi-dedi-eger-torpagi-bosaltmasam-ekin-sahem-mehv-edilecek\\\/\"},\"author\":{\"name\":\"elli\",\"@id\":\"https:\\\/\\\/www.meydan.tv\\\/az\\\/#\\\/schema\\\/person\\\/9cdbecf90d17180ce1dfbd95b08dcf47\"},\"headline\":\"\u0130kinci qrup \u0259lil: \u201c\u0130cra ba\u015f\u00e7\u0131s\u0131 dedi, \u0259g\u0259r torpa\u011f\u0131 bo\u015faltmasam, \u0259kin sah\u0259m m\u0259hv edil\u0259c\u0259k\u201d\",\"datePublished\":\"2021-11-29T09:03:55+00:00\",\"dateModified\":\"2021-11-29T09:03:57+00:00\",\"mainEntityOfPage\":{\"@id\":\"https:\\\/\\\/www.meydan.tv\\\/az\\\/article\\\/ikinci-qrup-elil-icra-bascisi-dedi-eger-torpagi-bosaltmasam-ekin-sahem-mehv-edilecek\\\/\"},\"wordCount\":1205,\"publisher\":{\"@id\":\"https:\\\/\\\/www.meydan.tv\\\/az\\\/#organization\"},\"image\":{\"@id\":\"https:\\\/\\\/www.meydan.tv\\\/az\\\/article\\\/ikinci-qrup-elil-icra-bascisi-dedi-eger-torpagi-bosaltmasam-ekin-sahem-mehv-edilecek\\\/#primaryimage\"},\"thumbnailUrl\":\"https:\\\/\\\/www.meydan.tv\\\/wp-content\\\/uploads\\\/elilsekil-e1638176616803.jpg\",\"articleSection\":[\"B\u00f6lg\u0259\",\"T\u00f6vsiy\u0259\",\"X\u0259b\u0259rl\u0259r\"],\"inLanguage\":\"az\"},{\"@type\":\"WebPage\",\"@id\":\"https:\\\/\\\/www.meydan.tv\\\/az\\\/article\\\/ikinci-qrup-elil-icra-bascisi-dedi-eger-torpagi-bosaltmasam-ekin-sahem-mehv-edilecek\\\/\",\"url\":\"https:\\\/\\\/www.meydan.tv\\\/az\\\/article\\\/ikinci-qrup-elil-icra-bascisi-dedi-eger-torpagi-bosaltmasam-ekin-sahem-mehv-edilecek\\\/\",\"name\":\"\u0130kinci qrup \u0259lil: \u201c\u0130cra ba\u015f\u00e7\u0131s\u0131 dedi, \u0259g\u0259r torpa\u011f\u0131 bo\u015faltmasam, \u0259kin sah\u0259m m\u0259hv edil\u0259c\u0259k\u201d - MEYDAN.TV\",\"isPartOf\":{\"@id\":\"https:\\\/\\\/www.meydan.tv\\\/az\\\/#website\"},\"primaryImageOfPage\":{\"@id\":\"https:\\\/\\\/www.meydan.tv\\\/az\\\/article\\\/ikinci-qrup-elil-icra-bascisi-dedi-eger-torpagi-bosaltmasam-ekin-sahem-mehv-edilecek\\\/#primaryimage\"},\"image\":{\"@id\":\"https:\\\/\\\/www.meydan.tv\\\/az\\\/article\\\/ikinci-qrup-elil-icra-bascisi-dedi-eger-torpagi-bosaltmasam-ekin-sahem-mehv-edilecek\\\/#primaryimage\"},\"thumbnailUrl\":\"https:\\\/\\\/www.meydan.tv\\\/wp-content\\\/uploads\\\/elilsekil-e1638176616803.jpg\",\"datePublished\":\"2021-11-29T09:03:55+00:00\",\"dateModified\":\"2021-11-29T09:03:57+00:00\",\"breadcrumb\":{\"@id\":\"https:\\\/\\\/www.meydan.tv\\\/az\\\/article\\\/ikinci-qrup-elil-icra-bascisi-dedi-eger-torpagi-bosaltmasam-ekin-sahem-mehv-edilecek\\\/#breadcrumb\"},\"inLanguage\":\"az\",\"potentialAction\":[{\"@type\":\"ReadAction\",\"target\":[\"https:\\\/\\\/www.meydan.tv\\\/az\\\/article\\\/ikinci-qrup-elil-icra-bascisi-dedi-eger-torpagi-bosaltmasam-ekin-sahem-mehv-edilecek\\\/\"]}]},{\"@type\":\"ImageObject\",\"inLanguage\":\"az\",\"@id\":\"https:\\\/\\\/www.meydan.tv\\\/az\\\/article\\\/ikinci-qrup-elil-icra-bascisi-dedi-eger-torpagi-bosaltmasam-ekin-sahem-mehv-edilecek\\\/#primaryimage\",\"url\":\"https:\\\/\\\/www.meydan.tv\\\/wp-content\\\/uploads\\\/elilsekil-e1638176616803.jpg\",\"contentUrl\":\"https:\\\/\\\/www.meydan.tv\\\/wp-content\\\/uploads\\\/elilsekil-e1638176616803.jpg\",\"width\":997,\"height\":611,\"caption\":\"Ceyhun N\u0259f\u0259sov, Foto: Meydan TV\"},{\"@type\":\"BreadcrumbList\",\"@id\":\"https:\\\/\\\/www.meydan.tv\\\/az\\\/article\\\/ikinci-qrup-elil-icra-bascisi-dedi-eger-torpagi-bosaltmasam-ekin-sahem-mehv-edilecek\\\/#breadcrumb\",\"itemListElement\":[{\"@type\":\"ListItem\",\"position\":1,\"name\":\"Ana s\u0259hif\u0259\",\"item\":\"https:\\\/\\\/www.meydan.tv\\\/az\\\/\"},{\"@type\":\"ListItem\",\"position\":2,\"name\":\"B\u00f6lg\u0259\",\"item\":\"https:\\\/\\\/www.meydan.tv\\\/az\\\/section\\\/bolge\\\/\"},{\"@type\":\"ListItem\",\"position\":3,\"name\":\"\u0130kinci qrup \u0259lil: \u201c\u0130cra ba\u015f\u00e7\u0131s\u0131 dedi, \u0259g\u0259r torpa\u011f\u0131 bo\u015faltmasam, \u0259kin sah\u0259m m\u0259hv edil\u0259c\u0259k\u201d\"}]},{\"@type\":\"WebSite\",\"@id\":\"https:\\\/\\\/www.meydan.tv\\\/az\\\/#website\",\"url\":\"https:\\\/\\\/www.meydan.tv\\\/az\\\/\",\"name\":\"MEYDAN.TV\",\"description\":\"Meydan TV Az\u0259rbaycan\u0131n media m\u0259kan\u0131ndak\u0131 alternativ s\u0259sidir\",\"publisher\":{\"@id\":\"https:\\\/\\\/www.meydan.tv\\\/az\\\/#organization\"},\"potentialAction\":[{\"@type\":\"SearchAction\",\"target\":{\"@type\":\"EntryPoint\",\"urlTemplate\":\"https:\\\/\\\/www.meydan.tv\\\/az\\\/?s={search_term_string}\"},\"query-input\":{\"@type\":\"PropertyValueSpecification\",\"valueRequired\":true,\"valueName\":\"search_term_string\"}}],\"inLanguage\":\"az\"},{\"@type\":\"Organization\",\"@id\":\"https:\\\/\\\/www.meydan.tv\\\/az\\\/#organization\",\"name\":\"Meydan TV\",\"url\":\"https:\\\/\\\/www.meydan.tv\\\/az\\\/\",\"logo\":{\"@type\":\"ImageObject\",\"inLanguage\":\"az\",\"@id\":\"https:\\\/\\\/www.meydan.tv\\\/az\\\/#\\\/schema\\\/logo\\\/image\\\/\",\"url\":\"https:\\\/\\\/www.meydan.tv\\\/wp-content\\\/uploads\\\/2021\\\/07\\\/meydan-logo.svg\",\"contentUrl\":\"https:\\\/\\\/www.meydan.tv\\\/wp-content\\\/uploads\\\/2021\\\/07\\\/meydan-logo.svg\",\"width\":195,\"height\":46,\"caption\":\"Meydan TV\"},\"image\":{\"@id\":\"https:\\\/\\\/www.meydan.tv\\\/az\\\/#\\\/schema\\\/logo\\\/image\\\/\"}},{\"@type\":\"Person\",\"@id\":\"https:\\\/\\\/www.meydan.tv\\\/az\\\/#\\\/schema\\\/person\\\/9cdbecf90d17180ce1dfbd95b08dcf47\",\"name\":\"elli\",\"sameAs\":[\"https:\\\/\\\/x.com\\\/elli\"]}]}<\/script>\n<!-- \/ Yoast SEO plugin. -->","yoast_head_json":{"title":"\u0130kinci qrup \u0259lil: \u201c\u0130cra ba\u015f\u00e7\u0131s\u0131 dedi, \u0259g\u0259r torpa\u011f\u0131 bo\u015faltmasam, \u0259kin sah\u0259m m\u0259hv edil\u0259c\u0259k\u201d - MEYDAN.TV","robots":{"index":"index","follow":"follow","max-snippet":"max-snippet:-1","max-image-preview":"max-image-preview:large","max-video-preview":"max-video-preview:-1"},"canonical":"https:\/\/www.meydan.tv\/az\/article\/ikinci-qrup-elil-icra-bascisi-dedi-eger-torpagi-bosaltmasam-ekin-sahem-mehv-edilecek\/","og_locale":"az_AZ","og_type":"article","og_title":"\u0130kinci qrup \u0259lil: \u201c\u0130cra ba\u015f\u00e7\u0131s\u0131 dedi, \u0259g\u0259r torpa\u011f\u0131 bo\u015faltmasam, \u0259kin sah\u0259m m\u0259hv edil\u0259c\u0259k\u201d - MEYDAN.TV","og_description":"Neft\u00e7ala sakini icar\u0259y\u0259 g\u00f6t\u00fcrd\u00fcy\u00fc torpa\u011f\u0131n \u0259lind\u0259n almaq ist\u0259dikl\u0259rini deyir \u201c\u018fvv\u0259l ... Davam\u0131","og_url":"https:\/\/www.meydan.tv\/az\/article\/ikinci-qrup-elil-icra-bascisi-dedi-eger-torpagi-bosaltmasam-ekin-sahem-mehv-edilecek\/","og_site_name":"MEYDAN.TV","article_published_time":"2021-11-29T09:03:55+00:00","article_modified_time":"2021-11-29T09:03:57+00:00","og_image":[{"width":997,"height":611,"url":"https:\/\/www.meydan.tv\/wp-content\/uploads\/elilsekil-e1638176616803.jpg","type":"image\/jpeg"}],"author":"elli","twitter_card":"summary_large_image","twitter_creator":"@elli","schema":{"@context":"https:\/\/schema.org","@graph":[{"@type":"Article","@id":"https:\/\/www.meydan.tv\/az\/article\/ikinci-qrup-elil-icra-bascisi-dedi-eger-torpagi-bosaltmasam-ekin-sahem-mehv-edilecek\/#article","isPartOf":{"@id":"https:\/\/www.meydan.tv\/az\/article\/ikinci-qrup-elil-icra-bascisi-dedi-eger-torpagi-bosaltmasam-ekin-sahem-mehv-edilecek\/"},"author":{"name":"elli","@id":"https:\/\/www.meydan.tv\/az\/#\/schema\/person\/9cdbecf90d17180ce1dfbd95b08dcf47"},"headline":"\u0130kinci qrup \u0259lil: \u201c\u0130cra ba\u015f\u00e7\u0131s\u0131 dedi, \u0259g\u0259r torpa\u011f\u0131 bo\u015faltmasam, \u0259kin sah\u0259m m\u0259hv edil\u0259c\u0259k\u201d","datePublished":"2021-11-29T09:03:55+00:00","dateModified":"2021-11-29T09:03:57+00:00","mainEntityOfPage":{"@id":"https:\/\/www.meydan.tv\/az\/article\/ikinci-qrup-elil-icra-bascisi-dedi-eger-torpagi-bosaltmasam-ekin-sahem-mehv-edilecek\/"},"wordCount":1205,"publisher":{"@id":"https:\/\/www.meydan.tv\/az\/#organization"},"image":{"@id":"https:\/\/www.meydan.tv\/az\/article\/ikinci-qrup-elil-icra-bascisi-dedi-eger-torpagi-bosaltmasam-ekin-sahem-mehv-edilecek\/#primaryimage"},"thumbnailUrl":"https:\/\/www.meydan.tv\/wp-content\/uploads\/elilsekil-e1638176616803.jpg","articleSection":["B\u00f6lg\u0259","T\u00f6vsiy\u0259","X\u0259b\u0259rl\u0259r"],"inLanguage":"az"},{"@type":"WebPage","@id":"https:\/\/www.meydan.tv\/az\/article\/ikinci-qrup-elil-icra-bascisi-dedi-eger-torpagi-bosaltmasam-ekin-sahem-mehv-edilecek\/","url":"https:\/\/www.meydan.tv\/az\/article\/ikinci-qrup-elil-icra-bascisi-dedi-eger-torpagi-bosaltmasam-ekin-sahem-mehv-edilecek\/","name":"\u0130kinci qrup \u0259lil: \u201c\u0130cra ba\u015f\u00e7\u0131s\u0131 dedi, \u0259g\u0259r torpa\u011f\u0131 bo\u015faltmasam, \u0259kin sah\u0259m m\u0259hv edil\u0259c\u0259k\u201d - MEYDAN.TV","isPartOf":{"@id":"https:\/\/www.meydan.tv\/az\/#website"},"primaryImageOfPage":{"@id":"https:\/\/www.meydan.tv\/az\/article\/ikinci-qrup-elil-icra-bascisi-dedi-eger-torpagi-bosaltmasam-ekin-sahem-mehv-edilecek\/#primaryimage"},"image":{"@id":"https:\/\/www.meydan.tv\/az\/article\/ikinci-qrup-elil-icra-bascisi-dedi-eger-torpagi-bosaltmasam-ekin-sahem-mehv-edilecek\/#primaryimage"},"thumbnailUrl":"https:\/\/www.meydan.tv\/wp-content\/uploads\/elilsekil-e1638176616803.jpg","datePublished":"2021-11-29T09:03:55+00:00","dateModified":"2021-11-29T09:03:57+00:00","breadcrumb":{"@id":"https:\/\/www.meydan.tv\/az\/article\/ikinci-qrup-elil-icra-bascisi-dedi-eger-torpagi-bosaltmasam-ekin-sahem-mehv-edilecek\/#breadcrumb"},"inLanguage":"az","potentialAction":[{"@type":"ReadAction","target":["https:\/\/www.meydan.tv\/az\/article\/ikinci-qrup-elil-icra-bascisi-dedi-eger-torpagi-bosaltmasam-ekin-sahem-mehv-edilecek\/"]}]},{"@type":"ImageObject","inLanguage":"az","@id":"https:\/\/www.meydan.tv\/az\/article\/ikinci-qrup-elil-icra-bascisi-dedi-eger-torpagi-bosaltmasam-ekin-sahem-mehv-edilecek\/#primaryimage","url":"https:\/\/www.meydan.tv\/wp-content\/uploads\/elilsekil-e1638176616803.jpg","contentUrl":"https:\/\/www.meydan.tv\/wp-content\/uploads\/elilsekil-e1638176616803.jpg","width":997,"height":611,"caption":"Ceyhun N\u0259f\u0259sov, Foto: Meydan TV"},{"@type":"BreadcrumbList","@id":"https:\/\/www.meydan.tv\/az\/article\/ikinci-qrup-elil-icra-bascisi-dedi-eger-torpagi-bosaltmasam-ekin-sahem-mehv-edilecek\/#breadcrumb","itemListElement":[{"@type":"ListItem","position":1,"name":"Ana s\u0259hif\u0259","item":"https:\/\/www.meydan.tv\/az\/"},{"@type":"ListItem","position":2,"name":"B\u00f6lg\u0259","item":"https:\/\/www.meydan.tv\/az\/section\/bolge\/"},{"@type":"ListItem","position":3,"name":"\u0130kinci qrup \u0259lil: \u201c\u0130cra ba\u015f\u00e7\u0131s\u0131 dedi, \u0259g\u0259r torpa\u011f\u0131 bo\u015faltmasam, \u0259kin sah\u0259m m\u0259hv edil\u0259c\u0259k\u201d"}]},{"@type":"WebSite","@id":"https:\/\/www.meydan.tv\/az\/#website","url":"https:\/\/www.meydan.tv\/az\/","name":"MEYDAN.TV","description":"Meydan TV Az\u0259rbaycan\u0131n media m\u0259kan\u0131ndak\u0131 alternativ s\u0259sidir","publisher":{"@id":"https:\/\/www.meydan.tv\/az\/#organization"},"potentialAction":[{"@type":"SearchAction","target":{"@type":"EntryPoint","urlTemplate":"https:\/\/www.meydan.tv\/az\/?s={search_term_string}"},"query-input":{"@type":"PropertyValueSpecification","valueRequired":true,"valueName":"search_term_string"}}],"inLanguage":"az"},{"@type":"Organization","@id":"https:\/\/www.meydan.tv\/az\/#organization","name":"Meydan TV","url":"https:\/\/www.meydan.tv\/az\/","logo":{"@type":"ImageObject","inLanguage":"az","@id":"https:\/\/www.meydan.tv\/az\/#\/schema\/logo\/image\/","url":"https:\/\/www.meydan.tv\/wp-content\/uploads\/2021\/07\/meydan-logo.svg","contentUrl":"https:\/\/www.meydan.tv\/wp-content\/uploads\/2021\/07\/meydan-logo.svg","width":195,"height":46,"caption":"Meydan TV"},"image":{"@id":"https:\/\/www.meydan.tv\/az\/#\/schema\/logo\/image\/"}},{"@type":"Person","@id":"https:\/\/www.meydan.tv\/az\/#\/schema\/person\/9cdbecf90d17180ce1dfbd95b08dcf47","name":"elli","sameAs":["https:\/\/x.com\/elli"]}]}},"_links":{"self":[{"href":"https:\/\/www.meydan.tv\/az\/wp-json\/wp\/v2\/posts\/227722","targetHints":{"allow":["GET"]}}],"collection":[{"href":"https:\/\/www.meydan.tv\/az\/wp-json\/wp\/v2\/posts"}],"about":[{"href":"https:\/\/www.meydan.tv\/az\/wp-json\/wp\/v2\/types\/post"}],"author":[{"embeddable":true,"href":"https:\/\/www.meydan.tv\/az\/wp-json\/wp\/v2\/users\/8"}],"replies":[{"embeddable":true,"href":"https:\/\/www.meydan.tv\/az\/wp-json\/wp\/v2\/comments?post=227722"}],"version-history":[{"count":1,"href":"https:\/\/www.meydan.tv\/az\/wp-json\/wp\/v2\/posts\/227722\/revisions"}],"predecessor-version":[{"id":227723,"href":"https:\/\/www.meydan.tv\/az\/wp-json\/wp\/v2\/posts\/227722\/revisions\/227723"}],"wp:featuredmedia":[{"embeddable":true,"href":"https:\/\/www.meydan.tv\/az\/wp-json\/wp\/v2\/media\/227719"}],"wp:attachment":[{"href":"https:\/\/www.meydan.tv\/az\/wp-json\/wp\/v2\/media?parent=227722"}],"wp:term":[{"taxonomy":"category","embeddable":true,"href":"https:\/\/www.meydan.tv\/az\/wp-json\/wp\/v2\/categories?post=227722"},{"taxonomy":"post_tag","embeddable":true,"href":"https:\/\/www.meydan.tv\/az\/wp-json\/wp\/v2\/tags?post=227722"}],"curies":[{"name":"wp","href":"https:\/\/api.w.org\/{rel}","templated":true}]}}