{"id":227706,"date":"2021-11-29T00:04:08","date_gmt":"2021-11-28T20:04:08","guid":{"rendered":"https:\/\/www.meydan.tv\/?p=227706"},"modified":"2021-11-29T10:53:21","modified_gmt":"2021-11-29T06:53:21","slug":"kecmis-abs-sefirinin-etiraflari","status":"publish","type":"post","link":"https:\/\/www.meydan.tv\/az\/article\/kecmis-abs-sefirinin-etiraflari\/","title":{"rendered":"AB\u015e diplomat\u0131n\u0131n etiraflar\u0131"},"content":{"rendered":"\n<p><em>\u201c \u2026 h\u0259l\u0259 \u00e7ox m\u00fcnaqi\u015f\u0259 olacaq\u201d<\/em><br><\/p>\n\n\n\n<p>AB\u015e-\u0131n Az\u0259rbaycandak\u0131 sabiq s\u0259firi (2015-2018) Robert Sekuta x\u00fcsusi m\u0259qal\u0259 il\u0259 \u00e7\u0131x\u0131\u015f <a href=\"https:\/\/www.stripes.com\/opinion\/2021-11-24\/The-South-Caucasus-A-chance-for-America-to-prove-it%E2%80%99s-back-3743839.html\" target=\"_blank\" rel=\"noreferrer noopener\">edib<\/a>. Onun q\u0131sa m\u0259qal\u0259sind\u0259 bir s\u0131ra m\u00fch\u00fcm tezisl\u0259r v\u0259 mesajlar var. Az\u0259rbaycan\u0131 yax\u015f\u0131 tan\u0131yan diplomat 2021-ci ilin 10 noyabr\u0131nda insanlar\u0131n k\u00fc\u00e7\u0259y\u0259 ax\u0131\u015fmas\u0131n\u0131 v\u0259 q\u0259l\u0259b\u0259nin bir illiyini qeyd etm\u0259sini anlad\u0131\u011f\u0131n\u0131 deyir. Amma ortada s\u00fclh\u00fcn olmad\u0131\u011f\u0131n\u0131 da vur\u011fulay\u0131r. AB\u015e-\u0131n ke\u00e7mi\u015f s\u0259firi s\u00fclh\u00fcn yaranmad\u0131\u011f\u0131n\u0131, hadis\u0259l\u0259rin yenid\u0259n s\u0259rh\u0259dboyu alovland\u0131\u011f\u0131n\u0131, erm\u0259nil\u0259rin g\u00f6zl\u0259nilm\u0259z h\u0259rbi d\u00f6n\u00fc\u015fd\u0259n q\u0259z\u0259bl\u0259ndiyini, Az\u0259rbaycan\u0131n s\u00fclh dan\u0131\u015f\u0131qlar\u0131na haz\u0131r oldu\u011funu b\u0259yan etdiyini dem\u0259kl\u0259 sanki prosesin t\u0259bii yekununa mane olan q\u00fcvv\u0259d\u0259n s\u00f6hb\u0259t a\u00e7maq ist\u0259yir. Onun bu giri\u015fi \u00f6z\u00fcn\u00fc \u00e7ox g\u00f6zl\u0259tmir. Daha sonra m\u00fch\u00fcm iki tezis g\u0259lir: \u201cAmerikan\u0131n b\u00f6lg\u0259d\u0259 m\u00f6vcudlu\u011fu \u00e7ox arzu edilir v\u0259 AB\u015e h\u00f6kum\u0259tinin \u201ci\u015fd\u0259n \u00e7\u0131xm\u0131\u015f\u201d kimi g\u00f6r\u00fcnd\u00fcy\u00fc uzun m\u00fcdd\u0259td\u0259n sonra Va\u015finqtonun Erm\u0259nistan v\u0259 Az\u0259rbaycana k\u00f6m\u0259k etm\u0259k \u00fc\u00e7\u00fcn ikit\u0259r\u0259fli, el\u0259c\u0259 d\u0259 beyn\u0259lxalq forumlar vasit\u0259sil\u0259 regionda daha f\u0259al v\u0259 effektiv \u015f\u0259kild\u0259 i\u015ftirak etm\u0259k ist\u0259diyin\u0259 i\u015far\u0259l\u0259r var\u201d;<br><\/p>\n\n\n\n<p>\u201cKreml Rusiyaya h\u0259rbi i\u015f\u011fal\u0131 v\u0259 siyasi manipulyasiyan\u0131 davam etdirm\u0259k \u00fc\u00e7\u00fcn b\u0259han\u0259 ver\u0259n situasiyan\u0131n uzad\u0131lmas\u0131nda maraql\u0131d\u0131r\u201d.<br><\/p>\n\n\n\n<p>Ke\u00e7mi\u015f s\u0259fir yaz\u0131r ki, rus \u201cs\u00fclhm\u0259raml\u0131lar\u201d\u0131n\u0131n m\u00fcnaqi\u015f\u0259nin uzanmas\u0131na v\u0259 alovlanmas\u0131na icaz\u0259 verm\u0259si d\u0259 bunu g\u00f6st\u0259rir. Y\u0259ni region Rusiyan\u0131n t\u0259sirind\u0259 qalsa, biz yeni m\u00fcnaqi\u015f\u0259l\u0259r\u0259 \u015fahidlik ed\u0259c\u0259yik. Sekuta fikrini bel\u0259 yekunla\u015fd\u0131r\u0131r:<br><\/p>\n\n\n\n<p>\u201cC\u0259nubi Qafqaz Amerikan\u0131n h\u0259qiq\u0259t\u0259n d\u0259 geri qay\u0131td\u0131\u011f\u0131n\u0131 yoxlamaq \u00fc\u00e7\u00fcn \u0259la f\u00fcrs\u0259t verir\u201d.<br><\/p>\n\n\n\n<p>G\u00f6r\u00fcn\u00fcr ki, AB\u015e b\u00f6lg\u0259d\u0259 h\u0259r\u0259k\u0259t\u0259 ke\u00e7diyinin siqnal\u0131n\u0131 verir. Sekuta da bu m\u0259nada AB\u015e m\u00fcdafi\u0259 nazirinin v\u0259 D\u00f6vl\u0259t Departamenti yetkilisinin b\u00f6lg\u0259y\u0259 s\u0259f\u0259rininin alt\u0131n\u0131 c\u0131z\u0131r.<br><\/p>\n\n\n\n<p><strong>AB\u015e b\u00f6lg\u0259d\u0259 varm\u0131?<br><\/strong><\/p>\n\n\n\n<p>Son 10 ild\u0259 Az\u0259rbaycandak\u0131 AB\u015e s\u0259firl\u0259ri \u00f6lk\u0259nin yem\u0259kl\u0259rini t\u0259rifl\u0259m\u0259kd\u0259n o t\u0259r\u0259f\u0259 ke\u00e7m\u0259yibl\u0259r. \u018fslind\u0259 bu g\u00fcn \u201cAB\u015e b\u00f6lg\u0259y\u0259 qay\u0131tmal\u0131d\u0131r\u201d dey\u0259n c\u0259nab Sekuta da \u015e\u0259ki pitisinin unudulmaz dad\u0131n\u0131n \u00f6lm\u0259z a\u015fiqi kimi \u00f6lk\u0259mizi t\u0259rk etdi. Onun Az\u0259rbaycanda v\u0259 regionda ba\u015f ver\u0259n prosesl\u0259r haqq\u0131nda \u00f6z\u00fcn\u00fc m\u0259lumats\u0131z v\u0259 reaksiyas\u0131z aparmas\u0131 son d\u0259r\u0259c\u0259 \u00fcz\u00fcc\u00fc idi. Bu g\u00fcn veril\u0259n mesaj is\u0259 tamam f\u0259rqli rakursdan maraql\u0131d\u0131r. Demokratiya m\u0259s\u0259l\u0259si, h\u0259m milli, h\u0259m d\u0259 regional t\u0259hl\u00fck\u0259sizlik m\u0259s\u0259l\u0259sidir. \u201cAB\u015e regiona qay\u0131tmal\u0131d\u0131r\u201d mesaj\u0131nda, o, \u201chans\u0131 niyy\u0259tl\u0259 v\u0259 yolla qay\u0131d\u0131r\u201d sual\u0131na da ayd\u0131nl\u0131q g\u0259tirm\u0259lidir. Vilsondan bu t\u0259r\u0259f\u0259 Birl\u0259\u015fmi\u015f \u015etatlar azadl\u0131q ideyalar\u0131ndan geri \u00e7\u0259kilib, sair maraqlar\u0131 \u00f6n\u0259 s\u00fcrd\u00fcy\u00fc h\u0259r yerd\u0259 m\u0259\u011flub olub. H\u0259qiqi demokratiyan\u0131 deyil, imitasiyan\u0131, klanlar koalisiyas\u0131n\u0131 d\u0259st\u0259kl\u0259diyi (\u018ffqanistan, \u0130raq) h\u0259r yerd\u0259 m\u0259\u011flub olub. AB\u015e C\u0259nubi Qafqazda Rusiyaya m\u00fcqavim\u0259tin hans\u0131 yolunu d\u00fc\u015f\u00fcn\u00fcr? Bunun \u00fc\u00e7\u00fcn n\u0259 ed\u0259c\u0259k? Ordular\u0131 qar\u015f\u0131-qar\u015f\u0131yam\u0131 g\u0259tir\u0259c\u0259k? Bu, Moskvan\u0131n g\u00fcc\u0259 qar\u015f\u0131 g\u00fcc g\u00f6st\u0259rm\u0259sin\u0259 legitimlik qazand\u0131rmayacaqm\u0131? M\u0259s\u0259l\u0259 olduqca m\u00fcr\u0259kk\u0259b xarakterlidir, ona g\u00f6r\u0259 ki, sad\u0259 h\u0259ll yolu istisna edilir. \u018fg\u0259r problemin biz\u0259 m\u0259lum olan h\u0259ll variantlar\u0131ndan \u0259n t\u0259biisini istisna ediriks\u0259, dem\u0259li, biz yaranm\u0131\u015f m\u00fcr\u0259kk\u0259blikd\u0259 ya maraql\u0131y\u0131q, ya da onun mahiyy\u0259tini d\u00fczg\u00fcn \u015f\u0259rh etmirik. C\u0259nubi Qafqaz\u0131n \u0259n b\u00f6y\u00fck \u00f6lk\u0259si Az\u0259rbaycand\u0131r. T\u0259kc\u0259 Az\u0259rbaycan\u0131n demokratik olmas\u0131, g\u00fccl\u00fc demokratik parlament\u0259 sahib olmas\u0131 a\u00e7\u0131q \u015f\u0259kild\u0259 Rusiyan\u0131n b\u00f6lg\u0259y\u0259 g\u0259li\u015fini bloklayacaq. Rusiya b\u00f6lg\u0259d\u0259ki b\u00fct\u00fcn t\u0259xribatlar\u0131n\u0131 Az\u0259rbaycanda demokratiyan\u0131n olmamas\u0131n\u0131n v\u0259 Az\u0259rbaycan hakimiyy\u0259tinin t\u0259zyiq\u0259 d\u00f6z\u00fcml\u00fc olmamas\u0131n\u0131n \u00fcz\u0259rind\u0259 qurur. Kremld\u0259 ba\u015fa d\u00fc\u015f\u00fcrl\u0259r ki, \u018fliyevin arxas\u0131nda g\u00fccl\u00fc parlament yoxdur. Az\u0259rbaycan parlamentinin spikeri Bak\u0131 Slavyan Universitetind\u0259 Primakovun irsini ara\u015fd\u0131ran professordur. Bunun hans\u0131 m\u0259naya g\u0259ldiyini onun Lavrovla m\u0259lum g\u00f6r\u00fc\u015fd\u0259 ikiqat \u0259yilm\u0259si a\u00e7\u0131q <a href=\"https:\/\/www.meydan.tv\/az\/article\/ekspert-spikeri-tenqid-etdi-diplomatiyada-bu-derecede-qeyri-pesekarliq-olmaz\/\" target=\"_blank\" rel=\"noreferrer noopener\">g\u00f6st\u0259rir<\/a>.<br><\/p>\n\n\n\n<p><strong>Sekuta d\u00fczm\u00fc deyir?<br><\/strong><\/p>\n\n\n\n<p>Do\u011frudan da, bizim \u00fc\u00e7\u00fcn yeni m\u00fcnaqi\u015f\u0259l\u0259r t\u0259hl\u00fck\u0259si varm\u0131? \u015e\u00fcbh\u0259siz ki, var. Ortada moderatorluq ed\u0259n Rusiya qald\u0131qca, m\u00fcnaqi\u015f\u0259nin permanentliyi qa\u00e7\u0131lmazd\u0131r. Sava\u015f ona g\u00f6r\u0259 davaml\u0131 olmal\u0131d\u0131r ki, burada Kremlin m\u00f6vcudlu\u011fu he\u00e7 vaxt sual alt\u0131na d\u00fc\u015fm\u0259sin. Bel\u0259 olan halda is\u0259 AB v\u0259 b\u00fct\u00f6vl\u00fckd\u0259 Q\u0259rb ancaq k\u0259nardan baxa bil\u0259c\u0259k. Maraql\u0131d\u0131r, \u00c7inin artan iddialar\u0131 qar\u015f\u0131l\u0131\u011f\u0131nda k\u0259nardan baxmaq \u00fc\u00e7\u00fcn n\u0259 q\u0259d\u0259r vaxt var? <\/p>\n\n\n\n<p>Bunu da g\u0259r\u0259k Va\u015finqtonda d\u00fc\u015f\u00fcns\u00fcnl\u0259r.<\/p>\n","protected":false},"excerpt":{"rendered":"<p>\u201c \u2026 h\u0259l\u0259 \u00e7ox m\u00fcnaqi\u015f\u0259 olacaq\u201d AB\u015e-\u0131n Az\u0259rbaycandak\u0131 sabiq s\u0259firi &#8230; <\/p>\n<p class=\"read-more-container\"><a title=\"AB\u015e diplomat\u0131n\u0131n etiraflar\u0131\" class=\"read-more button\" href=\"https:\/\/www.meydan.tv\/az\/article\/kecmis-abs-sefirinin-etiraflari\/#more-227706\" aria-label=\"Read more about AB\u015e diplomat\u0131n\u0131n etiraflar\u0131\">Davam\u0131<\/a><\/p>\n","protected":false},"author":8,"featured_media":129937,"comment_status":"closed","ping_status":"closed","sticky":false,"template":"","format":"standard","meta":{"_acf_changed":false,"_sitemap_exclude":false,"_sitemap_priority":"","_sitemap_frequency":"","footnotes":""},"categories":[57],"tags":[],"class_list":["post-227706","post","type-post","status-publish","format-standard","has-post-thumbnail","hentry","category-menim-fikrimce","infinite-scroll-item","generate-columns","tablet-grid-50","mobile-grid-100","grid-parent","grid-33","no-featured-image-padding"],"acf":[],"yoast_head":"<!-- This site is optimized with the Yoast SEO plugin v27.4 - https:\/\/yoast.com\/product\/yoast-seo-wordpress\/ -->\n<title>AB\u015e diplomat\u0131n\u0131n etiraflar\u0131 - MEYDAN.TV<\/title>\n<meta name=\"robots\" content=\"index, follow, max-snippet:-1, max-image-preview:large, max-video-preview:-1\" \/>\n<link rel=\"canonical\" href=\"https:\/\/www.meydan.tv\/az\/article\/kecmis-abs-sefirinin-etiraflari\/\" \/>\n<meta property=\"og:locale\" content=\"az_AZ\" \/>\n<meta property=\"og:type\" content=\"article\" \/>\n<meta property=\"og:title\" content=\"AB\u015e diplomat\u0131n\u0131n etiraflar\u0131 - MEYDAN.TV\" \/>\n<meta property=\"og:description\" content=\"\u201c \u2026 h\u0259l\u0259 \u00e7ox m\u00fcnaqi\u015f\u0259 olacaq\u201d AB\u015e-\u0131n Az\u0259rbaycandak\u0131 sabiq s\u0259firi ... Davam\u0131\" \/>\n<meta property=\"og:url\" content=\"https:\/\/www.meydan.tv\/az\/article\/kecmis-abs-sefirinin-etiraflari\/\" \/>\n<meta property=\"og:site_name\" content=\"MEYDAN.TV\" \/>\n<meta property=\"article:published_time\" content=\"2021-11-28T20:04:08+00:00\" \/>\n<meta property=\"article:modified_time\" content=\"2021-11-29T06:53:21+00:00\" \/>\n<meta property=\"og:image\" content=\"https:\/\/www.meydan.tv\/wp-content\/uploads\/untitled_artwork_5iccn6j-scaled.jpg\" \/>\n\t<meta property=\"og:image:width\" content=\"2560\" \/>\n\t<meta property=\"og:image:height\" content=\"1440\" \/>\n\t<meta property=\"og:image:type\" content=\"image\/jpeg\" \/>\n<meta name=\"author\" content=\"elli\" \/>\n<meta name=\"twitter:card\" content=\"summary_large_image\" \/>\n<meta name=\"twitter:creator\" content=\"@elli\" \/>\n<script type=\"application\/ld+json\" class=\"yoast-schema-graph\">{\"@context\":\"https:\\\/\\\/schema.org\",\"@graph\":[{\"@type\":\"Article\",\"@id\":\"https:\\\/\\\/www.meydan.tv\\\/az\\\/article\\\/kecmis-abs-sefirinin-etiraflari\\\/#article\",\"isPartOf\":{\"@id\":\"https:\\\/\\\/www.meydan.tv\\\/az\\\/article\\\/kecmis-abs-sefirinin-etiraflari\\\/\"},\"author\":{\"name\":\"elli\",\"@id\":\"https:\\\/\\\/www.meydan.tv\\\/az\\\/#\\\/schema\\\/person\\\/9cdbecf90d17180ce1dfbd95b08dcf47\"},\"headline\":\"AB\u015e diplomat\u0131n\u0131n etiraflar\u0131\",\"datePublished\":\"2021-11-28T20:04:08+00:00\",\"dateModified\":\"2021-11-29T06:53:21+00:00\",\"mainEntityOfPage\":{\"@id\":\"https:\\\/\\\/www.meydan.tv\\\/az\\\/article\\\/kecmis-abs-sefirinin-etiraflari\\\/\"},\"wordCount\":924,\"publisher\":{\"@id\":\"https:\\\/\\\/www.meydan.tv\\\/az\\\/#organization\"},\"image\":{\"@id\":\"https:\\\/\\\/www.meydan.tv\\\/az\\\/article\\\/kecmis-abs-sefirinin-etiraflari\\\/#primaryimage\"},\"thumbnailUrl\":\"https:\\\/\\\/www.meydan.tv\\\/wp-content\\\/uploads\\\/untitled_artwork_5iccn6j-scaled.jpg\",\"articleSection\":[\"M\u0259nim Fikrimc\u0259\"],\"inLanguage\":\"az\"},{\"@type\":\"WebPage\",\"@id\":\"https:\\\/\\\/www.meydan.tv\\\/az\\\/article\\\/kecmis-abs-sefirinin-etiraflari\\\/\",\"url\":\"https:\\\/\\\/www.meydan.tv\\\/az\\\/article\\\/kecmis-abs-sefirinin-etiraflari\\\/\",\"name\":\"AB\u015e diplomat\u0131n\u0131n etiraflar\u0131 - MEYDAN.TV\",\"isPartOf\":{\"@id\":\"https:\\\/\\\/www.meydan.tv\\\/az\\\/#website\"},\"primaryImageOfPage\":{\"@id\":\"https:\\\/\\\/www.meydan.tv\\\/az\\\/article\\\/kecmis-abs-sefirinin-etiraflari\\\/#primaryimage\"},\"image\":{\"@id\":\"https:\\\/\\\/www.meydan.tv\\\/az\\\/article\\\/kecmis-abs-sefirinin-etiraflari\\\/#primaryimage\"},\"thumbnailUrl\":\"https:\\\/\\\/www.meydan.tv\\\/wp-content\\\/uploads\\\/untitled_artwork_5iccn6j-scaled.jpg\",\"datePublished\":\"2021-11-28T20:04:08+00:00\",\"dateModified\":\"2021-11-29T06:53:21+00:00\",\"breadcrumb\":{\"@id\":\"https:\\\/\\\/www.meydan.tv\\\/az\\\/article\\\/kecmis-abs-sefirinin-etiraflari\\\/#breadcrumb\"},\"inLanguage\":\"az\",\"potentialAction\":[{\"@type\":\"ReadAction\",\"target\":[\"https:\\\/\\\/www.meydan.tv\\\/az\\\/article\\\/kecmis-abs-sefirinin-etiraflari\\\/\"]}]},{\"@type\":\"ImageObject\",\"inLanguage\":\"az\",\"@id\":\"https:\\\/\\\/www.meydan.tv\\\/az\\\/article\\\/kecmis-abs-sefirinin-etiraflari\\\/#primaryimage\",\"url\":\"https:\\\/\\\/www.meydan.tv\\\/wp-content\\\/uploads\\\/untitled_artwork_5iccn6j-scaled.jpg\",\"contentUrl\":\"https:\\\/\\\/www.meydan.tv\\\/wp-content\\\/uploads\\\/untitled_artwork_5iccn6j-scaled.jpg\",\"width\":2560,\"height\":1440,\"caption\":\"Seymur H\u0259zi, Foto:: Meydan TV\"},{\"@type\":\"BreadcrumbList\",\"@id\":\"https:\\\/\\\/www.meydan.tv\\\/az\\\/article\\\/kecmis-abs-sefirinin-etiraflari\\\/#breadcrumb\",\"itemListElement\":[{\"@type\":\"ListItem\",\"position\":1,\"name\":\"Ana s\u0259hif\u0259\",\"item\":\"https:\\\/\\\/www.meydan.tv\\\/az\\\/\"},{\"@type\":\"ListItem\",\"position\":2,\"name\":\"M\u0259nim Fikrimc\u0259\",\"item\":\"https:\\\/\\\/www.meydan.tv\\\/az\\\/section\\\/menim-fikrimce\\\/\"},{\"@type\":\"ListItem\",\"position\":3,\"name\":\"AB\u015e diplomat\u0131n\u0131n etiraflar\u0131\"}]},{\"@type\":\"WebSite\",\"@id\":\"https:\\\/\\\/www.meydan.tv\\\/az\\\/#website\",\"url\":\"https:\\\/\\\/www.meydan.tv\\\/az\\\/\",\"name\":\"MEYDAN.TV\",\"description\":\"Meydan TV Az\u0259rbaycan\u0131n media m\u0259kan\u0131ndak\u0131 alternativ s\u0259sidir\",\"publisher\":{\"@id\":\"https:\\\/\\\/www.meydan.tv\\\/az\\\/#organization\"},\"potentialAction\":[{\"@type\":\"SearchAction\",\"target\":{\"@type\":\"EntryPoint\",\"urlTemplate\":\"https:\\\/\\\/www.meydan.tv\\\/az\\\/?s={search_term_string}\"},\"query-input\":{\"@type\":\"PropertyValueSpecification\",\"valueRequired\":true,\"valueName\":\"search_term_string\"}}],\"inLanguage\":\"az\"},{\"@type\":\"Organization\",\"@id\":\"https:\\\/\\\/www.meydan.tv\\\/az\\\/#organization\",\"name\":\"Meydan TV\",\"url\":\"https:\\\/\\\/www.meydan.tv\\\/az\\\/\",\"logo\":{\"@type\":\"ImageObject\",\"inLanguage\":\"az\",\"@id\":\"https:\\\/\\\/www.meydan.tv\\\/az\\\/#\\\/schema\\\/logo\\\/image\\\/\",\"url\":\"https:\\\/\\\/www.meydan.tv\\\/wp-content\\\/uploads\\\/2021\\\/07\\\/meydan-logo.svg\",\"contentUrl\":\"https:\\\/\\\/www.meydan.tv\\\/wp-content\\\/uploads\\\/2021\\\/07\\\/meydan-logo.svg\",\"width\":195,\"height\":46,\"caption\":\"Meydan TV\"},\"image\":{\"@id\":\"https:\\\/\\\/www.meydan.tv\\\/az\\\/#\\\/schema\\\/logo\\\/image\\\/\"}},{\"@type\":\"Person\",\"@id\":\"https:\\\/\\\/www.meydan.tv\\\/az\\\/#\\\/schema\\\/person\\\/9cdbecf90d17180ce1dfbd95b08dcf47\",\"name\":\"elli\",\"sameAs\":[\"https:\\\/\\\/x.com\\\/elli\"]}]}<\/script>\n<!-- \/ Yoast SEO plugin. -->","yoast_head_json":{"title":"AB\u015e diplomat\u0131n\u0131n etiraflar\u0131 - MEYDAN.TV","robots":{"index":"index","follow":"follow","max-snippet":"max-snippet:-1","max-image-preview":"max-image-preview:large","max-video-preview":"max-video-preview:-1"},"canonical":"https:\/\/www.meydan.tv\/az\/article\/kecmis-abs-sefirinin-etiraflari\/","og_locale":"az_AZ","og_type":"article","og_title":"AB\u015e diplomat\u0131n\u0131n etiraflar\u0131 - MEYDAN.TV","og_description":"\u201c \u2026 h\u0259l\u0259 \u00e7ox m\u00fcnaqi\u015f\u0259 olacaq\u201d AB\u015e-\u0131n Az\u0259rbaycandak\u0131 sabiq s\u0259firi ... Davam\u0131","og_url":"https:\/\/www.meydan.tv\/az\/article\/kecmis-abs-sefirinin-etiraflari\/","og_site_name":"MEYDAN.TV","article_published_time":"2021-11-28T20:04:08+00:00","article_modified_time":"2021-11-29T06:53:21+00:00","og_image":[{"width":2560,"height":1440,"url":"https:\/\/www.meydan.tv\/wp-content\/uploads\/untitled_artwork_5iccn6j-scaled.jpg","type":"image\/jpeg"}],"author":"elli","twitter_card":"summary_large_image","twitter_creator":"@elli","schema":{"@context":"https:\/\/schema.org","@graph":[{"@type":"Article","@id":"https:\/\/www.meydan.tv\/az\/article\/kecmis-abs-sefirinin-etiraflari\/#article","isPartOf":{"@id":"https:\/\/www.meydan.tv\/az\/article\/kecmis-abs-sefirinin-etiraflari\/"},"author":{"name":"elli","@id":"https:\/\/www.meydan.tv\/az\/#\/schema\/person\/9cdbecf90d17180ce1dfbd95b08dcf47"},"headline":"AB\u015e diplomat\u0131n\u0131n etiraflar\u0131","datePublished":"2021-11-28T20:04:08+00:00","dateModified":"2021-11-29T06:53:21+00:00","mainEntityOfPage":{"@id":"https:\/\/www.meydan.tv\/az\/article\/kecmis-abs-sefirinin-etiraflari\/"},"wordCount":924,"publisher":{"@id":"https:\/\/www.meydan.tv\/az\/#organization"},"image":{"@id":"https:\/\/www.meydan.tv\/az\/article\/kecmis-abs-sefirinin-etiraflari\/#primaryimage"},"thumbnailUrl":"https:\/\/www.meydan.tv\/wp-content\/uploads\/untitled_artwork_5iccn6j-scaled.jpg","articleSection":["M\u0259nim Fikrimc\u0259"],"inLanguage":"az"},{"@type":"WebPage","@id":"https:\/\/www.meydan.tv\/az\/article\/kecmis-abs-sefirinin-etiraflari\/","url":"https:\/\/www.meydan.tv\/az\/article\/kecmis-abs-sefirinin-etiraflari\/","name":"AB\u015e diplomat\u0131n\u0131n etiraflar\u0131 - MEYDAN.TV","isPartOf":{"@id":"https:\/\/www.meydan.tv\/az\/#website"},"primaryImageOfPage":{"@id":"https:\/\/www.meydan.tv\/az\/article\/kecmis-abs-sefirinin-etiraflari\/#primaryimage"},"image":{"@id":"https:\/\/www.meydan.tv\/az\/article\/kecmis-abs-sefirinin-etiraflari\/#primaryimage"},"thumbnailUrl":"https:\/\/www.meydan.tv\/wp-content\/uploads\/untitled_artwork_5iccn6j-scaled.jpg","datePublished":"2021-11-28T20:04:08+00:00","dateModified":"2021-11-29T06:53:21+00:00","breadcrumb":{"@id":"https:\/\/www.meydan.tv\/az\/article\/kecmis-abs-sefirinin-etiraflari\/#breadcrumb"},"inLanguage":"az","potentialAction":[{"@type":"ReadAction","target":["https:\/\/www.meydan.tv\/az\/article\/kecmis-abs-sefirinin-etiraflari\/"]}]},{"@type":"ImageObject","inLanguage":"az","@id":"https:\/\/www.meydan.tv\/az\/article\/kecmis-abs-sefirinin-etiraflari\/#primaryimage","url":"https:\/\/www.meydan.tv\/wp-content\/uploads\/untitled_artwork_5iccn6j-scaled.jpg","contentUrl":"https:\/\/www.meydan.tv\/wp-content\/uploads\/untitled_artwork_5iccn6j-scaled.jpg","width":2560,"height":1440,"caption":"Seymur H\u0259zi, Foto:: Meydan TV"},{"@type":"BreadcrumbList","@id":"https:\/\/www.meydan.tv\/az\/article\/kecmis-abs-sefirinin-etiraflari\/#breadcrumb","itemListElement":[{"@type":"ListItem","position":1,"name":"Ana s\u0259hif\u0259","item":"https:\/\/www.meydan.tv\/az\/"},{"@type":"ListItem","position":2,"name":"M\u0259nim Fikrimc\u0259","item":"https:\/\/www.meydan.tv\/az\/section\/menim-fikrimce\/"},{"@type":"ListItem","position":3,"name":"AB\u015e diplomat\u0131n\u0131n etiraflar\u0131"}]},{"@type":"WebSite","@id":"https:\/\/www.meydan.tv\/az\/#website","url":"https:\/\/www.meydan.tv\/az\/","name":"MEYDAN.TV","description":"Meydan TV Az\u0259rbaycan\u0131n media m\u0259kan\u0131ndak\u0131 alternativ s\u0259sidir","publisher":{"@id":"https:\/\/www.meydan.tv\/az\/#organization"},"potentialAction":[{"@type":"SearchAction","target":{"@type":"EntryPoint","urlTemplate":"https:\/\/www.meydan.tv\/az\/?s={search_term_string}"},"query-input":{"@type":"PropertyValueSpecification","valueRequired":true,"valueName":"search_term_string"}}],"inLanguage":"az"},{"@type":"Organization","@id":"https:\/\/www.meydan.tv\/az\/#organization","name":"Meydan TV","url":"https:\/\/www.meydan.tv\/az\/","logo":{"@type":"ImageObject","inLanguage":"az","@id":"https:\/\/www.meydan.tv\/az\/#\/schema\/logo\/image\/","url":"https:\/\/www.meydan.tv\/wp-content\/uploads\/2021\/07\/meydan-logo.svg","contentUrl":"https:\/\/www.meydan.tv\/wp-content\/uploads\/2021\/07\/meydan-logo.svg","width":195,"height":46,"caption":"Meydan TV"},"image":{"@id":"https:\/\/www.meydan.tv\/az\/#\/schema\/logo\/image\/"}},{"@type":"Person","@id":"https:\/\/www.meydan.tv\/az\/#\/schema\/person\/9cdbecf90d17180ce1dfbd95b08dcf47","name":"elli","sameAs":["https:\/\/x.com\/elli"]}]}},"_links":{"self":[{"href":"https:\/\/www.meydan.tv\/az\/wp-json\/wp\/v2\/posts\/227706","targetHints":{"allow":["GET"]}}],"collection":[{"href":"https:\/\/www.meydan.tv\/az\/wp-json\/wp\/v2\/posts"}],"about":[{"href":"https:\/\/www.meydan.tv\/az\/wp-json\/wp\/v2\/types\/post"}],"author":[{"embeddable":true,"href":"https:\/\/www.meydan.tv\/az\/wp-json\/wp\/v2\/users\/8"}],"replies":[{"embeddable":true,"href":"https:\/\/www.meydan.tv\/az\/wp-json\/wp\/v2\/comments?post=227706"}],"version-history":[{"count":3,"href":"https:\/\/www.meydan.tv\/az\/wp-json\/wp\/v2\/posts\/227706\/revisions"}],"predecessor-version":[{"id":227718,"href":"https:\/\/www.meydan.tv\/az\/wp-json\/wp\/v2\/posts\/227706\/revisions\/227718"}],"wp:featuredmedia":[{"embeddable":true,"href":"https:\/\/www.meydan.tv\/az\/wp-json\/wp\/v2\/media\/129937"}],"wp:attachment":[{"href":"https:\/\/www.meydan.tv\/az\/wp-json\/wp\/v2\/media?parent=227706"}],"wp:term":[{"taxonomy":"category","embeddable":true,"href":"https:\/\/www.meydan.tv\/az\/wp-json\/wp\/v2\/categories?post=227706"},{"taxonomy":"post_tag","embeddable":true,"href":"https:\/\/www.meydan.tv\/az\/wp-json\/wp\/v2\/tags?post=227706"}],"curies":[{"name":"wp","href":"https:\/\/api.w.org\/{rel}","templated":true}]}}