{"id":227704,"date":"2021-11-28T23:59:24","date_gmt":"2021-11-28T19:59:24","guid":{"rendered":"https:\/\/www.meydan.tv\/?p=227704"},"modified":"2021-11-29T00:05:13","modified_gmt":"2021-11-28T20:05:13","slug":"soci-gorusune-sozardi","status":"publish","type":"post","link":"https:\/\/www.meydan.tv\/az\/article\/soci-gorusune-sozardi\/","title":{"rendered":"So\u00e7i g\u00f6r\u00fc\u015f\u00fcn\u0259 s\u00f6zard\u0131"},"content":{"rendered":"\n<p><em>Liderl\u0259r g\u00f6r\u00fc\u015fd\u0259 hans\u0131 ifad\u0259l\u0259ri i\u015fl\u0259tdil\u0259r<\/em><br><\/p>\n\n\n\n<p>Noyabr\u0131n 26-da Az\u0259rbaycan, Rusiya prezidentl\u0259rinin v\u0259 Erm\u0259nistan\u0131n Ba\u015f nazirinin So\u00e7id\u0259ki g\u00f6r\u00fc\u015f\u00fc \u00fc\u00e7 \u00f6lk\u0259d\u0259 g\u00fcnd\u0259md\u0259 olan \u0259n vacib m\u0259s\u0259l\u0259 oldu. M\u0259lum m\u0259s\u0259l\u0259dir ki, ba\u011fl\u0131 qap\u0131lar arxas\u0131nda \u0130lham \u018fliyev, Nikol Pa\u015finyan v\u0259 Vladimir Putinin d\u0259qiqlikl\u0259 n\u0259 dan\u0131\u015fd\u0131qlar\u0131n\u0131, kimin konkret olaraq n\u0259 dediyini v\u0259 Az\u0259rbaycanla Erm\u0259nistan aras\u0131nda olan probleml\u0259rin h\u0259lli \u00fc\u00e7\u00fcn hans\u0131 q\u0259rarlar\u0131n verildiyini bilm\u0259k m\u00fcmk\u00fcn deyil. Media n\u00fcmay\u0259nd\u0259l\u0259ri v\u0259 ekspertl\u0259r yaln\u0131z ictimaiyy\u0259t \u00fc\u00e7\u00fcn veril\u0259n a\u00e7\u0131q b\u0259yanatlardan, liderl\u0259rin dan\u0131\u015f\u0131q intonasiyalar\u0131ndan, terminl\u0259rin hans\u0131 formada i\u015fl\u0259dilm\u0259sind\u0259n, h\u0259tta kimin nec\u0259 baxmas\u0131ndan v\u0259 sair h\u0259r\u0259k\u0259tl\u0259rd\u0259n m\u00fc\u0259yy\u0259n n\u0259tic\u0259l\u0259r \u00e7\u0131xara bil\u0259rl\u0259r. O da m\u0259lumdur ki, \u00e7\u0131xar\u0131lan b\u00fct\u00fcn n\u0259tic\u0259l\u0259r subyektiv xarakter da\u015f\u0131y\u0131r v\u0259 h\u0259min o n\u0259tic\u0259ni \u00e7\u0131xaran \u015f\u0259xsin f\u0259rd olaraq hissiyyat\u0131ndan as\u0131l\u0131d\u0131r. O c\u00fcml\u0259d\u0259n, oxuculara t\u0259qdim edil\u0259n bu yaz\u0131 da m\u00fc\u0259llifin \u015f\u0259xsi m\u00fc\u015fahid\u0259l\u0259rinin n\u0259tic\u0259sidir v\u0259 \u201cham\u0131 birm\u0259nal\u0131 olaraq yaz\u0131da qeyd edil\u0259n m\u0259qamlarla m\u00fctl\u0259q raz\u0131la\u015fmal\u0131d\u0131r\u201d iddias\u0131ndan uzaqd\u0131r.<br><\/p>\n\n\n\n<p>Bel\u0259likl\u0259, So\u00e7id\u0259 \u00fc\u00e7t\u0259r\u0259fli g\u00f6r\u00fc\u015f ba\u015fa \u00e7at\u0131r v\u0259 h\u0259r \u00fc\u00e7 lider m\u0259tbuat qar\u015f\u0131s\u0131na <a href=\"https:\/\/www.youtube.com\/watch?v=375fa4LyP6g\" target=\"_blank\" rel=\"noreferrer noopener\">\u00e7\u0131x\u0131r<\/a>.<br><br>D\u00f6vl\u0259t ba\u015f\u00e7\u0131lar\u0131n\u0131n s\u00f6zl\u0259rind\u0259n bel\u0259 n\u0259tic\u0259 \u00e7\u0131xarmaq olar ki, d\u00f6rd saata yax\u0131n \u00e7\u0259k\u0259n g\u00f6r\u00fc\u015fd\u0259 \u00fc\u00e7 m\u0259s\u0259l\u0259 m\u00fczakir\u0259 olunub \u2013 s\u0259rh\u0259dl\u0259rin delimitasiya v\u0259 demarkasiyas\u0131, humanitar m\u0259s\u0259l\u0259l\u0259r v\u0259 kommunikasiyalar\u0131n, n\u0259qliyyat yollar\u0131n\u0131n a\u00e7\u0131lmas\u0131. Veril\u0259n b\u0259yanatlardan o da ayd\u0131n olur ki, h\u0259r \u00fc\u00e7 m\u0259s\u0259l\u0259d\u0259 t\u0259r\u0259fl\u0259r raz\u0131l\u0131\u011fa g\u0259libl\u0259r.<br><\/p>\n\n\n\n<p>G\u00f6r\u00fc\u015fd\u0259 \u0259lav\u0259 olaraq, h\u0259r hans\u0131 bir d\u00f6rd\u00fcnc\u00fc m\u0259s\u0259l\u0259nin t\u0259klif edilm\u0259si v\u0259 m\u00fczakir\u0259d\u0259n sonra raz\u0131l\u0131q \u0259ld\u0259 edilm\u0259m\u0259si bar\u0259d\u0259 he\u00e7 bir ni\u015fan\u0259 yoxdur. Bel\u0259 ki, liderl\u0259rd\u0259n he\u00e7 biri \u00e7\u0131x\u0131\u015f\u0131nda buna eyham vurmad\u0131. <\/p>\n\n\n\n<p>Xat\u0131rlatmaq laz\u0131md\u0131r ki, g\u00f6r\u00fc\u015f\u00fcn \u0259vv\u0259lind\u0259 &#8211; m\u0259tbuat \u00fc\u00e7\u00fcn a\u00e7\u0131q hiss\u0259sind\u0259, \u00e7\u0131x\u0131\u015f n\u00f6vb\u0259si \u00e7atan Erm\u0259nistan\u0131n Ba\u015f naziri Nikol Pa\u015finyan \u00f6z\u00fcnd\u0259n \u0259vv\u0259l \u00e7\u0131x\u0131\u015f ed\u0259n Az\u0259rbaycan Prezidenti \u0130lham \u018fliyevin 9 noyabr 2020-ci ild\u0259 (Bak\u0131 vaxt\u0131 il\u0259 10 noyabr 2020-ci il- m\u00fc\u0259llif) q\u0259bul edil\u0259n \u00fc\u00e7t\u0259r\u0259fli b\u0259yanat\u0131n madd\u0259l\u0259rind\u0259n yaln\u0131z kommunikasiyalar\u0131n a\u00e7\u0131lmas\u0131 bar\u0259d\u0259 madd\u0259sinin realla\u015fmad\u0131\u011f\u0131 fikri il\u0259 raz\u0131la\u015fmad\u0131\u011f\u0131n\u0131 elan <a href=\"https:\/\/www.youtube.com\/watch?v=2D78ME0ybi4\" target=\"_blank\" rel=\"noreferrer noopener\">etdi<\/a>.<br><br>Y\u0259ni, g\u00f6r\u00fc\u015fd\u0259 h\u0259r hans\u0131 bir m\u0259s\u0259l\u0259d\u0259 raz\u0131l\u0131\u011f\u0131n \u0259ld\u0259 olunmamas\u0131 t\u0259qdirind\u0259, liderl\u0259rin bunu diplomatik dill\u0259 m\u0259tbuata bildirm\u0259si normal bir qaydad\u0131r ki, \u00fc\u00e7t\u0259r\u0259fli g\u00f6r\u00fc\u015fd\u0259n sonra bel\u0259 bir hal qeyd\u0259 al\u0131nmad\u0131.<br>\u018fksin\u0259, g\u00f6r\u00fc\u015fd\u0259n sonra sonuncu \u00e7\u0131x\u0131\u015f ed\u0259n Nikol Pa\u015finyan dan\u0131\u015f\u0131qlar zaman\u0131 bir s\u0131ra m\u0259s\u0259l\u0259l\u0259rd\u0259 m\u00f6vqel\u0259ri ayd\u0131nla\u015fd\u0131rd\u0131qlar\u0131n\u0131 dedi v\u0259 \u0259lav\u0259 etdi ki, \u201cg\u00f6r\u00fc\u015f\u0259 q\u0259d\u0259r bir s\u0131ra m\u0259s\u0259l\u0259l\u0259rd\u0259 ilk bax\u0131\u015fdan t\u0259zadl\u0131 g\u00f6r\u00fcn\u0259n m\u0259qamlarda m\u0259lum oldu ki, he\u00e7 bir t\u0259zad yoxdur\u201d.<br><\/p>\n\n\n\n<p>H\u0259r \u00fc\u00e7 lider \u00e7\u0131x\u0131\u015f\u0131nda humanitar m\u0259s\u0259l\u0259l\u0259rin m\u00fczakir\u0259 edildiyini dedi. G\u00fcman etm\u0259k olar ki, humanitar m\u0259s\u0259l\u0259 dedikd\u0259, Az\u0259rbaycanda m\u0259hk\u0259m\u0259l\u0259rin q\u0259rarlar\u0131 il\u0259 m\u00fcxt\u0259lif m\u00fcdd\u0259tl\u0259r\u0259 azadl\u0131qdan m\u0259hrum edilm\u0259 c\u0259zas\u0131 alm\u0131\u015f erm\u0259nil\u0259r n\u0259z\u0259rd\u0259 tutulur. Bu bax\u0131mdan Prezident \u0130lham \u018fliyevin indiy\u0259 q\u0259d\u0259r 100-d\u0259n \u00e7ox erm\u0259ni \u0259sg\u0259rinin Erm\u0259nistana qaytar\u0131lmas\u0131n\u0131 qeyd etm\u0259si v\u0259 Az\u0259rbaycan\u0131n bundan sonra da humanizm aliliyi prinsipind\u0259n \u00e7\u0131x\u0131\u015f ed\u0259c\u0259yini dem\u0259si onu g\u00f6st\u0259rir ki, r\u0259smi Bak\u0131 yax\u0131n zamanlarda, ekstraordinar bir hadis\u0259nin ba\u015f verm\u0259y\u0259c\u0259yi t\u0259qdird\u0259 Az\u0259rbaycanda olan erm\u0259ni h\u0259rb\u00e7il\u0259rinin b\u00f6y\u00fck hiss\u0259sini, ola bil\u0259r ki, ham\u0131s\u0131n\u0131 Erm\u0259nistana ver\u0259c\u0259k.<br><\/p>\n\n\n\n<p>S\u0259rh\u0259dl\u0259rin delimitasiya v\u0259 demarkasiyas\u0131 prosesinin ba\u015flamas\u0131, kommunikasiyalar\u0131n, n\u0259qliyyat yollar\u0131n\u0131n a\u00e7\u0131lmas\u0131 \u00fc\u00e7\u00fcn i\u015fl\u0259r\u0259 ba\u015flan\u0131lmas\u0131 m\u0259s\u0259l\u0259sind\u0259 liderl\u0259rin raz\u0131l\u0131\u011fa g\u0259lm\u0259si d\u0259 g\u00fcn kimi ayd\u0131nd\u0131r.<br><\/p>\n\n\n\n<p>Bu g\u00f6r\u00fc\u015f h\u0259m\u00e7inin, Rusiya Prezidenti Vladimir Putinin Az\u0259rbaycana olan \u015f\u0259xsi m\u00fcnasib\u0259tini bir daha n\u00fcmayi\u015f etdirdi. V\u0259 dem\u0259k olar ki, bu m\u00fcnasib\u0259t pozitivdir. T\u0259bii ki, bunu T\u00fcrkiy\u0259 Prezidenti R\u0259c\u0259b Tayib \u018frdo\u011fan\u0131n v\u0259 \u00fcmumiyy\u0259tl\u0259 T\u00fcrkiy\u0259 r\u0259smil\u0259rinin, m\u00fcxalif\u0259t n\u00fcmay\u0259nd\u0259l\u0259rinin, sad\u0259 v\u0259t\u0259nda\u015flar\u0131n Az\u0259rbaycana olan m\u00fcnasib\u0259ti il\u0259 eynil\u0259\u015fdirm\u0259k olmaz. Amma Putin \u00fc\u00e7\u00fcn vacib olan v\u0259 onun h\u0259ssasl\u0131qla yana\u015fd\u0131\u011f\u0131 bir s\u0131ra m\u0259s\u0259l\u0259l\u0259rd\u0259 Az\u0259rbaycan\u0131n m\u00f6vqeyi Kreml sahibinin r\u0259yinin pozitiv istiqam\u0259td\u0259 formala\u015fd\u0131rd\u0131\u011f\u0131n\u0131 vur\u011fulamaq laz\u0131md\u0131r. Yada salmaq laz\u0131md\u0131r ki, Putinin hakimiyy\u0259td\u0259 oldu\u011fu d\u00f6vr \u0259rzind\u0259 Az\u0259rbaycan bir s\u0131ra ke\u00e7mi\u015f sovet respublikalar\u0131ndan f\u0259rqli olaraq, Rusiya \u0259leyhin\u0259 he\u00e7 bir siyasi layih\u0259d\u0259 i\u015ftirak etm\u0259yib. Putinin h\u0259ssas yana\u015fd\u0131\u011f\u0131 rus dilinin s\u0131x\u0131\u015fd\u0131r\u0131lmamas\u0131 v\u0259 etnik ruslara yax\u015f\u0131 m\u00fcnasib\u0259t n\u00f6qteyi-n\u0259z\u0259rind\u0259n Az\u0259rbaycanda he\u00e7 bir problemin olmamas\u0131 da onun Az\u0259rbaycanla ba\u011fl\u0131 fikrinin formala\u015fmas\u0131nda m\u00fch\u00fcm rol oynay\u0131b. Vladimir Putinin \u0130lham \u018fliyevl\u0259 t\u0259kb\u0259t\u0259k g\u00f6r\u00fc\u015f\u00fcn\u00fcn media \u00fc\u00e7\u00fcn a\u00e7\u0131q hiss\u0259sind\u0259 Az\u0259rbaycanda rusdilli m\u0259kt\u0259bl\u0259rin say\u0131n\u0131n kifay\u0259t q\u0259d\u0259r olmas\u0131, 34% m\u0259kt\u0259blinin rus dilind\u0259 t\u0259hsil almas\u0131n\u0131 qeyd etm\u0259si m\u0259hz bunun <a href=\"https:\/\/www.youtube.com\/watch?v=YGOqP03oSA4\" target=\"_blank\" rel=\"noreferrer noopener\">g\u00f6st\u0259ricisidir<\/a>.<br><br>Putin s\u0259viyy\u0259li liderl\u0259r he\u00e7 bir s\u00f6z\u00fc t\u0259sad\u00fcf\u0259n i\u015fl\u0259tmirl\u0259r. Rusiya Prezidentinin bu b\u0259yanat\u0131 bir m\u00fcdd\u0259t \u0259vv\u0259l Yerevanda \u201c\u018flvida, \u00e7irkli Rusiya\u201d \u015f\u00fcarlar\u0131n\u0131n s\u0259sl\u0259ndirilm\u0259si, AB\u015e-\u0131n Erm\u0259nistandank\u0131 s\u0259firliyi qar\u015f\u0131s\u0131nda \u201cRuslar eviniz\u0259 gedin, Amerika k\u00f6m\u0259k et\u201d \u015f\u00fcarlar\u0131 il\u0259 ke\u00e7iril\u0259n etiraz aksiyalar\u0131 fonunda verdiyini d\u0259 n\u0259z\u0259r\u0259 almaq laz\u0131md\u0131r.<br><\/p>\n\n\n\n<p>So\u00e7i g\u00f6r\u00fc\u015fl\u0259ri zaman\u0131 kommunikasiyalar\u0131n, n\u0259qliyyat x\u0259tl\u0259rinin a\u00e7\u0131lmas\u0131 m\u0259s\u0259l\u0259sind\u0259 Az\u0259rbaycan v\u0259 Rusiyan\u0131n eyni m\u00f6vqed\u0259n \u00e7\u0131x\u0131\u015f etdiyi a\u00e7\u0131q g\u00f6r\u00fcnd\u00fc. Bu, he\u00e7 d\u0259 o dem\u0259k deyil ki, Erm\u0259nistan-Az\u0259rbaycan m\u00fcnaqi\u015f\u0259sind\u0259 Rusiya tam olaraq Az\u0259rbaycan\u0131n t\u0259r\u0259find\u0259dir. Sad\u0259c\u0259 i\u015f el\u0259 g\u0259tirib ki, bu m\u0259s\u0259l\u0259d\u0259 Az\u0259rbaycan v\u0259 Rusiyan\u0131n m\u00f6vqel\u0259ri \u00fcst-\u00fcst\u0259 d\u00fc\u015f\u00fcr. \u00dc\u00e7t\u0259r\u0259fli g\u00f6r\u00fc\u015fd\u0259n sonra, Putin Pa\u015finyanla g\u00f6r\u00fc\u015f\u00fcn media \u00fc\u00e7\u00fcn a\u00e7\u0131q hiss\u0259sind\u0259 \u00e7ox m\u00fch\u00fcm bir fikir s\u00f6yl\u0259di: <\/p>\n\n\n\n<p>\u201cN\u0259qliyyat mar\u015frutlar\u0131 vacibdir. Bu b\u00f6lg\u0259d\u0259 b\u00fct\u00fcn \u00f6lk\u0259l\u0259rin iqtisadiyyat\u0131, o c\u00fcml\u0259d\u0259n Rusiya \u00fc\u00e7\u00fcn vacibdir. \u0130nsanlar bunun a\u00e7\u0131lmas\u0131ndan olan xeyri g\u00f6r\u0259n kimi, tamam ba\u015fqa atmosfer <a href=\"https:\/\/www.youtube.com\/watch?v=R62j9rllEIg\" target=\"_blank\" rel=\"noreferrer noopener\">olacaq<\/a>\u201d. <br><\/p>\n\n\n\n<p>Bu s\u00f6zl\u0259rd\u0259n sonra birm\u0259nal\u0131 olaraq n\u0259tic\u0259 \u00e7\u0131xarmaq olar ki, Nikol Pa\u015finyan \u00fc\u00e7t\u0259r\u0259fli g\u00f6r\u00fc\u015f zaman\u0131 r\u0259hb\u0259rlik etdiyi Erm\u0259nistan h\u00f6kum\u0259tinin n\u0259qliyyat x\u0259tl\u0259rinin a\u00e7\u0131lmas\u0131na etiraz etm\u0259diyini, sad\u0259c\u0259 olaraq \u00f6lk\u0259d\u0259 m\u00fcxalif\u0259tin t\u0259bli\u011fat\u0131 n\u0259tic\u0259sind\u0259 ictimaiyy\u0259tin bunun \u0259leyhin\u0259 olmas\u0131n\u0131 problem kimi qald\u0131r\u0131b v\u0259 ehtiyat etdiyini deyib. Raz\u0131l\u0131\u011f\u0131n \u0259ld\u0259 edilm\u0259si bar\u0259d\u0259 \u00fc\u00e7 liderin dediyi is\u0259 onu g\u00f6st\u0259rir ki, \u0130lham \u018fliyev v\u0259 Vladimir Putin onu bu m\u0259s\u0259l\u0259d\u0259 c\u0259sar\u0259tli m\u00f6vqe n\u00fcmayi\u015f etdirm\u0259li oldu\u011funa inand\u0131ra bilib. Bu m\u0259s\u0259l\u0259ni \u00fcmumil\u0259\u015fdirs\u0259k onu dem\u0259liyik ki, Erm\u0259nistanda v\u0259 Rusiyada erm\u0259ni \u0259silli siyas\u0259t\u00e7il\u0259rin, media n\u00fcmay\u0259nd\u0259l\u0259rinin Z\u0259ng\u0259zur d\u0259hlizinin yaln\u0131z Az\u0259rbaycan v\u0259 T\u00fcrkiy\u0259y\u0259 s\u0259rf etdiyi v\u0259 bunun n\u0259tic\u0259sind\u0259 T\u00fcrk d\u00fcnyas\u0131n\u0131n birl\u0259\u015f\u0259c\u0259yi, bu layih\u0259nin Rusiyan\u0131n \u0259leyhin\u0259 olmas\u0131 kimi t\u0259bli\u011fat kampaniyas\u0131 tam iflasa u\u011frad\u0131 v\u0259 Putin d\u0259hlizin Rusiya \u00fc\u00e7\u00fcn m\u00fch\u00fcm \u0259h\u0259miyy\u0259t k\u0259sb etdyini konkret olaraq ham\u0131n\u0131n diqq\u0259tin\u0259 \u00e7atd\u0131rd\u0131.<br><\/p>\n\n\n\n<p>V\u0259 son olaraq So\u00e7i g\u00f6r\u00fc\u015f\u00fcnd\u0259 hans\u0131 ifad\u0259l\u0259rin i\u015fl\u0259nm\u0259diyi bar\u0259d\u0259.<br><\/p>\n\n\n\n<p>G\u00f6zl\u0259nildiyi kimi \u0130lham \u018fliyev n\u0259 \u201cDa\u011fl\u0131q Qaraba\u011f m\u00fcnaqi\u015f\u0259si\u201d, n\u0259 d\u0259 \u201cQaraba\u011f m\u00fcnaqi\u015f\u0259si\u201d ifad\u0259sini i\u015fl\u0259tm\u0259di. \u00d6lk\u0259 prezidenti m\u0259s\u0259l\u0259ni Erm\u0259nistan-Az\u0259rbaycan m\u00fcnaqi\u015f\u0259si kimi xarakteriz\u0259 etdi ki, bu da onun m\u00fcharib\u0259d\u0259n sonra Da\u011fl\u0131q Qaraba\u011f m\u00fcnaqi\u015f\u0259si bitib b\u0259yanatlar\u0131na tam uy\u011fun idi v\u0259 Az\u0259rbaycan ictimaiyy\u0259ti \u00fc\u00e7\u00fcn s\u00fcrpriz olmad\u0131.<br><\/p>\n\n\n\n<p>Rusiya Prezidenti Vladimir Putin \u0130lham \u018fliyevl\u0259 t\u0259kb\u0259t\u0259k g\u00f6r\u00fc\u015f\u00fc zaman\u0131 iki d\u0259f\u0259 \u201cDa\u011fl\u0131q Qaraba\u011f m\u00fcnaqi\u015f\u0259si\u201d ifad\u0259sini i\u015fl\u0259tdi. Amma \u00fc\u00e7 liderin g\u00f6r\u00fc\u015fd\u0259n sonra b\u0259yanat\u0131 zaman\u0131 o, \u201cQaraba\u011f m\u00fcnaqi\u015f\u0259si\u201d dedi. Ola bil\u0259r ki, bu, bir t\u0259sad\u00fcfd\u00fcr v\u0259 n\u00f6vb\u0259ti d\u0259f\u0259l\u0259rd\u0259 yen\u0259 d\u0259 \u201cDa\u011fl\u0131q Qaraba\u011f\u201d dey\u0259c\u0259k, amma bayaq da deyildiyi kimi, Putin s\u0259viyy\u0259li siyas\u0259t\u00e7il\u0259rd\u0259 t\u0259sad\u00fcfl\u0259r dem\u0259k olar ki, olmur. H\u0259r halda g\u0259l\u0259c\u0259kd\u0259 onun bu m\u00fcnaqi\u015f\u0259 il\u0259 ba\u011fl\u0131 i\u015fl\u0259d\u0259c\u0259yi ifad\u0259l\u0259r, bunun t\u0259sad\u00fcf olub-olmamas\u0131n\u0131 g\u00f6st\u0259r\u0259c\u0259k. Amma maraql\u0131s\u0131 odur ki, g\u00f6r\u00fc\u015f\u00fc i\u015f\u0131qland\u0131ran Rusiyan\u0131n r\u0259smi telekanallar\u0131 da kadr alt\u0131nda olan titrl\u0259rd\u0259 Da\u011fl\u0131q Qaraba\u011f yox, Qaraba\u011f m\u00fcnaqi\u015f\u0259si kimi qeyd edirdil\u0259r.<br><\/p>\n\n\n\n<p>Liderl\u0259rin g\u00f6r\u00fc\u015f\u00fcn m\u0259tbuata a\u00e7\u0131q hiss\u0259sind\u0259 olan \u00e7\u0131x\u0131\u015flar\u0131nda tam ayd\u0131n g\u00f6r\u00fcnd\u00fc ki, Vladimir Putin v\u0259 \u0130lham \u018fliyev AT\u018fT-in Minsk qrupunun varl\u0131\u011f\u0131n\u0131 tam yaddan \u00e7\u0131xar\u0131blar v\u0259 yenid\u0259n hafiz\u0259l\u0259rind\u0259 bunu b\u0259rpa etm\u0259k ist\u0259mirl\u0259r. Minsk qrupunun ad\u0131n\u0131 g\u00f6r\u00fc\u015f zaman\u0131 bir d\u0259f\u0259 t\u0259kc\u0259 Erm\u0259nistan\u0131n Ba\u015f naziri Nikol Pa\u015finyan \u00e7\u0259kdi v\u0259 bundan sonra Minsk qrupunu bir daha yada salan olmad\u0131.<br><\/p>\n\n\n\n<p>Az\u0259rbaycan m\u00f6vqeyind\u0259n \u00e7ox vacib daha bir m\u0259s\u0259l\u0259 var. Yaz\u0131n\u0131n \u0259vv\u0259lind\u0259 deyildiyi kimi, g\u00f6r\u00fc\u015f\u00fcn g\u00fcnd\u0259liyind\u0259 c\u0259mi \u00fc\u00e7 m\u0259s\u0259l\u0259 var idi v\u0259 bunlar aras\u0131nda Erm\u0259nistan t\u0259r\u0259finin \u0259vv\u0259ll\u0259r sev\u0259r\u0259k t\u0259krar etdiyi \u201cxalqlar\u0131n \u00f6z m\u00fcq\u0259dd\u0259rat\u0131n\u0131 h\u0259ll etm\u0259sinin vacibliyi\u201d, \u201cQaraba\u011fda erm\u0259nil\u0259r\u0259 status verilm\u0259si\u201d m\u0259s\u0259l\u0259si n\u0259inki olmad\u0131, onlar h\u0259tta \u015fifahi olaraq g\u0259l\u0259c\u0259kd\u0259 h\u0259ll edilm\u0259li olan madd\u0259 kimi d\u0259 yada sal\u0131nmad\u0131. Bu, onu g\u00f6st\u0259rir ki, Az\u0259rbaycan \u0259n az\u0131ndan yax\u0131n g\u0259l\u0259c\u0259k \u00fc\u00e7\u00fcn dan\u0131\u015f\u0131qlar g\u00fcnd\u0259liyind\u0259n h\u0259min m\u0259s\u0259l\u0259l\u0259ri \u00e7\u0131xar\u0131b. Q\u0131sa des\u0259k, status m\u0259s\u0259l\u0259si Az\u0259rbaycanda art\u0131q az qala xalq m\u0259s\u0259lin\u0259 \u00e7evrilmi\u015f ifad\u0259d\u0259 deyildiyi kimi \u201cgetdi\u2026.\u201d.<\/p>\n","protected":false},"excerpt":{"rendered":"<p>Liderl\u0259r g\u00f6r\u00fc\u015fd\u0259 hans\u0131 ifad\u0259l\u0259ri i\u015fl\u0259tdil\u0259r Noyabr\u0131n 26-da Az\u0259rbaycan, Rusiya prezidentl\u0259rinin &#8230; <\/p>\n<p class=\"read-more-container\"><a title=\"So\u00e7i g\u00f6r\u00fc\u015f\u00fcn\u0259 s\u00f6zard\u0131\" class=\"read-more button\" href=\"https:\/\/www.meydan.tv\/az\/article\/soci-gorusune-sozardi\/#more-227704\" aria-label=\"Read more about So\u00e7i g\u00f6r\u00fc\u015f\u00fcn\u0259 s\u00f6zard\u0131\">Davam\u0131<\/a><\/p>\n","protected":false},"author":8,"featured_media":227667,"comment_status":"closed","ping_status":"closed","sticky":false,"template":"","format":"standard","meta":{"_acf_changed":false,"_sitemap_exclude":false,"_sitemap_priority":"","_sitemap_frequency":"","footnotes":""},"categories":[51,59,56],"tags":[],"class_list":["post-227704","post","type-post","status-publish","format-standard","has-post-thumbnail","hentry","category-analitika","category-siyaset","category-xeberler","infinite-scroll-item","generate-columns","tablet-grid-50","mobile-grid-100","grid-parent","grid-33","no-featured-image-padding"],"acf":[],"yoast_head":"<!-- This site is optimized with the Yoast SEO plugin v27.4 - https:\/\/yoast.com\/product\/yoast-seo-wordpress\/ -->\n<title>So\u00e7i g\u00f6r\u00fc\u015f\u00fcn\u0259 s\u00f6zard\u0131 - MEYDAN.TV<\/title>\n<meta name=\"robots\" content=\"index, follow, max-snippet:-1, max-image-preview:large, max-video-preview:-1\" \/>\n<link rel=\"canonical\" href=\"https:\/\/www.meydan.tv\/az\/article\/soci-gorusune-sozardi\/\" \/>\n<meta property=\"og:locale\" content=\"az_AZ\" \/>\n<meta property=\"og:type\" content=\"article\" \/>\n<meta property=\"og:title\" content=\"So\u00e7i g\u00f6r\u00fc\u015f\u00fcn\u0259 s\u00f6zard\u0131 - MEYDAN.TV\" \/>\n<meta property=\"og:description\" content=\"Liderl\u0259r g\u00f6r\u00fc\u015fd\u0259 hans\u0131 ifad\u0259l\u0259ri i\u015fl\u0259tdil\u0259r Noyabr\u0131n 26-da Az\u0259rbaycan, Rusiya prezidentl\u0259rinin ... Davam\u0131\" \/>\n<meta property=\"og:url\" content=\"https:\/\/www.meydan.tv\/az\/article\/soci-gorusune-sozardi\/\" \/>\n<meta property=\"og:site_name\" content=\"MEYDAN.TV\" \/>\n<meta property=\"article:published_time\" content=\"2021-11-28T19:59:24+00:00\" \/>\n<meta property=\"article:modified_time\" content=\"2021-11-28T20:05:13+00:00\" \/>\n<meta property=\"og:image\" content=\"https:\/\/www.meydan.tv\/wp-content\/uploads\/1637946693329114320_1000x669.jpg\" \/>\n\t<meta property=\"og:image:width\" content=\"1000\" \/>\n\t<meta property=\"og:image:height\" content=\"650\" \/>\n\t<meta property=\"og:image:type\" content=\"image\/jpeg\" \/>\n<meta name=\"author\" content=\"elli\" \/>\n<meta name=\"twitter:card\" content=\"summary_large_image\" \/>\n<meta name=\"twitter:creator\" content=\"@elli\" \/>\n<script type=\"application\/ld+json\" class=\"yoast-schema-graph\">{\"@context\":\"https:\\\/\\\/schema.org\",\"@graph\":[{\"@type\":\"Article\",\"@id\":\"https:\\\/\\\/www.meydan.tv\\\/az\\\/article\\\/soci-gorusune-sozardi\\\/#article\",\"isPartOf\":{\"@id\":\"https:\\\/\\\/www.meydan.tv\\\/az\\\/article\\\/soci-gorusune-sozardi\\\/\"},\"author\":{\"name\":\"elli\",\"@id\":\"https:\\\/\\\/www.meydan.tv\\\/az\\\/#\\\/schema\\\/person\\\/9cdbecf90d17180ce1dfbd95b08dcf47\"},\"headline\":\"So\u00e7i g\u00f6r\u00fc\u015f\u00fcn\u0259 s\u00f6zard\u0131\",\"datePublished\":\"2021-11-28T19:59:24+00:00\",\"dateModified\":\"2021-11-28T20:05:13+00:00\",\"mainEntityOfPage\":{\"@id\":\"https:\\\/\\\/www.meydan.tv\\\/az\\\/article\\\/soci-gorusune-sozardi\\\/\"},\"wordCount\":2000,\"publisher\":{\"@id\":\"https:\\\/\\\/www.meydan.tv\\\/az\\\/#organization\"},\"image\":{\"@id\":\"https:\\\/\\\/www.meydan.tv\\\/az\\\/article\\\/soci-gorusune-sozardi\\\/#primaryimage\"},\"thumbnailUrl\":\"https:\\\/\\\/www.meydan.tv\\\/wp-content\\\/uploads\\\/1637946693329114320_1000x669.jpg\",\"articleSection\":[\"Analitika\",\"Siyas\u0259t\",\"X\u0259b\u0259rl\u0259r\"],\"inLanguage\":\"az\"},{\"@type\":\"WebPage\",\"@id\":\"https:\\\/\\\/www.meydan.tv\\\/az\\\/article\\\/soci-gorusune-sozardi\\\/\",\"url\":\"https:\\\/\\\/www.meydan.tv\\\/az\\\/article\\\/soci-gorusune-sozardi\\\/\",\"name\":\"So\u00e7i g\u00f6r\u00fc\u015f\u00fcn\u0259 s\u00f6zard\u0131 - MEYDAN.TV\",\"isPartOf\":{\"@id\":\"https:\\\/\\\/www.meydan.tv\\\/az\\\/#website\"},\"primaryImageOfPage\":{\"@id\":\"https:\\\/\\\/www.meydan.tv\\\/az\\\/article\\\/soci-gorusune-sozardi\\\/#primaryimage\"},\"image\":{\"@id\":\"https:\\\/\\\/www.meydan.tv\\\/az\\\/article\\\/soci-gorusune-sozardi\\\/#primaryimage\"},\"thumbnailUrl\":\"https:\\\/\\\/www.meydan.tv\\\/wp-content\\\/uploads\\\/1637946693329114320_1000x669.jpg\",\"datePublished\":\"2021-11-28T19:59:24+00:00\",\"dateModified\":\"2021-11-28T20:05:13+00:00\",\"breadcrumb\":{\"@id\":\"https:\\\/\\\/www.meydan.tv\\\/az\\\/article\\\/soci-gorusune-sozardi\\\/#breadcrumb\"},\"inLanguage\":\"az\",\"potentialAction\":[{\"@type\":\"ReadAction\",\"target\":[\"https:\\\/\\\/www.meydan.tv\\\/az\\\/article\\\/soci-gorusune-sozardi\\\/\"]}]},{\"@type\":\"ImageObject\",\"inLanguage\":\"az\",\"@id\":\"https:\\\/\\\/www.meydan.tv\\\/az\\\/article\\\/soci-gorusune-sozardi\\\/#primaryimage\",\"url\":\"https:\\\/\\\/www.meydan.tv\\\/wp-content\\\/uploads\\\/1637946693329114320_1000x669.jpg\",\"contentUrl\":\"https:\\\/\\\/www.meydan.tv\\\/wp-content\\\/uploads\\\/1637946693329114320_1000x669.jpg\",\"width\":1000,\"height\":650,\"caption\":\"\u0130lham \u018fliyev, Vladimir Putin v\u0259 Nikol Pa\u015finyan, Foto: Az\u0259rtac\"},{\"@type\":\"BreadcrumbList\",\"@id\":\"https:\\\/\\\/www.meydan.tv\\\/az\\\/article\\\/soci-gorusune-sozardi\\\/#breadcrumb\",\"itemListElement\":[{\"@type\":\"ListItem\",\"position\":1,\"name\":\"Ana s\u0259hif\u0259\",\"item\":\"https:\\\/\\\/www.meydan.tv\\\/az\\\/\"},{\"@type\":\"ListItem\",\"position\":2,\"name\":\"Siyas\u0259t\",\"item\":\"https:\\\/\\\/www.meydan.tv\\\/az\\\/section\\\/siyaset\\\/\"},{\"@type\":\"ListItem\",\"position\":3,\"name\":\"So\u00e7i g\u00f6r\u00fc\u015f\u00fcn\u0259 s\u00f6zard\u0131\"}]},{\"@type\":\"WebSite\",\"@id\":\"https:\\\/\\\/www.meydan.tv\\\/az\\\/#website\",\"url\":\"https:\\\/\\\/www.meydan.tv\\\/az\\\/\",\"name\":\"MEYDAN.TV\",\"description\":\"Meydan TV Az\u0259rbaycan\u0131n media m\u0259kan\u0131ndak\u0131 alternativ s\u0259sidir\",\"publisher\":{\"@id\":\"https:\\\/\\\/www.meydan.tv\\\/az\\\/#organization\"},\"potentialAction\":[{\"@type\":\"SearchAction\",\"target\":{\"@type\":\"EntryPoint\",\"urlTemplate\":\"https:\\\/\\\/www.meydan.tv\\\/az\\\/?s={search_term_string}\"},\"query-input\":{\"@type\":\"PropertyValueSpecification\",\"valueRequired\":true,\"valueName\":\"search_term_string\"}}],\"inLanguage\":\"az\"},{\"@type\":\"Organization\",\"@id\":\"https:\\\/\\\/www.meydan.tv\\\/az\\\/#organization\",\"name\":\"Meydan TV\",\"url\":\"https:\\\/\\\/www.meydan.tv\\\/az\\\/\",\"logo\":{\"@type\":\"ImageObject\",\"inLanguage\":\"az\",\"@id\":\"https:\\\/\\\/www.meydan.tv\\\/az\\\/#\\\/schema\\\/logo\\\/image\\\/\",\"url\":\"https:\\\/\\\/www.meydan.tv\\\/wp-content\\\/uploads\\\/2021\\\/07\\\/meydan-logo.svg\",\"contentUrl\":\"https:\\\/\\\/www.meydan.tv\\\/wp-content\\\/uploads\\\/2021\\\/07\\\/meydan-logo.svg\",\"width\":195,\"height\":46,\"caption\":\"Meydan TV\"},\"image\":{\"@id\":\"https:\\\/\\\/www.meydan.tv\\\/az\\\/#\\\/schema\\\/logo\\\/image\\\/\"}},{\"@type\":\"Person\",\"@id\":\"https:\\\/\\\/www.meydan.tv\\\/az\\\/#\\\/schema\\\/person\\\/9cdbecf90d17180ce1dfbd95b08dcf47\",\"name\":\"elli\",\"sameAs\":[\"https:\\\/\\\/x.com\\\/elli\"]}]}<\/script>\n<!-- \/ Yoast SEO plugin. -->","yoast_head_json":{"title":"So\u00e7i g\u00f6r\u00fc\u015f\u00fcn\u0259 s\u00f6zard\u0131 - MEYDAN.TV","robots":{"index":"index","follow":"follow","max-snippet":"max-snippet:-1","max-image-preview":"max-image-preview:large","max-video-preview":"max-video-preview:-1"},"canonical":"https:\/\/www.meydan.tv\/az\/article\/soci-gorusune-sozardi\/","og_locale":"az_AZ","og_type":"article","og_title":"So\u00e7i g\u00f6r\u00fc\u015f\u00fcn\u0259 s\u00f6zard\u0131 - MEYDAN.TV","og_description":"Liderl\u0259r g\u00f6r\u00fc\u015fd\u0259 hans\u0131 ifad\u0259l\u0259ri i\u015fl\u0259tdil\u0259r Noyabr\u0131n 26-da Az\u0259rbaycan, Rusiya prezidentl\u0259rinin ... Davam\u0131","og_url":"https:\/\/www.meydan.tv\/az\/article\/soci-gorusune-sozardi\/","og_site_name":"MEYDAN.TV","article_published_time":"2021-11-28T19:59:24+00:00","article_modified_time":"2021-11-28T20:05:13+00:00","og_image":[{"width":1000,"height":650,"url":"https:\/\/www.meydan.tv\/wp-content\/uploads\/1637946693329114320_1000x669.jpg","type":"image\/jpeg"}],"author":"elli","twitter_card":"summary_large_image","twitter_creator":"@elli","schema":{"@context":"https:\/\/schema.org","@graph":[{"@type":"Article","@id":"https:\/\/www.meydan.tv\/az\/article\/soci-gorusune-sozardi\/#article","isPartOf":{"@id":"https:\/\/www.meydan.tv\/az\/article\/soci-gorusune-sozardi\/"},"author":{"name":"elli","@id":"https:\/\/www.meydan.tv\/az\/#\/schema\/person\/9cdbecf90d17180ce1dfbd95b08dcf47"},"headline":"So\u00e7i g\u00f6r\u00fc\u015f\u00fcn\u0259 s\u00f6zard\u0131","datePublished":"2021-11-28T19:59:24+00:00","dateModified":"2021-11-28T20:05:13+00:00","mainEntityOfPage":{"@id":"https:\/\/www.meydan.tv\/az\/article\/soci-gorusune-sozardi\/"},"wordCount":2000,"publisher":{"@id":"https:\/\/www.meydan.tv\/az\/#organization"},"image":{"@id":"https:\/\/www.meydan.tv\/az\/article\/soci-gorusune-sozardi\/#primaryimage"},"thumbnailUrl":"https:\/\/www.meydan.tv\/wp-content\/uploads\/1637946693329114320_1000x669.jpg","articleSection":["Analitika","Siyas\u0259t","X\u0259b\u0259rl\u0259r"],"inLanguage":"az"},{"@type":"WebPage","@id":"https:\/\/www.meydan.tv\/az\/article\/soci-gorusune-sozardi\/","url":"https:\/\/www.meydan.tv\/az\/article\/soci-gorusune-sozardi\/","name":"So\u00e7i g\u00f6r\u00fc\u015f\u00fcn\u0259 s\u00f6zard\u0131 - MEYDAN.TV","isPartOf":{"@id":"https:\/\/www.meydan.tv\/az\/#website"},"primaryImageOfPage":{"@id":"https:\/\/www.meydan.tv\/az\/article\/soci-gorusune-sozardi\/#primaryimage"},"image":{"@id":"https:\/\/www.meydan.tv\/az\/article\/soci-gorusune-sozardi\/#primaryimage"},"thumbnailUrl":"https:\/\/www.meydan.tv\/wp-content\/uploads\/1637946693329114320_1000x669.jpg","datePublished":"2021-11-28T19:59:24+00:00","dateModified":"2021-11-28T20:05:13+00:00","breadcrumb":{"@id":"https:\/\/www.meydan.tv\/az\/article\/soci-gorusune-sozardi\/#breadcrumb"},"inLanguage":"az","potentialAction":[{"@type":"ReadAction","target":["https:\/\/www.meydan.tv\/az\/article\/soci-gorusune-sozardi\/"]}]},{"@type":"ImageObject","inLanguage":"az","@id":"https:\/\/www.meydan.tv\/az\/article\/soci-gorusune-sozardi\/#primaryimage","url":"https:\/\/www.meydan.tv\/wp-content\/uploads\/1637946693329114320_1000x669.jpg","contentUrl":"https:\/\/www.meydan.tv\/wp-content\/uploads\/1637946693329114320_1000x669.jpg","width":1000,"height":650,"caption":"\u0130lham \u018fliyev, Vladimir Putin v\u0259 Nikol Pa\u015finyan, Foto: Az\u0259rtac"},{"@type":"BreadcrumbList","@id":"https:\/\/www.meydan.tv\/az\/article\/soci-gorusune-sozardi\/#breadcrumb","itemListElement":[{"@type":"ListItem","position":1,"name":"Ana s\u0259hif\u0259","item":"https:\/\/www.meydan.tv\/az\/"},{"@type":"ListItem","position":2,"name":"Siyas\u0259t","item":"https:\/\/www.meydan.tv\/az\/section\/siyaset\/"},{"@type":"ListItem","position":3,"name":"So\u00e7i g\u00f6r\u00fc\u015f\u00fcn\u0259 s\u00f6zard\u0131"}]},{"@type":"WebSite","@id":"https:\/\/www.meydan.tv\/az\/#website","url":"https:\/\/www.meydan.tv\/az\/","name":"MEYDAN.TV","description":"Meydan TV Az\u0259rbaycan\u0131n media m\u0259kan\u0131ndak\u0131 alternativ s\u0259sidir","publisher":{"@id":"https:\/\/www.meydan.tv\/az\/#organization"},"potentialAction":[{"@type":"SearchAction","target":{"@type":"EntryPoint","urlTemplate":"https:\/\/www.meydan.tv\/az\/?s={search_term_string}"},"query-input":{"@type":"PropertyValueSpecification","valueRequired":true,"valueName":"search_term_string"}}],"inLanguage":"az"},{"@type":"Organization","@id":"https:\/\/www.meydan.tv\/az\/#organization","name":"Meydan TV","url":"https:\/\/www.meydan.tv\/az\/","logo":{"@type":"ImageObject","inLanguage":"az","@id":"https:\/\/www.meydan.tv\/az\/#\/schema\/logo\/image\/","url":"https:\/\/www.meydan.tv\/wp-content\/uploads\/2021\/07\/meydan-logo.svg","contentUrl":"https:\/\/www.meydan.tv\/wp-content\/uploads\/2021\/07\/meydan-logo.svg","width":195,"height":46,"caption":"Meydan TV"},"image":{"@id":"https:\/\/www.meydan.tv\/az\/#\/schema\/logo\/image\/"}},{"@type":"Person","@id":"https:\/\/www.meydan.tv\/az\/#\/schema\/person\/9cdbecf90d17180ce1dfbd95b08dcf47","name":"elli","sameAs":["https:\/\/x.com\/elli"]}]}},"_links":{"self":[{"href":"https:\/\/www.meydan.tv\/az\/wp-json\/wp\/v2\/posts\/227704","targetHints":{"allow":["GET"]}}],"collection":[{"href":"https:\/\/www.meydan.tv\/az\/wp-json\/wp\/v2\/posts"}],"about":[{"href":"https:\/\/www.meydan.tv\/az\/wp-json\/wp\/v2\/types\/post"}],"author":[{"embeddable":true,"href":"https:\/\/www.meydan.tv\/az\/wp-json\/wp\/v2\/users\/8"}],"replies":[{"embeddable":true,"href":"https:\/\/www.meydan.tv\/az\/wp-json\/wp\/v2\/comments?post=227704"}],"version-history":[{"count":3,"href":"https:\/\/www.meydan.tv\/az\/wp-json\/wp\/v2\/posts\/227704\/revisions"}],"predecessor-version":[{"id":227709,"href":"https:\/\/www.meydan.tv\/az\/wp-json\/wp\/v2\/posts\/227704\/revisions\/227709"}],"wp:featuredmedia":[{"embeddable":true,"href":"https:\/\/www.meydan.tv\/az\/wp-json\/wp\/v2\/media\/227667"}],"wp:attachment":[{"href":"https:\/\/www.meydan.tv\/az\/wp-json\/wp\/v2\/media?parent=227704"}],"wp:term":[{"taxonomy":"category","embeddable":true,"href":"https:\/\/www.meydan.tv\/az\/wp-json\/wp\/v2\/categories?post=227704"},{"taxonomy":"post_tag","embeddable":true,"href":"https:\/\/www.meydan.tv\/az\/wp-json\/wp\/v2\/tags?post=227704"}],"curies":[{"name":"wp","href":"https:\/\/api.w.org\/{rel}","templated":true}]}}