{"id":227626,"date":"2021-11-26T18:02:49","date_gmt":"2021-11-26T14:02:49","guid":{"rendered":"https:\/\/www.meydan.tv\/?p=227626"},"modified":"2021-11-26T18:02:51","modified_gmt":"2021-11-26T14:02:51","slug":"saleh-rustemovun-hekim-muayinesi-ucun-muraciet-edildi","status":"publish","type":"post","link":"https:\/\/www.meydan.tv\/az\/article\/saleh-rustemovun-hekim-muayinesi-ucun-muraciet-edildi\/","title":{"rendered":"Saleh R\u00fcst\u0259movun h\u0259kim m\u00fcayin\u0259si \u00fc\u00e7\u00fcn m\u00fcraci\u0259t edildi"},"content":{"rendered":"\n<p><em>M\u00fcraci\u0259t\u0259 h\u0259l\u0259 cavab verilm\u0259yib<\/em><\/p>\n\n\n\n<p>H\u0259kim Adil Qeybullan\u0131n haz\u0131rda m\u0259hb\u0259sd\u0259 acl\u0131q aksiyas\u0131 ke\u00e7ir\u0259n Saleh R\u00fcst\u0259movu m\u00fcayin\u0259 etm\u0259si \u00fc\u00e7\u00fcn Penitinsiar Xidm\u0259t\u0259 m\u00fcraci\u0259t edilib. Bu bar\u0259d\u0259 v\u0259kil B\u0259hruz Bayramov Meydan TV-y\u0259 m\u0259lumat verib:<\/p>\n\n\n\n<p>&#8220;Noyabr\u0131n 26-da Penitensiar Xidm\u0259t\u0259 t\u0259qdim olunan m\u00fcraci\u0259timizd\u0259 Adil Qeybullan\u0131n g\u00fcn \u0259rzind\u0259 Saleh R\u00fcst\u0259movu m\u00fcayin\u0259 etm\u0259si \u00fc\u00e7\u00fcn \u015f\u0259rait yarad\u0131lmas\u0131n\u0131 ist\u0259yirik. H\u0259l\u0259 cavab almam\u0131\u015f\u0131q&#8221;.<\/p>\n\n\n\n<p>Penitensiar Xidm\u0259tin ictimaiyy\u0259tl\u0259 \u0259laq\u0259l\u0259r \u015f\u00f6b\u0259sinin r\u0259isi Mehman Sad\u0131qov Meydan TV-nin bu bar\u0259d\u0259 sual\u0131na q\u0131sa cavab verib:<\/p>\n\n\n\n<p>&#8220;\u018fg\u0259r m\u00fcraci\u0259t olunubsa, dem\u0259li, \u00e7at\u0131b. Cavab veril\u0259c\u0259k&#8221;.<\/p>\n\n\n\n<p>Bu g\u00fcn eyni zamanda, B\u0259hruz Bayramovu v\u0259 Saleh R\u00fcst\u0259movun qarda\u015f\u0131 Taleh R\u00fcst\u0259movu AB\u015e-n\u0131n Az\u0259rbaycandak\u0131 s\u0259firliyin\u0259 d\u0259 d\u0259v\u0259t edibl\u0259r. V\u0259kil bu bar\u0259d\u0259 m\u0259lumat\u0131 t\u0259sdiql\u0259yib:<\/p>\n\n\n\n<p>&#8220;S\u0259firlikd\u0259 Saleh R\u00fcst\u0259movun son durumu bar\u0259d\u0259 s\u00f6hb\u0259t olub&#8221;.<\/p>\n\n\n\n<p>Saleh R\u00fcst\u0259mov 21 g\u00fcnd\u00fcr acl\u0131q aksiyas\u0131 ke\u00e7irir. V\u0259kil onun durumunun a\u011f\u0131r oldu\u011funu bildirib. <\/p>\n\n\n\n<p>S.R\u00fcst\u0259movun azad olunmas\u0131 \u00fc\u00e7\u00fcn QHT n\u00fcmay\u0259nd\u0259l\u0259ri v\u0259 h\u00fcquq m\u00fcdafi\u0259\u00e7il\u0259ri d\u00f6vl\u0259t ba\u015f\u00e7\u0131s\u0131na m\u00fcraci\u0259t edibl\u0259r. Eyni zamanda, h\u00fcquq\u015f\u00fcnaslar, jurnalistl\u0259r onun azad olunmas\u0131 \u00fc\u00e7\u00fcn h\u0259mr\u0259ylik n\u00fcmayi\u015f <a href=\"https:\/\/www.meydan.tv\/az\/article\/jurnalistler-saleh-rustemovla-ile-bagli-muraciet-yaydilar\/\" target=\"_blank\" rel=\"noreferrer noopener\">etdiribl\u0259r<\/a>.<\/p>\n\n\n\n<p>Saleh R\u00fcst\u0259mov 1998-ci ild\u0259n Rusiyada ya\u015fay\u0131b.<\/p>\n\n\n\n<p>2018-ci ild\u0259 yax\u0131nlar\u0131n\u0131 g\u00f6rm\u0259k \u00fc\u00e7\u00fcn Az\u0259rbaycana g\u0259l\u0259n R\u00fcst\u0259mov \u015e\u0259mkird\u0259 saxlan\u0131l\u0131b.<\/p>\n\n\n\n<p>Bak\u0131ya \u2013 Ba\u015f M\u00fct\u0259\u015f\u0259kkil Cinay\u0259tkarl\u0131qla M\u00fcbariz\u0259 \u0130dar\u0259sin\u0259 g\u0259tiril\u0259n Saleh R\u00fcst\u0259mova qar\u015f\u0131 narkotik ittiham\u0131 ir\u0259li s\u00fcr\u00fcl\u00fcb.<\/p>\n\n\n\n<p>\u0130ki g\u00fcn sonra onun qarda\u015f\u0131 o\u011flu Vidadi R\u00fcst\u0259mov d\u0259 eyni ittihamla saxlan\u0131l\u0131b.<\/p>\n\n\n\n<p>Onlar bu idar\u0259d\u0259 20 g\u00fcn\u0259 yax\u0131n i\u015fg\u0259nc\u0259y\u0259 m\u0259ruz qald\u0131qlar\u0131n\u0131 bildiribl\u0259r.<\/p>\n\n\n\n<p>Ba\u015f Prokurorluq v\u0259 Daxili \u0130\u015fl\u0259r Nazirliyinin (D\u0130N) yayd\u0131\u011f\u0131 birg\u0259 m\u0259lumatda iddia olunub ki, onlar \u00e7irkli pul v\u0259saitl\u0259rini leqalla\u015fd\u0131rmaqda ittiham olunurlar. Amma Saleh R\u00fcst\u0259mov ittiham\u0131 r\u0259dd edib.<\/p>\n\n\n\n<p>O bildirib ki, uzun ill\u0259r Xalq C\u0259bh\u0259sinin \u00fczv\u00fc olub.<\/p>\n\n\n\n<p>Rusiyada h\u0259m \u00f6z\u00fc, h\u0259m d\u0259 dig\u0259r az\u0259rbaycanl\u0131lar qazanclar\u0131ndan siyasi m\u0259hbuslar\u0131n ail\u0259l\u0259rin\u0259 yard\u0131m m\u0259qs\u0259dil\u0259 pul g\u00f6nd\u0259ribl\u0259r.<\/p>\n\n\n\n<p>Bak\u0131 A\u011f\u0131r Cinay\u0259tl\u0259r M\u0259hk\u0259m\u0259sinin h\u00f6km\u00fc il\u0259 Saleh R\u00fcst\u0259mov 7 il 3 ay azadl\u0131qdan m\u0259hrum edilib.<\/p>\n\n\n\n<p>Vidadi R\u00fcst\u0259mova is\u0259 \u015f\u0259rti c\u0259za verilib. Sonradan Ali M\u0259hk\u0259m\u0259 Saleh R\u00fcst\u0259movun c\u0259zas\u0131n\u0131 2 ay azald\u0131b.<\/p>\n\n\n\n<p>M\u0259hk\u0259m\u0259nin h\u00f6km\u00fcnd\u0259 Saleh R\u00fcst\u0259movun yax\u0131nlar\u0131na m\u0259xsus m\u0259nzil v\u0259 ba\u015fqa da\u015f\u0131nmaz \u0259mlaklar\u0131n, h\u0259tta atalar\u0131ndan qalma evin d\u0259 m\u00fcsadir\u0259 olunmas\u0131 \u0259ksini tap\u0131b.<\/p>\n","protected":false},"excerpt":{"rendered":"<p>M\u00fcraci\u0259t\u0259 h\u0259l\u0259 cavab verilm\u0259yib H\u0259kim Adil Qeybullan\u0131n haz\u0131rda m\u0259hb\u0259sd\u0259 acl\u0131q &#8230; <\/p>\n<p class=\"read-more-container\"><a title=\"Saleh R\u00fcst\u0259movun h\u0259kim m\u00fcayin\u0259si \u00fc\u00e7\u00fcn m\u00fcraci\u0259t edildi\" class=\"read-more button\" href=\"https:\/\/www.meydan.tv\/az\/article\/saleh-rustemovun-hekim-muayinesi-ucun-muraciet-edildi\/#more-227626\" aria-label=\"Read more about Saleh R\u00fcst\u0259movun h\u0259kim m\u00fcayin\u0259si \u00fc\u00e7\u00fcn m\u00fcraci\u0259t edildi\">Davam\u0131<\/a><\/p>\n","protected":false},"author":8,"featured_media":226437,"comment_status":"closed","ping_status":"closed","sticky":false,"template":"","format":"standard","meta":{"_acf_changed":false,"_sitemap_exclude":false,"_sitemap_priority":"","_sitemap_frequency":"","footnotes":""},"categories":[59,79,56],"tags":[],"class_list":["post-227626","post","type-post","status-publish","format-standard","has-post-thumbnail","hentry","category-siyaset","category-featured","category-xeberler","infinite-scroll-item","generate-columns","tablet-grid-50","mobile-grid-100","grid-parent","grid-33","no-featured-image-padding"],"acf":[],"yoast_head":"<!-- This site is optimized with the Yoast SEO plugin v27.4 - https:\/\/yoast.com\/product\/yoast-seo-wordpress\/ -->\n<title>Saleh R\u00fcst\u0259movun h\u0259kim m\u00fcayin\u0259si \u00fc\u00e7\u00fcn m\u00fcraci\u0259t edildi - MEYDAN.TV<\/title>\n<meta name=\"robots\" content=\"index, follow, max-snippet:-1, max-image-preview:large, max-video-preview:-1\" \/>\n<link rel=\"canonical\" href=\"https:\/\/www.meydan.tv\/az\/article\/saleh-rustemovun-hekim-muayinesi-ucun-muraciet-edildi\/\" \/>\n<meta property=\"og:locale\" content=\"az_AZ\" \/>\n<meta property=\"og:type\" content=\"article\" \/>\n<meta property=\"og:title\" content=\"Saleh R\u00fcst\u0259movun h\u0259kim m\u00fcayin\u0259si \u00fc\u00e7\u00fcn m\u00fcraci\u0259t edildi - MEYDAN.TV\" \/>\n<meta property=\"og:description\" content=\"M\u00fcraci\u0259t\u0259 h\u0259l\u0259 cavab verilm\u0259yib H\u0259kim Adil Qeybullan\u0131n haz\u0131rda m\u0259hb\u0259sd\u0259 acl\u0131q ... Davam\u0131\" \/>\n<meta property=\"og:url\" content=\"https:\/\/www.meydan.tv\/az\/article\/saleh-rustemovun-hekim-muayinesi-ucun-muraciet-edildi\/\" \/>\n<meta property=\"og:site_name\" content=\"MEYDAN.TV\" \/>\n<meta property=\"article:published_time\" content=\"2021-11-26T14:02:49+00:00\" \/>\n<meta property=\"article:modified_time\" content=\"2021-11-26T14:02:51+00:00\" \/>\n<meta property=\"og:image\" content=\"https:\/\/www.meydan.tv\/wp-content\/uploads\/untitled_artwork__7_-scaled.jpg\" \/>\n\t<meta property=\"og:image:width\" content=\"2560\" \/>\n\t<meta property=\"og:image:height\" content=\"1707\" \/>\n\t<meta property=\"og:image:type\" content=\"image\/jpeg\" \/>\n<meta name=\"author\" content=\"elli\" \/>\n<meta name=\"twitter:card\" content=\"summary_large_image\" \/>\n<meta name=\"twitter:creator\" content=\"@elli\" \/>\n<script type=\"application\/ld+json\" class=\"yoast-schema-graph\">{\"@context\":\"https:\\\/\\\/schema.org\",\"@graph\":[{\"@type\":\"Article\",\"@id\":\"https:\\\/\\\/www.meydan.tv\\\/az\\\/article\\\/saleh-rustemovun-hekim-muayinesi-ucun-muraciet-edildi\\\/#article\",\"isPartOf\":{\"@id\":\"https:\\\/\\\/www.meydan.tv\\\/az\\\/article\\\/saleh-rustemovun-hekim-muayinesi-ucun-muraciet-edildi\\\/\"},\"author\":{\"name\":\"elli\",\"@id\":\"https:\\\/\\\/www.meydan.tv\\\/az\\\/#\\\/schema\\\/person\\\/9cdbecf90d17180ce1dfbd95b08dcf47\"},\"headline\":\"Saleh R\u00fcst\u0259movun h\u0259kim m\u00fcayin\u0259si \u00fc\u00e7\u00fcn m\u00fcraci\u0259t edildi\",\"datePublished\":\"2021-11-26T14:02:49+00:00\",\"dateModified\":\"2021-11-26T14:02:51+00:00\",\"mainEntityOfPage\":{\"@id\":\"https:\\\/\\\/www.meydan.tv\\\/az\\\/article\\\/saleh-rustemovun-hekim-muayinesi-ucun-muraciet-edildi\\\/\"},\"wordCount\":533,\"publisher\":{\"@id\":\"https:\\\/\\\/www.meydan.tv\\\/az\\\/#organization\"},\"image\":{\"@id\":\"https:\\\/\\\/www.meydan.tv\\\/az\\\/article\\\/saleh-rustemovun-hekim-muayinesi-ucun-muraciet-edildi\\\/#primaryimage\"},\"thumbnailUrl\":\"https:\\\/\\\/www.meydan.tv\\\/wp-content\\\/uploads\\\/untitled_artwork__7_-scaled-e1763558338626.jpg\",\"articleSection\":[\"Siyas\u0259t\",\"T\u00f6vsiy\u0259\",\"X\u0259b\u0259rl\u0259r\"],\"inLanguage\":\"az\"},{\"@type\":\"WebPage\",\"@id\":\"https:\\\/\\\/www.meydan.tv\\\/az\\\/article\\\/saleh-rustemovun-hekim-muayinesi-ucun-muraciet-edildi\\\/\",\"url\":\"https:\\\/\\\/www.meydan.tv\\\/az\\\/article\\\/saleh-rustemovun-hekim-muayinesi-ucun-muraciet-edildi\\\/\",\"name\":\"Saleh R\u00fcst\u0259movun h\u0259kim m\u00fcayin\u0259si \u00fc\u00e7\u00fcn m\u00fcraci\u0259t edildi - MEYDAN.TV\",\"isPartOf\":{\"@id\":\"https:\\\/\\\/www.meydan.tv\\\/az\\\/#website\"},\"primaryImageOfPage\":{\"@id\":\"https:\\\/\\\/www.meydan.tv\\\/az\\\/article\\\/saleh-rustemovun-hekim-muayinesi-ucun-muraciet-edildi\\\/#primaryimage\"},\"image\":{\"@id\":\"https:\\\/\\\/www.meydan.tv\\\/az\\\/article\\\/saleh-rustemovun-hekim-muayinesi-ucun-muraciet-edildi\\\/#primaryimage\"},\"thumbnailUrl\":\"https:\\\/\\\/www.meydan.tv\\\/wp-content\\\/uploads\\\/untitled_artwork__7_-scaled-e1763558338626.jpg\",\"datePublished\":\"2021-11-26T14:02:49+00:00\",\"dateModified\":\"2021-11-26T14:02:51+00:00\",\"breadcrumb\":{\"@id\":\"https:\\\/\\\/www.meydan.tv\\\/az\\\/article\\\/saleh-rustemovun-hekim-muayinesi-ucun-muraciet-edildi\\\/#breadcrumb\"},\"inLanguage\":\"az\",\"potentialAction\":[{\"@type\":\"ReadAction\",\"target\":[\"https:\\\/\\\/www.meydan.tv\\\/az\\\/article\\\/saleh-rustemovun-hekim-muayinesi-ucun-muraciet-edildi\\\/\"]}]},{\"@type\":\"ImageObject\",\"inLanguage\":\"az\",\"@id\":\"https:\\\/\\\/www.meydan.tv\\\/az\\\/article\\\/saleh-rustemovun-hekim-muayinesi-ucun-muraciet-edildi\\\/#primaryimage\",\"url\":\"https:\\\/\\\/www.meydan.tv\\\/wp-content\\\/uploads\\\/untitled_artwork__7_-scaled-e1763558338626.jpg\",\"contentUrl\":\"https:\\\/\\\/www.meydan.tv\\\/wp-content\\\/uploads\\\/untitled_artwork__7_-scaled-e1763558338626.jpg\",\"width\":1000,\"height\":585,\"caption\":\"Saleh R\u00fcst\u0259mov, Foto: Meydan TV\"},{\"@type\":\"BreadcrumbList\",\"@id\":\"https:\\\/\\\/www.meydan.tv\\\/az\\\/article\\\/saleh-rustemovun-hekim-muayinesi-ucun-muraciet-edildi\\\/#breadcrumb\",\"itemListElement\":[{\"@type\":\"ListItem\",\"position\":1,\"name\":\"Ana s\u0259hif\u0259\",\"item\":\"https:\\\/\\\/www.meydan.tv\\\/az\\\/\"},{\"@type\":\"ListItem\",\"position\":2,\"name\":\"Siyas\u0259t\",\"item\":\"https:\\\/\\\/www.meydan.tv\\\/az\\\/section\\\/siyaset\\\/\"},{\"@type\":\"ListItem\",\"position\":3,\"name\":\"Saleh R\u00fcst\u0259movun h\u0259kim m\u00fcayin\u0259si \u00fc\u00e7\u00fcn m\u00fcraci\u0259t edildi\"}]},{\"@type\":\"WebSite\",\"@id\":\"https:\\\/\\\/www.meydan.tv\\\/az\\\/#website\",\"url\":\"https:\\\/\\\/www.meydan.tv\\\/az\\\/\",\"name\":\"MEYDAN.TV\",\"description\":\"Meydan TV Az\u0259rbaycan\u0131n media m\u0259kan\u0131ndak\u0131 alternativ s\u0259sidir\",\"publisher\":{\"@id\":\"https:\\\/\\\/www.meydan.tv\\\/az\\\/#organization\"},\"potentialAction\":[{\"@type\":\"SearchAction\",\"target\":{\"@type\":\"EntryPoint\",\"urlTemplate\":\"https:\\\/\\\/www.meydan.tv\\\/az\\\/?s={search_term_string}\"},\"query-input\":{\"@type\":\"PropertyValueSpecification\",\"valueRequired\":true,\"valueName\":\"search_term_string\"}}],\"inLanguage\":\"az\"},{\"@type\":\"Organization\",\"@id\":\"https:\\\/\\\/www.meydan.tv\\\/az\\\/#organization\",\"name\":\"Meydan TV\",\"url\":\"https:\\\/\\\/www.meydan.tv\\\/az\\\/\",\"logo\":{\"@type\":\"ImageObject\",\"inLanguage\":\"az\",\"@id\":\"https:\\\/\\\/www.meydan.tv\\\/az\\\/#\\\/schema\\\/logo\\\/image\\\/\",\"url\":\"https:\\\/\\\/www.meydan.tv\\\/wp-content\\\/uploads\\\/2021\\\/07\\\/meydan-logo.svg\",\"contentUrl\":\"https:\\\/\\\/www.meydan.tv\\\/wp-content\\\/uploads\\\/2021\\\/07\\\/meydan-logo.svg\",\"width\":195,\"height\":46,\"caption\":\"Meydan TV\"},\"image\":{\"@id\":\"https:\\\/\\\/www.meydan.tv\\\/az\\\/#\\\/schema\\\/logo\\\/image\\\/\"}},{\"@type\":\"Person\",\"@id\":\"https:\\\/\\\/www.meydan.tv\\\/az\\\/#\\\/schema\\\/person\\\/9cdbecf90d17180ce1dfbd95b08dcf47\",\"name\":\"elli\",\"sameAs\":[\"https:\\\/\\\/x.com\\\/elli\"]}]}<\/script>\n<!-- \/ Yoast SEO plugin. -->","yoast_head_json":{"title":"Saleh R\u00fcst\u0259movun h\u0259kim m\u00fcayin\u0259si \u00fc\u00e7\u00fcn m\u00fcraci\u0259t edildi - MEYDAN.TV","robots":{"index":"index","follow":"follow","max-snippet":"max-snippet:-1","max-image-preview":"max-image-preview:large","max-video-preview":"max-video-preview:-1"},"canonical":"https:\/\/www.meydan.tv\/az\/article\/saleh-rustemovun-hekim-muayinesi-ucun-muraciet-edildi\/","og_locale":"az_AZ","og_type":"article","og_title":"Saleh R\u00fcst\u0259movun h\u0259kim m\u00fcayin\u0259si \u00fc\u00e7\u00fcn m\u00fcraci\u0259t edildi - MEYDAN.TV","og_description":"M\u00fcraci\u0259t\u0259 h\u0259l\u0259 cavab verilm\u0259yib H\u0259kim Adil Qeybullan\u0131n haz\u0131rda m\u0259hb\u0259sd\u0259 acl\u0131q ... Davam\u0131","og_url":"https:\/\/www.meydan.tv\/az\/article\/saleh-rustemovun-hekim-muayinesi-ucun-muraciet-edildi\/","og_site_name":"MEYDAN.TV","article_published_time":"2021-11-26T14:02:49+00:00","article_modified_time":"2021-11-26T14:02:51+00:00","og_image":[{"width":2560,"height":1707,"url":"https:\/\/www.meydan.tv\/wp-content\/uploads\/untitled_artwork__7_-scaled.jpg","type":"image\/jpeg"}],"author":"elli","twitter_card":"summary_large_image","twitter_creator":"@elli","schema":{"@context":"https:\/\/schema.org","@graph":[{"@type":"Article","@id":"https:\/\/www.meydan.tv\/az\/article\/saleh-rustemovun-hekim-muayinesi-ucun-muraciet-edildi\/#article","isPartOf":{"@id":"https:\/\/www.meydan.tv\/az\/article\/saleh-rustemovun-hekim-muayinesi-ucun-muraciet-edildi\/"},"author":{"name":"elli","@id":"https:\/\/www.meydan.tv\/az\/#\/schema\/person\/9cdbecf90d17180ce1dfbd95b08dcf47"},"headline":"Saleh R\u00fcst\u0259movun h\u0259kim m\u00fcayin\u0259si \u00fc\u00e7\u00fcn m\u00fcraci\u0259t edildi","datePublished":"2021-11-26T14:02:49+00:00","dateModified":"2021-11-26T14:02:51+00:00","mainEntityOfPage":{"@id":"https:\/\/www.meydan.tv\/az\/article\/saleh-rustemovun-hekim-muayinesi-ucun-muraciet-edildi\/"},"wordCount":533,"publisher":{"@id":"https:\/\/www.meydan.tv\/az\/#organization"},"image":{"@id":"https:\/\/www.meydan.tv\/az\/article\/saleh-rustemovun-hekim-muayinesi-ucun-muraciet-edildi\/#primaryimage"},"thumbnailUrl":"https:\/\/www.meydan.tv\/wp-content\/uploads\/untitled_artwork__7_-scaled-e1763558338626.jpg","articleSection":["Siyas\u0259t","T\u00f6vsiy\u0259","X\u0259b\u0259rl\u0259r"],"inLanguage":"az"},{"@type":"WebPage","@id":"https:\/\/www.meydan.tv\/az\/article\/saleh-rustemovun-hekim-muayinesi-ucun-muraciet-edildi\/","url":"https:\/\/www.meydan.tv\/az\/article\/saleh-rustemovun-hekim-muayinesi-ucun-muraciet-edildi\/","name":"Saleh R\u00fcst\u0259movun h\u0259kim m\u00fcayin\u0259si \u00fc\u00e7\u00fcn m\u00fcraci\u0259t edildi - MEYDAN.TV","isPartOf":{"@id":"https:\/\/www.meydan.tv\/az\/#website"},"primaryImageOfPage":{"@id":"https:\/\/www.meydan.tv\/az\/article\/saleh-rustemovun-hekim-muayinesi-ucun-muraciet-edildi\/#primaryimage"},"image":{"@id":"https:\/\/www.meydan.tv\/az\/article\/saleh-rustemovun-hekim-muayinesi-ucun-muraciet-edildi\/#primaryimage"},"thumbnailUrl":"https:\/\/www.meydan.tv\/wp-content\/uploads\/untitled_artwork__7_-scaled-e1763558338626.jpg","datePublished":"2021-11-26T14:02:49+00:00","dateModified":"2021-11-26T14:02:51+00:00","breadcrumb":{"@id":"https:\/\/www.meydan.tv\/az\/article\/saleh-rustemovun-hekim-muayinesi-ucun-muraciet-edildi\/#breadcrumb"},"inLanguage":"az","potentialAction":[{"@type":"ReadAction","target":["https:\/\/www.meydan.tv\/az\/article\/saleh-rustemovun-hekim-muayinesi-ucun-muraciet-edildi\/"]}]},{"@type":"ImageObject","inLanguage":"az","@id":"https:\/\/www.meydan.tv\/az\/article\/saleh-rustemovun-hekim-muayinesi-ucun-muraciet-edildi\/#primaryimage","url":"https:\/\/www.meydan.tv\/wp-content\/uploads\/untitled_artwork__7_-scaled-e1763558338626.jpg","contentUrl":"https:\/\/www.meydan.tv\/wp-content\/uploads\/untitled_artwork__7_-scaled-e1763558338626.jpg","width":1000,"height":585,"caption":"Saleh R\u00fcst\u0259mov, Foto: Meydan TV"},{"@type":"BreadcrumbList","@id":"https:\/\/www.meydan.tv\/az\/article\/saleh-rustemovun-hekim-muayinesi-ucun-muraciet-edildi\/#breadcrumb","itemListElement":[{"@type":"ListItem","position":1,"name":"Ana s\u0259hif\u0259","item":"https:\/\/www.meydan.tv\/az\/"},{"@type":"ListItem","position":2,"name":"Siyas\u0259t","item":"https:\/\/www.meydan.tv\/az\/section\/siyaset\/"},{"@type":"ListItem","position":3,"name":"Saleh R\u00fcst\u0259movun h\u0259kim m\u00fcayin\u0259si \u00fc\u00e7\u00fcn m\u00fcraci\u0259t edildi"}]},{"@type":"WebSite","@id":"https:\/\/www.meydan.tv\/az\/#website","url":"https:\/\/www.meydan.tv\/az\/","name":"MEYDAN.TV","description":"Meydan TV Az\u0259rbaycan\u0131n media m\u0259kan\u0131ndak\u0131 alternativ s\u0259sidir","publisher":{"@id":"https:\/\/www.meydan.tv\/az\/#organization"},"potentialAction":[{"@type":"SearchAction","target":{"@type":"EntryPoint","urlTemplate":"https:\/\/www.meydan.tv\/az\/?s={search_term_string}"},"query-input":{"@type":"PropertyValueSpecification","valueRequired":true,"valueName":"search_term_string"}}],"inLanguage":"az"},{"@type":"Organization","@id":"https:\/\/www.meydan.tv\/az\/#organization","name":"Meydan TV","url":"https:\/\/www.meydan.tv\/az\/","logo":{"@type":"ImageObject","inLanguage":"az","@id":"https:\/\/www.meydan.tv\/az\/#\/schema\/logo\/image\/","url":"https:\/\/www.meydan.tv\/wp-content\/uploads\/2021\/07\/meydan-logo.svg","contentUrl":"https:\/\/www.meydan.tv\/wp-content\/uploads\/2021\/07\/meydan-logo.svg","width":195,"height":46,"caption":"Meydan TV"},"image":{"@id":"https:\/\/www.meydan.tv\/az\/#\/schema\/logo\/image\/"}},{"@type":"Person","@id":"https:\/\/www.meydan.tv\/az\/#\/schema\/person\/9cdbecf90d17180ce1dfbd95b08dcf47","name":"elli","sameAs":["https:\/\/x.com\/elli"]}]}},"_links":{"self":[{"href":"https:\/\/www.meydan.tv\/az\/wp-json\/wp\/v2\/posts\/227626","targetHints":{"allow":["GET"]}}],"collection":[{"href":"https:\/\/www.meydan.tv\/az\/wp-json\/wp\/v2\/posts"}],"about":[{"href":"https:\/\/www.meydan.tv\/az\/wp-json\/wp\/v2\/types\/post"}],"author":[{"embeddable":true,"href":"https:\/\/www.meydan.tv\/az\/wp-json\/wp\/v2\/users\/8"}],"replies":[{"embeddable":true,"href":"https:\/\/www.meydan.tv\/az\/wp-json\/wp\/v2\/comments?post=227626"}],"version-history":[{"count":1,"href":"https:\/\/www.meydan.tv\/az\/wp-json\/wp\/v2\/posts\/227626\/revisions"}],"predecessor-version":[{"id":227627,"href":"https:\/\/www.meydan.tv\/az\/wp-json\/wp\/v2\/posts\/227626\/revisions\/227627"}],"wp:featuredmedia":[{"embeddable":true,"href":"https:\/\/www.meydan.tv\/az\/wp-json\/wp\/v2\/media\/226437"}],"wp:attachment":[{"href":"https:\/\/www.meydan.tv\/az\/wp-json\/wp\/v2\/media?parent=227626"}],"wp:term":[{"taxonomy":"category","embeddable":true,"href":"https:\/\/www.meydan.tv\/az\/wp-json\/wp\/v2\/categories?post=227626"},{"taxonomy":"post_tag","embeddable":true,"href":"https:\/\/www.meydan.tv\/az\/wp-json\/wp\/v2\/tags?post=227626"}],"curies":[{"name":"wp","href":"https:\/\/api.w.org\/{rel}","templated":true}]}}