{"id":227574,"date":"2021-11-26T15:24:34","date_gmt":"2021-11-26T11:24:34","guid":{"rendered":"https:\/\/www.meydan.tv\/?p=227574"},"modified":"2021-11-26T15:24:35","modified_gmt":"2021-11-26T11:24:35","slug":"ust-yeni-covid-stammi-ile-bagli-tecili-iclas-cagirir","status":"publish","type":"post","link":"https:\/\/www.meydan.tv\/az\/article\/ust-yeni-covid-stammi-ile-bagli-tecili-iclas-cagirir\/","title":{"rendered":"\u00dcST yeni COVID \u015ftamm\u0131 il\u0259 ba\u011fl\u0131 t\u0259cili iclas \u00e7a\u011f\u0131r\u0131r"},"content":{"rendered":"\n<p><em>Mutasiyalar\u0131n \u00e7oxu onun vaksinl\u0259r\u0259 qar\u015f\u0131 y\u00fcks\u0259k m\u00fcqavim\u0259tini g\u00f6st\u0259rir<br><\/em><\/p>\n\n\n\n<p>\u00dcmumd\u00fcnya S\u0259hiyy\u0259 T\u0259\u015fkilat\u0131 (\u00dcST) C\u0259nubi Afrika v\u0259 Botsvanada a\u015fkar edilmi\u015f potensial s\u00fcr\u0259tl\u0259 yay\u0131lan COVID-19 \u015ftamm\u0131n\u0131 m\u00fczakir\u0259 etm\u0259k \u00fc\u00e7\u00fcn noyabr\u0131n 26-da t\u0259cili iclas <a href=\"https:\/\/www.cnbc.com\/2021\/11\/25\/who-calls-special-meeting-to-discuss-new-covid-variant-from-south-africa-with-large-number-of-mutations.html\" target=\"_blank\" rel=\"noreferrer noopener\">\u00e7a\u011f\u0131r\u0131r<\/a>.<br><\/p>\n\n\n\n<p>Bildirilir ki, B\u00f6y\u00fck Britaniya aliml\u0259ri Botsvanada 32 mutasiyas\u0131 olan koronavirus \u015ftamm\u0131n\u0131n yaranmas\u0131 il\u0259 ba\u011fl\u0131 x\u0259b\u0259rdarl\u0131q edibl\u0259r.<br><\/p>\n\n\n\n<p>Mutasiyalar\u0131n \u00e7oxu onun vaksinl\u0259r\u0259 qar\u015f\u0131 y\u00fcks\u0259k m\u00fcqavim\u0259tini g\u00f6st\u0259rir.<br><\/p>\n\n\n\n<p>C\u0259nubi Afrika Milli Yoluxucu X\u0259st\u0259likl\u0259r \u0130nstitutu da yeni \u015ftam\u0131n C\u0259nubi Afrikada tap\u0131ld\u0131\u011f\u0131n\u0131 v\u0259 indiy\u0259 q\u0259d\u0259r 22 yoluxman\u0131n qeyd\u0259 al\u0131nd\u0131\u011f\u0131n\u0131 t\u0259sdiql\u0259yib.<br><\/p>\n\n\n\n<p>\u00dcST-nin iclas\u0131nda o c\u00fcml\u0259d\u0259n bu \u015ftamm\u0131n hans\u0131 qrupa aid edil\u0259c\u0259yi m\u00fczakir\u0259 olunacaq: narahatl\u0131q do\u011furan v\u0259 ya maraq do\u011furan m\u0259qamlar. Eyni zamanda, \u00dcST n\u00fcmay\u0259nd\u0259l\u0259ri bildirir ki, viruslar\u0131n t\u0259kam\u00fcl\u00fc il\u0259 ba\u011fl\u0131 texniki qrupun \u00e7a\u011f\u0131r\u0131lmas\u0131 he\u00e7 d\u0259 h\u0259y\u0259can siqnal\u0131 deyil.<br><\/p>\n\n\n\n<p>&#8220;Bu bar\u0259d\u0259 h\u0259l\u0259 \u00e7ox az \u015fey m\u0259lumdur, amma biz bilirik ki, bu variant\u0131n \u00e7oxlu sayda mutasiyas\u0131 var&#8221;, &#8211; \u00dcST-nin a\u00e7\u0131qlamas\u0131nda deyilir.<br><\/p>\n\n\n\n<p>Yeni \u015ftamla ba\u011fl\u0131 ara\u015fd\u0131rmalar bir ne\u00e7\u0259 h\u0259ft\u0259 \u00e7\u0259k\u0259c\u0259k. M\u00fct\u0259x\u0259ssisl\u0259r bu \u015ftam\u0131n vaksinl\u0259r\u0259 potensial t\u0259sirini d\u0259 ara\u015fd\u0131racaqlar.<\/p>\n","protected":false},"excerpt":{"rendered":"<p>Mutasiyalar\u0131n \u00e7oxu onun vaksinl\u0259r\u0259 qar\u015f\u0131 y\u00fcks\u0259k m\u00fcqavim\u0259tini g\u00f6st\u0259rir \u00dcmumd\u00fcnya S\u0259hiyy\u0259 &#8230; <\/p>\n<p class=\"read-more-container\"><a title=\"\u00dcST yeni COVID \u015ftamm\u0131 il\u0259 ba\u011fl\u0131 t\u0259cili iclas \u00e7a\u011f\u0131r\u0131r\" class=\"read-more button\" href=\"https:\/\/www.meydan.tv\/az\/article\/ust-yeni-covid-stammi-ile-bagli-tecili-iclas-cagirir\/#more-227574\" aria-label=\"Read more about \u00dcST yeni COVID \u015ftamm\u0131 il\u0259 ba\u011fl\u0131 t\u0259cili iclas \u00e7a\u011f\u0131r\u0131r\">Davam\u0131<\/a><\/p>\n","protected":false},"author":8,"featured_media":210184,"comment_status":"closed","ping_status":"closed","sticky":false,"template":"","format":"standard","meta":{"_acf_changed":false,"_sitemap_exclude":false,"_sitemap_priority":"","_sitemap_frequency":"","footnotes":""},"categories":[54,56],"tags":[],"class_list":["post-227574","post","type-post","status-publish","format-standard","has-post-thumbnail","hentry","category-sagliq","category-xeberler","infinite-scroll-item","generate-columns","tablet-grid-50","mobile-grid-100","grid-parent","grid-33","no-featured-image-padding"],"acf":[],"yoast_head":"<!-- This site is optimized with the Yoast SEO plugin v27.4 - https:\/\/yoast.com\/product\/yoast-seo-wordpress\/ -->\n<title>\u00dcST yeni COVID \u015ftamm\u0131 il\u0259 ba\u011fl\u0131 t\u0259cili iclas \u00e7a\u011f\u0131r\u0131r - MEYDAN.TV<\/title>\n<meta name=\"robots\" content=\"index, follow, max-snippet:-1, max-image-preview:large, max-video-preview:-1\" \/>\n<link rel=\"canonical\" href=\"https:\/\/www.meydan.tv\/az\/article\/ust-yeni-covid-stammi-ile-bagli-tecili-iclas-cagirir\/\" \/>\n<meta property=\"og:locale\" content=\"az_AZ\" \/>\n<meta property=\"og:type\" content=\"article\" \/>\n<meta property=\"og:title\" content=\"\u00dcST yeni COVID \u015ftamm\u0131 il\u0259 ba\u011fl\u0131 t\u0259cili iclas \u00e7a\u011f\u0131r\u0131r - MEYDAN.TV\" \/>\n<meta property=\"og:description\" content=\"Mutasiyalar\u0131n \u00e7oxu onun vaksinl\u0259r\u0259 qar\u015f\u0131 y\u00fcks\u0259k m\u00fcqavim\u0259tini g\u00f6st\u0259rir \u00dcmumd\u00fcnya S\u0259hiyy\u0259 ... Davam\u0131\" \/>\n<meta property=\"og:url\" content=\"https:\/\/www.meydan.tv\/az\/article\/ust-yeni-covid-stammi-ile-bagli-tecili-iclas-cagirir\/\" \/>\n<meta property=\"og:site_name\" content=\"MEYDAN.TV\" \/>\n<meta property=\"article:published_time\" content=\"2021-11-26T11:24:34+00:00\" \/>\n<meta property=\"article:modified_time\" content=\"2021-11-26T11:24:35+00:00\" \/>\n<meta property=\"og:image\" content=\"https:\/\/www.meydan.tv\/wp-content\/uploads\/image_from_ios_13_fvoru4e-scaled.jpg\" \/>\n\t<meta property=\"og:image:width\" content=\"2560\" \/>\n\t<meta property=\"og:image:height\" content=\"1440\" \/>\n\t<meta property=\"og:image:type\" content=\"image\/jpeg\" \/>\n<meta name=\"author\" content=\"elli\" \/>\n<meta name=\"twitter:card\" content=\"summary_large_image\" \/>\n<meta name=\"twitter:creator\" content=\"@elli\" \/>\n<script type=\"application\/ld+json\" class=\"yoast-schema-graph\">{\"@context\":\"https:\\\/\\\/schema.org\",\"@graph\":[{\"@type\":\"Article\",\"@id\":\"https:\\\/\\\/www.meydan.tv\\\/az\\\/article\\\/ust-yeni-covid-stammi-ile-bagli-tecili-iclas-cagirir\\\/#article\",\"isPartOf\":{\"@id\":\"https:\\\/\\\/www.meydan.tv\\\/az\\\/article\\\/ust-yeni-covid-stammi-ile-bagli-tecili-iclas-cagirir\\\/\"},\"author\":{\"name\":\"elli\",\"@id\":\"https:\\\/\\\/www.meydan.tv\\\/az\\\/#\\\/schema\\\/person\\\/9cdbecf90d17180ce1dfbd95b08dcf47\"},\"headline\":\"\u00dcST yeni COVID \u015ftamm\u0131 il\u0259 ba\u011fl\u0131 t\u0259cili iclas \u00e7a\u011f\u0131r\u0131r\",\"datePublished\":\"2021-11-26T11:24:34+00:00\",\"dateModified\":\"2021-11-26T11:24:35+00:00\",\"mainEntityOfPage\":{\"@id\":\"https:\\\/\\\/www.meydan.tv\\\/az\\\/article\\\/ust-yeni-covid-stammi-ile-bagli-tecili-iclas-cagirir\\\/\"},\"wordCount\":261,\"publisher\":{\"@id\":\"https:\\\/\\\/www.meydan.tv\\\/az\\\/#organization\"},\"image\":{\"@id\":\"https:\\\/\\\/www.meydan.tv\\\/az\\\/article\\\/ust-yeni-covid-stammi-ile-bagli-tecili-iclas-cagirir\\\/#primaryimage\"},\"thumbnailUrl\":\"https:\\\/\\\/www.meydan.tv\\\/wp-content\\\/uploads\\\/image_from_ios_13_fvoru4e-scaled.jpg\",\"articleSection\":[\"Sa\u011fl\u0131q\",\"X\u0259b\u0259rl\u0259r\"],\"inLanguage\":\"az\"},{\"@type\":\"WebPage\",\"@id\":\"https:\\\/\\\/www.meydan.tv\\\/az\\\/article\\\/ust-yeni-covid-stammi-ile-bagli-tecili-iclas-cagirir\\\/\",\"url\":\"https:\\\/\\\/www.meydan.tv\\\/az\\\/article\\\/ust-yeni-covid-stammi-ile-bagli-tecili-iclas-cagirir\\\/\",\"name\":\"\u00dcST yeni COVID \u015ftamm\u0131 il\u0259 ba\u011fl\u0131 t\u0259cili iclas \u00e7a\u011f\u0131r\u0131r - MEYDAN.TV\",\"isPartOf\":{\"@id\":\"https:\\\/\\\/www.meydan.tv\\\/az\\\/#website\"},\"primaryImageOfPage\":{\"@id\":\"https:\\\/\\\/www.meydan.tv\\\/az\\\/article\\\/ust-yeni-covid-stammi-ile-bagli-tecili-iclas-cagirir\\\/#primaryimage\"},\"image\":{\"@id\":\"https:\\\/\\\/www.meydan.tv\\\/az\\\/article\\\/ust-yeni-covid-stammi-ile-bagli-tecili-iclas-cagirir\\\/#primaryimage\"},\"thumbnailUrl\":\"https:\\\/\\\/www.meydan.tv\\\/wp-content\\\/uploads\\\/image_from_ios_13_fvoru4e-scaled.jpg\",\"datePublished\":\"2021-11-26T11:24:34+00:00\",\"dateModified\":\"2021-11-26T11:24:35+00:00\",\"breadcrumb\":{\"@id\":\"https:\\\/\\\/www.meydan.tv\\\/az\\\/article\\\/ust-yeni-covid-stammi-ile-bagli-tecili-iclas-cagirir\\\/#breadcrumb\"},\"inLanguage\":\"az\",\"potentialAction\":[{\"@type\":\"ReadAction\",\"target\":[\"https:\\\/\\\/www.meydan.tv\\\/az\\\/article\\\/ust-yeni-covid-stammi-ile-bagli-tecili-iclas-cagirir\\\/\"]}]},{\"@type\":\"ImageObject\",\"inLanguage\":\"az\",\"@id\":\"https:\\\/\\\/www.meydan.tv\\\/az\\\/article\\\/ust-yeni-covid-stammi-ile-bagli-tecili-iclas-cagirir\\\/#primaryimage\",\"url\":\"https:\\\/\\\/www.meydan.tv\\\/wp-content\\\/uploads\\\/image_from_ios_13_fvoru4e-scaled.jpg\",\"contentUrl\":\"https:\\\/\\\/www.meydan.tv\\\/wp-content\\\/uploads\\\/image_from_ios_13_fvoru4e-scaled.jpg\",\"width\":2560,\"height\":1440,\"caption\":\"Foto: Meydan.TV\"},{\"@type\":\"BreadcrumbList\",\"@id\":\"https:\\\/\\\/www.meydan.tv\\\/az\\\/article\\\/ust-yeni-covid-stammi-ile-bagli-tecili-iclas-cagirir\\\/#breadcrumb\",\"itemListElement\":[{\"@type\":\"ListItem\",\"position\":1,\"name\":\"Ana s\u0259hif\u0259\",\"item\":\"https:\\\/\\\/www.meydan.tv\\\/az\\\/\"},{\"@type\":\"ListItem\",\"position\":2,\"name\":\"Sa\u011fl\u0131q\",\"item\":\"https:\\\/\\\/www.meydan.tv\\\/az\\\/section\\\/sagliq\\\/\"},{\"@type\":\"ListItem\",\"position\":3,\"name\":\"\u00dcST yeni COVID \u015ftamm\u0131 il\u0259 ba\u011fl\u0131 t\u0259cili iclas \u00e7a\u011f\u0131r\u0131r\"}]},{\"@type\":\"WebSite\",\"@id\":\"https:\\\/\\\/www.meydan.tv\\\/az\\\/#website\",\"url\":\"https:\\\/\\\/www.meydan.tv\\\/az\\\/\",\"name\":\"MEYDAN.TV\",\"description\":\"Meydan TV Az\u0259rbaycan\u0131n media m\u0259kan\u0131ndak\u0131 alternativ s\u0259sidir\",\"publisher\":{\"@id\":\"https:\\\/\\\/www.meydan.tv\\\/az\\\/#organization\"},\"potentialAction\":[{\"@type\":\"SearchAction\",\"target\":{\"@type\":\"EntryPoint\",\"urlTemplate\":\"https:\\\/\\\/www.meydan.tv\\\/az\\\/?s={search_term_string}\"},\"query-input\":{\"@type\":\"PropertyValueSpecification\",\"valueRequired\":true,\"valueName\":\"search_term_string\"}}],\"inLanguage\":\"az\"},{\"@type\":\"Organization\",\"@id\":\"https:\\\/\\\/www.meydan.tv\\\/az\\\/#organization\",\"name\":\"Meydan TV\",\"url\":\"https:\\\/\\\/www.meydan.tv\\\/az\\\/\",\"logo\":{\"@type\":\"ImageObject\",\"inLanguage\":\"az\",\"@id\":\"https:\\\/\\\/www.meydan.tv\\\/az\\\/#\\\/schema\\\/logo\\\/image\\\/\",\"url\":\"https:\\\/\\\/www.meydan.tv\\\/wp-content\\\/uploads\\\/2021\\\/07\\\/meydan-logo.svg\",\"contentUrl\":\"https:\\\/\\\/www.meydan.tv\\\/wp-content\\\/uploads\\\/2021\\\/07\\\/meydan-logo.svg\",\"width\":195,\"height\":46,\"caption\":\"Meydan TV\"},\"image\":{\"@id\":\"https:\\\/\\\/www.meydan.tv\\\/az\\\/#\\\/schema\\\/logo\\\/image\\\/\"}},{\"@type\":\"Person\",\"@id\":\"https:\\\/\\\/www.meydan.tv\\\/az\\\/#\\\/schema\\\/person\\\/9cdbecf90d17180ce1dfbd95b08dcf47\",\"name\":\"elli\",\"sameAs\":[\"https:\\\/\\\/x.com\\\/elli\"]}]}<\/script>\n<!-- \/ Yoast SEO plugin. -->","yoast_head_json":{"title":"\u00dcST yeni COVID \u015ftamm\u0131 il\u0259 ba\u011fl\u0131 t\u0259cili iclas \u00e7a\u011f\u0131r\u0131r - MEYDAN.TV","robots":{"index":"index","follow":"follow","max-snippet":"max-snippet:-1","max-image-preview":"max-image-preview:large","max-video-preview":"max-video-preview:-1"},"canonical":"https:\/\/www.meydan.tv\/az\/article\/ust-yeni-covid-stammi-ile-bagli-tecili-iclas-cagirir\/","og_locale":"az_AZ","og_type":"article","og_title":"\u00dcST yeni COVID \u015ftamm\u0131 il\u0259 ba\u011fl\u0131 t\u0259cili iclas \u00e7a\u011f\u0131r\u0131r - MEYDAN.TV","og_description":"Mutasiyalar\u0131n \u00e7oxu onun vaksinl\u0259r\u0259 qar\u015f\u0131 y\u00fcks\u0259k m\u00fcqavim\u0259tini g\u00f6st\u0259rir \u00dcmumd\u00fcnya S\u0259hiyy\u0259 ... Davam\u0131","og_url":"https:\/\/www.meydan.tv\/az\/article\/ust-yeni-covid-stammi-ile-bagli-tecili-iclas-cagirir\/","og_site_name":"MEYDAN.TV","article_published_time":"2021-11-26T11:24:34+00:00","article_modified_time":"2021-11-26T11:24:35+00:00","og_image":[{"width":2560,"height":1440,"url":"https:\/\/www.meydan.tv\/wp-content\/uploads\/image_from_ios_13_fvoru4e-scaled.jpg","type":"image\/jpeg"}],"author":"elli","twitter_card":"summary_large_image","twitter_creator":"@elli","schema":{"@context":"https:\/\/schema.org","@graph":[{"@type":"Article","@id":"https:\/\/www.meydan.tv\/az\/article\/ust-yeni-covid-stammi-ile-bagli-tecili-iclas-cagirir\/#article","isPartOf":{"@id":"https:\/\/www.meydan.tv\/az\/article\/ust-yeni-covid-stammi-ile-bagli-tecili-iclas-cagirir\/"},"author":{"name":"elli","@id":"https:\/\/www.meydan.tv\/az\/#\/schema\/person\/9cdbecf90d17180ce1dfbd95b08dcf47"},"headline":"\u00dcST yeni COVID \u015ftamm\u0131 il\u0259 ba\u011fl\u0131 t\u0259cili iclas \u00e7a\u011f\u0131r\u0131r","datePublished":"2021-11-26T11:24:34+00:00","dateModified":"2021-11-26T11:24:35+00:00","mainEntityOfPage":{"@id":"https:\/\/www.meydan.tv\/az\/article\/ust-yeni-covid-stammi-ile-bagli-tecili-iclas-cagirir\/"},"wordCount":261,"publisher":{"@id":"https:\/\/www.meydan.tv\/az\/#organization"},"image":{"@id":"https:\/\/www.meydan.tv\/az\/article\/ust-yeni-covid-stammi-ile-bagli-tecili-iclas-cagirir\/#primaryimage"},"thumbnailUrl":"https:\/\/www.meydan.tv\/wp-content\/uploads\/image_from_ios_13_fvoru4e-scaled.jpg","articleSection":["Sa\u011fl\u0131q","X\u0259b\u0259rl\u0259r"],"inLanguage":"az"},{"@type":"WebPage","@id":"https:\/\/www.meydan.tv\/az\/article\/ust-yeni-covid-stammi-ile-bagli-tecili-iclas-cagirir\/","url":"https:\/\/www.meydan.tv\/az\/article\/ust-yeni-covid-stammi-ile-bagli-tecili-iclas-cagirir\/","name":"\u00dcST yeni COVID \u015ftamm\u0131 il\u0259 ba\u011fl\u0131 t\u0259cili iclas \u00e7a\u011f\u0131r\u0131r - MEYDAN.TV","isPartOf":{"@id":"https:\/\/www.meydan.tv\/az\/#website"},"primaryImageOfPage":{"@id":"https:\/\/www.meydan.tv\/az\/article\/ust-yeni-covid-stammi-ile-bagli-tecili-iclas-cagirir\/#primaryimage"},"image":{"@id":"https:\/\/www.meydan.tv\/az\/article\/ust-yeni-covid-stammi-ile-bagli-tecili-iclas-cagirir\/#primaryimage"},"thumbnailUrl":"https:\/\/www.meydan.tv\/wp-content\/uploads\/image_from_ios_13_fvoru4e-scaled.jpg","datePublished":"2021-11-26T11:24:34+00:00","dateModified":"2021-11-26T11:24:35+00:00","breadcrumb":{"@id":"https:\/\/www.meydan.tv\/az\/article\/ust-yeni-covid-stammi-ile-bagli-tecili-iclas-cagirir\/#breadcrumb"},"inLanguage":"az","potentialAction":[{"@type":"ReadAction","target":["https:\/\/www.meydan.tv\/az\/article\/ust-yeni-covid-stammi-ile-bagli-tecili-iclas-cagirir\/"]}]},{"@type":"ImageObject","inLanguage":"az","@id":"https:\/\/www.meydan.tv\/az\/article\/ust-yeni-covid-stammi-ile-bagli-tecili-iclas-cagirir\/#primaryimage","url":"https:\/\/www.meydan.tv\/wp-content\/uploads\/image_from_ios_13_fvoru4e-scaled.jpg","contentUrl":"https:\/\/www.meydan.tv\/wp-content\/uploads\/image_from_ios_13_fvoru4e-scaled.jpg","width":2560,"height":1440,"caption":"Foto: Meydan.TV"},{"@type":"BreadcrumbList","@id":"https:\/\/www.meydan.tv\/az\/article\/ust-yeni-covid-stammi-ile-bagli-tecili-iclas-cagirir\/#breadcrumb","itemListElement":[{"@type":"ListItem","position":1,"name":"Ana s\u0259hif\u0259","item":"https:\/\/www.meydan.tv\/az\/"},{"@type":"ListItem","position":2,"name":"Sa\u011fl\u0131q","item":"https:\/\/www.meydan.tv\/az\/section\/sagliq\/"},{"@type":"ListItem","position":3,"name":"\u00dcST yeni COVID \u015ftamm\u0131 il\u0259 ba\u011fl\u0131 t\u0259cili iclas \u00e7a\u011f\u0131r\u0131r"}]},{"@type":"WebSite","@id":"https:\/\/www.meydan.tv\/az\/#website","url":"https:\/\/www.meydan.tv\/az\/","name":"MEYDAN.TV","description":"Meydan TV Az\u0259rbaycan\u0131n media m\u0259kan\u0131ndak\u0131 alternativ s\u0259sidir","publisher":{"@id":"https:\/\/www.meydan.tv\/az\/#organization"},"potentialAction":[{"@type":"SearchAction","target":{"@type":"EntryPoint","urlTemplate":"https:\/\/www.meydan.tv\/az\/?s={search_term_string}"},"query-input":{"@type":"PropertyValueSpecification","valueRequired":true,"valueName":"search_term_string"}}],"inLanguage":"az"},{"@type":"Organization","@id":"https:\/\/www.meydan.tv\/az\/#organization","name":"Meydan TV","url":"https:\/\/www.meydan.tv\/az\/","logo":{"@type":"ImageObject","inLanguage":"az","@id":"https:\/\/www.meydan.tv\/az\/#\/schema\/logo\/image\/","url":"https:\/\/www.meydan.tv\/wp-content\/uploads\/2021\/07\/meydan-logo.svg","contentUrl":"https:\/\/www.meydan.tv\/wp-content\/uploads\/2021\/07\/meydan-logo.svg","width":195,"height":46,"caption":"Meydan TV"},"image":{"@id":"https:\/\/www.meydan.tv\/az\/#\/schema\/logo\/image\/"}},{"@type":"Person","@id":"https:\/\/www.meydan.tv\/az\/#\/schema\/person\/9cdbecf90d17180ce1dfbd95b08dcf47","name":"elli","sameAs":["https:\/\/x.com\/elli"]}]}},"_links":{"self":[{"href":"https:\/\/www.meydan.tv\/az\/wp-json\/wp\/v2\/posts\/227574","targetHints":{"allow":["GET"]}}],"collection":[{"href":"https:\/\/www.meydan.tv\/az\/wp-json\/wp\/v2\/posts"}],"about":[{"href":"https:\/\/www.meydan.tv\/az\/wp-json\/wp\/v2\/types\/post"}],"author":[{"embeddable":true,"href":"https:\/\/www.meydan.tv\/az\/wp-json\/wp\/v2\/users\/8"}],"replies":[{"embeddable":true,"href":"https:\/\/www.meydan.tv\/az\/wp-json\/wp\/v2\/comments?post=227574"}],"version-history":[{"count":1,"href":"https:\/\/www.meydan.tv\/az\/wp-json\/wp\/v2\/posts\/227574\/revisions"}],"predecessor-version":[{"id":227575,"href":"https:\/\/www.meydan.tv\/az\/wp-json\/wp\/v2\/posts\/227574\/revisions\/227575"}],"wp:featuredmedia":[{"embeddable":true,"href":"https:\/\/www.meydan.tv\/az\/wp-json\/wp\/v2\/media\/210184"}],"wp:attachment":[{"href":"https:\/\/www.meydan.tv\/az\/wp-json\/wp\/v2\/media?parent=227574"}],"wp:term":[{"taxonomy":"category","embeddable":true,"href":"https:\/\/www.meydan.tv\/az\/wp-json\/wp\/v2\/categories?post=227574"},{"taxonomy":"post_tag","embeddable":true,"href":"https:\/\/www.meydan.tv\/az\/wp-json\/wp\/v2\/tags?post=227574"}],"curies":[{"name":"wp","href":"https:\/\/api.w.org\/{rel}","templated":true}]}}