{"id":227531,"date":"2021-11-26T14:06:11","date_gmt":"2021-11-26T10:06:11","guid":{"rendered":"https:\/\/www.meydan.tv\/?p=227531"},"modified":"2021-11-26T14:06:13","modified_gmt":"2021-11-26T10:06:13","slug":"kardioloq-covid-19-dan-olenlerin-ucde-biri-urek-xesteleridir","status":"publish","type":"post","link":"https:\/\/www.meydan.tv\/az\/article\/kardioloq-covid-19-dan-olenlerin-ucde-biri-urek-xesteleridir\/","title":{"rendered":"Kardioloq: &#8220;COVID-19-dan \u00f6l\u0259nl\u0259rin \u00fc\u00e7d\u0259 biri \u00fcr\u0259k x\u0259st\u0259l\u0259ridir&#8221;"},"content":{"rendered":"\n<p class=\"wp-block-paragraph\"><em>&#8220;Virus \u0259sas\u0259n damarlar\u0131n tutulmas\u0131na s\u0259b\u0259b olur&#8221;<\/em><\/p>\n\n\n\n<p class=\"wp-block-paragraph\">\u201cCOVID-19 infeksiyas\u0131 n\u0259tic\u0259sind\u0259 ba\u015f ver\u0259n \u00f6l\u00fcml\u0259rin \u00fc\u00e7d\u0259 biri \u00fcr\u0259k x\u0259st\u0259likl\u0259ri il\u0259 \u0259laq\u0259dard\u0131r\u201d.<\/p>\n\n\n\n<p class=\"wp-block-paragraph\">S\u0259hiyy\u0259 Nazirliyinin m\u00fct\u0259x\u0259ssisi \u0130lqar Tahiro\u011flu bel\u0259 <a href=\"http:\/\/sehiyye.gov.az\/xeberler\/3509-shiyy-nazirliyinin-mtxssisi-lqar-tahirolu-covid-19-mvcud-rk-xstliklrinin-arlamasna-sbb-olur.html\" target=\"_blank\" rel=\"noreferrer noopener\">deyib<\/a>.<\/p>\n\n\n\n<p class=\"wp-block-paragraph\">Bildirib ki, yeni n\u00f6v koronavirus t\u0259n\u0259ff\u00fcs yollar\u0131n\u0131n x\u0259st\u0259liyi kimi g\u00f6r\u00fcls\u0259 d\u0259, \u00f6l\u00fcml\u0259r ya ciddi ritm poz\u011funlu\u011fu, ya da \u00fcr\u0259yin z\u0259d\u0259l\u0259nm\u0259sinin n\u0259tic\u0259sind\u0259 ba\u015f verir: <\/p>\n\n\n\n<p class=\"wp-block-paragraph\">\u201cBuna g\u00f6r\u0259 d\u0259 reanimasiya \u015f\u00f6b\u0259l\u0259rind\u0259 \u00fcr\u0259kl\u0259 ba\u011fl\u0131 \u00f6l\u00fcml\u0259r \u00f6n plandad\u0131r. COVID-19 virusu \u0259sas\u0259n damarlar\u0131n tutulmas\u0131na s\u0259b\u0259b olur. Buna g\u00f6r\u0259 d\u0259 bu virus damar olan yerd\u0259 ciddi probleml\u0259r yarada bil\u0259r&#8221;.<\/p>\n\n\n\n<p class=\"wp-block-paragraph\">&#8220;Virusun yaratd\u0131\u011f\u0131 \u0259n m\u00fch\u00fcm problem onun damardaxili laxtalanmaya s\u0259b\u0259b olmas\u0131d\u0131r. Bu v\u0259ziyy\u0259t bir t\u0259r\u0259fd\u0259n a\u011fciy\u0259rl\u0259rd\u0259 tutulmalar\u0131n \u0259sas\u0131n\u0131 t\u0259\u015fkil edir, dig\u0259r t\u0259r\u0259fd\u0259n d\u0259 infarkt ke\u00e7irm\u0259yi asanla\u015fd\u0131ran faktor kimi g\u00f6r\u00fcn\u00fcr\u201d, &#8211; o, bel\u0259 deyib.<\/p>\n\n\n\n<p class=\"wp-block-paragraph\">Kardioloqun s\u00f6zl\u0259rin\u0259 g\u00f6r\u0259, \u00fcr\u0259k \u00e7at\u0131\u015fmazl\u0131\u011f\u0131, \u00fcr\u0259k x\u0259st\u0259likl\u0259ri olan insanlar COVID-19 infeksiyas\u0131na yoluxanda prosesi daha a\u011f\u0131r ke\u00e7irir: <\/p>\n\n\n\n<p class=\"wp-block-paragraph\">\u201c\u00c7\u00fcnki virus \u00fcr\u0259k \u0259z\u0259l\u0259sinin iltihab\u0131na s\u0259b\u0259b olur. Bu iltihaba ba\u011fl\u0131 olaraq b\u00fct\u00fcn \u0259z\u0259l\u0259 g\u00fcc\u00fc z\u0259ifl\u0259yir v\u0259 \u00fcr\u0259k \u00e7at\u0131\u015fmazl\u0131\u011f\u0131na g\u0259tirib \u00e7\u0131xar\u0131r. Bir \u0259sas z\u0259d\u0259l\u0259nm\u0259 d\u0259 \u00fcr\u0259kd\u0259 ciddi aritmiyalara s\u0259b\u0259b olur ki, x\u0259st\u0259d\u0259 m\u0259d\u0259cik m\u0259n\u015f\u0259li d\u00f6y\u00fcnt\u00fc poz\u011funlu\u011fu yaran\u0131r. Bu da \u00fcr\u0259k dayanmas\u0131na q\u0259d\u0259r g\u0259tirib \u00e7\u0131xar\u0131r.<\/p>\n","protected":false},"excerpt":{"rendered":"<p>&#8220;Virus \u0259sas\u0259n damarlar\u0131n tutulmas\u0131na s\u0259b\u0259b olur&#8221; \u201cCOVID-19 infeksiyas\u0131 n\u0259tic\u0259sind\u0259 ba\u015f &#8230; <\/p>\n<p class=\"read-more-container\"><a title=\"Kardioloq: &#8220;COVID-19-dan \u00f6l\u0259nl\u0259rin \u00fc\u00e7d\u0259 biri \u00fcr\u0259k x\u0259st\u0259l\u0259ridir&#8221;\" class=\"read-more button\" href=\"https:\/\/www.meydan.tv\/az\/article\/kardioloq-covid-19-dan-olenlerin-ucde-biri-urek-xesteleridir\/#more-227531\" aria-label=\"Read more about Kardioloq: &#8220;COVID-19-dan \u00f6l\u0259nl\u0259rin \u00fc\u00e7d\u0259 biri \u00fcr\u0259k x\u0259st\u0259l\u0259ridir&#8221;\">Davam\u0131<\/a><\/p>\n","protected":false},"author":8,"featured_media":155571,"comment_status":"closed","ping_status":"closed","sticky":false,"template":"","format":"standard","meta":{"_acf_changed":false,"_sitemap_exclude":false,"_sitemap_priority":"","_sitemap_frequency":"","footnotes":""},"categories":[54,56],"tags":[],"class_list":["post-227531","post","type-post","status-publish","format-standard","has-post-thumbnail","hentry","category-sagliq","category-xeberler","infinite-scroll-item","generate-columns","tablet-grid-50","mobile-grid-100","grid-parent","grid-33","no-featured-image-padding"],"acf":[],"yoast_head":"<!-- This site is optimized with the Yoast SEO plugin v28.4 - https:\/\/yoast.com\/product\/yoast-seo-wordpress\/ -->\n<title>Kardioloq: &quot;COVID-19-dan \u00f6l\u0259nl\u0259rin \u00fc\u00e7d\u0259 biri \u00fcr\u0259k x\u0259st\u0259l\u0259ridir&quot; - MEYDAN.TV<\/title>\n<meta name=\"robots\" content=\"index, follow, max-snippet:-1, max-image-preview:large, max-video-preview:-1\" \/>\n<link rel=\"canonical\" href=\"https:\/\/www.meydan.tv\/az\/article\/kardioloq-covid-19-dan-olenlerin-ucde-biri-urek-xesteleridir\/\" \/>\n<meta property=\"og:locale\" content=\"az_AZ\" \/>\n<meta property=\"og:type\" content=\"article\" \/>\n<meta property=\"og:title\" content=\"Kardioloq: &quot;COVID-19-dan \u00f6l\u0259nl\u0259rin \u00fc\u00e7d\u0259 biri \u00fcr\u0259k x\u0259st\u0259l\u0259ridir&quot; - MEYDAN.TV\" \/>\n<meta property=\"og:description\" content=\"&#8220;Virus \u0259sas\u0259n damarlar\u0131n tutulmas\u0131na s\u0259b\u0259b olur&#8221; \u201cCOVID-19 infeksiyas\u0131 n\u0259tic\u0259sind\u0259 ba\u015f ... Davam\u0131\" \/>\n<meta property=\"og:url\" content=\"https:\/\/www.meydan.tv\/az\/article\/kardioloq-covid-19-dan-olenlerin-ucde-biri-urek-xesteleridir\/\" \/>\n<meta property=\"og:site_name\" content=\"MEYDAN.TV\" \/>\n<meta property=\"article:published_time\" content=\"2021-11-26T10:06:11+00:00\" \/>\n<meta property=\"article:modified_time\" content=\"2021-11-26T10:06:13+00:00\" \/>\n<meta property=\"og:image\" content=\"https:\/\/www.meydan.tv\/wp-content\/uploads\/image_from_ios_12_ixy7ldb-scaled.jpg\" \/>\n\t<meta property=\"og:image:width\" content=\"2560\" \/>\n\t<meta property=\"og:image:height\" content=\"1440\" \/>\n\t<meta property=\"og:image:type\" content=\"image\/jpeg\" \/>\n<meta name=\"twitter:card\" content=\"summary_large_image\" \/>\n<meta name=\"twitter:creator\" content=\"@elli\" \/>\n<!-- \/ Yoast SEO plugin. -->","yoast_head_json":{"title":"Kardioloq: \"COVID-19-dan \u00f6l\u0259nl\u0259rin \u00fc\u00e7d\u0259 biri \u00fcr\u0259k x\u0259st\u0259l\u0259ridir\" - MEYDAN.TV","robots":{"index":"index","follow":"follow","max-snippet":"max-snippet:-1","max-image-preview":"max-image-preview:large","max-video-preview":"max-video-preview:-1"},"canonical":"https:\/\/www.meydan.tv\/az\/article\/kardioloq-covid-19-dan-olenlerin-ucde-biri-urek-xesteleridir\/","og_locale":"az_AZ","og_type":"article","og_title":"Kardioloq: \"COVID-19-dan \u00f6l\u0259nl\u0259rin \u00fc\u00e7d\u0259 biri \u00fcr\u0259k x\u0259st\u0259l\u0259ridir\" - MEYDAN.TV","og_description":"&#8220;Virus \u0259sas\u0259n damarlar\u0131n tutulmas\u0131na s\u0259b\u0259b olur&#8221; \u201cCOVID-19 infeksiyas\u0131 n\u0259tic\u0259sind\u0259 ba\u015f ... Davam\u0131","og_url":"https:\/\/www.meydan.tv\/az\/article\/kardioloq-covid-19-dan-olenlerin-ucde-biri-urek-xesteleridir\/","og_site_name":"MEYDAN.TV","article_published_time":"2021-11-26T10:06:11+00:00","article_modified_time":"2021-11-26T10:06:13+00:00","og_image":[{"width":2560,"height":1440,"url":"https:\/\/www.meydan.tv\/wp-content\/uploads\/image_from_ios_12_ixy7ldb-scaled.jpg","type":"image\/jpeg"}],"twitter_card":"summary_large_image","twitter_creator":"@elli","schema":{"@context":"https:\/\/schema.org","@graph":[{"@type":"Article","@id":"https:\/\/www.meydan.tv\/az\/article\/kardioloq-covid-19-dan-olenlerin-ucde-biri-urek-xesteleridir\/#article","isPartOf":{"@id":"https:\/\/www.meydan.tv\/az\/article\/kardioloq-covid-19-dan-olenlerin-ucde-biri-urek-xesteleridir\/"},"author":{"name":"elli","@id":"https:\/\/www.meydan.tv\/az\/#\/schema\/person\/9cdbecf90d17180ce1dfbd95b08dcf47"},"headline":"Kardioloq: &#8220;COVID-19-dan \u00f6l\u0259nl\u0259rin \u00fc\u00e7d\u0259 biri \u00fcr\u0259k x\u0259st\u0259l\u0259ridir&#8221;","datePublished":"2021-11-26T10:06:11+00:00","dateModified":"2021-11-26T10:06:13+00:00","mainEntityOfPage":{"@id":"https:\/\/www.meydan.tv\/az\/article\/kardioloq-covid-19-dan-olenlerin-ucde-biri-urek-xesteleridir\/"},"wordCount":321,"publisher":{"@id":"https:\/\/www.meydan.tv\/az\/#organization"},"image":{"@id":"https:\/\/www.meydan.tv\/az\/article\/kardioloq-covid-19-dan-olenlerin-ucde-biri-urek-xesteleridir\/#primaryimage"},"thumbnailUrl":"https:\/\/www.meydan.tv\/wp-content\/uploads\/image_from_ios_12_ixy7ldb-scaled.jpg","articleSection":["Sa\u011fl\u0131q","X\u0259b\u0259rl\u0259r"],"inLanguage":"az"},{"@type":"WebPage","@id":"https:\/\/www.meydan.tv\/az\/article\/kardioloq-covid-19-dan-olenlerin-ucde-biri-urek-xesteleridir\/","url":"https:\/\/www.meydan.tv\/az\/article\/kardioloq-covid-19-dan-olenlerin-ucde-biri-urek-xesteleridir\/","name":"Kardioloq: \"COVID-19-dan \u00f6l\u0259nl\u0259rin \u00fc\u00e7d\u0259 biri \u00fcr\u0259k x\u0259st\u0259l\u0259ridir\" - MEYDAN.TV","isPartOf":{"@id":"https:\/\/www.meydan.tv\/az\/#website"},"primaryImageOfPage":{"@id":"https:\/\/www.meydan.tv\/az\/article\/kardioloq-covid-19-dan-olenlerin-ucde-biri-urek-xesteleridir\/#primaryimage"},"image":{"@id":"https:\/\/www.meydan.tv\/az\/article\/kardioloq-covid-19-dan-olenlerin-ucde-biri-urek-xesteleridir\/#primaryimage"},"thumbnailUrl":"https:\/\/www.meydan.tv\/wp-content\/uploads\/image_from_ios_12_ixy7ldb-scaled.jpg","datePublished":"2021-11-26T10:06:11+00:00","dateModified":"2021-11-26T10:06:13+00:00","breadcrumb":{"@id":"https:\/\/www.meydan.tv\/az\/article\/kardioloq-covid-19-dan-olenlerin-ucde-biri-urek-xesteleridir\/#breadcrumb"},"inLanguage":"az","potentialAction":[{"@type":"ReadAction","target":["https:\/\/www.meydan.tv\/az\/article\/kardioloq-covid-19-dan-olenlerin-ucde-biri-urek-xesteleridir\/"]}]},{"@type":"ImageObject","inLanguage":"az","@id":"https:\/\/www.meydan.tv\/az\/article\/kardioloq-covid-19-dan-olenlerin-ucde-biri-urek-xesteleridir\/#primaryimage","url":"https:\/\/www.meydan.tv\/wp-content\/uploads\/image_from_ios_12_ixy7ldb-scaled.jpg","contentUrl":"https:\/\/www.meydan.tv\/wp-content\/uploads\/image_from_ios_12_ixy7ldb-scaled.jpg","width":2560,"height":1440,"caption":"Foto: Meydan TV"},{"@type":"BreadcrumbList","@id":"https:\/\/www.meydan.tv\/az\/article\/kardioloq-covid-19-dan-olenlerin-ucde-biri-urek-xesteleridir\/#breadcrumb","itemListElement":[{"@type":"ListItem","position":1,"name":"Ana s\u0259hif\u0259","item":"https:\/\/www.meydan.tv\/az\/"},{"@type":"ListItem","position":2,"name":"Sa\u011fl\u0131q","item":"https:\/\/www.meydan.tv\/az\/section\/sagliq\/"},{"@type":"ListItem","position":3,"name":"Kardioloq: &#8220;COVID-19-dan \u00f6l\u0259nl\u0259rin \u00fc\u00e7d\u0259 biri \u00fcr\u0259k x\u0259st\u0259l\u0259ridir&#8221;"}]},{"@type":"WebSite","@id":"https:\/\/www.meydan.tv\/az\/#website","url":"https:\/\/www.meydan.tv\/az\/","name":"MEYDAN.TV","description":"Meydan TV Az\u0259rbaycan\u0131n media m\u0259kan\u0131ndak\u0131 alternativ s\u0259sidir","publisher":{"@id":"https:\/\/www.meydan.tv\/az\/#organization"},"potentialAction":[{"@type":"SearchAction","target":{"@type":"EntryPoint","urlTemplate":"https:\/\/www.meydan.tv\/az\/?s={search_term_string}"},"query-input":{"@type":"PropertyValueSpecification","valueRequired":true,"valueName":"search_term_string"}}],"inLanguage":"az"},{"@type":"Organization","@id":"https:\/\/www.meydan.tv\/az\/#organization","name":"Meydan TV","url":"https:\/\/www.meydan.tv\/az\/","logo":{"@type":"ImageObject","inLanguage":"az","@id":"https:\/\/www.meydan.tv\/az\/#\/schema\/logo\/image\/","url":"https:\/\/www.meydan.tv\/wp-content\/uploads\/2021\/07\/meydan-logo.svg","contentUrl":"https:\/\/www.meydan.tv\/wp-content\/uploads\/2021\/07\/meydan-logo.svg","width":195,"height":46,"caption":"Meydan TV"},"image":{"@id":"https:\/\/www.meydan.tv\/az\/#\/schema\/logo\/image\/"}},{"@type":"Person","@id":"https:\/\/www.meydan.tv\/az\/#\/schema\/person\/9cdbecf90d17180ce1dfbd95b08dcf47","name":"elli","sameAs":["https:\/\/x.com\/elli"]}]}},"_links":{"self":[{"href":"https:\/\/www.meydan.tv\/az\/wp-json\/wp\/v2\/posts\/227531","targetHints":{"allow":["GET"]}}],"collection":[{"href":"https:\/\/www.meydan.tv\/az\/wp-json\/wp\/v2\/posts"}],"about":[{"href":"https:\/\/www.meydan.tv\/az\/wp-json\/wp\/v2\/types\/post"}],"author":[{"embeddable":true,"href":"https:\/\/www.meydan.tv\/az\/wp-json\/wp\/v2\/users\/8"}],"replies":[{"embeddable":true,"href":"https:\/\/www.meydan.tv\/az\/wp-json\/wp\/v2\/comments?post=227531"}],"version-history":[{"count":1,"href":"https:\/\/www.meydan.tv\/az\/wp-json\/wp\/v2\/posts\/227531\/revisions"}],"predecessor-version":[{"id":227532,"href":"https:\/\/www.meydan.tv\/az\/wp-json\/wp\/v2\/posts\/227531\/revisions\/227532"}],"wp:featuredmedia":[{"embeddable":true,"href":"https:\/\/www.meydan.tv\/az\/wp-json\/wp\/v2\/media\/155571"}],"wp:attachment":[{"href":"https:\/\/www.meydan.tv\/az\/wp-json\/wp\/v2\/media?parent=227531"}],"wp:term":[{"taxonomy":"category","embeddable":true,"href":"https:\/\/www.meydan.tv\/az\/wp-json\/wp\/v2\/categories?post=227531"},{"taxonomy":"post_tag","embeddable":true,"href":"https:\/\/www.meydan.tv\/az\/wp-json\/wp\/v2\/tags?post=227531"}],"curies":[{"name":"wp","href":"https:\/\/api.w.org\/{rel}","templated":true}]}}