{"id":227512,"date":"2021-11-26T12:18:10","date_gmt":"2021-11-26T08:18:10","guid":{"rendered":"https:\/\/www.meydan.tv\/?p=227512"},"modified":"2021-11-26T14:28:05","modified_gmt":"2021-11-26T10:28:05","slug":"qazi-ayagimdan-qolumdan-yaralanmisam-elillik-teyin-etmirler","status":"publish","type":"post","link":"https:\/\/www.meydan.tv\/az\/article\/qazi-ayagimdan-qolumdan-yaralanmisam-elillik-teyin-etmirler\/","title":{"rendered":"Qazi: \u201cAya\u011f\u0131mdan, qolumdan yaralanm\u0131\u015fam, \u0259lillik t\u0259yin etmirl\u0259r\u201d"},"content":{"rendered":"\n<p><em>\u201c\u0130ndi iki balam\u0131n t\u0259l\u0259bat\u0131n\u0131 \u00f6d\u0259y\u0259 bilmir\u0259m, ail\u0259min yan\u0131nda vicdan \u0259zab\u0131 \u00e7\u0259kir\u0259m\u201d<\/em><br><\/p>\n\n\n\n<p>\u201cAya\u011f\u0131mdan, qolumdan yaralanm\u0131\u015fam, g\u00f6z\u00fcmd\u0259 \u00e7\u0259plik var, aya\u011f\u0131mda qolumda, \u00fcz\u00fcmd\u0259 q\u0259lp\u0259l\u0259r var, aya\u011f\u0131ma d\u00f6rd \u015frupla mil qoyulub, bununla bel\u0259, m\u0259n\u0259 \u0259lillik t\u0259yin etmirl\u0259r\u201d.<br><\/p>\n\n\n\n<p>Ucar\u0131n Qaz\u0131qumlaq k\u0259ndind\u0259 ya\u015fayan 26 ya\u015fl\u0131 Sahib \u015e\u0259k\u0259r\u0259liyev \u0130kinci Qaraba\u011f M\u00fcharib\u0259si qazisidir. <\/p>\n\n\n\n<p>Meydan Tv-y\u0259 dan\u0131\u015f\u0131r ki, \u00f6t\u0259n il sentyabr\u0131n 21-d\u0259 s\u0259f\u0259rb\u0259rliy\u0259 c\u0259lb edilm\u0259si \u00fc\u00e7\u00fcn k\u00f6n\u00fcll\u00fc m\u00fcraci\u0259t edib. <\/p>\n\n\n\n<p>Sentyabr\u0131n 27-d\u0259 ba\u015flanan m\u00fcharib\u0259nin ilk g\u00fcn\u00fcnd\u0259n d\u00f6y\u00fc\u015fl\u0259rd\u0259 i\u015ftirak edib. 3 g\u00fcn sonra T\u0259rt\u0259r-Agd\u0259r\u0259-Suqovu\u015fan istiqam\u0259tind\u0259 ged\u0259n d\u00f6y\u00fc\u015fl\u0259rd\u0259 yax\u0131nl\u0131\u011f\u0131na d\u00fc\u015f\u0259n minamyot q\u0259lp\u0259l\u0259rind\u0259n yaralan\u0131b. \u018fvv\u0259l T\u0259rt\u0259r x\u0259st\u0259xanas\u0131na, oradan B\u0259rd\u0259 x\u0259st\u0259xanas\u0131na g\u00f6t\u00fcr\u00fcl\u00fcb, yaralar\u0131 a\u011f\u0131r oldu\u011funa g\u00f6r\u0259 oradan da G\u0259nc\u0259 Beyn\u0259lxalq X\u0259st\u0259xanas\u0131na g\u00f6nd\u0259rilib. Sol qolunda v\u0259 sol aya\u011f\u0131nda iki d\u0259f\u0259 c\u0259rrahiyy\u0259 \u0259m\u0259liyyat\u0131 apar\u0131ld\u0131qdan sonra m\u0259zuniyy\u0259t\u0259 g\u00f6nd\u0259rilib. 8 ay yataqda qal\u0131b. Sonra Bak\u0131dak\u0131 H\u0259rbi Hospital\u0131na g\u00f6nd\u0259rilib, burada onun aya\u011f\u0131nda \u00fc\u00e7\u00fcnc\u00fc \u0259m\u0259liyyat apar\u0131l\u0131b, aya\u011f\u0131na mil qoyulub.<br><\/p>\n\n\n\n<p><strong>\u201cAya\u011f\u0131mda mil aparat\u0131yla Bak\u0131ya getdim, amma\u2026\u201d<br><\/strong><\/p>\n\n\n\n<p>Sahib \u015e\u0259k\u0259r\u0259liyev bir ne\u00e7\u0259 ay \u0259vv\u0259l x\u0259sar\u0259tl\u0259ri, ke\u00e7irdiyi \u0259m\u0259liyyatlar\u0131yla ba\u011fl\u0131 s\u0259n\u0259dl\u0259rini Ucar Rayon M\u0259rk\u0259zi X\u0259st\u0259xanas\u0131na t\u0259qdim edib. Avqustun 18-d\u0259 onu G\u00f6y\u00e7ay Rayon M\u0259rk\u0259zi X\u0259st\u0259xanas\u0131na g\u00f6nd\u0259ribl\u0259r. Oradan qaziy\u0259 bildirilib ki, s\u0259n\u0259dl\u0259ri Tibbi S\u0131\u011forta Agentliyin\u0259 g\u00f6nd\u0259ril\u0259c\u0259k, n\u0259tic\u0259 bar\u0259d\u0259 ona m\u0259lumat veril\u0259c\u0259k. <\/p>\n\n\n\n<p>Bir ay sonra Sahib \u015e\u0259k\u0259r\u0259liyev\u0259 z\u0259ng vuraraq Tibbi S\u0131\u011forta Agentliyind\u0259n cavab g\u0259ldiyini v\u0259 onun s\u0259n\u0259dl\u0259rini \u018flill\u0259rin B\u0259rpa M\u0259rk\u0259zin\u0259 g\u00f6nd\u0259rdikl\u0259rini bildiribl\u0259r:<br><\/p>\n\n\n\n<div class=\"wp-block-image\"><figure class=\"alignleft size-full is-resized\"><img decoding=\"async\" data-src=\"https:\/\/www.meydan.tv\/wp-content\/uploads\/untitled-design-9-1.gif\" alt=\"\" class=\"wp-image-227509 lazyload\" width=\"542\" height=\"361\" src=\"data:image\/svg+xml;base64,PHN2ZyB3aWR0aD0iMSIgaGVpZ2h0PSIxIiB4bWxucz0iaHR0cDovL3d3dy53My5vcmcvMjAwMC9zdmciPjwvc3ZnPg==\" style=\"--smush-placeholder-width: 542px; --smush-placeholder-aspect-ratio: 542\/361;\" \/><figcaption>Sahib \u015e\u0259k\u0259r\u0259liyev, Foto: Meydan TV <\/figcaption><\/figure><\/div>\n\n\n\n<p>\u201cBir m\u00fcdd\u0259t d\u0259 ke\u00e7di, m\u0259n\u0259 \u018flill\u0259rin B\u0259rpa M\u0259rk\u0259zind\u0259n z\u0259ng oldu, bildirdil\u0259r ki, g\u0259lib \u0259yani m\u00fcayin\u0259d\u0259n ke\u00e7m\u0259lis\u0259n. Dedim ki, m\u0259n yataqdan t\u0259z\u0259 qalxm\u0131\u015fam, \u0259m\u0259lli g\u0259z\u0259 bilmir\u0259m, aya\u011f\u0131mda mil aparat\u0131 da\u015f\u0131y\u0131ram, b\u00fct\u00fcn s\u0259n\u0259dl\u0259rim qar\u015f\u0131n\u0131zdad\u0131r, m\u0259nim bu boyda yolu ora g\u0259lm\u0259yimin n\u0259 ad\u0131 var? Dedil\u0259r, yox, \u0259yani m\u00fcayin\u0259 vacibdir. M\u0259n d\u0259 getdim Bak\u0131ya. \u018flill\u0259rin B\u0259rpa M\u0259rk\u0259zind\u0259 komissiyadan ke\u00e7dim, k\u0259ll\u0259-beyin travmam, b\u0259d\u0259nimd\u0259ki, \u00fcz\u00fcmd\u0259ki q\u0259lp\u0259l\u0259r, qolumda, aya\u011f\u0131mda \u0259m\u0259liyyatlar\u2026 B\u00fct\u00fcn m\u0259lumatlar qar\u015f\u0131lar\u0131ndayd\u0131. Dedil\u0259r, get, uza\u011f\u0131 iki h\u0259ft\u0259y\u0259 s\u0259n\u0259 telefonla mesaj g\u00f6nd\u0259ril\u0259c\u0259k. G\u0259ldim k\u0259nd\u0259, g\u00f6zl\u0259dim, vaxt tamam oldu, mesaj g\u0259lm\u0259di. Tibbi Sosial Ekspert Komissiyas\u0131n\u0131n sayt\u0131na girdim, baxd\u0131m ki, m\u0259n\u0259 imtina verilib\u201d.<br><\/p>\n\n\n\n<p><strong>\u201c\u0130\u015fl\u0259y\u0259 bilmir\u0259m, ail\u0259min yan\u0131nda vicdan \u0259zab\u0131 \u00e7\u0259kir\u0259m\u201d<br><\/strong><\/p>\n\n\n\n<p>Sahib \u015e\u0259k\u0259r\u0259liyev deyir, m\u00fcharib\u0259d\u0259n bu t\u0259r\u0259f\u0259 he\u00e7 bir d\u00f6vl\u0259t qurumu qap\u0131s\u0131n\u0131 d\u00f6ym\u0259yib, v\u0259ziyy\u0259tiyl\u0259 maraqlanmay\u0131b, indiy\u0259d\u0259k d\u00f6vl\u0259td\u0259n bir manat da maddi d\u0259st\u0259k g\u00f6rm\u0259yib. \u0130ki azya\u015fl\u0131 \u00f6vlad\u0131n\u0131 bundan sonra nec\u0259 doland\u0131raca\u011f\u0131n\u0131 da bilmir:<br><\/p>\n\n\n\n<p>\u201cM\u00fcharib\u0259y\u0259d\u0259k i\u015fl\u0259yib ail\u0259ni \u00f6z\u00fcm saxlay\u0131rd\u0131m. \u0130ndi 2 v\u0259 3 ya\u015f\u0131nda olan iki balam\u0131n t\u0259l\u0259bat\u0131n\u0131 \u00f6d\u0259y\u0259 bilmir\u0259m, ail\u0259min yan\u0131nda vicdan \u0259zab\u0131 \u00e7\u0259kir\u0259m. \u018flillik pensiyas\u0131na \u00e7ox ehtiyac\u0131m var. \u00c7\u00fcnki \u0259m\u0259k f\u0259aliyy\u0259tiyl\u0259 m\u0259\u015f\u011ful ola bilmir\u0259m, kast\u0131rla birt\u0259h\u0259r h\u0259r\u0259k\u0259t edir\u0259m, qalm\u0131\u015fam evin bir k\u00fcnc\u00fcnd\u0259\u2026 \u0130ndiki durumda \u0259lillik pensiyas\u0131na \u00e7ox ehtiyac\u0131m var, \u00e7\u00fcnki d\u0259rmanlar\u0131m\u0131 da ala bilmir\u0259m. He\u00e7 olmasa pensiyayla u\u015faqlar\u0131m\u0131 doland\u0131raram, d\u0259rmanlar\u0131m\u0131 alaram. Ba\u015fqa yolum yoxdur, icra hakimiyy\u0259timiz\u0259, deputat\u0131m\u0131za m\u00fcraci\u0259t edir\u0259m ki, gedib m\u00fcharib\u0259d\u0259 yar\u0131mcan olub g\u0259lmi\u015f\u0259m, balalar\u0131m\u0131 doland\u0131ra bilmir\u0259m, m\u0259n n\u0259 edim? H\u0259r\u0259si bir qutu \u0259rzaq verir ki, get dolan\u2026\u201d<br><\/p>\n\n\n\n<p>G\u00f6y\u00e7ay Rayon M\u0259rk\u0259zi X\u0259st\u0259xanas\u0131ndan Meydan TV-y\u0259 bildirilib ki, Tibbi Sosial Ekspert Komissiyas\u0131ndan al\u0131nan cavabda Sahib \u015e\u0259k\u0259r\u0259liyevin \u0259lav\u0259 m\u00fcalic\u0259y\u0259 ehtiyac\u0131 oldu\u011fu qeyd edilib. \u018flav\u0259 m\u00fcalic\u0259l\u0259r ald\u0131qdan sonra yenid\u0259n komissiyaya m\u00fcraci\u0259t ed\u0259 bil\u0259r.<\/p>\n","protected":false},"excerpt":{"rendered":"<p>\u201c\u0130ndi iki balam\u0131n t\u0259l\u0259bat\u0131n\u0131 \u00f6d\u0259y\u0259 bilmir\u0259m, ail\u0259min yan\u0131nda vicdan \u0259zab\u0131 &#8230; <\/p>\n<p class=\"read-more-container\"><a title=\"Qazi: \u201cAya\u011f\u0131mdan, qolumdan yaralanm\u0131\u015fam, \u0259lillik t\u0259yin etmirl\u0259r\u201d\" class=\"read-more button\" href=\"https:\/\/www.meydan.tv\/az\/article\/qazi-ayagimdan-qolumdan-yaralanmisam-elillik-teyin-etmirler\/#more-227512\" aria-label=\"Read more about Qazi: \u201cAya\u011f\u0131mdan, qolumdan yaralanm\u0131\u015fam, \u0259lillik t\u0259yin etmirl\u0259r\u201d\">Davam\u0131<\/a><\/p>\n","protected":false},"author":8,"featured_media":227506,"comment_status":"closed","ping_status":"closed","sticky":false,"template":"","format":"standard","meta":{"_acf_changed":false,"_sitemap_exclude":false,"_sitemap_priority":"","_sitemap_frequency":"","footnotes":""},"categories":[60,79,56],"tags":[],"class_list":["post-227512","post","type-post","status-publish","format-standard","has-post-thumbnail","hentry","category-bolge","category-featured","category-xeberler","infinite-scroll-item","generate-columns","tablet-grid-50","mobile-grid-100","grid-parent","grid-33","no-featured-image-padding"],"acf":[],"yoast_head":"<!-- This site is optimized with the Yoast SEO plugin v27.5 - https:\/\/yoast.com\/product\/yoast-seo-wordpress\/ -->\n<title>Qazi: \u201cAya\u011f\u0131mdan, qolumdan yaralanm\u0131\u015fam, \u0259lillik t\u0259yin etmirl\u0259r\u201d - MEYDAN.TV<\/title>\n<meta name=\"robots\" content=\"index, follow, max-snippet:-1, max-image-preview:large, max-video-preview:-1\" \/>\n<link rel=\"canonical\" href=\"https:\/\/www.meydan.tv\/az\/article\/qazi-ayagimdan-qolumdan-yaralanmisam-elillik-teyin-etmirler\/\" \/>\n<meta property=\"og:locale\" content=\"az_AZ\" \/>\n<meta property=\"og:type\" content=\"article\" \/>\n<meta property=\"og:title\" content=\"Qazi: \u201cAya\u011f\u0131mdan, qolumdan yaralanm\u0131\u015fam, \u0259lillik t\u0259yin etmirl\u0259r\u201d - MEYDAN.TV\" \/>\n<meta property=\"og:description\" content=\"\u201c\u0130ndi iki balam\u0131n t\u0259l\u0259bat\u0131n\u0131 \u00f6d\u0259y\u0259 bilmir\u0259m, ail\u0259min yan\u0131nda vicdan \u0259zab\u0131 ... Davam\u0131\" \/>\n<meta property=\"og:url\" content=\"https:\/\/www.meydan.tv\/az\/article\/qazi-ayagimdan-qolumdan-yaralanmisam-elillik-teyin-etmirler\/\" \/>\n<meta property=\"og:site_name\" content=\"MEYDAN.TV\" \/>\n<meta property=\"article:published_time\" content=\"2021-11-26T08:18:10+00:00\" \/>\n<meta property=\"article:modified_time\" content=\"2021-11-26T10:28:05+00:00\" \/>\n<meta property=\"og:image\" content=\"https:\/\/www.meydan.tv\/wp-content\/uploads\/1-4-e1637915178536.png\" \/>\n\t<meta property=\"og:image:width\" content=\"743\" \/>\n\t<meta property=\"og:image:height\" content=\"422\" \/>\n\t<meta property=\"og:image:type\" content=\"image\/png\" \/>\n<meta name=\"author\" content=\"elli\" \/>\n<meta name=\"twitter:card\" content=\"summary_large_image\" \/>\n<meta name=\"twitter:creator\" content=\"@elli\" \/>\n<script type=\"application\/ld+json\" class=\"yoast-schema-graph\">{\"@context\":\"https:\\\/\\\/schema.org\",\"@graph\":[{\"@type\":\"Article\",\"@id\":\"https:\\\/\\\/www.meydan.tv\\\/az\\\/article\\\/qazi-ayagimdan-qolumdan-yaralanmisam-elillik-teyin-etmirler\\\/#article\",\"isPartOf\":{\"@id\":\"https:\\\/\\\/www.meydan.tv\\\/az\\\/article\\\/qazi-ayagimdan-qolumdan-yaralanmisam-elillik-teyin-etmirler\\\/\"},\"author\":{\"name\":\"elli\",\"@id\":\"https:\\\/\\\/www.meydan.tv\\\/az\\\/#\\\/schema\\\/person\\\/9cdbecf90d17180ce1dfbd95b08dcf47\"},\"headline\":\"Qazi: \u201cAya\u011f\u0131mdan, qolumdan yaralanm\u0131\u015fam, \u0259lillik t\u0259yin etmirl\u0259r\u201d\",\"datePublished\":\"2021-11-26T08:18:10+00:00\",\"dateModified\":\"2021-11-26T10:28:05+00:00\",\"mainEntityOfPage\":{\"@id\":\"https:\\\/\\\/www.meydan.tv\\\/az\\\/article\\\/qazi-ayagimdan-qolumdan-yaralanmisam-elillik-teyin-etmirler\\\/\"},\"wordCount\":842,\"publisher\":{\"@id\":\"https:\\\/\\\/www.meydan.tv\\\/az\\\/#organization\"},\"image\":{\"@id\":\"https:\\\/\\\/www.meydan.tv\\\/az\\\/article\\\/qazi-ayagimdan-qolumdan-yaralanmisam-elillik-teyin-etmirler\\\/#primaryimage\"},\"thumbnailUrl\":\"https:\\\/\\\/www.meydan.tv\\\/wp-content\\\/uploads\\\/1-4-e1637915178536.png\",\"articleSection\":[\"B\u00f6lg\u0259\",\"T\u00f6vsiy\u0259\",\"X\u0259b\u0259rl\u0259r\"],\"inLanguage\":\"az\"},{\"@type\":\"WebPage\",\"@id\":\"https:\\\/\\\/www.meydan.tv\\\/az\\\/article\\\/qazi-ayagimdan-qolumdan-yaralanmisam-elillik-teyin-etmirler\\\/\",\"url\":\"https:\\\/\\\/www.meydan.tv\\\/az\\\/article\\\/qazi-ayagimdan-qolumdan-yaralanmisam-elillik-teyin-etmirler\\\/\",\"name\":\"Qazi: \u201cAya\u011f\u0131mdan, qolumdan yaralanm\u0131\u015fam, \u0259lillik t\u0259yin etmirl\u0259r\u201d - MEYDAN.TV\",\"isPartOf\":{\"@id\":\"https:\\\/\\\/www.meydan.tv\\\/az\\\/#website\"},\"primaryImageOfPage\":{\"@id\":\"https:\\\/\\\/www.meydan.tv\\\/az\\\/article\\\/qazi-ayagimdan-qolumdan-yaralanmisam-elillik-teyin-etmirler\\\/#primaryimage\"},\"image\":{\"@id\":\"https:\\\/\\\/www.meydan.tv\\\/az\\\/article\\\/qazi-ayagimdan-qolumdan-yaralanmisam-elillik-teyin-etmirler\\\/#primaryimage\"},\"thumbnailUrl\":\"https:\\\/\\\/www.meydan.tv\\\/wp-content\\\/uploads\\\/1-4-e1637915178536.png\",\"datePublished\":\"2021-11-26T08:18:10+00:00\",\"dateModified\":\"2021-11-26T10:28:05+00:00\",\"breadcrumb\":{\"@id\":\"https:\\\/\\\/www.meydan.tv\\\/az\\\/article\\\/qazi-ayagimdan-qolumdan-yaralanmisam-elillik-teyin-etmirler\\\/#breadcrumb\"},\"inLanguage\":\"az\",\"potentialAction\":[{\"@type\":\"ReadAction\",\"target\":[\"https:\\\/\\\/www.meydan.tv\\\/az\\\/article\\\/qazi-ayagimdan-qolumdan-yaralanmisam-elillik-teyin-etmirler\\\/\"]}]},{\"@type\":\"ImageObject\",\"inLanguage\":\"az\",\"@id\":\"https:\\\/\\\/www.meydan.tv\\\/az\\\/article\\\/qazi-ayagimdan-qolumdan-yaralanmisam-elillik-teyin-etmirler\\\/#primaryimage\",\"url\":\"https:\\\/\\\/www.meydan.tv\\\/wp-content\\\/uploads\\\/1-4-e1637915178536.png\",\"contentUrl\":\"https:\\\/\\\/www.meydan.tv\\\/wp-content\\\/uploads\\\/1-4-e1637915178536.png\",\"width\":743,\"height\":422,\"caption\":\"Sahib \u015e\u0259k\u0259r\u0259liyev, Foto: Meydan TV\"},{\"@type\":\"BreadcrumbList\",\"@id\":\"https:\\\/\\\/www.meydan.tv\\\/az\\\/article\\\/qazi-ayagimdan-qolumdan-yaralanmisam-elillik-teyin-etmirler\\\/#breadcrumb\",\"itemListElement\":[{\"@type\":\"ListItem\",\"position\":1,\"name\":\"Ana s\u0259hif\u0259\",\"item\":\"https:\\\/\\\/www.meydan.tv\\\/az\\\/\"},{\"@type\":\"ListItem\",\"position\":2,\"name\":\"B\u00f6lg\u0259\",\"item\":\"https:\\\/\\\/www.meydan.tv\\\/az\\\/section\\\/bolge\\\/\"},{\"@type\":\"ListItem\",\"position\":3,\"name\":\"Qazi: \u201cAya\u011f\u0131mdan, qolumdan yaralanm\u0131\u015fam, \u0259lillik t\u0259yin etmirl\u0259r\u201d\"}]},{\"@type\":\"WebSite\",\"@id\":\"https:\\\/\\\/www.meydan.tv\\\/az\\\/#website\",\"url\":\"https:\\\/\\\/www.meydan.tv\\\/az\\\/\",\"name\":\"MEYDAN.TV\",\"description\":\"Meydan TV Az\u0259rbaycan\u0131n media m\u0259kan\u0131ndak\u0131 alternativ s\u0259sidir\",\"publisher\":{\"@id\":\"https:\\\/\\\/www.meydan.tv\\\/az\\\/#organization\"},\"potentialAction\":[{\"@type\":\"SearchAction\",\"target\":{\"@type\":\"EntryPoint\",\"urlTemplate\":\"https:\\\/\\\/www.meydan.tv\\\/az\\\/?s={search_term_string}\"},\"query-input\":{\"@type\":\"PropertyValueSpecification\",\"valueRequired\":true,\"valueName\":\"search_term_string\"}}],\"inLanguage\":\"az\"},{\"@type\":\"Organization\",\"@id\":\"https:\\\/\\\/www.meydan.tv\\\/az\\\/#organization\",\"name\":\"Meydan TV\",\"url\":\"https:\\\/\\\/www.meydan.tv\\\/az\\\/\",\"logo\":{\"@type\":\"ImageObject\",\"inLanguage\":\"az\",\"@id\":\"https:\\\/\\\/www.meydan.tv\\\/az\\\/#\\\/schema\\\/logo\\\/image\\\/\",\"url\":\"https:\\\/\\\/www.meydan.tv\\\/wp-content\\\/uploads\\\/2021\\\/07\\\/meydan-logo.svg\",\"contentUrl\":\"https:\\\/\\\/www.meydan.tv\\\/wp-content\\\/uploads\\\/2021\\\/07\\\/meydan-logo.svg\",\"width\":195,\"height\":46,\"caption\":\"Meydan TV\"},\"image\":{\"@id\":\"https:\\\/\\\/www.meydan.tv\\\/az\\\/#\\\/schema\\\/logo\\\/image\\\/\"}},{\"@type\":\"Person\",\"@id\":\"https:\\\/\\\/www.meydan.tv\\\/az\\\/#\\\/schema\\\/person\\\/9cdbecf90d17180ce1dfbd95b08dcf47\",\"name\":\"elli\",\"sameAs\":[\"https:\\\/\\\/x.com\\\/elli\"]}]}<\/script>\n<!-- \/ Yoast SEO plugin. -->","yoast_head_json":{"title":"Qazi: \u201cAya\u011f\u0131mdan, qolumdan yaralanm\u0131\u015fam, \u0259lillik t\u0259yin etmirl\u0259r\u201d - MEYDAN.TV","robots":{"index":"index","follow":"follow","max-snippet":"max-snippet:-1","max-image-preview":"max-image-preview:large","max-video-preview":"max-video-preview:-1"},"canonical":"https:\/\/www.meydan.tv\/az\/article\/qazi-ayagimdan-qolumdan-yaralanmisam-elillik-teyin-etmirler\/","og_locale":"az_AZ","og_type":"article","og_title":"Qazi: \u201cAya\u011f\u0131mdan, qolumdan yaralanm\u0131\u015fam, \u0259lillik t\u0259yin etmirl\u0259r\u201d - MEYDAN.TV","og_description":"\u201c\u0130ndi iki balam\u0131n t\u0259l\u0259bat\u0131n\u0131 \u00f6d\u0259y\u0259 bilmir\u0259m, ail\u0259min yan\u0131nda vicdan \u0259zab\u0131 ... Davam\u0131","og_url":"https:\/\/www.meydan.tv\/az\/article\/qazi-ayagimdan-qolumdan-yaralanmisam-elillik-teyin-etmirler\/","og_site_name":"MEYDAN.TV","article_published_time":"2021-11-26T08:18:10+00:00","article_modified_time":"2021-11-26T10:28:05+00:00","og_image":[{"width":743,"height":422,"url":"https:\/\/www.meydan.tv\/wp-content\/uploads\/1-4-e1637915178536.png","type":"image\/png"}],"author":"elli","twitter_card":"summary_large_image","twitter_creator":"@elli","schema":{"@context":"https:\/\/schema.org","@graph":[{"@type":"Article","@id":"https:\/\/www.meydan.tv\/az\/article\/qazi-ayagimdan-qolumdan-yaralanmisam-elillik-teyin-etmirler\/#article","isPartOf":{"@id":"https:\/\/www.meydan.tv\/az\/article\/qazi-ayagimdan-qolumdan-yaralanmisam-elillik-teyin-etmirler\/"},"author":{"name":"elli","@id":"https:\/\/www.meydan.tv\/az\/#\/schema\/person\/9cdbecf90d17180ce1dfbd95b08dcf47"},"headline":"Qazi: \u201cAya\u011f\u0131mdan, qolumdan yaralanm\u0131\u015fam, \u0259lillik t\u0259yin etmirl\u0259r\u201d","datePublished":"2021-11-26T08:18:10+00:00","dateModified":"2021-11-26T10:28:05+00:00","mainEntityOfPage":{"@id":"https:\/\/www.meydan.tv\/az\/article\/qazi-ayagimdan-qolumdan-yaralanmisam-elillik-teyin-etmirler\/"},"wordCount":842,"publisher":{"@id":"https:\/\/www.meydan.tv\/az\/#organization"},"image":{"@id":"https:\/\/www.meydan.tv\/az\/article\/qazi-ayagimdan-qolumdan-yaralanmisam-elillik-teyin-etmirler\/#primaryimage"},"thumbnailUrl":"https:\/\/www.meydan.tv\/wp-content\/uploads\/1-4-e1637915178536.png","articleSection":["B\u00f6lg\u0259","T\u00f6vsiy\u0259","X\u0259b\u0259rl\u0259r"],"inLanguage":"az"},{"@type":"WebPage","@id":"https:\/\/www.meydan.tv\/az\/article\/qazi-ayagimdan-qolumdan-yaralanmisam-elillik-teyin-etmirler\/","url":"https:\/\/www.meydan.tv\/az\/article\/qazi-ayagimdan-qolumdan-yaralanmisam-elillik-teyin-etmirler\/","name":"Qazi: \u201cAya\u011f\u0131mdan, qolumdan yaralanm\u0131\u015fam, \u0259lillik t\u0259yin etmirl\u0259r\u201d - MEYDAN.TV","isPartOf":{"@id":"https:\/\/www.meydan.tv\/az\/#website"},"primaryImageOfPage":{"@id":"https:\/\/www.meydan.tv\/az\/article\/qazi-ayagimdan-qolumdan-yaralanmisam-elillik-teyin-etmirler\/#primaryimage"},"image":{"@id":"https:\/\/www.meydan.tv\/az\/article\/qazi-ayagimdan-qolumdan-yaralanmisam-elillik-teyin-etmirler\/#primaryimage"},"thumbnailUrl":"https:\/\/www.meydan.tv\/wp-content\/uploads\/1-4-e1637915178536.png","datePublished":"2021-11-26T08:18:10+00:00","dateModified":"2021-11-26T10:28:05+00:00","breadcrumb":{"@id":"https:\/\/www.meydan.tv\/az\/article\/qazi-ayagimdan-qolumdan-yaralanmisam-elillik-teyin-etmirler\/#breadcrumb"},"inLanguage":"az","potentialAction":[{"@type":"ReadAction","target":["https:\/\/www.meydan.tv\/az\/article\/qazi-ayagimdan-qolumdan-yaralanmisam-elillik-teyin-etmirler\/"]}]},{"@type":"ImageObject","inLanguage":"az","@id":"https:\/\/www.meydan.tv\/az\/article\/qazi-ayagimdan-qolumdan-yaralanmisam-elillik-teyin-etmirler\/#primaryimage","url":"https:\/\/www.meydan.tv\/wp-content\/uploads\/1-4-e1637915178536.png","contentUrl":"https:\/\/www.meydan.tv\/wp-content\/uploads\/1-4-e1637915178536.png","width":743,"height":422,"caption":"Sahib \u015e\u0259k\u0259r\u0259liyev, Foto: Meydan TV"},{"@type":"BreadcrumbList","@id":"https:\/\/www.meydan.tv\/az\/article\/qazi-ayagimdan-qolumdan-yaralanmisam-elillik-teyin-etmirler\/#breadcrumb","itemListElement":[{"@type":"ListItem","position":1,"name":"Ana s\u0259hif\u0259","item":"https:\/\/www.meydan.tv\/az\/"},{"@type":"ListItem","position":2,"name":"B\u00f6lg\u0259","item":"https:\/\/www.meydan.tv\/az\/section\/bolge\/"},{"@type":"ListItem","position":3,"name":"Qazi: \u201cAya\u011f\u0131mdan, qolumdan yaralanm\u0131\u015fam, \u0259lillik t\u0259yin etmirl\u0259r\u201d"}]},{"@type":"WebSite","@id":"https:\/\/www.meydan.tv\/az\/#website","url":"https:\/\/www.meydan.tv\/az\/","name":"MEYDAN.TV","description":"Meydan TV Az\u0259rbaycan\u0131n media m\u0259kan\u0131ndak\u0131 alternativ s\u0259sidir","publisher":{"@id":"https:\/\/www.meydan.tv\/az\/#organization"},"potentialAction":[{"@type":"SearchAction","target":{"@type":"EntryPoint","urlTemplate":"https:\/\/www.meydan.tv\/az\/?s={search_term_string}"},"query-input":{"@type":"PropertyValueSpecification","valueRequired":true,"valueName":"search_term_string"}}],"inLanguage":"az"},{"@type":"Organization","@id":"https:\/\/www.meydan.tv\/az\/#organization","name":"Meydan TV","url":"https:\/\/www.meydan.tv\/az\/","logo":{"@type":"ImageObject","inLanguage":"az","@id":"https:\/\/www.meydan.tv\/az\/#\/schema\/logo\/image\/","url":"https:\/\/www.meydan.tv\/wp-content\/uploads\/2021\/07\/meydan-logo.svg","contentUrl":"https:\/\/www.meydan.tv\/wp-content\/uploads\/2021\/07\/meydan-logo.svg","width":195,"height":46,"caption":"Meydan TV"},"image":{"@id":"https:\/\/www.meydan.tv\/az\/#\/schema\/logo\/image\/"}},{"@type":"Person","@id":"https:\/\/www.meydan.tv\/az\/#\/schema\/person\/9cdbecf90d17180ce1dfbd95b08dcf47","name":"elli","sameAs":["https:\/\/x.com\/elli"]}]}},"_links":{"self":[{"href":"https:\/\/www.meydan.tv\/az\/wp-json\/wp\/v2\/posts\/227512","targetHints":{"allow":["GET"]}}],"collection":[{"href":"https:\/\/www.meydan.tv\/az\/wp-json\/wp\/v2\/posts"}],"about":[{"href":"https:\/\/www.meydan.tv\/az\/wp-json\/wp\/v2\/types\/post"}],"author":[{"embeddable":true,"href":"https:\/\/www.meydan.tv\/az\/wp-json\/wp\/v2\/users\/8"}],"replies":[{"embeddable":true,"href":"https:\/\/www.meydan.tv\/az\/wp-json\/wp\/v2\/comments?post=227512"}],"version-history":[{"count":4,"href":"https:\/\/www.meydan.tv\/az\/wp-json\/wp\/v2\/posts\/227512\/revisions"}],"predecessor-version":[{"id":227551,"href":"https:\/\/www.meydan.tv\/az\/wp-json\/wp\/v2\/posts\/227512\/revisions\/227551"}],"wp:featuredmedia":[{"embeddable":true,"href":"https:\/\/www.meydan.tv\/az\/wp-json\/wp\/v2\/media\/227506"}],"wp:attachment":[{"href":"https:\/\/www.meydan.tv\/az\/wp-json\/wp\/v2\/media?parent=227512"}],"wp:term":[{"taxonomy":"category","embeddable":true,"href":"https:\/\/www.meydan.tv\/az\/wp-json\/wp\/v2\/categories?post=227512"},{"taxonomy":"post_tag","embeddable":true,"href":"https:\/\/www.meydan.tv\/az\/wp-json\/wp\/v2\/tags?post=227512"}],"curies":[{"name":"wp","href":"https:\/\/api.w.org\/{rel}","templated":true}]}}