{"id":227462,"date":"2021-11-25T18:14:32","date_gmt":"2021-11-25T14:14:32","guid":{"rendered":"https:\/\/www.meydan.tv\/?p=227462"},"modified":"2021-11-25T18:24:16","modified_gmt":"2021-11-25T14:24:16","slug":"azerbaycanda-koronavirus-27-xeste-vefat-edib-2","status":"publish","type":"post","link":"https:\/\/www.meydan.tv\/az\/article\/azerbaycanda-koronavirus-27-xeste-vefat-edib-2\/","title":{"rendered":"Az\u0259rbaycanda koronavirus: 27 x\u0259st\u0259 v\u0259fat edib"},"content":{"rendered":"\n<p><em>&#8220;1835 n\u0259f\u0259r sa\u011fal\u0131b&#8221;<\/em><\/p>\n\n\n\n<p>Noyabr\u0131n 25-d\u0259 Az\u0259rbaycanda 1880 adam COVID-19 infeksiyas\u0131na yoluxub, 1835 n\u0259f\u0259r sa\u011fal\u0131b.<\/p>\n\n\n\n<p>Bu bar\u0259d\u0259 Nazirl\u0259r Kabineti yan\u0131nda Operativ Q\u0259rargah <a href=\"https:\/\/nk.gov.az\/az\/article\/1913\/\" target=\"_blank\" rel=\"noreferrer noopener\">m\u0259lumat<\/a> yay\u0131b. Analiz n\u00fcmun\u0259l\u0259ri m\u00fcsb\u0259t \u00e7\u0131xan 27 x\u0259st\u0259nin v\u0259fat etdiyi bildirilib.<\/p>\n\n\n\n<p>Operativ Q\u0259rargah Az\u0259rbaycanda indiy\u0259 q\u0259d\u0259r  580 507 n\u0259f\u0259rin yeni koronavirus infeksiyas\u0131na yoluxdu\u011funu eyd edib:<\/p>\n\n\n\n<p>&#8220;Onlardan 545 min 35 n\u0259f\u0259r m\u00fcalic\u0259 olunaraq sa\u011fal\u0131b, 7 min 736 pasiyent \u00f6l\u00fcb. Aktiv x\u0259st\u0259 say\u0131 27 min 736 n\u0259f\u0259rdir&#8221;.<\/p>\n\n\n\n<p>Son sutkada yeni yoluxma hallar\u0131n\u0131n m\u00fc\u0259yy\u0259nl\u0259\u015fdirilm\u0259si il\u0259 \u0259laq\u0259dar 12 352, \u00f6t\u0259n m\u00fcdd\u0259td\u0259 is\u0259 5 485 509 testin apar\u0131l\u0131\u011f\u0131 g\u00f6st\u0259rilib.<\/p>\n","protected":false},"excerpt":{"rendered":"<p>&#8220;1835 n\u0259f\u0259r sa\u011fal\u0131b&#8221; Noyabr\u0131n 25-d\u0259 Az\u0259rbaycanda 1880 adam COVID-19 infeksiyas\u0131na &#8230; <\/p>\n<p class=\"read-more-container\"><a title=\"Az\u0259rbaycanda koronavirus: 27 x\u0259st\u0259 v\u0259fat edib\" class=\"read-more button\" href=\"https:\/\/www.meydan.tv\/az\/article\/azerbaycanda-koronavirus-27-xeste-vefat-edib-2\/#more-227462\" aria-label=\"Read more about Az\u0259rbaycanda koronavirus: 27 x\u0259st\u0259 v\u0259fat edib\">Davam\u0131<\/a><\/p>\n","protected":false},"author":8,"featured_media":209634,"comment_status":"closed","ping_status":"closed","sticky":false,"template":"","format":"standard","meta":{"_acf_changed":false,"_sitemap_exclude":false,"_sitemap_priority":"","_sitemap_frequency":"","footnotes":""},"categories":[54,56],"tags":[],"class_list":["post-227462","post","type-post","status-publish","format-standard","has-post-thumbnail","hentry","category-sagliq","category-xeberler","infinite-scroll-item","generate-columns","tablet-grid-50","mobile-grid-100","grid-parent","grid-33","no-featured-image-padding"],"acf":[],"yoast_head":"<!-- This site is optimized with the Yoast SEO plugin v27.4 - https:\/\/yoast.com\/product\/yoast-seo-wordpress\/ -->\n<title>Az\u0259rbaycanda koronavirus: 27 x\u0259st\u0259 v\u0259fat edib - MEYDAN.TV<\/title>\n<meta name=\"robots\" content=\"index, follow, max-snippet:-1, max-image-preview:large, max-video-preview:-1\" \/>\n<link rel=\"canonical\" href=\"https:\/\/www.meydan.tv\/az\/article\/azerbaycanda-koronavirus-27-xeste-vefat-edib-2\/\" \/>\n<meta property=\"og:locale\" content=\"az_AZ\" \/>\n<meta property=\"og:type\" content=\"article\" \/>\n<meta property=\"og:title\" content=\"Az\u0259rbaycanda koronavirus: 27 x\u0259st\u0259 v\u0259fat edib - MEYDAN.TV\" \/>\n<meta property=\"og:description\" content=\"&#8220;1835 n\u0259f\u0259r sa\u011fal\u0131b&#8221; Noyabr\u0131n 25-d\u0259 Az\u0259rbaycanda 1880 adam COVID-19 infeksiyas\u0131na ... Davam\u0131\" \/>\n<meta property=\"og:url\" content=\"https:\/\/www.meydan.tv\/az\/article\/azerbaycanda-koronavirus-27-xeste-vefat-edib-2\/\" \/>\n<meta property=\"og:site_name\" content=\"MEYDAN.TV\" \/>\n<meta property=\"article:published_time\" content=\"2021-11-25T14:14:32+00:00\" \/>\n<meta property=\"article:modified_time\" content=\"2021-11-25T14:24:16+00:00\" \/>\n<meta property=\"og:image\" content=\"https:\/\/www.meydan.tv\/wp-content\/uploads\/image_from_ios_175-scaled.jpg\" \/>\n\t<meta property=\"og:image:width\" content=\"2560\" \/>\n\t<meta property=\"og:image:height\" content=\"1440\" \/>\n\t<meta property=\"og:image:type\" content=\"image\/jpeg\" \/>\n<meta name=\"author\" content=\"elli\" \/>\n<meta name=\"twitter:card\" content=\"summary_large_image\" \/>\n<meta name=\"twitter:creator\" content=\"@elli\" \/>\n<script type=\"application\/ld+json\" class=\"yoast-schema-graph\">{\"@context\":\"https:\\\/\\\/schema.org\",\"@graph\":[{\"@type\":\"Article\",\"@id\":\"https:\\\/\\\/www.meydan.tv\\\/az\\\/article\\\/azerbaycanda-koronavirus-27-xeste-vefat-edib-2\\\/#article\",\"isPartOf\":{\"@id\":\"https:\\\/\\\/www.meydan.tv\\\/az\\\/article\\\/azerbaycanda-koronavirus-27-xeste-vefat-edib-2\\\/\"},\"author\":{\"name\":\"elli\",\"@id\":\"https:\\\/\\\/www.meydan.tv\\\/az\\\/#\\\/schema\\\/person\\\/9cdbecf90d17180ce1dfbd95b08dcf47\"},\"headline\":\"Az\u0259rbaycanda koronavirus: 27 x\u0259st\u0259 v\u0259fat edib\",\"datePublished\":\"2021-11-25T14:14:32+00:00\",\"dateModified\":\"2021-11-25T14:24:16+00:00\",\"mainEntityOfPage\":{\"@id\":\"https:\\\/\\\/www.meydan.tv\\\/az\\\/article\\\/azerbaycanda-koronavirus-27-xeste-vefat-edib-2\\\/\"},\"wordCount\":131,\"publisher\":{\"@id\":\"https:\\\/\\\/www.meydan.tv\\\/az\\\/#organization\"},\"image\":{\"@id\":\"https:\\\/\\\/www.meydan.tv\\\/az\\\/article\\\/azerbaycanda-koronavirus-27-xeste-vefat-edib-2\\\/#primaryimage\"},\"thumbnailUrl\":\"https:\\\/\\\/www.meydan.tv\\\/wp-content\\\/uploads\\\/image_from_ios_175-scaled-e1645714851423.jpg\",\"articleSection\":[\"Sa\u011fl\u0131q\",\"X\u0259b\u0259rl\u0259r\"],\"inLanguage\":\"az\"},{\"@type\":\"WebPage\",\"@id\":\"https:\\\/\\\/www.meydan.tv\\\/az\\\/article\\\/azerbaycanda-koronavirus-27-xeste-vefat-edib-2\\\/\",\"url\":\"https:\\\/\\\/www.meydan.tv\\\/az\\\/article\\\/azerbaycanda-koronavirus-27-xeste-vefat-edib-2\\\/\",\"name\":\"Az\u0259rbaycanda koronavirus: 27 x\u0259st\u0259 v\u0259fat edib - MEYDAN.TV\",\"isPartOf\":{\"@id\":\"https:\\\/\\\/www.meydan.tv\\\/az\\\/#website\"},\"primaryImageOfPage\":{\"@id\":\"https:\\\/\\\/www.meydan.tv\\\/az\\\/article\\\/azerbaycanda-koronavirus-27-xeste-vefat-edib-2\\\/#primaryimage\"},\"image\":{\"@id\":\"https:\\\/\\\/www.meydan.tv\\\/az\\\/article\\\/azerbaycanda-koronavirus-27-xeste-vefat-edib-2\\\/#primaryimage\"},\"thumbnailUrl\":\"https:\\\/\\\/www.meydan.tv\\\/wp-content\\\/uploads\\\/image_from_ios_175-scaled-e1645714851423.jpg\",\"datePublished\":\"2021-11-25T14:14:32+00:00\",\"dateModified\":\"2021-11-25T14:24:16+00:00\",\"breadcrumb\":{\"@id\":\"https:\\\/\\\/www.meydan.tv\\\/az\\\/article\\\/azerbaycanda-koronavirus-27-xeste-vefat-edib-2\\\/#breadcrumb\"},\"inLanguage\":\"az\",\"potentialAction\":[{\"@type\":\"ReadAction\",\"target\":[\"https:\\\/\\\/www.meydan.tv\\\/az\\\/article\\\/azerbaycanda-koronavirus-27-xeste-vefat-edib-2\\\/\"]}]},{\"@type\":\"ImageObject\",\"inLanguage\":\"az\",\"@id\":\"https:\\\/\\\/www.meydan.tv\\\/az\\\/article\\\/azerbaycanda-koronavirus-27-xeste-vefat-edib-2\\\/#primaryimage\",\"url\":\"https:\\\/\\\/www.meydan.tv\\\/wp-content\\\/uploads\\\/image_from_ios_175-scaled-e1645714851423.jpg\",\"contentUrl\":\"https:\\\/\\\/www.meydan.tv\\\/wp-content\\\/uploads\\\/image_from_ios_175-scaled-e1645714851423.jpg\",\"width\":2560,\"height\":1132,\"caption\":\"Foto: Meydan.tv\"},{\"@type\":\"BreadcrumbList\",\"@id\":\"https:\\\/\\\/www.meydan.tv\\\/az\\\/article\\\/azerbaycanda-koronavirus-27-xeste-vefat-edib-2\\\/#breadcrumb\",\"itemListElement\":[{\"@type\":\"ListItem\",\"position\":1,\"name\":\"Ana s\u0259hif\u0259\",\"item\":\"https:\\\/\\\/www.meydan.tv\\\/az\\\/\"},{\"@type\":\"ListItem\",\"position\":2,\"name\":\"Sa\u011fl\u0131q\",\"item\":\"https:\\\/\\\/www.meydan.tv\\\/az\\\/section\\\/sagliq\\\/\"},{\"@type\":\"ListItem\",\"position\":3,\"name\":\"Az\u0259rbaycanda koronavirus: 27 x\u0259st\u0259 v\u0259fat edib\"}]},{\"@type\":\"WebSite\",\"@id\":\"https:\\\/\\\/www.meydan.tv\\\/az\\\/#website\",\"url\":\"https:\\\/\\\/www.meydan.tv\\\/az\\\/\",\"name\":\"MEYDAN.TV\",\"description\":\"Meydan TV Az\u0259rbaycan\u0131n media m\u0259kan\u0131ndak\u0131 alternativ s\u0259sidir\",\"publisher\":{\"@id\":\"https:\\\/\\\/www.meydan.tv\\\/az\\\/#organization\"},\"potentialAction\":[{\"@type\":\"SearchAction\",\"target\":{\"@type\":\"EntryPoint\",\"urlTemplate\":\"https:\\\/\\\/www.meydan.tv\\\/az\\\/?s={search_term_string}\"},\"query-input\":{\"@type\":\"PropertyValueSpecification\",\"valueRequired\":true,\"valueName\":\"search_term_string\"}}],\"inLanguage\":\"az\"},{\"@type\":\"Organization\",\"@id\":\"https:\\\/\\\/www.meydan.tv\\\/az\\\/#organization\",\"name\":\"Meydan TV\",\"url\":\"https:\\\/\\\/www.meydan.tv\\\/az\\\/\",\"logo\":{\"@type\":\"ImageObject\",\"inLanguage\":\"az\",\"@id\":\"https:\\\/\\\/www.meydan.tv\\\/az\\\/#\\\/schema\\\/logo\\\/image\\\/\",\"url\":\"https:\\\/\\\/www.meydan.tv\\\/wp-content\\\/uploads\\\/2021\\\/07\\\/meydan-logo.svg\",\"contentUrl\":\"https:\\\/\\\/www.meydan.tv\\\/wp-content\\\/uploads\\\/2021\\\/07\\\/meydan-logo.svg\",\"width\":195,\"height\":46,\"caption\":\"Meydan TV\"},\"image\":{\"@id\":\"https:\\\/\\\/www.meydan.tv\\\/az\\\/#\\\/schema\\\/logo\\\/image\\\/\"}},{\"@type\":\"Person\",\"@id\":\"https:\\\/\\\/www.meydan.tv\\\/az\\\/#\\\/schema\\\/person\\\/9cdbecf90d17180ce1dfbd95b08dcf47\",\"name\":\"elli\",\"sameAs\":[\"https:\\\/\\\/x.com\\\/elli\"]}]}<\/script>\n<!-- \/ Yoast SEO plugin. -->","yoast_head_json":{"title":"Az\u0259rbaycanda koronavirus: 27 x\u0259st\u0259 v\u0259fat edib - MEYDAN.TV","robots":{"index":"index","follow":"follow","max-snippet":"max-snippet:-1","max-image-preview":"max-image-preview:large","max-video-preview":"max-video-preview:-1"},"canonical":"https:\/\/www.meydan.tv\/az\/article\/azerbaycanda-koronavirus-27-xeste-vefat-edib-2\/","og_locale":"az_AZ","og_type":"article","og_title":"Az\u0259rbaycanda koronavirus: 27 x\u0259st\u0259 v\u0259fat edib - MEYDAN.TV","og_description":"&#8220;1835 n\u0259f\u0259r sa\u011fal\u0131b&#8221; Noyabr\u0131n 25-d\u0259 Az\u0259rbaycanda 1880 adam COVID-19 infeksiyas\u0131na ... Davam\u0131","og_url":"https:\/\/www.meydan.tv\/az\/article\/azerbaycanda-koronavirus-27-xeste-vefat-edib-2\/","og_site_name":"MEYDAN.TV","article_published_time":"2021-11-25T14:14:32+00:00","article_modified_time":"2021-11-25T14:24:16+00:00","og_image":[{"width":2560,"height":1440,"url":"https:\/\/www.meydan.tv\/wp-content\/uploads\/image_from_ios_175-scaled.jpg","type":"image\/jpeg"}],"author":"elli","twitter_card":"summary_large_image","twitter_creator":"@elli","schema":{"@context":"https:\/\/schema.org","@graph":[{"@type":"Article","@id":"https:\/\/www.meydan.tv\/az\/article\/azerbaycanda-koronavirus-27-xeste-vefat-edib-2\/#article","isPartOf":{"@id":"https:\/\/www.meydan.tv\/az\/article\/azerbaycanda-koronavirus-27-xeste-vefat-edib-2\/"},"author":{"name":"elli","@id":"https:\/\/www.meydan.tv\/az\/#\/schema\/person\/9cdbecf90d17180ce1dfbd95b08dcf47"},"headline":"Az\u0259rbaycanda koronavirus: 27 x\u0259st\u0259 v\u0259fat edib","datePublished":"2021-11-25T14:14:32+00:00","dateModified":"2021-11-25T14:24:16+00:00","mainEntityOfPage":{"@id":"https:\/\/www.meydan.tv\/az\/article\/azerbaycanda-koronavirus-27-xeste-vefat-edib-2\/"},"wordCount":131,"publisher":{"@id":"https:\/\/www.meydan.tv\/az\/#organization"},"image":{"@id":"https:\/\/www.meydan.tv\/az\/article\/azerbaycanda-koronavirus-27-xeste-vefat-edib-2\/#primaryimage"},"thumbnailUrl":"https:\/\/www.meydan.tv\/wp-content\/uploads\/image_from_ios_175-scaled-e1645714851423.jpg","articleSection":["Sa\u011fl\u0131q","X\u0259b\u0259rl\u0259r"],"inLanguage":"az"},{"@type":"WebPage","@id":"https:\/\/www.meydan.tv\/az\/article\/azerbaycanda-koronavirus-27-xeste-vefat-edib-2\/","url":"https:\/\/www.meydan.tv\/az\/article\/azerbaycanda-koronavirus-27-xeste-vefat-edib-2\/","name":"Az\u0259rbaycanda koronavirus: 27 x\u0259st\u0259 v\u0259fat edib - MEYDAN.TV","isPartOf":{"@id":"https:\/\/www.meydan.tv\/az\/#website"},"primaryImageOfPage":{"@id":"https:\/\/www.meydan.tv\/az\/article\/azerbaycanda-koronavirus-27-xeste-vefat-edib-2\/#primaryimage"},"image":{"@id":"https:\/\/www.meydan.tv\/az\/article\/azerbaycanda-koronavirus-27-xeste-vefat-edib-2\/#primaryimage"},"thumbnailUrl":"https:\/\/www.meydan.tv\/wp-content\/uploads\/image_from_ios_175-scaled-e1645714851423.jpg","datePublished":"2021-11-25T14:14:32+00:00","dateModified":"2021-11-25T14:24:16+00:00","breadcrumb":{"@id":"https:\/\/www.meydan.tv\/az\/article\/azerbaycanda-koronavirus-27-xeste-vefat-edib-2\/#breadcrumb"},"inLanguage":"az","potentialAction":[{"@type":"ReadAction","target":["https:\/\/www.meydan.tv\/az\/article\/azerbaycanda-koronavirus-27-xeste-vefat-edib-2\/"]}]},{"@type":"ImageObject","inLanguage":"az","@id":"https:\/\/www.meydan.tv\/az\/article\/azerbaycanda-koronavirus-27-xeste-vefat-edib-2\/#primaryimage","url":"https:\/\/www.meydan.tv\/wp-content\/uploads\/image_from_ios_175-scaled-e1645714851423.jpg","contentUrl":"https:\/\/www.meydan.tv\/wp-content\/uploads\/image_from_ios_175-scaled-e1645714851423.jpg","width":2560,"height":1132,"caption":"Foto: Meydan.tv"},{"@type":"BreadcrumbList","@id":"https:\/\/www.meydan.tv\/az\/article\/azerbaycanda-koronavirus-27-xeste-vefat-edib-2\/#breadcrumb","itemListElement":[{"@type":"ListItem","position":1,"name":"Ana s\u0259hif\u0259","item":"https:\/\/www.meydan.tv\/az\/"},{"@type":"ListItem","position":2,"name":"Sa\u011fl\u0131q","item":"https:\/\/www.meydan.tv\/az\/section\/sagliq\/"},{"@type":"ListItem","position":3,"name":"Az\u0259rbaycanda koronavirus: 27 x\u0259st\u0259 v\u0259fat edib"}]},{"@type":"WebSite","@id":"https:\/\/www.meydan.tv\/az\/#website","url":"https:\/\/www.meydan.tv\/az\/","name":"MEYDAN.TV","description":"Meydan TV Az\u0259rbaycan\u0131n media m\u0259kan\u0131ndak\u0131 alternativ s\u0259sidir","publisher":{"@id":"https:\/\/www.meydan.tv\/az\/#organization"},"potentialAction":[{"@type":"SearchAction","target":{"@type":"EntryPoint","urlTemplate":"https:\/\/www.meydan.tv\/az\/?s={search_term_string}"},"query-input":{"@type":"PropertyValueSpecification","valueRequired":true,"valueName":"search_term_string"}}],"inLanguage":"az"},{"@type":"Organization","@id":"https:\/\/www.meydan.tv\/az\/#organization","name":"Meydan TV","url":"https:\/\/www.meydan.tv\/az\/","logo":{"@type":"ImageObject","inLanguage":"az","@id":"https:\/\/www.meydan.tv\/az\/#\/schema\/logo\/image\/","url":"https:\/\/www.meydan.tv\/wp-content\/uploads\/2021\/07\/meydan-logo.svg","contentUrl":"https:\/\/www.meydan.tv\/wp-content\/uploads\/2021\/07\/meydan-logo.svg","width":195,"height":46,"caption":"Meydan TV"},"image":{"@id":"https:\/\/www.meydan.tv\/az\/#\/schema\/logo\/image\/"}},{"@type":"Person","@id":"https:\/\/www.meydan.tv\/az\/#\/schema\/person\/9cdbecf90d17180ce1dfbd95b08dcf47","name":"elli","sameAs":["https:\/\/x.com\/elli"]}]}},"_links":{"self":[{"href":"https:\/\/www.meydan.tv\/az\/wp-json\/wp\/v2\/posts\/227462","targetHints":{"allow":["GET"]}}],"collection":[{"href":"https:\/\/www.meydan.tv\/az\/wp-json\/wp\/v2\/posts"}],"about":[{"href":"https:\/\/www.meydan.tv\/az\/wp-json\/wp\/v2\/types\/post"}],"author":[{"embeddable":true,"href":"https:\/\/www.meydan.tv\/az\/wp-json\/wp\/v2\/users\/8"}],"replies":[{"embeddable":true,"href":"https:\/\/www.meydan.tv\/az\/wp-json\/wp\/v2\/comments?post=227462"}],"version-history":[{"count":3,"href":"https:\/\/www.meydan.tv\/az\/wp-json\/wp\/v2\/posts\/227462\/revisions"}],"predecessor-version":[{"id":227477,"href":"https:\/\/www.meydan.tv\/az\/wp-json\/wp\/v2\/posts\/227462\/revisions\/227477"}],"wp:featuredmedia":[{"embeddable":true,"href":"https:\/\/www.meydan.tv\/az\/wp-json\/wp\/v2\/media\/209634"}],"wp:attachment":[{"href":"https:\/\/www.meydan.tv\/az\/wp-json\/wp\/v2\/media?parent=227462"}],"wp:term":[{"taxonomy":"category","embeddable":true,"href":"https:\/\/www.meydan.tv\/az\/wp-json\/wp\/v2\/categories?post=227462"},{"taxonomy":"post_tag","embeddable":true,"href":"https:\/\/www.meydan.tv\/az\/wp-json\/wp\/v2\/tags?post=227462"}],"curies":[{"name":"wp","href":"https:\/\/api.w.org\/{rel}","templated":true}]}}