{"id":227287,"date":"2021-11-24T14:22:54","date_gmt":"2021-11-24T10:22:54","guid":{"rendered":"https:\/\/www.meydan.tv\/?p=227287"},"modified":"2021-11-24T14:24:09","modified_gmt":"2021-11-24T10:24:09","slug":"zaqatalada-belediyye-sedrine-qarsi-cinayet-isi-acilib","status":"publish","type":"post","link":"https:\/\/www.meydan.tv\/az\/article\/zaqatalada-belediyye-sedrine-qarsi-cinayet-isi-acilib\/","title":{"rendered":"Zaqatalada b\u0259l\u0259diyy\u0259 s\u0259drin\u0259 qar\u015f\u0131 cinay\u0259t i\u015fi a\u00e7\u0131l\u0131b"},"content":{"rendered":"\n<p><em>H\u0259sr\u0259t Musayev b\u0259l\u0259diyy\u0259 v\u0259saitini m\u0259nims\u0259m\u0259kd\u0259 ittiham olunur<\/em><br><\/p>\n\n\n\n<p>Zaqatala rayonunun B\u0259hm\u0259tli k\u0259nd b\u0259l\u0259diyy\u0259sinin s\u0259dri H\u0259sr\u0259t Musayev haqq\u0131nda cinay\u0259t i\u015fi ba\u015flan\u0131b. O, 2018-2021-ci ill\u0259r \u0259rzind\u0259 \u00fcmumilikd\u0259 13 min 856 manat b\u0259l\u0259diyy\u0259 v\u0259saitini m\u0259nims\u0259m\u0259kd\u0259 ittiham olunur. Bu bar\u0259d\u0259 Respublika Prokurorlu\u011fu m\u0259lumat <a href=\"https:\/\/genprosecutor.gov.az\/az\/post\/4550\" target=\"_blank\" rel=\"noreferrer noopener\">yay\u0131b<\/a>.<\/p>\n\n\n\n<p>B\u0259l\u0259diyy\u0259 s\u0259drin\u0259 qar\u015f\u0131 Cinay\u0259t M\u0259c\u0259ll\u0259sinin 308.1 (v\u0259zif\u0259 s\u0259lahiyy\u0259tl\u0259rind\u0259n sui-istifad\u0259), 313 (v\u0259zif\u0259 saxtakarl\u0131\u011f\u0131), 179.2.4-c\u00fc (qulluq&nbsp; m\u00f6vqeyind\u0259n istifad\u0259 etm\u0259kl\u0259 xeyli miqdarda m\u0259nims\u0259m\u0259) madd\u0259l\u0259ri il\u0259 ittiham ir\u0259li s\u00fcr\u00fcl\u00fcb.<\/p>\n\n\n\n<p>Haz\u0131rda Zaqatala Rayon Prokurorlu\u011funda H\u0259sr\u0259t Musayevl\u0259 ba\u011fl\u0131 istintaq davam edir.<\/p>\n\n\n\n<p>H\u0259sr\u0259t Musayevin bu ittihamlara m\u00fcnasib\u0259ti m\u0259lum deyil.<\/p>\n\n\n\n<p>H\u0259sr\u0259t Musayev 2018-ci ild\u0259 B\u0259hm\u0259tli k\u0259nd icra n\u00fcmay\u0259nd\u0259si \u015eamil Xasm\u0259mm\u0259dovla birlikd\u0259 q\u0259zaya d\u00fc\u015f\u0259nd\u0259 median\u0131n g\u00fcnd\u0259min\u0259 <a href=\"https:\/\/report.az\/hadise\/balakende-vezifeli-sexsler-qezaya-dusubler-xesaret-alanlar-var-foto\/\" target=\"_blank\" rel=\"noreferrer noopener\">g\u0259lmi\u015fdi<\/a>. 2020-ci ild\u0259 is\u0259 k\u0259nd sakinl\u0259ri prezident\u0259 \u00fcnvanlad\u0131qlar\u0131 \u015fikay\u0259t m\u0259ktubunda \u00f6r\u00fc\u015f v\u0259 \u0259kin yerl\u0259rinin olmamas\u0131ndan naraz\u0131l\u0131\u011f\u0131n\u0131 bildirir, buna g\u00f6r\u0259 b\u0259l\u0259diyy\u0259 s\u0259drini ittiham edirdil\u0259r.<\/p>\n","protected":false},"excerpt":{"rendered":"<p>H\u0259sr\u0259t Musayev b\u0259l\u0259diyy\u0259 v\u0259saitini m\u0259nims\u0259m\u0259kd\u0259 ittiham olunur Zaqatala rayonunun B\u0259hm\u0259tli &#8230; <\/p>\n<p class=\"read-more-container\"><a title=\"Zaqatalada b\u0259l\u0259diyy\u0259 s\u0259drin\u0259 qar\u015f\u0131 cinay\u0259t i\u015fi a\u00e7\u0131l\u0131b\" class=\"read-more button\" href=\"https:\/\/www.meydan.tv\/az\/article\/zaqatalada-belediyye-sedrine-qarsi-cinayet-isi-acilib\/#more-227287\" aria-label=\"Read more about Zaqatalada b\u0259l\u0259diyy\u0259 s\u0259drin\u0259 qar\u015f\u0131 cinay\u0259t i\u015fi a\u00e7\u0131l\u0131b\">Davam\u0131<\/a><\/p>\n","protected":false},"author":8,"featured_media":227288,"comment_status":"closed","ping_status":"closed","sticky":false,"template":"","format":"standard","meta":{"_acf_changed":false,"_sitemap_exclude":false,"_sitemap_priority":"","_sitemap_frequency":"","footnotes":""},"categories":[60,56],"tags":[],"class_list":["post-227287","post","type-post","status-publish","format-standard","has-post-thumbnail","hentry","category-bolge","category-xeberler","infinite-scroll-item","generate-columns","tablet-grid-50","mobile-grid-100","grid-parent","grid-33","no-featured-image-padding"],"acf":[],"yoast_head":"<!-- This site is optimized with the Yoast SEO plugin v27.5 - https:\/\/yoast.com\/product\/yoast-seo-wordpress\/ -->\n<title>Zaqatalada b\u0259l\u0259diyy\u0259 s\u0259drin\u0259 qar\u015f\u0131 cinay\u0259t i\u015fi a\u00e7\u0131l\u0131b - MEYDAN.TV<\/title>\n<meta name=\"robots\" content=\"index, follow, max-snippet:-1, max-image-preview:large, max-video-preview:-1\" \/>\n<link rel=\"canonical\" href=\"https:\/\/www.meydan.tv\/az\/article\/zaqatalada-belediyye-sedrine-qarsi-cinayet-isi-acilib\/\" \/>\n<meta property=\"og:locale\" content=\"az_AZ\" \/>\n<meta property=\"og:type\" content=\"article\" \/>\n<meta property=\"og:title\" content=\"Zaqatalada b\u0259l\u0259diyy\u0259 s\u0259drin\u0259 qar\u015f\u0131 cinay\u0259t i\u015fi a\u00e7\u0131l\u0131b - MEYDAN.TV\" \/>\n<meta property=\"og:description\" content=\"H\u0259sr\u0259t Musayev b\u0259l\u0259diyy\u0259 v\u0259saitini m\u0259nims\u0259m\u0259kd\u0259 ittiham olunur Zaqatala rayonunun B\u0259hm\u0259tli ... Davam\u0131\" \/>\n<meta property=\"og:url\" content=\"https:\/\/www.meydan.tv\/az\/article\/zaqatalada-belediyye-sedrine-qarsi-cinayet-isi-acilib\/\" \/>\n<meta property=\"og:site_name\" content=\"MEYDAN.TV\" \/>\n<meta property=\"article:published_time\" content=\"2021-11-24T10:22:54+00:00\" \/>\n<meta property=\"article:modified_time\" content=\"2021-11-24T10:24:09+00:00\" \/>\n<meta property=\"og:image\" content=\"https:\/\/www.meydan.tv\/wp-content\/uploads\/zaqa.jpeg\" \/>\n\t<meta property=\"og:image:width\" content=\"1292\" \/>\n\t<meta property=\"og:image:height\" content=\"871\" \/>\n\t<meta property=\"og:image:type\" content=\"image\/jpeg\" \/>\n<meta name=\"author\" content=\"elli\" \/>\n<meta name=\"twitter:card\" content=\"summary_large_image\" \/>\n<meta name=\"twitter:creator\" content=\"@elli\" \/>\n<script type=\"application\/ld+json\" class=\"yoast-schema-graph\">{\"@context\":\"https:\\\/\\\/schema.org\",\"@graph\":[{\"@type\":\"Article\",\"@id\":\"https:\\\/\\\/www.meydan.tv\\\/az\\\/article\\\/zaqatalada-belediyye-sedrine-qarsi-cinayet-isi-acilib\\\/#article\",\"isPartOf\":{\"@id\":\"https:\\\/\\\/www.meydan.tv\\\/az\\\/article\\\/zaqatalada-belediyye-sedrine-qarsi-cinayet-isi-acilib\\\/\"},\"author\":{\"name\":\"elli\",\"@id\":\"https:\\\/\\\/www.meydan.tv\\\/az\\\/#\\\/schema\\\/person\\\/9cdbecf90d17180ce1dfbd95b08dcf47\"},\"headline\":\"Zaqatalada b\u0259l\u0259diyy\u0259 s\u0259drin\u0259 qar\u015f\u0131 cinay\u0259t i\u015fi a\u00e7\u0131l\u0131b\",\"datePublished\":\"2021-11-24T10:22:54+00:00\",\"dateModified\":\"2021-11-24T10:24:09+00:00\",\"mainEntityOfPage\":{\"@id\":\"https:\\\/\\\/www.meydan.tv\\\/az\\\/article\\\/zaqatalada-belediyye-sedrine-qarsi-cinayet-isi-acilib\\\/\"},\"wordCount\":229,\"publisher\":{\"@id\":\"https:\\\/\\\/www.meydan.tv\\\/az\\\/#organization\"},\"image\":{\"@id\":\"https:\\\/\\\/www.meydan.tv\\\/az\\\/article\\\/zaqatalada-belediyye-sedrine-qarsi-cinayet-isi-acilib\\\/#primaryimage\"},\"thumbnailUrl\":\"https:\\\/\\\/www.meydan.tv\\\/wp-content\\\/uploads\\\/zaqa.jpeg\",\"articleSection\":[\"B\u00f6lg\u0259\",\"X\u0259b\u0259rl\u0259r\"],\"inLanguage\":\"az\"},{\"@type\":\"WebPage\",\"@id\":\"https:\\\/\\\/www.meydan.tv\\\/az\\\/article\\\/zaqatalada-belediyye-sedrine-qarsi-cinayet-isi-acilib\\\/\",\"url\":\"https:\\\/\\\/www.meydan.tv\\\/az\\\/article\\\/zaqatalada-belediyye-sedrine-qarsi-cinayet-isi-acilib\\\/\",\"name\":\"Zaqatalada b\u0259l\u0259diyy\u0259 s\u0259drin\u0259 qar\u015f\u0131 cinay\u0259t i\u015fi a\u00e7\u0131l\u0131b - MEYDAN.TV\",\"isPartOf\":{\"@id\":\"https:\\\/\\\/www.meydan.tv\\\/az\\\/#website\"},\"primaryImageOfPage\":{\"@id\":\"https:\\\/\\\/www.meydan.tv\\\/az\\\/article\\\/zaqatalada-belediyye-sedrine-qarsi-cinayet-isi-acilib\\\/#primaryimage\"},\"image\":{\"@id\":\"https:\\\/\\\/www.meydan.tv\\\/az\\\/article\\\/zaqatalada-belediyye-sedrine-qarsi-cinayet-isi-acilib\\\/#primaryimage\"},\"thumbnailUrl\":\"https:\\\/\\\/www.meydan.tv\\\/wp-content\\\/uploads\\\/zaqa.jpeg\",\"datePublished\":\"2021-11-24T10:22:54+00:00\",\"dateModified\":\"2021-11-24T10:24:09+00:00\",\"breadcrumb\":{\"@id\":\"https:\\\/\\\/www.meydan.tv\\\/az\\\/article\\\/zaqatalada-belediyye-sedrine-qarsi-cinayet-isi-acilib\\\/#breadcrumb\"},\"inLanguage\":\"az\",\"potentialAction\":[{\"@type\":\"ReadAction\",\"target\":[\"https:\\\/\\\/www.meydan.tv\\\/az\\\/article\\\/zaqatalada-belediyye-sedrine-qarsi-cinayet-isi-acilib\\\/\"]}]},{\"@type\":\"ImageObject\",\"inLanguage\":\"az\",\"@id\":\"https:\\\/\\\/www.meydan.tv\\\/az\\\/article\\\/zaqatalada-belediyye-sedrine-qarsi-cinayet-isi-acilib\\\/#primaryimage\",\"url\":\"https:\\\/\\\/www.meydan.tv\\\/wp-content\\\/uploads\\\/zaqa.jpeg\",\"contentUrl\":\"https:\\\/\\\/www.meydan.tv\\\/wp-content\\\/uploads\\\/zaqa.jpeg\",\"width\":1292,\"height\":871,\"caption\":\"Foto: Zaqatala Rayon Prokurorlu\u011fu\"},{\"@type\":\"BreadcrumbList\",\"@id\":\"https:\\\/\\\/www.meydan.tv\\\/az\\\/article\\\/zaqatalada-belediyye-sedrine-qarsi-cinayet-isi-acilib\\\/#breadcrumb\",\"itemListElement\":[{\"@type\":\"ListItem\",\"position\":1,\"name\":\"Ana s\u0259hif\u0259\",\"item\":\"https:\\\/\\\/www.meydan.tv\\\/az\\\/\"},{\"@type\":\"ListItem\",\"position\":2,\"name\":\"B\u00f6lg\u0259\",\"item\":\"https:\\\/\\\/www.meydan.tv\\\/az\\\/section\\\/bolge\\\/\"},{\"@type\":\"ListItem\",\"position\":3,\"name\":\"Zaqatalada b\u0259l\u0259diyy\u0259 s\u0259drin\u0259 qar\u015f\u0131 cinay\u0259t i\u015fi a\u00e7\u0131l\u0131b\"}]},{\"@type\":\"WebSite\",\"@id\":\"https:\\\/\\\/www.meydan.tv\\\/az\\\/#website\",\"url\":\"https:\\\/\\\/www.meydan.tv\\\/az\\\/\",\"name\":\"MEYDAN.TV\",\"description\":\"Meydan TV Az\u0259rbaycan\u0131n media m\u0259kan\u0131ndak\u0131 alternativ s\u0259sidir\",\"publisher\":{\"@id\":\"https:\\\/\\\/www.meydan.tv\\\/az\\\/#organization\"},\"potentialAction\":[{\"@type\":\"SearchAction\",\"target\":{\"@type\":\"EntryPoint\",\"urlTemplate\":\"https:\\\/\\\/www.meydan.tv\\\/az\\\/?s={search_term_string}\"},\"query-input\":{\"@type\":\"PropertyValueSpecification\",\"valueRequired\":true,\"valueName\":\"search_term_string\"}}],\"inLanguage\":\"az\"},{\"@type\":\"Organization\",\"@id\":\"https:\\\/\\\/www.meydan.tv\\\/az\\\/#organization\",\"name\":\"Meydan TV\",\"url\":\"https:\\\/\\\/www.meydan.tv\\\/az\\\/\",\"logo\":{\"@type\":\"ImageObject\",\"inLanguage\":\"az\",\"@id\":\"https:\\\/\\\/www.meydan.tv\\\/az\\\/#\\\/schema\\\/logo\\\/image\\\/\",\"url\":\"https:\\\/\\\/www.meydan.tv\\\/wp-content\\\/uploads\\\/2021\\\/07\\\/meydan-logo.svg\",\"contentUrl\":\"https:\\\/\\\/www.meydan.tv\\\/wp-content\\\/uploads\\\/2021\\\/07\\\/meydan-logo.svg\",\"width\":195,\"height\":46,\"caption\":\"Meydan TV\"},\"image\":{\"@id\":\"https:\\\/\\\/www.meydan.tv\\\/az\\\/#\\\/schema\\\/logo\\\/image\\\/\"}},{\"@type\":\"Person\",\"@id\":\"https:\\\/\\\/www.meydan.tv\\\/az\\\/#\\\/schema\\\/person\\\/9cdbecf90d17180ce1dfbd95b08dcf47\",\"name\":\"elli\",\"sameAs\":[\"https:\\\/\\\/x.com\\\/elli\"]}]}<\/script>\n<!-- \/ Yoast SEO plugin. -->","yoast_head_json":{"title":"Zaqatalada b\u0259l\u0259diyy\u0259 s\u0259drin\u0259 qar\u015f\u0131 cinay\u0259t i\u015fi a\u00e7\u0131l\u0131b - MEYDAN.TV","robots":{"index":"index","follow":"follow","max-snippet":"max-snippet:-1","max-image-preview":"max-image-preview:large","max-video-preview":"max-video-preview:-1"},"canonical":"https:\/\/www.meydan.tv\/az\/article\/zaqatalada-belediyye-sedrine-qarsi-cinayet-isi-acilib\/","og_locale":"az_AZ","og_type":"article","og_title":"Zaqatalada b\u0259l\u0259diyy\u0259 s\u0259drin\u0259 qar\u015f\u0131 cinay\u0259t i\u015fi a\u00e7\u0131l\u0131b - MEYDAN.TV","og_description":"H\u0259sr\u0259t Musayev b\u0259l\u0259diyy\u0259 v\u0259saitini m\u0259nims\u0259m\u0259kd\u0259 ittiham olunur Zaqatala rayonunun B\u0259hm\u0259tli ... Davam\u0131","og_url":"https:\/\/www.meydan.tv\/az\/article\/zaqatalada-belediyye-sedrine-qarsi-cinayet-isi-acilib\/","og_site_name":"MEYDAN.TV","article_published_time":"2021-11-24T10:22:54+00:00","article_modified_time":"2021-11-24T10:24:09+00:00","og_image":[{"width":1292,"height":871,"url":"https:\/\/www.meydan.tv\/wp-content\/uploads\/zaqa.jpeg","type":"image\/jpeg"}],"author":"elli","twitter_card":"summary_large_image","twitter_creator":"@elli","schema":{"@context":"https:\/\/schema.org","@graph":[{"@type":"Article","@id":"https:\/\/www.meydan.tv\/az\/article\/zaqatalada-belediyye-sedrine-qarsi-cinayet-isi-acilib\/#article","isPartOf":{"@id":"https:\/\/www.meydan.tv\/az\/article\/zaqatalada-belediyye-sedrine-qarsi-cinayet-isi-acilib\/"},"author":{"name":"elli","@id":"https:\/\/www.meydan.tv\/az\/#\/schema\/person\/9cdbecf90d17180ce1dfbd95b08dcf47"},"headline":"Zaqatalada b\u0259l\u0259diyy\u0259 s\u0259drin\u0259 qar\u015f\u0131 cinay\u0259t i\u015fi a\u00e7\u0131l\u0131b","datePublished":"2021-11-24T10:22:54+00:00","dateModified":"2021-11-24T10:24:09+00:00","mainEntityOfPage":{"@id":"https:\/\/www.meydan.tv\/az\/article\/zaqatalada-belediyye-sedrine-qarsi-cinayet-isi-acilib\/"},"wordCount":229,"publisher":{"@id":"https:\/\/www.meydan.tv\/az\/#organization"},"image":{"@id":"https:\/\/www.meydan.tv\/az\/article\/zaqatalada-belediyye-sedrine-qarsi-cinayet-isi-acilib\/#primaryimage"},"thumbnailUrl":"https:\/\/www.meydan.tv\/wp-content\/uploads\/zaqa.jpeg","articleSection":["B\u00f6lg\u0259","X\u0259b\u0259rl\u0259r"],"inLanguage":"az"},{"@type":"WebPage","@id":"https:\/\/www.meydan.tv\/az\/article\/zaqatalada-belediyye-sedrine-qarsi-cinayet-isi-acilib\/","url":"https:\/\/www.meydan.tv\/az\/article\/zaqatalada-belediyye-sedrine-qarsi-cinayet-isi-acilib\/","name":"Zaqatalada b\u0259l\u0259diyy\u0259 s\u0259drin\u0259 qar\u015f\u0131 cinay\u0259t i\u015fi a\u00e7\u0131l\u0131b - MEYDAN.TV","isPartOf":{"@id":"https:\/\/www.meydan.tv\/az\/#website"},"primaryImageOfPage":{"@id":"https:\/\/www.meydan.tv\/az\/article\/zaqatalada-belediyye-sedrine-qarsi-cinayet-isi-acilib\/#primaryimage"},"image":{"@id":"https:\/\/www.meydan.tv\/az\/article\/zaqatalada-belediyye-sedrine-qarsi-cinayet-isi-acilib\/#primaryimage"},"thumbnailUrl":"https:\/\/www.meydan.tv\/wp-content\/uploads\/zaqa.jpeg","datePublished":"2021-11-24T10:22:54+00:00","dateModified":"2021-11-24T10:24:09+00:00","breadcrumb":{"@id":"https:\/\/www.meydan.tv\/az\/article\/zaqatalada-belediyye-sedrine-qarsi-cinayet-isi-acilib\/#breadcrumb"},"inLanguage":"az","potentialAction":[{"@type":"ReadAction","target":["https:\/\/www.meydan.tv\/az\/article\/zaqatalada-belediyye-sedrine-qarsi-cinayet-isi-acilib\/"]}]},{"@type":"ImageObject","inLanguage":"az","@id":"https:\/\/www.meydan.tv\/az\/article\/zaqatalada-belediyye-sedrine-qarsi-cinayet-isi-acilib\/#primaryimage","url":"https:\/\/www.meydan.tv\/wp-content\/uploads\/zaqa.jpeg","contentUrl":"https:\/\/www.meydan.tv\/wp-content\/uploads\/zaqa.jpeg","width":1292,"height":871,"caption":"Foto: Zaqatala Rayon Prokurorlu\u011fu"},{"@type":"BreadcrumbList","@id":"https:\/\/www.meydan.tv\/az\/article\/zaqatalada-belediyye-sedrine-qarsi-cinayet-isi-acilib\/#breadcrumb","itemListElement":[{"@type":"ListItem","position":1,"name":"Ana s\u0259hif\u0259","item":"https:\/\/www.meydan.tv\/az\/"},{"@type":"ListItem","position":2,"name":"B\u00f6lg\u0259","item":"https:\/\/www.meydan.tv\/az\/section\/bolge\/"},{"@type":"ListItem","position":3,"name":"Zaqatalada b\u0259l\u0259diyy\u0259 s\u0259drin\u0259 qar\u015f\u0131 cinay\u0259t i\u015fi a\u00e7\u0131l\u0131b"}]},{"@type":"WebSite","@id":"https:\/\/www.meydan.tv\/az\/#website","url":"https:\/\/www.meydan.tv\/az\/","name":"MEYDAN.TV","description":"Meydan TV Az\u0259rbaycan\u0131n media m\u0259kan\u0131ndak\u0131 alternativ s\u0259sidir","publisher":{"@id":"https:\/\/www.meydan.tv\/az\/#organization"},"potentialAction":[{"@type":"SearchAction","target":{"@type":"EntryPoint","urlTemplate":"https:\/\/www.meydan.tv\/az\/?s={search_term_string}"},"query-input":{"@type":"PropertyValueSpecification","valueRequired":true,"valueName":"search_term_string"}}],"inLanguage":"az"},{"@type":"Organization","@id":"https:\/\/www.meydan.tv\/az\/#organization","name":"Meydan TV","url":"https:\/\/www.meydan.tv\/az\/","logo":{"@type":"ImageObject","inLanguage":"az","@id":"https:\/\/www.meydan.tv\/az\/#\/schema\/logo\/image\/","url":"https:\/\/www.meydan.tv\/wp-content\/uploads\/2021\/07\/meydan-logo.svg","contentUrl":"https:\/\/www.meydan.tv\/wp-content\/uploads\/2021\/07\/meydan-logo.svg","width":195,"height":46,"caption":"Meydan TV"},"image":{"@id":"https:\/\/www.meydan.tv\/az\/#\/schema\/logo\/image\/"}},{"@type":"Person","@id":"https:\/\/www.meydan.tv\/az\/#\/schema\/person\/9cdbecf90d17180ce1dfbd95b08dcf47","name":"elli","sameAs":["https:\/\/x.com\/elli"]}]}},"_links":{"self":[{"href":"https:\/\/www.meydan.tv\/az\/wp-json\/wp\/v2\/posts\/227287","targetHints":{"allow":["GET"]}}],"collection":[{"href":"https:\/\/www.meydan.tv\/az\/wp-json\/wp\/v2\/posts"}],"about":[{"href":"https:\/\/www.meydan.tv\/az\/wp-json\/wp\/v2\/types\/post"}],"author":[{"embeddable":true,"href":"https:\/\/www.meydan.tv\/az\/wp-json\/wp\/v2\/users\/8"}],"replies":[{"embeddable":true,"href":"https:\/\/www.meydan.tv\/az\/wp-json\/wp\/v2\/comments?post=227287"}],"version-history":[{"count":4,"href":"https:\/\/www.meydan.tv\/az\/wp-json\/wp\/v2\/posts\/227287\/revisions"}],"predecessor-version":[{"id":227295,"href":"https:\/\/www.meydan.tv\/az\/wp-json\/wp\/v2\/posts\/227287\/revisions\/227295"}],"wp:featuredmedia":[{"embeddable":true,"href":"https:\/\/www.meydan.tv\/az\/wp-json\/wp\/v2\/media\/227288"}],"wp:attachment":[{"href":"https:\/\/www.meydan.tv\/az\/wp-json\/wp\/v2\/media?parent=227287"}],"wp:term":[{"taxonomy":"category","embeddable":true,"href":"https:\/\/www.meydan.tv\/az\/wp-json\/wp\/v2\/categories?post=227287"},{"taxonomy":"post_tag","embeddable":true,"href":"https:\/\/www.meydan.tv\/az\/wp-json\/wp\/v2\/tags?post=227287"}],"curies":[{"name":"wp","href":"https:\/\/api.w.org\/{rel}","templated":true}]}}