{"id":227278,"date":"2021-11-24T13:42:22","date_gmt":"2021-11-24T09:42:22","guid":{"rendered":"https:\/\/www.meydan.tv\/?p=227278"},"modified":"2021-11-24T13:42:24","modified_gmt":"2021-11-24T09:42:24","slug":"bakida-kecirilen-beynelxalq-qisa-filmler-festivalinin-qalibleri-aciqlanib","status":"publish","type":"post","link":"https:\/\/www.meydan.tv\/az\/article\/bakida-kecirilen-beynelxalq-qisa-filmler-festivalinin-qalibleri-aciqlanib\/","title":{"rendered":"Bak\u0131da ke\u00e7iril\u0259n Beyn\u0259lxalq Q\u0131sa Filml\u0259r Festival\u0131n\u0131n qalibl\u0259ri a\u00e7\u0131qlan\u0131b"},"content":{"rendered":"\n<p><em>\u201cPapanin\u201d yerli m\u00fcsabiq\u0259nin \u201c\u018fn yax\u015f\u0131 s\u0259n\u0259dli film\u201d se\u00e7ilib<\/em><\/p>\n\n\n\n<p>12-ci Bak\u0131 Beyn\u0259lxalq Q\u0131sa Filml\u0259r Festival\u0131 yekunla\u015f\u0131b.<\/p>\n\n\n\n<p>M\u00fckafatland\u0131rma m\u0259rasimi noyabr\u0131n 23-d\u0259 \u201cNizami\u201d Kino M\u0259rk\u0259zind\u0259 olub.<\/p>\n\n\n\n<p>Bak\u0131 Beyn\u0259lxalq Q\u0131sa Filml\u0259r Festival\u0131n\u0131n T\u0259\u015fkilat Komit\u0259sinin yayd\u0131\u011f\u0131 press-relizd\u0259 bildirilir ki, \u0259sas m\u00fckafat &#8211; \u201cQ\u0131z\u0131l Nar\u201d heyk\u0259lciyi rejissor T\u00fcrkan H\u00fcseynovaya t\u0259qdim edilib.<\/p>\n\n\n\n<p>Onun m\u00fc\u0259llifi oldu\u011fu \u201cPapanin\u201d ekran i\u015fi yerli m\u00fcsabiq\u0259nin \u201c\u018fn yax\u015f\u0131 s\u0259n\u0259dli film\u201d se\u00e7ilib.<\/p>\n\n\n\n<p>Cavid S\u0259m\u0259dovun \u201cKorona inc\u0259s\u0259n\u0259t\u0259 yard\u0131m\u201d sosial \u00e7arx\u0131 is\u0259 \u201c\u018fn yax\u015f\u0131 sosial \u00e7arx\u201d se\u00e7ilib.<\/p>\n\n\n\n<p>H\u0259r iki qalib\u0259 ayr\u0131-ayr\u0131l\u0131qda 1000 manat pul m\u00fckafat\u0131 verilib.<\/p>\n\n\n\n<p>Festival\u0131n \u201c\u018fn yax\u015f\u0131 prod\u00fcser\u201d nominasiyas\u0131 \u00fczr\u0259 qalib \u201cArzu\u201d filminin prod\u00fcseri R\u00fcf\u0259t \u018flizad\u0259 olub.<\/p>\n\n\n\n<p>Qalib\u0259 diplom v\u0259 500 manat pul m\u00fckafat\u0131n\u0131 t\u0259qdim edilib.<\/p>\n\n\n\n<p>Bu il festivala 72 \u00f6lk\u0259d\u0259n 3217 q\u0131sa film g\u00f6nd\u0259rilib. Bunlardan 82 film yerli m\u00fcsabiq\u0259y\u0259 t\u0259qdim edilib.<\/p>\n\n\n\n<p>Se\u00e7im Komissiyas\u0131n\u0131n q\u0259rar\u0131na \u0259sas\u0259n 18 \u00f6lk\u0259ni (\u0130spaniya, B\u00f6y\u00fck Britaniya, \u0130taliya, T\u00fcrkiy\u0259, Bel\u00e7ika, \u0130ran, Rusiya, Portuqaliya v\u0259 dig\u0259rl\u0259ri) t\u0259msil ed\u0259n 30 film festival\u0131n beyn\u0259lxalq, 26 film is\u0259 yerli m\u00fcsabiq\u0259sind\u0259 i\u015ftirak h\u00fcququ qazan\u0131b.<\/p>\n\n\n\n<p>12-ci Bak\u0131 Beyn\u0259lxalq Q\u0131sa Filml\u0259r Festival\u0131n\u0131n qalibl\u0259rinin siyah\u0131s\u0131n\u0131 t\u0259qdim edirik:<\/p>\n\n\n\n<p>\u201cM\u00fcnsifl\u0259r hey\u0259tinin x\u00fcsusi se\u00e7imi\u201d \u2013 \u201cKuku\u201d b\u0259dii filmi. Rejissor Svetlana Belorusova. Rusiya.<br>\u201cM\u00fcnsifl\u0259r hey\u0259tinin x\u00fcsusi m\u00fckafat\u0131\u201d \u2013 \u201cRuhun ruhu\u201d s\u0259n\u0259dli filmi. Rejissor Hoze Martinez, Culieta G\u0259zrok. \u0130spaniya.<br>\u201c\u018fn yax\u015f\u0131 animasiya filmi rejissoru\u201d &#8211; Mahsa Samani. \u201cHabub\u201d animasiya filmi. \u0130ran.<br>\u201c\u018fn yax\u015f\u0131 animasiya filmi\u201d &#8211; \u201cP\u0259rd\u0259arxas\u0131\u201d. Rejissor Vu Yen \u015eenq. Tayvan.<br>\u201c\u018fn yax\u015f\u0131 s\u0259n\u0259dli film rejissoru\u201d &#8211; Viyet Vu. \u201c\u018fb\u0259di bahar\u201d filmi. Vyetnam.<br>\u201c\u018fn yax\u015f\u0131 s\u0259n\u0259dli film\u201d &#8211; \u201c4000 s\u0259s\u201d. Rejissor Kui\u015f S\u0259ccad. \u0130raq.<br>\u201c\u018fn yax\u015f\u0131 b\u0259dii film rejissoru\u201d &#8211; Heyd\u0259r Ta\u015ftan. \u201c\u00c7ingiz\u201d filmi. T\u00fcrkiy\u0259.<br>\u201c\u018fn yax\u015f\u0131 yax\u015f\u0131 b\u0259dii film\u201d. \u201cDaliya\u201d. Rejissor Brusi Olason. \u0130slandiya.<\/p>\n\n\n\n<p><strong>Yerli m\u00fcsabiq\u0259<\/strong><\/p>\n\n\n\n<p>\u201cSinema\u201d G\u0259nc Kinematoqraf\u00e7\u0131lar M\u0259rk\u0259zinin diplomu &#8211; \u201c28 May\u201d b\u0259dii filmi. Rejissor Elvin \u018fhm\u0259do\u011flu.<br>\u201c\u018fn yax\u015f\u0131 prod\u00fcser\u201d &#8211; \u201cArzu\u201d filminin prod\u00fcseri R\u00fcf\u0259t \u018flizad\u0259<\/p>\n\n\n\n<p><strong>M\u00fcnsifl\u0259r hey\u0259tinin diplomu<\/strong><\/p>\n\n\n\n<p>\u201cM\u0259n G\u0259nc\u0259y\u0259m\u201d s\u0259n\u0259dli filmi. Rejissor Ramil A\u011fas\u0131yev.<br>\u201cM\u0259nim ail\u0259m\u201d s\u0259n\u0259dli filmi. Rejissor Afaq Yusifli.<br>\u201cBir ovuc yumor v\u0259 cans\u0131x\u0131c\u0131 k\u0259d\u0259r\u201d s\u0259n\u0259dli filmi. Lal\u0259 \u018fliyeva.<br>\u201cXocal\u0131 ni\u015fan\u0259si\u201d sosial \u00e7arx\u0131. Rejissor El\u00e7in Elxanl\u0131.<\/p>\n\n\n\n<p><strong>M\u00fcnsifl\u0259r hey\u0259tinin x\u00fcsusi m\u00fckafat\u0131<\/strong><\/p>\n\n\n\n<p>\u201cArt\u0131q\u201d b\u0259dii filmi. Rejissor F\u0259rid H\u00fcseynov.<br>\u201c+65\u201d animasiya filmi. Rejissor Sevinc Quliyeva.<br>\u201c\u018fn yax\u015f\u0131 ssenari\u201d &#8211; \u201cQald\u0131r\u0131n yelk\u0259nl\u0259ri\u201d b\u0259dii filmi. Rejissor S\u0259bin\u0259 Haqverdiyeva.<br>\u201c\u018fn yax\u015f\u0131 sosial \u00e7arx\u201d &#8211; \u201cKorona-inc\u0259s\u0259n\u0259t\u0259 yard\u0131m\u201d. Rejissor Cavid S\u0259m\u0259dov<br>\u201c\u018fn yax\u015f\u0131 s\u0259n\u0259dli film\u201d- \u201cPapanin\u201d. Rejissor T\u00fcrkan H\u00fcseynova<\/p>\n\n\n\n<figure class=\"wp-block-image size-full\"><img decoding=\"async\" width=\"1200\" height=\"800\" data-src=\"https:\/\/www.meydan.tv\/wp-content\/uploads\/dsc06634-142.jpg\" alt=\"\" class=\"wp-image-227271 lazyload\" src=\"data:image\/svg+xml;base64,PHN2ZyB3aWR0aD0iMSIgaGVpZ2h0PSIxIiB4bWxucz0iaHR0cDovL3d3dy53My5vcmcvMjAwMC9zdmciPjwvc3ZnPg==\" style=\"--smush-placeholder-width: 1200px; --smush-placeholder-aspect-ratio: 1200\/800;\" \/><figcaption>Foto: Bak\u0131 Beyn\u0259lxalq Q\u0131sa Filml\u0259r Festival\u0131n\u0131n T\u0259\u015fkilat Komit\u0259si<\/figcaption><\/figure>\n\n\n\n<p>Beyn\u0259lxalq m\u00fcsabiq\u0259d\u0259 yar\u0131\u015fan filml\u0259ri publisist, yaz\u0131\u00e7\u0131, bir \u00e7ox b\u0259dii, s\u0259n\u0259dli filml\u0259rin ssenari m\u00fc\u0259llifi Orxan Fikr\u0259to\u011flu, Avropa Kino Akademiyas\u0131n\u0131n, Ukraynan\u0131n \u201cOskar\u201d Komit\u0259sinin \u00fczv\u00fc, ukraynal\u0131 kinoprod\u00fcser Yuliya Sinkevi\u00e7, Belqrad Film Festival\u0131n\u0131n t\u0259sis\u00e7il\u0259rind\u0259n biri, m\u00fcxt\u0259lif festivallarda m\u00fckafat alan onlarla filmin prod\u00fcseri serbiyal\u0131 prod\u00fcser Miroslav Maqorovi\u00e7, beyn\u0259lxalq film festivallar\u0131n\u0131n qalibi t\u00fcrkiy\u0259li rejissor, ssenarist Erdem Tepeg\u00f6z qiym\u0259tl\u0259ndirib.<\/p>\n\n\n\n<p>Yerli m\u00fcsabiq\u0259nin m\u00fcnsifl\u0259r hey\u0259tinin \u00fczvl\u0259ri t\u0259rc\u00fcm\u0259\u00e7i, \u015fair S\u0259lim Babullao\u011flu, Xalq artisti, aktrisa Mehriban Z\u0259ki, kinorejissor Elm\u0259ddin Al\u0131yevdir.<\/p>\n\n\n\n<p>Noyabr\u0131n 19-dan ba\u015flayan festival \u00e7\u0259r\u00e7iv\u0259sind\u0259 yerli film m\u00fc\u0259llifl\u0259rinin v\u0259 yarad\u0131c\u0131 hey\u0259tin i\u015ftirak\u0131 il\u0259 m\u00fczakir\u0259l\u0259r <a href=\"https:\/\/www.meydan.tv\/az\/article\/bakida-qisa-filmler-festivali-baslayir\/\" target=\"_blank\" rel=\"noreferrer noopener\">ke\u00e7irilib<\/a>.<\/p>\n\n\n\n<p>Xarici \u00f6lk\u0259l\u0259rin Az\u0259rbaycandak\u0131 s\u0259firlikl\u0259ri festival\u0131n beyn\u0259lxalq m\u00fcsabiq\u0259sind\u0259 yer alan filml\u0259rl\u0259 maraqlan\u0131b, n\u00fcmayi\u015fl\u0259rd\u0259 i\u015ftirak edibl\u0259r.<\/p>\n\n\n\n<p>\u201cCINEMA\u201d G\u0259nc Kinematoqraf\u00e7\u0131lar M\u0259rk\u0259zinin 2004-c\u00fc ild\u0259 t\u0259sis etdiyi festival M\u0259d\u0259niyy\u0259t Nazirliyinin t\u0259\u015fkilati d\u0259st\u0259yi il\u0259 ke\u00e7irilib.<\/p>\n","protected":false},"excerpt":{"rendered":"<p>\u201cPapanin\u201d yerli m\u00fcsabiq\u0259nin \u201c\u018fn yax\u015f\u0131 s\u0259n\u0259dli film\u201d se\u00e7ilib 12-ci Bak\u0131 &#8230; <\/p>\n<p class=\"read-more-container\"><a title=\"Bak\u0131da ke\u00e7iril\u0259n Beyn\u0259lxalq Q\u0131sa Filml\u0259r Festival\u0131n\u0131n qalibl\u0259ri a\u00e7\u0131qlan\u0131b\" class=\"read-more button\" href=\"https:\/\/www.meydan.tv\/az\/article\/bakida-kecirilen-beynelxalq-qisa-filmler-festivalinin-qalibleri-aciqlanib\/#more-227278\" aria-label=\"Read more about Bak\u0131da ke\u00e7iril\u0259n Beyn\u0259lxalq Q\u0131sa Filml\u0259r Festival\u0131n\u0131n qalibl\u0259ri a\u00e7\u0131qlan\u0131b\">Davam\u0131<\/a><\/p>\n","protected":false},"author":8,"featured_media":227268,"comment_status":"closed","ping_status":"closed","sticky":false,"template":"","format":"standard","meta":{"_acf_changed":false,"_sitemap_exclude":false,"_sitemap_priority":"","_sitemap_frequency":"","footnotes":""},"categories":[52,56],"tags":[],"class_list":["post-227278","post","type-post","status-publish","format-standard","has-post-thumbnail","hentry","category-medeniyyet","category-xeberler","infinite-scroll-item","generate-columns","tablet-grid-50","mobile-grid-100","grid-parent","grid-33","no-featured-image-padding"],"acf":[],"yoast_head":"<!-- This site is optimized with the Yoast SEO plugin v27.4 - https:\/\/yoast.com\/product\/yoast-seo-wordpress\/ -->\n<title>Bak\u0131da ke\u00e7iril\u0259n Beyn\u0259lxalq Q\u0131sa Filml\u0259r Festival\u0131n\u0131n qalibl\u0259ri a\u00e7\u0131qlan\u0131b - MEYDAN.TV<\/title>\n<meta name=\"robots\" content=\"index, follow, max-snippet:-1, max-image-preview:large, max-video-preview:-1\" \/>\n<link rel=\"canonical\" href=\"https:\/\/www.meydan.tv\/az\/article\/bakida-kecirilen-beynelxalq-qisa-filmler-festivalinin-qalibleri-aciqlanib\/\" \/>\n<meta property=\"og:locale\" content=\"az_AZ\" \/>\n<meta property=\"og:type\" content=\"article\" \/>\n<meta property=\"og:title\" content=\"Bak\u0131da ke\u00e7iril\u0259n Beyn\u0259lxalq Q\u0131sa Filml\u0259r Festival\u0131n\u0131n qalibl\u0259ri a\u00e7\u0131qlan\u0131b - MEYDAN.TV\" \/>\n<meta property=\"og:description\" content=\"\u201cPapanin\u201d yerli m\u00fcsabiq\u0259nin \u201c\u018fn yax\u015f\u0131 s\u0259n\u0259dli film\u201d se\u00e7ilib 12-ci Bak\u0131 ... Davam\u0131\" \/>\n<meta property=\"og:url\" content=\"https:\/\/www.meydan.tv\/az\/article\/bakida-kecirilen-beynelxalq-qisa-filmler-festivalinin-qalibleri-aciqlanib\/\" \/>\n<meta property=\"og:site_name\" content=\"MEYDAN.TV\" \/>\n<meta property=\"article:published_time\" content=\"2021-11-24T09:42:22+00:00\" \/>\n<meta property=\"article:modified_time\" content=\"2021-11-24T09:42:24+00:00\" \/>\n<meta property=\"og:image\" content=\"https:\/\/www.meydan.tv\/wp-content\/uploads\/dsc06660-156.jpg\" \/>\n\t<meta property=\"og:image:width\" content=\"1421\" \/>\n\t<meta property=\"og:image:height\" content=\"800\" \/>\n\t<meta property=\"og:image:type\" content=\"image\/jpeg\" \/>\n<meta name=\"author\" content=\"elli\" \/>\n<meta name=\"twitter:card\" content=\"summary_large_image\" \/>\n<meta name=\"twitter:creator\" content=\"@elli\" \/>\n<script type=\"application\/ld+json\" class=\"yoast-schema-graph\">{\"@context\":\"https:\\\/\\\/schema.org\",\"@graph\":[{\"@type\":\"Article\",\"@id\":\"https:\\\/\\\/www.meydan.tv\\\/az\\\/article\\\/bakida-kecirilen-beynelxalq-qisa-filmler-festivalinin-qalibleri-aciqlanib\\\/#article\",\"isPartOf\":{\"@id\":\"https:\\\/\\\/www.meydan.tv\\\/az\\\/article\\\/bakida-kecirilen-beynelxalq-qisa-filmler-festivalinin-qalibleri-aciqlanib\\\/\"},\"author\":{\"name\":\"elli\",\"@id\":\"https:\\\/\\\/www.meydan.tv\\\/az\\\/#\\\/schema\\\/person\\\/9cdbecf90d17180ce1dfbd95b08dcf47\"},\"headline\":\"Bak\u0131da ke\u00e7iril\u0259n Beyn\u0259lxalq Q\u0131sa Filml\u0259r Festival\u0131n\u0131n qalibl\u0259ri a\u00e7\u0131qlan\u0131b\",\"datePublished\":\"2021-11-24T09:42:22+00:00\",\"dateModified\":\"2021-11-24T09:42:24+00:00\",\"mainEntityOfPage\":{\"@id\":\"https:\\\/\\\/www.meydan.tv\\\/az\\\/article\\\/bakida-kecirilen-beynelxalq-qisa-filmler-festivalinin-qalibleri-aciqlanib\\\/\"},\"wordCount\":767,\"publisher\":{\"@id\":\"https:\\\/\\\/www.meydan.tv\\\/az\\\/#organization\"},\"image\":{\"@id\":\"https:\\\/\\\/www.meydan.tv\\\/az\\\/article\\\/bakida-kecirilen-beynelxalq-qisa-filmler-festivalinin-qalibleri-aciqlanib\\\/#primaryimage\"},\"thumbnailUrl\":\"https:\\\/\\\/www.meydan.tv\\\/wp-content\\\/uploads\\\/dsc06660-156.jpg\",\"articleSection\":[\"M\u0259d\u0259niyy\u0259t\",\"X\u0259b\u0259rl\u0259r\"],\"inLanguage\":\"az\"},{\"@type\":\"WebPage\",\"@id\":\"https:\\\/\\\/www.meydan.tv\\\/az\\\/article\\\/bakida-kecirilen-beynelxalq-qisa-filmler-festivalinin-qalibleri-aciqlanib\\\/\",\"url\":\"https:\\\/\\\/www.meydan.tv\\\/az\\\/article\\\/bakida-kecirilen-beynelxalq-qisa-filmler-festivalinin-qalibleri-aciqlanib\\\/\",\"name\":\"Bak\u0131da ke\u00e7iril\u0259n Beyn\u0259lxalq Q\u0131sa Filml\u0259r Festival\u0131n\u0131n qalibl\u0259ri a\u00e7\u0131qlan\u0131b - MEYDAN.TV\",\"isPartOf\":{\"@id\":\"https:\\\/\\\/www.meydan.tv\\\/az\\\/#website\"},\"primaryImageOfPage\":{\"@id\":\"https:\\\/\\\/www.meydan.tv\\\/az\\\/article\\\/bakida-kecirilen-beynelxalq-qisa-filmler-festivalinin-qalibleri-aciqlanib\\\/#primaryimage\"},\"image\":{\"@id\":\"https:\\\/\\\/www.meydan.tv\\\/az\\\/article\\\/bakida-kecirilen-beynelxalq-qisa-filmler-festivalinin-qalibleri-aciqlanib\\\/#primaryimage\"},\"thumbnailUrl\":\"https:\\\/\\\/www.meydan.tv\\\/wp-content\\\/uploads\\\/dsc06660-156.jpg\",\"datePublished\":\"2021-11-24T09:42:22+00:00\",\"dateModified\":\"2021-11-24T09:42:24+00:00\",\"breadcrumb\":{\"@id\":\"https:\\\/\\\/www.meydan.tv\\\/az\\\/article\\\/bakida-kecirilen-beynelxalq-qisa-filmler-festivalinin-qalibleri-aciqlanib\\\/#breadcrumb\"},\"inLanguage\":\"az\",\"potentialAction\":[{\"@type\":\"ReadAction\",\"target\":[\"https:\\\/\\\/www.meydan.tv\\\/az\\\/article\\\/bakida-kecirilen-beynelxalq-qisa-filmler-festivalinin-qalibleri-aciqlanib\\\/\"]}]},{\"@type\":\"ImageObject\",\"inLanguage\":\"az\",\"@id\":\"https:\\\/\\\/www.meydan.tv\\\/az\\\/article\\\/bakida-kecirilen-beynelxalq-qisa-filmler-festivalinin-qalibleri-aciqlanib\\\/#primaryimage\",\"url\":\"https:\\\/\\\/www.meydan.tv\\\/wp-content\\\/uploads\\\/dsc06660-156.jpg\",\"contentUrl\":\"https:\\\/\\\/www.meydan.tv\\\/wp-content\\\/uploads\\\/dsc06660-156.jpg\",\"width\":1421,\"height\":800,\"caption\":\"Foto: Bak\u0131 Beyn\u0259lxalq Q\u0131sa Filml\u0259r Festival\u0131n\u0131n T\u0259\u015fkilat Komit\u0259si\"},{\"@type\":\"BreadcrumbList\",\"@id\":\"https:\\\/\\\/www.meydan.tv\\\/az\\\/article\\\/bakida-kecirilen-beynelxalq-qisa-filmler-festivalinin-qalibleri-aciqlanib\\\/#breadcrumb\",\"itemListElement\":[{\"@type\":\"ListItem\",\"position\":1,\"name\":\"Ana s\u0259hif\u0259\",\"item\":\"https:\\\/\\\/www.meydan.tv\\\/az\\\/\"},{\"@type\":\"ListItem\",\"position\":2,\"name\":\"M\u0259d\u0259niyy\u0259t\",\"item\":\"https:\\\/\\\/www.meydan.tv\\\/az\\\/section\\\/medeniyyet\\\/\"},{\"@type\":\"ListItem\",\"position\":3,\"name\":\"Bak\u0131da ke\u00e7iril\u0259n Beyn\u0259lxalq Q\u0131sa Filml\u0259r Festival\u0131n\u0131n qalibl\u0259ri a\u00e7\u0131qlan\u0131b\"}]},{\"@type\":\"WebSite\",\"@id\":\"https:\\\/\\\/www.meydan.tv\\\/az\\\/#website\",\"url\":\"https:\\\/\\\/www.meydan.tv\\\/az\\\/\",\"name\":\"MEYDAN.TV\",\"description\":\"Meydan TV Az\u0259rbaycan\u0131n media m\u0259kan\u0131ndak\u0131 alternativ s\u0259sidir\",\"publisher\":{\"@id\":\"https:\\\/\\\/www.meydan.tv\\\/az\\\/#organization\"},\"potentialAction\":[{\"@type\":\"SearchAction\",\"target\":{\"@type\":\"EntryPoint\",\"urlTemplate\":\"https:\\\/\\\/www.meydan.tv\\\/az\\\/?s={search_term_string}\"},\"query-input\":{\"@type\":\"PropertyValueSpecification\",\"valueRequired\":true,\"valueName\":\"search_term_string\"}}],\"inLanguage\":\"az\"},{\"@type\":\"Organization\",\"@id\":\"https:\\\/\\\/www.meydan.tv\\\/az\\\/#organization\",\"name\":\"Meydan TV\",\"url\":\"https:\\\/\\\/www.meydan.tv\\\/az\\\/\",\"logo\":{\"@type\":\"ImageObject\",\"inLanguage\":\"az\",\"@id\":\"https:\\\/\\\/www.meydan.tv\\\/az\\\/#\\\/schema\\\/logo\\\/image\\\/\",\"url\":\"https:\\\/\\\/www.meydan.tv\\\/wp-content\\\/uploads\\\/2021\\\/07\\\/meydan-logo.svg\",\"contentUrl\":\"https:\\\/\\\/www.meydan.tv\\\/wp-content\\\/uploads\\\/2021\\\/07\\\/meydan-logo.svg\",\"width\":195,\"height\":46,\"caption\":\"Meydan TV\"},\"image\":{\"@id\":\"https:\\\/\\\/www.meydan.tv\\\/az\\\/#\\\/schema\\\/logo\\\/image\\\/\"}},{\"@type\":\"Person\",\"@id\":\"https:\\\/\\\/www.meydan.tv\\\/az\\\/#\\\/schema\\\/person\\\/9cdbecf90d17180ce1dfbd95b08dcf47\",\"name\":\"elli\",\"sameAs\":[\"https:\\\/\\\/x.com\\\/elli\"]}]}<\/script>\n<!-- \/ Yoast SEO plugin. -->","yoast_head_json":{"title":"Bak\u0131da ke\u00e7iril\u0259n Beyn\u0259lxalq Q\u0131sa Filml\u0259r Festival\u0131n\u0131n qalibl\u0259ri a\u00e7\u0131qlan\u0131b - MEYDAN.TV","robots":{"index":"index","follow":"follow","max-snippet":"max-snippet:-1","max-image-preview":"max-image-preview:large","max-video-preview":"max-video-preview:-1"},"canonical":"https:\/\/www.meydan.tv\/az\/article\/bakida-kecirilen-beynelxalq-qisa-filmler-festivalinin-qalibleri-aciqlanib\/","og_locale":"az_AZ","og_type":"article","og_title":"Bak\u0131da ke\u00e7iril\u0259n Beyn\u0259lxalq Q\u0131sa Filml\u0259r Festival\u0131n\u0131n qalibl\u0259ri a\u00e7\u0131qlan\u0131b - MEYDAN.TV","og_description":"\u201cPapanin\u201d yerli m\u00fcsabiq\u0259nin \u201c\u018fn yax\u015f\u0131 s\u0259n\u0259dli film\u201d se\u00e7ilib 12-ci Bak\u0131 ... Davam\u0131","og_url":"https:\/\/www.meydan.tv\/az\/article\/bakida-kecirilen-beynelxalq-qisa-filmler-festivalinin-qalibleri-aciqlanib\/","og_site_name":"MEYDAN.TV","article_published_time":"2021-11-24T09:42:22+00:00","article_modified_time":"2021-11-24T09:42:24+00:00","og_image":[{"width":1421,"height":800,"url":"https:\/\/www.meydan.tv\/wp-content\/uploads\/dsc06660-156.jpg","type":"image\/jpeg"}],"author":"elli","twitter_card":"summary_large_image","twitter_creator":"@elli","schema":{"@context":"https:\/\/schema.org","@graph":[{"@type":"Article","@id":"https:\/\/www.meydan.tv\/az\/article\/bakida-kecirilen-beynelxalq-qisa-filmler-festivalinin-qalibleri-aciqlanib\/#article","isPartOf":{"@id":"https:\/\/www.meydan.tv\/az\/article\/bakida-kecirilen-beynelxalq-qisa-filmler-festivalinin-qalibleri-aciqlanib\/"},"author":{"name":"elli","@id":"https:\/\/www.meydan.tv\/az\/#\/schema\/person\/9cdbecf90d17180ce1dfbd95b08dcf47"},"headline":"Bak\u0131da ke\u00e7iril\u0259n Beyn\u0259lxalq Q\u0131sa Filml\u0259r Festival\u0131n\u0131n qalibl\u0259ri a\u00e7\u0131qlan\u0131b","datePublished":"2021-11-24T09:42:22+00:00","dateModified":"2021-11-24T09:42:24+00:00","mainEntityOfPage":{"@id":"https:\/\/www.meydan.tv\/az\/article\/bakida-kecirilen-beynelxalq-qisa-filmler-festivalinin-qalibleri-aciqlanib\/"},"wordCount":767,"publisher":{"@id":"https:\/\/www.meydan.tv\/az\/#organization"},"image":{"@id":"https:\/\/www.meydan.tv\/az\/article\/bakida-kecirilen-beynelxalq-qisa-filmler-festivalinin-qalibleri-aciqlanib\/#primaryimage"},"thumbnailUrl":"https:\/\/www.meydan.tv\/wp-content\/uploads\/dsc06660-156.jpg","articleSection":["M\u0259d\u0259niyy\u0259t","X\u0259b\u0259rl\u0259r"],"inLanguage":"az"},{"@type":"WebPage","@id":"https:\/\/www.meydan.tv\/az\/article\/bakida-kecirilen-beynelxalq-qisa-filmler-festivalinin-qalibleri-aciqlanib\/","url":"https:\/\/www.meydan.tv\/az\/article\/bakida-kecirilen-beynelxalq-qisa-filmler-festivalinin-qalibleri-aciqlanib\/","name":"Bak\u0131da ke\u00e7iril\u0259n Beyn\u0259lxalq Q\u0131sa Filml\u0259r Festival\u0131n\u0131n qalibl\u0259ri a\u00e7\u0131qlan\u0131b - MEYDAN.TV","isPartOf":{"@id":"https:\/\/www.meydan.tv\/az\/#website"},"primaryImageOfPage":{"@id":"https:\/\/www.meydan.tv\/az\/article\/bakida-kecirilen-beynelxalq-qisa-filmler-festivalinin-qalibleri-aciqlanib\/#primaryimage"},"image":{"@id":"https:\/\/www.meydan.tv\/az\/article\/bakida-kecirilen-beynelxalq-qisa-filmler-festivalinin-qalibleri-aciqlanib\/#primaryimage"},"thumbnailUrl":"https:\/\/www.meydan.tv\/wp-content\/uploads\/dsc06660-156.jpg","datePublished":"2021-11-24T09:42:22+00:00","dateModified":"2021-11-24T09:42:24+00:00","breadcrumb":{"@id":"https:\/\/www.meydan.tv\/az\/article\/bakida-kecirilen-beynelxalq-qisa-filmler-festivalinin-qalibleri-aciqlanib\/#breadcrumb"},"inLanguage":"az","potentialAction":[{"@type":"ReadAction","target":["https:\/\/www.meydan.tv\/az\/article\/bakida-kecirilen-beynelxalq-qisa-filmler-festivalinin-qalibleri-aciqlanib\/"]}]},{"@type":"ImageObject","inLanguage":"az","@id":"https:\/\/www.meydan.tv\/az\/article\/bakida-kecirilen-beynelxalq-qisa-filmler-festivalinin-qalibleri-aciqlanib\/#primaryimage","url":"https:\/\/www.meydan.tv\/wp-content\/uploads\/dsc06660-156.jpg","contentUrl":"https:\/\/www.meydan.tv\/wp-content\/uploads\/dsc06660-156.jpg","width":1421,"height":800,"caption":"Foto: Bak\u0131 Beyn\u0259lxalq Q\u0131sa Filml\u0259r Festival\u0131n\u0131n T\u0259\u015fkilat Komit\u0259si"},{"@type":"BreadcrumbList","@id":"https:\/\/www.meydan.tv\/az\/article\/bakida-kecirilen-beynelxalq-qisa-filmler-festivalinin-qalibleri-aciqlanib\/#breadcrumb","itemListElement":[{"@type":"ListItem","position":1,"name":"Ana s\u0259hif\u0259","item":"https:\/\/www.meydan.tv\/az\/"},{"@type":"ListItem","position":2,"name":"M\u0259d\u0259niyy\u0259t","item":"https:\/\/www.meydan.tv\/az\/section\/medeniyyet\/"},{"@type":"ListItem","position":3,"name":"Bak\u0131da ke\u00e7iril\u0259n Beyn\u0259lxalq Q\u0131sa Filml\u0259r Festival\u0131n\u0131n qalibl\u0259ri a\u00e7\u0131qlan\u0131b"}]},{"@type":"WebSite","@id":"https:\/\/www.meydan.tv\/az\/#website","url":"https:\/\/www.meydan.tv\/az\/","name":"MEYDAN.TV","description":"Meydan TV Az\u0259rbaycan\u0131n media m\u0259kan\u0131ndak\u0131 alternativ s\u0259sidir","publisher":{"@id":"https:\/\/www.meydan.tv\/az\/#organization"},"potentialAction":[{"@type":"SearchAction","target":{"@type":"EntryPoint","urlTemplate":"https:\/\/www.meydan.tv\/az\/?s={search_term_string}"},"query-input":{"@type":"PropertyValueSpecification","valueRequired":true,"valueName":"search_term_string"}}],"inLanguage":"az"},{"@type":"Organization","@id":"https:\/\/www.meydan.tv\/az\/#organization","name":"Meydan TV","url":"https:\/\/www.meydan.tv\/az\/","logo":{"@type":"ImageObject","inLanguage":"az","@id":"https:\/\/www.meydan.tv\/az\/#\/schema\/logo\/image\/","url":"https:\/\/www.meydan.tv\/wp-content\/uploads\/2021\/07\/meydan-logo.svg","contentUrl":"https:\/\/www.meydan.tv\/wp-content\/uploads\/2021\/07\/meydan-logo.svg","width":195,"height":46,"caption":"Meydan TV"},"image":{"@id":"https:\/\/www.meydan.tv\/az\/#\/schema\/logo\/image\/"}},{"@type":"Person","@id":"https:\/\/www.meydan.tv\/az\/#\/schema\/person\/9cdbecf90d17180ce1dfbd95b08dcf47","name":"elli","sameAs":["https:\/\/x.com\/elli"]}]}},"_links":{"self":[{"href":"https:\/\/www.meydan.tv\/az\/wp-json\/wp\/v2\/posts\/227278","targetHints":{"allow":["GET"]}}],"collection":[{"href":"https:\/\/www.meydan.tv\/az\/wp-json\/wp\/v2\/posts"}],"about":[{"href":"https:\/\/www.meydan.tv\/az\/wp-json\/wp\/v2\/types\/post"}],"author":[{"embeddable":true,"href":"https:\/\/www.meydan.tv\/az\/wp-json\/wp\/v2\/users\/8"}],"replies":[{"embeddable":true,"href":"https:\/\/www.meydan.tv\/az\/wp-json\/wp\/v2\/comments?post=227278"}],"version-history":[{"count":2,"href":"https:\/\/www.meydan.tv\/az\/wp-json\/wp\/v2\/posts\/227278\/revisions"}],"predecessor-version":[{"id":227282,"href":"https:\/\/www.meydan.tv\/az\/wp-json\/wp\/v2\/posts\/227278\/revisions\/227282"}],"wp:featuredmedia":[{"embeddable":true,"href":"https:\/\/www.meydan.tv\/az\/wp-json\/wp\/v2\/media\/227268"}],"wp:attachment":[{"href":"https:\/\/www.meydan.tv\/az\/wp-json\/wp\/v2\/media?parent=227278"}],"wp:term":[{"taxonomy":"category","embeddable":true,"href":"https:\/\/www.meydan.tv\/az\/wp-json\/wp\/v2\/categories?post=227278"},{"taxonomy":"post_tag","embeddable":true,"href":"https:\/\/www.meydan.tv\/az\/wp-json\/wp\/v2\/tags?post=227278"}],"curies":[{"name":"wp","href":"https:\/\/api.w.org\/{rel}","templated":true}]}}