{"id":227192,"date":"2021-11-23T18:19:41","date_gmt":"2021-11-23T14:19:41","guid":{"rendered":"https:\/\/www.meydan.tv\/?p=227192"},"modified":"2021-11-23T18:22:51","modified_gmt":"2021-11-23T14:22:51","slug":"saatli-sakini-dovlet-niye-bize-sahib-cixmir","status":"publish","type":"post","link":"https:\/\/www.meydan.tv\/az\/article\/saatli-sakini-dovlet-niye-bize-sahib-cixmir\/","title":{"rendered":"Saatl\u0131 sakini: \u201cD\u00f6vl\u0259t niy\u0259 biz\u0259 sahib \u00e7\u0131xm\u0131r?\u201d"},"content":{"rendered":"\n<p>\u201cOlan\u0131 da \u0259limizd\u0259n al\u0131r, bel\u0259 h\u00f6kum\u0259t olar?\u201d<br><\/p>\n\n\n\n<p>\u201cD\u00f6vl\u0259td\u0259n i\u015f ist\u0259yir\u0259m, demir\u0259m g\u0259tirib m\u0259n\u0259 ev tiksin, demir\u0259m g\u0259tirib cibim\u0259 pul qoysun, i\u015f versin ki, balalar\u0131m ac\u0131ndan \u00f6lm\u0259sin. D\u00f6vl\u0259tind\u0259n i\u015f t\u0259l\u0259b etm\u0259k h\u0259r v\u0259t\u0259nda\u015f\u0131n haqq\u0131d\u0131r. \u0130st\u0259yir\u0259m ki, d\u00f6vl\u0259t bu haqq\u0131m\u0131 tan\u0131s\u0131n\u201d.<br><\/p>\n\n\n\n<p>Q\u0259m\u0259r Cahangirova Saatl\u0131n\u0131n Molla\u0259ziz k\u0259ndind\u0259 ya\u015fay\u0131r. \u00dc\u00e7 azya\u015fl\u0131 \u00f6vlad\u0131 var. H\u0259yat yolda\u015f\u0131 g\u00fcn\u0259muzd f\u0259hl\u0259likl\u0259 m\u0259\u015f\u011ful olur. Ancaq ayl\u0131q qazanc\u0131 200 manat\u0131 \u00f6tm\u00fcr. D\u00f6vl\u0259tin ail\u0259y\u0259 sosial c\u0259h\u0259td\u0259n he\u00e7 bir d\u0259st\u0259yi yoxdur. Q\u0259m\u0259r xan\u0131m 3 ildir rayondak\u0131 M\u0259\u015f\u011fulluq M\u0259rk\u0259zin\u0259 ayaq d\u00f6y\u00fcr ki, b\u0259lk\u0259 m\u00fcnasib i\u015f tapa, ail\u0259nin y\u00fcl\u00fcn\u00fcn bir qulpundan da o yap\u0131\u015fa\u2026 Ancaq dem\u0259sin\u0259 g\u00f6r\u0259, M\u0259\u015f\u011fulluq M\u0259rk\u0259zind\u0259 h\u0259r d\u0259f\u0259 ona rayondak\u0131 minl\u0259rl\u0259 insan\u0131n i\u015f axtar\u0131\u015f\u0131nda oldu\u011funu dedikd\u0259, \u00fcmidini bir az da itirir:<br><\/p>\n\n\n\n<div class=\"wp-block-image\"><figure class=\"alignleft size-large is-resized\"><img decoding=\"async\" data-src=\"https:\/\/www.meydan.tv\/wp-content\/uploads\/download-3-1200x554.png\" alt=\"\" class=\"wp-image-227193 lazyload\" width=\"798\" height=\"367\" src=\"data:image\/svg+xml;base64,PHN2ZyB3aWR0aD0iMSIgaGVpZ2h0PSIxIiB4bWxucz0iaHR0cDovL3d3dy53My5vcmcvMjAwMC9zdmciPjwvc3ZnPg==\" style=\"--smush-placeholder-width: 798px; --smush-placeholder-aspect-ratio: 798\/367;\" \/><figcaption>Q\u0259m\u0259r Cahangirova, Foto: Meydan TV<\/figcaption><\/figure><\/div>\n\n\n\n<p>\u201cA\u00e7\u0131q \u015f\u0259kild\u0259 deyirl\u0259r ki, kim\u0259 i\u015f tap\u0131ld\u0131, s\u0259n qald\u0131n? Vallah, art\u0131q o M\u0259\u015f\u011fulluq \u0130dar\u0259sind\u0259 oturanlar\u0131 da bezdirmi\u015f\u0259m. 3 ildir m\u0259nim kimi M\u0259\u015f\u011fulluq M\u0259rk\u0259zin\u0259 g\u0259lib-ged\u0259n n\u0259 q\u0259d\u0259r eyni insanlar\u0131 g\u00f6r\u00fcr\u0259m\u2026 Onlar da ill\u0259rdir i\u015f tapa bilmirl\u0259r. Eyni d\u0259rd, eyni m\u0259qs\u0259d bizi M\u0259\u015f\u011fulluq M\u0259rk\u0259zind\u0259 birl\u0259\u015fdirib, dostla\u015fd\u0131r\u0131b\u201d.<br><\/p>\n\n\n\n<p>\u015eikay\u0259t\u00e7i deyir ki, Saatl\u0131da i\u015f yoxdur, insanlar ac\u0131ndan q\u0131r\u0131l\u0131r, tibbi yard\u0131m ala bilmirl\u0259r:<br><\/p>\n\n\n\n<p>\u201cX\u0259st\u0259l\u0259nirik, evd\u0259 a\u011fr\u0131m\u0131z\u0131 \u00e7\u0259kib, \u00f6l\u00fcb gedirik. He\u00e7 kimin pulu yoxdur ki, gedib \u0259m\u0259liyyat olunsun, m\u00fcalic\u0259 als\u0131n. Bir d\u0259 g\u00f6r\u00fcrs\u0259n deyirl\u0259r, filank\u0259s \u00f6ld\u00fc. Niy\u0259? \u00c7\u00fcnki x\u0259st\u0259 d\u00fc\u015fm\u00fc\u015fd\u00fc, m\u00fcalic\u0259 alma\u011fa pulu olmad\u0131, can\u0131 \u00e7\u0131xd\u0131. Bel\u0259 ya\u015fay\u0131\u015f olar? \u0130nsan ya\u015fay\u0131\u015f\u0131d\u0131rm\u0131, bu? D\u00f6vl\u0259t niy\u0259 biz\u0259 sahib \u00e7\u0131xm\u0131r?\u201d<br><\/p>\n\n\n\n<p><strong>\u201c\u018flimizd\u0259n he\u00e7 n\u0259 g\u0259lmir\u201d<\/strong><br><\/p>\n\n\n\n<p>Q\u0259m\u0259r Cahangirovan\u0131n \u00fc\u00e7 azya\u015fl\u0131 \u00f6vlad\u0131 var, \u00fc\u00e7\u00fc d\u0259 x\u0259st\u0259dir. Birinins\u0259 beyinl\u0259 \u0259laq\u0259li problemi var v\u0259 Q\u0259m\u0259r xan\u0131m deyir, u\u015faq m\u00fcalic\u0259 almad\u0131qca durumu a\u011f\u0131rla\u015f\u0131r:<br><\/p>\n\n\n\n<div class=\"wp-block-image\"><figure class=\"alignleft size-full is-resized\"><img decoding=\"async\" data-src=\"https:\/\/www.meydan.tv\/wp-content\/uploads\/photo-2021-11-23-17-56-41.jpg\" alt=\"\" class=\"wp-image-227186 lazyload\" width=\"795\" height=\"367\" src=\"data:image\/svg+xml;base64,PHN2ZyB3aWR0aD0iMSIgaGVpZ2h0PSIxIiB4bWxucz0iaHR0cDovL3d3dy53My5vcmcvMjAwMC9zdmciPjwvc3ZnPg==\" style=\"--smush-placeholder-width: 795px; --smush-placeholder-aspect-ratio: 795\/367;\" \/><figcaption>Q\u0259m\u0259r Cahangirova, Foto: Meydan TV<\/figcaption><\/figure><\/div>\n\n\n\n<p>\u201cYen\u0259 apard\u0131m h\u0259kim\u0259, sa\u011f olsun, v\u0259ziyy\u0259timizi bildiyin\u0259 g\u00f6r\u0259 resepti pulsuz yazd\u0131, ancaq o reseptd\u0259ki d\u0259rmanlar\u0131 alma\u011fa, u\u015fa\u011f\u0131 m\u00fcalic\u0259 etdirm\u0259y\u0259 imkan yoxdur. U\u015faq ba\u015f a\u011fr\u0131lar\u0131ndan s\u0259h\u0259r\u0259d\u0259k \u00e7\u0131\u011f\u0131r\u0131r, \u0259limizd\u0259n a\u011flaya-a\u011flaya seyr etm\u0259kd\u0259n ba\u015fqa he\u00e7 n\u0259 g\u0259lmir. H\u0259yat yolda\u015f\u0131m x\u0259st\u0259 can\u0131yla g\u00fcn\u0259muzd f\u0259hl\u0259lik edir, \u00f6z\u00fcn\u00fc \u00f6ld\u00fcrs\u0259 d\u0259, qazanc\u0131 200 manat\u0131 \u00f6tm\u00fcr, o pulla kommunal borc \u00f6d\u0259y\u0259k, qarn\u0131m\u0131z\u0131 doyduraq, d\u0259rman\u0131m\u0131z\u0131 alaq, ya n\u0259 ed\u0259k, bilmirik\u2026\u201d<br><\/p>\n\n\n\n<p><strong>\u201c\u015e\u0259raitsizlikd\u0259n x\u0259st\u0259lik tap\u0131blar\u201d<\/strong><br><\/p>\n\n\n\n<p>Ail\u0259nin ya\u015fad\u0131\u011f\u0131 v\u0259 onsuz da q\u0259zal\u0131, \u015f\u0259raitsiz v\u0259ziyy\u0259td\u0259 olan tikilid\u0259 bir m\u00fcdd\u0259t \u0259vv\u0259l yan\u011f\u0131n ba\u015f verib, tikilinin bir hiss\u0259si yan\u0131b, ancaq ail\u0259 tikilinin el\u0259 bu v\u0259ziyy\u0259tind\u0259 onun dig\u0259r hiss\u0259sind\u0259 ya\u015fama\u011fa davam edir:<br><\/p>\n\n\n\n<p>\u201cEvimiz \u00e7ox soyuqdur, \u015f\u0259raitdizdir. U\u015faqlar el\u0259 bu \u015f\u0259raitsizlikd\u0259n h\u0259r\u0259si bir x\u0259st\u0259lik tapd\u0131. V\u0259t\u0259nda\u015f\u0131n \u0259lind\u0259 normal maa\u015fl\u0131 i\u015fi olsa, bunlar\u0131 niy\u0259 dil\u0259 g\u0259tirsin ax\u0131? \u00d6z\u00fcm\u00fcz qazan\u0131b, \u00f6z\u00fcm\u00fcz probleml\u0259rimizi h\u0259ll ed\u0259rik. Bu boyda d\u00f6vl\u0259t m\u0259n\u0259 3 ildir bir s\u00fcp\u00fcrg\u0259\u00e7i i\u015fi verib demir ki, ay v\u0259t\u0259nda\u015f, get, i\u015fl\u0259,ba\u015f\u0131n\u0131 saxla, d\u00fc\u015f yaxamdan\u2026 N\u0259 u\u015faq pulu verir, n\u0259 \u00fcnvanl\u0131 sosial yard\u0131m. Olan\u0131 da \u0259limizd\u0259n al\u0131r, bel\u0259 h\u00f6kum\u0259t olar?\u201d<br><\/p>\n\n\n\n<div class=\"wp-block-image\"><figure class=\"alignleft size-large is-resized\"><img decoding=\"async\" data-src=\"https:\/\/www.meydan.tv\/wp-content\/uploads\/photo-2021-11-23-17-56-42-1200x554.jpg\" alt=\"\" class=\"wp-image-227199 lazyload\" width=\"778\" height=\"359\" src=\"data:image\/svg+xml;base64,PHN2ZyB3aWR0aD0iMSIgaGVpZ2h0PSIxIiB4bWxucz0iaHR0cDovL3d3dy53My5vcmcvMjAwMC9zdmciPjwvc3ZnPg==\" style=\"--smush-placeholder-width: 778px; --smush-placeholder-aspect-ratio: 778\/359;\" \/><figcaption>Foto: Meydan TV<\/figcaption><\/figure><\/div>\n\n\n\n<p>16 sayl\u0131 Saatl\u0131 Regional M\u0259\u015f\u011fulluq \u0130dar\u0259sind\u0259n Meydan TV-y\u0259 bildirilib ki, Q\u0259m\u0259r Cahangirovaya \u00d6z\u00fcn\u0259m\u0259\u015f\u011fulluq Proqramlar\u0131na qo\u015fulmaq t\u0259klif oluna bil\u0259rdi. Ancaq v\u0259t\u0259nda\u015f\u0131n bu Proqrama qo\u015fulmas\u0131 \u00fc\u00e7\u00fcn kriteriyalara cavab verm\u0259m\u0259si bunu da m\u00fcmk\u00fcns\u00fcz edib.<br><\/p>\n\n\n\n<p>R\u0259smi statistikaya g\u00f6r\u0259 is\u0259 \u00f6t\u0259n il yeni iqtisadi m\u00fcnasib\u0259tl\u0259r \u015f\u0259raitinid\u0259 \u0259halinin iqtisadi f\u0259all\u0131\u011f\u0131 art\u0131b, f\u0259aliyy\u0259t sah\u0259l\u0259ri geni\u015fl\u0259nib. \u201cRegionlar\u0131n 2019-2023-c\u00fc ill\u0259rd\u0259 sosial-iqtisadi inki\u015faf\u0131\u201d D\u00f6vl\u0259t Proqram\u0131na uy\u011fun olaraq rayonlarda yeni i\u015f yerl\u0259ri a\u00e7\u0131l\u0131b, y\u00fczl\u0259rl\u0259 insan i\u015fl\u0259 t\u0259min olunub.<\/p>\n","protected":false},"excerpt":{"rendered":"<p>\u201cOlan\u0131 da \u0259limizd\u0259n al\u0131r, bel\u0259 h\u00f6kum\u0259t olar?\u201d \u201cD\u00f6vl\u0259td\u0259n i\u015f ist\u0259yir\u0259m, &#8230; <\/p>\n<p class=\"read-more-container\"><a title=\"Saatl\u0131 sakini: \u201cD\u00f6vl\u0259t niy\u0259 biz\u0259 sahib \u00e7\u0131xm\u0131r?\u201d\" class=\"read-more button\" href=\"https:\/\/www.meydan.tv\/az\/article\/saatli-sakini-dovlet-niye-bize-sahib-cixmir\/#more-227192\" aria-label=\"Read more about Saatl\u0131 sakini: \u201cD\u00f6vl\u0259t niy\u0259 biz\u0259 sahib \u00e7\u0131xm\u0131r?\u201d\">Davam\u0131<\/a><\/p>\n","protected":false},"author":8,"featured_media":227189,"comment_status":"closed","ping_status":"closed","sticky":false,"template":"","format":"standard","meta":{"_acf_changed":false,"_sitemap_exclude":false,"_sitemap_priority":"","_sitemap_frequency":"","footnotes":""},"categories":[60,88,79,56],"tags":[],"class_list":["post-227192","post","type-post","status-publish","format-standard","has-post-thumbnail","hentry","category-bolge","category-redaktor-secimi","category-featured","category-xeberler","infinite-scroll-item","generate-columns","tablet-grid-50","mobile-grid-100","grid-parent","grid-33","no-featured-image-padding"],"acf":[],"yoast_head":"<!-- This site is optimized with the Yoast SEO plugin v27.5 - https:\/\/yoast.com\/product\/yoast-seo-wordpress\/ -->\n<title>Saatl\u0131 sakini: \u201cD\u00f6vl\u0259t niy\u0259 biz\u0259 sahib \u00e7\u0131xm\u0131r?\u201d - MEYDAN.TV<\/title>\n<meta name=\"robots\" content=\"index, follow, max-snippet:-1, max-image-preview:large, max-video-preview:-1\" \/>\n<link rel=\"canonical\" href=\"https:\/\/www.meydan.tv\/az\/article\/saatli-sakini-dovlet-niye-bize-sahib-cixmir\/\" \/>\n<meta property=\"og:locale\" content=\"az_AZ\" \/>\n<meta property=\"og:type\" content=\"article\" \/>\n<meta property=\"og:title\" content=\"Saatl\u0131 sakini: \u201cD\u00f6vl\u0259t niy\u0259 biz\u0259 sahib \u00e7\u0131xm\u0131r?\u201d - MEYDAN.TV\" \/>\n<meta property=\"og:description\" content=\"\u201cOlan\u0131 da \u0259limizd\u0259n al\u0131r, bel\u0259 h\u00f6kum\u0259t olar?\u201d \u201cD\u00f6vl\u0259td\u0259n i\u015f ist\u0259yir\u0259m, ... Davam\u0131\" \/>\n<meta property=\"og:url\" content=\"https:\/\/www.meydan.tv\/az\/article\/saatli-sakini-dovlet-niye-bize-sahib-cixmir\/\" \/>\n<meta property=\"og:site_name\" content=\"MEYDAN.TV\" \/>\n<meta property=\"article:published_time\" content=\"2021-11-23T14:19:41+00:00\" \/>\n<meta property=\"article:modified_time\" content=\"2021-11-23T14:22:51+00:00\" \/>\n<meta property=\"og:image\" content=\"https:\/\/www.meydan.tv\/wp-content\/uploads\/photo-2021-11-23-17-56-43.jpg\" \/>\n\t<meta property=\"og:image:width\" content=\"1732\" \/>\n\t<meta property=\"og:image:height\" content=\"800\" \/>\n\t<meta property=\"og:image:type\" content=\"image\/jpeg\" \/>\n<meta name=\"author\" content=\"elli\" \/>\n<meta name=\"twitter:card\" content=\"summary_large_image\" \/>\n<meta name=\"twitter:creator\" content=\"@elli\" \/>\n<script type=\"application\/ld+json\" class=\"yoast-schema-graph\">{\"@context\":\"https:\\\/\\\/schema.org\",\"@graph\":[{\"@type\":\"Article\",\"@id\":\"https:\\\/\\\/www.meydan.tv\\\/az\\\/article\\\/saatli-sakini-dovlet-niye-bize-sahib-cixmir\\\/#article\",\"isPartOf\":{\"@id\":\"https:\\\/\\\/www.meydan.tv\\\/az\\\/article\\\/saatli-sakini-dovlet-niye-bize-sahib-cixmir\\\/\"},\"author\":{\"name\":\"elli\",\"@id\":\"https:\\\/\\\/www.meydan.tv\\\/az\\\/#\\\/schema\\\/person\\\/9cdbecf90d17180ce1dfbd95b08dcf47\"},\"headline\":\"Saatl\u0131 sakini: \u201cD\u00f6vl\u0259t niy\u0259 biz\u0259 sahib \u00e7\u0131xm\u0131r?\u201d\",\"datePublished\":\"2021-11-23T14:19:41+00:00\",\"dateModified\":\"2021-11-23T14:22:51+00:00\",\"mainEntityOfPage\":{\"@id\":\"https:\\\/\\\/www.meydan.tv\\\/az\\\/article\\\/saatli-sakini-dovlet-niye-bize-sahib-cixmir\\\/\"},\"wordCount\":808,\"publisher\":{\"@id\":\"https:\\\/\\\/www.meydan.tv\\\/az\\\/#organization\"},\"image\":{\"@id\":\"https:\\\/\\\/www.meydan.tv\\\/az\\\/article\\\/saatli-sakini-dovlet-niye-bize-sahib-cixmir\\\/#primaryimage\"},\"thumbnailUrl\":\"https:\\\/\\\/www.meydan.tv\\\/wp-content\\\/uploads\\\/photo-2021-11-23-17-56-43.jpg\",\"articleSection\":[\"B\u00f6lg\u0259\",\"Redaktor se\u00e7imi\",\"T\u00f6vsiy\u0259\",\"X\u0259b\u0259rl\u0259r\"],\"inLanguage\":\"az\"},{\"@type\":\"WebPage\",\"@id\":\"https:\\\/\\\/www.meydan.tv\\\/az\\\/article\\\/saatli-sakini-dovlet-niye-bize-sahib-cixmir\\\/\",\"url\":\"https:\\\/\\\/www.meydan.tv\\\/az\\\/article\\\/saatli-sakini-dovlet-niye-bize-sahib-cixmir\\\/\",\"name\":\"Saatl\u0131 sakini: \u201cD\u00f6vl\u0259t niy\u0259 biz\u0259 sahib \u00e7\u0131xm\u0131r?\u201d - MEYDAN.TV\",\"isPartOf\":{\"@id\":\"https:\\\/\\\/www.meydan.tv\\\/az\\\/#website\"},\"primaryImageOfPage\":{\"@id\":\"https:\\\/\\\/www.meydan.tv\\\/az\\\/article\\\/saatli-sakini-dovlet-niye-bize-sahib-cixmir\\\/#primaryimage\"},\"image\":{\"@id\":\"https:\\\/\\\/www.meydan.tv\\\/az\\\/article\\\/saatli-sakini-dovlet-niye-bize-sahib-cixmir\\\/#primaryimage\"},\"thumbnailUrl\":\"https:\\\/\\\/www.meydan.tv\\\/wp-content\\\/uploads\\\/photo-2021-11-23-17-56-43.jpg\",\"datePublished\":\"2021-11-23T14:19:41+00:00\",\"dateModified\":\"2021-11-23T14:22:51+00:00\",\"breadcrumb\":{\"@id\":\"https:\\\/\\\/www.meydan.tv\\\/az\\\/article\\\/saatli-sakini-dovlet-niye-bize-sahib-cixmir\\\/#breadcrumb\"},\"inLanguage\":\"az\",\"potentialAction\":[{\"@type\":\"ReadAction\",\"target\":[\"https:\\\/\\\/www.meydan.tv\\\/az\\\/article\\\/saatli-sakini-dovlet-niye-bize-sahib-cixmir\\\/\"]}]},{\"@type\":\"ImageObject\",\"inLanguage\":\"az\",\"@id\":\"https:\\\/\\\/www.meydan.tv\\\/az\\\/article\\\/saatli-sakini-dovlet-niye-bize-sahib-cixmir\\\/#primaryimage\",\"url\":\"https:\\\/\\\/www.meydan.tv\\\/wp-content\\\/uploads\\\/photo-2021-11-23-17-56-43.jpg\",\"contentUrl\":\"https:\\\/\\\/www.meydan.tv\\\/wp-content\\\/uploads\\\/photo-2021-11-23-17-56-43.jpg\",\"width\":1732,\"height\":800,\"caption\":\"Q\u0259m\u0259r Cahangirova, Foto: Meydan TV\"},{\"@type\":\"BreadcrumbList\",\"@id\":\"https:\\\/\\\/www.meydan.tv\\\/az\\\/article\\\/saatli-sakini-dovlet-niye-bize-sahib-cixmir\\\/#breadcrumb\",\"itemListElement\":[{\"@type\":\"ListItem\",\"position\":1,\"name\":\"Ana s\u0259hif\u0259\",\"item\":\"https:\\\/\\\/www.meydan.tv\\\/az\\\/\"},{\"@type\":\"ListItem\",\"position\":2,\"name\":\"B\u00f6lg\u0259\",\"item\":\"https:\\\/\\\/www.meydan.tv\\\/az\\\/section\\\/bolge\\\/\"},{\"@type\":\"ListItem\",\"position\":3,\"name\":\"Saatl\u0131 sakini: \u201cD\u00f6vl\u0259t niy\u0259 biz\u0259 sahib \u00e7\u0131xm\u0131r?\u201d\"}]},{\"@type\":\"WebSite\",\"@id\":\"https:\\\/\\\/www.meydan.tv\\\/az\\\/#website\",\"url\":\"https:\\\/\\\/www.meydan.tv\\\/az\\\/\",\"name\":\"MEYDAN.TV\",\"description\":\"Meydan TV Az\u0259rbaycan\u0131n media m\u0259kan\u0131ndak\u0131 alternativ s\u0259sidir\",\"publisher\":{\"@id\":\"https:\\\/\\\/www.meydan.tv\\\/az\\\/#organization\"},\"potentialAction\":[{\"@type\":\"SearchAction\",\"target\":{\"@type\":\"EntryPoint\",\"urlTemplate\":\"https:\\\/\\\/www.meydan.tv\\\/az\\\/?s={search_term_string}\"},\"query-input\":{\"@type\":\"PropertyValueSpecification\",\"valueRequired\":true,\"valueName\":\"search_term_string\"}}],\"inLanguage\":\"az\"},{\"@type\":\"Organization\",\"@id\":\"https:\\\/\\\/www.meydan.tv\\\/az\\\/#organization\",\"name\":\"Meydan TV\",\"url\":\"https:\\\/\\\/www.meydan.tv\\\/az\\\/\",\"logo\":{\"@type\":\"ImageObject\",\"inLanguage\":\"az\",\"@id\":\"https:\\\/\\\/www.meydan.tv\\\/az\\\/#\\\/schema\\\/logo\\\/image\\\/\",\"url\":\"https:\\\/\\\/www.meydan.tv\\\/wp-content\\\/uploads\\\/2021\\\/07\\\/meydan-logo.svg\",\"contentUrl\":\"https:\\\/\\\/www.meydan.tv\\\/wp-content\\\/uploads\\\/2021\\\/07\\\/meydan-logo.svg\",\"width\":195,\"height\":46,\"caption\":\"Meydan TV\"},\"image\":{\"@id\":\"https:\\\/\\\/www.meydan.tv\\\/az\\\/#\\\/schema\\\/logo\\\/image\\\/\"}},{\"@type\":\"Person\",\"@id\":\"https:\\\/\\\/www.meydan.tv\\\/az\\\/#\\\/schema\\\/person\\\/9cdbecf90d17180ce1dfbd95b08dcf47\",\"name\":\"elli\",\"sameAs\":[\"https:\\\/\\\/x.com\\\/elli\"]}]}<\/script>\n<!-- \/ Yoast SEO plugin. -->","yoast_head_json":{"title":"Saatl\u0131 sakini: \u201cD\u00f6vl\u0259t niy\u0259 biz\u0259 sahib \u00e7\u0131xm\u0131r?\u201d - MEYDAN.TV","robots":{"index":"index","follow":"follow","max-snippet":"max-snippet:-1","max-image-preview":"max-image-preview:large","max-video-preview":"max-video-preview:-1"},"canonical":"https:\/\/www.meydan.tv\/az\/article\/saatli-sakini-dovlet-niye-bize-sahib-cixmir\/","og_locale":"az_AZ","og_type":"article","og_title":"Saatl\u0131 sakini: \u201cD\u00f6vl\u0259t niy\u0259 biz\u0259 sahib \u00e7\u0131xm\u0131r?\u201d - MEYDAN.TV","og_description":"\u201cOlan\u0131 da \u0259limizd\u0259n al\u0131r, bel\u0259 h\u00f6kum\u0259t olar?\u201d \u201cD\u00f6vl\u0259td\u0259n i\u015f ist\u0259yir\u0259m, ... Davam\u0131","og_url":"https:\/\/www.meydan.tv\/az\/article\/saatli-sakini-dovlet-niye-bize-sahib-cixmir\/","og_site_name":"MEYDAN.TV","article_published_time":"2021-11-23T14:19:41+00:00","article_modified_time":"2021-11-23T14:22:51+00:00","og_image":[{"width":1732,"height":800,"url":"https:\/\/www.meydan.tv\/wp-content\/uploads\/photo-2021-11-23-17-56-43.jpg","type":"image\/jpeg"}],"author":"elli","twitter_card":"summary_large_image","twitter_creator":"@elli","schema":{"@context":"https:\/\/schema.org","@graph":[{"@type":"Article","@id":"https:\/\/www.meydan.tv\/az\/article\/saatli-sakini-dovlet-niye-bize-sahib-cixmir\/#article","isPartOf":{"@id":"https:\/\/www.meydan.tv\/az\/article\/saatli-sakini-dovlet-niye-bize-sahib-cixmir\/"},"author":{"name":"elli","@id":"https:\/\/www.meydan.tv\/az\/#\/schema\/person\/9cdbecf90d17180ce1dfbd95b08dcf47"},"headline":"Saatl\u0131 sakini: \u201cD\u00f6vl\u0259t niy\u0259 biz\u0259 sahib \u00e7\u0131xm\u0131r?\u201d","datePublished":"2021-11-23T14:19:41+00:00","dateModified":"2021-11-23T14:22:51+00:00","mainEntityOfPage":{"@id":"https:\/\/www.meydan.tv\/az\/article\/saatli-sakini-dovlet-niye-bize-sahib-cixmir\/"},"wordCount":808,"publisher":{"@id":"https:\/\/www.meydan.tv\/az\/#organization"},"image":{"@id":"https:\/\/www.meydan.tv\/az\/article\/saatli-sakini-dovlet-niye-bize-sahib-cixmir\/#primaryimage"},"thumbnailUrl":"https:\/\/www.meydan.tv\/wp-content\/uploads\/photo-2021-11-23-17-56-43.jpg","articleSection":["B\u00f6lg\u0259","Redaktor se\u00e7imi","T\u00f6vsiy\u0259","X\u0259b\u0259rl\u0259r"],"inLanguage":"az"},{"@type":"WebPage","@id":"https:\/\/www.meydan.tv\/az\/article\/saatli-sakini-dovlet-niye-bize-sahib-cixmir\/","url":"https:\/\/www.meydan.tv\/az\/article\/saatli-sakini-dovlet-niye-bize-sahib-cixmir\/","name":"Saatl\u0131 sakini: \u201cD\u00f6vl\u0259t niy\u0259 biz\u0259 sahib \u00e7\u0131xm\u0131r?\u201d - MEYDAN.TV","isPartOf":{"@id":"https:\/\/www.meydan.tv\/az\/#website"},"primaryImageOfPage":{"@id":"https:\/\/www.meydan.tv\/az\/article\/saatli-sakini-dovlet-niye-bize-sahib-cixmir\/#primaryimage"},"image":{"@id":"https:\/\/www.meydan.tv\/az\/article\/saatli-sakini-dovlet-niye-bize-sahib-cixmir\/#primaryimage"},"thumbnailUrl":"https:\/\/www.meydan.tv\/wp-content\/uploads\/photo-2021-11-23-17-56-43.jpg","datePublished":"2021-11-23T14:19:41+00:00","dateModified":"2021-11-23T14:22:51+00:00","breadcrumb":{"@id":"https:\/\/www.meydan.tv\/az\/article\/saatli-sakini-dovlet-niye-bize-sahib-cixmir\/#breadcrumb"},"inLanguage":"az","potentialAction":[{"@type":"ReadAction","target":["https:\/\/www.meydan.tv\/az\/article\/saatli-sakini-dovlet-niye-bize-sahib-cixmir\/"]}]},{"@type":"ImageObject","inLanguage":"az","@id":"https:\/\/www.meydan.tv\/az\/article\/saatli-sakini-dovlet-niye-bize-sahib-cixmir\/#primaryimage","url":"https:\/\/www.meydan.tv\/wp-content\/uploads\/photo-2021-11-23-17-56-43.jpg","contentUrl":"https:\/\/www.meydan.tv\/wp-content\/uploads\/photo-2021-11-23-17-56-43.jpg","width":1732,"height":800,"caption":"Q\u0259m\u0259r Cahangirova, Foto: Meydan TV"},{"@type":"BreadcrumbList","@id":"https:\/\/www.meydan.tv\/az\/article\/saatli-sakini-dovlet-niye-bize-sahib-cixmir\/#breadcrumb","itemListElement":[{"@type":"ListItem","position":1,"name":"Ana s\u0259hif\u0259","item":"https:\/\/www.meydan.tv\/az\/"},{"@type":"ListItem","position":2,"name":"B\u00f6lg\u0259","item":"https:\/\/www.meydan.tv\/az\/section\/bolge\/"},{"@type":"ListItem","position":3,"name":"Saatl\u0131 sakini: \u201cD\u00f6vl\u0259t niy\u0259 biz\u0259 sahib \u00e7\u0131xm\u0131r?\u201d"}]},{"@type":"WebSite","@id":"https:\/\/www.meydan.tv\/az\/#website","url":"https:\/\/www.meydan.tv\/az\/","name":"MEYDAN.TV","description":"Meydan TV Az\u0259rbaycan\u0131n media m\u0259kan\u0131ndak\u0131 alternativ s\u0259sidir","publisher":{"@id":"https:\/\/www.meydan.tv\/az\/#organization"},"potentialAction":[{"@type":"SearchAction","target":{"@type":"EntryPoint","urlTemplate":"https:\/\/www.meydan.tv\/az\/?s={search_term_string}"},"query-input":{"@type":"PropertyValueSpecification","valueRequired":true,"valueName":"search_term_string"}}],"inLanguage":"az"},{"@type":"Organization","@id":"https:\/\/www.meydan.tv\/az\/#organization","name":"Meydan TV","url":"https:\/\/www.meydan.tv\/az\/","logo":{"@type":"ImageObject","inLanguage":"az","@id":"https:\/\/www.meydan.tv\/az\/#\/schema\/logo\/image\/","url":"https:\/\/www.meydan.tv\/wp-content\/uploads\/2021\/07\/meydan-logo.svg","contentUrl":"https:\/\/www.meydan.tv\/wp-content\/uploads\/2021\/07\/meydan-logo.svg","width":195,"height":46,"caption":"Meydan TV"},"image":{"@id":"https:\/\/www.meydan.tv\/az\/#\/schema\/logo\/image\/"}},{"@type":"Person","@id":"https:\/\/www.meydan.tv\/az\/#\/schema\/person\/9cdbecf90d17180ce1dfbd95b08dcf47","name":"elli","sameAs":["https:\/\/x.com\/elli"]}]}},"_links":{"self":[{"href":"https:\/\/www.meydan.tv\/az\/wp-json\/wp\/v2\/posts\/227192","targetHints":{"allow":["GET"]}}],"collection":[{"href":"https:\/\/www.meydan.tv\/az\/wp-json\/wp\/v2\/posts"}],"about":[{"href":"https:\/\/www.meydan.tv\/az\/wp-json\/wp\/v2\/types\/post"}],"author":[{"embeddable":true,"href":"https:\/\/www.meydan.tv\/az\/wp-json\/wp\/v2\/users\/8"}],"replies":[{"embeddable":true,"href":"https:\/\/www.meydan.tv\/az\/wp-json\/wp\/v2\/comments?post=227192"}],"version-history":[{"count":5,"href":"https:\/\/www.meydan.tv\/az\/wp-json\/wp\/v2\/posts\/227192\/revisions"}],"predecessor-version":[{"id":227210,"href":"https:\/\/www.meydan.tv\/az\/wp-json\/wp\/v2\/posts\/227192\/revisions\/227210"}],"wp:featuredmedia":[{"embeddable":true,"href":"https:\/\/www.meydan.tv\/az\/wp-json\/wp\/v2\/media\/227189"}],"wp:attachment":[{"href":"https:\/\/www.meydan.tv\/az\/wp-json\/wp\/v2\/media?parent=227192"}],"wp:term":[{"taxonomy":"category","embeddable":true,"href":"https:\/\/www.meydan.tv\/az\/wp-json\/wp\/v2\/categories?post=227192"},{"taxonomy":"post_tag","embeddable":true,"href":"https:\/\/www.meydan.tv\/az\/wp-json\/wp\/v2\/tags?post=227192"}],"curies":[{"name":"wp","href":"https:\/\/api.w.org\/{rel}","templated":true}]}}